{"id":35432,"date":"2021-04-16T05:59:53","date_gmt":"2021-04-16T04:59:53","guid":{"rendered":"https:\/\/speyer24news.com\/?p=35432"},"modified":"2021-04-16T06:02:40","modified_gmt":"2021-04-16T05:02:40","slug":"corona-stadtnotizen-und-verkehrsnotizen-aus-speyer-9","status":"publish","type":"post","link":"https:\/\/speyer24news.com\/?p=35432","title":{"rendered":"Corona, Stadtnotizen und Verkehrsnotizen aus Speyer"},"content":{"rendered":"<style type=\"text\/css\">\r\n\t.ads_top_disp{}\r\n\t.ads_top_corner_disp{ float:left; margin:0px 10px 10px 0px; }\r\n\t.ads_first_p_disp{}\r\n\t.ads_bottom_disp{}\r\n\t<\/style>\n<h1 class=\"wp-block-heading\" style=\"text-align:center\">Corona Speyer<\/h1>\n\n\n\n<figure class=\"wp-block-image\"><img decoding=\"async\" loading=\"lazy\" width=\"800\" height=\"346\" src=\"https:\/\/speyer24news.com\/wp-content\/uploads\/2020\/02\/coronavirus-4817450_1920.jpg\" alt=\"\" class=\"wp-image-25126\" srcset=\"https:\/\/speyer24news.com\/wp-content\/uploads\/2020\/02\/coronavirus-4817450_1920.jpg 800w, https:\/\/speyer24news.com\/wp-content\/uploads\/2020\/02\/coronavirus-4817450_1920-300x130.jpg 300w, https:\/\/speyer24news.com\/wp-content\/uploads\/2020\/02\/coronavirus-4817450_1920-768x332.jpg 768w\" sizes=\"(max-width: 800px) 100vw, 800px\" \/><\/figure>\n\n\n\n<h2 class=\"wp-block-heading\"><strong>Allgemeinverf\u00fcgung verl\u00e4ngert<\/strong><\/h2>\n\n\n\n<div class=\"wp-block-image\"><figure class=\"aligncenter\"><img decoding=\"async\" loading=\"lazy\" width=\"500\" height=\"500\" src=\"https:\/\/speyer24news.com\/wp-content\/uploads\/2020\/02\/virus-4810549_1920.png\" alt=\"\" class=\"wp-image-25116\" srcset=\"https:\/\/speyer24news.com\/wp-content\/uploads\/2020\/02\/virus-4810549_1920.png 500w, https:\/\/speyer24news.com\/wp-content\/uploads\/2020\/02\/virus-4810549_1920-150x150.png 150w, https:\/\/speyer24news.com\/wp-content\/uploads\/2020\/02\/virus-4810549_1920-300x300.png 300w\" sizes=\"(max-width: 500px) 100vw, 500px\" \/><\/figure><\/div>\n\n\n\n<p>Da die 7-Tages-Inzidenz der Stadt Speyer weiterhin deutlich \u00fcber 100 liegt, wird die geltende Allgemeinverf\u00fcgung mit Wirkung <strong>vom 17. April 2021 bis einschlie\u00dflich 25. April 2021<\/strong> verl\u00e4ngert.<\/p>\n\n\n\n<p>\u201eLeider haben wir weiterhin eine tendenziell steigende Inzidenz, was sicherlich nicht zuletzt an den Nachwirkungen der Osterfeiertage liegt. Um den Wert zu senken und letztlich zu stabilisieren und damit unser Gesundheitssystem zu entlasten, m\u00fcssen wir an den bisherigen Regelungen festhalten. Parallel m\u00fcssen wir auf eine ausgereifte Teststrategie, eine stringente Kontaktnachverfolgung und auf die Impfkampagne setzen, die dringend Fahrt aufnehmen muss\u201c, schlussfolgert Oberb\u00fcrgermeisterin Stefanie Seiler.<\/p>\n\n\n\n<p>Die bisher geltenden Regelungen bleiben bestehen. Erg\u00e4nzt wurde lediglich ein Passus unter Ziffer 16, der vollst\u00e4ndig geimpfte Personen, die keine typischen Symptome einer SARS-CoV-2-Infektion zeigen, von der Testpflicht bei Besuchen in Pflegeeinrichtungen und Einrichtungen der Eingliederungshilfe entbindet.<\/p>\n\n\n\n<p>Lockerungen sind erst m\u00f6glich, wenn die Neuinfektionsrate f\u00fcr sieben Tage stabil unter dem Wert 100 liegt.<\/p>\n\n\n\n<p><em>Stadtverwaltung Speyer \/ Stadtbibliothek<br>16.04.2021<\/em><\/p>\n\n\n\n<h1 class=\"wp-block-heading\">Coronafallzahlen vom Donnerstag (15.04.2021)<\/h1>\n\n\n\n<figure class=\"wp-block-image\"><img decoding=\"async\" loading=\"lazy\" width=\"800\" height=\"400\" src=\"https:\/\/speyer24news.com\/wp-content\/uploads\/2020\/02\/virus-1812092_1920.jpg\" alt=\"\" class=\"wp-image-25128\" srcset=\"https:\/\/speyer24news.com\/wp-content\/uploads\/2020\/02\/virus-1812092_1920.jpg 800w, https:\/\/speyer24news.com\/wp-content\/uploads\/2020\/02\/virus-1812092_1920-300x150.jpg 300w, https:\/\/speyer24news.com\/wp-content\/uploads\/2020\/02\/virus-1812092_1920-768x384.jpg 768w\" sizes=\"(max-width: 800px) 100vw, 800px\" \/><\/figure>\n\n\n\n<p>Anzahl best\u00e4tigter F\u00e4lle von Coronavirus (SARS-CoV-2)-Infektionen in der Stadt Speyer:&nbsp;2414 ( + 19 )<br>Davon bereits genesen:&nbsp;2025<br>Todesf\u00e4lle: 80 ( unver\u00e4ndert ) <br>Gemeldete F\u00e4lle der letzten sieben Tage pro 100.000 Einwohner*innen (Inzidenz): 166,1 ( &#8211; 9,9 )<br><strong>Warnstufe: Rot<\/strong><\/p>\n\n\n\n<p>Stand: 15.04.2021, 14:10 Uhr<\/p>\n\n\n\n<div class=\"wp-block-image\"><figure class=\"aligncenter\"><img decoding=\"async\" loading=\"lazy\" width=\"500\" height=\"672\" src=\"https:\/\/speyer24news.com\/wp-content\/uploads\/2021\/04\/Karte_Stufen_2021-04-15.jpg\" alt=\"\" class=\"wp-image-35433\" srcset=\"https:\/\/speyer24news.com\/wp-content\/uploads\/2021\/04\/Karte_Stufen_2021-04-15.jpg 500w, https:\/\/speyer24news.com\/wp-content\/uploads\/2021\/04\/Karte_Stufen_2021-04-15-223x300.jpg 223w\" sizes=\"(max-width: 500px) 100vw, 500px\" \/><figcaption> Speyer mit der 5. h\u00f6chsten Inzidenz in Rheinland-Pfalz leider immer noch weit oben mit dabei.<br><em>Sehen sie hier die Karte in h\u00f6herer Aufl\u00f6sung:<\/em> <a href=\"https:\/\/corona.rlp.de\/fileadmin\/rlp-stk\/Bilder\/Themen\/Gesundheit_Pflege\/Corona\/Corona-Warn-und-Aktionsplan_RLP\/Karte_Stufen_2021-04-15.jpg\">Karte_Stufen_2021-04-15.jpg (2480\u00d73507) (rlp.de)<\/a><\/figcaption><\/figure><\/div>\n\n\n\n<p><em>Landesuntersuchungsamt Rheinland-Pfalz<br>16.04.2021<\/em><\/p>\n\n\n\n<h2 class=\"wp-block-heading\"><strong>Pflegeteam Handermann &amp; Sch\u00e4fer etabliert weitere Schnellteststation auf dem Berliner Platz<\/strong><\/h2>\n\n\n\n<figure class=\"wp-block-image\"><img decoding=\"async\" loading=\"lazy\" width=\"800\" height=\"535\" src=\"https:\/\/speyer24news.com\/wp-content\/uploads\/2021\/01\/Schnelltest-Corona-1.jpg\" alt=\"\" class=\"wp-image-32515\" srcset=\"https:\/\/speyer24news.com\/wp-content\/uploads\/2021\/01\/Schnelltest-Corona-1.jpg 800w, https:\/\/speyer24news.com\/wp-content\/uploads\/2021\/01\/Schnelltest-Corona-1-300x201.jpg 300w, https:\/\/speyer24news.com\/wp-content\/uploads\/2021\/01\/Schnelltest-Corona-1-768x514.jpg 768w\" sizes=\"(max-width: 800px) 100vw, 800px\" \/><\/figure>\n\n\n\n<p>Am Freitag, 16. April 2021 startet eine neue, vom Pflegeteam Handermann &amp; Sch\u00e4fer GmbH betriebene Schnellteststation auf dem Berliner Platz. K\u00fcnftig k\u00f6nnen sich dort alle Bundesb\u00fcrger*innen von Montag bis Freitag von 10:30 bis 14:30 Uhr und von Samstag bis Sonntag von 10:30 bis 13:30 Uhr kostenlos mittels PoC-Antigenschnelltest auf das Coronavirus testen lassen.<\/p>\n\n\n\n<p>Eine vorherige Terminvereinbarung ist nicht notwendig.<\/p>\n\n\n\n<p>Aufgebaut wurde die Schnellteststation am Mittwoch durch die Mitarbeiter*innen des st\u00e4dtischen Baubetriebshofes.<\/p>\n\n\n\n<p><em>Stadtverwaltung Speyer<br>16.04.2021<\/em><\/p>\n\n\n\n<h1 class=\"wp-block-heading\" style=\"text-align:center\">Stadtnotizen<\/h1>\n\n\n\n<figure class=\"wp-block-image\"><img decoding=\"async\" loading=\"lazy\" width=\"800\" height=\"600\" src=\"https:\/\/speyer24news.com\/wp-content\/uploads\/2020\/01\/Speyer-Stadtnachrichten-2.jpg\" alt=\"\" class=\"wp-image-23901\" srcset=\"https:\/\/speyer24news.com\/wp-content\/uploads\/2020\/01\/Speyer-Stadtnachrichten-2.jpg 800w, https:\/\/speyer24news.com\/wp-content\/uploads\/2020\/01\/Speyer-Stadtnachrichten-2-300x225.jpg 300w, https:\/\/speyer24news.com\/wp-content\/uploads\/2020\/01\/Speyer-Stadtnachrichten-2-768x576.jpg 768w, https:\/\/speyer24news.com\/wp-content\/uploads\/2020\/01\/Speyer-Stadtnachrichten-2-678x509.jpg 678w, https:\/\/speyer24news.com\/wp-content\/uploads\/2020\/01\/Speyer-Stadtnachrichten-2-326x245.jpg 326w, https:\/\/speyer24news.com\/wp-content\/uploads\/2020\/01\/Speyer-Stadtnachrichten-2-80x60.jpg 80w\" sizes=\"(max-width: 800px) 100vw, 800px\" \/><\/figure>\n\n\n\n<h2 class=\"wp-block-heading\"><strong>Veranstaltungen zu den Bibliothekstagen&nbsp;abgesagt<\/strong><\/h2>\n\n\n\n<p>Die Stadt Speyer informiert, dass die Veranstaltungen zu den Bibliothekstagen der Stadtbibliothek Speyer&nbsp;aufgrund der hohen Fallzahlen von Coronavirusinfektionen&nbsp;leider entfallen m\u00fcssen.<\/p>\n\n\n\n<p>Dies betrifft die Veranstaltungen&nbsp;von Poetry Slamer&nbsp;Mario el toro am&nbsp;Dienstag, 27. April&nbsp;2021 um 19.30 Uhr und&nbsp;der Detektei Adler am&nbsp;Donnerstag, 29. April 2021&nbsp;um 16 Uhr und 19.30 Uhr sowie&nbsp;den Bee-Bot Nachmittag am Freitag, den 30. April&nbsp;2021 ab 15 Uhr.<\/p>\n\n\n\n<p>Ansprechpartnerinnen der Stadtbibliothek sind Kerstin B\u00fcrger und Lea Zander, die telefonisch unter&nbsp;06232&nbsp;14-1383 bzw.&nbsp;06232&nbsp;14-1388 erreichbar sind.<\/p>\n\n\n\n<p><em>Stadtverwaltung Speyer \/ Stadtbibliothek<br>16.04.2021<\/em><\/p>\n\n\n\n<h1 class=\"wp-block-heading\" style=\"text-align:center\">Verkehrsnotizen<\/h1>\n\n\n\n<div class=\"wp-block-image\"><figure class=\"aligncenter\"><img decoding=\"async\" loading=\"lazy\" width=\"800\" height=\"565\" src=\"https:\/\/speyer24news.com\/wp-content\/uploads\/2020\/01\/Baustelle-2.jpg\" alt=\"\" class=\"wp-image-23900\" srcset=\"https:\/\/speyer24news.com\/wp-content\/uploads\/2020\/01\/Baustelle-2.jpg 800w, https:\/\/speyer24news.com\/wp-content\/uploads\/2020\/01\/Baustelle-2-300x212.jpg 300w, https:\/\/speyer24news.com\/wp-content\/uploads\/2020\/01\/Baustelle-2-768x542.jpg 768w\" sizes=\"(max-width: 800px) 100vw, 800px\" \/><\/figure><\/div>\n\n\n\n<h2 class=\"wp-block-heading\">Fertigstellung des Geh-und Radwegs im Bereich Priesterseminar: Sperrungen im Bauabschnitt &#8222;Am Germansberg&#8220; bis &#8222;Im Palmer&#8220;<\/h2>\n\n\n\n<p>Die f\u00fcr diese Woche vorgesehene&nbsp;Fertigstellung des Geh- und Radwegs im Bereich Priesterseminar muss wetterbedingt auf die Kalenderwoche 16 verschoben werden.&nbsp;<\/p>\n\n\n\n<p>Aufgrund des n\u00e4chtlichen Frosts kann&nbsp;der&nbsp;Asphalteinbau der Deckschicht nicht vorgenommen werden. Die Arbeiten finden stattdessen&nbsp;am Donnerstag, 22. April und Freitag, 23. April 2021 statt.&nbsp;<\/p>\n\n\n\n<p>In dieser Zeit ist das \u00f6rtliche Stra\u00dfennetz parallel des Weges zu nutzen.<br>F\u00fcr R\u00fcckfragen steht die Stra\u00dfenverkehrsbeh\u00f6rde unter der Rufnummer 14-2938 zur Verf\u00fcgung. <\/p>\n\n\n\n<p><em>Stadtverwaltung Speyer<br>16.04.2021<\/em><\/p>\n","protected":false},"excerpt":{"rendered":"<div class=\"mh-excerpt\"><p>Corona Speyer Allgemeinverf\u00fcgung verl\u00e4ngert Da die 7-Tages-Inzidenz der Stadt Speyer weiterhin deutlich \u00fcber 100 liegt, wird die geltende Allgemeinverf\u00fcgung mit Wirkung vom 17. April 2021 bis einschlie\u00dflich 25. April 2021 verl\u00e4ngert. \u201eLeider haben wir weiterhin <a class=\"mh-excerpt-more\" href=\"https:\/\/speyer24news.com\/?p=35432\" title=\"Corona, Stadtnotizen und Verkehrsnotizen aus Speyer\">[&#8230;]<\/a><\/p>\n<\/div>","protected":false},"author":3,"featured_media":23902,"comment_status":"open","ping_status":"open","sticky":false,"template":"","format":"standard","meta":{"_monsterinsights_skip_tracking":false,"_monsterinsights_sitenote_active":false,"_monsterinsights_sitenote_note":"","_monsterinsights_sitenote_category":0,"footnotes":""},"categories":[47],"tags":[8975,8828,11278,6401,8404,9105,6940,8725,6359,6358,8749,7003,6342,123,4694,9283,9104,11276,11277,6,657,1296,658,1114],"aioseo_notices":[],"amp_enabled":true,"_links":{"self":[{"href":"https:\/\/speyer24news.com\/index.php?rest_route=\/wp\/v2\/posts\/35432"}],"collection":[{"href":"https:\/\/speyer24news.com\/index.php?rest_route=\/wp\/v2\/posts"}],"about":[{"href":"https:\/\/speyer24news.com\/index.php?rest_route=\/wp\/v2\/types\/post"}],"author":[{"embeddable":true,"href":"https:\/\/speyer24news.com\/index.php?rest_route=\/wp\/v2\/users\/3"}],"replies":[{"embeddable":true,"href":"https:\/\/speyer24news.com\/index.php?rest_route=%2Fwp%2Fv2%2Fcomments&post=35432"}],"version-history":[{"count":8,"href":"https:\/\/speyer24news.com\/index.php?rest_route=\/wp\/v2\/posts\/35432\/revisions"}],"predecessor-version":[{"id":35441,"href":"https:\/\/speyer24news.com\/index.php?rest_route=\/wp\/v2\/posts\/35432\/revisions\/35441"}],"wp:featuredmedia":[{"embeddable":true,"href":"https:\/\/speyer24news.com\/index.php?rest_route=\/wp\/v2\/media\/23902"}],"wp:attachment":[{"href":"https:\/\/speyer24news.com\/index.php?rest_route=%2Fwp%2Fv2%2Fmedia&parent=35432"}],"wp:term":[{"taxonomy":"category","embeddable":true,"href":"https:\/\/speyer24news.com\/index.php?rest_route=%2Fwp%2Fv2%2Fcategories&post=35432"},{"taxonomy":"post_tag","embeddable":true,"href":"https:\/\/speyer24news.com\/index.php?rest_route=%2Fwp%2Fv2%2Ftags&post=35432"}],"curies":[{"name":"wp","href":"https:\/\/api.w.org\/{rel}","templated":true}]}}