{"id":35515,"date":"2021-04-17T16:57:13","date_gmt":"2021-04-17T15:57:13","guid":{"rendered":"https:\/\/speyer24news.com\/?p=35515"},"modified":"2021-04-18T06:34:16","modified_gmt":"2021-04-18T05:34:16","slug":"vermisste-person-personensuche","status":"publish","type":"post","link":"https:\/\/speyer24news.com\/?p=35515","title":{"rendered":"Vermisste Person \/ Personensuche"},"content":{"rendered":"<style type=\"text\/css\">\r\n\t.ads_top_disp{}\r\n\t.ads_top_corner_disp{ float:left; margin:0px 10px 10px 0px; }\r\n\t.ads_first_p_disp{}\r\n\t.ads_bottom_disp{}\r\n\t<\/style>\n<h1 class=\"wp-block-heading\">81-j\u00e4hriger Vermisster aus Ludwigshafener Seniorenheim wieder aufgefunden<\/h1>\n\n\n\n<p><strong>(Ludwigshafen) &#8211; <\/strong>Der seit Donnerstag, den 15.04.2021, 12:30 Uhr aus einer Seniorenresidenz abg\u00e4ngige 81-j\u00e4hrige Herr M. wurde am Abend des 17.04.2021 im Stadtgebiet Ludwigshafen angetroffen und im Anschluss zur\u00fcck in die Seniorenresidenz gebracht. Wo er sich die vergangenen beiden Tagen aufgehalten hat ist unklar. Die \u00d6ffentlichkeitsfahndung wird hiermit zur\u00fcckgenommen.<\/p>\n\n\n\n<p><em>Polizeipr\u00e4sidium Rheinpfalz<br>17.04.2021<\/em><\/p>\n\n\n\n<h2 class=\"wp-block-heading\">81-J\u00e4hriger aus Seniorenheim in Ludwigshafen vermisst<\/h2>\n\n\n\n<p><strong>(Ludwigshafen) \u2013<\/strong> Seit Donnerstag, den 15.04.2021, 12:30 Uhr, ist aus einer Seniorenresidenz im Hemshof\/Ludwigshafen am Rhein Herr Manfred M\u00fcller abg\u00e4ngig. Herr M\u00fcller gilt als leicht orientierungslos und eine beginnende Demenz ist zu erkennen. Es besteht die Gefahr, dass er sich in einer hilflosen Lage befindet.<\/p>\n\n\n\n<h4 class=\"wp-block-heading\">Herr M\u00fcller wird wie folgt beschrieben:<\/h4>\n\n\n\n<ul><li><strong>Ca. 158 cm gro\u00df<\/strong><\/li><li><strong>Ca. 82 Kg schwer<\/strong><\/li><li><strong>Graue, kurze Haare<\/strong><\/li><li><strong>Bekleidet mit beige-grauer Jacke<\/strong><\/li><li><strong>Dunkle M\u00fctze<\/strong><\/li><li><strong>Eventuell graue Jogginghose<\/strong><\/li><li><strong>F\u00fchrt eine blauen med. Mundschutz mit<\/strong><\/li><\/ul>\n\n\n\n<ul><li><strong>Herr M\u00fcller spricht Deutsch ohne Akzent. Es besteht aber die M\u00f6glichkeit, dass er bei Ansprechen franz\u00f6sisch spricht.<\/strong><\/li><\/ul>\n\n\n\n<p>Hinweise zum Aufenthalt des Gesuchten, bitte an die Kriminalpolizei Ludwigshafen unter Tel.: 0621-963 2773 oder jede andere Polizeidienststelle.<\/p>\n\n\n\n<p><em>Polizeipr\u00e4sidium Rheinpfalz<br>17.04.2021<\/em><\/p>\n","protected":false},"excerpt":{"rendered":"<div class=\"mh-excerpt\"><p>81-j\u00e4hriger Vermisster aus Ludwigshafener Seniorenheim wieder aufgefunden (Ludwigshafen) &#8211; Der seit Donnerstag, den 15.04.2021, 12:30 Uhr aus einer Seniorenresidenz abg\u00e4ngige 81-j\u00e4hrige Herr M. wurde am Abend des 17.04.2021 im Stadtgebiet Ludwigshafen angetroffen und im Anschluss <a class=\"mh-excerpt-more\" href=\"https:\/\/speyer24news.com\/?p=35515\" title=\"Vermisste Person \/ Personensuche\">[&#8230;]<\/a><\/p>\n<\/div>","protected":false},"author":3,"featured_media":24191,"comment_status":"open","ping_status":"open","sticky":false,"template":"","format":"standard","meta":{"_monsterinsights_skip_tracking":false,"_monsterinsights_sitenote_active":false,"_monsterinsights_sitenote_note":"","_monsterinsights_sitenote_category":0,"footnotes":""},"categories":[12],"tags":[153,11288,11289,1881,11152,1117,11286,619,618,11287],"aioseo_notices":[],"amp_enabled":true,"_links":{"self":[{"href":"https:\/\/speyer24news.com\/index.php?rest_route=\/wp\/v2\/posts\/35515"}],"collection":[{"href":"https:\/\/speyer24news.com\/index.php?rest_route=\/wp\/v2\/posts"}],"about":[{"href":"https:\/\/speyer24news.com\/index.php?rest_route=\/wp\/v2\/types\/post"}],"author":[{"embeddable":true,"href":"https:\/\/speyer24news.com\/index.php?rest_route=\/wp\/v2\/users\/3"}],"replies":[{"embeddable":true,"href":"https:\/\/speyer24news.com\/index.php?rest_route=%2Fwp%2Fv2%2Fcomments&post=35515"}],"version-history":[{"count":4,"href":"https:\/\/speyer24news.com\/index.php?rest_route=\/wp\/v2\/posts\/35515\/revisions"}],"predecessor-version":[{"id":35539,"href":"https:\/\/speyer24news.com\/index.php?rest_route=\/wp\/v2\/posts\/35515\/revisions\/35539"}],"wp:featuredmedia":[{"embeddable":true,"href":"https:\/\/speyer24news.com\/index.php?rest_route=\/wp\/v2\/media\/24191"}],"wp:attachment":[{"href":"https:\/\/speyer24news.com\/index.php?rest_route=%2Fwp%2Fv2%2Fmedia&parent=35515"}],"wp:term":[{"taxonomy":"category","embeddable":true,"href":"https:\/\/speyer24news.com\/index.php?rest_route=%2Fwp%2Fv2%2Fcategories&post=35515"},{"taxonomy":"post_tag","embeddable":true,"href":"https:\/\/speyer24news.com\/index.php?rest_route=%2Fwp%2Fv2%2Ftags&post=35515"}],"curies":[{"name":"wp","href":"https:\/\/api.w.org\/{rel}","templated":true}]}}