{"id":35519,"date":"2021-04-17T17:21:43","date_gmt":"2021-04-17T16:21:43","guid":{"rendered":"https:\/\/speyer24news.com\/?p=35519"},"modified":"2021-04-17T17:21:44","modified_gmt":"2021-04-17T16:21:44","slug":"corona-speyer-47","status":"publish","type":"post","link":"https:\/\/speyer24news.com\/?p=35519","title":{"rendered":"Corona Speyer"},"content":{"rendered":"<style type=\"text\/css\">\r\n\t.ads_top_disp{}\r\n\t.ads_top_corner_disp{ float:left; margin:0px 10px 10px 0px; }\r\n\t.ads_first_p_disp{}\r\n\t.ads_bottom_disp{}\r\n\t<\/style>\n<h1 class=\"wp-block-heading\">Coronafallzahlen vom Freitag &amp; Samstag (16.04.-17.04.2021)<\/h1>\n\n\n\n<figure class=\"wp-block-image\"><img decoding=\"async\" loading=\"lazy\" width=\"800\" height=\"400\" src=\"https:\/\/speyer24news.com\/wp-content\/uploads\/2020\/02\/virus-1812092_1920.jpg\" alt=\"\" class=\"wp-image-25128\" srcset=\"https:\/\/speyer24news.com\/wp-content\/uploads\/2020\/02\/virus-1812092_1920.jpg 800w, https:\/\/speyer24news.com\/wp-content\/uploads\/2020\/02\/virus-1812092_1920-300x150.jpg 300w, https:\/\/speyer24news.com\/wp-content\/uploads\/2020\/02\/virus-1812092_1920-768x384.jpg 768w\" sizes=\"(max-width: 800px) 100vw, 800px\" \/><\/figure>\n\n\n\n<h3 class=\"wp-block-heading\">Samstag<\/h3>\n\n\n\n<p>Anzahl best\u00e4tigter F\u00e4lle von Coronavirus (SARS-CoV-2)-Infektionen in der Stadt Speyer:\u00a02435 ( + 2 )<br>Davon bereits genesen:\u00a02046<br>Todesf\u00e4lle: 80 ( unver\u00e4ndert ) <br>Gemeldete F\u00e4lle der letzten sieben Tage pro 100.000 Einwohner*innen (Inzidenz): 162,2 ( &#8211; 5,9 )<br><strong>Warnstufe: Rot<\/strong><\/p>\n\n\n\n<p><em>Stand: 17.04.2021, 11:10 Uhr<\/em><\/p>\n\n\n\n<h3 class=\"wp-block-heading\">Freitag<\/h3>\n\n\n\n<p>Anzahl best\u00e4tigter F\u00e4lle von Coronavirus (SARS-CoV-2)-Infektionen in der Stadt Speyer:\u00a02433 ( + 19 )<br>Davon bereits genesen:\u00a02025<br>Todesf\u00e4lle: 80 ( unver\u00e4ndert )<br>Gemeldete F\u00e4lle der letzten sieben Tage pro 100.000 Einwohner*innen (Inzidenz): 168,1 ( + 2 )<br><strong>Warnstufe: Rot<\/strong><\/p>\n\n\n\n<p><em>Stand: 16.04.2021, 14:10 Uhr<\/em><\/p>\n\n\n\n<div class=\"wp-block-image\"><figure class=\"aligncenter\"><img decoding=\"async\" loading=\"lazy\" width=\"500\" height=\"674\" src=\"https:\/\/speyer24news.com\/wp-content\/uploads\/2021\/04\/Karte_Stufen_2021-04-16.jpg\" alt=\"\" class=\"wp-image-35520\" srcset=\"https:\/\/speyer24news.com\/wp-content\/uploads\/2021\/04\/Karte_Stufen_2021-04-16.jpg 500w, https:\/\/speyer24news.com\/wp-content\/uploads\/2021\/04\/Karte_Stufen_2021-04-16-223x300.jpg 223w\" sizes=\"(max-width: 500px) 100vw, 500px\" \/><figcaption> <em>Sehen sie hier die Karte in h\u00f6herer Aufl\u00f6sung:<\/em> <a href=\"https:\/\/corona.rlp.de\/fileadmin\/rlp-stk\/Bilder\/Themen\/Gesundheit_Pflege\/Corona\/Corona-Warn-und-Aktionsplan_RLP\/Karte_Stufen_2021-04-16.jpg\">Karte_Stufen_2021-04-16.jpg (2480\u00d73507) (rlp.de)<\/a> <\/figcaption><\/figure><\/div>\n\n\n\n<p><em>Landesuntersuchungsamt Rheinland-Pfalz<br>17.04.2021<\/em><\/p>\n\n\n\n<h2 class=\"wp-block-heading\"><strong>Schnelltestangebot der Stadt und des ASB Speyer erweitert<\/strong><\/h2>\n\n\n\n<figure class=\"wp-block-image\"><img decoding=\"async\" loading=\"lazy\" width=\"800\" height=\"533\" src=\"https:\/\/speyer24news.com\/wp-content\/uploads\/2021\/03\/22-03-2021-Info-Inzidenz.jpg\" alt=\"\" class=\"wp-image-34565\" srcset=\"https:\/\/speyer24news.com\/wp-content\/uploads\/2021\/03\/22-03-2021-Info-Inzidenz.jpg 800w, https:\/\/speyer24news.com\/wp-content\/uploads\/2021\/03\/22-03-2021-Info-Inzidenz-300x200.jpg 300w, https:\/\/speyer24news.com\/wp-content\/uploads\/2021\/03\/22-03-2021-Info-Inzidenz-768x512.jpg 768w\" sizes=\"(max-width: 800px) 100vw, 800px\" \/><\/figure>\n\n\n\n<p>Die Stadtverwaltung Speyer informiert, dass das&nbsp;Schnelltestangebot der Stadt und des Arbeiter-Samariter-Bundes (ASB) Speyer&nbsp;weiter ausgebaut wird.&nbsp;<\/p>\n\n\n\n<p>Ab&nbsp;kommender Woche ist das&nbsp;Schnelltestzentrum in der Juf\u00f6 (Seekatzstra\u00dfe 5)&nbsp;zus\u00e4tzlich zu den bisherigen Terminen auch montags&nbsp;<strong>und freitags&nbsp;<\/strong>ge\u00f6ffnet.<\/p>\n\n\n\n<p>Zu folgenden Zeiten k\u00f6nnen sich ab KW 16 alle Bundesb\u00fcrger*innen mittels PoC-Antigentest auf das Coronavirus testen lassen:<\/p>\n\n\n\n<ul><li>montags bis freitags von\u00a017:00 bis\u00a019:00 Uhr mit Termin\u00a0sowie von\u00a019:00 bis\u00a020:00 Uhr ohne Termin<\/li><li>samstags von 11 bis\u00a015 Uhr mit Termin sowie\u00a0von\u00a015:00 bis\u00a016:00 Uhr ohne Termin<\/li><\/ul>\n\n\n\n<p>Alle Testm\u00f6glichkeiten in Speyer finden Sie auf der Homepage der Stadt Speyer unter\u00a0<a rel=\"noreferrer noopener\" href=\"https:\/\/deref-web.de\/mail\/client\/1erN5_NI5UQ\/dereferrer\/?redirectUrl=http%3A%2F%2Fwww.speyer.de%2Fcorona\" target=\"_blank\">www.speyer.de\/corona<\/a>.<\/p>\n\n\n\n<p><em>Stadtverwaltung Speyer<br>17.04.2021<\/em><\/p>\n\n\n\n<h2 class=\"wp-block-heading\">Zusammenfassung der Corona-Pressekonferenz vom Freitag<\/h2>\n\n\n\n<figure class=\"wp-block-image\"><img decoding=\"async\" loading=\"lazy\" width=\"800\" height=\"556\" src=\"https:\/\/speyer24news.com\/wp-content\/uploads\/2021\/04\/Mundschutz-Speyer.jpg\" alt=\"\" class=\"wp-image-35524\" srcset=\"https:\/\/speyer24news.com\/wp-content\/uploads\/2021\/04\/Mundschutz-Speyer.jpg 800w, https:\/\/speyer24news.com\/wp-content\/uploads\/2021\/04\/Mundschutz-Speyer-300x209.jpg 300w, https:\/\/speyer24news.com\/wp-content\/uploads\/2021\/04\/Mundschutz-Speyer-768x534.jpg 768w\" sizes=\"(max-width: 800px) 100vw, 800px\" \/><\/figure>\n\n\n\n<h3 class=\"wp-block-heading\"><strong>Impfzentrum Stadthalle Speyer<\/strong><\/h3>\n\n\n\n<p>Gesamtzahl 11.372 Impfungen<\/p>\n\n\n\n<p>1811 weitere Impfungen seit letzter Woche, davon<br>1521 Erstimpfungen<br>290 Zweitimpfungen<\/p>\n\n\n\n<h3 class=\"wp-block-heading\"><strong>Mobile Impfungen durch das Deutsche-Rote-Kreuz (DRK) Speyer<\/strong><\/h3>\n\n\n\n<p>234 Mobile Impfungen, 132 Erst- und 102 Zweitimpfungen<\/p>\n\n\n\n<p>Impfzentrum am Wochenende (Sa (300 Biontech) &amp; So (300 Impfdosen Moderna)) ge\u00f6ffnet, Zusatzkontigent f\u00fcr Wochenende durch Land bereitgestellt, Biontech und Moderna<br>Impfkontigent war wenige Stunden sp\u00e4ter, durch Mainz, bereits voll terminiert. Daher bitte auch Emails checken.<\/p>\n\n\n\n<p>Impfdosen an Haus\u00e4rzte geliefert, wird seitens der Stadt sehr begr\u00fc\u00dft. Wartelisten f\u00fcr Impfung bei Haus\u00e4rzte &#8222;sehr, sehr lang&#8220; laut Seiler.<br>Zus\u00e4tzlich wird bei einem gro\u00dfen Industriebetrieb seitens des Betriebsarztes geimpft.<\/p>\n\n\n\n<h3 class=\"wp-block-heading\"><strong>Schnelltests<\/strong><\/h3>\n\n\n\n<p>Dank an alle Hilfsorganisationen und Privat Initiativen. Seit Freitag auch auf dem Berliner Platz Schnelltests m\u00f6glich. In Nord und S\u00fcd sollen noch Schnelltestzentren kommen.<br>Er\u00f6ffnung innerhalb der n\u00e4chsten Tage geplant.<\/p>\n\n\n\n<p>Postgalerie Schnelltestzentrum soll am 21.04.2021 starten.<\/p>\n\n\n\n<p>Mo &#8211; So 10 &#8211; 18 Uhr Testung m\u00f6glich. U.a. auch f\u00fcr das &#8222;Speyerer Tagesticket&#8220; sollte es kommen<\/p>\n\n\n\n<p>Der Eingang erfolgt durch das Amedia Hotel im hinteren Teil der Postgalerie.<\/p>\n\n\n\n<p>Positiv getestete sollen, direkt vor Ort, noch einen PCR Test erhalten. So wird der Weg zum Hausarzt oder der Halle 101 gespart.<\/p>\n\n\n\n<p><strong><em>Peter Eymann:<\/em><\/strong> F\u00fcr was ist ein Schnelltest und wozu dient er. Er soll Menschen, die eigentlich keine Symptome, identifizieren. So soll das so genannte Superspreading verhindert werden.<br>Bei Symptomen immer zum Hausarzt oder aber in die Halle 101 &#8211; PCR Testung.<br>Der Test ist nicht gedacht um bei &#8222;Schnupfen&#8220; dennoch arbeiten zu gehen, zur After Work Party zu gehen oder sich mit Freunden zu treffen.<\/p>\n\n\n\n<h3 class=\"wp-block-heading\"><strong>Reihentestungen durch mobile DRK Teams<\/strong><\/h3>\n\n\n\n<p>7 Testungen mit insgesamt 153 Personen, davon 16 positiv<\/p>\n\n\n\n<p><strong><em>Peter Eymann:<\/em><\/strong> Warum mobile Reihentestungen. Mehrfach der Fall das Familienmitglieder unter Quarant\u00e4ne standen w\u00e4hrend andere noch weiter am \u00f6ffentlichen Leben teilnahmen. Daher wurden alle dort getestet.<br>Daher dringender Appell, alle m\u00fcssen sich distanzieren, auch h\u00e4usliche Kontakte. Auch nicht mal eben schnell einkaufen sondern sich versorgen lassen.<\/p>\n\n\n\n<h3 class=\"wp-block-heading\">Infektionslage<\/h3>\n\n\n\n<p>Notbremse l\u00e4uft eh bereits in RLP und auch in Speyer, daher keine Neuerungen durch Beschl\u00fcsse der Bund-L\u00e4nder-Konferenz.<\/p>\n\n\n\n<p><strong>Halle 101 &#8211; KW 14 (4 \u00d6ffnungstage)<\/strong><\/p>\n\n\n\n<p>395 Getestete, davon 134 positiv (darunter auch B.1.1.7 Mutationen), Positivrate 33,9 %<br>102 Personen mit B1.1.7 unter den 134 positiven &#8211; weiterhin 60 davon nach Ende der 14 Tage immer noch positiv (58,8 %), daher nochmal 7 Tage Quarant\u00e4ne.<\/p>\n\n\n\n<p>Im Gespr\u00e4ch mit dem Ministerium ob man nicht auch nochmals nach 21 Tagen einen Kontrolltest machen mu\u00df &#8211; Absonderungsverordnung. Stadt w\u00fcrde dies als sinnvoll erachten.<\/p>\n\n\n\n<p>74 Neuinfektionen (25,3%) <br>30 Speyer<br>29 RPK<br>7 andere<br>8 waren fraglich positiv und m\u00fcssen nachgetestet werden<\/p>\n\n\n\n<p><strong>B.1.1.7 Variante<\/strong><\/p>\n\n\n\n<p>F\u00fcr die bekannten F\u00e4lle rund 87 % Quote. Bundesweit zwischen 70 &#8211; 80 %<br>Weitere Mutationen sind gl\u00fccklicherweise nicht nachgewiesen worden.<\/p>\n\n\n\n<p><strong><em>Stefanie Seiler:<\/em><\/strong> Appell an Alle sich mit Bedacht zu bewegen. Abstand, Mund-Nasen-Bedeckung und bei Schnupfen lieber doch einmal mehr zum Hausarzt oder Testzentrum.<br>Denn Schnupfen oder Pollenallergie ist leider doch oft Corona.<br>Wir alle wollen das gesellschaftliche Leben wieder zur\u00fcck aber in Bedacht an die Gesundheitszentren\u2026 die Lage ist mehr als bedenklich. Jeder ist gefragt sich an die Ma\u00dfnahmen zu halten.<\/p>\n\n\n\n<p><em>Speyer 24\/7 News<br>17.04.2021<\/em><\/p>\n","protected":false},"excerpt":{"rendered":"<div class=\"mh-excerpt\"><p>Coronafallzahlen vom Freitag &amp; Samstag (16.04.-17.04.2021) Samstag Anzahl best\u00e4tigter F\u00e4lle von Coronavirus (SARS-CoV-2)-Infektionen in der Stadt Speyer:\u00a02435 ( + 2 )Davon bereits genesen:\u00a02046Todesf\u00e4lle: 80 ( unver\u00e4ndert ) Gemeldete F\u00e4lle der letzten sieben Tage pro 100.000 <a class=\"mh-excerpt-more\" href=\"https:\/\/speyer24news.com\/?p=35519\" title=\"Corona Speyer\">[&#8230;]<\/a><\/p>\n<\/div>","protected":false},"author":3,"featured_media":25126,"comment_status":"open","ping_status":"open","sticky":false,"template":"","format":"standard","meta":{"_monsterinsights_skip_tracking":false,"_monsterinsights_sitenote_active":false,"_monsterinsights_sitenote_note":"","_monsterinsights_sitenote_category":0,"footnotes":""},"categories":[9],"tags":[11291,6401,8404,6367,9461,9105,6940,8725,6359,6370,5904,6358,8749,7003,5801,6342,11290,9283,9104,6],"aioseo_notices":[],"amp_enabled":true,"_links":{"self":[{"href":"https:\/\/speyer24news.com\/index.php?rest_route=\/wp\/v2\/posts\/35519"}],"collection":[{"href":"https:\/\/speyer24news.com\/index.php?rest_route=\/wp\/v2\/posts"}],"about":[{"href":"https:\/\/speyer24news.com\/index.php?rest_route=\/wp\/v2\/types\/post"}],"author":[{"embeddable":true,"href":"https:\/\/speyer24news.com\/index.php?rest_route=\/wp\/v2\/users\/3"}],"replies":[{"embeddable":true,"href":"https:\/\/speyer24news.com\/index.php?rest_route=%2Fwp%2Fv2%2Fcomments&post=35519"}],"version-history":[{"count":4,"href":"https:\/\/speyer24news.com\/index.php?rest_route=\/wp\/v2\/posts\/35519\/revisions"}],"predecessor-version":[{"id":35525,"href":"https:\/\/speyer24news.com\/index.php?rest_route=\/wp\/v2\/posts\/35519\/revisions\/35525"}],"wp:featuredmedia":[{"embeddable":true,"href":"https:\/\/speyer24news.com\/index.php?rest_route=\/wp\/v2\/media\/25126"}],"wp:attachment":[{"href":"https:\/\/speyer24news.com\/index.php?rest_route=%2Fwp%2Fv2%2Fmedia&parent=35519"}],"wp:term":[{"taxonomy":"category","embeddable":true,"href":"https:\/\/speyer24news.com\/index.php?rest_route=%2Fwp%2Fv2%2Fcategories&post=35519"},{"taxonomy":"post_tag","embeddable":true,"href":"https:\/\/speyer24news.com\/index.php?rest_route=%2Fwp%2Fv2%2Ftags&post=35519"}],"curies":[{"name":"wp","href":"https:\/\/api.w.org\/{rel}","templated":true}]}}