{"id":35537,"date":"2021-04-18T06:24:06","date_gmt":"2021-04-18T05:24:06","guid":{"rendered":"https:\/\/speyer24news.com\/?p=35537"},"modified":"2021-04-18T06:24:06","modified_gmt":"2021-04-18T05:24:06","slug":"speyer-68","status":"publish","type":"post","link":"https:\/\/speyer24news.com\/?p=35537","title":{"rendered":"Speyer"},"content":{"rendered":"<style type=\"text\/css\">\r\n\t.ads_top_disp{}\r\n\t.ads_top_corner_disp{ float:left; margin:0px 10px 10px 0px; }\r\n\t.ads_first_p_disp{}\r\n\t.ads_bottom_disp{}\r\n\t<\/style>\n<h2 class=\"wp-block-heading\"><strong>Schreiben an das Land: Stadt Speyer und Kreisverwaltung Rhein-Pfalz-Kreis m\u00f6chten gemeinsam die Luca-App testen<\/strong><\/h2>\n\n\n\n<figure class=\"wp-block-image\"><img decoding=\"async\" loading=\"lazy\" width=\"800\" height=\"572\" src=\"https:\/\/speyer24news.com\/wp-content\/uploads\/2021\/04\/Luca-App.png\" alt=\"\" class=\"wp-image-35197\" srcset=\"https:\/\/speyer24news.com\/wp-content\/uploads\/2021\/04\/Luca-App.png 800w, https:\/\/speyer24news.com\/wp-content\/uploads\/2021\/04\/Luca-App-300x215.png 300w, https:\/\/speyer24news.com\/wp-content\/uploads\/2021\/04\/Luca-App-768x549.png 768w\" sizes=\"(max-width: 800px) 100vw, 800px\" \/><\/figure>\n\n\n\n<p>Die Speyerer Oberb\u00fcrgermeisterin Stefanie Seiler, Digitalisierungsbeigeordnete Sandra Selg und Landrat Clemens K\u00f6rner haben sich in dieser Woche mit einem gemeinsamen Schreiben an das Gesundheitsministerium in Mainz gewandt, um f\u00fcr den probeweisen Einsatz der Luca-App in Speyer zu werben.<\/p>\n\n\n\n<p>\u201eDie Stadt Speyer hat beim Land schon fr\u00fch Interesse angemeldet, um Modellkommune f\u00fcr den Einsatz der Luca-App zu werden. Ich bin nach wie vor davon \u00fcberzeugt, dass eine der st\u00e4rksten Waffen in dieser Pandemiebek\u00e4mpfung die stringente und schnelle Nachverfolgung aller relevanten Kontaktpersonen ist, um fr\u00fchzeitig Infektionsketten zu unterbrechen. Die Luca-App kann uns dabei unterst\u00fctzen und k\u00fcnftig \u00d6ffnungsschritte erm\u00f6glichen, die uns zur\u00fcck zu etwas mehr Normalit\u00e4t f\u00fchren\u201c, so Oberb\u00fcrgermeisterin Stefanie Seiler.<\/p>\n\n\n\n<figure class=\"wp-block-image\"><img decoding=\"async\" loading=\"lazy\" width=\"800\" height=\"569\" src=\"https:\/\/speyer24news.com\/wp-content\/uploads\/2021\/04\/Luca-App-Vorteile.png\" alt=\"\" class=\"wp-image-35198\" srcset=\"https:\/\/speyer24news.com\/wp-content\/uploads\/2021\/04\/Luca-App-Vorteile.png 800w, https:\/\/speyer24news.com\/wp-content\/uploads\/2021\/04\/Luca-App-Vorteile-300x213.png 300w, https:\/\/speyer24news.com\/wp-content\/uploads\/2021\/04\/Luca-App-Vorteile-768x546.png 768w\" sizes=\"(max-width: 800px) 100vw, 800px\" \/><\/figure>\n\n\n\n<p>\u201eWir freuen uns sehr dar\u00fcber, dass beim Gesundheitsamt des Rhein-Pfalz-Kreises die technischen Voraussetzungen geschaffen werden k\u00f6nnen, um die Luca-App einzuf\u00fchren\u201c, sagt Sandra Selg, die sich als Beigeordnete der Stadt Speyer f\u00fcr den Bereich der Digitalisierung verantwortlich zeichnet. \u201eSobald die Infektionszahlen in Speyer unter die kritische Marke von 100 gefallen sind, m\u00f6chten wir den Modellversuch starten. Zahlreiche Gastronomie- und Einzelhandelsbetriebe haben uns bereits signalisiert, dass sie sich beteiligen m\u00f6chten\u201c.<\/p>\n\n\n\n<p>In ihrem gemeinsamen Schreiben bitten die Stadt Speyer und der Rhein-Pfalz-Kreis, bei dem das Gesundheitsamt ans\u00e4ssig ist, nun beim Land um Information dar\u00fcber, wann das Gesundheitsamt mit dem n\u00f6tigen Zugang zur Luca-App rechnen kann.<\/p>\n\n\n\n<p>Landrat Clemens K\u00f6rner unterst\u00fctzt den Vorsto\u00df der Stadt Speyer: \u201eIch bin \u00fcberzeugt davon, dass der Einsatz der Luca-App sinnvoll ist. Mit dem Modellversuch in Speyer haben wir die M\u00f6glichkeit, wertvolle Erfahrungen zu sammeln, von denen sp\u00e4ter auch die anderen Kommunen im Zust\u00e4ndigkeitsbereich des Gesundheitsamt Rhein-Pfalz-Kreis profitieren werden\u201c.<\/p>\n\n\n\n<figure class=\"wp-block-image\"><img decoding=\"async\" loading=\"lazy\" width=\"800\" height=\"432\" src=\"https:\/\/speyer24news.com\/wp-content\/uploads\/2021\/04\/Luca-Nutzung.png\" alt=\"\" class=\"wp-image-35199\" srcset=\"https:\/\/speyer24news.com\/wp-content\/uploads\/2021\/04\/Luca-Nutzung.png 800w, https:\/\/speyer24news.com\/wp-content\/uploads\/2021\/04\/Luca-Nutzung-300x162.png 300w, https:\/\/speyer24news.com\/wp-content\/uploads\/2021\/04\/Luca-Nutzung-768x415.png 768w\" sizes=\"(max-width: 800px) 100vw, 800px\" \/><\/figure>\n\n\n\n<p>Das Land Rheinland-Pfalz hat k\u00fcrzlich sechs Kreise ausgew\u00e4hlt, die offiziell zu Testregionen f\u00fcr die Luca-App ernannt wurden \u2013 eine Voraussetzung daf\u00fcr, um bei entsprechend niedriger Inzidenz Modellregion zur behutsamen \u00d6ffnung im Lockdown zu werden.<\/p>\n\n\n\n<p>\u201eZum Zeitpunkt der Auswahl der Testregionen hatte das Gesundheitsamt die notwendige Software noch nicht vollst\u00e4ndig implementiert und konnte daher nicht ber\u00fccksichtigt werden. Der vom Bund beauftragte externe Dienstleister wird die Voraussetzungen in K\u00fcrze geschaffen haben, so dass auch das Gesundheitsamt des Rhein-Pfalz-Kreises die M\u00f6glichkeit haben wird, die Luca-App zu testen\u201c, erkl\u00e4rt Landrat K\u00f6rner.<\/p>\n\n\n\n<div class=\"wp-block-image\"><figure class=\"aligncenter\"><img decoding=\"async\" loading=\"lazy\" width=\"472\" height=\"1024\" src=\"https:\/\/speyer24news.com\/wp-content\/uploads\/2021\/04\/Luca-QR-Code-472x1024.jpg\" alt=\"\" class=\"wp-image-35200\" srcset=\"https:\/\/speyer24news.com\/wp-content\/uploads\/2021\/04\/Luca-QR-Code-472x1024.jpg 472w, https:\/\/speyer24news.com\/wp-content\/uploads\/2021\/04\/Luca-QR-Code-138x300.jpg 138w, https:\/\/speyer24news.com\/wp-content\/uploads\/2021\/04\/Luca-QR-Code.jpg 738w\" sizes=\"(max-width: 472px) 100vw, 472px\" \/><\/figure><\/div>\n\n\n\n<p>Luca funktioniert ganz einfach: Nutzer*innen laden sich die App auf ihr Smartphone und geben einmalig ihre Kontaktdaten ein. Die App generiert einen sich min\u00fctlich \u00e4ndernden QR-Code, der dem eigenen Endger\u00e4t zugeordnet ist. Mit diesem kann man sich nun ganz einfach in Locations \u201eeinchecken\u201c \u2013 egal, ob Wochenmarkt, Kirche, Restaurant, Gesch\u00e4ft oder Familientreffen. Alles was der Gegenpart daf\u00fcr ben\u00f6tigt, ist ebenfalls Ger\u00e4t mit installierter Luca-App oder einen einrichtungsbezogenen QR-Code. Betrete ich nun beispielsweise ein Restaurant, checke ich mit dem Smartphone ein und logge mich beim Gehen wieder aus. Tritt nun ein Infektionsfall ein, werden alle G\u00e4ste dieser Location informiert, die sich zur betreffenden Uhrzeit dort aufgehalten haben. Parallel werden die Gesundheits\u00e4mter informiert, die dann automatisch Zugriff auf die Daten der \u00fcbrigen G\u00e4ste erhalten. Zus\u00e4tzlich bietet die App ein Kontakttagebuch an. Dieses erm\u00f6glicht den Nutzer*innen f\u00fcr die letzten 30 Tage zur\u00fcckzuverfolgen, wann man sich wo aufgehalten hat. F\u00fcr Menschen ohne Smartphone soll es au\u00dferdem analoge Schl\u00fcsselanh\u00e4nger geben.\u00a0<\/p>\n\n\n\n<p><em>Text: Speyer Foto: Luca App<br>18.04.2021<\/em><\/p>\n\n\n\n<h2 class=\"wp-block-heading\">Kommentar<\/h2>\n\n\n\n<div class=\"wp-block-image\"><figure class=\"aligncenter\"><img decoding=\"async\" loading=\"lazy\" width=\"600\" height=\"420\" src=\"https:\/\/speyer24news.com\/wp-content\/uploads\/2021\/03\/Kommentar.png\" alt=\"\" class=\"wp-image-34331\" srcset=\"https:\/\/speyer24news.com\/wp-content\/uploads\/2021\/03\/Kommentar.png 600w, https:\/\/speyer24news.com\/wp-content\/uploads\/2021\/03\/Kommentar-300x210.png 300w\" sizes=\"(max-width: 600px) 100vw, 600px\" \/><\/figure><\/div>\n\n\n\n<h4 class=\"wp-block-heading\"><em>von Daniel Kemmerich<\/em><\/h4>\n\n\n\n<p>Wir finden es bedenklich wie &#8222;\u00fcber jedes St\u00f6ckchen&#8220; gesprungen wird sobald es einem hingehalten wird. Nat\u00fcrlich wollen wir alle endlich wieder unser normales Leben zur\u00fcck, uns mit Freunden treffen, in Restaurants Essen gehen und gemeinsam Kultur, Sport und Kino genie\u00dfen&#8230; aber ist LUCA hierf\u00fcr die richtige Alternative?<\/p>\n\n\n\n<p>Sandra Selg von der Speyerer W\u00e4hlergruppe, ihres Zeichens nach Digitalisierungsbeigeordnete, findet also das eine App die mittlerweile stark in der Kritik steht f\u00fcr empfehlenswert. Das Oberb\u00fcrgermeisterin Stefanie Seiler, genauso wenig wie Landrat Clemens K\u00f6rner keine Zeit haben sich mit digitalem zu besch\u00e4ftigen, noch Mitarbeiter\/innen haben die ihnen dies zutragen, k\u00f6nnen wir ja noch verstehen. Das aber eine eigens daf\u00fcr berufene Frau es nicht schafft auch auf die Gefahren dieser App hinzuweisen zeigt nur einmal mehr wie sinnlos es war diese Stelle zu schaffen.<\/p>\n\n\n\n<p>Wir finden, eine App die durch viele Sicherheitsl\u00fccken gl\u00e4nzt, es versierten Menschen erm\u00f6glicht das genau Bewegungsprofil eines einzelnen Nachzuverfolgen, absolut deplatziert. Dann doch lieber wieder die &#8222;Zettelchen&#8220; zur Kontaktnachverfolgung ausf\u00fcllen, damit zwar nicht so bequem und cool zu sein wie mit einem Scan eines QR Codes durch die App&#8230; aber halt daf\u00fcr auf der sichereren Seite (sofern nat\u00fcrlich sorgf\u00e4ltig mit den Zetteln umgegangen wird).<\/p>\n\n\n\n<p>Man muss nicht bei jedem Neuen gleich vorne mit dabei sein nur um sich ins Rampenlicht zu r\u00fccken und zu zeigen wie Jung und Hip man doch ist. Manchmal lohnt es sich eben doch an Altem festzuhalten statt jedem neuen Trend gleich zu folgen!<\/p>\n\n\n\n<p>Wer noch nichts von den Sicherheitsl\u00fccken der App wei\u00df sollte einfach mal &#8222;luca app kritik&#8220; in das Suchfeld von Google eingeben. Oder lesen sie z.B. auch diesen Beitrag dar\u00fcber:  <a href=\"https:\/\/www.golem.de\/news\/bewegungsprofil-auslesbar-sicherheitsluecke-bei-schluesselanhaengern-der-luca-app-2104-155706.html\">Bewegungsprofil auslesbar: CCC fordert &#8222;Bundesnotbremse&#8220; f\u00fcr Luca-App &#8211; Golem.de<\/a> <\/p>\n\n\n\n<p><em>18.04.2021<\/em><\/p>\n","protected":false},"excerpt":{"rendered":"<div class=\"mh-excerpt\"><p>Schreiben an das Land: Stadt Speyer und Kreisverwaltung Rhein-Pfalz-Kreis m\u00f6chten gemeinsam die Luca-App testen Die Speyerer Oberb\u00fcrgermeisterin Stefanie Seiler, Digitalisierungsbeigeordnete Sandra Selg und Landrat Clemens K\u00f6rner haben sich in dieser Woche mit einem gemeinsamen Schreiben <a class=\"mh-excerpt-more\" href=\"https:\/\/speyer24news.com\/?p=35537\" title=\"Speyer\">[&#8230;]<\/a><\/p>\n<\/div>","protected":false},"author":3,"featured_media":23902,"comment_status":"open","ping_status":"open","sticky":false,"template":"","format":"standard","meta":{"_monsterinsights_skip_tracking":false,"_monsterinsights_sitenote_active":false,"_monsterinsights_sitenote_note":"","_monsterinsights_sitenote_category":0,"footnotes":""},"categories":[9],"tags":[10565,11301,11300,431,10564,7099,11302,6,206],"aioseo_notices":[],"amp_enabled":true,"_links":{"self":[{"href":"https:\/\/speyer24news.com\/index.php?rest_route=\/wp\/v2\/posts\/35537"}],"collection":[{"href":"https:\/\/speyer24news.com\/index.php?rest_route=\/wp\/v2\/posts"}],"about":[{"href":"https:\/\/speyer24news.com\/index.php?rest_route=\/wp\/v2\/types\/post"}],"author":[{"embeddable":true,"href":"https:\/\/speyer24news.com\/index.php?rest_route=\/wp\/v2\/users\/3"}],"replies":[{"embeddable":true,"href":"https:\/\/speyer24news.com\/index.php?rest_route=%2Fwp%2Fv2%2Fcomments&post=35537"}],"version-history":[{"count":1,"href":"https:\/\/speyer24news.com\/index.php?rest_route=\/wp\/v2\/posts\/35537\/revisions"}],"predecessor-version":[{"id":35538,"href":"https:\/\/speyer24news.com\/index.php?rest_route=\/wp\/v2\/posts\/35537\/revisions\/35538"}],"wp:featuredmedia":[{"embeddable":true,"href":"https:\/\/speyer24news.com\/index.php?rest_route=\/wp\/v2\/media\/23902"}],"wp:attachment":[{"href":"https:\/\/speyer24news.com\/index.php?rest_route=%2Fwp%2Fv2%2Fmedia&parent=35537"}],"wp:term":[{"taxonomy":"category","embeddable":true,"href":"https:\/\/speyer24news.com\/index.php?rest_route=%2Fwp%2Fv2%2Fcategories&post=35537"},{"taxonomy":"post_tag","embeddable":true,"href":"https:\/\/speyer24news.com\/index.php?rest_route=%2Fwp%2Fv2%2Ftags&post=35537"}],"curies":[{"name":"wp","href":"https:\/\/api.w.org\/{rel}","templated":true}]}}