{"id":35613,"date":"2021-04-21T06:42:26","date_gmt":"2021-04-21T05:42:26","guid":{"rendered":"https:\/\/speyer24news.com\/?p=35613"},"modified":"2021-04-21T06:42:27","modified_gmt":"2021-04-21T05:42:27","slug":"polizei-561","status":"publish","type":"post","link":"https:\/\/speyer24news.com\/?p=35613","title":{"rendered":"Polizei"},"content":{"rendered":"<style type=\"text\/css\">\r\n\t.ads_top_disp{}\r\n\t.ads_top_corner_disp{ float:left; margin:0px 10px 10px 0px; }\r\n\t.ads_first_p_disp{}\r\n\t.ads_bottom_disp{}\r\n\t<\/style>\n<h2 class=\"wp-block-heading\">Polizeimeldungen vom Dienstag (20.04.2021)<\/h2>\n\n\n\n<div class=\"wp-block-image\"><figure class=\"aligncenter\"><img decoding=\"async\" src=\"https:\/\/speyer24news.com\/wp-content\/uploads\/2020\/01\/Aktuelles-Polizeilogo.jpg\" alt=\"\" class=\"wp-image-23832\"\/><\/figure><\/div>\n\n\n\n<h4 class=\"wp-block-heading\">(Speyer) &#8211; Fahrradkontrollen im Stadtgebiet<\/h4>\n\n\n\n<p>Am Montag zwischen 14:30 Uhr und 15:30 Uhr kontrollierte eine Polizeistreife den Fahrradverkehr in der Bahnhofstra\u00dfe zwischen Obere Langgasse und Hirschgraben. Die ca. 50 kontrollierten Fahrradfahrerinnen und -fahrer verhielten sich verkehrskonform und nutzten den Radweg in die vorgeschriebene Richtung. Lediglich ein Versto\u00df wurde geahndet.<\/p>\n\n\n\n<h4 class=\"wp-block-heading\">(Speyer) &#8211; Alkoholisiert Schlangenlinien gefahren<\/h4>\n\n\n\n<p>Einen Schlangenlinienfahrenden PKW stellte am Montagmorgen gegen 10:45 Uhr ein 27-j\u00e4hriger Verkehrsteilnehmer auf der B9 aus Richtung Germersheim fest. Da der Fahrer des PKW im Bereich Speyer mehrfach \u00fcber die Mittellinie fuhr, folgte ihm der Zeuge \u00fcber die Anschlussstelle Speyer Zentrum bis letztendlich in die Paul-Egell-Stra\u00dfe. Dank des aufmerksamen Zeugen konnte dort der 36-J\u00e4hrige Schlangenlinienfahrer einer Polizeikontrolle unterzogen werden. Der Mann war alkoholisiert und hatte einen Wert von \u00fcber 1 Promille. Sein F\u00fchrerschein wurde in der Folge sichergestellt und ein Strafverfahren eingeleitet. Zu einer Gef\u00e4hrdung anderer Verkehrsteilnehmer kam es gl\u00fccklicherweise nicht.<\/p>\n\n\n\n<h4 class=\"wp-block-heading\">(R\u00f6merberg) &#8211; Brand eines Einfamilienhauses<\/h4>\n\n\n\n<p>Am Mittag des 20.04.2021 kam es in R\u00f6merberg in der Bergh\u00e4user Stra\u00dfe zu einem Brand in einem Einfamilienhaus. Die Feuerwehr Speyer konnte den Brand unter Kontrolle bringen und l\u00f6schen. Verletzt wurde niemand. Das Haus ist bis auf weiteres nicht bewohnbar. Es entstand ein Sachschaden von etwa 130.000EUR Die Kriminalpolizei Ludwigshafen hat die Ermittlungen zur Brandursache aufgenommen.<\/p>\n\n\n\n<h4 class=\"wp-block-heading\">(R\u00f6merberg &amp; Umgebung) &#8211; Diebstahlserie aus Fahrzeugen nach umfangreichen polizeilichen Ermittlungen gekl\u00e4rt<\/h4>\n\n\n\n<p>Zwischen dem 11.10.2020 und dem 17.11.2020 kam es in den Ortschaften Dudenhofen, R\u00f6merberg, Hanhofen, Harthausen sowie B\u00f6hl-Iggelheim und Schifferstadt zu 35 angezeigten Diebst\u00e4hlen aus Fahrzeugen bzw. deren Versuch. Ein zun\u00e4chst unbekannter T\u00e4ter \u00f6ffnete die zumeist unverschlossenen Fahrzeuge und entwendete aus diesen Bargeld in H\u00f6he von sch\u00e4tzungsweise 145 Euro und Wertgegenst\u00e4nde im Gesamtwert von 835 Euro. Umfangreiche Ermittlungen sowie kriminaltaktische Ma\u00dfnahmen f\u00fchrten die Ermittler auf die Spur eines 15-j\u00e4hrigen Speyerers. Der Jugendliche, der sich derzeit wegen eines zur\u00fcckliegenden Raubdeliktes in Haft befindet, wird sich auch bez\u00fcglich der vorgeworfenen Diebstahlserie verantworten m\u00fcssen.<\/p>\n\n\n\n<h4 class=\"wp-block-heading\">(Germersheim) &#8211; PKW aufgebrochen<\/h4>\n\n\n\n<p>In der Nacht von Sonntag auf Montag wurde ein in der Langgewannstra\u00dfe geparkter PKW aufgebrochen. Bislang unbekannte T\u00e4ter schlugen dazu eine Seitenscheibe an dem Fahrzeug ein und entwendeten aus dem Innenraum eine Geldb\u00f6rse. In dieser befanden sich neben einem zweistelligen Geldbetrag auch diverse Bankkarten. Wir weisen in diesem Zusammenhang darauf hin, keine Wertgegenst\u00e4nde im Auto liegen zu lassen. Zeugen, die Hinweise zu dem Vorfall geben k\u00f6nnen, sollen sich bitte bei der Polizei Germersheim unter der Telefonnummer 07274-9580 oder per Mail an\u00a0<a href=\"mailto:pigermersheim@polizei.rlp.de\">pigermersheim@polizei.rlp.de<\/a>\u00a0melden.<\/p>\n\n\n\n<h4 class=\"wp-block-heading\">(Annweiler \/ B 10, As Queichhambach) &#8211; Verkehrsunfall<\/h4>\n\n\n\n<p>Am 20.04.2021 ordnete sich ein PKW-Fahrer gegen 09:30 Uhr ordnungsgem\u00e4\u00df auf der B 10 in Richtung Pirmasens fahrend auf der Abbiegespur der Anschlussstelle Annweiler\/Queichhambach ein, als ein Sattelzugfahrer offensichtlich aufgrund eines Sekundenschlafes ihm von hinten in das Fahrzeug fuhr. Durch die Wucht des Aufpralls wurde der PKW 26 Meter weit weggerammt und erlitt einen wirtschaftlichen Totalschaden. Der Autofahrer wurde hierbei verletzt und in \u00e4rztliche Behandlung \u00fcberf\u00fchrt. Der Fahrer des Sattelzuges wird nunmehr wegen Gef\u00e4hrdung des Stra\u00dfenverkehrs beanzeigt.<\/p>\n\n\n\n<h4 class=\"wp-block-heading\">(Landau) &#8211; Angebranntes Essen l\u00f6st Einsatz f\u00fcr Feuerwehr, Rettungsdienst und Polizei aus<\/h4>\n\n\n\n<p>Das auf dem Herd vergessene Essen war die Ursache f\u00fcr einen Einsatz von Feuerwehr, Rettungsdienst und Polizei in der Nacht von Montag auf Dienstag. Gegen 1 Uhr waren die Rettungskr\u00e4fte \u00fcber einen aktiven Rauchmelder und erhebliche Rauchbildung in einer Wohnung eines Mehrparteienhaus im Nordring in Landau verst\u00e4ndigt worden. Kurz bevor die Feuerwehr die T\u00fcr aufbrechen musste, \u00f6ffnete die 79-j\u00e4hrige Bewohnerin, die geschlafen hatte die T\u00fcr. Sie wurde aufgrund des Verdachts einer leichten Rauchgasintoxikation in ein Krankenhaus gebracht. Ein Sachschaden war durch die Rauchentwicklung nicht entstanden.<\/p>\n\n\n\n<h4 class=\"wp-block-heading\">(Landau) &#8211; Reifen an Auto besch\u00e4digt \/ Polizei sucht Zeugen<\/h4>\n\n\n\n<p>In der Nacht von Sonntag auf Montag besch\u00e4digte ein bislang unbekannter T\u00e4ter mit einem spitzen Gegenstand alle vier Reifen eines, in Landau abgestellten Fahrzeugs. Das Auto war in der Tatzeit zwischen dem 18.04.2021, 22.30 Uhr und dem 19.04.2021, 8.15 Uhr in der Limburgstra\u00dfe abgestellt gewesen. Die Polizei bittet Zeugen, die Hinweise zu der Tat oder dem T\u00e4ter geben k\u00f6nnen sich telefonisch unter 06341\/2870 oder per Mail an\u00a0<a href=\"mailto:pilandau@polizei.rlp.de\">pilandau@polizei.rlp.de<\/a>\u00a0zu melden.<\/p>\n\n\n\n<h4 class=\"wp-block-heading\">(Neustadt) &#8211; Mit 2,73Promille und ohne Fahrerlaubnis unterwegs<\/h4>\n\n\n\n<p>Am Montag, den 19.04.2021, wurde um 21:50 Uhr ein 42-j\u00e4hriger Frankenthaler einer Verkehrskontrolle unterzogen, welcher zuvor aufgrund seiner unsicheren Fahrweise aufgefallen war. Bereits bei der Ansprache war aus dem Fahrzeuginneren deutlicher Atemalkoholgeruch wahrzunehmen. Der Verdacht der Trunkenheit erh\u00e4rtete sich wenig sp\u00e4ter, als der dem Fahrer angebotene Atemalkoholtest einen Wert von 2,73Promille auswies. Des Weiteren gab dieser an, \u00fcber keine Fahrerlaubnis zu verf\u00fcgen. Es wurden entsprechende Strafverfahren eingeleitet und dem Frankenthaler zudem eine Blutprobe entnommen.<\/p>\n\n\n\n<h4 class=\"wp-block-heading\">(Neustadt) &#8211; Zwei Verkehrsunf\u00e4lle mit leicht verletzten Personen<\/h4>\n\n\n\n<p>Am Montag, den 19.04.2021, kam es um 14:18 Uhr zu einem Verkehrsunfall auf der Landauer Stra\u00dfe, Ecke Dr.-Siebenpfeiffer-Str.. Hier stoppte eine 52-j\u00e4hrige Neustadterin verkehrsbedingt ihren Seat, was ein 70-j\u00e4hriger, hinter ihr fahrender Fiat-Fahrer zu sp\u00e4t erkannte und ihr aus Unachtsamkeit auffuhr. Neben einem Sachschaden, welcher sich f\u00fcr beide Fahrzeuge auf gesch\u00e4tzte 850EUR bel\u00e4uft, wurde die Neustadterin leicht in Form von Schmerzen im Hals- und R\u00fcckenbereich verletzt. Etwa drei Stunden sp\u00e4ter fuhr ein 67-j\u00e4hriger Neustadter r\u00fcckw\u00e4rts mit seinem BMW aus der Parkl\u00fccke eines Einkaufmarktes in der Martin-Luther-Stra\u00dfe heraus. Hinter diesem befand sich zu diesem Zeitpunkt jedoch eine 90-j\u00e4hrige Dame mit ihrem Rollator, welche dem langsam ausfahrenden Fahrzeug nicht mehr ausweichen konnte. Sie st\u00fcrzte zu Boden und erlitt eine Platzwunde an ihrem Kopf, welche im weiteren Verlauf in einem Krankenhaus behandelt werden musste. Gegen beide Unfallverursacher wurde ein Strafverfahren wegen fahrl\u00e4ssiger K\u00f6rperverletzung eingeleitet.<\/p>\n\n\n\n<h4 class=\"wp-block-heading\">(Ha\u00dfloch) &#8211; Taser-Einsatz<\/h4>\n\n\n\n<p>Weil er in der Nacht auf Montag (19. April 2021) in seiner Wohnung randalierte und sich dabei selbst verletzte, sollte ein 27-J\u00e4hriger am Morgen medizinisch versorgt werden. Die mit dem Rettungswagen eintreffenden Beamten bedrohte und beleidigte der junge Mann. Trotz zweimaliger Androhung des Tasereinsatzes (Elektroimpulsger\u00e4t), beruhigte sich der junge Mann nicht und ging auf die Einsatzkr\u00e4fte zu. Als ein \u00dcbergriff bevor zu stehen schien, schoss ein Polizist den Taser ab. Der 27-J\u00e4hrige konnte danach gefesselt werden. Es stellte sich heraus, dass er psychisch erkrankt ist und Drogen konsumiert hatte.<\/p>\n\n\n\n<h4 class=\"wp-block-heading\">(Bad D\u00fcrkheim) &#8211; Auf Betrugsmasche nicht reingefallen<\/h4>\n\n\n\n<p>Am 19.04.2021 gegen 21:15 Uhr kam ein Betr\u00fcger nicht zum gew\u00fcnschten Erfolg, da die \u00e4ltere Dame \u00fcber die Betrugsmasche informiert war. Ein bislang unbekannter Mann teilte der Dame am Telefon mit, dass in Bad D\u00fcrkheim gerade eine &#8222;Einbruchsbande&#8220; von der Polizei festgenommen wurde. Bei der Bande w\u00e4re ihre Anschrift aufgefunden worden. Doch bevor der Anrufer weitersprechen konnte gab die Dame an, dass sie sich nicht auf diese Betrugsmasche einl\u00e4sst und die Polizei verst\u00e4ndigen werde. Anschlie\u00dfend beendete sie sofort das Gespr\u00e4ch. Die Telefonnummer des Anrufers wurde nicht angezeigt. Die Kriminalpolizei in Bad D\u00fcrkheim hat die Ermittlungen aufgenommen. Wurden sie auch Opfer eines solchen Betruges dann wenden sie sich bitte an die Polizei Bad D\u00fcrkheim unter 06322 963 0 oder per E-Mail an&nbsp;<a href=\"mailto:pibadduerkheim@polizei.rlp.de\">pibadduerkheim@polizei.rlp.de<\/a>.<\/p>\n\n\n\n<h4 class=\"wp-block-heading\">(Bad D\u00fcrkheim) &#8211; Au\u00dfenspiegel abgefahren<\/h4>\n\n\n\n<p>Im Zeitraum von 19.04.2021 06:00 Uhr bis 16:00 Uhr wurde ein in der Stra\u00dfe Wasserhohl in Bad D\u00fcrkheim abgestellter BMW besch\u00e4digt. Ein bislang unbekannter Verkehrsteilnehmer besch\u00e4digte vermutlich beim Vorbeifahren aufgrund ungen\u00fcgenden Abstandes den BMW und entfernte sich anschlie\u00dfend unerlaubt von der Unfallstelle. Durch den abgefahrenen Au\u00dfenspiegel entstand ein Sachschaden in H\u00f6he von 100 Euro. Es liegen keinerlei T\u00e4terhinweise vor. Die Polizei Bad D\u00fcrkheim bittet um Hinweise unter 06322 963 0 oder per E-Mail an&nbsp;<a href=\"mailto:pibadduerkheim@polizei.rlp.de\">pibadduerkheim@polizei.rlp.de<\/a><\/p>\n\n\n\n<h4 class=\"wp-block-heading\">(Bad D\u00fcrkheim) &#8211; Unfallflucht auf Parkplatz<\/h4>\n\n\n\n<p>Im Zeitraum von 19.04.2021 13:00 Uhr bis 14:00 Uhr wurde ein auf dem Parkplatz eines Einkaufsmarktes in der Bruchstra\u00dfe in Bad D\u00fcrkheim abgestellter VW Caddy besch\u00e4digt. Ein bislang unbekannter Verkehrsteilnehmer besch\u00e4digte vermutlich beim Aus- bzw. Einparken den VW und entfernte sich anschlie\u00dfend unerlaubt von der Unfallstelle. Es entstand ein Sachschaden in H\u00f6he von 250 Euro. Es liegen keine Hinweise vor. Die Polizei Bad D\u00fcrkheim bittet um Hinweise unter 06322 963 0 oder per E-Mail an\u00a0<a href=\"mailto:pibadduerkheim@polizei.rlp.de\">pibadduerkheim@polizei.rlp.de<\/a><\/p>\n\n\n\n<h4 class=\"wp-block-heading\">(Dannstadt-Schauernheim) &#8211; Autofahrer unter Einfluss von Bet\u00e4ubungsmitteln und mit gestohlenen Kennzeichen, aber ohne F\u00fchrerschein<\/h4>\n\n\n\n<p>In einer Kontrollstelle haben Beamte der Polizeiinspektion Schifferstadt am Montagabend einen 34-j\u00e4hrigen Autofahrer kontrolliert, der f\u00fcr einige Arbeit sorgte. Zun\u00e4chst fiel auf, dass die beiden Kennzeichen vertauscht waren. Das vordere Kennzeichen war hinten angebracht und das hintere vorne. Bei der \u00dcberpr\u00fcfung der Kennzeichen kam heraus, dass diese als gestohlen gemeldet waren. Darauf angesprochen, gab der 34-J\u00e4hrige an, den Wagen gerade erst einem Freund abgekauft zu haben. Von gestohlenen Kennzeichen wisse er nichts. W\u00e4hrend des Gespr\u00e4chs bemerkten die Polizisten zudem Anzeichen f\u00fcr den Konsum von Bet\u00e4ubungsmitteln. Der Mann r\u00e4umte ein, am Mittag einen Joint geraucht zu haben. Zu guter Letzt verf\u00fcgte er auch nicht \u00fcber eine g\u00fcltige Fahrerlaubnis. Wegen des Cannabiskonsums musste er die Beamten zur Dienststelle begleiten, wo ihm ein Arzt eine Blutprobe entnommen hat. Ihn erwartet nun ein Verfahren wegen Trunkenheit im Verkehr und au\u00dferdem wegen Fahren ohne Fahrerlaubnis. in Bezug auf die Kennzeichen steht er zumindest unter Verdacht T\u00e4ter eines Diebstahls zu sein. Weitere Ermittlungen hierzu folgen. Sein F\u00fchrerschein, die Autoschl\u00fcssel und das Fahrzeug selbst haben die Beamten sichergestellt. Die F\u00fchrerscheinstelle ist \u00fcber den Fall informiert worden.<\/p>\n\n\n\n<h4 class=\"wp-block-heading\">(Frankenthal) &#8211; Opel Corsa Fahrer ohne F\u00fchrerschein unterwegs<\/h4>\n\n\n\n<p>Mit einem Opel Corsa war am 19.04.2021, um 23.30 Uhr, ein 27-J\u00e4hriger auf der A61 unterwegs. Am Parkplatz &#8222;Auf dem Hahnen&#8220; (Gemarkung Frankenthal) wurde der Wagen von einer Funkstreife der Polizeiautobahnstation Ruchheim angehalten und der Fahrer kontrolliert. Auf Verlangen konnte der Mann keinen F\u00fchrerschein aush\u00e4ndigen, er r\u00e4umte ein, nicht im Besitz einer Fahrerlaubnis zu sein. Im Weiteren wurde festgestellt, dass der Corsa nicht zugelassen war. Der Fahrer hatte an dem Wagen alte Kennzeichen eines anderen, abgemeldeten Autos angebracht. An diesen Kennzeichen waren au\u00dferdem die Zulassungsplaketten manipuliert.<\/p>\n\n\n\n<p>Die Weiterfahrt wurde dem 27-J\u00e4hrigen untersagt. Gegen den Mann wurde ein Strafverfahren wegen Fahren ohne Fahrerlaubnis, Urkundenf\u00e4lschung und Versto\u00df gegen das Pflichtversicherungsgesetz und Kraftfahrzeugsteuergesetz eingeleitet.<\/p>\n\n\n\n<h4 class=\"wp-block-heading\">(Frankenthal) &#8211; Kontrollstellen<\/h4>\n\n\n\n<p>Im Laufe des 19.04.2021 wurden mehrere Kontrollen durchgef\u00fchrt, zum einen mit Zielrichtung \u00dcberwachung der Geschwindigkeit, zum anderen \u00dcberwachung der Elektrokleinstfahrzeuge. Die erste Geschwindigkeitskontrolle zwischen 09.15 Uhr und 10.00 Uhr in der Stra\u00dfe Am Kanal ergab bei 77 gemessenen Fahrzeugen insgesamt 2 Verst\u00f6\u00dfe gegen die zul\u00e4ssige H\u00f6chstgeschwindigkeit von 50 km\/h, wobei der &#8222;Schnellste&#8220; mit 70 km\/h gemessen wurde. Eine weitere Geschwindigkeitskontrolle wurde zwischen 10.15 Uhr und 12.00 Uhr auf der L 523 zwischen Frankenthal und Bobenheim-Roxheim durchgef\u00fchrt. Bei einer H\u00f6chstgeschwindigkeit von 70 km\/h und 163 gemessenen Fahrzeugen waren 11 Fahrzeuge zu schnell. Hier wurde der &#8222;Schnellste&#8220; mit 98 km\/h gemessen. In der Zeit von 13.00 Uhr bis 15.00 Uhr wurde noch eine Kontrollstelle auf dem Jahnplatz in Frankenthal durchgef\u00fchrt. Ergebnis hier waren 5 Handyverst\u00f6\u00dfe, 4 Gurtverst\u00f6\u00dfe, 3 mal Fahren ohne Fahrerlaubnis mit Kleinkraftr\u00e4dern und ein Versto\u00df gegen das Pflichtversicherungsgesetz mit einem E-Scooter.<\/p>\n\n\n\n<h4 class=\"wp-block-heading\">(Frankenthal) &#8211; Brand eines Hochsitzes<\/h4>\n\n\n\n<p>Durch einen Verkehrsteilnehmer wurde am 19.04.2021, gegen 13.30 Uhr, Rauchentwicklung auf einem Feld neben der B9 in Fahrtrichtung Frankenthal gemeldet. Durch die eingesetzte Streife konnte dann auf einem Feld, parallel zur B9, etwa in H\u00f6he der Ausfahrt Frankenthal-S\u00fcd, ein brennender Hochsitz festgestellt werden. Durch die ebenfalls eingesetzte Feuerwehr Frankenthal konnte der Hochsitzgel\u00f6scht werden, wurde jedoch durch den Brand komplett zerst\u00f6rt. Nach derzeitigem Ermittlungstand wird von Brandstiftung ausgegangen. Die Schadensh\u00f6he steht derzeit noch nicht fest.<\/p>\n\n\n\n<p>Zeugen werden gebeten sich an die Polizeiinspektion Frankenthal unter der Tel.-Nr.: 06233\/313-0 oder an die Polizeiwache Maxdorf unter der Tel.-Nr.: 06237\/934-1100 zu wenden. Gerne nehmen wir Ihre Hinweise auch per E-Mail unter\u00a0<a href=\"mailto:pifrankenthal@polizei.rlp.de\">pifrankenthal@polizei.rlp.de<\/a>\u00a0entgegen.<\/p>\n\n\n\n<h4 class=\"wp-block-heading\">(Ludwigshafen) &#8211; Baumhaus und H\u00fchnerstall besch\u00e4digt<\/h4>\n\n\n\n<p>Unbekannte kletterten in der Nacht von Montag (19.04.2021) auf Dienstag (20.04.2021) \u00fcber den Zaun des Abenteuerspielplatzes in der Speyerer Stra\u00dfe. Auf dem Gel\u00e4nde wurde ein Baumhaus und ein H\u00fchnerstall besch\u00e4digt. Der Schaden wird derzeit auf 100 Euro gesch\u00e4tzt.<\/p>\n\n\n\n<p>Hinweise werden an die Polizeiwache Oggersheim unter Tel. 0621 963 &#8211; 2403 oder per Mail&nbsp;<a href=\"mailto:pwoggersheim@polizei.rlp.de\">pwoggersheim@polizei.rlp.de<\/a>&nbsp;erbeten.<\/p>\n\n\n\n<h4 class=\"wp-block-heading\">(Ludwigshafen) &#8211; Gef\u00e4hrliche K\u00f6rperverletzung \/ Zeugen gesucht<\/h4>\n\n\n\n<p>Am Montagabend, gegen 19:30 Uhr, soll es vor einem Supermarkt in der Industriestra\u00dfe (nahe Einm\u00fcndung Pettenkoferstra\u00dfe) zu einer k\u00f6rperlichen Auseinandersetzung gekommen sein. Drei M\u00e4nner sollen zun\u00e4chst in verbalen Streit geraten sein, der dann in einer k\u00f6rperlichen Auseinandersetzung endete. Die M\u00e4nner konnten durch Unbeteiligte getrennt werden. Die Polizei sucht nun nach Zeugen des Vorfalls, insbesondere die unbeteiligten Helfer werden gebeten sich bei der Polizei zu melden.<\/p>\n\n\n\n<p>Sachdienliche Hinweise bitte an die Polizeiinspektion Ludwigshafen 2, Telefonnummer 0621 963-2222 oder per E-Mail&nbsp;<a href=\"mailto:piludwigshafen2@polizei.rlp.de\">piludwigshafen2@polizei.rlp.de<\/a>&nbsp;.<\/p>\n\n\n\n<h4 class=\"wp-block-heading\">(Ludwigshafen) &#8211; Versuchte R\u00e4uberische Erpressung<\/h4>\n\n\n\n<p>Am Montagnachmittag, gegen 16:20 Uhr, wurde ein 20-J\u00e4hriger am Fu\u00dfballplatz in Maudach von zwei Jugendlichen angesprochen. Die Jugendlichen sollen sich bedrohlich vor dem 20-J\u00e4hrigen aufgebaut und die Herausgabe von Geld und Wertgegenst\u00e4nden gefordert haben. Nachdem der 20-J\u00e4hrige dies verneinte, gingen die Jugendlichen weg. Im Rahmen der Fahndung kontrollierten Beamte der Polizei Ludwigshafen zwei Jugendliche im Alter von 14 und 15 Jahren, welche aufgrund der Personenbeschreibung als Tatverd\u00e4chtige in Frage kommen. Die Ermittlungen hierzu dauern derzeit noch an.<\/p>\n\n\n\n<p>Sachdienliche Hinweise bitte an die Polizeiinspektion Ludwigshafen 1, Telefonnummer 0621 963-2122 oder per E-Mail&nbsp;<a href=\"mailto:piludwigshafen1@polizei.rlp.de\">piludwigshafen1@polizei.rlp.de<\/a>&nbsp;.<\/p>\n\n\n\n<h4 class=\"wp-block-heading\">(Ludwigshafen) &#8211; Fahrradfahrerin \u00fcbersehen<\/h4>\n\n\n\n<p>Eine 60-J\u00e4hrige verletzte sich am Montag (19.04.2021) leicht, nachdem sie von einem 44-j\u00e4hrigen Autofahrer \u00fcbersehen wurde. Die Frau war gegen 16 Uhr mit ihrem Fahrrad auf einem Radweg in der Mannheimer Stra\u00dfe unterwegs, als ein 44-J\u00e4hriger mit seinem PKW aus einem Anwesen auf die Stra\u00dfe fahren wollte. Hierbei \u00fcbersah der Mann die von links kommende Fahrradfahrerin und kollidierte mit ihr. Die 44-J\u00e4hrige zog sich hierbei leichte Verletzungen zu. Insgesamt entstand ein Sachschaden in H\u00f6he von 1100 Euro.<\/p>\n\n\n\n<h4 class=\"wp-block-heading\">(Ludwigshafen) &#8211; Bedrohung mit Luftdruckpistole<\/h4>\n\n\n\n<p>Am Montag, gegen 14:45 Uhr, soll ein 49-J\u00e4hriger einen 27-J\u00e4hrigen mit einer Luftdruckpistole in Mundenheim bedroht haben. Da zun\u00e4chst unklar war, ob es sich um eine scharfe Schusswaffe handelte, wurde die \u00d6rtlichkeit mit starken Polizeikr\u00e4ften aufgesucht. Beamte der Polizei Ludwigshafen konnten den 49-J\u00e4hrigen vor Ort antreffen und fanden bei ihm eine Luftdruckpistole. Diese wurde sichergestellt. Grund f\u00fcr die Bedrohung soll ein Streit wegen zu lauter Musik gewesen sein.<\/p>\n\n\n\n<h4 class=\"wp-block-heading\">(Ludwigshafen) &#8211; Versuchter r\u00e4uberischer Diebstahl<\/h4>\n\n\n\n<p>Am 19.04.2021, gegen 11:30 Uhr, wurde ein 45-J\u00e4hriger in einem Lebensmitteldiscounter in der Knollstra\u00dfe dabei erwischt, wie er diverse Alkoholika klauen wollte. Er wurde deswegen von einem 39-j\u00e4hrigen Mitarbeiter angesprochen. Unvermittelt schlug der 45-J\u00e4hrige nach diesem und verletzte ihn leicht. Danach versuchte der \u00c4ltere mit seiner Beute zu fl\u00fcchten, wurde jedoch bis zum Eintreffen der Polizei von dem 39-J\u00e4hrigen aufgehalten. Da der Verdacht bestand, dass der 45-J\u00e4hrige unter Drogen- und Alkoholeinfluss stand, wurde ihm im Krankenhaus eine Blutprobe entnommen.<\/p>\n\n\n\n<h4 class=\"wp-block-heading\">(Ludwigshafen) &#8211; Zwei auf einen Streich<\/h4>\n\n\n\n<p>Gleich zwei Mal einer Verkehrskontrolle unterzogen, wurde am 19.04.2021, gegen 11 Uhr, ein 22-J\u00e4hriger. Er war zun\u00e4chst wegen eines Parkversto\u00dfes aufgefallen und in der Bahnhofsstra\u00dfe kontrolliert worden. Nachdem er hinsichtlich seines Fehlverhaltens belehrt worden war, f\u00fchrte der junge Mann einen sogenannten Kavalierstart durch und fuhr mit deutlich \u00fcberh\u00f6hter Geschwindigkeit auf eine nur wenige Meter entfernte rote Ampel zu. Nur durch eine Vollbremsung konnte der 25-J\u00e4hrige sein Auto an der Haltelinie zum Stehen bringen. Aufgrund des gezeigten Fahrverhaltens wurde der Mann einer weiteren Verkehrskontrolle unterzogen. Gegen ihn wird nun wegen verboten Kraftfahrzeugrennen ermittelt.<\/p>\n\n\n\n<h4 class=\"wp-block-heading\">(Ludwigshafen) &#8211; Scheibe an Schule besch\u00e4digt<\/h4>\n\n\n\n<p>Unbekannte versuchten am Wochenende (16.04. bis 18.04.2021) die Scheibe einer Schule in der Wormser Stra\u00dfe einzuwerfen. Hierbei ging nur die \u00e4u\u00dfere Verglasung zu Bruch. Es entstand lediglich geringer Sachschaden. Hinweise werden an die Polizeiwache Oggersheim unter Tel. 0621 963 &#8211; 2403 oder per Mail\u00a0<a href=\"mailto:pwoggersheim@polizei.rlp.de\">pwoggersheim@polizei.rlp.de<\/a>\u00a0erbeten.<\/p>\n\n\n\n<h4 class=\"wp-block-heading\">(Mannheim-Schwetzingerstadt) &#8211; Einbruch in fleischverarbeitenden Betrieb \/ Polizei sucht Zeugen<\/h4>\n\n\n\n<p>Am Samstagabend brach ein unbekannter T\u00e4ter in die R\u00e4ume eines fleischverarbeitenden Betriebs im Stadtteil Schwetzingerstadt ein. Der Einbrecher schlug an dem Betrieb in der Schlachthofstra\u00dfe die Scheibe eines Aufenthaltsraums ein und stieg, unter Verwendung seines Fahrrads als Aufstiegshilfe, durch das Fenster in den Raum ein. Nachdem er vergeblich versucht hatte, den dort aufgestellten Zigarettenautomaten aufzubrechen, verlie\u00df er auf gleichem Wegen den Raum und fl\u00fcchtete in unbekannte Richtung. Auf den Aufzeichnungen der Video\u00fcberwachungsanlage konnte die Tat nachvollzogen werden. Der darauf erkennbare T\u00e4ter wird wie folgt beschrieben:<\/p>\n\n\n\n<ul><li>M\u00e4nnliche Person<\/li><li>Schlank<\/li><li>War bekleidet mit Jogginghose und dunklem Kapuzenpulli<\/li><li>Trug dunkle Handschuhe und eine Basecap<\/li><li>Hatte eine Mund-Nase-Maske auf<\/li><li>F\u00fchrte einen Rucksack und ein Fahrrad mit sich <\/li><\/ul>\n\n\n\n<p>Zeugen, die verd\u00e4chtige Wahrnehmungen gemacht haben und sachdienliche Hinweise zum T\u00e4ter geben k\u00f6nnen, werden gebeten, sich beim Polizeirevier Mannheim-Oststadt, Tel.: 0621\/174-3310 zu melden.<\/p>\n\n\n\n<h4 class=\"wp-block-heading\">(Mannheim-Rheinau) &#8211; Einbr\u00fcche in Kellerr\u00e4ume \/ Polizei sucht Zeugen<\/h4>\n\n\n\n<p>Unbekannte T\u00e4ter brachen in der Nacht von Sonntag auf Montag in zahlreiche Keller von Mehrfamilienh\u00e4usern im Stadtteil Rheinau ein.<\/p>\n\n\n\n<p>Vermutlich \u00fcber die Brandschutzt\u00fcr der Tiefgarage drangen die Einbrecher in ein Merhfamilienhaus im Rheinauer Ring ein. Dort hebelten sie mehrere mit Vorh\u00e4ngeschl\u00f6ssern gesicherte Kellerverschl\u00e4ge auf und entwendeten unter anderem alkoholische Getr\u00e4nke und Elekronikger\u00e4te.<\/p>\n\n\n\n<p>In der gleichen Nacht drangen Einbrecher auch in zwei Wohnblocks in der Schmitzstra\u00dfe und der Perreystra\u00dfe ein. Auch hier gelangten die T\u00e4ter vermutlich \u00fcber die Tiefgarage bzw. einen der Hauseing\u00e4nge in die Kellerr\u00e4ume und brachen die Schl\u00f6sser mehrerer Kellerabteile auf. Aus einem Kellerraum lie\u00dfen die Einbrecher verschiedenes Werkzeug mitgehen. Ob sie weitere Beute gemacht haben, muss noch ermittelt werden.<\/p>\n\n\n\n<p>Inwiefern ein Tatzusammenhang zwischen den einzelnen Einbr\u00fcchen dieser Nacht sowie einem Einbruch in der Nacht vom 23.03.2021 auf den 24.03.2021 besteht, ist Gegenstand der weiteren Ermittlungen des Polizeipostens Mannheim-Rheinau.<\/p>\n\n\n\n<p>Zeugen, die verd\u00e4chtige Wahrnehmungen gemacht haben und sachdienlichen Hinweise geben k\u00f6nnen, werden gebeten, sich beim Polizeirevier Mannheim-Neckarau, Tel.: 0621\/83397-0 zu melden.<\/p>\n\n\n\n<h4 class=\"wp-block-heading\">(Mannheim-K\u00e4fertal) &#8211; 22-j\u00e4hriger Mann geht auf Polizeibeamte los<\/h4>\n\n\n\n<p>Ein 22-j\u00e4hriger Mann ging am Montagabend im Stadtteil K\u00e4fertal auf mehrere Polizeibeamte los. Weil der Mann gegen 19.30 Uhr vor einem Anwesen in der Pfeilstra\u00dfe randalierte und die \u00d6rtlichkeit partout nicht verlassen wollte, verst\u00e4ndigten Anwohner die Polizei. Als die \u00d6rtlichkeit mit mehreren Polizeistreifen aufgesucht wurde, konnte der 22-J\u00e4hrige, nach wie vor randalierend, angetroffen werden. Auch der mehrmaligen Aufforderung der Beamten, den Ort zu verlassen, kam er nicht nach. Nachdem ihm die Gewahrsamnahme, notfalls unter Gewaltanwendung, angedroht worden war, baute er sich zun\u00e4chst vor den Beamten auf, zog seine Jacke aus und ging schlie\u00dflich mit geballten F\u00e4usten auf die Polizisten zu. Durch Einsatz von Pfefferspray und Arm- und Beinhebeln konnte der Mann schlie\u00dflich mit vereinten Kr\u00e4ften \u00fcberw\u00e4ltigt und auf den Boden gebracht werden. Hier versuchte er sich loszurei\u00dfen und trat nach den Polizeibeamten. Nachdem ihm Handschlie\u00dfen angelegt worden waren, wurde er zum Polizeirevier Mannheim-K\u00e4fertal gebracht. Eine Alkoholbeeinflussung konnte bei ihm nicht festgestellt werden. Jedoch war offensichtlich, dass er sich in einer emotionellen Ausnahmesituation befand, weshalb er zur Behandlung in einer Fachklinik vorgestellt wurde, wo er zun\u00e4chst station\u00e4r aufgenommen wurde.<\/p>\n\n\n\n<p>Gegen den 22-J\u00e4hrigen wird nun wegen t\u00e4tlichen Angriffs und Widerstands gegen Polizeibeamte sowie versuchter K\u00f6rperverletzung ermittelt.<\/p>\n\n\n\n<h4 class=\"wp-block-heading\">(Mannheim-Sandhofen) &#8211; E-Bike gestohlen \/ Zeugen gesucht<\/h4>\n\n\n\n<p>Unbekannte T\u00e4ter haben in der Nacht von Sonntag auf Montag im Stadtteil Sandhofen ein E-Bike gestohlen. Der Gesch\u00e4digte hatte sein E-Bike am Sonntagabend verschlossen im Hof eines Anwesens in der Sch\u00f6nauer Stra\u00dfe abgestellt. In der Nacht war offenbar ein unbekannter T\u00e4ter auf noch unklarem Weg in den mit einem Hoftor verschlossenen Hofraum des Anwesens gelangt und hat das E-Bike mitgehen lassen. Der Eigent\u00fcmer stellte am folgenden Morgen gegen 6.15 Uhr das Fehlen des Fahrzeugs fest.<\/p>\n\n\n\n<p>Zeugen, die verd\u00e4chtige Wahrnehmungen gemacht haben und sachdienliche Hinweise zu dem oder den T\u00e4tern geben k\u00f6nnen, werden gebeten, sich beim Polizeirevier Mannheim-Sandhofen, Tel.: 0621\/77769-0 zu melden.<\/p>\n\n\n\n<h4 class=\"wp-block-heading\">(Heidelberg) &#8211; Festnahme zweier Ladendiebe eskaliert; drei Polizeibeamte verletzt<\/h4>\n\n\n\n<p>Da sie im dringenden Verdacht stehen, am fr\u00fchen Montagabend Kleidungsst\u00fccke in einem Discountmarkt im Heuauerweg gestohlen zu haben, wurden zwei 20 und 30 Jahre alten M\u00e4nner kurz vor 20 Uhr zun\u00e4chst von der Marktleitung festgehalten und anschlie\u00dfend Beamten des Polizeireviers HD-S\u00fcd f\u00fcr die wetieren Ermittlungen \u00fcbergeben.<\/p>\n\n\n\n<p>Als er nach der Personalienfeststellung festgenommen und zum Revier gebracht werden sollte, wehrte sich der 30-J\u00e4hrige pl\u00f6tzlich gegen die Ma\u00dfnahme und verletzte drei Beamten leicht. Auch der Angreifer, gegen den jetzt wegen des Verdachts des t\u00e4tlichen Angriffs ermittelt wird, zog sich eine Kopfwunde zu, die sp\u00e4ter in einer Klinik behandelt wurde.<\/p>\n\n\n\n<p>Der 20-J\u00e4hrige verhielt sich dagegen passiv. Dieser wurde nach seiner erkennungsdienstlichen Behandlung wieder auf freien Fu\u00df gesetzt.<\/p>\n\n\n\n<p>Nachdem die Behandlung in der Klinik abgeschlossen war, wurde der 30-J\u00e4hrige noch am sp\u00e4ten Abend im Polizeigewahrsam untergebracht. Die Ermittlungen gegen ihn dauern derzeit noch an.<\/p>\n\n\n\n<h4 class=\"wp-block-heading\">(Heidelberg-Kirchheim) &#8211; Autofahrer \u00fcbersieht Rollstuhlfahrerin<\/h4>\n\n\n\n<p>Unaufmerksamkeit d\u00fcrfte die Ursache f\u00fcr einen Unfall am sp\u00e4ten Montagabend in der Schwarzwaldstra\u00dfe gewesen sein bei dem eine Rollstuhlfahrerin verletzt wurde. Ein 58-j\u00e4hriger Suzuki-Fahrer kollidierte um 21.30 Uhr mit einer 39-J\u00e4hrigen, die gerade mit ihrem elektronischen Rollstuhl einen Fu\u00dfg\u00e4ngerweg \u00fcberquerte. Durch den Zusammensto\u00df fiel der Rollstuhl zur Seite, wobei die Frau an Kopf und Schulter verletzt wurde. Sie kam zur Behandlung in Krankenhaus. An beiden Fahrzeugen entstand geringer Sachschaden. Der Verkehrsdienst Heidelberg hat die Ermittlungen gegen den Autofahrer aufgenommen.<\/p>\n\n\n\n<h4 class=\"wp-block-heading\">(Heidelberg-Handschuhsheim) &#8211; Seniorin in Einkaufsmarkt Opfer eines Diebstahls; Zeugen gesucht<\/h4>\n\n\n\n<p>Opfer eines Diebstahls im Stadtteil Handschuhsheim wurde am sp\u00e4ten Montagvormittag eine 82-j\u00e4hrige Frau.<\/p>\n\n\n\n<p>Die Seniorin, die zwischen 11.00-11.30 Uhr im Lidl-Markt in der Fritz-Frey-Stra\u00dfe einkaufen war, hatte ihr Handtasche an ihren Rollator geh\u00e4ngt. Beim Bezahlen stellte sie schlie\u00dflich fest, dass ihr Geldbeutel mit einem geringen Bargeldbetrag, sowie pers\u00f6nlichen Papieren, Bank- und Versichertenkarten aus der Tasche entwendet war.<\/p>\n\n\n\n<p>Es ist nicht ausgeschlossen, dass ein oder mehrere T\u00e4ter die g\u00fcnstige Gelegenheit in Einkaufsm\u00e4rkten im Stadtgebiet ausnutzen, um aus unvorsichtig an oder in Einkaufswagen oder, wie im vorliegenden Fall, am Rollator deponierte Taschen, Geldbeutel oder Wertgegenst\u00e4nde zu entwenden.<\/p>\n\n\n\n<p>Wir erinnern daran, Handtaschen nie aus den Augen zu lassen. Die T\u00e4ter haben dar\u00fcber hinaus keine Skrupel, die Taschen auch dann nach Beute zu durchsuchen, wenn sie \u00fcber der Schulter h\u00e4ngen und sich der Einkaufende gerade der Ware im Regal zuwendet.<\/p>\n\n\n\n<p>Zeugen werden im vorliegenden Fall gebeten, sich beim Polizeirevier HD-Nord, Tel.: 06221\/4569-0 zu melden.<\/p>\n\n\n\n<h4 class=\"wp-block-heading\">(Reilingen \/ Rhein-Neckar-Kreis) &#8211; Beim Abbiegen mit entgegenkommendem Auto zusammengesto\u00dfen \/ Sachschaden ca. 10.000 Euro<\/h4>\n\n\n\n<p>Bei einem Unfall am Montag kurz vor 15.30 Uhr an der Einm\u00fcndung L 546\/K 4255 entstand Sachschaden von \u00fcber 10.000 Euro. Ein 56.j\u00e4hriger Fahrer eines Seat war ohne auf den Gegenverkehr zu achten nach links auf die Kreisstra\u00dfe in Richtung Kirrlach abgebogen. Dies hatte zur Folge, dass es mit dem Peugeot eines entgegenkommenden 31-J\u00e4hrigen zur Kollision kam.<\/p>\n\n\n\n<h4 class=\"wp-block-heading\">(Wiesloch-Baiertal \/ Rhein-Neckar-Kreis) &#8211; 36-j\u00e4hrige Autofahrerin bei Auffahrunfall leicht verletzt \/ Sachschaden ca. 13.000 Euro<\/h4>\n\n\n\n<p>Bei einem Unfall am Montag um 7.15 Uhr an der Einm\u00fcndung L 547\/Maisbacher Stra\u00dfe wurde eine 36-j\u00e4hrige Opel-Fahrerin leicht verletzt. Die Fahrerin war von Baiertal in Richtung Schatthausen unterwegs und wollte nach links abbiegen. Ein nachfolgender 26-j\u00e4hriger Fahrer eines Klein-Lkw erkannte dies zu sp\u00e4t und fuhr ins Heck des Opel. Die Verletzte wurde mit einem Rettungswagen ins Krankenhaus nach Sinsheim gebracht. An den Fahrzeugen entstand ein Gesamtsachschaden von ca. 13.000 Euro, beide Autos mussten abgeschleppt werden.<\/p>\n\n\n\n<h4 class=\"wp-block-heading\">(St. Leon-Rot \/ A 5 \/ Rhein-Neckar-Kreis) &#8211; Verkehrsunfall auf der A 5 \/ Fahrbahn in Fahrtrichtung Frankfurt derzeit voll gesperrt<\/h4>\n\n\n\n<h4 class=\"wp-block-heading\" style=\"text-align:center\">Pressemeldungt Nr. 1<\/h4>\n\n\n\n<p>Aufgrund eines Verkehrsunfalls auf der A 5 zwischen der Anschlussstelle Kronau und dem Autobahnkreuz Walldorf ist die Fahrbahn in Richtung Frankfurt derzeit (20.04.2021 \u2013 13:38) voll gesperrt. Nach derzeitigem Erkenntnisstand war es zu einem Zusammensto\u00df zwischen zwei Lastwagen gekommen, in dessen Folge zumindest eine Person verletzt wurde. Ein Rettungshubschrauber ist derzeit im Einsatz. N\u00e4here Informationen zu Art und Schwere der Verletzungen sowie m\u00f6glichen weiteren Verletzten liegen derzeit nicht vor. Die Unfallaufnahme dauert an.<\/p>\n\n\n\n<h4 class=\"wp-block-heading\">(St. Leon-Rot \/ A 5 \/ Rhein-Neckar-Kreis) &#8211; Verkehrsunfall auf der A 5<\/h4>\n\n\n\n<h4 class=\"wp-block-heading\" style=\"text-align:center\">Pressemeldung Nr. 2<\/h4>\n\n\n\n<p>Zwei verletzte Beteiligte, davon einer schwer, und erheblicher Sachschaden sind die Bilanz eines Verkehrsunfalls am Dienstagmittag auf der A 5 zwischen der Anschlussstelle Kronau und dem Autobahnkreuz Walldorf. Ein 43-j\u00e4hriger Mann war gegen 13 Uhr mit seinem Sattelzug auf der A 5 in Richtung Frankfurt unterwegs. Kurz nach der Anschlussstelle Kronau musste er staubedingt abbremsen. Der nachfolgende 60-j\u00e4hrige Lkw-Fahrer realisierte dies zu sp\u00e4t und fuhr dem Sattelzug auf. Dabei zog sich der Fahrer des Lkw schwere Verletzungen zu, er musste mit dem Rettungshubschrauber in eine Klinik geflogen werden. Auch der Sattelzugfahrer erlitt Verletzungen und wurde in ein Krankenhaus eingeliefert. \u00dcber Art und Schwere der Verletzungen liegen keine n\u00e4heren Informationen vor.<\/p>\n\n\n\n<p>Der Lastwagen des 60-J\u00e4hrigen war so stark besch\u00e4digt, dass er abgeschleppt werden musste, der Sattelzug war noch fahrbereit und wurde durch einen Ersatzfahrer von der Unfallstelle abgeholt. Der Sachschaden wird auf rund 25.000 Euro gesch\u00e4tzt.<\/p>\n\n\n\n<p>W\u00e4hrend der Unfallaufnahme waren der rechte und mittlere Fahrstreifen gesperrt, zur Landung des Rettungshubschraubers musste die Fahrbahn in Richtung Frankfurt vor\u00fcbergehend voll gesperrt werden. Zwischenzeitlich hatte sich ein R\u00fcckstau von bis zu acht Kilometern L\u00e4nge gebildet.<\/p>\n\n\n\n<p>Die Freiwillige Feuerwehr Walldorf war zur Unterst\u00fctzung an der Unfallstelle eingesetzt. Die Aufr\u00e4um- und Reinigungsarbeiten dauern noch an. Derzeit ist die rechte Fahrspur noch gesperrt.<\/p>\n\n\n\n<h4 class=\"wp-block-heading\">(Gem. Dielheim \/ A 6 \/ Rhein-Neckar-Kreis) &#8211; Unfall auf A 6 mit mehreren Fahrzeugen; Verursacher eingenickt; eine Verletzte; Autobahn rund zwei Stunden voll gesperrt<\/h4>\n\n\n\n<p>Am sp\u00e4ten Montagabend kam es auf der A 6 zwischen den Anschlussstellen Wiesloch\/Rauenberg und Sinsheim zu einem Verkehrsunfall, an dem vier Fahrzeuge beteiligt waren. Eine Person wurde verletzt.<\/p>\n\n\n\n<p>Ein 69-j\u00e4hriger VW-Fahrer war gegen 23.20 Uhr in Richtung Heilbronn unterwegs, als er nach ersten Erkenntnissen am Steuer einnickte und nach rechts in die Leitplanken prallte. Sein Fahrzeug schleuderte daraufhin an links und blieb total besch\u00e4digt auf dem linken Fahrstreifen, quer zur Fahrbahn stehen.<\/p>\n\n\n\n<p>W\u00e4hrend ein nachfolgendes Fahrzeug lediglich \u00fcber Tr\u00fcmmerteile fuhr und gering besch\u00e4digt wurde, erkannte eine 53-j\u00e4hrige Audi-Fahrerin die Situation in der Dunkelheit zu sp\u00e4t und kollidiert mit dem Verursacherfahrzeug. Das Fahrzeug der 53-J\u00e4hrigen schleuderte nach dem Aufprall nach rechts und kollidierte dort noch leicht mit einem weiteren, langsam vorbeifahrenden Fahrzeug. Die 53-J\u00e4hrige wurde dabei leicht verletzt und mit einem Rettungswagen zur Untersuchung in eine Klinik transportiert. Der Verursacher blieb unverletzt.<\/p>\n\n\n\n<p>Die A6 war in Richtung Heilbronn f\u00fcr rund zwei Stunden voll gesperrt. Der R\u00fcckstau betrug in der Spitze rund sechs Kilometer. Gegen 1.20 Uhr am Dienstagmorgen wurde ein Fahrstreifen zun\u00e4chst wieder freigegeben.<\/p>\n\n\n\n<p>Der VW und der Audi mussten abgeschleppt werden. Der Gesamtschaden d\u00fcrfte weit \u00fcber 10.000.- Euro liegen.<\/p>\n\n\n\n<p>Bei der \u00dcberpr\u00fcfung des Verursachers stellte sich heraus, dass der 69-J\u00e4hrige, der aus dem Landkreis Esslingen stammt, keinen F\u00fchrerschein besa\u00df.<\/p>\n\n\n\n<p>Die Feuerwehr Wiesloch war mit \u00fcber 20 Einsatzkr\u00e4ften an der Unfallstelle. Zu ihren Aufgaben geh\u00f6rten die Absicherung und Ausleuchten und der Unfallstelle sowie die Reinigung der Fahrbahn.<\/p>\n\n\n\n<p>Gegen 2.30 Uhr war die A6 in Richtung Heilbronn wieder frei befahrbar.<\/p>\n\n\n\n<h4 class=\"wp-block-heading\">(Sinsheim \/ Rhein-Neckar-Kreis) &#8211; Seniorin verliert Kontrolle \u00fcber Auto; Bushaltestelle besch\u00e4digt<\/h4>\n\n\n\n<p>Ein totalbesch\u00e4digter Pkw, ein besch\u00e4digtes Warteh\u00e4uschen und Ermittlungen der Verkehrspolizei zur Unfallursache &#8211; so lautet die erste Bilanz eines Verkehrsunfalls der sich am Dienstagmittag in Sinsheim ereignete. Eine 84-J\u00e4hrige fuhr demnach mit ihrem BMW von der Alten Waibstadter kommend in Richtung Hauptstra\u00dfe, wobei sie aus bislang ungekl\u00e4rter Ursache die Kontrolle \u00fcber ihren Pkw verlor und in ein Warteh\u00e4uschen nahe des Kreuzungsbereichs fuhr. Gl\u00fccklicherweise hielten sich dort zur Unfallzeit keine Personen auf. Nach der Kollision rollte der BMW weiter und kam letztlich in einer Grunfl\u00e4che zum Stehen. Die Seniorin wurde vor Ort \u00e4rztlich versorgt und anschlie\u00dfend in ein Krankenhaus gebracht. Die Schwere der Verletzungen sind bislang nicht bekannt. Der BMW der Dame wurde abgeschleppt. Die Unfallaufnahme dauert zur Zeit an.<\/p>\n\n\n\n<h4 class=\"wp-block-heading\">(Sinsheim \/ A 6 \/ Rhein-Neckar-Kreis) &#8211;  Schwerpunktkontrollen gewerblicher G\u00fctertransportverkehr<\/h4>\n\n\n\n<p>Am Dienstag, in der Zeit, zwischen 6 Uhr und 12 Uhr, f\u00fchrte die Verkehrspolizei Mannheim auf der Tank- und Rastanlage Kraichgau an der A 6 Schwerpunktkontrollen des gewerblichen G\u00fcter- und Personenverkehr durch. Hauptaugenmerk der mit ganzheitlichem Ansatz durchgef\u00fchrten Kontrollen lag auf der Einhaltung der Lenk- und Ruhezeiten der Fahrer. Dabei kontrollierten die eingesetzten Spezialisten des Verkehrsdienstes Mannheim insgesamt 16 Fahrzeuge und deren Fahrer, von denen zehn beanstandet werden mussten. Dies bedeutet eine Beanstandungsquote von 60 Prozent.<\/p>\n\n\n\n<p>Von den beanstandeten Fahrern hatten acht Fahrzeuglenker ihre Wochenruhezeit verbotswidrig in ihren Fahrzeugen verbracht. Seine Wochenruhezeit von mindestens 45 Stunden darf ein Lkw-Fahrer nicht in seinem Fahrzeug verbringen. Der Unternehmer hat daf\u00fcr Sorge zu tragen, dass der Fahrer diese Ruhezeit entweder an seinem Wohnort oder an einer festen Unterkunft mit sanit\u00e4rer Einrichtung und Versorgungsm\u00f6glichkeiten verbringt.<\/p>\n\n\n\n<p>Folgende weitere Feststellungen wurden bei den Kontrollen getroffen:<\/p>\n\n\n\n<pre class=\"wp-block-preformatted\">   - 14 Verst\u00f6\u00dfe gegen Vorschriften \u00fcber Lenk- und Ruhezeiten, hier \n     wurden insgesamt \u00fcber 10.000 Euro an Sicherheitsleistungen \n     einbehalten\n   - 5 Anzeigen wegen Verst\u00f6\u00dfen gegen fahrpersonalrechtliche \n     Bestimmungen (Lenk- und Ruhezeiten)\n   - Zwei Verst\u00f6\u00dfe gegen die StVO wegen mangelnder Ladungssicherung\n   - 7 Fahrern wurde die Weiterfahrt untersagt <\/pre>\n\n\n\n<p>Das Ergebnis der Kontrollen zeigt eindrucksvoll die Wichtigkeit solcher Aktionen zur Hebung der Verkehrssicherheit im \u00f6ffentlichen Verkehrsraum. Weitere Schwerpunktaktionen mit gleicher Zielrichtung sind bereits in der Planung.<\/p>\n\n\n\n<h4 class=\"wp-block-heading\">(Sinsheim \/ Rhein-Neckar-Kreis) &#8211; Brand einer Fahrzeughalle; Ursache unbekannt; Feurwehr im Einsatz<\/h4>\n\n\n\n<h4 class=\"wp-block-heading\" style=\"text-align:center\">Pressemitteilung Nr. 1<\/h4>\n\n\n\n<p>Derzeit ist die Feuerwehr Sinsheim damit besch\u00e4ftigt, das Feuer, das am Dienstag gegen 6.30 Uhr in einer Fahrzeughalle des Bauhofes in der D\u00fchrener Stra\u00dfe ausgebrochen ist, zu l\u00f6schen. Die Ursache des Brandes ist bislang unklar.<\/p>\n\n\n\n<h4 class=\"wp-block-heading\">(Sinsheim \/ Rhein-Neckar-Kreis) &#8211; Brand in Fahrzeughalle<\/h4>\n\n\n\n<h4 class=\"wp-block-heading\" style=\"text-align:center\">Pressemitteilung Nr. 2<\/h4>\n\n\n\n<p>Das Feuer, das am Dienstagmorgen gegen 6.30 Uhr in einer Fahrzeughalle des Bauhofes in der D\u00fchrener Stra\u00dfe ausgebrochen war, ist seit 7.15 Uhr gel\u00f6scht.<\/p>\n\n\n\n<p>Nach derzeitigen Erkenntnissen geriet eine Arbeitsmaschine aus unbekannter Ursache in Brand. Verletzt wurde nach momentanem Stand niemand. Der Sachschaden ist unbekannt.<\/p>\n\n\n\n<p>Die Ermittlungen zur Brandursache sind aufgenommen.<\/p>\n\n\n\n<h4 class=\"wp-block-heading\">(Sinsheim \/ Rhein-Neckar-Kreis) &#8211; Brand in Fahrzeughalle; Ursache: technischer Defekt einer Arbeitsmaschine<\/h4>\n\n\n\n<h4 class=\"wp-block-heading\" style=\"text-align:center\">Pressemitteilung Nr. 3<\/h4>\n\n\n\n<p>Die Ursache f\u00fcr den Brand in einer Fahrzeughalle des Bauhofes d\u00fcrfte, nach derzeitigen Erkenntnissen der Brandexperten des Polizeireviers Sinsheim ein technischer Defekt einer Arbeitsmaschine gewesen sein.<\/p>\n\n\n\n<p>Die Stadtfeuerwehr Sinsheim war schnell zur Stelle und konnte gegen 07.15 Uhr, rund 45 Minuten nach Brandausbruch, &#8222;Feuer aus!&#8220; melden.<\/p>\n\n\n\n<p>Eine dunkle Rauchs\u00e4ule war zu Sonnenaufgang weithin sichtbar.<\/p>\n\n\n\n<p>Aufgrund der gro\u00dfen Hitzeentwicklung entstand erheblicher Sachschaden in der Halle. Ersten Sch\u00e4tzungen zufolge d\u00fcrfte dieser bei rund 150.000-200.000.- Euro liegen.<\/p>\n\n\n\n<p>Inwiefern tragende Geb\u00e4udeteile in Mitleidenschaft gezogen wurden, soll jetzt von einem Statiker begutachtet werden.<\/p>\n\n\n\n<h4 class=\"wp-block-heading\">(Bammental \/ Rhein-Neckar-Kreis) &#8211; Autofahrerin ger\u00e4t in Gegenverkehr und wird leicht verletzt \/ Beide Autos Totalschaden<\/h4>\n\n\n\n<p>Beim Ausfahren an dem Kreisel Hauptstra\u00dfe\/Ringstra\u00dfe\/Heldenweg ist eine 86-j\u00e4hrige Autofahrerin mit ihrem Mercedes am Montag gegen 10.30 Uhr aus bislang ungekl\u00e4rter Ursache in den Gegenverkehr geraten und dort frontal mit einem entgegenkommenden 85-j\u00e4hrigen Fahrer eines Opel zusammengesto\u00dfen. Die 86-J\u00e4hrige wurde dabei leicht verletzt. Nach der medizinischen Erstversorgung durch einen Notarzt wurde sie mit einem Rettungswagen in eine Klinik nach Sinsheim gebracht. An beiden Autos entstand wirtschaftlicher Totalschaden, der Gesamtschaden wird auf \u00fcber 10.000 Euro beziffert.<\/p>\n\n\n\n<h4 class=\"wp-block-heading\">(Bammental \/ Rhein-Neckar-Kreis) &#8211; K\u00fcchenbrand in Schriesheim, eine Person verletzt, Rettungshubschrauber im Einsatz<\/h4>\n\n\n\n<p>In der Max-Planck-Stra\u00dfe in Schriesheim kam es aus noch ungekl\u00e4rter Ursache in einem Wohngeb\u00e4ude zu einem K\u00fcchenbrand mit Verpuffung. Hierbei wurde eine Person verletzt. Der Rettungshubschrauber ist im Einsatz.<\/p>\n","protected":false},"excerpt":{"rendered":"<div class=\"mh-excerpt\"><p>Polizeimeldungen vom Dienstag (20.04.2021) (Speyer) &#8211; Fahrradkontrollen im Stadtgebiet Am Montag zwischen 14:30 Uhr und 15:30 Uhr kontrollierte eine Polizeistreife den Fahrradverkehr in der Bahnhofstra\u00dfe zwischen Obere Langgasse und Hirschgraben. Die ca. 50 kontrollierten Fahrradfahrerinnen <a class=\"mh-excerpt-more\" href=\"https:\/\/speyer24news.com\/?p=35613\" title=\"Polizei\">[&#8230;]<\/a><\/p>\n<\/div>","protected":false},"author":3,"featured_media":0,"comment_status":"open","ping_status":"open","sticky":false,"template":"","format":"standard","meta":{"_monsterinsights_skip_tracking":false,"_monsterinsights_sitenote_active":false,"_monsterinsights_sitenote_note":"","_monsterinsights_sitenote_category":0,"footnotes":""},"categories":[12],"tags":[3614,61,2555,6955,6986,6263,63,105,11150,6987,53,4854,4683,1548,102,213,55,5261,103,106,2803,2423,427,2625,380,62,104,979,1565],"aioseo_notices":[],"amp_enabled":true,"_links":{"self":[{"href":"https:\/\/speyer24news.com\/index.php?rest_route=\/wp\/v2\/posts\/35613"}],"collection":[{"href":"https:\/\/speyer24news.com\/index.php?rest_route=\/wp\/v2\/posts"}],"about":[{"href":"https:\/\/speyer24news.com\/index.php?rest_route=\/wp\/v2\/types\/post"}],"author":[{"embeddable":true,"href":"https:\/\/speyer24news.com\/index.php?rest_route=\/wp\/v2\/users\/3"}],"replies":[{"embeddable":true,"href":"https:\/\/speyer24news.com\/index.php?rest_route=%2Fwp%2Fv2%2Fcomments&post=35613"}],"version-history":[{"count":20,"href":"https:\/\/speyer24news.com\/index.php?rest_route=\/wp\/v2\/posts\/35613\/revisions"}],"predecessor-version":[{"id":35633,"href":"https:\/\/speyer24news.com\/index.php?rest_route=\/wp\/v2\/posts\/35613\/revisions\/35633"}],"wp:attachment":[{"href":"https:\/\/speyer24news.com\/index.php?rest_route=%2Fwp%2Fv2%2Fmedia&parent=35613"}],"wp:term":[{"taxonomy":"category","embeddable":true,"href":"https:\/\/speyer24news.com\/index.php?rest_route=%2Fwp%2Fv2%2Fcategories&post=35613"},{"taxonomy":"post_tag","embeddable":true,"href":"https:\/\/speyer24news.com\/index.php?rest_route=%2Fwp%2Fv2%2Ftags&post=35613"}],"curies":[{"name":"wp","href":"https:\/\/api.w.org\/{rel}","templated":true}]}}