{"id":35634,"date":"2021-04-21T06:54:44","date_gmt":"2021-04-21T05:54:44","guid":{"rendered":"https:\/\/speyer24news.com\/?p=35634"},"modified":"2021-04-21T06:54:46","modified_gmt":"2021-04-21T05:54:46","slug":"corona-speyer-49","status":"publish","type":"post","link":"https:\/\/speyer24news.com\/?p=35634","title":{"rendered":"Corona Speyer"},"content":{"rendered":"<style type=\"text\/css\">\r\n\t.ads_top_disp{}\r\n\t.ads_top_corner_disp{ float:left; margin:0px 10px 10px 0px; }\r\n\t.ads_first_p_disp{}\r\n\t.ads_bottom_disp{}\r\n\t<\/style>\n<h2 class=\"wp-block-heading\">Coronafallzahlen vom Dienstag (20.04.2021)<\/h2>\n\n\n\n<figure class=\"wp-block-image\"><img decoding=\"async\" loading=\"lazy\" width=\"800\" height=\"400\" src=\"https:\/\/speyer24news.com\/wp-content\/uploads\/2020\/02\/virus-1812092_1920.jpg\" alt=\"\" class=\"wp-image-25128\" srcset=\"https:\/\/speyer24news.com\/wp-content\/uploads\/2020\/02\/virus-1812092_1920.jpg 800w, https:\/\/speyer24news.com\/wp-content\/uploads\/2020\/02\/virus-1812092_1920-300x150.jpg 300w, https:\/\/speyer24news.com\/wp-content\/uploads\/2020\/02\/virus-1812092_1920-768x384.jpg 768w\" sizes=\"(max-width: 800px) 100vw, 800px\" \/><\/figure>\n\n\n\n<p>Anzahl best\u00e4tigter F\u00e4lle von Coronavirus (SARS-CoV-2)-Infektionen in der Stadt Speyer:&nbsp;2469 ( + 5 )<br>Davon bereits genesen:&nbsp;2101<br>Todesf\u00e4lle: 81 <strong>(  + 1 )<\/strong><br>Gemeldete F\u00e4lle der letzten sieben Tage pro 100.000 Einwohner*innen (Inzidenz): 178,0 ( &#8211; 4 )<br><strong>Warnstufe: Rot<\/strong><\/p>\n\n\n\n<p><em>Stand: 20.04.2021, 14:10 Uhr<\/em><\/p>\n\n\n\n<h4 class=\"wp-block-heading\">Entwicklung der Inzidenz-Werte in den letzten sieben Tagen:<\/h4>\n\n\n\n<ul><li><strong>Montag, 19. April 2021: 182,0<\/strong> ( &#8211; 7,8 )<\/li><li><strong>Sonntag, 18. April 2021: 189,8<\/strong> ( + 27,6 )<\/li><li><strong>Samstag, 17. April 2021: 162,2<\/strong> ( &#8211; 5,9 )<\/li><li><strong>Freitag, 16. April 2021: 168,1<\/strong> ( + 2 )<\/li><li><strong>Donnerstag, 15. April 2021: 166,1<\/strong> ( &#8211; 7,9 )<\/li><li><strong>Mittwoch, 14. April 2021: 174,0<\/strong> ( + 19,8 )<\/li><li><strong>Dienstag, 13. April 2021: 154,2 <\/strong><\/li><\/ul>\n\n\n\n<div class=\"wp-block-image\"><figure class=\"aligncenter\"><img decoding=\"async\" loading=\"lazy\" width=\"500\" height=\"671\" src=\"https:\/\/speyer24news.com\/wp-content\/uploads\/2021\/04\/Karte_Stufen_2021-04-20.jpg\" alt=\"\" class=\"wp-image-35635\" srcset=\"https:\/\/speyer24news.com\/wp-content\/uploads\/2021\/04\/Karte_Stufen_2021-04-20.jpg 500w, https:\/\/speyer24news.com\/wp-content\/uploads\/2021\/04\/Karte_Stufen_2021-04-20-224x300.jpg 224w\" sizes=\"(max-width: 500px) 100vw, 500px\" \/><figcaption> <em>Sehen sie hier die Karte in h\u00f6herer Aufl\u00f6sung:<\/em> <a href=\"https:\/\/corona.rlp.de\/fileadmin\/rlp-stk\/Bilder\/Themen\/Gesundheit_Pflege\/Corona\/Corona-Warn-und-Aktionsplan_RLP\/Karte_Stufen_2021-04-20.jpg\">Karte_Stufen_2021-04-20.jpg (2480\u00d73507) (rlp.de)<\/a><\/figcaption><\/figure><\/div>\n\n\n\n<p><em>Landesuntersuchungsamt Rheinland-Pfalz<br>21.04.2021<\/em><\/p>\n\n\n\n<h2 class=\"wp-block-heading\"><strong>Infektions-Cluster in Einrichtungen: Stadt plant Anpassung der Allgemeinverf\u00fcgung<\/strong><\/h2>\n\n\n\n<div class=\"wp-block-image\"><figure class=\"aligncenter\"><img decoding=\"async\" loading=\"lazy\" width=\"800\" height=\"533\" src=\"https:\/\/speyer24news.com\/wp-content\/uploads\/2020\/02\/coronavirus-4810201_1920.jpg\" alt=\"\" class=\"wp-image-25125\" srcset=\"https:\/\/speyer24news.com\/wp-content\/uploads\/2020\/02\/coronavirus-4810201_1920.jpg 800w, https:\/\/speyer24news.com\/wp-content\/uploads\/2020\/02\/coronavirus-4810201_1920-300x200.jpg 300w, https:\/\/speyer24news.com\/wp-content\/uploads\/2020\/02\/coronavirus-4810201_1920-768x512.jpg 768w\" sizes=\"(max-width: 800px) 100vw, 800px\" \/><\/figure><\/div>\n\n\n\n<p>Die Stadtverwaltung Speyer informiert, dass zum n\u00e4chsten Zeitpunkt die Allgemeinverf\u00fcgung der Stadt um einen Passus bzgl. der Bildung von Infektions-Clustern und deren Einbeziehung in die Inzidenzberechnung erweitert werden soll. Dabei soll sich auf \u00a723 der aktuellen CoBeLVO des Landes Rheinland-Pfalz berufen und zum Einvernehmen an das Ministerium f\u00fcr Soziales, Arbeit und Gesundheit (MSAGD) geschickt werden. Demzufolge kann in besonderen atypischen Ausnahmef\u00e4llen, insbesondere wenn das Infektionsgeschehen vollst\u00e4ndig eingrenzbar ist, im Einvernehmen mit dem zust\u00e4ndigen Ministerium auch eine abweichende Allgemeinverf\u00fcgung erlassen werden.<\/p>\n\n\n\n<p>\u201eEine Clusterbildung wie sie aktuell in der Aufnahmeeinrichtung f\u00fcr Asylbegehrende nachgewiesen ist, ist nach dem Daf\u00fcrhalten der Stadtverwaltung eindeutig einem solchen atypischen Ausnahmefall zuzuordnen.<\/p>\n\n\n\n<p>Wie wir in inzwischen klarstellen konnten, flie\u00dft die Zahl der Bewohner*innen der Afa zwar in die Einwohnerstatistik der Stadt Speyer ein, dennoch hat bei einem Ausbruch an Infektionen mit dem Coronavirus in der Einrichtung die Einbeziehung eines solchen Clusters in die Fallzahlenstatistik einen unmittelbaren Einfluss auf die Inzidenzberechnung. Eine Vorgehensweise, die diesen Umstand nicht ber\u00fccksichtigt, sollte daher unbedingt kritisch hinterfragt und dementsprechend angepasst werden\u201c, betont Oberb\u00fcrgermeisterin Stefanie Seiler.<\/p>\n\n\n\n<p><em>Stadtverwaltung Speyer<br>21.04.2021<\/em><\/p>\n","protected":false},"excerpt":{"rendered":"<div class=\"mh-excerpt\"><p>Coronafallzahlen vom Dienstag (20.04.2021) Anzahl best\u00e4tigter F\u00e4lle von Coronavirus (SARS-CoV-2)-Infektionen in der Stadt Speyer:&nbsp;2469 ( + 5 )Davon bereits genesen:&nbsp;2101Todesf\u00e4lle: 81 ( + 1 )Gemeldete F\u00e4lle der letzten sieben Tage pro 100.000 Einwohner*innen (Inzidenz): 178,0 <a class=\"mh-excerpt-more\" href=\"https:\/\/speyer24news.com\/?p=35634\" title=\"Corona Speyer\">[&#8230;]<\/a><\/p>\n<\/div>","protected":false},"author":3,"featured_media":25126,"comment_status":"open","ping_status":"open","sticky":false,"template":"","format":"standard","meta":{"_monsterinsights_skip_tracking":false,"_monsterinsights_sitenote_active":false,"_monsterinsights_sitenote_note":"","_monsterinsights_sitenote_category":0,"footnotes":""},"categories":[9],"tags":[11319,6401,8404,6367,6940,8725,6359,6370,5904,6358,8749,7003,5801,6342,11320,11322,11321,6],"aioseo_notices":[],"amp_enabled":true,"_links":{"self":[{"href":"https:\/\/speyer24news.com\/index.php?rest_route=\/wp\/v2\/posts\/35634"}],"collection":[{"href":"https:\/\/speyer24news.com\/index.php?rest_route=\/wp\/v2\/posts"}],"about":[{"href":"https:\/\/speyer24news.com\/index.php?rest_route=\/wp\/v2\/types\/post"}],"author":[{"embeddable":true,"href":"https:\/\/speyer24news.com\/index.php?rest_route=\/wp\/v2\/users\/3"}],"replies":[{"embeddable":true,"href":"https:\/\/speyer24news.com\/index.php?rest_route=%2Fwp%2Fv2%2Fcomments&post=35634"}],"version-history":[{"count":3,"href":"https:\/\/speyer24news.com\/index.php?rest_route=\/wp\/v2\/posts\/35634\/revisions"}],"predecessor-version":[{"id":35638,"href":"https:\/\/speyer24news.com\/index.php?rest_route=\/wp\/v2\/posts\/35634\/revisions\/35638"}],"wp:featuredmedia":[{"embeddable":true,"href":"https:\/\/speyer24news.com\/index.php?rest_route=\/wp\/v2\/media\/25126"}],"wp:attachment":[{"href":"https:\/\/speyer24news.com\/index.php?rest_route=%2Fwp%2Fv2%2Fmedia&parent=35634"}],"wp:term":[{"taxonomy":"category","embeddable":true,"href":"https:\/\/speyer24news.com\/index.php?rest_route=%2Fwp%2Fv2%2Fcategories&post=35634"},{"taxonomy":"post_tag","embeddable":true,"href":"https:\/\/speyer24news.com\/index.php?rest_route=%2Fwp%2Fv2%2Ftags&post=35634"}],"curies":[{"name":"wp","href":"https:\/\/api.w.org\/{rel}","templated":true}]}}