{"id":35756,"date":"2021-04-26T10:16:24","date_gmt":"2021-04-26T09:16:24","guid":{"rendered":"https:\/\/speyer24news.com\/?p=35756"},"modified":"2021-04-26T10:16:25","modified_gmt":"2021-04-26T09:16:25","slug":"speyer-worms-und-mainz","status":"publish","type":"post","link":"https:\/\/speyer24news.com\/?p=35756","title":{"rendered":"Speyer, Worms und Mainz"},"content":{"rendered":"<style type=\"text\/css\">\r\n\t.ads_top_disp{}\r\n\t.ads_top_corner_disp{ float:left; margin:0px 10px 10px 0px; }\r\n\t.ads_first_p_disp{}\r\n\t.ads_bottom_disp{}\r\n\t<\/style>\n<h2 class=\"wp-block-heading\"><strong>SchUM am Rhein \u2013 Inspiration f\u00fcr Kunstschaffende und Kreative<\/strong><\/h2>\n\n\n\n<h3 class=\"wp-block-heading\">SchUM-St\u00e4dte Mainz, Speyer und Worms starten ein gemeinsames Artist-in-Residence-Programm\/ F\u00f6rderung durch Land und Bund<\/h3>\n\n\n\n<figure class=\"wp-block-image\"><img decoding=\"async\" loading=\"lazy\" width=\"600\" height=\"270\" src=\"https:\/\/speyer24news.com\/wp-content\/uploads\/2021\/04\/SchUm-Definition-1.png\" alt=\"\" class=\"wp-image-35759\" srcset=\"https:\/\/speyer24news.com\/wp-content\/uploads\/2021\/04\/SchUm-Definition-1.png 600w, https:\/\/speyer24news.com\/wp-content\/uploads\/2021\/04\/SchUm-Definition-1-300x135.png 300w\" sizes=\"(max-width: 600px) 100vw, 600px\" \/><\/figure>\n\n\n\n<p>Die j\u00fcdischen Gemeinden in Speyer, Worms und Mainz waren gemeinsam die Wiege des aschkenasischen Judentums und bildeten im Mittelalter ein einzigartiges Gemeindeb\u00fcndnis in Europa. In Speyer, Worms und Mainz diskutierten und lehrten wichtige j\u00fcdische Gelehrte aus West- und Mitteleuropa, hier entstanden vorbildgebende Synagogen, Frauen-Betr\u00e4ume und Ritualb\u00e4der, hier wurde der Grundstein f\u00fcr die aschkenasische Begr\u00e4bniskultur gelegt. Hier sangen gefeierte Kantorinnen in den Frauen-Betr\u00e4umen und hier entstanden religi\u00f6se Rechtssatzungen, die bis heute diskutiert werden. In Worms nutzte die Gemeinde seit dem 14. Jahrhundert den reich illustrierten Wormser Machzor. In SchUM entstanden auch liturgische Ges\u00e4nge, die auch in unserer Zeit &#8211; in aschkenasischen Gemeinden an den hohen Feiertagen gesungen werden.<\/p>\n\n\n\n<h4 class=\"wp-block-heading\"><strong>Kreativit\u00e4t und Urbanit\u00e4t, Innovationskraft und Vorbild<\/strong><\/h4>\n\n\n\n<p>SchUM ist in der j\u00fcdischen Erinnerung pr\u00e4sent und verweist auf die jahrhundertelange Tradition wie auch die Resilienz j\u00fcdischer Gemeinden inmitten der christlichen Umwelt. Wohl Ende Juli 2021 wird die UNESCO dar\u00fcber entscheiden, ob die Monumente und mittelalterlichen Friedh\u00f6fe in SchUM Weltkulturerbe werden.&nbsp;Gleichzeitig arbeiten die drei St\u00e4dte an einem Programm, das genau diese Innovationskraft aufgreifen m\u00f6chte.<\/p>\n\n\n\n<p><strong>SchUM &#8211; Artist in Residence<\/strong>&nbsp;ist ein erstmalig 2021 ausgeschriebenes Projektstipendium, das internationale Kunstschaffende und Kreative aus den verschiedensten Disziplinen anregen soll, mehrere Wochen in den drei SchUM-St\u00e4dten zu verbringen, zu leben und k\u00fcnstlerisch zu arbeiten. Angeboten werden die Stipendien zur Realisierung eines k\u00fcnstlerischen Vorhabens, das sich mit der Geschichte der SchUM-Gemeinden und ihrem religi\u00f6sen, kulturellen und architektonischen Erbe kreativ auseinandersetzt und dadurch etwas Neues, Eigenes schafft. J\u00fcdische Themen in ihrer Vielfalt k\u00f6nnen einflie\u00dfen, erw\u00fcnscht sind transkulturelle Begegnungen zwischen Kunstschaffenden aus allen Kulturen der Welt und den Menschen vor Ort.&nbsp;&nbsp;<\/p>\n\n\n\n<p>Von Malerei \u00fcber Fotografie, von Architektur bis zu Design, von Typografie bis zu Goldschmiedekunst, von Musik bis zu Literatur kann in SchUM 2021 alles entstehen. Die Stipendiaten erhalten in der Zeit ihres Aufenthalts einen w\u00f6chentlichen Unterhaltszuschuss, eine m\u00f6blierte Unterkunft sowie ein Arbeitsatelier. Bewerbungen sind ab jetzt m\u00f6glich.<\/p>\n\n\n\n<h4 class=\"wp-block-heading\"><strong>Residenz im Rahmen der SchUM-Kulturtage und \u201e1700 Jahre j\u00fcdisches Leben in Deutschland\u201c<\/strong><\/h4>\n\n\n\n<p>Ein wesentliches Ziel des Residenzprogramms ist es, die \u00d6ffentlichkeit, Kinder und Jugendliche sowie lokale Kunstschaffende und Initiativen einzubeziehen und zu Diskursen anzuregen. Zahlreiche Veranstaltungen werden den Aufenthalt der Kunstschaffenden umrahmen, auch die SchUM-Kulturtage finden in diesem Zeitraum statt.<\/p>\n\n\n\n<p>Die K\u00fcnstlerresidenz ist eingebunden in das bundesweite Festjahr #2021JLID, das der Verein \u201e321-2021: 1700 Jahre j\u00fcdisches Leben in Deutschland e.V.\u201c mit seiner Gesch\u00e4ftsstelle in K\u00f6ln organisiert und koordiniert. \u201eWir freuen uns sehr \u00fcber den Beitrag der SchUM-St\u00e4dte\u201c, w\u00fcrdigt Andrei Kovacs, der leitende Gesch\u00e4ftsf\u00fchrer aus K\u00f6ln, die Idee als \u201eBereicherung des Festjahres\u201c. Dieses lebe von der starken regionalen Verankerung in ganz Deutschland, unterstreicht die Generalsekret\u00e4rin des Vereins 321, Sylvia L\u00f6hrmann. \u201eDas Judentum ist konstitutiv f\u00fcr Deutschland. Das wird mit diesem Projekt veranschaulicht und tr\u00e4gt dazu bei, m\u00f6glichst viele Menschen konkret anzusprechen.\u201c<\/p>\n\n\n\n<p>Auch das Land Rheinland-Pfalz hat eine Unterst\u00fctzung des Projekts zugesichert:<\/p>\n\n\n\n<p><strong>Kulturminister Konrad Wolf:<\/strong> \u201eWir verf\u00fcgen in Rheinland-Pfalz \u00fcber ein mehrere Jahrhunderte altes, beeindruckendes j\u00fcdisches Erbe. J\u00fcdinnen und Juden in Speyer, Worms und Mainz haben kulturelle Leistungen erbracht, die noch heute das Judentum pr\u00e4gen. Dieses Erbe ist sehr lebendig und inspiriert uns heute weiterhin. Das SchUM-Artist-in-Residence-Projekt ist eine sehr gelungene M\u00f6glichkeit, das au\u00dfergew\u00f6hnliche kulturelle Erbe der SchUM-St\u00e4dte innovativ und kreativ zu interpretieren und neue Wege in der Vermittlung und Pr\u00e4sentation des kulturellen Erbes zu gehen. Gern unterst\u00fctzen wir diese Initiative mit einer Landesf\u00f6rderung.\u201c<\/p>\n\n\n\n<p>Die k\u00fcnstlerische Leitung des Programms \u00fcbernimmt der Mainzer Autor und Kurator Minas, \u00fcber die Vergabe der Stipendien entscheidet ein international besetztes Fachgremium aus verschiedenen k\u00fcnstlerischen Disziplinen. Das Stipendium soll noch in 2021 angetreten werden, es werden bis zu drei Stipendien vergeben. Die Ausschreibung ist international.<\/p>\n\n\n\n<p>Weitere Informationen zum Bewerbungsverfahren sowie die gesamte Ausschreibung auf den Internetseiten der St\u00e4dte Mainz, Worms und Speyer.<\/p>\n\n\n\n<figure class=\"wp-block-image\"><img decoding=\"async\" loading=\"lazy\" width=\"800\" height=\"316\" src=\"https:\/\/speyer24news.com\/wp-content\/uploads\/2021\/04\/SchUM-Gemeinsam.png\" alt=\"\" class=\"wp-image-35760\" srcset=\"https:\/\/speyer24news.com\/wp-content\/uploads\/2021\/04\/SchUM-Gemeinsam.png 800w, https:\/\/speyer24news.com\/wp-content\/uploads\/2021\/04\/SchUM-Gemeinsam-300x119.png 300w, https:\/\/speyer24news.com\/wp-content\/uploads\/2021\/04\/SchUM-Gemeinsam-768x303.png 768w\" sizes=\"(max-width: 800px) 100vw, 800px\" \/><\/figure>\n\n\n\n<p><strong>Oberb\u00fcrgermeister Michael Ebling, Landeshauptstadt Mainz:<\/strong> \u201eDie enge Verkn\u00fcpfung unserer Kulturregion in den drei rheinischen St\u00e4dten, die auch auf der engen Verbindung unserer j\u00fcdischen Gemeinden seit mehr als 1000 Jahren fu\u00dft, wird mit dem \u201eArtist in Residence-Stipendium\u201c zeitgem\u00e4\u00df und damit auch f\u00fcr die junge Generation interessant und greifbar. Ich freue mich auf spannende Begegnungen in SchUM.\u201c<\/p>\n\n\n\n<p><strong>Oberb\u00fcrgermeisterin Stefanie Seiler, Speyer:<\/strong> &#8222;Ich sehe gro\u00dfes Potenzial, mit dem erstmals ausgeschriebenen Artist-in-Residence-Programm an die ausgepr\u00e4gte sch\u00f6pferische Leistungskraft der drei mittelalterlichen SchUM-Gemeinden Speyer, Worms und Mainz anzukn\u00fcpfen. Die internationale Auseinandersetzung mit diesem Erbe kann neue Akzente setzen, wird wichtige Begegnungen schaffen und damit auch neue Perspektiven f\u00fcr die drei SchUM-St\u00e4dte er\u00f6ffnen.&#8220;<\/p>\n\n\n\n<p><strong>Oberb\u00fcrgermeister Adolf Kessel, Worms:<\/strong> \u201cSchUM ist j\u00fcdisches Erbe f\u00fcr die Welt. Ein internationales Residenzprogramm spiegelt das in besonderer Weise wider, schafft transkulturellen Dialog und bereichert unsere St\u00e4dte sowie unsere Kulturarbeit. Die F\u00f6rderungen durch den Verein 321, den Bund und durch das Land Rheinland-Pfalz zeigen, welchen gro\u00dfen Stellenwert das Thema in Deutschland und dar\u00fcber hinaus hat.\u201c\u00a0<\/p>\n\n\n\n<h4 class=\"wp-block-heading\"><strong>Kontakt und Information<\/strong><\/h4>\n\n\n\n<p>Dr. David Maier, Kulturkoordinator Stadt Worms:\u00a0<a rel=\"noreferrer noopener\" href=\"mailto:david.maier@worms.de\" target=\"_blank\">david.maier@worms.de<\/a><\/p>\n\n\n\n<p><em>Gemeinsame Medieninformation der St\u00e4dte Speyer, Worms und Mainz<br>26.04.2021<\/em><\/p>\n","protected":false},"excerpt":{"rendered":"<div class=\"mh-excerpt\"><p>SchUM am Rhein \u2013 Inspiration f\u00fcr Kunstschaffende und Kreative SchUM-St\u00e4dte Mainz, Speyer und Worms starten ein gemeinsames Artist-in-Residence-Programm\/ F\u00f6rderung durch Land und Bund Die j\u00fcdischen Gemeinden in Speyer, Worms und Mainz waren gemeinsam die Wiege <a class=\"mh-excerpt-more\" href=\"https:\/\/speyer24news.com\/?p=35756\" title=\"Speyer, Worms und Mainz\">[&#8230;]<\/a><\/p>\n<\/div>","protected":false},"author":3,"featured_media":25276,"comment_status":"open","ping_status":"open","sticky":false,"template":"","format":"standard","meta":{"_monsterinsights_skip_tracking":false,"_monsterinsights_sitenote_active":false,"_monsterinsights_sitenote_note":"","_monsterinsights_sitenote_category":0,"footnotes":""},"categories":[14,9],"tags":[11340,11339,178,3361,6,2304],"aioseo_notices":[],"amp_enabled":true,"_links":{"self":[{"href":"https:\/\/speyer24news.com\/index.php?rest_route=\/wp\/v2\/posts\/35756"}],"collection":[{"href":"https:\/\/speyer24news.com\/index.php?rest_route=\/wp\/v2\/posts"}],"about":[{"href":"https:\/\/speyer24news.com\/index.php?rest_route=\/wp\/v2\/types\/post"}],"author":[{"embeddable":true,"href":"https:\/\/speyer24news.com\/index.php?rest_route=\/wp\/v2\/users\/3"}],"replies":[{"embeddable":true,"href":"https:\/\/speyer24news.com\/index.php?rest_route=%2Fwp%2Fv2%2Fcomments&post=35756"}],"version-history":[{"count":1,"href":"https:\/\/speyer24news.com\/index.php?rest_route=\/wp\/v2\/posts\/35756\/revisions"}],"predecessor-version":[{"id":35761,"href":"https:\/\/speyer24news.com\/index.php?rest_route=\/wp\/v2\/posts\/35756\/revisions\/35761"}],"wp:featuredmedia":[{"embeddable":true,"href":"https:\/\/speyer24news.com\/index.php?rest_route=\/wp\/v2\/media\/25276"}],"wp:attachment":[{"href":"https:\/\/speyer24news.com\/index.php?rest_route=%2Fwp%2Fv2%2Fmedia&parent=35756"}],"wp:term":[{"taxonomy":"category","embeddable":true,"href":"https:\/\/speyer24news.com\/index.php?rest_route=%2Fwp%2Fv2%2Fcategories&post=35756"},{"taxonomy":"post_tag","embeddable":true,"href":"https:\/\/speyer24news.com\/index.php?rest_route=%2Fwp%2Fv2%2Ftags&post=35756"}],"curies":[{"name":"wp","href":"https:\/\/api.w.org\/{rel}","templated":true}]}}