{"id":35762,"date":"2021-04-26T10:22:22","date_gmt":"2021-04-26T09:22:22","guid":{"rendered":"https:\/\/speyer24news.com\/?p=35762"},"modified":"2021-04-26T10:24:48","modified_gmt":"2021-04-26T09:24:48","slug":"speyer-sport-2","status":"publish","type":"post","link":"https:\/\/speyer24news.com\/?p=35762","title":{"rendered":"Speyer \/ Sport"},"content":{"rendered":"<style type=\"text\/css\">\r\n\t.ads_top_disp{}\r\n\t.ads_top_corner_disp{ float:left; margin:0px 10px 10px 0px; }\r\n\t.ads_first_p_disp{}\r\n\t.ads_bottom_disp{}\r\n\t<\/style>\n<h2 class=\"wp-block-heading\"><strong>Verleihung der Ehrennadel des Landes Rheinland-Pfalz: Herbert Kotter aus Speyer wird f\u00fcr Verdienste im Bereich des Sports geehrt<\/strong><\/h2>\n\n\n\n<figure class=\"wp-block-image\"><img decoding=\"async\" loading=\"lazy\" width=\"800\" height=\"598\" src=\"https:\/\/speyer24news.com\/wp-content\/uploads\/2021\/04\/Verleihung1.jpeg\" alt=\"\" class=\"wp-image-35763\" srcset=\"https:\/\/speyer24news.com\/wp-content\/uploads\/2021\/04\/Verleihung1.jpeg 800w, https:\/\/speyer24news.com\/wp-content\/uploads\/2021\/04\/Verleihung1-300x224.jpeg 300w, https:\/\/speyer24news.com\/wp-content\/uploads\/2021\/04\/Verleihung1-768x574.jpeg 768w, https:\/\/speyer24news.com\/wp-content\/uploads\/2021\/04\/Verleihung1-326x245.jpeg 326w, https:\/\/speyer24news.com\/wp-content\/uploads\/2021\/04\/Verleihung1-80x60.jpeg 80w\" sizes=\"(max-width: 800px) 100vw, 800px\" \/><\/figure>\n\n\n\n<p>Als verdiente Pers\u00f6nlichkeit aus dem Sport wurde Herbert Kotter mit der Ehrennadel des Landes Rheinland-Pfalz ausgezeichnet.<br>Die Verleihung fand am Dienstag, 20. April 2021, im Namen der Ministerpr\u00e4sidentin Malu Dreyer durch Oberb\u00fcrgermeisterin Stefanie Seiler und B\u00fcrgermeisterin Monika Kabs statt. Pandemiebedingt konnte die Ehrung nicht mit einer geb\u00fchrenden Feier verbunden werden, sondern wurde in kleinem Rahmen mit Herbert Kotter und seiner Ehefrau Ilona Kotter im B\u00fcro der Oberb\u00fcrgermeisterin begangen.<\/p>\n\n\n\n<p>\u201eSeit vielen Jahren engagieren Sie sich mit Herzblut f\u00fcr den Sport und die Gemeinschaft in unserer Stadt. F\u00fcr die Stadt Speyer und f\u00fcr das Land Rheinland-Pfalz haben Sie sich durch Ihren beachtlichen Einsatz im Bereich des Sports verdient gemacht, weshalb es mir eine besondere Freude ist, Sie am heutigen Tag f\u00fcr Ihre Leistung zu ehren\u201c, wandte sich Oberb\u00fcrgermeisterin Stefanie Seiler an den Speyerer.<\/p>\n\n\n\n<p>Herbert Kotter, der zu den besten Langl\u00e4ufern Deutschlands geh\u00f6rte und zwischenzeitlich beim TuS Neureut trainierte, setzte sich als Speyerer B\u00fcrger seit 1953 beim TSV Speyer als Aktiver, Trainer und stellvertretender Vorsitzender ein. &nbsp;&nbsp;&nbsp;&nbsp;&nbsp;&nbsp;&nbsp;&nbsp;&nbsp;&nbsp;&nbsp;<\/p>\n\n\n\n<div class=\"wp-block-image\"><figure class=\"alignleft is-resized\"><img decoding=\"async\" loading=\"lazy\" src=\"https:\/\/speyer24news.com\/wp-content\/uploads\/2021\/04\/Verleihung2.jpeg\" alt=\"\" class=\"wp-image-35764\" width=\"362\" height=\"550\" srcset=\"https:\/\/speyer24news.com\/wp-content\/uploads\/2021\/04\/Verleihung2.jpeg 500w, https:\/\/speyer24news.com\/wp-content\/uploads\/2021\/04\/Verleihung2-198x300.jpeg 198w\" sizes=\"(max-width: 362px) 100vw, 362px\" \/><\/figure><\/div>\n\n\n\n<p>Die Speyerer Pers\u00f6nlichkeit war nicht nur ein ausgezeichneter Mittel- und Langstrecken- sowie Hindernisl\u00e4ufer und wurde beim TSV Pfalz- und s\u00fcddeutscher Meister, sondern engagierte sich auch seit 1981 f\u00fcr den Verein. Zun\u00e4chst als Trainer, sp\u00e4ter \u00fcbernahm er Aufgaben wie die Seniorenbetreuung des TSV und bis heute die Pressearbeit und wurde 2006 schlie\u00dflich stellvertretender Vorsitzender. &nbsp;&nbsp;&nbsp;&nbsp;<br>Bei der Abnahme des Sportabzeichens ist Herbert Kotter, der selbst 52 Mal das Sportabzeichen ablegte, noch immer unterst\u00fctzend t\u00e4tig und \u00fcbernimmt auch die dortige Pressearbeit.<\/p>\n\n\n\n<p>Dar\u00fcber hinaus war der Speyerer gemeinsam mit seiner Ehefrau 30 Jahre lang Initiator und Organisator des Brezelfestlaufes. Seit 1989 fand am Sonntagmorgen des Brezelfestes der Stra\u00dfenlauf statt. Begonnen wurde mit 100 L\u00e4ufer*innen, teilweise waren aber bis zu 1000 L\u00e4ufer*innen aller Altersklassen am Start, die von Helfer*innen des TSV Speyer an der Strecke unterst\u00fctzt wurden.<\/p>\n\n\n\n<p>\u201eDas Brezelfest lebt von Traditionen, Aktionen und seinen Akteuren und da ist der Brezelfestlauf als fester Bestandteil des Speyerer Traditionsfestes nicht mehr aus dem vielf\u00e4ltigen Programm wegzudenken.&nbsp;Auch wenn Herbert und Ilona Kotter die Organisation inzwischen in j\u00fcngere H\u00e4nde gegeben haben, so wird der Lauf doch immer die Handschrift der Initiatoren tragen, die sich der Fortschreibung des beliebten Sportereignisses mit Hingabe gewidmet haben\u201c, w\u00fcrdigte B\u00fcrgermeisterin Monika Kabs den Speyerer Herbert Kotter und bedankte sich auch bei seiner Ehefrau Ilona Kotter f\u00fcr die tatkr\u00e4ftige Unterst\u00fctzung.<\/p>\n\n\n\n<p><em>Stadt Speyer<br>26.04.2021<\/em><\/p>\n","protected":false},"excerpt":{"rendered":"<div class=\"mh-excerpt\"><p>Verleihung der Ehrennadel des Landes Rheinland-Pfalz: Herbert Kotter aus Speyer wird f\u00fcr Verdienste im Bereich des Sports geehrt Als verdiente Pers\u00f6nlichkeit aus dem Sport wurde Herbert Kotter mit der Ehrennadel des Landes Rheinland-Pfalz ausgezeichnet.Die Verleihung <a class=\"mh-excerpt-more\" href=\"https:\/\/speyer24news.com\/?p=35762\" title=\"Speyer \/ Sport\">[&#8230;]<\/a><\/p>\n<\/div>","protected":false},"author":3,"featured_media":23902,"comment_status":"open","ping_status":"open","sticky":false,"template":"","format":"standard","meta":{"_monsterinsights_skip_tracking":false,"_monsterinsights_sitenote_active":false,"_monsterinsights_sitenote_note":"","_monsterinsights_sitenote_category":0,"footnotes":""},"categories":[339],"tags":[11341,11343,11342,6,193,659,247],"aioseo_notices":[],"amp_enabled":true,"_links":{"self":[{"href":"https:\/\/speyer24news.com\/index.php?rest_route=\/wp\/v2\/posts\/35762"}],"collection":[{"href":"https:\/\/speyer24news.com\/index.php?rest_route=\/wp\/v2\/posts"}],"about":[{"href":"https:\/\/speyer24news.com\/index.php?rest_route=\/wp\/v2\/types\/post"}],"author":[{"embeddable":true,"href":"https:\/\/speyer24news.com\/index.php?rest_route=\/wp\/v2\/users\/3"}],"replies":[{"embeddable":true,"href":"https:\/\/speyer24news.com\/index.php?rest_route=%2Fwp%2Fv2%2Fcomments&post=35762"}],"version-history":[{"count":2,"href":"https:\/\/speyer24news.com\/index.php?rest_route=\/wp\/v2\/posts\/35762\/revisions"}],"predecessor-version":[{"id":35766,"href":"https:\/\/speyer24news.com\/index.php?rest_route=\/wp\/v2\/posts\/35762\/revisions\/35766"}],"wp:featuredmedia":[{"embeddable":true,"href":"https:\/\/speyer24news.com\/index.php?rest_route=\/wp\/v2\/media\/23902"}],"wp:attachment":[{"href":"https:\/\/speyer24news.com\/index.php?rest_route=%2Fwp%2Fv2%2Fmedia&parent=35762"}],"wp:term":[{"taxonomy":"category","embeddable":true,"href":"https:\/\/speyer24news.com\/index.php?rest_route=%2Fwp%2Fv2%2Fcategories&post=35762"},{"taxonomy":"post_tag","embeddable":true,"href":"https:\/\/speyer24news.com\/index.php?rest_route=%2Fwp%2Fv2%2Ftags&post=35762"}],"curies":[{"name":"wp","href":"https:\/\/api.w.org\/{rel}","templated":true}]}}