{"id":35767,"date":"2021-04-26T14:52:33","date_gmt":"2021-04-26T13:52:33","guid":{"rendered":"https:\/\/speyer24news.com\/?p=35767"},"modified":"2021-04-26T14:53:24","modified_gmt":"2021-04-26T13:53:24","slug":"corona-speyer-52","status":"publish","type":"post","link":"https:\/\/speyer24news.com\/?p=35767","title":{"rendered":"Corona Speyer"},"content":{"rendered":"<style type=\"text\/css\">\r\n\t.ads_top_disp{}\r\n\t.ads_top_corner_disp{ float:left; margin:0px 10px 10px 0px; }\r\n\t.ads_first_p_disp{}\r\n\t.ads_bottom_disp{}\r\n\t<\/style>\n<h2 class=\"wp-block-heading\">Coronafallzahlen vom Montag (26.04.2021)<\/h2>\n\n\n\n<figure class=\"wp-block-image\"><img decoding=\"async\" loading=\"lazy\" width=\"800\" height=\"400\" src=\"https:\/\/speyer24news.com\/wp-content\/uploads\/2020\/02\/virus-1812092_1920.jpg\" alt=\"\" class=\"wp-image-25128\" srcset=\"https:\/\/speyer24news.com\/wp-content\/uploads\/2020\/02\/virus-1812092_1920.jpg 800w, https:\/\/speyer24news.com\/wp-content\/uploads\/2020\/02\/virus-1812092_1920-300x150.jpg 300w, https:\/\/speyer24news.com\/wp-content\/uploads\/2020\/02\/virus-1812092_1920-768x384.jpg 768w\" sizes=\"(max-width: 800px) 100vw, 800px\" \/><\/figure>\n\n\n\n<p>Anzahl best\u00e4tigter F\u00e4lle von Coronavirus (SARS-CoV-2)-Infektionen in der Stadt Speyer:&nbsp;2570 ( + 23 gegen\u00fcber Freitag )<br>Davon bereits genesen:&nbsp;2183<br>Todesf\u00e4lle: 81 ( unver\u00e4ndert )<br>Gemeldete F\u00e4lle der letzten sieben Tage pro 100.000 Einwohner*innen (Inzidenz): 211,6&nbsp;( &#8211; 6 gegen\u00fcber Freitag )<br><strong>Warnstufe: Rot<\/strong><\/p>\n\n\n\n<p><em>Stand: 26.04.2021, 14:15 Uhr<\/em><\/p>\n\n\n\n<div class=\"wp-block-image\"><figure class=\"aligncenter\"><img decoding=\"async\" loading=\"lazy\" width=\"500\" height=\"679\" src=\"https:\/\/speyer24news.com\/wp-content\/uploads\/2021\/04\/csm_Karte_Stufen_2021-04-26_e26221e858.jpg\" alt=\"\" class=\"wp-image-35768\" srcset=\"https:\/\/speyer24news.com\/wp-content\/uploads\/2021\/04\/csm_Karte_Stufen_2021-04-26_e26221e858.jpg 500w, https:\/\/speyer24news.com\/wp-content\/uploads\/2021\/04\/csm_Karte_Stufen_2021-04-26_e26221e858-221x300.jpg 221w\" sizes=\"(max-width: 500px) 100vw, 500px\" \/><\/figure><\/div>\n\n\n\n<p><em>Landesuntersuchungsamt Rheinland-Pfalz<br>26.04.2021<\/em><\/p>\n\n\n\n<h2 class=\"wp-block-heading\"><strong>Resonanz des Schnelltestangebots in Kalenderwoche 16<\/strong><\/h2>\n\n\n\n<div class=\"wp-block-image\"><figure class=\"aligncenter\"><img decoding=\"async\" loading=\"lazy\" width=\"800\" height=\"599\" src=\"https:\/\/speyer24news.com\/wp-content\/uploads\/2021\/04\/WhatsApp-Image-2021-04-26-at-15.40.03.jpeg\" alt=\"\" class=\"wp-image-35769\" srcset=\"https:\/\/speyer24news.com\/wp-content\/uploads\/2021\/04\/WhatsApp-Image-2021-04-26-at-15.40.03.jpeg 800w, https:\/\/speyer24news.com\/wp-content\/uploads\/2021\/04\/WhatsApp-Image-2021-04-26-at-15.40.03-300x225.jpeg 300w, https:\/\/speyer24news.com\/wp-content\/uploads\/2021\/04\/WhatsApp-Image-2021-04-26-at-15.40.03-768x575.jpeg 768w, https:\/\/speyer24news.com\/wp-content\/uploads\/2021\/04\/WhatsApp-Image-2021-04-26-at-15.40.03-678x509.jpeg 678w, https:\/\/speyer24news.com\/wp-content\/uploads\/2021\/04\/WhatsApp-Image-2021-04-26-at-15.40.03-326x245.jpeg 326w, https:\/\/speyer24news.com\/wp-content\/uploads\/2021\/04\/WhatsApp-Image-2021-04-26-at-15.40.03-80x60.jpeg 80w\" sizes=\"(max-width: 800px) 100vw, 800px\" \/><\/figure><\/div>\n\n\n\n<p>Die Stadtverwaltung Speyer informiert, dass die Resonanz in den f\u00fcnf in Kooperation mit der Stadt betriebenen Schnelltestzentren in der vergangenen Woche durchweg hoch war.<\/p>\n\n\n\n<p>In der vom Pflegedienst Handermann und Sch\u00e4fer betriebenen Schnellteststation auf dem Berliner Platz haben sich von Montag bis Sonntag 312 Personen testen lassen. Dabei fiel kein Test positiv aus. Auf dem Festplatz hat die Johanniter-Unfall-Hilfe e.V. am Samstag und Sonntag insgesamt 305 testwillige Speyerer*innen und Besucher*innen der Domstadt versorgen. Zwei Tests fielen positiv aus. In der vom Deutschen Roten Kreuz Kreisverband Speyer betriebenen und vergangenen Freitag neu er\u00f6ffneten Schnellteststation in der Postgalerie wurden von Freitag bis Sonntag insgesamt 225 Personen schnellgetestet. Es gab kein positives Testergebnis. Der Arbeiter-Samariter-Bund hat von Montag bis Samstag bei insgesamt 740 Personen PoC-Antigentests durchgef\u00fchrt. Positive Ergebnisse wurden nicht festgestellt. Arbeitsmedizinerin Dr. Stephanie Grabs und ihr Team testeten im Stiftungskrankenhaus in der Spitalgasse am Dienstag und Donnerstag 125 Personen. Auch hier gab es keine positiven Ergebnisse.<\/p>\n\n\n\n<div class=\"wp-block-image\"><figure class=\"aligncenter\"><img decoding=\"async\" loading=\"lazy\" width=\"800\" height=\"585\" src=\"https:\/\/speyer24news.com\/wp-content\/uploads\/2021\/04\/WhatsApp-Image-2021-04-26-at-15.40.02.jpeg\" alt=\"\" class=\"wp-image-35770\" srcset=\"https:\/\/speyer24news.com\/wp-content\/uploads\/2021\/04\/WhatsApp-Image-2021-04-26-at-15.40.02.jpeg 800w, https:\/\/speyer24news.com\/wp-content\/uploads\/2021\/04\/WhatsApp-Image-2021-04-26-at-15.40.02-300x219.jpeg 300w, https:\/\/speyer24news.com\/wp-content\/uploads\/2021\/04\/WhatsApp-Image-2021-04-26-at-15.40.02-768x562.jpeg 768w, https:\/\/speyer24news.com\/wp-content\/uploads\/2021\/04\/WhatsApp-Image-2021-04-26-at-15.40.02-80x60.jpeg 80w\" sizes=\"(max-width: 800px) 100vw, 800px\" \/><figcaption>Das Corona-Schnelltest-Zentrum der Johanniter -Unfall-Hilfe e.V. auf dem Festplatz Speyer, eines von mittlerweile 5 Testzentren in Speyer.<\/figcaption><\/figure><\/div>\n\n\n\n<p>Zusammengefasst wurden in Kalenderwoche 16 in allen f\u00fcnf mit der Stadt Speyer assoziierten Testzentren 1.707 PoC-Antigenschnelltests durchgef\u00fchrt. Dabei wurden zwei positive Testergebnisse festgestellt.<\/p>\n\n\n\n<h4 class=\"wp-block-heading\"><a href=\"https:\/\/www.facebook.com\/Speyer24News\/videos\/106549881484006\">Sehen sie hier, in Facebook, ein Kurzvideo eines Schnelltests<\/a><\/h4>\n\n\n\n<p><em>Text: Stadt Speyer Foto &amp; Video: Speyer 24\/7 News<br>26.04.2021<\/em><\/p>\n\n\n\n<h2 class=\"wp-block-heading\"><strong>Bundesinfektionsschutzgesetz in Kraft getreten \u2013 19. Corona-Bek\u00e4mpfungsverordnung des Landes Rheinland-Pfalz ver\u00f6ffentlicht<\/strong><\/h2>\n\n\n\n<div class=\"wp-block-image\"><figure class=\"aligncenter\"><img decoding=\"async\" loading=\"lazy\" width=\"500\" height=\"500\" src=\"https:\/\/speyer24news.com\/wp-content\/uploads\/2020\/02\/virus-4810549_1920.png\" alt=\"\" class=\"wp-image-25116\" srcset=\"https:\/\/speyer24news.com\/wp-content\/uploads\/2020\/02\/virus-4810549_1920.png 500w, https:\/\/speyer24news.com\/wp-content\/uploads\/2020\/02\/virus-4810549_1920-150x150.png 150w, https:\/\/speyer24news.com\/wp-content\/uploads\/2020\/02\/virus-4810549_1920-300x300.png 300w\" sizes=\"(max-width: 500px) 100vw, 500px\" \/><\/figure><\/div>\n\n\n\n<p>Am Samstag, 24. April 2021 ist das ge\u00e4nderte Infektionsschutzgesetz des Bundes in Kraft getreten, das die sogenannte \u201eBundesnotbremse\u201c und damit bundeseinheitliche Regelungen zur Eind\u00e4mmung des Coronavirus einf\u00fchrt. Basierend darauf hat das Land Rheinland-Pfalz die 19. Corona-Bek\u00e4mpfungsverordnung erlassen, die ebenfalls am Samstag in Kraft tritt. Die Regelungen der Bundesnotbremse gelten in St\u00e4dten und Landkreisen, in denen die 7-Tages-Inzidenz an drei aufeinanderfolgenden Tagen den Wert von 100 \u00fcbersteigt. Liegt der Wert darunter, gelten die Landesregelungen.<\/p>\n\n\n\n<p>\u201eIch hoffe, dass die Bundesnotbremse nun zu etwas mehr \u00dcbersichtlichkeit in den Corona-Schutzma\u00dfnahmen f\u00fchrt. Gerade mit der engen Anbindung unserer Stadt an die Metropolregion Rhein-Neckar bestanden oft Unsicherheiten, welche Regelungen nun wo gelten. Dennoch h\u00e4tte ich mir gew\u00fcnscht, dass die Kommunen, die das Infektionsgeschehen vor Ort am besten kennen und einsch\u00e4tzen k\u00f6nnen, mehr Mitspracherecht und einen eigenen Entscheidungsrahmen h\u00e4tten\u201c, f\u00fchrt Oberb\u00fcrgermeisterin Stefanie Seiler aus. \u201eMit Blick auf das inzwischen ausschlie\u00dfliche Auftreten der B.1.1.7.-Mutation in unserer Stadt w\u00e4re eine stringente Testpflicht, die einen PCR-Test mit gleichzeitiger Sequenzierung zum Nachweis von Mutationen zwingend vorschreibt dringend notwendig \u201c, so die Stadtchefin weiter.<\/p>\n\n\n\n<p>Das ge\u00e4nderte Infektionsschutzgesetz sieht in St\u00e4dten und Kreisen mit einer Inzidenz \u00fcber 100 \u2013 das betrifft auch die Stadt Speyer \u2013 vor, dass sich ein Haushalt h\u00f6chstens mit einer weiteren Person treffen darf. Kinder unter 14 Jahren werden weiterhin nicht mitgerechnet. &nbsp;<\/p>\n\n\n\n<p>Au\u00dferdem gilt ab dem 24.04.21 aufgrund der hohen Inzidenz gem\u00e4\u00df der Bundesregelung auch in Speyer eine allgemeine Ausgangssperre zwischen 22 und 5 Uhr. Das eigene Grundst\u00fcck darf in dieser Zeit nur in begr\u00fcndeten Ausnahmef\u00e4llen verlassen werden. Bewegung an der frischen Luft bleibt bis 24 Uhr m\u00f6glich, allerdings nur alleine.<\/p>\n\n\n\n<p>Da die Stadt Speyer auch den f\u00fcr Schulen und Kitas festgelegten Grenzwert von 165 \u00fcberschreitet, wechseln die Schulen schon am Montag, 26. April 2021 in den ausschlie\u00dflichen Distanzunterricht \u2013 Ausnahmen gibt es ausschlie\u00dflich f\u00fcr Abschlussklassen. Sinkt der Inzidenzwert unter 165 und ist damit Pr\u00e4senz- bzw. Wechselunterricht wieder m\u00f6glich, besteht f\u00fcr Sch\u00fcler*innen die Pflicht, zweimal w\u00f6chentlich einen negativen Selbsttest nachzuweisen, wenn sie am Pr\u00e4senzunterricht teilnehmen m\u00f6chten. Auch die Kitas bieten ab Montag nur noch eine Notbetreuung an. Die Stadt Speyer hat dar\u00fcber bereits gestern in einer Pressemeldung ausf\u00fchrlich berichtet.<\/p>\n\n\n\n<p>Weiterhin darf der Einzelhandel, der nicht zum erweiterten t\u00e4glichen Bedarf geh\u00f6rt nur noch Abholung (\u201eClick and Collect\u201c) anbieten, bis die Inzidenz wieder stabil unter 150 liegt. Bei einer Inzidenz zwischen 100 und 150 ist dann wieder Terminshopping (\u201eClick and Meet\u201c) mit Dokumentationspflicht und negativem Schnelltest m\u00f6glich.<\/p>\n\n\n\n<p>Medizinische und \u00e4hnliche Dienstleistungen sowie Friseur und Fu\u00dfpflege sind, solange die Inzidenz \u00fcber 100 liegt, nur mit FFP2-Maske und bei Vorlage eines tagesaktuellen (nicht \u00e4lter als 24 Stunden) negativen Schnelltests m\u00f6glich. Gem\u00e4\u00df der vom Land Rheinland-Pfalz schon Anfang April beschlossenen Ausnahmen von der Test- und Absonderungspflicht f\u00fcr Geimpfte, sind Personen, deren zweite Corona-Impfung mindestens 14 Tage zur\u00fcckliegt und die keine typischen COVID-19-Symtome zeige, von der Testpflicht ausgenommen. Ein Impfnachweises muss beispielsweise durch Vorlage des Impfpasses erbracht werden.<\/p>\n\n\n\n<p>Die Gastronomie bleibt weiterhin geschlossen. Lieferdienst und Abholung bis 22 Uhr sind m\u00f6glich. Sinkt die Inzidenz auf einen Wert zwischen 50 und 100, darf die Au\u00dfengastronomie mit vorheriger Terminvereinbarung und bei Vorlage negativer Schnelltests durch die G\u00e4ste wieder \u00f6ffnen.<\/p>\n\n\n\n<p>Gem\u00e4\u00df der Bundesnotbremse ist bei einer Inzidenz von \u00fcber 100 Individualsport alleine, zu zweit oder mit Personen des eigenen Hausstandes erlaubt. Kontaktloser Gruppensport ist ausschlie\u00dflich f\u00fcr Kinder und Jugendliche zwischen 5 und 14 Jahren erlaubt.<\/p>\n\n\n\n<p>Im \u00d6ffentlichen Personennahverkehr gilt au\u00dferdem eine versch\u00e4rfte Maskenpflicht, gem\u00e4\u00df welcher nur noch FFP2-Schutzmasken zul\u00e4ssig sind, keine OP-Masken mehr.<\/p>\n\n\n\n<p>Die 19. CoBeLVO kann im Wortlaut unter&nbsp;<a rel=\"noreferrer noopener\" href=\"https:\/\/deref-web.de\/mail\/client\/1erN5_NI5UQ\/dereferrer\/?redirectUrl=http%3A%2F%2Fwww.speyer.de%2Fcorona\" target=\"_blank\">www.speyer.de\/corona<\/a>&nbsp;nachgelesen werden. F\u00fcr alle nicht-medizinischen Fragen steht von Montag bis Freitag von 10 bis 12:30 Uhr und von Montag bis Donnerstag dar\u00fcber hinaus von 13:30 bis 16 Uhr das B\u00fcrgertelefon der Stadt Speyer unter 0 62 32 &#8211; 14 13 12 zur Verf\u00fcgung.<\/p>\n\n\n\n<p><em>Stadt Speyer<br>26.04.2021<\/em><\/p>\n","protected":false},"excerpt":{"rendered":"<div class=\"mh-excerpt\"><p>Coronafallzahlen vom Montag (26.04.2021) Anzahl best\u00e4tigter F\u00e4lle von Coronavirus (SARS-CoV-2)-Infektionen in der Stadt Speyer:&nbsp;2570 ( + 23 gegen\u00fcber Freitag )Davon bereits genesen:&nbsp;2183Todesf\u00e4lle: 81 ( unver\u00e4ndert )Gemeldete F\u00e4lle der letzten sieben Tage pro 100.000 Einwohner*innen (Inzidenz): <a class=\"mh-excerpt-more\" href=\"https:\/\/speyer24news.com\/?p=35767\" title=\"Corona Speyer\">[&#8230;]<\/a><\/p>\n<\/div>","protected":false},"author":3,"featured_media":25126,"comment_status":"open","ping_status":"open","sticky":false,"template":"","format":"standard","meta":{"_monsterinsights_skip_tracking":false,"_monsterinsights_sitenote_active":false,"_monsterinsights_sitenote_note":"","_monsterinsights_sitenote_category":0,"footnotes":""},"categories":[9],"tags":[11346,11345,11344,7629,6401,8404,6367,9461,9105,6940,8725,6359,6370,5904,6358,8749,7003,5801,6342,11253,11254,11290,9283,6],"aioseo_notices":[],"amp_enabled":true,"_links":{"self":[{"href":"https:\/\/speyer24news.com\/index.php?rest_route=\/wp\/v2\/posts\/35767"}],"collection":[{"href":"https:\/\/speyer24news.com\/index.php?rest_route=\/wp\/v2\/posts"}],"about":[{"href":"https:\/\/speyer24news.com\/index.php?rest_route=\/wp\/v2\/types\/post"}],"author":[{"embeddable":true,"href":"https:\/\/speyer24news.com\/index.php?rest_route=\/wp\/v2\/users\/3"}],"replies":[{"embeddable":true,"href":"https:\/\/speyer24news.com\/index.php?rest_route=%2Fwp%2Fv2%2Fcomments&post=35767"}],"version-history":[{"count":5,"href":"https:\/\/speyer24news.com\/index.php?rest_route=\/wp\/v2\/posts\/35767\/revisions"}],"predecessor-version":[{"id":35775,"href":"https:\/\/speyer24news.com\/index.php?rest_route=\/wp\/v2\/posts\/35767\/revisions\/35775"}],"wp:featuredmedia":[{"embeddable":true,"href":"https:\/\/speyer24news.com\/index.php?rest_route=\/wp\/v2\/media\/25126"}],"wp:attachment":[{"href":"https:\/\/speyer24news.com\/index.php?rest_route=%2Fwp%2Fv2%2Fmedia&parent=35767"}],"wp:term":[{"taxonomy":"category","embeddable":true,"href":"https:\/\/speyer24news.com\/index.php?rest_route=%2Fwp%2Fv2%2Fcategories&post=35767"},{"taxonomy":"post_tag","embeddable":true,"href":"https:\/\/speyer24news.com\/index.php?rest_route=%2Fwp%2Fv2%2Ftags&post=35767"}],"curies":[{"name":"wp","href":"https:\/\/api.w.org\/{rel}","templated":true}]}}