{"id":35776,"date":"2021-04-26T15:49:19","date_gmt":"2021-04-26T14:49:19","guid":{"rendered":"https:\/\/speyer24news.com\/?p=35776"},"modified":"2021-04-26T15:50:18","modified_gmt":"2021-04-26T14:50:18","slug":"polizei-565","status":"publish","type":"post","link":"https:\/\/speyer24news.com\/?p=35776","title":{"rendered":"Polizei"},"content":{"rendered":"<style type=\"text\/css\">\r\n\t.ads_top_disp{}\r\n\t.ads_top_corner_disp{ float:left; margin:0px 10px 10px 0px; }\r\n\t.ads_first_p_disp{}\r\n\t.ads_bottom_disp{}\r\n\t<\/style>\n<h2 class=\"wp-block-heading\">Polizeimeldungen vom Montag (26.04.2021)<\/h2>\n\n\n\n<div class=\"wp-block-image\"><figure class=\"aligncenter\"><img decoding=\"async\" src=\"https:\/\/speyer24news.com\/wp-content\/uploads\/2020\/01\/Aktuelles-Polizeilogo.jpg\" alt=\"\" class=\"wp-image-23832\"\/><\/figure><\/div>\n\n\n\n<h4 class=\"wp-block-heading\">(Speyer) &#8211; Schwer verletzt und 7000 Euro Sachschaden<\/h4>\n\n\n\n<p>Vermutlich zu schnell unterwegs war am Sonntag um 17:00 Uhr ein 28-J\u00e4hriger aus Speyer. Der Mann befuhr mit seinem Kleinkraftrad die Industriestra\u00dfe in Richtung Flugplatz, als er in einer Linkskurve die Kontrolle verlor und zu Boden st\u00fcrzte. Er zog sich schwere Verletzungen zu und wurde von einem Helikopter in ein Krankenhaus transportiert. Die Fahrbahn musste hierzu kurzzeitig gesperrt werden. An dem Fahrzeug entstand ein wirtschaftlicher Totalschaden.<\/p>\n\n\n\n<h4 class=\"wp-block-heading\">(Speyer) &#8211; Unfall mit verletztem Kind<\/h4>\n\n\n\n<p>Leichte Verletzungen zog sich am Freitagmittag um 12:20 Uhr ein 12-j\u00e4hriger Junge zu, als er mit seinem Fahrrad auf der Holzstra\u00dfe unterwegs war. Da er an der Einm\u00fcndung zur Sch\u00fctzenstra\u00dfe beim Rechtsabbiegen den von links kommenden PKW einer 80-J\u00e4hrigen \u00fcbersah, kam es zu einer seitlichen Kollision der beiden Fahrzeuge. Das Kind kam zu Sturz und verletzte sich hierbei. Zur weiteren Behandlung wurde der Junge in ein \u00f6rtliches Krankenhaus verbracht. Zudem entstand am PKW ein Schaden in H\u00f6he von sch\u00e4tzungsweise 500 Euro.<\/p>\n\n\n\n<h4 class=\"wp-block-heading\">(R\u00f6merberg) &#8211; Einbruch in Freizeitst\u00e4tte \/ Zeugen gesucht<\/h4>\n\n\n\n<p>Unbekannte brachen im Zeitraum von 20.04.2021 bis 23.04.2021 in eine Freizeitst\u00e4tte in der Philippsburger Stra\u00dfe ein und entwendeten dort diverse Gartenger\u00e4te. Der Wert des Diebesgutes wird derzeit noch ermittelt. Zeugen, die im Tatzeitraum im Bereich der Philipsburger Stra\u00dfe verd\u00e4chtige Personen bzw. Fahrzeuge beobachtet haben oder sachdienliche Hinweise geben k\u00f6nnen, werden gebeten sich unter Tel. 06232\/1370 oder per E-Mail (<a href=\"mailto:pispeyer@polizei.rlp.de\">pispeyer@polizei.rlp.de<\/a>) an die Polizei Speyer zu wenden.<\/p>\n\n\n\n<h4 class=\"wp-block-heading\">(Freisbach) &#8211; Kleiner Hase verursacht schweren Unfall<\/h4>\n\n\n\n<p>In der Nacht von Sonntag auf Montag befuhr ein 19-j\u00e4hriger Autofahrer die L530 in Richtung Freisbach. Etwa 300 Meter vor dem Ortseingang querte ein Hase die Landstra\u00dfe. Der junge Autofahrer versuchte dem Tier auszuweichen und verlor dabei die Kontrolle \u00fcber sein Fahrzeug, das von der Fahrbahn abkam und sich mehrfach \u00fcberschlug. Er musste aus seinem Auto befreit werden und kam mit schweren Verletzungen in ein Krankenhaus. An dem Fahrzeug entstand ein wirtschaftlicher Totalschaden.<\/p>\n\n\n\n<h4 class=\"wp-block-heading\">(B\u00f6bingen) &#8211; Brand im Dachstuhl einer Scheune<\/h4>\n\n\n\n<p>Am fr\u00fchen Sonntagabend, 25.04.2021, kam es im Dachstuhl einer Scheune in der Hauptstra\u00dfe in B\u00f6bingen aus bislang ungekl\u00e4rter Ursache zu einem Schwelbrand. Der Brand konnte durch die Feuerwehr gel\u00f6scht und ein \u00dcbergreifen der Flammen auf das angrenzende Wohngeb\u00e4ude verhindert werden. Personen wurden nicht verletzt. Nach derzeitigem Stand d\u00fcrfte ein Sachschaden von etwa 100.000 Euro entstanden sein. Die Kriminalinspektion Landau hat die Ermittlungen zur Brandursache aufgenommen.<\/p>\n\n\n\n<h4 class=\"wp-block-heading\">(Sondernheim) &#8211; Wohnw\u00e4gen und Schuppen aufgebrochen<\/h4>\n\n\n\n<p>In der Nacht von Samstag auf Sonntag kam es auf dem Campingplatz in Sondernheim zu mehreren Einbr\u00fcchen. Bislang unbekannte T\u00e4ter haben auf zwei unterschiedlichen Parzellen jeweils einen Wohnwagen und ein Gartenh\u00e4uschen aufgebrochen. Nach derzeitigem Kenntnisstand haben die Einbrecher allerdings kein Diebesgut mitgenommen. Die Polizei Germersheim hat die Ermittlungen aufgenommen. Zeugen, die Hinweise zu dem Vorfall geben k\u00f6nnen, sollen sich bitte bei der Polizei Germersheim unter der Telefonnummer 07274-9580 oder per Mail an&nbsp;<a href=\"mailto:pigermersheim@polizei.rlp.de\">pigermersheim@polizei.rlp.de<\/a>&nbsp;melden.<\/p>\n\n\n\n<h4 class=\"wp-block-heading\">(Gossersweiler-Stein) &#8211; Diebstahl auf Gartengrundst\u00fcck<\/h4>\n\n\n\n<p>In der Nacht von 24.04. auf 25.04.2021, wurden von einem Gartengrundst\u00fcck in der Verl\u00e4ngerung Im Frontal, Solarpanelen mit Batterien sowie eine Wildkamera im Wert von circa 600.- Euro entwendet. Hinweise zu dem Diebstahl werden von der Polizeiinspektion Bad Bergzabern unter 06343-93340 oder per E-Mail unter&nbsp;<a href=\"mailto:pibadbergzabern@polizei.rlp.de\">pibadbergzabern@polizei.rlp.de<\/a>&nbsp;entgegen genommen.<\/p>\n\n\n\n<h4 class=\"wp-block-heading\">(Gossersweiler-Stein) &#8211; Pkw-Scheiben eingeschlagen und Werbeschild besch\u00e4digt<\/h4>\n\n\n\n<p>Einen Sachschaden in H\u00f6he von 2500.- Euro richteten in der Nacht von 22.04. auf 23.04.2021 bislang unbekannte T\u00e4ter an zwei Pkw und einem Werbeschild in der Schulstra\u00dfe an. Zeugen die Angaben zu dem Sachverhalt machen k\u00f6nnen werden gebeten sich unter 06343-93340 oder per E-Mail unter&nbsp;<a href=\"mailto:pibadbergzabern@polizei.rlp.de\">pibadbergzabern@polizei.rlp.de<\/a>&nbsp;mit der Polizeiinspektion Bad Bergzabern in Verbindung zu setzen.<\/p>\n\n\n\n<h4 class=\"wp-block-heading\">(Annweiler) &#8211; PKW-Unfall mit hohem Sachschaden im Wellbachtal \/ Zeugen gesucht<\/h4>\n\n\n\n<div class=\"wp-block-image\"><figure class=\"aligncenter\"><img decoding=\"async\" loading=\"lazy\" width=\"800\" height=\"615\" src=\"https:\/\/speyer24news.com\/wp-content\/uploads\/2021\/04\/210425VerkehrsunfallWellbachtal.jpg\" alt=\"\" class=\"wp-image-35779\" srcset=\"https:\/\/speyer24news.com\/wp-content\/uploads\/2021\/04\/210425VerkehrsunfallWellbachtal.jpg 800w, https:\/\/speyer24news.com\/wp-content\/uploads\/2021\/04\/210425VerkehrsunfallWellbachtal-300x231.jpg 300w, https:\/\/speyer24news.com\/wp-content\/uploads\/2021\/04\/210425VerkehrsunfallWellbachtal-768x590.jpg 768w\" sizes=\"(max-width: 800px) 100vw, 800px\" \/><\/figure><\/div>\n\n\n\n<p>Am Sonntag, den 25.04.21, befuhr gegen 15:55 Uhr ein 24-j\u00e4hriger Fahrer mit seinem Sportwagen der Marke KTM Sportcar X-Box die B 48 (Wellbachtal) von Rinnthal aus kommend in Richtung Johanniskreuz. In der H\u00f6he der Abfahrt nach Hofst\u00e4tten kam er mit seinem Sportwagen ins Schleudern, prallte gegen die Leitplanke und blieb stark besch\u00e4digt auf der Fahrbahn liegen. Der Sportwagen mit einem Neuwert von \u00fcber 100 000 EUR war nicht mehr fahrbereit und erlitt einen Schaden von mehreren zehntausend Euro. Der Fahrer und Beifahrer blieben jedoch unverletzt. Unmittelbar vor dem Unfall wurde der PKW-Fahrer dabei beobachtet, wie er trotz \u00dcberholverbot und Gegenverkehr mehrere Autos und Motorr\u00e4der offensichtlich mit \u00fcberh\u00f6hter Geschwindigkeit \u00fcberholte. Als der Unfallverursacher mit seinem Fahrzeug ins Schleudern geriet, wurden zudem einige Wanderer am Stra\u00dfenrand gef\u00e4hrdet. Diese noch namentlich nicht bekannten Wanderer und Zeugen werden gebeten, sich mit der Polizeiwache Annweiler in Verbindung zu setzen. Dem Unfallverursacher wurde noch vor Ort der F\u00fchrerschein beschlagnahmt.<\/p>\n\n\n\n<h4 class=\"wp-block-heading\">(Landau) &#8211; Wer hat den Holzwagen angez\u00fcndet ?<\/h4>\n\n\n\n<p>Einen dekorativen Holzwagen haben Unbekannte am Montagmorgen gegen 4.40 Uhr im Bereich der Ostbahnstra\u00dfe angez\u00fcndet. Eine Zeugin hatte die Polizei \u00fcber das Feuer informiert. Einsatzkr\u00e4fte der Feuerwehr und Polizei konnten das Feuer schnell l\u00f6schen. Der Sachschaden bel\u00e4uft sich auf zirka 100 EUR. Der Holzwagen war vor einem Lokal aufgestellt. Ein Ermittlungsverfahren wegen Sachbesch\u00e4digung wurde eingeleitet. Hinweise zur Tat nimmt die Polizeiinspektion Landau telefonisch unter 06341\/2870 oder per Mail an&nbsp;<a href=\"mailto:pilandau@polizei.rlp.de\">pilandau@polizei.rlp.de<\/a>&nbsp;entgegen.<\/p>\n\n\n\n<h4 class=\"wp-block-heading\">(Landau) &#8211; Unter Drogeneinfluss im Stra\u00dfenverkehr unterwegs<\/h4>\n\n\n\n<p>Da er kein Versicherungskennzeichen an seinem E &#8211; Scooter angebracht hatte, wurde ein 17 &#8211; J\u00e4hriger am Sonntagmittag gegen 15.40 Uhr in der Maximilianstra\u00dfe von einer Polizeistreife kontrolliert. Im Rahmen der Kontrolle stellte sich heraus, dass der Jugendliche zum Kontrollzeitpunkt unter Cannabiseinfluss stand. Ihm wurde bei der Dienststelle eine Blutprobe genommen. Zudem war das Fahrzeug zum Kontrollzeitpunkt nicht versichert. Es wurden Verfahren wegen Trunkenheit im Verkehr, Versto\u00df gegen das Pflichtversicherungsgesetz sowie Versto\u00df gegen das Bet\u00e4ubungsmittelgesetz eingeleitet.<\/p>\n\n\n\n<h4 class=\"wp-block-heading\">(Edesheim) &#8211; Abfahrtskontrollen<\/h4>\n\n\n\n<p>In der Zeit zwischen 19 Uhr und 20 Uhr wurden Alkohol\u00fcberpr\u00fcfungen auf den beiden Tank- und Rastanlagen &#8222;Pf\u00e4lzer Weinstra\u00dfe West und Ost&#8220; durchgef\u00fchrt. Zwei LKW-Fahrer konnten mit 1,13 Promille und 1,73 Promille angetroffen werden. Die Fahrzeugschl\u00fcssel sowie die Ladepapiere wurden sichergestellt. Bis zur vollst\u00e4ndigen N\u00fcchternheit mussten sie vor Ort verweilen. In beiden F\u00e4llen wurden die zust\u00e4ndigen F\u00fchrerscheinstellen benachrichtigt, die die charakterliche Eignung zum F\u00fchren eines Kraftfahrzeugs im \u00f6ffentlichen Stra\u00dfenverkehr pr\u00fcfen wird.<\/p>\n\n\n\n<h4 class=\"wp-block-heading\">(Maikammer) &#8211; Rennradfahrer missachten STOP-Schild<\/h4>\n\n\n\n<div class=\"wp-block-image\"><figure class=\"aligncenter\"><img decoding=\"async\" loading=\"lazy\" width=\"800\" height=\"579\" src=\"https:\/\/speyer24news.com\/wp-content\/uploads\/2021\/04\/20210425_1.jpg\" alt=\"\" class=\"wp-image-35781\" srcset=\"https:\/\/speyer24news.com\/wp-content\/uploads\/2021\/04\/20210425_1.jpg 800w, https:\/\/speyer24news.com\/wp-content\/uploads\/2021\/04\/20210425_1-300x217.jpg 300w, https:\/\/speyer24news.com\/wp-content\/uploads\/2021\/04\/20210425_1-768x556.jpg 768w\" sizes=\"(max-width: 800px) 100vw, 800px\" \/><\/figure><\/div>\n\n\n\n<p>Zu einem Verkehrsunfall mit zwei Rennradfahrern kam es Sonntagmittag (25.04.2021, 14:08 Uhr) in der St. Martiner Stra\u00dfe. Beide missachteten das STOP-Schild an der Kreuzung Weinstra\u00dfe Nord, weshalb zun\u00e4chst ein 39 Jahre alter Radfahrer mit einem bevorrechtigten BMW zusammenstie\u00df. Beim Ausweichversuch st\u00fcrzte dann ein 31 Jahre alter Rennradfahrer zu Boden. <\/p>\n\n\n\n<figure class=\"wp-block-image\"><img decoding=\"async\" loading=\"lazy\" width=\"800\" height=\"549\" src=\"https:\/\/speyer24news.com\/wp-content\/uploads\/2021\/04\/20210425_2.jpg\" alt=\"\" class=\"wp-image-35782\" srcset=\"https:\/\/speyer24news.com\/wp-content\/uploads\/2021\/04\/20210425_2.jpg 800w, https:\/\/speyer24news.com\/wp-content\/uploads\/2021\/04\/20210425_2-300x206.jpg 300w, https:\/\/speyer24news.com\/wp-content\/uploads\/2021\/04\/20210425_2-768x527.jpg 768w\" sizes=\"(max-width: 800px) 100vw, 800px\" \/><\/figure>\n\n\n\n<p>Beide trugen zum Gl\u00fcck Radhelme, weshalb sie sich nur leicht verletzten und sich in \u00e4rztliche Behandlung begeben mussten. Der Gesamtschaden betr\u00e4gt knapp 1000 Euro. In dem Zusammenhang appelliert die Polizei: Rund 80% der schweren Hirnverletzungen beim Radfahren k\u00f6nnten sich durch das Tragen eines Helms vermeiden lassen. Daher empfehlen wir immer mit Fahrradhelm zu fahren.<\/p>\n\n\n\n<h4 class=\"wp-block-heading\">(Neustadt) &#8211; Gef\u00e4hrdung des Stra\u00dfenverkehrs durch Einnahme von Medikamenten<\/h4>\n\n\n\n<p>Am 26.04.2021, gg. 11:50 Uhr wurde durch eine Verkehrsteilnehmerin ein vor ihr fahrender Pkw gemeldet, welcher in erheblichen Schlangenlinien gef\u00fchrt wird und mehrfach in den Gegenverkehr fuhr. Man befahre momentan die B39 zwischen Neustadt und Lambrecht. Auf Grund der Angaben der Zeugin konnte der Pkw auf einem Supermarktparkplatz in Lambrecht festgestellt werden. Die Fahrerin wurde angetroffen und gab an, dass sie Medikamente eingenommen habe und ihr deswegen schwindlig sei. Deswegen habe sie die Fahrt selbstst\u00e4ndig abgebrochen. Auch wenn dies die richtige Ma\u00dfnahme war, h\u00e4tte sie die Fahrt, laut Beipackzettel, erst gar nicht antreten d\u00fcrfen. Gegen die 57-j\u00e4hrige wurde ein Strafverfahren wegen Gef\u00e4hrdung des Stra\u00dfenverkehrs eingeleitet und ihr eine Blutprobe entnommen. Die Polizei Neustadt bittet Zeugen, welche m\u00f6glicherweise gef\u00e4hrdet wurden, sich zu melden.<\/p>\n\n\n\n<h4 class=\"wp-block-heading\">(Neustadt) &#8211; Rollstuhlfahrer mit \u00fcber 3 Promille unterwegs<\/h4>\n\n\n\n<p>Einen nicht allt\u00e4glichen Fall erlebten Beamte der Polizeiinspektion Neustadt\/Weinstra\u00dfe am Sonntag, den 25.04.2021, gegen 17:30Uhr. Durch einen besorgten Passanten wurde im Bereich der Sauterstra\u00dfe ein Rollstuhlfahrer gemeldet, welcher zun\u00e4chst in Schlangenlinien gefahren und im Anschluss zu Boden gest\u00fcrzt sei. Vor Ort konnte festgestellt werden, dass die Person, welche sich durch den Sturz gl\u00fccklicherweise nicht verletzt hatte, erheblich unter dem Einfluss von Alkohol stand. Nicht schlecht staunten sowohl die Beamten, als auch der Fahrer des motorisierten Rollstuhls selbst, als der freiwillig durchgef\u00fchrte Atemalkoholtest einen Wert von 3,27Promille ergab. Es wurde ein Strafverfahren wegen Trunkenheit im Verkehr eingeleitet und dem Mann eine Blutprobe entnommen.<\/p>\n\n\n\n<h4 class=\"wp-block-heading\">(Hettenleidelheim) &#8211; Container mit Altholz brennt<\/h4>\n\n\n\n<p>\u00dcber die Leitstelle wurde am Sonntagabend ein Containerbrand in der Fabrikstra\u00dfe in Hettenleidelheim gemeldet. Beim Eintreffen der Streife stieg Rauch aus einem Container mit Altholz hoch. Die Feuerwehr Hettenleidelheim-Wattenheim konnte das entstehende Feuer fr\u00fch genug l\u00f6schen. Ein Schaden ist damit nicht entstanden. Dennoch wurde der Brand vors\u00e4tzlich oder fahrl\u00e4ssig verursacht. Die Polizei bittet um Hinweise aus der Bev\u00f6lkerung: Tel. 06359 93120.<\/p>\n\n\n\n<h4 class=\"wp-block-heading\">(Gr\u00fcnstadt) &#8211; Verkehrsunfall mit Schwerverletzten<\/h4>\n\n\n\n<p>Am 26.04.2021 gegen 09:50 Uhr kam es zwischen Gr\u00fcnstadt und Obers\u00fclzen zu einem Frontalzusammensto\u00df zwischen einem Gespann und einem Pkw. Der 71 Jahre alte Fahrer des Pkw-Anh\u00e4nger-Gespanns befuhr die L 453 von Gr\u00fcnstadt kommend in Richtung Obers\u00fclzen. Aus bislang ungekl\u00e4rter Ursache lenkte dieser das Gespann in den Gegenverkehr und stie\u00df dort frontal mit einem entgegenkommenden Pkw zusammen. Durch die Wucht des Aufpralls wurde der entgegenkommende Pkw in den in Fahrtrichtung Gr\u00fcnstadt rechten Stra\u00dfengraben geschleudert, wo er auf dem Dach liegend zum Stillstand kam. Dessen 69 Jahre alter Fahrer und die 64 Jahre alte Beifahrerin wurden aufgrund von Verletzungen mit einem Rettungswagen in ein Krankenhaus gebracht. Das Gespann kam in Fahrtrichtung Obers\u00fclzen rechts neben der Fahrbahn zum Stillstand. Der Fahrer des Gespanns wurde vor Ort reanimiert und mit einem Rettungshubschrauber in eine Klinik gebracht. Zur Kl\u00e4rung des Unfallhergangs wurde ein Gutachter beauftragt. Die Strecke zwischen Gr\u00fcnstadt und Obers\u00fclzen war f\u00fcr die Dauer der Unfallaufnahme bis 12:15 Uhr voll gesperrt. Der entstandene Sachschaden wird auf 19.000 Euro gesch\u00e4tzt.<\/p>\n\n\n\n<h4 class=\"wp-block-heading\">(Frankenthal) &#8211; Rauchentwicklung in Keller<\/h4>\n\n\n\n<p>Am 26.04.2021, gegen 00.50 Uhr, wurde durch eine Bewohnerin Rauchentwicklung aus dem Kellerbereich in der Wormser Stra\u00dfe 33 gemeldet. Durch die eingesetzten Streifen und die Feuerwehr wurde zun\u00e4chst das Geb\u00e4ude evakuiert. Bei der \u00dcberpr\u00fcfung durch die Feuerwehr konnte festgestellt werden, dass die Rauchentwicklung mutma\u00dflich durch einen Au\u00dfenschacht entstanden war, in welchen mutma\u00dflich Zigarettenstummel geworfen wurden. Es kam weder zu einem Personen- noch einem Sachschaden. Nach der \u00dcberpr\u00fcfung der Feuerwehr und L\u00fcftung des Kellers konnten alle Bewohner wieder zur\u00fcck in ihre Wohnungen.<\/p>\n\n\n\n<h4 class=\"wp-block-heading\">(Frankenthal) &#8211; Versuchte Sachbesch\u00e4digung an Pkw<\/h4>\n\n\n\n<p>Am 25.04.2021, gegen 18.35 Uhr, wurde durch die Gesch\u00e4digte gemeldet, dass bislang unbekannte T\u00e4ter einen spitzen Metallgegenstand unter ihren hinten rechten Fahrzeugreifen gelegt haben. Vor Ort konnte dies durch die eingesetzte Streife so best\u00e4tigt werden. Der Gegenstand war so geeignet, beim Losfahren den Reifen zu besch\u00e4digen.<\/p>\n\n\n\n<p>Zeugen werden gebeten sich an die Polizeiinspektion Frankenthal unter der Tel.-Nr.: 06233\/313-0 oder an die Polizeiwache Maxdorf unter der Tel.-Nr.: 06237\/934-1100 zu wenden. Gerne nehmen wir Ihre Hinweise auch per E-Mail unter&nbsp;<a href=\"mailto:pifrankenthal@polizei.rlp.de\">pifrankenthal@polizei.rlp.de<\/a>&nbsp;entgegen.<\/p>\n\n\n\n<h4 class=\"wp-block-heading\">(Frankenthal) &#8211; Verkehrsunfallflucht<\/h4>\n\n\n\n<p>Am 25.04.2021, gegen 17.20 Uhr, besch\u00e4digte laut Zeugenangaben eine bislang unbekannte Fahrzeugf\u00fchrerin an der Kreuzung Europaring\/Mahlastra\u00dfe ein auf der Verkehrsinsel gegen\u00fcber des Speyerer Tores befindliches Verkehrsschild und fuhr, ohne sich um den Schaden zu k\u00fcmmern, in Richtung S\u00fcden weg. Bei dem Fahrzeug soll es sich um einen grauen Bus handeln. Der Schaden wird auf etwa 500 Euro gesch\u00e4tzt.<\/p>\n\n\n\n<p>Zeugen werden gebeten sich an die Polizeiinspektion Frankenthal unter der Tel.-Nr.: 06233\/313-0 oder an die Polizeiwache Maxdorf unter der Tel.-Nr.: 06237\/934-1100 zu wenden. Gerne nehmen wir Ihre Hinweise auch per E-Mail unter&nbsp;<a href=\"mailto:pifrankenthal@polizei.rlp.de\">pifrankenthal@polizei.rlp.de<\/a>&nbsp;entgegen.<\/p>\n\n\n\n<h4 class=\"wp-block-heading\">(Ludwigshafen) &#8211; Mit Klebeband Blitzer abgeklebt<\/h4>\n\n\n\n<p>Zwei Jugendliche im Alter von 14 und 16 Jahren und ein 18-J\u00e4hriger wurden am Sonntag (25.04.2021) dabei erwischt, wie sie versuchten einen Blitzer in der Freiastra\u00dfe mit Klebeband zu bekleben. Die Tat wurde gegen 20 Uhr von einem aufmerksamen Zeugen beobachtet und sofort der Polizei gemeldet. Diese stellte das Trio in der N\u00e4he des Blitzers fest. Die beiden Jugendlichen wurden den Erziehungsberechtigten \u00fcberstellt. Alle drei m\u00fcssen sich nun wegen Sachbesch\u00e4digung verantworten.<\/p>\n\n\n\n<h4 class=\"wp-block-heading\">(Ludwigshafen) &#8211; Couch f\u00e4ngt Feuer<\/h4>\n\n\n\n<p>Aus noch ungekl\u00e4rter Ursache geriet am Sonntag (25.04.2021), gegen 19.12 Uhr, eine Couch in einer Wohnung in der Sternstra\u00dfe in Brand. Die Feuerwehr l\u00f6schte den Brand. Durch das Feuer entstand ein Sachschaden in H\u00f6he von 1000 Euro. Die Wohnung ist derzeit nicht bewohnbar. Bei dem Feuer wurden keine Personen verletzt. Die Kriminalpolizei hat die Ermittlungen zur Brandursache aufgenommen. Sachdienliche Hinweise nimmt die Kriminalpolizei Ludwigshafen unter der Telefonnummer 0621\/963-2773 oder per E-Mail&nbsp;<a href=\"mailto:kiludwigshafen.k1.kdd@polizei.rlp.de\">kiludwigshafen.k1.kdd@polizei.rlp.de<\/a>&nbsp;entgegen.<\/p>\n\n\n\n<h4 class=\"wp-block-heading\">(Ludwigshafen) &#8211; Roller fl\u00fcchtet und gef\u00e4hrdet Fu\u00dfg\u00e4nger \/ Zeugen gesucht<\/h4>\n\n\n\n<p>Eine Polizeistreife wollte am Samstag (24.04.2021), gegen 19.30 Uhr, einen Rollerfahrer in der Maudacher Stra\u00dfe kontrollieren. Als der Roller-Fahrer die Polizei erblickte, gab er Gas und fl\u00fcchtete. Die Polizei nahm die Verfolgung auf. Der Roller-Fahrer fuhr hierbei \u00fcber Fu\u00dfg\u00e4nger\u00fcberwege und gef\u00e4hrdete einen Fu\u00dfg\u00e4nger in der Maudacher Stra\u00dfe. Aufgrund der waghalsigen Fahrweise beendete die Polizei die Verfolgung. Der Roller war blau und mit meinem neongelben Schriftzug versehen. Der Roller-Fahrer trug eine schwarze Hose mit roten Streifen und einen wei\u00dfen Helm. Die Polizei sucht nun Zeugen. Sachdienliche Hinweise bitte an die Polizeiinspektion Ludwigshafen 1, Telefonnummer 0621 963-2122 oder per E-Mail&nbsp;<a href=\"mailto:piludwigshafen1@polizei.rlp.de\">piludwigshafen1@polizei.rlp.de<\/a>&nbsp;.<\/p>\n\n\n\n<h4 class=\"wp-block-heading\">(Ludwigshafen) &#8211; Brandserie in Oggersheim \/ T\u00e4ter ermittelt<\/h4>\n\n\n\n<h4 class=\"wp-block-heading\">Gemeinsame Pressemitteilung der Staatsanwaltschaft Frankenthal und des Polizeipr\u00e4sidiums Rheinpfalz<\/h4>\n\n\n\n<p>Nach bisherigen Erkenntnissen wurden im Stadtteil Oggersheim im Jahr 2020 in acht und im Jahr 2021 in 20 F\u00e4llen M\u00fcllbeh\u00e4ltnisse in Brand gesetzt. Beim Brand eines M\u00fcllcontainers am 05.03.2021 wurde die Au\u00dfenfassade eines Hauses besch\u00e4digt. (Siehe hierzu unsere Pressemeldung: \u25b7 POL-PPRP: M\u00fclltonnenbrand | Presseportal). Insgesamt ist ein Schaden von \u00fcber 60.000 Euro entstanden.<\/p>\n\n\n\n<p>Nach umfangreichen und intensiven Ermittlungen der Staatsanwaltschaft Frankenthal und der Polizeiwache Oggersheim gelang es, einen 38-J\u00e4hrigen aus Oggersheim als Tatverd\u00e4chtigen zu identifizieren.<\/p>\n\n\n\n<p>Bei der Durchsuchung seiner Wohnung am Samstag, 24.04.2021, konnten umfangreiche Beweismittel, m\u00f6gliche Brandbeschleuniger und Bet\u00e4ubungsmittel in nicht geringer Menge beschlagnahmt werden.<\/p>\n\n\n\n<p>Die weiteren Ermittlungen, insbesondere zu den Hintergr\u00fcnden und zum Motiv, dauern an.<\/p>\n\n\n\n<h4 class=\"wp-block-heading\">(Pr\u00e4sidialbereich Rheinpfalz) &#8211; Online Pr\u00e4ventionsberatung zum Thema Betrug<\/h4>\n\n\n\n<p>Straft\u00e4terinnen und Straft\u00e4ter machen w\u00e4hrend der Corona-Pandemie keine Pause. Im Gegenteil insbesondere Betr\u00fcgerinnen und Betr\u00fcger nutzen die Situation der Corona-Pandemie aus und erfinden immer neue Maschen, um potentielle Opfer hinter das Licht zu f\u00fchren. Die Zentrale Pr\u00e4vention informiert Interessierte zum Thema Betrug in einer<\/p>\n\n\n\n<p><strong>Online-Veranstaltung am 06.05.2021, um 16:00 Uhr.<\/strong><\/p>\n\n\n\n<p>In der Veranstaltung stellt Polizeihauptkommissar Rayk Schomburg altbekannte, aber auch neue Betrugsmaschen vor und gibt hilfreiche Tipps, wie man sich vor diesen sch\u00fctzen kann.<\/p>\n\n\n\n<p>F\u00fcr die Teilnahme wird ein PC, Notebook oder Tablet \/ Smartphone mit aktuellem Browser, stabile Internetverbindung (mind. DSL 6.00) und Tonwiedergabe (Lautsprecher oder Kopfh\u00f6rer) ben\u00f6tigt.<\/p>\n\n\n\n<p>Da die Teilnehmerpl\u00e4tze begrenzt sind, ist eine Anmeldung unter:&nbsp;<a target=\"_blank\" href=\"https:\/\/s.rlp.de\/Betrugsmaschen\" rel=\"noreferrer noopener\">https:\/\/s.rlp.de\/Betrugsmaschen<\/a>&nbsp;erforderlich.<\/p>\n\n\n\n<p>Weitere Informationen zu aktuellen Betrugsmaschen und weitere Tipps der Kriminalit\u00e4tspr\u00e4vention erhalten Sie auf der Internetseite:&nbsp;<a target=\"_blank\" href=\"http:\/\/www.polizei-beratung.de\/\" rel=\"noreferrer noopener\">www.polizei-beratung.de<\/a>.<\/p>\n\n\n\n<p>R\u00fcckfragen zur Veranstaltung bitte an:<\/p>\n\n\n\n<p>Polizeipr\u00e4sidium Rheinpfalz \/ Zentrale Pr\u00e4vention Bismarckstra\u00dfe 116 67059 Ludwigshafen Tel.: 0621 963-1150 oder&nbsp;<a href=\"mailto:beratungszentrum.rheinpfalz@polizei.rlp.de\">beratungszentrum.rheinpfalz@polizei.rlp.de<\/a>&nbsp;<a rel=\"noreferrer noopener\" target=\"_blank\" href=\"http:\/\/www.polizei.rlp.de\/pp.rheinpfalz\">www.polizei.rlp.de\/pp.rheinpfalz<\/a><\/p>\n\n\n\n<h4 class=\"wp-block-heading\">(Mannheim) &#8211; Kleinlaster in Unterf\u00fchrung der Tunnelstra\u00dfe festgefahren<\/h4>\n\n\n\n<p>Nach rund zwei Stunden war die Unterf\u00fchrung in der Tunnelstra\u00dfe nach einem Unfall wieder frei befahrbar.<\/p>\n\n\n\n<p>Ein Kleinlaster-Fahrer hatte den Kastenaufbau seines Fahrzeuges untersch\u00e4tzt und war beim Passieren gegen 12.30 Uhr h\u00e4ngen geblieben. W\u00e4hrend der Lkw unbesch\u00e4digt blieb, wurde der Aufbau total besch\u00e4digt.<\/p>\n\n\n\n<p>Um Rangieren zu k\u00f6nnen, wurde der Lkw zun\u00e4chst entladen und anschlie\u00dfend abgeschleppt. Der Gesamtschaden d\u00fcrfte mehrere tausend Euro betragen. An der Br\u00fcckenf\u00fchrung ist nach derzeitigen Erkenntnissen kein Schaden entstanden.<\/p>\n\n\n\n<p>Gegen 14.30 Uhr waren Unfallaufnahme und Abschleppvorgang beendet und die Sperrung wieder aufgehoben.<\/p>\n\n\n\n<h4 class=\"wp-block-heading\">(Mannheim-Jungbusch) &#8211; Unfall verursacht und abgehauen \/ Polizei sucht Zeugen<\/h4>\n\n\n\n<p>Einen Unfall verursachte ein unbekannter Autofahrer in der Nacht von Freitag auf Samstag im Stadtteil Jungbusch. Der Unbekannte besch\u00e4digte mit seinem Fahrzeug den am Fahrbahnrand der Akademiestra\u00dfe geparkten Audi A 5. Nach derzeitigem Ermittlungsstand ist davon auszugehen, dass der Unfallverursacher beim R\u00fcckw\u00e4rts-Rangieren mit seinem Heck gegen die Front des hinter seinem Fahrzeug geparkten Audi gesto\u00dfen war. Dabei wurde der Audi so stark besch\u00e4digt, dass er nicht mehr fahrbereit war. Der Sachschaden wird auf 5.000 Euro gesch\u00e4tzt.<\/p>\n\n\n\n<p>Zeugen, die auf den Unfall aufmerksam geworden waren und sachdienliche Hinweise zum unfallverursachenden Fahrzeug und dessen Fahrer geben k\u00f6nnen, werden gebeten, sich beim Polizeirevier Mannheim-Innenstadt, Tel.: 0621\/1258-0 zu melden.<\/p>\n\n\n\n<h4 class=\"wp-block-heading\">(Mannheim-Seckenheim) &#8211; Katze ausgewichen und Unfall verursacht<\/h4>\n\n\n\n<p>Einen Verkehrsunfall verursachte am fr\u00fchen Montagmorgen ein 19-j\u00e4hriger Mann im Stadtteil Seckenheim. Der junge Mann war kurz nach ein Uhr mit seinem Fiat in der Seckenheimer Hauptstra\u00dfe in Richtung Neuostheim unterwegs. In H\u00f6he des Seckenheimer Rathauses musste er nach eigenen Angaben einer \u00fcber die Stra\u00dfe laufenden Katze ausweichen, wobei er die Kontrolle \u00fcber sein Fahrzeug verlor. Im weiteren Verlauf stie\u00df er gegen einen am Fahrbahnrand geparkten MiniCooper, schob diesen gegen ein Verkehrszeichen und schlie\u00dflich gegen die Hausfassade eines angrenzenden Geb\u00e4udes. Der Fiat blieb anschlie\u00dfend auf den Gleisen der Stra\u00dfenbahn liegen. Beide Fahrzeuge waren so stark besch\u00e4digt, dass sie abgeschleppt werden mussten. Der Sachschaden wird auf mehr als 20.000 Euro gesch\u00e4tzt. Verletzt wurde niemand.<\/p>\n\n\n\n<p>Sowohl ein Alkohol- als auch ein Drogentest verliefen bei dem 19-j\u00e4hrigen Fiat-Fahrer ohne Befund.<\/p>\n\n\n\n<p>Nach Abschluss der Unfallaufnahme musste die Fahrbahn wegen ausgelaufener Betriebsstoffe gereinigt werden. Aufgrund der blockierten Gleise war der Stra\u00dfenbahnverkehr vor\u00fcbergehend unterbrochen.<\/p>\n\n\n\n<h4 class=\"wp-block-heading\">(Mannheim \/ Heidelberg \/ Rhein-Neckar-Kreis) &#8211; Corona-Kontrollen nach &#8222;Notbremse&#8220; und Ausgangsbeschr\u00e4nkung intensiviert; Akzeptanz der Maskentragepflicht br\u00f6ckelt<\/h4>\n\n\n\n<div class=\"wp-block-image\"><figure class=\"aligncenter\"><img decoding=\"async\" loading=\"lazy\" width=\"500\" height=\"667\" src=\"https:\/\/speyer24news.com\/wp-content\/uploads\/2021\/04\/WhatsApp-Image-2021-04-26-at-16.33.00.jpeg\" alt=\"\" class=\"wp-image-35784\" srcset=\"https:\/\/speyer24news.com\/wp-content\/uploads\/2021\/04\/WhatsApp-Image-2021-04-26-at-16.33.00.jpeg 500w, https:\/\/speyer24news.com\/wp-content\/uploads\/2021\/04\/WhatsApp-Image-2021-04-26-at-16.33.00-225x300.jpeg 225w\" sizes=\"(max-width: 500px) 100vw, 500px\" \/><\/figure><\/div>\n\n\n\n<p>Infolge der bundesweiten &#8222;Notbremse&#8220; und der damit verbundenen Ausgangsbeschr\u00e4nkung, passte das Polizeipr\u00e4sidium Mannheim seine Kontrollma\u00dfnahmen in Mannheim, Heidelberg und den St\u00e4dten und Gemeinden des Rhein-Neckar-Kreises an und \u00fcberpr\u00fcfte mit rund 70 Beamtinnen und Beamten zus\u00e4tzlich pro Tag die Einhaltung der CoronaVo und auch die von der Stadt Mannheim erlassen Allgemeinverf\u00fcgung.<\/p>\n\n\n\n<p>Hinsichtlich der Ausgangsbeschr\u00e4nkung wurden zwischen Freitag- und Sonntagabend rund 1200 Fahrzeuge kontrolliert. Die Beanstandungsquote lag mit 150 Verst\u00f6\u00dfen bei etwas \u00fcber 10 Prozent. Bemerkenswert dabei allerdings, dass die Quote am Freitagabend bei \u00fcber 20 Prozent lag, am Samstag und Sonntag bei jeweils weit unter 10 Prozent.<\/p>\n\n\n\n<p>Auff\u00e4llig bei den Kontrollen in den Innenst\u00e4dten war die Tatsache, dass der Umgang mit dem Tragen des Mund-und Nasenschutzes (MNS) offenbar sorgloser betrachtet wird. Gerade am Samstag, an dem bei herrlichem Wetter viele Menschen die Innenst\u00e4dte s\u00e4umten und teilweise die Mindestabst\u00e4nde nicht eingehalten werden konnten, wurde der MNS vielerseits nicht getragen.<\/p>\n\n\n\n<p>W\u00e4hrend vor Wochen fl\u00e4chendeckend noch eine Tragequote von weit \u00fcber 90 Prozent registriert worden war, fiel sie hierzu zumindest \u00fcber das vergangene Wochenende deutlich ab.<\/p>\n\n\n\n<p>Ob dies nur eine Momentaufnahme darstellt oder einem Trend folgt, muss beobachtet werden.<\/p>\n\n\n\n<p>Gemeinsam mit den Kommunalen Ordnungsdiensten der St\u00e4dte und Gemeinden wird das Polizeipr\u00e4sidium Mannheim bei seinen Kontrollen hier ein besonderes Augenmerk auf das MNS-Tragen legen.<\/p>\n\n\n\n<p>Von Freitag bis Sonntag wurden insgesamt rund 4000 Personen aus unterschiedlichen Gr\u00fcnden im Zusammenhang mit der CoronaVO kontrolliert. 420 verstie\u00dfen gegen die MNS-Tragepflicht. Die mit Augenma\u00df vorgenommenen Kontrollen fruchteten bei rund 60 Personen nicht, sodass gegen sie Bu\u00dfgeldverfahren eingeleitet wurden.<\/p>\n\n\n\n<p>Die Kontrollen, insbesondere im Hinblick auf die Ausgangsbeschr\u00e4nkung; die Ansammlung von Personen und das Tragen des Mund- und Nasenschutzes, werden weiter intensiv durchgef\u00fchrt.<\/p>\n\n\n\n<h4 class=\"wp-block-heading\">(Heidelberg) &#8211; Auto kollidiert mit Linienbus, mehrere Verletzte<\/h4>\n\n\n\n<h4 class=\"wp-block-heading\" style=\"text-align:center\">Pressemitteilung Nr. 1<\/h4>\n\n\n\n<p>Am Montagmorgen, gegen 8.15 Uhr, kollidierte im Stadtteil Bergheim ein Auto mit einem Linienbus. Dabei wurden nach derzeitigem Stand vier Personen verletzt.<\/p>\n\n\n\n<p>Wie die bisherigen Ermittlungen der Verkehrspolizei Heidelberg ergaben, war der Autofahrer auf der Bergheimer Stra\u00dfe in Richtung Innenstadt unterwegs und wollte nach links in die Kirchstra\u00dfe abbiegen. Dabei \u00fcbersah er den Linienbus, der auf der Busspur ebenfalls in Richtung Bismarckplatz fuhr, weshalb es schlie\u00dflich zur Kollision kam.<\/p>\n\n\n\n<p>Der Unfall ist mittlerweile aufgenommen und die Bus- und Stra\u00dfenbahnspur, die eine Stunde bis gegen 9.15 Uhr blockiert waren, ist wieder frei. Das Auto ist abgeschleppt. Neben den Rettungskr\u00e4ften war auch Berufsfeuerwehr vor Ort im Einsatz.<\/p>\n\n\n\n<h4 class=\"wp-block-heading\">(Heidelberg) &#8211; Auto kollidiert mit Linienbus, vier verletzte Fahrg\u00e4ste<\/h4>\n\n\n\n<h4 class=\"wp-block-heading\" style=\"text-align:center\">Pressemitteilung Nr. 2<\/h4>\n\n\n\n<p>Wie die Ermittlungen der Heidelberger Verkehrspolizei ergaben, war eine 75-j\u00e4hrige Honda-Fahrerin gegen 8.15 Uhr in Richtung Innenstadt unterwegs, wollte dann aber in H\u00f6he der Kirchstra\u00dfe wenden.<\/p>\n\n\n\n<p>Dabei \u00fcbersah sie den links neben ihr in gleiche Richtung fahrenden Bus und stie\u00df mit ihm zusammen.<\/p>\n\n\n\n<p>W\u00e4hrend die Autofahrerin unverletzt blieb, wurden insgesamt vier Fahrg\u00e4ste im Alter zwischen 14-75 Jahren verletzt. Zwei von ihnen wurden zu ambulanten Behandlung mit Rettungswagen in eine Klinik transportiert.<\/p>\n\n\n\n<p>Das Auto wurde abgeschleppt; der stark besch\u00e4digte Bus war noch fahrbereit, wurde aber aus dem Verkehr genommen und fuhr direkt ins Depot.<\/p>\n\n\n\n<p>Der Gesamtschaden bel\u00e4uft sich auf rund 25.000.- Euro.<\/p>\n\n\n\n<h4 class=\"wp-block-heading\">(Heidelberg) &#8211; Einbr\u00fcche in acht Gartenh\u00fctten; Zeugen gesucht<\/h4>\n\n\n\n<p>Seit Anfang M\u00e4rz dieses Jahres wurden in Heidelberg bereits 20 Aufbr\u00fcche auf Gartengrundst\u00fccken registriert. Schwerpunkt ist hier eindeutig mit 14 Taten des Handschuhsheimer Feld, teilweise, wie in der Nacht von Freitag auf Samstag im Gewann Entensee, wurden gleiche mehrere Gartenh\u00e4user, aufgebrochen. Bei der letzten Tat waren insgesamt acht Gartenh\u00fctten betroffen. Der oder die T\u00e4ter hatten die Vorh\u00e4ngeschl\u00f6sser durchtrennt und Werkzeuge, Gartenger\u00e4te, Geschirre, Bestecke und in einem fall auch Pfeile und Bogen entwendet. Der Sachschaden betr\u00e4gt bei den Einbr\u00fcchen am vergangenen Wochenende weit \u00fcber 1.000.- Euro. Zeugen werden gebeten, sich beim Polizeirevier HD-Nord, Tel.: 06221\/4569-0 zu melden.<\/p>\n\n\n\n<h4 class=\"wp-block-heading\">(Heidelberg-Bahnstadt) &#8211; Kleidercontainer beim Deutschen Roten Kreuz aufgebrochen \/ T\u00e4ter fl\u00fcchten &#8211; Zeugen gesucht<\/h4>\n\n\n\n<p>Am Sonntagabend gegen 21.45 Uhr hat einer Gruppe von sechs bis sieben Personen drei Kleidercontainer auf dem Gel\u00e4nde des DRK im Langen Anger aufgebrochen und daraus Kleidung entwendet. Dabei wurden sie von einem Zeugen \u00fcberrascht, worauf sie in Richtung Baumschulenweg fl\u00fcchteten. W\u00e4hrend der Flucht entledigten sich die T\u00e4ter mehrerer gef\u00fcllter Kleiders\u00e4cke, Taschen und Schuhe. Eine sofort eingeleitete Fahndung nach den Personen verlief erfolglos. Eine n\u00e4here Personenbeschreibung war aufgrund der Dunkelheit nicht m\u00f6glich. Zeugen, die sachdienliche Hinweise geben k\u00f6nnen, werden gebeten, sich unter Telefon 0621\/174-1700 beim Polizeirevier Heidelberg-Mitte zu melden.<\/p>\n\n\n\n<h4 class=\"wp-block-heading\">(Heidelberg-Pfaffengrund) &#8211; Vorfahrt missachtet \/ 17.000EUR Sachschaden<\/h4>\n\n\n\n<p>Zu einem Verkehrsunfall kam es am Samstag kurz nach 18 Uhr an der Kreuzung Marktstra\u00dfe \/ Schwalbenweg. Eine 37-j\u00e4hriger BMW-Fahrerin befuhr den Schwalbenweg in Richtung Marktstra\u00dfe, als Sie an der Kreuzung der beiden Stra\u00dfen einen 63-j\u00e4hrigen Fiat-Fahrer, welcher auf der Marktstra\u00dfe in Richtung L543 unterwegs und vorfahrtsberechtigt war, \u00fcbersah und mit ihm kollidierte. Verletzt wurde gl\u00fccklicherweise niemand, der Sachschaden betr\u00e4gt rund 17.000 EUR.<\/p>\n\n\n\n<h4 class=\"wp-block-heading\">(Heidelberg-Emmertsgrund) &#8211; Reisig ger\u00e4t in Brand \/ Feuer greift auf Wald \u00fcber &#8211; Zeugen gesucht<\/h4>\n\n\n\n<p>Am Samstag verst\u00e4ndigte ein Wanderer die Leitstelle der Feuerwehr, nachdem er kurz nach 15 Uhr im Dormenackerhof ein Feuer nahe dem Waldrand entdeckte, das au\u00dfer Kontrolle war. Beim Eintreffen der Berufsfeuerwehr versuchte der verst\u00e4ndigte Grundst\u00fccksbesitzer den Brand selbst zu l\u00f6schen. Das Feuer hatte zwischenzeitlich auf die Baumwipfel \u00fcbergegriffen. Das Feuer konnte von der Feuerwehr gel\u00f6scht werden. Warum der Reisighaufen in Brand geraten ist, ist derzeit noch ungekl\u00e4rt. Zeugen, die verd\u00e4chtige Beobachtungen gemacht haben, werden gebeten, sich unter Telefon 06221\/34180 beim Polizeirevier Heidelberg-S\u00fcd zu melden.<\/p>\n\n\n\n<h4 class=\"wp-block-heading\">(Heidelberg-Neuenheim) &#8211; Gestohlene Fahrr\u00e4der sichergestellt \/ Eigent\u00fcmer gesucht<\/h4>\n\n\n\n<div class=\"wp-block-image\"><figure class=\"aligncenter\"><img decoding=\"async\" loading=\"lazy\" width=\"800\" height=\"600\" src=\"https:\/\/speyer24news.com\/wp-content\/uploads\/2021\/04\/Fahrrad1.jpg\" alt=\"\" class=\"wp-image-35786\" srcset=\"https:\/\/speyer24news.com\/wp-content\/uploads\/2021\/04\/Fahrrad1.jpg 800w, https:\/\/speyer24news.com\/wp-content\/uploads\/2021\/04\/Fahrrad1-300x225.jpg 300w, https:\/\/speyer24news.com\/wp-content\/uploads\/2021\/04\/Fahrrad1-768x576.jpg 768w, https:\/\/speyer24news.com\/wp-content\/uploads\/2021\/04\/Fahrrad1-678x509.jpg 678w, https:\/\/speyer24news.com\/wp-content\/uploads\/2021\/04\/Fahrrad1-326x245.jpg 326w, https:\/\/speyer24news.com\/wp-content\/uploads\/2021\/04\/Fahrrad1-80x60.jpg 80w\" sizes=\"(max-width: 800px) 100vw, 800px\" \/><\/figure><\/div>\n\n\n\n<p>In der Nacht von Samstag auf Sonntag wurden die Beamten des Polizeireviers Heidelberg-Nord um 1 Uhr auf vier junge M\u00e4nner aufmerksam, die sich trotz geltender Ausgangsbeschr\u00e4nkung in der Tiergartenstra\u00dfe aufhielten. Bei der anschlie\u00dfenden Kontrolle fiel diesen insbesondere ein Damenrad mit Kindersitz auf, auf dem einer 21-J\u00e4hrigen fuhr. Auf Nachfrage gestand der junge Mann, dass Fahrrad kurz zuvor gestohlen zu haben. Auch zwei weitere Begleiter waren mit Fahrr\u00e4dern unterwegs, die ihnen offenbar nicht geh\u00f6rten. <\/p>\n\n\n\n<figure class=\"wp-block-image\"><img decoding=\"async\" loading=\"lazy\" width=\"800\" height=\"600\" src=\"https:\/\/speyer24news.com\/wp-content\/uploads\/2021\/04\/Fahrrad3.jpg\" alt=\"\" class=\"wp-image-35787\" srcset=\"https:\/\/speyer24news.com\/wp-content\/uploads\/2021\/04\/Fahrrad3.jpg 800w, https:\/\/speyer24news.com\/wp-content\/uploads\/2021\/04\/Fahrrad3-300x225.jpg 300w, https:\/\/speyer24news.com\/wp-content\/uploads\/2021\/04\/Fahrrad3-768x576.jpg 768w, https:\/\/speyer24news.com\/wp-content\/uploads\/2021\/04\/Fahrrad3-678x509.jpg 678w, https:\/\/speyer24news.com\/wp-content\/uploads\/2021\/04\/Fahrrad3-326x245.jpg 326w, https:\/\/speyer24news.com\/wp-content\/uploads\/2021\/04\/Fahrrad3-80x60.jpg 80w\" sizes=\"(max-width: 800px) 100vw, 800px\" \/><\/figure>\n\n\n\n<p>Der vierte im Bunde fuhr auf einem E-Scooter &#8211; dieser war allerdings nicht entwendet worden. Die drei jungen M\u00e4nner, die mit den Fahrr\u00e4dern unterwegs waren, gelangen nun wegen Diebstahls zur Anzeige. Wo sie die Zweir\u00e4der, welche sichergestellt wurden, aber entwendet hatten wollten sie nicht angeben.<\/p>\n\n\n\n<div class=\"wp-block-image\"><figure class=\"aligncenter\"><img decoding=\"async\" loading=\"lazy\" width=\"800\" height=\"600\" src=\"https:\/\/speyer24news.com\/wp-content\/uploads\/2021\/04\/Fahrrad2.jpg\" alt=\"\" class=\"wp-image-35788\" srcset=\"https:\/\/speyer24news.com\/wp-content\/uploads\/2021\/04\/Fahrrad2.jpg 800w, https:\/\/speyer24news.com\/wp-content\/uploads\/2021\/04\/Fahrrad2-300x225.jpg 300w, https:\/\/speyer24news.com\/wp-content\/uploads\/2021\/04\/Fahrrad2-768x576.jpg 768w, https:\/\/speyer24news.com\/wp-content\/uploads\/2021\/04\/Fahrrad2-678x509.jpg 678w, https:\/\/speyer24news.com\/wp-content\/uploads\/2021\/04\/Fahrrad2-326x245.jpg 326w, https:\/\/speyer24news.com\/wp-content\/uploads\/2021\/04\/Fahrrad2-80x60.jpg 80w\" sizes=\"(max-width: 800px) 100vw, 800px\" \/><\/figure><\/div>\n\n\n\n<p>Das Polizeirevier Heidelberg-Nord sucht in diesem Zusammenhang nach den Eigent\u00fcmern der Fahrr\u00e4der. Wer sein Zweirad wiedererkennt, wird gebeten, sich unter 06211 45690 an die Beamten zu wenden.<\/p>\n\n\n\n<h4 class=\"wp-block-heading\">(Heidelberg-S\u00fcdstadt) &#8211; Busch- und Wiesenbrand an Schule \/ Zeugen gesucht<\/h4>\n\n\n\n<p>Aus unbekannter Ursache geriet am Sonntag gegen 15 Uhr das Buschwerk sowie ein Teil einer Wiese an der Julius-Springer-Schule in der Elsa-Br\u00e4ndstr\u00f6m-Stra\u00dfe in Brand. Die Berufsfeuerwehr Heidelberg r\u00fcckte mit einem L\u00f6schfahrzeug an und l\u00f6schte den Brand. Es entstand Sachschaden von mehreren Hundert Euro. Zeugen, die verd\u00e4chtige Beobachtungen gemacht haben, werden gebeten, sich unter Telefon 06221\/34180 beim Polizeirevier Heidelberg-S\u00fcd zu melden.<\/p>\n\n\n\n<h4 class=\"wp-block-heading\">(Plankstadt \/ Rhein-Neckar-Kreis) &#8211; 18-J\u00e4hriger streift betrunken geparkte Autos \/ Sachschaden ca. 35.000 Euro<\/h4>\n\n\n\n<p>Erheblich betrunken verursachte ein 18-j\u00e4hriger Fahrer eines Toyota in der Nacht von Samstag auf Sonntag in der Jahnstra\u00dfe einen Verkehrsunfall, Dabei entstand ein Gesamtsachschaden von ca. 35.000 Euro. Kurz nach Mitternacht hatte der 18-J\u00e4hrige zwei geparkte Mercedes gestreift. Bei der Unfallaufnahme wurde Alkoholgeruch in der Atemluft festgestellt, ein Atemalkoholtest erbrachte einen Wert von \u00fcber 1,5 Promille. Auf dem Revier entnahm ein Arzt eine Blutprobe, der F\u00fchrerschein wurde sichergestellt.<\/p>\n\n\n\n<h4 class=\"wp-block-heading\">(Nu\u00dfloch \/ Rhein-Neckar-Kreis) &#8211; Geparkten Opel besch\u00e4digt und gefl\u00fcchtet \/ 6.000 Euro Sachschaden &#8211; Zeugen gesucht<\/h4>\n\n\n\n<p>In der Nacht von Samstag auf Sonntag streifte ein bislang unbekannter Autofahrer in der Stra\u00dfe Rheinblick einen geparkten Opel auf der gesamten Fahrerseite. Ohne sich um den entstandenen Sachschaden in H\u00f6he von ca. 6.000 Euro zu k\u00fcmmern, entfernte sich der Fahrer von der Unfallstelle. Zeugen, die sachdienliche Hinweise auf den Unfallverursacher geben k\u00f6nnen, werden gebeten sich unter Telefon 06222\/57090 beim Polizeirevier Wiesloch zu melden.<\/p>\n\n\n\n<h4 class=\"wp-block-heading\">(Wiesloch \/ Rhein-Neckar-Kreis) &#8211; Alkoholisierter PKW-Fahrer gef\u00e4hrdet Fu\u00dfg\u00e4nger \/ Wichtige Zeugen gesucht!<\/h4>\n\n\n\n<p>Der Zusammensto\u00df mit einer Stra\u00dfenlaterne beendete am Sonntagabend die gef\u00e4hrliche Fahrt eines betrunkenen Autofahrers nahe der Eishalle.<\/p>\n\n\n\n<p>Zuvor fuhr der 47-J\u00e4hrige Mercedes-Fahrer auf der Parkstra\u00dfe in Richtung Stadtzentrum, wobei zwei Zeugen aufgrund der gefahrenen Schlangenlinien auf diesen aufmerksam wurden und die Polizei verst\u00e4ndigten. Noch w\u00e4hrend sie dem Mercedes folgten, kam der 47-j\u00e4hrige Fahrer nahe des Schulzentrums von der Fahrbahn auf den Gehweg ab wo sich eine vierk\u00f6pfige Familie befand. Die Eltern zogen ihre Kinder zur Seite, wobei der betrunkene Fahrer seinen Weg unbeirrt fortsetzte. Zu einem Zusammensto\u00df kam es gl\u00fccklicherweise nicht. Letztlich beobachteten die Zeugen wie der Mercedes nahe der Eishalle mit einer Stra\u00dfenlaterne kollidierte, kurz stehen blieb und anschlie\u00dfend 30 Meter entfernt parkte. Als die Beamten des Polizeireviers Wiesloch den Mann, der noch in seinem Auto sa\u00df, kontrollierten, fiel diesen neben einer leeren Bierdose auch der Geruch von Alkohol und die verwaschene Aussprache des 47-J\u00e4hrigen auf. Er wurde zur Dienststelle verbracht, wo ihm eine Blutprobe entnommen wurde. Der F\u00fchrerschein sowie die Autoschl\u00fcssel wurden einbehalten. Ihn erwartet nun eine Strafanzeige wegen Stra\u00dfenverkehrsgef\u00e4hrdung.<\/p>\n\n\n\n<p>In diesem Zusammenhang suchen die Beamten weitere Zeugen, insbesondere die durch den Mann gef\u00e4hrdete Familie. Diese werden gebeten, sich unter 06222 57090 an das Polizeirevier Wiesloch zu wenden.<\/p>\n\n\n\n<h4 class=\"wp-block-heading\">(St. Leon-Rot \/ A 6 \/ Rhein-Neckar-Kreis) &#8211; Tiertransport gestoppt \/ 16 Hunde und 2 Katzen beschlagnahmt<\/h4>\n\n\n\n<p>Ein Tiertransport wurde durch Beamte der Autobahnpolizei Walldorf am Samstagnachmittag auf der A 6 gestoppt. Den Beamten fiel der Ford-Transit gegen 14.30 Uhr auf dem Parkplatz &#8222;Bucheneck&#8220; an der A 6 bei St. Leon-Rot auf und wurde einer Kontrolle unterzogen. Dabei bemerkten die Beamten unz\u00e4hlige Tiertransportboxen im Laderaum des Fahrzeugs, die dort ungesichert gestapelt waren und in denen sich insgesamt 16 Hunde und 2 Katzen befanden. Um an einige der Boxen zu gelangen, mussten zun\u00e4chst andere Boxen entladen werden. Der Transport soll im Auftrag einer Tierschutzorganisation am Vortag gegen 12 Uhr in Bulgarien gestartet sein, die Tiere sollten an K\u00e4ufer in Deutschland, \u00d6sterreich und Belgien \u00fcbergeben werden. Eine R\u00fcckrechnung der Fahrtstrecke ergab, dass der Transport ohne Pause von Bulgarien durchgefahren war.<\/p>\n\n\n\n<p>Bei einer ersten \u00dcberpr\u00fcfung der Tiere konnte festgestellt werden, dass diese nicht gechipppt waren und Unstimmigkeiten mit den vorgelegten Impfp\u00e4ssen bestanden.<\/p>\n\n\n\n<p>Nachdem das zust\u00e4ndige Veterin\u00e4ramt des Rhein-Neckar-Kreises \u00fcber den Sachverhalt in Kenntnis gesetzt worden war, kam ein Amtsveterin\u00e4r vor Ort und verf\u00fcgte die Beschlagnahme der Tiere. Diese wurden im Anschluss in einem Tierheim untergebracht.<\/p>\n\n\n\n<p>Die weiteren Ermittlungen der Polizei und des Veterin\u00e4ramts des Rhein-Neckar-Kreises dauern an.<\/p>\n\n\n\n<h4 class=\"wp-block-heading\">(Sinsheim \/ Rhein-Neckar-Kreis) &#8211; Drei Motorradunf\u00e4lle am Sonntagnachmittag, drei verletzte Biker, einer davon lebensgef\u00e4hrlich<\/h4>\n\n\n\n<p>Bei herrlichem Wetter war am Sonntag landauf, landab Biker-Tag. Unz\u00e4hlige Zweiradfahrer nutzen die Gelegenheit, teilweise zum ersten Mal in diesem Jahr, das &#8222;Moped&#8220; zu einer Ausfahrt, entweder alleine oder im Pulk, aus der Garage zu holen.<\/p>\n\n\n\n<p>F\u00fcr drei Motorradfahrer hatte ihre Ausfahrt am Sonntagnachmittag teilweise erhebliche Folgen. Rund um Sinsheim ereigneten sich binnen 3,5 Stunden drei Verkehrsunf\u00e4lle, an den Motorradfahrer beteiligt waren.<\/p>\n\n\n\n<p>Der schwerste geschah, wie bereits berichtet, kurz nach 16 Uhr auf der B 45, zwischen Sinsheim und Hoffenheim, als eine junge Autofahrerin in ein Grundst\u00fcck abbiegen wollte und einen nachfolgenden Motorradfahren \u00fcbersah, der seinerseits zum \u00dcberholen angesetzt hatte. Mit lebensgef\u00e4hrlichen Verletzungen wurde anf\u00e4ngerder Mann mit einem Rettungshubschrauber in eine Klinik geflogen.<\/p>\n\n\n\n<p>Bereits rund zwei Stunden zuvor wurde ein 65-j\u00e4hriger Motorradfahrer bei einem Verkehrsunfall mit einem Autofahrer nahe des Ortsteils Steinsfurt verletzt. Der 40-j\u00e4hrige Audi-Fahrer war auf der L 592 von Reihen in Richtung Steinsfurt unterwegs und wollte gegen 14 Uhr an der Einm\u00fcndung zur B 39 nach links in Richtung Steinsfurt abbiegen. Dabei \u00fcbersah er den Motorradfahrer, der in Richtung Kirchardt fuhr. Nach seiner ersten Versorgung vor Ort, wurde der 65-J\u00e4hrige mit einem Rettungswagen in eine Klinik gebracht. Der Sachschaden betr\u00e4gt mehrere tausend Euro.<\/p>\n\n\n\n<p>Gegen 17.30 Uhr kam es auf der B 292, kurz vor dem Ortsteil D\u00fchren zum dritten und letzten Verkehrsunfall mit Motorradbeteiligung an diesem Nachmittag f\u00fcr das Polizeirevier Sinsheim.<\/p>\n\n\n\n<p>Der 63-j\u00e4hrige Fahrer einer Moto Guzzi war in Richtung D\u00fchren unterwegs, als er an der Einm\u00fcndung &#8222;Am Leitzelberg&#8220; eine rote Ampel zu sp\u00e4t erkannte. Der Biker st\u00fcrzte und rutschte unter das Heck des vor ihm abbremsenden 53-j\u00e4hrigen VW-Fahrers. Dieser erlitt keine, der 65-J\u00e4hrige leichte Verletzungen. Er wurde vor Ort behandelt. Der Sachschaden ist gering.<\/p>\n\n\n\n<h4 class=\"wp-block-heading\">(Neckargem\u00fcnd \/ Rhein-Neckar-Kreis) &#8211; Gro\u00dfe Suchaktion auf dem Neckar<\/h4>\n\n\n\n<p>Mit einem Gro\u00dfaufgebot von Kr\u00e4ften der Wasserschutzpolizei, Polizei, Feuerwehr mit Tauchern und DLRG mit Wasserrettungshunden wurde am Sonntagabend, 25.4.2021, gegen 21:00 Uhr, auf dem Neckar nach einer vermeintlich vermissten Frau und ihrem Kind gesucht.<\/p>\n\n\n\n<p>Mehrere Zeugen meldeten fast zeitgleich eine Frau mit einem Kind in einem Boot auf dem Neckar, sowie kurze Zeit sp\u00e4ter ein unbesetztes Kanu auf dem Neckar treibend.<\/p>\n\n\n\n<p>Um sicherzustellen, dass keine Personen in Gefahr sind, wurde mit \u00fcber 100 Einsatzkr\u00e4ften der Feuerwehren Neckargem\u00fcnd, Heidelberg, der DLRG Neckargem\u00fcnd und Heidelberg an Land und auf dem Wasser der gesamte Bereich ergebnislos abgesucht. Weitere Ermittlungen ergaben, dass die Frau und das Kind mit ihrem Standup-Board nach einer kleinen Tour wieder an Land gegangen waren und ihr Board nachhause getragen haben. Zwischen dem unbesetzten Kanu, an dem keine Hinweise auf Personen an Bord vorhanden waren und den gemeldeten Personen mit dem zweiten Boot bestand kein Zusammenhang. Frau und Kind konnten wohlbehalten zuhause angetroffen werden. Die umfangreichen Suchma\u00dfnahmen wurden gegen 00:15 Uhr beendet.<\/p>\n\n\n\n<h4 class=\"wp-block-heading\">(Bammental \/ Rhein-Neckar-Kreis) &#8211; Einbruch in Elsenztalschule; Zeugen gesucht<\/h4>\n\n\n\n<p>Zwischen Freitagnachmittag, 14.30 Uhr und Samstagabend, 19.30 Uhr, brachen bislang unbekannte T\u00e4ter in die Elsentalschule am Herbert-Echner-Platz ein. Dazu rissen sie ein Fenster der Herrentoilette heraus, um in das Geb\u00e4ude einsteigen zu k\u00f6nnen. Im Inneren versuchten sie mehrere verschlossene T\u00fcren einzutreten.<\/p>\n\n\n\n<p>Ob etwas entwendet wurde, steht noch nicht fest. Der Sachschaden betr\u00e4gt nach ersten Sch\u00e4tzungen mehrere tausend Euro.<\/p>\n\n\n\n<p>Ein Zeuge hatte das zerst\u00f6rte Fenster entdeckt und die Polizeiverst\u00e4ndigt.<\/p>\n\n\n\n<p>Weitere Zeugen, die insbesondere Hinweise zu dem oder den T\u00e4ter geben k\u00f6nnen, werden gebeten, sich beim Polizeiposten Meckesheim, Tel.: 06226\/1336 oder beim Polizeirevier Neckargem\u00fcnd, Tel.: 06223\/9254-0 zu melden.<\/p>\n\n\n\n<h4 class=\"wp-block-heading\">(Bammental \/ Rhein-Neckar-Kreis) &#8211; Unfallflucht auf Supermarktparkplatz \/ 5.000 EUR Schaden &#8211; Polizei sucht Zeugen<\/h4>\n\n\n\n<p>Zu einem Verkehrsunfall kam es am Samstag zwischen 06:20 Uhr und 15:30 Uhr auf dem Parkplatz des Edeka Markts in der Hauptstra\u00dfe. Ein bislang unbekannter Fahrzeugf\u00fchrer besch\u00e4digte, vermutlich beim r\u00fcckw\u00e4rts Ausparken einen auf dem Kundenparkplatz des Edeka Markts geparkten Peugeot. Aufgrund der Ansto\u00dfh\u00f6he handelte es sich bei dem Verursacher vermutlich um einen LKW, welcher auf einer Parkbucht vor dem angrenzenden Gartencentergeb\u00e4ude geparkt war. Der Sachschaden betr\u00e4gt rund 5.000 EUR.<\/p>\n\n\n\n<p>Zeugen, die sachdienliche Hinweise auf den Unfallverursacher geben k\u00f6nnen, werden gebeten sich beim Polizeirevier Neckargem\u00fcnd, unter der Telefonnummer 06223-92540, zu melden.<\/p>\n\n\n\n<h4 class=\"wp-block-heading\">(Heiligkreuzsteinach \/ Rhein-Neckar-Kreis) &#8211; Geschwindigkeitskontrollen an unfalltr\u00e4chtiger Strecke \/ Viele Motorradfahrer zu schnell unterwegs<\/h4>\n\n\n\n<p>Die Verkehrspolizei Mannheim f\u00fchrte am Samstag, in der Zeit zwischen 11 Uhr und 15 Uhr an der L 535 bei Heiligkreuzsteinach Geschwindigkeitskontrollen, insbesondere von Motorradfahrern, durch.<\/p>\n\n\n\n<p>Die L 535 zwischen Heiligkreuzsteinach und Abzweig Hilsenhain ist eine unfalltr\u00e4chtige Strecke. Allein im Jahr 2020 ereigneten sich auf der bei Motorradfahrern beliebten Strecke acht Verkehrsunf\u00e4lle, bei denen drei Verkehrsteilnehmer t\u00f6dlich verungl\u00fcckten. Zwei der Get\u00f6teten waren mit einem Motorrad unterwegs. Dar\u00fcber hinaus waren im gleichen Jahr zwei Schwerverletzte und zwei Leichtverletzte zu beklagen. Bei sechs der acht Unf\u00e4lle wurde nicht angepasste Geschwindigkeit als Unfallursache ermittelt. Aufgrund dessen wurde durch die zust\u00e4ndige Verkehrsbeh\u00f6rde an gef\u00e4hrlichen Stellen die Geschwindigkeit f\u00fcr Motorradfahrer bereits auf 50 km\/h begrenzt.<\/p>\n\n\n\n<p>Bei den Kontrollma\u00dfnahmen an diesen gef\u00e4hrlichen Stellen wurde die Geschwindigkeit von insgesamt 560 Fahrzeugen, darunter 175 Motorradfahrer, gemessen. Bei 62 Verkehrsteilnehmern (darunter 55 Kraftradfahrer) wurde dabei eine \u00dcberschreitung der zul\u00e4ssigen H\u00f6chstgeschwindigkeit festgestellt.<\/p>\n\n\n\n<p>20 Motorradfahrer waren um bis zu 20 hm\/h zu schnell, 21 Fahrer hatten die Geschwindigkeit um mehr als 21 km\/h \u00fcberschritten. 14 Verkehrsteilnehmer m\u00fcssen ihre Motorr\u00e4der nun vor\u00fcbergehend in der Garage lassen, da sie die Geschwindigkeit so stark \u00fcberschritten hatten (mehr als 40 km\/h) zu schnell, dass sie nun einem Fahrverbot entgegensehen. Die h\u00f6chste gemessene Geschwindigkeit war 109 km\/h bei erlaubten 50 km\/h.<\/p>\n\n\n\n<p>Im Rahmen der ganzheitlich durchgef\u00fchrten \u00dcberpr\u00fcfungen wurden auch die Motorr\u00e4der der Betroffenen n\u00e4her in Augenschein genommen. Dabei wurden an vier Fahrzeugen technische M\u00e4ngel festgestellt, die mit einem M\u00e4ngelbericht belegt wurden. An zwei Fahrzeugen waren technische Ver\u00e4nderungen vorgenommen worden, die zum Erl\u00f6schen der Betriebserlaubnis f\u00fchrten.<\/p>\n\n\n\n<p>Zur Verhinderung weiterer schwerer Verkehrsunf\u00e4lle sind weitere Kontrollma\u00dfnahmen auf dieser Strecke bereits in der Planung. Das Ergebnis vom Wochenende zeigt deutlich, dass diese Kontrollen zur nachhaltigen Bek\u00e4mpfung der Hauptunfallursache &#8222;nichtangepasste Geschwindigkeit&#8220; dringend erforderlich sind.<\/p>\n\n\n\n<h4 class=\"wp-block-heading\">(Schriesheim \/ Heidelberg \/ Rhein-Neckar-Kreis) &#8211; Gartenh\u00fctte am Gleitschirmlandeplatz aufgebrochen; Zeugen gesucht<\/h4>\n\n\n\n<p>In der Nacht von Samstag auf Sonntag wurde die Gartenh\u00fctte am Gleitschirmlandeplatz im Dossenheimer Weg aufgebrochen. Offenbar wurde lediglich eine Axt entwendet. Der Sach- und Diebstahlsschaden d\u00fcrfte bei einigen hundert Euro liegen.<\/p>\n\n\n\n<p>Wie in Erfahrung gebracht wurde, kam es bereits zwischen Mittwoch und Freitag letzter Woche zu einem Einbruch an derselben Stelle. Neben Werkzeug fiel dem T\u00e4ter auch noch ein geringer Bargeldbetrag in die H\u00e4nde. Der Gesamtschaden hier ca. 1.000.- Euro.<\/p>\n\n\n\n<p>Ob beide Einbr\u00fcche im Zusammenhang mit der Einbruchserie im Handschuhsheimer Feld in Heidelberg stehen, ist Gegenstand der Ermittlungen.<\/p>\n\n\n\n<p>Zeugen wenden sich bitte an den Polizeiposten Schriesheim, Tel.: 06203\/61301 oder an das Polizeirevier Weinheim, Tel.: 06201\/1003-0.<\/p>\n","protected":false},"excerpt":{"rendered":"<div class=\"mh-excerpt\"><p>Polizeimeldungen vom Montag (26.04.2021) (Speyer) &#8211; Schwer verletzt und 7000 Euro Sachschaden Vermutlich zu schnell unterwegs war am Sonntag um 17:00 Uhr ein 28-J\u00e4hriger aus Speyer. Der Mann befuhr mit seinem Kleinkraftrad die Industriestra\u00dfe in <a class=\"mh-excerpt-more\" href=\"https:\/\/speyer24news.com\/?p=35776\" title=\"Polizei\">[&#8230;]<\/a><\/p>\n<\/div>","protected":false},"author":3,"featured_media":0,"comment_status":"open","ping_status":"open","sticky":false,"template":"","format":"standard","meta":{"_monsterinsights_skip_tracking":false,"_monsterinsights_sitenote_active":false,"_monsterinsights_sitenote_note":"","_monsterinsights_sitenote_category":0,"footnotes":""},"categories":[12],"tags":[3614,61,2555,6955,6986,6263,63,105,11150,6987,53,4854,4683,1548,102,213,55,5261,103,106,2803,2423,427,2625,380,62,104,979,1565],"aioseo_notices":[],"amp_enabled":true,"_links":{"self":[{"href":"https:\/\/speyer24news.com\/index.php?rest_route=\/wp\/v2\/posts\/35776"}],"collection":[{"href":"https:\/\/speyer24news.com\/index.php?rest_route=\/wp\/v2\/posts"}],"about":[{"href":"https:\/\/speyer24news.com\/index.php?rest_route=\/wp\/v2\/types\/post"}],"author":[{"embeddable":true,"href":"https:\/\/speyer24news.com\/index.php?rest_route=\/wp\/v2\/users\/3"}],"replies":[{"embeddable":true,"href":"https:\/\/speyer24news.com\/index.php?rest_route=%2Fwp%2Fv2%2Fcomments&post=35776"}],"version-history":[{"count":8,"href":"https:\/\/speyer24news.com\/index.php?rest_route=\/wp\/v2\/posts\/35776\/revisions"}],"predecessor-version":[{"id":35791,"href":"https:\/\/speyer24news.com\/index.php?rest_route=\/wp\/v2\/posts\/35776\/revisions\/35791"}],"wp:attachment":[{"href":"https:\/\/speyer24news.com\/index.php?rest_route=%2Fwp%2Fv2%2Fmedia&parent=35776"}],"wp:term":[{"taxonomy":"category","embeddable":true,"href":"https:\/\/speyer24news.com\/index.php?rest_route=%2Fwp%2Fv2%2Fcategories&post=35776"},{"taxonomy":"post_tag","embeddable":true,"href":"https:\/\/speyer24news.com\/index.php?rest_route=%2Fwp%2Fv2%2Ftags&post=35776"}],"curies":[{"name":"wp","href":"https:\/\/api.w.org\/{rel}","templated":true}]}}