{"id":35859,"date":"2021-04-27T12:59:51","date_gmt":"2021-04-27T11:59:51","guid":{"rendered":"https:\/\/speyer24news.com\/?p=35859"},"modified":"2021-04-27T12:59:52","modified_gmt":"2021-04-27T11:59:52","slug":"polizei-566","status":"publish","type":"post","link":"https:\/\/speyer24news.com\/?p=35859","title":{"rendered":"Polizei"},"content":{"rendered":"<style type=\"text\/css\">\r\n\t.ads_top_disp{}\r\n\t.ads_top_corner_disp{ float:left; margin:0px 10px 10px 0px; }\r\n\t.ads_first_p_disp{}\r\n\t.ads_bottom_disp{}\r\n\t<\/style>\n<h2 class=\"wp-block-heading\">Polizeimeldungen vom Dienstag (27.04.2021)<\/h2>\n\n\n\n<div class=\"wp-block-image\"><figure class=\"aligncenter\"><img decoding=\"async\" src=\"https:\/\/speyer24news.com\/wp-content\/uploads\/2020\/01\/Aktuelles-Polizeilogo.jpg\" alt=\"\" class=\"wp-image-23832\"\/><\/figure><\/div>\n\n\n\n<h4 class=\"wp-block-heading\">(Speyer) &#8211; Kontrollen im Stadtgebiet<\/h4>\n\n\n\n<p>Gleich zweimal wurde der Fahrradverkehr Montagvormittag in der Bahnhofstra\u00dfe \u00fcberwacht. W\u00e4hrend sich am fr\u00fchen Morgen zwischen 08:00 Uhr und 08:30 alle Radfahrerinnen und -fahrer an die Verkehrsregeln hielten, nutzten acht Fahrradfahrerinnen und -fahrer in der Zeit von 10:30 Uhr bis 11:30 Uhr den Radweg in nicht zul\u00e4ssiger Richtung. Verwarnungen wurden ausgesprochen.<\/p>\n\n\n\n<p>Weitere Verkehrskontrollen f\u00fchrten die Beamtinnen und Beamten gegen 22:30 Uhr in der Wormser Landstra\u00dfe durch. Hier kam es zur Einleitung eines Ordnungswidrigkeitenverfahren gegen einen 26-J\u00e4hriger BMW-Fahrer. Dieser konnte f\u00fcr das Verbauen eines verstellbaren Fahrwerks sowie einer \u00c4nderung der Rad-\/Reifenkombination keine \u00c4nderungsabnahme vorweisen. Dies hatte das Erl\u00f6schen der Betriebserlaubnis zur Folge.<\/p>\n\n\n\n<h4 class=\"wp-block-heading\">(Speyer) &#8211; Fahrer unter Drogen, aber ohne Fahrerlaubnis und Versicherungsschutz unterwegs<\/h4>\n\n\n\n<p>Besonders hart traf es am Montag um 15:15 Uhr einen 42-J\u00e4hrigen Roller-Fahrer, der in der Matth\u00e4us-Hotz-Stra\u00dfe von einer Polizeistreife kontrolliert wurde. An dem Roller war ein ung\u00fcltiges Versicherungskennzeichen aus dem Jahr 2018 angebracht, wodurch der Versicherungsschutz erloschen ist. Ermittlungen ergaben, dass die H\u00f6chstgeschwindigkeit seines Kleinkraftrades anstelle von erlaubten 45 km\/h mehr als 100 km\/h betrug. Der Mann muss sich nun nicht nur wegen des Versto\u00dfes gegen das Pflichtversicherungsgesetz, sondern auch wegen Fahren ohne Fahrerlaubnis verantworten, da er keinen erforderlichen F\u00fchrerschein besa\u00df. Zu allem \u00dcberfluss stellten die Beamten bei dem 42-J\u00e4hrigen drogentypische Auff\u00e4lligkeiten fest. Der Verdacht wurde durch einen Schnelltest best\u00e4tigt. Dieser reagierte positiv auf Amfetamin und THC. Ihm wurde die Weiterfahrt untersagt und eine Blutprobe entnommen.<\/p>\n\n\n\n<h4 class=\"wp-block-heading\">(Neuhofen) &#8211; Telefonbetrug<\/h4>\n\n\n\n<p>Am vergangenen Freitag erhielt ein Mann aus Neuhofen einen Anruf von einer Firma, die angeblich mit Sozialstationen zusammenarbeiten und Pflegemittelpakete bei den Krankenkassen beantragen w\u00fcrde, die Personen mit Pflegegrad 2 zust\u00fcnden. Da die Ehefrau des Mannes tats\u00e4chlich im Pflegegrad 2 eingestuft war, sch\u00f6pfte er zun\u00e4chst keinen Verdacht und gab die Daten seiner Frau weiter. Als er dann aber auch noch eine E-Mail zugesandt bekam, in welche er seine Unterschrift eingeben sollte, ist er misstrauisch geworden und erkannte, dass die Daten seiner Frau betr\u00fcgerisch erlangt wurden. Ein Schaden ist ihm bis jetzt nicht entstanden.<\/p>\n\n\n\n<h4 class=\"wp-block-heading\">(Dudenhofen) &#8211; Verkehrs\u00fcberwachung<\/h4>\n\n\n\n<p>Eine Kontrollstelle wurde Montagvormittag in der Neustadter Stra\u00dfe in Dudenhofen eingerichtet. Bei 16 kontrollierten Fahrzeugen kam es zu sechs Beanstandungen, da die Fahrzeugf\u00fchrerinnen und -f\u00fchrer ihren F\u00fchrerschein bzw. Fahrzeugschein nicht mit sich f\u00fchrten oder keine Verbandsk\u00e4sten bzw. Warndreiecke vorzeigen konnten. Verwarnungen wurden ausgesprochen und M\u00e4ngelberichte ausgestellt.<\/p>\n\n\n\n<h4 class=\"wp-block-heading\">(Germersheim) &#8211; Trotz vier &#8222;Energy-Drinks&#8220; langsamer als die Polizei<\/h4>\n\n\n\n<p>Montagabend verst\u00e4ndigte ein aufmerksamer Zeuge die Polizei in Germersheim, als er in der Marktstra\u00dfe einen vermeintlichen Autoaufbruch wahrnahm. Zwei Tatverd\u00e4chtige machten sich an einem Pkw zu schaffen und fl\u00fcchteten anschlie\u00dfend ohne Beute. Die Polizei leitete sofort umfangreiche Fahndungsma\u00dfnahmen in der Innenstadt ein. Dabei waren mehrere Streifen aus umliegenden Dienststellen im Einsatz. W\u00e4hrend einer Kontrolle in der Festungsanlage fiel ein 41-j\u00e4hriger Mann auf, der sofort das Weite suchte. Nach einem kurzen Sprint der Polizeibeamten konnte er eingeholt und festgenommen werden. Er kam nach weiteren Ermittlungen zwar nicht als einer der gesuchten M\u00e4nner in Frage, gegen ihn bestand jedoch ein Haftbefehl, sodass er noch in der Nacht in eine Justizvollzugsanstalt eingeliefert wurde. W\u00e4hrend der Fahrt dorthin erz\u00e4hlte er den Beamten, dass er kurz vor seinem Fluchtversuch vier Energy Dosen getrunken hatte. Doch auch das hat nicht gereicht, um den jungen Beamten davon zu rennen.<\/p>\n\n\n\n<h4 class=\"wp-block-heading\">(Germersheim) &#8211; Brand in Kleingartenanlage<\/h4>\n\n\n\n<div class=\"wp-block-image\"><figure class=\"aligncenter\"><img decoding=\"async\" loading=\"lazy\" width=\"800\" height=\"600\" src=\"https:\/\/speyer24news.com\/wp-content\/uploads\/2021\/04\/IMG_2175.jpg\" alt=\"\" class=\"wp-image-35861\" srcset=\"https:\/\/speyer24news.com\/wp-content\/uploads\/2021\/04\/IMG_2175.jpg 800w, https:\/\/speyer24news.com\/wp-content\/uploads\/2021\/04\/IMG_2175-300x225.jpg 300w, https:\/\/speyer24news.com\/wp-content\/uploads\/2021\/04\/IMG_2175-768x576.jpg 768w, https:\/\/speyer24news.com\/wp-content\/uploads\/2021\/04\/IMG_2175-678x509.jpg 678w, https:\/\/speyer24news.com\/wp-content\/uploads\/2021\/04\/IMG_2175-326x245.jpg 326w, https:\/\/speyer24news.com\/wp-content\/uploads\/2021\/04\/IMG_2175-80x60.jpg 80w\" sizes=\"(max-width: 800px) 100vw, 800px\" \/><\/figure><\/div>\n\n\n\n<p>Bei einem Brand in einer Germersheimer Kleingartenanlage wurden mehrere Parzellen durch ein Feuer in Mitleidenschaft gezogen.<\/p>\n\n\n\n<p>Am Montag um 17.36 Uhr wurde ein brennendes Gartenhaus in der Kleingartenanlage &#8222;In der Kranenbleis&#8220; gemeldet. Bis zum Eintreffen der alarmierten Feuerwehr stand das Gartenhaus in Vollbrand. Das Feuer drohte auf die angrenzenden Parzellen \u00fcberzugreifen. Der Feuerwehr Germersheim gelang es den Brand schnell unter Kontrolle zu bringen. Die betroffene Parzelle samt Gartenhaus brannte nieder. Weitere Parzellen waren durch das Feuer leicht betroffen. Verletzt wurde niemand. Es entstand lediglich Sachschaden. Brandursache d\u00fcrfte ein unsachgem\u00e4\u00dfer Umgang mit Feuer gewesen sein.<\/p>\n\n\n\n<h4 class=\"wp-block-heading\">(Germersheim \/ Ottersheim) &#8211; Geschwindigkeitsmessungen<\/h4>\n\n\n\n<p>Am Montag f\u00fchrten Germersheimer Polizisten zwei Geschwindigkeitsmessungen durch. Zun\u00e4chst wurde der Verkehr in der Lange Stra\u00dfe in Ottersheim \u00fcberwacht. Dort ergaben sich insgesamt elf Geschwindigkeitsverst\u00f6\u00dfe. Zudem war ein Autofahrer nicht angeschnallt und ein weiterer hatte w\u00e4hrend der Fahrt sein Handy am Ohr. Bei einer anschlie\u00dfenden Kontrolle in der Sondernheimer Stra\u00dfe in Germersheim waren nochmal 15 Autofahrer zu schnell.<\/p>\n\n\n\n<h4 class=\"wp-block-heading\">(W\u00f6rth-Maximiliansau) &#8211; Brand eines Reihenhauses<\/h4>\n\n\n\n<p>Am Montag, 26.04.2021, kam es gegen 12.30 zum Brand eines Reihenendhauses in der Sparbenhecke in Maximiliansau. Die Feuerwehren W\u00f6rth und Maximiliansau konnten den Brand schnell unter Kontrolle bringen und l\u00f6schen. Da sich zum Zeitpunkt des Brandes keine Personen im Haus aufhielten, wurde niemand verletzt. Der Sachschaden bel\u00e4uft sich auf ca. 20.000 Euro. Die Kriminalinspektion Landau hat die Ermittlungen zur Brandursache gemeinsam mit einem Brandsachverst\u00e4ndigen aufgenommen.<\/p>\n\n\n\n<h4 class=\"wp-block-heading\">(Herxheim) &#8211; Zeuge gesucht<\/h4>\n\n\n\n<p>Die Polizeiinspektion Landau sucht nach einem Zeugen, welcher am Montagabend gegen 19 Uhr auf der Landstra\u00dfe 543 zwischen Insheim und Herxheim im Bereich des Gewerbeparks eine Verkehrsgef\u00e4hrdung beobachtete. Ein 29 &#8211; j\u00e4hriger Autofahrer hatte einen 30 &#8211; j\u00e4hrigen Autofahrer trotz Gegenverkehrs \u00fcberholt, beim Einscheren musste der \u00dcberholte eine Vollbremsung durchf\u00fchren um einen Verkehrsunfall zu verhindern. Die beiden Fahrzeuge waren in Richtung Herxheim unterwegs gewesen. Der entgegenkommende Zeuge fuhr einen Van der Farbe Silber. N\u00e4here Hinweise zu dem Fahrer des Vans bzw. dem Fahrzeug liegen derzeit nicht vor. Hinweise zu dem Sachverhalt nimmt die Polizeiinspektion Landau telefonisch unter 06341\/2870 oder per Mail an&nbsp;<a href=\"mailto:pilandau@polizei.rlp.de\">pilandau@polizei.rlp.de<\/a>&nbsp;entgegen.<\/p>\n\n\n\n<h4 class=\"wp-block-heading\">(Landau) &#8211; Motorradfahrer bei Verkehrsunfall verletzt<\/h4>\n\n\n\n<p>Mit Verdacht auf eine Schulterfraktur wurde ein 28 &#8211; j\u00e4hriger Motorradfahrer nach einem Verkehrsunfall am Montagabend in ein Krankenhaus eingeliefert. Ein 62 &#8211; j\u00e4hriger Autofahrer hatte bei einem Abbiegevorgang im Bereich der Queichheimer Hauptstra\u00dfe den entgegen kommenden Zweiradfahrer erfasst. Der Motorradfahrer st\u00fcrzte hierdurch zu Boden und zog sich Verletzungen zu. Das Motorrad war nicht mehr fahrbereit und musste abgeschleppt werden. Der Gesamtschaden bel\u00e4uft sich auf zirka 9500 EUR.<\/p>\n\n\n\n<h4 class=\"wp-block-heading\">(Landau) &#8211; Mit 106 km\/h durch die Stadt<\/h4>\n\n\n\n<p>Mit 106 km\/h wurde ein Autofahrer bei einer Geschwindigkeits\u00fcberwachung am Sonntagabend von Beamten der Polizeiinspektion Landau gemessen. Die \u00dcberpr\u00fcfung erfolgte zwischen 19.15 Uhr und 20.05 Uhr im Bereich der Rheinstra\u00dfe in Fahrtrichtung Queichheimer Br\u00fccke. Insgesamt passierten 100 Fahrzeuge die Kontrollstelle. Zehn Fahrer waren zu schnell unterwegs gewesen. Der &#8222;Spitzenreiter&#8220; erh\u00e4lt ein Bu\u00dfgeld in H\u00f6he von 280 EUR sowie ein zweimonatiges Fahrverbot. An der besagten \u00d6rtlichkeit sind 50 km\/h erlaubt.<\/p>\n\n\n\n<h4 class=\"wp-block-heading\">(St. Martin) &#8211; Wasserpumpe und dazugeh\u00f6riges Equipment entwendet<\/h4>\n\n\n\n<p>Unbekannte haben zuletzt am Wanderheim &#8222;Haus an den Fichten&#8220; eine Wasserpumpe, einen Wasserschlauch sowie eine Schlauchrolle entwendet. Von den T\u00e4tern fehlt bislang jede Spur. Hinweise erbittet die Polizei Edenkoben unter 06323 9550.<\/p>\n\n\n\n<h4 class=\"wp-block-heading\">(Neustadt) &#8211; K\u00f6rperliche Auseinandersetzung auf Bolzplatz<\/h4>\n\n\n\n<p>Am Abend des 26.04.2021 teilte eine Spazierg\u00e4ngerin mit, dass es auf dem Bolzplatz in der N\u00e4he des Sandfeldweges in 67433 Neustadt\/W. zu einer k\u00f6rperlichen Auseinandersetzung zwischen zwei m\u00e4nnlichen Personen kommen w\u00fcrde. Weiter wurde angegeben, dass hierbei vermutlich ein Messer dabei eingesetzt wurde. Beim Eintreffen der Streifen vor Ort fl\u00fcchteten die beiden Beteiligten in unterschiedliche Richtungen. Im Rahmen der Nahbereichsfahndung konnte ein 19-j\u00e4hriger Beteiligter festgestellt werden. Hierbei konnte in Erfahrung gebracht werden, dass es zun\u00e4chst zwischen ihm und einem 20-J\u00e4hrigen zu verbalen Streitigkeiten gekommen ist. Im Laufe dessen attackierten sich beide Beteiligte mittels Schl\u00e4gen und Tritten. Zu einem Einsatz eines Messers sei es nach ersten Erkenntnissen nicht gekommen. Der 19-j\u00e4hrige wurde an beiden H\u00e4nden leicht verletzt. Der 20-j\u00e4hrige konnte im Anschluss ermittelt und telefonisch erreicht werden. Dieser wurde nach eigenen Angaben nicht verletzt. Zeugen der Auseinandersetzung werden gebeten sich unter der 06321 8540 oder per Mail an&nbsp;<a href=\"mailto:pineustadt@polizei.rlp.de\">pineustadt@polizei.rlp.de<\/a>&nbsp;mit der Polizeiinspektion Neustadt\/W. in Verbindung zu setzen.<\/p>\n\n\n\n<h4 class=\"wp-block-heading\">(Neustadt) &#8211; Wiederholte Fahrt unter Drogeneinfluss<\/h4>\n\n\n\n<p>Im Rahmen der Streifenfahrt wurde durch Polizeibeamte der Polizeiinspektion Neustadt\/W. am Mittag des 26.04.2021 ein Verkehrsteilnehmer in der N\u00e4he des Kohlplatzes einer allgemeinen Verkehrskontrolle unterzogen. Da bei dem Verkehrsteilnehmer drogentypische Auffallerscheinungen festgestellt wurden, wurde bei diesem ein Drogenvortest durchgef\u00fchrt. Dieser reagierte positiv auf Amphetamin und Methamphetamin. Dem 37-j\u00e4hrigen wurde anschlie\u00dfend auf der Polizeiinspektion Neustadt\/W. eine Blutprobe entnommen. Da der Betroffene bereits Anfang diesen Jahres in gleicher Sache auff\u00e4llig wurde, wurde der F\u00fchrerschein pr\u00e4ventiv sichergestellt und die zust\u00e4ndige F\u00fchrerscheinstelle zwecks weiterer Entscheidung in Kenntnis gesetzt. Der Fahrzeugschl\u00fcssel wurde vor Ort der Lebensgef\u00e4hrtin des Betroffenen \u00fcbergeben. Er muss nun mit einem Bu\u00dfgeld von mindestens 1000 Euro rechnen.<\/p>\n\n\n\n<h4 class=\"wp-block-heading\">(Neustadt) &#8211; Rennradfahrerin bei Verkehrsunfall verletzt<\/h4>\n\n\n\n<p>Bereits am Samstag, den 24.04.2021, befuhr um 13:22Uhr ein Wohnmobil die Mittelhambacher Stra\u00dfe und wollte nach links in die Weinstra\u00dfe, Fahrtrichtung Diedesfeld, abbiegen. Im Einm\u00fcndungsbereich befand sich zur selben Zeit eine 42-j\u00e4hrigen Rennradfahrerin, welche aufgrund des Abbiegevorgangs des Wohnmobils ins Straucheln kam und zu Boden st\u00fcrzte. Hierdurch verletzte sich diese und musste zur weiteren Behandlung in ein Krankenhaus verbracht werden. Im Rahmen der Sachverhaltsaufnahme ergaben sich bei den Beteiligten widerspr\u00fcchliche Angaben bez\u00fcglich des Unfallhergangs, weshalb etwaige Zeugen gebeten werden, sich mit der Polizeiinspektion Neustadt\/Weinstra\u00dfe (Tel.: 06321\/854-0, E-Mail:&nbsp;<a href=\"mailto:pineustadt@polizei.rlp.de\">pineustadt@polizei.rlp.de<\/a>) in Verbindung zu setzen.<\/p>\n\n\n\n<h4 class=\"wp-block-heading\">(Meckenheim) &#8211; Durchfahrtsverbot \u00fcberwacht<\/h4>\n\n\n\n<p>Nach B\u00fcrgerhinweisen kontrollierte die Polizei Ha\u00dfloch am Montagnachmittag (26. April 2021, 16:30 &#8211; 17:00 Uhr) in der Albert-Schweizer-Stra\u00dfe das Durchfahrtsverbot, das nur f\u00fcr Anlieger nicht gilt. Von zehn kontrollierten Autofahrern waren es zwei, die dort unberechtigt unterwegs waren und ein Verwarnungsgeld bezahlen mussten. Die Polizei k\u00fcndigt weitere Kontrollen an.<\/p>\n\n\n\n<h4 class=\"wp-block-heading\">(Deidesheim \/ Niederkirchen) &#8211; Farbschmiererei<\/h4>\n\n\n\n<p>Unbekannte haben am vergangen Wochenende (23.-25. April 2021) mehrere Fl\u00e4chen mit Spr\u00fchfarbe verunreinigt. Am Sportgel\u00e4nde in Niederkirchen (Kassenh\u00e4uschen), der B271-Unterf\u00fchrung zwischen Niederkirchen und Forst sowie an ein Kabelverteilkasten an der Steingasse und der Gasstation im Finkenweg in Deidesheim war gelbe, gr\u00fcne und rote Farbei festzustellen. Zeugenhinweise bitte an die Polizei Ha\u00dfloch unter Tel. 06324 933-0 oder per E-Mail an&nbsp;<a href=\"mailto:pihassloch@polizei.rlp.de\">pihassloch@polizei.rlp.de<\/a><\/p>\n\n\n\n<h4 class=\"wp-block-heading\">(Hettenleidelheim) &#8211; Gro\u00dfbrand von Strohballen<\/h4>\n\n\n\n<p>Am sp\u00e4ten Montag Abend wurde der Polizei Gr\u00fcnstadt ein gro\u00dfes Feuer auf einem Feld bei Hettenleidelheim gemeldet. Bei Eintreffen der Einsatzkr\u00e4fte von Polizei, Feuerwehr und Rettungsdienst wurde festgestellt, dass dort ca. 400 gelagerte gro\u00dfe Strohballen brannten. Aufgrund der immensen Ausdehnung war ein Abl\u00f6schen nicht m\u00f6glich und die Feuerwehr musste die Ballen kontrolliert abbrennen lassen, konnte aber ein \u00dcbergreifen der Flammen auf weitere Felder und Buschwerk verhindern. Da die Feuerwehr eine Selbstentz\u00fcndung nahezu ausschloss, wurden polizeiliche Ermittlungen zur Brandursache aufgenommen. Die Feuerwehren Hettenleidelheim, Tiefenthal und Carlsberg waren mit 30 Einsatzkr\u00e4ften und mehreren Fahrzeugen im Einsatz. Es wird davon ausgegangen, dass die Arbeiten bis in die fr\u00fchen Morgenstunden andauern.<\/p>\n\n\n\n<h4 class=\"wp-block-heading\">(Frankenthal) &#8211; Verkehrsunfall zwischen zwei Fahrradfahrern<\/h4>\n\n\n\n<p>Am 26.04.2021, gegen 16.05 Uhr, befuhr ein 51-j\u00e4hriger Mann aus Herxheim mit seinem Pedelec den Radweg neben der Lambsheimer Stra\u00dfe in Richtung Innenstadt, zur gleichen Zeit befuhr ein 17-J\u00e4hriger aus Frankenthal diesen aus der Stadtmitte kommend. Der 17-J\u00e4hrige tippte laut Zeugenaussagen auf seinem Handy und \u00fcbersah hierbei den entgegenkommenden Pedelec-Fahrer, sodass es auf H\u00f6he der Einm\u00fcndung zum Ormsheimer Hof zum Zusammensto\u00df kam. Hierbei wurde der 17-J\u00e4hrige leicht verletzt. Der Sachschaden wird auf etwa 100 Euro gesch\u00e4tzt.<\/p>\n\n\n\n<p>Zeugen werden gebeten sich an die Polizeiinspektion Frankenthal unter der Tel.-Nr.: 06233\/313-0 oder an die Polizeiwache Maxdorf unter der Tel.-Nr.: 06237\/934-1100 zu wenden. Gerne nehmen wir Ihre Hinweise auch per E-Mail unter&nbsp;<a href=\"mailto:pifrankenthal@polizei.rlp.de\">pifrankenthal@polizei.rlp.de<\/a>&nbsp;entgegen.<\/p>\n\n\n\n<h4 class=\"wp-block-heading\">(Frankenthal) &#8211; Kontrolle der Fahrradstreife<\/h4>\n\n\n\n<p>Am 26.04.2021, in der Zeit von 06.30 Uhr bis 13.55 Uhr, f\u00fchrte unsere Fahrradstreife mehrere Kontrollen im Stadtgebiet Frankenthal durch. Hierbei wurden folgende Verst\u00f6\u00dfe geahndet, 5 mal verbotswidriges Befahren der Fu\u00dfg\u00e4ngerzone, 3 Verst\u00f6\u00dfe gegen die Maskenpflicht, 5 mal Radweg in falscher Richtung befahren, 1 Handyversto\u00df Fahrradfahrer, 1 Handyversto\u00df Pkw-Fahrer<\/p>\n\n\n\n<h4 class=\"wp-block-heading\">(Frankenthal) &#8211; Verkehrsunfallflucht<\/h4>\n\n\n\n<p>Der Gesch\u00e4digte stellte seinen Pkw Hyundai I20 in der Zeit von 24.04.2021, 14.00 Uhr, bis 25.04.2021, 08.30 Uhr, in der Kallstadter Stra\u00dfe, H\u00f6he Hausnummer 4, ab. Als er wieder zu seinem Pkw kam, musste er feststellen, dass dieser durch einen bislang unbekannten Fahrzeugf\u00fchrer an der linken Fahrzeugfront besch\u00e4digt wurde. Der Schaden wird auf etwa 1000 Euro gesch\u00e4tzt.<\/p>\n\n\n\n<p>Zeugen werden gebeten sich an die Polizeiinspektion Frankenthal unter der Tel.-Nr.: 06233\/313-0 oder an die Polizeiwache Maxdorf unter der Tel.-Nr.: 06237\/934-1100 zu wenden. Gerne nehmen wir Ihre Hinweise auch per E-Mail unter\u00a0<a href=\"mailto:pifrankenthal@polizei.rlp.de\">pifrankenthal@polizei.rlp.de<\/a>\u00a0entgegen.<\/p>\n\n\n\n<h4 class=\"wp-block-heading\">(Ludwigshafen) &#8211; Unfall in der Sternstra\u00dfe<\/h4>\n\n\n\n<p>Aus bislang ungekl\u00e4rter Ursache kam es am 26.04.2021, gegen 10:30 Uhr, in der Sternstra\u00dfe zu einem Unfall zwischen einer 72-j\u00e4hrigen Mazda-Fahrerin und einer 56-J\u00e4hrigen Mercedes-Fahrerin. Es entstand ein Sachschaden von etwa 700 Euro. Zur genauen Rekonstruktion des Unfallhergangs sucht die Polizeiinspektion Ludwigshafen 2 Zeuginnen und Zeugen. Diese k\u00f6nnen sich unter Telefonnummer 0621 963-2222 oder per E-Mail\u00a0<a href=\"mailto:piludwigshafen2@polizei.rlp.de\">piludwigshafen2@polizei.rlp.de<\/a>\u00a0melden.<\/p>\n\n\n\n<h4 class=\"wp-block-heading\">(Ludwigshafen) &#8211; Einbruch in Kiosk<\/h4>\n\n\n\n<p>Unbekannte drangen gewaltsam, in dem Zeitraum vom 24.04.2021 bis 26.04.2021, in einen Kiosk in der Bismarckstra\u00dfe ein. Aus dem Innern wurden Tabakwaren sowie Bargeld gestohlen. Der Wert der gestohlenen Ware bel\u00e4uft sich auf mindesten 19 000 Euro. Durch den Einbruch entstand dar\u00fcber hinaus noch ein Sachschaden in H\u00f6he von 2000 Euro. Sachdienliche Hinweise nimmt die Kriminalpolizei Ludwigshafen unter der Telefonnummer 0621\/963-2773 oder per E-Mail&nbsp;<a href=\"mailto:kiludwigshafen.k1.kdd@polizei.rlp.de\">kiludwigshafen.k1.kdd@polizei.rlp.de<\/a>&nbsp;entgegen.<\/p>\n\n\n\n<h4 class=\"wp-block-heading\">(Ludwigshafen) &#8211; Werkzeug aus Transporter gestohlen<\/h4>\n\n\n\n<p>Unbekannte schlugen in dem Zeitraum vom 24.04.2021 bis 26.04.2021 die Scheibe eines geparkten Transporters ein und stahlen hochwertiges Werkzeug aus dem Fahrzeug. Der VW-Caddy war im Tatzeitrum in der Franz-Zang-Stra\u00dfe abgestellt. Die Schadensh\u00f6he wird derzeit noch ermittelt. Sachdienliche Hinweise nimmt die Kriminalpolizei Ludwigshafen unter der Telefonnummer 0621\/963-2773 oder per E-Mail&nbsp;<a href=\"mailto:kiludwigshafen.k1.kdd@polizei.rlp.de\">kiludwigshafen.k1.kdd@polizei.rlp.de<\/a>&nbsp;entgegen.<\/p>\n\n\n\n<h4 class=\"wp-block-heading\">(Ludwigshafen) &#8211; Versuchter Einbruch in Schule<\/h4>\n\n\n\n<p>Unbekannte versuchten in dem Zeitraum vom 23.04.2021 bis 26.04.2021 in eine Schule in der Schlesier Stra\u00dfe einzubrechen. Das Vorhaben misslang, sodass lediglich geringer Sachschaden entstand. Sachdienliche Hinweise nimmt die Kriminalpolizei Ludwigshafen unter der Telefonnummer 0621\/963-2773 oder per E-Mail\u00a0<a href=\"mailto:kiludwigshafen.k1.kdd@polizei.rlp.de\">kiludwigshafen.k1.kdd@polizei.rlp.de<\/a>\u00a0entgegen.<\/p>\n\n\n\n<h4 class=\"wp-block-heading\">(Ludwigshafen) &#8211; Pedelec-Fahrer angefahren<\/h4>\n\n\n\n<p>Am 25.04.2021, gegen 12:30 Uhr, kam es in der Stra\u00dfe &#8222;Am Kanal&#8220; zu einem Unfall zwischen einem 60-j\u00e4hrigen Autofahrer und einem 32-j\u00e4hrigen Pedelec-Fahrer. Letzterer war auf dem Fahrradweg in Richtung Frankenthal gefahren, als der Autofahrer aus einer Seitenstra\u00dfe auf den Radweg fuhr. Es kam zur Kollision und der 32-J\u00e4hrige flog \u00fcber die Motorhaube des 60-J\u00e4hrigen. Der Pedelec-Fahrer wurde hierdurch nicht verletzt. Insgesamt entstand ein Sachschaden von etwa 900 Euro.<\/p>\n\n\n\n<p>Wir appellieren eindringlich: Wenn Sie mit dem Auto einen Radweg kreuzen wollen, fahren Sie besonders langsam und vorsichtig. Achten Sie insbesondere auf Schilder, die auf die m\u00f6gliche Gef\u00e4hrdung hinweisen und passen Sie ihr Fahrverhalten an.<\/p>\n\n\n\n<h4 class=\"wp-block-heading\">(Mannheim-Almenhof) &#8211; Zwei eScooter-Fahrer unter Drogeneinfluss<\/h4>\n\n\n\n<p>Zwei junge Menschen, ein Mann und eine Frau, waren am Montagnachmittag mit eScootern im Stadtteil Almenhof unterwegs, obwohl sie unter Drogeneinfluss standen. Die zwei 22-J\u00e4hrigen fielen einer Polizeistreife kurz nach 15 Uhr in der Neckarauer Stra\u00dfe auf, wurden gestoppt und kontrolliert. Dabei fiel den Beamten sofort auf, dass sich die beiden \u00e4u\u00dferst nerv\u00f6s verhielten und deutlich Anzeichen f\u00fcr Drogenkonsum zeigten. Ein Drogentest bei den jungen Leuten best\u00e4tigte diesen Eindruck und reagierte positiv auf Cannabis. Das Duo wurde zum Polizeirevier Mannheim-Neckarau gebracht, wo ihnen Blutproben entnommen wurden. Gegen beide wird nun wegen Verkehrsteilnahmen unter Drogeneinfluss und Verdacht des Drogenbesitzes ermittelt. Sie sehen nun einem Fahrverbot entgegen.<\/p>\n\n\n\n<p>Die Polizei weist in diesem Zusammenhang nochmals eindr\u00fccklich darauf hin, dass es sich bei den sogenannten eScootern um Kraftfahrzeuge handelt und hier die gleichen Regeln hinsichtlich Alkohol- und Drogenbeeinflussung gelten wie f\u00fcr andere Kraftfahrzeuge und Verst\u00f6\u00dfe f\u00fchrerscheinrechtliche Konsequenzen nach sich ziehen.<\/p>\n\n\n\n<h4 class=\"wp-block-heading\">(Mannheim-K\u00e4fertal) &#8211; Fahrspur gewechselt und Unfall verursacht \/ 8.000 EUR Sachschaden<\/h4>\n\n\n\n<p>Zu einem Verkehrsunfall kam es am Montag gegen 09:45 Uhr an der Auffahrt zur BBC-Br\u00fccke in Fahrtrichtung K\u00e4fertal. Ein 49-j\u00e4hriger Mini-Fahrer wartete auf der einspurigen Abbiegespur hinter einer 40-j\u00e4hrigen Mitsubishi-Fahrerin. Bei Gr\u00fcnlicht bog die Frau auf die rechte der beiden Fahrspuren ab, der 49-j\u00e4hrige befuhr die linke Fahrspur, der nun zweispurig gewordenen Friedrich-Ebert-Stra\u00dfe. Ohne auf den nachflie\u00dfenden Verkehr zu achten wechselte die 40-j\u00e4hrige vom rechten auf den linken Fahrstreifen und \u00fcbersah hierbei den Mini-Fahrer auf der linken Fahrspur. Beide Autos kollidierten miteinander, der Mini war nicht mehr fahrbereit und musste abgeschleppt werden. Verletzt wurde gl\u00fccklicherweise niemand. Der Sachschaden betr\u00e4gt rund 8.000 EUR.<\/p>\n\n\n\n<h4 class=\"wp-block-heading\">(Mannheim-K\u00e4fertal) &#8211; Auffahrunfall mit vier beteiligten Autos \/ 10.000 EUR Sachschaden<\/h4>\n\n\n\n<p>Zu einem Auffahrunfall kam es am Montag gegen 07:25 Uhr auf der B38 in Fahrtrichtung stadteinw\u00e4rts. Eine 28-j\u00e4hrige VW-Fahrerin merkte zu sp\u00e4t, das die Fahrzeuge vor ihr verkehrsbedingt auf Stillstand abbremsten und fuhr auf den BMW einer 26-J\u00e4hrigen auf, welche durch den Aufprall wiederum auf einen Skoda und einen Renault geschobene wurde. Verletzt wurde gl\u00fccklicherweise niemand. Der VW und der BMW waren nicht mehr fahrbereit und mussten abgeschleppt werden, der Gesamtsachschaden liegt bei rund 10.000 EUR.<\/p>\n\n\n\n<h4 class=\"wp-block-heading\">(Heidelberg-Neuenheim) &#8211; Wildschwein verirrte sich in Neuenheim mit weitreichenden Folgen; zwei Verkehrsunf\u00e4lle verursacht und einen Fu\u00dfg\u00e4nger verletzt<\/h4>\n\n\n\n<p>Am Dienstagmorgen verirrte sich ein Wildschwein in den Stadtteil Neuenheim. Das Tier stie\u00df zun\u00e4chst gegen den Mercedes einer 70-j\u00e4hrigen Frau, die gegen 8.30 Uhr von der Schr\u00f6derstra\u00dfe auf die Br\u00fcckenstra\u00dfe einbiegen wollte. Im Anschluss daran rannte das Wildtier, das offenbar eine blutende Wunde aufwies, weiter in den Ortskern und verletzte in der Lutherstra\u00dfe einen Fu\u00dfg\u00e4nger.<\/p>\n\n\n\n<p>Anschlie\u00dfend verschwand es dann, so die Spurenlage, \u00fcber den Kapellenweg und die Bergstra\u00dfe in den angrenzenden Wald.<\/p>\n\n\n\n<p>In der Bergstra\u00dfe musste rund 10 Minuten nach dem Kontakt mit dem Fu\u00dfg\u00e4nger eine 67-j\u00e4hrige VW-Fahrerin dem Tier ausweichen, worauf sie gegen einen geparkten Dacia stie\u00df. Bis auf die leichte Verletzung des Fu\u00dfg\u00e4ngers sind keine Verletzungen zu beklagen. Der Sachschaden betr\u00e4gt mehrere tausend Euro. Die Suche nach dem Wildschwein wurde gegen 9.30 Uhr eingestellt.<\/p>\n\n\n\n<p>Der \u00f6rtliche Jagdp\u00e4chter ist \u00fcber den Vorfall und das verletzte Tier informiert. Die Tierrettung Rhein-Neckar wurde zun\u00e4chst zu Unterst\u00fctzung beim Einfangen des Tieres hinzugerufen.<\/p>\n\n\n\n<h4 class=\"wp-block-heading\">(Heidelberg-Kirchheim \/ B 535) &#8211; Streitigkeiten und eingedellte Fahrzeugt\u00fcr \/ Zeugen gesucht!<\/h4>\n\n\n\n<p>Nachdem die Fahrer eines VW und eines Peugeot am Montagabend gegen 20:30 Uhr hintereinander die B535 in Fahrtrichtung Schwetzingen befuhren, gerieten die Beiden aus bislang unbekannter Ursache aneinander. Zun\u00e4chst beleidigten sich die PKW-Fahrer gegenseitig, bevor beide schlie\u00dflich die Abfahrt Heidelberg in Richtung Speyerer Stra\u00dfe nahmen. Hier mussten die Hitzk\u00f6pfe verkehrsbedingt an einer Ampel warten. Der 51-j\u00e4hrige Peugeot-Fahrer war offenbar noch derart aufgebracht, dass er nochmals hupte. Der Beifahrer seines Kontrahenten f\u00fchlte sich durch dieses Verhalten wiederum derart provoziert, dass er kurzerhand aus dem VW ausstieg. Zielstrebig suchte er den Peugeot auf und \u00f6ffnete die Fahrert\u00fcr. Der Fahrer des VW eilte seinem aufgebrachten Beifahrer hinterher und konnte diesen schlie\u00dflich vom Auto wegziehen. Dabei trat dieser gegen die linke Fahrzeugt\u00fcr des Peugeot, wobei Sachschaden in noch unbekannter H\u00f6he entstand. Anschlie\u00dfend fl\u00fcchteten beide im VW in Richtung Heidelberg stadteinw\u00e4rts. Die Beamten des Polzeireviers Heidelberg-S\u00fcd haben die Ermittlungen wegen Sachbesch\u00e4digung und Beleidigung aufgenommen. Zeugen, die Angaben zu dem gesuchten VW sowie dessen Fahrzeuginsassen machen k\u00f6nnen, werden gebeten sich unter der Tel.: 0621 174 1700 zu melden.<\/p>\n\n\n\n<p>Die beiden Verkehrsteilnehmer werden wie folgt beschrieben:<\/p>\n\n\n\n<p>Beifahrer: rotblonde Haare, rotblonder 3-Tage-Bart, ca. 20-25 Jahre alt, sportliche Figur, auffallend rote Steppjacke und helle Jeans<\/p>\n\n\n\n<p>Fahrer: dunkelblonde Haare, dunkler 3-Tage-Bart, ca. 20-25 Jahre alt, sportliche Figur<\/p>\n\n\n\n<h4 class=\"wp-block-heading\">(Heidelberg-Kirchheim) &#8211; Beim Abbiegen Unfall verursacht \/ Eine Person verletzt &#8211; 13.000 EUR Sachschaden<\/h4>\n\n\n\n<p>Zu einem Verkehrsunfall kam es am Montag gegen 17:50 Uhr an der Kreuzung Schwetzinger Stra\u00dfe \/ Albert-Fritz-Stra\u00dfe. Ein 70-j\u00e4hriger Nissan-Fahrer war auf der Schwetzinger Stra\u00dfe in n\u00f6rdlicher Richtung unterwegs, als er beim Abbiegevorgang nach links an der Kreuzung zur Albert-Fritz-Stra\u00dfe eine 22-j\u00e4hrige VW-Fahrerin \u00fcbersah, welche die Schwetzinger Stra\u00dfe in Richtung Rathaus befuhr. Beide PKWs kollidierten miteinander, die junge Frau wurde bei dem Unfall leicht verletzt und mit einem Rettungswagen in ein Krankenhaus gebracht. Beide Autos waren nicht mehr fahrbereit und mussten abgeschleppt werden. Der Sachschaden betr\u00e4gt rund 13.000 EUR.<\/p>\n\n\n\n<h4 class=\"wp-block-heading\">(Heidelberg-Pfaffengrund) &#8211; Auto und Radfahrer kollidieren \/ Radfahrer verletzt<\/h4>\n\n\n\n<p>Zu einem Verkehrsunfall kam es am Montag gegen 15 Uhr in der Eppelheimer Stra\u00dfe. Ein 37-j\u00e4hriger Seat-Fahrer wollte mit seinem PKW vom Gel\u00e4nde einer Tankstelle nach rechts in die Eppelheimer Stra\u00dfe in Fahrtrichtung Eppelheim abbiegen. Beim Abbiegevorgang \u00fcbersah er einen, auf dem Radweg entgegen der Fahrtrichtung fahrenden, 30-j\u00e4hrigen Radfahrer. Beim Zusammensto\u00df wird der Radfahrer verletzt und in ein Krankenhaus gebracht. Der Schaden betr\u00e4gt rund 2.000 EUR.<\/p>\n\n\n\n<h4 class=\"wp-block-heading\">(Nu\u00dfloch \/ Rhein-Neckar-Kreis) &#8211; Autofahrer prallt auf Kindergartengel\u00e4nde gegen Garagenwand; zwei Kinder und Autofahrer verletzt<\/h4>\n\n\n\n<p>Weshalb ein Autofahrer mit seinem Fahrzeug am sp\u00e4ten Dienstagvormittag auf das Gel\u00e4nde eines Kindergartens geriet, ist Gegenstand der verkehrspolizeilichen Ermittlungen.<\/p>\n\n\n\n<p>Der Vorfall ereignete sich kurz vor 11 Uhr in der Fr\u00f6belstra\u00dfe. Nach dem bisherigen Ermittlungsstand wollte der 89-J\u00e4hrige r\u00fcckw\u00e4rts einparken, fuhr dann aber aus unbekannten Gr\u00fcnden vorw\u00e4rts, durchbrach den Zaun des Kindergartens und prallte dort gegen eine Garagenwand.<\/p>\n\n\n\n<p>Ob dabei zwei spielende Kinder von dem Fahrzeug des Seniors erfasst wurden, muss noch ermittelt werden. Vorsichtshalber wurden beide mit einem Rettungswagen zur Untersuchung in eine Kinderklinik gebracht. Der Autofahrer selbst wurde ebenfalls verletzt in eine Klinik gebracht.<\/p>\n\n\n\n<p>Der exakte Unfallablauf steht noch nicht fest. Auch die H\u00f6he des Sachschadens wird auf rund 15.000.- Euro gesch\u00e4tzt. Das Fahrzeug des Seniors wurde sichergestellt und abgeschleppt.<\/p>\n\n\n\n<p>Die Ermittlungen der Verkehrspolizei Heidelberg dauern an.<\/p>\n\n\n\n<h4 class=\"wp-block-heading\">(Altlu\u00dfheim \/ Rhein-Neckar-Kreis) &#8211; Drogenbeeinflusster eScooter-Fahrer<\/h4>\n\n\n\n<p>Ein 42-j\u00e4hriger Mann war am Montagnachmittag unter Drogeneinfluss mit einem eScooter in Altlu\u00dfheim unterwegs. Der Mann fiel Polizeibeamten in der Hauptstra\u00dfe auf, da er w\u00e4hrend der Fahrt eine offenbar selbstgedrehte Zigarette rauchte. Als er auf dem Fahrradweg, in H\u00f6he der Parkplatzeinfahrt eines Lebensmittelmarktes gestoppt wurde, hatte er die &#8222;Zigarette&#8220; bereits auf den Radweg geworfen. Diese konnte jedoch aufgefunden und als Joint identifiziert werden. Einen Drogenvortest wollte der Mann nicht durchf\u00fchren. Er wurde daraufhin zum Polizeirevier Hockenheim gebracht, wo ihm eine Blutprobe entnommen wurde. Gegen ihn wird nun wegen Verkehrsteilnahme unter Drogeneinfluss und Drogenbesitzes ermittelt. Er sieht nun einem Fahrverbot entgegen. Bei den sogenannten eScootern handelt es sich um Kraftfahrzeuge, weshalb hier die gleichen Regeln gelten wie f\u00fcr Autofahrer. Ebenso haben die Fahrer der eScooter bei Verst\u00f6\u00dfen mit den gleichen f\u00fchrerscheinrechtlichen Konsequenzen zu rechnen.<\/p>\n\n\n\n<h4 class=\"wp-block-heading\">(Wiesloch \/ A 6 \/ Rhein-Neckar-Kreis) &#8211; Schwerer Verkehrsunfall mit mehreren beteiligten Fahrzeugen \/ Fahrbahn in Richtung Mannheim gesperrt<\/h4>\n\n\n\n<h4 class=\"wp-block-heading\" style=\"text-align:center\">Pressemeldung Nr. 1<\/h4>\n\n\n\n<p>Aufgrund eines Verkehrsunfalls ist derzeit die A 6 in H\u00f6he Wiesloch in Fahrtrichtung Mannheim voll gesperrt. Nach derzeitigen Sachstand kam es gegen 8.30 Uhr zwischen den Anschlussstellen Sinsheim und Wiesloch\/Rauenberg zu einem Zusammensto\u00df mehrerer Fahrzeuge. Inwiefern Personen zu Schaden kamen, ist derzeit noch unklar. Polizei und Rettungsdienst sind derzeit mit zahlreichen Kr\u00e4ften vor Ort. Nach Auskunft der Rettungsleitstelle ist vorsorglich auch ein Rettungshubschrauber auf dem Anflug.<\/p>\n\n\n\n<h4 class=\"wp-block-heading\">(Wiesloch \/ A 6 \/ Rhein-Neckar-Kreis) &#8211; Schwerer Verkehrsunfall mit mehreren beteiligten Fahrzeugen<\/h4>\n\n\n\n<h4 class=\"wp-block-heading\" style=\"text-align:center\">Pressemeldung Nr. 2<\/h4>\n\n\n\n<p>Ein schwerer Verkehrsunfall mit mehreren beteiligten Fahrzeugen ereignete sich am Dienstagmorgen auf der A 6 bei Wiesloch. Eine 34-j\u00e4hrige Frau war gegen 8.30 Uhr mit ihrem Seat auf der mittleren Fahrspur in Richtung Mannheim unterwegs. Aufgrund eines Bedienungsfehlers bremste sie ihr Fahrzeug unvermittelt stark ab. Dabei fuhr ihr ein nachfolgender 54-j\u00e4hriger Skodafahrer hinten auf. Der Fahrer eines dahinter befindlichen Sattelzugs versuchte noch, abzubremsen, wich gleichzeitig nach links aus und stie\u00df dabei gegen den Skoda. Ein auf dem linken Fahrstreifen fahrender 30-j\u00e4hriger Mann musste mit seinem VW Tiguan abbremsen und dem Sattelzug nach links ausweichen. W\u00e4hrend ein von hinten herannahender 64-j\u00e4hriger Opel-Fahrer mit dem VW Tiguan kollidierte, prallte der Sattelzug in den Opel.<\/p>\n\n\n\n<p>Bei dem Zusammensto\u00df wurden die beiden Insassen des VW Tiguan leicht verletzt und zur Untersuchung in ein Krankenhaus eingeliefert. Auch die schwangere Fahrerin des Seat, sowie deren 2-j\u00e4hriges Kind wurden vorsorglich zur Untersuchung in ein Krankenhaus eingeliefert.<\/p>\n\n\n\n<p>Die vier Pkw waren so stark besch\u00e4digt, dass sie abgeschleppt werden mussten. Der Sachschaden wird auf rund 45.000 Euro gesch\u00e4tzt.<\/p>\n\n\n\n<p>W\u00e4hrend der Unfallaufnahme bis 9.15 Uhr die Fahrbahn in Richtung Mannheim voll gesperrt. Anschlie\u00dfend waren der linke und mittlere Fahrstreifen bis ca. 10.20 Uhr blockiert. Der Verkehr wurde \u00fcber den rechten Fahrstreifen und die Standspur an der Unfallstelle vorbeigeleitet. Es ergab sich ein R\u00fcckstau von bis zu 4 Kilometern L\u00e4nge.<\/p>\n\n\n\n<h4 class=\"wp-block-heading\">(Sinsheim \/ Rhein-Neckar-Kreis) &#8211; Diebstahl einer Baumaschine gelang; von zwei weiteren R\u00fcttelpplatten misslangen; Zeugen gesucht<\/h4>\n\n\n\n<p>Bislang unbekannte T\u00e4ter hatten zun\u00e4chst zwischen Freitagnachmittag und Montagmorgen von einer Baustelle in der Breiten Stra\u00dfe und in der Carl-Benz-Stra\u00dfe jeweils eine R\u00fcttelplatte entwendet.Die Baumaschinen, die beide einer Firma geh\u00f6rten, hatten einen Wert von insgesamt ca. 10.000.- Euro.<\/p>\n\n\n\n<p>Bei der Nachschau wurden am fr\u00fchen Montagnachmittag wurden zwei R\u00fcttelplatten nahe eines Discountmarktes in der Breiten Stra\u00dfe aufgefunden. Eine der aufgefundenen Ger\u00e4te stammte aus dem bekannten Diebstahl, die andere von einem noch unbekannten Diebstahl einer anderen Baufirma nahe eines Lebensmittelgro\u00dfh\u00e4ndlers. Eine der beiden erstgenannten Baumaschinen blieb verschwunden.<\/p>\n\n\n\n<p>Nach den bisherigen Erkenntnissen m\u00fcssen mehrere T\u00e4ter am Werk gewesen sein. Weshalb sie nur eine der R\u00fcttelplatten mitnahmen, ist unbekannt. M\u00f6glicherweise wurden sie beim Abtransport gest\u00f6rt und lie\u00dfen zwei der drei Ger\u00e4te zur\u00fcck.<\/p>\n\n\n\n<p>Zeugen, die Hinweise zu den Taten geben k\u00f6nnen, insbesondere verd\u00e4chtige Beobachtungen hinsichtlich eines Fahrzeuges und\/oder Personen machten, werden gebeten, sich beim Polizeirevier Sinsheim, Tel.: 07261\/690-0 zu melden.<\/p>\n\n\n\n<h4 class=\"wp-block-heading\">(Sinsheim \/ Rhein-Neckar-Kreis) &#8211; Vandalismus auf Baustelle; Bagger erheblich besch\u00e4digt, Zeugen gesucht<\/h4>\n\n\n\n<p>Mehrere tausend Euro Sachschaden entstand durch Vandalismus auf einer Baustelle im Gewann &#8222;Kaiserberg&#8220; an der K 4176 zwischen den Ortsteilen Eschelbach und Hoffenheim.<\/p>\n\n\n\n<p>Bislang unbekannte T\u00e4ter schlugen die Scheiben eines Radbaggers ein und zerstachen einen Reifen.<\/p>\n\n\n\n<p>Zeugen werden gebeten, sich beim Polizeirevier Sinsheim, Tel.: 07261\/690-0 zu melden.<\/p>\n\n\n\n<h4 class=\"wp-block-heading\">(Eberbach \/ Rhein-Neckar-Kreis) &#8211; Unfall verursacht und abgehauen \/ Polizei sucht Zeugen<\/h4>\n\n\n\n<p>Einen Verkehrsunfall verursachte am Montagmorgen ein unbekannter Autofahrer in Eberbach. Eine 27-j\u00e4hrige Frau war gegen 8 Uhr mit ihrem Seat auf der Neckarstra\u00dfe (L595) von Waldwimmersbach in Richtung Kreisverkehr unterwegs. Dort musste sie verkehrsbedingt anhalten. Der ihr nachfolgende Autofahrer realisierte dies offenbar zu sp\u00e4t und fuhr der Seat-Fahrerin auf. Anschlie\u00dfend fuhr er einfach weiter. Die 27-J\u00e4hrige zog sich bei dem Zusammensto\u00df leichte Verletzungen zu und begab sich zun\u00e4chst zur ambulanten Behandlung in ein Krankenhaus. Ihr Fahrzeug wurde bei dem Zusammensto\u00df besch\u00e4digt. Der Sachschaden wird auf rund 1.000 Euro gesch\u00e4tzt.<\/p>\n\n\n\n<p>Das unfallverursachende Fahrzeug wird als BMW, vermutlich 5er-Reihe, mit MOS-Kennzeichen beschrieben, das von einer m\u00e4nnlichen Person, Mitte 20 mit kurzen dunklen Haaren, gesteuert wurde.<\/p>\n\n\n\n<p>Zeugen, die auf den Unfall aufmerksam geworden sind und sachdienliche Hinweise zum Unfallverursacher geben k\u00f6nnen, werden gebeten, sich beim Polizeirevier Eberbach, Tel.: 06271\/9210-0 zu melden.<\/p>\n\n\n\n<h4 class=\"wp-block-heading\">(Neckargem\u00fcnd \/ Rhein-Neckar-Kreis) &#8211; &#8222;Gro\u00dfe Suchaktion auf dem Neckar&#8220; <\/h4>\n\n\n\n<h4 class=\"wp-block-heading\" style=\"text-align:center\">Erg\u00e4nzung zur Pressemitteilung \/ Zeugenaufruf<\/h4>\n\n\n\n<p>Im Zusammenhang mit der Suchaktion bei Neckargem\u00fcnd am sp\u00e4ten Abend des 25.04.2021 wurde durch Passanten und Einsatzkr\u00e4fte zwischen der Eisenbahnbr\u00fccke und der Friedensbr\u00fccke auf dem Neckar ein herrenlos treibendes Kanu aufgefunden. Die Wasserschutzpolizei Heidelberg hat dieses sichergestellt, der Besitzer konnte bisher nicht ausfindig gemacht werden.<\/p>\n\n\n\n<p><strong>Beschreibung des Kanus<\/strong><\/p>\n\n\n\n<ul><li>Hersteller: Seaworld<\/li><li>Farbe: wei\u00df\/dunkelrot<\/li><li>L\u00e4nge: 4,20, Breite: 0,80<\/li><li>Zweisitzer<\/li><li>Auff\u00e4llig ist eine gro\u00dffl\u00e4chige Leckabdichtung mit hellbraunem Packband am rechten vorderen Teil des Bootes.<\/li><\/ul>\n\n\n\n<p>Die Wasserschutzpolizei Heidelberg sucht in diesem Kontext nach Zeugen, die Angaben zur Herkunft des Bootes machen k\u00f6nnen. Hinweise bitte unter Tel.: 06221\/13748-3.<\/p>\n\n\n\n<h4 class=\"wp-block-heading\">(Schriesheim \/ Rhein-Neckar-Kreis) &#8211; Fahrradtour endet in Klinik \/ Radfahrer schwer verletzt<\/h4>\n\n\n\n<p>Ein 51-J\u00e4hriger fuhr am Sonntagmittag alleine mit seinem Fahrrad die Downhillstrecke n\u00f6rdlich des Griethwegs hinunter, als er gegen 13:20 Uhr aus bislang unbekannter Ursache st\u00fcrzte. Der schwer verletzte Radfahrer, dessen Schutzhelm bei dem Sturz zu Bruch ging, versuchte zun\u00e4chst durch Hilferufe auf sich aufmerksam zu machen, was aber zun\u00e4chst ohne Erfolg blieb. Erst nach ca. 60 Minuten wurde er von zwei Spazierg\u00e4ngern gefunden. Diese k\u00fcmmerten sich um den 51-J\u00e4hrigen und setzten sofort den Notruf ab. Mithilfe eines Quads der Feuerwehr Schriesheim gelang es den Verletzten aus dem schwer zug\u00e4nglichen Waldgebiet zu retten. Anschlie\u00dfend kam er mit einem Rettungshubschrauber in eine nahegelegene Klinik.<\/p>\n","protected":false},"excerpt":{"rendered":"<div class=\"mh-excerpt\"><p>Polizeimeldungen vom Dienstag (27.04.2021) (Speyer) &#8211; Kontrollen im Stadtgebiet Gleich zweimal wurde der Fahrradverkehr Montagvormittag in der Bahnhofstra\u00dfe \u00fcberwacht. W\u00e4hrend sich am fr\u00fchen Morgen zwischen 08:00 Uhr und 08:30 alle Radfahrerinnen und -fahrer an die <a class=\"mh-excerpt-more\" href=\"https:\/\/speyer24news.com\/?p=35859\" title=\"Polizei\">[&#8230;]<\/a><\/p>\n<\/div>","protected":false},"author":3,"featured_media":0,"comment_status":"open","ping_status":"open","sticky":false,"template":"","format":"standard","meta":{"_monsterinsights_skip_tracking":false,"_monsterinsights_sitenote_active":false,"_monsterinsights_sitenote_note":"","_monsterinsights_sitenote_category":0,"footnotes":""},"categories":[12],"tags":[3614,61,2555,6955,6986,6263,63,105,11150,6987,53,4854,4683,1548,102,213,55,5261,103,106,2803,2423,427,2625,380,62,104,979,1565],"aioseo_notices":[],"amp_enabled":true,"_links":{"self":[{"href":"https:\/\/speyer24news.com\/index.php?rest_route=\/wp\/v2\/posts\/35859"}],"collection":[{"href":"https:\/\/speyer24news.com\/index.php?rest_route=\/wp\/v2\/posts"}],"about":[{"href":"https:\/\/speyer24news.com\/index.php?rest_route=\/wp\/v2\/types\/post"}],"author":[{"embeddable":true,"href":"https:\/\/speyer24news.com\/index.php?rest_route=\/wp\/v2\/users\/3"}],"replies":[{"embeddable":true,"href":"https:\/\/speyer24news.com\/index.php?rest_route=%2Fwp%2Fv2%2Fcomments&post=35859"}],"version-history":[{"count":7,"href":"https:\/\/speyer24news.com\/index.php?rest_route=\/wp\/v2\/posts\/35859\/revisions"}],"predecessor-version":[{"id":35867,"href":"https:\/\/speyer24news.com\/index.php?rest_route=\/wp\/v2\/posts\/35859\/revisions\/35867"}],"wp:attachment":[{"href":"https:\/\/speyer24news.com\/index.php?rest_route=%2Fwp%2Fv2%2Fmedia&parent=35859"}],"wp:term":[{"taxonomy":"category","embeddable":true,"href":"https:\/\/speyer24news.com\/index.php?rest_route=%2Fwp%2Fv2%2Fcategories&post=35859"},{"taxonomy":"post_tag","embeddable":true,"href":"https:\/\/speyer24news.com\/index.php?rest_route=%2Fwp%2Fv2%2Ftags&post=35859"}],"curies":[{"name":"wp","href":"https:\/\/api.w.org\/{rel}","templated":true}]}}