{"id":35905,"date":"2021-04-29T06:46:54","date_gmt":"2021-04-29T05:46:54","guid":{"rendered":"https:\/\/speyer24news.com\/?p=35905"},"modified":"2021-04-29T06:48:52","modified_gmt":"2021-04-29T05:48:52","slug":"polizei-567","status":"publish","type":"post","link":"https:\/\/speyer24news.com\/?p=35905","title":{"rendered":"Polizei"},"content":{"rendered":"<style type=\"text\/css\">\r\n\t.ads_top_disp{}\r\n\t.ads_top_corner_disp{ float:left; margin:0px 10px 10px 0px; }\r\n\t.ads_first_p_disp{}\r\n\t.ads_bottom_disp{}\r\n\t<\/style>\n<h2 class=\"wp-block-heading\">Polizeimeldungen vom Mittwoch (28.04.2021)<\/h2>\n\n\n\n<div class=\"wp-block-image\"><figure class=\"aligncenter\"><img decoding=\"async\" src=\"https:\/\/speyer24news.com\/wp-content\/uploads\/2020\/01\/Aktuelles-Polizeilogo.jpg\" alt=\"\" class=\"wp-image-23832\"\/><\/figure><\/div>\n\n\n\n<h4 class=\"wp-block-heading\">(Speyer) &#8211; Unter Drogeneinfluss PKW gef\u00fchrt<\/h4>\n\n\n\n<p>Unter dem Einfluss von Kokain und THC stand am Dienstag um 20:20 Uhr ein 44-j\u00e4hriger PKW-Fahrer. Dieser wurde von einer Polizeistreife in der Industriestra\u00dfe einer allgemeinen Verkehrskontrolle unterzogen. Nachdem der Fahrer drogentypische Auff\u00e4lligkeiten zeigte, f\u00fchrte er einen Drogentest durch. Da dieser positiv reagierte, wurde dem 44-J\u00e4hrigen die Weiterfahrt untersagt und eine Blutprobe entnommen<\/p>\n\n\n\n<h4 class=\"wp-block-heading\">(Speyer) &#8211; Zwei Unf\u00e4lle mit Radfahrerbeteiligung<\/h4>\n\n\n\n<p>Gleich zwei Unf\u00e4lle mit Radfahrerbeteiligung wurden am Dienstag in der Wormser Landstra\u00dfe sowie wenige Meter weiter in der Friedrich-Ebert-Stra\u00dfe verursacht.<\/p>\n\n\n\n<p>Gl\u00fccklicherweise unverletzt blieb ein 29-Radfahrer, der verbotswidrig auf der Friederich-Ebert-Stra\u00dfe Richtung Wormser Landstra\u00dfe fuhr anstelle den dort befindlichen Radweg zu nutzen. Als er an der Einm\u00fcndung zur Karl-Spindler-Stra\u00dfe \u00fcber die Gegenfahrbahn auf den Radweg einfahren wollte, \u00fcbersah ihn ein 63-j\u00e4hriger PKW-Fahrer, der von der Karl-Spindler-Stra\u00dfe nach links in die Friedrich-Ebert-Stra\u00dfe abbiegen wollte. Es kam zum Unfall, wodurch am PKS ein Sachschaden von circa 300 Euro entstand.<\/p>\n\n\n\n<p>So viel Gl\u00fcck hatte ein 70-j\u00e4hriger Radfahrer leider nicht. Der Mann war um 15:50 Uhr auf dem rechten Radweg parallel zur Wormser Landstra\u00dfe in Richtung Bahnhofstra\u00dfe unterwegs. Als ein 28-J\u00e4hriger mit seinem PKW von einem Grundst\u00fcck in die Wormser Landstra\u00dfe einfahren wollte, kam es zur Kollision der beiden Fahrzeuge. Der Radfahrer kam zu Sturz und zog sich leichte Verletzungen zu. Am PKW entstand ein Sachschaden in H\u00f6he von sch\u00e4tzungsweise 500 Euro.<\/p>\n\n\n\n<h4 class=\"wp-block-heading\">(Schifferstadt) &#8211; R\u00e4uberischer Diebstahl einer Musikbox<\/h4>\n\n\n\n<p>Am Dienstagabend gegen 19:45 Uhr ist ein 14-j\u00e4hriger Junge Opfer eines r\u00e4uberischen Diebstahls geworden. Zusammen mit einem Freund habe er auf einer Bank im Bereich des Schulhofs der Grundschule Nord gesessen und Musik \u00fcber eine Musikbox geh\u00f6rt. Es seien f\u00fcnf weitere m\u00e4nnliche Jugendliche mit zwei schwarzen E-Scootern auf dem Schulhof erschienen. Zwei der Jugendlichen h\u00e4tten ein kurzes Gespr\u00e4ch mit dem 14-J\u00e4hrigen gef\u00fchrt, ihm anschlie\u00dfend die Musikbox weggenommen und seinen Versuch, sie wieder zur\u00fcckzubekommen, mit einem Faustschlag auf die Nase unterbunden. Die f\u00fcnf Jugendlichen seien danach gefl\u00fcchtet. <\/p>\n\n\n\n<p>Sie werden wie folgt beschrieben: alle m\u00e4nnlich, etwa 15 Jahre alt und zwischen 160 und 170 cm gro\u00df. <\/p>\n\n\n\n<p>Die beiden T\u00e4ter werden dar\u00fcber hinaus folgenderma\u00dfen beschrieben:<\/p>\n\n\n\n<ol><li>Person: Kr\u00e4ftige Statur, bekleidet mit hellblauer Jeans, einem schwarz-wei\u00dfen Pullover und einer schwarzen, \u00e4rmellosen Weste. Er h\u00e4tte schwarzes, lockiges Haar gehabt.<\/li><li>Person: Bekleidet mit gelbem Pullover und einer schwarzen, \u00e4rmellosen Weste. Er h\u00e4tte kurze, schwarze Haare gehabt.<\/li><\/ol>\n\n\n\n<p>Zeugen, die Hinweise zur Tat oder den Tatverd\u00e4chtigen geben k\u00f6nnen, werden gebeten, sich mit der Polizeiinspektion Schifferstadt unter 06235 495-0 oder&nbsp;<a href=\"mailto:pischifferstadt@polizei.rlp.de\">pischifferstadt@polizei.rlp.de<\/a>&nbsp;in Verbindung zu setzen.<\/p>\n\n\n\n<h4 class=\"wp-block-heading\">(Rhein-Pfalz-Kreis) &#8211; Geschwindigkeitskontrollen der Polizei<\/h4>\n\n\n\n<p>Beamte der Polizeiinspektion Schifferstadt haben am Dienstag mehrere Geschwindigkeitskontrollen durchgef\u00fchrt. Zwischen 08:30 und 10:00 Uhr haben sie zun\u00e4chst die Schifferstadter Stra\u00dfe in Mutterstadt \u00fcberwacht. Dort gab es 15 Verst\u00f6\u00dfe gegen die zul\u00e4ssige H\u00f6chstgeschwindigkeit von 30 km\/h zu beanstanden (Spitze: 47 km\/h, 35 Euro). Au\u00dferdem mussten zwei Verst\u00f6\u00dfe gegen die Gurtpflicht und ein Versto\u00df gegen das Handyverbot geahndet werden. Anschlie\u00dfend ging es nach B\u00f6hl-Iggelheim in die Ha\u00dflocher Stra\u00dfe. Zwischen 11:00 und 11:20 Uhr registrierten die Beamten zwei Geschwindigkeits\u00fcberschreitungen (Spitze: 40 km\/h, 15 Euro). Zum Schluss stand die Burgstra\u00dfe in Schifferstadt im Fokus. In der Zeit von 11:30 bis 13:15 Uhr sind 24 Zuwiderhandlungen gegen die geltende H\u00f6chstgeschwindigkeit von 30 km\/h (Spitze: 56 km\/h, 100 Euro, 1 Punkt) geahndet worden, sowie drei Verst\u00f6\u00dfe gegen die Gurtpflicht und ein Versto\u00df gegen das Handyverbot.<\/p>\n\n\n\n<h4 class=\"wp-block-heading\">(Germersheim) &#8211; Rettungsdienst beleidigt<\/h4>\n\n\n\n<p>Leider kommt es immer wieder vor, dass Mitarbeiter der Rettungsdienste bei ihrer Arbeit beleidigt werden. So erging es gestern dem Team eines Rettungsdienstes, das einem stark alkoholisierten Mann helfen wollte. Mit einem rekordverd\u00e4chtigen Wert von \u00fcber 4 Promille wollte dieser die Hilfe jedoch nicht annehmen und beleidigte stattdessen die Rettungskr\u00e4fte. Er wurde zur Ausn\u00fcchterung in ein Krankenhaus gebracht. Eine Strafanzeige kommt ebenfalls auf ihn zu.<\/p>\n\n\n\n<h4 class=\"wp-block-heading\">(Germersheim) &#8211; Getuntes Auto aus dem Verkehr gezogen<\/h4>\n\n\n\n<p>Am Dienstag zog ein getuntes Auto in der Stra\u00dfe Am Unkenfunk den Blick der Polizeibeamten auf sich. Bei der anschlie\u00dfenden Kontrolle wurde festgestellt, dass die technischen \u00c4nderungen wie beispielsweise eine andere Abgasanlage oder das neue Fahrwerk nicht zul\u00e4ssig waren. Die Betriebserlaubnis des getunten Boliden war somit erloschen. Der Fahrer muss das Fahrzeug nun wieder in einen f\u00fcr den \u00f6ffentlichen Stra\u00dfenverkehr zul\u00e4ssigen Zustand bringen.<\/p>\n\n\n\n<h4 class=\"wp-block-heading\">(Germersheim \/ Knittelsheim) &#8211; Geschwindigkeit \/ Handy \/ Gurt<\/h4>\n\n\n\n<p>Die \u00dcberschrift l\u00e4sst schon erahnen, was Germersheimer Polizisten bei zwei Geschwindigkeitsmessungen in Germersheim und Knittelsheim so alles festgestellt haben. Zun\u00e4chst wurde der Verkehr in der Hauptstra\u00dfe in Knittelsheim \u00fcberwacht. Dort ergaben sich insgesamt zw\u00f6lf Geschwindigkeits-\/ und drei Gurtverst\u00f6\u00dfe. Bei einer anschlie\u00dfenden Kontrolle in der Stra\u00dfe Am Unkenfunk in Germersheim waren nochmal 25 Autofahrer zu schnell unterwegs. Zudem waren drei nicht angeschnallt und einer hatte sein Handy w\u00e4hrend der Fahrt in der Hand.<\/p>\n\n\n\n<h4 class=\"wp-block-heading\">(Gossweiler-Stein) &#8211; Brand eines Gartenhauses<\/h4>\n\n\n\n<p>Am 28.04.21, gegen 17 Uhr, kam es in Gossersweiler, in der Verl\u00e4ngerung &#8222;Im Frontal&#8220; zum Brand eines Gartenhauses. Laut Feuerwehr bel\u00e4uft sich der Sachschaden auf ca. 4.000 EUR. Verletzt wurde niemand. Das Gartenhaus brannte v\u00f6llig nieder. Wie es zu dem Brand kam ist noch unklar. Ermittlungen laufen.<\/p>\n\n\n\n<h4 class=\"wp-block-heading\">(Herxheim) &#8211; Unter Drogeneinfluss erwischt<\/h4>\n\n\n\n<p>Unter dem Einfluss von Drogen stand ein Mofafahrer, welcher am Dienstagmittag gegen 15 Uhr in der Unteren Hauptstra\u00dfe von einer Polizeistreife kontrolliert wurde. Bei der \u00dcberpr\u00fcfung der Verkehrst\u00fcchtigkeit des 34 &#8211; J\u00e4hrigen ergaben sich Verdachtsmomente, dass dieser Bet\u00e4ubungsmittel konsumierte. Ein Vortest best\u00e4tigte den Verdacht und deutet auf die Einnahme von Amfetamin und Cannabis hin. Dem Mann wurde bei der Dienststelle eine Blutprobe genommen. Die Weiterfahrt wurde ihm untersagt.<\/p>\n\n\n\n<h4 class=\"wp-block-heading\">(Landau) &#8211; Pr\u00fcgelei am Skaterplatz<\/h4>\n\n\n\n<p>Zu einer handfesten Auseinandersetzung kam es am Dienstagmittag gegen 16 Uhr am Skaterplatz. Drei 13 &#8211; J\u00e4hrige hatten auf einen 14 &#8211; J\u00e4hrigen eingepr\u00fcgelt bis dieser zu Boden ging. Passanten konnten die Streith\u00e4hne trennen und verst\u00e4ndigten die Polizei. Noch vor dem Eintreffen der Beamten fl\u00fcchteten die Angreifer. Der Jugendliche klagte \u00fcber Schmerzen und wies eine Absch\u00fcrfung an der Wade auf. Die 13 &#8211; J\u00e4hrigen konnten zwischenzeitlich ermittelt werden. Ein Ermittlungsverfahren wegen gef\u00e4hrlicher K\u00f6rperverletzung wurde eingeleitet, der Hintergrund der Auseinandersetzung ist derzeit noch unklar. Die Angreifer sind auf Grund ihres Alter noch Strafunm\u00fcndig.<\/p>\n\n\n\n<h4 class=\"wp-block-heading\">(Roschbach) &#8211; Bettler unterwegs<\/h4>\n\n\n\n<p>In der Mittagszeit klingelten in der Hainfelder Stra\u00dfe zwei unbekannte M\u00e4nner an verschiedenen Anwesen und bettelten in englischer Sprache nach Geld. Trotz intensiver Nachschau konnten beide nicht mehr angetroffen werden. Bei den Unbekannten handelte es sich um ca. 35 &#8211; 40 Jahre alte M\u00e4nner, wobei einer einen royalblauen Kapuzenpulli trug und der andere mit einer Winterjacke unterwegs war. Die Polizei bittet die B\u00fcrger um erh\u00f6hte Wachsamkeit. Bei Auff\u00e4lligkeiten sollte die Polizei umgehend verst\u00e4ndigt werden. Gem\u00e4\u00df der Gefahrenabwehrverordnung ist das Betteln verboten. Die zust\u00e4ndige Verbandsgemeinde wurde in Kenntnis gesetzt.<\/p>\n\n\n\n<h4 class=\"wp-block-heading\">(Edesheim) &#8211; Geschwindigkeitsmessung<\/h4>\n\n\n\n<p>Zwischen 11 Uhr und 12 Uhr wurde am Dienstag (27.04.2021) in der Staatstra\u00dfe eine Geschwindigkeitsmessung durchgef\u00fchrt. Weil 11 Autofahrer zu schnell waren, mussten sie geb\u00fchrenpflichtig verwarnt werden. Der Schnellste war bei erlaubten 30 km\/h mit 49 km\/h unterwegs.<\/p>\n\n\n\n<h4 class=\"wp-block-heading\">(Ha\u00dfloch) &#8211; Unfall; Verkehrsbehinderungen<\/h4>\n\n\n\n<p>Ein Unfall am Dienstagnachmittag (27. April 2021, 15:30 Uhr) im Biene-Maya-Kreisel f\u00fchrte zeitweise zu Verkehrsbehinderungen. Die Westrandstra\u00dfe war besonders betroffen. Zuvor ist eine Suzuki-Fahrerin im Kreisel auf einen Sattelzug aufgefahren. Es entstand 2.000,- Euro Sachschaden. Bei der Schuldfrage ermittelt die Polizei noch.<\/p>\n\n\n\n<h4 class=\"wp-block-heading\">(Wachenheim) &#8211; Nicht auf Betr\u00fcger hereingefallen<\/h4>\n\n\n\n<p>Im Zeitraum von 21.04.2021 bis 26.04.2021, wurde ein \u00e4lterer Herr aus Wachenheim mehrmals per Email von einem Betr\u00fcger kontaktiert. In mehreren Schreiben berichtet der angebliche franz\u00f6sische Schreiber \u00fcber eine schwere Krebserkrankung f\u00fcr deren Behandlung er Geld ben\u00f6tigen w\u00fcrde. Da der \u00e4ltere Herr den Schreiber nicht kannte und \u00fcber solche Betrugsversuche informiert war, entstand gl\u00fccklicherweise kein Schaden. Wie die Betr\u00fcger an die Emailadresse gekommen sind, ist nicht bekannt. Die Kriminalpolizei in Bad D\u00fcrkheim hat die Ermittlungen aufgenommen. Wurden sie auch Opfer eines solchen Betrugsversuches dann wenden sie sich bitte an die Polizei Bad D\u00fcrkheim unter 06322 963 0 oder per E-Mail an&nbsp;<a href=\"mailto:pibadduerkheim@polizei.rlp.de\">pibadduerkheim@polizei.rlp.de<\/a>.<\/p>\n\n\n\n<h4 class=\"wp-block-heading\">(Bad D\u00fcrkheim) &#8211; Bet\u00e4ubungsmittel aufgefunden<\/h4>\n\n\n\n<p>Am 27.04.2021 gegen 01:00 Uhr konnte in der Mannheimer Stra\u00dfe in Bad D\u00fcrkheim ein 16-J\u00e4hriger einer Personenkontrolle unterzogen werden. Durch eine Streifenbesatzung konnte festgestellt werden, das der junge Mann sein Fahrrad auf dem Verl\u00e4ngerungsweg der Mannheimer Stra\u00dfe entlang des Bahn\u00fcberganges in Richtung &#8222;Frohnhof&#8220; schob. W\u00e4hrend der Kontrolle konnten die Polizeibeamten drogentypische Ausfallerscheinungen feststellen. Auch war ein deutlicher Cannabisgeruch wahrnehmbar. Er r\u00e4umte ein bei einem Freund gewesen zu sein und dort einen &#8222;Joint&#8220; geraucht zu haben. Bei der darauffolgenden Durchsuchung der Person konnten geringe Mengen Bet\u00e4ubungsmittel und ein Grinder aufgefunden und sichergestellt werden. Anschlie\u00dfend wurde er in die Obhut seiner Eltern \u00fcbergeben. Gegen ihn wird nun wegen Versto\u00df gegen das Bet\u00e4ubungsmittelgesetz ermittelt. Da er weiterhin gegen die aktuell geltenden Ausgangsbeschr\u00e4nkungen versto\u00dfen hatte, erwartet ihn nun eine Ordnungswidrigenkeitenanzeige seitens der zust\u00e4ndigen Ordnungsbeh\u00f6rde.<\/p>\n\n\n\n<h4 class=\"wp-block-heading\">(Freinsheim) &#8211; E-Scooter ohne aktuellen Versicherungsschutz<\/h4>\n\n\n\n<p>Am 26.04.2021 gegen 12:00 Uhr konnten in Wallstra\u00dfe in Freinsheim ein Fahrer eines E-Scooters einer Verkehrskontrolle unterzogen werden. Der Versicherungsschutz f\u00fcr den Scooter war aber bereits erloschen. Die Weiterfahrt wurde untersagt. Gegen den 17-j\u00e4hrigen Fahrer wird nun wegen dem Versto\u00df gegen das Pflichtversicherungsgesetz ermittelt.<\/p>\n\n\n\n<h4 class=\"wp-block-heading\">(Freinsheim) &#8211; Zeugen beobachten Unfallflucht<\/h4>\n\n\n\n<p>Am 26.04.2021 gegen 12:00 Uhr konnten aufmerksame Zeugen einen Verkehrsunfall in der Badstra\u00dfe in Freinsheim beobachten, bei dem der Verursacher fl\u00fcchtete. Ein bislang unbekannter Verkehrsteilnehmer besch\u00e4digte beim r\u00fcckw\u00e4rts Ausparken aus einer Parkl\u00fccke einen ordnungsgem\u00e4\u00df geparkten Peugeot. Der Fahrer entfernte sich anschlie\u00dfend unerlaubt von der Unfallstelle. Es entstand ein Sachschaden in H\u00f6he von 500 Euro. Da die Unfallzeugen das Kennzeichen notiert und an die Polizei weitergeben konnten, k\u00f6nnen nun Ermittlungen bei der betreffenden Firma aufgenommen werden. Gegen den bislang noch nicht ermittelten Fahrer zum Unfallzeitpunkt, wird dann wegen einer Verkehrsunfallflucht ermittelt.<\/p>\n\n\n\n<h4 class=\"wp-block-heading\">(Weisenheim am Sand) &#8211; Schaden verursacht und gefl\u00fcchtet<\/h4>\n\n\n\n<p>Im Zeitraum von 23.04.2021 15:00 Uhr bis 26.04.2021, 08:00 Uhr wurde ein im Westring in Weisenheim am Sand abgestellter VW Golf besch\u00e4digt. Ein bislang unbekannter Verkehrsteilnehmer besch\u00e4digte vermutlich beim Vorbeifahren aufgrund ungen\u00fcgenden Abstandes den VW und entfernte sich anschlie\u00dfend unerlaubt von der Unfallstelle. Es entstand ein Sachschaden in H\u00f6he von 4000 Euro. Es liegen keinerlei T\u00e4terhinweise vor. Die Polizei Bad D\u00fcrkheim bittet um Hinweise unter 06322 963 0 oder per E-Mail an&nbsp;<a href=\"mailto:pibadduerkheim@polizei.rlp.de\">pibadduerkheim@polizei.rlp.de<\/a><\/p>\n\n\n\n<h4 class=\"wp-block-heading\">(Kindenheim) &#8211; Verkehrsunfall mit verletztem Motorradfahrer<\/h4>\n\n\n\n<p>Am Dienstag, 27.04.2021 gegen 18:10 Uhr befuhr ein 39-j\u00e4hriger Mann aus Marnheim mit seiner 1250er Suzuki die L 450 von Kindenheim kommend in Richtung Biedesheim. Nachdem der Mann mehrere Pkw \u00fcberholt hatte geriet er infolge \u00fcberh\u00f6hter Geschwindigkeit in einer darauffolgenden Kurve auf den unbefestigten Gr\u00fcnstreifen, verlor die Kontrolle \u00fcber seine Maschine und st\u00fcrzte schlie\u00dflich. Der Mann wurde durch Ersthelfer bis zum Eintreffen der Polizei und Rettungskr\u00e4fte versorgt. Er klagte \u00fcber Schmerzen in der Schulter und wurde zur weiteren Untersuchung in ein Krankenhaus eingeliefert. Das Motorrad war nicht mehr fahrbereit und musste abgeschleppt werden. Es entstand Sachschaden in H\u00f6he von ca. 4000EUR.<\/p>\n\n\n\n<h4 class=\"wp-block-heading\">(He\u00dfheim) &#8211; Sachbesch\u00e4digung durch Axt<\/h4>\n\n\n\n<p>Am 27.04.2021 gegen 18:20 Uhr wird ein 16-J\u00e4hriger in He\u00dfheim im Birkenweg dabei beobachtet, wie er mit einer Axt zun\u00e4chst gegen einen geparkten PKW und anschlie\u00dfend gegen eine Mauer im Lindenweg schlug. Nach der Mitteilung besorgter B\u00fcrger wurde der Jugendliche nachdem er die Axt freiwillig weglegte zun\u00e4chst von Passanten bis zum Eintreffen der Streifenbesatzung festgehalten. Der Jugendliche stand augenscheinlich unter Bet\u00e4ubungsmitteleinfluss und wurde in einem Krankenhaus vorgestellt. Es entstand lediglich Sachschaden an den genannten Gegenst\u00e4nden, verletzt wurde gl\u00fccklicherweise niemand. Entsprechende Strafanzeigen erwarten den jungen Mann dennoch.<\/p>\n\n\n\n<h4 class=\"wp-block-heading\">(Frankenthal) &#8211; Kontrolle der Fahrradstreife<\/h4>\n\n\n\n<p>Am 27.04.2021, in der Zeit von 14.30 Uhr bis 20:45 Uhr, f\u00fchrte unsere Fahrradstreife erneut mehrere Kontrollen im Stadtgebiet Frankenthal durch. Hierbei wurden folgende Verst\u00f6\u00dfe geahndet: 3-mal verbotswidriges Befahren der Fu\u00dfg\u00e4ngerzone, 1-mal Parken auf einem Geh- und Radweg mit Behinderung anderer Verkehrsteilnehmer, 1-mal Rotlichtversto\u00df, 3 Verst\u00f6\u00dfe gegen das Alkoholverbot in der \u00d6ffentlichkeit, 3-mal Radweg in falscher Richtung befahren. Daneben wurden mehrere verkehrserzieherische Gespr\u00e4che mit Kindern gef\u00fchrt.<\/p>\n\n\n\n<h4 class=\"wp-block-heading\">(Ludwigshafen) &#8211; Vermisste aus Ludwigshafen wieder aufgefunden<\/h4>\n\n\n\n<p>Die seit Sonntag, den 25.06.2021, als vermisst gemeldete 15-j\u00e4hrige Jugendliche, Laura Emilia D., konnte am Mittwoch wieder wohlbehalten angetroffen werden.<\/p>\n\n\n\n<h4 class=\"wp-block-heading\">(Ludwigshafen) &#8211; Auseinandersetzung zwischen Jugendlichen \/ Zeugen gesucht<\/h4>\n\n\n\n<p>Am 27.04.2021, gegen 17 Uhr, soll es im Bereich Bertolt-Brecht-Stra\u00dfe zu Streitigkeiten und auch einer k\u00f6rperlichen Auseinandersetzung zwischen mehreren Jugendlichen gekommen sein. Laut Zeugenaussagen waren insgesamt etwa 20 Jugendliche vor Ort. Wie viele davon in die Streitigkeiten verwickelt waren, ist unklar.<\/p>\n\n\n\n<p>Beim Eintreffen der Polizeibeamten konnten lediglich noch vier Personen im Alter zwischen 14 Jahren und 18 Jahren angetroffen werden. Bei ihnen d\u00fcrfte es sich um die Hauptverantwortlichen des Streits handeln.<\/p>\n\n\n\n<p>Zur Kl\u00e4rung des Sachverhaltes bittet die Polizei um Ihre Mithilfe und Zeugen, sich bei der Polizeiinspektion Ludwigshafen 1, Telefonnummer 0621 963-2122 oder per E-Mail&nbsp;<a href=\"mailto:piludwigshafen1@polizei.rlp.de\">piludwigshafen1@polizei.rlp.de<\/a>&nbsp;zu melden.<\/p>\n\n\n\n<h4 class=\"wp-block-heading\">(Ludwigshafen) &#8211; Baumstumpf in Brand geraten<\/h4>\n\n\n\n<p>Am 27.04.2021 gegen 15:30 Uhr, geriet aus bislang unbekannter Ursache ein Baumstumpf im Gr\u00fcnstreifen eines Parkplatzes in der Poststra\u00dfe in Brand. Das Feuer konnte durch die Mitarbeiterin einer Arztpraxis rasch gel\u00f6scht werden. Die Ermittlungen zur Brandursache wurden aufgenommen. Hinweise auf einen Zusammenhang zur M\u00fclleimerbrandserie in Oggersheim gibt es derzeit nicht.<\/p>\n\n\n\n<p>Die Polizeiwache Oggersheim bittet um Hinweise. Diese werden unter Tel. 0621 963 &#8211; 2403 oder per Mail&nbsp;<a href=\"mailto:pwoggersheim@polizei.rlp.de\">pwoggersheim@polizei.rlp.de<\/a>&nbsp;entgegen genommen.<\/p>\n\n\n\n<h4 class=\"wp-block-heading\">(Ludwigshafen) &#8211; Unter Einfluss von Drogen gefahren<\/h4>\n\n\n\n<p>Weil weder er noch seine Beifahrerin angeschnallt waren, wurde ein 26-J\u00e4hriger am 27.04.2021, gegen 14:30 Uhr, in der Mittelpartstra\u00dfe einer Verkehrskontrolle unterzogen. Hierbei ergab sich, dass der junge Mann nicht in Besitz einer g\u00fcltigen Fahrerlaubnis ist. Im Rahmen der Kontrolle fiel der 26-J\u00e4hrighe zudem durch drogentypische Ausfallerscheinungen auf. Ein freiwillig durchgef\u00fchrter Test verlief positiv auf THC. Der 26-J\u00e4hrige muss nun wegen des Fahrens ohne Fahrerlaubnis, des Fahrens unter Einfluss von berauschenden Mitteln sowie wegen des Versto\u00dfes gegen das Bet\u00e4ubungsmittelgesetz verantworten.<\/p>\n\n\n\n<p>Auch in der Hartmannstra\u00dfe wurde eine 45-J\u00e4hrige kontrolliert, die mit ihrem E-Scooter unter Alkohol- und Drogeneinfluss gefahren war. Ein freiwillig durchgef\u00fchrter Atemalkoholtest ergab einen Wert von 0,81 Promille, ein weiterer Test verlief positiv auf Amphetamine.<\/p>\n\n\n\n<h4 class=\"wp-block-heading\">(Ludwigshafen) &#8211; Auto zerkratzt<\/h4>\n\n\n\n<p>Der Peugeot eines 72-J\u00e4hrigen, welches zwischen dem 25.04.2021, 18 Uhr, und dem 26.04.2021, 10 Uhr, in der Adam-Stegerwald-Stra\u00dfe auf einem Stellplatz stand, wurde von einer bislang unbekannten Person zerkratzt. Es entstand ein Sachschaden von etwa 2.000 Euro.<\/p>\n\n\n\n<p>Die Polizeiwache Oggersheim bittet um Hinweise. Diese werden unter Tel. 0621 963 &#8211; 2403 oder per Mail&nbsp;<a href=\"mailto:pwoggersheim@polizei.rlp.de\">pwoggersheim@polizei.rlp.de<\/a>&nbsp;entgegen genommen.<\/p>\n\n\n\n<h4 class=\"wp-block-heading\">(Mannheim \/ B 44) &#8211; Fahrradfahrer bei Verkehrsunfall auf B 44 schwer verletzt; Rettungshubschrauber im Anflug<\/h4>\n\n\n\n<h4 class=\"wp-block-heading\" style=\"text-align:center\">Pressemitteilung Nr. 1<\/h4>\n\n\n\n<p>Wegen eines schweren Verkehrsunfalls an der Kreuzung Karl-Imhof-Stra\u00dfe\/Gro\u00dfgehrenstra\u00dfe ist die B 44 derzeit (28.04.2021 \u2013 13:13 Uhr) gesperrt.<\/p>\n\n\n\n<p>Ein Rettungshubschrauber wird in wenigen Minuten landen.<\/p>\n\n\n\n<p>Nach ersten Erkenntnissen kam es zu einer Kollision zwischen einem Auto- und einem Radfahrer. Der Radfahrer wurde dabei schwer verletzt.<\/p>\n\n\n\n<p>\u00dcber den Unfallhergang liegen noch keine Informationen vor.<\/p>\n\n\n\n<h4 class=\"wp-block-heading\">(Mannheim \/ B 44) &#8211; Fahrradfahrer bei Verkehrsunfall schwer verletzt; Rettungshubschrauber im Einsatz; Zeugen gesucht<\/h4>\n\n\n\n<h4 class=\"wp-block-heading\" style=\"text-align:center\">Pressemitteilung Nr. 2<\/h4>\n\n\n\n<p>Am fr\u00fchen Mittwochnachmittag ereignete sich an der Kreuzung B 44\/ Karl-Imhof-Stra\u00dfe\/Gro\u00dfgehrenstra\u00dfe ein Verkehrsunfall, bei dem ein Fahrradfahrer schwer verletzt wurde.<\/p>\n\n\n\n<p>Wie die bisherigen Ermittlungen ergaben, wollte ein Autofahrer gegen 12.50 Uhr, von der Karl-Imhof-Stra\u00dfe nach rechts auf die B 44 in Richtung Innenstadt abbiegen und kollidierte dabei mit einem Radfahrer, der dort auf dem Radweg unterwegs war.<\/p>\n\n\n\n<p>Durch die Kollision erlitt der Zweiradfahrer schwere Kopfverletzungen und wurde nach seiner not\u00e4rztlichen Versorgung mit einem Rettungshubschrauber in eine Klinik geflogen. \u00dcber dessen Gesundheitszustand liegen derzeit keine Informationen vor.<\/p>\n\n\n\n<p>Die Verkehrspolizei Mannheim hat die weiteren Ermittlungen \u00fcbernommen.<\/p>\n\n\n\n<p>Zeugen, die den Unfallhergang beobachtet haben, werden gebeten, sich bei den Unfallermittlern der Verkehrspolizei unter Tel.: 0621\/174-4222 zu melden.<\/p>\n\n\n\n<h4 class=\"wp-block-heading\">(Mannheim-Oststadt) &#8211; Betrunken auf E-Scooter unterwegs<\/h4>\n\n\n\n<p>Am Dienstagabend gegen 21 Uhr fiel einer Motorradstreife in der Spinozastra\u00dfe der Fahrer eines E-Scooters auf. Die Beamten f\u00fchrten schlie\u00dflich eine Verkehrskontrolle durch. Ein freiwillig durchgef\u00fchrter Atemalkoholtest ergab einen Wert von rund 2.5 Promille.<\/p>\n\n\n\n<p>Der Mann wurde zur Entnahme einer Blutprobe auf das Polizeirevier MA-Oststadt gebracht. Hier wurde er nach Abschluss aller Ma\u00dfnahmen wieder entlassen. Die Weiterfahrt wurde untersagt. Er gelangt nun wegen Trunkenheit im Stra\u00dfenverkehr zur Anzeige.<\/p>\n\n\n\n<h4 class=\"wp-block-heading\">(Mannheim-Oststadt) &#8211; Verkehrsunfall mit erheblichem Sachschaden<\/h4>\n\n\n\n<p>Ein Verkehrsunfall mit erheblichem Sachschaden ereignete sich am Dienstagmittag im Stadtteil Oststadt: Eine 41-j\u00e4hrige Frau war gegen 12.30 Uhr mit ihrem roten Opel auf der Spinoza-Stra\u00dfe in Richtung Otto-Beck-Stra\u00dfe unterwegs. An der Kreuzung zur Schopenhauerstra\u00dfe missachtete sie die Vorfahrt einer von rechts kommenden 59-j\u00e4hrigen Frau, die mit ihrem blauen Opel die Schopenhauerstra\u00dfe befuhr. Im Kreuzungsbereich kommt es zum Zusammensto\u00df der beiden Opel. Der rote Opel schleuderte anschlie\u00dfend nach rechts, besch\u00e4digte einen sogenannten Mannheimer Pfosten und prallte schlie\u00dflich gegen die Fassade eines Anwesens in der Schopenhauerstra\u00dfe, wo das Fahrzeug zum Stehen kam. Die Fahrerinnen beider Opel kamen mit dem Schrecken davon und blieben unverletzt. Der rote Opel war so stark besch\u00e4digt, dass er abgeschleppt werden musste. Der entstandene Gesamtschaden wird auf rund 25.000 Euro gesch\u00e4tzt. Nach Abschluss der Unfallaufnahme wurde die Fahrbahn wegen ausgelaufener Betriebsstoffe gereinigt.<\/p>\n\n\n\n<h4 class=\"wp-block-heading\">(Mannheim-Herzogenried) &#8211; Auto zerkratzt \/ Polizei sucht Zeugen!<\/h4>\n\n\n\n<p>Zur Besch\u00e4digung eines Autos kam es am Dienstag zwischen 8 Uhr und 18 Uhr in der Stra\u00dfe &#8222;Am Steingarten&#8220;. Bislang unbekannte T\u00e4ter zerkratzten einen geparkten Tesla mit einem spitzen unbekannten Gegenstand. Es entstand ein Sachschaden von rund 2.500 EUR.<\/p>\n\n\n\n<p>Zeugen, die verd\u00e4chtige Wahrnehmungen gemacht haben, werden gebeten sich an das Polizeirevier Mannheim-Neckarstadt, unter der Telefonnummer 0621-33010, zu wenden.<\/p>\n\n\n\n<h4 class=\"wp-block-heading\">(Mannheim-Rheinau) &#8211; Gr\u00fcnfl\u00e4che und Schilf im Uferbereich des Rheinauer Sees in Brand geraten<\/h4>\n\n\n\n<h4 class=\"wp-block-heading\" style=\"text-align:center\">Pressemitteilung Nr. 1<\/h4>\n\n\n\n<p>Am Montagabend, gegen 23.15 Uhr, geriet eine Gr\u00fcnfl\u00e4che und Schilf im Uferbereich am Ostufer des Rheinauer Sees in Brand. Die Berufsfeuerwehr Mannheim ist derzeit mit der Brandbek\u00e4mpfung besch\u00e4ftigt. Eine Gefahr f\u00fcr die Anwohner ist aktuell nicht gegeben. \u00dcber die Brandursache liegen noch keine Erkenntnisse vor.<\/p>\n\n\n\n<h4 class=\"wp-block-heading\">(Mannheim-Rheinau) &#8211; Gr\u00fcnfl\u00e4che und Schilf im Uferbereich des Rheinauer Sees in Brand geraten \/ Zeugen gesucht<\/h4>\n\n\n\n<h4 class=\"wp-block-heading\" style=\"text-align:center\">Pressemitteilung Nr. 2<\/h4>\n\n\n\n<p>Am Montagabend, gegen 23.15 Uhr, meldete ein Anwohner im Stadtteil Rheinau \u00fcber Notruf einen Brand am Ostufer des Rheinauer Sees. Vor Ort konnte festgestellt, dass auf einer Fl\u00e4che von ca. 150 x 200 Metern die dort befindlichen B\u00f6schungen, ein Baum und Schilf in Brand standen. Durch die Berufsfeuerwehr Mannheim, die mit einem L\u00f6schzug vor Ort war, konnte Brand unter Kontrolle gebracht und gel\u00f6scht werden. Eine Gefahr f\u00fcr die Bev\u00f6lkerung durch Brandgeschehen und die Rauchentwicklung bestand nicht. Personen kamen nicht zu Schaden. Die H\u00f6he des entstandenen Sachschadens kann bislang nicht beziffert werden. Die Brandursache ist bislang noch unklar. Das Polizeirevier Mannheim-Neckarau hat die Ermittlungen \u00fcbernommen. Zeugen oder Anwohner, die sachdienliche Hinweise geben k\u00f6nnen werden gebeten sich mit dem Mannheim-Neckarau unter der Telefonnummer 0621\/83397-0 in Verbindung zu setzen.<\/p>\n\n\n\n<h4 class=\"wp-block-heading\">(Mannheim \/ Heidelberg \/ Rhein-Neckar-Kreis) &#8211; Europaweite Aktionswoche &#8222;Geschwindigkeit&#8220; vom 19. bis 25. April 2021<\/h4>\n\n\n\n<p>In der Zeit zwischen 19. Und 25. April wurde europaweit eine Aktionswoche zur Bek\u00e4mpfung der Hauptunfallursache &#8222;nichtangepasste Geschwindigkeit&#8220; durchgef\u00fchrt. Daran, wie auch am europaweiten Speedmarathon am 21.04.2021, beteiligte sich das Polizeipr\u00e4sidium Mannheim mit t\u00e4glichen Verkehrs\u00fcberwachungsaktionen. Die Verkehrspolizei sowie die Polizeireviere f\u00fchrten unter Einsatz aller verf\u00fcgbaren Geschwindigkeitsmessger\u00e4te intensive \u00dcberwachungsma\u00dfnahmen durch.<\/p>\n\n\n\n<p>Dabei wurden durch die Polizei nachfolgende Ergebnisse erzielt:<\/p>\n\n\n\n<p>Festgestellte Geschwindigkeitsverst\u00f6\u00dfe: <\/p>\n\n\n\n<p>1.853 Bis zu 20 km\/h<\/p>\n\n\n\n<p>967 21 &#8211; 40 km\/h<\/p>\n\n\n\n<p>779 Mehr als 40 km\/h<\/p>\n\n\n\n<p>Innerhalb geschlossener Ortschaften droht bereits bei einer Geschwindigkeits\u00fcberschreitung von mehr als 30 km\/h ein einmonatiges Fahrverbot, au\u00dferhalb geschlossener Ortschaften ab einer \u00dcberschreitung von mehr als 40 km\/h. 199 Verkehrsteilnehmer hatten die zul\u00e4ssige H\u00f6chstgeschwindigkeit so stark \u00fcberschritten, dass ihnen nun ein Fahrverbot droht.<\/p>\n\n\n\n<p>Die polizeilichen Kontrollma\u00dfnahmen erfolgten \u00fcberwiegend in Form von Anhaltekontrollen, bei denen zu beanstandende Verkehrsteilnehmer unmittelbar mit ihrem Geschwindigkeitsversto\u00df konfrontiert wurden. Im Gespr\u00e4ch konnte diesen die Problematik Hauptunfallursache nichtangepasste Geschwindigkeit n\u00e4hergebracht und ins Bewusstsein gerufen werden.<\/p>\n\n\n\n<p>Zus\u00e4tzlich f\u00fchrten die St\u00e4dte Mannheim und Heidelberg sowie die Kommunen im Rhein-Neckar-Kreis weitere Geschwindigkeitskontrollen in Form von Durchfahrtskontrollen durch. Dabei wurden weitere 3.953 Geschwindigkeits\u00fcberschreitungen festgestellt, die sich zum \u00fcberwiegenden Teil im Bereich einer \u00dcberschreitung bis 20 km\/h bewegten.<\/p>\n\n\n\n<p>Die Kontrollma\u00dfnahmen der Polizei werden haupts\u00e4chlich an \u00d6rtlichkeiten durchgef\u00fchrt, an denen sich schwere Unf\u00e4lle aufgrund nichtangepasster Geschwindigkeit h\u00e4ufen. Dadurch wird ein wichtiger Beitrag zur nachhaltigen Verbesserung der Verkehrssicherheit geleistet. Die Zahl der zu erwartenden Fahrverbote zeigt deutlich die Wichtigkeit solcher Kontrollen. Die Polizei auch in Zukunft intensive Geschwindigkeits\u00fcberwachungsma\u00dfnahmen, insbesondere an neuralgischen Punkten, durchf\u00fchren.<\/p>\n\n\n\n<h4 class=\"wp-block-heading\">(Heidelberg) &#8211; Unachtsam den Fahrstreifen gewechselt \/ Autofahrerin leicht verletzt &#8211; Sachschaden ca. 13.000 Euro<\/h4>\n\n\n\n<p>Bei einem Verkehrsunfall am Dienstag um 11.10 Uhr an der Kreuzung Speyerer Stra\u00dfe\/Rudolf-Diesel-Stra\u00dfe wurde eine Autofahrerin leicht verletzt. An den beiden Autos entstand ein Gesamtsachschaden von ca. 13.000 Euro. Ein 24-j\u00e4hriger Fahrer eines Porsche hatte sich auf der Speyerer Stra\u00dfe zun\u00e4chst zum Linksabbiegen in die Rudolf-Diesel-Stra\u00dfe eingeordnet. Anschlie\u00dfend wechselte er unachtsam den Fahrstreifen nach rechts und kollidierte mit einer 58-j\u00e4hrigen Fahrerin eines VW-Passat, die stadtausw\u00e4rts auf dem linken Geradeausfahrstreifen fuhr. Die Autofahrerin wurde mit einem Rettungswagen zur weiteren Untersuchung in eine Klinik gefahren.<\/p>\n\n\n\n<h4 class=\"wp-block-heading\">(Heidelberg-Ziegelhausen) &#8211; Fehler beim Einfahren in Stra\u00dfe \/ Ein Schwer- und ein Leichtverletzter &#8211; Sachschaden ca. 30.000 Euro<\/h4>\n\n\n\n<p>Weil ein 24-j\u00e4hriger Fahrer eines Mercedes am Dienstag gegen 11.35 Uhr von einem Grundst\u00fcck in der Stra\u00dfe In der Neckarhelle, zwischen Pirsch- und Stiftweg, unvorsichtig nach links in Richtung Neckargem\u00fcnd einbog, kam es zur Kollision mit einem gleichaltrigen Fahrer eines VW Passat, der in Richtung Heidelberg unterwegs war. Durch den Aufprall wurde der Passatfahrer schwer verletzt, der Unfallverursacher zog sich leichte Verletzungen zu. Beide wurde nach der \u00e4rztlichen Erstversorgung an der Unfallstelle in Kliniken eingeliefert. An den beiden Autos entstand Sachschaden von insgesamt 30.000 Euro, die Fahrzeuge mussten abgeschleppt werden. W\u00e4hrend der Unfallaufnahme und Bergung der Fahrzeuge war die Stra\u00dfe voll gesperrt.<\/p>\n\n\n\n<h4 class=\"wp-block-heading\">(Leimen \/ Rhein-Neckar-Kreis) &#8211; Paketbote von Hund gebissen<\/h4>\n\n\n\n<p>Am fr\u00fchen Dienstagnachmittag wurde in Leimen ein 25-j\u00e4hriger Paketzusteller von einem Hund gebissen. Der Mann hatte kurz vor 14 Uhr den Hof eines Anwesens in der R\u00f6merstra\u00dfe betreten, um ein Paket auszuliefern. W\u00e4hrenddessen kam ein 16-J\u00e4hriger mit dem Hund seines Bruders vom Gassigehen zur\u00fcck und betrat ebenfalls den Hof. Als der Hund, ein Kangal, den Paketboten wahrnahm, riss er sich von der Leine los und rannte auf den 25-J\u00e4hrigen zu. Er ging auf diesen los und biss ihm ins Knie. Der Verletzte wurde zun\u00e4chst von Rettungskr\u00e4ften vor Ort behandelt und anschlie\u00dfend zur Weiterbehandlung in ein Krankenhaus eingeliefert. Der Hundehalter war bereits verst\u00e4ndigt worden und vor Ort gekommen. Er sperrte den Hund in einen Au\u00dfenzwinger im Hofbereich ein. Die Ermittlungen des Polizeipostens Leimen dauern an, zudem wird nun gepr\u00fcft, inwiefern der Hund aufgrund seiner Aggressivit\u00e4t im Besitz des Hundehalters verbleiben kann.<\/p>\n\n\n\n<h4 class=\"wp-block-heading\">(Hockenheim \/ A 6 \/ Rhein-Neckar-Kreis) &#8211; Unfall mit leichtverletzter Person<\/h4>\n\n\n\n<p>Bei einem Verkehrsunfall am Dienstagmittag auf der A 6 bei Hockenheim wurde ein 30-j\u00e4hriger BMW-Fahrer leicht verletzt. Ein 44-j\u00e4hriger Mann war kurz vor12 Uhr mit seinem Sattelzug auf rechtem Fahrspur der A 6 in Richtung Mannheim unterwegs. Zwischen dem Autobahnkreuz Walldorf und dem Autobahndreieck Hockenheim musste er staubedingt bis zum Stillstand abbremsen. Ein 30-J\u00e4hriger, der mit seinem BMW auf der links danebenliegenden Fahrspur unterwegs war, wollte nun auf den rechten Fahrstreifen wechseln, \u00fcbersah dabei den Sattelzug und prallte zun\u00e4chst in die linke hintere Seite des Aufliegers. Danach drehte sich der BMW um die eigene Achse, prallte erneut in die Seite des Sattelzugs und kam schlie\u00dflich vor dem Sattelzug, quer zur Fahrtrichtung, zum Stehen. Der 30-j\u00e4hrige Fahrer konnte trotz der massiven Besch\u00e4digungen am BMW noch selbst\u00e4ndig aus dem Fahrzeug aussteigen. Er wurde jedoch nach Untersuchung durch Rettungskr\u00e4fte zur Behandlung in ein Krankenhaus eingeliefert.<\/p>\n\n\n\n<p>Der BMW war nicht mehr fahrbereit und musste abgeschleppt werden. Der Sattelzug konnte wieder fahrf\u00e4hig gemacht werden und seinen Weg unter Polizeibegleitung zun\u00e4chst bis zum n\u00e4chsten Parkplatz fortsetzen.<\/p>\n\n\n\n<p>W\u00e4hrend der Unfallaufnahme und Aufr\u00e4umarbeiten waren drei der vier Fahrspuren vor\u00fcbergehend gesperrt und wurden bis 14 Uhr sukzessive wieder freigegeben. Es bildete sich ein R\u00fcckstau von bis zu 4 Kilometern L\u00e4nge.<\/p>\n\n\n\n<h4 class=\"wp-block-heading\">(Hockenheim \/ Rhein-Neckar-Kreis) &#8211; Verkehrsunfall mit zwei verletzten Personen und erheblichem Sachschaden<\/h4>\n\n\n\n<p>Zwei verletzte Beteiligte und betr\u00e4chtlicher Sachschaden sind die Bilanz eines Verkehrsunfalls am Dienstagmorgen in Hockenheim. Ein 86-j\u00e4hriger Mann war gegen 8.45 Uhr mit seinem Leichtkraftroller auf der Otto-Stra\u00dfe in Richtung Heidelberger Stra\u00dfe unterwegs. Vor ihm war am rechten Fahrbahnrand ein 31-J\u00e4hriger mit seinem Fahrrad unterwegs. W\u00e4hrend dieser gerade, ohne Handzeichen zu geben, die Fahrbahnseite nach links wechselte, um auf den dortigen Gehweg aufzufahren, hatte der 86-J\u00e4hrige gerade mit dem \u00dcberholvorgang begonnen. Dabei kam es zum Zusammensto\u00df der beiden Zweiradfahrer. Der 86-J\u00e4hrige st\u00fcrzte mit seinem Kraftroller zu Boden und stie\u00df mit dem Kopf gegen eine dortige Hausfassade. Auch der Radfahrer st\u00fcrzte zu Boden und zog sich leichte Verletzungen zu. Beide Verletzten wurden vor Ort durch Rettungskr\u00e4fte versorgt und wollten sich selbst\u00e4ndig in \u00e4rztliche Behandlung begeben.<\/p>\n\n\n\n<p>Der Roller des 86-J\u00e4hrigen rutschte nach der Kollision gegen einen am linken Fahrbahnrand geparkten 1er BWM und schob diesen gegen eine davor abgestellten Toyota. Dabei wurde der Roller so stark besch\u00e4digt, dass er abgeschleppt werden musste. Der Sachschaden wird auf rund 10.000 Euro gesch\u00e4tzt.<\/p>\n\n\n\n<h4 class=\"wp-block-heading\">(Neulu\u00dfheim \/ Rhein-Neckar-Kreis) &#8211; Brand in Dachstuhl ausgebrochen<\/h4>\n\n\n\n<h4 class=\"wp-block-heading\" style=\"text-align:center\">Pressemitteilung Nr. 1<\/h4>\n\n\n\n<p>Derzeit kommt es zu einem Einsatz von Polizei und Feuerwehr in der Tullastra\u00dfe. Aus bislang unbekannter Ursache brach am Dienstag gegen 13:50 Uhr im Dachstuhl eines Mehrfamilienhauses ein Feuer aus. Es kommt zu einer starken Rauchentwicklung. Die Einsatzma\u00dfnahmen dauern an.<\/p>\n\n\n\n<h4 class=\"wp-block-heading\">(Neulu\u00dfheim \/ Rhein-Neckar-Kreis) &#8211; Brand in Dachstuhl ausgebrochen<\/h4>\n\n\n\n<h4 class=\"wp-block-heading\" style=\"text-align:center\">Pressemitteilung Nr. 2<\/h4>\n\n\n\n<p>Am Dienstag gegen 13:50 Uhr geriet die Hausfassade eines in der Tullastra\u00dfe befindlichen Einfamilienhauses in Brand und nicht wie anfangs angenommen der Dachstuhl des Geb\u00e4udes. Nach derzeitigen Erkenntnissen waren f\u00fcr den Brandausbruch Gartenarbeiten durch den Hausbesitzer urs\u00e4chlich, die einen Funkenflug verursachten. Hierbei griffen wiederum einzelne Funken auf die Hausfassade \u00fcber. Durch das Feuer kam es zu einer starken Rauchentwicklung. Bei den L\u00f6scharbeiten der Feuerwehr musste auch ein Teil der Hausfassade abgetragen werden. Beide Hausbewohner blieben gl\u00fccklicherweise unverletzt. Der Sachschaden wird derzeit auf rund 50.000 Euro gesch\u00e4tzt.<\/p>\n\n\n\n<h4 class=\"wp-block-heading\">(Gem. St. Leon-Rot \/ A 6 \/ Rhein-Neckar-Kreis) &#8211; Drogen bei Fahrzeugkontrolle gefunden; Haftbefehl gegen 27-J\u00e4hrigen gegen Auflagen au\u00dfer Vollzug gesetzt<\/h4>\n\n\n\n<p>Am Dienstagnachmittag des 27. April, gegen 14.30 Uhr wurde ein 27-j\u00e4hriger Autofahrer auf einem Parkplatz an der auf der A 6 in Richtung Heilbronn von einer Streife des Autobahnpolizeireviers Walldorf Mann mit seinem Fahrzeug auf der A 6 in Richtung Heilbronn unterwegs. Da es im Fahrzeug deutlich nach Marihuana roch, wurde es durchsucht.<\/p>\n\n\n\n<p>Dabei entdeckten die Beamten zun\u00e4chst mehrere portionierte T\u00fctchen mit geringen Mengen Marihuana. In einem Beutel, der im Kofferraum deponiert war, wurden weitere mehr als 500 Gramm Marihuana sichergestellt.<\/p>\n\n\n\n<p>Der 27-J\u00e4hrige wurde festgenommen und am Mittwochvormittag dem Ermittlungsrichter vorgef\u00fchrt, der einen Haftbefehl erlie\u00df. Gegen Auflagen wurde der Haftbefehl au\u00dfer Vollzug gesetzt. Die Ermittlungen der Staatsanwaltschaft Heidelberg und des Drogendezernats der Kriminalpolizeidirektion Heidelberg dauern an.<\/p>\n\n\n\n<h4 class=\"wp-block-heading\">(Gem. Dielheim \/ A 6 \/ Rhein-Neckar-Kreis) &#8211; In Leitplanken gekracht; Autofahrerin verletzt; Rettungshubschrauber angefordert<\/h4>\n\n\n\n<p>Am Dienstagnachmittag kam es auf der A 6 zwischen den Anschlussstellen Sinsheim und Wiesloch\/Rauenberg zu einem Verkehrsunfall, bei dem eine Autofahrerin allein beteiligt schwer verletzt wurde.<\/p>\n\n\n\n<p>Die Frau war mit ihrem Ford in Richtung Mannheim unterwegs, als sie kurz vor 17 Uhr, aus unbekannten Gr\u00fcnden zun\u00e4chst nach links in die Betongleitwand geriet, von dort quer zur Fahrtrichtung nach rechts schleuderte und dort in die Leitplanken prallte. Dadurch verletzte sich die 46-J\u00e4hrige so schwer, dass sie mit einem Rettungswagen in eine Klinik transportiert wurde. Ein Rettungshubschrauber war angefordert und bereits an der Unfallstelle gelandet. Ein Transport mit ihm war allerdings nicht notwendig.<\/p>\n\n\n\n<p>Das Auto wurde abgeschleppt. Der Gesamtschaden betrug rund 10.000.- Euro.<\/p>\n\n\n\n<p>Die Feuerwehr Sinsheim war mit acht Kr\u00e4ften zur Absicherung und Reinigung der Unfallstelle im Einsatz.<\/p>\n\n\n\n<p>Die Aufr\u00e4umarbeiten dauerten rund zwei Stunden. Kurz nach 19 Uhr war die Fahrbahn wieder frei befahrbar.<\/p>\n\n\n\n<h4 class=\"wp-block-heading\">(Neidenstein \/ Rhein-Neckar-Kreis) &#8211; Bahnschranken defekt; Polizei zur Verkehrsregelung im Einsatz<\/h4>\n\n\n\n<p>F\u00fcr Aufregung in der Burgdorfgemeinde sorgten am Dienstagnachmittag zwei defekte Schranken am Bahn\u00fcbergang in der Bahnhofstra\u00dfe.<\/p>\n\n\n\n<p>Kurz nach 16 Uhr blieb pl\u00f6tzlich jeweils eine Schranke pro Fahrtrichtung unten, sodass der Verkehr zwischen dem Ortskern, dem Wohngebiet um die Sportanlagen und in das Industriegebiet sowie nach Epfenbach erheblich behindert war.<\/p>\n\n\n\n<p>Es hatte sich aus beiden Richtungen kurzfristig ein Fahrzeugstau gebildet. Die Verkehrspolizei Heidelberg eilte zur Stelle, um die Verkehr zu regeln und teilweise umzuleiten.<\/p>\n\n\n\n<p>Techniker der Deutschen Bahn reparierten die defekte Schaltanlage, sodass der Verkehr nach knapp drei Stunden, kurz vor 19 Uhr wieder flie\u00dfen konnte.<\/p>\n\n\n\n<h4 class=\"wp-block-heading\">(Schriesheim \/ Rhein-Neckar-Kreis) &#8211; Bei Klettertour schwer verletzt \/ Einsatz eines Rettungshubschrauber<\/h4>\n\n\n\n<p>Am Dienstagabend, gegen 18.30 Uhr, verungl\u00fcckte ein Kletterer bei einer Klettertour im Schriesheimer Steinbruch. Der 64j\u00e4hrige war hier mit einer Bekannten unterwegs, als er infolge eines Kletterfehlers aus einer H\u00f6he von ca, 10 &#8211; 15 Metern in die Tiefe st\u00fcrzte. Beim Aufprall zog er sich schwere Verletzungen zu. Der Mann wurde durch die Freiwillige Feuerwehr Schriesheim, die mit 12 Mann vor Ort war, geborgen und nach not\u00e4rztlicher Versorgung mit einem Rettungshubschrauber in eine Mannheimer Klinik eingeliefert. Lebensgefahr besteht nach derzeitigem Erkenntnisstand nicht.<\/p>\n","protected":false},"excerpt":{"rendered":"<div class=\"mh-excerpt\"><p>Polizeimeldungen vom Mittwoch (28.04.2021) (Speyer) &#8211; Unter Drogeneinfluss PKW gef\u00fchrt Unter dem Einfluss von Kokain und THC stand am Dienstag um 20:20 Uhr ein 44-j\u00e4hriger PKW-Fahrer. Dieser wurde von einer Polizeistreife in der Industriestra\u00dfe einer <a class=\"mh-excerpt-more\" href=\"https:\/\/speyer24news.com\/?p=35905\" title=\"Polizei\">[&#8230;]<\/a><\/p>\n<\/div>","protected":false},"author":3,"featured_media":0,"comment_status":"open","ping_status":"open","sticky":false,"template":"","format":"standard","meta":{"_monsterinsights_skip_tracking":false,"_monsterinsights_sitenote_active":false,"_monsterinsights_sitenote_note":"","_monsterinsights_sitenote_category":0,"footnotes":""},"categories":[12],"tags":[3614,61,2555,6955,6986,6263,63,105,11150,6987,53,4854,4683,1548,102,213,55,5261,103,106,2803,2423,427,2625,380,62,104,979,1565],"aioseo_notices":[],"amp_enabled":true,"_links":{"self":[{"href":"https:\/\/speyer24news.com\/index.php?rest_route=\/wp\/v2\/posts\/35905"}],"collection":[{"href":"https:\/\/speyer24news.com\/index.php?rest_route=\/wp\/v2\/posts"}],"about":[{"href":"https:\/\/speyer24news.com\/index.php?rest_route=\/wp\/v2\/types\/post"}],"author":[{"embeddable":true,"href":"https:\/\/speyer24news.com\/index.php?rest_route=\/wp\/v2\/users\/3"}],"replies":[{"embeddable":true,"href":"https:\/\/speyer24news.com\/index.php?rest_route=%2Fwp%2Fv2%2Fcomments&post=35905"}],"version-history":[{"count":9,"href":"https:\/\/speyer24news.com\/index.php?rest_route=\/wp\/v2\/posts\/35905\/revisions"}],"predecessor-version":[{"id":35914,"href":"https:\/\/speyer24news.com\/index.php?rest_route=\/wp\/v2\/posts\/35905\/revisions\/35914"}],"wp:attachment":[{"href":"https:\/\/speyer24news.com\/index.php?rest_route=%2Fwp%2Fv2%2Fmedia&parent=35905"}],"wp:term":[{"taxonomy":"category","embeddable":true,"href":"https:\/\/speyer24news.com\/index.php?rest_route=%2Fwp%2Fv2%2Fcategories&post=35905"},{"taxonomy":"post_tag","embeddable":true,"href":"https:\/\/speyer24news.com\/index.php?rest_route=%2Fwp%2Fv2%2Ftags&post=35905"}],"curies":[{"name":"wp","href":"https:\/\/api.w.org\/{rel}","templated":true}]}}