{"id":35971,"date":"2021-05-01T07:39:10","date_gmt":"2021-05-01T06:39:10","guid":{"rendered":"https:\/\/speyer24news.com\/?p=35971"},"modified":"2021-05-01T07:41:21","modified_gmt":"2021-05-01T06:41:21","slug":"stadtnotizen-verkehrsnotizen-aus-speyer-34","status":"publish","type":"post","link":"https:\/\/speyer24news.com\/?p=35971","title":{"rendered":"Stadtnotizen &#038; Verkehrsnotizen aus Speyer"},"content":{"rendered":"<style type=\"text\/css\">\r\n\t.ads_top_disp{}\r\n\t.ads_top_corner_disp{ float:left; margin:0px 10px 10px 0px; }\r\n\t.ads_first_p_disp{}\r\n\t.ads_bottom_disp{}\r\n\t<\/style>\n<h1 class=\"wp-block-heading\" style=\"text-align:center\">Stadtnotizen<\/h1>\n\n\n\n<div class=\"wp-block-image\"><figure class=\"aligncenter\"><img decoding=\"async\" loading=\"lazy\" width=\"800\" height=\"600\" src=\"https:\/\/speyer24news.com\/wp-content\/uploads\/2020\/01\/Speyer-Stadtnachrichten-2.jpg\" alt=\"\" class=\"wp-image-23901\" srcset=\"https:\/\/speyer24news.com\/wp-content\/uploads\/2020\/01\/Speyer-Stadtnachrichten-2.jpg 800w, https:\/\/speyer24news.com\/wp-content\/uploads\/2020\/01\/Speyer-Stadtnachrichten-2-300x225.jpg 300w, https:\/\/speyer24news.com\/wp-content\/uploads\/2020\/01\/Speyer-Stadtnachrichten-2-768x576.jpg 768w, https:\/\/speyer24news.com\/wp-content\/uploads\/2020\/01\/Speyer-Stadtnachrichten-2-678x509.jpg 678w, https:\/\/speyer24news.com\/wp-content\/uploads\/2020\/01\/Speyer-Stadtnachrichten-2-326x245.jpg 326w, https:\/\/speyer24news.com\/wp-content\/uploads\/2020\/01\/Speyer-Stadtnachrichten-2-80x60.jpg 80w\" sizes=\"(max-width: 800px) 100vw, 800px\" \/><\/figure><\/div>\n\n\n\n<h2 class=\"wp-block-heading\"><strong>Rundum bunt: Gl\u00fccksbotschaften aus Stra\u00dfenkreide<\/strong><\/h2>\n\n\n\n<div class=\"wp-block-image\"><figure class=\"aligncenter\"><img decoding=\"async\" loading=\"lazy\" width=\"800\" height=\"483\" src=\"https:\/\/speyer24news.com\/wp-content\/uploads\/2021\/05\/Aktion-Maxistra\u00dfe.jpeg\" alt=\"\" class=\"wp-image-35977\" srcset=\"https:\/\/speyer24news.com\/wp-content\/uploads\/2021\/05\/Aktion-Maxistra\u00dfe.jpeg 800w, https:\/\/speyer24news.com\/wp-content\/uploads\/2021\/05\/Aktion-Maxistra\u00dfe-300x181.jpeg 300w, https:\/\/speyer24news.com\/wp-content\/uploads\/2021\/05\/Aktion-Maxistra\u00dfe-768x464.jpeg 768w\" sizes=\"(max-width: 800px) 100vw, 800px\" \/><\/figure><\/div>\n\n\n\n<p>Unter dem Motto \u201eRundum bunt\u201c m\u00f6chten die Jugendf\u00f6rderung und Familienbildung der Stadt Speyer in Kooperation mit dem Quartiersmanagement Speyer-West dazu aufrufen, mit Bildern und Gl\u00fccksbotschaften aus Stra\u00dfenkreide anderen ein L\u00e4cheln ins Gesicht zu zaubern. Am Freitag, 30. April 2021,&nbsp;wurden bereits einige farbenfrohe Bilder und Botschaften mit Kreidefarben auf die Stra\u00dfen in der Speyerer Innenstadt gemalt.<\/p>\n\n\n\n<p>\u201eDie Corona-Pandemie beeintr\u00e4chtigt unser aller Leben noch immer sehr stark und viele Menschen leiden unter der Einsamkeit und psychischen Belastung oder sind finanziellen N\u00f6ten ausgesetzt. Umso wichtiger ist es daher, kleine Lichtblicke zu schaffen. Das kann ein freundliches L\u00e4cheln, eine kleine Aufmerksamkeit \u2013 oder eben eine Botschaft mitten auf der Stra\u00dfe sein, so wie es die Jugendf\u00f6rderung m\u00f6glich gemacht hat\u201c, freut sich B\u00fcrgermeisterin und Sozialdezernentin Monika Kabs.<\/p>\n\n\n\n<p>Die Kunstwerke aus Stra\u00dfenkreide sind nat\u00fcrlich verg\u00e4nglich \u2013&nbsp; Nach jedem kr\u00e4ftigen Regenschauer aber ist wieder Platz f\u00fcr neue Ideen.&nbsp;\u201eIn den vergangenen Wochen ist uns aufgefallen, dass viele Menschen in ein mentales Loch gefallen sind und viel st\u00e4rker belastet sind, als das im Lockdown vor einem Jahr der Fall war\u201c, stellt Quartiersmanagerin Christa Berlinghoff fest. Besorgniserregende Schlagzeilen dominieren die Nachrichten und durch erneute Schul- und Kitaschlie\u00dfungen sind die Familien wieder einmal einer enormen Belastungsprobe ausgesetzt. Im Alltag f\u00e4llt es vielen Menschen schwer, dabei die sch\u00f6nen Seiten des Lebens nicht aus dem Blick zu verlieren.<\/p>\n\n\n\n<div class=\"wp-block-image\"><figure class=\"aligncenter\"><img decoding=\"async\" loading=\"lazy\" width=\"500\" height=\"745\" src=\"https:\/\/speyer24news.com\/wp-content\/uploads\/2021\/05\/Aktion-Maxistra\u00dfe-2.jpeg\" alt=\"\" class=\"wp-image-35978\" srcset=\"https:\/\/speyer24news.com\/wp-content\/uploads\/2021\/05\/Aktion-Maxistra\u00dfe-2.jpeg 500w, https:\/\/speyer24news.com\/wp-content\/uploads\/2021\/05\/Aktion-Maxistra\u00dfe-2-201x300.jpeg 201w\" sizes=\"(max-width: 500px) 100vw, 500px\" \/><\/figure><\/div>\n\n\n\n<p>Das gab den Ansto\u00df f\u00fcr die Aktion \u201eRundum bunt\u201c \u2013 etwas mehr Farbe soll das \u201cGrau\u201c ersetzen. \u201eDie Kolleginnen und Kollegen in der Jugendf\u00f6rderung, von der Familienbildung und dem Quartiersb\u00fcro waren von der Idee sofort begeistert\u201c, berichtet Tina Sch\u00e4fer aus dem Jugendb\u00fcro. Alle B\u00fcrgerinnen und B\u00fcrger in Speyer \u2013 Kinder und Jugendliche, aber auch alle Erwachsenen, die Lust haben \u2013 k\u00f6nnen sich an der Aktion beteiligen. Ben\u00f6tigt werden dazu lediglich handels\u00fcbliche Stra\u00dfenkreide, die die meisten Familien sowieso zuhause haben, und eine Portion Fantasie. Beim Warten an der Bushaltestelle, auf Fu\u00dfwegen und \u00f6ffentlichen Pl\u00e4tzen sollen durch die Beteiligung m\u00f6glichst vieler kreativer K\u00fcnstlerinnen und K\u00fcnstler zahlreiche bunte Bilder und Botschaften entstehen.<\/p>\n\n\n\n<p>Wer m\u00f6chte, kann seine gemalten Bilder fotografieren und per Mail an&nbsp;<a href=\"mailto:info@jugendfoerderung-speyer.de\" target=\"_blank\" rel=\"noreferrer noopener\">info@jugendfoerderung-speyer.de<\/a>&nbsp;senden. So kann \u00fcber die Zeit eine bunte \u201eCollage der Gl\u00fccksbotschaften entstehen. \u201eWir w\u00fcrden uns freuen, wenn sich m\u00f6glichst viele Speyerer B\u00fcrger*innen beteiligen. Gerne d\u00fcrfen aber auch Kinderg\u00e4rten, Schulen oder Vereine die Idee aufgreifen und Kunstwerke aus Stra\u00dfenkreide schaffen\u201c, betont Inga Zimmermann von der Familienbildung der Stadtverwaltung.<\/p>\n\n\n\n<p>Die Stadtverwaltung weist darauf hin, nur Stra\u00dfenkreide zu verwenden und nur auf \u00f6ffentlichen Fl\u00e4chen\/B\u00f6den ohne \u00dcberdachung zu malen. Auf Fu\u00dfg\u00e4nger und Radfahrer ist selbstverst\u00e4ndlich R\u00fccksicht zu nehmen und die geltenden Infektionsschutzvorgaben einzuhalten.<\/p>\n\n\n\n<p><em>Stadtverwaltung Speyer<br>01.05.2021<\/em><\/p>\n\n\n\n<h2 class=\"wp-block-heading\"><strong>Speyer h\u00e4lt zusammen II \u2013 Antr\u00e4ge f\u00fcr Vereine und Hilfsorganisationen ab sofort m\u00f6glich<\/strong><\/h2>\n\n\n\n<figure class=\"wp-block-image\"><img decoding=\"async\" loading=\"lazy\" width=\"800\" height=\"535\" src=\"https:\/\/speyer24news.com\/wp-content\/uploads\/2021\/05\/Wirtschaft.jpg\" alt=\"\" class=\"wp-image-35976\" srcset=\"https:\/\/speyer24news.com\/wp-content\/uploads\/2021\/05\/Wirtschaft.jpg 800w, https:\/\/speyer24news.com\/wp-content\/uploads\/2021\/05\/Wirtschaft-300x201.jpg 300w, https:\/\/speyer24news.com\/wp-content\/uploads\/2021\/05\/Wirtschaft-768x514.jpg 768w\" sizes=\"(max-width: 800px) 100vw, 800px\" \/><\/figure>\n\n\n\n<p>Nachdem Ende M\u00e4rz bereits das Antragsformular f\u00fcr inhabergef\u00fchrte Gesch\u00e4fte, den lokalen Einzelhandel, Gastronomie und Hotellerie ver\u00f6ffentlicht wurde, folgt nun gem\u00e4\u00df Stadtratsbeschluss der Antrag f\u00fcr die Bereiche Vereine und Initiativen aus Gesellschaft, Sport und Kultur sowie f\u00fcr Hilfsorganisationen, die in der Pandemiebek\u00e4mpfung aktiv sind. Hier werden von den insgesamt 135.000 Euro, die f\u00fcr alle drei Bereiche zur Verf\u00fcgung standen, insgesamt nochmals 85.000 Euro ausgesch\u00fcttet. &nbsp;&nbsp;&nbsp;&nbsp;&nbsp;&nbsp;&nbsp;<br>Vereine und Hilfsorganisationen k\u00f6nnen sich ab sofort auf&nbsp;<a rel=\"noreferrer noopener\" href=\"https:\/\/deref-web.de\/mail\/client\/a2FhdzFwn8E\/dereferrer\/?redirectUrl=http%3A%2F%2Fwww.speyer.de%2Fzusammen\" target=\"_blank\">www.speyer.de\/zusammen<\/a>&nbsp;online bewerben, <strong>Bewerbungsschluss ist der 16. Mai 2021.<\/strong><br>Beantragt werden kann eine Einmalauszahlung in H\u00f6he von 2.000, 1.500 oder 1.000 Euro.<\/p>\n\n\n\n<p>\u201eNeben der Wirtschaft sind es vor allem die Vereine aus Gesellschaft, Sport und Kultur, denen infolge der Pandemie Einnahmem\u00f6glichkeiten weggebrochen sind. Auch diesem Grund m\u00f6chten wir den betroffenen Speyererinnen und Speyerern wie schon in der ersten Runde unseres Unterst\u00fctzungsprogrammes zumindest etwas unter die Arme greifen\u201c, erkl\u00e4rt Oberb\u00fcrgermeisterin Stefanie Seiler. \u201eGleichzeitig ist es mir ein Herzensanliegen, die Hilfsorganisationen finanziell zu entlasten, die in dieser Pandemie durch ihr gro\u00dfes ehrenamtliches Engagement f\u00fcr uns alle eine nahezu unbezahlbare St\u00fctze sind.\u201c<\/p>\n\n\n\n<p>F\u00fcr den Bereich Wirtschaft, dessen Antragsschluss am 18. April 2021 war, gingen insgesamt 55 Antr\u00e4ge ein, die in der kommenden Woche nach Vorpr\u00fcfung in der Fachabteilung durch den Stadtvorstand final beschieden und dann bis Mitte Mai ausbezahlt werden. Aufgrund der Vielzahl an Antr\u00e4gen musste mit wenigen Ausnahmen die beantragte Summe reduziert werden, da nur so alle Antragssteller*innen vom st\u00e4dtischen Hilfsprogramm profitieren k\u00f6nnen.<\/p>\n\n\n\n<p><em>Stadtverwaltung Speyer<br>01.05.2021<\/em><\/p>\n\n\n\n<h1 class=\"wp-block-heading\" style=\"text-align:center\">Verkehrsnotizen<\/h1>\n\n\n\n<div class=\"wp-block-image\"><figure class=\"aligncenter\"><img decoding=\"async\" loading=\"lazy\" width=\"800\" height=\"565\" src=\"https:\/\/speyer24news.com\/wp-content\/uploads\/2020\/01\/Baustelle-2.jpg\" alt=\"\" class=\"wp-image-23900\" srcset=\"https:\/\/speyer24news.com\/wp-content\/uploads\/2020\/01\/Baustelle-2.jpg 800w, https:\/\/speyer24news.com\/wp-content\/uploads\/2020\/01\/Baustelle-2-300x212.jpg 300w, https:\/\/speyer24news.com\/wp-content\/uploads\/2020\/01\/Baustelle-2-768x542.jpg 768w\" sizes=\"(max-width: 800px) 100vw, 800px\" \/><\/figure><\/div>\n\n\n\n<h2 class=\"wp-block-heading\"><strong>Wormser Stra\u00dfe: Parkplatz f\u00fcr Lastenfahrrad eingerichtet<\/strong><\/h2>\n\n\n\n<div class=\"wp-block-image\"><figure class=\"aligncenter\"><img decoding=\"async\" loading=\"lazy\" width=\"800\" height=\"454\" src=\"https:\/\/speyer24news.com\/wp-content\/uploads\/2021\/05\/Inspeyered.jpg\" alt=\"\" class=\"wp-image-35973\" srcset=\"https:\/\/speyer24news.com\/wp-content\/uploads\/2021\/05\/Inspeyered.jpg 800w, https:\/\/speyer24news.com\/wp-content\/uploads\/2021\/05\/Inspeyered-300x170.jpg 300w, https:\/\/speyer24news.com\/wp-content\/uploads\/2021\/05\/Inspeyered-768x436.jpg 768w\" sizes=\"(max-width: 800px) 100vw, 800px\" \/><\/figure><\/div>\n\n\n\n<p>Auf Initiative von inSPEYERed und infolge eines Unternehmensbesuchs der Stadt beim Kaufladen Unverpackt im August vergangenen Jahres hat die Stadt am Donnerstag, 29. April 2021&nbsp;vor dem Gesch\u00e4ft in der Wormser Stra\u00dfe einen Parkplatz f\u00fcr Lastenfahrr\u00e4der im Stra\u00dfenbereich eingerichtet und mit einer entsprechenden Beschilderung gekennzeichnet.<\/p>\n\n\n\n<figure class=\"wp-block-image\"><img decoding=\"async\" loading=\"lazy\" width=\"800\" height=\"566\" src=\"https:\/\/speyer24news.com\/wp-content\/uploads\/2021\/05\/Unverpackt-Kauflanden.jpg\" alt=\"\" class=\"wp-image-35974\" srcset=\"https:\/\/speyer24news.com\/wp-content\/uploads\/2021\/05\/Unverpackt-Kauflanden.jpg 800w, https:\/\/speyer24news.com\/wp-content\/uploads\/2021\/05\/Unverpackt-Kauflanden-300x212.jpg 300w, https:\/\/speyer24news.com\/wp-content\/uploads\/2021\/05\/Unverpackt-Kauflanden-768x543.jpg 768w\" sizes=\"(max-width: 800px) 100vw, 800px\" \/><\/figure>\n\n\n\n<p>Durch den extra zugewiesenen Parkplatz m\u00fcssen Lastenfahrr\u00e4der nun nicht l\u00e4nger auf dem Gehweg geparkt werden, sodass dieser f\u00fcr Fu\u00dfg\u00e4nger*innen frei bleibt. Dadurch wird klimafreundliche Mobilit\u00e4t unterst\u00fctzt und die Innenstadt noch ein St\u00fcck lebenswerter \u2013 eine Win-Win-Situation.<\/p>\n\n\n\n<div class=\"wp-block-image\"><figure class=\"aligncenter\"><img decoding=\"async\" loading=\"lazy\" width=\"800\" height=\"800\" src=\"https:\/\/speyer24news.com\/wp-content\/uploads\/2021\/05\/Lastenrad-Eva-Inspeyered.jpg\" alt=\"\" class=\"wp-image-35972\" srcset=\"https:\/\/speyer24news.com\/wp-content\/uploads\/2021\/05\/Lastenrad-Eva-Inspeyered.jpg 800w, https:\/\/speyer24news.com\/wp-content\/uploads\/2021\/05\/Lastenrad-Eva-Inspeyered-150x150.jpg 150w, https:\/\/speyer24news.com\/wp-content\/uploads\/2021\/05\/Lastenrad-Eva-Inspeyered-300x300.jpg 300w, https:\/\/speyer24news.com\/wp-content\/uploads\/2021\/05\/Lastenrad-Eva-Inspeyered-768x768.jpg 768w\" sizes=\"(max-width: 800px) 100vw, 800px\" \/><\/figure><\/div>\n\n\n\n<p>inSPEYERed bietet inzwischen \u00fcbrigens zwei Lastenfahrr\u00e4der zum kostenlosen Verleih an. Alle Informationen dazu gibt es unter&nbsp;<a rel=\"noreferrer noopener\" href=\"https:\/\/deref-web.de\/mail\/client\/ODRb3vD6pYw\/dereferrer\/?redirectUrl=https%3A%2F%2Finspeyerad.de%2F\" target=\"_blank\">https:\/\/inspeyerad.de\/<\/a>.<\/p>\n\n\n\n<p><em>Stadtverwaltung Speyer<br>01.05.2021<\/em><\/p>\n","protected":false},"excerpt":{"rendered":"<div class=\"mh-excerpt\"><p>Stadtnotizen Rundum bunt: Gl\u00fccksbotschaften aus Stra\u00dfenkreide Unter dem Motto \u201eRundum bunt\u201c m\u00f6chten die Jugendf\u00f6rderung und Familienbildung der Stadt Speyer in Kooperation mit dem Quartiersmanagement Speyer-West dazu aufrufen, mit Bildern und Gl\u00fccksbotschaften aus Stra\u00dfenkreide anderen ein <a class=\"mh-excerpt-more\" href=\"https:\/\/speyer24news.com\/?p=35971\" title=\"Stadtnotizen &#038; Verkehrsnotizen aus Speyer\">[&#8230;]<\/a><\/p>\n<\/div>","protected":false},"author":3,"featured_media":23902,"comment_status":"open","ping_status":"open","sticky":false,"template":"","format":"standard","meta":{"_monsterinsights_skip_tracking":false,"_monsterinsights_sitenote_active":false,"_monsterinsights_sitenote_note":"","_monsterinsights_sitenote_category":0,"footnotes":""},"categories":[47],"tags":[11410,633,42,8361,8360,11408,6,6583,657,1296,1255,11409,658,1114,11386],"aioseo_notices":[],"amp_enabled":true,"_links":{"self":[{"href":"https:\/\/speyer24news.com\/index.php?rest_route=\/wp\/v2\/posts\/35971"}],"collection":[{"href":"https:\/\/speyer24news.com\/index.php?rest_route=\/wp\/v2\/posts"}],"about":[{"href":"https:\/\/speyer24news.com\/index.php?rest_route=\/wp\/v2\/types\/post"}],"author":[{"embeddable":true,"href":"https:\/\/speyer24news.com\/index.php?rest_route=\/wp\/v2\/users\/3"}],"replies":[{"embeddable":true,"href":"https:\/\/speyer24news.com\/index.php?rest_route=%2Fwp%2Fv2%2Fcomments&post=35971"}],"version-history":[{"count":3,"href":"https:\/\/speyer24news.com\/index.php?rest_route=\/wp\/v2\/posts\/35971\/revisions"}],"predecessor-version":[{"id":35980,"href":"https:\/\/speyer24news.com\/index.php?rest_route=\/wp\/v2\/posts\/35971\/revisions\/35980"}],"wp:featuredmedia":[{"embeddable":true,"href":"https:\/\/speyer24news.com\/index.php?rest_route=\/wp\/v2\/media\/23902"}],"wp:attachment":[{"href":"https:\/\/speyer24news.com\/index.php?rest_route=%2Fwp%2Fv2%2Fmedia&parent=35971"}],"wp:term":[{"taxonomy":"category","embeddable":true,"href":"https:\/\/speyer24news.com\/index.php?rest_route=%2Fwp%2Fv2%2Fcategories&post=35971"},{"taxonomy":"post_tag","embeddable":true,"href":"https:\/\/speyer24news.com\/index.php?rest_route=%2Fwp%2Fv2%2Ftags&post=35971"}],"curies":[{"name":"wp","href":"https:\/\/api.w.org\/{rel}","templated":true}]}}