{"id":36034,"date":"2021-05-03T06:03:38","date_gmt":"2021-05-03T05:03:38","guid":{"rendered":"https:\/\/speyer24news.com\/?p=36034"},"modified":"2021-05-03T06:03:40","modified_gmt":"2021-05-03T05:03:40","slug":"polizei-571","status":"publish","type":"post","link":"https:\/\/speyer24news.com\/?p=36034","title":{"rendered":"Polizei"},"content":{"rendered":"<style type=\"text\/css\">\r\n\t.ads_top_disp{}\r\n\t.ads_top_corner_disp{ float:left; margin:0px 10px 10px 0px; }\r\n\t.ads_first_p_disp{}\r\n\t.ads_bottom_disp{}\r\n\t<\/style>\n<h2 class=\"wp-block-heading\">Polizeimeldungen vom Sonntag (02.05.2021)<\/h2>\n\n\n\n<div class=\"wp-block-image\"><figure class=\"aligncenter\"><img decoding=\"async\" src=\"https:\/\/speyer24news.com\/wp-content\/uploads\/2020\/01\/Aktuelles-Polizeilogo.jpg\" alt=\"\" class=\"wp-image-23832\"\/><\/figure><\/div>\n\n\n\n<h4 class=\"wp-block-heading\">(B\u00f6hl-Iggelheim) &#8211; Verkehrsunfallflucht<\/h4>\n\n\n\n<p>Am Freitag, dem 30.04.2021 um 13:45 Uhr kam es in der Ha\u00dflocher Stra\u00dfe in B\u00f6hl-Iggelheim zu einer Verkehrsunfallflucht. Der 62-j\u00e4hrige Fahrer eines Kleinbusses stellte diesen am rechten Fahrbahnrand der Ha\u00dflocher Stra\u00dfe ab und befand sich noch im Fahrzeug, als ein Pick-Up-Truck, welcher aus Fahrtrichtung Ha\u00dfloch kam, den Bus passierte und dabei den linken Au\u00dfenspiegel touchierte und besch\u00e4digte. Der Fahrer\/die Fahrerin des Pick-Up setzte seine\/ihre Fahrt, in Richtung Madenburgstra\u00dfe fort, ohne weitere Ma\u00dfnahmen zu treffen. Zeugen, die Hinweise zum Unfall oder dem Fahrzeug geben k\u00f6nnen, werden gebeten, sich mit der Polizeiinspektion Schifferstadt unter 06235 495-0 oder&nbsp;<a href=\"mailto:pischifferstadt@polizei.rlp.de\">pischifferstadt@polizei.rlp.de<\/a>&nbsp;in Verbindung zu setzen.<\/p>\n\n\n\n<h4 class=\"wp-block-heading\">(Germersheim) &#8211; M\u00fclleimer besch\u00e4digt<\/h4>\n\n\n\n<p>In der Hexennacht wurde in der Parkanlage am Ludwigstor gegen 0:20 Uhr ein M\u00fclleimer stark besch\u00e4digt. Wer kann Hinweise auf den\/die T\u00e4ter geben? Hinweise an die Polizei Germersheim 07274\/9580<\/p>\n\n\n\n<h4 class=\"wp-block-heading\">(W\u00f6rth) &#8211; Alkoholisierte besch\u00e4digen Markierungspfosten<\/h4>\n\n\n\n<p>2 deutlich alkoholisierte M\u00e4nner haben am 01.05.2021 gegen 18:55 Uhr einen Markierungspfosten einer \u00d6lpipeline aus dem Boden gerissen. Dabei wurden sie jedoch von einem Zeugen beobachtet, der die Polizei verst\u00e4ndigte. Die beiden 24-j\u00e4hrigen M\u00e4nner aus den Orten Karlsruhe und W\u00f6rth wurden angetroffen. Auf sie kommt neben einer Strafanzeige wegen Sachbesch\u00e4digung noch eine Ordnungswidrigkeitenanzeige zu.<\/p>\n\n\n\n<h4 class=\"wp-block-heading\">(Edenkoben) &#8211; Einbruch in Firma im Industriegebiet \/ Zeugenhinweise!<\/h4>\n\n\n\n<p>Im Zeitraum von Freitag, 30.04.2021, 17:00 Uhr und Samstag, 01.05.2021, 10:30 Uhr brachen bislang unbekannte T\u00e4ter in eine Trockenbaufirma im Gewerbegebiet In den Seewiesen in Edenkoben ein. Die T\u00e4ter verschafften sich Zugang zum Geb\u00e4ude, indem sie ein Fenster, das direkt an der Stra\u00dfe hin liegt, einschlugen. Im Anschluss brachen die T\u00e4ter mehrere T\u00fcren zu B\u00fcror\u00e4umen im Verwaltungstrakt der Firma auf, wodurch nach ersten Ermittlungen ein Gesamtschaden von \u00fcber 5000EUR entstand.<\/p>\n\n\n\n<p>Zeugen, die im genannten Zeitraum im Industriegebiet verd\u00e4chtige Wahrnehmungen gemacht haben, melden diese bitte an die Polizei Edenkoben unter Tel: 06323-9550 oder per Email an\u00a0<a href=\"mailto:piedenkoben@polizei.rlp.de\">piedenkoben@polizei.rlp.de<\/a>.<\/p>\n\n\n\n<h4 class=\"wp-block-heading\">(Neustadt) &#8211; Trunkenheitsfahrt mit PKW<\/h4>\n\n\n\n<p>Am Samstag, den 01.05.2021, wurde eine 57-j\u00e4hrige Frau aus Neustadt\/W. nach einer Trunkenheitsfahrt durch die Polizei Neustadt kontrolliert. Namentliche unbekannte Zeugen meldeten gegen 18:45 Uhr eine weibliche Person, die stark alkoholisiert in ein Fahrzeug gestiegen und losgefahren sei. Das Kennzeichen wurde abgelesen. Der PKW konnte kurze Zeit sp\u00e4ter durch eine Streife der Polizei Neustadt angetroffen und kontrolliert werden. Von der Fahrzeugf\u00fchrerin ging starker Alkoholgeruch aus. Ein freiwillig durchgef\u00fchrter Atemalkoholtest ergab einen Wert von 0,83 Promille. Ihr wurde eine Blutprobe entnommen und die Fahrzeugschl\u00fcssel pr\u00e4ventiv sichergestellt. Die 57-j\u00e4hrige erwartet eine Ordnungswidrigkeitenanzeige.<\/p>\n\n\n\n<h4 class=\"wp-block-heading\">(Elmstein) &#8211; Fahrzeug \u00fcberschl\u00e4gt sich<\/h4>\n\n\n\n<p>Am Samstag, den 01.05.2021, gegen 16:45 Uhr ereignete sich auf der L 499 ein Verkehrsunfall, bei dem sich ein 19-j\u00e4hriger aus Freimersheim mit seinem PKW \u00fcberschlug. Der Autofahrer befuhr die L 499 aus Richtung Elmstein OT Speyerbrunn kommend in Fahrtrichtung B48\/Johanniskreuz. Aufgrund nicht angepasster Geschwindigkeit kam der junge Mann zun\u00e4chst auf den Gr\u00fcnstreifen, geriet ins Schleudern und verlor schlie\u00dflich die Kontrolle \u00fcber sein Fahrzeug. Der PKW \u00fcberschlug sich und blieb auf dem Fahrzeugdach liegen. Der 19-j\u00e4hrige konnte sich selbstst\u00e4ndig aus dem Fahrzeug befreien und trug nur leichte Verletzungen davon. Der entstandene Sachschaden bel\u00e4uft sich auf sch\u00e4tzungsweise 10.000 Euro.<\/p>\n\n\n\n<h4 class=\"wp-block-heading\">(Lambsheim) &#8211; M\u00fclltonnen in den Weiher geworfen<\/h4>\n\n\n\n<p>Am 01.05.2021 konnte gegen 22:21 Uhr durch einen Zeugen beobachtet werden, wie am Lambsheimer Weiher vier bis f\u00fcnf m\u00e4nnliche Jugendliche M\u00fclltonnen ins Wasser warfen. Bereits vor dem Eintreffen der Polizei entfernten sich diese auf ihren Fahrr\u00e4dern in Richtung Bollwerkstra\u00dfe und konnten auch trotz ausgiebiger Bestreifung des Nahbereichs nicht mehr angetroffen werden. Im Wasser konnte eine M\u00fclltonne festgestellt werden. Es entstand Sachschaden in H\u00f6he von ca. 100EUR.<\/p>\n\n\n\n<p>Zeugen werden gebeten sich an die Polizeiinspektion Frankenthal unter der Tel.-Nr.: 06233\/313-0 oder an die Polizeiwache Maxdorf unter der Tel.-Nr.: 06237\/934-1100 zu wenden. Gerne nehmen wir Ihre Hinweise auch per E-Mail unter\u00a0<a href=\"mailto:pifrankenthal@polizei.rlp.de\">pifrankenthal@polizei.rlp.de<\/a>\u00a0entgegen.<\/p>\n\n\n\n<h4 class=\"wp-block-heading\">(Bobenheim-Roxheim) &#8211; Verkehrsunfallflucht mit leicht verletzter Fahrradfahrerin<\/h4>\n\n\n\n<p>Bereits am 30.04.2021 kam es gegen 18:45 Uhr in der Nachtweide in Bobenheim-Roxheim zu einer Verkehrsunfallflucht mit einer leicht verletzten Fahrradfahrerin. Die Fahrerin eines schwarzen Opel Astra befand sich an zuvor genannter \u00d6rtlichkeit mit ihrem PKW in einer Parkl\u00fccke in L\u00e4ngsaufstellung und wollte diesen wenden. Hierf\u00fcr machte sie erst einen Bogen nach links aus der Parkl\u00fccke heraus und stand dann schr\u00e4g auf der Fahrbahn. In diesem Moment fuhr ihr eine Fahrradfahrerin von links kommend mit ihrem Fahrrad in die linke Fahrzeugseite. Es kam zum Zusammensto\u00df, bei welchem die Fahrradfahrerin st\u00fcrzte und sich leicht am linken Zeigefinger verletzte. Es kam noch zu einem kurzen Gespr\u00e4ch zwischen beiden Beteiligten. Die Fahrradfahrerin habe dann aber ihre Fahrt pl\u00f6tzlich fortgesetzt, ohne ihre Personalien zu hinterlassen. Am Fahrzeug der 44-j\u00e4hrigen Opel-Fahrerin kam es zu einem Schaden in H\u00f6he von ca. 300 Euro, der Schaden am Fahrrad der fl\u00fcchtigen Fahrradfahrerin ist unbekannt. Eine Beschreibung der Fahrradfahrerin liegt nicht vor.<\/p>\n\n\n\n<p>Die Polizei weist darauf hin, dass es sich bei einer Verkehrsunfallflucht keinesfalls um ein Kavaliersdelikt handelt. Eine Unfallflucht ist eine Straftat, \u00e4hnlich einem Diebstahl oder einer K\u00f6rperverletzung. \u00a7 142 des Strafgesetzbuches sieht f\u00fcr eine Unfallflucht eine Geldstrafe oder sogar eine Freiheitsstrafe bis zu drei Jahre vor. In vielen F\u00e4llen bleiben die Gesch\u00e4digten auf ihren Kosten sitzen. Es k\u00f6nnte auch Ihr Auto treffen. Helfen Sie uns, Unfallopfern zu helfen. Wenn Sie Zeuge einer Unfallflucht werden, notieren Sie das Kennzeichen oder machen Sie ein Foto mit Ihrem Handy. Verst\u00e4ndigen Sie auf jeden Fall die Polizei.<\/p>\n\n\n\n<p>Wir wollen, dass Sie sicher Leben &#8211; ihre Polizei Frankenthal<\/p>\n\n\n\n<p>Zeugen werden gebeten sich an die Polizeiinspektion Frankenthal unter der Tel.-Nr.: 06233\/313-0 oder an die Polizeiwache Maxdorf unter der Tel.-Nr.: 06237\/934-1100 zu wenden. Gerne nehmen wir Ihre Hinweise auch per E-Mail unter\u00a0<a href=\"mailto:pifrankenthal@polizei.rlp.de\">pifrankenthal@polizei.rlp.de<\/a>\u00a0entgegen.<\/p>\n\n\n\n<h4 class=\"wp-block-heading\">(Mannheim-Luzenberg) &#8211; Verkehrsunfall mit vier Leichtverletzten<\/h4>\n\n\n\n<p>Am Samstagabend, gegen 18.25 Uhr, wurden bei einem Verkehrsunfall zwischen zwei Pkw auf dem Mannheimer Luzenberg vier Personen, darunter zwei Kinder im Alter von 9 und 14 Jahren, leicht verletzt. Nach derzeitigem Sachstand bog der 47-j\u00e4hriger Fahrer eines Pkw Opel zum Unfallzeitpunkt verbotswidrig an der Kreuzung Eisenstra\u00dfe \/ Diffenestra\u00dfe nach links ab und kollidierte hier mit dem entgegenkommenden Pkw VW Passat eines 42-J\u00e4hrigen, auf dessen R\u00fcckbank sich auch die beiden Kinder befanden. Alle vier Personen wurden bei dem Zusammensto\u00df leicht verletzt und durch den Rettungsdienst in umliegende Krankenh\u00e4user eingeliefert. Wie sich sp\u00e4ter herausstelle, wurden weder die Kinder noch die Fahrzeugf\u00fchrer ernsthaft verletzt. Die beteiligten Fahrzeuge mussten durch Abschleppdienste von der Unfallstelle geborgen werden. An den Fahrzeugen entstand jeweils ein Sachschaden in H\u00f6he von 5.000EUR.<\/p>\n\n\n\n<h4 class=\"wp-block-heading\">(Mannheim-Feudenheim) &#8211; Betrunkener Pkw Lenker verliert beim Abbiegen die Kontrolle und streift Ampelmast<\/h4>\n\n\n\n<p>Am Samstagabend, gegen 19.15 Uhr, bef\u00e4hrt ein 29-j\u00e4hriger Daimler-Benz Fahrer die B 38a in Richtung Feudenheim. An der Kreuzung zur Feudenheimer Stra\u00dfe bog der 29-J\u00e4hrige nach rechts in die Feudenheimer Hauptstra\u00dfe ab, verlor hier die Kontrolle \u00fcber sein Fahrzeug, streifte einen Ampelmast und ein Verkehrsschild. Danach setzte er seine Fahrt unbeirrt fort, ohne sich um die Folgen zu k\u00fcmmern. Das Unfallgeschehen konnte durch eine Rettungswagenbesetzung des ASB beobachtet werden, die unverz\u00fcglich die Polizei verst\u00e4ndigte und dem Unfallverursacher bis zur Scheffelstra\u00dfe folgte, wo er sein Fahrzeug abstellt. Dort konnte der unverletzte 29-J\u00e4hrige durch die verst\u00e4ndigten Polizeibeamten einer Kontrolle unterzogen werden. Schnell war klar warum er die Kontrolle \u00fcber sein Fahrzeug verloren hatte. Bei ihm konnte deutlicher Alkoholgeruch und letztlich eine Atemalkoholkonzentration von 2,82 Promille festgestellt werden. Ihm wurde eine Blutprobe entnommen und sein F\u00fchrerschein wurde einbehalten. Der Schaden an seinem Pkw wird auf ca. 4000,- Euro gesch\u00e4tzt. Der Schaden an den verkehrstechnischen Einrichtungen bel\u00e4uft sich auf ca. 2000,- Euro. Der Unfallverursacher muss sich nun wegen der Gef\u00e4hrdung des Stra\u00dfenverkehrs und Trunkenheit am Steuer verantworten.<\/p>\n\n\n\n<h4 class=\"wp-block-heading\">(Mannheim-Neckarau) &#8211; 42-j\u00e4hriger PKW-F\u00fchrer mit 1,6 Promille unterwegs<\/h4>\n\n\n\n<p>Im Zuge der Einsatzma\u00dfnahmen des Polizeipr\u00e4sidiums Mannheim zur \u00dcberwachung der Corona-Verordnung kontrollierten am Samstag, gegen 23.00 Uhr, Beamte des Polizeireviers Hockenheim einen 42-j\u00e4hrigen Peugeote Fahrer auf der Neckarauer Stra\u00dfe. Im Verlauf der Kontrolle bemerkten die Beamten bei dem Mann, dass dieser nach Alkohol roch. Ein Atemalkoholtest f\u00f6rderte einen Atemalkoholwert von 1,6 Promille zu Tage. Dem 42-J\u00e4hrigen wurde eine Blutprobe entnommen. Er muss sich nun wegen der Trunkenheit im Stra\u00dfenverkehr und Versto\u00df gegen die Ausgangsbeschr\u00e4nkung verantworten.<\/p>\n\n\n\n<h4 class=\"wp-block-heading\">(Mannheim-Sandhofen) &#8211; Jugendliche hantieren mit Softairwaffe \/ Sicherstellung<\/h4>\n\n\n\n<p>Am fr\u00fchen Freitagabend, kurz nach 19.00 Uhr, meldeten mehrere Passanten, dass im Bereich der Memeler Stra\u00dfe im Mannheimer Stadtteil Sandhofen, Jugendliche mit einer Waffe hantieren w\u00fcrden. Die umgehend entsandten Polizeibeamten konnten einen 14-J\u00e4hrigen und einen 51-J\u00e4hrigen antreffen. Bei der durchgef\u00fchrten Kontrolle h\u00e4ndigte der 51-J\u00e4hrige eine Softairwaffe aus, mit denen die beschriebenen Jugendlichen offensichtlich zuvor hantiert hatten. Die Softairwaffe wurde durch die Polizeibeamten sichergestellt, da keine beh\u00f6rdliche Erlaubnis zum F\u00fchren in der \u00d6ffentlichkeit vorlag. Zudem erwartet die Beteiligten nun ein Bu\u00dfgeldverfahren nach Abschluss der polizeilichen Ermittlungen.<\/p>\n\n\n\n<h4 class=\"wp-block-heading\">(Heidelberg \/ Mannheim \/ Rhein-Neckar-Kreis) &#8211; Polizei setzt Schwerpunktkontrollen zur \u00dcberwachung der Corona-VO auch in der &#8222;Walpurgisnacht&#8220; und \u00fcber den 1.Mai weiter fort<\/h4>\n\n\n\n<div class=\"wp-block-image\"><figure class=\"aligncenter\"><img decoding=\"async\" loading=\"lazy\" width=\"500\" height=\"500\" src=\"https:\/\/speyer24news.com\/wp-content\/uploads\/2020\/02\/virus-4810549_1920.png\" alt=\"\" class=\"wp-image-25116\" srcset=\"https:\/\/speyer24news.com\/wp-content\/uploads\/2020\/02\/virus-4810549_1920.png 500w, https:\/\/speyer24news.com\/wp-content\/uploads\/2020\/02\/virus-4810549_1920-150x150.png 150w, https:\/\/speyer24news.com\/wp-content\/uploads\/2020\/02\/virus-4810549_1920-300x300.png 300w\" sizes=\"(max-width: 500px) 100vw, 500px\" \/><\/figure><\/div>\n\n\n\n<p>Polizei setzt Schwerpunktkontrollen mit konsequentem Einschreiten und viel polizeilicher Pr\u00e4senz zur \u00dcberwachung der Corona-VO auch in der &#8222;Walpurgisnacht&#8220; und \u00fcber den 1.Mai weiter fort &#8211; eine Bilanz<\/p>\n\n\n\n<p>Dis-Tanz in den Mai &#8211; so k\u00f6nnte das Motto f\u00fcr den Beginn des neuen Monats lauten. Das Polizeipr\u00e4sidium Mannheim zeigte auch in der &#8222;Walpurgisnacht&#8220; und am 1. Mai-Feiertag mit jeweils rund 70 zus\u00e4tzlichen Beamten starke Pr\u00e4senz im \u00f6ffentlichen Raum, um die Einhaltung der aktuell g\u00fcltigen Corona-Regeln zu kontrollieren. Besondere Aufmerksamkeit lag sowohl in der &#8222;Walpurgisnacht&#8220; als auch am &#8222;Tag der Arbeit&#8220; am 1. Mai auf den Ausflugs\u00f6rtlichkeiten und bekannten Treffpunkten der Region. Dazu kamen am Tag der Arbeit zahlreiche traditionell stattfindende Kundgebungen und Demonstrationen.<\/p>\n\n\n\n<p>Insgesamt blieben die Besucherzahlen der anl\u00e4sslich der &#8222;Walpurgisnacht&#8220; an diversen \u00d6rtlichkeiten in Heidelberg, vorrangig der Thingst\u00e4tte, dem Philosophenweg sowie dem Neckarvorland erwarteten feiernden Personen \u00fcberschaubar. Ganz unabh\u00e4ngig von der Pandemie hatte die Stadt Heidelberg auch dieses Jahr f\u00fcr das 1. Mai-Wochenende wieder ein Betretungsverbot f\u00fcr die Thingst\u00e4tte ausgesprochen. Am Freitagabend machten nur eine vierk\u00f6pfige Personengruppe auf dem abgesperrten Thingst\u00e4tten-Gel\u00e4nde sowie eine Ansammlung von 15 Personen in der Heidelberger Kurf\u00fcrsten-Anlage ein polizeiliches Einschreiten erforderlich. Auf dem Heiligenberg hatten vier Ausfl\u00fcgler den abgesperrten Bereich unerlaubt betreten. Auf einer Gr\u00fcnfl\u00e4che in der N\u00e4he der Stadtwerke hielten sich beharrlich 15 Personen auf, ohne die AHA-Regeln einzuhalten. Neben Anzeigen erhielten alle Personen auch Platzverweise.<\/p>\n\n\n\n<p>Am &#8222;Tag der Arbeit&#8220; verliefen die meist gewerkschaftlichen Veranstaltungen in den Vormittagsstunden insgesamt ruhig und st\u00f6rungsfrei. Die Regeln der Corona-Verordnung wurden fast ausnahmslos eingehalten. Dagegen musste am Samstagnachmittag in der Mannheimer Augustaanlage eine sogenannte &#8222;Schilderdemonstration&#8220;, an der sich vorwiegend Kritiker der pandemiebedingten Einschr\u00e4nkungen beteiligt hatten, fr\u00fchzeitig beendet werden, weil sich mehrere Teilnehmer nicht an die Auflagen, insbesondere nicht an die Masken-Trage-Pflicht hielten. Einige Besucher fanden sich anschlie\u00dfend zu weiteren kleinen &#8211; nicht genehmigten &#8211; Versammlungen zusammen. Diese wurden durch die Polizei aufgel\u00f6st. In diesem Zusammenhang wurden nicht nur Verst\u00f6\u00dfe gegen die Corona-Verordnung konsequent festgestellt, es wurden auch 22 Platzverweise ausgesprochen. Au\u00dferdem werden Verst\u00f6\u00dfe gegen das Versammlungsrecht gepr\u00fcft.<\/p>\n\n\n\n<p>An den beliebten Mannheimer Treffpunkten wie dem Strandbad am Rheinufer und der Neckarwiese sowie der Neckarpromenade war ein eher geringes Personenaufkommen zu verzeichnen. Spazierg\u00e4nger und Besucher hielten sich vorwiegend an die Corona-VO w\u00e4hrend sie am Samstagnachmittag die wenigen Sonnenstrahlen genossen.<\/p>\n\n\n\n<p>Zur \u00dcberwachung der n\u00e4chtlichen Ausgangsbeschr\u00e4nkungen wurden jeweils in den sp\u00e4ten Abendstunden in Mannheim, dem Rhein-Neckar-Kreis und &#8211; nur am Freitag &#8211; auch in Heidelberg station\u00e4re Kontrollstellen an den Zu- und Abfahrtsstra\u00dfen errichtet. Diese wurden gegen 23.30 Uhr, nachdem der Fahrzeugverkehr deutlich nachgelassen hatte, wieder abgebaut. Mobile Fahrzeugkontrollen im Stadtgebiet von Mannheim wurden weiterhin durchgef\u00fchrt. Hierbei wurden nur wenige Verst\u00f6\u00dfe gegen die Kontaktbeschr\u00e4nkungen und die Maskenpflicht festgestellt.<\/p>\n\n\n\n<p>&#8222;Eine ruhige Walpurgisnacht und ein ruhiger 1.Mai-Feiertag&#8220;, res\u00fcmiert Polizeivizepr\u00e4sident Siegfried Kollmar. &#8222;Unser Konzept mit viel polizeilicher Pr\u00e4senz im \u00f6ffentlichen Raum ist erneut aufgegangen. Mit den Schwerpunktkontrollen konnten wir wieder schnell und lageorientiert reagieren. Mein besonderer Dank gilt den B\u00fcrgerinnen und B\u00fcrgern von Heidelberg, Mannheim und dem Rhein-Neckar-Kreis, die sich trotz der nicht einfachen Gesamtsituation sehr verantwortungsvoll verhalten haben&#8220;, so Kollmar weiter.<\/p>\n\n\n\n<p>Insgesamt kontrollierte die Polizei \u00fcber 1000 Fahrzeuge und fast 2300 Personen. Dabei wurden 412 Verst\u00f6\u00dfe festgestellt, von denen 92 zur Anzeige gelangen. Es handelte sich hierbei vorwiegend um Zuwiderhandlungen gegen die Maskenpflicht und Verst\u00f6\u00dfe gegen die Kontaktbeschr\u00e4nkungen.<\/p>\n\n\n\n<h4 class=\"wp-block-heading\">(Dossenheim \/ Rhein-Neckar-Kreis) &#8211; Kind bei Verkehrsunfall leicht verletzt \/ Unfallbeteiligter fl\u00fcchtet<\/h4>\n\n\n\n<p>Ein Verkehrsunfall zwischen einem Pkw und einem zweij\u00e4hrigen Kind ereignete sich am Freitagnachmittag, gegen 13.30 Uhr, in der Schwabenheimer Stra\u00dfe in Dossenheim. Nach derzeitigem Ermittlungsstand rannte ein zweij\u00e4hriges Kind in Erwartung eines Angeh\u00f6rigen vom einem Grundst\u00fcck auf die Fahrbahn und wurde durch einen vorbeifahrenden Pkw erfasst. Hierbei erlitt das Kind gl\u00fccklicherweise nur leichte Verletzungen am Fu\u00df. Obwohl sich der beteiligte Fahrzeugf\u00fchrer sofort um das verletzte Kind und dessen hinzukommende Geschwister k\u00fcmmerte, entfernte er sich anschlie\u00dfend unerlaubt mit seinem Pkw von der Unfallstelle. Das 2-j\u00e4hrige Kind wurde durch die Mutter einer \u00e4rztlichen Versorgung zugef\u00fchrt. Trotz eingeleiteter Fahndungsma\u00dfnahmen mit mehreren Streifenwagen konnte der Unfallbeteiligte, der sich mit seinem unbekannten Pkw, vermutlich Farbe silber, in Richtung Bergstra\u00dfe entfernt hatte, nicht mehr festgestellt werden. Zeugen des Verkehrsunfalles, die sachdienliche Hinweise machen k\u00f6nnen, werden gebeten, sich mit dem Verkehrsdienst Heidelberg, unter Tel.: 0621\/174-4110, in Verbindung zu setzten.<\/p>\n\n\n\n<h4 class=\"wp-block-heading\">(Ladenburg \/ Rhein-Neckar-Kreis) &#8211; Ansammlung mit 150 Personen auf der Ladenburger Neckarwiese nach Verst\u00f6\u00dfen gegen die CoronaVO beendet<\/h4>\n\n\n\n<p>Nach einem bundesweiten Aufruf in den sozialen Medien zu einem &#8222;gemeinsamen Fr\u00fchst\u00fcck&#8220; konnte am Sonntagnachmittag, gegen 15.10 Uhr, eine Ansammlung von circa 150 Personen auf der Ladenburger Neckarwiese festgestellt werden. Da die Mindestabst\u00e4nde teilweise unterschritten waren und musikalische Darbietungen erfolgten, wurde die Ansammlung aufgrund vorliegender Verst\u00f6\u00dfe gegen die Corona-Vorschriften aufgel\u00f6st.<\/p>\n\n\n\n<p>Gemeinsam mit Mitarbeitern der Stadt Ladenburg wurden die Personen aufgefordert die \u00d6rtlichkeit zu verlassen. Der Gro\u00dfteil der Personen kam der Aufforderung nach. Gegen 27 Personen, die sich zun\u00e4chst uneinsichtig zeigten, mussten Platzverweise ausgesprochen werden. Eine sich danach bildende spontane Versammlung von 8 Personen wurde durch das Ordnungsamt Ladenburg untersagt. Insgesamt wurden 10 Verst\u00f6\u00dfe gegen die CoronaVO und anderweitige Vorschriften zur Anzeige gebracht. Ein Veranstaltungsteilnehmer muss sich verantworten, da er die Einsatzkr\u00e4fte beleidigt hatte.<\/p>\n\n\n\n<h4 class=\"wp-block-heading\">(Ladenburg \/ Rhein-Neckar-Kreis) &#8211; Balkonbrand<\/h4>\n\n\n\n<p>Zu einem Balkonbrand in den Kandelbachweg wurde die Feuerwehr am Sonntagmittag kurz nach 13.00 Uhr gerufen. Sie hatte das Feuer kurz darauf gel\u00f6scht, jedoch entstand ein Sachschaden von ca. 10.000,- Euro. Die Wohnungsinhaber waren anwesend wurden aber nicht verletzt. Die Ursache des Brandes ist noch unbekannt und Gegenstand weiterer Ermittlungen des Polizeireviers Ladenburg.<\/p>\n\n\n\n<h4 class=\"wp-block-heading\">(Heddesheim \/ Weinheim \/ Rhein-Neckar-Kreis) &#8211; Golfcarts entwendet \/ Zeugen gesucht<\/h4>\n\n\n\n<p>Nicht schlecht staunten am Sonntagmorgen Spazierg\u00e4nger am Waidsee, als sie am Ufer ein sog &#8222;Golfcart&#8220; erblickten. Das Fahrzeug, ein elektrisch angetriebenes \u00fcberdachtes Fahrzeug f\u00fcr zwei Personen, ohne Stra\u00dfenzulassung und Kennzeichen, stand teilweise im Wasser. Hierf\u00fcr hatte der T\u00e4ter ein M\u00fcllbeh\u00e4lter auf das Gaspedal gestellt und das Fahrzeug die B\u00f6schung herunter rollen lassen. Die Ermittlungen zur Herkunft des Gef\u00e4hrts ergaben, dass es zusammen mit drei weiteren Golfcarts in der Nacht von Samstag auf Sonntag vom Gel\u00e4nde des Golfclubs Heddesheim entwendet wurde. Zeugen, die am Golfclub oder am Waidsee bzw. auf der Strecke zwischen Heddesheim und Weinheim hierzu entsprechende Wahrnehmungen gemacht haben, werden gebeten, sich mit dem Polizeirevier Ladenburg, 06203\/93050, in Verbindung zu setzen.<\/p>\n","protected":false},"excerpt":{"rendered":"<div class=\"mh-excerpt\"><p>Polizeimeldungen vom Sonntag (02.05.2021) (B\u00f6hl-Iggelheim) &#8211; Verkehrsunfallflucht Am Freitag, dem 30.04.2021 um 13:45 Uhr kam es in der Ha\u00dflocher Stra\u00dfe in B\u00f6hl-Iggelheim zu einer Verkehrsunfallflucht. Der 62-j\u00e4hrige Fahrer eines Kleinbusses stellte diesen am rechten Fahrbahnrand <a class=\"mh-excerpt-more\" href=\"https:\/\/speyer24news.com\/?p=36034\" title=\"Polizei\">[&#8230;]<\/a><\/p>\n<\/div>","protected":false},"author":3,"featured_media":0,"comment_status":"open","ping_status":"open","sticky":false,"template":"","format":"standard","meta":{"_monsterinsights_skip_tracking":false,"_monsterinsights_sitenote_active":false,"_monsterinsights_sitenote_note":"","_monsterinsights_sitenote_category":0,"footnotes":""},"categories":[12],"tags":[3614,61,2555,6955,6986,6263,63,105,11150,6987,53,4854,4683,1548,102,213,55,5261,103,106,2803,2423,427,2625,380,62,104,979,1565],"aioseo_notices":[],"amp_enabled":true,"_links":{"self":[{"href":"https:\/\/speyer24news.com\/index.php?rest_route=\/wp\/v2\/posts\/36034"}],"collection":[{"href":"https:\/\/speyer24news.com\/index.php?rest_route=\/wp\/v2\/posts"}],"about":[{"href":"https:\/\/speyer24news.com\/index.php?rest_route=\/wp\/v2\/types\/post"}],"author":[{"embeddable":true,"href":"https:\/\/speyer24news.com\/index.php?rest_route=\/wp\/v2\/users\/3"}],"replies":[{"embeddable":true,"href":"https:\/\/speyer24news.com\/index.php?rest_route=%2Fwp%2Fv2%2Fcomments&post=36034"}],"version-history":[{"count":7,"href":"https:\/\/speyer24news.com\/index.php?rest_route=\/wp\/v2\/posts\/36034\/revisions"}],"predecessor-version":[{"id":36041,"href":"https:\/\/speyer24news.com\/index.php?rest_route=\/wp\/v2\/posts\/36034\/revisions\/36041"}],"wp:attachment":[{"href":"https:\/\/speyer24news.com\/index.php?rest_route=%2Fwp%2Fv2%2Fmedia&parent=36034"}],"wp:term":[{"taxonomy":"category","embeddable":true,"href":"https:\/\/speyer24news.com\/index.php?rest_route=%2Fwp%2Fv2%2Fcategories&post=36034"},{"taxonomy":"post_tag","embeddable":true,"href":"https:\/\/speyer24news.com\/index.php?rest_route=%2Fwp%2Fv2%2Ftags&post=36034"}],"curies":[{"name":"wp","href":"https:\/\/api.w.org\/{rel}","templated":true}]}}