{"id":36078,"date":"2021-05-05T09:10:42","date_gmt":"2021-05-05T08:10:42","guid":{"rendered":"https:\/\/speyer24news.com\/?p=36078"},"modified":"2021-05-05T09:18:51","modified_gmt":"2021-05-05T08:18:51","slug":"polizei-573","status":"publish","type":"post","link":"https:\/\/speyer24news.com\/?p=36078","title":{"rendered":"Polizei"},"content":{"rendered":"<style type=\"text\/css\">\r\n\t.ads_top_disp{}\r\n\t.ads_top_corner_disp{ float:left; margin:0px 10px 10px 0px; }\r\n\t.ads_first_p_disp{}\r\n\t.ads_bottom_disp{}\r\n\t<\/style>\n<h2 class=\"wp-block-heading\">Polizeimeldungen vom Dienstag (04.05.2021)<\/h2>\n\n\n\n<div class=\"wp-block-image\"><figure class=\"aligncenter\"><img decoding=\"async\" src=\"https:\/\/speyer24news.com\/wp-content\/uploads\/2020\/01\/Aktuelles-Polizeilogo.jpg\" alt=\"\" class=\"wp-image-23832\"\/><\/figure><\/div>\n\n\n\n<p><\/p>\n\n\n\n<h4 class=\"wp-block-heading\">(Speyer) &#8211; Jugendliche aus Transporter heraus angesprochen<\/h4>\n\n\n\n<p>Ein 14j\u00e4hriges M\u00e4dchen wurde am Dienstagnachmittag gegen 14:55 Uhr in  der Sch\u00fctzenstra\u00dfe aus einem langsam vorbeifahrenden wei\u00dfen  VW-Transporter heraus angesprochen, w\u00e4hrend sie selbst an der  Fu\u00dfg\u00e4ngerampel stand und auf Gr\u00fcnlicht wartete. <\/p>\n\n\n\n<p>Die Hintergr\u00fcnde \ndes Vorfalls sind nicht n\u00e4her bekannt. Zu einem k\u00f6rperlichen \u00dcbergriff \noder anderem strafrechtlich relevantem Verhalten ist es nach dem \njetzigen Stand der Ermittlungen nicht gekommen, der Transporter setzte \nseine Fahrt nach wenigen Sekunden fort. <\/p>\n\n\n\n<p>Dennoch werden Zeugen, die den Vorfall beobachtet haben, gebeten, sich mit der Polizei Speyer (Tel. 06232-1370 oder <a href=\"mailto:pispeyer@polizei.rlp.de\">pispeyer@polizei.rlp.de<\/a>) in Verbindung zu setzen.<\/p>\n\n\n\n<h4 class=\"wp-block-heading\">(Speyer) &#8211; Verkehrsunfall mit verletzten Radfahrern<\/h4>\n\n\n\n<p>Zwei verletzte Personen waren die Folge eines Verkehrsunfalles, der  sich am Montag um 18:30 Uhr in der Landwehrstra\u00dfe ereignete. Eine  56-j\u00e4hrige Radfahrerin war auf der Siemensbr\u00fccke in Richtung Waldseer  Stra\u00dfe unterwegs als sie von einem 22-j\u00e4hrigen Radfahrer rechts \u00fcberholt  wurde. Bei dem \u00dcberholman\u00f6ver verkeilten sich die Fahrr\u00e4der ineinander,  wodurch beide Personen zu Fall kamen und sich hierbei verletzten. Beide  Beteiligten wurden zur weiteren \u00e4rztlichen Versorgung in ein \u00f6rtliches  Krankenhaus verbracht.<\/p>\n\n\n\n<h4 class=\"wp-block-heading\">(Schifferstadt) &#8211; Diebstahl eines Hoftors<\/h4>\n\n\n\n<p>In der sogenannten &#8222;Hexennacht&#8220; vom 30. April auf dem 01. Mai haben  bislang unbekannte T\u00e4ter ein Hoftor von einem Anwesen in der  Keltenstra\u00dfe entwendet. Zeugen, die Hinweise zu der Tat geben k\u00f6nnen,  werden gebeten, sich mit der Polizeiinspektion Schifferstadt unter 06235  495-0 oder <a href=\"mailto:pischifferstadt@polizei.rlp.de\">pischifferstadt@polizei.rlp.de<\/a> in Verbindung zu setzen. <\/p>\n\n\n\n<h4 class=\"wp-block-heading\">(Schifferstadt \/ Mutterstadt) &#8211; Geschwindigkeitskontrollen der Polizei<\/h4>\n\n\n\n<p>Beamte der Polizeiinspektion Schifferstadt haben am Montag  Geschwindigkeitskontrollen durchgef\u00fchrt. Zwischen 09:40 und 11:20 Uhr  ist in Schifferstadt die Burgstra\u00dfe \u00fcberwacht worden. 31  \u00dcberschreitungen der zul\u00e4ssigen H\u00f6chstgeschwindigkeit von 30 km\/h sind  in der Zeit registriert worden. Die gemessene H\u00f6chstgeschwindigkeit lag  bei 51 km\/h, was ein Bu\u00dfgeld in H\u00f6he von 80 Euro und einen Punkt nach  sich zieht. Danach nahmen die Beamten in der Zeit von 11:40 bis 13:40 Uhr in  Mutterstadt den Pfalzring ins Visier. Dort gab es 27  Geschwindigkeits\u00fcbertretungen zu beanstanden. Der Schnellste war mit 59  &#8222;Sachen&#8220; unterwegs, was mit einem Bu\u00dfgeld von H\u00f6he von 100 Euro und  einem Punkt geahndet wird. <\/p>\n\n\n\n<h4 class=\"wp-block-heading\">(Schwegenheim) &#8211; Junge Diebesbande<\/h4>\n\n\n\n<p>Drei Jungen im Alter von 12 bis 15 Jahren hatten am Montag die schlechte  Idee, zusammen einen Diebstahl zu begehen. Dazu betraten sie den  Verkaufsraum einer Tankstelle in Schwegenheim und versuchten dort  Handyzubeh\u00f6r unbemerkt mitzunehmen. Dazu stellte sich einer der jungen  M\u00e4nner so hin, dass die Sicht der Tankstellenmitarbeiterin verdeckt  wurde. Dennoch bemerkte sie den Diebstahl und stellte einen der Diebe  beim Verlassen der Tankstelle zur Rede. Als die Polizei dazu kam, wurde  es f\u00fcr die jungen M\u00e4nner noch schlimmer. Neben dem Handyzubeh\u00f6r hatten  sie n\u00e4mlich kurz zuvor in einem Supermarkt weitere Waren entwendet. Das  Diebesgut wurden den Eigent\u00fcmern wieder ausgeh\u00e4ndigt. Sie m\u00fcssen sich  nun in einem Strafverfahren daf\u00fcr verantworten. Zudem wurden die Eltern  \u00fcber den Vorfall informiert. <\/p>\n\n\n\n<h4 class=\"wp-block-heading\">(Eschbach) &#8211; Dieb gibt sich als Arzt aus<\/h4>\n\n\n\n<p>Ein dreister Dieb war am Montagmorgen gegen 11:00 Uhr in der Weinstra\u00dfe  in Eschbach unterwegs. Der Unbekannte betrat die Wohnung eines  97-j\u00e4hrigen Mannes und gab sich ihm gegen\u00fcber als Arzt aus. Im Anschluss  durchsuchte er die Wohnung und entwendete die Geldb\u00f6rse des  Gesch\u00e4digten. Der T\u00e4ter wurde als gro\u00dfer, kr\u00e4ftiger Mann mit heller Hautfarbe und als  Brillentr\u00e4ger beschrieben. Zudem trug er wei\u00dfe Bekleidung und f\u00fchrte  eine Mappe mit sich. Zeugen, die in dem Tatzeitraum verd\u00e4chtige Wahrnehmungen gemacht haben,  werden gebeten sich mit der Polizei in Landau in Verbindung zu setzen. <\/p>\n\n\n\n<h4 class=\"wp-block-heading\">(Landau) &#8211; Bierdose in der Hand f\u00fchrt zur Festnahme<\/h4>\n\n\n\n<p>Ein 25-j\u00e4hriger Radfahrer wurde am fr\u00fchen Montagmorgen am Hauptbahnhof  in Landau kontrolliert, weil er eine Bierdose in der Hand hielt. Ein  durchgef\u00fchrter Atemalkoholtest ergab einen Wert von \u00fcber 2 Promille. Bei  der Kontrolle wurde zudem festgestellt, dass gegen den Radfahrer ein  Haftbefehl vorliegt. Der 25-J\u00e4hrige wurde nach einer Blutentnahme auf  der Dienststelle in eine Justizvollzugsanstalt verbracht.<\/p>\n\n\n\n<h4 class=\"wp-block-heading\">(Landau) &#8211; Schlagring am Innenspiegel und unter Bet\u00e4ubungsmittelbeeinflussung<\/h4>\n\n\n\n<p>Bei der Verkehrskontrolle, am Montagmorgen, eines 27- j\u00e4hrigen PKW-F\u00fchrers aus dem Kreis  Germersheim in der Fichtenstra\u00dfe in Landau fiel den Polizeibeamten ein  am Innenspiegel h\u00e4ngender Schlagring auf. Der Schlagring wurde  sichergestellt. Zudem ergaben sich bei der Verkehrskontrolle Hinweise  auf eine Bet\u00e4ubungsmittelbeeinflussung bei dem PKW-F\u00fchrer. Nachdem ein  positiver Drogenschnelltest diesen Verdacht erh\u00e4rtete, wurde dem  Beschuldigten eine Blutprobe entnommen. <\/p>\n\n\n\n<h4 class=\"wp-block-heading\">(Rhodt) &#8211; Reifenventile entwendet<\/h4>\n\n\n\n<p>\u00dcber das vergangene Wochenende (&#8222;Hexennacht&#8220;) wurden in der  Theresienstra\u00dfe an zwei geparkten Fahrzeugen die Reifenventile  entwendet. Der Sachverhalt wurde \u00fcber das Onlineanzeigeportal der  Polizei mitgeteilt. Von dem Unbekannten fehlt jede Spur. Die Polizei hat  die Ermittlungen aufgenommen und sucht Zeugen, die Hinweise geben  k\u00f6nnen. Diese sollen sich unter der Rufnummer 06323 9550 melden.<\/p>\n\n\n\n<h4 class=\"wp-block-heading\">(Ha\u00dfloch) &#8211; Opel besch\u00e4digt und gefl\u00fcchtet<\/h4>\n\n\n\n<p>Bereits am Donnerstag, den 29.04.2021, wurde im Zeitraum von 16:00 Uhr  bis 18:45 Uhr, ein vor dem Theodor-Friedrich-Haus in der Heinrich-Brauch  stehender wei\u00dfer Opel Corsa im Bereich der hinteren Sto\u00dfstange von  einem unbekannten Fahrzeugf\u00fchrer besch\u00e4digt. Der Unfallverursacher  entfernte sich unerlaubt vom Unfallort. Am Opel entstand Schaden von ca.  200 Euro. Die Polizei Ha\u00dfloch bittet um Zeugenhinweise unter Tel. 06324-933-0. <\/p>\n\n\n\n<h4 class=\"wp-block-heading\">(Bad D\u00fcrkheim) &#8211; Bauschutt verloren<\/h4>\n\n\n\n<p>Am 03.05.2021 gegen 10:30 Uhr wurde durch einen Paketfahrer gemeldet,  dass Am Ebersberg in Bad D\u00fcrkheim Steine und Sand auf der Fahrbahn  liegen w\u00fcrden. Ein LKW, der von eine naheliegenden Baustelle losgefahren  war, hatte vermutlich aufgrund mangelnder Ladungssicherung die Steine  und den Sand verloren. Bei der \u00dcberpr\u00fcfung der Fahrstrecke bis zur  Kreisbauschuttdeponie, konnte auf der Abfahrt der B271 ebenfalls  Bauschutt auf der Fahrbahn festgestellt werden. Zu einer Gef\u00e4hrdung von  Verkehrsteilnehmern war nach jetzigem Ermittlungsstand nicht gekommen.  Der Bauhof k\u00fcmmerte sich um die Beseitigung des Bauschutts von der  Stra\u00dfe. Aufgrund der nicht ordnungsgem\u00e4\u00df gesicherten Ladung wurde ein  Ordnungswidrigkeitenverfahren gegen den LKW-Fahrer eingeleitet. <\/p>\n\n\n\n<h4 class=\"wp-block-heading\">(Bad D\u00fcrkheim \/ Wachenheim \/ Weisenheim a.S.) &#8211; Erneut mehrere Anrufe von Telefonbetr\u00fcgern<\/h4>\n\n\n\n<p>Am 03.05.2021 versuchten wieder unbekannter T\u00e4ter \u00e4ltere Menschen am  Telefon zu betr\u00fcgen. Die bislang unbekannten Anrufer, die ihre Rufnummer  unterdr\u00fcckt hatten, gaben sich als Polizeibeamte, die sich aufgrund  laufender Ermittlungen melden und in einem weiteren Fall als Mitarbeiter  einer Lottogesellschaft, die einen angeblichen Vertrag k\u00fcndigen  wollten, aus. Da die Angerufenen \u00fcber solche Betrugsversuche informiert  waren, reagierten sie vorbildlich, beendeten das Gespr\u00e4ch und  verst\u00e4ndigten die Polizei in Bad D\u00fcrkheim. Daher kam es in keinem der  F\u00e4lle zu einem wirtschaftlichen Schaden. Ermittlungen ergaben, dass fast  alle Rufnummern im Telefonbuch hinterlegt waren. Wurden sie auch Opfer  eines solchen Betrugsversuches dann wenden sie sich bitte an die Polizei  Bad D\u00fcrkheim unter 06322 963 0 oder per E-Mail an <a href=\"mailto:pibadduerkheim@polizei.rlp.de\">pibadduerkheim@polizei.rlp.de<\/a>. <\/p>\n\n\n\n<h4 class=\"wp-block-heading\">(Erpolzheim) &#8211; Auto zerkratzt<\/h4>\n\n\n\n<p>Im Zeitraum von 29.04.2021 18:00 Uhr bis 03.05.2021, 09:00 Uhr wurde  ein, in der Kirchgasse 3 in Bad D\u00fcrkheim, abgestellter Opel Insignia von  bislang unbekannten T\u00e4tern besch\u00e4digt. Insgesamt konnten drei Kratzer  am hinteren Kotfl\u00fcgel, mehrere rundliche Kratzer im Lack im Bereich des  hintern Seitenfensters und zwei Dellen am Dach festgestellt werden. Es  entstand ein Sachschaden von 800 Euro. Die Polizei Bad D\u00fcrkheim bittet  um Hinweise unter 06322 963 0 oder per E-Mail an <a href=\"mailto:pibadduerkheim@polizei.rlp.de\">pibadduerkheim@polizei.rlp.de<\/a> <\/p>\n\n\n\n<h4 class=\"wp-block-heading\">(Weisenheim a.S.) &#8211; Zeugen gesucht \/ Mehrere Spiegel mutwillig abgetreten<\/h4>\n\n\n\n<p>Am 04.05.2021 gegen 01:40 Uhr wurden zwei Jugendliche beobachtet, die  im Sch\u00e4ferweg in Weisenheim am Sand gerade mehrere Au\u00dfenspiegel von  Fahrzeugen besch\u00e4digten. Bei den sofort eingeleiteten Fahndungsma\u00dfnahmen  konnten die Jugendlichen nicht mehr festgestellt werden. In den Stra\u00dfen  &#8222;Sch\u00e4fersteg&#8220;, &#8222;Theodor-Heuss-Stra\u00dfe&#8220;, &#8222;Rheinstra\u00dfe&#8220; und im &#8222;Ostring&#8220;  konnten insgesamt 23 geparkte PKW festgestellt werden, bei welchen einer  oder beide Au\u00dfenspiegel besch\u00e4digt oder verdreht waren. Die Polizei hat  an den Fahrzeugen Nachrichten hinterlassen und bittet die Gesch\u00e4digten  sich bei der Polizei zu melden. Aufgrund der bislang bekannten F\u00e4lle  entstand ein Sachschaden von 1400 Euro. Die Polizei Bad D\u00fcrkheim bittet  um Hinweise unter 06322 963 0 oder per E-Mail an <a href=\"mailto:pibadduerkheim@polizei.rlp.de\">pibadduerkheim@polizei.rlp.de<\/a><\/p>\n\n\n\n<h4 class=\"wp-block-heading\">(Ludwigshafen) &#8211; Unfall wegen medizinischem Notfall<\/h4>\n\n\n\n<p>Am 03.05.2021, gegen 21:45 Uhr, kam es in der Ernst-Boehe-Stra\u00dfe zu  einem Verkehrsunfall. Ein 65-j\u00e4hriger LKW-Fahrer war in Richtung  Bruchwiesenstra\u00dfe gefahren, \u00fcberfuhr mit einem der Vorderr\u00e4der eine  Verkehrsinsel und kollidierte mit einem etwa 20m hohen Baum auf dem  Gehweg. Der LKW schob sich mit der Vorderachse \u00fcber den komplett  entwurzelten Baum, welcher auf den Gehweg st\u00fcrzte und mit der Krone in  die Fahrbahn hineinragte. Urs\u00e4chlich f\u00fcr den Unfall d\u00fcrfte ein medizinischer Notfall des Fahrers  gewesen sein. Dieser wurde in ein Krankenhaus verbracht. Verletzungen  durch den Unfall erlitt der 65-J\u00e4hrige nach derzeitigem Kenntnisstand  nicht. Die entstandene Schadensh\u00f6he d\u00fcrfte sich auf mindestens 18.000 Euro  belaufen.<\/p>\n\n\n\n<h4 class=\"wp-block-heading\">(Ludwigshafen) &#8211; Auseinandersetzung in der Hohenzollernstra\u00dfe<\/h4>\n\n\n\n<p>Am 03.05.2021, gegen 21:15 Uhr, wurde durch einen Zeugen per Notruf  gemeldet, dass es in der Hohenzollernstra\u00dfe soeben zu einer  Auseinandersetzung zwischen mehreren Personen gekommen sei. Dabei seien  auch Sch\u00fcsse gefallen. Die \u00d6rtlichkeit wurde umgehend mit starken  Kr\u00e4ften angefahren. Vor Ort schilderten mehrere Zeugen, dass mindestens  sechs Personen an der Auseinandersetzung beteiligt waren. Drei von ihnen  seien mit einem schwarzen BMW gefahren, die anderen seien zu Fu\u00df  unterwegs gewesen. Am Stra\u00dfenrand konnten mehrere Schreckschussh\u00fclsen  sichergestellt werden. <\/p>\n\n\n\n<p>Sachdienliche Hinweise bitte an die Polizeiinspektion Ludwigshafen 2, Telefonnummer 0621 963-2222 oder per E-Mail <a href=\"mailto:piludwigshafen2@polizei.rlp.de\">piludwigshafen2@polizei.rlp.de<\/a> . <\/p>\n\n\n\n<h4 class=\"wp-block-heading\">(Ludwigshafen) &#8211; Unfall in der Fichtestra\u00dfe \/ Vorsicht &#8222;Dooring&#8220;<\/h4>\n\n\n\n<p>Ein 32-J\u00e4hriger, der sein Autos am 03.05.2021, gegen 17:15 Uhr, in der  Fichtestra\u00dfe geparkt hatte, \u00fcbersah beim \u00d6ffnen der Fahrzeugt\u00fcr einen  von hinten kommenden 55-j\u00e4hrigen Rollerfahrer. Dieser stie\u00df mit der T\u00fcr  zusammen und st\u00fcrzte. Nach derzeitigem Kenntnisstand wurde er durch den  Unfall nicht verletzt. An beiden Fahrzeugen entstand Sachschaden von  etwa 1000 Euro. <\/p>\n\n\n\n<p>In diesem Falle scheint der Unfall glimpflich \nausgegangen zu sein, doch unachtsames \u00d6ffnen der Autot\u00fcr kann auch \nverheerende Folgen haben. &#8222;Dooring&#8220; hei\u00dft das Ph\u00e4nomen, bei dem meist \nRad- oder E-Scooterfahrende betroffen sind. <\/p>\n\n\n\n<p>Ein einfacher Griff  hilft Auto-Fahrenden, das Risiko zu minimieren. Beim sogenannten  &#8222;Holl\u00e4ndischen Griff&#8220; werden Fahrer- oder Beifahrert\u00fcr jeweils mit der  Hand ge\u00f6ffnet, die der entsprechenden T\u00fcr abgewandt ist. Dabei wird  automatisch die Schulter zur Fahrbahn bzw. Gehweg gedreht und von hinten  kommende Fahrzeuge oder Fu\u00dfg\u00e4nger werden so besser gesehen. In den  Niederlanden geh\u00f6rt diese Praxis schon lange zur Fahrschulausbildung,  daher der Name des ebenso einfachen wie sinnvollen Griffs. Das Landeskriminalamt Rheinland-Pfalz hat hierzu einen Pr\u00e4ventionsclip erstellt:<\/p>\n\n\n\n<figure class=\"wp-block-embed-youtube wp-block-embed is-type-video is-provider-youtube wp-embed-aspect-16-9 wp-has-aspect-ratio\"><div class=\"wp-block-embed__wrapper\">\n<iframe loading=\"lazy\" title=\"Ph\u00e4nomen \u201eDooring\u201c: Unfallgefahr durch aufgerissene Autot\u00fcren\" width=\"500\" height=\"281\" src=\"https:\/\/www.youtube.com\/embed\/9N-82X6f04Q?feature=oembed\" frameborder=\"0\" allow=\"accelerometer; autoplay; clipboard-write; encrypted-media; gyroscope; picture-in-picture\" allowfullscreen><\/iframe>\n<\/div><\/figure>\n\n\n\n<h4 class=\"wp-block-heading\">(Ludwigshafen) &#8211; Versuchter Wohnungseinbruch<\/h4>\n\n\n\n<p>Zu einem Einbruchsversuch in eine Wohnung eines Mehrfamilienhauses kam  es am 03.05.2021, zwischen 7 Uhr und 17 Uhr, in der Halbergstra\u00dfe. Es  gelang den Unbekannten nicht, in die Wohnung einzudringen und etwas zu  entwenden. Neben der Wohnungst\u00fcr war au\u00dferdem die T\u00fcr einer  Abstellkammer im Treppenhaus angegangen und aufgebrochen worden. Aus der  Kammer wurde nichts gestohlen. Sachdienliche Hinweise bitte an die Polizeiinspektion Ludwigshafen 1,  Telefonnummer 0621 963-2122 oder per E-Mail <a href=\"mailto:piludwigshafen1@polizei.rlp.de\">piludwigshafen1@polizei.rlp.de<\/a> . <\/p>\n\n\n\n<h4 class=\"wp-block-heading\">(Ludwigshafen) &#8211; Unfall zwischen Auto und Pedelc<\/h4>\n\n\n\n<p>Zu einem Unfall zwischen einem 40-j\u00e4rigen Autofahrer und einem  46-j\u00e4hrigen Pedelec-Fahrer kam es am 03.05.2021 gegen 16:30 Uhr, an der  Kreuzung Rohrlachstra\u00dfe\/Seilerstra\u00dfe. Nach derzeitigem Stand der  Ermittlungen hatten sich beide Beteiligte gegenseitig \u00fcbersehen, sodass  es zum Zusammensto\u00df kam. In der Folge st\u00fcrzte der Pedelec-Fahrer \u00fcber  die Motorhaube des Autos und st\u00fcrzte zu Boden. Dabei wurde er leicht  verletzt. Er wurde in ein Krankenhaus verbracht. Die Schadensh\u00f6he wird  auf 2.000 Euro gesch\u00e4tzt. <\/p>\n\n\n\n<h4 class=\"wp-block-heading\">(Ludwigshafen) &#8211; Zwei Unf\u00e4lle in Oggersheim<\/h4>\n\n\n\n<p>Am 03.05.2021, gegen 16 Uhr, kam es in der Flomersheimer Stra\u00dfe zu  einem Verkehrsunfall mit einer gesch\u00e4tzten Schadensh\u00f6he von 10.000 Euro.  Eine 40-J\u00e4hrige war mit ihrem Auto von einem Supermarkt-Parkplatz in  die Stra\u00dfe eingebogen und es war hierbei zur Kollision mit dem  Transporter eines 33-J\u00e4hrigen gekommen. Durch den Unfall zersprang  au\u00dferdem eine Seitenscheibe des Transporters sodass \u00fcber eine gr\u00f6\u00dfere  Fl\u00e4che Glasscherben auf der Fahrbahn verteilt waren. <\/p>\n\n\n\n<p>Gegen 17 Uhr  des gleichen Tages kam es au\u00dferdem an der Kreuzung  Karl-Legien-Stra\u00dfe\/Alter Frankenthaler Weg zu einem Verkehrsunfall.  Zun\u00e4chst kollidierte ein 80-J\u00e4hriger mit seinem Peugeot mit dem Mercedes  eines 50-J\u00e4hrigen. Durch den Zusammensto\u00df kam der Peugeot von der Spur  ab und fuhr gegen den parkenden Mercedes einer 47-J\u00e4hrigen. Beide  Fahrzeuge waren nicht mehr fahrbereit. Insgesamt entstand ein  Sachschaden von etwa 12.000 Euro.<\/p>\n\n\n\n<h4 class=\"wp-block-heading\">(Ludwigshafen) &#8211; Ladendieb geschnappt<\/h4>\n\n\n\n<p>Am 03.05.2021, gegen 13 Uhr, entwendete ein 25-J\u00e4hriger mehrere  Flaschen Parf\u00fcm aus einem Drogeriemarkt am Rathausplatz. Dies  beobachtete der 27-j\u00e4hrige Ladendetektiv, der sofort die Polizei  verst\u00e4ndigte und die Verfolgung des Diebes aufnahm. In der  Kaiser-Wilhelm-Stra\u00dfe konnte der 25-J\u00e4hrige durch die Polizei  festgehalten und durchsucht werden. Das Diebesgut hatte er nicht mehr  bei sich. Durch Videoaufzeichnungen des Drogeriemarkt konnte der  Beschuldigte zwei weiteren Diebst\u00e4hlen zugeordnet werden. Gegen den  jungen Mann wird nun wegen gewerbsm\u00e4\u00dfigen Ladendiebstahl ermittelt. <\/p>\n\n\n\n<h4 class=\"wp-block-heading\">(Ludwigshafen) &#8211; Streit in der Bismarckstra\u00dfe<\/h4>\n\n\n\n<p>Im Rahmen der Streifent\u00e4tigkeit konnte in der Bismarckstra\u00dfe am  03.05.2021, gegen 10:30 Uhr, beobachtet werden, wie ein 20-J\u00e4hriger  einem 25-J\u00e4hrigen in den Bauch trat. Beide wurden umgehend einer  Personenkontrolle unterzogen. Da sich der 20-J\u00e4hrige hierbei weiterhin  aggressiv zeigte, wurden ihm widerstandlos Handschellen angelegt.  Der  junge Mann war in Begleitung seines Vaters. Auch dieser wurde  kontrolliert. Der 25-J\u00e4hrige wurde durch den Tritt nicht verletzt. Allen drei Personen wurde nach der Kontrolle ein Platzverweis erteilt  dem sie unverz\u00fcglich nachkamen. Ausl\u00f6ser des Disputs d\u00fcrften nach  derzeitigem Kenntnisstand Streitigkeiten wegen Schulden gewesen sein. <\/p>\n\n\n\n<h4 class=\"wp-block-heading\">(Ludwigshafen) &#8211; Wer hat etwas beobachtet \/ Deckenfenster eingeworfen<\/h4>\n\n\n\n<p>Das Deckenfenster einer Kindertagesst\u00e4tte in der Bl\u00fccherstra\u00dfe wurde  zwischen dem 30.04.2021, 14 Uhr, und dem 03.05.2021, 7 Uhr, mit einer  leeren Glasfalsche eingeworfen. Es entstand dabei ein Sachschaden von  etwa 1.000 Euro. <\/p>\n\n\n\n<p>Die Polizeiinspektion Ludwigshafen 2 bittet um \nsachdienliche Hinweise. Diese werden  unter der Telefonnummer 0621 \n963-2222 oder per E-Mail <a href=\"mailto:piludwigshafen2@polizei.rlp.de\">piludwigshafen2@polizei.rlp.de<\/a> entgegengenommen. <\/p>\n\n\n\n<h4 class=\"wp-block-heading\">(Ludwigshafen) &#8211; Versuchter Totschlag &#8211; 47-J\u00e4hriger in Untersuchungshaft<\/h4>\n\n\n\n<h4 class=\"wp-block-heading\">Gemeinsame Pressemitteilung der Staatsanwaltschaft Frankenthal und des Polizeipr\u00e4sidiums Rheinpfalz<\/h4>\n\n\n\n<div class=\"wp-block-image\"><figure class=\"aligncenter\"><img decoding=\"async\" src=\"https:\/\/speyer24news.com\/wp-content\/uploads\/2020\/05\/Zelle-1.jpg\" alt=\"\" class=\"wp-image-27457\"\/><\/figure><\/div>\n\n\n\n<p>Am\n Sonntagnachmittag (02.05.2021), gegen 13.50 Uhr, griff ein 47-J\u00e4hriger \nim Bereich des Danziger Platzes einen 49-J\u00e4hrigen mit einem Messer an \nund f\u00fcgte ihm eine Stichverletzung im Brustbereich zu. Danach versuchte \ner zu Fu\u00df zu fl\u00fcchten, konnte jedoch unmittelbar nach der Tat vorl\u00e4ufig \nfestgenommen werden.\nDer 49-J\u00e4hrige war zum Tatzeitpunkt mit seiner Lebensgef\u00e4hrtin \nunterwegs, bei der es sich um die ehemalige Lebensgef\u00e4hrtin des \n47-j\u00e4hrigen Beschuldigten handelt. Der 49-J\u00e4hrige musste in ein \nKrankenhaus gebracht und operiert werden. Es besteht derzeit keine \nLebensgefahr. <\/p>\n\n\n\n<p>Der Beschuldigte wurde am Montag (03.05.2021) dem  Haftrichter des Amtsgerichts Frankenthal vorgef\u00fchrt. Dieser erlie\u00df auf  Antrag der Staatsanwaltschaft Frankenthal Untersuchungshaftbefehl wegen  versuchten Totschlags und gef\u00e4hrlicher K\u00f6rperverletzung. Der  Beschuldigte kam in eine Justizvollzugsanstalt. <\/p>\n\n\n\n<h4 class=\"wp-block-heading\">(Mannheim-Rheinau) &#8211; 34-j\u00e4hriger Mann von drei Unbekannten \u00fcberfallen \/ Polizei sucht Zeugen<\/h4>\n\n\n\n<p>Ein 34-J\u00e4hriger wurde am Samstagnachmittag im Stadtteil Rheinau von  drei unbekannten M\u00e4nnern \u00fcberfallen. Der Mann befand sich gegen 16 Uhr  zum Fotografieren im Waldgebiet zwischen dem Stadtteil Pfingstberg und  der Autobahn A 6. Dabei bemerkte es drei M\u00e4nner, die ihm folgten. Als er  an einer Weggabelung erneut ein Foto machen wollte, kam einer der  M\u00e4nner unvermittelt auf den 34-J\u00e4hrigen zugelaufen, hielt ihm ein Messer  vor und forderte die Herausgabe seiner Spiegelreflexkamera. Kurz darauf  zog auch der zweite Mann ein Messer, um der Forderung Nachdruck zu  verleihen. Der Dritte im Bunde riss dem Gesch\u00e4digten schlie\u00dflich die  Kamera vom Hals. Anschlie\u00dfend fl\u00fcchten die drei Unbekannten in Richtung  der Stra\u00dfe &#8222;Am Waldrand&#8220;. <\/p>\n\n\n\n<p>Die drei M\u00e4nner wurden wie folgt beschrieben: <\/p>\n\n\n\n<p>T\u00e4ter 1: <\/p>\n\n\n\n<pre class=\"wp-block-preformatted\">   - 25 bis 30 Jahre alt\n   - Ca. 175 bis 180 cm gro\u00df\n   - Ca. 85 bis 90 kg schwer\n   - Schwarze glatte Haare\n   - War bekleidet mit ausgewaschener Jeans und schwarzer Bomberjacke\n     im orange-kariertem Innenfutter\n   - War bewaffnet mit einem Springmesser <\/pre>\n\n\n\n<p>T\u00e4ter 2: <\/p>\n\n\n\n<pre class=\"wp-block-preformatted\">   - Ca. 25 bis 30 Jahre alt\n   - Ca. 175 bis 180 cm gro\u00df\n   - Normale Statur\n   - Schwarze gepflegte Haare, nach hinten gegelt\n   - Vollbart\n   - Trug dunkle Jeans\n   - War bewaffnet mit einem Klappmesser <\/pre>\n\n\n\n<p>T\u00e4ter 3: <\/p>\n\n\n\n<pre class=\"wp-block-preformatted\">   - War kleiner als 175 cm\n   - Dick\n   - Ungepflegtes Erscheinungsbild\n   - L\u00e4ngere, gewellte schwarze Haare\n   - Bart\n   - Trug Jeans <\/pre>\n\n\n\n<p>Die drei M\u00e4nner unterhielten sich in arabischer, bzw. t\u00fcrkischer Sprache. <\/p>\n\n\n\n<p>Bei der entwendeten Kamera handelt es sich um eine digitale Spiegelreflexkamera, der Marke Nikon, Modell D750. <\/p>\n\n\n\n<p>Zeugen,  die auf den Vorfall aufmerksam geworden waren und denen drei unbekannte  M\u00e4nner im Bereich Pfingstberg aufgefallen sind, die eine  Spiegelreflexkamera bei sich hatten, werden gebeten, sich beim  Kriminaldauerdienst der Kriminalpolizeidirektion Heidelberg, Tel.:  0621\/174-4444 zu melden.<\/p>\n\n\n\n<h4 class=\"wp-block-heading\">(Mannheim-Neuostheim) &#8211; Unfall zwischen Stra\u00dfenbahn und Pkw<\/h4>\n\n\n\n<p>10.000 Euro Sachschaden ist das Ergebnis eines Verkehrsunfalls am  Montagabend im Stadtteil Neuostheim. Eine Stra\u00dfenbahnfahrerin war gegen  17.45 Uhr mit der Linie 6 in der D\u00fcrerstra\u00dfe in Richtung Innenstadt  unterwegs. Auf H\u00f6he der Menzelstra\u00dfe war ein BMW verkehrswidrig am  Fahrbahnrad abgestellt. Beim Vorbeifahren untersch\u00e4tzte die Fahrerin der  Stra\u00dfenbahn den Seitenabstand und stie\u00df gegen den BMW. Dabei entstand  Sachschaden an Bahn und Auto. Verletzt wurde niemand. W\u00e4hrend der  Unfallaufnahme war der Stra\u00dfenbahnverkehr bis ca. 18.30 Uhr  unterbrochen. Ein Ersatzverkehr war eingerichtet. Verkehrsbehinderungen  ergaben sich nicht.<\/p>\n\n\n\n<h4 class=\"wp-block-heading\">(Heidelberg-Altstadt) &#8211; 14-j\u00e4hriger Tatverd\u00e4chtiger nach Graffiti-Schmierereien festgenommen<\/h4>\n\n\n\n<p>Bereits am 30.04.2021 wurde in der Heidelberger Altstadt ein  14-j\u00e4hriger Junge dabei erwischt, wie er kurz vor 20 Uhr am Bahnhof  Heidelberg-Altstadt auf eine Plakatwand und in der dortigen Unterf\u00fchrung  mit Spr\u00fchfarbe mehrere Graffitis anbrachte. Er wurde dabei von einem  Polizeibeamten des Polizeireviers Heidelberg-Mitte beobachtet, der sich  gerade auf dem Nachhauseweg vom Dienst befand. Dieser nahm den  Jugendlichen, dessen H\u00e4nde farbverschmiert waren, vorl\u00e4ufig fest und  notierte dessen Personalien. Die Spraydose wurde sichergestellt.  Anschlie\u00dfend wurde der 14-j\u00e4hrige auf freien Fu\u00df entlassen. Bei einer  Nachschau am 03.05.2021 wurden im Bereich der Heidelberger Altstadt an  insgesamt 10 \u00d6rtlichkeiten Graffitis gleicher Art mit gleicher Farbe  festgestellt werden. Der entstandene Sachschaden l\u00e4sst sich derzeit noch  nicht beziffern. Gegen den 14-J\u00e4hrigen wird nun wegen Sachbesch\u00e4digung  in mehreren F\u00e4llen ermittelt.<\/p>\n\n\n\n<h4 class=\"wp-block-heading\">(Heidelberg-Bergheim) &#8211; Fahrradfahrer bei Verkehrsunfall verletzt<\/h4>\n\n\n\n<p>Bei einem Verkehrsunfall am Montagabend im Stadtteil Bergheim wurde  eine 48-j\u00e4hrige Fahrradfahrerin verletzt. Ein 28-j\u00e4hriger Mann parkte  gegen 19.30 Uhr seinen VW am Fahrbahnrand ein. Beim Aussteigen \u00fcbersah  er die 48-J\u00e4hrige, die mit ihrem Klapprad gerade in gleicher  Fahrtrichtung an dem VW vorbeifuhr und \u00f6ffnete die Fahrert\u00fcr. Die  Radlerin konnte nicht mehr ausweichen, stie\u00df gegen Fahrzeugt\u00fcr und  st\u00fcrzte zu Boden. Dabei zog sie sich Verletzungen am Kiefer zu und wurde  zur Behandlung in eine Klinik eingeliefert. Sowohl das Fahrrad als auch  der VW wurden bei dem Zusammensto\u00df besch\u00e4digt, der Sachschaden kann  derzeit nicht beziffert werden.<\/p>\n\n\n\n<h4 class=\"wp-block-heading\">(Walldorf \/ Rhein-Neckar-Kreis) &#8211; Olivenbaum gestohlen \/ Zeugen gesucht!<\/h4>\n\n\n\n<p>In der Nacht von Montag auf Dienstag entwendete ein Unbekannter aus der  Altrottstra\u00dfe einen Olivenbaum im Wert von rund 200 Euro. Der rund zwei  Meter hohe Baum stand in H\u00f6he der Hausnummer 33, vor einem dortigen  Supermarkt. T\u00e4terhinweise liegen derzeit keine vor. Der Polizeiposten  Walldorf hat die Ermittlungen aufgenommen. <\/p>\n\n\n\n<p>Zeugen, die sachdienliche Hinweise geben k\u00f6nnen, werden gebeten sich unter der Tel.: 06227 8419990 zu melden.<\/p>\n\n\n\n<h4 class=\"wp-block-heading\">(Hockenheim \/ Rhein-Neckar-Kreis) &#8211; Unbekannter Sattelzugfahrer verursacht zwei Unf\u00e4lle und haut ab \/ Zeugen gesucht<\/h4>\n\n\n\n<p>Zwei Verkehrsunf\u00e4lle verursachte am Montagmittag ein unbekannter  Sattelzugfahrer in Hockenheim. Der Unbekannte war gegen 12.30 Uhr mit  seinem Sattelzug in der Heidelberger Stra\u00dfe unterwegs. Beim  Rechtsabbiegen in die Parkstra\u00dfe besch\u00e4digte er die Hausfassade der  Volkshochschule Hockenheim und einige aufgestellte Warnbaken.  Anschlie\u00dfend setzte er seinen Weg einfach fort. Auf seinem weiteren Weg  besch\u00e4digte er an der Kreuzung Scheffelstra\u00dfe\/Walldorfer Stra\u00dfe die  Hausfassade eines Wohnanwesens, sowie weitere Warnbaken und ein  Verkehrszeichen. Auch hier fuhr er einfach weiter. Ein Zeuge, der den  Unfall beobachtet hatte, verst\u00e4ndigte die Polizei. <\/p>\n\n\n\n<p>Bei dem \nunfallverursachenden Fahrzeug soll es sich nach Angaben des Zeugen um \neine weite Sattelzugmaschine mit wei\u00dfem Auflieger gehandelt haben. \nWeitere Informationen, wie Kennzeichen oder Planenaufschrift liegen \nderzeit nicht vor. Auch eine Beschreibung des Fahrers konnte nicht \nerlangt werden. <\/p>\n\n\n\n<p>Weitere Zeugen, die den Unfall beobachtet haben  und sachdienliche Hinweise zum Unfallfahrzeug und dessen Fahrer geben  k\u00f6nnen, werden gebeten, sich beim Polizeirevier Hockenheim, Tel.:  06205\/2860-0 zu melden.<\/p>\n\n\n\n<h4 class=\"wp-block-heading\">(Edingen-Neckarhausen \/ Rhein-Neckar-Kreis) &#8211; Brand einer Gartenh\u00fctte; Ursache unklar, drei Verletzte<\/h4>\n\n\n\n<h4 class=\"wp-block-heading\" style=\"text-align:center\">Pressemitteilung Nr. 1<\/h4>\n\n\n\n<p>Aus bislang unbekannter Ursache geriet am Dienstagnachmittag, gegen  14.20 Uhr, eine Gartenh\u00fctte in der K\u00f6rnerstra\u00dfe im Ortsteil Neckarhausen  in Brand. Die freiwillige Feuerwehr aus Neckarhausen l\u00f6schte den Brand  schnell. Bei ersten L\u00f6schversuchen zogen sich drei Personen  Rauchgasvergiftungen zu. Sie wurden mit Rettungswagen in eine Klinik  gebracht. Nach ersten Sch\u00e4tzungen entstand ein Sachschaden von \u00fcber  10.000.- Euro.<\/p>\n\n\n\n<h4 class=\"wp-block-heading\">(Neckarbischofsheim \/ Rhein-Neckar-Kreis) &#8211; Einbruch in Bauhof; hoher Schaden, Zeugen gesucht<\/h4>\n\n\n\n<p>Bei einem Einbruch in den St\u00e4dtische Bauhof erbeuteten bislang  unbekannte T\u00e4ter Werkzeuge und Arbeitsger\u00e4te im Gesamtwert von \u00fcber  30.000.- Euro. <\/p>\n\n\n\n<p>Die T\u00e4ter drangen zwischen Freitagnachmittag und \nMontagvormittag mit brachialer Gewalt in den Bauhof im Ablassweg ein und\n transportierten die zum Teil schweren Ger\u00e4te u.a. mit einer &#8222;Sackkarre&#8220;\n zu einem in der N\u00e4he abgestellten Fahrzeug, wom\u00f6glich in der Gr\u00f6\u00dfe \neines Sprinters. <\/p>\n\n\n\n<p>Nach dem derzeitigen Erkenntnisstand d\u00fcrften \nmehr als zwei T\u00e4ter am Werk gewesen sein, die die insgesamt fast 40 \nArbeitsger\u00e4te im Tatfahrzeug verluden, darunter mehrere Motors\u00e4gen, \nFreischneider, Laubbl\u00e4ser und Heckenscheren namhafter Hersteller sowie \neinen Fugenschneider. <\/p>\n\n\n\n<p>Es ist nicht ausgeschlossen, dass die aller\n Wahrscheinlichkeit nach bandenm\u00e4\u00dfig organisierten T\u00e4ter, weitere \nBauh\u00f6fe in der Region ins Visier genommen haben, um bei g\u00fcnstigen \nGelegenheiten dort einzubrechen. <\/p>\n\n\n\n<p>Zeugen, die Hinweise zur Tat, \nden T\u00e4tern und ihr Fahrzeug geben k\u00f6nnen oder denen in den Tagen vor der\n Tat Verd\u00e4chtiges aufgefallen war, werden gebeten, sich mit dem \nPolizeiposten Waibstadt, Tel.: 07263\/5807 oder dem Polizeirevier \nSinsheim, Tel.: 07261\/690-0 in Verbindung zu setzen. <\/p>\n\n\n\n<p> <\/p>\n","protected":false},"excerpt":{"rendered":"<div class=\"mh-excerpt\"><p>Polizeimeldungen vom Dienstag (04.05.2021) (Speyer) &#8211; Jugendliche aus Transporter heraus angesprochen Ein 14j\u00e4hriges M\u00e4dchen wurde am Dienstagnachmittag gegen 14:55 Uhr in der Sch\u00fctzenstra\u00dfe aus einem langsam vorbeifahrenden wei\u00dfen VW-Transporter heraus angesprochen, w\u00e4hrend sie selbst an <a class=\"mh-excerpt-more\" href=\"https:\/\/speyer24news.com\/?p=36078\" title=\"Polizei\">[&#8230;]<\/a><\/p>\n<\/div>","protected":false},"author":3,"featured_media":0,"comment_status":"open","ping_status":"open","sticky":false,"template":"","format":"standard","meta":{"_monsterinsights_skip_tracking":false,"_monsterinsights_sitenote_active":false,"_monsterinsights_sitenote_note":"","_monsterinsights_sitenote_category":0,"footnotes":""},"categories":[12],"tags":[3614,61,2555,6955,6986,6263,63,105,11150,6987,53,4854,4683,1548,102,213,55,5261,103,106,2803,2423,427,2625,380,62,104,979,1565],"aioseo_notices":[],"amp_enabled":true,"_links":{"self":[{"href":"https:\/\/speyer24news.com\/index.php?rest_route=\/wp\/v2\/posts\/36078"}],"collection":[{"href":"https:\/\/speyer24news.com\/index.php?rest_route=\/wp\/v2\/posts"}],"about":[{"href":"https:\/\/speyer24news.com\/index.php?rest_route=\/wp\/v2\/types\/post"}],"author":[{"embeddable":true,"href":"https:\/\/speyer24news.com\/index.php?rest_route=\/wp\/v2\/users\/3"}],"replies":[{"embeddable":true,"href":"https:\/\/speyer24news.com\/index.php?rest_route=%2Fwp%2Fv2%2Fcomments&post=36078"}],"version-history":[{"count":13,"href":"https:\/\/speyer24news.com\/index.php?rest_route=\/wp\/v2\/posts\/36078\/revisions"}],"predecessor-version":[{"id":36091,"href":"https:\/\/speyer24news.com\/index.php?rest_route=\/wp\/v2\/posts\/36078\/revisions\/36091"}],"wp:attachment":[{"href":"https:\/\/speyer24news.com\/index.php?rest_route=%2Fwp%2Fv2%2Fmedia&parent=36078"}],"wp:term":[{"taxonomy":"category","embeddable":true,"href":"https:\/\/speyer24news.com\/index.php?rest_route=%2Fwp%2Fv2%2Fcategories&post=36078"},{"taxonomy":"post_tag","embeddable":true,"href":"https:\/\/speyer24news.com\/index.php?rest_route=%2Fwp%2Fv2%2Ftags&post=36078"}],"curies":[{"name":"wp","href":"https:\/\/api.w.org\/{rel}","templated":true}]}}