{"id":36156,"date":"2021-05-07T08:18:18","date_gmt":"2021-05-07T07:18:18","guid":{"rendered":"https:\/\/speyer24news.com\/?p=36156"},"modified":"2021-05-07T08:18:20","modified_gmt":"2021-05-07T07:18:20","slug":"polizei-576","status":"publish","type":"post","link":"https:\/\/speyer24news.com\/?p=36156","title":{"rendered":"Polizei"},"content":{"rendered":"<style type=\"text\/css\">\r\n\t.ads_top_disp{}\r\n\t.ads_top_corner_disp{ float:left; margin:0px 10px 10px 0px; }\r\n\t.ads_first_p_disp{}\r\n\t.ads_bottom_disp{}\r\n\t<\/style>\n<h2 class=\"wp-block-heading\">Polizeimeldungen vom Donnerstag (06.05.2021)<\/h2>\n\n\n\n<div class=\"wp-block-image\"><figure class=\"aligncenter\"><img decoding=\"async\" src=\"https:\/\/speyer24news.com\/wp-content\/uploads\/2019\/10\/Aktuelles-Polizeilogo.jpg\" alt=\"\" class=\"wp-image-20680\"\/><\/figure><\/div>\n\n\n\n<h4 class=\"wp-block-heading\">(Speyer) &#8211; Alkohol-\/Drogenfahrt endet mit Verkehrsunfall<\/h4>\n\n\n\n<div class=\"wp-block-image\"><figure class=\"aligncenter\"><img decoding=\"async\" loading=\"lazy\" width=\"800\" height=\"600\" src=\"https:\/\/speyer24news.com\/wp-content\/uploads\/2021\/05\/InkedVU-K2_LI.jpg\" alt=\"\" class=\"wp-image-36126\" srcset=\"https:\/\/speyer24news.com\/wp-content\/uploads\/2021\/05\/InkedVU-K2_LI.jpg 800w, https:\/\/speyer24news.com\/wp-content\/uploads\/2021\/05\/InkedVU-K2_LI-300x225.jpg 300w, https:\/\/speyer24news.com\/wp-content\/uploads\/2021\/05\/InkedVU-K2_LI-768x576.jpg 768w, https:\/\/speyer24news.com\/wp-content\/uploads\/2021\/05\/InkedVU-K2_LI-678x509.jpg 678w, https:\/\/speyer24news.com\/wp-content\/uploads\/2021\/05\/InkedVU-K2_LI-326x245.jpg 326w, https:\/\/speyer24news.com\/wp-content\/uploads\/2021\/05\/InkedVU-K2_LI-80x60.jpg 80w\" sizes=\"(max-width: 800px) 100vw, 800px\" \/><\/figure><\/div>\n\n\n\n<p>Unter dem Einfluss von Drogen und Alkohol wurde am Mittwoch um 14:00 \nUhr ein Verkehrsunfall verursacht. Ein 29-j\u00e4hriger PKW-Fahrer war auf \nder  Kreisstra\u00dfe 2 in Richtung Franz-Kirrmeier-Stra\u00dfe unterwegs, als er \nbeim  \u00dcberholen eines anderen PKW die Kontrolle \u00fcber sein Fahrzeug \nverlor und  mit einem entgegenkommenden LKW kollidierte.<\/p>\n\n\n\n<p>Der PKW-Fahrer erlitt den ersten Untersuchungen nach lediglich \nleichte Verletzungen. Der Gesamtschaden d\u00fcrfte sich sch\u00e4tzungsweise auf \neinen hohen vierstelligen Betrag belaufen. <\/p>\n\n\n\n<div class=\"wp-block-image\"><figure class=\"aligncenter\"><img decoding=\"async\" loading=\"lazy\" width=\"800\" height=\"600\" src=\"https:\/\/speyer24news.com\/wp-content\/uploads\/2021\/05\/UnfallK2.jpg\" alt=\"\" class=\"wp-image-36127\" srcset=\"https:\/\/speyer24news.com\/wp-content\/uploads\/2021\/05\/UnfallK2.jpg 800w, https:\/\/speyer24news.com\/wp-content\/uploads\/2021\/05\/UnfallK2-300x225.jpg 300w, https:\/\/speyer24news.com\/wp-content\/uploads\/2021\/05\/UnfallK2-768x576.jpg 768w, https:\/\/speyer24news.com\/wp-content\/uploads\/2021\/05\/UnfallK2-678x509.jpg 678w, https:\/\/speyer24news.com\/wp-content\/uploads\/2021\/05\/UnfallK2-326x245.jpg 326w, https:\/\/speyer24news.com\/wp-content\/uploads\/2021\/05\/UnfallK2-80x60.jpg 80w\" sizes=\"(max-width: 800px) 100vw, 800px\" \/><\/figure><\/div>\n\n\n\n<p>Die Ursache f\u00fcr den Unfall war schnell gefunden: Der 29-J\u00e4hrige hatte  eine Alkoholwert von knapp 2 Promille und stand unter dem Einfluss von  Bet\u00e4ubungsmitteln. Da er nicht in Besitz einer Fahrerlaubnis war, muss  sich der junge Mann neben der  Stra\u00dfenverkehrsgef\u00e4hrdung auch wegen des  Fahrens ohne Fahrerlaubnis verantworten.<\/p>\n\n\n\n<h4 class=\"wp-block-heading\">(Speyer \/ Frankenthal \/ Bad D\u00fcrkheim \/ Ludwigshafen) &#8211; Tatverd\u00e4chtiger ermittelt<\/h4>\n\n\n\n<div class=\"wp-block-image\"><figure class=\"aligncenter\"><img decoding=\"async\" loading=\"lazy\" width=\"800\" height=\"533\" src=\"https:\/\/speyer24news.com\/wp-content\/uploads\/2020\/06\/Zelle.jpg\" alt=\"\" class=\"wp-image-28203\" srcset=\"https:\/\/speyer24news.com\/wp-content\/uploads\/2020\/06\/Zelle.jpg 800w, https:\/\/speyer24news.com\/wp-content\/uploads\/2020\/06\/Zelle-300x200.jpg 300w, https:\/\/speyer24news.com\/wp-content\/uploads\/2020\/06\/Zelle-768x512.jpg 768w\" sizes=\"(max-width: 800px) 100vw, 800px\" \/><\/figure><\/div>\n\n\n\n<p>Im Zeitraum vom 04.05.2021 bis 05.05.2021 wurde die Schaufensterscheibe  eines Mobiltelefon-Ladens in der Speyerer Stra\u00dfe in Frankenthal mit  einem Gullideckel eingeworfen. Entwendet wurde in diesem Fall nichts.  Zudem wurde am 05.05.2021 die Schaufensterscheibe eines weiteren  Mobiltelefons-Ladens in der Bruchstra\u00dfe in Bad D\u00fcrkheim eingeworfen.  Hier wurden acht Mobiltelefone entwendet. Seit Februar hatte es zehn  weitere Einbr\u00fcche mit dem gleichen modus operandi in Speyer,  Limburgerhof, Landau, Hockenheim, Gr\u00fcnstadt und Lorsch gegeben. Hierbei  entstand eine Schadensh\u00f6he von etwa 50.000 Euro. Durch umfangreiche Ermittlungsarbeit wurde am 05.05.2021 in Speyer ein  Tatverd\u00e4chtiger ermittelt und vorl\u00e4ufig festgenommen. Er wurde heute dem  Ermittlungsrichter vorgef\u00fchrt. Dieser erlie\u00df auf Antrag der  Staatsanwaltschaft Frankenthal Untersuchungshaftbefehl wegen Flucht- und  Wiederholungsgefahr. Er kam in eine Justizvollzugsanstalt. <\/p>\n\n\n\n<h4 class=\"wp-block-heading\">(Dannstadt-Schauernheim) &#8211; Am Steuer eingeschlafen<\/h4>\n\n\n\n<p>Am Mittwochnachmittag gegen 16:00 Uhr eignete sich in der  Schauernheimer Stra\u00dfe ein Verkehrsunfall, weil der 62-j\u00e4hrige Fahrer  eines Pkw w\u00e4hrend der Fahrt kurz einschlief. Er kam nach links von der  Fahrbahn ab und \u00fcberfuhr zwei gro\u00dfe Steine, wovon er wieder wach wurde.  Die unmittelbar darauffolgende Kollision mit einem geparkten Fahrzeug  konnte er aber nicht mehr verhindern. Andere Verkehrsteilnehmer sind  weder gef\u00e4hrdet noch gesch\u00e4digt worden. Der 62-j\u00e4hrige war leicht  verletzt. Seine Beifahrerin, die vor dem Unfall ebenfalls schlief, blieb  unverletzt. An dem geparkten Pkw entstanden mehrere Tausend Euro  Schaden. Das Unfallfahrzeug musste abgeschleppt werden. Der Mann muss  sich nun in einem Strafverfahren wegen der Gef\u00e4hrdung des  Stra\u00dfenverkehrs verantworten. Die Polizei hat seinen F\u00fchrerschein  sichergestellt.<\/p>\n\n\n\n<h4 class=\"wp-block-heading\">(Mutterstadt \/ A 61) &#8211; Kleintransporter-Fahrer ohne Fahrerlaubnis unter Drogeneinfluss unterwegs<\/h4>\n\n\n\n<p>Auf der A61 Gemarkung Mutterstadt wurde am 06.05.2021, um 02.30 Uhr,  ein Kleintransporter von Beamten der Polizeiautobahnstation Ruchheim  einer Verkehrskontrolle unterzogen. Bei dem 26-j\u00e4hrigen Fahrer wurden Anzeichen auf eine Drogenbeeinflussung  festgestellt. Ein Drogenschnelltest best\u00e4tigte diesen Verdacht, der  Mann stand unter dem Einfluss von THC. Weitere \u00dcberpr\u00fcfungen ergaben, dass dem Mann die Fahrerlaubnis entzogen  worden war. Gegen den 26-J\u00e4hringen wurde ein Ermittlungsverfahren wegen Fahren ohne  Fahrerlaubnis und Trunkenheit im Stra\u00dfenverkehr eingeleitet. Ihm wurde  eine Blutprobe entnommen. <\/p>\n\n\n\n<h4 class=\"wp-block-heading\">(Germersheim) &#8211; Warnung vor unseri\u00f6sen Handwerkern<\/h4>\n\n\n\n<p>Unseri\u00f6se Handwerker versuchen auf unterschiedliche Weise, ihren  vermeintlichen Opfern Dienstleistungen anzubieten. Einige gehen durch  die Stra\u00dfen und klingeln bevorzugt bei H\u00e4usern, denen man von au\u00dfen  ansieht, dass sie eine Sanierung ben\u00f6tigen. Seien Sie wachsam und  \u00fcberzeugen sich im Vorfeld \u00fcber die Seriosit\u00e4t solcher Handwerker.  Aktuell erreichen uns vermehrt Anrufe, dass im Dienstgebiet der Polizei  Germersheim Handwerker unterwegs sind, die an den Haust\u00fcren  Dienstleistungen anbieten. <\/p>\n\n\n\n<h4 class=\"wp-block-heading\">(Germersheim) &#8211; Schlag gegen Hehler<\/h4>\n\n\n\n<figure class=\"wp-block-image\"><img decoding=\"async\" loading=\"lazy\" width=\"800\" height=\"600\" src=\"https:\/\/speyer24news.com\/wp-content\/uploads\/2021\/05\/Sichergestellte-Elektronikartikel.jpg\" alt=\"\" class=\"wp-image-36158\" srcset=\"https:\/\/speyer24news.com\/wp-content\/uploads\/2021\/05\/Sichergestellte-Elektronikartikel.jpg 800w, https:\/\/speyer24news.com\/wp-content\/uploads\/2021\/05\/Sichergestellte-Elektronikartikel-300x225.jpg 300w, https:\/\/speyer24news.com\/wp-content\/uploads\/2021\/05\/Sichergestellte-Elektronikartikel-768x576.jpg 768w, https:\/\/speyer24news.com\/wp-content\/uploads\/2021\/05\/Sichergestellte-Elektronikartikel-678x509.jpg 678w, https:\/\/speyer24news.com\/wp-content\/uploads\/2021\/05\/Sichergestellte-Elektronikartikel-326x245.jpg 326w, https:\/\/speyer24news.com\/wp-content\/uploads\/2021\/05\/Sichergestellte-Elektronikartikel-80x60.jpg 80w\" sizes=\"(max-width: 800px) 100vw, 800px\" \/><\/figure>\n\n\n\n<p>Seit Mai 2020 kam es in einem Germersheimer Logistikunternehmen zu  einer gr\u00f6\u00dferen Diebstahlsserie. Durch umfangreiche Ermittlungsarbeit der  Polizei Germersheim geriet ein 28-j\u00e4hriger Mann aus dem n\u00f6rdlichen  Landkreis in den Fokus der Polizei. Mittwochmorgen folgte dann die  Durchsuchung seiner Wohnung. Dabei konnten neben Gegenst\u00e4nde der  genannten Diebstahlsserie auch Elektronikartikel im Gesamtwert von ca.  16.000 Euro beschlagnahmt werden. Die Ermittlungen werden sich nun  darauf konzentrieren, die Eigent\u00fcmer der Elektronikartikel ausfindig zu  machen. Zudem wurden Bargeld und Bet\u00e4ubungsmittel beschlagnahmt. Der  junge Tatverd\u00e4chtige erlitt w\u00e4hrend der Durchsuchung einen  Schw\u00e4cheanfall und musste medizinisch versorgt werden. Die  entsprechenden Strafverfahren wurden eingeleitet.<\/p>\n\n\n\n<h4 class=\"wp-block-heading\">(Landau) &#8211; Betrunkener E-Bike Fahrer st\u00fcrzt<\/h4>\n\n\n\n<p>Uneinsichtig zeigte sich ein 82-j\u00e4hriger E-Bike-Fahrer aus dem  Stadtgebiet Landau am Mittwochmittag. Nachdem der 82-J\u00e4hrige mit einem  Atemalkoholwert von 2,43 ohne Fremdeinwirkung hinst\u00fcrzte, sollte er zur  Versorgung seiner Verletzungen und Entnahme einer Blutprobe in ein  nahegelegenes Krankenhaus verbracht werden. Da er sich zun\u00e4chst  weigerte, mussten ihm zum Transport Handfesseln angelegt werden. Der  E-Bike-Fahrer trug bei dem Sturz keinen Helm und zog sich eine  Kopfplatzwunde zu. Gegen den 82-J\u00e4hrigen wurde ein Strafverfahren wegen Trunkenheit im  Stra\u00dfenverkehr eingeleitet. <\/p>\n\n\n\n<h4 class=\"wp-block-heading\">(Landau) &#8211; Versuchter Einbruch in Apotheke<\/h4>\n\n\n\n<p>In der Nacht von Dienstag auf Mittwoch versuchte ein bislang  unbekannter T\u00e4ter in eine Apotheke in der Thomas-Nast-Stra\u00dfe in Landau  einzubrechen. Nachdem zun\u00e4chst die T\u00fcr zu dem Mehrfamilienhaus  aufgehebelt wurde, scheiterte der Unbekannte an der Abschlusst\u00fcr der im  Erdgeschoss gelegenen Apotheke. Die Tat ereignete sich vermutlich  zwischen 22:00 Uhr und 02:00 Uhr. Zeugen, die in der Nacht verd\u00e4chtige Wahrnehmungen gemacht haben, werden  gebeten sich mit der Polizeiinspektion in Landau in Verbindung zu  setzen.<\/p>\n\n\n\n<h4 class=\"wp-block-heading\">(Landau) &#8211; Einbruch in Keller eines Mehrfamilienhaueses<\/h4>\n\n\n\n<p>Zwei Kellerabteile wurden in einem Mehrfamilienhaus im  Heinrich-Strieffler-Weg in der Nacht von Dienstag auf Mittwoch  aufgebrochen. Nachdem sich der unbekannte T\u00e4ter durch Aufhebeln der  Kellert\u00fcr Zugang zu dem Mehrfamilienhaus verschafft hatte, entwendete er  aus einem der Kellerabteile eine Geldkassette mit 90 Euro Bargeld. Ein  weiteres Kellerabteil wurde angegangen, jedoch nicht betreten.<\/p>\n\n\n\n<h4 class=\"wp-block-heading\">(Roschbach) &#8211; Gr\u00fcnschnitt verloren<\/h4>\n\n\n\n<p>60 Euro Bu\u00dfgeld sowie ein Punkt in der Flensburger Verkehrss\u00fcnderkartei  kommen auf einen 43 Jahre alten Traktorfahrer zu, weil er gestern  (05.05.2021, 10.25 Uhr) in der Hainfelder Stra\u00dfe seinen Gr\u00fcnschnitt  sowie kleinere \u00c4ste verlor, die er auf einer Rolle hinter seinem Traktor  transportierte und nicht ausreichend gesichert hatte. Eine 52-j\u00e4hrige  Autofahrerin kam dem Mann im Kurvenbereich entgegen, wo ihr der  Gr\u00fcnschnitt sowie einige der \u00c4ste vor und gegen ihr Fahrzeug fielen. Zu  einem Sachschaden ist es gl\u00fccklicherweise nicht gekommen.<\/p>\n\n\n\n<h4 class=\"wp-block-heading\">(St. Martin) &#8211; Erneut ein totes Schaf<\/h4>\n\n\n\n<p>Am Mittwoch wurde wiederholt ein totes Schaf auf einer Schafsweide im  Wehyerer Weg gemeldet. Der Besitzer hatte das Tier am Vortag leblos auf  der Weide vorgefunden. Bereits am vergangenen Sonntag lag ein totes  Mutterschaf in der Koppel (wir berichteten). Aufgrund der Gesamtumst\u00e4nde  kann derzeit nicht ausgeschlossen werden, dass die Tiere vergiftet  wurden. Zusammen mit der Kriminalpolizei und dem zust\u00e4ndigen  Veterin\u00e4ramt wurden die Ermittlungen aufgenommen.  Hinweise nimmt die  Polizei Edenkoben unter der Rufnummer 06323 9550 entgegen.<\/p>\n\n\n\n<h4 class=\"wp-block-heading\">(Tiefenthal) &#8211; Getuntes Auto kontrolliert \/ Fahrer unter Drogeneinfluss<\/h4>\n\n\n\n<p>Beamte der PI Gr\u00fcnstadt kontrollierten am Mittwoch einen PKW in Tiefenthal,  der aufgrund seiner Auspuffanlage, Reifen, Fahrwerk u.a. auff\u00e4llig war.  Wie sich heraus stellte, hatte der 20-J\u00e4hrige aus Tiefenthal  Ver\u00e4nderungen vorgenommen, die zum Erl\u00f6schen der Betriebserlaubnis  f\u00fchrten. Den Beamten entgingen auch nicht die drogentypischen Auff\u00e4lligkeiten beim Fahrer. Beim Urintest wollte der  junge Mann tricksen, weshalb unmittelbar eine Blutprobe angeordnet  wurde. Der PKW wurde sichergestellt &#8211; er muss jetzt bei der  Zulassungsstelle vorgef\u00fchrt werden.<\/p>\n\n\n\n<h4 class=\"wp-block-heading\">(Maxdorf) &#8211; Unerlaubtes Entfernen vom Unfallort f\u00fchrt zu Anzeige wegen Fahren ohne Fahrerlaubnis<\/h4>\n\n\n\n<p>Am Mittwoch, den 05.05.2021 gegen 11:13 Uhr wurde der Polizeiwache  Maxdorf gemeldet, dass es am Kreisverkehr der L527 \/ K2 am Ortsausgang  von Maxdorf zu einer Verkehrsunfallflucht gekommen sei. Ein PKW habe am  Kreisverkehr verkehrsbedingt gebremst und sei dann, als er wieder  anfahren wollte zun\u00e4chst r\u00fcckw\u00e4rts gerollt. Hierbei habe dieser das  dahinter wartende Fahrzeug besch\u00e4digt. Danach sei der PKW einfach  weitergefahren, konnte aber durch den Gesch\u00e4digten auf dem Parkplatz  eines Drogeriemarktes angetroffen werden. Hier wurde die 32-j\u00e4hrige  Fahrerin zur Rede gestellt werden. Im Rahmen der Unfallaufnahmen durch die hinzu gerufene Polizei versuchte  die Fahrerin ihren inzwischen vor Ort erschienenen Ehemann als Fahrer  zu benennen. Im Rahmen der \u00dcberpr\u00fcfungen verwickelte sich die Frau immer  wieder in Wiederspr\u00fcche bis schlie\u00dflich festgestellt wurde, dass die  Fahrerin nicht im Besitz einer Fahrerlaubnis ist. Auch wenn der  entstandene Sachschaden an den Fahrzeugen sehr gering ist, muss sich die  Fahrerin nun, wegen Unerlaubten Entfernens vom Unfallort und Fahren  ohne Fahrerlaubnis, verantworten. Gegen den 33-J\u00e4hrigen Ehemann, welcher  Halter des Fahrzeuges ist wurde ebenfalls ein Verfahren er\u00f6ffnet, da er  wusste, dass seine Frau keine Fahrerlaubnis hat. Au\u00dferdem kann der  Halter den Kaskoschutz seiner Kfz-Versicherung verlieren und von seiner  Versicherung an der Begleichung des Fremdschadens beteiligt werden. <\/p>\n\n\n\n<p>Wer  sachdienliche Hinweise zu dem genannten Fall geben kann, wird gebeten  sich mit der Polizeiwache Maxdorf unter der Rufnummer 06237 \/ 934-1100  oder der Polizeiinspektion Frankenthal unter der Rufnummer 06233 \/ 313-0  in Verbindung zu setzen. Hinweise k\u00f6nnen auch per E-Mail unter <a href=\"mailto:pwmaxdorf@polizei.rlp.de\">pwmaxdorf@polizei.rlp.de<\/a> \u00fcbermittelt werden.<\/p>\n\n\n\n<h4 class=\"wp-block-heading\">(Frankenthal) &#8211; Unfallflucht<\/h4>\n\n\n\n<p>Am 05.05.2021, gegen 07.55 Uhr, besch\u00e4digte eine bislang unbekannte  Fahrzeugf\u00fchrerin auf dem Parkplatz am R\u00f6ntgenplatz, H\u00f6he Hausnummer 1a,  beim Ausparken die danebenstehenden Pkw VW Polo und BMW 420. Laut einer  Unfallzeugin soll es sich bei dem Verursacherfahrzeug m\u00f6glicherweise um  einen wei\u00dfen Citroen C3 mit schwarzem Dach handeln. Die hinteren  Scheiben seien schwarz foliert gewesen. Es entstand Sachschaden in H\u00f6he  von gesch\u00e4tzten 2600 Euro. <\/p>\n\n\n\n<p>Zeugen werden gebeten sich an die  Polizeiinspektion Frankenthal unter der Tel.-Nr.: 06233\/313-0 oder an  die Polizeiwache Maxdorf unter der Tel.-Nr.: 06237\/934-1100 zu wenden.  Gerne nehmen wir Ihre Hinweise auch per E-Mail unter  <a href=\"mailto:pifrankenthal@polizei.rlp.de\">pifrankenthal@polizei.rlp.de<\/a> entgegen.<\/p>\n\n\n\n<h4 class=\"wp-block-heading\">(Ludwigshafen) &#8211; Zeugen gesucht nach Unfallflucht<\/h4>\n\n\n\n<p>Am Donnerstagmittag, den 06.05.2021, gegen 15:40 Uhr kam es in der  Bruchwiesenstra\u00dfe in Ludwigshafen am Rhein zu einem Verkehrsunfall mit  anschlie\u00dfender Flucht. Ein 26-j\u00e4hriger Mann aus Ludwigshafen wartete mit  seinem wei\u00dfen Toyota an der roten Ampel an der Kreuzung zur  Christian-Wei\u00df-Stra\u00dfe. Nachdem die Ampel auf &#8222;Gr\u00fcn&#8220; wechselte und der  Ludwigshafener anfuhr, stie\u00df ein unbekannter Fahrer mit seinem schwarzen  Volvo SUV mit Ludwigshafener Kennzeichen von hinten an den Toyota und  touchierte diesen am hinteren linken Kotfl\u00fcgel. Der Fahrer fl\u00fcchtete  dann von der Unfall\u00f6rtlichkeit in Richtung Valentin-Bauer-Stra\u00dfe. Durch  den Unfall entstand ein Schaden auf ca. 1500 Euro. Eine Beschreibung des  fl\u00fcchtigen Fahrers liegt nicht vor. Zeugen, die Hinweise zu dem Vorfall  geben k\u00f6nnen, werden gebeten, sich mit der Polizeiinspektion  Ludwigshafen 1, Beethovenstra\u00dfe 36, 67061 Ludwigshafen, 0621\/963-2122, <a href=\"mailto:piludwigshafen1@polizei.rlp.de\">piludwigshafen1@polizei.rlp.de<\/a>, in Verbindung zu setzen. <\/p>\n\n\n\n<h4 class=\"wp-block-heading\">(Ludwigshafen) &#8211; Betrunkener leistet Widerstand \/ Taser eingesetzt<\/h4>\n\n\n\n<div class=\"wp-block-image\"><figure class=\"aligncenter\"><img decoding=\"async\" src=\"https:\/\/speyer24news.com\/wp-content\/uploads\/2019\/07\/Taser-PI-LU.jpg\" alt=\"\" class=\"wp-image-15451\"\/><\/figure><\/div>\n\n\n\n<p>Ein 44-J\u00e4hriger randalierte am Mittwoch (05.05.2021), gegen 23 Uhr, vor  einem Anwesen in er Friedrich-Nauman-Stra\u00dfe. Anwohner beschwerten sich  \u00fcber den Mann, der lautstark in der Stra\u00dfe herumschrie. Die Polizei  erteilte dem 44-J\u00e4hrigen einen Platzverweis, dem er nach mehrmaliger  Aufforderung nicht nachkam. Bei der Festnahme wehrte er sich schlug in  Richtung der Polizeibeamten. Durch den Einsatz des Tasers konnte der  Randalierer letztendlich gefesselt und zu einer Polizeidienstelle  gebracht werden. Dort wurde ihm eine Blutprobe entnommen. Bei dem  Einsatz wurden eine Polizeibeamtin und ein Polizeibeamter leicht  verletzt. <\/p>\n\n\n\n<h4 class=\"wp-block-heading\">(Ludwigshafen) &#8211; St\u00fchle in Brand gesetzt<\/h4>\n\n\n\n<p>Unbekannte setzten am Mittwoch (05.05.2021), gegen 18 Uhr, mehrere  St\u00fchle in Brand, die als M\u00fcll deklariert waren. Das Feuer brach auf  einer Gr\u00fcnfl\u00e4che in der Bliesstra\u00dfe aus. Durch den einsetzenden Regen  wurde das Feuer gel\u00f6scht. Die Schadensh\u00f6he wird derzeit noch ermittelt. Sachdienliche Hinweise bitte an die Polizeiinspektion Ludwigshafen 2,  Telefonnummer 0621 963-2222 oder per E-Mail <a href=\"mailto:piludwigshafen2@polizei.rlp.de\">piludwigshafen2@polizei.rlp.de<\/a> .<\/p>\n\n\n\n<h4 class=\"wp-block-heading\">(Ludwigshafen) &#8211; 62-J\u00e4hriger \u00fcbersieht Stra\u00dfenbahn<\/h4>\n\n\n\n<p>Ein 62-J\u00e4hrige wollte am Mittwoch (05.05.2021), gegen 17.30 Uhr, mit  seinem PKW r\u00fcckw\u00e4rts aus einer Einfahrt auf die Frankenthaler Stra\u00dfe  fahren. Hierbei \u00fcbersah er eine anfahrende Stra\u00dfenbahn und kollidierte  mit dieser. Die Stra\u00dfenbahn setzte noch Warnsignale ab, die der  Unfallverursacher aber ignorierte. Bei dem Unfall wurden keine Personen  verletzt. Es entstand ein Gesamtsachschaden in H\u00f6he von 2000 Euro. <\/p>\n\n\n\n<h4 class=\"wp-block-heading\">(Ludwigshafen) &#8211; Vermeintlicher Handwerker erbeutet Geld<\/h4>\n\n\n\n<p>Im Stadtteil Ludwigshafen-S\u00fcd gelang es am 05.05.2021, gegen 13:40 Uhr,  einem Unbekannten einen 70-J\u00e4hrigen zu t\u00e4uschen und mehrere Hundert  Euro zu stehlen. Der Mann hatte vorgegeben, einen Wasserrohrbruch im  Wohngeb\u00e4ude zu reparieren und deswegen auch die Rohre des 70-J\u00e4hrigen  \u00fcberpr\u00fcfen zu m\u00fcssen. Er lockte den Ludwigshafener in dessen Badezimmer  und bat ihn, die laufende Brause zu halten. Indes ging der Unbekannte in  ein anderes Zimmer, durchsuchte unbemerkt Schr\u00e4nke und stahl das Geld.  Unmittelbar danach gelang ihm unter einem Vorwand die Flucht. Der  70-J\u00e4hrige bemerkte den Diebstahl nur kurze Zeit sp\u00e4ter und verst\u00e4ndigte  die Polizei. <\/p>\n\n\n\n<p>Den Unbekannten beschrieb er wie folgt: <\/p>\n\n\n\n<ul><li>etwa 1,70 &#8211; 1,75 m gro\u00df<\/li><li>schwarze und nach hinten gek\u00e4mmte Haare<\/li><li>ca. 30-40 Jahre alt<\/li><li>Zum Tatzeitpunkt trug der Mann blau-graue Arbeitskleidung und wei\u00dfe  Handschuhe. <\/li><\/ul>\n\n\n\n<p>Sachdienliche Hinweise nimmt die Kriminalpolizei Ludwigshafen unter der Telefonnummer 0621\/963-2773 oder per E-Mail <a href=\"mailto:kiludwigshafen.k1.kdd@polizei.rlp.de\">kiludwigshafen.k1.kdd@polizei.rlp.de<\/a> entgegen.<\/p>\n\n\n\n<h4 class=\"wp-block-heading\">(Ludwigshafen) &#8211; 31-J\u00e4hriger in Haft<\/h4>\n\n\n\n<h4 class=\"wp-block-heading\"><strong>Gemeinsame Presseerkl\u00e4rung von Staatsanwaltschaft Frankenthal \/ Pfalz und Polizeipr\u00e4sidium Rheinpfalz<\/strong><\/h4>\n\n\n\n<div class=\"wp-block-image\"><figure class=\"aligncenter\"><img decoding=\"async\" loading=\"lazy\" width=\"800\" height=\"533\" src=\"https:\/\/speyer24news.com\/wp-content\/uploads\/2020\/06\/Zelle.jpg\" alt=\"\" class=\"wp-image-28203\" srcset=\"https:\/\/speyer24news.com\/wp-content\/uploads\/2020\/06\/Zelle.jpg 800w, https:\/\/speyer24news.com\/wp-content\/uploads\/2020\/06\/Zelle-300x200.jpg 300w, https:\/\/speyer24news.com\/wp-content\/uploads\/2020\/06\/Zelle-768x512.jpg 768w\" sizes=\"(max-width: 800px) 100vw, 800px\" \/><\/figure><\/div>\n\n\n\n<p>Nach\n intensiven Ermittlungen der Staatsanwaltschaft Frankenthal und der \nPolizeiinspektion Ludwigshafen 1 gelang es, einen 31-J\u00e4hrigen aus \nLudwigshafen als Tatverd\u00e4chtigen zahlreicher Betrugsdelikte zu \nidentifizieren. Unter anderem bot der junge Mann ein Mobiltelefon zum \nVerkauf an, lieferte die Ware nach Zahlungseingang jedoch nicht. <\/p>\n\n\n\n<p>Bei  der Durchsuchung seiner Wohnung am Mittwoch, 05.05.2021, konnten  umfangreiche Beweismittel sichergestellt werden. Nach derzeitigem  Kenntnisstand liegen ihm 133 Betrugsf\u00e4lle zur Last, die Zahl d\u00fcrfte sich  im Laufe der weiteren Ermittlungen erh\u00f6hen. Bislang bel\u00e4uft sich die  Schadenssumme auf weit \u00fcber 50.000 Euro. Der Beschuldigte wurde am 05.05.2021 dem Ermittlungsrichter vorgef\u00fchrt.  Dieser erlies auf Antrag der Staatsanwaltschaft Frankenthal  Untersuchungshaftbefehl wegen gewerbsm\u00e4\u00dfigen Betruges. Der 31-J\u00e4hrige  kam in eine Justizvollzugsanstalt.<\/p>\n\n\n\n<h4 class=\"wp-block-heading\">(Ludwigshafen) &#8211; Randalierender am Hauptbahnhof<\/h4>\n\n\n\n<p>Am 05.05.2021, gegen 08:50 Uhr, wurde eine Randalierender am  Hauptbahnhof gemeldet. Der Mann w\u00fcrde die umstehenden Personen  bel\u00e4stigen und an T\u00fcren treten. Als die Polizei vor Ort eintraf, lag der  stark alkoholisierte Mann auf dem Boden und konnte sich nicht mehr auf  den Beinen halten. Ein freiwillig durchgef\u00fchrter Atemalkoholtest ergab  einen Wert von 3.18 Promille. Zu seinem eigenen Schutz wurde der Mann  zur Ausn\u00fcchterung in Gewahrsam genommen. <\/p>\n\n\n\n<h4 class=\"wp-block-heading\">(Pr\u00e4sidalbereich Rheinpfalz) &#8211; Ergebnis des Verkehrssicherheitsaktionstag &#8222;sicher mobil leben \/ Radfahrende im Blick&#8220;<\/h4>\n\n\n\n<p>Am 05.05.2021 fand unter dem Motto &#8222;sicher.mobil.leben &#8211; Radfahrende im  Blick&#8220; eine bundesweite Verkehrssicherheitsaktion statt. Auch das  Polizeipr\u00e4sidium Rheinpfalz hat sich daran beteiligt. Insgesamt wurden  gestern 1215 Kontrollen durchgef\u00fchrt, 327 Regelverst\u00f6\u00dfe festgestellt und  diverse Pr\u00e4ventionsma\u00dfnahmen, wie Schulwegkontrollen, durchgef\u00fchrt. <\/p>\n\n\n\n<p>Schwerpunktm\u00e4\u00dfig\n wurden Radfahrende (1050) gefolgt von Pedelc-Fahrenden (115) und \nS-Pedelec-Fahrenden (25) kontrolliert und pr\u00e4ventive sowie \nverkehrserzieherische Gespr\u00e4che gef\u00fchrt. Von den 1.165 Zweifahrenden \nohne Helmpflicht trugen 624 Personen einen Helm.\nIn insgesamt 179 F\u00e4llen musste der technische Zustand, also z.B. \nfehlende Beleuchtung, des Fahrrads bem\u00e4ngelt werden. Auch wegen \nAblenkung durch beispielsweise Handynutzung (21) oder die Missachtung \nvon Vorfahrt bzw. Rotlicht (4) mussten Verst\u00f6\u00dfe festgestellt werden. <\/p>\n\n\n\n<p>Daneben  wurden auch Auto- und LKW-Fahrende (50) Kontrollen unterzogen und auf  die spezifischen Gefahrensituationen im Zusammenhang mit Fahrr\u00e4dern  hingewiesen. Auch hier wurden insgesamt 17 Regelverst\u00f6\u00dfe erfasst, die  meisten davon betrafen das Halte- und Parkverbot auf Radverkehrsfl\u00e4chen  (6). <\/p>\n\n\n\n<h4 class=\"wp-block-heading\">(Mannheim \/ Heidelberg \/ Rhein-Neckar) &#8211; Polizeipr\u00e4sidium Mannheim verfolgt Null-Toleranz-Strategie bei  illegalen Kraftfahrzeugrennen und beschlagnahmt in diesem Jahr bereits  vier hochmotorisierte Fahrzeuge sowie ein Motorrad<\/h4>\n\n\n\n<p>Das unerlaubte gegeneinander Fahren auf einer l\u00e4ngeren Strecke, ein  Beschleunigungsrennen von Ampel zu Ampel oder auch das Rennen allein  gegen die Uhr &#8211; in illegalen Autorennen wird von einigen r\u00fccksichtslosen  Verkehrsteilnehmern offensichtlich eine unterhaltsame M\u00f6glichkeit  gesehen, die PS-St\u00e4rke und die Leistungsf\u00e4higkeit ihrer Fahrzeuge unter  Beweis stellen. Das Polizeipr\u00e4sidium Mannheim registrierte bisher in den ersten Monaten  dieses Jahres \u00fcber zwanzig F\u00e4lle, in denen Raser verbotswidrig ohne  R\u00fccksicht auf Verkehrsregeln ihre Kr\u00e4fte messen wollten. Wir berichteten  zuletzt am Montag \u00fcber einen Vorfall im Mannheimer Stadtteil Rheinau. <\/p>\n\n\n\n<p>Immer\n wieder entstehen Situationen, bei denen unbeteiligte Verkehrsteilnehmer\n massiv gef\u00e4hrdet werden. Alleine in diesem Jahr ereigneten sich auf den\n Stra\u00dfen im Zust\u00e4ndigkeitsbereich des Polizeipr\u00e4sidiums Mannheim im \nZusammenhang mit illegalen Autorennen drei Verkehrsunf\u00e4lle. Im Januar \ntrugen ein Audi A 4 und ein BMW Mini auf der BAB 5 ein Rennen aus. Beim \nVerlassen der Autobahn an der Anschlussstelle Dossenheim mit sehr hoher \nGeschwindigkeit kollidierten beide Fahrzeuge miteinander. Im M\u00e4rz stie\u00df \neine Mercedes Benz E-Klasse in den S-Quadraten in der Mannheimer \nInnenstadt mit einem 3er BMW zusammen. Der Fahrer des DB konnte wegen \nseiner \u00fcberh\u00f6hten Geschwindigkeit nicht mehr rechtzeitig abbremsen und \nmissachtete die Vorfahrt des BMW.\nW\u00e4hrend eines verbotenen &#8222;Geschwindigkeits-Kr\u00e4ftemessens&#8220; auf der BAB \n659 in H\u00f6he des Viernheimer Kreuzes kam es im April zu einem \nZusammensto\u00df zwischen einem DB Sprinter und einem BMW Coup\u00e9. <\/p>\n\n\n\n<p>&#8222;Auf\n unseren Stra\u00dfen akzeptieren wir keine r\u00fccksichtslosen Raser. Wer sich \nund andere gef\u00e4hrdet wird konsequent zur Anzeige gebracht,&#8220; so \nPolizeivizepr\u00e4sident Siegfried Kollmar. &#8222;Wir nutzen alle uns rechtlich \nzur Verf\u00fcgung stehenden Ma\u00dfnahmen. Das hei\u00dft, wir beschlagnahmen \nF\u00fchrerscheine und auch Fahrzeuge. Bei einem verbotenen Rennen ist das \nKraftfahrzeug zwangsl\u00e4ufig immer das Tatmittel und unterliegt somit den \nBeschlagnahmem\u00f6glichkeiten des Strafgesetzbuches&#8220;, so Kollmar weiter.\nAlleine in diesem Jahr hat die Mannheimer Polizei vier hochmotorisierte \nFahrzeuge sowie ein Motorrad beschlagnahmt. <\/p>\n\n\n\n<p>Solche illegalen  Autorennen, bei denen grob verkehrswidrig und r\u00fccksichtslos die  geltenden Verkehrsregeln missachtet werden, gelten als Straftat. Nicht  nur derjenige, der an einem illegalen Autorennen teilnimmt, wird  bestraft, sondern auch derjenige, der zu einer solchen  Verkehrsgef\u00e4hrdung &#8211; ohne an einem Rennen mit anderen teilzunehmen &#8211;  aufruft. Das Strafma\u00df reicht von einer Geldstrafe und einer  Freiheitstrafe von bis zu zwei Jahren bis hin zu f\u00fcnf oder sogar zehn  Jahren, wenn Menschen schwer verletzt werden oder sogar zu Tode kommen.  Wer aufgrund eines illegalen Autorennens verurteilt wird, dem wird in  der Regel die Fahrerlaubnis entzogen. &#8222;Die Gef\u00e4hrdung anderer Verkehrsteilnehmer wird im Rausch der  Geschwindigkeit einfach in Kauf genommen. Ein eindringliches  verkehrserzieherisches Gespr\u00e4ch reicht da nicht aus. Wir werden den  Kontrolldruck beibehalten und appellieren an jeden: Melden Sie ein  verbotenes Rennen der Polizei!&#8220;, fordert der Leiter der  Verkehrspolizeiinspektion Mannheim, Alexander Ulmer auf.<\/p>\n\n\n\n<h4 class=\"wp-block-heading\">(Mannheim) &#8211; 50-j\u00e4hriger Tatverd\u00e4chtiger nach t\u00e4tlichem Angriff auf Polizeibeamte in Untersuchungshaft<\/h4>\n\n\n\n<h4 class=\"wp-block-heading\">Gemeinsame Pressemitteilung der Staatsanwaltschaft Mannheim und des Polizeipr\u00e4sidiums Mannheim<\/h4>\n\n\n\n<div class=\"wp-block-image\"><figure class=\"aligncenter\"><img decoding=\"async\" loading=\"lazy\" width=\"800\" height=\"533\" src=\"https:\/\/speyer24news.com\/wp-content\/uploads\/2020\/06\/Zelle.jpg\" alt=\"\" class=\"wp-image-28203\" srcset=\"https:\/\/speyer24news.com\/wp-content\/uploads\/2020\/06\/Zelle.jpg 800w, https:\/\/speyer24news.com\/wp-content\/uploads\/2020\/06\/Zelle-300x200.jpg 300w, https:\/\/speyer24news.com\/wp-content\/uploads\/2020\/06\/Zelle-768x512.jpg 768w\" sizes=\"(max-width: 800px) 100vw, 800px\" \/><\/figure><\/div>\n\n\n\n<p>Auf Antrag der Staatsanwaltschaft Mannheim wurde Haftbefehl gegen ei-nen 50-j\u00e4hrigen Mann erlassen. <\/p>\n\n\n\n<p>Er\n steht im dringenden Verdacht, am fr\u00fchen Mittwochmorgen Polizeibe-amte \ndes Polizeireviers Mannheim-Neckarau t\u00e4tlich angegriffen zu haben, wobei\n einer von ihnen so sehr verletzt wurde, dass er \u00e4rztliche Hilfe in \nAnspruch nehmen musste und seinen Dienst nicht fortsetzen konnte. <\/p>\n\n\n\n<p>Der\n Tatverd\u00e4chtige war am Mittwochmorgen im Waldgartenweg unterwegs, als er\n von einer Streife des Polizeireviers Mannheim-Neckarau gegen 05.30 Uhr \nkontrolliert wurde. Dabei wurde festgestellt, dass er unter \nDrogeneinfluss stand und Drogen mitf\u00fchrte. <\/p>\n\n\n\n<p>Nach seiner Festnahme \nbeleidigte der 50-J\u00e4hrige die Beamten in der Gossensprache. W\u00e4hrend des \nTransports zum Revier versuchte er auch noch, einen Beamten mit dem \nEllenbogen zu treffen. Als in den Dienstr\u00e4umen die polizeilichen \nMa\u00dfnahmen fortgesetzt werden sollten, setzte sich der Festgenommene zur \nWehr, trat und schlug um sich, sodass sich einer der Beamten neben \nPrellungen und Sch\u00fcrfwunden auch eine Kopfplatzwunde zuzog. Letztendlich\n wurde dennoch eine Blutentnahme durchgef\u00fchrt. <\/p>\n\n\n\n<p>Am \nDonnerstagnachmittag wurde der 50-j\u00e4hrige deutsche Staatsangeh\u00f6rige \nschlie\u00dflich dem Ermittlungsrichter vorgef\u00fchrt. Auf Antrag der \nStaatsanwaltschaft Mannheim wurde Haftbefehl wegen des Verdachts des \nt\u00e4tlichen Angriffs auf Vollstreckungsbeamte, der K\u00f6rperverletzung, der \nBeleidigung und des Bet\u00e4ubungsmittelbesitzes gegen den bereits \neinschl\u00e4gig vorbestraften Mann erlassen. Anschlie\u00dfend wurde er in eine \nJustizvollzugsanstalt eingeliefert. <\/p>\n\n\n\n<p>Die Ermittlungen der  Staatsanwaltschaft Mannheim und der Ermittlungsgruppe &#8222;Rauschgift&#8220; der  Kriminalpolizeidirektion Heidelberg dauern an. <\/p>\n\n\n\n<h4 class=\"wp-block-heading\">(Mannheim-Innenstadt) &#8211; 23-j\u00e4hriger Mercedes-Fahrer ohne Fahrerlaubnis unterwegs.<\/h4>\n\n\n\n<p>Ein 23-j\u00e4hriger Mercedes-Fahrer war am Mittwochabend in der Mannheimer  Innenstadt unterwegs, ohne im Besitz einer Fahrerlaubnis zu sein. Der  junge Mann fiel einer Polizeistreife kurz vor 20 Uhr auf, als er mit  seinem AMG-Mercedes am Paradeplatz an einer roten Ampel stand. Dabei gab  er fortw\u00e4hrend Gasst\u00f6\u00dfe ab. Beim Umschalten auf Gr\u00fcn beschleunigte er  sein Fahrzeug so stark, dass er beim Linksabbiegen in die Kunststra\u00dfe in  Schleudern kam und fast quer stand. Anschlie\u00dfend fuhr er unter weiterer  Beschleunigung die Kunststra\u00dfe in Richtung Wasserturm entlang, musste  an der n\u00e4chsten Ampel bei Rotlicht jedoch wieder anhalten. In H\u00f6he des  Quadrats N 5 wurde er schlie\u00dflich einer Kontrolle unterzogen. Dabei  stellten die Beamten fest, dass ihm bereits im Februar von der  Fahrerlaubnisbeh\u00f6rde die Fahrerlaubnis entzogen worden war. Gegen den  Mercedes-Fahrer wird nun wegen Fahrens ohne Fahrerlaubnis ermittelt.<\/p>\n\n\n\n<h4 class=\"wp-block-heading\">(Mannheim-K\u00e4fertal) &#8211; 50-J\u00e4hriger Mann bedr\u00e4ngt Fahrg\u00e4ste in der Stra\u00dfenbahn \/ Polizei sucht Zeugen<\/h4>\n\n\n\n<p>Am Dienstagabend, gegen 18:30 Uhr, kam es in einer Stra\u00dfenbahn von  Mannheim-Innenstadt in Richtung K\u00e4fertaler Wald zu einer  Auseinandersetzung zwischen mehreren M\u00e4dchen und einem erwachsenen Mann. In der Stra\u00dfenbahn der Linie 4 A sprach der 50-j\u00e4hrige Mann wiederholt  vier minderj\u00e4hrige M\u00e4dchen an, die sich im hinteren Teil der Stra\u00dfenbahn  aufhielten. Die \u00fcberwiegend 13-Jahre alten M\u00e4dchen f\u00fchlten sich durch  das aufdringliche Verhalten des Mannes verunsichert. Nachdem der  50-J\u00e4hrige schlie\u00dflich auch an der Haltestelle &#8222;Speckweg&#8220; ausstieg und  die M\u00e4dchen weiterhin bel\u00e4stigte, ersuchten diese telefonisch ihre  Eltern um Hilfe. Die sodann sofort verst\u00e4ndigte Polizei kam vor Ort und  machte sich des Mannes habhaft. Nach der Durchf\u00fchrung erster  polizeilicher Ma\u00dfnahmen wurde der 50-J\u00e4hrige wieder entlassen. Das  Kriminalkommissariat in Mannheim hat die Ermittlungen aufgenommen und  bittet Zeugen, die sachdienliche Hinweise zum Tathergang machen k\u00f6nnen  oder sich selbst durch das Verhalten des Mannes bel\u00e4stigt f\u00fchlten, sich  mit dem beim Kriminaldauerdienst, Tel.: 0621\/174-4444 in Verbindung zu  setzen. <\/p>\n\n\n\n<h4 class=\"wp-block-heading\">(Mannheim \/ Heidelberg \/ Rhein-Neckar-Kreis) &#8211; Bundesweiter Aktionstag  &#8222;sicher.mobil.leben \/ Radfahrende im Blick&#8220; &#8211; Ergebnisse des  Polizeipr\u00e4sidiums Mannheim<\/h4>\n\n\n\n<p>Am 05.05.2021 wurde ganzt\u00e4gig der bundesweite Aktionstag  &#8222;sicher.mobil.leben &#8211; Radfahrende im Blick&#8220; zur Fahrradsicherheit  durchgef\u00fchrt. <\/p>\n\n\n\n<p>An dem Aktionstag sollten alle \nVerkehrsteilnehmenden f\u00fcr die Probleme und Gefahren im Radverkehr \nsensibilisiert werden und die gegenseitige R\u00fccksichtnahme und das \nVerst\u00e4ndnis f\u00fcreinander gest\u00e4rkt werden. Damit soll letztendlich ein \nwichtiger Beitrag zur Verkehrssicherheit geleistet und die Bek\u00e4mpfung \nvon Unf\u00e4llen mit Beteiligung von Fahrradfahrern nachhaltig \nvorangetrieben werden. <\/p>\n\n\n\n<p>Auch das Polizeipr\u00e4sidium Mannheim \nbeteiligte sich mit fast 30 Kontrollaktionen, bei denen rund 80 \nPolizeibeamte eingesetzt waren, im ganzen Zust\u00e4ndigkeitsbereich an dem \nAktionstag. <\/p>\n\n\n\n<p>Im Rahmen der Kontrollaktionen wurden insgesamt 1.610\n Verkehrsteilnehmende kontrolliert. Darunter befanden sich 1.004 \nRadfahrer, 114 Pedelec-Fahrer, 7 Fahrer von E-Bikes, 50 Benutzer von \neScootern sowie 396 Kraftfahrzeugf\u00fchrer. Dabei konnten 408 \nVerkehrsverst\u00f6\u00dfe festgestellt werden. Davon entfielen 316 Verst\u00f6\u00dfe auf \nRadfahrer, 85 auf Kraftfahrzeugf\u00fchrer und 7 sonstige Feststellungen. <\/p>\n\n\n\n<p><strong>Festgestellte Verst\u00f6\u00dfe bei Radfahrern: <\/strong><\/p>\n\n\n\n<pre class=\"wp-block-preformatted\">   - 149 x Benutzung nicht freigegebener Verkehrsfl\u00e4chen, wie z.B. \n     Fu\u00df- und Gehwege\n   - 78 x M\u00e4ngel hinsichtlich des technischen Zustands (Beleuchtung, \n     Bremsen, etc.)\n   - 58 Radfahrer missachteten das Rotlicht an Ampeln\n   - 28 x Ablenkung durch Benutzung von Mobiltelefonen oder durch das\n     Tragen von Kopfh\u00f6rern\n   - 3 sonstige Verst\u00f6\u00dfe gegen verkehrsrechtliche Bestimmungen <\/pre>\n\n\n\n<p>Au\u00dferdem\n wurde bei der Kontrolle der rund 1.000 Radfahrer festgestellt, dass \netwa die H\u00e4lfte der Radler auf das Tragen eines Fahrradhelms \nverzichteten. Das Tragen eines Helms ist f\u00fcr Radfahrer zwar nicht \nvorgeschrieben, er kann jedoch im Falle eines Unfalls oftmals schwere \nUnfallfolgen und Verletzungen verhindern. <\/p>\n\n\n\n<p><strong>Festgestellte Verst\u00f6\u00dfe bei Kraftfahrzeugf\u00fchrern: <\/strong><\/p>\n\n\n\n<pre class=\"wp-block-preformatted\">   - 17 x Halten und Parken auf Radwegen\n   - 13 x Nichteinhalten des Mindestabstands beim \u00dcberholen von \n     Fahrradfahrern\n   - 55 Verst\u00f6\u00dfe gegen weitere verkehrsrechtlichen Bestimmungen ohne \n     Bezug zu Fahrradfahrern. <\/pre>\n\n\n\n<p>Da der Focus der gestrigen \nMa\u00dfnahmen auf der Aufkl\u00e4rung und der Schaffung gegenseitiger \nR\u00fccksichtnahme lag, wurde der \u00fcberwiegende Teil der Verst\u00f6\u00dfe im \npers\u00f6nlichen Gespr\u00e4ch erl\u00e4utert und zumeist auf Verwarnungs- und \nBu\u00dfgelder verzichtet. <\/p>\n\n\n\n<p>Die Entwicklung zeigt, dass immer mehr \nB\u00fcrger vom Auto aufs Fahrrad oder Pedelec umsteigen und somit der Anteil\n der Radfahrenden im Stra\u00dfenverkehr absehbar ansteigen wird. Daher sind \nweitere Aktionen mit gleicher Zielrichtung bereits in der Planung. <\/p>\n\n\n\n<p>Im  Zusammenhang mit dem Aktionstag &#8222;sicher.mobil.leben &#8211; Radfahrende im  Blick&#8220; wurde am Mittwoch auch in Mannheim die landesweite Kampagne  &#8222;Abgefahren &#8211; Ra(d)geber Verkehr&#8220; gestartet. Im Kooperation mit der  Rhein-Neckar-Verkehr gmbH (rnv) ist seit gestern eine Stra\u00dfenbahn auf  den Gleisen unterwegs, auf denen die Pr\u00e4ventionsbotschaften der Kampagne  durch Mannheim, Heidelberg und die Gemeinden des Rhein-Neckar-Kreises  &#8222;transportiert&#8220; werden.<\/p>\n\n\n\n<h4 class=\"wp-block-heading\">(Heidelberg) &#8211; Junger Mann in seiner Wohnung \u00fcberfallen; vier  Jugendliche wegen des Verdachts des schweren Raubes und der gef\u00e4hrlichen  K\u00f6rperverletzung in Untersuchungshaft<\/h4>\n\n\n\n<h4 class=\"wp-block-heading\">Gemeinsame Pressemitteilung der Staatsanwaltschaft Heidelberg und des Polizeipr\u00e4sidiums Mannheim: <\/h4>\n\n\n\n<div class=\"wp-block-image\"><figure class=\"aligncenter\"><img decoding=\"async\" loading=\"lazy\" width=\"800\" height=\"533\" src=\"https:\/\/speyer24news.com\/wp-content\/uploads\/2020\/06\/Zelle.jpg\" alt=\"\" class=\"wp-image-28203\" srcset=\"https:\/\/speyer24news.com\/wp-content\/uploads\/2020\/06\/Zelle.jpg 800w, https:\/\/speyer24news.com\/wp-content\/uploads\/2020\/06\/Zelle-300x200.jpg 300w, https:\/\/speyer24news.com\/wp-content\/uploads\/2020\/06\/Zelle-768x512.jpg 768w\" sizes=\"(max-width: 800px) 100vw, 800px\" \/><\/figure><\/div>\n\n\n\n<p>Auf\n Antrag der Staatsanwaltschaft Heidelberg wurden Haftbefehle gegen vier \nJugendliche im Alter von 16 und 17 Jahren erlassen. Sie stehen im \ndringenden Verdacht, sich gemeinsam Zutritt zur Wohnung eines \n19-J\u00e4hrigen im Stadtteil Bergheim verschafft zu haben, um dort \nverschiedene Wertgegenst\u00e4nde unter Drohungen und Gewalthandlungen zu \nerbeuten. <\/p>\n\n\n\n<p>Als die Jugendlichen am Mittwochmorgen gegen 2 Uhr die \nWohnung des Gesch\u00e4digten betreten hatten, sollen sie sogleich mit \nF\u00e4usten auf diesen eingeschlagen haben. Unter dem Vorhalt eines Messers \nsoll er \u00fcberdies zur Herausgabe von Bargeld aufgefordert worden sein. Um\n ihren Forderungen weiteren Nachdruck zu verleihen, sollen die T\u00e4ter \nweiter auf das Opfer eingeschlagen haben. Dabei soll auch ein \nTeleskopschlagstock zum Einsatz gekommen sein. <\/p>\n\n\n\n<p>W\u00e4hrend die sp\u00e4ter\n Beschuldigten die Wohnung nach Wertgegenst\u00e4nden durchsuchten, gelang es\n dem Gesch\u00e4digten in einem g\u00fcnstigen Moment, aus seiner Wohnung zu \nfl\u00fcchten und die Polizei zu verst\u00e4ndigen. Anschlie\u00dfend wurde er zur \nBehandlung seiner Verletzungen mit einem Rettungswagen in eine Klinik \ngebracht. <\/p>\n\n\n\n<p>Im Rahmen der sofort mit mehr als zehn Streifen \neingeleiteten Fahndung wurden drei der vier Tatverd\u00e4chtigen bereits kurz\n nach der Tat in unmittelbarer Tatortn\u00e4he festgenommen. Teile der Beute \nsowie der Tatmittel konnten im Umfeld der Festgenommenen gesichert \nwerden. Der Vierte des r\u00e4uberischen Quartetts wurde am Mittwochvormittag\n in seiner Wohnung angetroffen und ebenfalls festgenommen. Noch in der \nNacht wurde die Zentrale Kriminaltechnik der Kriminalpolizeidirektion \nHeidelberg zur Spurensicherung am Tatort eingesetzt. Das Jugenddezernat \nder Kriminalpolizeidirektion Heidelberg hat die weiteren Ermittlungen \n\u00fcbernommen. <\/p>\n\n\n\n<p>Am Donnerstagvormittag wurden die vier Beschuldigten \nder Ermittlungs-richterin beim Amtsgericht Heidelberg vorgef\u00fchrt. Auf \nAntrag der Staatsanwaltschaft Heidelberg wurden gegen alle Beschuldigte \nHaftbefehle wegen des Verdachts des schweren Raubes in Tateinheit mit \ngef\u00e4hrlicher K\u00f6rperverletzung erlassen und in Vollzug gesetzt. \nAnschlie\u00dfend wurden die Beschuldigten in verschiedene \nJustizvollzugsanstalten eingeliefert. <\/p>\n\n\n\n<p>Die Ermittlungen der  Staatsanwaltschaft Heidelberg und der Kriminalpolizeidirektion  Heidelberg, insbesondere zu den Hintergr\u00fcnden der Tat, dauern an.<\/p>\n\n\n\n<h4 class=\"wp-block-heading\">(Heidelberg-Weststadt) &#8211; 16-J\u00e4hriger nach r\u00e4uberischem Diebstahl festgenommen<\/h4>\n\n\n\n<p>Ein 16-j\u00e4hriger Jugendlicher wurde am Mittwochmorgen nach einem  r\u00e4uberischen Diebstahl in der Heidelberger Weststadt vorl\u00e4ufig  festgenommen. Der Jugendliche hatte kurz nach neun Uhr in einem  Feinkostgesch\u00e4ft in der Schillerstra\u00dfe sieben Schachteln Zigaretten  gestohlen. Dabei wurde er von der Ladeninhaberin beobachtet und zu Fu\u00df  verfolgt. Diese konnte den 16-J\u00e4hrigen nach kurzer Strecke einholen und  festhalten. Der Jugendliche riss sich im Gerangel jedoch los und schlug  der Frau dabei ins Gesicht. Anschlie\u00dfend setzte er seine Flucht samt  Beute fort. Im Rahmen der Fahndung erkannte eine Polizeistreife den  Jugendliche jedoch in der Feuerbachstra\u00dfe und nahm ihn vorl\u00e4ufig fest.  Er stand erheblich unter Alkoholeinfluss. Ein Alkoholtest ergab einen  Wert von knapp 1,5 Promille. Er wurde letztlich von Betreuern der  Jugendeinrichtung, in der er untergebracht ist, beim Polizeirevier  Heidelberg-Mitte abgeholt und in deren Obhut gegeben. <\/p>\n\n\n\n<p>Gegen ihn wird nun wegen r\u00e4uberischen Diebstahls ermittelt.<\/p>\n\n\n\n<h4 class=\"wp-block-heading\">(Heidelberg \/ Dielheim \/ Rhein-Neckar-Kreis) &#8211; Nach zwei erfolglosen Versuchen erbeuten Trickbetr\u00fcger einen f\u00fcnfstelligen Bargeldbetrag und Schmuck \/ Warnhinweis<\/h4>\n\n\n\n<p>Zun\u00e4chst erfolglos blieben zwei Versuche von Trickbetr\u00fcgereien am  Mittwoch gegen 11:00 Uhr und 11:30 Uhr in Heidelberg- Handschuhsheim und  Heidelberg- Ziegelhausen. Die Betr\u00fcger nahmen in beiden F\u00e4llen  telefonischen Kontakt zu zwei \u00fcber 80-j\u00e4hrigen Frauen auf und gaben vor,  Verwandte zu sein, die vermeintlich Geld ben\u00f6tigen w\u00fcrden. Beide Frauen  erinnerten sich jedoch an die betr\u00fcgerische Vorgehensweise der  Enkeltrickbetr\u00fcger, legten umgehend auf und verst\u00e4ndigten sofort die  Polizei. <\/p>\n\n\n\n<p>Ein kombiniertes Vorgehen aus Enkeltrick und falscher \nPolizeibeamter wendeten am Mittwoch gegen 14:15 Uhr zwei Trickbetr\u00fcger \nbei einer \u00fcber 60-J\u00e4hrigen Frau aus Dielheim an. Hierbei gab zun\u00e4chst \neiner der M\u00e4nner vor, ein Verwandter zu sein, dem eine Haftstrafe drohen\n w\u00fcrde. Diese k\u00f6nne jedoch durch die Bezahlung eines hohen \nBargeldbetrags abgewendet werden. Unmittelbar im Anschluss reichte der \nBetr\u00fcger den Telefonh\u00f6rer an seinen Komplizen weiter, der sich wiederum \nals Polizist ausgab und die Geschichte best\u00e4tigte. Die Betr\u00fcger \u00fcbten im\n Anschluss verbal Druck auf die \u00fcber 60-J\u00e4hrige aus. In der Hoffnung \neine Haftstrafe tats\u00e4chlich abwenden zu k\u00f6nnen, kam diese der \nAufforderung letztendlich nach. Wohlwissentlich, dass die \nBankmitarbeiter\/-innen sensibilisiert sind, wiesen die Trickbetr\u00fcger die\n Frau gezielt an, mehrere Banken anzufahren und unterschiedlich hohe \nBargeldbetr\u00e4ge abzuheben. Schlie\u00dflich gegen 18:40 Uhr \u00fcbergab die \nnichtsahnende Frau das Bargeld sowie mehrere Schmuckst\u00fccke an einen der \nBetr\u00fcger. Erst nachdem sie nichts von ihrem Verwandten h\u00f6rte und diesen \nanrief, stellte sie den Betrug fest. <\/p>\n\n\n\n<p><strong>Einer der Trickbetr\u00fcger kann  wie folgt beschrieben werden: <\/strong><\/p>\n\n\n\n<ul><li>ca. 40 Jahre alt<\/li><li>zwischen 180 cm und 190 cm gro\u00df<\/li><li>kr\u00e4ftige Statur<\/li><li>auffallend hellblonde\/r\u00f6tliche Haare<\/li><li>r\u00f6tlicher Vollbart<\/li><li>OP-Maske<\/li><li>helle Kleidung <\/li><\/ul>\n\n\n\n<p>Zeugen, die Hinweise geben k\u00f6nnen, werden gebeten \nsich unter der Tel.: 0621 174 4444 oder bei jeder anderen \nPolizeidienststelle zu melden. <\/p>\n\n\n\n<p>Wir weisen darauf hin, dass die  Polizei Sie niemals um Geldbetr\u00e4ge bitten w\u00fcrde. Beachten Sie bitte auch  folgende, weitere Hinweise: <\/p>\n\n\n\n<ul><li>Lassen Sie sich am Telefon nicht unter Druck setzen. Legen Sie einfach auf.<\/li><li>Rufen Sie beim geringsten Zweifel die Polizei und w\u00e4hlen die 110<\/li><li>\u00dcbergeben Sie niemals Geld oder Wertsachen an unbekannte Personen<\/li><\/ul>\n\n\n\n<h4 class=\"wp-block-heading\">(Nu\u00dfloch \/ Rhein-Neckar-Kreis) &#8211; Autoaufbruch; Zeugen gesucht<\/h4>\n\n\n\n<p>Ein bislang unbekannter T\u00e4ter nutzte im Laufe des Mittwochs  (15.30-19.00 Uhr) die g\u00fcnstige Gelegenheit, einen Opel, der in der  Massengasse geparkt war, aufzubrechen und ein offenliegendes Handy zu  entwenden. Dar\u00fcber hinaus wurde noch das Handschuhfach durchsucht. Ob  daraus etwas gestohlen wurde, steht noch nicht fest. Der Schaden betr\u00e4gt  mehrere hundert Euro. <\/p>\n\n\n\n<p>Hinweise bitte an das Polizeirevier Wiesloch, Tel.: 06222\/5709-0.<\/p>\n\n\n\n<h4 class=\"wp-block-heading\">(Eschelbronn \/ Rhein-Neckar-Kreis) &#8211; Einbruch in Scheune; vier hochwertige Motors\u00e4gen entwendet; Zeugen gesucht<\/h4>\n\n\n\n<p>Bislang unbekannte T\u00e4ter verschafften sich in der Zeit vom 21. April  bis zum 05. Mai mit brachialer Gewalt Zutritt zu einer Scheune im  &#8222;G\u00fchrn&#8220; und entwendeten daraus vier hochwertige Motors\u00e4gen. <\/p>\n\n\n\n<p>Der Gesamtschaden d\u00fcrfte bei rund 2.000.- Euro liegen. <\/p>\n\n\n\n<p>Zeugen,  die Hinweise zur Tatzeiteingrenzung, zur Tat selbst und\/oder dem oder  den T\u00e4ter geben k\u00f6nnen, werden gebeten, sich beim Polizeiposten  Waibstadt, Tel.: 07263\/5807 oder beim Polizeirevier Sinsheim, Tel.:  07261\/690-0 zu melden.<\/p>\n\n\n\n<h4 class=\"wp-block-heading\">(Neckargem\u00fcnd \/ Rhein-Neckar-Kreis) &#8211; Einbruch in Schulzentrum; ein Tatverd\u00e4chtiger  festgenommen; Ermittlungen zu fl\u00fcchtigem Mitt\u00e4ter aufgenommen; Zeugen  gesucht<\/h4>\n\n\n\n<p>Am fr\u00fchen Donnerstagmorgen brachen nach ersten Informationen mehrere  T\u00e4ter in das Schulzentrum ein. Ein Zeuge stellte dort kurz nach 2 Uhr  verd\u00e4chtige Personen fest und informierte die Polizei. <\/p>\n\n\n\n<p>Beim \nEintreffen der ersten Streife war das Schulzentrum hell erleuchtet, im \nRealschultrakt wurden zwei Personen rennend beobachtet. Als die \nEindringlinge \u00fcber ein Fenster des S\u00fcdfl\u00fcgels fl\u00fcchten wollten, wurde \neiner von ihnen festgenommen. Seinem Komplizen gelang die Flucht in \nRichtung Ortsmitte. <\/p>\n\n\n\n<p>Bei dem Tatverd\u00e4chtigen handelt es sich um \neinen 21-j\u00e4hrigen Mann. Bei ihm wurde deine Softairwaffe sichergestellt.\n Dar\u00fcber hinaus hatte er noch eine Packung Mund-Nasen-Schutzmasken \ndabei, die er aus der Schule entwendet haben d\u00fcrfte. Ein erster \nAlkoholtest ergab bei ihm 2,2 Promille. <\/p>\n\n\n\n<p>Bei seinem Mitt\u00e4ter \nhandelt es sich wom\u00f6glich um einen gleichaltrigen, ca. 20-j\u00e4hrigen Mann \nmit dunkelblonden Haaren und einer roten Jacke. Bei seiner Flucht warf \ner eine Flasche Desinfektionsmittel weg, die ebenfalls aus der Schule \nstammen d\u00fcrfte. <\/p>\n\n\n\n<p>Eine dofort eingeleitete Fahndung nach ihm verlief ohne Ergebnis. <\/p>\n\n\n\n<p>Nach\n seiner erkennungsdienstlichen Behandlung wurde der 21-J\u00e4hrige wieder \nauf freien Fu\u00df gesetzt. Die Ermittlungen insbesondere zu seinem Mitt\u00e4ter\n dauern noch an. <\/p>\n\n\n\n<p>Zeugen, die etwas \u00fcber den fl\u00fcchtigen Mitt\u00e4ter  wissen, werden gebeten, sich mit dem Polizeirevier Neckargem\u00fcnd, Tel.:  06223\/9254-0 in Verbindung zu setzen. <\/p>\n\n\n\n<h4 class=\"wp-block-heading\">(Dossenheim \/ Rhein-Neckar-Kreis) &#8211; Vorfahrt missachtet und Unfall verursacht \/ Eine Person leicht verletzt<\/h4>\n\n\n\n<p>Zu einem Verkehrsunfall kam es am Mitrwoch gegen 11:30 an der Kreuzung  Boschstra\u00dfe \/ Gerhart-Hauptmann-Stra\u00dfe. Ein 78-J\u00e4hriger Nissan-Fahrer  war in der Gerhart-Hauptmann-Stra\u00dfe unterwegs, als er an der Kreuzung  zur Boschstra\u00dfe einen 35-J\u00e4hrigen Mercedes-Fahrer \u00fcbersah, welcher von  rechts kam und Vorfahrt hatte. Die beiden Fahrzeuge kollidierten  miteinander, wobei der 35-J\u00e4hriger leicht verletzt wurde. Der  Sachschaden betr\u00e4gt rund 7.000 Euro.<\/p>\n\n\n\n<h4 class=\"wp-block-heading\">(Schriesheim \/ Rhein-Neckar-Kreis) &#8211; Raub\u00fcberfall auf EDEKA-Markt; Fahndung mit allen  verf\u00fcgbaren Kr\u00e4ften; Zeugen dringend gesucht<\/h4>\n\n\n\n<h4 class=\"wp-block-heading\" style=\"text-align:center\">Pressemitteilung Nr. 1<\/h4>\n\n\n\n<p>Mit allen verf\u00fcgbaren Kr\u00e4ften fahndet die Polizei derzeit nach einem  noch unbekannten T\u00e4ter, der am Donnerstagnachmittag, gegen 15.45 Uhr,  den EDEKA-Markt in der Bismarckstra\u00dfe \u00fcberfiel. <\/p>\n\n\n\n<p>Nach ersten \nErkenntnissen bedrohte ein dunkel gekleideter Mann eine Angestellte mit \neinem Messer und erbeutete einen noch unbekannten geldbetrag. \nAnschlie\u00dfend fl\u00fcchtete er aus dem markt. Wohin ist noch unklar. <\/p>\n\n\n\n<p>Zeugen,  die Hinweise zur Tat, dem T\u00e4ter und\/oder dessen Fluchtrichtung geben  k\u00f6nnen, werden gebeten, sich beim Kriminaldauerdienst, tel.:  0621\/174-4444 zu melden. <\/p>\n\n\n\n<h4 class=\"wp-block-heading\">(Schriesheim \/ Rhein-Neckar-Kreis) &#8211; Raub\u00fcberfall auf EDEKA-Markt; T\u00e4ter zu Fu\u00df fl\u00fcchtig;  Fahndung mit 15 Streifenwagen bislang ohne Ergebnis; Zeugen dringend  gesucht<\/h4>\n\n\n\n<h4 class=\"wp-block-heading\" style=\"text-align:center\">Pressemitteilung Nr. 2<\/h4>\n\n\n\n<div class=\"wp-block-image\"><figure class=\"aligncenter\"><img decoding=\"async\" loading=\"lazy\" width=\"801\" height=\"600\" src=\"https:\/\/speyer24news.com\/wp-content\/uploads\/2020\/05\/Zeugen-gesucht-Neutral.jpg\" alt=\"\" class=\"wp-image-26598\" srcset=\"https:\/\/speyer24news.com\/wp-content\/uploads\/2020\/05\/Zeugen-gesucht-Neutral.jpg 801w, https:\/\/speyer24news.com\/wp-content\/uploads\/2020\/05\/Zeugen-gesucht-Neutral-300x225.jpg 300w, https:\/\/speyer24news.com\/wp-content\/uploads\/2020\/05\/Zeugen-gesucht-Neutral-768x575.jpg 768w, https:\/\/speyer24news.com\/wp-content\/uploads\/2020\/05\/Zeugen-gesucht-Neutral-678x509.jpg 678w, https:\/\/speyer24news.com\/wp-content\/uploads\/2020\/05\/Zeugen-gesucht-Neutral-326x245.jpg 326w, https:\/\/speyer24news.com\/wp-content\/uploads\/2020\/05\/Zeugen-gesucht-Neutral-80x60.jpg 80w\" sizes=\"(max-width: 801px) 100vw, 801px\" \/><\/figure><\/div>\n\n\n\n<p>Ein bislang unbekannter T\u00e4ter \u00fcberfiel am Donnerstagnachmittag mitten im Ortskern von Schriesheim einen Einkaufsmarkt. <\/p>\n\n\n\n<p>Der\n Mann betrat gegen 15.45 Uhr den EDEKA-Markt in der Bismarckstra\u00dfe, \nbedrohte eine Angestellte mit einem Messer und fl\u00fcchtete mit Bargeld in \nnoch unbekannter H\u00f6he zu Fu\u00df in Richtung Kirchstra\u00dfe. <\/p>\n\n\n\n<p>Eine sofort eingeleitete Fahndung mit 15 Streifenwagen verlief bislang ohne Ergebnis. <\/p>\n\n\n\n<p>Der T\u00e4ter wird wie folgt beschrieben:<\/p>\n\n\n\n<ul><li>ca. 180 cm<\/li><li>Jeans<\/li><li>dunkle Sturmhaube<\/li><li>Er trug eine pr\u00e4gnante, hellbeige Kapuzenjacke. <\/li><\/ul>\n\n\n\n<p>Das Raubdezernat des Kriminalkommissariats Mannheim hat die weiteren Ermittlungen \u00fcbernommen. <\/p>\n\n\n\n<p>Zeugen,  die Hinweise zur Tat, dem T\u00e4ter und\/oder dessen Fluchtrichtung geben  k\u00f6nnen, werden gebeten, sich beim Kriminaldauerdienst, Tel.:  0621\/174-4444 zu melden.<\/p>\n\n\n\n<h4 class=\"wp-block-heading\">(Laudenbach \/ Rhein-Neckar-Kreis) &#8211; Rund 190 Gramm Marihuana bei 33-j\u00e4hrigem Mann sichergestellt<\/h4>\n\n\n\n<div class=\"wp-block-image\"><figure class=\"aligncenter\"><img decoding=\"async\" loading=\"lazy\" width=\"800\" height=\"600\" src=\"https:\/\/speyer24news.com\/wp-content\/uploads\/2021\/05\/2021-05-06-Drogensicherstellung.jpg\" alt=\"\" class=\"wp-image-36163\" srcset=\"https:\/\/speyer24news.com\/wp-content\/uploads\/2021\/05\/2021-05-06-Drogensicherstellung.jpg 800w, https:\/\/speyer24news.com\/wp-content\/uploads\/2021\/05\/2021-05-06-Drogensicherstellung-300x225.jpg 300w, https:\/\/speyer24news.com\/wp-content\/uploads\/2021\/05\/2021-05-06-Drogensicherstellung-768x576.jpg 768w, https:\/\/speyer24news.com\/wp-content\/uploads\/2021\/05\/2021-05-06-Drogensicherstellung-678x509.jpg 678w, https:\/\/speyer24news.com\/wp-content\/uploads\/2021\/05\/2021-05-06-Drogensicherstellung-326x245.jpg 326w, https:\/\/speyer24news.com\/wp-content\/uploads\/2021\/05\/2021-05-06-Drogensicherstellung-80x60.jpg 80w\" sizes=\"(max-width: 800px) 100vw, 800px\" \/><figcaption>sichergestellte Drogen<\/figcaption><\/figure><\/div>\n\n\n\n<p>Im Rahmen eines Ermittlungsverfahrens wegen des Verdachts des  Drogenbesitzes und Drogenhandels wurden am Mittwochmorgen in der Wohnung  eines 33-j\u00e4hrigen Mannes in Laudenbach rund 190 Gramm Marihuana  sichergestellt. Zeugen hatten im M\u00e4rz 2021 anonym den Hinweis gegeben,  dass sich der 33-J\u00e4hrige regelm\u00e4\u00dfig zur Drogenbeschaffung nach Weinheim  begeben w\u00fcrde und er anschlie\u00dfend zahlreiche Kurzbesuche in seiner  Wohnung erhalten w\u00fcrde. Im Rahmen der weiteren Ermittlungen erh\u00e4rtete  sich der dringende Tatverdacht gegen den 33-J\u00e4hrigen, sodass durch die  Staatsanwaltschaft Mannheim ein Durchsuchungsbeschluss f\u00fcr die Wohnung  des Mannes erwirkt wurde. Bei der Vollstreckung des Beschlusses wurden  neben dem in mehrere P\u00e4ckchen verschwei\u00dften Rauschgift, auch eine  Feinwaage, Verpackungsmaterial, ein Vakuumierger\u00e4t, ein Crusher sowie  ein griffbereiter Baseballschl\u00e4ger aufgefunden und beschlagnahmt. <\/p>\n\n\n\n<p>Der\n 33-J\u00e4hrige wurde zun\u00e4chst erkennungsdienstlich behandelt und eine \nDNA-Probe von ihm erhoben, anschlie\u00dfend wurde er wieder auf freien Fu\u00df \nentlassen. Die weiteren Ermittlungen wegen des Verdachts des \nDrogenbesitzes und des Drogenhandels dauern an. <\/p>\n","protected":false},"excerpt":{"rendered":"<div class=\"mh-excerpt\"><p>Polizeimeldungen vom Donnerstag (06.05.2021) (Speyer) &#8211; Alkohol-\/Drogenfahrt endet mit Verkehrsunfall Unter dem Einfluss von Drogen und Alkohol wurde am Mittwoch um 14:00 Uhr ein Verkehrsunfall verursacht. Ein 29-j\u00e4hriger PKW-Fahrer war auf der Kreisstra\u00dfe 2 in <a class=\"mh-excerpt-more\" href=\"https:\/\/speyer24news.com\/?p=36156\" title=\"Polizei\">[&#8230;]<\/a><\/p>\n<\/div>","protected":false},"author":3,"featured_media":26162,"comment_status":"open","ping_status":"open","sticky":false,"template":"","format":"standard","meta":{"_monsterinsights_skip_tracking":false,"_monsterinsights_sitenote_active":false,"_monsterinsights_sitenote_note":"","_monsterinsights_sitenote_category":0,"footnotes":""},"categories":[12],"tags":[3614,61,2555,6955,6986,6263,63,105,11150,6987,53,4854,4683,1548,102,213,55,5261,103,106,2803,2423,427,2625,380,62,104,979,1565],"aioseo_notices":[],"amp_enabled":true,"_links":{"self":[{"href":"https:\/\/speyer24news.com\/index.php?rest_route=\/wp\/v2\/posts\/36156"}],"collection":[{"href":"https:\/\/speyer24news.com\/index.php?rest_route=\/wp\/v2\/posts"}],"about":[{"href":"https:\/\/speyer24news.com\/index.php?rest_route=\/wp\/v2\/types\/post"}],"author":[{"embeddable":true,"href":"https:\/\/speyer24news.com\/index.php?rest_route=\/wp\/v2\/users\/3"}],"replies":[{"embeddable":true,"href":"https:\/\/speyer24news.com\/index.php?rest_route=%2Fwp%2Fv2%2Fcomments&post=36156"}],"version-history":[{"count":6,"href":"https:\/\/speyer24news.com\/index.php?rest_route=\/wp\/v2\/posts\/36156\/revisions"}],"predecessor-version":[{"id":36164,"href":"https:\/\/speyer24news.com\/index.php?rest_route=\/wp\/v2\/posts\/36156\/revisions\/36164"}],"wp:featuredmedia":[{"embeddable":true,"href":"https:\/\/speyer24news.com\/index.php?rest_route=\/wp\/v2\/media\/26162"}],"wp:attachment":[{"href":"https:\/\/speyer24news.com\/index.php?rest_route=%2Fwp%2Fv2%2Fmedia&parent=36156"}],"wp:term":[{"taxonomy":"category","embeddable":true,"href":"https:\/\/speyer24news.com\/index.php?rest_route=%2Fwp%2Fv2%2Fcategories&post=36156"},{"taxonomy":"post_tag","embeddable":true,"href":"https:\/\/speyer24news.com\/index.php?rest_route=%2Fwp%2Fv2%2Ftags&post=36156"}],"curies":[{"name":"wp","href":"https:\/\/api.w.org\/{rel}","templated":true}]}}