{"id":36165,"date":"2021-05-08T03:17:55","date_gmt":"2021-05-08T02:17:55","guid":{"rendered":"https:\/\/speyer24news.com\/?p=36165"},"modified":"2021-05-08T03:17:56","modified_gmt":"2021-05-08T02:17:56","slug":"stadtnotizen-verkehrsnotizen-aus-speyer-35","status":"publish","type":"post","link":"https:\/\/speyer24news.com\/?p=36165","title":{"rendered":"Stadtnotizen &#038; Verkehrsnotizen aus Speyer"},"content":{"rendered":"<style type=\"text\/css\">\r\n\t.ads_top_disp{}\r\n\t.ads_top_corner_disp{ float:left; margin:0px 10px 10px 0px; }\r\n\t.ads_first_p_disp{}\r\n\t.ads_bottom_disp{}\r\n\t<\/style>\n<h1 class=\"wp-block-heading\" style=\"text-align:center\">Stadtnotizen<\/h1>\n\n\n\n<div class=\"wp-block-image\"><figure class=\"aligncenter\"><img decoding=\"async\" loading=\"lazy\" width=\"800\" height=\"600\" src=\"https:\/\/speyer24news.com\/wp-content\/uploads\/2020\/01\/Speyer-Stadtnachrichten-2.jpg\" alt=\"\" class=\"wp-image-23901\" srcset=\"https:\/\/speyer24news.com\/wp-content\/uploads\/2020\/01\/Speyer-Stadtnachrichten-2.jpg 800w, https:\/\/speyer24news.com\/wp-content\/uploads\/2020\/01\/Speyer-Stadtnachrichten-2-300x225.jpg 300w, https:\/\/speyer24news.com\/wp-content\/uploads\/2020\/01\/Speyer-Stadtnachrichten-2-768x576.jpg 768w, https:\/\/speyer24news.com\/wp-content\/uploads\/2020\/01\/Speyer-Stadtnachrichten-2-678x509.jpg 678w, https:\/\/speyer24news.com\/wp-content\/uploads\/2020\/01\/Speyer-Stadtnachrichten-2-326x245.jpg 326w, https:\/\/speyer24news.com\/wp-content\/uploads\/2020\/01\/Speyer-Stadtnachrichten-2-80x60.jpg 80w\" sizes=\"(max-width: 800px) 100vw, 800px\" \/><\/figure><\/div>\n\n\n\n<h2 class=\"wp-block-heading\"><strong>Stadt unterst\u00fctzt Spendensammlung des M\u00fcttergenesungswerks<\/strong><\/h2>\n\n\n\n<div class=\"wp-block-image\"><figure class=\"aligncenter\"><img decoding=\"async\" loading=\"lazy\" width=\"600\" height=\"293\" src=\"https:\/\/speyer24news.com\/wp-content\/uploads\/2021\/05\/M\u00fctter-Geneseungs-Werk.png\" alt=\"\" class=\"wp-image-36172\" srcset=\"https:\/\/speyer24news.com\/wp-content\/uploads\/2021\/05\/M\u00fctter-Geneseungs-Werk.png 600w, https:\/\/speyer24news.com\/wp-content\/uploads\/2021\/05\/M\u00fctter-Geneseungs-Werk-300x147.png 300w\" sizes=\"(max-width: 600px) 100vw, 600px\" \/><\/figure><\/div>\n\n\n\n<p>Anl\u00e4sslich des Muttertags am 9. Mai 2021 startet das M\u00fcttergenesungswerk (MGW) seine j\u00e4hrliche bundesweite Spendensammlung. Die gemeinn\u00fctzige Stiftung und Spendenorganisation setzt sich f\u00fcr die Gesunderhaltung von M\u00fcttern, V\u00e4tern und pflegenden Angeh\u00f6rigen ein, indem dank der eingenommenen Spenden u.a. bei Kuraufenthalten in den vom MGW anerkannten Kliniken die anfallenden Nebenkosten wie Zahlung des gesetzlichen Eigenanteils sowie Beratungs- und Nachsorgeangebote finanziert werden.<br>Die Stadt Speyer schlie\u00dft sich der&nbsp;Unterst\u00fctzung&nbsp;durch den Deutschen St\u00e4dtetag bei der Spendensammlung an und bittet die Speyerer B\u00fcrger*innen um Mithilfe.<\/p>\n\n\n\n<p>Oberb\u00fcrgermeisterin Stefanie Seiler ruft zur Beteiligung an der Spendenaktion auf: \u201eDie Arbeit des von der Corona-Pandemie stark getroffenen M\u00fcttergenesungswerks und damit die Unterst\u00fctzung durch Spenden ist nun wichtiger denn je. Die St\u00e4rkung und Gesundheitsvorsorge f\u00fcr Familien ist eine wichtige gesellschaftliche Aufgabe. Mit einer Spende kann besonders beanspruchten Familien nicht nur finanziell geholfen werden, sondern sie erlangen damit auch die Wertsch\u00e4tzung und Anerkennung f\u00fcr das, was sie tagt\u00e4glich leisten.\u201c<\/p>\n\n\n\n<p>\u201eDiese Anerkennung kommt leider oft viel zu kurz in Anbetracht der Kr\u00e4fte, die nicht nur Eltern \u2013 balancierend zwischen Berufsleben und Homeschooling \u2013, sondern auch pflegende Angeh\u00f6rige derzeit mobilisieren\u201c, erg\u00e4nzt B\u00fcrgermeisterin und Sozialdezernentin Monika Kabs. \u201eIhr Alltag ist seit langem gepr\u00e4gt von einer&nbsp;\u00fcberm\u00e4\u00dfigen&nbsp;Belastung, die vielfach auch gesundheitliche Folgen mit sich bringt. Hier setzt die Hilfe des M\u00fcttergenesungswerks an, indem sie konkrete und nachhaltige Erleichterung bietet, die unbedingt unterst\u00fctzenswert ist.\u201c<\/p>\n\n\n\n<p>In den \u00fcber 70 vom M\u00fcttergenesungswerk anerkannten Kliniken erhalten M\u00fctter und V\u00e4ter zusammen mit ihren Kindern ein umfassendes und individuelles Gesundheits- und Therapieangebot. Bundesweit 1.000 Beratungsstellen bei den Wohlfahrtsverb\u00e4nden vor Ort sind mit ihren vielf\u00e4ltigen Beratungs- und Nachsorgeangeboten wichtige Anlaufstellen f\u00fcr rat- und hilfesuchende M\u00fctter, V\u00e4ter und pflegende Angeh\u00f6rige.<\/p>\n\n\n\n<p>Spenden k\u00f6nnen auf folgendes Konto des M\u00fcttergenesungswerks \u00fcberwiesen werden:<\/p>\n\n\n\n<ul><li>Bank f\u00fcr Sozialwirtschaft<\/li><li>IBAN: DE13 7002 0500 0008 8555 04<br>BIC: BFSWDE33MUE<\/li><\/ul>\n\n\n\n<p>Weitere Informationen gibt es auf der Website des M\u00fcttergenesungswerks unter\u00a0<a rel=\"noreferrer noopener\" href=\"https:\/\/deref-web.de\/mail\/client\/1hJPwCaCLGc\/dereferrer\/?redirectUrl=http%3A%2F%2Fwww.muettergenesungswerk.de\" target=\"_blank\">www.muettergenesungswerk.de<\/a>.<\/p>\n\n\n\n<p><em>Stadtverwaltung Speyer<br>08.05.2021<\/em><\/p>\n\n\n\n<h2 class=\"wp-block-heading\"><strong>Stadtvorstand beschlie\u00dft weitere Verl\u00e4ngerung der zinslosen Stundung der Gewerbesteuer<\/strong><\/h2>\n\n\n\n<div class=\"wp-block-image\"><figure class=\"aligncenter\"><img decoding=\"async\" loading=\"lazy\" width=\"768\" height=\"551\" src=\"https:\/\/speyer24news.com\/wp-content\/uploads\/2021\/01\/Geld.jpg\" alt=\"\" class=\"wp-image-31982\" srcset=\"https:\/\/speyer24news.com\/wp-content\/uploads\/2021\/01\/Geld.jpg 768w, https:\/\/speyer24news.com\/wp-content\/uploads\/2021\/01\/Geld-300x215.jpg 300w\" sizes=\"(max-width: 768px) 100vw, 768px\" \/><\/figure><\/div>\n\n\n\n<p>Zur Unterst\u00fctzung der durch die Auswirkungen der Corona-Pandemie angeschlagenen Unternehmen hatte die Stadt Speyer die zinslose Stundung der Festsetzung der Gewerbesteuer 2018 und 2019 zuletzt im Januar 2021 bis zum 30. Juni 2021 verl\u00e4ngert. Nun hat der Stadtvorstand angesichts der andauernden pandemiebedingten Ausnahmesituation beschlossen, den Zeitraum, in dem die zinslose Stundung m\u00f6glich ist, zu erweitern, und zwar bis zum 30. September 2021. Auf diese Weise soll weiterhin unb\u00fcrokratisch Entlastung erm\u00f6glicht werden, um die Auswirkungen der Corona-Pandemie zumindest abzumildern.<\/p>\n\n\n\n<p>Dar\u00fcber hinaus kann f\u00fcr die Gewerbesteuervorauszahlungen 2021 beim zust\u00e4ndigen Finanzamt eine Herabsetzung bis auf null beantragt werden. Die Vorauszahlung f\u00fcr das zweite Quartal 2020 ist zum 17. Mai 2021 f\u00e4llig, f\u00fcr das dritte Quartal 2020 zum 16. August 2021 und f\u00fcr das vierte Quartal 2020 zum 15. November 2021. Die Kontaktdaten der jeweiligen Ansprechpartner*innen des Finanzamts finden Unternehmen auf ihrem Steuerbescheid.<\/p>\n\n\n\n<p><em>Stadtverwaltung Speyer<br>08.05.2021<\/em><\/p>\n\n\n\n<h2 class=\"wp-block-heading\"><strong>Die Volkshochschule kommt zu Ihnen nach Hause \u2013 Vortr\u00e4ge und Kurse finden online statt<\/strong><\/h2>\n\n\n\n<div class=\"wp-block-image\"><figure class=\"aligncenter\"><img decoding=\"async\" src=\"https:\/\/speyer24news.com\/wp-content\/uploads\/2020\/01\/VHS.png\" alt=\"\" class=\"wp-image-23911\"\/><\/figure><\/div>\n\n\n\n<p>Die Volkshochschule kommt zu Ihnen nach Hause: Das ist nat\u00fcrlich nur im \u00fcbertragenen Sinne gemeint, denn die VHS setzt weiterhin alles daran, ihre breite Angebotspalette soweit wie m\u00f6glich digital zu pr\u00e4sentieren.<\/p>\n\n\n\n<ul><li>So beginnt am Mittwoch, 12. Mai 2021\u00a0 wieder ein Online-ZUMBA\u00d2-Fitness-Kurs mit Nicole Albers. <\/li><li>Am Samstag, 15. Mai 2021 k\u00f6nnen Interessierte \u2013\u00a0 ebenfalls online \u2013 \u201eExperimente in Aquarell\u201c mit Chilja Engelhard starten. <\/li><li>Auch der urspr\u00fcnglich f\u00fcr April geplante Musikvortrag \u201eVirtuose Musikerinnen, starke Frauen: Clara Schumann und Pauline Viardot\u201c mit Dr. Anja Pohsner wird am Dienstag, 18. Mai 2021 online pr\u00e4sentiert. <\/li><li>Dar\u00fcber hinaus hat sich die Referentin noch ein neues Format \u00fcberlegt: Am Dienstag, 1. Juni 2021 bietet sie den interaktiven Themenvortrag \u201eR\u00e4tsel der Musikgeschichte: Wie starb Mozart?\u201c ebenfalls online an. <\/li><li>Besonders empfehlenswert sind auch die hochwertigen Vortr\u00e4ge aus der Reihe vhs.wissen live, die sich mit aktuellen gesellschaftspolitischen oder naturwissenschaftlichen Fragestellungen auseinandersetzen. <\/li><li>Tipp: am Dienstag, 25. Mai 2021, \u201eRegieren in unsicheren Zeiten: Was kommt nach Merkel?\u201c mit Constanze von Bullion und Nico Fried aus der Parlamentsredaktion der SZ.<\/li><\/ul>\n\n\n\n<p>Alle Online-Angebote sind buchbar unter\u00a0<a rel=\"noreferrer noopener\" href=\"https:\/\/deref-web.de\/mail\/client\/29o6VqHojKQ\/dereferrer\/?redirectUrl=https%3A%2F%2Fwww.vhs-speyer.de%2Fprogramm%2Fonline-angebote.html\" target=\"_blank\">https:\/\/www.vhs-speyer.de\/programm\/online-angebote.html<\/a>.<\/p>\n\n\n\n<p><em>Stadtverwaltung Speyer \/ Volkshochschule (VHS) Speyer<br>08.05.2021<\/em><\/p>\n\n\n\n<h2 class=\"wp-block-heading\"><strong>100-j\u00e4hriges Bestehen: Stadtbibliothek Speyer startet Umfrage zur Nutzung<\/strong><\/h2>\n\n\n\n<figure class=\"wp-block-image\"><img decoding=\"async\" src=\"https:\/\/speyer24news.com\/wp-content\/uploads\/2019\/06\/Villa-Ecarius.jpg\" alt=\"\" class=\"wp-image-15153\"\/><\/figure>\n\n\n\n<p><strong>Von Montag, 10. Mai bis einschlie\u00dflich Sonntag, 6. Juni 2021<\/strong> k\u00f6nnen alle Interessierten an einer Umfrage der Stadtbibliothek Speyer teilnehmen. Hintergrund ist, dass die Stadtbibliothek in diesem Jahr\u00a0100 Jahre alt wird. Das Team w\u00fcrde gerne erfahren, wie zufrieden die B\u00fcrgerinnen und B\u00fcrger aus Speyer und dem nahen Umland mit dem Medienangebot sind, was verbessert werden kann und was sie sich f\u00fcr die n\u00e4chsten Jahre von ihrer Stadtbibliothek w\u00fcnschen. Die Umfrage richtet sich sowohl an Nutzer*innen der Bibliothek als auch an Menschen, die diese noch nie besucht haben.<\/p>\n\n\n\n<p>Die Umfrage umfasst 17 Fragen. Die Bearbeitungsdauer betr\u00e4gt 10 bis 15 Minuten. Alle Daten werden anonym erhoben, sie k\u00f6nnen keiner Person zugeordnet werden und werden streng vertraulich behandelt.<\/p>\n\n\n\n<p>Die Umfrage ist unter folgendem Link&nbsp;<a href=\"https:\/\/deref-web.de\/mail\/client\/sfVDItSlpZc\/dereferrer\/?redirectUrl=https%3A%2F%2Fwww.umfrageonline.com%2Fs%2Fdcdf46b\" target=\"_blank\" rel=\"noreferrer noopener\">https:\/\/www.umfrageonline.com\/s\/dcdf46b<\/a>&nbsp;sowie \u00fcber die Homepage der Stadtbibliothek Speyer&nbsp;<a href=\"https:\/\/deref-web.de\/mail\/client\/KdsOG_fyyM4\/dereferrer\/?redirectUrl=http%3A%2F%2Fwww.speyer.de%2Fstadtbibliothek\" target=\"_blank\" rel=\"noreferrer noopener\">www.speyer.de\/stadtbibliothek<\/a>&nbsp;zu erreichen. F\u00fcr Menschen ohne Internetzugang, die gerne an der Umfrage teilnehmen m\u00f6chten, ist es m\u00f6glich, die Umfrage in ausgedruckter Form nach telefonischer Terminvereinbarung in der Bibliothek abzuholen.<\/p>\n\n\n\n<h4 class=\"wp-block-heading\">Kontakt:<\/h4>\n\n\n\n<p>Kerstin B\u00fcrger und Lea Zander<br>Stadtbibliothek Speyer<br>Tel.: 06232-141383 oder 141388<\/p>\n\n\n\n<p><em>Text: Stadtverwaltung Speyer Foto: Speyer 24\/7 News<br>08.05.2021<\/em><\/p>\n\n\n\n<h2 class=\"wp-block-heading\"><strong>Speyer plant den Busverkehr der Zukunft: Start der B\u00fcrgerbeteiligung f\u00fcr \u201eSpeyer steigt ein\u201c<\/strong><\/h2>\n\n\n\n<div class=\"wp-block-image\"><figure class=\"aligncenter\"><img decoding=\"async\" loading=\"lazy\" width=\"800\" height=\"533\" src=\"https:\/\/speyer24news.com\/wp-content\/uploads\/2019\/12\/Bus-\u00d6PNV.jpg\" alt=\"\" class=\"wp-image-22884\" srcset=\"https:\/\/speyer24news.com\/wp-content\/uploads\/2019\/12\/Bus-\u00d6PNV.jpg 800w, https:\/\/speyer24news.com\/wp-content\/uploads\/2019\/12\/Bus-\u00d6PNV-300x200.jpg 300w, https:\/\/speyer24news.com\/wp-content\/uploads\/2019\/12\/Bus-\u00d6PNV-768x512.jpg 768w\" sizes=\"(max-width: 800px) 100vw, 800px\" \/><\/figure><\/div>\n\n\n\n<p>Speyer ist eine Stadt der kurzen Wege und der schnellen Verbindungen. Ein neuer Nahverkehrsplan f\u00fcr den\u00a0Speyerer Busverkehr in den Jahren 2023 bis 2033\u00a0soll das Busfahren attraktiver machen.<br>Unter dem Motto \u201eSpeyer steigt ein\u201c (#speyersteigtein) plant die Stadt den Busverkehr der Zukunft. Damit dieser auch einen sp\u00fcrbaren Mehrwert f\u00fcr die Bev\u00f6lkerung bringt, startet <strong>ab Samstag, 8. Mai 2021 bis zum 26. Juni 2021<\/strong> zun\u00e4chst digital eine gro\u00dfangelegte B\u00fcrgerbeteiligung. In diesem ersten Schritt werden die Speyerer*innen nach ihren W\u00fcnschen und Anregungen zum Busverkehr in der Innenstadt gefragt.<\/p>\n\n\n\n<p>\u201eDer Nahverkehrsplan wird Mobilit\u00e4t f\u00fcr alle bieten und eine gute Alternative zum Verkehrsmittel Auto darstellen. Ein reger Austausch hier\u00fcber mit den B\u00fcrgerinnen und B\u00fcrgern ist zentral \u2013 Jeder Input flie\u00dft in die Planung der k\u00fcnftigen Gestaltung des Nahverkehrs mit ein\u201c, betont Oberb\u00fcrgermeisterin Stefanie Seiler, die pandemiebedingt auf die Online-Beteiligung setzt.<\/p>\n\n\n\n<p>Soll es in Speyer wieder einen City-Shuttle geben? Auf welcher Strecke k\u00f6nnten Busse k\u00fcnftig durch die Innenstadt fahren und wo sollen die Haltestellen am Postplatz sein? Fragen wie diese k\u00f6nnen die B\u00fcrger*innen den Verkehrsplaner*innen \u00fcber die Website&nbsp;<a href=\"https:\/\/deref-web.de\/mail\/client\/-EkpFBWE23Q\/dereferrer\/?redirectUrl=http%3A%2F%2Fwww.speyer.de%2Fsteigtein\" target=\"_blank\" rel=\"noreferrer noopener\">www.speyer.de\/steigtein<\/a>&nbsp;mit auf den Weg zu geben.<\/p>\n\n\n\n<p>\u201eDie urspr\u00fcnglich geplante Aktion zur B\u00fcrgerbeteiligung auf dem Postplatz kann leider nicht stattfinden, weil es das aktuelle Infektionsgeschehen noch nicht zul\u00e4sst. Auf eine Beteiligung der Speyerer*innen k\u00f6nnen und wollen wir aber nat\u00fcrlich dennoch nicht verzichten, weshalb wir den Schwerpunkt der Aktion zun\u00e4chst ins Internet verlagern und die Lage dann w\u00f6chentlich neu bewerten und dementsprechend agieren\u201c, so Oberb\u00fcrgermeisterin Stefanie Seiler. Die st\u00e4dtische Webseite&nbsp;<a href=\"https:\/\/deref-web.de\/mail\/client\/-EkpFBWE23Q\/dereferrer\/?redirectUrl=http%3A%2F%2Fwww.speyer.de%2Fsteigtein\" target=\"_blank\" rel=\"noreferrer noopener\">www.speyer.de\/steigtein<\/a>&nbsp;liefert ausf\u00fchrliche Informationen und l\u00e4dt dazu ein, online direkt eine R\u00fcckmeldung zu geben.<\/p>\n\n\n\n<p>Dar\u00fcber hinaus k\u00f6nnen sich die B\u00fcrger*innen auch in den Quartiersb\u00fcros in S\u00fcd und West sowie im Mehrgenerationenhaus in Speyer-Nord informieren und einbringen.<\/p>\n\n\n\n<p>Im Anschluss an die erste B\u00fcrgerbeteiligung wird es mit der Beteiligung zum Busverkehr in den einzelnen Stadtteilen weitergehen. Im kommenden Winter wird die schlussendliche Entscheidung zum Nahverkehrsplan beim Stadtrat liegen.<\/p>\n\n\n\n<p>Die Stadtverwaltung weist ausdr\u00fccklich auf die in den Quartiersb\u00fcros geltenden Hygienebestimmungen und die pandemiebedingt eingeschr\u00e4nkten \u00d6ffnungszeiten hin.<\/p>\n\n\n\n<p>Informationen und Termine, die nach Infektionslage abweichen k\u00f6nnen, sind unter\u00a0<a rel=\"noreferrer noopener\" href=\"https:\/\/deref-web.de\/mail\/client\/-EkpFBWE23Q\/dereferrer\/?redirectUrl=http%3A%2F%2Fwww.speyer.de%2Fsteigtein\" target=\"_blank\">www.speyer.de\/steigtein<\/a>\u00a0zu finden. Ansprechpartner ist Manuel Kitzmann (<a rel=\"noreferrer noopener\" href=\"mailto:speyersteigtein@stadt-speyer.de\" target=\"_blank\">speyersteigtein@stadt-speyer.de<\/a>).<\/p>\n\n\n\n<p><em>Stadtverwaltung Speyer<br>08.05.2021<\/em><\/p>\n\n\n\n<h1 class=\"wp-block-heading\" style=\"text-align:center\">Verkehrsnotizen<\/h1>\n\n\n\n<div class=\"wp-block-image\"><figure class=\"aligncenter\"><img decoding=\"async\" loading=\"lazy\" width=\"800\" height=\"565\" src=\"https:\/\/speyer24news.com\/wp-content\/uploads\/2020\/01\/Baustelle-2.jpg\" alt=\"\" class=\"wp-image-23900\" srcset=\"https:\/\/speyer24news.com\/wp-content\/uploads\/2020\/01\/Baustelle-2.jpg 800w, https:\/\/speyer24news.com\/wp-content\/uploads\/2020\/01\/Baustelle-2-300x212.jpg 300w, https:\/\/speyer24news.com\/wp-content\/uploads\/2020\/01\/Baustelle-2-768x542.jpg 768w\" sizes=\"(max-width: 800px) 100vw, 800px\" \/><\/figure><\/div>\n\n\n\n<h2 class=\"wp-block-heading\"><strong>Halbseitige Sperrung Kreuzungsbereich Hafenstra\u00dfe\/Franz-Kirrmeier-Stra\u00dfe<\/strong><\/h2>\n\n\n\n<p>Aufgrund von Stra\u00dfenbauarbeiten wird die Hafenstra\u00dfe im Kreuzungsbereich Franz-Kirrmeier-Stra\u00dfe\/Am Heringsee <strong>vom 10. Mai bis voraussichtlich 7. Juni 2021<\/strong> halbseitig gesperrt. Die Verkehrsregelung erfolgt durch eine Lichtsignalanlage. Aus Richtung Pegelhaus ,,Kleine Hafenstra\u00dfe\u2018\u2018 wird die Hafenstra\u00dfe als Sackgasse ausgewiesen. Die Stra\u00dfe Am Heringsee wird als Einbahnstra\u00dfe in Richtung Eselsdamm ausgewiesen. Eine Umleitung \u00fcber die Nonnenbachstra\u00dfe wird eingerichtet.<\/p>\n\n\n\n<p>F\u00fcr R\u00fcckfragen steht die Stra\u00dfenverkehrsbeh\u00f6rde unter der Rufnummer 14-2938 zur Verf\u00fcgung.<\/p>\n\n\n\n<p><em>Stadtverwaltung Speyer<br>08.05.2021<\/em><\/p>\n","protected":false},"excerpt":{"rendered":"<div class=\"mh-excerpt\"><p>Stadtnotizen Stadt unterst\u00fctzt Spendensammlung des M\u00fcttergenesungswerks Anl\u00e4sslich des Muttertags am 9. Mai 2021 startet das M\u00fcttergenesungswerk (MGW) seine j\u00e4hrliche bundesweite Spendensammlung. Die gemeinn\u00fctzige Stiftung und Spendenorganisation setzt sich f\u00fcr die Gesunderhaltung von M\u00fcttern, V\u00e4tern und <a class=\"mh-excerpt-more\" href=\"https:\/\/speyer24news.com\/?p=36165\" title=\"Stadtnotizen &#038; Verkehrsnotizen aus Speyer\">[&#8230;]<\/a><\/p>\n<\/div>","protected":false},"author":3,"featured_media":0,"comment_status":"open","ping_status":"open","sticky":false,"template":"","format":"standard","meta":{"_monsterinsights_skip_tracking":false,"_monsterinsights_sitenote_active":false,"_monsterinsights_sitenote_note":"","_monsterinsights_sitenote_category":0,"footnotes":""},"categories":[47],"tags":[11472,6345,11477,8726,11476,11474,11475,6,11473,1434,658,1114,513,459,3132],"aioseo_notices":[],"amp_enabled":true,"_links":{"self":[{"href":"https:\/\/speyer24news.com\/index.php?rest_route=\/wp\/v2\/posts\/36165"}],"collection":[{"href":"https:\/\/speyer24news.com\/index.php?rest_route=\/wp\/v2\/posts"}],"about":[{"href":"https:\/\/speyer24news.com\/index.php?rest_route=\/wp\/v2\/types\/post"}],"author":[{"embeddable":true,"href":"https:\/\/speyer24news.com\/index.php?rest_route=\/wp\/v2\/users\/3"}],"replies":[{"embeddable":true,"href":"https:\/\/speyer24news.com\/index.php?rest_route=%2Fwp%2Fv2%2Fcomments&post=36165"}],"version-history":[{"count":8,"href":"https:\/\/speyer24news.com\/index.php?rest_route=\/wp\/v2\/posts\/36165\/revisions"}],"predecessor-version":[{"id":36174,"href":"https:\/\/speyer24news.com\/index.php?rest_route=\/wp\/v2\/posts\/36165\/revisions\/36174"}],"wp:attachment":[{"href":"https:\/\/speyer24news.com\/index.php?rest_route=%2Fwp%2Fv2%2Fmedia&parent=36165"}],"wp:term":[{"taxonomy":"category","embeddable":true,"href":"https:\/\/speyer24news.com\/index.php?rest_route=%2Fwp%2Fv2%2Fcategories&post=36165"},{"taxonomy":"post_tag","embeddable":true,"href":"https:\/\/speyer24news.com\/index.php?rest_route=%2Fwp%2Fv2%2Ftags&post=36165"}],"curies":[{"name":"wp","href":"https:\/\/api.w.org\/{rel}","templated":true}]}}