{"id":36184,"date":"2021-05-08T04:30:16","date_gmt":"2021-05-08T03:30:16","guid":{"rendered":"https:\/\/speyer24news.com\/?p=36184"},"modified":"2021-05-21T05:37:07","modified_gmt":"2021-05-21T04:37:07","slug":"polizei-577","status":"publish","type":"post","link":"https:\/\/speyer24news.com\/?p=36184","title":{"rendered":"Polizei"},"content":{"rendered":"<style type=\"text\/css\">\r\n\t.ads_top_disp{}\r\n\t.ads_top_corner_disp{ float:left; margin:0px 10px 10px 0px; }\r\n\t.ads_first_p_disp{}\r\n\t.ads_bottom_disp{}\r\n\t<\/style>\n<h2 class=\"wp-block-heading\">Polizeimeldungen vom Freitag (07.05.2021)<\/h2>\n\n\n\n<div class=\"wp-block-image\"><figure class=\"aligncenter\"><img decoding=\"async\" src=\"https:\/\/speyer24news.com\/wp-content\/uploads\/2020\/01\/Aktuelles-Polizeilogo.jpg\" alt=\"\" class=\"wp-image-23832\"\/><\/figure><\/div>\n\n\n\n<h4 class=\"wp-block-heading\">(Speyer) &#8211; Verletzte\/r Unfallbeteiligte\/r gesucht<\/h4>\n\n\n\n<p>Unerlaubt von der Unfallstelle entfernt hat sich am Donnerstag im Zeitraum von 09:20 bis 12:00 Uhr eine Verkehrsteilnehmerin bzw. ein Verkehrsteilnehmer in der Raiffeisenstra\u00dfe. Die gesuchte Person war vermutlich mit einem motorisierten Zweirad oder einem Fahrrad unterwegs, als sie auf das Heck eines geparkten grauen Mercedes auffuhr. An dem Fahrzeug entstand ein Schaden in H\u00f6he von sch\u00e4tzungsweise 2000 Euro. Der bzw. die Unfallbeteiligte d\u00fcrfte sich bei der Kollision verletzt haben.<\/p>\n\n\n\n<p>Der bzw. die Unfallbeteiligte wird gebeten, sich mit der Polizei Speyer in Verbindung zu setzen. Es werden zudem Zeugen gesucht, die den Verkehrsunfall beobachtet haben oder Angaben zur fl\u00fcchtigen Person machen k\u00f6nnen. Hinweise nimmt die Polizei Speyer unter Tel. 06232\/1370 oder per E-Mail an&nbsp;<a href=\"mailto:pispeyer@polizei.rlp.de\">pispeyer@polizei.rlp.de<\/a>&nbsp;entgegen.<\/p>\n\n\n\n<h4 class=\"wp-block-heading\">(Dudenhofen) &#8211; \u00dcberwachung Durchfahrtsverbot<\/h4>\n\n\n\n<p>Am Donnerstagmittag, gegen 16:00 Uhr, wurde durch eine Polizeistreife das Durchfahrtsverbot zwischen Speyer (Brucknerweg) und Dudenhofen (Schillerweg) \u00fcberwacht. Zwei Verkehrsteilnehmer nutzten verbotswidrig den Feldweg und wurden verwarnt.<\/p>\n\n\n\n<h4 class=\"wp-block-heading\">(Germersheim) &#8211; Brand eines Mehrfamilienhauses<\/h4>\n\n\n\n<p>Aus bislang ungekl\u00e4rter Ursache kam es am Donnerstag, 06.05.2021, gegen 13:45 Uhr zu einem Brand im Keller eines Mehrfamilienhauses in der Hans-Mayer-Stra\u00dfe in Germersheim. Kr\u00e4fte der Bereitschaftspolizei, die sich in der N\u00e4he befanden, entdeckten aufsteigenden Rauch am Geb\u00e4ude und konnten so rasch die Bewohner informieren. Verletzt wurde niemand, es entstand Sachschaden in H\u00f6he von etwa 5.000 Euro. Zur Kl\u00e4rung der Brandursache hat die Kriminalinspektion Landau gemeinsam mit einem von der Staatsanwaltschaft Landau beauftragten Sachverst\u00e4ndigen die Ermittlungen aufgenommen. Hinweise nimmt die Kriminalinspektion Landau unter 06341\/2870 oder&nbsp;<a href=\"mailto:kilandau@polizei.rlp.de\">kilandau@polizei.rlp.de<\/a>&nbsp;entgegen.<\/p>\n\n\n\n<h4 class=\"wp-block-heading\">(Germersheim) &#8211; Volltreffer bei Verkehrskontrolle<\/h4>\n\n\n\n<p>Einen Volltreffer landete am Donnerstag ein Streifenteam der Polizei Germersheim, als sie in der Stra\u00dfe Am Unkenfunk einen 37-j\u00e4hrigen Autofahrer kontrollierten. Es stellte sich schnell heraus, dass an dem PKW auf den amtlichen Kennzeichen die Zulassungs-\/ und T\u00dcV Stempel gef\u00e4lscht waren. Zudem hatte der Fahrer keine Fahrerlaubnis und stand unter dem Einfluss von Bet\u00e4ubungsmitteln. Der Eigent\u00fcmer des Fahrzeugs sa\u00df auf dem Beifahrersitz, sodass Fahrer und Beifahrer direkt mit den Straftaten konfrontiert werden konnten. Nach einer Blutentnahme auf der Dienststelle musste der Fahrer den Heimweg zu Fu\u00df antreten. Der PKW wurde abgeschleppt und hat im \u00f6ffentlichen Stra\u00dfenverkehr erst einmal nichts mehr zu suchen.<\/p>\n\n\n\n<h4 class=\"wp-block-heading\">(Germersheim) &#8211; sicher.mobil.leben Radfahrer im Blick<\/h4>\n\n\n\n<p>Im Rahmen der bundesweiten Verkehrssicherheitsaktion &#8222;sicher.mobil.leben &#8211; Radfahrende im Blick&#8220; legte die Polizei Germersheim den Kontrollfokus am Mittwoch gezielt auf den Rad-, Pedelec- und S-Pedelecverkehr. Insgesamt wurden dabei 98 Fahrradfahrer kontrolliert. Mit 31 F\u00e4llen waren die meisten Verst\u00f6\u00dfe beim technischen Zustand der R\u00e4der zu verzeichnen. Daneben hatten zwei Radfahrer w\u00e4hrend der Fahrt ihr Handy am Ohr und ein weiterer konnte dabei beobachtet werden, wie er bei &#8222;Rot&#8220; \u00fcber eine Ampel fuhr. Die Kontrollma\u00dfnahmen wurden medial auf dem Twitter Account der Polizei Germersheim begleitet. Wollen Sie weitere Details zur Risikogruppe der Radfahrer? Dann k\u00f6nnen Sie in unserer im M\u00e4rz ver\u00f6ffentlichten Verkehrsunfallstatistik weitere Informationen finden. Diese ist auf unserer Homepage abrufbar.<\/p>\n\n\n\n<h4 class=\"wp-block-heading\">(W\u00f6rth) &#8211; Wachsame Augen retten verloren geglaubte Einnahmen<\/h4>\n\n\n\n<p>Am sp\u00e4ten Nachmittag des 07.05.2021 meldete ein Apotheker aus W\u00f6rth den Verlust seiner Einnahmen in H\u00f6he eines mittleren vierstelligen Euro-Betrages, welche er einem Mitarbeiter in einer Mappe zur Einzahlung bei einer Bank bereitlegte. Der besagte Mitarbeiter stellte auf der Fahrt zur Bank jedoch fest, dass ihm die Mappe auf unerkl\u00e4rliche Weise abhandenkam.<\/p>\n\n\n\n<p>Nachdem auch polizeilich der Verbleib zun\u00e4chst nicht gekl\u00e4rt werden konnte, f\u00fchrte die \u00dcberpr\u00fcfung der von dem Mitarbeiter zur\u00fcckgelegten Strecke zum Auffinden einer Geldmappe, welche offenbar unangetastet am Fahrbahn lag. Nach Verst\u00e4ndigung des Apothekers, dessen betr\u00fcbte Stimmung zwischenzeitlich in Euphorie umschlug, konnte der Geldbetrag ihm zweifelsfrei zugeordnet und gemeinsam erfolgreich auf seine Vollz\u00e4hligkeit gepr\u00fcft werden.<\/p>\n\n\n\n<p>Auch wenn abschlie\u00dfend nicht mehr gekl\u00e4rt werden d\u00fcrfte, auf welchem Weg die Geldmappe letztlich an den Fundort gelangte, erscheint es naheliegend, dass sie vor dem Einsteigen auf das Fahrzeugdach gelegt wurde und den Fliehkr\u00e4ften des Stra\u00dfenverkehrs nicht mehr standhielt.<\/p>\n\n\n\n<p>Die \u00e4u\u00dferst erleichterte Belegschaft der Apotheke konnte ihr Gl\u00fcck kaum fassen und wird am Abend, stets coronakonform, auf die Rettung der verloren geglaubten Einnahmen ansto\u00dfen.<\/p>\n\n\n\n<p>Auch den Polizeibeamten wird der Einsatz in freudiger Erinnerung bleiben.<\/p>\n\n\n\n<h4 class=\"wp-block-heading\">(Bad Bergzabern) &#8211; PKW Brand auf Parkplatz eines Einkaufsmarktes<\/h4>\n\n\n\n<div class=\"wp-block-image\"><figure class=\"aligncenter\"><img decoding=\"async\" loading=\"lazy\" width=\"800\" height=\"626\" src=\"https:\/\/speyer24news.com\/wp-content\/uploads\/2021\/05\/IMG_20210507_155927.jpg\" alt=\"\" class=\"wp-image-36194\" srcset=\"https:\/\/speyer24news.com\/wp-content\/uploads\/2021\/05\/IMG_20210507_155927.jpg 800w, https:\/\/speyer24news.com\/wp-content\/uploads\/2021\/05\/IMG_20210507_155927-300x235.jpg 300w, https:\/\/speyer24news.com\/wp-content\/uploads\/2021\/05\/IMG_20210507_155927-768x601.jpg 768w\" sizes=\"(max-width: 800px) 100vw, 800px\" \/><\/figure><\/div>\n\n\n\n<p>Am 07.05.21 gegen 15:50 Uhr gehen bei der Polizeiinspektion Bad Bergzabern mehrere Meldungen bzgl. eines PKW-Brandes auf dem Parkplatz eines Einkaufsmarktes in Bad Bergzabern ein. Eine eingesetzte Polizeistreife, die unmittelbar nach den ersten Anrufen vor Ort war, startete den L\u00f6schvorgang mittels des im Streifenwagen mitgef\u00fchrten Feuerl\u00f6schers. Zus\u00e4tzlich unterst\u00fctzte ein hilfsbereiter B\u00fcrger die L\u00f6schma\u00dfnahme mit eigenem Feuerl\u00f6scher. Die vollst\u00e4ndige Beseitigung des Feuers wurde durch die kurz darauf eintreffende Feuerwehr durchgef\u00fchrt. Der PKW musste im Anschluss abgeschleppt werden. Der Gesamtschaden wird auf ca. 3000 Euro gesch\u00e4tzt.<\/p>\n\n\n\n<h4 class=\"wp-block-heading\">(Wernesberg) &#8211; Vermisstensuche mit Hubschraubereinsatz<\/h4>\n\n\n\n<figure class=\"wp-block-image\"><img decoding=\"async\" loading=\"lazy\" width=\"800\" height=\"600\" src=\"https:\/\/speyer24news.com\/wp-content\/uploads\/2020\/07\/Hubschrauber-bei-Personensuche.jpg\" alt=\"\" class=\"wp-image-29175\" srcset=\"https:\/\/speyer24news.com\/wp-content\/uploads\/2020\/07\/Hubschrauber-bei-Personensuche.jpg 800w, https:\/\/speyer24news.com\/wp-content\/uploads\/2020\/07\/Hubschrauber-bei-Personensuche-300x225.jpg 300w, https:\/\/speyer24news.com\/wp-content\/uploads\/2020\/07\/Hubschrauber-bei-Personensuche-768x576.jpg 768w, https:\/\/speyer24news.com\/wp-content\/uploads\/2020\/07\/Hubschrauber-bei-Personensuche-678x509.jpg 678w, https:\/\/speyer24news.com\/wp-content\/uploads\/2020\/07\/Hubschrauber-bei-Personensuche-326x245.jpg 326w, https:\/\/speyer24news.com\/wp-content\/uploads\/2020\/07\/Hubschrauber-bei-Personensuche-80x60.jpg 80w\" sizes=\"(max-width: 800px) 100vw, 800px\" \/><\/figure>\n\n\n\n<p>Im Raum Annweiler &#8211; insbesondere in Wernersberg &#8211; werden Suchma\u00dfnahmen nach einem 80-j\u00e4hrigen Mann durchgef\u00fchrt, der seit 06.05.2021, vermisst wird. Die Suche wird unter anderem von einem Polizeihubschrauber unterst\u00fctzt. Wir bitten die betroffenen Anwohner um Verst\u00e4ndnis.<\/p>\n\n\n\n<h4 class=\"wp-block-heading\">(Wernesberg) &#8211; Vermisster 80-J\u00e4hriger wohlbehalten zur\u00fcck<\/h4>\n\n\n\n<p>Der im Rahmen einer \u00d6ffentlichkeitsfahndung gesuchte 80-j\u00e4hrige aus Wernersberg ist in den Morgenstunden wohlbehalten an seiner Wohnanschrift angetroffen worden. Die Polizei bedankt sich bei allen Hinweisgebern<\/p>\n\n\n\n<h4 class=\"wp-block-heading\">(Landau \/ B 10) &#8211; Mit Baggerarm an Br\u00fccke h\u00e4ngen geblieben<\/h4>\n\n\n\n<div class=\"wp-block-image\"><figure class=\"aligncenter\"><img decoding=\"async\" loading=\"lazy\" width=\"640\" height=\"480\" src=\"https:\/\/speyer24news.com\/wp-content\/uploads\/2021\/05\/1-1.jpg\" alt=\"\" class=\"wp-image-36190\" srcset=\"https:\/\/speyer24news.com\/wp-content\/uploads\/2021\/05\/1-1.jpg 640w, https:\/\/speyer24news.com\/wp-content\/uploads\/2021\/05\/1-1-300x225.jpg 300w, https:\/\/speyer24news.com\/wp-content\/uploads\/2021\/05\/1-1-326x245.jpg 326w, https:\/\/speyer24news.com\/wp-content\/uploads\/2021\/05\/1-1-80x60.jpg 80w\" sizes=\"(max-width: 640px) 100vw, 640px\" \/><\/figure><\/div>\n\n\n\n<p>Am Freitag, den 07.05.2021, gegen 17:30 Uhr, fuhr der 47-j\u00e4hrige LKW-Fahrer in H\u00f6he Landau-Godramstein auf die B10 in Fahrtrichtung A65 auf. Der LKW mit offener Ladefl\u00e4che war mit einem Bagger beladen. Der geladene Bagger war jedoch offensichtlich zu hoch f\u00fcr die kommende Br\u00fccke &#8211; der Baggerarm kollidierte mit dieser. <\/p>\n\n\n\n<figure class=\"wp-block-image\"><img decoding=\"async\" loading=\"lazy\" width=\"640\" height=\"480\" src=\"https:\/\/speyer24news.com\/wp-content\/uploads\/2021\/05\/3-1.jpg\" alt=\"\" class=\"wp-image-36191\" srcset=\"https:\/\/speyer24news.com\/wp-content\/uploads\/2021\/05\/3-1.jpg 640w, https:\/\/speyer24news.com\/wp-content\/uploads\/2021\/05\/3-1-300x225.jpg 300w, https:\/\/speyer24news.com\/wp-content\/uploads\/2021\/05\/3-1-326x245.jpg 326w, https:\/\/speyer24news.com\/wp-content\/uploads\/2021\/05\/3-1-80x60.jpg 80w\" sizes=\"(max-width: 640px) 100vw, 640px\" \/><\/figure>\n\n\n\n<p>Hierdurch riss ein Hydraulikschlauch ab und die Br\u00fccke wurde leicht besch\u00e4digt. Es entstand Sachschaden von insgesamt 10.000 Euro. Die Weiterfahrt wurde untersagt. Das auslaufende Hydraulik\u00f6l verteilte sich auf der Fahrbahn. Daher musste die B10 in Fahrtrichtung Landau zwecks Reinigungsarbeiten gesperrt werden. <\/p>\n\n\n\n<div class=\"wp-block-image\"><figure class=\"aligncenter\"><img decoding=\"async\" loading=\"lazy\" width=\"640\" height=\"480\" src=\"https:\/\/speyer24news.com\/wp-content\/uploads\/2021\/05\/2-1.jpg\" alt=\"\" class=\"wp-image-36192\" srcset=\"https:\/\/speyer24news.com\/wp-content\/uploads\/2021\/05\/2-1.jpg 640w, https:\/\/speyer24news.com\/wp-content\/uploads\/2021\/05\/2-1-300x225.jpg 300w, https:\/\/speyer24news.com\/wp-content\/uploads\/2021\/05\/2-1-326x245.jpg 326w, https:\/\/speyer24news.com\/wp-content\/uploads\/2021\/05\/2-1-80x60.jpg 80w\" sizes=\"(max-width: 640px) 100vw, 640px\" \/><\/figure><\/div>\n\n\n\n<p>Der Verkehr wurde an der Anschlussstelle Godramstein abgeleitet. Hierf\u00fcr wurde die Stra\u00dfenmeisterei Landau verst\u00e4ndigt. Durch die Sperrung kam es zu Verkehrsbeeintr\u00e4chtigungen. Der geladene Bagger muss durch ein Abschleppunternehmen umgeladen werden. Die Sperrung wird noch bis voraussichtlich 22 Uhr aufrechterhalten. Der LKW-Fahrer wird sich nun in einem Bu\u00dfgeldverfahren verantworten m\u00fcssen.<\/p>\n\n\n\n<h4 class=\"wp-block-heading\">(Landau) &#8211; Von der Fahrbahn abgekommen und abgehauen\/ Dunkler BMW gesucht!<\/h4>\n\n\n\n<p>Am Donnerstagabend gegen 19:05 Uhr meldeten Zeugen der Polizei Landau einen dunklen BMW, der mit hoher Geschwindigkeit in den Kreuzungsbereich Albert-Einstein-Stra\u00dfe\/ Max-Planck-Stra\u00dfe fuhr und hierbei beim Abbiegen die Kontrolle \u00fcber sein Fahrzeug verlor. Der BMW kam von der Fahrbahn ab und besch\u00e4digte einen neben der Fahrbahn stehenden Baum. Der Fahrer entfernte sich daraufhin von der Unfall\u00f6rtlichkeit. Im Rahmen einer eingeleiteten Fahndung konnte der BMW nicht mehr festgestellt werden. Die Polizeiinspektion Landau sucht weitere Zeugen, die den Verkehrsunfall beobachtet haben oder Hinweise zu dem unbekannten Fahrer machen k\u00f6nnen.<\/p>\n\n\n\n<h4 class=\"wp-block-heading\">(Neustadt) &#8211; Ereignisreicher Nachmittag bei der Polizei Neustadt<\/h4>\n\n\n\n<p>Neben etlichen anderen Auftr\u00e4gen am Freitagnachmittag wurden drei fahrunt\u00fcchtige Fahrer festgestellt, welche sich im Stadtgebiet bewegten.<\/p>\n\n\n\n<p>Zun\u00e4chst wurde um 15:55 Uhr ein 63j\u00e4hriger aus Neustadt kontrolliert, welcher mit seinem Mofa in der Martin-Luther-Stra\u00dfe unterwegs war. W\u00e4hrend der Kontrolle wurde deutlicher Alkoholgeruch festgestellt. Nach einem Alkoholtest best\u00e4tigte sich der Verdacht der Trunkenheitsfahrt Dieser zeigte 1,22 Promille.<\/p>\n\n\n\n<p>In der Spitalbachstra\u00dfe wurde dann um 17:55 Uhr ein 28j\u00e4hriger aus Elmstein kontrolliert. Auch hier ergaben sich Zweifel an der Fahrt\u00fcchtigkeit, da der Fahrer au\u00dfergew\u00f6hnlich nerv\u00f6s wirkte und zudem drogentypische Verhaltensweisen zeigte. Ein durchgef\u00fchrter Drogenschnelltest best\u00e4tigte die Einnahme von Amfetamin.<\/p>\n\n\n\n<p>Trauriger &#8222;Spitzenreiter&#8220; war ein 60j\u00e4hriger aus Lachen-Speyerdorf. Dieser wurde durch zwei aufmerksame Mitb\u00fcrger der Polizei gemeldet und die sehr auff\u00e4llige Fahrweise beanstandet. Der Pkw konnte im Rahmen der Fahndung dann um 20:15 Uhr am Jahnplatz festgestellt werden und der Fahrer wurde einer Verkehrskontrolle unterzogen. Es fiel direkt auf, dass der Fahrer erheblich unter Alkohol stand. Ein durchgef\u00fchrter Alkotest ergab 2,26 Promille.<\/p>\n\n\n\n<p>Alle fahrunt\u00fcchtigen Fahrer wurden zur Polizei verbracht, wo sich jeder der Entnahme einer Blutprobe unterziehen musste.<\/p>\n\n\n\n<h4 class=\"wp-block-heading\">(Neustadt) &#8211; Unter Drogeneinfluss unterwegs \/ Tuning<\/h4>\n\n\n\n<p>Unter Drogeneinfluss war am 06.05.2021, um 13.26 Uhr, ein 22-j\u00e4hriger mit seinem BMW auf der A650 unterwegs. Beamte der Polizeiautobahnstation Ruchheim kontrollierten den Wagen an der Anschlussstelle Ruchheim. Bei der Kontrolle zeigte der Fahrer deutliche Anzeichen auf Drogenbeeinflussung. Ein durchgef\u00fchrter Schnelltest best\u00e4tigte dies, dieser reagierte positiv auf THC. Bei der weiteren \u00dcberpr\u00fcfung stellten die Polizisten Ver\u00e4nderungen am BMW fest. Hier war der Luftfilter ausgetauscht und weitere R\u00fcckleuchten angebaut. F\u00fcr beide Ver\u00e4nderungen lag keine Genehmigung vor, weshalb die Betriebserlaubnis erloschen war.<\/p>\n\n\n\n<p>Gegen den 22-J\u00e4hrigen wurde ein Ermittlungsverfahren wegen Versto\u00df gegen das Bet\u00e4ubungsmittelgesetz, Trunkenheit im Stra\u00dfenverkehr und Erl\u00f6schen der Betriebserlaubnis eingeleitet.<\/p>\n\n\n\n<h4 class=\"wp-block-heading\">(Deidesheim) &#8211; Sch\u00f6nes Wetter \/ Aber Vorsicht<\/h4>\n\n\n\n<p>Das vorhergesagte Wetter am kommenden Wochenende wird wieder zahlreiche Radfahrende in den Pf\u00e4lzer Wald locken. Bei Sonnenschein l\u00e4sst sich die Fahrt durch die Natur besonders genie\u00dfen. Aber Vorsichtig: Schnell kann gerade eine rasche Abfahrt gef\u00e4hrlich werden. Neben klassischen Hindernissen wie herumliegenden St\u00f6cken oder Steinchen, war zuletzt in Deidesheim unterhalb der Michaelskapelle ein Seil gespannt. Leider kommt es immer mal wieder vor, dass Unbekannte solche Hindernisse bewusst an klassischen Mountainbike-Trails anbringen, um die Radfahrenden zu gef\u00e4hrden. Zum Gl\u00fcck war im Fall von Deidesheim eine Spazierg\u00e4ngerin aufmerksam und beseitige das Seil. Schlimmeres konnte so verhindert werden, doch die Polizei r\u00e4t zur Achtsamkeit.<\/p>\n\n\n\n<h4 class=\"wp-block-heading\">(Dackenheim) &#8211; Verkehrsunfall auf regennasser Fahrbahn<\/h4>\n\n\n\n<p>Am 06.05.2021 gegen 21:00 Uhr kam es auf der B271 im Bereich Dackenheim zu einem Verkehrsunfall mit insgesamt vier leichtverletzten Personen. Zur genannten Zeit befuhr demnach ein 20-j\u00e4hriger aus dem Kreis Bad D\u00fcrkheim mit seinem PKW und 3 Mitfahrern die B271 aus Gr\u00fcnstadt kommend in Richtung Kallstadt und verlor auf regennasser Fahrbahn aus noch ungekl\u00e4rter Ursache die Kontrolle \u00fcber sein Fahrzeug. Nach der Kollision mit einem Verkehrszeichen, mehreren Wingertspfosten und Rebenzeilen, kam der PKW nach ca. 50m am Fahrbahnrad zu stehen. Alle Insassen konnten sich selbstst\u00e4ndig aus dem Fahrzeug befreien und erlitten gl\u00fccklicherweise lediglich leichte Verletzungen.<\/p>\n\n\n\n<h4 class=\"wp-block-heading\">(Frankenthal) &#8211; Unfallflucht<\/h4>\n\n\n\n<p>Der Gesch\u00e4digte stellte sein Wohnmobil Mercedes-Benz am 05.05.2021, in der Zeit von 16.00 Uhr bis 17.00 Uhr, in der Carl-Benz-Stra\u00dfe auf dem Gel\u00e4nde einer Firma f\u00fcr technische Pr\u00fcfungen an Kraftfahrzeugen ab. Als er wieder zu seinem Fahrzeug kam, musste er feststellen, dass dieses durch einen bislang unbekannten Fahrzeugf\u00fchrer an der linken vorderen Seite besch\u00e4digt wurde. Der Schaden wird auf etwa 1000 Euro gesch\u00e4tzt.<\/p>\n\n\n\n<p>Zeugen werden gebeten sich an die Polizeiinspektion Frankenthal unter der Tel.-Nr.: 06233\/313-0 oder an die Polizeiwache Maxdorf unter der Tel.-Nr.: 06237\/934-1100 zu wenden. Gerne nehmen wir Ihre Hinweise auch per E-Mail unter&nbsp;<a href=\"mailto:pifrankenthal@polizei.rlp.de\">pifrankenthal@polizei.rlp.de<\/a>&nbsp;entgegen.<\/p>\n\n\n\n<h4 class=\"wp-block-heading\">(Ludwigshafen) &#8211; Vier Personen nach Sachbesch\u00e4digung erwischt<\/h4>\n\n\n\n<p>Vier m\u00e4nnliche Personen im Alter von 16 bis 19 Jahre wurden am Freitag (07.05.2021) von der Polizei gefasst, nachdem sie die Scheiben an zwei PKW eingeworfen hatten. Gegen 0.19 Uhr meldete ein aufmerksamer Zeuge, dass es zu einem lauten Knall in der Nachtweidenstra\u00dfe gekommen w\u00e4re. Als die Polizei erschien, stellte diese zwei besch\u00e4digte PKW fest. Bei beiden PKW wurde die Windschutzscheibe mittels Stein eingeworfen. Anschlie\u00dfend fl\u00fcchteten die Personen. Die Polizei fasste die Fl\u00fcchtigen nach einer kurzen Verfolgungsjagd ein paar Stra\u00dfen weiter. Alle vier wurden zu einer Polizeidienstelle gebracht. Die drei 19-J\u00e4hrigen mussten den Rest der Nacht im Polizeigewahrsam verbringen. Der 16-J\u00e4hrige wurde seinen Eltern \u00fcbergeben<\/p>\n\n\n\n<h4 class=\"wp-block-heading\">(Ludwigshafen) &#8211; Aufgefahren und gefl\u00fcchtet<\/h4>\n\n\n\n<p>Ein Unbekannter fuhr am Donnerstag (06.05.2021, 15.40 Uhr) mit seinem PKW auf einen Toyota auf, der an der Ampel im Bereich der Bruchwiesenstra\u00dfe wartete. Anschlie\u00dfend fuhr der unbekannte Fahrer einfach davon, ohne sich um den entstandenen Schaden zu k\u00fcmmern. Der Schaden bel\u00e4uft sich auf 1000 Euro. Bei dem fl\u00fcchtigen PKW soll es sich um einen schwarzen SUV der Marke Volvo aus dem Bereich Ludwigshafen gehandelt. Die Polizei sucht nun Zeugen. Sachdienliche Hinweise bitte an die Polizeiinspektion Ludwigshafen 1, Telefonnummer 0621 963-2122 oder per E-Mail&nbsp;<a href=\"mailto:piludwigshafen1@polizei.rlp.de\">piludwigshafen1@polizei.rlp.de<\/a>&nbsp;.<\/p>\n\n\n\n<h4 class=\"wp-block-heading\">(Ludwigshafen) &#8211; Ohne F\u00fchrerschein bei Polizei erschienen<\/h4>\n\n\n\n<p>Einem 55-J\u00e4hrigen wurde am Donnerstag (06.05.2021) der Elektro-Roller sichergestellt. Der Mann erschien gegen 12.20 Uhr fahrend auf einem Elektro-Roller bei der Polizei und wollte sich in Versicherungsangelegenheiten bez\u00fcglich seines Rollers erkundigen. Die Polizeibeamten erkannten, dass der E-Roller nicht zugelassen war und gar nicht im \u00f6ffentlichen Stra\u00dfenverkehr zugelassen ist. Dar\u00fcber hinaus f\u00e4hrt der E-Roller 30 km\/h, wodurch eine Fahrererlaubnis erforderlich w\u00e4re. Leider besitzt der 55-J\u00e4hrige keine Fahrerlaubnis. Die Polizeibeamten stellten den Roller sicher und erhoben eine Anzeige wegen Fahren ohne Fahrerlaubnis.<\/p>\n\n\n\n<h4 class=\"wp-block-heading\">(Ludwigshafen) &#8211; Technisch ver\u00e4nderte Fahrzeuge kontrolliert<\/h4>\n\n\n\n<p>Der Polizei Ludwigshafen fielen am Donnerstag (06.05.2021) insgesamt drei PKW auf, die technisch ver\u00e4ndert wurden. Ein PKW war derart laut in der Wredestra\u00dfe unterwegs, dass die Polizei eine Ger\u00e4uschpegelmessung vor Ort durchf\u00fchrte. Die Ergebnisse der Messung f\u00fchrten dazu, dass der PKW sichergestellt wurde und ein Emissionsgutachten bei einer technischen Pr\u00fcfstelle veranlasst wurde. In der Maudacher Stra\u00dfe wurde ein weitere PKW kontrolliert. An diesem Fahrzeug wurde das Fahrwerk manipuliert, wodurch die Betriebserlaubnis erlosch. Bei einem SUV wurde ein Soundgenerator bem\u00e4ngelt, der die Auspuffger\u00e4usche verst\u00e4rkte.<\/p>\n\n\n\n<h4 class=\"wp-block-heading\">(Ludwigshafen) &#8211; Versuchter Einbruch in Jugendeinrichtung<\/h4>\n\n\n\n<p>Unbekannte versuchten in der Nacht von Mittwoch (05.05.2021) auf Donnerstag (06.05.2021) in einen Jugendtreff in der Sachsenstra\u00dfe einzubrechen. Das Vorhaben scheiterte. Durch Versuch entstand ein Geb\u00e4udeschaden in H\u00f6he von 1500 Euro. Sachdienliche Hinweise nimmt die Kriminalpolizei Ludwigshafen unter der Telefonnummer 0621\/963-2773 oder per E-Mail\u00a0<a href=\"mailto:kiludwigshafen.k1.kdd@polizei.rlp.de\">kiludwigshafen.k1.kdd@polizei.rlp.de<\/a>\u00a0entgegen.<\/p>\n\n\n\n<p><\/p>\n\n\n\n<h4 class=\"wp-block-heading\">(Ludwigshafen) &#8211; \u00d6ffentlichkeitsfahndung nach dem 16-j\u00e4hrigen Thar<\/h4>\n\n\n\n<h4 class=\"has-text-align-center wp-block-heading\">Nachtrag zur Pressemeldung vom 05.05.2021&nbsp;<a rel=\"noreferrer noopener\" target=\"_blank\" href=\"https:\/\/s.rlp.de\/Ot6BE\">https:\/\/s.rlp.de\/Ot6BE<\/a><\/h4>\n\n\n\n<p>Der seit Donnerstag, 30.03.2021, vermisste 16-j\u00e4hrige Thar S. hat sich bislang auf den \u00f6ffentlichen Aufruf vom 05.05.2021 nicht gemeldet.<\/p>\n\n\n\n<p>Durch die bisherigen polizeilichen Ma\u00dfnahmen in den letzten f\u00fcnf Wochen konnten konnten weder der Aufenthaltsort von Thar festgestellt noch Kontakt mit ihm aufgenommen werden. Bei vermissten Minderj\u00e4hrigen muss grunds\u00e4tzlich eine Gefahr f\u00fcr Leib oder Leben angenommen werden. Die Polizei ist dabei gesetzlich verpflichtet, alle Ma\u00dfnahmen zu treffen, um den Verbleib des Vermissten festzustellen.<\/p>\n\n\n\n<p>Wir k\u00f6nnen somit immer noch nicht ausschlie\u00dfen, dass f\u00fcr Thar keine Gefahr f\u00fcr Leib oder Leben besteht.<\/p>\n\n\n\n<p>Deshalb bitten wir nur als n\u00e4chsten Schritt die \u00d6ffentlichkeit um Mithilfe: <\/p>\n\n\n\n<p>Beschreibung von Thar:<\/p>\n\n\n\n<ul><li>ca. 175 cm gro\u00df<\/li><li>ca. 60 kg schwer<\/li><li>dunkle kurze Haare<\/li><li>Bekleidung unbekannt <\/li><\/ul>\n\n\n\n<p>Wer hat Thar seit dem 30.03.2021 gesehen? Wer kann Hinweise zum derzeitigen Aufenthaltsort von Thar geben? Wer kann helfen, mit Thar in Kontakt zu treten?<\/p>\n\n\n\n<p>Hinweise nimmt die Kriminalpolizei Ludwigshafen unter der Telefonnummer 0621 963-2773, per E-Mail\u00a0<a href=\"mailto:kiludwigshafen.k1.kdd@polizei.rlp.de\">kiludwigshafen.k1.kdd@polizei.rlp.de<\/a>\u00a0oder jede andere Polizeidienststelle entgegen.<\/p>\n\n\n\n<h4 class=\"wp-block-heading\">(Ludwigshafen) &#8211; R\u00fccknahme der \u00d6ffentlichkeitsfahndung<\/h4>\n\n\n\n<p>Der seit dem 30.03.2021 als vermisst geltende 16-j\u00e4hrige Thar hat sich gemeldet. Die \u00d6ffentlichkeitsfahndung nach dem Jugendlichen wird somit zur\u00fcckgenommen.<\/p>\n\n\n\n<p><\/p>\n\n\n\n<h4 class=\"wp-block-heading\">(Mannheim \/ Rhein-Neckar-Kreis \/ S\u00fcdhessen) &#8211; Einbr\u00fcche in Baustellen und Firmen; nahezu 700.000.- Euro Schaden; acht Tatverd\u00e4chtige wegen des Verdachts des schweren Bandendiebstahls in Untersuchungshaft<\/h4>\n\n\n\n<h4 class=\"wp-block-heading\">Gemeinsame Pressemitteilung der Staatsanwaltschaft Mannheim und des Polizeipr\u00e4sidiums Mannheim:<\/h4>\n\n\n\n<div class=\"wp-block-image\"><figure class=\"aligncenter\"><img decoding=\"async\" loading=\"lazy\" width=\"800\" height=\"438\" src=\"https:\/\/speyer24news.com\/wp-content\/uploads\/2021\/05\/13_mit_Logo.jpg\" alt=\"\" class=\"wp-image-36202\" srcset=\"https:\/\/speyer24news.com\/wp-content\/uploads\/2021\/05\/13_mit_Logo.jpg 800w, https:\/\/speyer24news.com\/wp-content\/uploads\/2021\/05\/13_mit_Logo-300x164.jpg 300w, https:\/\/speyer24news.com\/wp-content\/uploads\/2021\/05\/13_mit_Logo-768x420.jpg 768w\" sizes=\"(max-width: 800px) 100vw, 800px\" \/><\/figure><\/div>\n\n\n\n<p>Auf Antrag der Staatsanwaltschaft Mannheim wurden Haftbefehle gegen insgesamt acht Tatverd\u00e4chtige, sieben M\u00e4nner und eine Frau, im Alter von 19-36 Jahren erlassen.<\/p>\n\n\n\n<p>Sie stehen im dringenden Verdacht, in bislang 50 ermittelten F\u00e4llen in wechselnder Besetzung in Baustellen oder Firmen in Mannheim (16 F\u00e4lle), im Rhein-Neckar-Kreis (24) -darunter Ketsch (6), Br\u00fchl (3), Ladenburg (3) Weinheim (3), Meckesheim (1) und Eschelbronn (2)-, sowie in s\u00fcdhessischen Gemeinden (6) eingebrochen zu sein und Baumaschinen und Werkzeuge im Gesamtwert von nahezu 700.000.- Euro gestohlen zu haben. Darunter waren Gro\u00df- und Kleinger\u00e4te, u.a. R\u00fcttelplatten, Stampfer, eine Vielzahl von S\u00e4gen, Schleif- und Schneideger\u00e4ten, Bohrmaschinen sowie auch mehrere hochwertige Motorr\u00e4der und ein hochwertiges Auto.<\/p>\n\n\n\n<p>W\u00e4hrend sieben der acht Tatverd\u00e4chtigen im Laufe des Ermittlungszeitraums sukzessive festgenommen wurden, klickten beim letzten Tatverd\u00e4chtigen schlie\u00dflich Mitte April in der Wohnung einer Angeh\u00f6rigen in Mannheim die Handschellen.<\/p>\n\n\n\n<figure class=\"wp-block-image\"><img decoding=\"async\" loading=\"lazy\" width=\"800\" height=\"426\" src=\"https:\/\/speyer24news.com\/wp-content\/uploads\/2021\/05\/15_mit_Logo.jpg\" alt=\"\" class=\"wp-image-36203\" srcset=\"https:\/\/speyer24news.com\/wp-content\/uploads\/2021\/05\/15_mit_Logo.jpg 800w, https:\/\/speyer24news.com\/wp-content\/uploads\/2021\/05\/15_mit_Logo-300x160.jpg 300w, https:\/\/speyer24news.com\/wp-content\/uploads\/2021\/05\/15_mit_Logo-768x409.jpg 768w\" sizes=\"(max-width: 800px) 100vw, 800px\" \/><\/figure>\n\n\n\n<p>Die Kriminalpolizeidirektion Heidelberg ermittelt seit Mai 2020 gegen die deutsche Bande, die ihre Beute nach derzeitigen Erkenntnissen an bislang 15 ermittelte Abnehmer\/Hehler in Mannheim und im s\u00fcdlichen Rhein-Neckar-Kreis weiterver\u00e4u\u00dferte. Bei Durchsuchungen von Baustellen und Wohnanwesen der verd\u00e4chtigen Hehler Mitte April 2021 mit insgesamt 60 eingesetzten Beamten wurde eine Vielzahl der gestohlenen Baumaschinen beschlagnahmt, die mit einem Lkw zu weiteren Ermittlungen abtransportiert wurden. Auch gegen die verd\u00e4chtigen Hehler wurden Ermittlungsverfahren eingeleitet.<\/p>\n\n\n\n<p>Ob die Bande f\u00fcr weitere, \u00e4hnlich gelagerte F\u00e4lle verantwortlich zeichnet, ist Gegenstand weiterer Ermittlungen der Staatsanwaltschaft Mannheim und der Kriminalpolizeidirektion Heidelberg.<\/p>\n\n\n\n<h4 class=\"wp-block-heading\">(Mannheim-Innenstadt) &#8211; PKW kollidiert mit Stra\u00dfenbahn \/ rund 10.000 Euro Sachschaden<\/h4>\n\n\n\n<p>Am Donnerstag gegen 10:30 Uhr befuhr eine 50-j\u00e4hrige VW-Fahrerin die Stra\u00dfe zwischen E5 \/ E6 und wollte geradeaus in Richtung E6 \/ D6, als sie die Vorfahrt missachtete und mit einer Stra\u00dfenbahn der Linie 6 zusammenstie\u00df. Diese kam aus Richtung E5 \/ D5 und wollte in die gleiche Richtung wie die Autofahrerin. Gl\u00fccklicherweise wurde bei dem Zusammensto\u00df niemand verletzt. Die 25 Fahrg\u00e4ste konnten die Bahn nach kurzer Zeit verlassen und ihren Weg zu Fu\u00df fortsetzen. Da das Auto der 50-J\u00e4hrigen nicht mehr fahrbereit war, musste die Strecke kurzzeitig gesperrt werden. Die Stra\u00dfenbahnlinien 2 und 6 wurden f\u00fcr die Dauer von ca. einer Stunde umgeleitet. Zu gr\u00f6\u00dferen Versp\u00e4tungen kam es trotz allem nicht. Insgesamt entstand ein Gesamtsachschaden in H\u00f6he von rund 10.000 Euro.<\/p>\n\n\n\n<h4 class=\"wp-block-heading\">(Mannheim-Jungbusch) &#8211; Radfahrer f\u00e4hrt Auto auf und fl\u00fcchtet<\/h4>\n\n\n\n<p>Am Mittwoch gegen 17 Uhr soll in der Hafenstra\u00dfe ein Radfahrer einem vorausfahrenden VW-Fahrer in das Fahrzeugheck gefahren und anschlie\u00dfend gefl\u00fcchtet sein. Durch den Unfall entstand ein Sachschaden von mehreren Hundert Euro. Der Radfahrer soll wie folgt ausgesehen haben: zwischen 20 und 30 Jahre alt, sonnengebr\u00e4unte Hautfarbe, Baseball-Cap und Kopfh\u00f6rer, trug ein Paket in der Hand<\/p>\n\n\n\n<p>Zeugen, die den Unfall beobachtet haben oder Hinweise auf den Radfahrer geben k\u00f6nnen, werden gebeten, sich unter der Telefonnummer 0621\/174-4222 beim Verkehrsdienst Mannheim oder jeder anderen Polizeidienststelle zu melden.<\/p>\n\n\n\n<h4 class=\"wp-block-heading\">(Mannheim-Lindenhof) &#8211; Unbekannter verursacht Verkehrsunfall und fl\u00fcchtet \/ Polizei sucht Zeugen<\/h4>\n\n\n\n<p>Der Fahrer eines bislang unbekannten Fahrzeuges besch\u00e4digte in der Zeit zwischen Mittwochabend 20:30 Uhr und Donnerstagnachmittag 16:00 Uhr einen Audi A 5, der in der Paul-Wittsack-Stra\u00dfe am Fahrbahnrand in H\u00f6he des Anwesens Hausnummer 9 geparkt war. Der Unbekannte entfernte sich anschlie\u00dfend vom Unfallort ohne seiner Pflicht, den Unfall anzuzeigen, nachzukommen. Es entstand ein Sachschaden in H\u00f6he von 3000,- Euro. Das Polizeirevier Neckarau hat die Ermittlungen aufgenommen und bittet Zeugen, die sachdienliche Hinweise zu dem unbekannten Unfallverursacher bzw. dem Unfallhergang geben k\u00f6nnen, sich unter Telefon 0621\/83397-0, zu melden.<\/p>\n\n\n\n<h4 class=\"wp-block-heading\">(Mannheim-Lindenhof) &#8211; Transporterfahrer fl\u00fcchtet nach Unfall \/ Zeugen gesucht!<\/h4>\n\n\n\n<p>Am Mittwoch gegen 16:40 Uhr touchierte ein Transporterfahrer das Heck eines Toyotas, als sich beide Fahrzeuge an einer Engstelle in der Rheinaustra\u00dfe entgegneten. Die Fahrerin des Toyotas hatte an der Engstelle angehalten, um den Transporterfahrer passieren zu lassen. Nach dem Zusammensto\u00df fl\u00fcchtete der Fahrer des Transporters unerkannt. Die Frau versuchte noch zu wenden und die Verfolgung aufzunehmen, was ihr jedoch nicht gelang. Der wei\u00dfe Transporter war mit zwei M\u00e4nnern besetzt, wobei der Fahrer eine Kurzhaarfrisur trug. Zeugen, die den Unfall beobachtet haben oder Hinweise auf den Unfallverursacher geben k\u00f6nnen, werden gebeten, sich unter der Telefonnummer 0621\/83397-0 beim Polizeirevier Mannheim-Neckarau oder jeder anderen Polizeidienststelle zu melden.<\/p>\n\n\n\n<h4 class=\"wp-block-heading\">(Mannheim-Rheinau) &#8211; Unbekannte entwenden elektrische Zweir\u00e4der aus Keller \/ Polizei sucht Zeugen<\/h4>\n\n\n\n<p>Ein oder mehrere Unbekannte verschafften sich in der Zeit von Mittwoch, 17:00 Uhr bis Donnerstag, 08:30 Uhr auf bislang unbekannte Weise unberechtigt Zutritt zu den Kellerr\u00e4umen eines Anwesens in der Perreystra\u00dfe. Sie brachen die Schl\u00f6sser mehrerer Kellerabteile auf und entwendeten ein e-Bike und einen e-Scooter im Wert von \u00fcber 2000,- Euro. Die Polizei hat die Ermittlungen nach den unbekannten Einbrechern aufgenommen und bittet Zeugen, die sachdienliche Hinweise geben k\u00f6nnen, sich mit dem Polizeirevier in Mannheim-Neckarau, Tel.: 0621\/83397-0, in Verbindung zu setzen.<\/p>\n\n\n\n<h4 class=\"wp-block-heading\">(Mannheim \/ Heidelberg \/ Rhein-Neckar-Kreis) &#8211; Motorradfahrer stehen in den Startl\u00f6chern \/ Aktionswochenende zum Auftakt der Motorradsaison<\/h4>\n\n\n\n<p>Das sch\u00f6ne Wetter erweckt Fr\u00fchlingsgef\u00fchle bei den Bikern im S\u00fcdwesten und zahlreiche Motorradfahrer stehen in den Startl\u00f6chern. Damit die ersten Ausfahrten des Jahres ohne St\u00fcrze und Blessuren \u00fcber die B\u00fchne gehen, f\u00fchrt die Verkehrspolizei der Polizeipr\u00e4sidiums Mannheim am kommenden Wochenende Schwerpunktkontrollen an gef\u00e4hrlichen und bei Bikern beliebten Strecken durch. Hauptaugenmerk liegt dabei auf der Bek\u00e4mpfung der Hauptunfallursache &#8222;nichtangepasste Geschwindigkeit&#8220; sowie auf der \u00dcberpr\u00fcfung des technischen Zustands der Motorr\u00e4der.<\/p>\n\n\n\n<p>In vergn\u00fcgungsarmen Zeiten wie diesen freuen sich viele Motorradfahrer auf den Start der Saison. Die Fahrt auf dem Zweirad verhei\u00dft Freiheit von den Einschr\u00e4nkungen der Corona-Krise. Wenn die Biker alleine mit ihrer Maschine unterwegs sind oder eine Sozia dabeihaben und nicht in Gruppen fahren, ist das in Ordnung. Der traditionelle Halt, z.B. an Bikertreffs, um sich mit Motorradfreunden auszutauschen, ist jedoch wegen der Ansteckungsgefahr tabu.<\/p>\n\n\n\n<p>Das Polizeipr\u00e4sidium Mannheim ist f\u00fcr viele beliebte Kurvenstrecken im vorderen Odenwald und im Rhein-Neckar-Kreis zust\u00e4ndig und verweist auf ein erh\u00f6htes Unfallrisiko zum Saisonbeginn, wenn die Biker noch unge\u00fcbt sind und auch die Autofahrer sich erst wieder an die Motorr\u00e4der gew\u00f6hnen m\u00fcssen. Zudem seien die Stra\u00dfen aufgrund der aktuellen Lage derzeit weniger voll. Dies k\u00f6nne manche dazu verleiten, die eigenen F\u00e4higkeiten zu \u00fcbersch\u00e4tzen.<\/p>\n\n\n\n<p>Die Zahl der Motorradunf\u00e4lle ging im Jahr 2020 um rund 14 Prozent auf 500 zur\u00fcck. Dabei wurden vier Personen get\u00f6tet, 97 schwerverletzt und 275 Motorradfahrer leicht verletzt. Neben der Unfallursache &#8222;nichtangepasste Geschwindigkeit&#8220; (74 Unf\u00e4lle) waren ungen\u00fcgender Sicherheitsabstand (59) und \u00fcberholen trotz unklarer Verkehrslage (48) wie weiteren Ursachen f\u00fcr Unf\u00e4lle.<\/p>\n\n\n\n<p>Die Erfahrungen der vergangenen Jahre zeigten, dass schon die Pr\u00e4senz der Polizei w\u00e4hrend der Kontrollen eine deutlich defensivere Fahrweise bewirkt.<\/p>\n\n\n\n<p>Hauptgefahrenquellen sind vom Frost aufgerissene Schlagl\u00f6cher, rutschige Fahrbahnen in schattigen Kurven und landwirtschaftliche Fahrzeuge, die aus Wald- und Feldwegen unvermittelt auf die Stra\u00dfe einbiegen. Zudem m\u00fcssten sich die Fahrer nach monatelanger Pause auf die neue Situation einstellen und die Routine mit der Maschine \u00fcben. \u00abDas langsame Herantasten an die Geschwindigkeit und die Schr\u00e4glage sind gerade am Anfang f\u00fcr den besonnenen Biker unerl\u00e4sslich\u00bb, r\u00e4t die Polizei.<\/p>\n\n\n\n<p>Auch der technische Zustand des Motorrades nach dem Winterschlaf geh\u00f6re \u00fcberpr\u00fcft: Reifenprofil und -druck sowie \u00d6l und Bremsfl\u00fcssigkeit. Das Sicherheitsforum &#8222;Gib acht im Verkehr&#8220; betont: &#8222;Mit einem Fahrtraining zum Saisonstart und dem technischen Check des Fahrzeugs sind nicht nur Anf\u00e4nger gut ger\u00fcstet.&#8220;<\/p>\n\n\n\n<h4 class=\"wp-block-heading\">(Heidelberg) &#8211; Verkehrsunfall mit erheblichen Verkehrsbehinderungen<\/h4>\n\n\n\n<h4 class=\"has-text-align-center wp-block-heading\">Pressemitteilung Nr. 1<\/h4>\n\n\n\n<p>Auf der Speyerer Stra\u00dfe ereignete sich am Freitag gegen 13.10 Uhr ein Verkehrsunfall, durch den der Verkehr aus und in Richtung Innenstadt teilweise zum Erliegen. \u00dcber den Unfallhergang und Verletzte liegen noch keine Erkenntnisse vor.<\/p>\n\n\n\n<h4 class=\"wp-block-heading\">(Heidelberg) &#8211; Zwei Verletzte bei Verkehrsunfall auf Speyerer Stra\u00dfe; 40.0000.- Euro Schaden; Lob f\u00fcr Ersthelfer<\/h4>\n\n\n\n<h4 class=\"has-text-align-center wp-block-heading\">Pressemitteilung Nr. 2<\/h4>\n\n\n\n<p>Zwei Verletzte und ein Sachschaden von rund 40.000.- Euro ist die Bilanz eines Verkehrsunfalls, der sich am Freitagnachmittag, kurz nach 13 Uhr, auf der Speyerer Stra\u00dfe ereignete.<\/p>\n\n\n\n<p>Wie die bisherigen Ermittlungen der Verkehrspolizei Heidelberg ergaben, wollte eine 42-j\u00e4hrige Mercedes-Fahrerin vom Diebsweg kommend verbotenerweise \u00fcber die Bus- und Taxispur die Speyerer Stra\u00dfe in Richtung Pleikartsf\u00f6rster Stra\u00dfe \u00fcberqueren.<\/p>\n\n\n\n<p>Die hatte zur Folge, dass sie mit einer 21-j\u00e4hrigen Skoda-Fahrerin kollidierte, die auf der Speyerer Stra\u00dfe stadtausw\u00e4rts unterwegs war.<\/p>\n\n\n\n<p>Beide Frauen wurden verletzt, die 21-j\u00e4hrige schwer. Sie wurden nach ihrer not\u00e4rztlichen Behandlung mit Rettungswagen in eine Klinik gebracht. Beide Fahrzeuge sind Totalschaden und wurden abgeschleppt.<\/p>\n\n\n\n<p>Die Unfallstelle war bis kurz nach 14 Uhr voll gesperrt. Dies hatte erhebliche Auswirkungen auf den Verkehr von und zur Innenstadt. Der Verkehr wurde \u00f6rtlich umgeleitet, Polizeibeamte waren zur Verkehrsregelung im Einsatz.<\/p>\n\n\n\n<p>Nach dem derzeitigen Ermittlungsstand zeigte die Ampelanlage f\u00fcr die 21-j\u00e4hrige Skoda-Fahrerin beim Einfahren in den Kreuzungsbereich Gr\u00fcnlicht. Dennoch werden Zeugen, die mit ihren Fahrzeugen ebenfalls stadtausw\u00e4rts fuhren, den Unfall beobachteten und Informationen zur Ampelschaltung geben k\u00f6nnen, gebeten, sich mit der Verkehrspolizei Heidelberg, Tel.: 0621\/174-4111 in Verbindung zu setzen.<\/p>\n\n\n\n<p>Von polizeilicher Seite aus geht ein besonderes Lob an die vielen Ersthelfer, die sich sofort um beide zun\u00e4chst in ihren Fahrzeugen eingeklemmten Frauen bis zum Eintreffen der Rettungskr\u00e4fte gek\u00fcmmert und ihnen Beistand und Erste Hilfe geleistet haben.<\/p>\n\n\n\n<h4 class=\"wp-block-heading\">(Heidelberg-Neuenheim) &#8211; Fahrzeug aus bislang unbekannter Ursache in Brand geraten<\/h4>\n\n\n\n<p>Am Freitag gegen 14:40 Uhr geriet auf einem Parkplatz im Mittleren Klosterweg der Motorraum eines Volvos aus bislang noch ungekl\u00e4rter Ursache in Brand. Der Feuerwehr Heidelberg gelang es, das Feuer schnell unter Kontrolle zu bringen. Der Brandermittler des Polizeireviers Heidelberg-Nord nimmt sich den Ermittlungen zur Brandursache an.<\/p>\n\n\n\n<h4 class=\"wp-block-heading\">(Heidelberg-Bahnstadt) &#8211; Diebstahl in Baumarkt \/ Zeugen gesucht<\/h4>\n\n\n\n<p>Zwei M\u00e4nner im Alter von 26 und 37 Jahren entwendeten am Donnerstagabend in einem Baumarkt im Stadtteil Bahnstadt Bauartikel im Wert von rund 600 Euro. Die M\u00e4nner suchten gegen 20 Uhr den Drive-in-Bereich des Marktes in der Eppelheimer Stra\u00dfe auf. Hier entnahmen sie verschiedene Artikel aus den Regalen und verbargen sie in der Reserveradmulde im Kofferraum ihres Fahrzeugs. Anschlie\u00dfend wollten sie den Kassenbereich passieren ohne zu bezahlen. Daran wurden sie jedoch vom Ladendetektiv gehindert, der das Tun der beiden M\u00e4nner zuvor beobachtet hatte und anschlie\u00dfend die Polizei verst\u00e4ndigte. Beim Eintreffen der Beamten durchsuchten diese die M\u00e4nner und fanden dabei ein Cuttermesser sowie mehrere Stichs\u00e4gebl\u00e4tter in der Arbeitshose des 26-J\u00e4hrigen. Gegen beide wird nun wegen Diebstahls, gegen den 26-j\u00e4hrigen Mann wegen Diebstahls im besonders schweren Fall.<\/p>\n\n\n\n<h4 class=\"wp-block-heading\">(Heidelberg-Bergheim) &#8211; 54-j\u00e4hriger Mann betrunken mit eScooter unterwegs<\/h4>\n\n\n\n<p>Am fr\u00fchen Freitagmorgen war ein 54-j\u00e4hriger Mann unter Alkoholeinfluss mit einem eScooter im Stadtteil Bergheim unterwegs. Er fiel einer Polizeistreife kurz vor zwei Uhr wegen seiner unsicheren Fahrweise in Schlangenlinien auf, als er mit einem eScooter im Czernyring in Richtung Bergheimer Stra\u00dfe unterwegs war. Er wurde kurz vor der Einm\u00fcndung in die Bergheimer Stra\u00dfe gestoppt und kontrolliert. Dabei bemerkten die Beamten Alkoholgeruch in dessen Atem, zudem schwankte er leicht beim Gehen und Stehen. Ein Alkoholtest ergab einen Wert von rund 1,3 Promille. Ihm wurde anschlie\u00dfend eine Blutprobe entnommen. Gegen ihn wird nun wegen Trunkenheit im Stra\u00dfenverkehr ermittelt. Sein F\u00fchrerschein wurde zu den Akten genommen.<\/p>\n\n\n\n<h4 class=\"wp-block-heading\">(Heidelberg-Handschuhsheim) &#8211; E-Bike aus Fahrradkeller gestohlen \/ Polizei sucht Zeugen<\/h4>\n\n\n\n<p>Ein unbekannter T\u00e4ter entwendete in der Nacht von Mittwoch auf Donnerstag im Stadtteil Handschuhsheim aus dem Fahrradkeller eines Mehrfamilienhauses im Stadtteil Handschuhsheim ein hochwertiges E-Bike. Der Gesch\u00e4digte stellte das E-Bike der Marke Rail 5 SX am Mittwoch, gegen 19 Uhr verschlossen im Fahrradkeller des Anwesens in der Tr\u00fcbnerstra\u00dfe ab. Als er am n\u00e4chsten Morgen, gegen 6 Uhr den Abstellort wieder aufsuchte, war das E-Bike verschwunden. Auf welche Weise der T\u00e4ter in den Kellerraum gelangte, ist derzeit unklar. Der Wert des E-Bike wird mit rund 4.500 Euro beziffert.<\/p>\n\n\n\n<p>Zeugen, die verd\u00e4chtige Wahrnehmungen gemacht haben und sachdienliche Hinweise zum T\u00e4ter geben k\u00f6nnen, werden gebeten, sich beim Polizeirevier Heidelberg-Nord, Tel.: 06221\/4569-0 zu melden.<\/p>\n\n\n\n<h4 class=\"wp-block-heading\">(Heidelberg-Pfaffengrund) &#8211; Auto und Radfahrerin kollidieren \/ Eine leicht verletzte Person<\/h4>\n\n\n\n<p>Zu einem Verkehrsunfall kam es am Donnerstag gegen 10 Uhr in der Stra\u00dfe &#8222;Im Buschgewann&#8220; an der Kreuzung zur Marktstra\u00dfe. Eine 50-J\u00e4hrige Mercedes-Fahrerin war auf der Stra\u00dfe &#8222;Im Buschgewann&#8220; unterwegs, als sie beim links abbiegen auf den Parkplatz einer Apotheke eine 59-J\u00e4hrige entgegenkommende Radfahrerin \u00fcbersah und mit ihr kollidierte. Die Radfahrerin wurde bei dem Unfall leicht verletzt und wurde mit einem Rettungswagen in ein Krankenhaus gebracht.<\/p>\n\n\n\n<h4 class=\"wp-block-heading\">(Heidelberg-Ziegelhausen) &#8211; Versuchter Wohnungseinbruch \/ Zeugen gesucht!<\/h4>\n\n\n\n<p>Einem bislang unbekannten T\u00e4ter ist es in der Nacht von Dienstag auf Mittwoch gl\u00fccklicherweise nicht gelungen in ein Reihenhaus In der Neckarhelle einzubrechen. Vermutlich \u00fcber die Stra\u00dfe &#8222;Neuer Weg&#8220; gelangte der Unbekannte an die R\u00fcckseite des Wohnhauses und versuchte sich \u00fcber die Terrassent\u00fcr gewaltsam Zutritt zu verschaffen. Warum der Einbrecher von seinem Vorhaben ablie\u00df, ist bislang nicht bekannt. An der Terrassent\u00fcr entstand Sachschaden in noch unbekannter H\u00f6he.<\/p>\n\n\n\n<p>Zeugen, die verd\u00e4chtige Personen gesehen haben oder sonstige sachdienliche Hinweise geben k\u00f6nnen, werden gebeten sich beim Polizeirevier Heidelberg-Nord unter der Tel.:06221 4569 &#8211; 0 zu melden.<\/p>\n\n\n\n<h4 class=\"wp-block-heading\">(Ketsch \/ Rhein-Neckar-Kreis) &#8211; Vorfahrt missachtet und Unfall verursacht \/ Sehr hoher Sachschaden<\/h4>\n\n\n\n<p>Zu einem Verkehrsunfall kam es am Donnerstag gegen 19 Uhr an der Kreuzung Seestra\u00dfe \/ Hildastra\u00dfe. Ein 55-J\u00e4hriger Mercedes-Fahrer war auf der Hildastra\u00dfe in Fahrtrichtung Seestra\u00dfe unterwegs. An der Kreuzung zur Seestra\u00dfe \u00fcbersah er eine 71-J\u00e4hriger Mercedes-Fahrerin, welche von rechts gefahren kam und missachtete ihre Vorfahrt. Beide Autos kollidierten miteinander, waren anschlie\u00dfend nicht mehr fahrbereit und mussten abgeschleppt werden. Verletzt wurde gl\u00fccklicherweise niemand, der Sachschaden betr\u00e4gt rund 25.000EUR.<\/p>\n\n\n\n<h4 class=\"wp-block-heading\">(Hockenheim \/ A 6 \/ Rhein-Neckar-Kreis) &#8211; Sattelzug f\u00e4hrt in Sperrwand<\/h4>\n\n\n\n<h4 class=\"has-text-align-center wp-block-heading\">Pressemeldung Nr. 1<\/h4>\n\n\n\n<p>Am fr\u00fchen Freitagmorgen, gegen 02.00 Uhr, fuhr eine LKW-Fahrerin mit ihrem Sattelzug von der A61 auf die A6 in Fahrtrichtung Heilbronn. Aufgrund Unachtsamkeit \u00fcbersah sie hierbei eine auf der rechten Fahrspur abgestellte Sperrwand einer Baustelle und konnte nicht mehr rechtzeitig bremsen, sodass es zu einer Kollision mit der Sperrwand kam. Sowohl die LKW-Fahrerin, als auch die auf der Baustelle befindlichen Arbeiter blieben gl\u00fccklicherweise unverletzt. Derzeit ist aufgrund von Bergungsarbeiten nur der linke Fahrstreifen befahrbar.<\/p>\n\n\n\n<h4 class=\"wp-block-heading\">(Hockenheim \/ A 6 \/ Rhein-Neckar-Kreis) &#8211; Sattelzug f\u00e4hrt in Sperrwand \/ Fahrbahn wieder frei<\/h4>\n\n\n\n<h4 class=\"has-text-align-center wp-block-heading\">Pressemitteilung Nr. 2<\/h4>\n\n\n\n<p>Wie bereits berichtet fuhr am Freitagmorgen, gegen 02.00 Uhr, ein Sattelzug von der BAB 61 auf die BAB 6 in Fahrtrichtung Heilbronn. Nach derzeitigem Ermittlungsstand \u00fcbersah die 47-j\u00e4hrige Lenkerin des Sattelzuges infolge Unachtsamkeit eine wegen einer Nachtbaustelle in H\u00f6he der Rastanlage Hockenheim-West aufgestellte Sperrwand und kollidierte mit dieser. Verletzte waren nicht zu verzeichnen. Durch die Kollision blockierte der nicht mehr fahrbereite Sattelzug den rechten und mittleren Fahrstreifen. F\u00fcr die Dauer der Unfallaufnahme, Reinigungs- und Bergungsarbeiten musste die Fahrtrichtungsfahrbahn in Richtung Heilbronn voll gesperrt werden. Der nachfolgende Verkehr konnte \u00fcber die Rastanlage Hockenheim-West umgeleitet werden. Dennoch kam es zu Verkehrsbehinderungen und einer Staubildung bis zu einer L\u00e4nge von 1 Kilometer. W\u00e4hrend der Schaden am Sattelzug mit ca. 60 000,- Euro beziffert wird, bel\u00e4uft sich der Schaden an der Sperrwand auf ca. 20 000,- Euro. Nach Beendigung der Aufr\u00e4umarbeiten konnte die BAB 6 kurz vor 06.00 Uhr wieder vollst\u00e4ndig f\u00fcr den Verkehr freigegeben werden.<\/p>\n\n\n\n<h4 class=\"wp-block-heading\">(Hockenheim \/ Rhein-Neckar-Kreis) &#8211; 24-J\u00e4hriger unter Drogeneinfluss und ohne F\u00fchrerschein unterwegs<\/h4>\n\n\n\n<p>Ein 24-J\u00e4hriger war am Donnerstag nicht nur ohne F\u00fchrerschein unterwegs, sondern stand w\u00e4hrenddessen vermutlich auch unter dem Einfluss von Drogen. Gegen 17:45 Uhr verst\u00e4ndigte der Inhaber einer Autovermietungsfirma in der Gleisstra\u00dfe die Beamten des Polizeireviers Hockenheim, nachdem er den 24-J\u00e4hrigen in einem seiner Mietautos fahrend feststellte. Das Problem an der Sache: Der Mann soll aktuell keinen F\u00fchrerschein haben! Eine \u00dcberpr\u00fcfung der Polizisten vor Ort best\u00e4tigte schlie\u00dflich die Vermutung des Firmeninhabers. Im Gespr\u00e4ch mit dem jungen Mann ergab sich zudem der Verdacht, dass dieser auch unter dem Einfluss berauschender Mittel stand. Ein freiwillig durchgef\u00fchrter Drogenvortest reagierte positiv auf Kokain. Der 24-J\u00e4hrige musste die Beamten daraufhin auf das Polizeirevier begleiten, wo er freiwillig eine Blutprobe abgab. Das Ergebnis der Untersuchung steht derzeit noch aus. Nachdem die polizeilichen Ma\u00dfnahmen beendet waren, durfte der junge Mann seinen Nachhauseweg zu Fu\u00df antreten. Wie der 24-J\u00e4hrige \u00fcberhaupt an den Autoschl\u00fcssel gekommen ist, ist derzeit Gegenstand der Ermittlungen. Den 24-J\u00e4hrigen erwarten nun Strafanzeigen wegen Fahren ohne Fahrerlaubnis und Fahren unter Einwirkung berauschender Mittel.<\/p>\n\n\n\n<h4 class=\"wp-block-heading\">(Hockenheim \/ A 6 \/ Rhein-Neckar-Kreis) &#8211;  Schwerpunktkontrollen zur Bek\u00e4mpfung der Hauptunfallursache Alkohol und Drogen im Stra\u00dfenverkehr<\/h4>\n\n\n\n<p>Unter Federf\u00fchrung der Autobahnpolizei Walldorf f\u00fchrte das Polizeipr\u00e4sidium Mannheim am Donnerstag, 06.05.2021, zwischen 09.30 Uhr und 15.00 Uhr in Zusammenarbeit mit dem Kompetenzteam &#8222;Drogen im Stra\u00dfenverkehr&#8220; auf der Tank- und Rastanlage &#8222;Hockenheimring&#8220; eine Schwerpunktkontrollaktion mit der Zielrichtung Bek\u00e4mpfung der Hauptunfallursache Drogen und Alkohol im Stra\u00dfenverkehr durch.<\/p>\n\n\n\n<p>Zur Bek\u00e4mpfung des Fahrens unter Drogeneinfluss und zur Aufhellung des offensichtlich bestehenden Dunkelfeldes wurden bei der Kontrolle insgesamt 39 Fahrzeuge und 49 Personen kontrolliert.<\/p>\n\n\n\n<p>Insgesamt wurden 6 Fahrer, die unter Drogeneinfluss am Stra\u00dfenverkehr teilnahmen, festgestellt. Ihnen wurden an der Kontrollstelle durch einen Arzt Blutproben entnommen. Gegen acht Tatverd\u00e4chtige wurden Strafverfahren wegen Drogenbesitzes eingeleitet.<\/p>\n\n\n\n<p>An der Kontrollstelle waren insgesamt 6 Beamte der Autobahnpolizei Walldorf, 8 Beamte der Verkehrsdienste Mannheim und Heidelberg, 2 Beamte der Autobahnpolizei Mannheim sowie 9 Beamte der Polizeireviere als Schulungsteilnehmer sowie das Kompetenzteam des Polizeipr\u00e4sidiums Mannheim eingesetzt.<\/p>\n\n\n\n<p>Weitere Ergebnisse:<\/p>\n\n\n\n<ul><li>1 x Versto\u00df gegen das Waffengesetz<\/li><li>1 x Versto\u00df gegen das Pflichtversicherungsgesetz<\/li><li>Sicherstellung geringer Mengen an Haschisch <\/li><\/ul>\n\n\n\n<p>Die intensive Fortbildung aller Verkehrspolizisten und immer mehr Beamten\/-innen der Streifendienste der Polizeireviere, die Zentralisierung der Qualit\u00e4tskontrolle sowie die \u00dcbernahme der Fachaufsicht durch eine Expertengruppe &#8222;Drogen im Stra\u00dfenverkehr&#8220; hat in den letzten Jahren zu einer deutlichen Qualit\u00e4tssteigerung und Intensivierung bei der Bek\u00e4mpfung der Hauptunfallursache Drogen im Stra\u00dfenverkehr gef\u00fchrt. Verkehrsteilnehmer, die sich unter Drogeneinfluss ans Steuer setzen, m\u00fcssen k\u00fcnftig zu jeder Zeit an jeder beliebigen Stelle damit rechnen, in eine Drogenkontrolle zu geraten. Die Schulungen und Kontrollen werden intensiv fortgesetzt.<\/p>\n\n\n\n<h4 class=\"wp-block-heading\">(Leimen \/ Rhein-Neckar-Kreis) &#8211; Unfallflucht; Paketfahrer Verursacher?; Zeugen gesucht<\/h4>\n\n\n\n<p>Am Donnerstagvormittag ereignete sich in der K\u00f6nigsberger Stra\u00dfe ein Verkehrsunfall, bei dem ein bislang unbekannter Autofahrer gegen 10.20 Uhr, einen Opel beim Rangieren besch\u00e4digte, der vor dem Anwesen Nr. 38 B geparkt war. Der Schaden bel\u00e4uft sich nach ersten Sch\u00e4tzungen auf \u00fcber 2.000.- Euro.<\/p>\n\n\n\n<p>Wie die bisherigen Ermittlungen ergaben, k\u00f6nnte ein Paketbote, der mit einem wei\u00dfen Transporter unterwegs war, der Verursacher sein. Nach Beobachtung eines Zeugen war der Mann aus seinem Fahrzeug ausgestiegen und hatte sich den Schaden am Opel angesehen, war aber dann dennoch weitergefahren. Der Unbekannte hatte offenbar ein Paket in die angrenzende Dresdner Stra\u00dfe ausgeliefert.<\/p>\n\n\n\n<p>Zeugen, die Hinweise zu dem Unfall und dem unbekannten Fahrer des wei\u00dfen Transporters geben k\u00f6nnen, insbesondere Anwohner, die am sp\u00e4ten Donnerstagvormittag ein Paket von einem Paketdienst entgegennahmen, werden gebeten, sich mit dem Polizeirevier Wiesloch, Tel.: 06222\/5709-0 in Verbindung zu setzen.<\/p>\n\n\n\n<h4 class=\"wp-block-heading\">(Leimen \/ Rhein-Neckar-Kreis) &#8211; 65-j\u00e4hrige Frau wird Opfer eines angeblichen Microsoft-Mitarbeiters<\/h4>\n\n\n\n<p>Eine 65-j\u00e4hrige Frau wurde am Dienstag Opfer eines angeblichen Microsoft-Mitarbeiters. Die Frau erhielt gegen 11:00 Uhr den Anruf eines unbekannten Mannes der vorgab vom Support-Team zu sein und dass auf dem PC der Frau ein Hacker- bzw. Virenangriff festgestellt worden w\u00e4re. Er \u00fcberredete die Frau, ihm Fernzugriff zu ihrem PC zu gew\u00e4hren und sich anschlie\u00dfend in ihr Onlinebanking-Konto einzuloggen. Hierdurch konnte der Betr\u00fcger einen vierstelliger Geldbetrag auf ein anderes Bankkonto transferieren, was die 65-J\u00e4hrige erst sp\u00e4ter bemerkte.<\/p>\n\n\n\n<p>Bitte beachten Sie folgende Warnhinweise:<\/p>\n\n\n\n<ul><li>Die Firma Microsoft f\u00fchrt solche Anrufe nicht durch (Hinweise hierzu auch auf der Microsoft-Homepage)<\/li><li>Nicht auf Anrufe von angeblichen Microsoft-Mitarbeitern eingehen und sofort auflegen.<\/li><li>Auf keinen Fall pers\u00f6nliche Daten, Bankkonto- oder  Kreditkartendaten oder Zahlungsdaten wie PINs oder TANs an Unbekannte oder Dritte herausgeben<\/li><li>Keine Software installieren oder installieren lassen. <\/li><\/ul>\n\n\n\n<p>Wenn Sie bereits Opfer einer solchen Straftat wurden, dann beachten Sie bitte folgende Hinweise:<\/p>\n\n\n\n<ul><li>Rechner sofort vom Internet trennen und runterfahren.<\/li><li>\u00dcber einen anderen nicht infizierten Rechner unverz\u00fcglich betroffene Passw\u00f6rter \u00e4ndern.<\/li><li>Kontakt zu den Zahlungsdiensten und Unternehmen aufnehmen, deren      Zugangsdaten in den Besitz der T\u00e4ter gelangt sind<\/li><li>Vom Geldinstitut beraten lassen, ob bereits get\u00e4tigte Zahlungen       zur\u00fcckgeholt werden k\u00f6nnen<\/li><li>Anzeige bei der Polizei erstatten!<\/li><\/ul>\n\n\n\n<h4 class=\"wp-block-heading\">(Gaiberg \/ Rhein-Neckar-Kreis) &#8211; Gartenhecke f\u00e4ngt Feuer und l\u00f6st Feuerwehreinsatz aus<\/h4>\n\n\n\n<p>Funkenflug war vermutlich die Ursache f\u00fcr die Entstehung eines Brandes am Donnerstag gegen 13.15 Uhr auf einem Anwesen in der Hermann-L\u00f6ns-Stra\u00dfe. Bei Schwei\u00dfarbeiten auf der Terrasse flogen Funken auf eine nahegelegene Hecke. Diese geriet hierdurch in Brand. Noch vor dem Eintreffen der Freiwilligen Feuerwehren aus Gaiberg und Bammental war das Feuer weitestgehend gel\u00f6scht. Auf die Hauswand des Wohngeb\u00e4udes war das Feuer nicht \u00fcbergegangen. Die Au\u00dfenfassade geriet jedoch in Mitleidenschaft &#8211; sie wurde stark durch Ru\u00df geschw\u00e4rzt. Der entstandene Sachschaden wird auf ca. 10.000 Euro gesch\u00e4tzt.<\/p>\n\n\n\n<h4 class=\"wp-block-heading\">(Neckargem\u00fcnd \/ Rhein-Neckar-Kreis) &#8211; Schwer verletzte Person aufgefunden; Verkehrsunfallgeschehen nicht ausgeschlossen; Zeugen gesucht<\/h4>\n\n\n\n<p>Am Freitagmorgen, gegen 5.40 Uhr, wurde das Polizeirevier Neckargem\u00fcnd \u00fcber eine Person in der Neckarstra\u00dfe informiert, die sich offenbar in einem orientierungslosen Zustand befand.<\/p>\n\n\n\n<p>Der Mann wurde in H\u00f6he des Anwesens 22 mitten auf der Stra\u00dfe angetroffen. Er wies Verletzungen am K\u00f6rper auf, darunter auch eine klaffende Kopfplatzwunde.<\/p>\n\n\n\n<p>Der Mann, wie mittlerweile in Erfahrung gebracht worden war, ein 35-J\u00e4hriger Obdachloser, wurde nach seiner not\u00e4rztlichen Behandlung mit einem Rettungswagen in eine Klinik gebracht. Dort wurde er wegen einer akuten Unterk\u00fchlung und erheblicher Drogenbeeinflussung station\u00e4r aufgenommen. Aller Wahrscheinlichkeit nach hatte der Mann die Nacht unter freiem Himmel verbracht.<\/p>\n\n\n\n<p>Aufgrund des diagnostizierten Verletzungsmusters d\u00fcrfte er gest\u00fcrzt sein. Allerdings ist auch ein Unfallgeschehen mit einem Fahrzeug nicht ausgeschlossen.<\/p>\n\n\n\n<p>Deshalb werden Zeugen, die wissen, wo sich der Mann, in der Nacht von Donnerstag auf Freitag aufhielt, gebeten, sich zu melden. Er trug bei Antreffen eine kurze, dunkle Hose, einen hellblauen Kapuzenpulli, schwarze Sneakers und einen dunklen Rucksack.<\/p>\n\n\n\n<p>Hinweise bitte unter Tel.: 06223\/9254-0 an das Neckargem\u00fcnder Polizeirevier.<\/p>\n\n\n\n<h4 class=\"wp-block-heading\">(Reichartshausen \/ Rhein-Neckar-Kreis) &#8211; Geldkasse in Hofladen aufgebrochen; H\u00f6he der Beute noch unbekannt; Zeugen gesucht<\/h4>\n\n\n\n<p>Ein bislang unbekannter T\u00e4ter entwendete bereits am Mittwoch den 5. Mai, zwischen 12.30-17.00 Uhr aus der Geldkasse eines Hofladens in der Friedhofstra\u00dfe eine noch unbekannte Bargeldmenge.<\/p>\n\n\n\n<p>Hierzu brach er mit Gewalt die Kasse auf und griff durch den so entstandenen Spalt.<\/p>\n\n\n\n<p>Bei dem Hofladen in der Friedhofstra\u00dfe handelt es sich um ein nicht dauerhaft besetztes Ladengesch\u00e4ft, in dem Blumen und landwirtschaftliche Erzeugnisse angeboten werden.<\/p>\n\n\n\n<p>Der Kaufpreis wird dadurch entrichtet, dass das Geld durch den Schlitz in eine Kasse eingeworfen wird, die an der Verkaufstheke fest verschraubt ist.<\/p>\n\n\n\n<p>Zeugen, die Hinweise zur Tat und\/oder dem T\u00e4ter geben k\u00f6nnen, werden gebeten, sich mit dem Polizeiposten Waibstadt, Tel.: 07263\/5807 oder mit dem Polizeirevier Sinsheim, Tel.: 07261\/690-0 in Verbindung zu setzen.<\/p>\n\n\n\n<h4 class=\"wp-block-heading\">(Epfenbach \/ Rhein-Neckar-Kreis) &#8211; Totalschaden an geparktem Auto verursacht und gefl\u00fcchtet \/ Zeugen gesucht!<\/h4>\n\n\n\n<p>Im Zeitraum von Dienstag gegen 21:00 Uhr bis Mittwoch gegen 08:00 Uhr kollidierte &#8222;Am Zuckerbaum&#8220; ein bislang unbekannter Unfallverursacher mit einem am Stra\u00dfenrand geparkten Peugeot, verursachte einen Totalschaden und fl\u00fcchtete. Nach derzeitigem Stand der Ermittlungen handelt es sich um ein rotes Verursacherfahrzeug. Zeugen, die den Unfall beobachtet haben oder Hinweise auf den Unfallverursacher geben k\u00f6nnen, werden gebeten, sich unter der Telefonnummer 0621\/174-4163 beim Verkehrsdienst Heidelberg oder jeder anderen Polizeidienststelle zu melden.<\/p>\n\n\n\n<h4 class=\"wp-block-heading\">(Neckarbischofsheim \/ Rhein-Neckar-Kreis) &#8211; Qualm in Firmengeb\u00e4ude l\u00f6st Feuerwehreinsatz aus<\/h4>\n\n\n\n<p>Die Mitarbeiterin einer Herstellerfirma in der Untergimpern Landstra\u00dfe stellte am fr\u00fchen Donnerstagmorgen Qualm in einem der Firmengeb\u00e4ude fest und l\u00f6ste einen Notruf aus. Die alarmierte Freiwillige Feuerwehr Neckarbischofsheim kam mit vier Fahrzeugen zum Brandort und brachte das Feuer schnell unter Kontrolle. Der entstandene Schaden wird auf ca. 5000 Euro gesch\u00e4tzt. Das Polizeirevier Sinsheim ermittelt nach der Brandursache. Diese wird in einem technischen Defekt in der Verzinnungsanlage vermutet.<\/p>\n\n\n\n<h4 class=\"wp-block-heading\">(Sinsheim \/ Rhein-Neckar-Kreis) &#8211; Unfall im Einm\u00fcndungsbereich, eine Verletzte; 10.000.- Euro Schaden; beide Fahrzeuge abgeschleppt<\/h4>\n\n\n\n<p>Am Donnerstagvormittag ereignete sich an der Einm\u00fcndung von der B 292 auf die B 39 (Hauptstra\u00dfe) ein Verkehrsunfall, bei dem eine Person verletzt wurde und ein Sachschaden von rund 10.0000.- Euro entstand.<\/p>\n\n\n\n<p>Eine 69-j\u00e4hrige Mercedes-Fahrerin wollte kurz vor 11 Uhr nach links in Richtung Hoffenheim abbiegen, als sie eine 61-j\u00e4hrige Fiat-Fahrerin \u00fcbersah, die stadteinw\u00e4rts fuhr. Durch den Zusammensto\u00df wurde die 61-j\u00e4hrige leicht verletzt und beide Fahrzeuge total besch\u00e4digt. Sie wurden abgeschleppt.<\/p>\n\n\n\n<h4 class=\"wp-block-heading\">(Schriesheim \/ Rhein-Neckar-Kreis) &#8211; Raub\u00fcberfall auf EDEKA-Markt; Fahndung bislang ohne Ergebnis; Zeugen dringend gesucht<\/h4>\n\n\n\n<h4 class=\"has-text-align-center wp-block-heading\">Pressemitteilung Nr. 3<\/h4>\n\n\n\n<p>Die Fahndung nach dem unbekannten T\u00e4ter, der am Donnerstagnachmittag gegen 15.45 Uhr den EDEKA-Markt in der Bismarckstra\u00dfe \u00fcberfiel, verlief bislang ohne Ergebnis.<\/p>\n\n\n\n<p>Der T\u00e4ter hatte einen Angestellten mit einem Messer bedroht und war mit mehreren hundert Euro Beute gefl\u00fcchtet. <\/p>\n\n\n\n<p>Er wird wie folgt beschreiben: <\/p>\n\n\n\n<ul><li>ca. 25-30 Jahre<\/li><li>ca. 180 cm<\/li><li>schlank<\/li><li>schwarze Sturmhaube<\/li><li>Jeans<\/li><li>Er trug eine pr\u00e4gnante, helle Kapuzenjacke und sprach Deutsch mit einem osteurop\u00e4ischen Akzent.<\/li><li>Das K\u00fcchenmesser hatte der Unbekannte am Tatort zur\u00fcckgelassen. Es wurde sichergestellt und spurentechnisch untersucht. Eine Auswertung steht noch aus.<\/li><\/ul>\n\n\n\n<div class=\"wp-block-image\"><figure class=\"aligncenter\"><img decoding=\"async\" loading=\"lazy\" width=\"800\" height=\"185\" src=\"https:\/\/speyer24news.com\/wp-content\/uploads\/2021\/05\/Tatmesser.jpg\" alt=\"\" class=\"wp-image-36211\" srcset=\"https:\/\/speyer24news.com\/wp-content\/uploads\/2021\/05\/Tatmesser.jpg 800w, https:\/\/speyer24news.com\/wp-content\/uploads\/2021\/05\/Tatmesser-300x69.jpg 300w, https:\/\/speyer24news.com\/wp-content\/uploads\/2021\/05\/Tatmesser-768x178.jpg 768w\" sizes=\"(max-width: 800px) 100vw, 800px\" \/><\/figure><\/div>\n\n\n\n<p>W\u00e4hrend des \u00dcberfalls sollen sich mehrere Kunden im Einkaufsmarkt aufgehalten haben, darunter auch mehrere Personen, die in der Warteschlange an der Kasse standen. Die Ermittler gehen davon aus, dass sich noch nicht alle Zeugen gemeldet haben und erhoffen sich gerade von ihnen entscheidende Hinweise, die zur Kl\u00e4rung der Tat f\u00fchren k\u00f6nnen.<\/p>\n\n\n\n<p>Diese, aber auch weitere Zeugen, die sich zum Tatzeitpunkt in unmittelbarer N\u00e4he des Einkaufsmarktes aufhielten und Hinweise zur Tat, dem T\u00e4ter und\/oder dessen Fluchtrichtung geben k\u00f6nnen, aber auch Personen, die etwas \u00fcber die Herkunft des K\u00fcchenmessers wissen, werden gebeten, sich beim Kriminaldauerdienst, Tel.: 0621\/174-4444 zu melden.<\/p>\n\n\n\n<h4 class=\"wp-block-heading\">(Weinheim \/ Rhein-Neckar-Kreis) &#8211; Auffahrunfall nach Unachtsamkeit \/ Eine Person leicht verletzt &#8211; 6.000 EUR Sachschaden<\/h4>\n\n\n\n<p>Zu einem Verkehrsunfall kam es am Donnerstag gegen 11:40 Uhr auf der K4229 in Fahrtrichtung Weinheim kurz vor der Einm\u00fcndung nach Sulzbach-West. Ein 27-J\u00e4hriger Mazda-Fahrer \u00fcbersah eine liegengebliebene und deshalb rechts am Fahrbahnrand stehende 22-J\u00e4hrige Nissan-Fahrerin, konnte nicht mehr rechtzeitig bremsen und fuhr ihr in Folge dessen auf. Die 22-J\u00e4hrige wurde bei dem Aufprall leicht verletzt, beide Autos waren nicht mehr fahrbereit und mussten abgeschleppt werden. Der Sachschaden liegt bei rund 6.000 EUR. Der Verkehr auf der K4229 wurde w\u00e4hrend der Unfallaufnahme geregelt. Im Zuge der Unfallaufnahme stellte sich heraus, dass die 22-J\u00e4hrige keine Fahrerlaubnis besitzt. Sie erh\u00e4lt eine Anzeige wegen Fahren ohne Fahrerlaubnis.<\/p>\n","protected":false},"excerpt":{"rendered":"<div class=\"mh-excerpt\"><p>Polizeimeldungen vom Freitag (07.05.2021) (Speyer) &#8211; Verletzte\/r Unfallbeteiligte\/r gesucht Unerlaubt von der Unfallstelle entfernt hat sich am Donnerstag im Zeitraum von 09:20 bis 12:00 Uhr eine Verkehrsteilnehmerin bzw. ein Verkehrsteilnehmer in der Raiffeisenstra\u00dfe. Die gesuchte <a class=\"mh-excerpt-more\" href=\"https:\/\/speyer24news.com\/?p=36184\" title=\"Polizei\">[&#8230;]<\/a><\/p>\n<\/div>","protected":false},"author":3,"featured_media":26162,"comment_status":"open","ping_status":"open","sticky":false,"template":"","format":"standard","meta":{"_monsterinsights_skip_tracking":false,"_monsterinsights_sitenote_active":false,"_monsterinsights_sitenote_note":"","_monsterinsights_sitenote_category":0,"footnotes":""},"categories":[12],"tags":[3614,61,2555,6955,6986,6263,63,105,11150,6987,53,4854,4683,1548,102,213,55,5261,103,106,2803,2423,427,2625,380,62,104,979,1565],"aioseo_notices":[],"amp_enabled":true,"_links":{"self":[{"href":"https:\/\/speyer24news.com\/index.php?rest_route=\/wp\/v2\/posts\/36184"}],"collection":[{"href":"https:\/\/speyer24news.com\/index.php?rest_route=\/wp\/v2\/posts"}],"about":[{"href":"https:\/\/speyer24news.com\/index.php?rest_route=\/wp\/v2\/types\/post"}],"author":[{"embeddable":true,"href":"https:\/\/speyer24news.com\/index.php?rest_route=\/wp\/v2\/users\/3"}],"replies":[{"embeddable":true,"href":"https:\/\/speyer24news.com\/index.php?rest_route=%2Fwp%2Fv2%2Fcomments&post=36184"}],"version-history":[{"count":20,"href":"https:\/\/speyer24news.com\/index.php?rest_route=\/wp\/v2\/posts\/36184\/revisions"}],"predecessor-version":[{"id":36686,"href":"https:\/\/speyer24news.com\/index.php?rest_route=\/wp\/v2\/posts\/36184\/revisions\/36686"}],"wp:featuredmedia":[{"embeddable":true,"href":"https:\/\/speyer24news.com\/index.php?rest_route=\/wp\/v2\/media\/26162"}],"wp:attachment":[{"href":"https:\/\/speyer24news.com\/index.php?rest_route=%2Fwp%2Fv2%2Fmedia&parent=36184"}],"wp:term":[{"taxonomy":"category","embeddable":true,"href":"https:\/\/speyer24news.com\/index.php?rest_route=%2Fwp%2Fv2%2Fcategories&post=36184"},{"taxonomy":"post_tag","embeddable":true,"href":"https:\/\/speyer24news.com\/index.php?rest_route=%2Fwp%2Fv2%2Ftags&post=36184"}],"curies":[{"name":"wp","href":"https:\/\/api.w.org\/{rel}","templated":true}]}}