{"id":36223,"date":"2021-05-08T05:25:13","date_gmt":"2021-05-08T04:25:13","guid":{"rendered":"https:\/\/speyer24news.com\/?p=36223"},"modified":"2021-05-08T05:25:14","modified_gmt":"2021-05-08T04:25:14","slug":"verkehr-und-autobahn","status":"publish","type":"post","link":"https:\/\/speyer24news.com\/?p=36223","title":{"rendered":"Verkehr und Autobahn"},"content":{"rendered":"<style type=\"text\/css\">\r\n\t.ads_top_disp{}\r\n\t.ads_top_corner_disp{ float:left; margin:0px 10px 10px 0px; }\r\n\t.ads_first_p_disp{}\r\n\t.ads_bottom_disp{}\r\n\t<\/style>\n<h2 class=\"wp-block-heading\"><strong>Die Autobahn GmbH Niederlassung S\u00fcdwest erneuert auf der A 5 die beiden Br\u00fcckenbauwerke \u00fcber den Saalbachkanal sowie \u00fcber die Kammerforststra\u00dfe nahe der Anschlussstelle Bruchsal<\/strong><\/h2>\n\n\n\n<h3 class=\"wp-block-heading\"><strong>Umstellung der Verkehrsf\u00fchrung ab Montag, den 10. Mai 2021<\/strong><\/h3>\n\n\n\n<p>Im Zuge der seit Februar 2017 laufenden Bauma\u00dfnahme wird gegenw\u00e4rtig der Stra\u00dfenbau auf der A 5 fertiggestellt. Zur Herstellung des Endzustandes sowie zum R\u00fcckbau der Verkehrssicherung muss die Verkehrsf\u00fchrung entlang der Baustelle zweimal umgestellt werden.<\/p>\n\n\n\n<p>Die erste Umstellung der Verkehrsf\u00fchrung findet am Montag, den 10. Mai 2021, ab 10:30 Uhr statt und wird voraussichtlich zwei Wochen andauern. Zur Durchf\u00fchrung der Arbeiten muss aus Verkehrssicherheitsgr\u00fcnden der linke \u00fcbergeleitete Fahrstreifen in Fahrtrichtung Frankfurt gesperrt werden. Die Verkehrsteilnehmenden werden in diesem Zeitraum zweistreifig \u00fcber eine Behelfsumfahrung gef\u00fchrt. Zus\u00e4tzlich wird in der Gegenrichtung in Fahrtrichtung Karlsruhe ab Dienstag, den 18. Mai 2021, von drei auf zwei Fahrstreifen reduziert. W\u00e4hrend dieser ersten Bauphase wird die bisherige Umleitungsf\u00fchrung \u00fcber die Mittellinie auf die Gegenfahrbahn wieder geschlossen. Zudem werden abschlie\u00dfende Arbeiten an der Fahrbahnausstattung durchgef\u00fchrt. Hierzu z\u00e4hlen Markierungsarbeiten und das Anbringen von Schutzeinrichtungen.<\/p>\n\n\n\n<p>Die zweite Umstellung der Verkehrsf\u00fchrung beginnt am Mittwoch, den 26. Mai 2021, und wird voraussichtlich zwei Monate dauern. W\u00e4hrend dieser Zeit wird der Verkehr dreispurig \u00fcber die neuen Fahrbahnstreifen auf der A 5 in Fahrtrichtung Karlsruhe an dem noch bestehenden Baufeld vorbeigef\u00fchrt. In der zweiten Bauphase wird am Anfang der Baustelle in Fahrtrichtung Karlsruhe eine neue Baustellenausfahrt eingerichtet. Diese wird f\u00fcr den R\u00fcckbau der bisherigen Behelfsumfahrung und des aufgesch\u00fctteten Stra\u00dfendammes ben\u00f6tigt. Dar\u00fcber hinaus werden in beiden Fahrtrichtungen die aufgrund der bisherigen Umleitungsf\u00fchrung vorhandenen Verkehrssicherungseinrichtungen in mehreren kleineren Tagesbaustellen zur\u00fcckgebaut. Im Zuge dessen stehen zeitweise jeweils nur zwei Fahrstreifen zur Verf\u00fcgung. Die weiteren Arbeiten zur Ma\u00dfnahme im untergeordneten Netz werden voraussichtlich im Sp\u00e4tsommer 2021 abgeschlossen.<\/p>\n\n\n\n<p>Die Niederlassung S\u00fcdwest der Autobahn GmbH des Bundes bittet die Verkehrsteilnehmenden f\u00fcr die notwendigen Behinderungen um Verst\u00e4ndnis. <\/p>\n\n\n\n<p><em>Die Autobahn GmbH des Bundes<br>08.05.2021<\/em><\/p>\n\n\n\n<h2 class=\"wp-block-heading\"><strong>Die Autobahn GmbH Niederlassung S\u00fcdwest erneuert Fahrbahn auf der A 5 zwischen dem Autobahnkreuz Walldorf und der Anschlussstelle Bruchsal<\/strong><\/h2>\n\n\n\n<h3 class=\"wp-block-heading\"><strong>Vollsperrung der Roter Stra\u00dfe (L 546) zwischen St. Leon und Rot in den N\u00e4chten vom 10. und 11. Mai<\/strong><\/h3>\n\n\n\n<p>Die Autobahn GmbH Niederlassung S\u00fcdwest erneuert umfassend die A 5 zwischen dem Autobahnkreuz Walldorf und der Anschlussstelle Bruchsal. Die L\u00e4nge des von der Sanierung betroffenen Autobahnabschnitts erstreckt sich von zwischenzeitlich 6,6 auf nur noch 2 Kilometern im Bereich der Br\u00fcckenbauwerke in Fahrtrichtung Frankfurt.<\/p>\n\n\n\n<p>Im Rahmen der seit September 2019 laufenden Ma\u00dfnahme wird gegenw\u00e4rtig der Ersatzneubau von drei Autobahnunterf\u00fchrungen durchgef\u00fchrt. Hierzu z\u00e4hlt auch das Unterf\u00fchrungsbauwerk der L 546 bzw. die der A 5 unterf\u00fchrten Roter Stra\u00dfe zwischen den beiden Gemeindeteilen St. Leon und Rot.<\/p>\n\n\n\n<p>Dort erfolgte bereits im Februar 2021 der Einhub der Fertigteile des Br\u00fcckenbauwerks, sodass Ende M\u00e4rz 2021 die Br\u00fcckenplatte des \u00dcberbaus betoniert werden konnte. Nach der darauffolgenden notwendigen Erh\u00e4rtungszeit des Betons von rund sechs Wochen k\u00f6nnen nun die Tragger\u00fcste, welche als vor\u00fcbergehende Baubehelfe dienten, abgebaut werden. Dies geschieht im unmittelbaren Verkehrsraum der Roter Stra\u00dfe. Die hierzu aus Verkehrssicherheitsgr\u00fcnden notwendige Vollsperrung der Roter Stra\u00dfe findet in den N\u00e4chten von Montag auf Dienstag sowie von Dienstag auf Mittwoch von jeweils 19:00 Uhr bis 06:00 Uhr des Folgetages statt.<\/p>\n\n\n\n<p>Aufgrund der ebenfalls durch die Ma\u00dfnahme seit Ende Januar 2020 notwendigen Sperrung der Kronauer Stra\u00dfe zwischen den Gemeindeteilen St. Leon und Rot wird der Verkehr im genannten Zeitraum gro\u00dfr\u00e4umig umgeleitet. Die ausgeschilderte Umleitung f\u00fcr die Verkehrsteilnehmerinnen und Verkehrsteilnehmer f\u00fchrt ab dem Gemeindeteil Rot in Richtung St. Leon \u00fcber die Landesstra\u00dfe 598, die Bundesstra\u00dfe 291 sowie die Landesstra\u00dfen 723, 560 und 546.<\/p>\n\n\n\n<p>Ab H\u00f6he der Gemeinde Malsch wird der Verkehr in Richtung St. Leon \u00fcber Bad Sch\u00f6nborn\/Kronau (Landesstra\u00dfe 555) sowie \u00fcber Wagh\u00e4usel-Kirrlach (Kreisstra\u00dfe 4152) gef\u00fchrt und ab Wagh\u00e4usel-Kirrlach in Richtung Rot \u00fcber Kronau (Landesstra\u00dfe 555), Bad Sch\u00f6nborn (Bundesstra\u00dfe 3) und \u00fcber die Landesstra\u00dfe 546.<\/p>\n\n\n\n<p>Ab St. Leon erfolgt die Umleitung in Richtung Rot \u00fcber Reilingen (Landesstra\u00dfe 546), Neulu\u00dfheim (Landesstra\u00dfe 560) und weiter \u00fcber die Bundesstra\u00dfe 291 sowie \u00fcber die Landesstra\u00dfen 723 und 598.&nbsp;<\/p>\n\n\n\n<p>Die Autobahn GmbH Niederlassung S\u00fcdwest bittet die Verkehrsteilnehmerinnen und Verkehrsteilnehmer f\u00fcr die Behinderungen um Verst\u00e4ndnis. Die Fertigstellung der Gesamtma\u00dfnahme ist f\u00fcr Mitte 2021 geplant.<\/p>\n\n\n\n<p><em>Die Autobahn GmbH des Bundes<br>08.05.2021<\/em><\/p>\n\n\n\n<h2 class=\"wp-block-heading\"><strong>Pr\u00fcfung der Neckarbr\u00fccke an der A 6<\/strong><\/h2>\n\n\n\n<h3 class=\"wp-block-heading\"><strong>Sperrung des Geh- und Radwegs zwischen Mannheim-Seckenheim und Ilvesheim<\/strong><\/h3>\n\n\n\n<p>Die Autobahn GmbH Niederlassung S\u00fcdwest f\u00fchrt <strong>am 10. und am 11. Mai jeweils von 8:00 Uhr bis voraussichtlich 16:00 Uhr<\/strong> eine Br\u00fcckenpr\u00fcfung durch. Dabei kommt ein sogenanntes Br\u00fcckenuntersichtger\u00e4t zum Einsatz, welches die gesamte Breite des Geh- und Radwegs \u00fcber die Neckarbr\u00fccke beansprucht. Deshalb muss der Geh- und Radweg w\u00e4hrend dieser Zeit gesperrt werden.<\/p>\n\n\n\n<p>Die Carlo-Schmid-Br\u00fccke kann alternativ zur \u00dcberquerung genutzt werden.<\/p>\n\n\n\n<p>Die Autobahn GmbH Niederlassung S\u00fcdwest bittet alle Verkehrsteilnehmenden f\u00fcr die notwendigen Behinderungen um Verst\u00e4ndnis. Durch die gesetzlich vorgeschriebenen regelm\u00e4\u00dfigen Br\u00fcckenpr\u00fcfungen wird die Standsicherheit von Br\u00fcckenbauwerken festgestellt. Eventuell auftretende M\u00e4ngel k\u00f6nnen so fr\u00fchzeitig erkannt und schnell behoben werden.<\/p>\n\n\n\n<p><em>Die Autobahn GmbH des Bundes<br>08.05.2021<\/em><\/p>\n\n\n\n<h2 class=\"wp-block-heading\"><strong>L 528 \u2013 Neubau der Ranschgrabenbr\u00fccke abgeschlossen<\/strong><\/h2>\n\n\n\n<div class=\"wp-block-image\"><figure class=\"aligncenter\"><img decoding=\"async\" loading=\"lazy\" width=\"400\" height=\"144\" src=\"https:\/\/speyer24news.com\/wp-content\/uploads\/2021\/03\/lbm.png\" alt=\"\" class=\"wp-image-34212\" srcset=\"https:\/\/speyer24news.com\/wp-content\/uploads\/2021\/03\/lbm.png 400w, https:\/\/speyer24news.com\/wp-content\/uploads\/2021\/03\/lbm-300x108.png 300w\" sizes=\"(max-width: 400px) 100vw, 400px\" \/><\/figure><\/div>\n\n\n\n<p>Die Arbeiten an der Ranschgrabenbr\u00fccke im Zuge der L 528 zwischen Speyer und B\u00f6hl-Iggelheim sind beendet.<\/p>\n\n\n\n<p>Auch das neue Bauwerk ist fertiggestellt und die wichtige Verkehrsverbindung von Speyer nach B\u00f6hl-Iggelheim ist seitdem 07. Mai 2021 ab 16:00 Uhr wieder f\u00fcr den Verkehr freigegeben.<\/p>\n\n\n\n<p>\u00dcber den Br\u00fcckenneubau informierte der Landesbetrieb Mobilit\u00e4t (LBM) Speyer bereits im November 2020 sowie im Februar 2021.<\/p>\n\n\n\n<p>Der Abriss der alten Br\u00fccke erfolgte sehr rasch noch bis Ende 2020. Doch auf Grund eines teilweise strengeren Wintereinbruchs im Januar und Februar 2021 mussten einige temperaturabh\u00e4ngigen Arbeiten am Neubau zwischenzeitlich unterbrochen und bei besseren Witterungsverh\u00e4ltnissen fortgesetzt werden.<\/p>\n\n\n\n<p>Letztlich bem\u00fchten sich die ausf\u00fchrende Firma und der LBM jedoch, die verlorene Zeit wieder aufzuholen, um im Mai die Bauma\u00dfnahme beenden zu k\u00f6nnen.<\/p>\n\n\n\n<p>Der LBM Speyer bedankt sich bei allen Verkehrsteilnehmern f\u00fcr ihre Geduld und ihr Verst\u00e4ndnis.<\/p>\n\n\n\n<p><em>Landesbetrieb Mobilit\u00e4t Speyer<br>08.05.2021<\/em><\/p>\n","protected":false},"excerpt":{"rendered":"<div class=\"mh-excerpt\"><p>Die Autobahn GmbH Niederlassung S\u00fcdwest erneuert auf der A 5 die beiden Br\u00fcckenbauwerke \u00fcber den Saalbachkanal sowie \u00fcber die Kammerforststra\u00dfe nahe der Anschlussstelle Bruchsal Umstellung der Verkehrsf\u00fchrung ab Montag, den 10. Mai 2021 Im Zuge <a class=\"mh-excerpt-more\" href=\"https:\/\/speyer24news.com\/?p=36223\" title=\"Verkehr und Autobahn\">[&#8230;]<\/a><\/p>\n<\/div>","protected":false},"author":3,"featured_media":34081,"comment_status":"open","ping_status":"open","sticky":false,"template":"","format":"standard","meta":{"_monsterinsights_skip_tracking":false,"_monsterinsights_sitenote_active":false,"_monsterinsights_sitenote_note":"","_monsterinsights_sitenote_category":0,"footnotes":""},"categories":[47],"tags":[4075,4078,11490,10576,220,11493,11488,1748,1244,11494,8782,10232,10231,6,772,2305,11492],"aioseo_notices":[],"amp_enabled":true,"_links":{"self":[{"href":"https:\/\/speyer24news.com\/index.php?rest_route=\/wp\/v2\/posts\/36223"}],"collection":[{"href":"https:\/\/speyer24news.com\/index.php?rest_route=\/wp\/v2\/posts"}],"about":[{"href":"https:\/\/speyer24news.com\/index.php?rest_route=\/wp\/v2\/types\/post"}],"author":[{"embeddable":true,"href":"https:\/\/speyer24news.com\/index.php?rest_route=\/wp\/v2\/users\/3"}],"replies":[{"embeddable":true,"href":"https:\/\/speyer24news.com\/index.php?rest_route=%2Fwp%2Fv2%2Fcomments&post=36223"}],"version-history":[{"count":2,"href":"https:\/\/speyer24news.com\/index.php?rest_route=\/wp\/v2\/posts\/36223\/revisions"}],"predecessor-version":[{"id":36225,"href":"https:\/\/speyer24news.com\/index.php?rest_route=\/wp\/v2\/posts\/36223\/revisions\/36225"}],"wp:featuredmedia":[{"embeddable":true,"href":"https:\/\/speyer24news.com\/index.php?rest_route=\/wp\/v2\/media\/34081"}],"wp:attachment":[{"href":"https:\/\/speyer24news.com\/index.php?rest_route=%2Fwp%2Fv2%2Fmedia&parent=36223"}],"wp:term":[{"taxonomy":"category","embeddable":true,"href":"https:\/\/speyer24news.com\/index.php?rest_route=%2Fwp%2Fv2%2Fcategories&post=36223"},{"taxonomy":"post_tag","embeddable":true,"href":"https:\/\/speyer24news.com\/index.php?rest_route=%2Fwp%2Fv2%2Ftags&post=36223"}],"curies":[{"name":"wp","href":"https:\/\/api.w.org\/{rel}","templated":true}]}}