{"id":36239,"date":"2021-05-08T07:19:49","date_gmt":"2021-05-08T06:19:49","guid":{"rendered":"https:\/\/speyer24news.com\/?p=36239"},"modified":"2021-05-08T07:19:50","modified_gmt":"2021-05-08T06:19:50","slug":"leserbrief-19","status":"publish","type":"post","link":"https:\/\/speyer24news.com\/?p=36239","title":{"rendered":"Leserbrief"},"content":{"rendered":"<style type=\"text\/css\">\r\n\t.ads_top_disp{}\r\n\t.ads_top_corner_disp{ float:left; margin:0px 10px 10px 0px; }\r\n\t.ads_first_p_disp{}\r\n\t.ads_bottom_disp{}\r\n\t<\/style>\n<h2 class=\"wp-block-heading\"><strong>Zwischen Pest und Cholera: Die \u00c4rzteschaft in der Corona-Zwickm\u00fchle<\/strong><\/h2>\n\n\n\n<div class=\"wp-block-image\"><figure class=\"aligncenter\"><img decoding=\"async\" loading=\"lazy\" width=\"500\" height=\"500\" src=\"https:\/\/speyer24news.com\/wp-content\/uploads\/2020\/02\/virus-4810549_1920.png\" alt=\"\" class=\"wp-image-25116\" srcset=\"https:\/\/speyer24news.com\/wp-content\/uploads\/2020\/02\/virus-4810549_1920.png 500w, https:\/\/speyer24news.com\/wp-content\/uploads\/2020\/02\/virus-4810549_1920-150x150.png 150w, https:\/\/speyer24news.com\/wp-content\/uploads\/2020\/02\/virus-4810549_1920-300x300.png 300w\" sizes=\"(max-width: 500px) 100vw, 500px\" \/><\/figure><\/div>\n\n\n\n<p>Die pandemische Lage von nationaler Tragweite rund um das neuartige Virus SARS-CoV-2 verlangt den Menschen vieles ab: beruflich, pers\u00f6nlich, finanziell und auch auf privater Ebene. Familienfeiern geh\u00f6ren der Vergangenheit an. Haushalte d\u00fcrfen sich nur noch sehr stark eingeschr\u00e4nkt begegnen. F\u00fcr Kinder wird die Ein-Freundes-Regel eingef\u00fchrt. Soziale Gef\u00fcge werden zerschlagen und jedwede Abh\u00e4ngigkeiten ignoriert. Berufsverbote werden verh\u00e4ngt und auch alteingesessene Betriebe ohne Vorwarnung geschlossen. Schulen und Kinderg\u00e4rten werden ebenfalls geschlossen oder arbeiten nur noch im Notbetrieb. Wer es sich leisten kann, ist dazu aufgefordert, Kinder und Jugendliche zuhause zu lassen oder im Homeschooling zu unterrichten. Viele der Eltern m\u00fcssen teilweise zu Hause bleiben. Es droht nicht nur der gesellschaftliche, sondern auch finanzielle Kollaps: das gro\u00dfe Aus an allen Ecken und Enden in einem Land, \u201e<em>in dem wir gut und gerne leben<\/em>\u201c.<\/p>\n\n\n\n<figure class=\"wp-block-image\"><img decoding=\"async\" loading=\"lazy\" width=\"800\" height=\"450\" src=\"https:\/\/speyer24news.com\/wp-content\/uploads\/2021\/05\/aha-a.png\" alt=\"\" class=\"wp-image-36240\" srcset=\"https:\/\/speyer24news.com\/wp-content\/uploads\/2021\/05\/aha-a.png 800w, https:\/\/speyer24news.com\/wp-content\/uploads\/2021\/05\/aha-a-300x169.png 300w, https:\/\/speyer24news.com\/wp-content\/uploads\/2021\/05\/aha-a-768x432.png 768w, https:\/\/speyer24news.com\/wp-content\/uploads\/2021\/05\/aha-a-678x381.png 678w\" sizes=\"(max-width: 800px) 100vw, 800px\" \/><\/figure>\n\n\n\n<p>Die AHA+L-Regeln dominieren den Alltag vieler Menschen. Abstand halten, H\u00e4nde waschen, Alltagsmasken und regelm\u00e4\u00dfiges L\u00fcften zur Reduzierung der Aerosolbelastung in geschlossenen R\u00e4umen. Die meisten der regierungsseitigen Imperative kann man als unproblematisch ansehen. Haben wir nicht schon immer an der Kasse Abstand zur Kundschaft vor uns gehalten, weil es die H\u00f6flichkeit gebietet? Haben wir nicht schon immer teilweise Sto\u00df- und ausf\u00fchrlich gel\u00fcftet? Braucht es hierf\u00fcr wirklich einen politischen Imperativ? Und viele Menschen Fragen sich zu Recht: Sind wir in 2021, nach mehr als einem Jahr der Pandemie, immer noch beim H\u00e4nde waschen, oder darf trotz zeitgleich angesetzten Klimazielen nun endlich auch wieder geduscht werden?<\/p>\n\n\n\n<div class=\"wp-block-image\"><figure class=\"aligncenter\"><img decoding=\"async\" loading=\"lazy\" width=\"800\" height=\"583\" src=\"https:\/\/speyer24news.com\/wp-content\/uploads\/2021\/01\/Atemmaske.jpg\" alt=\"\" class=\"wp-image-32311\" srcset=\"https:\/\/speyer24news.com\/wp-content\/uploads\/2021\/01\/Atemmaske.jpg 800w, https:\/\/speyer24news.com\/wp-content\/uploads\/2021\/01\/Atemmaske-300x219.jpg 300w, https:\/\/speyer24news.com\/wp-content\/uploads\/2021\/01\/Atemmaske-768x560.jpg 768w\" sizes=\"(max-width: 800px) 100vw, 800px\" \/><\/figure><\/div>\n\n\n\n<p>Und auch die Masken sind umstritten. Wenn sich der Spitzen-Virologe der Charit\u00e9, Prof. Christian Drosten, in einem Interview aus 2020 bereits dar\u00fcber ausl\u00e4sst, dass man \u201e<em>das Virus mit den Masken nicht aufhalten k\u00f6nnen werde, weil die technischen Daten daf\u00fcr schlecht seien<\/em>\u201c und die Bundesregierung in einem Leitpapier klar definiert, dass die Masken nicht den Tr\u00e4ger vor dem Virus, sondern das Umfeld des Tr\u00e4gers vor eventuellen Ausw\u00fcrfen des Tr\u00e4gers sch\u00fctzen kann, aber nicht unbedingt muss: Fragen sich gesunde Menschen, die inzwischen unter Generalverdacht als \u201esymptomlos Erkrankte\u201c gelten, dann nicht zurecht, ob diese Ma\u00dfnahmen dann noch Sinn machen?<\/p>\n\n\n\n<div class=\"wp-block-image\"><figure class=\"aligncenter\"><img decoding=\"async\" loading=\"lazy\" width=\"500\" height=\"667\" src=\"https:\/\/speyer24news.com\/wp-content\/uploads\/2021\/04\/WhatsApp-Image-2021-04-26-at-16.33.00.jpeg\" alt=\"\" class=\"wp-image-35784\" srcset=\"https:\/\/speyer24news.com\/wp-content\/uploads\/2021\/04\/WhatsApp-Image-2021-04-26-at-16.33.00.jpeg 500w, https:\/\/speyer24news.com\/wp-content\/uploads\/2021\/04\/WhatsApp-Image-2021-04-26-at-16.33.00-225x300.jpeg 225w\" sizes=\"(max-width: 500px) 100vw, 500px\" \/><\/figure><\/div>\n\n\n\n<p>Zumindest f\u00fcr die Maskenproblematik bieten viele der Landesverordnungen zur Corona-Bek\u00e4mpfung einen Ausweg \u2013 auch in Rheinland-Pfalz. Schon im Eingangsparagraphen bietet die neunzehnte Corona-Bek\u00e4mpfungsverordnung Rheinland-Pfalz (19. CoBeLVO) vom 23. April 2021 die M\u00f6glichkeit, sich von der Pflicht, einen Mund-Nasen-Schutz zu tragen, \u00e4rztlich befreien zu lassen. Dort hei\u00dft es im vierten Absatz: \u201eDas Abstandsgebot sowie die Maskenpflicht gelten nicht (\u2026)f\u00fcr Personen, denen dies wegen einer Behinderung oder aus gesundheitlichen Gr\u00fcnden nicht m\u00f6glich oder unzumutbar ist; dies ist durch \u00e4rztliche Bescheinigung nachzuweisen.\u201c<\/p>\n\n\n\n<div class=\"wp-block-image\"><figure class=\"aligncenter\"><img decoding=\"async\" loading=\"lazy\" width=\"800\" height=\"396\" src=\"https:\/\/speyer24news.com\/wp-content\/uploads\/2021\/05\/MMaskenbefreiung-Gunter.png\" alt=\"\" class=\"wp-image-36241\" srcset=\"https:\/\/speyer24news.com\/wp-content\/uploads\/2021\/05\/MMaskenbefreiung-Gunter.png 800w, https:\/\/speyer24news.com\/wp-content\/uploads\/2021\/05\/MMaskenbefreiung-Gunter-300x149.png 300w, https:\/\/speyer24news.com\/wp-content\/uploads\/2021\/05\/MMaskenbefreiung-Gunter-768x380.png 768w\" sizes=\"(max-width: 800px) 100vw, 800px\" \/><figcaption>Ausschnitt aus einem Attest zur Maskenbefreiung<\/figcaption><\/figure><\/div>\n\n\n\n<p>Doch welcher Arzt oder welche \u00c4rztin kommt den zum Beispiel chronisch kranken Menschen heute noch \u2013 unter den gegebenen Voraussetzungen \u2013 freiwillig zu Hilfe? Im Hinblick auf die Ergebnisse der 1. Pressekonferenz des B\u00fcndnisses von \u00c4rzten, Anw\u00e4lten und Psychotherapeuten, die unter <a href=\"https:\/\/youtu.be\/u68bTWYY2UI\">https:\/\/youtu.be\/u68bTWYY2UI<\/a> zu finden sind, ist das Spannungsfeld, indem sich Medizinerinnen und Mediziner gerade befinden, hinl\u00e4nglich bekannt:<\/p>\n\n\n\n<ul><li>Auf der einen Seite sind die niedergelassenen \u00c4rztinnen und \u00c4rzte dazu aufgefordert, aufgrund ihres hippokratischen Eids jedem Menschen nach bestem Wissen und Gewissen zu helfen und damit zu versuchen, Schaden von ihren Patientinnen und Patienten abzuwenden.<\/li><li>Auf der anderen Seite droht vielen \u00c4rztinnen und \u00c4rzten eine strafrechtliche und berufsrechtliche Verfolgung, weil sie staatsanwaltlich wegen der Ausstellung angeblich falscher Atteste unter Anklage gestellt und von den Kammern R\u00fcgen und Ordnungsgelder bis hin zu Berufsverboten gegen die Medizinerinnen und Mediziner verh\u00e4ngt werden.<\/li><\/ul>\n\n\n\n<p>Die \u00c4rztinnen und \u00c4rzte stehen damit vor der Wahl zwischen \u2013 im Zweifelsfall \u2013 unterlassener Hilfeleistung und Verletzung des hippokratischen Eids auf der einen und rechtlicher Verfolgung einschl. Praxisdurchsuchungen und \u2013schlie\u00dfungen, Geldbu\u00dfen bis hin zu Freiheitsstrafen auf der anderen Seite. Die ber\u00fchmte Wahlm\u00f6glichkeit zwischen Pest und Cholera. Ein unhaltbarer Zustand.<\/p>\n\n\n\n<p>Im vergangenen Jahr hat die \u00c4rztekammer Hamburg noch dazu aufgerufen, systemkritische \u00c4rztinnen und \u00c4rzte, die an Demonstrationen gegen die Corona-Auflagen teilnehmen, zu melden, um sie berufsrechtlich verfolgen zu k\u00f6nnen. Inzwischen scheint es die bislang einzige Kammer zu sein, deren Pr\u00e4sident insg. 4 Diagnosegruppen \u00f6ffentlich genannt hat, die zu einer Attest-Ausstellung berechtigen w\u00fcrden. Gl\u00fcck auf, wer in Hamburg wohnt!<\/p>\n\n\n\n<h4 class=\"wp-block-heading\">Doch warum ist das in Rheinland-Pfalz nicht m\u00f6glich?<\/h4>\n\n\n\n<p>Anfragen bei zust\u00e4ndigen Ministerien laufen entweder ins Leere oder werden damit abgeschmettert, dass man vor der Umsetzung etwaiger Beschl\u00fcsse im Zusammenhang mit der Corona-Bek\u00e4mpfung in st\u00e4ndigem Austausch mit Experten st\u00fcnde, um hinreichende Informationen, die dem Schutz der Bev\u00f6lkerung diesen, erhalten zu k\u00f6nnen und ein Diagnosenkatalog bzgl. der genaueren Definition der Ausnahmeregelungen des \u00a71 CoBeLVO aufgrund mangelnder Notwendigkeit nicht vorgesehen sei.<\/p>\n\n\n\n<div class=\"wp-block-image\"><figure class=\"aligncenter\"><img decoding=\"async\" loading=\"lazy\" width=\"800\" height=\"600\" src=\"https:\/\/speyer24news.com\/wp-content\/uploads\/2021\/05\/hammer-802296_1920.jpg\" alt=\"\" class=\"wp-image-36242\" srcset=\"https:\/\/speyer24news.com\/wp-content\/uploads\/2021\/05\/hammer-802296_1920.jpg 800w, https:\/\/speyer24news.com\/wp-content\/uploads\/2021\/05\/hammer-802296_1920-300x225.jpg 300w, https:\/\/speyer24news.com\/wp-content\/uploads\/2021\/05\/hammer-802296_1920-768x576.jpg 768w, https:\/\/speyer24news.com\/wp-content\/uploads\/2021\/05\/hammer-802296_1920-678x509.jpg 678w, https:\/\/speyer24news.com\/wp-content\/uploads\/2021\/05\/hammer-802296_1920-326x245.jpg 326w, https:\/\/speyer24news.com\/wp-content\/uploads\/2021\/05\/hammer-802296_1920-80x60.jpg 80w\" sizes=\"(max-width: 800px) 100vw, 800px\" \/><\/figure><\/div>\n\n\n\n<p>Es mehren sich in j\u00fcngster Vergangenheit die Meldungen von Betroffenen, die sich schriftlich an die \u00c4rztekammer Rheinland-Pfalz gewandt haben, ihren Fall dort vortrugen und die pers\u00f6nliche Betroffenheit anhand ihrer Befunde nachweisen konnten. Bislang hat die Kammer keinen einzigen Fall in der Art und Weise pers\u00f6nlich anerkannt, sodass es dem Arzt oder der \u00c4rztin kammerseitig explizit genehmigt w\u00fcrde, im betreffenden Fall ein Attest auszustellen. Stattdessen beruft sich die Kammer wiederholend darauf, dass es nicht in deren Ermessen, sondern allein in der Verantwortung des behandelnden Arztes l\u00e4ge, ein Attest auszustellen oder dies dem Betroffenen zu verweigern, zur Erinnerung: mit eventuell berufsrechtlichen und finanziellen Folgen.<\/p>\n\n\n\n<p>Im Fu\u00dfball ist ein R\u00fcckpass zum Torwart inzwischen verboten; in der Medizin aber offensichtlich von den Aufsichtsbeh\u00f6rden gewollt, um sich Ma\u00dfnahmen gegen eben genau die Berufsgruppe offen halten zu k\u00f6nnen, die sie eigentlich vertreten und besch\u00fctzen sollte \u2013 zum Leidwesen der Betroffenen.<\/p>\n\n\n\n<p><em>Name des Verfassers der Redaktion bekannt<br>08.05.2021<\/em><\/p>\n","protected":false},"excerpt":{"rendered":"<div class=\"mh-excerpt\"><p>Zwischen Pest und Cholera: Die \u00c4rzteschaft in der Corona-Zwickm\u00fchle Die pandemische Lage von nationaler Tragweite rund um das neuartige Virus SARS-CoV-2 verlangt den Menschen vieles ab: beruflich, pers\u00f6nlich, finanziell und auch auf privater Ebene. Familienfeiern <a class=\"mh-excerpt-more\" href=\"https:\/\/speyer24news.com\/?p=36239\" title=\"Leserbrief\">[&#8230;]<\/a><\/p>\n<\/div>","protected":false},"author":3,"featured_media":31371,"comment_status":"open","ping_status":"open","sticky":false,"template":"","format":"standard","meta":{"_monsterinsights_skip_tracking":false,"_monsterinsights_sitenote_active":false,"_monsterinsights_sitenote_note":"","_monsterinsights_sitenote_category":0,"footnotes":""},"categories":[1453],"tags":[11512,11511,6401,6367,5904,5801,6656,3299,7069,6551],"aioseo_notices":[],"amp_enabled":true,"_links":{"self":[{"href":"https:\/\/speyer24news.com\/index.php?rest_route=\/wp\/v2\/posts\/36239"}],"collection":[{"href":"https:\/\/speyer24news.com\/index.php?rest_route=\/wp\/v2\/posts"}],"about":[{"href":"https:\/\/speyer24news.com\/index.php?rest_route=\/wp\/v2\/types\/post"}],"author":[{"embeddable":true,"href":"https:\/\/speyer24news.com\/index.php?rest_route=\/wp\/v2\/users\/3"}],"replies":[{"embeddable":true,"href":"https:\/\/speyer24news.com\/index.php?rest_route=%2Fwp%2Fv2%2Fcomments&post=36239"}],"version-history":[{"count":2,"href":"https:\/\/speyer24news.com\/index.php?rest_route=\/wp\/v2\/posts\/36239\/revisions"}],"predecessor-version":[{"id":36244,"href":"https:\/\/speyer24news.com\/index.php?rest_route=\/wp\/v2\/posts\/36239\/revisions\/36244"}],"wp:featuredmedia":[{"embeddable":true,"href":"https:\/\/speyer24news.com\/index.php?rest_route=\/wp\/v2\/media\/31371"}],"wp:attachment":[{"href":"https:\/\/speyer24news.com\/index.php?rest_route=%2Fwp%2Fv2%2Fmedia&parent=36239"}],"wp:term":[{"taxonomy":"category","embeddable":true,"href":"https:\/\/speyer24news.com\/index.php?rest_route=%2Fwp%2Fv2%2Fcategories&post=36239"},{"taxonomy":"post_tag","embeddable":true,"href":"https:\/\/speyer24news.com\/index.php?rest_route=%2Fwp%2Fv2%2Ftags&post=36239"}],"curies":[{"name":"wp","href":"https:\/\/api.w.org\/{rel}","templated":true}]}}