{"id":36300,"date":"2021-05-11T06:58:14","date_gmt":"2021-05-11T05:58:14","guid":{"rendered":"https:\/\/speyer24news.com\/?p=36300"},"modified":"2021-05-13T06:37:16","modified_gmt":"2021-05-13T05:37:16","slug":"polizei-580","status":"publish","type":"post","link":"https:\/\/speyer24news.com\/?p=36300","title":{"rendered":"Polizei"},"content":{"rendered":"<style type=\"text\/css\">\r\n\t.ads_top_disp{}\r\n\t.ads_top_corner_disp{ float:left; margin:0px 10px 10px 0px; }\r\n\t.ads_first_p_disp{}\r\n\t.ads_bottom_disp{}\r\n\t<\/style>\n<h2 class=\"wp-block-heading\">Polizeimeldungen vom Montag (10.05.2021)<\/h2>\n\n\n\n<div class=\"wp-block-image\"><figure class=\"aligncenter\"><img decoding=\"async\" src=\"https:\/\/speyer24news.com\/wp-content\/uploads\/2020\/01\/Aktuelles-Polizeilogo.jpg\" alt=\"\" class=\"wp-image-23832\"\/><\/figure><\/div>\n\n\n\n<h4 class=\"wp-block-heading\">(Speyer) &#8211; &#8222;Fahrsch\u00fclerin&#8220; ger\u00e4t in Kontrollstelle<\/h4>\n\n\n\n<p>Am Sonntag \u00fcberwachten Beamtinnen und Beamte der Polizei Speyer im Zeitraum von 10:00 Uhr bis 11:00 Uhr den Durchgangsverkehr in der Geibstra\u00dfe. In die Kontrolle geriet eine 45-j\u00e4hrige PKW Fahrerin, die kurz vor ihrer Fahrpr\u00fcfung stand und demnach noch nicht in Besitz einer Fahrerlaubnis war. Nicht nur gegen die Fahrerin wurde ein Strafverfahren eingeleitet, sondern auch gegen ihren 59-j\u00e4hrigen Ehemann, der als &#8222;Fahrlehrer&#8220; fungierte.<\/p>\n\n\n\n<p>Bei den weiteren 22 kontrollierten Fahrzeugen kam es zu vier Verwarnungen aufgrund fehlender Warnwesten und Warndreiecke bzw. eines Gurtversto\u00dfes.<\/p>\n\n\n\n<h4 class=\"wp-block-heading\">(Germersheim) &#8211; E Scooter ohne Versicherung<\/h4>\n\n\n\n<p>Am Sonntagabend fiel einem Streifenteam der Polizei Germersheim in der August-Keiler-Stra\u00dfe ein E Scooter Fahrer auf, an dessen Gef\u00e4hrt kein Versicherungskennzeichen angebracht war. Bei der anschlie\u00dfenden Verkehrskontrolle stellte sich dann heraus, dass f\u00fcr das Fahrzeug kein Versicherungsschutz bestand. Dem Fahrer w\u00e4re diese &#8222;Vorschrift&#8220; nicht bekannt gewesen. Ihn erwartet nun dennoch ein entsprechendes Strafverfahren. Die Fahrt mit dem E Scooter war somit beendet und er musste ihn nach Hause schieben.<\/p>\n\n\n\n<h4 class=\"wp-block-heading\">(Bad Bergzabern) &#8211; Wohnungsinhaber verscheucht unbewusst einen Einbrecher<\/h4>\n\n\n\n<p>Am Sonntag, 09.05.21, zwischen 12:00 und 12:30 Uhr, verschaffte sich eine bislang unbekannte Person durch ein gekipptes Fenster Zutritt ins Erdgeschoss eines Anwesens in der Petronellastra\u00dfe. Der Wohnungsinhaber befand sich zu diesem Zeitpunkt im Obergeschoss, h\u00f6rte Ger\u00e4usche aus der Wohnung und rief nach seinem Hund. Daraufhin bemerkte der T\u00e4ter, dass er nicht alleine im Anwesen war und fl\u00fcchtete unerkannt \u00fcber die Terrassent\u00fcr. Bei einer Nachschau stellte der Wohnungsinhaber fest, dass die Ger\u00e4usche nicht durch den Hund, sondern einen Einbrecher verursacht wurden.<\/p>\n\n\n\n<h4 class=\"wp-block-heading\">(Klingenm\u00fcnster) &#8211; Suche nach vermisster Person in Klingenm\u00fcnster<\/h4>\n\n\n\n<p>Am 10.05.2021 gegen Mitternacht wurde eine gr\u00f6\u00dfere Suchaktion nach einer vermissten Person in Klingenm\u00fcnster eingeleitet. Neben mehreren Polizeistreifenwagen waren auch ein Personensp\u00fcrhund, sowie der Polizeihubschrauber im Einsatz. Die vermisste Person konnte am fr\u00fchen Morgen gegen 05:00 im Bereich G\u00f6cklingen wohlbehalten festgestellt werden.<\/p>\n\n\n\n<h4 class=\"wp-block-heading\">(Annweiler) &#8211; Motorradkontrollen im Wellbachtal<\/h4>\n\n\n\n<p>Bei bestem Ausflugswetter waren am Sonntag, den 09.05.21, zahlreiche Zweiradfahrer und PKW-Fahrer auf der \u00fcberregional bekannten Streckenf\u00fchrung der B 48 im Wellbachtal unterwegs. Mit dem Schwerpunkt &#8222;Motorr\u00e4der&#8220; kontrollierte die Polizei \u00fcber den Verlauf des Tages den lebhaften Zweiradverkehr und musste mehrere Biker mit Verwarnungen, M\u00e4ngelberichten und insgesamt f\u00fcnf Ordnungswidrigkeiten-Anzeigen belegen. Neben verbotswidrigem \u00dcberholen war es auch notwendig, eine nicht zugelassene Auspuffanlage zu beanstanden. Ein Kradfahrer wurde zudem dabei erwischt, wie er unter Drogeneinfluss und ohne g\u00fcltige Fahrerlaubnis ein Kraftrad f\u00fchrte. Dieser Motorradfahrer sieht nun einer Strafanzeige entgegen.<\/p>\n\n\n\n<h4 class=\"wp-block-heading\">(Freimersheim) &#8211; 480 Liter Diesel geklaut<\/h4>\n\n\n\n<p>Unbekannte haben aus dem Tank eines abgestellten Sattelzuges 480 Liter Diesel abgezapft. Der LKW wurde am Freitagabend (07.05.2021, 18 Uhr) in der Altdorfer Stra\u00dfe abgestellt. Beim Benutzen des Fahrzeugs am gestrigen Abend (09.05.2021, 23.30 Uhr) konnte festgestellt, dass das Tankschloss aufgebrochen wurde und der Kraftstoff entwendet worden war. Auch an einem daneben abgestellten LKW wurde versucht, das Tankschloss zu knacken. Vermutlich wurden dabei die Unbekannten gest\u00f6rt. Sachdienliche Hinweise nimmt die Polizei Edenkoben unter der Rufnummer 06323 9550 entgegen.<\/p>\n\n\n\n<h4 class=\"wp-block-heading\">(Maikammer) &#8211; Vorfahrt missachtet<\/h4>\n\n\n\n<p>Weil ein 57 Jahre alter Autofahrer einen bevorrechtigten Rennradfahrer im &#8222;Wasgau-Kreisel&#8220; \u00fcbersah, kam es am Sonntagmittag (09.05.2021, 12.15 Uhr) zu einem Verkehrsunfall, bei dem der Rennradfahrer \u00fcber die Motorhaube auf die Stra\u00dfe geschleudert wurde. Hierbei erlitt der 55-J\u00e4hrige Sch\u00fcrfwunden an Armen und Beinen und musste sich wegen Verdacht einer Fraktur im Schulterbereich in \u00e4rztliche Behandlung begeben. Am Fahrzeug als auch am Rennrad entstand leichter Sachschaden. In dem Zusammenhang appelliert die Polizei zum Tragen eines Fahrradhelmes. Die meisten Erwachsenen verzichten oft auf den lebensrettenden Kopfschutz &#8211; aus Eitelkeit. Aber: Bei einem schweren Sturz kann ein Fahrradhelm die Gesundheit oder gar das Leben retten.<\/p>\n\n\n\n<h4 class=\"wp-block-heading\">(Ha\u00dfloch) &#8211; Containerbrand<\/h4>\n\n\n\n<p>Kurz vor 16 Uhr bemerkten Zeugen am Sonntag (9. Mai) Rauch und kleine Flammen aus einem Container auf dem Parkplatz des Lidl-Marktes. Einsatzkr\u00e4fte der freiwilligen Feuerwehren Ha\u00dfloch und B\u00f6hl-Iggelheim l\u00f6schten den Brand. Da der Container \u00fcber eine Leitung mit dem Geb\u00e4ude verbunden war, musste eine T\u00fcr gewaltsam ge\u00f6ffnet werden, um auszuschlie\u00dfen, dass das Feuer \u00fcbergegriffen hat. Die Brandursache ist unklar, eine Schadensh\u00f6he kann bislang nicht beziffert werden. Zeugenhinweise bitte an die Polizei Ha\u00dfloch unter Tel. 06324 933-0 oder per E-Mail an&nbsp;<a href=\"mailto:pihassloch@polizei.rlp.de\">pihassloch@polizei.rlp.de<\/a><\/p>\n\n\n\n<h4 class=\"wp-block-heading\">(Ha\u00dfloch) &#8211; Auto zerkratzt; 2000,- Euro Schaden<\/h4>\n\n\n\n<p>Kratzer auf der Fahrer- und Beifahrerseite sowie der Motorhaube bemerkte ein Autobesitzer am Sonntagmittag (9. Mai) und erstattete Strafanzeige. Seit dem 14. April stand der blaue Mazda MX 5 auf einem Parkplatz in der Meckenheimer Stra\u00dfe. Die Beamten sch\u00e4tzen den Schaden auf 2.000,- Euro. Die Polizeiinspektion Ha\u00dfloch nimmt Zeugenhinweise unter Tel. 06324 933-0 oder per E-Mail an&nbsp;<a href=\"mailto:pihassloch@polizei.rlp.de\">pihassloch@polizei.rlp.de<\/a>&nbsp;entgegen.<\/p>\n\n\n\n<h4 class=\"wp-block-heading\">(Deidesheim) &#8211; Mit Bahnschranke kollidiert<\/h4>\n\n\n\n<p>Durch die tiefstehende Sonne geblendet wurde am Sonntagnachmittag (9. Mai, 14:40 Uhr) eine Autofahrerin, als zu einem Unfall auf der L516 kam. Von Deidesheim in Richtung Mu\u00dfbach war eine 77-j\u00e4hrige unterwegs, als sie mit der geschlossenen Schranke kollidierte und nach dem Bahn\u00fcbergang zum Stehen kam. Ein herannahender Zug leitete eine Bremsung ein, wurde aber nicht beeintr\u00e4chtigt. Die Frau wurde bei dem Unfall verletzt, ein Rettungshubschrauber war im Einsatz. Die Schrankenanlage konnte weiterhin in Betrieb bleiben. Der Gesamtschaden wurde auf 6.000,- Euro gesch\u00e4tzt. F\u00fcr die Unfallaufnahme war die L516 zeitweise voll gesperrt.<\/p>\n\n\n\n<h4 class=\"wp-block-heading\">(Forst) &#8211; Mit Pedelec gest\u00fcrzt<\/h4>\n\n\n\n<p>Die Fahrt mit dem neuen Pedelec endete f\u00fcr einen 40-J\u00e4hrigen am Sonntagabend (9. Mai, 17:30 Uhr) im Krankenhaus. Weil er die Geschwindigkeit und die Bremswirkung seines Gef\u00e4hrts untersch\u00e4tzte, st\u00fcrzte er auf einem Feldweg in der N\u00e4he von Forst und zog sich u.a. eine Kopfverletzung zu. Er wurde ins Krankenhaus Bad D\u00fcrkheim eingeliefert.<\/p>\n\n\n\n<h4 class=\"wp-block-heading\">(Bad D\u00fcrkheim \/ B 37) &#8211; Zwei Motorradunf\u00e4lle am Sonntagnachmittag<\/h4>\n\n\n\n<p>Am Sonntag, 09.05.2021, gegen 14.00 Uhr fuhr ein 24-j\u00e4hriger mit seinem Kawasaki-Motorrad die B37 in Richtung Kaiserlautern. In der Doppelkurve vor der Ortseinfahrt Frankenstein rutschte der Motorradfahrer, vermutlich aufgrund nicht angepasster Geschwindigkeit, aus und st\u00fcrzte mit seinem Krad zur Seite. Gl\u00fccklicherweise blieb der Motorradfahrer unverletzt. Am Fahrzeug entstand ein Sachschaden in H\u00f6he von ca. 3.000 Euro. Da die \u00d6lwanne bei dem Sturz aufgerissen und ausgelaufen war, musste die Fahrbahn von der Stra\u00dfenmeisterei gereinigt werden. Die B 37 war f\u00fcr etwa 30 Minuten halbseitig gesperrt.<\/p>\n\n\n\n<p>Circa eine Stunde sp\u00e4ter kam es erneut zu einem Unfall auf der B37. In der Kaiserslauterer Stra\u00dfe in Bad D\u00fcrkheim &#8211; Ortsteil Hardenburg, erkannte der 42-j\u00e4hrige Motorradfahrer aus der Westpfalz nicht rechtzeitig, dass der vor ihm fahrende Pkw aufgrund des Gegenverkehrs abbremsen musste, fuhr auf ihn auf und st\u00fcrzte zu Boden. Durch den Sturz verletzte er sich lediglich an der linken Hand. Der Gesamtschaden d\u00fcrfte sich an beiden Fahrzeugen auf ca. 1.500 Euro belaufen.<\/p>\n\n\n\n<h4 class=\"wp-block-heading\">(Frankenthal) &#8211; Trunkenheit im Verkehr<\/h4>\n\n\n\n<p>Am 09.05.2021, gegen 23.15 Uhr, wurde durch einen Zeugen gemeldet, dass bei ihm in der Tankstelle ein alkoholisierter Mann erschienen sei, welchem er den Kauf weiterer Alkoholika verweigert habe. Dieser habe daraufhin das Tankstellengel\u00e4nde mit einem Pkw verlassen. Im Rahmen der Fahndung konnte der Pkw in der Industriestra\u00dfe festgestellt werden. Bei der Kontrolle des 35-j\u00e4hrigen Fahrers aus Frankenthal konnte Alkoholgeruch wahrgenommen werden. Ein freiwilliger Alkoholtest ergab einen Wert von 2,25 Promille. Auf der Dienststelle wurde ihm eine Blutprobe entnommen und ein Strafverfahren eingeleitet. Bei der weiteren \u00dcberpr\u00fcfung des Mannes wurde festgestellt, dass er nicht im Besitz einer Fahrerlaubnis ist, hier wurde ebenfalls ein Strafverfahren eingeleitet.<\/p>\n\n\n\n<p>Zeugen werden gebeten sich an die Polizeiinspektion Frankenthal unter der Tel.-Nr.: 06233\/313-0 oder an die Polizeiwache Maxdorf unter der Tel.-Nr.: 06237\/934-1100 zu wenden. Gerne nehmen wir Ihre Hinweise auch per E-Mail unter&nbsp;<a href=\"mailto:pifrankenthal@polizei.rlp.de\">pifrankenthal@polizei.rlp.de<\/a>&nbsp;entgegen.<\/p>\n\n\n\n<h4 class=\"wp-block-heading\">(Frankenthal) &#8211; Widerstand bei Personalienfeststellung<\/h4>\n\n\n\n<p>Am Freitagabend, gegen 20:30 Uhr, leistete ein 52-J\u00e4hriger Widerstand bei einer Kontrolle in einer Gastst\u00e4tte in Frankenthal-S\u00fcd. Aufgrund eines gemeldeten Corona-Versto\u00dfes kontrollierte der kommunale Vollzugsdienst (KVD) der Stadt Frankenthal gemeinsam mit der Polizei Frankenthal die Gastst\u00e4tte. Der 52-J\u00e4hrige soll bei der Personalienfeststellung Widerstand gegen die Beamten des kommunalen Vollzugsdienstes geleistet haben. Zudem soll er einen Beamten des KVD beleidigt haben. Dieser Beamte und der 52-j\u00e4hrige Mann wurden leicht verletzt.<\/p>\n\n\n\n<h4 class=\"wp-block-heading\">(Frankenthal) &#8211; Verkehrsunfall mit verletztem Leichtkraftradfahrer<\/h4>\n\n\n\n<p>Am 09.05.2021, gegen 13.25 Uhr, befuhr ein 16-j\u00e4hriger Mann aus He\u00dfheim mit seinem Leichtkraftrad die Hans-Kopp-Stra\u00dfe in Richtung Carl-Bosch-Ring. An der Einm\u00fcndung zum Mina-Karcher-Platz \u00fcbersah ihn ein aus dieser Stra\u00dfe kommender 52-j\u00e4hriger Mann aus Frankenthal mit seinem Pkw und es kam zum Zusammensto\u00df beider Fahrzeuge. Der 16-J\u00e4hrige wurde hierbei verletzt und zur \u00dcberpr\u00fcfung in ein Frankenthaler Krankenhaus verbracht. Das Leichtkraftrad war nicht mehr fahrbereit und musste abgeschleppt werden. Der Gesamtschaden wird auf etwa 6500 Euro gesch\u00e4tzt.<\/p>\n\n\n\n<p>Zeugen werden gebeten sich an die Polizeiinspektion Frankenthal unter der Tel.-Nr.: 06233\/313-0 oder an die Polizeiwache Maxdorf unter der Tel.-Nr.: 06237\/934-1100 zu wenden. Gerne nehmen wir Ihre Hinweise auch per E-Mail unter&nbsp;<a href=\"mailto:pifrankenthal@polizei.rlp.de\">pifrankenthal@polizei.rlp.de<\/a>&nbsp;entgegen.<\/p>\n\n\n\n<h4 class=\"wp-block-heading\">(Frankenthal) &#8211; Einbruchdiebstahl in Schule<\/h4>\n\n\n\n<p>In der Zeit von 08.05.2021, 09.30 Uhr, bis 09.05.2021, 08.50 Uhr, brachen bisher unbekannte T\u00e4ter die Haupteingangst\u00fcr der Integrierten Gesamtschule im Ziegelhofweg auf und gelangten so ins Innere der Schule. Hier betraten sie mehrere R\u00e4ume und brachen Schr\u00e4nke auf. Zum Diebesgut und zur H\u00f6he des Sachschadens k\u00f6nnen derzeit noch keine Aussagen getroffen werden.<\/p>\n\n\n\n<p>Zeugen werden gebeten sich an die Polizeiinspektion Frankenthal unter der Tel.-Nr.: 06233\/313-0 oder an die Polizeiwache Maxdorf unter der Tel.-Nr.: 06237\/934-1100 zu wenden. Gerne nehmen wir Ihre Hinweise auch per E-Mail unter&nbsp;<a href=\"mailto:pifrankenthal@polizei.rlp.de\">pifrankenthal@polizei.rlp.de<\/a>&nbsp;entgegen.<\/p>\n\n\n\n<h4 class=\"wp-block-heading\">(Ludwigshafen) &#8211; Brand in Mehrfamilienhaus<\/h4>\n\n\n\n<p>In der Benckieserstra\u00dfe brach am 10.05.2021, gegen 11:15 Uhr, in einer Dachgeschosswohnung eines Mehrfamilienhauses ein Feuer aus. Aufgrund der starken Rauchentwicklung mussten alle Bewohner des Hauses w\u00e4hrend der L\u00f6scharbeiten evakuiert werden. Die betroffene Dachgeschosswohnung, in welcher der Brand ausgebrochen war, ist nicht mehr bewohnbar. Andere Wohnungen waren von dem Feuer nicht betroffen. Die Schadensh\u00f6he wird auf ca. 100.000,- Euro gesch\u00e4tzt. Verletzt wurde durch den Brand niemand.<\/p>\n\n\n\n<p>Die Kriminalpolizei hat die Ermittlungen zu der Brandursache aufgenommen.<\/p>\n\n\n\n<h4 class=\"wp-block-heading\">(Ludwigshafen) &#8211; Brand in Parkhaus<\/h4>\n\n\n\n<p>Aus noch ungekl\u00e4rter Ursache brannten am Montag (10.05.2021), gegen 8.55 Uhr, zwei PKW in einem Parkhaus in der Karl-M\u00fcller-Stra\u00dfe aus. Ein weiterer in unmittelbarer N\u00e4he parkender PKW wurde durch das Feuer ebenfalls besch\u00e4digt. Es entstand ein Sachschaden in H\u00f6he von 70.000 Euro. Die Kriminalpolizei Ludwigshafen hat die Ermittlungen zur Brandursache aufgenommen. Sachdienliche Hinweise nimmt die Kriminalpolizei Ludwigshafen unter der Telefonnummer 0621\/963-2773 oder per E-Mail&nbsp;<a href=\"mailto:kiludwigshafen.k1.kdd@polizei.rlp.de\">kiludwigshafen.k1.kdd@polizei.rlp.de<\/a>&nbsp;entgegen.<\/p>\n\n\n\n<h4 class=\"wp-block-heading\">(Ludwigshafen) &#8211; M\u00fcllcontainer und M\u00fclltonne in Brand gesetzt<\/h4>\n\n\n\n<p>Aus noch ungekl\u00e4rter Ursache gerieten am Sonntag (09.05.2021) gegen 23.45 Uhr, ein M\u00fcllcontainer und eine M\u00fclltonne in der Kropsburgstra\u00dfe in Brand. Die Feuerwehr l\u00f6schte den Brand. Die Schadensh\u00f6he steht derzeit noch nicht fest. Sachdienliche Hinweise bitte an die Polizeiinspektion Ludwigshafen 1, Telefonnummer 0621 963-2122 oder per E-Mail&nbsp;<a href=\"mailto:piludwigshafen1@polizei.rlp.de\">piludwigshafen1@polizei.rlp.de<\/a>&nbsp;.<\/p>\n\n\n\n<h4 class=\"wp-block-heading\">(Ludwigshafen) &#8211; Betrunkener verursacht Unfall und l\u00fcgt Polizei an<\/h4>\n\n\n\n<p>Ein alkoholisierter 21-J\u00e4hrige fuhr am Sonntag (09.05.2021), gegen 21.30 Uhr, gegen ein geparkten PKW in der Gr\u00e4fenaustra\u00dfe und verursachte einen Gesamtschaden in H\u00f6he von 8000 Euro. Die Polizei traf den 21-J\u00e4hrigen vor Ort an, der zun\u00e4chst angab, dass seine Freundin den PKW gefahren h\u00e4tte. Leider gaben Unfallzeugen und die besagte Freundin an, dass der 21-J\u00e4hrige der eigentliche Fahrer gewesen w\u00e4re. Als der junge Mann bemerkte, dass seine Notl\u00fcge nicht fruchtete, beichtete er der Polizei, den Unfall verursacht zu haben. Der 21-J\u00e4hrge kam auf eine Polizeidienststelle, wo ihm eine Blutprobe entnommen wurde. Ein Atemalkoholtest ergab einen Wert von 1,75 Promille. Den F\u00fchrerschein stellte die Polizei sicher.<\/p>\n\n\n\n<h4 class=\"wp-block-heading\">(Ludwigshafen) &#8211; Bei Probefahrt Roller gestohlen<\/h4>\n\n\n\n<p>Am Sonntag (09.05.2021) erschienen gegen 15 Uhr zwei m\u00e4nnliche Jugendliche bei einem 64-J\u00e4hrigen und bekundeten Interesse an seinem vor der T\u00fcr geparkten Roller. Da der Mann den Roller nicht mehr nutzte, bot er diesen zum Kauf an. Die Jugendlichen bestanden zun\u00e4chst auf eine Probefahrt. Einer der Jugendlichen schrieb die Adresse und eine Telefonnummer auf einen Zettel und \u00fcbergab ihn dem 64-J\u00e4hrigen. Der Mann h\u00e4ndigte die Schl\u00fcssel aus und die Jugendlichen fuhren davon. Von der Probefahrt mit dem Kleinkraftrad kamen die Interessenten nicht mehr zur\u00fcck. Es stellte sich heraus, dass die angegebene Adresse und die Telefonnummer nicht stimmten. <\/p>\n\n\n\n<p>Beide Jugendliche waren:<\/p>\n\n\n\n<ul><li>zwischen 17 und 18 Jahre alt<\/li><li>circa 1,90m gro\u00df und <\/li><li>von korpulenter Statur<\/li><\/ul>\n\n\n\n<p>Sachdienliche Hinweise bitte an die Polizeiinspektion Ludwigshafen 2, Telefonnummer 0621 963-2222 oder per E-Mail&nbsp;<a href=\"mailto:piludwigshafen2@polizei.rlp.de\">piludwigshafen2@polizei.rlp.de<\/a>&nbsp;.<\/p>\n\n\n\n<h4 class=\"wp-block-heading\">(Ludwigshafen) &#8211; Frau wirft Steine auf die Stra\u00dfe \/ Gesch\u00e4digte gesucht<\/h4>\n\n\n\n<p>Eine 32-J\u00e4hrige warf am Sonntag (09.05.2021), gegen 12.15 Uhr, aus einem Gleisbett in der Mannheimer Stra\u00dfe, Steine auf die Fahrbahn. Als die Polizei erschien, ergriff die Frau die Flucht und rannte weg. Die Polizei nahm die Verfolgung auf und stellte die 32-J\u00e4hrige. Da die Frau sich in einer psychischen Ausnahmesituation befand, kam sie anschlie\u00dfend in ein Krankenhaus. Die Polizei sucht nun Verkehrsteilnehmer, die durch die das Verhalten der Frau gesch\u00e4digt wurden. Gesch\u00e4digte k\u00f6nnen sich an die Polizeiinspektion Ludwigshafen 2, Telefonnummer 0621 963-2222 oder per E-Mail&nbsp;<a href=\"mailto:piludwigshafen2@polizei.rlp.de\">piludwigshafen2@polizei.rlp.de<\/a>&nbsp;wenden.<\/p>\n\n\n\n<h4 class=\"wp-block-heading\">(Ludwigshafen) &#8211; 80-J\u00e4hrige verliert Mobiltelefon \/ Polizei hilft<\/h4>\n\n\n\n<p>Am Sonntag (09.05.2021), gegen 11.15 Uhr, wurde der Polizei eine Frau gemeldet, die hinter der Leitplanke entlang der B44 laufen w\u00fcrde. Ein Polizeibeamter und eine Polizeibeamtin trafen dort eine 80-J\u00e4hrige an, die verzweifelt nach ihrem Mobiltelefon suchte. Dies h\u00e4tte sie vor kurzem auf das Dach ihres PKW gelegt. Dann w\u00e4re sie auf die B44 gefahren. Zu sp\u00e4t h\u00e4tte sie den Fehler bemerkt. Sie habe sich sogleich auf die Suche entlang der B44 gemacht. Leider erfolglos. Der Polizeibeamte und die Polizeibeamtin begleiteten die Seniorin zu ihrem PKW. Der Verlust lie\u00df aber den beiden keine Ruhe. Das Streifenteam kehrte direkt zur B44 zur\u00fcck und suchte den Gr\u00fcnstreifen ab. Diesmal erfolgreich. Sie fanden das Mobiltelefon in der N\u00e4he im Gr\u00fcnstreifen, wo die Suche der Frau kurz vorher beendet wurde. Gl\u00fccklich \u00fcber den Fund, bekam die 80-J\u00e4hrige ihr Mobiltelefon \u00fcberreicht.<\/p>\n\n\n\n<h4 class=\"wp-block-heading\">(Ludwigshafen \/ A 650) &#8211; Ohne F\u00fchrerschein zu schnell unterwegs<\/h4>\n\n\n\n<p>Bei den Provida-Kontrollen am 08.05.2021 fiel den Beamten der Polizeiautobahnstation Ruchheim um 18.45 Uhr auf der A650 Gemarkung Ludwigshafen ein Audi auf, der die Autobahn bei erlaubten 90 km\/h mit einer Geschwindigkeit von 148 km\/h befuhr. Nach der Messung wurde der Wagen angehalten. Der 20-j\u00e4hrige Fahrer konnte keinen F\u00fchrerschein aush\u00e4ndigen. Die \u00dcberpr\u00fcfung ergab, dass dem jungen Mann im November 2020 die Fahrerlaubnis rechtskr\u00e4ftig entzogen worden waren. Neben dem Bu\u00dfgeldverfahren wegen \u00fcberh\u00f6hter Geschwindigkeit erwartet den 20-J\u00e4hrigen nun auch ein Strafverfahren wegen Fahren ohne Fahrerlaubnis.<\/p>\n\n\n\n<h4 class=\"wp-block-heading\">(Mannheim-Innenstadt) &#8211; Polizei schlie\u00dft Wettb\u00fcro in den G-Quadraten<\/h4>\n\n\n\n<p>Beamte des Polizeireviers Innenstadt haben am Montag ein Wettb\u00fcro in den G-Quadraten geschlossen und drei Geldspielger\u00e4te sichergestellt. Einer Polizeistreife fiel am Montag, kurz nach Mitternacht, ein Wettb\u00fcro ins Auge, in dem &#8211; entgegen der aktuellen Corona-Regeln &#8211; augenscheinlich G\u00e4ste verweilten und Wetten abgaben. Bei der anschlie\u00dfend durchgef\u00fchrten Kontrolle stellten die Beamten au\u00dferdem drei illegal betriebene Gl\u00fccksspielger\u00e4te fest. Das Wettb\u00fcro wurde geschlossen. Die Automaten sowie das darin enthaltene M\u00fcnzgeld wurden in Verwahrung genommen. Der Betreiber der Wettannahmestelle muss sich nun nicht nur wegen eines Versto\u00dfes gegen die Corona-Verordnung verantworten, das Polizeirevier Innenstadt ermittelt auch wegen der unerlaubten Veranstaltung eines Gl\u00fccksspiels.<\/p>\n\n\n\n<h4 class=\"wp-block-heading\">(Mannheim-Innenstadt) &#8211; 24-j\u00e4hriger Mann in &#8222;Poser-Manier&#8220; unterwegs<\/h4>\n\n\n\n<p>Ein 24-j\u00e4hriger Mann war Samstagabend in der Mannheimer Innenstadt mit seinem Mercedes in &#8222;Poser-Manier&#8220; unterwegs, ohne im Besitz einer Fahrerlaubnis zu sein. Der junge Mann fiel einer Polizeistreife kurz nach 19 Uhr auf als er mit seinem Fahrzeug mit laut aufheulendem Motor und \u00fcberh\u00f6hter Geschwindigkeit vom Friedrichsplatz kommend, \u00fcber den Kaiserring in die Stra\u00dfe zwischen P 7 und Q 7 fuhr. Die Beamten folgten dem Fahrzeug und unterzogen den Fahrer einer Kontrolle. Dabei stellten sie fest, dass diesem durch die F\u00fchrerscheinstelle die Fahrerlaubnis entzogen worden war. Der mittlerweile in der Schweiz wohnhafte Deutsche konnte einen schweizerischen F\u00fchrerschein vorweisen. Dieser stellte sich jedoch nach eingehender \u00dcberpr\u00fcfung als F\u00e4lschung heraus.<\/p>\n\n\n\n<p>Gegen den 24-J\u00e4hrigen wird nun wegen Fahrens ohne Fahrerlaubnis und Urkundenf\u00e4lschung ermittelt. Die Weiterfahrt wurde ihm untersagt, das Fahrzeug musste durch eine berechtigte Person, die im Besitz einer Fahrerlaubnis war, weitergefahren werden. Nachdem der 24-j\u00e4hrige Mann eine Sicherheitsleistung hinterlegt hatte, wurde er wieder auf freien Fu\u00df entlassen.<\/p>\n\n\n\n<h4 class=\"wp-block-heading\">(Mannheim-Herzogenried) &#8211; Nach Unfall unerkannt gefl\u00fcchtet \/ Zeugen gesucht!<\/h4>\n\n\n\n<p>Am Samstag zwischen 17:45 Uhr und 18:05 Uhr besch\u00e4digte in der Heinrich-Zille-Stra\u00dfe am neuen Messplatz ein bislang unbekannter T\u00e4ter mit seinem Fahrzeug einen geparkten Sattelauflieger und fl\u00fcchtete. Zeugen, die den Unfall beobachtet haben oder Hinweise auf den Unfallverursacher geben k\u00f6nnen werden gebeten, sich unter der Telefonnummer 0621\/3301-0 beim Polizeirevier Mannheim-Neckarstadt oder jeder anderen Polizeidienststelle zu melden.<\/p>\n\n\n\n<h4 class=\"wp-block-heading\">(Mannheim-Neuhermsheim) &#8211; Unbekannter streift mit Auto anderes Fahrzeug und f\u00e4hrt weiter \/ Zeugen gesucht<\/h4>\n\n\n\n<p>Ein Unbekannter hat am Samstag um 13.30 Uhr mit einem Mazda seitlich einen BMW gestreift, der im Hellebardenweg in Mannheim-Neuhermsheim am Stra\u00dfenrand parkte und fuhr ohne anzuhalten weiter. Eine Zeugin beobachtete den Vorfall und verst\u00e4ndigte die Polizei. Der Fahrer soll schulterlange Haare gehabt und eine Brille getragen haben. Da sich die Zeugin das Kennzeichen gemerkt hatte, suchten Polizeibeamte den 75-j\u00e4hrigen Fahrzeughalter in Mannheim auf. Sie fanden auch den Mazda, der neue Unfallsch\u00e4den an der rechten Seite aufwies. Der 75-J\u00e4hrige bestritt, dass das bereits abgemeldete Fahrzeug unterwegs gewesen w\u00e4re. Der Schaden betr\u00e4gt insgesamt rund 1800 Euro. Verletzt wurde niemand.<\/p>\n\n\n\n<p>Weitere Hinweise bitte an das Polizeirevier Mannheim-Oststadt unter Telefon 0621\/174-0.<\/p>\n\n\n\n<h4 class=\"wp-block-heading\">(Mannheim \/ Heidelberg \/ Rhein-Neckar-Kreis) &#8211; Schwerpunktkontrollen Motorradfahrer<\/h4>\n\n\n\n<p>Mit Beginn der w\u00e4rmeren Jahreszeit beginnt auch f\u00fcr die Zweiradfahrer wieder die Motorradsaison und die Unf\u00e4lle mit Beteiligung von Motorradfahrern nehmen zu. Hauptunfallursachen bei Unf\u00e4llen mit schweren Folgen sind ungen\u00fcgender Sicherheitsabstand, \u00dcberholen trotz unklarer Verkehrslage sowie \u00fcberh\u00f6hte oder nicht angepasste Geschwindigkeit<\/p>\n\n\n\n<p>Am meisten zu mehr Verkehrssicherheit k\u00f6nnen die Motorradfahrer selbst beitragen. Fahrsicherheitstraining, technisch einwandfreie und verkehrssichere Motorr\u00e4der, die richtige Schutzkleidung und eine vern\u00fcnftige und vorsichtige Fahrweise sind Garanten f\u00fcr unfallfreien Fahrspa\u00df.<\/p>\n\n\n\n<p>Zum Saisonauftakt f\u00fchrte das Polizeipr\u00e4sidium Mannheim am vergangenen Wochenende, vom 07.05.2021 bis 09.05.2021, schwerpunktm\u00e4\u00dfige Kontrollen des motorisierten Zweiradverkehrs durch.<\/p>\n\n\n\n<p>Bei insgesamt sechs Kontrollaktionen mit \u00fcber 30 eingesetzten Beamten wurden 574 Motorradfahrer kontrolliert. Dabei wurden 102 Verst\u00f6\u00dfe festgestellt.<\/p>\n\n\n\n<p>An unfalltr\u00e4chtigen und gef\u00e4hrlichen Strecken, u. a. an der L535 zwischen Heiligkreuzsteinach und dem Abzweig Hilsenhain, wurden Geschwindigkeitskontrollen durchgef\u00fchrt. 69 Biker waren zu schnell mit ihren Maschinen unterwegs. Darunter waren f\u00fcnf Motorradfahrer so schnell, dass f\u00fcr sie die Saison zun\u00e4chst einmal beendet ist, da sie nun mit einem Fahrverbot rechnen m\u00fcssen. Der Spitzenreiter war mit 105 km\/h gemessen worden, wo eine H\u00f6chstgeschwindigkeit von 50 km\/h erlaubt ist.<\/p>\n\n\n\n<p>Ein Motorradfahrer musste beanstandet werden, da er trotz unklarer Verkehrslage einen anderen Verkehrsteilnehmer \u00fcberholte.<\/p>\n\n\n\n<p>An 30 Motorr\u00e4dern stellten Polizeibeamte technische M\u00e4ngel fest, die in sechs F\u00e4llen so gravierend waren, dass die Betriebserlaubnis des Fahrzeugs erlosch und dieses nicht mehr im \u00f6ffentlichen Verkehrsraum in Betrieb genommen werden durfte.<\/p>\n\n\n\n<p>Zur Verhinderung weiterer schwerer Verkehrsunf\u00e4lle sind weitere Kontrollma\u00dfnahmen dieser Art bereits in der Planung. Das Ergebnis vom Wochenende zeigt deutlich, dass solche Kontrollen zur nachhaltigen Bek\u00e4mpfung schwerer Verkehrsunf\u00e4lle mit Beteiligung von Motorradfahrern dringend erforderlich sind.<\/p>\n\n\n\n<p>Der 38-j\u00e4hrige Daniel M. aus Sinsheim wird seit Samstagabend, 17.45 Uhr vermisst. Der Vermisste befand sich zur Behandlung in der Notaufnahme der medizinischen Klinik. Er sollte sich dort einer dringend erforderlichen Untersuchung unterziehen. Gegen 17.45 Uhr hat er jedoch, noch vor der Untersuchung, eigenm\u00e4chtig das Krankenzimmer und die Klinik verlassen. Seither ist er unbekannten Aufenthalts.<\/p>\n\n\n\n<p><strong>Der Vermisste wird wie folgt beschrieben:<\/strong><\/p>\n\n\n\n<ul><li>38 Jahre alt<\/li><li>Ca. 185 cm gro\u00df<\/li><li>Dick, ca. 120 kg<\/li><li>kurze schwarze Haare<\/li><li>dunkelbraune Augen<\/li><li>bekleidet mit schwarzer Jeans, schwarzem Shirt und schwarzer Jacke <\/li><\/ul>\n\n\n\n<p>Der 38-J\u00e4hrige befindet sich in einer psychischen Ausnahmesituation. Es ist nicht auszuschlie\u00dfen, dass er sich in hilfloser Lage befindet.<\/p>\n\n\n\n<p>Das Fachdezernat der Kriminalpolizeidirektion Heidelberg hat die Fahndung nach dem vermissten Daniel M. aufgenommen. Eine \u00dcberpr\u00fcfung aller bekannten Hinwendungsorte des Vermissten sowie eine sofort eingeleitete Fahndung f\u00fchrte bislang nicht zu dessen Auffinden.<\/p>\n\n\n\n<p>Hinweise bitte \u00fcber den Polizeinotruf 110 oder an den Kriminaldauerdienst der Kriminalpolizeidirektion Heidelberg, Tel.: 0621\/174-4444.<\/p>\n\n\n\n<h4 class=\"wp-block-heading\">(Heidelberg-Mitte) &#8211; Sachbesch\u00e4digung an Haltestelle durch bislang unbekannte Person \/ Zeugen gesucht<\/h4>\n\n\n\n<p>Eine bislang unbekannte Person verursachte am Samstagabend gegen 20 Uhr einen Sachschaden in H\u00f6he von ca. 1000 EUR. Mittels eines ebenfalls noch unbekannten Gegenstandes wurde die Glasscheibe einer RNV Haltestelle zerbrochen. Eine an der \u00d6rtlichkeit angetroffene Person konnte nicht mit dem Tatvorgang in Zusammenhang gebracht werden. Die bei dem Vorfall entstandenen Scherben wurden durch die RNV entsorgt.<\/p>\n\n\n\n<p>Zeugen, die n\u00e4here Hinweise zum Tathergang geben k\u00f6nnen, werden gebeten sich beim Polizeirevier Heidelberg-Mitte unter der Telefonnummer 06221\/99-1700 zu melden.<\/p>\n\n\n\n<h4 class=\"wp-block-heading\">(Heidelberg-Mitte) &#8211; Graffiti-Schmierereien an Spielplatz \/ Zeugen gesucht<\/h4>\n\n\n\n<p>Am Samstagabend gegen 20 Uhr wurden drei Jugendliche dabei beobachtet, die Mauer sowie den Weg eines in der Heidelberger Altstadt befindlichen Spielplatzes mit Graffiti beschmiert zu haben. Nach der Tat rannten die drei unbekannten Personen in Richtung Oberer Fauler Pelz davon. Eine anschlie\u00dfende Fahndung im Bereich des besagten Spielplatzes konnte keine weiteren Erkenntnisse liefern.<\/p>\n\n\n\n<p>Zeugen, die n\u00e4here Hinweise zum Tathergang oder den Verursachern geben k\u00f6nnen, werden gebeten, sich beim Polizeirevier Heidelberg-Mitte unter der Telefonnummer 06221 991700 zu melden.<\/p>\n\n\n\n<h4 class=\"wp-block-heading\">(Heidelberg-Bergheim) &#8211; Beim Ausparken Auto gerammt<\/h4>\n\n\n\n<p>Als eine 33-j\u00e4hrige Heidelbergerin mit ihrem Opel am Samstag um 13.20 Uhr in der Poststra\u00dfe in Bergheim vom Stra\u00dfenrand losfahren wollte, kollidierte sie mit dem Fiat einer 47-J\u00e4hrigen aus Schwetzingen, die gerade die Poststra\u00dfe entlangfuhr. An beiden Fahrzeugen entstand ein Schaden von insgesamt rund 4000 Euro. Verletzt wurde niemand.<\/p>\n\n\n\n<h4 class=\"wp-block-heading\">(Heidelberg-Kirchheim) &#8211; Auffahrunfall mit leicht verletzter Autofahrerin<\/h4>\n\n\n\n<p>Am Samstag gegen 19:15 Uhr kollidierte in der Speyerer Stra\u00dfe ein 26-j\u00e4hriger VW-Fahrer mit einem vorausfahrenden 23-j\u00e4hrigen Fahrer eines Toyotas. Auf H\u00f6he des St\u00fcckerwegs musste der 23-J\u00e4hrige aufgrund einer roten Ampel anhalten, was der hinterherfahrende VW-Fahrer zu sp\u00e4t erkannte und diesem auffuhr. Durch den Aufprall verletzte sich der 23-J\u00e4hrige leicht. Bei dem Unfall entstand an den Autos ein Sachschaden von mehreren Tausend Euro.<\/p>\n\n\n\n<h4 class=\"wp-block-heading\">(Heidelberg-Kirchheim) &#8211; 33-j\u00e4hriger Mann mit vermutlich entwendetem Fahrrad unterwegs \/ Gesch\u00e4digte gesucht<\/h4>\n\n\n\n<div class=\"wp-block-image\"><figure class=\"aligncenter\"><img decoding=\"async\" loading=\"lazy\" width=\"800\" height=\"600\" src=\"https:\/\/speyer24news.com\/wp-content\/uploads\/2021\/05\/Fahrrad\u00dcbersichtPegasus.jpg\" alt=\"\" class=\"wp-image-36313\" srcset=\"https:\/\/speyer24news.com\/wp-content\/uploads\/2021\/05\/Fahrrad\u00dcbersichtPegasus.jpg 800w, https:\/\/speyer24news.com\/wp-content\/uploads\/2021\/05\/Fahrrad\u00dcbersichtPegasus-300x225.jpg 300w, https:\/\/speyer24news.com\/wp-content\/uploads\/2021\/05\/Fahrrad\u00dcbersichtPegasus-768x576.jpg 768w, https:\/\/speyer24news.com\/wp-content\/uploads\/2021\/05\/Fahrrad\u00dcbersichtPegasus-678x509.jpg 678w, https:\/\/speyer24news.com\/wp-content\/uploads\/2021\/05\/Fahrrad\u00dcbersichtPegasus-326x245.jpg 326w, https:\/\/speyer24news.com\/wp-content\/uploads\/2021\/05\/Fahrrad\u00dcbersichtPegasus-80x60.jpg 80w\" sizes=\"(max-width: 800px) 100vw, 800px\" \/><figcaption>Bild 1: sichergestelltes Fahrrad<\/figcaption><\/figure><\/div>\n\n\n\n<p>Bereits am Donnerstag, 29. April 2021 war im Stadtteil Kirchheim ein 33-j\u00e4hriger Mann mit einem vermutlich gestohlenen Fahrrad unterwegs und versuchte, vor der Polizei zu fl\u00fcchten. Der Mann fiel einer Polizeistreife gegen 18.30 Uhr im Kirchheimer Weg auf, als er mit einem Fahrrad auf dem Gehweg, entgegen der eigentlichen Fahrtrichtung z\u00fcgig unterwegs war. Beim Erblicken des Streifenwagens trat der Mann noch mehr in die Pedale und fl\u00fcchtete den Kirchheimer Weg entlang. Auf dem Radweg parallel zur Rudolf-Diesel-Stra\u00dfe warf er das Rad schlie\u00dflich auf den Boden und setzte seine Flucht zu Fu\u00df fort. Er konnte nach einer weiteren Strecke von rund 300 Metern schlie\u00dflich von den Beamten eingeholt und festgenommen werden. Auf das hochwertige Fahrrad der Marke Bulls angesprochen, gab er an, dass er dieses von einem ihm unbekannten Mann mit schwarzen Vollbart f\u00fcr 40 Euro gekauft hatte. Ermittlungen ergaben jedoch einen Wert f\u00fcr rund 500 Euro f\u00fcr das Fahrrad. F\u00fcr das am Rad angebrachte Schloss konnte der 33-J\u00e4hrige kein Schloss vorweisen.<\/p>\n\n\n\n<div class=\"wp-block-image\"><figure class=\"aligncenter\"><img decoding=\"async\" loading=\"lazy\" width=\"800\" height=\"600\" src=\"https:\/\/speyer24news.com\/wp-content\/uploads\/2021\/05\/Anh\u00e4ngerhalterung.jpg\" alt=\"\" class=\"wp-image-36314\" srcset=\"https:\/\/speyer24news.com\/wp-content\/uploads\/2021\/05\/Anh\u00e4ngerhalterung.jpg 800w, https:\/\/speyer24news.com\/wp-content\/uploads\/2021\/05\/Anh\u00e4ngerhalterung-300x225.jpg 300w, https:\/\/speyer24news.com\/wp-content\/uploads\/2021\/05\/Anh\u00e4ngerhalterung-768x576.jpg 768w, https:\/\/speyer24news.com\/wp-content\/uploads\/2021\/05\/Anh\u00e4ngerhalterung-678x509.jpg 678w, https:\/\/speyer24news.com\/wp-content\/uploads\/2021\/05\/Anh\u00e4ngerhalterung-326x245.jpg 326w, https:\/\/speyer24news.com\/wp-content\/uploads\/2021\/05\/Anh\u00e4ngerhalterung-80x60.jpg 80w\" sizes=\"(max-width: 800px) 100vw, 800px\" \/><figcaption>Bild 2: Detailaufnahme Anh\u00e4ngerhalterung<\/figcaption><\/figure><\/div>\n\n\n\n<p>Das Fahrrad wurde sichergestellt, der 33-J\u00e4hrige nach erkennungsdienstlicher Behandlung wieder auf freien Fu\u00df entlassen.<\/p>\n\n\n\n<p>Am Sonntag, 09.05.2021 wurde der Mann erneut mit einem Fahrrad angetroffen, \u00fcber dessen Herkunft er keine plausible Erkl\u00e4rung abgeben konnte. Diesmal gab er an, dass er es von einem syrischen Fl\u00fcchtling f\u00fcr 25 Euro erworben habe.<\/p>\n\n\n\n<p>Bei dem Fahrrad handelt es sich um ein Damen-Trekkingrad der Marke Pegasus, Modell Solero, 28 Zoll, in der Farbe schwarz. Es verf\u00fcgt \u00fcber eine 24-Gang-Kettenschaltung und ist mit einem goldfarbenen Lenker ausgestattet. Als Besonderheit ist eine Anh\u00e4ngerhalterung angebracht. Auf dem Gep\u00e4cktr\u00e4ger ist ein Fahrradkorb mit einem Seil befestigt.<\/p>\n\n\n\n<p>Auch dieses Fahrrad wurde sichergestellt. Gegen den 33-J\u00e4hrigen wird nun wegen Hehlerei ermittelt.<\/p>\n\n\n\n<p>Die Polizei sucht nun den Besitzer des Pegasus-Rades und bittet diesen, sich beim Polizeirevier Heidelberg-S\u00fcd, Tel.: 06221\/3418-0 zu melden.<\/p>\n\n\n\n<h4 class=\"wp-block-heading\">(Heidelberg-Neuenheim) &#8211; Frau nimmt Radfahrer Vorfahrt und f\u00e4hrt weiter<\/h4>\n\n\n\n<p>Bei einem Unfall hat sich ein Radfahrer am Sonntag um 16 Uhr in Heidelberg-Neuenheim an Knie und Handgelenk verletzt. Der 56-J\u00e4hrige war mit seinem E-Bike auf der Uferstra\u00dfe in Richtung Posseltstra\u00dfe unterwegs, als eine 24-J\u00e4hrige aus der Werder- in die Uferstra\u00dfe einbog. Der Mann machte eine Vollbremsung und st\u00fcrzte. Als er die Frau bat, auf dem dortigen Parkplatz zu halten, entfernte sie sich mit dem Satz, dass doch nichts passiert sei. Weitere Zeugen beobachteten den Vorfall.<\/p>\n\n\n\n<h4 class=\"wp-block-heading\">(Wiesloch \/ Rhein-Neckar-Kreis) &#8211; Kollision zweier Radfahrer \/ Polizei sucht Zeugen<\/h4>\n\n\n\n<p>Am Samstagnachmittag gegen 14:20 Uhr kollidierten in der Froschgasse zwei Radfahrer. Vermutlich aus Unachtsamkeit \u00fcbersah ein 78-j\u00e4hriger Radfahrer an der Kreuzung Froschgasse\/ Kegelbahnweg einen von links kommenden Rennradfahrer und stie\u00df mit diesem zusammen. Der jugendliche Rennradfahrer und der 78-J\u00e4hrige kamen beide zu Fall und wurden hierbei leicht verletzt. Not\u00e4rztliche Versorgungsma\u00dfnahmen waren nicht erforderlich. Die Polizei ermittelt nun den genauen Tathergang des Verkehrsunfalles und bittet Zeugen, die sachdienliche Hinweise geben k\u00f6nnen, sich beim Polizeirevier Wiesloch, Tel.: 06222\/ 5709-0, zu melden.<\/p>\n\n\n\n<h4 class=\"wp-block-heading\">(Angelbachtal \/ Rhein-Neckar-Kreis) &#8211; Geschwindigkeits-Messanh\u00e4nger besch\u00e4digt \/ Polizei sucht Zeugen<\/h4>\n\n\n\n<p>Unbekannte T\u00e4ter besch\u00e4digten am Samstagabend in Angelbachtal einen Geschwindigkeits-Messanh\u00e4nger. Die T\u00e4ter bespr\u00fchten kurz vor Mitternach die Panzerglasscheibe des sogenannten Enforcement-Trailers der Stadtverwaltung Sinsheim, der zur Geschwindigkeitsmessung in der Heidelberger Stra\u00dfe aufgestellt war. Die H\u00f6he des Sachschadens kann derzeit nicht beziffert werden.<\/p>\n\n\n\n<p>Zeugen, die verd\u00e4chtige Wahrnehmungen gemacht haben und sachdienliche Hinweise zu dem oder den T\u00e4tern geben k\u00f6nnen, werden gebeten, sich beim Polizeirevier Sinsheim, Tel.: 07261\/690-0 zu melden.<\/p>\n\n\n\n<h4 class=\"wp-block-heading\">(Sinsheim) &#8211; H\u00fchnerkadaver in Tragetaschen aufgefunden<\/h4>\n\n\n\n<p>Am Samstagmorgen gegen 8:30 Uhr wurden in Sinsheim-Hilsbach, in der Elsenzer-Weg-Hohle, zwei Tragetaschen mit insgesamt zehn H\u00fchnerkadavern aufgefunden. Anhand des Verwesungszustands der Tiere ist davon auszugehen, dass sich diese noch nicht lange in den Tragetaschen befanden. Keines der H\u00fchner wies offensichtliche Verletzungen auf, auch war keines der Tiere beringt.<\/p>\n\n\n\n<p>Die Polizei sucht derzeit noch nach weiteren Hinweisen, wer sich der Tiere dort entledigt haben k\u00f6nnte.<\/p>\n\n\n\n<p>Zeugen, die n\u00e4here Hinweise zur Sache geben k\u00f6nnen, werden gebeten, sich beim Polizeirevier Sinsheim unter der Telefonnummer 07261\/6900 zu melden.<\/p>\n\n\n\n<h4 class=\"wp-block-heading\">(Eberbach \/ Rhein-Neckar-Kreis) &#8211; Kunststoffkanister mit Alt\u00f6l aufgefunden \/ Zeugenhinweise erbeten<\/h4>\n\n\n\n<p>Beamte der Wasserschutzpolizei Heidelberg stellten im Rahmen ihrer Streifent\u00e4tigkeit an einer steilen Neckaruferb\u00f6schung in Eberbach, auf dem Verbindungsweg Rockenau Kr\u00f6sselbach, H\u00f6he Neckar-Kilometer 62,5, zwei Kunststoffkanister hinter einem eingerichteten Brennholzlagerplatz fest. Die beiden illegal abgestellten Kanister waren mit mehreren Litern Alt\u00f6l gef\u00fcllt und standen direkt neben einer unbefestigten Feuerstelle. Aufgrund der Gesamtumst\u00e4nde ist nicht auszuschlie\u00dfen, dass der Inhalt der beiden aufgefundenen Kanister als Brandbeschleuniger fungieren soll.<\/p>\n\n\n\n<p>Die Wasserschutzpolizeistation Heidelberg, Tel. 06221-13748-3, bittet um Zeugenhinweise.<\/p>\n","protected":false},"excerpt":{"rendered":"<div class=\"mh-excerpt\"><p>Polizeimeldungen vom Montag (10.05.2021) (Speyer) &#8211; &#8222;Fahrsch\u00fclerin&#8220; ger\u00e4t in Kontrollstelle Am Sonntag \u00fcberwachten Beamtinnen und Beamte der Polizei Speyer im Zeitraum von 10:00 Uhr bis 11:00 Uhr den Durchgangsverkehr in der Geibstra\u00dfe. In die Kontrolle <a class=\"mh-excerpt-more\" href=\"https:\/\/speyer24news.com\/?p=36300\" title=\"Polizei\">[&#8230;]<\/a><\/p>\n<\/div>","protected":false},"author":3,"featured_media":0,"comment_status":"open","ping_status":"open","sticky":false,"template":"","format":"standard","meta":{"_monsterinsights_skip_tracking":false,"_monsterinsights_sitenote_active":false,"_monsterinsights_sitenote_note":"","_monsterinsights_sitenote_category":0,"footnotes":""},"categories":[12],"tags":[3614,61,2555,6955,6986,6263,63,105,11150,6987,53,4854,4683,1548,102,213,55,5261,103,106,2803,2423,427,2625,380,62,104,979,1565],"aioseo_notices":[],"amp_enabled":true,"_links":{"self":[{"href":"https:\/\/speyer24news.com\/index.php?rest_route=\/wp\/v2\/posts\/36300"}],"collection":[{"href":"https:\/\/speyer24news.com\/index.php?rest_route=\/wp\/v2\/posts"}],"about":[{"href":"https:\/\/speyer24news.com\/index.php?rest_route=\/wp\/v2\/types\/post"}],"author":[{"embeddable":true,"href":"https:\/\/speyer24news.com\/index.php?rest_route=\/wp\/v2\/users\/3"}],"replies":[{"embeddable":true,"href":"https:\/\/speyer24news.com\/index.php?rest_route=%2Fwp%2Fv2%2Fcomments&post=36300"}],"version-history":[{"count":14,"href":"https:\/\/speyer24news.com\/index.php?rest_route=\/wp\/v2\/posts\/36300\/revisions"}],"predecessor-version":[{"id":36349,"href":"https:\/\/speyer24news.com\/index.php?rest_route=\/wp\/v2\/posts\/36300\/revisions\/36349"}],"wp:attachment":[{"href":"https:\/\/speyer24news.com\/index.php?rest_route=%2Fwp%2Fv2%2Fmedia&parent=36300"}],"wp:term":[{"taxonomy":"category","embeddable":true,"href":"https:\/\/speyer24news.com\/index.php?rest_route=%2Fwp%2Fv2%2Fcategories&post=36300"},{"taxonomy":"post_tag","embeddable":true,"href":"https:\/\/speyer24news.com\/index.php?rest_route=%2Fwp%2Fv2%2Ftags&post=36300"}],"curies":[{"name":"wp","href":"https:\/\/api.w.org\/{rel}","templated":true}]}}