{"id":36320,"date":"2021-05-11T07:13:06","date_gmt":"2021-05-11T06:13:06","guid":{"rendered":"https:\/\/speyer24news.com\/?p=36320"},"modified":"2021-05-13T06:55:26","modified_gmt":"2021-05-13T05:55:26","slug":"corona-speyer-62","status":"publish","type":"post","link":"https:\/\/speyer24news.com\/?p=36320","title":{"rendered":"Corona Speyer"},"content":{"rendered":"<style type=\"text\/css\">\r\n\t.ads_top_disp{}\r\n\t.ads_top_corner_disp{ float:left; margin:0px 10px 10px 0px; }\r\n\t.ads_first_p_disp{}\r\n\t.ads_bottom_disp{}\r\n\t<\/style>\n<h2 class=\"wp-block-heading\">Coronafallzahlen vom Montag (10.05.2021)<\/h2>\n\n\n\n<h4 class=\"wp-block-heading\">Speyer mittlerweile nur noch mit der 4. h\u00f6chsten Inzidenz in ganz Rheinland-Pfalz<\/h4>\n\n\n\n<figure class=\"wp-block-image\"><img decoding=\"async\" loading=\"lazy\" width=\"800\" height=\"400\" src=\"https:\/\/speyer24news.com\/wp-content\/uploads\/2020\/02\/virus-1812092_1920.jpg\" alt=\"\" class=\"wp-image-25128\" srcset=\"https:\/\/speyer24news.com\/wp-content\/uploads\/2020\/02\/virus-1812092_1920.jpg 800w, https:\/\/speyer24news.com\/wp-content\/uploads\/2020\/02\/virus-1812092_1920-300x150.jpg 300w, https:\/\/speyer24news.com\/wp-content\/uploads\/2020\/02\/virus-1812092_1920-768x384.jpg 768w\" sizes=\"(max-width: 800px) 100vw, 800px\" \/><\/figure>\n\n\n\n<p>Anzahl best\u00e4tigter F\u00e4lle von Coronavirus (SARS-CoV-2)-Infektionen in der Stadt Speyer:&nbsp;2718 ( + 16 gegen\u00fcber Freitag )<br>Davon bereits genesen:&nbsp;2404<br>Todesf\u00e4lle: 82 ( unver\u00e4ndert )<br>Gemeldete F\u00e4lle der letzten sieben Tage pro 100.000 Einwohner*innen (Inzidenz):&nbsp;138,4 ( &#8211; 19,8 )<\/p>\n\n\n\n<p><strong>Warnstufe: Rot<\/strong><\/p>\n\n\n\n<p><em>Stand: 10.05.2021, 14:10 Uhr<\/em><\/p>\n\n\n\n<div class=\"wp-block-image\"><figure class=\"aligncenter\"><img decoding=\"async\" loading=\"lazy\" width=\"500\" height=\"671\" src=\"https:\/\/speyer24news.com\/wp-content\/uploads\/2021\/05\/Karte_Stufen_2021-05-10.jpg\" alt=\"\" class=\"wp-image-36321\" srcset=\"https:\/\/speyer24news.com\/wp-content\/uploads\/2021\/05\/Karte_Stufen_2021-05-10.jpg 500w, https:\/\/speyer24news.com\/wp-content\/uploads\/2021\/05\/Karte_Stufen_2021-05-10-224x300.jpg 224w\" sizes=\"(max-width: 500px) 100vw, 500px\" \/><figcaption> <em>Eine gr\u00f6\u00dfere Darstellung der Karte sehen sie hier:<\/em> <a href=\"https:\/\/corona.rlp.de\/fileadmin\/rlp-stk\/Bilder\/Themen\/Gesundheit_Pflege\/Corona\/Corona-Warn-und-Aktionsplan_RLP\/Karte_Stufen_2021-05-10.jpg\">Karte_Stufen_2021-05-10.jpg (2480\u00d73507) (rlp.de)<\/a><\/figcaption><\/figure><\/div>\n\n\n\n<h2 class=\"wp-block-heading\"><strong>Entwicklung der Inzidenz-Werte in den letzten sieben Tagen:<\/strong><\/h2>\n\n\n\n<table class=\"wp-block-table\"><tbody><tr><td>Sonntag, 9. Mai 2021<br><\/td><td>150,3<br><\/td><\/tr><tr><td>Samstag, 8. Mai 2021<br><\/td><td>150,3<br><\/td><\/tr><tr><td>Freitag, 7. Mai 2021<br><\/td><td>158,2<br><\/td><\/tr><tr><td>Donnerstag, 6. Mai 2021<\/td><td>172,1<\/td><\/tr><tr><td>Mittwoch, 5. Mai 2021<\/td><td>183,9<br><\/td><\/tr><tr><td>Dienstag, 4. Mai 2021<br><\/td><td>203,7<br><\/td><\/tr><tr><td>Montag, 3. Mai 2021<br><\/td><td>166,1<br><\/td><\/tr><\/tbody><\/table>\n\n\n\n<p><em>Landesuntersuchungsamt Rheinland-Pfalz<br>11.05.2021<\/em><\/p>\n\n\n\n<h2 class=\"wp-block-heading\">Corona-Lage in der Aufnahmeeinrichtung f\u00fcr Asylbegehrende (AfA) Speyer<\/h2>\n\n\n\n<div class=\"wp-block-image\"><figure class=\"aligncenter\"><img decoding=\"async\" loading=\"lazy\" width=\"800\" height=\"427\" src=\"https:\/\/speyer24news.com\/wp-content\/uploads\/2021\/05\/AfA-Speyer-Front.jpg\" alt=\"\" class=\"wp-image-36330\" srcset=\"https:\/\/speyer24news.com\/wp-content\/uploads\/2021\/05\/AfA-Speyer-Front.jpg 800w, https:\/\/speyer24news.com\/wp-content\/uploads\/2021\/05\/AfA-Speyer-Front-300x160.jpg 300w, https:\/\/speyer24news.com\/wp-content\/uploads\/2021\/05\/AfA-Speyer-Front-768x410.jpg 768w\" sizes=\"(max-width: 800px) 100vw, 800px\" \/><\/figure><\/div>\n\n\n\n<p>Wir haben an die Aufsichts- und Dienstdirektion (ADD) Trier folgen Fragen bez\u00fcglich der AfA gestellt und darauf folgende Antworten erhalten: <\/p>\n\n\n\n<h4 class=\"wp-block-heading\">Wieviel Personen sind aktuell als an Corona infiziert in der AfA gemeldet ?<\/h4>\n\n\n\n<p><strong><em>Derzeit haben wir insgesamt 28 Positivf\u00e4lle in der AfA Speyer.<\/em><\/strong><\/p>\n\n\n\n<h4 class=\"wp-block-heading\">Gab oder gibt es &#8222;Hotspots&#8220; ?&nbsp;<\/h4>\n\n\n\n<p><strong><em>Hotspots konnten in der Einrichtung nicht ausgemacht werden. Das Infektionsgeschehen hat sich analog zu dem in der Stadt entwickelt.<\/em><\/strong><\/p>\n\n\n\n<h4 class=\"wp-block-heading\">Wie wird eine m\u00f6gliche Quarant\u00e4ne kontrolliert&#8230; Eigenverantwortlich oder doch Stichprobenartig?<\/h4>\n\n\n\n<p><em><strong>Personen die infiziert oder Kontaktpersonen ermittelt werden, werden entweder in den Quarant\u00e4ne- oder Isolationsbereichen untergebracht. Diese k\u00f6nnen nur verlassen werden, um in einem separierten Au\u00dfenbereich zu gelangen. So kann die angeordnete Isolation eingehalten werden. Dar\u00fcber hinaus gibt es generell in der Einrichtung eine Zugangskontrolle, so dass die BewohnerInnen sich an- und abmelden m\u00fcssen, wenn sie die Einrichtung verlassen. Dar\u00fcber kann auch ein eventueller Versto\u00df gegen Quarant\u00e4ne- und Isolationspflichten kontrolliert werden. Allerdings muss ganz deutlich gemacht werden, dass der gro\u00dfe Teil der BewohnerInnen die Quarant\u00e4nema\u00dfnahmen eingehalten hat und einh\u00e4lt. Es gab nur ganz wenige Verst\u00f6\u00dfe hiergegen.<\/strong><\/em><\/p>\n\n\n\n<h4 class=\"wp-block-heading\">Anmerkung der Redaktion:<\/h4>\n\n\n\n<p>Bei aktuell 232 aktiven Coronapositiven F\u00e4llen in Speyer gesamt ist somit der Anteil der AfA 12,07 %. Also l\u00e4gen wir auch ohne diese Einrechnung, allen Unkenrufen zum Trotze, \u00fcber dem Inzidenzwert von 100.<\/p>\n\n\n\n<p><em>Speyer 24\/7 News<br>11.05.2021<\/em><\/p>\n\n\n\n<h2 class=\"wp-block-heading\"><strong>Allgemeinverf\u00fcgung verl\u00e4ngert \u2013 Impfzentrum am Donnerstag ge\u00f6ffnet<\/strong><\/h2>\n\n\n\n<div class=\"wp-block-image\"><figure class=\"aligncenter\"><img decoding=\"async\" loading=\"lazy\" width=\"500\" height=\"500\" src=\"https:\/\/speyer24news.com\/wp-content\/uploads\/2020\/02\/virus-4810549_1920.png\" alt=\"\" class=\"wp-image-25116\" srcset=\"https:\/\/speyer24news.com\/wp-content\/uploads\/2020\/02\/virus-4810549_1920.png 500w, https:\/\/speyer24news.com\/wp-content\/uploads\/2020\/02\/virus-4810549_1920-150x150.png 150w, https:\/\/speyer24news.com\/wp-content\/uploads\/2020\/02\/virus-4810549_1920-300x300.png 300w\" sizes=\"(max-width: 500px) 100vw, 500px\" \/><\/figure><\/div>\n\n\n\n<p>Da die Sieben-Tage-Inzidenz der Stadt Speyer leider weiterhin deutlich \u00fcber 100 liegt, wird die geltende Allgemeinverf\u00fcgung, die in der Hauptsache die Maskenpflicht in der Innenstadt regelt, <strong>bis einschlie\u00dflich 31. Mai 2021 verl\u00e4ngert<\/strong>.<\/p>\n\n\n\n<p>\u201eGl\u00fccklicherweise sinkt die Inzidenz in Speyer tendenziell. Wir befinden uns zwar auf einem guten Weg, haben aber leider immer noch mit hohen Fallzahlen und einer damit einhergehenden hohen Inzidenz zu k\u00e4mpfen. Deshalb haben wir uns dazu entschlossen, die Allgemeinverf\u00fcgung nochmal zu verl\u00e4ngern\u201c, f\u00fchrt Oberb\u00fcrgermeisterin Stefanie Seiler aus. \u201eIch hoffe, dass sich der Trend fortsetzt und sich die Fallzahlen in den kommenden Tagen und Wochen auf einem m\u00f6glichst niedrigen Niveau stabilisieren. Sollte das der Fall sein, werden wir die Allgemeinverf\u00fcgung zum Ende des Monats auslaufen lassen\u201c, stellt die Stadtchefin in Aussicht.<\/p>\n\n\n\n<p>Die Stadtverwaltung informiert weiterhin, dass das Impfzentrum in der Stadthalle am kommenden Donnerstag trotz des anstehenden Feiertags ge\u00f6ffnet bleibt. Personen, die sich auf die Warteliste haben setzen lassen, k\u00f6nnen also auch an Christi Himmelfahrt kurzfristig angerufen und ins Impfzentrum gerufen werden, um als Nachr\u00fccker*in kurzfristig eine Impfung zu erhalten.<\/p>\n\n\n\n<p>\u201eIch m\u00f6chte noch einmal darum bitten, dass Personen, die einen Impftermin \u00fcber das Land im Impfzentrum erhalten haben, diesen aber nicht wahrnehmen k\u00f6nnen oder wollen, nicht nur \u00fcber die Website oder die Hotline des Landes absagen, sondern sich insbesondere bei kurzfristig abgesagten Terminen auch direkt im Impfzentrum Speyer melden. Das erleichtert uns die Abl\u00e4ufe vor Ort ungemein\u201c, betont Brand- und Katastrophenschutzinspekteur Peter Eymann.<\/p>\n\n\n\n<p><em>Stadtverwaltung Speyer<br>11.05.2021<\/em><\/p>\n","protected":false},"excerpt":{"rendered":"<div class=\"mh-excerpt\"><p>Coronafallzahlen vom Montag (10.05.2021) Speyer mittlerweile nur noch mit der 4. h\u00f6chsten Inzidenz in ganz Rheinland-Pfalz Anzahl best\u00e4tigter F\u00e4lle von Coronavirus (SARS-CoV-2)-Infektionen in der Stadt Speyer:&nbsp;2718 ( + 16 gegen\u00fcber Freitag )Davon bereits genesen:&nbsp;2404Todesf\u00e4lle: 82 <a class=\"mh-excerpt-more\" href=\"https:\/\/speyer24news.com\/?p=36320\" title=\"Corona Speyer\">[&#8230;]<\/a><\/p>\n<\/div>","protected":false},"author":3,"featured_media":25126,"comment_status":"open","ping_status":"open","sticky":false,"template":"","format":"standard","meta":{"_monsterinsights_skip_tracking":false,"_monsterinsights_sitenote_active":false,"_monsterinsights_sitenote_note":"","_monsterinsights_sitenote_category":0,"footnotes":""},"categories":[9],"tags":[8975,8828,8822,8823,3152,6401,8404,6367,6940,8725,6359,6370,5904,6358,7003,5801,6342,6],"aioseo_notices":[],"amp_enabled":true,"_links":{"self":[{"href":"https:\/\/speyer24news.com\/index.php?rest_route=\/wp\/v2\/posts\/36320"}],"collection":[{"href":"https:\/\/speyer24news.com\/index.php?rest_route=\/wp\/v2\/posts"}],"about":[{"href":"https:\/\/speyer24news.com\/index.php?rest_route=\/wp\/v2\/types\/post"}],"author":[{"embeddable":true,"href":"https:\/\/speyer24news.com\/index.php?rest_route=\/wp\/v2\/users\/3"}],"replies":[{"embeddable":true,"href":"https:\/\/speyer24news.com\/index.php?rest_route=%2Fwp%2Fv2%2Fcomments&post=36320"}],"version-history":[{"count":7,"href":"https:\/\/speyer24news.com\/index.php?rest_route=\/wp\/v2\/posts\/36320\/revisions"}],"predecessor-version":[{"id":36354,"href":"https:\/\/speyer24news.com\/index.php?rest_route=\/wp\/v2\/posts\/36320\/revisions\/36354"}],"wp:featuredmedia":[{"embeddable":true,"href":"https:\/\/speyer24news.com\/index.php?rest_route=\/wp\/v2\/media\/25126"}],"wp:attachment":[{"href":"https:\/\/speyer24news.com\/index.php?rest_route=%2Fwp%2Fv2%2Fmedia&parent=36320"}],"wp:term":[{"taxonomy":"category","embeddable":true,"href":"https:\/\/speyer24news.com\/index.php?rest_route=%2Fwp%2Fv2%2Fcategories&post=36320"},{"taxonomy":"post_tag","embeddable":true,"href":"https:\/\/speyer24news.com\/index.php?rest_route=%2Fwp%2Fv2%2Ftags&post=36320"}],"curies":[{"name":"wp","href":"https:\/\/api.w.org\/{rel}","templated":true}]}}