{"id":36476,"date":"2021-05-16T09:19:48","date_gmt":"2021-05-16T08:19:48","guid":{"rendered":"https:\/\/speyer24news.com\/?p=36476"},"modified":"2021-05-17T10:17:33","modified_gmt":"2021-05-17T09:17:33","slug":"speyer-aktuell-60","status":"publish","type":"post","link":"https:\/\/speyer24news.com\/?p=36476","title":{"rendered":"Speyer Aktuell"},"content":{"rendered":"<style type=\"text\/css\">\r\n\t.ads_top_disp{}\r\n\t.ads_top_corner_disp{ float:left; margin:0px 10px 10px 0px; }\r\n\t.ads_first_p_disp{}\r\n\t.ads_bottom_disp{}\r\n\t<\/style>\n<h1 class=\"wp-block-heading\" style=\"text-align:center\">Drive-Thru-Impfung sorgt f\u00fcr Verkehrschaos in Speyer<\/h1>\n\n\n\n<figure class=\"wp-block-image\"><img decoding=\"async\" loading=\"lazy\" width=\"800\" height=\"623\" src=\"https:\/\/speyer24news.com\/wp-content\/uploads\/2021\/05\/B-9-Stefan-Otte.jpg\" alt=\"\" class=\"wp-image-36477\" srcset=\"https:\/\/speyer24news.com\/wp-content\/uploads\/2021\/05\/B-9-Stefan-Otte.jpg 800w, https:\/\/speyer24news.com\/wp-content\/uploads\/2021\/05\/B-9-Stefan-Otte-300x234.jpg 300w, https:\/\/speyer24news.com\/wp-content\/uploads\/2021\/05\/B-9-Stefan-Otte-768x598.jpg 768w\" sizes=\"(max-width: 800px) 100vw, 800px\" \/><figcaption>Stau auf der B 9 in den Abfahrten zu Speyer<br><em>Foto: Stefan Otte \/ Facebook<\/em><\/figcaption><\/figure>\n\n\n\n<p>&#8222;Nach der Aufhebung der Priorisierung des Impfstoffs von&nbsp;AstraZeneca&nbsp;kann jeder den Impfstoff verabreicht bekommen. Ganz ohne Termin kann man am&nbsp;Sonntag&nbsp;(16. Mai) in&nbsp;Speyer&nbsp;seine erste Impfung kriegen: Das&nbsp;Sankt Vincentius Krankenhaus&nbsp;hat gemeinsam mit&nbsp;MVZ Prof. Haupt,&nbsp;B\u00f6deker Fashion,&nbsp;Edeka Stiegler&nbsp;und der&nbsp;Ludwigapotheke&nbsp;eine gro\u00dfe Impfaktion organisiert. Von&nbsp;9 bis 16 Uhr&nbsp;stehen&nbsp;ca. 1.500 Dosen&nbsp;des Impfstoffs von AstraZeneca zur Verf\u00fcgung, die auf dem Gel\u00e4nde von B\u00f6 Fashion in der&nbsp;Auestra\u00dfe&nbsp;verabreicht werden. Die Anfahrt erfolgt \u00fcber die Auestra\u00dfe, die Abfahrt \u00fcber Nachtweide und Tullastra\u00dfe.&nbsp;Jeder \u00fcber 18 Jahre, der geimpft werden will, kann ohne Anmeldung kommen. &#8220; So die Ank\u00fcndigung des Sankt Vincentius Krankenhauses, B\u00f6deker Fashion, Edeka Stiegler sowie der Ludwigapotheke.<\/p>\n\n\n\n<figure class=\"wp-block-image\"><img decoding=\"async\" loading=\"lazy\" width=\"800\" height=\"531\" src=\"https:\/\/speyer24news.com\/wp-content\/uploads\/2021\/05\/B-9-Abfahrt-Stefan-Otte.jpg\" alt=\"\" class=\"wp-image-36478\" srcset=\"https:\/\/speyer24news.com\/wp-content\/uploads\/2021\/05\/B-9-Abfahrt-Stefan-Otte.jpg 800w, https:\/\/speyer24news.com\/wp-content\/uploads\/2021\/05\/B-9-Abfahrt-Stefan-Otte-300x199.jpg 300w, https:\/\/speyer24news.com\/wp-content\/uploads\/2021\/05\/B-9-Abfahrt-Stefan-Otte-768x510.jpg 768w\" sizes=\"(max-width: 800px) 100vw, 800px\" \/><figcaption>Alle Abfahrten und die folge Stra\u00dfen sind &#8222;verstopft&#8220;<br> <em>Foto: Stefan Otte \/ Facebook<\/em><\/figcaption><\/figure>\n\n\n\n<h4 class=\"wp-block-heading\">Rien ne va plus<\/h4>\n\n\n\n<p>Was damit in Gang gesetzt wurde erlebt man momentan, nahezu \u00fcberall, in der Innenstadt sowie auf den Abfahrten von und nach Speyer. &#8222;Rien ne va plus&#8220; wie der Franzose sagen t\u00e4te&#8230; oder eben &#8222;Nichts geht mehr&#8220;.<\/p>\n\n\n\n<figure class=\"wp-block-image\"><img decoding=\"async\" loading=\"lazy\" width=\"800\" height=\"635\" src=\"https:\/\/speyer24news.com\/wp-content\/uploads\/2021\/05\/Petschengasse.jpg\" alt=\"\" class=\"wp-image-36479\" srcset=\"https:\/\/speyer24news.com\/wp-content\/uploads\/2021\/05\/Petschengasse.jpg 800w, https:\/\/speyer24news.com\/wp-content\/uploads\/2021\/05\/Petschengasse-300x238.jpg 300w, https:\/\/speyer24news.com\/wp-content\/uploads\/2021\/05\/Petschengasse-768x610.jpg 768w\" sizes=\"(max-width: 800px) 100vw, 800px\" \/><figcaption>Auch Innerorts, wie hier in der Petschengasse, geht nichts mehr. <br><em>Foto: Petra Beck \/ Facebook<\/em><\/figcaption><\/figure>\n\n\n\n<p>Die Impfaktion ist zwar bereits beendet, da schon in der Nacht begonnen wurde. Dies wird zumindest im Radio gemeldet. Fraglich ist aber wie schnell sich die Nachricht verbreitet und wie sich der &#8222;Abfluss&#8220; des Verkehrs gestaltet.<\/p>\n\n\n\n<p>\n\nDaher sollten sich alle \u00fcberlegen ob sie momentan mit dem Auto fahren m\u00fcssen, oder aber eben einen entspannten Tag zu Hause verbringen. Nat\u00fcrlich spricht auch einem Ausflug mit dem Fahrrad, oder aber einer Wanderung, nichts entgegen&#8230; au\u00dfer vielleicht dem Wetter.\n\n<\/p>\n\n\n\n<p><em>Text: Speyer 24\/7 News Foto: (1 &amp; 2) Stefan Otte\/Facebook; (3) Petra Beck\/Facebook<br>16.05.2021<\/em><\/p>\n\n\n\n<h1 class=\"wp-block-heading\" style=\"text-align:center\">Drive-Thru-Impfung: Alle Impfdosen sind verimpft<\/h1>\n\n\n\n<div class=\"wp-block-image\"><figure class=\"aligncenter\"><img decoding=\"async\" loading=\"lazy\" width=\"800\" height=\"533\" src=\"https:\/\/speyer24news.com\/wp-content\/uploads\/2020\/11\/vaccination-2722937_1920.jpg\" alt=\"\" class=\"wp-image-31275\" srcset=\"https:\/\/speyer24news.com\/wp-content\/uploads\/2020\/11\/vaccination-2722937_1920.jpg 800w, https:\/\/speyer24news.com\/wp-content\/uploads\/2020\/11\/vaccination-2722937_1920-300x200.jpg 300w, https:\/\/speyer24news.com\/wp-content\/uploads\/2020\/11\/vaccination-2722937_1920-768x512.jpg 768w\" sizes=\"(max-width: 800px) 100vw, 800px\" \/><\/figure><\/div>\n\n\n\n<p>Wie die Organisatoren der &#8222;Drive-Thru-Impfung&#8220; soeben mitgeteilt haben, wurden inzwischen alle verf\u00fcgbaren Impfdosen verabreicht.<br>Die Auestra\u00dfe wurde in der Zwischenzeit gesperrt. Impfwillige, die auf dem Weg nach Speyer oder bereits im Stadtgebiet sind, werden gebeten, umzukehren bzw. der Beschilderung zu folgen.<\/p>\n\n\n\n<p>Die Stadtverwaltung dankt allen Beteiligten der Aktion &#8211; den Organisatoren MVZ Professor Haupt und Kollegen, B\u00f6deker Fashion, Sankt Vincentius Krankenhaus, Ludwigapotheke und Edeka Stiegler sowie der Polizei und den st\u00e4dtischen Mitarbeiter*innen &#8211; f\u00fcr ihren Einsatz und ihr gro\u00dfartiges Engagement sowie allen Impfwilligen f\u00fcr ihre Impfbereitschaft. <\/p>\n\n\n\n<p><em>Stadtverwaltung Speyer<br>16.05.2021<\/em><\/p>\n\n\n\n<h1 class=\"wp-block-heading\" style=\"text-align:center\">Polizeimeldungen zur Impfaktion<\/h1>\n\n\n\n<h4 class=\"wp-block-heading\">(Speyer) &#8211; Verkehrsbeeintr\u00e4chtigungen aufgrund Fahrzeugaufkommen der Impfaktion in der Auestra\u00dfe in Speyer am 16.05.2021<\/h4>\n\n\n\n<p>Das gro\u00dfe Interesse an der Impfaktion in der Auestra\u00dfe in Speyer am heutigen Sonntag f\u00fchrt aktuell zu einem gro\u00dfen R\u00fcckstau im Bereich Auestra\u00dfe, Wormser Landstra\u00dfe und angrenzende Stra\u00dfen, sodass mit Verkehrsbeeintr\u00e4chtigungen gerechnet werden muss. Einsatzkr\u00e4fte von Stadt und Polizei sind bereits vor Ort, um die Situation zu l\u00f6sen.<\/p>\n\n\n\n<h4 class=\"wp-block-heading\">(Speyer) &#8211; Impfaktion Speyer<\/h4>\n\n\n\n<p>Unter Federf\u00fchrung des St. Vincentius Krankenhauses fand auf dem Gel\u00e4nde der B\u00f6deker Fashion eine Impfaktion mit dem Impfstoff AstraZeneca statt. Es wurden etwa 1500 Impfdosen verimpft, die genaue Anzahl ist hier nicht bekannt. Bereits vor dem Impfstart waren alle Hauptverkehrsstra\u00dfen in Speyer mit Wartenden zugeparkt. Der Verkehr inklusive des Personennahverkehr, kam in diesem Bereich komplett zum Erliegen. Die R\u00fcckstauungen dehnten sich teilweise auf die B9 bis zu A61 aus. Die Abfahrt Speyer Nord FR Speyer wurde daher kurzfristig gesperrt und der Verkehr abgeleitet. Insgesamt waren die Impfanw\u00e4rter sehr diszipliniert und entspannt. Lediglich bei den, teilweise 4 Stunden wartenden, Personen, welche nicht mehr zum Zuge kamen, waren die Emotionen doch sehr deutlich zu sehen. Nach Sperrung der Auestra\u00dfe und Ableitung des Verkehrs, konnten die R\u00fcckstauungen bis ca. 10:40 Uhr aufgel\u00f6st werden.<\/p>\n\n\n\n<p><em>Polizeidirektion Ludwigshafen \/ Polizeiinspektion Speyer<br>17.05.2021<\/em><\/p>\n","protected":false},"excerpt":{"rendered":"<div class=\"mh-excerpt\"><p>Drive-Thru-Impfung sorgt f\u00fcr Verkehrschaos in Speyer &#8222;Nach der Aufhebung der Priorisierung des Impfstoffs von&nbsp;AstraZeneca&nbsp;kann jeder den Impfstoff verabreicht bekommen. Ganz ohne Termin kann man am&nbsp;Sonntag&nbsp;(16. Mai) in&nbsp;Speyer&nbsp;seine erste Impfung kriegen: Das&nbsp;Sankt Vincentius Krankenhaus&nbsp;hat gemeinsam mit&nbsp;MVZ <a class=\"mh-excerpt-more\" href=\"https:\/\/speyer24news.com\/?p=36476\" title=\"Speyer Aktuell\">[&#8230;]<\/a><\/p>\n<\/div>","protected":false},"author":3,"featured_media":0,"comment_status":"open","ping_status":"open","sticky":false,"template":"","format":"standard","meta":{"_monsterinsights_skip_tracking":false,"_monsterinsights_sitenote_active":false,"_monsterinsights_sitenote_note":"","_monsterinsights_sitenote_category":0,"footnotes":""},"categories":[9],"tags":[6401,8844,11590,11591,6,11588,11589],"aioseo_notices":[],"amp_enabled":true,"_links":{"self":[{"href":"https:\/\/speyer24news.com\/index.php?rest_route=\/wp\/v2\/posts\/36476"}],"collection":[{"href":"https:\/\/speyer24news.com\/index.php?rest_route=\/wp\/v2\/posts"}],"about":[{"href":"https:\/\/speyer24news.com\/index.php?rest_route=\/wp\/v2\/types\/post"}],"author":[{"embeddable":true,"href":"https:\/\/speyer24news.com\/index.php?rest_route=\/wp\/v2\/users\/3"}],"replies":[{"embeddable":true,"href":"https:\/\/speyer24news.com\/index.php?rest_route=%2Fwp%2Fv2%2Fcomments&post=36476"}],"version-history":[{"count":4,"href":"https:\/\/speyer24news.com\/index.php?rest_route=\/wp\/v2\/posts\/36476\/revisions"}],"predecessor-version":[{"id":36486,"href":"https:\/\/speyer24news.com\/index.php?rest_route=\/wp\/v2\/posts\/36476\/revisions\/36486"}],"wp:attachment":[{"href":"https:\/\/speyer24news.com\/index.php?rest_route=%2Fwp%2Fv2%2Fmedia&parent=36476"}],"wp:term":[{"taxonomy":"category","embeddable":true,"href":"https:\/\/speyer24news.com\/index.php?rest_route=%2Fwp%2Fv2%2Fcategories&post=36476"},{"taxonomy":"post_tag","embeddable":true,"href":"https:\/\/speyer24news.com\/index.php?rest_route=%2Fwp%2Fv2%2Ftags&post=36476"}],"curies":[{"name":"wp","href":"https:\/\/api.w.org\/{rel}","templated":true}]}}