{"id":36487,"date":"2021-05-17T10:43:45","date_gmt":"2021-05-17T09:43:45","guid":{"rendered":"https:\/\/speyer24news.com\/?p=36487"},"modified":"2021-05-17T11:07:32","modified_gmt":"2021-05-17T10:07:32","slug":"polizei-585","status":"publish","type":"post","link":"https:\/\/speyer24news.com\/?p=36487","title":{"rendered":"Polizei"},"content":{"rendered":"<style type=\"text\/css\">\r\n\t.ads_top_disp{}\r\n\t.ads_top_corner_disp{ float:left; margin:0px 10px 10px 0px; }\r\n\t.ads_first_p_disp{}\r\n\t.ads_bottom_disp{}\r\n\t<\/style>\n<h2 class=\"wp-block-heading\">Polizeimeldungen vom Sonntag (16.05.2021)<\/h2>\n\n\n\n<div class=\"wp-block-image\"><figure class=\"aligncenter\"><img decoding=\"async\" src=\"https:\/\/speyer24news.com\/wp-content\/uploads\/2019\/11\/Aktuelles-Polizeilogo.jpg\" alt=\"\" class=\"wp-image-21845\"\/><\/figure><\/div>\n\n\n\n<h4 class=\"wp-block-heading\">(Speyer) \u2013 Verkehrsbeeintr\u00e4chtigungen aufgrund Fahrzeugaufkommen der Impfaktion in der Auestra\u00dfe in Speyer am 16.05.2021<\/h4>\n\n\n\n<div class=\"wp-block-image\"><figure class=\"aligncenter\"><img decoding=\"async\" loading=\"lazy\" width=\"800\" height=\"635\" src=\"https:\/\/speyer24news.com\/wp-content\/uploads\/2021\/05\/Petschengasse.jpg\" alt=\"\" class=\"wp-image-36479\" srcset=\"https:\/\/speyer24news.com\/wp-content\/uploads\/2021\/05\/Petschengasse.jpg 800w, https:\/\/speyer24news.com\/wp-content\/uploads\/2021\/05\/Petschengasse-300x238.jpg 300w, https:\/\/speyer24news.com\/wp-content\/uploads\/2021\/05\/Petschengasse-768x610.jpg 768w\" sizes=\"(max-width: 800px) 100vw, 800px\" \/><\/figure><\/div>\n\n\n\n<p>Das gro\u00dfe Interesse an der Impfaktion in der Auestra\u00dfe in Speyer am heutigen Sonntag f\u00fchrt aktuell zu einem gro\u00dfen R\u00fcckstau im Bereich Auestra\u00dfe, Wormser Landstra\u00dfe und angrenzende Stra\u00dfen, sodass mit Verkehrsbeeintr\u00e4chtigungen gerechnet werden muss. Einsatzkr\u00e4fte von Stadt und Polizei sind bereits vor Ort, um die Situation zu l\u00f6sen.<\/p>\n\n\n\n<h4 class=\"wp-block-heading\">(Speyer) \u2013 Impfaktion Speyer<\/h4>\n\n\n\n<p>Unter Federf\u00fchrung des St. Vincentius Krankenhauses fand auf dem Gel\u00e4nde der B\u00f6deker Fashion eine Impfaktion mit dem Impfstoff AstraZeneca statt. Es wurden etwa 1500 Impfdosen verimpft, die genaue Anzahl ist hier nicht bekannt. Bereits vor dem Impfstart waren alle Hauptverkehrsstra\u00dfen in Speyer mit Wartenden zugeparkt. Der Verkehr inklusive des Personennahverkehr, kam in diesem Bereich komplett zum Erliegen. Die R\u00fcckstauungen dehnten sich teilweise auf die B9 bis zu A61 aus. Die Abfahrt Speyer Nord FR Speyer wurde daher kurzfristig gesperrt und der Verkehr abgeleitet. Insgesamt waren die Impfanw\u00e4rter sehr diszipliniert und entspannt. Lediglich bei den, teilweise 4 Stunden wartenden, Personen, welche nicht mehr zum Zuge kamen, waren die Emotionen doch sehr deutlich zu sehen. Nach Sperrung der Auestra\u00dfe und Ableitung des Verkehrs, konnten die R\u00fcckstauungen bis ca. 10:40 Uhr aufgel\u00f6st werden.<\/p>\n\n\n\n<h4 class=\"wp-block-heading\">(Speyer \/ B 9) &#8211; Falschfahrer B9 H\u00f6he Speyer West<\/h4>\n\n\n\n<p>Am 16.05.2021 gegen 01:50 Uhr wurde ein Falschfahrer auf der B9 zwischen den Anschlussstellen Speyer-West und Speyer-Zentrum gemeldet, der entgegen der Fahrtrichtung in Richtung S\u00fcden unterwegs war. Der ortsunkundige Fahrer bemerkte das Fehlverhalten, wendete und konnte auf einem Rastplatz einer Kontrolle unterzogen werden.<\/p>\n\n\n\n<p>Sollten Fahrzeugf\u00fchrer durch den Vorfall gef\u00e4hrdet worden sein, werden diese aufgefordert sich bei der Polizei in Speyer telefonisch unter 06232\/137-0 oder per Email&nbsp;<a href=\"mailto:pispeyer@polizei.rlp.de\">pispeyer@polizei.rlp.de<\/a>&nbsp;zu melden.<\/p>\n\n\n\n<h4 class=\"wp-block-heading\">(Speyer) &#8211; Kontrollstelle Wormser Landstra\u00dfe<\/h4>\n\n\n\n<p>Am 15.05.2021 im Zeitraum 19:30 &#8211; 20 Uhr wurde eine Kontrollstelle in der Wormser Landstra\u00dfe in Speyer eingerichtet. Es konnten aufgrund weiterer Eins\u00e4tze lediglich 25 Fahrzeuge kontrolliert werden. Hierbei wurde ein Gurtversto\u00df und ein alkoholisierter Kraftradfahrer festgestellt werden. Der Fahrzeugschl\u00fcssel des Kraftradfahrers wurde pr\u00e4ventiv sichergestellt und ein Ordnungswidrigkeitenverfahren eingeleitet.<\/p>\n\n\n\n<p>Die Polizei weist darauf hin, dass ein angelegter Sicherheitsgurt im Falle eines Unfalles erhebliche Verletzungen verhindern kann und somit eine lebensrettende Ma\u00dfnahme darstellen kann. Des Weiteren wird auf die Gef\u00e4hrlichkeit des Alkoholkonsums als Fahrzeugf\u00fchrer hingewiesen. Bereits kleine Mengen reichen aus, um zu einer herabgesetzten Reaktionsf\u00e4higkeit und weiteren k\u00f6rperlichen Reaktionen zu f\u00fchren, die eine Gefahr f\u00fcr sich selbst und vor allem auch f\u00fcr andere Verkehrsteilnehmer darstellt.<\/p>\n\n\n\n<h4 class=\"wp-block-heading\">(Speyer) &#8211; Sachbesch\u00e4digung an f\u00fcnf Fahrzeugen in der Lindenstra\u00dfe<\/h4>\n\n\n\n<p>Im Zeitraum 15.05.2021 09:30 &#8211; 10 Uhr kam es in der Lindenstra\u00dfe in Speyer zu vier Besch\u00e4digungen an Fahrzeug-Au\u00dfenspiegeln, die nach aktuellem Stand durch mutwilliges Handeln herbeigef\u00fchrt wurden.<\/p>\n\n\n\n<p>Bereits vom 12.05.2021 auf den 13.05.2021 zwischen 23:30 Uhr &#8211; 13 Uhr kam es an gleicher \u00d6rtlichkeit bereits zu einer Sachbesch\u00e4digung eines Fahrzeuges mittels Graffiti.<\/p>\n\n\n\n<p>Es wurden entsprechende Strafanzeigen aufgenommen und Ermittlungen eingeleitet. Sollten Zeugen die Vorf\u00e4lle beobachtet haben oder Hinweise hierzu geben k\u00f6nnen, werden diese aufgefordert sich bei der Polizei in Speyer telefonisch unter 06232\/137-0 oder per Email&nbsp;<a href=\"mailto:pispeyer@polizei.rlp.de\">pispeyer@polizei.rlp.de<\/a>&nbsp;zu melden.<\/p>\n\n\n\n<h4 class=\"wp-block-heading\">(B\u00f6hl-Iggelheim) &#8211; Versuchter Telefonbetrug<\/h4>\n\n\n\n<p>Am Freitag, gegen 09:30 Uhr, erhielt eine 57-J\u00e4hrige einen Anruf eines angeblichen Mitarbeiters von Microsoft. Die Anruferin durchschaute den Betrugsversuch und beendete direkt das Telefonat. Zu einem Schaden ist es somit nicht gekommen. Bei solchen Anrufen behaupten die Anrufer, dass der Computer der Angerufenen mit einem Virus befallen ist. Zur Behebung sollen die Gesch\u00e4digten auf ihrem Computer eine Fernwartungssoftware installieren. Durch diese Software erhalten die Betr\u00fcger uneingeschr\u00e4nkten Zugriff auf den Computer.<\/p>\n\n\n\n<h4 class=\"wp-block-heading\">(Schifferstadt) &#8211; Alkoholisierter Autofahrer<\/h4>\n\n\n\n<p>Am fr\u00fchen Sonntagmorgen, gegen 01:30 Uhr, kontrollierten Beamte der Polizei Schifferstadt auf der L524 von Schifferstadt in Fahrtrichtung Mutterstadt einen 49-j\u00e4hrigen Fahrzeugf\u00fchrer. Im Rahmen der Kontrolle konnte beim Fahrer Alkoholgeruch festgestellt werden. Ein freiwillig durchgef\u00fchrter Atemalkoholtest ergab einen Wert von 1,4 Promille. Dem Fahrer wurde daraufhin auf der Dienststelle durch eine \u00c4rztin Blut entnommen und der Fahrzeugschl\u00fcssel wurde sichergestellt. Weiterhin stellte sich heraus, dass der Fahrer nicht im Besitz einer Fahrerlaubnis ist. Den Fahrer erwarten Ermittlungsverfahren wegen Trunkenheit im Verkehr und des Fahrens ohne Fahrerlaubnis.<\/p>\n\n\n\n<h4 class=\"wp-block-heading\">(Germersheim) &#8211; Unter Bet\u00e4ubungsmitteleinfluss nicht versicherten E-Scooter gefahren und Polizeibeamte beleidigt<\/h4>\n\n\n\n<p>Mit gleich mehreren Ermittlungsverfahren muss ein 34-j\u00e4hriger Germersheimer nun nach Durchf\u00fchrung einer Verkehrskontrolle am 15.05.2021 rechnen. Der Mann wurde gegen 18:25 Uhr durch Beamte der Polizeiinspektion Germersheim im Bereich der Friedrich-Ebert-Stra\u00dfe einer Kontrolle unterzogen. An dessen genutzten E-Scooter war kein vorgeschriebenes Versicherungskennzeichen angebracht. Weiterhin ergaben sich im Rahmen der Kontrolle Hinweise auf eine Bet\u00e4ubungsmittelbeeinflussung, weshalb dem Germersheimer eine Blutprobe entnommen wurde. Da er die eingesetzten Polizeibeamten hierbei mehrfach beleidigte erwartet ihn eine weitere Strafanzeige. Das Gef\u00e4hrt des Mannes wurde durch die Polizei sichergestellt.<\/p>\n\n\n\n<h4 class=\"wp-block-heading\">(Germersheim) &#8211; Unfallfl\u00fcchtiger Radfahrer gesucht<\/h4>\n\n\n\n<p>Am 14.05.2021, gegen 14:30 Uhr kam es in der Mainzer Stra\u00dfe zu einem Verkehrsunfall zwischen einem Fahrradfahrer und einer Autofahrerin. Eine 22-j\u00e4hrige Mercedesfahrerin fuhr in Richtung der Stra\u00dfe &#8222;Zur W\u00f6rthspitze.&#8220; Hierbei \u00fcberholte sie einen Fahrradfahrer, welcher zu diesem Zeitpunkt beabsichtigte, nach links abzubiegen. Hierbei kollidierte der Radfahrer mit dem Mercedes, wobei ein geringer Sachschaden entstand. Nachdem es zu einem kurzen Wortwechsel gekommen war entfernte sich der Fahrradfahrer von der Unfallstelle. <\/p>\n\n\n\n<p>Der Radfahrer wurde als:<\/p>\n\n\n\n<ul><li>ca. 40 Jahre alt<\/li><li>schlank<\/li><li>bekleidet mit knielangen Bluejeans, Turnschuhen und einer Sonnenbrille mit verspiegelten Gl\u00e4sern <\/li><\/ul>\n\n\n\n<p>beschrieben. <\/p>\n\n\n\n<p>Nach derzeitigem Sachstand blieben alle Beteiligten unverletzt. Zeugen des Unfalls werden gebeten, sich mit der Polizei in Germersheim (Tel. 07274\/ 958-0 oder&nbsp;<a href=\"mailto:pigermersheim@polizei.rlp.de\">pigermersheim@polizei.rlp.de<\/a>&nbsp;) in Verbindung zu setzen.<\/p>\n\n\n\n<h4 class=\"wp-block-heading\">(W\u00f6rth-Schaidt) &#8211; Unter Alkoholeinwirkung im Stra\u00dfenverkehr unterwegs<\/h4>\n\n\n\n<p>Am Samstag, dem 15.05.21, wurde gegen 19.40 Uhr, in der Hauptstra\u00dfe in W\u00f6rth-Schaidt ein 50-j\u00e4hriger PKW-Fahrer einer allgemeinen Verkehrskontrolle unterzogen. Dabei konnten die eingesetzten Beamten einen deutlichen Atemalkoholgeruch bei dem Fahrer feststellen. Ein vor Ort durchgef\u00fchrter Atemalkoholschnelltest best\u00e4tigte diese Wahrnehmungen und so musste der Fahrer die Beamten mit zur Dienststelle begleiten, wo ihm eine Blutprobe entnommen wurde. Neben der Untersagung der Weiterfahrt wurde gegen den 50-j\u00e4hrigen Fahrer auch ein strafrechtliches Ermittlungsverfahren eingeleitet und der F\u00fchrerschein wurde sichergestellt.<\/p>\n\n\n\n<h4 class=\"wp-block-heading\">(Offenbach a.d.Q.) &#8211; Besch\u00e4digte Hauswand durch Farbschmierereien<\/h4>\n\n\n\n<div class=\"wp-block-image\"><figure class=\"aligncenter\"><img decoding=\"async\" loading=\"lazy\" width=\"800\" height=\"600\" src=\"https:\/\/speyer24news.com\/wp-content\/uploads\/2021\/05\/1-2.jpg\" alt=\"\" class=\"wp-image-36492\" srcset=\"https:\/\/speyer24news.com\/wp-content\/uploads\/2021\/05\/1-2.jpg 800w, https:\/\/speyer24news.com\/wp-content\/uploads\/2021\/05\/1-2-300x225.jpg 300w, https:\/\/speyer24news.com\/wp-content\/uploads\/2021\/05\/1-2-768x576.jpg 768w, https:\/\/speyer24news.com\/wp-content\/uploads\/2021\/05\/1-2-678x509.jpg 678w, https:\/\/speyer24news.com\/wp-content\/uploads\/2021\/05\/1-2-326x245.jpg 326w, https:\/\/speyer24news.com\/wp-content\/uploads\/2021\/05\/1-2-80x60.jpg 80w\" sizes=\"(max-width: 800px) 100vw, 800px\" \/><\/figure><\/div>\n\n\n\n<p>Einen Schaden von etwa 2000 Euro an einer Hausfassade verursachten nach ersten Erkenntnissen am Samstagabend gegen 21:45 Uhr zwei junge M\u00e4nner. Die von den Zeugen beschriebenen Personen im Alter zwischen 16 und 25 Jahren sollen beim Bespr\u00fchen der Wand dunkle Lederjacken getragen und anschlie\u00dfend gefl\u00fcchtet sein. Die Polizei erhofft sich Hinweise aus der Bev\u00f6lkerung, die zur Ermittlung der T\u00e4ter f\u00fchren.<\/p>\n\n\n\n<h4 class=\"wp-block-heading\">(Offenbach a.d.Q.) &#8211; Verkehrsunfallflucht<\/h4>\n\n\n\n<p>Zu einem Schaden von etwa 500 Euro kam es am Samstagnachmittag zwischen 16:00 Uhr und 17:00 Uhr in der Ottersheimer Stra\u00dfe in Offenbach. Ein bislang unbekannter Verkehrsteilnehmer touchierte nach ersten Ermittlungen das in H\u00f6he der Hausnummer 16 geparkte Fahrzeug und besch\u00e4digte dieses dabei. Hinweise auf den Unfallverursacher liegen derzeit nicht vor. Hinweise nimmt die Polizei aus Landau unter der Telefonnummer: 06341 2870 oder per E-Mail unter&nbsp;<a href=\"mailto:pilandau@polizei.rlp.de\">pilandau@polizei.rlp.de<\/a>, entgegen.<\/p>\n\n\n\n<h4 class=\"wp-block-heading\">(Landau) &#8211; Verdacht des Diebstahls eines Kinderfahrrads<\/h4>\n\n\n\n<div class=\"wp-block-image\"><figure class=\"aligncenter\"><img decoding=\"async\" loading=\"lazy\" width=\"800\" height=\"600\" src=\"https:\/\/speyer24news.com\/wp-content\/uploads\/2021\/05\/1-1-1.jpg\" alt=\"\" class=\"wp-image-36494\" srcset=\"https:\/\/speyer24news.com\/wp-content\/uploads\/2021\/05\/1-1-1.jpg 800w, https:\/\/speyer24news.com\/wp-content\/uploads\/2021\/05\/1-1-1-300x225.jpg 300w, https:\/\/speyer24news.com\/wp-content\/uploads\/2021\/05\/1-1-1-768x576.jpg 768w, https:\/\/speyer24news.com\/wp-content\/uploads\/2021\/05\/1-1-1-678x509.jpg 678w, https:\/\/speyer24news.com\/wp-content\/uploads\/2021\/05\/1-1-1-326x245.jpg 326w, https:\/\/speyer24news.com\/wp-content\/uploads\/2021\/05\/1-1-1-80x60.jpg 80w\" sizes=\"(max-width: 800px) 100vw, 800px\" \/><\/figure><\/div>\n\n\n\n<p>Aufmerksamen Passanten fiel am Samstagmittag gegen 13:00 Uhr ein am Eingang zum Goethepark abgestelltes Kinderfahrrad auf. Dieses war nicht abgeschlossen und soll laut Zeugen dort schon mehrere Stunden gestanden haben. Derzeit liegen keine Hinweise auf den Eigent\u00fcmer vor, weswegen das Fahrrad sichergestellt wurde. Hinweise nimmt die Polizei aus Landau unter der Telefonnummer: 06341 2870 oder per E-Mail unter&nbsp;<a href=\"mailto:pilandau@polizei.rlp.de\">pilandau@polizei.rlp.de<\/a>, entgegen.<\/p>\n\n\n\n<h4 class=\"wp-block-heading\">(Landau) &#8211; Rangierer besch\u00e4digt Parkb\u00fcgel<\/h4>\n\n\n\n<p>Bereits am 08.05.2021 beobachteten Zeugen in der Neustadter Stra\u00dfe, H\u00f6he der Hausnummer 16, einen blauen BMW, welcher gegen 15:30 Uhr r\u00fcckw\u00e4rts rangierte und insgesamt zwei Mal gegen einen nach oben geklappten Parkb\u00fcgel stie\u00df und diesem besch\u00e4digte. Ein Kennzeichen konnte von der Zeugin nicht abgelesen werden. Der PKW m\u00fcsste im Heck erhebliche Besch\u00e4digungen aufweisen. Der Schaden an dem Parkb\u00fcgel bel\u00e4uft sich auf etwa 400 Euro. Die Polizei Landau nimmt Hinweise aus der Bev\u00f6lkerung unter der Telefonnummer: 06341 2870 oder per E-Mail unter&nbsp;<a href=\"mailto:pilandau@polizei.rlp.de\">pilandau@polizei.rlp.de<\/a>, entgegen.<\/p>\n\n\n\n<h4 class=\"wp-block-heading\">(Edenkoben) &#8211; Aus dem Nest gefallene Eulenk\u00fcken wieder vereint<\/h4>\n\n\n\n<div class=\"wp-block-image\"><figure class=\"aligncenter\"><img decoding=\"async\" loading=\"lazy\" width=\"800\" height=\"725\" src=\"https:\/\/speyer24news.com\/wp-content\/uploads\/2021\/05\/Eulenk\u00fcken.jpg\" alt=\"\" class=\"wp-image-36496\" srcset=\"https:\/\/speyer24news.com\/wp-content\/uploads\/2021\/05\/Eulenk\u00fcken.jpg 800w, https:\/\/speyer24news.com\/wp-content\/uploads\/2021\/05\/Eulenk\u00fcken-300x272.jpg 300w, https:\/\/speyer24news.com\/wp-content\/uploads\/2021\/05\/Eulenk\u00fcken-768x696.jpg 768w\" sizes=\"(max-width: 800px) 100vw, 800px\" \/><\/figure><\/div>\n\n\n\n<p>Am 15.05.2021 gegen 11:30 Uhr wurde hiesiger Dienststelle ein aus dem Nest gefallenes Eulenk\u00fcken (Waldohreule) im Bereich der Alla-Hopp-Anlage gemeldet. Das K\u00fcken hatte sich im Bereich des Kinderspielplatzes in einem Busch versteckt und konnte durch die Streife eingefangen werden. Das Jungtier wurde daraufhin durch die Streife in eine nahegelegene Greifvogelauffangstation gebracht. Nach einer ersten Untersuchung sei das Tier wohlauf und kann sich nun mit seinem Geschwisterchen, welches zwei Tage zuvor durch eine Streife ebenfalls zur Auffangstation gebracht wurde, erholen.<\/p>\n\n\n\n<h4 class=\"wp-block-heading\">(Neustadt) &#8211; Zeugenaufruf nach Paketdiebstahl<\/h4>\n\n\n\n<p>Am 15.05.2021 gegen 20:29 Uhr ereignete sich in der Amalienstra\u00dfe in 67434 Neustadt\/Wstr. ein Diebstahl aus einem Briefkasten. Ein etwa 35- bis 40-j\u00e4hriger Mann mit gr\u00fcn-brauner Arbeitskleidung nahm ein Amazon-Paket aus einem dortigen Briefkasten, \u00f6ffnete das Paket und entnahm den Paketinhalt. Anschlie\u00dfend fl\u00fcchtete der T\u00e4ter unerkannt in Richtung Innenstadt. Der Inhalt des Paketes ist bisher nicht bekannt.<\/p>\n\n\n\n<p>Zeugen die den fl\u00fcchtenden T\u00e4ter gesehen haben oder sachdienliche Hinweise zum Tathergang geben k\u00f6nnen werden gebeten sich bei der Polizeiinspektion Neustadt zu melden.<\/p>\n\n\n\n<h4 class=\"wp-block-heading\">(Neustadt) &#8211; Leichtkraftrad ohne g\u00fcltige Fahrerlaubnis gef\u00fchrt<\/h4>\n\n\n\n<p>Am 15.05.2021 um 18:50 Uhr fiel einer Funkstreifenwagenbesatzung der Polizeiinspektion Neustadt in der Chemnitzer-Stra\u00dfe ein Leichtkraftrad auf. Das junge Erscheinungsbild des Fahrers und des Sozius erweckte die Aufmerksamkeit der Streifenwagenbesatzung und eine Verkehrskontrolle wurde durchgef\u00fchrt. Hierbei konnte der 17-j\u00e4hrige Fahrer aus Ha\u00dfloch keine g\u00fcltige Fahrerlaubnis f\u00fcr das Leichtkraftrad vorweisen. Die Fahrt war an dieser Stelle f\u00fcr den Fahrer und seinen Mitfahrer beendet und der Fahrzeugschl\u00fcssel wurde sichergestellt. Der jugendliche Fahrer, sowie der Halter m\u00fcssen sich nun im Strafverfahren wegen Fahren ohne Fahrerlaubnis nach \u00a721 StVG, bzw. dem Zulassen hierzu verantworten.<\/p>\n\n\n\n<h4 class=\"wp-block-heading\">(Elmstein \/ L 499) &#8211; Fahrer nach Verkehrsunfall gesucht<\/h4>\n\n\n\n<div class=\"wp-block-image\"><figure class=\"aligncenter\"><img decoding=\"async\" loading=\"lazy\" width=\"800\" height=\"600\" src=\"https:\/\/speyer24news.com\/wp-content\/uploads\/2021\/05\/VU-Presse.jpg\" alt=\"\" class=\"wp-image-36497\" srcset=\"https:\/\/speyer24news.com\/wp-content\/uploads\/2021\/05\/VU-Presse.jpg 800w, https:\/\/speyer24news.com\/wp-content\/uploads\/2021\/05\/VU-Presse-300x225.jpg 300w, https:\/\/speyer24news.com\/wp-content\/uploads\/2021\/05\/VU-Presse-768x576.jpg 768w, https:\/\/speyer24news.com\/wp-content\/uploads\/2021\/05\/VU-Presse-678x509.jpg 678w, https:\/\/speyer24news.com\/wp-content\/uploads\/2021\/05\/VU-Presse-326x245.jpg 326w, https:\/\/speyer24news.com\/wp-content\/uploads\/2021\/05\/VU-Presse-80x60.jpg 80w\" sizes=\"(max-width: 800px) 100vw, 800px\" \/><\/figure><\/div>\n\n\n\n<p>Am fr\u00fchen Morgen des 16.05.2021 zwischen 03:00 Uhr und 03:20 Uhr kam es zu einem Alleinunfall durch einen PKW im Bereich der L499 zwischen Elmstein und Frankeneck. Ein bislang unbekannter Fahrer geriet in einer Kurve auf den dortigen Gr\u00fcnstreifen, kam ins Schlingern und \u00fcberschlug sich. Hierbei blieb der graue Mazda Tribute aus dem Kreis Bad D\u00fcrkheim auf dem Dach liegen. Der oder die Fahrer*in konnte sich aus dem Fahrzeug befreien und von der Unfallstelle in unbekannte Richtung fl\u00fcchten. Durch die eingesetzten Polizeistreifen und die Feuerwehr wurde das umliegende Waldgebiet nach dem\/der m\u00f6glicherweise verletzten Fahrer*in ohne Erfolg abgesucht. Der v\u00f6llig zerst\u00f6rte Kleinwagen wurde durch ein Abschleppunternehmen geborgen und abgeschleppt. Am PKW entstand ein Sachschaden in H\u00f6he von ca. 8000 Euro.<\/p>\n\n\n\n<p>Zeugen die den PKW kurz vor dem Unfall gesehen haben oder sachdienliche Hinweise zum Unfallhergang oder der\/dem Fahrer*in geben k\u00f6nnen werden gebeten sich bei der Polizeiinspektion Neustadt zu melden.<\/p>\n\n\n\n<h4 class=\"wp-block-heading\">(Ruppertsberg) &#8211; PKW mutwillig besch\u00e4digt<\/h4>\n\n\n\n<p>Unbekannte besch\u00e4digten im Zeitraum vom 12.05.2021 bis 15.05.2021 einen in der Schlo\u00dfstra\u00dfe in Ruppertsberg geparkten PKW der Marke Mercedes. Dieser wurde auf der Beifahrerseite mittels spitzem Gegenstand \u00fcber die gesamte L\u00e4nge zerkratzt. Der Schaden bel\u00e4uft sich auf ca. 1000EUR. Die Polizei Ha\u00dfloch bittet um sachdienliche Hinweise.<\/p>\n\n\n\n<h4 class=\"wp-block-heading\">(Weisenheim am Sand) &#8211; Leicht verletzter Radfahrer<\/h4>\n\n\n\n<p>Am Samstagvormittag kam es gegen 10:00 Uhr in Weisenheim am Sand zu einem Verkehrsunfall. Der 44-j\u00e4hrige Mann aus Weisenheim am Sand bog von der Stra\u00dfe am Bahnhof rechts in die Bahnhofstra\u00dfe ab. Hierbei \u00fcbersah er den 45-j\u00e4hrigen Radfahrer aus Bad D\u00fcrkheim. Zwischen dem PKW und dem Fahrrad kam es zu einem leichten seitlichen Ansto\u00df. Ein Sturz konnte der Radfahrer verhindern, zog sich jedoch leichte Prellungen zu. Eine medizinische Versorgung vor Ort war nicht vonn\u00f6ten, der 45-J\u00e4hrige fuhr im Anschluss noch nach Hause. Ein Strafverfahren wegen fahrl\u00e4ssiger K\u00f6rperverletzung wurde eingeleitet.<\/p>\n\n\n\n<h4 class=\"wp-block-heading\">(Frankenthal \/ B 9) &#8211; Verkehrsunfallflucht auf B9<\/h4>\n\n\n\n<p>Am 15.05.2021 gegen 21:10 Uhr befuhr der Gesch\u00e4digte mit einem Porsche Cayenne die B9 aus Richtung Ludwigshafen in Richtung Worms. Dort befand es sich auf der linken der beiden Fahrspuren. Etwa auf H\u00f6he der Ausfahrt Bobenheim-Roxheim wechselte ein unbekanntes Fahrzeug von der rechten auf die linke Fahrspur, sodass der Porschefahrer nach links ausweichen musste. Hierbei geriet er ins Schlingern und stie\u00df gegen die Mittelschutzplanke. Das spurwechselnde Fahrzeug setzte seine Fahrt fort und konnte unerkannt bleiben. Es entstand Sachschaden von insgesamt etwa 16 000 Euro.<\/p>\n\n\n\n<p>Zeugen werden gebeten sich an die Polizeiinspektion Frankenthal unter der Tel.-Nr.: 06233\/313-0 oder an die Polizeiwache Maxdorf unter der Tel.-Nr.: 06237\/934-1100 zu wenden. Gerne nehmen wir Ihre Hinweise auch per E-Mail unter&nbsp;<a href=\"mailto:pifrankenthal@polizei.rlp.de\">pifrankenthal@polizei.rlp.de<\/a>&nbsp;entgegen<\/p>\n\n\n\n<h4 class=\"wp-block-heading\">(Frankenthal) &#8211; Verkehrsunfallflucht<\/h4>\n\n\n\n<p>Der Gesch\u00e4digte parkte seinen blauen VW Polo am 14.05.2021, um 15:20 Uhr, in der Wilhelm-Raabe-Stra\u00dfe in Frankenthal. Als er am n\u00e4chsten Morgen um 06:00 Uhr zu seinem Fahrzeug zur\u00fcckkehrte, stellte er einen Streifschaden an der vorderen linken Fahrzeugseite fest. Der bislang unbekannte Fahrzeugf\u00fchrer touchierte das Fahrzeug vermutlich beim Ein- oder Ausparken und verursachte damit einen Schaden von mindestens 500 Euro.<\/p>\n\n\n\n<p>Zeugen werden gebeten sich an die Polizeiinspektion Frankenthal unter der Tel.-Nr.: 06233\/313-0 oder an die Polizeiwache Maxdorf unter der Tel.-Nr.: 06237\/934-1100 zu wenden. Gerne nehmen wir Ihre Hinweise auch per E-Mail unter&nbsp;<a href=\"mailto:pifrankenthal@polizei.rlp.de\">pifrankenthal@polizei.rlp.de<\/a>&nbsp;entgegen.<\/p>\n\n\n\n<h4 class=\"wp-block-heading\">(Bobenheim-Roxheim) &#8211; Sachbesch\u00e4digung an Fahrzeugen<\/h4>\n\n\n\n<p>In der Nacht vom 14.05.2021 auf den 15.05.2021 kam es in der Max-Planck-Stra\u00dfe in Bobenheim-Roxheim zu zwei Sachbesch\u00e4digungen an geparkten Fahrzeugen. Dort hat ein bislang unbekannter T\u00e4ter die Au\u00dfenspiegel an zwei Fahrzeugen besch\u00e4digt und damit einen Sachschaden von etwa 300EUR verursacht.<\/p>\n\n\n\n<p>Zeugen werden gebeten sich an die Polizeiinspektion Frankenthal unter der Tel.-Nr.: 06233\/313-0 oder an die Polizeiwache Maxdorf unter der Tel.-Nr.: 06237\/934-1100 zu wenden. Gerne nehmen wir Ihre Hinweise auch per E-Mail unter&nbsp;<a href=\"mailto:pifrankenthal@polizei.rlp.de\">pifrankenthal@polizei.rlp.de<\/a>&nbsp;entgegen.<\/p>\n\n\n\n<h4 class=\"wp-block-heading\">(Ludwigshafen) &#8211; Im Schlaf versehentlich Hausnotruf bet\u00e4tigt<\/h4>\n\n\n\n<p>Weil Samstagnacht eine 70-J\u00e4hrige Frau aus Ludwigshafen im Schlaf versehentlich den Hausnotruf bet\u00e4tigte, erschien kurz darauf der Notdienst in ihrer Wohnung. Als der Mitarbeiter die Dame ansprach, riss er sie derart verschreckt aus dem Schlaf, sodass diese lautstark um polizeiliche Hilfe schrie. Erst als die Polizei eintraf konnte die Dame wieder beruhigt werden.<\/p>\n\n\n\n<h4 class=\"wp-block-heading\">(Ludwigshafen) &#8211; Mann w\u00fcrgt Frau mit Halstuch<\/h4>\n\n\n\n<p>Im Rahmen eines h\u00e4uslichen Streits hat der 29-j\u00e4hrige Beschuldigte seiner 27-j\u00e4hrigen Ehefrau mit einem Halstuch f\u00fcr ein paar Sekunden den Hals zugedr\u00fcckt. Des Weiteren hat er dem 2-j\u00e4hrigen gemeinsamen Sohn einmal eine Ohrfeige verpasst. Die Frau wurde leicht verletzt, der Sohn blieb unverletzt. Dem Mann wurde es durch die Polizei untersagt, f\u00fcr die n\u00e4chsten 10 Tage Kontakt zu der Frau aufzunehmen. Zudem muss er sich nun wegen K\u00f6rperverletzung in 2 F\u00e4llen verantworten.<\/p>\n\n\n\n<h4 class=\"wp-block-heading\">(Ludwigshafen) &#8211; Versto\u00df gegen die MNB-Tragepflicht<\/h4>\n\n\n\n<p>Eine 87-j\u00e4hrige Frau aus Ludwigshafen weigerte sich am Samstag, trotz mehrfacherer Aufforderung der Angestellten in einem Einkaufsmarkt, ihre Mund-Nasen-Bedeckung aufzuziehen, sodass letztendlich die Polizei hinzugezogen werden musste. Da sich die Frau auch hier uneinsichtig zeigte, musste sie den Einkaufsmarkt verlassen. Bei der Kontrolle stellte sich zudem heraus, dass die Frau in diesem Einkaufsmarkt bereits ein Hausverbot erteilt bekommen hatte. Daher muss sie sich nun zus\u00e4tzlich wegen eines Hausfriedensbruchs verantworten.<\/p>\n\n\n\n<h4 class=\"wp-block-heading\">(Dielheim \/ Rhein Neckar Kreis) &#8211; Radfahrer kollidiert mit Pkw \/ Rettungshubschrauber im Einsatz<\/h4>\n\n\n\n<p>Am Sonntagnachmittag, gegen 15.00 Uhr, kam es auf der K 4171 bei Dielheim, in H\u00f6he der dortigen Sportanlage, zu einem Zusammensto\u00df zwischen einem Pkw und einem Radfahrer. Hierbei erlitt der Radfahrer nach derzeitigem Ermittlungsstand schwere Verletzungen. Die Polizei und Rettungskr\u00e4fte befinden sich vor Ort im Einsatz. Durch die Integrierte Leitstelle Rhein-Neckar wird ein Rettungshubschrauber eingesetzt. \u00dcber den genauen Unfallhergang liegen bislang noch keine genauen Erkenntnisse vor.<\/p>\n\n\n\n<h4 class=\"wp-block-heading\">(Dielheim \/ Rhein Neckar Kreis) &#8211; Radfahrer kollidiert mit Pkw<\/h4>\n\n\n\n<h4 class=\"has-text-align-center wp-block-heading\">Pressemeldung Nr. 2<\/h4>\n\n\n\n<p>Ein 15-j\u00e4hriger Rennradfahrer befuhr die absch\u00fcssige Waldstra\u00dfe in Richtung Dielheim und \u00fcbersah auf der Gef\u00e4llstrecke eine vor ihm haltende 30-j\u00e4hrige Pkw-Fahrerin, die nach links in die Stra\u00dfe &#8222;Am Mannaberg&#8220; abbiegen wollte. Der Radfahrer kollidierte frontal mit dem Fahrzeugheck und erlitt hierbei schwere Verletzungen. Er wurde mit einem Rettungshubschrauber in ein Krankenhaus geflogen. Zur genauen Unfalluntersuchung wurde ein Sachverst\u00e4ndiger hinzugezogen. W\u00e4hrend der Unfallaufnahme war die Stra\u00dfe bis 16.10 Uhr gesperrt und bis 17.30 Uhr nur einspurig befahrbar. Der Sachschaden bel\u00e4uft sich auf 11.000 Euro.<\/p>\n\n\n\n<h4 class=\"wp-block-heading\">(Hemsbach \/ Rhein Neckar Kreis) &#8211; Suche nach vermisster Person<\/h4>\n\n\n\n<h4 class=\"has-text-align-center wp-block-heading\">Pressemeldung Nr.3<\/h4>\n\n\n\n<p>Am Sonntagmorgen konnte die 68-j\u00e4hrige Frau nach einem Hinweis gegen 10:00 Uhr in einem Waldst\u00fcck im Bereich N\u00e4chstenbach aufgefunden werden. Sie wurde noch vor Ort durch den Rettungsdienst erstversorgt und vorsorglich in ein Krankenhaus eingeliefert.<\/p>\n","protected":false},"excerpt":{"rendered":"<div class=\"mh-excerpt\"><p>Polizeimeldungen vom Sonntag (16.05.2021) (Speyer) \u2013 Verkehrsbeeintr\u00e4chtigungen aufgrund Fahrzeugaufkommen der Impfaktion in der Auestra\u00dfe in Speyer am 16.05.2021 Das gro\u00dfe Interesse an der Impfaktion in der Auestra\u00dfe in Speyer am heutigen Sonntag f\u00fchrt aktuell zu <a class=\"mh-excerpt-more\" href=\"https:\/\/speyer24news.com\/?p=36487\" title=\"Polizei\">[&#8230;]<\/a><\/p>\n<\/div>","protected":false},"author":3,"featured_media":0,"comment_status":"open","ping_status":"open","sticky":false,"template":"","format":"standard","meta":{"_monsterinsights_skip_tracking":false,"_monsterinsights_sitenote_active":false,"_monsterinsights_sitenote_note":"","_monsterinsights_sitenote_category":0,"footnotes":""},"categories":[12],"tags":[3614,61,2555,6955,6986,6263,63,105,11150,6987,53,4854,4683,1548,102,213,55,5261,103,106,2803,2423,427,2625,380,62,104,979,1565],"aioseo_notices":[],"amp_enabled":true,"_links":{"self":[{"href":"https:\/\/speyer24news.com\/index.php?rest_route=\/wp\/v2\/posts\/36487"}],"collection":[{"href":"https:\/\/speyer24news.com\/index.php?rest_route=\/wp\/v2\/posts"}],"about":[{"href":"https:\/\/speyer24news.com\/index.php?rest_route=\/wp\/v2\/types\/post"}],"author":[{"embeddable":true,"href":"https:\/\/speyer24news.com\/index.php?rest_route=\/wp\/v2\/users\/3"}],"replies":[{"embeddable":true,"href":"https:\/\/speyer24news.com\/index.php?rest_route=%2Fwp%2Fv2%2Fcomments&post=36487"}],"version-history":[{"count":13,"href":"https:\/\/speyer24news.com\/index.php?rest_route=\/wp\/v2\/posts\/36487\/revisions"}],"predecessor-version":[{"id":36509,"href":"https:\/\/speyer24news.com\/index.php?rest_route=\/wp\/v2\/posts\/36487\/revisions\/36509"}],"wp:attachment":[{"href":"https:\/\/speyer24news.com\/index.php?rest_route=%2Fwp%2Fv2%2Fmedia&parent=36487"}],"wp:term":[{"taxonomy":"category","embeddable":true,"href":"https:\/\/speyer24news.com\/index.php?rest_route=%2Fwp%2Fv2%2Fcategories&post=36487"},{"taxonomy":"post_tag","embeddable":true,"href":"https:\/\/speyer24news.com\/index.php?rest_route=%2Fwp%2Fv2%2Ftags&post=36487"}],"curies":[{"name":"wp","href":"https:\/\/api.w.org\/{rel}","templated":true}]}}