{"id":36697,"date":"2021-05-21T07:06:13","date_gmt":"2021-05-21T06:06:13","guid":{"rendered":"https:\/\/speyer24news.com\/?p=36697"},"modified":"2021-05-21T07:06:15","modified_gmt":"2021-05-21T06:06:15","slug":"corona-virus-5","status":"publish","type":"post","link":"https:\/\/speyer24news.com\/?p=36697","title":{"rendered":"Corona-Virus"},"content":{"rendered":"<style type=\"text\/css\">\r\n\t.ads_top_disp{}\r\n\t.ads_top_corner_disp{ float:left; margin:0px 10px 10px 0px; }\r\n\t.ads_first_p_disp{}\r\n\t.ads_bottom_disp{}\r\n\t<\/style>\n<h2 class=\"wp-block-heading\">Coronafallzahlen vom Donnerstag (20.05.2021)<\/h2>\n\n\n\n<div class=\"wp-block-image\"><figure class=\"aligncenter\"><img decoding=\"async\" loading=\"lazy\" width=\"800\" height=\"400\" src=\"https:\/\/speyer24news.com\/wp-content\/uploads\/2020\/02\/virus-1812092_1920.jpg\" alt=\"\" class=\"wp-image-25128\" srcset=\"https:\/\/speyer24news.com\/wp-content\/uploads\/2020\/02\/virus-1812092_1920.jpg 800w, https:\/\/speyer24news.com\/wp-content\/uploads\/2020\/02\/virus-1812092_1920-300x150.jpg 300w, https:\/\/speyer24news.com\/wp-content\/uploads\/2020\/02\/virus-1812092_1920-768x384.jpg 768w\" sizes=\"(max-width: 800px) 100vw, 800px\" \/><\/figure><\/div>\n\n\n\n<p>Anzahl best\u00e4tigter F\u00e4lle von Coronavirus (SARS-CoV-2)-Infektionen in der Stadt Speyer:\u00a02781 ( + 7 )<br>Davon bereits genesen:\u00a02555<br>Todesf\u00e4lle: 83 (unver\u00e4ndert)<br>Gemeldete F\u00e4lle der letzten sieben Tage pro 100.000 Einwohner*innen (Inzidenz gem\u00e4\u00df LUA): 87,0 ( &#8211; 7,9 )<\/p>\n\n\n\n<p><strong>Warnstufe: Rot<\/strong><\/p>\n\n\n\n<p><em>Landesuntersuchungsamt Rheinland-Pfalz<br>21.05.2021<\/em><\/p>\n\n\n\n<h2 class=\"wp-block-heading\"><strong>Entwicklung des Inzidenzwerts in den letzten sieben Tagen in Speyer:<\/strong><\/h2>\n\n\n\n<figure class=\"wp-block-table\"><table><tbody><tr><td>Donnerstag, 20. Mai 2021<\/td><td>94,9<\/td><\/tr><tr><td>Mittwoch, 19. Mai 2021<\/td><td>108,8<\/td><\/tr><tr><td>Dienstag, 18. Mai 2021<\/td><td>110,8<\/td><\/tr><tr><td>Montag, 17. Mai 2021<\/td><td>110,8<\/td><\/tr><tr><td>Sonntag, 16. Mai 2021<\/td><td>98,9<\/td><\/tr><tr><td>Samstag, 15. Mai 2021<\/td><td>93,0<\/td><\/tr><tr><td>Freitag, 14. Mai 2021<\/td><td>94,9<\/td><\/tr><\/tbody><\/table><\/figure>\n\n\n\n<p><em>Robert-Koch-Institut<br>21.05.2021<\/em><\/p>\n\n\n\n<h2 class=\"wp-block-heading\"><strong>Johanniter-Unfall-Hilfe erweitert Testangebot in Schnellteststation Festplatz<\/strong><\/h2>\n\n\n\n<div class=\"wp-block-image\"><figure class=\"aligncenter size-large\"><img decoding=\"async\" loading=\"lazy\" width=\"800\" height=\"585\" src=\"https:\/\/speyer24news.com\/wp-content\/uploads\/2021\/05\/Schnelltestzentrum-Johanniter-Festplatz-Speyer.jpeg\" alt=\"\" class=\"wp-image-36708\" srcset=\"https:\/\/speyer24news.com\/wp-content\/uploads\/2021\/05\/Schnelltestzentrum-Johanniter-Festplatz-Speyer.jpeg 800w, https:\/\/speyer24news.com\/wp-content\/uploads\/2021\/05\/Schnelltestzentrum-Johanniter-Festplatz-Speyer-300x219.jpeg 300w, https:\/\/speyer24news.com\/wp-content\/uploads\/2021\/05\/Schnelltestzentrum-Johanniter-Festplatz-Speyer-768x562.jpeg 768w, https:\/\/speyer24news.com\/wp-content\/uploads\/2021\/05\/Schnelltestzentrum-Johanniter-Festplatz-Speyer-80x60.jpeg 80w\" sizes=\"(max-width: 800px) 100vw, 800px\" \/><\/figure><\/div>\n\n\n\n<p>Die Schnellteststation auf dem Festplatz f\u00fcr alle Bundesb\u00fcrger*innen, die die Johanniter-Unfall-Hilfe e.V. Ortsverband Speyer in Kooperation mit der Stadt Speyer betreibt, erweitert ihr PoC-Antigenschnelltest-Angebot, sodass ab Kalenderwoche 21 das Testzentrum t\u00e4glich ge\u00f6ffnet hat.<\/p>\n\n\n\n<h4 class=\"wp-block-heading\">Die neuen \u00d6ffnungszeiten sind:<\/h4>\n\n\n\n<ul><li><strong>Montag bis Freitag von 9.00\u00a0bis 17.00 Uhr <\/strong><\/li><li><strong>sowie an den Wochenenden und Feiertagen von 10.00 bis\u00a018.00 Uhr.<\/strong><\/li><\/ul>\n\n\n\n<p>Eine vorherige Terminvereinbarung ist nicht erforderlich.<\/p>\n\n\n\n<div class=\"wp-block-image\"><figure class=\"aligncenter size-large\"><img decoding=\"async\" loading=\"lazy\" width=\"800\" height=\"599\" src=\"https:\/\/speyer24news.com\/wp-content\/uploads\/2021\/05\/Corona-Schnelltest.jpeg\" alt=\"\" class=\"wp-image-36709\" srcset=\"https:\/\/speyer24news.com\/wp-content\/uploads\/2021\/05\/Corona-Schnelltest.jpeg 800w, https:\/\/speyer24news.com\/wp-content\/uploads\/2021\/05\/Corona-Schnelltest-300x225.jpeg 300w, https:\/\/speyer24news.com\/wp-content\/uploads\/2021\/05\/Corona-Schnelltest-768x575.jpeg 768w, https:\/\/speyer24news.com\/wp-content\/uploads\/2021\/05\/Corona-Schnelltest-678x509.jpeg 678w, https:\/\/speyer24news.com\/wp-content\/uploads\/2021\/05\/Corona-Schnelltest-326x245.jpeg 326w, https:\/\/speyer24news.com\/wp-content\/uploads\/2021\/05\/Corona-Schnelltest-80x60.jpeg 80w\" sizes=\"(max-width: 800px) 100vw, 800px\" \/><\/figure><\/div>\n\n\n\n<p>Zus\u00e4tzlich zu dem Schnelltestangebot wird <strong>ab Samstag, den 22. Mai 2021<\/strong> wird auch ein PCR-Test vor Ort angeboten. Dieses Angebot gilt nur bei einem zuvor durchgef\u00fchrten positiven Schnelltest. Sollte aus anderen Gr\u00fcnden (z.B. Einreise aus dem Ausland) ein PCR-Test erforderlich sein, kann dieser nicht durchgef\u00fchrt werden.<\/p>\n\n\n\n<p>Das Testzentrum bietet ausreichend Parkm\u00f6glichkeiten und einen barrierefreien Zugang.<\/p>\n\n\n\n<h4 class=\"wp-block-heading\"><a href=\"https:\/\/www.facebook.com\/959859520797395\/videos\/106549881484006\">Sehen sie, in Facebook, ein kurzes Video zur Durchf\u00fchrung eines PoC-Schnelltests<\/a><\/h4>\n\n\n\n<p><em>Text: Stadt Speyer Foto &amp; Video: Speyer 24\/7 News<br>21.05.2021<\/em><\/p>\n","protected":false},"excerpt":{"rendered":"<div class=\"mh-excerpt\"><p>Coronafallzahlen vom Donnerstag (20.05.2021) Anzahl best\u00e4tigter F\u00e4lle von Coronavirus (SARS-CoV-2)-Infektionen in der Stadt Speyer:\u00a02781 ( + 7 )Davon bereits genesen:\u00a02555Todesf\u00e4lle: 83 (unver\u00e4ndert)Gemeldete F\u00e4lle der letzten sieben Tage pro 100.000 Einwohner*innen (Inzidenz gem\u00e4\u00df LUA): 87,0 ( <a class=\"mh-excerpt-more\" href=\"https:\/\/speyer24news.com\/?p=36697\" title=\"Corona-Virus\">[&#8230;]<\/a><\/p>\n<\/div>","protected":false},"author":3,"featured_media":25126,"comment_status":"open","ping_status":"open","sticky":false,"template":"","format":"standard","meta":{"_monsterinsights_skip_tracking":false,"_monsterinsights_sitenote_active":false,"_monsterinsights_sitenote_note":"","_monsterinsights_sitenote_category":0,"footnotes":""},"categories":[5462],"tags":[6401,8404,6367,9461,9105,6940,8725,6359,6370,5904,6358,8749,7003,5801,6342,11269,11270,11253,11254,11612,11611,11255,6],"aioseo_notices":[],"amp_enabled":true,"_links":{"self":[{"href":"https:\/\/speyer24news.com\/index.php?rest_route=\/wp\/v2\/posts\/36697"}],"collection":[{"href":"https:\/\/speyer24news.com\/index.php?rest_route=\/wp\/v2\/posts"}],"about":[{"href":"https:\/\/speyer24news.com\/index.php?rest_route=\/wp\/v2\/types\/post"}],"author":[{"embeddable":true,"href":"https:\/\/speyer24news.com\/index.php?rest_route=\/wp\/v2\/users\/3"}],"replies":[{"embeddable":true,"href":"https:\/\/speyer24news.com\/index.php?rest_route=%2Fwp%2Fv2%2Fcomments&post=36697"}],"version-history":[{"count":1,"href":"https:\/\/speyer24news.com\/index.php?rest_route=\/wp\/v2\/posts\/36697\/revisions"}],"predecessor-version":[{"id":36710,"href":"https:\/\/speyer24news.com\/index.php?rest_route=\/wp\/v2\/posts\/36697\/revisions\/36710"}],"wp:featuredmedia":[{"embeddable":true,"href":"https:\/\/speyer24news.com\/index.php?rest_route=\/wp\/v2\/media\/25126"}],"wp:attachment":[{"href":"https:\/\/speyer24news.com\/index.php?rest_route=%2Fwp%2Fv2%2Fmedia&parent=36697"}],"wp:term":[{"taxonomy":"category","embeddable":true,"href":"https:\/\/speyer24news.com\/index.php?rest_route=%2Fwp%2Fv2%2Fcategories&post=36697"},{"taxonomy":"post_tag","embeddable":true,"href":"https:\/\/speyer24news.com\/index.php?rest_route=%2Fwp%2Fv2%2Ftags&post=36697"}],"curies":[{"name":"wp","href":"https:\/\/api.w.org\/{rel}","templated":true}]}}