{"id":36755,"date":"2021-05-22T13:54:17","date_gmt":"2021-05-22T12:54:17","guid":{"rendered":"https:\/\/speyer24news.com\/?p=36755"},"modified":"2021-05-22T13:54:51","modified_gmt":"2021-05-22T12:54:51","slug":"wirtschaft-finanzen-rente-8","status":"publish","type":"post","link":"https:\/\/speyer24news.com\/?p=36755","title":{"rendered":"Wirtschaft \/ Finanzen \/ Rente"},"content":{"rendered":"<style type=\"text\/css\">\r\n\t.ads_top_disp{}\r\n\t.ads_top_corner_disp{ float:left; margin:0px 10px 10px 0px; }\r\n\t.ads_first_p_disp{}\r\n\t.ads_bottom_disp{}\r\n\t<\/style>\n<h1 class=\"has-text-align-center wp-block-heading\">Bundesagentur f\u00fcr Arbeit<\/h1>\n\n\n\n<div class=\"wp-block-image\"><figure class=\"aligncenter size-large\"><img decoding=\"async\" src=\"https:\/\/speyer24news.com\/wp-content\/uploads\/2020\/01\/Bundesagentur-f\u00fcr-Arbeit-BA.png\" alt=\"\" class=\"wp-image-24472\"\/><\/figure><\/div>\n\n\n\n<h2 class=\"wp-block-heading\">Berufliche Orientierung f\u00fcr zu Hause<\/h2>\n\n\n\n<h3 class=\"wp-block-heading\">Digitale Unterrichtseinheiten unterst\u00fctzen Jugendliche bei der Entdeckung ihrer Zukunftswege<\/h3>\n\n\n\n<p>In den vergangenen Monaten wurden an den Schulen in rasantem Tempo notwendigerweise neue Lehr- und Lernwege beschritten. Auch die Berufliche Orientierung wird zunehmend digitalisiert, um sie flexibel in eine hybride Unterrichtsgestaltung einbauen zu k\u00f6nnen. Um diese Entwicklung optimal zu begleiten und die Zusammenarbeit zwischen Schulen und der Berufsberatung der Bundesagentur f\u00fcr Arbeit (BA) weiter zu intensivieren, unterst\u00fctzen ab sofort 50 digitale Unterrichtseinheiten die Beteiligten. Sie sind ein weiteres Ergebnis der Zusammenarbeit der BA mit der Stiftung der Deutschen Wirtschaft (sdw).<\/p>\n\n\n\n<p>Die hohe Bedeutung Beruflicher Orientierung tritt gerade in Pandemie-Zeiten noch deutlicher zu Tage. Es ist notwendig, Angebote zu schaffen, die auch ohne dauerhaften Pr\u00e4senzunterricht funktionieren. Digital einsetzbar und einfach umzusetzen \u2013 das waren deshalb zwei Pr\u00e4missen der Projektpartner f\u00fcr die Erstellung der Materialien \u201eBerufliche Orientierung zu Hause \u2013 Digitale Unterrichtseinheiten f\u00fcr die gymnasiale Oberstufe\u201c. Jugendliche k\u00f6nnen damit selbstst\u00e4ndig Schritte im Berufs- und Studienwahlprozess machen, die mit schulischen Angeboten zu wirksamen Blended-Learning-Formaten kombiniert werden.<\/p>\n\n\n\n<p>Alle 50 Unterrichtseinheiten enthalten einen Kurz\u00fcberblick f\u00fcr die Lehrkr\u00e4fte zu Inhalten und Methoden und einen ausf\u00fchrlichen Arbeitsauftrag sowie verschiedene Arbeitsmaterialien f\u00fcr die Sch\u00fclerinnen und Sch\u00fcler. Verweise zu passenden Unterst\u00fctzungsangeboten der BA sind ebenfalls fester Bestandteil, um die Vernetzung von Schule und Berufsberatung weiter zu st\u00e4rken.<\/p>\n\n\n\n<p>Die digitalen Unterrichtsmaterialien erg\u00e4nzen das Vorhaben \u201eBerufliche Orientierung wirksam begleiten \u2013 Unterrichtseinheiten f\u00fcr die gymnasiale Oberstufe\u201c, welches die BA und die sdw gemeinsam mit den Kultus- und Bildungsministerien der L\u00e4nder in den letzten drei Jahren umgesetzt haben. In 14 Bundesl\u00e4ndern wurden passende Unterrichtseinheiten zur Beruflichen Orientierung entwickelt und auf die Bedarfe der L\u00e4nder zugeschnitten.<\/p>\n\n\n\n<p>Detlef Scheele, Vorstandsvorsitzender der Bundesagentur f\u00fcr Arbeit, erl\u00e4utert: \u201eIn der Pandemie k\u00f6nnen unsere Berufsberaterinnen und Berufsberater kaum oder gar nicht in die Schulen, um Berufsorientierungsveranstaltungen abzuhalten. Das hat Folgen: Die Jugendlichen treten nicht wie gewohnt mit uns in Kontakt und lassen sich beraten. Eine gute Berufsorientierung ist aber ein entscheidender Schritt, um eine tragf\u00e4hige Berufswahl zu treffen und anschlie\u00dfend erfolgreich in den Bewerbungsprozess einzusteigen. Mit den neuen digitalen Unterrichtsmaterialien unterst\u00fctzen wir die jungen Menschen in dieser besonderen Zeit bei der beruflichen Orientierung. Wir bieten den Lehrkr\u00e4ften damit zudem nach der Pandemie ein modernes, inhaltliches Fundament f\u00fcr Berufsorientierung. So k\u00f6nnen die beiden wichtigen Akteure Schule und Berufsberatung gemeinsam die Jugendlichen noch effektiver bei der Berufs- und Studienwahlentscheidung begleiten.\u201c<\/p>\n\n\n\n<p>Dr. Arndt Schn\u00f6ring, Generalsekret\u00e4r der Stiftung der Deutschen Wirtschaft, erg\u00e4nzt: \u201eGerade in unsicheren Zeiten machen sich junge Menschen intensiv Gedanken \u00fcber ihre Zukunft. Mit den digitalen Unterrichtseinheiten k\u00f6nnen Lehrkr\u00e4fte und Berufsberaterinnen und Berufsberater dabei auch bei fehlendem Pr\u00e4senzunterricht bestm\u00f6glich unterst\u00fctzen. Gleichzeitig werden neue Lernmethoden weiter etabliert und digitale F\u00e4higkeiten gest\u00e4rkt. Diese wichtigen Zukunftskompetenzen sind f\u00fcr das sp\u00e4tere Berufsleben von gro\u00dfer Bedeutung \u2013 ganz gleich f\u00fcr welchen beruflichen Weg sich die Jugendlichen am Ende entscheiden werden.\u201c<\/p>\n\n\n\n<p><em>Bundesagentur f\u00fcr Arbeit<br>22.05.2021<\/em><\/p>\n\n\n\n<h1 class=\"has-text-align-center wp-block-heading\">Deutsche Rentenversicherung Rheinland-Pfalz<\/h1>\n\n\n\n<div class=\"wp-block-image\"><figure class=\"aligncenter size-large\"><img decoding=\"async\" loading=\"lazy\" width=\"800\" height=\"224\" src=\"https:\/\/speyer24news.com\/wp-content\/uploads\/2021\/03\/Deutsche_Rentenversicherung_Rheinland-Pfalz_logo.png\" alt=\"\" class=\"wp-image-33737\" srcset=\"https:\/\/speyer24news.com\/wp-content\/uploads\/2021\/03\/Deutsche_Rentenversicherung_Rheinland-Pfalz_logo.png 800w, https:\/\/speyer24news.com\/wp-content\/uploads\/2021\/03\/Deutsche_Rentenversicherung_Rheinland-Pfalz_logo-300x84.png 300w, https:\/\/speyer24news.com\/wp-content\/uploads\/2021\/03\/Deutsche_Rentenversicherung_Rheinland-Pfalz_logo-768x215.png 768w\" sizes=\"(max-width: 800px) 100vw, 800px\" \/><\/figure><\/div>\n\n\n\n<h2 class=\"wp-block-heading\">Renten bleiben stabil &#8211; Zum 1. Juli gibt es keine h\u00f6heren Renten im Westen<\/h2>\n\n\n\n<p>In diesem Jahr bleiben die Renten trotz Corona-Pandemie stabil. Das hei\u00dft: Sie werden in gleicher H\u00f6he weitergezahlt. Die Rentnerinnen und Rentner erhalten daher auch keine Rentenanpassungsmitteilung. \u00a0<\/p>\n\n\n\n<h4 class=\"wp-block-heading\">Rentengarantie sch\u00fctzt die Renten<\/h4>\n\n\n\n<p>Jedes Jahr im Juli werden die Renten erh\u00f6ht. Darauf k\u00f6nnen sich die Rentnerinnen und Rentner verlassen. Ihre Renten werden dann an die Lohnentwicklung des Vorjahres angepasst. Wegen der Corona-Pandemie sind 2020 aber die Arbeitseinkommen gesunken. F\u00fcr die Renten bedeutet das: Sie k\u00f6nnen 2021 nicht erh\u00f6ht werden. \u00dcber die Rentengarantie sind sie aber per Gesetz gesch\u00fctzt und werden nicht gek\u00fcrzt.<\/p>\n\n\n\n<h4 class=\"wp-block-heading\">Renten stiegen st\u00e4rker als Inflation<\/h4>\n\n\n\n<p>In den vergangenen Jahren stiegen die Renten insgesamt st\u00e4rker als die Inflation: Zwischen 2015 und 2020 gab es ein Rentenplus von 18 Prozent. Allein 2020 stiegen die Renten um 3,45 Prozent, w\u00e4hrend die Inflation bei 0,5 Prozent lag.<\/p>\n\n\n\n<h4 class=\"wp-block-heading\">Ostrenten steigen<\/h4>\n\n\n\n<p>Nur wer Arbeitsjahre in Ost-Deutschland zur\u00fcckgelegt hat, erh\u00e4lt 2020 f\u00fcr diese Zeiten eine um 0,72 Prozent h\u00f6here Rente &#8211; und dann auch eine Rentenanpassungsmitteilung. Grund daf\u00fcr ist die schrittweise Angleichung der Renten in Ost und West.<\/p>\n\n\n\n<p>Weitere Ausk\u00fcnfte gibt es bei der Deutschen Rentenversicherung Rheinland-Pfalz, \u00fcber das Servicetelefon unter 0800 1000 480 16 und im Internet unter\u00a0<a rel=\"noreferrer noopener\" href=\"https:\/\/deref-web.de\/mail\/client\/l0gGdhcyLmQ\/dereferrer\/?redirectUrl=http%3A%2F%2Fwww.drv-rlp.de\" target=\"_blank\">www.drv-rlp.de<\/a><\/p>\n\n\n\n<p><em>Deutsche Rentenversicherung Rheinland-Pfalz, Speyer<br>22.05.2021<\/em><\/p>\n\n\n\n<h2 class=\"wp-block-heading\">Tag der Selbstverwaltung: unabh\u00e4ngige Stimme f\u00fcr gelebte Demokratie<\/h2>\n\n\n\n<p>Mit dem Tag der Selbstverwaltung am 18. Mai wird ein wichtiger Baustein der Sozialversicherung gew\u00fcrdigt. Die Selbstverwaltung in der Rentenversicherung ist gelebte Demokratie. In ihr bestimmen Versicherte, Rentner und Arbeitgeber mit, wof\u00fcr die Beitr\u00e4ge aus den Sozialabgaben verwendet werden. Ein guter Service der Rentenversicherung ist der Selbstverwaltung gerade auch in Corona-Zeiten ein sehr wichtiges Anliegen.<\/p>\n\n\n\n<p>Bei der Deutschen Rentenversicherung (DRV) Rheinland-Pfalz sind 150 Menschen aktiv in der Selbstverwaltung ehrenamtlich engagiert, sie sind Mitglieder in der Vertreterversammlung, den Widerspruchsaussch\u00fcssen oder als Versichertenberater aktiv. Einen weiten Entscheidungsspielraum hat die Selbstverwaltung insbesondere bei den Pr\u00e4ventions- und Rehabilitationsleistungen, die dazu beitragen, dass Menschen l\u00e4nger in ihrem Beruf bleiben k\u00f6nnen.<\/p>\n\n\n\n<p>Die Vertreterversammlung ist das Parlament der Deutschen Rentenversicherung. Versicherte, Rentner und Arbeitgeber bestimmen alle sechs Jahre bei den Sozialwahlen, wer ihre Interessen im Parlament der Rentenversicherung vertritt. Die n\u00e4chste Sozialwahl findet 2023 statt.<\/p>\n\n\n\n<p><em>Deutsche Rentenversicherung Rheinland-Pfalz, Speyer<br>22.05.2021<\/em><\/p>\n\n\n\n<h1 class=\"has-text-align-center wp-block-heading\">Deutsche Bundesstiftung Umwelt<\/h1>\n\n\n\n<div class=\"wp-block-image\"><figure class=\"aligncenter size-large\"><img decoding=\"async\" loading=\"lazy\" width=\"800\" height=\"427\" src=\"https:\/\/speyer24news.com\/wp-content\/uploads\/2021\/05\/Deutsche-Bundesstiftung-Umwelt-DBU-Logo.png\" alt=\"\" class=\"wp-image-36757\" srcset=\"https:\/\/speyer24news.com\/wp-content\/uploads\/2021\/05\/Deutsche-Bundesstiftung-Umwelt-DBU-Logo.png 800w, https:\/\/speyer24news.com\/wp-content\/uploads\/2021\/05\/Deutsche-Bundesstiftung-Umwelt-DBU-Logo-300x160.png 300w, https:\/\/speyer24news.com\/wp-content\/uploads\/2021\/05\/Deutsche-Bundesstiftung-Umwelt-DBU-Logo-768x410.png 768w\" sizes=\"(max-width: 800px) 100vw, 800px\" \/><\/figure><\/div>\n\n\n\n<h2 class=\"wp-block-heading\"><strong>Neue Methode gegen Schimmel und Feuchtesch\u00e4den bei Kulturg\u00fctern<\/strong><\/h2>\n\n\n\n<h3 class=\"wp-block-heading\"><strong>DBU f\u00f6rdert Projekt zum Erhalt der Zeppelintrib\u00fcne \u2013 Internationaler Museumstag am 16. Mai<\/strong><\/h3>\n\n\n\n<div class=\"wp-block-image\"><figure class=\"aligncenter size-large\"><img decoding=\"async\" loading=\"lazy\" width=\"800\" height=\"399\" src=\"https:\/\/speyer24news.com\/wp-content\/uploads\/2021\/05\/33432_PM-049-2021-Ze_Stadt-Nuernberg.jpg\" alt=\"\" class=\"wp-image-36758\" srcset=\"https:\/\/speyer24news.com\/wp-content\/uploads\/2021\/05\/33432_PM-049-2021-Ze_Stadt-Nuernberg.jpg 800w, https:\/\/speyer24news.com\/wp-content\/uploads\/2021\/05\/33432_PM-049-2021-Ze_Stadt-Nuernberg-300x150.jpg 300w, https:\/\/speyer24news.com\/wp-content\/uploads\/2021\/05\/33432_PM-049-2021-Ze_Stadt-Nuernberg-768x383.jpg 768w\" sizes=\"(max-width: 800px) 100vw, 800px\" \/><figcaption>Das Hochbauamt der Stadt N\u00fcrnberg hat zum Erhalt der geschichtstr\u00e4chtigen Zeppelintrib\u00fcne mit DBU-F\u00f6rderung eine neue Methode entwickelt, durch die letztlich die Bausubstanz gesch\u00fctzt wird.<br><em>Foto: \u00a9 Hochbauamt Stadt N\u00fcrnberg<\/em><\/figcaption><\/figure><\/div>\n\n\n\n<p><strong>N\u00fcrnberg &#8211; <\/strong>Feuchtesch\u00e4den und Schimmel k\u00f6nnen national bedeutsamen Kulturg\u00fctern massiv zusetzen, so auch der Zeppelintrib\u00fcne in N\u00fcrnberg. Das Hochbauamt der Stadt N\u00fcrnberg hat zu ihrem Erhalt eine neue Methode entwickelt, mit der sowohl Luftfeuchtigkeit als auch Materialfeuchten kontinuierlich gemessen werden k\u00f6nnen. Damit kann das gleichm\u00e4\u00dfige Entfeuchten einer so gro\u00dfen Baumasse kontrolliert werden, sodass letztlich die Bausubstanz gesch\u00fctzt wird. Darauf weist die Deutsche Bundesstiftung Umwelt (DBU) zum Internationalen Museumstag am 16. Mai hin, die das Projekt mit rund 125.000 Euro gef\u00f6rdert hat. Die Steintrib\u00fcne geh\u00f6rt zum denkmalgesch\u00fctzten Bau-Ensemble des ehemaligen Reichsparteitagsgel\u00e4ndes und soll als authentischer Lernort und Zeitzeugnis \u00fcber die NS-Zeit erhalten werden.\u00a0<\/p>\n\n\n\n<p>W\u00e4hrend der Umbauphase und sobald es Corona-bedingt erlaubt wird, zeigt das Dokumentationszentrum Reichsparteitagsgel\u00e4nde die eigens konzipierte Interimsausstellung \u201eN\u00fcrnberg \u2013 Ort der Reichsparteitage. Inszenierung, Erlebnis und Gewalt\u201c. Als Angebot zum Internationalen Museumstag wird eine Videof\u00fchrung \u00fcber das ehemalige Reichsparteitagsgel\u00e4nde online gestellt, die unter anderem Informationen zu Zeppelintrib\u00fcne und -feld bietet.<\/p>\n\n\n\n<h4 class=\"wp-block-heading\">Nutzung: Von Propaganda bis \u201eRock im Park\u201c<\/h4>\n\n\n\n<p>Die Zeppelintrib\u00fcne in N\u00fcrnberg ist eine zum geschichtstr\u00e4chtigen fr\u00fcheren Reichsparteitagsgel\u00e4nde geh\u00f6rende monumentale Steintrib\u00fcne. Sie wurde 1935 bis 1937 von den Nationalsozialisten errichtet und zu Propagandazwecken f\u00fcr die Reichsparteitage genutzt. Nach Hitlers Schreckensherrschaft wurde das Bauwerk weiter als Zuschauertrib\u00fcne bei Veranstaltungen genutzt. Am bekanntesten sind etwa die DTM-Motorsport-Rennen am Norisring und das Open-Air-Festival \u201eRock im Park\u201c. Die Frage um Erhalt, Verfall oder R\u00fcckbau sorgt aufgrund des geschichtlichen Hintergrunds immer wieder f\u00fcr Diskussionen. So l\u00f6ste beispielsweise eine Teilsprengung der Kolonaden auf der Zeppelintrib\u00fcne 1967 erstmalig kontroverse \u00f6ffentliche Debatten aus. Der damalige Vorwurf: Ein schwieriges St\u00fcck Geschichte wolle man unter dem Vorwand der Bauf\u00e4lligkeit verschwinden lassen. Seit geraumer Zeit setzt die Stadt indes auf das Bewahren: \u201eEine Entmystifizierung und bewusste Auseinandersetzung mit der Geschichte des Gel\u00e4ndes ist f\u00fcr uns wichtig\u201c, sagt Eva Anlauft, Bauphysikerin im Hochbauamt N\u00fcrnberg. Die Stadt habe mit dem Nachlass des Hitler-Regimes, speziell mit dem ehemaligen Reichsparteitagsgel\u00e4nde, nicht nur ein schwieriges Kulturerbe zu managen, sondern auch die Verpflichtung, es als Lernort f\u00fcr k\u00fcnftige Generationen zu erhalten. Doch die Nutzung durch mehr als 300.000 Besucherinnen und Besucher pro Jahr sowie Sonne, Regen, Frost und Wind beeinflussen den Zustand der Trib\u00fcne und der Innenr\u00e4ume.<\/p>\n\n\n\n<h4 class=\"wp-block-heading\">Feuchtigkeit und Schimmel greifen Mauerwerk an \u2013 alte Messmethode nicht denkmalschutzkonform<\/h4>\n\n\n\n<p>Hier kommt die Deutsche Bundesstiftung Umwelt (DBU) ins Spiel. \u201eEine unserer Aufgaben ist es, Strategien und Konzepte zur vorsorglichen Erhaltung, Sicherung und Bewahrung national bedeutender Kulturg\u00fcter zu unterst\u00fctzen\u201c, sagt Constanze Fuhrmann, Leiterin des DBU-Referats Umwelt und Kulturg\u00fcter. Bei der Zeppelintrib\u00fcne liegen nach ihren Worten seit der Teilsprengung einige der Bauteile offen und sind deshalb ungesch\u00fctzt vor Witterungseinfl\u00fcssen. Es gebe au\u00dferdem gravierende bauliche M\u00e4ngel, die durch hohe Raumluftfeuchte und Regenwasser entstanden seien. \u201eZudem greifen im Regenwasser gespeicherte Salze sowie Schimmel das Mauerwerk an\u201c, sagt Fuhrmann. Das lie\u00dfe sich nur in den Griff bekommen, wenn die Menge an eindringender und im Mauerwerk gespeicherter Feuchtigkeit verringert werde. Fuhrmann: \u201eDaf\u00fcr muss der Feuchtehaushalt im Inneren des Mauerwerks permanent \u00fcberwacht und die Baumasse nach und nach entfeuchtet werden.\u201c Das Dilemma: Zur Bestimmung der Mauerwerksfeuchte werden Bohrkerne gezogen, welche anschlie\u00dfend auf ihren Feuchtegehalt hin untersucht werden. Doch solche wiederholten massiven Eingriffe sind mit dem Denkmalschutz nicht vereinbar.<\/p>\n\n\n\n<h4 class=\"wp-block-heading\">Abtrocknungserfolge mit neuer Methode sichtbar \u2013 wichtiger Beitrag f\u00fcr andere Bauwerke<\/h4>\n\n\n\n<p>Ziel des Projekts war es daher zum einen, die Messsonden einer f\u00fcr die Feuchtemessung g\u00e4ngigen Methode zu optimieren \u2013 ein letztlich minimaler Eingriff. Durch automatisiertes Messen der Luftfeuchte und \u00fcber entsprechende Regelungseinstellungen wird der Betrieb einer vergleichsweise kleinen L\u00fcftungsanlage gesteuert. Feuchte Luft aus dem Inneren der Trib\u00fcne wird bei geeigneten Au\u00dfenklimabedingungen \u00fcber den Transportweg Luft herausgebracht. Auf diese Art und Weise kann die Baumasse die seit Jahrzehnten eingedrungene und gespeicherte Feuchtigkeit fortw\u00e4hrend abgeben. Bauphysikerin Anlauft ist zufrieden mit dem Entfeuchtungskonzept des jetzt abgeschlossenen Projekts: \u201eDie neue Methode hat sich in der Praxis bew\u00e4hrt. Abtrocknungserfolge sind sichtbar und mit den Vergleichsmessungen in unsanierten Geb\u00e4udeteilen nachweisbar.\u201c Fuhrmann erg\u00e4nzt: \u201eDie neu entwickelte Methode k\u00f6nnte einen wichtigen Beitrag dazu leisten, dass Sch\u00e4den an Bauwerken in Zukunft nicht nur minimal-invasiv erkannt werden, sondern dass der Zustand der belasteten Geb\u00e4ude auch w\u00e4hrend und nach einer Bauma\u00dfnahme kontinuierlich beobachtet werden kann.\u201c Das Vorhaben steht in einer Reihe von DBU-Projekten, die sich mit praxisnahen L\u00f6sungen zum Umgang mit Feuchte- und Salzbelastungen von denkmalgesch\u00fctzten Geb\u00e4uden besch\u00e4ftigt. Begleitet wurde das Projekt vom Stuttgarter Unternehmen TTI Technologie-Transfer-Initiative und der Firma Truebner aus Neustadt (Rheinland-Pfalz).<\/p>\n\n\n\n<p><em>Text: Deutschen Bundesstiftung Umwelt (DBU) Foto: Hochbauamt Stadt N\u00fcrnberg<br>22.05.2021<\/em><\/p>\n\n\n\n<h1 class=\"has-text-align-center wp-block-heading\">Sparkasse Vorderpfalz<\/h1>\n\n\n\n<div class=\"wp-block-image\"><figure class=\"aligncenter size-large\"><img decoding=\"async\" loading=\"lazy\" width=\"1024\" height=\"768\" src=\"https:\/\/speyer24news.com\/wp-content\/uploads\/2019\/10\/Sparkasse-Vorderpfalz-1-1024x768-1-1024x768.jpg\" alt=\"\" class=\"wp-image-20972\" srcset=\"https:\/\/speyer24news.com\/wp-content\/uploads\/2019\/10\/Sparkasse-Vorderpfalz-1-1024x768-1.jpg 1024w, https:\/\/speyer24news.com\/wp-content\/uploads\/2019\/10\/Sparkasse-Vorderpfalz-1-1024x768-1-300x225.jpg 300w, https:\/\/speyer24news.com\/wp-content\/uploads\/2019\/10\/Sparkasse-Vorderpfalz-1-1024x768-1-768x576.jpg 768w, https:\/\/speyer24news.com\/wp-content\/uploads\/2019\/10\/Sparkasse-Vorderpfalz-1-1024x768-1-678x509.jpg 678w, https:\/\/speyer24news.com\/wp-content\/uploads\/2019\/10\/Sparkasse-Vorderpfalz-1-1024x768-1-326x245.jpg 326w, https:\/\/speyer24news.com\/wp-content\/uploads\/2019\/10\/Sparkasse-Vorderpfalz-1-1024x768-1-80x60.jpg 80w\" sizes=\"(max-width: 1024px) 100vw, 1024px\" \/><\/figure><\/div>\n\n\n\n<h2 class=\"wp-block-heading\">Mireille Palestini ist neue Personalratsvorsitzende<\/h2>\n\n\n\n<p>Der neu gew\u00e4hlte Personalrat der Sparkasse Vorderpfalz hat Mireille Palestini zur Vorsitzenden gew\u00e4hlt. Die Sparkassenfachwirtin engagiert sich bereits seit 8 Jahren im Personalrat der gr\u00f6\u00dften Sparkasse in Rheinland-Pfalz. Sie folgt auf Pia Barth, die nicht mehr f\u00fcr die Personalratswahl kandidierte. Stellvertreter von Mireille Palestini sind Klaus Fritzmann und Jennifer Dissinger.<\/p>\n\n\n\n<p>Die Wahlbeteiligung von 69 Prozent sehen alle gew\u00e4hlten Personalratsmitglieder als Ansporn und wollen das in sie gesetzte Vertrauen durch engagierte Arbeit in der Interessenvertretung in den kommenden vier Jahren rechtfertigen. Die hohe Wahlbeteiligung mache deutlich, dass die 890 Mitarbeiter\/innen der Sparkasse Vorderpfalz auch f\u00fcr die Zukunft auf eine starke und konsequente Interessenvertretung setzen.<\/p>\n\n\n\n<p><em>Sparkasse Vorderpfalz<br>22.05.2021<\/em><\/p>\n","protected":false},"excerpt":{"rendered":"<div class=\"mh-excerpt\"><p>Bundesagentur f\u00fcr Arbeit Berufliche Orientierung f\u00fcr zu Hause Digitale Unterrichtseinheiten unterst\u00fctzen Jugendliche bei der Entdeckung ihrer Zukunftswege In den vergangenen Monaten wurden an den Schulen in rasantem Tempo notwendigerweise neue Lehr- und Lernwege beschritten. Auch <a class=\"mh-excerpt-more\" href=\"https:\/\/speyer24news.com\/?p=36755\" title=\"Wirtschaft \/ Finanzen \/ Rente\">[&#8230;]<\/a><\/p>\n<\/div>","protected":false},"author":3,"featured_media":30614,"comment_status":"open","ping_status":"open","sticky":false,"template":"","format":"standard","meta":{"_monsterinsights_skip_tracking":false,"_monsterinsights_sitenote_active":false,"_monsterinsights_sitenote_note":"","_monsterinsights_sitenote_category":0,"footnotes":""},"categories":[29],"tags":[10247,551,11633,10012,10195,11635,11631,11636,11637,11045,11634,303,11632,1087],"aioseo_notices":[],"amp_enabled":true,"_links":{"self":[{"href":"https:\/\/speyer24news.com\/index.php?rest_route=\/wp\/v2\/posts\/36755"}],"collection":[{"href":"https:\/\/speyer24news.com\/index.php?rest_route=\/wp\/v2\/posts"}],"about":[{"href":"https:\/\/speyer24news.com\/index.php?rest_route=\/wp\/v2\/types\/post"}],"author":[{"embeddable":true,"href":"https:\/\/speyer24news.com\/index.php?rest_route=\/wp\/v2\/users\/3"}],"replies":[{"embeddable":true,"href":"https:\/\/speyer24news.com\/index.php?rest_route=%2Fwp%2Fv2%2Fcomments&post=36755"}],"version-history":[{"count":2,"href":"https:\/\/speyer24news.com\/index.php?rest_route=\/wp\/v2\/posts\/36755\/revisions"}],"predecessor-version":[{"id":36760,"href":"https:\/\/speyer24news.com\/index.php?rest_route=\/wp\/v2\/posts\/36755\/revisions\/36760"}],"wp:featuredmedia":[{"embeddable":true,"href":"https:\/\/speyer24news.com\/index.php?rest_route=\/wp\/v2\/media\/30614"}],"wp:attachment":[{"href":"https:\/\/speyer24news.com\/index.php?rest_route=%2Fwp%2Fv2%2Fmedia&parent=36755"}],"wp:term":[{"taxonomy":"category","embeddable":true,"href":"https:\/\/speyer24news.com\/index.php?rest_route=%2Fwp%2Fv2%2Fcategories&post=36755"},{"taxonomy":"post_tag","embeddable":true,"href":"https:\/\/speyer24news.com\/index.php?rest_route=%2Fwp%2Fv2%2Ftags&post=36755"}],"curies":[{"name":"wp","href":"https:\/\/api.w.org\/{rel}","templated":true}]}}