{"id":36828,"date":"2021-05-23T05:38:04","date_gmt":"2021-05-23T04:38:04","guid":{"rendered":"https:\/\/speyer24news.com\/?p=36828"},"modified":"2021-05-23T05:38:48","modified_gmt":"2021-05-23T04:38:48","slug":"germersheim-2","status":"publish","type":"post","link":"https:\/\/speyer24news.com\/?p=36828","title":{"rendered":"Germersheim &#038; Landkreis Germersheim"},"content":{"rendered":"<style type=\"text\/css\">\r\n\t.ads_top_disp{}\r\n\t.ads_top_corner_disp{ float:left; margin:0px 10px 10px 0px; }\r\n\t.ads_first_p_disp{}\r\n\t.ads_bottom_disp{}\r\n\t<\/style>\n<h2 class=\"wp-block-heading\"><strong>Neue Kontodaten der Abfallwirtschaft<\/strong><\/h2>\n\n\n\n<h3 class=\"wp-block-heading\"><strong>Hinweise zum Zahlungsverkehr im Zusammenhang mit Konten der fusionierten Sparkasse-S\u00fcdpfalz<\/strong><\/h3>\n\n\n\n<p>Die Abfallwirtschaft des Landkreises Germersheim informiert die B\u00fcrgerinnen und B\u00fcrger, was beim Zahlungsverkehr im Zusammenhang mit Konten der fusionierten Sparkasse S\u00fcdpfalz zu beachten ist.<\/p>\n\n\n\n<p>Hintergrund ist die Fusion der Sparkasse Germersheim-Kandel mit der Sparkasse S\u00fcdliche Weinstra\u00dfe zur Sparkasse S\u00fcdpfalz. Daraus resultiert, dass jeder Sparkassen-Kunde eine neue IBAN sowie eine neue BIC erh\u00e4lt.<\/p>\n\n\n\n<p>Im Zusammenhang mit Zahlungen an die Abfallwirtschaft bedeutet dies, dass Grundst\u00fcckseigent\u00fcmer mit bisherigem Konto bei der Sparkasse Germersheim-Kandel, die der Kreisverwaltung Germersheim eine Einzugserm\u00e4chtigung f\u00fcr die Abfallgeb\u00fchren erteilt haben, nichts weiter unternehmen m\u00fcssen. Die bisherige IBAN der Bankverbindung wird automatisch von der Abfallwirtschaft der Kreisverwaltung auf die neue IBAN umgestellt, so dass die Abbuchungen auch zuk\u00fcnftig ungest\u00f6rt durchgef\u00fchrt werden k\u00f6nnen.<\/p>\n\n\n\n<p>Wer hingegen der Abfallwirtschaft bisher keine Einzugserm\u00e4chtigung erteilt hat, sollte bei Zahlungen unbedingt die \u00c4nderungen bei der Bankverbindung (IBAN und BIC) der Abfallwirtschaft beachten.<\/p>\n\n\n\n<h4 class=\"wp-block-heading\">Die neuen Kontodaten der Abfallwirtschaft des Landkreises Germersheim bei der Sparkasse S\u00fcdpfalz lauten:<\/h4>\n\n\n\n<ul><li><strong>IBAN: DE13 5485 0010 0020 1118 11<\/strong><\/li><li><strong>BIC: SOLADES1SUW<\/strong><\/li><\/ul>\n\n\n\n<p><em>Kreisverwaltung Germersheim<br>22.05.2021<\/em><\/p>\n\n\n\n<h2 class=\"wp-block-heading\"><strong>Fr\u00fchzeitige Abgabe der Fertigstellungsmeldung im Antragsverfahren f\u00fcr Rebpflanzungen 2021<\/strong><\/h2>\n\n\n\n<div class=\"wp-block-image\"><figure class=\"aligncenter size-large\"><img decoding=\"async\" loading=\"lazy\" width=\"800\" height=\"535\" src=\"https:\/\/speyer24news.com\/wp-content\/uploads\/2020\/09\/Wein.jpg\" alt=\"\" class=\"wp-image-30256\" srcset=\"https:\/\/speyer24news.com\/wp-content\/uploads\/2020\/09\/Wein.jpg 800w, https:\/\/speyer24news.com\/wp-content\/uploads\/2020\/09\/Wein-300x201.jpg 300w, https:\/\/speyer24news.com\/wp-content\/uploads\/2020\/09\/Wein-768x514.jpg 768w\" sizes=\"(max-width: 800px) 100vw, 800px\" \/><\/figure><\/div>\n\n\n\n<p>Am 21. Mai 2021 hat die Kreisverwaltung Germersheim, Sachgebiet Agrarf\u00f6rderung, ein bereits teilausgef\u00fclltes Formular (Anlage 2) f\u00fcr die Meldung der Pflanzung der beantragten Ma\u00dfnahmen 2021 an alle Antragsteller versandt.<\/p>\n\n\n\n<p>Die Fertigstellungsmeldung kann \u00fcber das Weininformationsportal (WIP) der Landwirtschaftskammer Rheinland-Pfalz EDV-technisch unterst\u00fctzt ausgef\u00fcllt werden. <a href=\"https:\/\/www.lwk-rlp.de\/de\/weinbau\/service\/wip-weininformationsportal\/\">https:\/\/www.lwk-rlp.de\/de\/weinbau\/service\/wip-weininformationsportal\/<\/a><\/p>\n\n\n\n<p>Daraufhin findet die Vor-Ort-Kontrolle statt, die in diesem Jahr fr\u00fchzeitig beginnen soll.<\/p>\n\n\n\n<p>Die Richtlinie ist \u00fcber die Internetseite des Ministeriums f\u00fcr Wirtschaft, Verkehr, Landwirtschaft und Weinbau Rheinland-Pfalz verf\u00fcgbar. <a href=\"https:\/\/mwvlw.rlp.de\/de\/themen\/weinbau\/umstrukturierung\/\">https:\/\/mwvlw.rlp.de\/de\/themen\/weinbau\/umstrukturierung\/<\/a><\/p>\n\n\n\n<p>Alle Antragsteller, die ihre Ma\u00dfnahmen bereits abgeschlossen haben, werden deshalb gebeten, die Fertigstellungsmeldung <strong>fr\u00fchestm\u00f6glich<\/strong> bei den Kreisverwaltungen einzureichen.<\/p>\n\n\n\n<p>Alle Bedingungen\/Forderungen laut Richtlinie 2021 (Seite 13\/14) und Checkliste (letzte Seite) gelten weiter uneingeschr\u00e4nkt. Die Anlage 2 enth\u00e4lt ein Anschreiben mit wichtigen Hinweisen zum Ausf\u00fcllen der Fertigstellungsmeldung, die unbedingt zu beachten sind.<\/p>\n\n\n\n<p>Die Vorlage einer Bankb\u00fcrgschaft f\u00fcr die Auszahlung des Zuschusses bis zum 15.10. 2021, wenn die Ma\u00dfnahmen nicht bis zum 30.06.2021 fertig gestellt werden k\u00f6nnen, ist in diesem Jahr nicht m\u00f6glich.<\/p>\n\n\n\n<p><em>Kreisverwaltung Germersheim<br>22.05.2021<\/em><\/p>\n\n\n\n<h2 class=\"wp-block-heading\"><strong>Kreisverwaltung stellt F\u00f6rderantrag f\u00fcr \u201eFortschreibung Integrationskonzept\u201c: Gesellschaftlichen Ver\u00e4nderungen gerecht werden<\/strong><\/h2>\n\n\n\n<p>Das Integrationskonzept im Kreis Germersheim, das seit 2015 die Richtschnur f\u00fcr die Arbeit der Leitstelle f\u00fcr Integration bei der Kreisverwaltung bildet, soll angepasst und fortgeschrieben werden. Im Gegensatz zur Situation von vor sechs Jahren, geht es heute nicht mehr nur um Menschen, die aus ihren Heimatl\u00e4ndern fl\u00fcchten mussten. Das heutige Konzept richtet sich auch an Fachkr\u00e4fte, die f\u00fcr eine Zuwanderung in den Kreis motiviert werden sollen, um entsprechende Bedarfe zu decken. Hierzu Sozialdezernent Christoph Buttweiler: \u201eDas Integrationskonzept muss an die ge\u00e4nderten Rahmenbedingungen und gesellschaftlichen Entwicklungen angepasst werden. Nur so k\u00f6nnen wir gemeinsam mit anderen Akteuren, wie beispielsweise Wohlfahrtsverb\u00e4nden oder freien Tr\u00e4gern, unsere Ziele erreichen.\u201c<\/p>\n\n\n\n<p>Mit Hilfe der Kreisverwaltung sollen die Bedingungen daf\u00fcr geschaffen werden, dass individuelle soziale und wirtschaftliche Teilhabe aller Bev\u00f6lkerungsgruppen m\u00f6glich wird. Landrat Dr. Fritz Brechtel sieht dies als \u201eAufgabe aller im Kreis lebenden B\u00fcrgerinnen und B\u00fcrger. Wir m\u00fcssen zugewanderte Menschen in unserer Mitte willkommen hei\u00dfen. Allein diese Haltung kann schon zu einer gelingenden Integration beitragen.\u201c Im F\u00f6rderantrag hei\u00dft es im Wortlaut: \u201eDie Gesamtgesellschaft ist aufgefordert, aufeinander zuzugehen.\u201c<\/p>\n\n\n\n<p>Die Ma\u00dfnahmen hierf\u00fcr, die nunmehr seitens des rheinland-pf\u00e4lzischen Familienministeriums gef\u00f6rdert werden sollen, sind in erster Linie die Installation einer festen Steuerungsgruppe, die als st\u00e4ndige Einrichtung Lenkungsfunktion in Sachen Integration \u00fcbernehmen soll. Um neben einer \u201eFeld- und Situationsanalyse\u201c auch Visionen und Leitbilder erarbeiten zu k\u00f6nnen, ist angedacht, dass externe Coaches den Prozess unterst\u00fctzen. Mit dem F\u00f6rderantrag sollen die sich hieraus ergebenden Kosten gedeckt werden. Die beantragte F\u00f6rderung liegt bei einer Gr\u00f6\u00dfenordnung von knapp 20.000 Euro, eine Entscheidung des Ministeriums steht noch aus.<\/p>\n\n\n\n<p><em>Kreisverwaltung Germersheim<br>22.05.2021<\/em><\/p>\n\n\n\n<h2 class=\"wp-block-heading\"><strong>Erh\u00f6hung des Elternbeitrags f\u00fcr schulische Mittagsverpflegung empfohlen<\/strong><\/h2>\n\n\n\n<div class=\"wp-block-image\"><figure class=\"alignleft size-large\"><img decoding=\"async\" loading=\"lazy\" width=\"450\" height=\"450\" src=\"https:\/\/speyer24news.com\/wp-content\/uploads\/2019\/05\/Mittagessen-Q-H.jpg\" alt=\"\" class=\"wp-image-14153\" srcset=\"https:\/\/speyer24news.com\/wp-content\/uploads\/2019\/05\/Mittagessen-Q-H.jpg 450w, https:\/\/speyer24news.com\/wp-content\/uploads\/2019\/05\/Mittagessen-Q-H-150x150.jpg 150w, https:\/\/speyer24news.com\/wp-content\/uploads\/2019\/05\/Mittagessen-Q-H-300x300.jpg 300w\" sizes=\"(max-width: 450px) 100vw, 450px\" \/><\/figure><\/div>\n\n\n\n<p>An den elf kreiseigenen Ganztagsschulen, darunter zwei Gymnasien, drei Integrierte Gesamtschulen, vier Realschulen Plus und zwei F\u00f6rderschulen wird eine warme Mittagsverpflegung angeboten. Nach \u00a7&nbsp;85 SchulG k\u00f6nnen Eltern der Sch\u00fclerinnen und Sch\u00fcler, die eine Ganztagsschule besuchen, an den Aufwendungen nach \u00a7 75 Abs. 2 Nr. 5 SchulG f\u00fcr die Verpflegung der Sch\u00fclerinnen und Sch\u00fcler sozial angemessen beteiligt werden.<\/p>\n\n\n\n<p>\u201eDer Elternanteil betr\u00e4gt derzeit f\u00fcr jeden Sch\u00fcler 3,50 Euro pro Mittagessen. An der F\u00f6rderschule Sprache in R\u00fclzheim (Grundschule) betr\u00e4gt der Elternanteil 3,20 Euro pro Mittagessen. F\u00fcr Eltern, die Leistungen nach dem SGB II\/ALGII, Wohngeldgesetz (WoGG), Bundeskindergeldgesetz (BKGG), Asylleistungsgesetz (AsylG) oder Sozialhilfe nach SGB XII erhalten, entf\u00e4llt seit <a href=\"http:\/\/www.germersheim-kreis.sitzung-online.org\/bi\/si010_e.asp?YY=2019&amp;MM=08&amp;DD=01\">August 2019<\/a> die Eigenbeteiligung. Die Kosten f\u00fcr die Mittagsverpflegung werden komplett vom Bund getragen und k\u00f6nnen \u00fcber das Bildungs- und Teilhabe-Paket beantragt werden. Eltern mit einem geringen Einkommen k\u00f6nnen einen Zuschuss \u00fcber den Sozialfond des Landes beantragen. Der Preis pro Mittagessen betr\u00e4gt dann nur 1 Euro\u201c, erl\u00e4utert der Erste Kreisbeigeordnete und Schuldezernent Christoph Buttweiler in der Sitzung des Schultr\u00e4gerausschusses.<\/p>\n\n\n\n<p>Die Kosten der Mittagsverpflegung setzen sich aus den Kosten des Essenslieferanten (Caterer), den Personalkosten und den Entsorgungskosten (Essensreste) zusammen.<\/p>\n\n\n\n<p>Mit Einf\u00fchrung der ersten Ganztagsschulen im Landkreis Germersheim betrug der Elterneigenanteil am schulischen Mittagessen 3 Euro, 2015 wurde er auf 3,50 Euro angepasst. Schon damals h\u00e4tte der Essensgeldbeitrag auf 4,60 Euro angehoben werden m\u00fcssen um die Kosten zu decken. Seither sind die Gesamtaufwendungen noch weiter gestiegen.<\/p>\n\n\n\n<p>\u201eAllein im Jahr 2019 beliefen sich die Gesamtkosten auf knapp 595.000 Euro<strong>.<\/strong> Die Ertr\u00e4ge aus Elternbeitr\u00e4gen und den Zusch\u00fcssen von Bund und Land f\u00fcr Eltern in \u201efinanzieller Notlage\u201c dagegen machten etwas \u00fcber 338.000 Euro aus. Die restlichen fast 244.000 Euro \u00fcbernahm der Landkreis. Da es sowohl bei der Speiseresteentsorgung als auch bei den Wirtschaftskr\u00e4ften zu Preissteigerungen kam, wird der Zuschussbedarf f\u00fcr den Landkreis voraussichtlich erheblich ansteigen\u201c, so Schuldezernent Christoph Buttweiler.<\/p>\n\n\n\n<p>\u201eEine Nachfrage bei benachbarten Gebietsk\u00f6rperschaften hat ergeben, dass der Elternbeitrag im Landkreis Germersheim im Vergleich eher niedrig ist. Zur Deckung der Mehrkosten m\u00fcsste der Essenpreis von derzeit 3,50 Euro auf mindestens 6,20 Euro erh\u00f6ht werden\u201c, erg\u00e4nzt Norbert Pirron, Leiter des Fachbereichs Schulen, Bildung.<\/p>\n\n\n\n<p>Buttweiler: \u201eDennoch empfiehlt die Verwaltung eine moderate Erh\u00f6hung des Elternanteils ab dem Schuljahr 2020\/2021 von derzeit 3,50 Euro auf 4 Euro pro Mittagessen bzw. von 3,20 Euro auf 3,70 Euro pro Essen an der F\u00f6rderschule Sprache in R\u00fclzheim. Durch diese moderate Erh\u00f6hung entstehen Mehreinnahmen von rund 45.000 Euro zur Verringerung des steigenden Zuschussbedarfs.\u201c<\/p>\n\n\n\n<p>Die einstimmige Empfehlung des Schultr\u00e4gerausschusses an Kreisausschuss und Kreistag lautet, der moderaten Erh\u00f6hung des Elternbeitrags zum schulischen Mittagessen zuzustimmen. Abschlie\u00dfend beraten und entschieden wird das Thema im Kreistag.<\/p>\n\n\n\n<p><em>Kreisverwaltung Germersheim<br>22.05.2021<\/em><\/p>\n\n\n\n<h2 class=\"wp-block-heading\"><strong>Vom 21.05.2021 bis 21.06.2021 f\u00fcr Schulbuchausleihe anmelden<\/strong><\/h2>\n\n\n\n<h3 class=\"wp-block-heading\"><strong>Schulen verteilen Briefe mit Zugangsdaten<\/strong><\/h3>\n\n\n\n<div class=\"wp-block-image\"><figure class=\"aligncenter size-large\"><img decoding=\"async\" loading=\"lazy\" width=\"800\" height=\"535\" src=\"https:\/\/speyer24news.com\/wp-content\/uploads\/2021\/01\/school-926213_1920-1.jpg\" alt=\"\" class=\"wp-image-32460\" srcset=\"https:\/\/speyer24news.com\/wp-content\/uploads\/2021\/01\/school-926213_1920-1.jpg 800w, https:\/\/speyer24news.com\/wp-content\/uploads\/2021\/01\/school-926213_1920-1-300x201.jpg 300w, https:\/\/speyer24news.com\/wp-content\/uploads\/2021\/01\/school-926213_1920-1-768x514.jpg 768w\" sizes=\"(max-width: 800px) 100vw, 800px\" \/><\/figure><\/div>\n\n\n\n<p>Landrat Dr. Fritz Brechtel empfiehlt, sich an der Schulbuchausleihe zu beteiligen. Kinder, die ab dem kommenden Schuljahr 2021\/2022 die Klassen 5 bis 13 einer allgemeinbildenden Schule oder in den Berufsbildenden Schule (die Berufsfachschule I und II, die H\u00f6here Berufsfachschule, das Wirtschaftsgymnasium) besuchen, k\u00f6nnen an der entgeltlichen Ausleihe teilnehmen. Um sich daf\u00fcr online im Internet anzumelden, erhalten alle Eltern \u00fcber die Schulen einen Brief mit den notwendigen Zugangsdaten.<\/p>\n\n\n\n<p>Das Internetportal ist ab dem <strong>21.05.2021 bis einschlie\u00dflich 21.06.2021<\/strong> ge\u00f6ffnet. Mit den entsprechenden Zugangsdaten k\u00f6nnen sich alle, die an der Schulbuchausleihe teilnehmen wollen, dort registrieren. Die Teilnahme ist freiwillig. Es wird um unbedingte Einhaltung dieses Anmeldezeitraums gebeten, da das Online-Portal versp\u00e4tete Anmeldungen absolut nicht mehr zul\u00e4sst und nachtr\u00e4gliche Freischaltungen ausgeschlossen sind.<\/p>\n\n\n\n<p>Ebenso wird empfohlen die Anmeldung im Internet-Portal durchzuf\u00fchren, auch wenn noch keine eindeutige Entscheidung \u00fcber einen eventuellen Schulwechsel bzw. eine Versetzung des Kindes getroffen werden kann, da eine nachtr\u00e4gliche Freischaltung in diesem Fall ausgeschlossen ist.<\/p>\n\n\n\n<p>In dem Portal hinterlegen die Eltern ihre Kontodaten. Von dem hinterlegten Bankkonto wird dann die Leihgeb\u00fchr am 01.11.2021 abgebucht.<\/p>\n\n\n\n<p>\u201eF\u00fcr die Eltern bedeutet das nicht nur weniger Aufwand in der Beschaffung der Schulb\u00fccher, sondern auch eine deutliche finanzielle Entlastung\u201c, so Brechtel.<\/p>\n\n\n\n<p>\u201eDa nicht jeder Haushalt \u00fcber einen Internetzugang und PC verf\u00fcgt, haben wir an den Schulen Servicestellen eingerichtet, die die Eltern gerne bei der Anmeldung unterst\u00fctzen. Wann diese zu erreichen sind, entnehmen die Eltern den Informationen, die von den Schulen versandt und verteilt wurden. Bei Vorsprache in der Servicestelle bitten wir darum, insbesondere die Bankverbindung (mit IBAN und BIC) bereit zu halten, um den Bestellvorgang reibungslos unter Beachtung des neuen SEPA-Verfahrens durchf\u00fchren zu k\u00f6nnen\u201c, erkl\u00e4rt Christoph Buttweiler, Erster Kreisbeigeordneter und Schuldezernent.<\/p>\n\n\n\n<h4 class=\"wp-block-heading\">Die Servicestellen sind wie folgt ge\u00f6ffnet:<\/h4>\n\n\n\n<ul><li><strong>Realschule plus Geschwister-Scholl Germersheim<\/strong>:<br>vom 09.06.2021 bis 11.06.2021 jeweils von 08:00 Uhr bis 12:00 Uhr und vom 14.06.2021 bis 18.06.2021&nbsp;jeweils von 08:00 Uhr bis 12:00 Uhr<\/li><li><strong>Realschule plus Richard-von-Weizs\u00e4cker Germersheim<\/strong>:<br>am 09.06.2021 und 16.06.2021 jeweils von 09:30 Uhr bis 11:00 Uhr &nbsp;<\/li><li><strong>Realschule plus Kandel<\/strong>:<br>vom 21.05.2021 bis 21.06.2021 (nur nach telefonischer Anmeldung)<\/li><li><strong>Realschule plus Bellheim<\/strong>:<br>vom 21.05.2021 bis 21.06.2021 (nur nach telefonischer Anmeldung)<\/li><li><strong>Realschule plus Lingenfeld<\/strong>:<br>vom 07.06.2021 bis 21.06.2021 (nur nach telefonischer Anmeldung)<\/li><li><strong>Goethe Gymnasium Germersheim<\/strong>:<br>am 08.06.2021 und 15.06.2021 jeweils von 14:00 Uhr bis 16:00 Uhr<\/li><li><strong>Europa Gymnasium W\u00f6rth<\/strong>:<br>vom 21.05.2021 bis 21.06.2021 (nur nach telefonischer Anmeldung)<\/li><li><strong>Integrierte Gesamtschule Kandel<\/strong>:<br>vom 21.05.2021 bis 21.06.2021 (nur nach telefonischer Anmeldung)<\/li><li><strong>Integrierte Gesamtschule Rheinzabern<\/strong>:<br>vom 21.05.2021 bis 21.06.2021 (nur nach telefonischer Anmeldung)<\/li><li><strong>Integrierte Gesamtschule R\u00fclzheim<\/strong>:<br>am 08.06.2021, 10.06.2021, 14.06.2021 und 17.06.2021 jeweils 09:00 Uhr bis 15:30 Uhr<\/li><li><strong>Carl-Benz-Gesamtschule W\u00f6rth<\/strong>:<br>vom 21.05.2021 bis 21.06.2021 (nur nach telefonischer Anmeldung)<\/li><li><strong>Berufsbildende Schule Germersheim<\/strong>:<br>vom 08.06.2021 bis 10.06.2021 jeweils von 08:00 Uhr bis 15:00 Uhr<\/li><li><strong>Berufsbildende Schule W\u00f6rth<\/strong>:<br>am 09.06.2021 und 10.06.2021 von 08:00 Uhr bis 15:30 Uhr und am 11.06.2021 von 07:45 Uhr bis 13:30 Uhr<\/li><\/ul>\n\n\n\n<p>Sofern ein Antragauf Gew\u00e4hrung vonLernmittelfreiheit (unentgeltliche Schulbuchausleihe) bewilligt wurde, ist eine Anmeldung im Online-Portal nicht erforderlich, da die Kreisverwaltung diesen Schritt bereits durchgef\u00fchrt hat.<\/p>\n\n\n\n<p>Die Bestellung der B\u00fccher erfolgt \u00fcber die Schulen in Zusammenarbeit mit der Kreisverwaltung als Schultr\u00e4ger.<\/p>\n\n\n\n<p>Voraussichtlich wird es bei der R\u00fccknahme der Schulb\u00fccher vom Schuljahr 2020\/2021 und bei der Ausgabe der neuen Schulb\u00fccher f\u00fcr das Schuljahr 2021\/2022 zu \u00c4nderungen kommen. Hierzu erhalten alle Eltern noch n\u00e4here Informationen.<\/p>\n\n\n\n<p>Weitere Informationen rund um das Thema Schulbuchausleihe gibt es im Internet unter <a href=\"http:\/\/www.LMF-online.rlp.de\">www.LMF-online.rlp.de<\/a>.<\/p>\n\n\n\n<p><em>Kreisverwaltung Germersheim<br>22.05.2021<\/em><\/p>\n\n\n\n<h2 class=\"wp-block-heading\"><strong>Verlegungen bei der Abfallentsorgung wegen Feiertagen im Mai und Juni<\/strong><\/h2>\n\n\n\n<p>Die Kreisverwaltung Germersheim informiert, dass es im Mai und Juni durch die Feiertage am 24. Mai (Pfingstmontag) und am 3. Juni (Fronleichnam) zu Verschiebungen bei den M\u00fcllabfuhrterminen kommen kann. Es ist durchaus m\u00f6glich, dass Abfuhrtermine vorgezogen oder auch nachgefahren werden. Deshalb sollte man sich unbedingt am Abfallkalender orientieren. Dort sind die \u00c4nderungen bereits vermerkt.<\/p>\n\n\n\n<p>In diesem Zusammenhang gibt die Kreisverwaltung den Tipp, den Terminservice \u201eDenkdran\u201c der Abfallwirtschaft zu nutzen. Hier erh\u00e4lt man seine pers\u00f6nlichen Abfuhrtermine (inkl. Verlegungen) ganz einfach per Mail zugeschickt.<\/p>\n\n\n\n<p>Daneben k\u00f6nnen die Abfuhrtermine auch als ICS Export (iCal) in die elektronischen Kalender integriert werden. Beide Service-Angebote sind auf der Homepage der Abfallwirtschaft des Landkreises Germersheim abrufbar unter <a href=\"http:\/\/www.abfallwirtschaft-germersheim.de\/online-service\/abfall-kalender.html\">www.abfallwirtschaft-germersheim.de\/online-service\/abfall-kalender.html<\/a><\/p>\n\n\n\n<p><em>Kreisverwaltung Germersheim<br>22.05.2021<\/em><\/p>\n\n\n\n<h2 class=\"wp-block-heading\"><strong>Werkstattbereich der BBS W\u00f6rth zieht w\u00e4hrend Sanierungszeit in ehemalige Bienwaldschule<\/strong><\/h2>\n\n\n\n<div class=\"wp-block-image\"><figure class=\"aligncenter size-large\"><img decoding=\"async\" loading=\"lazy\" width=\"800\" height=\"625\" src=\"https:\/\/speyer24news.com\/wp-content\/uploads\/2021\/05\/BBS_Germersheim_Logo.png\" alt=\"\" class=\"wp-image-36830\" srcset=\"https:\/\/speyer24news.com\/wp-content\/uploads\/2021\/05\/BBS_Germersheim_Logo.png 800w, https:\/\/speyer24news.com\/wp-content\/uploads\/2021\/05\/BBS_Germersheim_Logo-300x234.png 300w, https:\/\/speyer24news.com\/wp-content\/uploads\/2021\/05\/BBS_Germersheim_Logo-768x600.png 768w\" sizes=\"(max-width: 800px) 100vw, 800px\" \/><\/figure><\/div>\n\n\n\n<p>Der Werkstattbereich der Berufsbildenden Schule am Schulstandort W\u00f6rth zieht f\u00fcr die Dauer der Sanierungsarbeiten in das ehemalige Geb\u00e4ude der Bienwaldschule um. Das hat der Schultr\u00e4gerausschuss in seiner Sitzung am 11. Mai 2021 beschlossen.<\/p>\n\n\n\n<p>Im Zuge der Generalsanierung des Schulgeb\u00e4udes der Berufsbildenden Schule am Standort W\u00f6rth wird f\u00fcr die Dauer der Sanierungsarbeiten (2 bis 3 Jahre) ein Ausweichquartier oder Container ben\u00f6tigt. \u201eDie Bauarbeiten im Werkstattbereich sollen im Sp\u00e4tjahr 2021 beginnen. Als Ausweichquartier bietet sich das leerstehende Geb\u00e4ude der Bienwaldschule an. Bei einem Umzug in das dortige Erdgeschoss kann der fachpraktische Unterricht im Metallbereich in das Geb\u00e4ude der Bienwaldschule ausgelagert werden. Die Smart Factory bleibt w\u00e4hrend der Sanierungsarbeiten von au\u00dfen zug\u00e4nglich\u201c, so Schuldezernent und Erster Kreisbeigeordnete Christoph Buttweiler. Ein weiterer Vorteil: Das ehemalige Schulgeb\u00e4ude der Bienwaldschule ist f\u00fcr die Sch\u00fclerinnen und Sch\u00fcler fu\u00dfl\u00e4ufig erreichbar. \u201eDas erm\u00f6glicht einen reibungsloser Unterrichtsbetrieb, da die Lehrkr\u00e4fte sowie die Sch\u00fclerinnen und Sch\u00fcler in den Pausen zwischen den beiden Geb\u00e4uden wechseln k\u00f6nnen\u201c, so Schulleiter Alexander Ott.<\/p>\n\n\n\n<p><em>Kreisverwaltung Germersheim<br>22.05.2021<\/em><\/p>\n\n\n\n<h1 class=\"has-text-align-center wp-block-heading\">Corona-Virus<\/h1>\n\n\n\n<div class=\"wp-block-image\"><figure class=\"aligncenter size-large\"><img decoding=\"async\" loading=\"lazy\" width=\"800\" height=\"346\" src=\"https:\/\/speyer24news.com\/wp-content\/uploads\/2020\/02\/coronavirus-4817450_1920.jpg\" alt=\"\" class=\"wp-image-25126\" srcset=\"https:\/\/speyer24news.com\/wp-content\/uploads\/2020\/02\/coronavirus-4817450_1920.jpg 800w, https:\/\/speyer24news.com\/wp-content\/uploads\/2020\/02\/coronavirus-4817450_1920-300x130.jpg 300w, https:\/\/speyer24news.com\/wp-content\/uploads\/2020\/02\/coronavirus-4817450_1920-768x332.jpg 768w\" sizes=\"(max-width: 800px) 100vw, 800px\" \/><\/figure><\/div>\n\n\n\n<h2 class=\"wp-block-heading\"><strong>Inzidenzwert sinkt erstmals nach 100 Tagen wieder unter 50er-Marke: \u201eHoffnungsschimmer f\u00fcr Kultur, Gastronomie und Handel\u201c<\/strong><\/h2>\n\n\n\n<p>\u201eSeit Donnerstag ist der Inzidenzwert auf unter 50 gesunken. Dies ist ein Lichtblick f\u00fcr unseren Kreis und er\u00f6ffnet Erleichterungsperspektiven f\u00fcr Kultur, Gastronomie, Handel, Sport &#8211; und f\u00fcr uns alle\u201c, so Landrat Fritz Brechtel.&nbsp;\u201eEs ist auf den Tag genau 100 Tage her, dass wir im Kreis Germersheim Inzidenzwerte von unter 50 gemessen haben. Am 7. Januar dieses Jahres lag der Wert bei 51,2, einen Tag sp\u00e4ter mit 26,4 auf einem noch niedrigeren Niveau &#8211; und am 9. Januar sind die Zahlen direkt wieder nach oben, auf einen Inzidenzwert von \u00fcber 100 geschnellt. So lange hat es nun also gedauert, bis wir wieder diesen Stand erreichen durften. Das gibt endlich wieder Anlass zu leichter Hoffnung.\u201c Landrat Dr. Fritz Brechtel zeigt sich \u00fcber den offiziellen Inzidenzwert, den das Robert-Koch-Institut (RKI) heute ver\u00f6ffentlicht hat und der f\u00fcr die regionalen Ma\u00dfnahmen in Zusammenhang mit der Coronapandemie von ausschlaggebender Bedeutung ist, sichtlich erleichtert. Das RKI hat am 20. Mai 2021 f\u00fcr den Landkreis Germersheim einen Inzidenzwert von 44,2 ermittelt. Das Landesuntersuchungsamt in Rheinland-Pfalz, das die Werte tagesgenau misst und am Abend schlie\u00dflich an das RKI meldet, hat f\u00fcr den heutigen Tag mit 36,4 erneut einen Wert von unter 50 gemeldet.<\/p>\n\n\n\n<p>\u201eWenn wir es schaffen f\u00fcnf Werktage unter dieser 50er-Schwelle zu sein, dann d\u00fcrfte am \u00fcbern\u00e4chsten Tag die Innengastronomie wieder \u00f6ffnen und auch Kulturangebote oder Konzerte k\u00f6nnten unter Auflagen wieder stattfinden. Das w\u00e4re bei uns dann fr\u00fchestens am Freitag, 28. Mai, der Fall. Gerade f\u00fcr die vielen Menschen, die von Musik leben, g\u00e4be es so endlich wieder einen kleinen Hoffnungsschimmer. Au\u00dferdem greift ab morgen, 21. Mai, auch die zweite Stufe des rheinland-pf\u00e4lzischen Perspektivplans. Der sieht vor, dass bei kulturellen und sportlichen Veranstaltungen endlich wieder bis zu 100 Zuschauer teilnehmen d\u00fcrfen \u2013 und das bereits bei einem Inzidenzwert von unter 100. Der wird im Landkreis Germersheim seit Tagen stabil unterschritten.\u201c<\/p>\n\n\n\n<p>Brechtel wei\u00df, wie zerbrechlich diese Entwicklung sein kann und warnt davor leichtsinnig zu werden: \u201eNoch haben wir die Pandemie nicht \u00fcberwunden und wenn wir keine vierte Welle erleben wollen, sollten wir weiterhin achtsam sein, k\u00f6rperliche Distanz wahren, Hygienestandards einhalten und dort, wo viele Menschen aufeinandertreffen stets eine medizinische Maske tragen.\u201c<\/p>\n\n\n\n<p>Die seit heute ver\u00f6ffentlichte und ab morgen, 21. Mai, in Kraft tretende 21. Corona Bek\u00e4mpfungsverordnung des Landes Rheinland-Pfalz (21. CoBeLVO) sieht au\u00dferdem vor, dass beim Unterschreiten des Schwellenwerts von 50 auch wieder die kontaktlose Aus\u00fcbung von Sport im Freien und auf allen \u00f6ffentlichen und privaten ungedeckten Sportanlagen in Gruppen von bis zu elf Personen (inklusive Trainingsleitung) m\u00f6glich ist. Auch Musik- und Kunstunterricht w\u00e4re f\u00fcr zehn Teilnehmende zuz\u00fcglich einer Lehrperson im Au\u00dfenbereich erlaubt. So k\u00f6nnten beispielsweise kleinere Blasorchester oder Ch\u00f6re in Zehnergruppen im Au\u00dfenbereich mit Proben beginnen.<\/p>\n\n\n\n<p>\u201eWenn wir endlich mehr Impfstoff erhalten und so lange bis der Gro\u00dfteil der Bev\u00f6lkerung geimpft ist weiterhin viele Tests durchf\u00fchren, um Menschen, die sich mit Corona infiziert haben fr\u00fchzeitig von anderen abzusondern, scheint mir dies die derzeit vern\u00fcnftigste Strategie zu sein.\u201c Brechtel weiter: \u201eIch glaube, dass die j\u00fcngsten Ma\u00dfnahmen endlich Wirkung zeigen und es jetzt darauf ankommt, viele Menschen zu impfen, damit wir nicht in einigen Wochen wieder vor einer weiteren Coronawelle stehen. Ich bleibe zuversichtlich, dass sich die Disziplin der Menschen in unserem Landkreis nunmehr auszahlen wird. Ich danke allen, die ihren Teil hierzu beigetragen haben.\u201c<\/p>\n\n\n\n<p><em>Kreisverwaltung Germersheim<br>22.05.2021<\/em><\/p>\n\n\n\n<h2 class=\"wp-block-heading\"><strong>Corona-Update zum Thema Impfen: Auch Mitarbeiterinnen und Mitarbeiter von Gastronomiebetrieben geh\u00f6ren der Priorisierungsgruppe 3 an und k\u00f6nnen sich f\u00fcr einen Impftermin registrieren<\/strong><\/h2>\n\n\n\n<div class=\"wp-block-image\"><figure class=\"aligncenter size-large\"><img decoding=\"async\" loading=\"lazy\" width=\"800\" height=\"533\" src=\"https:\/\/speyer24news.com\/wp-content\/uploads\/2021\/05\/Terminvergabe-Medizin.jpg\" alt=\"\" class=\"wp-image-36831\" srcset=\"https:\/\/speyer24news.com\/wp-content\/uploads\/2021\/05\/Terminvergabe-Medizin.jpg 800w, https:\/\/speyer24news.com\/wp-content\/uploads\/2021\/05\/Terminvergabe-Medizin-300x200.jpg 300w, https:\/\/speyer24news.com\/wp-content\/uploads\/2021\/05\/Terminvergabe-Medizin-768x512.jpg 768w\" sizes=\"(max-width: 800px) 100vw, 800px\" \/><figcaption>Auch Mitarbeiterinnen und Mitarbeiter von Gastronomiebetrieben geh\u00f6ren der \u201ePrio 3\u201c an und k\u00f6nnen sich f\u00fcr einen Impftermin anmelden.<\/figcaption><\/figure><\/div>\n\n\n\n<p>Seit 23. April k\u00f6nnen sich in Rheinland-Pfalz auch Personen, die der Priorisierungsgruppe 3 angeh\u00f6ren, f\u00fcr eine Impfung registrieren lassen. Dazu z\u00e4hlen neben den 60- bis 69-J\u00e4hrigen unter anderem auch Menschen mit Vorerkrankungen wie Demenz, Schlaganfall oder Herzerkrankung, medizinisches Personal etwa aus Laboren, Feuerwehrleute, Mitarbeiterinnen und Mitarbeiter im Katastrophenschutz und das Personal im Lebensmitteleinzelhandel. Aufgrund vielfacher Nachfragen, die die Stadtverwaltung Landau sowie die Kreisverwaltungen S\u00fcdliche Weinstra\u00dfe und Germersheim erhalten haben, k\u00f6nnen die drei Gebietsk\u00f6rperschaften nach R\u00fccksprache mit dem rheinland-pf\u00e4lzischen Gesundheitsministerium mitteilen, dass auch Mitarbeiterinnen und Mitarbeiter von Gastronomiebetrieben der \u201ePrio 3\u201c angeh\u00f6ren und sich unter <a href=\"https:\/\/impftermin.rlp.de\/\">https:\/\/impftermin.rlp.de\/<\/a> f\u00fcr einen Impftermin anmelden k\u00f6nnen.<\/p>\n\n\n\n<p>Oberb\u00fcrgermeister Thomas Hirsch sowie die beiden Landr\u00e4te Dietmar Seefeldt (S\u00dcW) und Dr. Fritz Brechtel (GER) begr\u00fc\u00dfen die Best\u00e4tigung des Ministeriums. \u201eEs ist v\u00f6llig richtig, dass auch Mitarbeiterinnen und Mitarbeiter von Gastronomiebetrieben jetzt zeitnah die M\u00f6glichkeit zur Impfung erhalten\u201c, erkl\u00e4ren die drei Verwaltungschefs. \u201eDie Fallzahlen sinken und sobald die Au\u00dfen- und dann hoffentlich bald auch die Innengastronomie wieder \u00f6ffnen d\u00fcrfen, ist das Personal nat\u00fcrlich in st\u00e4ndigem Kontakt mit den Besucherinnen und Besuchern und damit einem erh\u00f6hten Infektionsrisiko ausgesetzt.\u201c<\/p>\n\n\n\n<p>Alle Informationen rund ums Thema Impfen in Rheinland-Pfalz finden sich auf <a href=\"https:\/\/corona.rlp.de\/de\/impfen\">https:\/\/corona.rlp.de\/de\/impfen<\/a>.<\/p>\n\n\n\n<p><em>Gemeinsame Pressemitteilung der Landkreise Germersheim und S\u00fcdliche Weinstra\u00dfe und der Stadt Landau in der Pfalz<br>22.05.2021<\/em><\/p>\n\n\n\n<h2 class=\"wp-block-heading\"><strong>Coronavirus &#8211; Fallzahlen im Landkreis Germersheim<\/strong><\/h2>\n\n\n\n<div class=\"wp-block-image\"><figure class=\"aligncenter size-large\"><img decoding=\"async\" loading=\"lazy\" width=\"800\" height=\"400\" src=\"https:\/\/speyer24news.com\/wp-content\/uploads\/2020\/02\/virus-1812092_1920.jpg\" alt=\"\" class=\"wp-image-25128\" srcset=\"https:\/\/speyer24news.com\/wp-content\/uploads\/2020\/02\/virus-1812092_1920.jpg 800w, https:\/\/speyer24news.com\/wp-content\/uploads\/2020\/02\/virus-1812092_1920-300x150.jpg 300w, https:\/\/speyer24news.com\/wp-content\/uploads\/2020\/02\/virus-1812092_1920-768x384.jpg 768w\" sizes=\"(max-width: 800px) 100vw, 800px\" \/><\/figure><\/div>\n\n\n\n<h2 class=\"wp-block-heading\">Freitag (21.05.2021)<\/h2>\n\n\n\n<p>Aktuell gibt es im Landkreis Germersheim 146 best\u00e4tigte positive F\u00e4lle, die Gesamtzahl bel\u00e4uft sich auf 5449 Infizierte seit Beginn der Pandemie (+ 5 F\u00e4lle seit der gestrigen Meldung).<\/p>\n\n\n\n<figure class=\"wp-block-table\"><table><tbody><tr><td><strong><u>VG \/ Stadt<\/u><\/strong><\/td><td><strong><u>Ort<\/u><\/strong><\/td><td><strong><u>Infizierte seit Beginn der Pandemie<\/u><\/strong><\/td><td><strong><u>Aktuell infizierte Personen<\/u><\/strong><\/td><td><strong><u>Gesundete bzw. nicht mehr infizierte Personen<\/u><\/strong><\/td><td><strong><u>Leider an oder mit Covid-19 verstorbene Personen<\/u><\/strong><\/td><\/tr><tr><td><strong>&nbsp;<\/strong><\/td><td>&nbsp;<\/td><td>&nbsp;<\/td><td>&nbsp;<\/td><td>&nbsp;<\/td><td>&nbsp;<\/td><\/tr><tr><td>VG Hagenbach<\/td><td>Berg<\/td><td>50<\/td><td>2<\/td><td>48<\/td><td>0<\/td><\/tr><tr><td>&nbsp;<\/td><td>Hagenbach<\/td><td>199<\/td><td>7<\/td><td>176<\/td><td>16<\/td><\/tr><tr><td>&nbsp;<\/td><td>Neuburg<\/td><td>112<\/td><td>0<\/td><td>107<\/td><td>5<\/td><\/tr><tr><td>&nbsp;<\/td><td>Scheibenhardt<\/td><td>16<\/td><td>0<\/td><td>16<\/td><td>0<\/td><\/tr><tr><td><strong>&nbsp;<\/strong><\/td><td><strong>Summen<\/strong><strong><\/strong><\/td><td><strong>377<\/strong><strong><\/strong><\/td><td><strong>9<\/strong><strong><\/strong><\/td><td><strong>347<\/strong><strong><\/strong><\/td><td><strong>21<\/strong><strong><\/strong><\/td><\/tr><tr><td>W\u00f6rth<\/td><td>Maximiliansau<\/td><td>229<\/td><td>5<\/td><td>220<\/td><td>4<\/td><\/tr><tr><td>&nbsp;<\/td><td>Schaidt<\/td><td>57<\/td><td>1<\/td><td>56<\/td><td>0<\/td><\/tr><tr><td>&nbsp;<\/td><td>W\u00f6rth, Stadt<\/td><td>529<\/td><td>17<\/td><td>508<\/td><td>4<\/td><\/tr><tr><td>&nbsp;<\/td><td>B\u00fcchelberg<\/td><td>31<\/td><td>1<\/td><td>30<\/td><td>0<\/td><\/tr><tr><td><strong>&nbsp;<\/strong><\/td><td><strong>Summen<\/strong><strong><\/strong><\/td><td><strong>846<\/strong><strong><\/strong><\/td><td><strong>24<\/strong><strong><\/strong><\/td><td><strong>814<\/strong><strong><\/strong><\/td><td><strong>8<\/strong><strong><\/strong><\/td><\/tr><tr><td>VG Kandel<\/td><td>Erlenbach<\/td><td>11<\/td><td>0<\/td><td>11<\/td><td>0<\/td><\/tr><tr><td>&nbsp;<\/td><td>Freckenfeld<\/td><td>50<\/td><td>0<\/td><td>50<\/td><td>0<\/td><\/tr><tr><td>&nbsp;<\/td><td>Kandel<\/td><td>283<\/td><td>15<\/td><td>265<\/td><td>3<\/td><\/tr><tr><td>&nbsp;<\/td><td>Minfeld<\/td><td>42<\/td><td>0<\/td><td>42<\/td><td>0<\/td><\/tr><tr><td>&nbsp;<\/td><td>Steinweiler<\/td><td>79<\/td><td>1<\/td><td>77<\/td><td>1<\/td><\/tr><tr><td>&nbsp;<\/td><td>Vollmersweiler<\/td><td>1<\/td><td>0<\/td><td>1<\/td><td>0<\/td><\/tr><tr><td>&nbsp;<\/td><td>Winden<\/td><td>29<\/td><td>0<\/td><td>28<\/td><td>1<\/td><\/tr><tr><td>&nbsp;<\/td><td><strong>Summen<\/strong><strong><\/strong><\/td><td><strong>495<\/strong><strong><\/strong><\/td><td><strong>16<\/strong><strong><\/strong><\/td><td><strong>474<\/strong><strong><\/strong><\/td><td><strong>5<\/strong><strong><\/strong><\/td><\/tr><tr><td>VG Jockgrim<\/td><td>Hatzenb\u00fchl<\/td><td>127<\/td><td>3<\/td><td>121<\/td><td>3<\/td><\/tr><tr><td>&nbsp;<\/td><td>Jockgrim<\/td><td>237<\/td><td>3<\/td><td>229<\/td><td>5<\/td><\/tr><tr><td>&nbsp;<\/td><td>Neupotz<\/td><td>59<\/td><td>2<\/td><td>54<\/td><td>3<\/td><\/tr><tr><td>&nbsp;<\/td><td>Rheinzabern<\/td><td>150<\/td><td>4<\/td><td>143<\/td><td>3<\/td><\/tr><tr><td>&nbsp;<\/td><td><strong>Summen<\/strong><strong><\/strong><\/td><td><strong>573<\/strong><strong><\/strong><\/td><td><strong>12<\/strong><strong><\/strong><\/td><td><strong>547<\/strong><strong><\/strong><\/td><td><strong>14<\/strong><strong><\/strong><\/td><\/tr><tr><td>VG R\u00fclzheim<\/td><td>H\u00f6rdt<\/td><td>109<\/td><td>1<\/td><td>107<\/td><td>1<\/td><\/tr><tr><td>&nbsp;<\/td><td>Kuhardt<\/td><td>69<\/td><td>3<\/td><td>66<\/td><td>0<\/td><\/tr><tr><td>&nbsp;<\/td><td>Leimersheim<\/td><td>69<\/td><td>3<\/td><td>65<\/td><td>1<\/td><\/tr><tr><td>&nbsp;<\/td><td>R\u00fclzheim<\/td><td>284<\/td><td>8<\/td><td>270<\/td><td>6<\/td><\/tr><tr><td>&nbsp;<\/td><td><strong>Summen<\/strong><strong><\/strong><\/td><td><strong>531<\/strong><strong><\/strong><\/td><td><strong>15<\/strong><strong><\/strong><\/td><td><strong>508<\/strong><strong><\/strong><\/td><td><strong>8<\/strong><strong><\/strong><\/td><\/tr><tr><td>VG Bellheim<\/td><td>Bellheim<\/td><td>408<\/td><td>13<\/td><td>367<\/td><td>28<\/td><\/tr><tr><td>&nbsp;<\/td><td>Knittelsheim<\/td><td>50<\/td><td>0<\/td><td>50<\/td><td>0<\/td><\/tr><tr><td>&nbsp;<\/td><td>Ottersheim<\/td><td>90<\/td><td>1<\/td><td>89<\/td><td>0<\/td><\/tr><tr><td>&nbsp;<\/td><td>Zeiskam<\/td><td>97<\/td><td>7<\/td><td>90<\/td><td>0<\/td><\/tr><tr><td>&nbsp;<\/td><td><strong>Summen<\/strong><strong><\/strong><\/td><td><strong>645<\/strong><strong><\/strong><\/td><td><strong>21<\/strong><strong><\/strong><\/td><td><strong>596<\/strong><strong><\/strong><\/td><td><strong>28<\/strong><strong><\/strong><\/td><\/tr><tr><td>Germersheim + So<\/td><td>&nbsp;<\/td><td>1202<\/td><td>28<\/td><td>1156<\/td><td>18<\/td><\/tr><tr><td>&nbsp;<\/td><td><strong>Summen<\/strong><strong><\/strong><\/td><td><strong>1202<\/strong><strong><\/strong><\/td><td><strong>28<\/strong><strong><\/strong><\/td><td><strong>1156<\/strong><strong><\/strong><\/td><td><strong>18<\/strong><strong><\/strong><\/td><\/tr><tr><td>VG Lingenfeld<\/td><td>Freisbach<\/td><td>63<\/td><td>1<\/td><td>61<\/td><td>1<\/td><\/tr><tr><td>&nbsp;<\/td><td>Lingenfeld<\/td><td>256<\/td><td>6<\/td><td>241<\/td><td>9<\/td><\/tr><tr><td>&nbsp;<\/td><td>Lustadt<\/td><td>110<\/td><td>2<\/td><td>106<\/td><td>2<\/td><\/tr><tr><td>&nbsp;<\/td><td>Schwegenheim<\/td><td>143<\/td><td>2<\/td><td>140<\/td><td>1<\/td><\/tr><tr><td>&nbsp;<\/td><td>Weingarten<\/td><td>105<\/td><td>7<\/td><td>97<\/td><td>1<\/td><\/tr><tr><td>&nbsp;<\/td><td>Westheim<\/td><td>103<\/td><td>3<\/td><td>91<\/td><td>9<\/td><\/tr><tr><td>&nbsp;<\/td><td><strong>Summen<\/strong><strong><\/strong><\/td><td><strong>780<\/strong><strong><\/strong><\/td><td><strong>21<\/strong><strong><\/strong><\/td><td><strong>736<\/strong><strong><\/strong><\/td><td><strong>23<\/strong><strong><\/strong><\/td><\/tr><tr><td>&nbsp;<\/td><td>&nbsp;<\/td><td>&nbsp;<\/td><td>&nbsp;<\/td><td>&nbsp;<\/td><td>&nbsp;<\/td><\/tr><tr><td>&nbsp;<\/td><td><strong>Endsummen<\/strong><strong><\/strong><\/td><td><strong>5449<\/strong><strong><\/strong><\/td><td><strong>146<\/strong><strong><\/strong><\/td><td><strong>5178<\/strong><strong><\/strong><\/td><td><strong>125<\/strong><strong><\/strong><\/td><\/tr><\/tbody><\/table><\/figure>\n\n\n\n<h3 class=\"wp-block-heading\">Donnerstag (20.05.2021)<\/h3>\n\n\n\n<p>Aktuell gibt es im Landkreis Germersheim 175 best\u00e4tigte positive F\u00e4lle, die Gesamtzahl bel\u00e4uft sich auf 5444 Infizierte seit Beginn der Pandemie (+ 6 F\u00e4lle seit der gestrigen Meldung).<\/p>\n\n\n\n<figure class=\"wp-block-table\"><table><tbody><tr><td><strong><u>VG \/ Stadt<\/u><\/strong><\/td><td><strong><u>Ort<\/u><\/strong><\/td><td><strong><u>Infizierte seit Beginn der Pandemie<\/u><\/strong><\/td><td><strong><u>Aktuell infizierte Personen<\/u><\/strong><\/td><td><strong><u>Gesundete bzw. nicht mehr infizierte Personen<\/u><\/strong><\/td><td><strong><u>Leider an oder mit Covid-19 verstorbene Personen<\/u><\/strong><\/td><\/tr><tr><td><strong>&nbsp;<\/strong><\/td><td>&nbsp;<\/td><td>&nbsp;<\/td><td>&nbsp;<\/td><td>&nbsp;<\/td><td>&nbsp;<\/td><\/tr><tr><td>VG Hagenbach<\/td><td>Berg<\/td><td>50<\/td><td>2<\/td><td>48<\/td><td>0<\/td><\/tr><tr><td>&nbsp;<\/td><td>Hagenbach<\/td><td>199<\/td><td>9<\/td><td>174<\/td><td>16<\/td><\/tr><tr><td>&nbsp;<\/td><td>Neuburg<\/td><td>112<\/td><td>1<\/td><td>106<\/td><td>5<\/td><\/tr><tr><td>&nbsp;<\/td><td>Scheibenhardt<\/td><td>16<\/td><td>0<\/td><td>16<\/td><td>0<\/td><\/tr><tr><td><strong>&nbsp;<\/strong><\/td><td><strong>Summen<\/strong><strong><\/strong><\/td><td><strong>377<\/strong><strong><\/strong><\/td><td><strong>12<\/strong><strong><\/strong><\/td><td><strong>344<\/strong><strong><\/strong><\/td><td><strong>21<\/strong><strong><\/strong><\/td><\/tr><tr><td>W\u00f6rth<\/td><td>Maximiliansau<\/td><td>228<\/td><td>7<\/td><td>217<\/td><td>4<\/td><\/tr><tr><td>&nbsp;<\/td><td>Schaidt<\/td><td>57<\/td><td>1<\/td><td>56<\/td><td>0<\/td><\/tr><tr><td>&nbsp;<\/td><td>W\u00f6rth, Stadt<\/td><td>529<\/td><td>18<\/td><td>507<\/td><td>4<\/td><\/tr><tr><td>&nbsp;<\/td><td>B\u00fcchelberg<\/td><td>31<\/td><td>1<\/td><td>30<\/td><td>0<\/td><\/tr><tr><td><strong>&nbsp;<\/strong><\/td><td><strong>Summen<\/strong><strong><\/strong><\/td><td><strong>845<\/strong><strong><\/strong><\/td><td><strong>27<\/strong><strong><\/strong><\/td><td><strong>810<\/strong><strong><\/strong><\/td><td><strong>8<\/strong><strong><\/strong><\/td><\/tr><tr><td>VG Kandel<\/td><td>Erlenbach<\/td><td>11<\/td><td>0<\/td><td>11<\/td><td>0<\/td><\/tr><tr><td>&nbsp;<\/td><td>Freckenfeld<\/td><td>50<\/td><td>0<\/td><td>50<\/td><td>0<\/td><\/tr><tr><td>&nbsp;<\/td><td>Kandel<\/td><td>283<\/td><td>15<\/td><td>265<\/td><td>3<\/td><\/tr><tr><td>&nbsp;<\/td><td>Minfeld<\/td><td>42<\/td><td>0<\/td><td>42<\/td><td>0<\/td><\/tr><tr><td>&nbsp;<\/td><td>Steinweiler<\/td><td>79<\/td><td>1<\/td><td>77<\/td><td>1<\/td><\/tr><tr><td>&nbsp;<\/td><td>Vollmersweiler<\/td><td>1<\/td><td>0<\/td><td>1<\/td><td>0<\/td><\/tr><tr><td>&nbsp;<\/td><td>Winden<\/td><td>29<\/td><td>0<\/td><td>28<\/td><td>1<\/td><\/tr><tr><td>&nbsp;<\/td><td><strong>Summen<\/strong><strong><\/strong><\/td><td><strong>495<\/strong><strong><\/strong><\/td><td><strong>16<\/strong><strong><\/strong><\/td><td><strong>474<\/strong><strong><\/strong><\/td><td><strong>5<\/strong><strong><\/strong><\/td><\/tr><tr><td>VG Jockgrim<\/td><td>Hatzenb\u00fchl<\/td><td>127<\/td><td>3<\/td><td>121<\/td><td>3<\/td><\/tr><tr><td>&nbsp;<\/td><td>Jockgrim<\/td><td>237<\/td><td>5<\/td><td>227<\/td><td>5<\/td><\/tr><tr><td>&nbsp;<\/td><td>Neupotz<\/td><td>59<\/td><td>2<\/td><td>54<\/td><td>3<\/td><\/tr><tr><td>&nbsp;<\/td><td>Rheinzabern<\/td><td>150<\/td><td>4<\/td><td>143<\/td><td>3<\/td><\/tr><tr><td>&nbsp;<\/td><td><strong>Summen<\/strong><strong><\/strong><\/td><td><strong>573<\/strong><strong><\/strong><\/td><td><strong>14<\/strong><strong><\/strong><\/td><td><strong>545<\/strong><strong><\/strong><\/td><td><strong>14<\/strong><strong><\/strong><\/td><\/tr><tr><td>VG R\u00fclzheim<\/td><td>H\u00f6rdt<\/td><td>109<\/td><td>1<\/td><td>107<\/td><td>1<\/td><\/tr><tr><td>&nbsp;<\/td><td>Kuhardt<\/td><td>69<\/td><td>3<\/td><td>66<\/td><td>0<\/td><\/tr><tr><td>&nbsp;<\/td><td>Leimersheim<\/td><td>69<\/td><td>4<\/td><td>64<\/td><td>1<\/td><\/tr><tr><td>&nbsp;<\/td><td>R\u00fclzheim<\/td><td>284<\/td><td>9<\/td><td>269<\/td><td>6<\/td><\/tr><tr><td>&nbsp;<\/td><td><strong>Summen<\/strong><strong><\/strong><\/td><td><strong>531<\/strong><strong><\/strong><\/td><td><strong>17<\/strong><strong><\/strong><\/td><td><strong>506<\/strong><strong><\/strong><\/td><td><strong>8<\/strong><strong><\/strong><\/td><\/tr><tr><td>VG Bellheim<\/td><td>Bellheim<\/td><td>407<\/td><td>12<\/td><td>367<\/td><td>28<\/td><\/tr><tr><td>&nbsp;<\/td><td>Knittelsheim<\/td><td>50<\/td><td>0<\/td><td>50<\/td><td>0<\/td><\/tr><tr><td>&nbsp;<\/td><td>Ottersheim<\/td><td>90<\/td><td>1<\/td><td>89<\/td><td>0<\/td><\/tr><tr><td>&nbsp;<\/td><td>Zeiskam<\/td><td>97<\/td><td>11<\/td><td>86<\/td><td>0<\/td><\/tr><tr><td>&nbsp;<\/td><td><strong>Summen<\/strong><strong><\/strong><\/td><td><strong>644<\/strong><strong><\/strong><\/td><td><strong>24<\/strong><strong><\/strong><\/td><td><strong>592<\/strong><strong><\/strong><\/td><td><strong>28<\/strong><strong><\/strong><\/td><\/tr><tr><td>Germersheim + So<\/td><td>&nbsp;<\/td><td>1201<\/td><td>45<\/td><td>1138<\/td><td>18<\/td><\/tr><tr><td>&nbsp;<\/td><td><strong>Summen<\/strong><strong><\/strong><\/td><td><strong>1201<\/strong><strong><\/strong><\/td><td><strong>45<\/strong><strong><\/strong><\/td><td><strong>1138<\/strong><strong><\/strong><\/td><td><strong>18<\/strong><strong><\/strong><\/td><\/tr><tr><td>VG Lingenfeld<\/td><td>Freisbach<\/td><td>63<\/td><td>1<\/td><td>61<\/td><td>1<\/td><\/tr><tr><td>&nbsp;<\/td><td>Lingenfeld<\/td><td>256<\/td><td>7<\/td><td>240<\/td><td>9<\/td><\/tr><tr><td>&nbsp;<\/td><td>Lustadt<\/td><td>110<\/td><td>2<\/td><td>106<\/td><td>2<\/td><\/tr><tr><td>&nbsp;<\/td><td>Schwegenheim<\/td><td>143<\/td><td>2<\/td><td>140<\/td><td>1<\/td><\/tr><tr><td>&nbsp;<\/td><td>Weingarten<\/td><td>105<\/td><td>7<\/td><td>97<\/td><td>1<\/td><\/tr><tr><td>&nbsp;<\/td><td>Westheim<\/td><td>101<\/td><td>1<\/td><td>91<\/td><td>9<\/td><\/tr><tr><td>&nbsp;<\/td><td><strong>Summen<\/strong><strong><\/strong><\/td><td><strong>778<\/strong><strong><\/strong><\/td><td><strong>20<\/strong><strong><\/strong><\/td><td><strong>735<\/strong><strong><\/strong><\/td><td><strong>23<\/strong><strong><\/strong><\/td><\/tr><tr><td>&nbsp;<\/td><td>&nbsp;<\/td><td>&nbsp;<\/td><td>&nbsp;<\/td><td>&nbsp;<\/td><td>&nbsp;<\/td><\/tr><tr><td>&nbsp;<\/td><td><strong>Endsummen<\/strong><strong><\/strong><\/td><td><strong>5444<\/strong><strong><\/strong><\/td><td><strong>175<\/strong><strong><\/strong><\/td><td><strong>5144<\/strong><strong><\/strong><\/td><td><strong>125<\/strong><strong><\/strong><\/td><\/tr><\/tbody><\/table><\/figure>\n\n\n\n<p><strong><u>Was bedeutet \u201ebest\u00e4tigter positiver Fall\u201c?<\/u><\/strong><\/p>\n\n\n\n<p>Von einem best\u00e4tigten positiven Fall spricht das Gesundheitsamt, wenn zu einer Person ein positives PCR-Testergebnis vorliegt. Ein Selbsttest oder Schnelltest reicht hierf\u00fcr nicht aus.<\/p>\n\n\n\n<p><strong><u>Was bedeutet \u201eneuer Fall\u201c?<\/u><\/strong><\/p>\n\n\n\n<p>Ein neuer Fall entsteht, wenn die Person ein positives PCR-Testergebnis hat und nicht bereits als infiziert erfasst wurde. Es wird nur die Person als Fall gez\u00e4hlt! Weitere positive Testergebnisse der gleichen Person im Verlauf ihrer Erkrankung werden nicht dazugerechnet. Die Person ist und bleibt ein einziger Fall in der Statistik!<\/p>\n\n\n\n<p><strong><u>Was bedeutet \u201eaktuell best\u00e4tigte positive F\u00e4lle\u201c?<\/u><\/strong><\/p>\n\n\n\n<p>Die Kreisverwaltung ver\u00f6ffentlicht auch die Anzahl der aktuell best\u00e4tigten positiven F\u00e4lle. Hierunter fallen alle aktuell infizierten Personen, die noch nicht als genesen gelten k\u00f6nnen. Alle aktuell best\u00e4tigten positiven F\u00e4lle befinden sich somit noch in Bearbeitung des Gesundheitsamtes.<\/p>\n\n\n\n<p><em>Kreisverwaltung Germersheim<br>22.05.2021<\/em><\/p>\n","protected":false},"excerpt":{"rendered":"<div class=\"mh-excerpt\"><p>Neue Kontodaten der Abfallwirtschaft Hinweise zum Zahlungsverkehr im Zusammenhang mit Konten der fusionierten Sparkasse-S\u00fcdpfalz Die Abfallwirtschaft des Landkreises Germersheim informiert die B\u00fcrgerinnen und B\u00fcrger, was beim Zahlungsverkehr im Zusammenhang mit Konten der fusionierten Sparkasse S\u00fcdpfalz <a class=\"mh-excerpt-more\" href=\"https:\/\/speyer24news.com\/?p=36828\" title=\"Germersheim &#038; Landkreis Germersheim\">[&#8230;]<\/a><\/p>\n<\/div>","protected":false},"author":3,"featured_media":30954,"comment_status":"open","ping_status":"open","sticky":false,"template":"","format":"standard","meta":{"_monsterinsights_skip_tracking":false,"_monsterinsights_sitenote_active":false,"_monsterinsights_sitenote_note":"","_monsterinsights_sitenote_category":0,"footnotes":""},"categories":[449],"tags":[4753,5378,11650,11651,9380,6902,8844,5904,8139,210,11656,11653,11269,11655,5569,11652,1210,9742,9741,11654],"aioseo_notices":[],"amp_enabled":true,"_links":{"self":[{"href":"https:\/\/speyer24news.com\/index.php?rest_route=\/wp\/v2\/posts\/36828"}],"collection":[{"href":"https:\/\/speyer24news.com\/index.php?rest_route=\/wp\/v2\/posts"}],"about":[{"href":"https:\/\/speyer24news.com\/index.php?rest_route=\/wp\/v2\/types\/post"}],"author":[{"embeddable":true,"href":"https:\/\/speyer24news.com\/index.php?rest_route=\/wp\/v2\/users\/3"}],"replies":[{"embeddable":true,"href":"https:\/\/speyer24news.com\/index.php?rest_route=%2Fwp%2Fv2%2Fcomments&post=36828"}],"version-history":[{"count":2,"href":"https:\/\/speyer24news.com\/index.php?rest_route=\/wp\/v2\/posts\/36828\/revisions"}],"predecessor-version":[{"id":36833,"href":"https:\/\/speyer24news.com\/index.php?rest_route=\/wp\/v2\/posts\/36828\/revisions\/36833"}],"wp:featuredmedia":[{"embeddable":true,"href":"https:\/\/speyer24news.com\/index.php?rest_route=\/wp\/v2\/media\/30954"}],"wp:attachment":[{"href":"https:\/\/speyer24news.com\/index.php?rest_route=%2Fwp%2Fv2%2Fmedia&parent=36828"}],"wp:term":[{"taxonomy":"category","embeddable":true,"href":"https:\/\/speyer24news.com\/index.php?rest_route=%2Fwp%2Fv2%2Fcategories&post=36828"},{"taxonomy":"post_tag","embeddable":true,"href":"https:\/\/speyer24news.com\/index.php?rest_route=%2Fwp%2Fv2%2Ftags&post=36828"}],"curies":[{"name":"wp","href":"https:\/\/api.w.org\/{rel}","templated":true}]}}