{"id":36835,"date":"2021-05-23T06:17:15","date_gmt":"2021-05-23T05:17:15","guid":{"rendered":"https:\/\/speyer24news.com\/?p=36835"},"modified":"2021-05-23T06:17:16","modified_gmt":"2021-05-23T05:17:16","slug":"rhein-pfalz-kreis-82","status":"publish","type":"post","link":"https:\/\/speyer24news.com\/?p=36835","title":{"rendered":"Rhein-Pfalz-Kreis"},"content":{"rendered":"<style type=\"text\/css\">\r\n\t.ads_top_disp{}\r\n\t.ads_top_corner_disp{ float:left; margin:0px 10px 10px 0px; }\r\n\t.ads_first_p_disp{}\r\n\t.ads_bottom_disp{}\r\n\t<\/style>\n<h2 class=\"wp-block-heading\">Ausstellung &#8220; Die Kunst der Radierung&#8220;<\/h2>\n\n\n\n<div class=\"wp-block-image\"><figure class=\"aligncenter size-large\"><img decoding=\"async\" loading=\"lazy\" width=\"500\" height=\"943\" src=\"https:\/\/speyer24news.com\/wp-content\/uploads\/2021\/05\/DieKunstderRadierung.jpg\" alt=\"\" class=\"wp-image-36837\" srcset=\"https:\/\/speyer24news.com\/wp-content\/uploads\/2021\/05\/DieKunstderRadierung.jpg 500w, https:\/\/speyer24news.com\/wp-content\/uploads\/2021\/05\/DieKunstderRadierung-159x300.jpg 159w\" sizes=\"(max-width: 500px) 100vw, 500px\" \/><\/figure><\/div>\n\n\n\n<p><strong>Klein Niedesheim &#8211; <\/strong>Ge\u00f6ffnet ab dem 23. Mai bis 04. Juli 2021. <\/p>\n\n\n\n<p>\u00d6ffnungszeiten: Sonntag und Pfingstmontag jeweils 13:00 \u2013 17:00 Uhr. <\/p>\n\n\n\n<p>Eintritt nur bei vorheriger Vorausbuchung; maximal zwei Personen je halbe Stunde. <\/p>\n\n\n\n<p>Anmeldung jeweils Montag &#8211; Donnerstag unter:\u00a0<a rel=\"noreferrer noopener\" href=\"mailto:paul.platz@kv-rpk.de\" target=\"_blank\">paul.platz@kv-rpk.de<\/a>.<\/p>\n\n\n\n<h4 class=\"wp-block-heading\">Sehen sie hier auch ein Video zur Ausstellung:<\/h4>\n\n\n\n<figure class=\"wp-block-embed is-type-video is-provider-vimeo wp-block-embed-vimeo wp-embed-aspect-16-9 wp-has-aspect-ratio\"><div class=\"wp-block-embed__wrapper\">\n<iframe loading=\"lazy\" title=\"DIE KUNST DER RADIERUNGEN FINAL\" src=\"https:\/\/player.vimeo.com\/video\/552130848?dnt=1&amp;app_id=122963\" width=\"500\" height=\"281\" frameborder=\"0\" allow=\"autoplay; fullscreen; picture-in-picture\" allowfullscreen><\/iframe>\n<\/div><\/figure>\n\n\n\n<p><em>Kulturb\u00fcro Rhein-Pfalz-Kreis<br>23.05.2021<\/em><\/p>\n\n\n\n<h2 class=\"wp-block-heading\">In Memoriam Matthias Spindler<\/h2>\n\n\n\n<div class=\"wp-block-image\"><figure class=\"aligncenter size-large\"><img decoding=\"async\" loading=\"lazy\" width=\"500\" height=\"667\" src=\"https:\/\/speyer24news.com\/wp-content\/uploads\/2021\/05\/Matthias-Spindler.jpg\" alt=\"\" class=\"wp-image-36836\" srcset=\"https:\/\/speyer24news.com\/wp-content\/uploads\/2021\/05\/Matthias-Spindler.jpg 500w, https:\/\/speyer24news.com\/wp-content\/uploads\/2021\/05\/Matthias-Spindler-225x300.jpg 225w\" sizes=\"(max-width: 500px) 100vw, 500px\" \/><\/figure><\/div>\n\n\n\n<p><strong>Waldsee \/ Online &#8211;<\/strong> In Memoriam Matthias Spindler: Jazz-livestream mit Emil Mangelsdorff und Band, Olaf Sch\u00f6nborn, Thomas Siffling und Dietmar Fuhr am <strong>Dienstag, 25. Mai 2021, ab 19:00 Uhr<\/strong>, aus der Kulturhalle in Waldsee. Am 7. April 2021 erlag der Journalist und Autor Matthias Spindler einer kurzen, unerbittlichen Krankheit im Alter von 67 Jahren.<\/p>\n\n\n\n<p>Je nach Interesse konnte man Spindler als Historiker \u2013 Geschichte hatte er studiert und vor allem zur pf\u00e4lzischen Geschichte hat er publiziert \u2013 oder als fachkundigen Jazzjournalisten wahrnehmen. Obwohl Matthias Spindler auch \u00fcber die Metropolregion hinaus t\u00e4tig und bekannt war, lag der regionale Schwerpunkt seiner Arbeit in der Metropolregion Rhein-Neckar, dort lebte er in Waldsee und arbeitete in Mannheim.<\/p>\n\n\n\n<p>Ihm zu Ehren organisiert und veranstaltet der Rhein-Pfalz-Kreis in Zusammenarbeit mit der Ortsgemeinde dieses Konzert. &nbsp;<\/p>\n\n\n\n<p>Unseren Livestream k\u00f6nnen Sie entweder direkt unter diesem Link aufrufen<\/p>\n\n\n\n<p><a href=\"https:\/\/deref-web.de\/mail\/client\/vr64XYdUcTw\/dereferrer\/?redirectUrl=https%3A%2F%2F161726.seu2.cleverreach.com%2Fc%2F58836372%2F6f878f48138-qtayen\" target=\"_blank\" rel=\"noreferrer noopener\">http:\/\/bit.ly\/jazzstreamwaldsee<\/a><\/p>\n\n\n\n<p>oder Sie suchen auf Youtube einfach nach folgendem Suchbegriff und k\u00f6nnen sich auf diesem Kanal den Stream anschauen &#8222;<a href=\"https:\/\/www.youtube.com\/channel\/UCXQX1cDtnU9A_nYQvVkqaQw\">Kreisverwaltung Rhein-Pfalz-Kreis<\/a>&#8222;<\/p>\n\n\n\n<p><em>Kulturb\u00fcro Rhein-Pfalz-Kreis<br>23.05.2021<\/em><\/p>\n\n\n\n<h1 class=\"has-text-align-center wp-block-heading\">Corona-Virus<\/h1>\n\n\n\n<div class=\"wp-block-image\"><figure class=\"aligncenter size-large\"><img decoding=\"async\" loading=\"lazy\" width=\"800\" height=\"346\" src=\"https:\/\/speyer24news.com\/wp-content\/uploads\/2020\/02\/coronavirus-4817450_1920.jpg\" alt=\"\" class=\"wp-image-25126\" srcset=\"https:\/\/speyer24news.com\/wp-content\/uploads\/2020\/02\/coronavirus-4817450_1920.jpg 800w, https:\/\/speyer24news.com\/wp-content\/uploads\/2020\/02\/coronavirus-4817450_1920-300x130.jpg 300w, https:\/\/speyer24news.com\/wp-content\/uploads\/2020\/02\/coronavirus-4817450_1920-768x332.jpg 768w\" sizes=\"(max-width: 800px) 100vw, 800px\" \/><\/figure><\/div>\n\n\n\n<h2 class=\"wp-block-heading\"><strong>Aktuelle Fallzahlen im Zust\u00e4ndigkeitsbereich des Gesundheitsamtes Rhein-Pfalz-Kreis<\/strong> vom Freitag (21.05.2021)<\/h2>\n\n\n\n<p>Gem\u00e4\u00df dem Bundesinfektionsschutzgesetz sind kreisfreie St\u00e4dte und Landkreise dazu verpflichtet, die Zahlen des RKI zu ver\u00f6ffentlichen. Diese weichen von den Zahlen des Landesuntersuchungsamtes Rheinland-Pfalz (LUA) um einen Tag ab. Das hei\u00dft, das LUA ver\u00f6ffentlicht bereits am Nachmittag, beim RKI flie\u00dfen die Zahlen erst in die Ver\u00f6ffentlichung des n\u00e4chsten Tages mit ein.<\/p>\n\n\n\n<p>Ma\u00dfgebliche Fallzahlen und Inzidenzwerte des RKI f\u00fcr den Rhein-Pfalz-Kreis und der St\u00e4dte Ludwigshafen, Frankenthal und Speyer finden Sie hier:<\/p>\n\n\n\n<p><a href=\"http:\/\/www.rki.de\/inzidenzen\">www.rki.de\/inzidenzen<\/a><\/p>\n\n\n\n<p>Der Inzidenzwert des Rhein-Pfalz-Kreises (Gemeldete positive F\u00e4lle in den letzten 7 Tagen pro 100.000 Einwohner) am 21.05.2021: &nbsp;<strong>63,4<\/strong><\/p>\n\n\n\n<p>Folgende Infektionszahlen liegen der Kreisverwaltung Rhein-Pfalz-Kreis f\u00fcr die kreisangeh\u00f6rigen Gemeinden f\u00fcr heute vor:<\/p>\n\n\n\n<figure class=\"wp-block-table\"><table><tbody><tr><td><strong>LK\/SK\/Ort<\/strong><\/td><td><strong>Gesamt<\/strong><\/td><td><strong>Differenz zum Vortag<\/strong><\/td><td><strong>Aktuelle F\u00e4lle<\/strong><\/td><td><strong>Genesen<\/strong><\/td><td><strong>Verstorben<\/strong><\/td><td><strong>Differenz zum Vortag<\/strong><\/td><\/tr><tr><td>_AH<\/td><td>19<\/td><td>-3<\/td><td>9<\/td><td>10<\/td><td>&nbsp;<\/td><td>&nbsp;<\/td><\/tr><tr><td>Altrip<\/td><td>261<\/td><td>1<\/td><td>18<\/td><td>226<\/td><td>17<\/td><td>&nbsp;<\/td><\/tr><tr><td>Beindersheim<\/td><td>121<\/td><td>&nbsp;<\/td><td>8<\/td><td>112<\/td><td>1<\/td><td>&nbsp;<\/td><\/tr><tr><td>Birkenheide<\/td><td>98<\/td><td>&nbsp;<\/td><td>3<\/td><td>93<\/td><td>2<\/td><td>&nbsp;<\/td><\/tr><tr><td>Bobenheim-Roxheim<\/td><td>366<\/td><td>2<\/td><td>28<\/td><td>333<\/td><td>5<\/td><td>&nbsp;<\/td><\/tr><tr><td>B\u00f6hl-Iggelheim<\/td><td>440<\/td><td>&nbsp;<\/td><td>9<\/td><td>416<\/td><td>15<\/td><td>&nbsp;<\/td><\/tr><tr><td>Dannstadt-Schauernheim<\/td><td>255<\/td><td>&nbsp;<\/td><td>6<\/td><td>244<\/td><td>5<\/td><td>&nbsp;<\/td><\/tr><tr><td>Dudenhofen<\/td><td>348<\/td><td>&nbsp;<\/td><td>6<\/td><td>327<\/td><td>15<\/td><td>&nbsp;<\/td><\/tr><tr><td>Fu\u00dfg\u00f6nheim<\/td><td>112<\/td><td>&nbsp;<\/td><td>2<\/td><td>107<\/td><td>3<\/td><td>&nbsp;<\/td><\/tr><tr><td>Gro\u00dfniedesheim<\/td><td>46<\/td><td>&nbsp;<\/td><td>&nbsp;<\/td><td>46<\/td><td>&nbsp;<\/td><td>&nbsp;<\/td><\/tr><tr><td>Hanhofen<\/td><td>119<\/td><td>&nbsp;<\/td><td>5<\/td><td>113<\/td><td>1<\/td><td>&nbsp;<\/td><\/tr><tr><td>Harthausen<\/td><td>181<\/td><td>&nbsp;<\/td><td>6<\/td><td>163<\/td><td>12<\/td><td>&nbsp;<\/td><\/tr><tr><td>He\u00dfheim<\/td><td>128<\/td><td>&nbsp;<\/td><td>10<\/td><td>115<\/td><td>3<\/td><td>&nbsp;<\/td><\/tr><tr><td>Heuchelheim<\/td><td>35<\/td><td>1<\/td><td>6<\/td><td>29<\/td><td>&nbsp;<\/td><td>&nbsp;<\/td><\/tr><tr><td>Hochdorf-Assenheim<\/td><td>135<\/td><td>20<\/td><td>45<\/td><td>89<\/td><td>1<\/td><td>&nbsp;<\/td><\/tr><tr><td>Kleinniedesheim<\/td><td>36<\/td><td>&nbsp;<\/td><td>3<\/td><td>33<\/td><td>&nbsp;<\/td><td>&nbsp;<\/td><\/tr><tr><td>Lambsheim<\/td><td>220<\/td><td>&nbsp;<\/td><td>10<\/td><td>206<\/td><td>4<\/td><td>&nbsp;<\/td><\/tr><tr><td>Limburgerhof<\/td><td>451<\/td><td>&nbsp;<\/td><td>21<\/td><td>415<\/td><td>15<\/td><td>&nbsp;<\/td><\/tr><tr><td>Maxdorf<\/td><td>294<\/td><td>1<\/td><td>9<\/td><td>254<\/td><td>31<\/td><td>&nbsp;<\/td><\/tr><tr><td>Mutterstadt<\/td><td>597<\/td><td>3<\/td><td>37<\/td><td>526<\/td><td>34<\/td><td>&nbsp;<\/td><\/tr><tr><td>Neuhofen<\/td><td>258<\/td><td>&nbsp;<\/td><td>12<\/td><td>233<\/td><td>13<\/td><td>&nbsp;<\/td><\/tr><tr><td>Otterstadt<\/td><td>129<\/td><td>&nbsp;<\/td><td>2<\/td><td>125<\/td><td>2<\/td><td>&nbsp;<\/td><\/tr><tr><td>R\u00f6dersheim-Gronau<\/td><td>99<\/td><td>&nbsp;<\/td><td>2<\/td><td>95<\/td><td>2<\/td><td>&nbsp;<\/td><\/tr><tr><td>R\u00f6merberg<\/td><td>524<\/td><td>&nbsp;<\/td><td>17<\/td><td>495<\/td><td>12<\/td><td>&nbsp;<\/td><\/tr><tr><td>Schifferstadt<\/td><td>1003<\/td><td>5<\/td><td>54<\/td><td>927<\/td><td>22<\/td><td>&nbsp;<\/td><\/tr><tr><td>Waldsee<\/td><td>220<\/td><td>&nbsp;<\/td><td>9<\/td><td>202<\/td><td>9<\/td><td>&nbsp;<\/td><\/tr><tr><td>&nbsp;<\/td><td>&nbsp;<\/td><td>&nbsp;<\/td><td>&nbsp;<\/td><td>&nbsp;<\/td><td>&nbsp;<\/td><td>&nbsp;<\/td><\/tr><tr><td><strong>LK Rhein-Pfalz-Kreis<\/strong><\/td><td><strong>6495<\/strong><\/td><td><strong>30<\/strong><\/td><td><strong>337<\/strong><\/td><td><strong>5934<\/strong><\/td><td><strong>224<\/strong><\/td><td>&nbsp;<\/td><\/tr><tr><td><strong>SK Frankenthal<\/strong><\/td><td><strong>2087<\/strong><\/td><td><strong>6<\/strong><\/td><td><strong>93<\/strong><\/td><td><strong>1943<\/strong><\/td><td><strong>51<\/strong><\/td><td>&nbsp;<\/td><\/tr><tr><td><strong>SK Ludwigshafen<\/strong><\/td><td><strong>10182<\/strong><\/td><td><strong>38<\/strong><\/td><td><strong>653<\/strong><\/td><td><strong>9207<\/strong><\/td><td><strong>322<\/strong><\/td><td>&nbsp;<\/td><\/tr><tr><td><strong>SK Speyer<\/strong><\/td><td><strong>2783<\/strong><\/td><td><strong>3<\/strong><\/td><td><strong>126<\/strong><\/td><td><strong>2574<\/strong><\/td><td><strong>83<\/strong><\/td><td>&nbsp;<\/td><\/tr><tr><td>&nbsp;<\/td><td>&nbsp;<\/td><td>&nbsp;<\/td><td>&nbsp;<\/td><td>&nbsp;<\/td><td>&nbsp;<\/td><td>&nbsp;<\/td><\/tr><tr><td><strong>Summe:<\/strong><\/td><td><strong>21547<\/strong><\/td><td><strong>77<\/strong><\/td><td><strong>1209<\/strong><\/td><td><strong>19658<\/strong><\/td><td><strong>680<\/strong><\/td><td><strong>&nbsp;<\/strong><\/td><\/tr><\/tbody><\/table><\/figure>\n\n\n\n<p>Quelle: SurvNet@RKI &amp; Sormas<\/p>\n\n\n\n<p>_AH: Personen mit Hauptwohnsitz au\u00dferhalb des Zust\u00e4ndigkeitsbereiches des Gesundheitsamts aber mit fehlerhaften Meldekreis \u201eLK Rhein-Pfalz-Kreis\u201c. Es wird gepr\u00fcft, ob diese noch nachtr\u00e4glich richtig zugeordnet werden k\u00f6nnen.<\/p>\n\n\n\n<h3 class=\"wp-block-heading\">Aus den Einrichtungen wurden uns folgende aktuelle Corona-Virus-Ausbr\u00fcche gemeldet:<\/h3>\n\n\n\n<ul><li><strong>Gewerbebetrieb Pfalzgem\u00fcse- und Obst GmbH Hochdorf-Assenheim<\/strong><\/li><\/ul>\n\n\n\n<p><em>Kreisverwaltung Rhein-Pfalz-Kreis<br>22.05.2021<\/em><\/p>\n\n\n\n<h2 class=\"wp-block-heading\"><strong>Coronavirus SARS-CoV-2: Aktuelle Fallzahlen f\u00fcr Rheinland-Pfalz<\/strong><strong><\/strong><\/h2>\n\n\n\n<h4 class=\"wp-block-heading\">(Datenstand vom 21.05.2021, 14:10 Uhr)<\/h4>\n\n\n\n<p>Die Fallzahlen zum Coronavirus in Rheinland-Pfalz: Seit Beginn der Pandemie gab es 150.956 laborbest\u00e4tigte Infektionen im Land &#8211; das sind 364 mehr als am Vortag (150.592). 9.433 Menschen im Land sind aktuell mit dem Coronavirus infiziert (Vortag: 9.747). 8.639 Personen wurden seit Beginn der Pandemie ins Krankenhaus gebracht (Vortag: 8.612), 3.694 Personen sind im Zusammenhang mit einer Infektion gestorben &#8211; 16 mehr als am Vortag (3.678). Die landesweite Inzidenz sinkt auf 61,2.<\/p>\n\n\n\n<p><strong>Weitere offizielle Corona-Meldedaten aus Rheinland-Pfalz auf&nbsp;der&nbsp;<\/strong><a href=\"https:\/\/deref-web.de\/mail\/client\/jnXIY9tHaEg\/dereferrer\/?redirectUrl=https%3A%2F%2Flua.rlp.de%2Fde%2Funsere-themen%2Finfektionsschutz%2Fmeldedaten_coronavirus%2F\" target=\"_blank\" rel=\"noreferrer noopener\"><strong>Homepage des LUA<\/strong><\/a><strong>.<\/strong><\/p>\n\n\n\n<figure class=\"wp-block-table\"><table><tbody><tr><td><strong>Kreis, Stand 21.5.2021<\/strong><\/td><td><strong>Laborbest\u00e4tigt, seit Beginn der Pandemie<\/strong><\/td><td><strong>Gemeldet, die letzten 7 Tage<\/strong><\/td><\/tr><tr><td><strong>Gesamt<\/strong><\/td><td><strong>Differenz zum<br>Vortag<\/strong><\/td><td><strong>Hospitali-siert<\/strong><\/td><td><strong>Verstor-ben<\/strong><\/td><td><strong>Genesen<sup>A<\/sup><\/strong><\/td><td><strong>aktuelle F\u00e4lle<sup>B<\/sup><\/strong><\/td><td><strong>Gesamt<\/strong><\/td><td><strong>pro<br>100.000<sup>C<\/sup><\/strong><\/td><td><strong>pro<br>100.000 (+USAF)<sup>D<\/sup><\/strong><\/td><td><strong>Gesamt,<br><\/strong><strong>\u2265&nbsp;<\/strong><strong>60 Jahre<\/strong><\/td><td><strong>pro<br>100.000,<br>\u2265 60 Jahre<\/strong><\/td><\/tr><tr><td>Ahrweiler<\/td><td>4350<\/td><td>23<\/td><td>187<\/td><td>49<\/td><td>3949<\/td><td>352<\/td><td>78<\/td><td>60,0<\/td><td>60,0<\/td><td>6<\/td><td>14,3<\/td><\/tr><tr><td>Altenkirchen<\/td><td>4799<\/td><td>9<\/td><td>399<\/td><td>98<\/td><td>4342<\/td><td>359<\/td><td>92<\/td><td>71,4<\/td><td>71,4<\/td><td>9<\/td><td>23,3<\/td><\/tr><tr><td>Alzey-Worms<\/td><td>4912<\/td><td>8<\/td><td>285<\/td><td>117<\/td><td>4546<\/td><td>249<\/td><td>59<\/td><td>45,5<\/td><td>45,5<\/td><td>8<\/td><td>21,8<\/td><\/tr><tr><td>Bad D\u00fcrkheim<\/td><td>4360<\/td><td>10<\/td><td>301<\/td><td>149<\/td><td>4000<\/td><td>211<\/td><td>48<\/td><td>36,2<\/td><td>36,2<\/td><td>8<\/td><td>18,6<\/td><\/tr><tr><td>Bad Kreuznach<\/td><td>5826<\/td><td>13<\/td><td>313<\/td><td>139<\/td><td>5314<\/td><td>373<\/td><td>98<\/td><td>61,9<\/td><td>61,9<\/td><td>10<\/td><td>20,3<\/td><\/tr><tr><td>Bernkastel-Wittlich<\/td><td>2946<\/td><td>6<\/td><td>270<\/td><td>61<\/td><td>2705<\/td><td>180<\/td><td>63<\/td><td>56,0<\/td><td>55,2<\/td><td>4<\/td><td>11,6<\/td><\/tr><tr><td>Birkenfeld<\/td><td>3315<\/td><td>12<\/td><td>290<\/td><td>91<\/td><td>2966<\/td><td>258<\/td><td>104<\/td><td>128,5<\/td><td>124,3<\/td><td>19<\/td><td>72,3<\/td><\/tr><tr><td>Bitburg-Pr\u00fcm<\/td><td>3297<\/td><td>4<\/td><td>159<\/td><td>30<\/td><td>3059<\/td><td>208<\/td><td>45<\/td><td>45,4<\/td><td>43,9<\/td><td>9<\/td><td>32,1<\/td><\/tr><tr><td>Cochem-Zell<\/td><td>1892<\/td><td>2<\/td><td>145<\/td><td>57<\/td><td>1773<\/td><td>62<\/td><td>15<\/td><td>24,4<\/td><td>24,4<\/td><td>6<\/td><td>30,0<\/td><\/tr><tr><td>Donnersbergkreis<\/td><td>2521<\/td><td>1<\/td><td>194<\/td><td>65<\/td><td>2309<\/td><td>147<\/td><td>41<\/td><td>54,4<\/td><td>53,9<\/td><td>2<\/td><td>8,8<\/td><\/tr><tr><td>Germersheim<\/td><td>5444<\/td><td>1<\/td><td>357<\/td><td>125<\/td><td>5087<\/td><td>232<\/td><td>48<\/td><td>37,2<\/td><td>37,2<\/td><td>4<\/td><td>11,3<\/td><\/tr><tr><td>Kaiserslautern<\/td><td>3811<\/td><td>8<\/td><td>228<\/td><td>75<\/td><td>3457<\/td><td>279<\/td><td>62<\/td><td>58,5<\/td><td>50,0<\/td><td>7<\/td><td>22,1<\/td><\/tr><tr><td>Kusel<\/td><td>2167<\/td><td>4<\/td><td>196<\/td><td>66<\/td><td>1960<\/td><td>141<\/td><td>28<\/td><td>39,9<\/td><td>37,8<\/td><td>5<\/td><td>21,7<\/td><\/tr><tr><td>Mainz-Bingen<\/td><td>7253<\/td><td>13<\/td><td>354<\/td><td>216<\/td><td>6463<\/td><td>574<\/td><td>139<\/td><td>65,7<\/td><td>65,7<\/td><td>14<\/td><td>23,4<\/td><\/tr><tr><td>Mayen-Koblenz<\/td><td>7138<\/td><td>19<\/td><td>259<\/td><td>159<\/td><td>6573<\/td><td>406<\/td><td>107<\/td><td>49,9<\/td><td>49,9<\/td><td>13<\/td><td>20,5<\/td><\/tr><tr><td>Neuwied<\/td><td>8015<\/td><td>11<\/td><td>276<\/td><td>120<\/td><td>7518<\/td><td>377<\/td><td>84<\/td><td>45,9<\/td><td>45,9<\/td><td>7<\/td><td>12,8<\/td><\/tr><tr><td>Rhein-Hunsr\u00fcck<\/td><td>3663<\/td><td>6<\/td><td>370<\/td><td>100<\/td><td>3398<\/td><td>165<\/td><td>41<\/td><td>39,7<\/td><td>39,7<\/td><td>3<\/td><td>9,4<\/td><\/tr><tr><td>Rhein-Lahn-Kreis<\/td><td>3947<\/td><td>5<\/td><td>338<\/td><td>97<\/td><td>3656<\/td><td>194<\/td><td>64<\/td><td>52,3<\/td><td>52,3<\/td><td>4<\/td><td>10,5<\/td><\/tr><tr><td>Rhein-Pfalz-Kreis<\/td><td>6519<\/td><td>35<\/td><td>148<\/td><td>224<\/td><td>5943<\/td><td>352<\/td><td>98<\/td><td>63,4<\/td><td>63,4<\/td><td>17<\/td><td>36,5<\/td><\/tr><tr><td>S\u00fcdliche Weinstr.<\/td><td>3632<\/td><td>-1<\/td><td>369<\/td><td>114<\/td><td>3255<\/td><td>263<\/td><td>69<\/td><td>62,4<\/td><td>62,4<\/td><td>4<\/td><td>11,6<\/td><\/tr><tr><td>S\u00fcdwestpfalz<\/td><td>2624<\/td><td>9<\/td><td>273<\/td><td>83<\/td><td>2353<\/td><td>188<\/td><td>74<\/td><td>78,0<\/td><td>77,0<\/td><td>11<\/td><td>34,1<\/td><\/tr><tr><td>Trier-Saarburg<\/td><td>4355<\/td><td>3<\/td><td>248<\/td><td>93<\/td><td>4016<\/td><td>246<\/td><td>57<\/td><td>38,2<\/td><td>38,1<\/td><td>7<\/td><td>16,5<\/td><\/tr><tr><td>Vulkaneifel<\/td><td>1993<\/td><td>8<\/td><td>159<\/td><td>61<\/td><td>1821<\/td><td>111<\/td><td>46<\/td><td>75,9<\/td><td>75,8<\/td><td>4<\/td><td>20,0<\/td><\/tr><tr><td>Westerwaldkreis<\/td><td>7154<\/td><td>27<\/td><td>582<\/td><td>148<\/td><td>6543<\/td><td>463<\/td><td>129<\/td><td>63,9<\/td><td>63,9<\/td><td>13<\/td><td>22,4<\/td><\/tr><tr><td>KS Frankenthal<\/td><td>2090<\/td><td>6<\/td><td>34<\/td><td>51<\/td><td>1945<\/td><td>94<\/td><td>38<\/td><td>77,9<\/td><td>77,9<\/td><td>2<\/td><td>13,9<\/td><\/tr><tr><td>KS Kaiserslautern<\/td><td>3539<\/td><td>12<\/td><td>284<\/td><td>111<\/td><td>3103<\/td><td>325<\/td><td>93<\/td><td>93,0<\/td><td>87,2<\/td><td>10<\/td><td>37,2<\/td><\/tr><tr><td>KS Koblenz<\/td><td>4422<\/td><td>6<\/td><td>143<\/td><td>134<\/td><td>4094<\/td><td>194<\/td><td>46<\/td><td>40,3<\/td><td>40,3<\/td><td>2<\/td><td>6,3<\/td><\/tr><tr><td>KS Landau i.d.Pf.<\/td><td>1637<\/td><td>3<\/td><td>168<\/td><td>35<\/td><td>1481<\/td><td>121<\/td><td>31<\/td><td>66,1<\/td><td>66,1<\/td><td>5<\/td><td>41,3<\/td><\/tr><tr><td>KS Ludwigshafen<\/td><td>10208<\/td><td>42<\/td><td>198<\/td><td>322<\/td><td>9210<\/td><td>676<\/td><td>221<\/td><td>128,3<\/td><td>128,3<\/td><td>26<\/td><td>61,1<\/td><\/tr><tr><td>KS Mainz<\/td><td>9788<\/td><td>25<\/td><td>369<\/td><td>202<\/td><td>8733<\/td><td>853<\/td><td>157<\/td><td>71,8<\/td><td>71,8<\/td><td>20<\/td><td>40,0<\/td><\/tr><tr><td>KS Neustadt a.d.W.<\/td><td>1655<\/td><td>3<\/td><td>115<\/td><td>38<\/td><td>1532<\/td><td>85<\/td><td>19<\/td><td>35,7<\/td><td>35,7<\/td><td>3<\/td><td>17,5<\/td><\/tr><tr><td>KS Pirmasens<\/td><td>1380<\/td><td>7<\/td><td>159<\/td><td>54<\/td><td>1233<\/td><td>93<\/td><td>31<\/td><td>77,1<\/td><td>77,0<\/td><td>3<\/td><td>22,3<\/td><\/tr><tr><td>KS Speyer<\/td><td>2784<\/td><td>3<\/td><td>51<\/td><td>83<\/td><td>2574<\/td><td>127<\/td><td>39<\/td><td>77,1<\/td><td>77,1<\/td><td>6<\/td><td>39,4<\/td><\/tr><tr><td>KS Trier<\/td><td>2661<\/td><td>5<\/td><td>124<\/td><td>29<\/td><td>2501<\/td><td>131<\/td><td>33<\/td><td>29,6<\/td><td>29,6<\/td><td>5<\/td><td>19,0<\/td><\/tr><tr><td>KS Worms<\/td><td>4089<\/td><td>16<\/td><td>221<\/td><td>89<\/td><td>3724<\/td><td>276<\/td><td>88<\/td><td>105,3<\/td><td>105,3<\/td><td>19<\/td><td>82,9<\/td><\/tr><tr><td>KS Zweibr\u00fccken<\/td><td>770<\/td><td>0<\/td><td>73<\/td><td>9<\/td><td>693<\/td><td>68<\/td><td>20<\/td><td>58,5<\/td><td>58,5<\/td><td>1<\/td><td>9,5<\/td><\/tr><tr><td><strong>Rheinland-Pfalz<\/strong><\/td><td><strong>150956<\/strong><\/td><td><strong>364<\/strong><\/td><td><strong>8639<\/strong><\/td><td><strong>3694<\/strong><\/td><td><strong>137829 #<\/strong><\/td><td><strong>9433<\/strong><\/td><td><strong>2505<\/strong><\/td><td><strong>61,2<\/strong><\/td><td><strong>60,6<\/strong><\/td><td><strong>296<\/strong><\/td><td><strong>24,7<\/strong><\/td><\/tr><\/tbody><\/table><\/figure>\n\n\n\n<p><strong>Anmerkungen zur Tabelle<\/strong><\/p>\n\n\n\n<p>Dargestellt sind ausschlie\u00dflich mittels PCR laborbest\u00e4tigte Meldef\u00e4lle.<\/p>\n\n\n\n<p>Als \u201everstorben\u201c gelten F\u00e4lle, die als \u201ean\u201c und \u201emit\u201c COVID-19 verstorben \u00fcbermittelt wurden.<\/p>\n\n\n\n<p><sup>A<\/sup>&nbsp;Genesen wurde wie folgt definiert:<\/p>\n\n\n\n<p>a) nicht-verstorben, nicht-hospitalisiert und vor mehr als 21 Tagen ab Datenstichtag erkrankt<\/p>\n\n\n\n<p>b) nicht-verstorben, hospitalisiert gemeldet und vor mehr als 28 Tagen ab Datenstichtag erkrankt<\/p>\n\n\n\n<p>c) nicht-verstorben, Hospitalisierung unbekannt und vor mehr als 28 ab Datenstichtag Tagen erkrankt<\/p>\n\n\n\n<p>Sofern kein Erkrankungsdatum vorliegt, wird das gesch\u00e4tzte Erkrankungsdatum aus Meldedatum minus mittlerem Meldeverzug von derzeit 5 Tagen verwendet.<\/p>\n\n\n\n<p><sup>B<\/sup>&nbsp;Errechnet als Differenz aus Gesamtzahl der laborbest\u00e4tigten F\u00e4lle, Verstorbenen und Genesenen.<\/p>\n\n\n\n<p><sup>C<\/sup>&nbsp;COVID-19 Erkrankungen mit Meldedatum der letzten 7 Tage ab Datenstichtag, pro 100.000 Einwohner. Bitte beachten Sie, dass die Gesamtinzidenz der Meldungen in den letzten 7 Tagen f\u00fcr Rheinland-Pfalz \/100.000 Einwohner das mit der Bev\u00f6lkerungszahl der Gebietseinheit gewichtete Mittel und&nbsp;nicht&nbsp;deren arithmetisches Mittel ist.<\/p>\n\n\n\n<p><sup>D<\/sup>&nbsp;USAF = U.S. Armed Forces; Berechnung der Inzidenz \/100.000 unter Ber\u00fccksichtigung der mit Stand vom 30.6.2020 in der Gebietseinheit stationierten U.S. Streitkr\u00e4fte<\/p>\n\n\n\n<p># Die Summe der in Rheinland-Pfalz bereits von COVID-19 Genesenen kann aufgrund eines unterschiedlichen Datenstandes und Bewertungsalgorithmus von der auf dem RKI-Dashboard abweichen.<\/p>\n\n\n\n<p><em>Landesuntersuchungsamt (LUA) Rheinland-Pfalz<br>22.05.2021<\/em><\/p>\n\n\n\n<h2 class=\"wp-block-heading\"><strong>Aktuelle Fallzahlen im Zust\u00e4ndigkeitsbereich des Gesundheitsamtes Rhein-Pfalz-Kreis<\/strong> vom Donnerstag (20.05.2021)<\/h2>\n\n\n\n<p>Gem\u00e4\u00df dem Bundesinfektionsschutzgesetz sind kreisfreie St\u00e4dte und Landkreise dazu verpflichtet, die Zahlen des RKI zu ver\u00f6ffentlichen. Diese weichen von den Zahlen des Landesuntersuchungsamtes Rheinland-Pfalz (LUA) um einen Tag ab. Das hei\u00dft, das LUA ver\u00f6ffentlicht bereits am Nachmittag, beim RKI flie\u00dfen die Zahlen erst in die Ver\u00f6ffentlichung des n\u00e4chsten Tages mit ein.<\/p>\n\n\n\n<p>Ma\u00dfgebliche Fallzahlen und Inzidenzwerte des RKI f\u00fcr den Rhein-Pfalz-Kreis und der St\u00e4dte Ludwigshafen, Frankenthal und Speyer finden Sie hier:<\/p>\n\n\n\n<p><a href=\"http:\/\/www.rki.de\/inzidenzen\">www.rki.de\/inzidenzen<\/a><\/p>\n\n\n\n<p>Der Inzidenzwert des Rhein-Pfalz-Kreises (Gemeldete positive F\u00e4lle in den letzten 7 Tagen pro 100.000 Einwohner) am 20.05.2021: &nbsp;<strong>52,4<\/strong><\/p>\n\n\n\n<p>Folgende Infektionszahlen liegen der Kreisverwaltung Rhein-Pfalz-Kreis f\u00fcr die kreisangeh\u00f6rigen Gemeinden f\u00fcr heute vor:<\/p>\n\n\n\n<figure class=\"wp-block-table\"><table><tbody><tr><td>LK\/SK\/Ort<\/td><td>Gesamt<\/td><td>Differenz zum Vortag<\/td><td>Aktuelle F\u00e4lle<\/td><td>Genesen<\/td><td>Verstorben<\/td><td>Differenz zum Vortag<\/td><\/tr><tr><td>_AH<\/td><td>22<\/td><td>2<\/td><td>11<\/td><td>11<\/td><td>&nbsp;<\/td><td>&nbsp;<\/td><\/tr><tr><td>Altrip<\/td><td>260<\/td><td>1<\/td><td>18<\/td><td>225<\/td><td>17<\/td><td>&nbsp;<\/td><\/tr><tr><td>Beindersheim<\/td><td>121<\/td><td>1<\/td><td>8<\/td><td>112<\/td><td>1<\/td><td>&nbsp;<\/td><\/tr><tr><td>Birkenheide<\/td><td>98<\/td><td>&nbsp;<\/td><td>3<\/td><td>93<\/td><td>2<\/td><td>&nbsp;<\/td><\/tr><tr><td>Bobenheim-Roxheim<\/td><td>364<\/td><td>&nbsp;<\/td><td>27<\/td><td>332<\/td><td>5<\/td><td>&nbsp;<\/td><\/tr><tr><td>B\u00f6hl-Iggelheim<\/td><td>440<\/td><td>&nbsp;<\/td><td>14<\/td><td>411<\/td><td>15<\/td><td>&nbsp;<\/td><\/tr><tr><td>Dannstadt-Schauernheim<\/td><td>255<\/td><td>1<\/td><td>6<\/td><td>244<\/td><td>5<\/td><td>&nbsp;<\/td><\/tr><tr><td>Dudenhofen<\/td><td>348<\/td><td>&nbsp;<\/td><td>6<\/td><td>327<\/td><td>15<\/td><td>&nbsp;<\/td><\/tr><tr><td>Fu\u00dfg\u00f6nheim<\/td><td>112<\/td><td>&nbsp;<\/td><td>2<\/td><td>107<\/td><td>3<\/td><td>&nbsp;<\/td><\/tr><tr><td>Gro\u00dfniedesheim<\/td><td>46<\/td><td>&nbsp;<\/td><td>&nbsp;<\/td><td>46<\/td><td>&nbsp;<\/td><td>&nbsp;<\/td><\/tr><tr><td>Hanhofen<\/td><td>119<\/td><td>&nbsp;<\/td><td>5<\/td><td>113<\/td><td>1<\/td><td>&nbsp;<\/td><\/tr><tr><td>Harthausen<\/td><td>181<\/td><td>&nbsp;<\/td><td>6<\/td><td>163<\/td><td>12<\/td><td>&nbsp;<\/td><\/tr><tr><td>He\u00dfheim<\/td><td>128<\/td><td>&nbsp;<\/td><td>13<\/td><td>112<\/td><td>3<\/td><td>&nbsp;<\/td><\/tr><tr><td>Heuchelheim<\/td><td>34<\/td><td>&nbsp;<\/td><td>5<\/td><td>29<\/td><td>&nbsp;<\/td><td>&nbsp;<\/td><\/tr><tr><td>Hochdorf-Assenheim<\/td><td>115<\/td><td>2<\/td><td>27<\/td><td>87<\/td><td>1<\/td><td>&nbsp;<\/td><\/tr><tr><td>Kleinniedesheim<\/td><td>36<\/td><td>&nbsp;<\/td><td>3<\/td><td>33<\/td><td>&nbsp;<\/td><td>&nbsp;<\/td><\/tr><tr><td>Lambsheim<\/td><td>220<\/td><td>&nbsp;<\/td><td>10<\/td><td>206<\/td><td>4<\/td><td>&nbsp;<\/td><\/tr><tr><td>Limburgerhof<\/td><td>451<\/td><td>&nbsp;<\/td><td>25<\/td><td>411<\/td><td>15<\/td><td>&nbsp;<\/td><\/tr><tr><td>Maxdorf<\/td><td>293<\/td><td>&nbsp;<\/td><td>12<\/td><td>250<\/td><td>31<\/td><td>&nbsp;<\/td><\/tr><tr><td>Mutterstadt<\/td><td>594<\/td><td>7<\/td><td>35<\/td><td>525<\/td><td>34<\/td><td>&nbsp;<\/td><\/tr><tr><td>Neuhofen<\/td><td>258<\/td><td>1<\/td><td>12<\/td><td>233<\/td><td>13<\/td><td>&nbsp;<\/td><\/tr><tr><td>Otterstadt<\/td><td>129<\/td><td>&nbsp;<\/td><td>2<\/td><td>125<\/td><td>2<\/td><td>&nbsp;<\/td><\/tr><tr><td>R\u00f6dersheim-Gronau<\/td><td>99<\/td><td>&nbsp;<\/td><td>2<\/td><td>95<\/td><td>2<\/td><td>&nbsp;<\/td><\/tr><tr><td>R\u00f6merberg<\/td><td>524<\/td><td>&nbsp;<\/td><td>20<\/td><td>492<\/td><td>12<\/td><td>&nbsp;<\/td><\/tr><tr><td>Schifferstadt<\/td><td>998<\/td><td>&nbsp;<\/td><td>52<\/td><td>924<\/td><td>22<\/td><td>&nbsp;<\/td><\/tr><tr><td>Waldsee<\/td><td>220<\/td><td>1<\/td><td>9<\/td><td>202<\/td><td>9<\/td><td>&nbsp;<\/td><\/tr><tr><td>&nbsp;<\/td><td>&nbsp;<\/td><td>&nbsp;<\/td><td>&nbsp;<\/td><td>&nbsp;<\/td><td>&nbsp;<\/td><td>&nbsp;<\/td><\/tr><tr><td>LK Rhein-Pfalz-Kreis<\/td><td>6465<\/td><td>16<\/td><td>333<\/td><td>5908<\/td><td>224<\/td><td>&nbsp;<\/td><\/tr><tr><td>SK Frankenthal<\/td><td>2081<\/td><td>8<\/td><td>99<\/td><td>1931<\/td><td>51<\/td><td>&nbsp;<\/td><\/tr><tr><td>SK Ludwigshafen<\/td><td>10144<\/td><td>26<\/td><td>656<\/td><td>9166<\/td><td>322<\/td><td>&nbsp;<\/td><\/tr><tr><td>SK Speyer<\/td><td>2780<\/td><td>7<\/td><td>142<\/td><td>2555<\/td><td>83<\/td><td>&nbsp;<\/td><\/tr><tr><td>&nbsp;<\/td><td>&nbsp;<\/td><td>&nbsp;<\/td><td>&nbsp;<\/td><td>&nbsp;<\/td><td>&nbsp;<\/td><td>&nbsp;<\/td><\/tr><tr><td><strong>Summe:<\/strong><\/td><td><strong>21470<\/strong><\/td><td><strong>57<\/strong><\/td><td><strong>1230<\/strong><\/td><td><strong>19560<\/strong><\/td><td><strong>680<\/strong><\/td><td><strong>&nbsp;<\/strong><\/td><\/tr><\/tbody><\/table><\/figure>\n\n\n\n<p>Quelle: SurvNet@RKI &amp; Sormas<\/p>\n\n\n\n<p>_AH: Personen mit Hauptwohnsitz au\u00dferhalb des Zust\u00e4ndigkeitsbereiches des Gesundheitsamts aber mit fehlerhaften Meldekreis \u201eLK Rhein-Pfalz-Kreis\u201c. Es wird gepr\u00fcft, ob diese noch nachtr\u00e4glich richtig zugeordnet werden k\u00f6nnen.<\/p>\n\n\n\n<p>Aus den Einrichtungen wurden uns keine aktuellen Corona-Virus-Ausbr\u00fcche gemeldet.<\/p>\n\n\n\n<p><em>Kreisverwaltung Rhein-Pfalz-Kreis<br>22.05.2021<\/em><\/p>\n\n\n\n<h2 class=\"wp-block-heading\"><strong>Coronavirus SARS-CoV-2: Aktuelle Fallzahlen f\u00fcr Rheinland-Pfalz<\/strong><strong><\/strong><\/h2>\n\n\n\n<h4 class=\"wp-block-heading\"><em><strong>(Datenstand vom 20.05.2021, 14:10 Uhr)<\/strong><\/em><\/h4>\n\n\n\n<p>Die Fallzahlen zum Coronavirus in Rheinland-Pfalz: Seit Beginn der Pandemie gab es 150.592 laborbest\u00e4tigte Infektionen im Land &#8211; das sind 423 mehr als am Vortag (150.169). 9.747 Menschen im Land sind aktuell mit dem Coronavirus infiziert (Vortag: 9.932). 8.612 Personen wurden seit Beginn der Pandemie ins Krankenhaus gebracht (Vortag: 8.582), 3.678 Personen sind im Zusammenhang mit einer Infektion gestorben &#8211; 6 mehr als am Vortag (3.672). Die landesweite Inzidenz steigt auf 63,0.<\/p>\n\n\n\n<p><strong>Weitere offizielle Corona-Meldedaten aus Rheinland-Pfalz auf&nbsp;der&nbsp;<\/strong><a href=\"https:\/\/deref-web.de\/mail\/client\/jnXIY9tHaEg\/dereferrer\/?redirectUrl=https%3A%2F%2Flua.rlp.de%2Fde%2Funsere-themen%2Finfektionsschutz%2Fmeldedaten_coronavirus%2F\" target=\"_blank\" rel=\"noreferrer noopener\"><strong>Homepage des LUA<\/strong><\/a><strong>.<\/strong><\/p>\n\n\n\n<figure class=\"wp-block-table\"><table><tbody><tr><td><strong>Kreis, Stand 20.5.2021<\/strong><\/td><td><strong>Laborbest\u00e4tigt, seit Beginn der Pandemie<\/strong><\/td><td><strong>Gemeldet, die letzten 7 Tage<\/strong><\/td><\/tr><tr><td><strong>Gesamt<\/strong><\/td><td><strong>Differenz zum<br>Vortag<\/strong><\/td><td><strong>Hospitali-siert<\/strong><\/td><td><strong>Verstor-ben<\/strong><\/td><td><strong>Genesen<sup>A<\/sup><\/strong><\/td><td><strong>aktuelle F\u00e4lle<sup>B<\/sup><\/strong><\/td><td><strong>Gesamt<\/strong><\/td><td><strong>pro<br>100.000<sup>C<\/sup><\/strong><\/td><td><strong>pro<br>100.000 (+USAF)<sup>D<\/sup><\/strong><\/td><td><strong>Gesamt,<br><\/strong><strong>\u2265&nbsp;<\/strong><strong>60 Jahre<\/strong><\/td><td><strong>pro<br>100.000,<br>\u2265 60 Jahre<\/strong><\/td><\/tr><tr><td>Ahrweiler<\/td><td>4327<\/td><td>8<\/td><td>186<\/td><td>49<\/td><td>3937<\/td><td>341<\/td><td>81<\/td><td>62,3<\/td><td>62,3<\/td><td>8<\/td><td>19,0<\/td><\/tr><tr><td>Altenkirchen<\/td><td>4790<\/td><td>13<\/td><td>399<\/td><td>98<\/td><td>4316<\/td><td>376<\/td><td>96<\/td><td>74,5<\/td><td>74,5<\/td><td>11<\/td><td>28,5<\/td><\/tr><tr><td>Alzey-Worms<\/td><td>4904<\/td><td>5<\/td><td>285<\/td><td>117<\/td><td>4531<\/td><td>256<\/td><td>60<\/td><td>46,3<\/td><td>46,3<\/td><td>8<\/td><td>21,8<\/td><\/tr><tr><td>Bad D\u00fcrkheim<\/td><td>4350<\/td><td>6<\/td><td>301<\/td><td>149<\/td><td>3982<\/td><td>219<\/td><td>49<\/td><td>36,9<\/td><td>36,9<\/td><td>9<\/td><td>20,9<\/td><\/tr><tr><td>Bad Kreuznach<\/td><td>5813<\/td><td>17<\/td><td>312<\/td><td>139<\/td><td>5287<\/td><td>387<\/td><td>104<\/td><td>65,7<\/td><td>65,7<\/td><td>9<\/td><td>18,3<\/td><\/tr><tr><td>Bernkastel-Wittlich<\/td><td>2940<\/td><td>5<\/td><td>270<\/td><td>61<\/td><td>2695<\/td><td>184<\/td><td>71<\/td><td>63,1<\/td><td>62,2<\/td><td>4<\/td><td>11,6<\/td><\/tr><tr><td>Birkenfeld<\/td><td>3303<\/td><td>5<\/td><td>290<\/td><td>89<\/td><td>2950<\/td><td>264<\/td><td>93<\/td><td>114,9<\/td><td>111,2<\/td><td>19<\/td><td>72,3<\/td><\/tr><tr><td>Bitburg-Pr\u00fcm<\/td><td>3293<\/td><td>12<\/td><td>159<\/td><td>28<\/td><td>3043<\/td><td>222<\/td><td>45<\/td><td>45,4<\/td><td>43,9<\/td><td>10<\/td><td>35,7<\/td><\/tr><tr><td>Cochem-Zell<\/td><td>1890<\/td><td>6<\/td><td>144<\/td><td>56<\/td><td>1771<\/td><td>63<\/td><td>20<\/td><td>32,6<\/td><td>32,6<\/td><td>10<\/td><td>50,0<\/td><\/tr><tr><td>Donnersbergkreis<\/td><td>2520<\/td><td>4<\/td><td>194<\/td><td>65<\/td><td>2300<\/td><td>155<\/td><td>43<\/td><td>57,1<\/td><td>56,5<\/td><td>3<\/td><td>13,2<\/td><\/tr><tr><td>Germersheim<\/td><td>5443<\/td><td>7<\/td><td>357<\/td><td>125<\/td><td>5065<\/td><td>253<\/td><td>47<\/td><td>36,4<\/td><td>36,4<\/td><td>4<\/td><td>11,3<\/td><\/tr><tr><td>Kaiserslautern<\/td><td>3803<\/td><td>13<\/td><td>226<\/td><td>75<\/td><td>3438<\/td><td>290<\/td><td>68<\/td><td>64,2<\/td><td>54,9<\/td><td>6<\/td><td>19,0<\/td><\/tr><tr><td>Kusel<\/td><td>2163<\/td><td>10<\/td><td>196<\/td><td>65<\/td><td>1951<\/td><td>147<\/td><td>27<\/td><td>38,5<\/td><td>36,4<\/td><td>5<\/td><td>21,7<\/td><\/tr><tr><td>Mainz-Bingen<\/td><td>7240<\/td><td>24<\/td><td>350<\/td><td>214<\/td><td>6441<\/td><td>585<\/td><td>140<\/td><td>66,2<\/td><td>66,2<\/td><td>15<\/td><td>25,0<\/td><\/tr><tr><td>Mayen-Koblenz<\/td><td>7119<\/td><td>23<\/td><td>256<\/td><td>156<\/td><td>6540<\/td><td>423<\/td><td>107<\/td><td>49,9<\/td><td>49,9<\/td><td>12<\/td><td>18,9<\/td><\/tr><tr><td>Neuwied<\/td><td>8004<\/td><td>22<\/td><td>276<\/td><td>119<\/td><td>7494<\/td><td>391<\/td><td>123<\/td><td>67,3<\/td><td>67,3<\/td><td>16<\/td><td>29,3<\/td><\/tr><tr><td>Rhein-Hunsr\u00fcck<\/td><td>3657<\/td><td>4<\/td><td>369<\/td><td>99<\/td><td>3378<\/td><td>180<\/td><td>43<\/td><td>41,7<\/td><td>41,7<\/td><td>3<\/td><td>9,4<\/td><\/tr><tr><td>Rhein-Lahn-Kreis<\/td><td>3942<\/td><td>11<\/td><td>338<\/td><td>97<\/td><td>3641<\/td><td>204<\/td><td>72<\/td><td>58,9<\/td><td>58,9<\/td><td>5<\/td><td>13,1<\/td><\/tr><tr><td>Rhein-Pfalz-Kreis<\/td><td>6484<\/td><td>16<\/td><td>146<\/td><td>224<\/td><td>5917<\/td><td>343<\/td><td>81<\/td><td>52,4<\/td><td>52,4<\/td><td>14<\/td><td>30,0<\/td><\/tr><tr><td>S\u00fcdliche Weinstr.<\/td><td>3633<\/td><td>31<\/td><td>368<\/td><td>114<\/td><td>3232<\/td><td>287<\/td><td>71<\/td><td>64,2<\/td><td>64,2<\/td><td>4<\/td><td>11,6<\/td><\/tr><tr><td>S\u00fcdwestpfalz<\/td><td>2615<\/td><td>10<\/td><td>273<\/td><td>83<\/td><td>2343<\/td><td>189<\/td><td>82<\/td><td>86,5<\/td><td>85,3<\/td><td>11<\/td><td>34,1<\/td><\/tr><tr><td>Trier-Saarburg<\/td><td>4352<\/td><td>12<\/td><td>249<\/td><td>93<\/td><td>3997<\/td><td>262<\/td><td>63<\/td><td>42,2<\/td><td>42,1<\/td><td>7<\/td><td>16,5<\/td><\/tr><tr><td>Vulkaneifel<\/td><td>1985<\/td><td>5<\/td><td>158<\/td><td>61<\/td><td>1817<\/td><td>107<\/td><td>42<\/td><td>69,3<\/td><td>69,2<\/td><td>4<\/td><td>20,0<\/td><\/tr><tr><td>Westerwaldkreis<\/td><td>7127<\/td><td>19<\/td><td>581<\/td><td>148<\/td><td>6508<\/td><td>471<\/td><td>134<\/td><td>66,4<\/td><td>66,4<\/td><td>17<\/td><td>29,3<\/td><\/tr><tr><td>KS Frankenthal<\/td><td>2084<\/td><td>8<\/td><td>34<\/td><td>51<\/td><td>1933<\/td><td>100<\/td><td>35<\/td><td>71,8<\/td><td>71,8<\/td><td>1<\/td><td>6,9<\/td><\/tr><tr><td>KS Kaiserslautern<\/td><td>3527<\/td><td>16<\/td><td>283<\/td><td>111<\/td><td>3082<\/td><td>334<\/td><td>107<\/td><td>107,0<\/td><td>100,3<\/td><td>11<\/td><td>41,0<\/td><\/tr><tr><td>KS Koblenz<\/td><td>4416<\/td><td>2<\/td><td>141<\/td><td>132<\/td><td>4070<\/td><td>214<\/td><td>53<\/td><td>46,5<\/td><td>46,5<\/td><td>3<\/td><td>9,5<\/td><\/tr><tr><td>KS Landau i.d.Pf.<\/td><td>1634<\/td><td>9<\/td><td>168<\/td><td>35<\/td><td>1470<\/td><td>129<\/td><td>31<\/td><td>66,1<\/td><td>66,1<\/td><td>5<\/td><td>41,3<\/td><\/tr><tr><td>KS Ludwigshafen<\/td><td>10166<\/td><td>26<\/td><td>195<\/td><td>322<\/td><td>9169<\/td><td>675<\/td><td>203<\/td><td>117,8<\/td><td>117,8<\/td><td>26<\/td><td>61,1<\/td><\/tr><tr><td>KS Mainz<\/td><td>9763<\/td><td>29<\/td><td>365<\/td><td>201<\/td><td>8672<\/td><td>890<\/td><td>150<\/td><td>68,6<\/td><td>68,6<\/td><td>18<\/td><td>36,0<\/td><\/tr><tr><td>KS Neustadt a.d.W.<\/td><td>1652<\/td><td>1<\/td><td>115<\/td><td>38<\/td><td>1528<\/td><td>86<\/td><td>18<\/td><td>33,8<\/td><td>33,8<\/td><td>2<\/td><td>11,6<\/td><\/tr><tr><td>KS Pirmasens<\/td><td>1373<\/td><td>6<\/td><td>159<\/td><td>54<\/td><td>1230<\/td><td>89<\/td><td>28<\/td><td>69,6<\/td><td>69,6<\/td><td>2<\/td><td>14,9<\/td><\/tr><tr><td>KS Speyer<\/td><td>2781<\/td><td>7<\/td><td>51<\/td><td>83<\/td><td>2555<\/td><td>143<\/td><td>44<\/td><td>87,0<\/td><td>87,0<\/td><td>9<\/td><td>59,0<\/td><\/tr><tr><td>KS Trier<\/td><td>2656<\/td><td>4<\/td><td>124<\/td><td>29<\/td><td>2480<\/td><td>147<\/td><td>31<\/td><td>27,8<\/td><td>27,8<\/td><td>5<\/td><td>19,0<\/td><\/tr><tr><td>KS Worms<\/td><td>4073<\/td><td>20<\/td><td>221<\/td><td>89<\/td><td>3714<\/td><td>270<\/td><td>85<\/td><td>101,7<\/td><td>101,7<\/td><td>19<\/td><td>82,9<\/td><\/tr><tr><td>KS Zweibr\u00fccken<\/td><td>770<\/td><td>7<\/td><td>73<\/td><td>9<\/td><td>690<\/td><td>71<\/td><td>31<\/td><td>90,7<\/td><td>90,6<\/td><td>1<\/td><td>9,5<\/td><\/tr><tr><td><strong>Rheinland-Pfalz<\/strong><\/td><td><strong>150592<\/strong><\/td><td><strong>423<\/strong><\/td><td><strong>8612<\/strong><\/td><td><strong>3678<\/strong><\/td><td><strong>137167 #<\/strong><\/td><td><strong>9747<\/strong><\/td><td><strong>2578<\/strong><\/td><td><strong>63,0<\/strong><\/td><td><strong>62,4<\/strong><\/td><td><strong>316<\/strong><\/td><td><strong>26,4<\/strong><\/td><\/tr><\/tbody><\/table><\/figure>\n\n\n\n<p><strong>Anmerkungen zur Tabelle<\/strong><\/p>\n\n\n\n<p>Dargestellt sind ausschlie\u00dflich mittels PCR laborbest\u00e4tigte Meldef\u00e4lle.<\/p>\n\n\n\n<p>Als \u201everstorben\u201c gelten F\u00e4lle, die als \u201ean\u201c und \u201emit\u201c COVID-19 verstorben \u00fcbermittelt wurden.<\/p>\n\n\n\n<p><sup>A<\/sup>&nbsp;Genesen wurde wie folgt definiert:<\/p>\n\n\n\n<p>a) nicht-verstorben, nicht-hospitalisiert und vor mehr als 21 Tagen ab Datenstichtag erkrankt<\/p>\n\n\n\n<p>b) nicht-verstorben, hospitalisiert gemeldet und vor mehr als 28 Tagen ab Datenstichtag erkrankt<\/p>\n\n\n\n<p>c) nicht-verstorben, Hospitalisierung unbekannt und vor mehr als 28 ab Datenstichtag Tagen erkrankt<\/p>\n\n\n\n<p>Sofern kein Erkrankungsdatum vorliegt, wird das gesch\u00e4tzte Erkrankungsdatum aus Meldedatum minus mittlerem Meldeverzug von derzeit 5 Tagen verwendet.<\/p>\n\n\n\n<p><sup>B<\/sup>&nbsp;Errechnet als Differenz aus Gesamtzahl der laborbest\u00e4tigten F\u00e4lle, Verstorbenen und Genesenen.<\/p>\n\n\n\n<p><sup>C<\/sup>&nbsp;COVID-19 Erkrankungen mit Meldedatum der letzten 7 Tage ab Datenstichtag, pro 100.000 Einwohner. Bitte beachten Sie, dass die Gesamtinzidenz der Meldungen in den letzten 7 Tagen f\u00fcr Rheinland-Pfalz \/100.000 Einwohner das mit der Bev\u00f6lkerungszahl der Gebietseinheit gewichtete Mittel und&nbsp;nicht&nbsp;deren arithmetisches Mittel ist.<\/p>\n\n\n\n<p><sup>D<\/sup>&nbsp;USAF = U.S. Armed Forces; Berechnung der Inzidenz \/100.000 unter Ber\u00fccksichtigung der mit Stand vom 30.6.2020 in der Gebietseinheit stationierten U.S. Streitkr\u00e4fte<\/p>\n\n\n\n<p># Die Summe der in Rheinland-Pfalz bereits von COVID-19 Genesenen kann aufgrund eines unterschiedlichen Datenstandes und Bewertungsalgorithmus von der auf dem RKI-Dashboard abweichen.<\/p>\n\n\n\n<p><strong>Anmerkung zur Inzidenz der Menschen \u00fcber 60 Jahre<\/strong>: Das Risiko, durch eine SARS-CoV-2 Infektion schwer zu erkranken und daran sogar zu versterben steigt ab einem Alter von 60 Jahren sprunghaft an, so dass bei den \u00fcber 85-J\u00e4hrigen im Durchschnitt jeder 4. Infizierte auch daran verstirbt. Bei Abw\u00e4gung der Chancen und Risiken einer schrittweisen \u00d6ffnung der Gesellschaft einerseits und dem individuellen Schutz der Gesundheit andererseits ist es daher von besonderer Bedeutung, die Ausbreitung von Infektionen in der Altersgruppe \u00fcber 60 Jahren zu kontrollieren. Die gesonderte Ausweisung der 7-Tages-Inzidenz f\u00fcr Menschen im Alter von 60 Jahren und \u00e4lter durch das Landesuntersuchungsamt gibt zus\u00e4tzliche Information f\u00fcr die Beurteilung der Wirksamkeit und damit der Steuerung von Infektionsschutzma\u00dfnahmen im Hinblick auf diese besonders vulnerable Gruppe. Gleichzeitig erhalten die B\u00fcrger einen weiteren Zielparameter f\u00fcr den Erfolg ihres gemeinschaftlichen Hygienehandelns in den Kommunen.<\/p>\n\n\n\n<p><em>Landesuntersuchungsamt (LUA) Rheinland-Pfalz<br>22.05.2021<\/em><\/p>\n","protected":false},"excerpt":{"rendered":"<div class=\"mh-excerpt\"><p>Ausstellung &#8220; Die Kunst der Radierung&#8220; Klein Niedesheim &#8211; Ge\u00f6ffnet ab dem 23. Mai bis 04. Juli 2021. \u00d6ffnungszeiten: Sonntag und Pfingstmontag jeweils 13:00 \u2013 17:00 Uhr. Eintritt nur bei vorheriger Vorausbuchung; maximal zwei Personen <a class=\"mh-excerpt-more\" href=\"https:\/\/speyer24news.com\/?p=36835\" title=\"Rhein-Pfalz-Kreis\">[&#8230;]<\/a><\/p>\n<\/div>","protected":false},"author":3,"featured_media":25960,"comment_status":"open","ping_status":"open","sticky":false,"template":"","format":"standard","meta":{"_monsterinsights_skip_tracking":false,"_monsterinsights_sitenote_active":false,"_monsterinsights_sitenote_note":"","_monsterinsights_sitenote_category":0,"footnotes":""},"categories":[1564],"tags":[10594,8741,6474,8742,9175,10201,8706,6634,7295,7296,11657,427,1565,1743,158],"aioseo_notices":[],"amp_enabled":true,"_links":{"self":[{"href":"https:\/\/speyer24news.com\/index.php?rest_route=\/wp\/v2\/posts\/36835"}],"collection":[{"href":"https:\/\/speyer24news.com\/index.php?rest_route=\/wp\/v2\/posts"}],"about":[{"href":"https:\/\/speyer24news.com\/index.php?rest_route=\/wp\/v2\/types\/post"}],"author":[{"embeddable":true,"href":"https:\/\/speyer24news.com\/index.php?rest_route=\/wp\/v2\/users\/3"}],"replies":[{"embeddable":true,"href":"https:\/\/speyer24news.com\/index.php?rest_route=%2Fwp%2Fv2%2Fcomments&post=36835"}],"version-history":[{"count":1,"href":"https:\/\/speyer24news.com\/index.php?rest_route=\/wp\/v2\/posts\/36835\/revisions"}],"predecessor-version":[{"id":36839,"href":"https:\/\/speyer24news.com\/index.php?rest_route=\/wp\/v2\/posts\/36835\/revisions\/36839"}],"wp:featuredmedia":[{"embeddable":true,"href":"https:\/\/speyer24news.com\/index.php?rest_route=\/wp\/v2\/media\/25960"}],"wp:attachment":[{"href":"https:\/\/speyer24news.com\/index.php?rest_route=%2Fwp%2Fv2%2Fmedia&parent=36835"}],"wp:term":[{"taxonomy":"category","embeddable":true,"href":"https:\/\/speyer24news.com\/index.php?rest_route=%2Fwp%2Fv2%2Fcategories&post=36835"},{"taxonomy":"post_tag","embeddable":true,"href":"https:\/\/speyer24news.com\/index.php?rest_route=%2Fwp%2Fv2%2Ftags&post=36835"}],"curies":[{"name":"wp","href":"https:\/\/api.w.org\/{rel}","templated":true}]}}