{"id":36906,"date":"2021-05-24T07:31:43","date_gmt":"2021-05-24T06:31:43","guid":{"rendered":"https:\/\/speyer24news.com\/?p=36906"},"modified":"2021-05-24T07:31:44","modified_gmt":"2021-05-24T06:31:44","slug":"worms-11","status":"publish","type":"post","link":"https:\/\/speyer24news.com\/?p=36906","title":{"rendered":"Worms"},"content":{"rendered":"<style type=\"text\/css\">\r\n\t.ads_top_disp{}\r\n\t.ads_top_corner_disp{ float:left; margin:0px 10px 10px 0px; }\r\n\t.ads_first_p_disp{}\r\n\t.ads_bottom_disp{}\r\n\t<\/style>\n<div class=\"wp-block-image\"><figure class=\"aligncenter size-large\"><img decoding=\"async\" loading=\"lazy\" width=\"723\" height=\"237\" src=\"https:\/\/speyer24news.com\/wp-content\/uploads\/2020\/02\/Worms-Header.png\" alt=\"\" class=\"wp-image-25143\" srcset=\"https:\/\/speyer24news.com\/wp-content\/uploads\/2020\/02\/Worms-Header.png 723w, https:\/\/speyer24news.com\/wp-content\/uploads\/2020\/02\/Worms-Header-300x98.png 300w\" sizes=\"(max-width: 723px) 100vw, 723px\" \/><\/figure><\/div>\n\n\n\n<h2 class=\"wp-block-heading\"><strong>Wormser ELEFANTENH\u00d6FE \u00f6ffnen ihre T\u00fcren<\/strong><\/h2>\n\n\n\n<h3 class=\"wp-block-heading\">Neue Gesch\u00e4fte ziehen in die ELEFANTENH\u00d6FE auf dem Valckenberg-Gel\u00e4nde \/ Er\u00f6ffnung f\u00fcr Juli geplant<\/h3>\n\n\n\n<h4 class=\"wp-block-heading\"><strong>Bereits seit einigen Monaten befindet sich das Valckenberg-Areal am Wormser Weckerlingplatz im Wandel. In die R\u00e4umlichkeiten rund um den Innenhof ziehen demn\u00e4chst die ersten Mieter ein. Dazu geh\u00f6ren die Bar EINRAUM, das Eisgesch\u00e4ft \u201eNonno\u201c, die Kaffeer\u00f6sterei \u201ePerro Negro\u201c, die Vinothek des \u201eWeingut am Dom\u201c, der Kulturverein \u201ePOP UP Worms\u201c sowie der \u201eWRMS LDN\u201c \u2013 sie alle werden sich den Innenhof teilen und gemeinsam unter der Dachmarke ELEFANTENH\u00d6FE auftreten. Die jeweiligen Renovierungsarbeiten sind in vollem Gange, die Er\u00f6ffnung der ersten Gesch\u00e4fte und des Areals ist derzeit f\u00fcr den Juli geplant. Weitere Informationen gibt es demn\u00e4chst unter <\/strong><a href=\"http:\/\/www.elefantenhoefe.de\"><strong>www.elefantenhoefe.de<\/strong><\/a><\/h4>\n\n\n\n<div class=\"wp-block-image\"><figure class=\"aligncenter size-large\"><img decoding=\"async\" loading=\"lazy\" width=\"600\" height=\"285\" src=\"https:\/\/speyer24news.com\/wp-content\/uploads\/2021\/05\/Elefantenhoefe-Worms.png\" alt=\"\" class=\"wp-image-36916\" srcset=\"https:\/\/speyer24news.com\/wp-content\/uploads\/2021\/05\/Elefantenhoefe-Worms.png 600w, https:\/\/speyer24news.com\/wp-content\/uploads\/2021\/05\/Elefantenhoefe-Worms-300x143.png 300w\" sizes=\"(max-width: 600px) 100vw, 600px\" \/><\/figure><\/div>\n\n\n\n<p>Mit der Neuentwicklung des Valckenberg-Gel\u00e4ndes durch die TIMBRA Group und die Sparkasse Worms-Alzey-Ried erhalten auch die R\u00e4umlichkeiten rund um den Innenhof neue Mieter. Der Name ELEFANTENH\u00d6FE hat einen historischen Hintergrund: Bereits 1703 tritt der Name \u201eZum Elefant\u201c erstmals als Adressbezeichnung f\u00fcr das Anwesen auf und auch heute noch zieren zwei Elefanten das Wappen des Sandstein-Torbogens am Eingang.<\/p>\n\n\n\n<p>Mit den steigenden Temperaturen l\u00e4sst sich ab Juli dann eine Kugel Eis des Wormser Unternehmens \u201eNonno\u201c rund um das historische Areal am Andreasstift genie\u00dfen. Auch die Eicher Kaffeer\u00f6sterei \u201ePerro Negro\u201c, die neben den aromatischen R\u00f6stungen f\u00fcr zuhause auch erlesene Kaffeespezialit\u00e4ten vor Ort anbietet, freut sich darauf, bald auch in Worms ihre Kunden empfangen zu k\u00f6nnen.<\/p>\n\n\n\n<p>Nach rund zweieinhalb Jahren in der Rheinstra\u00dfe zieht der EINRAUM mit seinen ausgefallenen Cocktails, lokalen Weinen und kleineren Speisen in die R\u00e4umlichkeiten am Weckerlingplatz 1. Geplant sind neben dem regul\u00e4ren Barbetrieb auch kreative Events und Tastings. Gleiches gilt f\u00fcr das neu gegr\u00fcndete \u201eWeingut am Dom\u201c, das mit einer Vinothek in die ELEFANTENH\u00d6FE zieht. Zudem wird auch der sogenannte \u201eWRMS LDN\u201c (gesprochen: Worms Laden) zur Nachbarschaft geh\u00f6ren. Urspr\u00fcnglich als touristische Erweiterung der gro\u00dfen Landesausstellung geplant, wird es in diesem neuen Gesch\u00e4ft Informationen und vielf\u00e4ltige Produkte rund um die verschiedenen kulturellen Profile der Stadt sowie Tickets zu diversen Veranstaltungen in Worms geben. Geplant ist der Betrieb des \u201eWRMS LDN\u201c vorerst bis zum Ende der Landesausstellung im Herbst 2021. Neu mit in den Mieterkreis der ELEFANTENH\u00d6FE ist auch der Verein \u201ePOP UP Worms\u201c gesto\u00dfen. Die Vereinsmitglieder hinter dem j\u00e4hrlichen \u201ePOP UP-Festival\u201c werden zum Sp\u00e4tsommer einen Raum im oberen Stockwerk anmieten und planen, diesen ganzj\u00e4hrig mit wechselnden kulturellen Angeboten zu bespielen. Auch der zweite, s\u00fcdlich angrenzende Innenhof auf dem Gel\u00e4nde soll zuk\u00fcnftig f\u00fcr Besucher erlebbar gemacht werden.<\/p>\n\n\n\n<p><em>Kultur und Veranstaltungs GmbH Worms<br>24.05.2021<\/em><\/p>\n\n\n\n<h2 class=\"wp-block-heading\"><strong>Nibelungen-Festspiele Worms gewinnen hochkar\u00e4tiges und internationales Schauspielerensemble f\u00fcr die Urauff\u00fchrung von \u201eLuther\u201c 2021 vor dem Wormser Dom \/ Festspiele in diesem Jahr vor besonderen Herausforderungen<\/strong><\/h2>\n\n\n\n<h4 class=\"wp-block-heading\"><strong>F\u00fcr die diesj\u00e4hrige Urauff\u00fchrung von Lukas B\u00e4rfuss\u2018 St\u00fcck \u201eLuther\u201c in der Regie der ungarischen Regisseurin Ildik\u00f3 G\u00e1sp\u00e1r konnten Sunnyi Melles, J\u00fcrgen Tarrach, Johannes Klau\u00dfner, Matthias Neukirch (Schauspiel Z\u00fcrich), Konstantin B\u00fchler (Schauspielhaus Bochum), Julischka Eichel (Schauspiel Stuttgart, Volksb\u00fchne Berlin), Katrija Lehmann (Schauspielhaus Graz) und Jan Th\u00fcmer, ebenso wie die Nachwuchsdarstellerin Barbara Colceriu (Theater Basel und nominiert f\u00fcr First Steps) verpflichtet werden. Die ungarischen Schauspieler Veronika Szab\u00f3, Barnab\u00e1s Horkay, Anna Szandtner, M\u00e1t\u00e9 Borsi-Balogh, Iring\u00f3 R\u00e9ti, Ervin P\u00e1lfi und Flora Lili Matisz vervollst\u00e4ndigen das erstmals internationale Ensemble. Die Proben beginnen am 1. Juni. <\/strong><\/h4>\n\n\n\n<div class=\"wp-block-image\"><figure class=\"aligncenter size-large\"><a href=\"www.nibelungenfestpiele.de\"><img decoding=\"async\" loading=\"lazy\" width=\"600\" height=\"321\" src=\"https:\/\/speyer24news.com\/wp-content\/uploads\/2020\/05\/Nibelungen-Festspiele-Worms.png\" alt=\"\" class=\"wp-image-26850\" srcset=\"https:\/\/speyer24news.com\/wp-content\/uploads\/2020\/05\/Nibelungen-Festspiele-Worms.png 600w, https:\/\/speyer24news.com\/wp-content\/uploads\/2020\/05\/Nibelungen-Festspiele-Worms-300x161.png 300w\" sizes=\"(max-width: 600px) 100vw, 600px\" \/><\/a><\/figure><\/div>\n\n\n\n<p>Nico Hofmann, Intendant der Nibelungen-Festspiele: \u201eIch bin sehr froh, dass es uns gelungen ist, in diesem herausfordernden Coronajahr ein so starkes Ensemble nach Worms einzuladen. Es ist eine tolle Mischung aus bekannten Film- und Fernsehschauspielerinnen und -spielern und hochkar\u00e4tigen Mitgliedern aus den gro\u00dfen deutschsprachigen Theaterensembles. Mit dem Regieteam um Ildik\u00f3 G\u00e1sp\u00e1r und dem tollen Ensemble, das sie aus Budapest mitbringt, gehen die Nibelungen-Festspiele im Lutherjahr einen gro\u00dfen Schritt in Richtung Internationalit\u00e4t. Ein starkes Zeichen f\u00fcr die Bedeutung von Kunst und Kultur in diesen Zeiten \u2013 \u00fcber alle Grenzen hinweg!\u201c<\/p>\n\n\n\n<p>Oberb\u00fcrgermeister Adolf Kessel, der auch Vorsitzender des Gesellschafterausschusses der Nibelungen-Festspiele ist: <em>\u201eDie Nibelungen-Festspiele sind nicht nur seit vielen Jahren ein bundesweit bekanntes, herausragendes Kultur-Ereignis. Sie sind auch Motor der Stadtentwicklung, ein bedeutender Faktor f\u00fcr die st\u00e4dtische Wirtschaft sowie f\u00fcr den Einzelhandel und als touristischer Anziehungspunkt f\u00fcr die Region und das Land so wichtig. Die Inszenierungen stehen f\u00fcr die kulturelle Vielfalt und Kreativit\u00e4t, die Rheinland-Pfalz auszeichnen. Wir setzen alles daran, dass die Nibelungen-Festspiele im gro\u00dfen Wormser Lutherjahr als ein herausragender Ankerpunkt der Gesamtfeierlichkeiten stattfinden k\u00f6nnen.\u201c<\/em><\/p>\n\n\n\n<div class=\"wp-block-image\"><figure class=\"aligncenter size-large\"><img decoding=\"async\" loading=\"lazy\" width=\"800\" height=\"533\" src=\"https:\/\/speyer24news.com\/wp-content\/uploads\/2021\/05\/Ambiente-hell-Bernward-Bertram.jpg\" alt=\"\" class=\"wp-image-36914\" srcset=\"https:\/\/speyer24news.com\/wp-content\/uploads\/2021\/05\/Ambiente-hell-Bernward-Bertram.jpg 800w, https:\/\/speyer24news.com\/wp-content\/uploads\/2021\/05\/Ambiente-hell-Bernward-Bertram-300x200.jpg 300w, https:\/\/speyer24news.com\/wp-content\/uploads\/2021\/05\/Ambiente-hell-Bernward-Bertram-768x512.jpg 768w\" sizes=\"(max-width: 800px) 100vw, 800px\" \/><\/figure><\/div>\n\n\n\n<p><strong>Aufgrund der Corona-Pandemie stehen die Nibelungen-Festspiele in diesem Jahr vor besonderen Herausforderungen. <\/strong>In der j\u00fcngsten Sitzung des Gesellschafterausschusses legten die Festspielverantwortlichen mit Gesch\u00e4ftsf\u00fchrer Sascha Kaiser, dem K\u00fcnstlerischen Leiter Thomas Laue sowie der K\u00fcnstlerischen und Technischen Betriebsdirektorin Petra Simon dar, dass die Nibelungen-Festspiele mit Hochdruck daran arbeiten, die Auff\u00fchrung des Luther-St\u00fcckes mit umsichtigen Ma\u00dfnahmen und einem umfassenden Hygienekonzept m\u00f6glich zu machen. Der Gesellschafterausschuss bekr\u00e4ftigte diese Bem\u00fchungen. <strong>Als ein H\u00f6hepunkt im Wormser Lutherjahr sei es ein wichtiges Signal, dass gerade zu diesem Jubil\u00e4um die Urauff\u00fchrung \u201eLuther\u201c von Lukas B\u00e4rfuss auf der gro\u00dfen Freiluftb\u00fchne vom 16. Juli bis 1. August vor dem Kaiserdom stattfinden kann.<\/strong><\/p>\n\n\n\n<p>Gesch\u00e4ftsf\u00fchrer Sascha Kaiser sagt: <em>\u201eEs freut uns sehr, dass unsere Partner, Sponsoren und F\u00f6rderer gerade in diesen Zeiten Stabilit\u00e4t signalisieren und uns den R\u00fccken st\u00e4rken. Das unterst\u00fctzt auch die Region und den Standort Worms. Ein wichtiges Zeichen aus der Politik und Wirtschaft f\u00fcr die Festspiele und f\u00fcr die Kultur.\u201c<\/em><\/p>\n\n\n\n<div class=\"wp-block-image\"><figure class=\"aligncenter size-large\"><img decoding=\"async\" loading=\"lazy\" width=\"800\" height=\"533\" src=\"https:\/\/speyer24news.com\/wp-content\/uploads\/2021\/05\/nf_170719_0935.jpg\" alt=\"\" class=\"wp-image-36915\" srcset=\"https:\/\/speyer24news.com\/wp-content\/uploads\/2021\/05\/nf_170719_0935.jpg 800w, https:\/\/speyer24news.com\/wp-content\/uploads\/2021\/05\/nf_170719_0935-300x200.jpg 300w, https:\/\/speyer24news.com\/wp-content\/uploads\/2021\/05\/nf_170719_0935-768x512.jpg 768w\" sizes=\"(max-width: 800px) 100vw, 800px\" \/><\/figure><\/div>\n\n\n\n<p><em>\u201eDer B\u00fcchnerpreistr\u00e4ger Lukas B\u00e4rfuss hat ein politisches St\u00fcck \u00fcber Luther geschrieben, das die ungarische Regisseurin Ildik\u00f3 G\u00e1sp\u00e1r mit einem scharfen Blick auf die Bedeutung von Freiheit und der Macht des Wortes inszeniert. Die Festspiele in diesem Jahr versprechen ein Ereignis zu werden, nicht nur, weil nach langer Zeit endlich wieder Theater gespielt wird, sondern auch, weil zum Jubil\u00e4umsjahr des Wormser Reichstages der historischen Figur Luther und ihrem Wirken bis in die Gegenwart auf besondere Weise Rechnung getragen wird\u201c<\/em>, so der K\u00fcnstlerische Leiter Thomas Laue.<\/p>\n\n\n\n<h3 class=\"wp-block-heading\"><strong>Probenstart am 1. Juni<\/strong><\/h3>\n\n\n\n<p>Am 1. Juni beginnen die Proben f\u00fcr \u201eLuther\u201c in Worms. Dann wird das Ensemble zum ersten Mal mit der Regisseurin Ildik\u00f3 G\u00e1sp\u00e1r, dem k\u00fcnstlerischen Team und Autor Lukas B\u00e4rfuss zusammenkommen. Das St\u00fcck erz\u00e4hlt den Fall \u201eLuther\u201c als hochspannende Staatsaff\u00e4re zwischen Machtintrige und Religionskampf. Welche Rollen die renommierten Schauspielerinnen und Schauspieler \u00fcbernehmen werden, wird zum Probenstart bekannt gegeben.<\/p>\n\n\n\n<p>Weitere Informationen unter <a href=\"http:\/\/www.nibelungenfestpiele.de\">www.nibelungenfestpiele.de<\/a><\/p>\n\n\n\n<p><em>Text: Nibelungenfestspiele gGmbH der Stadt Worms Foto: Bernward Bertram<br>24.05.2021<\/em><\/p>\n\n\n\n<h2 class=\"wp-block-heading\"><strong>Neue Kinderb\u00fccher im Worms Verlag<\/strong><\/h2>\n\n\n\n<h3 class=\"wp-block-heading\">Zwei spannende Kinderb\u00fccher von Erfolgsautorin Andrea Liebers aus der Edition \u201eKimonade\u201c, neu im Worms Verlag erschienen<\/h3>\n\n\n\n<p><strong>Im Worms Verlag erscheinen und seit letztem Jahr in der neugestarteten Reihe \u201eEdition Kimonade\u201c Kinderb\u00fccher von Andrea Liebers, die zuvor im Verlag bereits den vierb\u00e4ndigen Kinderbuch-Zyklus \u201eDas Gold der Nibelungen\u201c ver\u00f6ffentlicht hatte. In ihren Geschichten \u201eDie magische Pr\u00fcfung\u201c und das \u201eGeheimnis des Buddha\u201c verkn\u00fcpft die beliebte Kinder- und Jugendbuchautorin Andrea Liebers Fakten und Fiktion auf spannendste Weise!<\/strong><\/p>\n\n\n\n<div class=\"wp-block-image\"><figure class=\"aligncenter size-large\"><img decoding=\"async\" loading=\"lazy\" width=\"500\" height=\"715\" src=\"https:\/\/speyer24news.com\/wp-content\/uploads\/2021\/05\/978-3-947884-29-2-Cover.jpg\" alt=\"\" class=\"wp-image-36912\" srcset=\"https:\/\/speyer24news.com\/wp-content\/uploads\/2021\/05\/978-3-947884-29-2-Cover.jpg 500w, https:\/\/speyer24news.com\/wp-content\/uploads\/2021\/05\/978-3-947884-29-2-Cover-210x300.jpg 210w\" sizes=\"(max-width: 500px) 100vw, 500px\" \/><\/figure><\/div>\n\n\n\n<p>\u201eEdition Kimonade\u201c st\u00f6\u00dft auch \u00fcberregional auf gro\u00dfen Zuspruch. Vor allem aus Kinderg\u00e4rten treffen beim Verlag lobende R\u00fcckmeldungen ein, die Pr\u00e4ventionsabteilung des Polizeipr\u00e4sidiums Mannheim beurteilte die Reihe als vorbildlich geeignet zur fr\u00fchkindlichen Konfliktvermeidung, die PH Voralberg empfiehlt die Reihe bei Fortbildungen von P\u00e4dagogen zu ethischen und interkulturellen Themen. Andrea Liebers, geboren 1961 in Karlsruhe studierte Germanistik und Latein des Mittelalters. Ihre B\u00fccher besch\u00e4ftigen sich mit ethischen Fragen und alternativen Sichtweisen auf den Alltag. In ihren speziell f\u00fcr Schulen entwickelten Schreibwerkst\u00e4tten f\u00f6rdert Andrea Liebers die Erz\u00e4hlfreude von Kindern. 2018 wurde sie ausgezeichnet mit dem Leipziger Lese-Kompass. Im Vordergrund ihrer aktuellen Titel richtet sich ihr Blick auf die Vermittlung eines kindgerechten interkulturellen Verst\u00e4ndnisses der vorhandenen Religionen.<\/p>\n\n\n\n<p>Zum Inhalt: In dem von Johanna Berking illustrierten Buch \u201e<strong>Die Magische Pr\u00fcfung\u201c<\/strong> besch\u00e4ftigt sich Autorin Andrea Liebers mit der j\u00fcdischen Kultur. Der im 14.Jahrhundert angesiedelte j\u00fcdische Waisenjunge Jakub, welcher in Worms lebt, wird von seinem Lehrer nicht nur in Lesen, Schreiben und Rechnen gelehrt, sondern auch in der Zauberei. Namensgebung und Zauberformeln lagen in der in der mittelalterlichen Mystik als auch in der Volksfr\u00f6mmigkeit nahe beieinander, sowohl in der j\u00fcdischen wie in der christlichen Kultur. So findet sich beim Wormser Rabbiner Eleasar auch die \u00e4lteste erhaltene Rezeptur zur Herstellung des Golem. Die \u201eMagische Pr\u00fcfung\u201c ist dagegen inspiriert vom mittelalterlichen Buch \u201eAbramelin\u201c. Ein illustrierter Stadtplan und ein ausf\u00fchrlicher Infoteil runden die Geschichte ab und lassen Historie lebendig werden.<\/p>\n\n\n\n<div class=\"wp-block-image\"><figure class=\"aligncenter size-large\"><img decoding=\"async\" loading=\"lazy\" width=\"500\" height=\"760\" src=\"https:\/\/speyer24news.com\/wp-content\/uploads\/2021\/05\/978-3-947884-54-4-Cover.jpg\" alt=\"\" class=\"wp-image-36913\" srcset=\"https:\/\/speyer24news.com\/wp-content\/uploads\/2021\/05\/978-3-947884-54-4-Cover.jpg 500w, https:\/\/speyer24news.com\/wp-content\/uploads\/2021\/05\/978-3-947884-54-4-Cover-197x300.jpg 197w\" sizes=\"(max-width: 500px) 100vw, 500px\" \/><\/figure><\/div>\n\n\n\n<p>In <strong>\u201eDas Geheimnis des Buddha\u201c<\/strong> bebt in einem indischen Dort mitten in der Nacht die Erde. Die Geschwister Siri und Tissa laufen aufgeregt ins Freie. Am n\u00e4chsten Tag erfahren sie von einem alten M\u00f6nch den Grund f\u00fcr das Beben und h\u00f6ren dessen spannende Lebensgeschichte \u00fcber den Buddha, die mit der Geburt des Prinzen Siddharta beginnt. Der Titel ist im Worms Verlag jetzt als zweite Auflage erschienen. Die erste \u2013 inzwischen vergriffene \u2013 Auflage erschien im Peter Hammer Verlag, der seit \u00fcber 50 Jahren f\u00fcr anspruchsvolle Literatur aus Afrika und Lateinamerika steht, aber vor allem auch f\u00fcr besonders sch\u00f6ne Bilder- und Kinderb\u00fccher mit emanzipatorischem Anspruch vielfach ausgezeichnet wurde.<\/p>\n\n\n\n<p>Die Kinder- und Jugendbuchautorin Andrea Liebers verkn\u00fcpft in ihren Geschichten geschickt Fakten und Fiktion. Andrea Liebers ver\u00f6ffentlichte im Worms Verlag bereits den vierb\u00e4ndigen Kinderbuch-Zyklus \u201eDas Gold der Nibelungen\u201c. \u201eEdition Kimonade\u201c st\u00f6\u00dft auch \u00fcberregional auf gro\u00dfen Zuspruch. In ihren speziell f\u00fcr Schulen entwickelten Schreibwerkst\u00e4tten f\u00f6rdert Andrea Liebers die Erz\u00e4hlfreude von Kindern. 2018 wurde sie ausgezeichnet mit dem Leipziger Lese-Kompass. Im Vordergrund ihrer aktuellen Titel richtet sich ihr Blick auf die Vermittlung eines kindgerechten interkulturellen Verst\u00e4ndnisses der vorhandenen Religionen.<\/p>\n\n\n\n<h4 class=\"wp-block-heading\"><strong>Zum Buch:<\/strong> <strong>Die magische Pr\u00fcfung<\/strong><\/h4>\n\n\n\n<ul><li>Autorin: Andrea Liebers<\/li><li>Gebundene Ausgabe<\/li><li>104 Seiten, teilweise illustriert<\/li><li>ISBN 978-3-947884-29-2<\/li><li>Preis: 24,80 Euro<\/li><\/ul>\n\n\n\n<h4 class=\"wp-block-heading\"><strong>Zum Buch:<\/strong> <strong>Das Geheimnis des Buddha<\/strong><\/h4>\n\n\n\n<ul><li>Autorin: Andrea Liebers<\/li><li>Gebundene Ausgabe<\/li><li>184 Seiten<\/li><li>ISBN 978-3-947884-54-2<\/li><li>Preis: 14,80<\/li><\/ul>\n\n\n\n<p><em>Kultur und Veranstaltungs GmbH Worms<br>24.05.2021<\/em><\/p>\n","protected":false},"excerpt":{"rendered":"<div class=\"mh-excerpt\"><p>Wormser ELEFANTENH\u00d6FE \u00f6ffnen ihre T\u00fcren Neue Gesch\u00e4fte ziehen in die ELEFANTENH\u00d6FE auf dem Valckenberg-Gel\u00e4nde \/ Er\u00f6ffnung f\u00fcr Juli geplant Bereits seit einigen Monaten befindet sich das Valckenberg-Areal am Wormser Weckerlingplatz im Wandel. In die R\u00e4umlichkeiten <a class=\"mh-excerpt-more\" href=\"https:\/\/speyer24news.com\/?p=36906\" title=\"Worms\">[&#8230;]<\/a><\/p>\n<\/div>","protected":false},"author":3,"featured_media":27055,"comment_status":"open","ping_status":"open","sticky":false,"template":"","format":"standard","meta":{"_monsterinsights_skip_tracking":false,"_monsterinsights_sitenote_active":false,"_monsterinsights_sitenote_note":"","_monsterinsights_sitenote_category":0,"footnotes":""},"categories":[11686],"tags":[11693,11696,11695,11687,11688,11694,9894,11690,11691,5918,5917,5915,2304,11692,11689],"aioseo_notices":[],"amp_enabled":true,"_links":{"self":[{"href":"https:\/\/speyer24news.com\/index.php?rest_route=\/wp\/v2\/posts\/36906"}],"collection":[{"href":"https:\/\/speyer24news.com\/index.php?rest_route=\/wp\/v2\/posts"}],"about":[{"href":"https:\/\/speyer24news.com\/index.php?rest_route=\/wp\/v2\/types\/post"}],"author":[{"embeddable":true,"href":"https:\/\/speyer24news.com\/index.php?rest_route=\/wp\/v2\/users\/3"}],"replies":[{"embeddable":true,"href":"https:\/\/speyer24news.com\/index.php?rest_route=%2Fwp%2Fv2%2Fcomments&post=36906"}],"version-history":[{"count":1,"href":"https:\/\/speyer24news.com\/index.php?rest_route=\/wp\/v2\/posts\/36906\/revisions"}],"predecessor-version":[{"id":36917,"href":"https:\/\/speyer24news.com\/index.php?rest_route=\/wp\/v2\/posts\/36906\/revisions\/36917"}],"wp:featuredmedia":[{"embeddable":true,"href":"https:\/\/speyer24news.com\/index.php?rest_route=\/wp\/v2\/media\/27055"}],"wp:attachment":[{"href":"https:\/\/speyer24news.com\/index.php?rest_route=%2Fwp%2Fv2%2Fmedia&parent=36906"}],"wp:term":[{"taxonomy":"category","embeddable":true,"href":"https:\/\/speyer24news.com\/index.php?rest_route=%2Fwp%2Fv2%2Fcategories&post=36906"},{"taxonomy":"post_tag","embeddable":true,"href":"https:\/\/speyer24news.com\/index.php?rest_route=%2Fwp%2Fv2%2Ftags&post=36906"}],"curies":[{"name":"wp","href":"https:\/\/api.w.org\/{rel}","templated":true}]}}