{"id":36951,"date":"2021-05-24T12:02:26","date_gmt":"2021-05-24T11:02:26","guid":{"rendered":"https:\/\/speyer24news.com\/?p=36951"},"modified":"2021-05-24T12:02:27","modified_gmt":"2021-05-24T11:02:27","slug":"schwetzingen-65","status":"publish","type":"post","link":"https:\/\/speyer24news.com\/?p=36951","title":{"rendered":"Schwetzingen"},"content":{"rendered":"<style type=\"text\/css\">\r\n\t.ads_top_disp{}\r\n\t.ads_top_corner_disp{ float:left; margin:0px 10px 10px 0px; }\r\n\t.ads_first_p_disp{}\r\n\t.ads_bottom_disp{}\r\n\t<\/style>\n<h2 class=\"wp-block-heading\"><strong>Aktiv f\u00fcr den Klimaschutz: STADTRADELN im Juni<\/strong><\/h2>\n\n\n\n<div class=\"wp-block-image\"><figure class=\"aligncenter size-large\"><img decoding=\"async\" loading=\"lazy\" width=\"630\" height=\"167\" src=\"https:\/\/speyer24news.com\/wp-content\/uploads\/2020\/06\/Stadtradeln-Logo.png\" alt=\"\" class=\"wp-image-28496\" srcset=\"https:\/\/speyer24news.com\/wp-content\/uploads\/2020\/06\/Stadtradeln-Logo.png 630w, https:\/\/speyer24news.com\/wp-content\/uploads\/2020\/06\/Stadtradeln-Logo-300x80.png 300w\" sizes=\"(max-width: 630px) 100vw, 630px\" \/><\/figure><\/div>\n\n\n\n<p>STADTRADELN geht in Schwetzingen in die dritte Runde: Vom 12. Juni bis zum 2. Juli 2021 sind alle Schwetzinger\/innen wieder dazu aufgerufen das Auto stehen zu lassen und kr\u00e4ftig f\u00fcr den Klimaschutz in die Pedale zu treten. Viele Kommunen im Rhein-Neckar-Kreis nehmen zeitgleich am Stadtradeln teil und wetteifern um die meisten Radkilometer.<\/p>\n\n\n\n<h4 class=\"wp-block-heading\"><strong>Drei spannende Wochen<\/strong><\/h4>\n\n\n\n<p>\u201eWir freuen uns schon jetzt auf den Start und drei spannende Wochen\u201c, erkl\u00e4rt Patrick Cisowski, Klimaschutzbeauftragter der Stadt. \u201eAuch, wenn wir keine gr\u00f6\u00dferen Veranstaltungen planen k\u00f6nnen, bietet das STADTRADELN ja trotzdem ein tolles Gemeinschaftserlebnis. Unser Team der Stadtverwaltung w\u00e4chst von Tag zu Tag.\u201c Cisowski selbst hat sich hohe Ziele gesteckt: Er wohnt in Neustadt und will w\u00e4hrend des STADTRADELNs so oft wie m\u00f6glich mit dem Rad zur Arbeit nach Schwetzingen fahren: \u201eDas sind immerhin 40 Kilometer pro Strecke, da d\u00fcrfte schon ein bisschen was zusammenkommen\u201c, meint Cisowski augenzwinkernd.<\/p>\n\n\n\n<h4 class=\"wp-block-heading\"><strong>Mitradeln und Schwetzingen nach vorne bringen<\/strong><\/h4>\n\n\n\n<p>Alle Interessierten k\u00f6nnen sich auf der Stadtradeln-Webseite registrieren und dann ab 12. Juni Kilometer sammeln \u2013 entweder online oder per Stadtradeln-App. Auf der Stadtradeln-Webseite sucht man sich die richtige Kommune heraus und ordnet sich einem bestehenden Team Bekannten, Freund\/innen, Kolleg\/innen oder auch dem Sportverein zu. Alle, die alleine radeln oder keinem bestehenden Team beitreten m\u00f6chten, tragen sich einfach ins \u201eOffene Team Schwetzingen\u201c ein.<\/p>\n\n\n\n<p>\u201eVor allem auch die Vereine m\u00f6chten wir motivieren sich am STADTRADELN zu beteiligen\u201c, erkl\u00e4rt Cisowski. \u201eViele Aktivit\u00e4ten waren die letzten Monate nicht m\u00f6glich und das STADTRADELN kann hier eine gute M\u00f6glichkeit sein, wieder in Kontakt und in Bewegung zu kommen.\u201c<\/p>\n\n\n\n<div class=\"wp-block-image\"><figure class=\"aligncenter size-large\"><img decoding=\"async\" loading=\"lazy\" width=\"800\" height=\"644\" src=\"https:\/\/speyer24news.com\/wp-content\/uploads\/2021\/05\/Fahrrad-Barockdame-Bildnachweis-Stadt-Schwetzingen_Fotograf-Tobias-Schwerdt_web.jpg\" alt=\"\" class=\"wp-image-36954\" srcset=\"https:\/\/speyer24news.com\/wp-content\/uploads\/2021\/05\/Fahrrad-Barockdame-Bildnachweis-Stadt-Schwetzingen_Fotograf-Tobias-Schwerdt_web.jpg 800w, https:\/\/speyer24news.com\/wp-content\/uploads\/2021\/05\/Fahrrad-Barockdame-Bildnachweis-Stadt-Schwetzingen_Fotograf-Tobias-Schwerdt_web-300x242.jpg 300w, https:\/\/speyer24news.com\/wp-content\/uploads\/2021\/05\/Fahrrad-Barockdame-Bildnachweis-Stadt-Schwetzingen_Fotograf-Tobias-Schwerdt_web-768x618.jpg 768w\" sizes=\"(max-width: 800px) 100vw, 800px\" \/><\/figure><\/div>\n\n\n\n<h4 class=\"wp-block-heading\"><strong>Er\u00f6ffnungstour m\u00f6glich?<\/strong><\/h4>\n\n\n\n<p>Normalerweise finden w\u00e4hrend des STADTRADELNs einige Aktionen rund ums Radfahren statt. In diesem Jahr war eine verbindliche Planung kaum m\u00f6glich. Die offizielle Er\u00f6ffnung soll am 13.06. um 11 Uhr auf dem Schlossplatz vor dem Palais Hirsch stattfinden. Den Startschuss wird Oberb\u00fcrgermeister Dr. Ren\u00e9 P\u00f6ltl geben und zu einer Radtour Richtung Oftersheim und Reilingen einladen. Ob die offizielle Er\u00f6ffnung stattfinden kann wird allerdings von den Corona-Auflagen abh\u00e4ngig sein.&nbsp;F\u00fcr die Teilnahme an der Veranstaltung ist eine Anmeldung dringend notwendig. Diese ist ab sofort \u00fcber die Tourist-Info m\u00f6glich \u2013 per Email an&nbsp;<a href=\"mailto:touristinfo@schwetzingen.de\" target=\"_blank\" rel=\"noreferrer noopener\">touristinfo@schwetzingen.de<\/a>&nbsp;oder auch telefonisch unter 06202-87400. Die Teilnehmerzahl ist begrenzt.<\/p>\n\n\n\n<h4 class=\"wp-block-heading\"><strong>RadCheck am 11.06. \u2013 Kleine Planken<\/strong><\/h4>\n\n\n\n<p>Damit alle Fahrr\u00e4der einsatzbereit sind findet am Freitag, 11.06. von 14 bis 19 Uhr die Aktion \u201eBei uns kriegen Sie Ihr Fett weg\u201c statt. Die Profis des ADFC checken Bremsen, Lichtanlage und Fahrradketten. Alle B\u00fcrger\/innen sind herzlich eingeladen auf den Kleinen Planken (Mannheimer Str.) vorbeizukommen. Bitte an FFP2-Maske denken und Abstandsregeln beachten!<\/p>\n\n\n\n<h4 class=\"wp-block-heading\"><strong>Attraktive Preise<\/strong><\/h4>\n\n\n\n<p>Auch 2021 gibt es beim STADTRADELN wieder attraktive Preise zu gewinnen. Belohnt werden dabei nicht nur die eifrigsten Radfahrer\/innen. Viele der Preise werden ausgelost und unabh\u00e4ngig davon vergeben, wie viele Kilometer die einzelnen Personen geradelt sind. Frei nach dem Motto: Jeder kann mitmachen, jeder kann gewinnen.<\/p>\n\n\n\n<h4 class=\"wp-block-heading\"><strong>Integration durch Sport \u2013 Unterst\u00fctzerinnen gesucht!<\/strong><\/h4>\n\n\n\n<p>Der Badische Sportbund Nord, die Stabsstelle Integration des Rhein-Neckar-Kreises und der ADFC bieten w\u00e4hrend des STADTRADELNs Fahrrad-Workshops f\u00fcr gefl\u00fcchtete Frauen an. In Schwetzingen findet die Aktion am 19.06. auf dem Gel\u00e4nde der S\u00fcdstadtschule statt. Daf\u00fcr werden noch engagierte und motivierte Radfahrerinnen gesucht, die die Frauen beim Erlernen des Radfahrens und der Orientierung im Stra\u00dfenverkehr unterst\u00fctzen m\u00f6chten. Interesse? Dann melden Sie sich bei:<\/p>\n\n\n\n<ul><li>Markus Liu-Wallenwein<\/li><li>Integrationsbeauftragter der Stadt Schwetzingen<\/li><li><a rel=\"noreferrer noopener\" href=\"mailto:Integrationsbeauftragter@schwetzingen.de\" target=\"_blank\">Integrationsbeauftragter@schwetzingen.de<\/a>;\u00a0Tel:\u00a006202 \/ 87-252<\/li><\/ul>\n\n\n\n<p><em>Text: Stadtverwaltung Schwetzingen Foto: Tobias Schwerdt<br>24.05.2021<\/em><\/p>\n\n\n\n<h2 class=\"wp-block-heading\"><strong>\u00d6ffnen? Aber sicher! \u2013 Schwetzingen bewirbt sich als Modellprojekt f\u00fcr \u201a\u00d6ffnungen mit Bedacht\u2018<\/strong><\/h2>\n\n\n\n<p>Der Antrag ist geschrieben und fristgerecht eingereicht \u2013 jetzt hei\u00dft es warten und hoffen, dass Schwetzingen als eine von zehn Kommunen im Land als Modellprojekt f\u00fcr weitere \u00d6ffnungsschritte ausgew\u00e4hlt wird.<\/p>\n\n\n\n<p>Sollte Schwetzingen zum Zuge kommen, k\u00f6nnten ausgew\u00e4hlte Veranstaltungen im Bereich Kultur, Sport und im Jugendbereich wieder mit deutlich mehr Personen stattfinden als bisher von der Corona-Verordnung vorgesehen. Voraussetzung daf\u00fcr ist ein ausgekl\u00fcgeltes und engmaschiges Test- und Hygienekonzept sowie eine wissenschaftliche Begleitung und Auswertung.<\/p>\n\n\n\n<p>Daf\u00fcr konnte Ordnungsamtsleiter Pascal Seidel&nbsp; Professor Dr. Michael Marx vom \u201aHeidelberg Institute of Global Health\u2018 gewinnen. Ebenso dabei sind Wissenschaftler vom Zentrum f\u00fcr Molekulare Biologie der Universit\u00e4t Heidelberg.<\/p>\n\n\n\n<p>\u201eDurch die wissenschaftliche Begleitung sollen die Auswirkungen von \u00d6ffnungen im Bereich von Veranstaltungen und Freizeiteinrichtungen auf das Pandemiegeschehen erfasst werden. Mit den verantwortlichen Wissenschaftler\/innen werden entsprechende Abbruchkriterien \u2013 etwa bei Infektionen, die auf die \u00d6ffnungen zur\u00fcckzuf\u00fchren sind -, beziehungsweise Modifizierungen wie zum Beispiel eine Anpassung des Hygienekonzeptes im laufenden Prozess festgelegt\u201c, erkl\u00e4rt Seidel das geplante Vorgehen. \u201eMit insgesamt f\u00fcnf privaten Testzentren f\u00fcr Corona Schnelltests und PCR Tests quer \u00fcber die Stadt verteilt ist Schwetzingen hier zudem sehr gut aufgestellt.\u201c<\/p>\n\n\n\n<p>Als Partner f\u00fcr das Projekt konnte die Stadt das Schloss Schwetzingen (SWR Festspiele, Mozartfest, Konzertveranstaltungen, Gartenf\u00fchrungen), die Alte Wollfabrik (Konzerte und Kleinkunst), das Theater am Puls und das Freizeitbad bellamar mit seinem Allwetterbad Konzept gewinnen.<\/p>\n\n\n\n<p>\u201eWir sind sehr zuversichtlich, dass wir als eine von zehn Kommunen im Land den Zuschlag f\u00fcr dieses Modellprojekt erhalten\u201c, zeigt sich Oberb\u00fcrgermeister Dr. Ren\u00e9 P\u00f6ltl bei der Antragstellung optimistisch. \u201eSchwetzingen hat mit seinen rund 21.000 Einwohner\/innen eine ideale Gr\u00f6\u00dfe und gleichzeitig locken der Schlossgarten, die Stadtfeste, die SWR Festspiele sowie die zahlreichen Kulturveranstaltungen in der Alten Wollfabrik oder im Theater am Puls die Schwetzinger\/innen sowie Besucher\/innen aus der Region und dar\u00fcber hinaus in die Stadt. Unsere Bewerbung f\u00fcr das Modellprojekt ist auch ein wichtiges Signal f\u00fcr die teilnehmenden Akteure in unserer Stadt, dass wir ihnen hier Perspektiven geben k\u00f6nnen um weitere \u00d6ffnungsschritte &#8211; sozusagen wissenschaftlich abgesichert-&nbsp; gehen zu k\u00f6nnen. Wir freuen uns zudem, wenn wir mit unserem Modellprojekt zu neuen wissenschaftlichen Erkenntnissen \u00fcber das Infektionsgeschehen beitragen k\u00f6nnen.\u201c<\/p>\n\n\n\n<p>Als Zeitraum f\u00fcr das Modellprojekt ist der 7. Juni bis 5. Oktober 2021 vorgesehen.<\/p>\n\n\n\n<p><em>Stadtverwaltung Schwetzingen<br>24.05.2021<\/em><\/p>\n\n\n\n<h2 class=\"wp-block-heading\"><strong>Aus dem Gemeinderat am 19. Mai 2021<\/strong><\/h2>\n\n\n\n<h3 class=\"wp-block-heading\"><strong>Indoor Spielplatz Drachenland wird f\u00fcr den Betrieb des Kindergartens M\u00e4usezauber Active umgebaut \/ Klimaschutzbericht 2019\/2020 wird vorgestellt<\/strong><\/h3>\n\n\n\n<p>Das Geb\u00e4ude des ehemaligen Indoor-Spielplatzes Drachenland wird f\u00fcr eine k\u00fcnftige Kindergartennutzung umgebaut. Der neue Kindergarten wird durch die Hallengr\u00f6\u00dfe, das gro\u00dfz\u00fcgige Au\u00dfengel\u00e4nde sowie die Anbindung an das Stadion einen Schwerpunkt als Bewegungs-Kindergarten setzen. Tr\u00e4ger des neuen Kindergartens mit dem Namen M\u00e4usezauber Active wird die MZ-Concept GmbH mit Sitz in Weinheim sein.<\/p>\n\n\n\n<p>Die viergruppige Einrichtung wird in die Kindergartenbedarfsplanung der Stadt aufgenommen. Es sollen zwei Krippengruppen (20 Pl\u00e4tze) und zwei Kindergartengruppen (40 Pl\u00e4tze aufgeteilt auf Ganztagsbetreuung und eine Gruppe mit verl\u00e4ngerten \u00d6ffnungszeiten) entstehen. Die Stadt Schwetzingen finanziert die Erstausstattung mit maximal 90.000 EUR und tr\u00e4gt 80 Prozent der j\u00e4hrlichen Betriebsausgaben (rund 755.000 EUR). Damit sich die Elternbeitr\u00e4ge auf dem Niveau f\u00fcr den st\u00e4dtischen Kindergarten bewegen werden, bezuschusst die Stadt \u2013 wie auch bei anderen privaten Tr\u00e4gern &#8211; jeden Platz mit monatlich 140 EUR (ca. 100.800 EUR pro Jahr). Betriebsbeginn ist f\u00fcr das Fr\u00fchjahr 2022 vorgesehen.<\/p>\n\n\n\n<p>(Mehrheitlich angenommen bei 1 Enthaltung und 2 Nein Stimmen)<\/p>\n\n\n\n<h4 class=\"wp-block-heading\"><strong>Der erste Klimaschutzbericht der Stadt Schwetzingen f\u00fcr den Zeitraum 2019\/2020 wurde vorgestellt<\/strong>. <\/h4>\n\n\n\n<p>Dieser Bericht beinhaltet die Ziele des Integrierten Klimaschutzkonzeptes sowie die Energie- und Treibhausgasbilanz. In einem weiteren Kapitel werden die Aktivit\u00e4ten und bereits umgesetzte Ma\u00df-nahmen im Einzelnen dargestellt. Der Bericht dient als Zwischenbilanz und gibt einen guten \u00dcberblick zu den Aufgaben und Aktivit\u00e4ten des Sachgebiets Klimaschutz, Energie und Umwelt, die sich aus dem Integrierten Klimaschutzkonzept ergeben.<\/p>\n\n\n\n<h4 class=\"wp-block-heading\"><strong>Bebauung Pfaudler Areal: Entwidmung der Pfaudlerstra\u00dfe und \u00dcbertragung an die Firma Epple<\/strong><\/h4>\n\n\n\n<p>Der Heidelberger Bautr\u00e4ger Epple hat das ehemalige Betriebsgel\u00e4nde der Pfaudlerwerke erworben, um dort ein Wohnquartier zu bauen. F\u00fcr diese Entwicklung werden Teilfl\u00e4chen der st\u00e4dtischen Grundst\u00fccke Pfaudlerstra\u00dfe (Flurst\u00fccknummern 1044 und 1045) ben\u00f6tigt. Die beiden Fl\u00e4chen haben eine Gesamtfl\u00e4che von 1.303 m\u00b2. Der daf\u00fcr vom Gemeinsamen Gutachterausschuss Bezirk Schwetzingen festgesetzte Bodenrichtwert betr\u00e4gt 400 EUR\/ m\u00b2. Die Firma Epple wird diese beiden Fl\u00e4chen erwerben und mit den bereits im Eigentum der Firma befindlichen vereinigen, so dass ein Grundst\u00fcck mit einer Fl\u00e4che von 11.121 m\u00b2 entsteht.&nbsp; Auf diesem Grundst\u00fcck soll die geplante Quartiersentwicklung entstehen. Da es sich bei der Pfaudlerstra\u00dfe um eine \u00f6ffentliche Stra\u00dfenfl\u00e4che handelt, ist vorab ein f\u00f6rmliches Einziehungs- bzw. Entwidmungsverfahren gem\u00e4\u00df \u00a77 Stra\u00dfengesetz Baden-W\u00fcrttemberg not-wendig.<\/p>\n\n\n\n<h4 class=\"wp-block-heading\"><strong>Stadt beschafft iPads und technisches Zubeh\u00f6r f\u00fcr Schulen in st\u00e4dtischer Tr\u00e4gerschaft<\/strong><\/h4>\n\n\n\n<p>Um die Schulen fit f\u00fcr digitales Lernen zu machen, erarbeitet die Stadt als Schultr\u00e4ger gemeinsam mit den st\u00e4dtischen Schulen einen Medienentwicklungsplan (MEP). Dieser MEP beinhaltet auch die Ausstattung mit digitalen Endger\u00e4ten. Nach und nach sollen hier alle Sch\u00fcler\/innen und alle Lehrkr\u00e4fte mit einem mobilen Endger\u00e4t ausgestattet werden.<\/p>\n\n\n\n<p>Ein Teil dieser Ger\u00e4te konnte bereits \u00fcber die F\u00f6rderprogramme des Digitalpaktes beschafft werden. F\u00fcr die restlichen Ger\u00e4te soll eine gemeinsame Ausschreibung f\u00fcr alle Schwetzinger Schulen erfolgen. Der Gemeinderat gab jetzt gr\u00fcnes Licht f\u00fcr die Ausschreibung zur Vergabe von mobilen Endger\u00e4ten (i-Pads) inklusive Zubeh\u00f6r (H\u00fclle, Stifte etc.). F\u00fcr die Grundschulen werden 225 iPads und f\u00fcr das Hebelgymnasium 750 iPads ben\u00f6tigt. Die Ger\u00e4te werden \u00fcber einen Zeitraum von 5 Jahren geleast. Die monatlichen Kosten daf\u00fcr betragen 8.125 EUR.<\/p>\n\n\n\n<h4 class=\"wp-block-heading\"><strong>Platz der Freundschaft: Vorschlag der Verwaltung zur Umgestaltung wurde abgelehnt<\/strong><\/h4>\n\n\n\n<p>Die Stadt&nbsp;schlug vor,&nbsp;den Platz der Freundschaft im Sinne der St\u00e4dtepartnerschaften umzugestalten. Mittels typischer und historisch verankerter Kulturpflanzen aus den Partnerst\u00e4dten sollte dem Besucher ein neuer Zugang zur \u201eErlebniswelt Partnerst\u00e4dte\u201c erm\u00f6glicht werden.<\/p>\n\n\n\n<p>Die Umgestaltung w\u00e4re weitgehend kostenneutral durch den st\u00e4dtischen Bauhof und die Stadtg\u00e4rtnerei erfolgt. F\u00fcr Materialkosten waren maximal 50.000 EUR veranschlagt. Der Gemeinderat lehnte den Vorschlag der Verwaltung bei Stimmengleichheit von 12 Ja-&nbsp;zu 12 Nein-Stimmen bei 2 Enthaltungen ab.&nbsp;<\/p>\n\n\n\n<h4 class=\"wp-block-heading\"><strong>Gemeinsamer Gutachterausschuss Bezirk Schwetzingen &#8211; Neubestellung eines ehrenamtlichen Gutachters<\/strong><\/h4>\n\n\n\n<p>Auf Vorschlag der Gemeinde Plankstadt wird als Nachr\u00fccker f\u00fcr die zum 01.05.2021 ausgeschiedene Frau Ursula Leitz Herr Michael Szeifert-Kiss in das Gesamtgremium des gemeinsamen Gutachterausschusses bestellt. Seine Amtszeit dauert bis zum 29.02.2024.<\/p>\n\n\n\n<p>Soweit nicht anders beschrieben, erfolgten die Beschl\u00fcsse einstimmig. Die komplette Sitzung sowie die Vorlagen und Beschl\u00fcsse sind auch im Internet unter&nbsp;<a href=\"https:\/\/deref-web.de\/mail\/client\/KNkBAdzeygM\/dereferrer\/?redirectUrl=http%3A%2F%2Fratsinfo.schwetzingen.de\" target=\"_blank\" rel=\"noreferrer noopener\">http:\/\/ratsinfo.schwetzingen.de<\/a>&nbsp;nachzulesen.<\/p>\n\n\n\n<p><em>Stadtverwaltung Schwetzingen<br>24.05.2021<\/em><\/p>\n\n\n\n<h2 class=\"wp-block-heading\"><strong>Gemeinsam das Klima sch\u00fctzen: Stadt ver\u00f6ffentlicht Brosch\u00fcre zum Thema Klimaschutz<\/strong><\/h2>\n\n\n\n<div class=\"wp-block-image\"><figure class=\"aligncenter size-large\"><img decoding=\"async\" loading=\"lazy\" width=\"800\" height=\"564\" src=\"https:\/\/speyer24news.com\/wp-content\/uploads\/2021\/05\/Schwetzingen-KEU_Infobroschuere_2021_RZ_Titel_1.jpg\" alt=\"\" class=\"wp-image-36953\" srcset=\"https:\/\/speyer24news.com\/wp-content\/uploads\/2021\/05\/Schwetzingen-KEU_Infobroschuere_2021_RZ_Titel_1.jpg 800w, https:\/\/speyer24news.com\/wp-content\/uploads\/2021\/05\/Schwetzingen-KEU_Infobroschuere_2021_RZ_Titel_1-300x212.jpg 300w, https:\/\/speyer24news.com\/wp-content\/uploads\/2021\/05\/Schwetzingen-KEU_Infobroschuere_2021_RZ_Titel_1-768x541.jpg 768w\" sizes=\"(max-width: 800px) 100vw, 800px\" \/><\/figure><\/div>\n\n\n\n<p>Die CO<sub>2<\/sub>-Emmissionen konsequent senken \u2013 das ist das Ziel des Klimaschutzkonzepts der Stadt. Dass dabei alle Schwetzinger\/innen mithelfen k\u00f6nnen, vermittelt die neue Info-Brosch\u00fcre des B\u00fcros f\u00fcr Klimaschutz. Sie gibt zahlreiche Tipps wie im Alltag Energie gespart und die Energiewende unterst\u00fctzt werden kann. Au\u00dferdem informiert sie \u00fcber zahlreiche Einrichtungen und Aktionen, die allen offenstehen und eine Beteiligung am Umwelt- und Klimaschutz in Schwetzingen erleichtern.<\/p>\n\n\n\n<p>Die druckfrische Brosch\u00fcre ist in der Tourist-Info, im B\u00fcrgerb\u00fcro, in der Stadtbibliothek sowie an der Rathauspforte erh\u00e4ltlich. Bitte beachten Sie die Corona bedingten \u00d6ffnungszeiten und Einlassbeschr\u00e4nkungen.<\/p>\n\n\n\n<p><em>Stadtverwaltung Schwetzingen<br>24.05.2021<\/em><\/p>\n\n\n\n<h2 class=\"wp-block-heading\"><strong>Ab 19. Mai kann gelockert werden: alla hopp-Anlage, Au\u00dfenbereich GO IN und Wohnmobilstellplatz \u00f6ffnen wieder \u2013 Tourist Information weitet Angebot auf \u201eclick &amp; meet\u201c aus<\/strong><\/h2>\n\n\n\n<p>Was viele erhofft hatten ist seit dem gestrigen Montag amtlich: Am Mittwoch, 19. Mai, tritt die Bundesnotbremse im Rhein-Neckar-Kreis au\u00dfer Kraft und somit k\u00f6nnen jetzt auch in Schwetzingen erste \u00d6ffnungsschritte gemacht werden. Dies wurde m\u00f6glich, da im Landkreis die Sieben-Tage-Inzidenz an f\u00fcnf aufeinanderfolgenden Werktagen unter der Inzidenzgrenze von 100 Neuinfektionen pro 100.000 Einwohner lag.&nbsp;<\/p>\n\n\n\n<p>In Schwetzingen \u00f6ffnen das alla hopp-Gel\u00e4nde und der Au\u00dfenbereich des Jugendzentrums GO IN. Der Wohnmobilstellplatz ist wieder f\u00fcr touristische \u00dcbernachtungen ge\u00f6ffnet. Auch die Tourist Information weitet ihr bisheriges Angebot von \u201eclick &amp; collect\u201c auf \u201eclick &amp; meet\u201c aus.<\/p>\n\n\n\n<p><em>Stadtverwaltung Schwetzingen<br>24.05.2021<\/em><\/p>\n\n\n\n<h2 class=\"wp-block-heading\"><strong>Sperrung der Werderstra\u00dfe ab dem 25. Mai \u2013 Umleitung \u00fcber die Heckerstra\u00dfe<\/strong><\/h2>\n\n\n\n<div class=\"wp-block-image\"><figure class=\"aligncenter size-large\"><img decoding=\"async\" loading=\"lazy\" width=\"640\" height=\"480\" src=\"https:\/\/speyer24news.com\/wp-content\/uploads\/2020\/01\/Vollsperrung-1.jpg\" alt=\"\" class=\"wp-image-24649\" srcset=\"https:\/\/speyer24news.com\/wp-content\/uploads\/2020\/01\/Vollsperrung-1.jpg 640w, https:\/\/speyer24news.com\/wp-content\/uploads\/2020\/01\/Vollsperrung-1-300x225.jpg 300w, https:\/\/speyer24news.com\/wp-content\/uploads\/2020\/01\/Vollsperrung-1-326x245.jpg 326w, https:\/\/speyer24news.com\/wp-content\/uploads\/2020\/01\/Vollsperrung-1-80x60.jpg 80w\" sizes=\"(max-width: 640px) 100vw, 640px\" \/><\/figure><\/div>\n\n\n\n<p>Die Werderstra\u00dfe wird <strong>ab Dienstag, 25. Mai, bis voraussichtlich zum 30. Oktober<\/strong> f\u00fcr den motorisierten Verkehr gesperrt. Die Firma MSK Bau wird in der Werderstra\u00dfe \/ Ecke Mannheimer Stra\u00dfe mit dem Bau des so genannten Stadtpalais beginnen. Anlieger k\u00f6nnen bis zur Baustelle einfahren und entgegen der Einbahnstra\u00dfe ausfahren. Der Durchgangsverkehr wird \u00fcber die parallel verlaufende Heckerstra\u00dfe umgeleitet. Fu\u00dfg\u00e4nger und Radfahrer\/innen sind von der Sperrung nicht betroffen. Die Anwohner\/innen werden gesondert durch die Stadt informiert.<\/p>\n\n\n\n<p><em>Stadtverwaltung Schwetzingen<br>24.05.2021<\/em><\/p>\n","protected":false},"excerpt":{"rendered":"<div class=\"mh-excerpt\"><p>Aktiv f\u00fcr den Klimaschutz: STADTRADELN im Juni STADTRADELN geht in Schwetzingen in die dritte Runde: Vom 12. Juni bis zum 2. Juli 2021 sind alle Schwetzinger\/innen wieder dazu aufgerufen das Auto stehen zu lassen und <a class=\"mh-excerpt-more\" href=\"https:\/\/speyer24news.com\/?p=36951\" title=\"Schwetzingen\">[&#8230;]<\/a><\/p>\n<\/div>","protected":false},"author":3,"featured_media":26914,"comment_status":"open","ping_status":"open","sticky":false,"template":"","format":"standard","meta":{"_monsterinsights_skip_tracking":false,"_monsterinsights_sitenote_active":false,"_monsterinsights_sitenote_note":"","_monsterinsights_sitenote_category":0,"footnotes":""},"categories":[477],"tags":[3710,182,11731,11729,11730,154,1221,6811,11732],"aioseo_notices":[],"amp_enabled":true,"_links":{"self":[{"href":"https:\/\/speyer24news.com\/index.php?rest_route=\/wp\/v2\/posts\/36951"}],"collection":[{"href":"https:\/\/speyer24news.com\/index.php?rest_route=\/wp\/v2\/posts"}],"about":[{"href":"https:\/\/speyer24news.com\/index.php?rest_route=\/wp\/v2\/types\/post"}],"author":[{"embeddable":true,"href":"https:\/\/speyer24news.com\/index.php?rest_route=\/wp\/v2\/users\/3"}],"replies":[{"embeddable":true,"href":"https:\/\/speyer24news.com\/index.php?rest_route=%2Fwp%2Fv2%2Fcomments&post=36951"}],"version-history":[{"count":1,"href":"https:\/\/speyer24news.com\/index.php?rest_route=\/wp\/v2\/posts\/36951\/revisions"}],"predecessor-version":[{"id":36955,"href":"https:\/\/speyer24news.com\/index.php?rest_route=\/wp\/v2\/posts\/36951\/revisions\/36955"}],"wp:featuredmedia":[{"embeddable":true,"href":"https:\/\/speyer24news.com\/index.php?rest_route=\/wp\/v2\/media\/26914"}],"wp:attachment":[{"href":"https:\/\/speyer24news.com\/index.php?rest_route=%2Fwp%2Fv2%2Fmedia&parent=36951"}],"wp:term":[{"taxonomy":"category","embeddable":true,"href":"https:\/\/speyer24news.com\/index.php?rest_route=%2Fwp%2Fv2%2Fcategories&post=36951"},{"taxonomy":"post_tag","embeddable":true,"href":"https:\/\/speyer24news.com\/index.php?rest_route=%2Fwp%2Fv2%2Ftags&post=36951"}],"curies":[{"name":"wp","href":"https:\/\/api.w.org\/{rel}","templated":true}]}}