{"id":36957,"date":"2021-05-24T12:15:01","date_gmt":"2021-05-24T11:15:01","guid":{"rendered":"https:\/\/speyer24news.com\/?p=36957"},"modified":"2021-05-24T12:34:25","modified_gmt":"2021-05-24T11:34:25","slug":"hockenheim-77","status":"publish","type":"post","link":"https:\/\/speyer24news.com\/?p=36957","title":{"rendered":"Hockenheim"},"content":{"rendered":"<style type=\"text\/css\">\r\n\t.ads_top_disp{}\r\n\t.ads_top_corner_disp{ float:left; margin:0px 10px 10px 0px; }\r\n\t.ads_first_p_disp{}\r\n\t.ads_bottom_disp{}\r\n\t<\/style>\n<h2 class=\"wp-block-heading\"><strong>Vorsicht vor Trickbetr\u00fcgern<\/strong><\/h2>\n\n\n\n<div class=\"wp-block-image\"><figure class=\"aligncenter size-large\"><img decoding=\"async\" loading=\"lazy\" width=\"594\" height=\"400\" src=\"https:\/\/speyer24news.com\/wp-content\/uploads\/2021\/01\/Achtung-Wichtig.png\" alt=\"\" class=\"wp-image-32274\" srcset=\"https:\/\/speyer24news.com\/wp-content\/uploads\/2021\/01\/Achtung-Wichtig.png 594w, https:\/\/speyer24news.com\/wp-content\/uploads\/2021\/01\/Achtung-Wichtig-300x202.png 300w\" sizes=\"(max-width: 594px) 100vw, 594px\" \/><\/figure><\/div>\n\n\n\n<p>Die Stadtwerke Hockenheim erhalten im Moment wieder vermehrt R\u00fcckmeldungen, dass Trickbetr\u00fcger unterwegs sind. Sie geben sich am Telefon und auch direkt beim Kunden als Mitarbeiter der Stadtwerke aus. Sie motivieren ihr Gegen\u00fcber durch Angabe falscher Tatsachen zur Herausgabe von Kundendaten, beispielsweise Z\u00e4hler- oder Kundennummer. Mit diesen Daten werden dann\u00a0 Vertr\u00e4ge bei anderen Lieferanten geschlossen. \u201eWir werden solche Daten nicht telefonisch abfragen und Mitarbeiter k\u00f6nnen sich vor Ort immer durch einen Dienstausweis legitimieren\u201c, sagt Markus Link von den Stadtwerken Hockenheim.<\/p>\n\n\n\n<div class=\"wp-block-image\"><figure class=\"aligncenter size-large\"><img decoding=\"async\" loading=\"lazy\" width=\"640\" height=\"213\" src=\"https:\/\/speyer24news.com\/wp-content\/uploads\/2020\/05\/Stadtwerke-Hockenheim-Logo.png\" alt=\"\" class=\"wp-image-27263\" srcset=\"https:\/\/speyer24news.com\/wp-content\/uploads\/2020\/05\/Stadtwerke-Hockenheim-Logo.png 640w, https:\/\/speyer24news.com\/wp-content\/uploads\/2020\/05\/Stadtwerke-Hockenheim-Logo-300x100.png 300w\" sizes=\"(max-width: 640px) 100vw, 640px\" \/><\/figure><\/div>\n\n\n\n<p>Mehr Informationen auf der Internetseite unter <a href=\"http:\/\/www.stadtwerke-hockenheim.de\">http:\/\/www.stadtwerke-hockenheim.de<\/a> in den Kategorien \u201eService\u201c, \u201eKeine Haust\u00fcrgesch\u00e4fte\u201c.<\/p>\n\n\n\n<p><em>Stadtverwaltung Hockenheim<br>24.05.2021<\/em><\/p>\n\n\n\n<h2 class=\"wp-block-heading\"><strong>Neuer Transformator eingetroffen<\/strong><\/h2>\n\n\n\n<div class=\"wp-block-image\"><figure class=\"aligncenter size-large\"><img decoding=\"async\" loading=\"lazy\" width=\"800\" height=\"600\" src=\"https:\/\/speyer24news.com\/wp-content\/uploads\/2021\/05\/2021-05-20-Stadtwerke_Umspannwerk_Transformator_Bild-1.jpg\" alt=\"\" class=\"wp-image-36964\" srcset=\"https:\/\/speyer24news.com\/wp-content\/uploads\/2021\/05\/2021-05-20-Stadtwerke_Umspannwerk_Transformator_Bild-1.jpg 800w, https:\/\/speyer24news.com\/wp-content\/uploads\/2021\/05\/2021-05-20-Stadtwerke_Umspannwerk_Transformator_Bild-1-300x225.jpg 300w, https:\/\/speyer24news.com\/wp-content\/uploads\/2021\/05\/2021-05-20-Stadtwerke_Umspannwerk_Transformator_Bild-1-768x576.jpg 768w, https:\/\/speyer24news.com\/wp-content\/uploads\/2021\/05\/2021-05-20-Stadtwerke_Umspannwerk_Transformator_Bild-1-678x509.jpg 678w, https:\/\/speyer24news.com\/wp-content\/uploads\/2021\/05\/2021-05-20-Stadtwerke_Umspannwerk_Transformator_Bild-1-326x245.jpg 326w, https:\/\/speyer24news.com\/wp-content\/uploads\/2021\/05\/2021-05-20-Stadtwerke_Umspannwerk_Transformator_Bild-1-80x60.jpg 80w\" sizes=\"(max-width: 800px) 100vw, 800px\" \/><figcaption>Nach der erfolgreichen Anlieferung nahmen Valentin Fein (Abteilungsleiter Strom), Werkleitung Martina Wilk (beide Stadtwerke), Oberb\u00fcrgermeister Marcus Zeiler und B\u00fcrgermeister Thomas Jakob-Lichtenberg den neuen Transformator in Augenschein (v.l.).<\/figcaption><\/figure><\/div>\n\n\n\n<p>Seit September letzten Jahres wird das Umspannungswerk der Stadtwerke Hockenheim im Gewerbegebiet Talhaus erneuert. Der Knotenpunkt f\u00fcr die Stromversorgung der Region enth\u00e4lt neue Technik und wird sein Erscheinungsbild ver\u00e4ndern. Eine erkennbare Neuheit und ein \u201eHighlight\u201c der Baut\u00e4tigkeiten kamen in dieser Woche dazu: Der 110\/20 kV (Kilovolt)-Transformator. Oberb\u00fcrgermeister Marcus Zeitler, B\u00fcrgermeister Thomas Jakob-Lichtenberg, Werkleitung Martina Wilk und Strom-Abteilungsleiter Valentin Fein beobachteten, wie der Schwerlasttransport den Transformator Anfang dieser Woche anlieferte. Daraufhin platzierten die Stadtwerke-Mitarbeiter und die von der Netze BW beauftragten Unternehmen den Transformator auf das Fundament.<\/p>\n\n\n\n<p>Das Umspannwerk an der Ecke Talhausstra\u00dfe\/Pf\u00e4lzer Ring wird mittelspannungsseitig (20-kV) von den Stadtwerken Hockenheim und hochspannungsseitig (110-kV) von der Netze BW betrieben. Der neu aufgestellte Transformator erf\u00fcllt dabei eine wichtige Funktion. Er \u201e\u00fcbersetzt\u201c den 110-kV-Strom aus dem Hochspannungsnetz auf die Anforderungen geringerer Spannung (20-kV). Der Strom dieser \u201e\u00fcbersetzten\u201c Spannung kann dann in den Netzen Hockenheims genutzt werden. Die Kosten f\u00fcr den Transformator, der rund 50 Prozent der Stromversorgung Hockenheims sicherstellt, belaufen sich auf rund 500.000 Euro. Er hat eine lange technische Lebensdauer von rund 50 Jahren, was wiederum geringe Kosten \u00fcber die Laufzeit darstellt.<\/p>\n\n\n\n<div class=\"wp-block-image\"><figure class=\"aligncenter size-large\"><img decoding=\"async\" loading=\"lazy\" width=\"800\" height=\"379\" src=\"https:\/\/speyer24news.com\/wp-content\/uploads\/2021\/05\/2021-05-20-Stadtwerke_Umspannwerk_Transformator_Bild-2.jpg\" alt=\"\" class=\"wp-image-36965\" srcset=\"https:\/\/speyer24news.com\/wp-content\/uploads\/2021\/05\/2021-05-20-Stadtwerke_Umspannwerk_Transformator_Bild-2.jpg 800w, https:\/\/speyer24news.com\/wp-content\/uploads\/2021\/05\/2021-05-20-Stadtwerke_Umspannwerk_Transformator_Bild-2-300x142.jpg 300w, https:\/\/speyer24news.com\/wp-content\/uploads\/2021\/05\/2021-05-20-Stadtwerke_Umspannwerk_Transformator_Bild-2-768x364.jpg 768w\" sizes=\"(max-width: 800px) 100vw, 800px\" \/><figcaption>Die Anlieferung des Transformators auf das Gel\u00e4nde ben\u00f6tigte ein genaues Auge beim Rangieren des LKW.<\/figcaption><\/figure><\/div>\n\n\n\n<h4 class=\"wp-block-heading\">Aus alter Anlage wird sukzessive eine neue<\/h4>\n\n\n\n<p>Im Baufeld des Umspannwerks Talhaus ist in den letzten Monaten viel geschehen. Im ersten Schritt errichteten die Stadtwerke in Kooperation mit der Netze BW die neue Erdschlusskompensationseinrichtung, weil der alte Standort das Baufeld der neuen Anlage blockierte. F\u00fcr die 110-Kilowatt (kV)-Freiluftanlage wurden Provisorien erstellt, um auch w\u00e4hrend der kompletten Umbauma\u00dfnahme eine redundante Versorgung der Stadt Hockenheim sicherstellen zu k\u00f6nnen. Dadurch konnten auch Teile der Altanlage r\u00fcckgebaut werden, die ansonsten das Baufeld blockiert h\u00e4tten.<\/p>\n\n\n\n<p>Seit Anfang 2021 wurde die Baugrube f\u00fcr das neue Betriebsgeb\u00e4ude ausgehoben, vorbereitet und dann mit dem Bau des neuen Geb\u00e4udes begonnen. Nach der jetzt erfolgreich geschafften Aufstellung des neuen 110\/20 kV-Transformators l\u00e4uft die Ma\u00dfnahme bis voraussichtlich Mitte 2022 weiter, indem die Versorgung Schritt f\u00fcr Schritt von der Alt- auf die Neuanlage umgeschwenkt wird.<\/p>\n\n\n\n<p><em>Stadtwerke Hockenheim<br>24.05.2021<\/em><\/p>\n\n\n\n<h2 class=\"wp-block-heading\"><strong>Besuch mit Einschr\u00e4nkungen wieder m\u00f6glich<\/strong><\/h2>\n\n\n\n<p>Die Stadtbibliothek Hockenheim lockert vor dem Hintergrund sinkender Corona-Fallzahlen im Rhein-Neckar-Kreis ihre Benutzungsregeln und \u00f6ffnet wieder ihre T\u00fcren. Interessierte Nutzer k\u00f6nnen die Einrichtung ab Dienstag, 25. Mai, mit Einschr\u00e4nkungen besuchen. Diese werden von der Corona-Verordnung des Landes Baden-W\u00fcrttemberg vorgeschrieben. Daf\u00fcr ist die Vorlage eines Gesundheitsnachweises mit Hilfe eines tagesaktuellen negativen Corona-Schnelltests, einer komplett erfolgten Impfung (zwei Impfungen plus 14 Tage Wartezeit) oder der Genesung von einer Corona-Infektion erforderlich. Ein Besuch ohne eine solche Bescheinigung ist nicht m\u00f6glich. Dar\u00fcber hinaus bietet die Stadtbibliothek Hockenheim ab diesem Datum auch ein \u201eR\u00fcckgabe-Fenster\u201c an, bei dem ausschlie\u00dflich ausgeliehene Medien zur\u00fcckgegeben werden k\u00f6nnen. Das ist ohne Termin und Bescheinigung m\u00f6glich.<\/p>\n\n\n\n<h4 class=\"wp-block-heading\">Neue Regelungen<\/h4>\n\n\n\n<p>Neben der Vorlage eines Gesundheitsnachweises gelten ab Dienstag, 25. Mai, folgende Regelungen in der Stadtbibliothek Hockenheim:<\/p>\n\n\n\n<ul><li>F\u00fcr einen Besuch ist weiterhin eine Terminvereinbarung erforderlich.<\/li><li>Es k\u00f6nnen maximal zehn Personen pro Termin in der Zehntscheune anwesend sein.<\/li><li>Es besteht eine Pflicht zum Tragen einer Mund- und Nasenbedeckung in Form vom FFP 2-Masken im gesamten Geb\u00e4ude.<\/li><li>Die bekannten Abstands- und Hygieneregeln sind einzuhalten.<\/li><\/ul>\n\n\n\n<p><em>Stadtverwaltung Hockenheim<br>24.05.2021<\/em><\/p>\n\n\n\n<h2 class=\"wp-block-heading\"><strong>Neues Wanderbuch des Kreises f\u00fchrt auch durch Hockenheim und seine Umgebung<\/strong><\/h2>\n\n\n\n<div class=\"wp-block-image\"><figure class=\"aligncenter size-large\"><img decoding=\"async\" loading=\"lazy\" width=\"800\" height=\"594\" src=\"https:\/\/speyer24news.com\/wp-content\/uploads\/2021\/05\/2021-05-18-Verwaltung_neues-Wanderbuch.jpg\" alt=\"\" class=\"wp-image-36963\" srcset=\"https:\/\/speyer24news.com\/wp-content\/uploads\/2021\/05\/2021-05-18-Verwaltung_neues-Wanderbuch.jpg 800w, https:\/\/speyer24news.com\/wp-content\/uploads\/2021\/05\/2021-05-18-Verwaltung_neues-Wanderbuch-300x223.jpg 300w, https:\/\/speyer24news.com\/wp-content\/uploads\/2021\/05\/2021-05-18-Verwaltung_neues-Wanderbuch-768x570.jpg 768w, https:\/\/speyer24news.com\/wp-content\/uploads\/2021\/05\/2021-05-18-Verwaltung_neues-Wanderbuch-80x60.jpg 80w\" sizes=\"(max-width: 800px) 100vw, 800px\" \/><figcaption>Vor der Buchhandlung pr\u00e4sentieren Inhaberin Genevi\u00e8ve Gansler, OB Marcus Zeitler und Wanderwart Richard Sauter das neue Wanderbuch des Kreises mit vielen Stationen in Hockenheim und Umgebung (v.l.).<\/figcaption><\/figure><\/div>\n\n\n\n<p>Dass das Wandern in und um Hockenheim herum Spa\u00df macht und viel Abwechslung bringt, das wussten die Mitglieder des Odenwaldklubs Hockenheim e. V. (OWK) schon seit langem. Dank des neuen Wanderf\u00fchrers \u201eWandern im Rhein-Neckar-Kreis\u201c k\u00f6nnen nun aber noch mehr Wanderfreudige diese Erfahrung machen: Denn eine von den insgesamt 25 Touren im Buch f\u00fchrt auf Anregung des OWK durch Hockenheim und seine Umgebung.<\/p>\n\n\n\n<p>\u201eWanderwart Richard Sauter hat hier im Vorfeld zur Entstehung des Wanderf\u00fchrers wunderbar unterst\u00fctzt, indem er verschiedene, ausgearbeitete Touren als Anregung zur Verf\u00fcgung gestellt hat. Und tats\u00e4chlich hat sich der Buchautor und Wanderexperte Dieter Buck dadurch inspirieren lassen und hat auf Grundlage der Vorschl\u00e4ge f\u00fcr Hockenheim eine eigene Tour durch die Rheinebene beschrieben. Wir danken dem OWK und Herrn Sauter daf\u00fcr herzlich\u201c, so Oberb\u00fcrgermeister Marcus Zeitler.<\/p>\n\n\n\n<h4 class=\"wp-block-heading\">Buch gibt weitere Wandertipps<\/h4>\n\n\n\n<p>Nicht nur die Hockenheimer Tour, auch die anderen Touren im Wanderf\u00fchrer, den die Wirtschaftsf\u00f6rderung des Rhein-Neckar-Kreises mit der Tourismusbeauftragten Beate Otto in Zusammenarbeit mit dem Verlag Regionalkultur aufgelegt hat, zeigen die Sch\u00f6nheit(en) der Region. \u201eWandern im Rhein-Neckar-Kreis \u2013 Die 25 sch\u00f6nsten Touren\u201c zeigt ambitionierten Wanderv\u00f6geln ebenso wie gem\u00fctlicheren Spazierg\u00e4ngern, was die Region zu bieten hat: Auw\u00e4lder und Altrheinarme in der Rheinebene, die Weinberge an der Bergstra\u00dfe, die dichten W\u00e4lder des Odenwalds, romantische Landschaften am&nbsp; Neckar entlang und die sanften fruchtbaren H\u00fcgel des Kraichgaus.<\/p>\n\n\n\n<p>Der erfahrene Wanderbuchautor Dieter Buck ist jede der Touren pers\u00f6nlich gewandert und hat diese beschrieben und fotografiert. GPS-Tracks zum Download und detaillierte Karten zu jeder Tour sowie ein \u00dcbersichtsplan erm\u00f6glichen eine perfekte Vorbereitung. Zudem machen zahlreiche Tipps rund um An- und Abreise, Verpflegung und Einkehrm\u00f6glichkeiten sowie Wissenswertes zu Sehensw\u00fcrdigkeiten am Wegesrand dieses Buch zu einem hilfreichen Ideengeber und Wegbegleiter.<\/p>\n\n\n\n<p>Das Buch ist voraussichtlich ab Dienstag, 18. Mai, auch wieder in der Hockenheimer Buchhandlung Gansler erh\u00e4ltlich. Und nicht nur dieses Buch \u2013 auch weitere Publikationen rund um das Thema Wandern und Radfahren hier in der Region sind in der Buchhandlung an einem speziell gestalteten Thementisch zu finden \u2013 alles f\u00fcr eine kleine Auszeit direkt vor der Haust\u00fcr.<\/p>\n\n\n\n<p><em>Stadtverwaltung Hockenheim<br>24.05.2021<\/em><\/p>\n\n\n\n<h2 class=\"wp-block-heading\"><strong>Medienentwicklungspl\u00e4ne best\u00e4tigt<\/strong><\/h2>\n\n\n\n<div class=\"wp-block-image\"><figure class=\"aligncenter size-large\"><img decoding=\"async\" loading=\"lazy\" width=\"800\" height=\"600\" src=\"https:\/\/speyer24news.com\/wp-content\/uploads\/2021\/05\/2021-05-18-Verwaltung_Zertifikat-Medienentwicklungsplan.jpg\" alt=\"\" class=\"wp-image-36962\" srcset=\"https:\/\/speyer24news.com\/wp-content\/uploads\/2021\/05\/2021-05-18-Verwaltung_Zertifikat-Medienentwicklungsplan.jpg 800w, https:\/\/speyer24news.com\/wp-content\/uploads\/2021\/05\/2021-05-18-Verwaltung_Zertifikat-Medienentwicklungsplan-300x225.jpg 300w, https:\/\/speyer24news.com\/wp-content\/uploads\/2021\/05\/2021-05-18-Verwaltung_Zertifikat-Medienentwicklungsplan-768x576.jpg 768w, https:\/\/speyer24news.com\/wp-content\/uploads\/2021\/05\/2021-05-18-Verwaltung_Zertifikat-Medienentwicklungsplan-678x509.jpg 678w, https:\/\/speyer24news.com\/wp-content\/uploads\/2021\/05\/2021-05-18-Verwaltung_Zertifikat-Medienentwicklungsplan-326x245.jpg 326w, https:\/\/speyer24news.com\/wp-content\/uploads\/2021\/05\/2021-05-18-Verwaltung_Zertifikat-Medienentwicklungsplan-80x60.jpg 80w\" sizes=\"(max-width: 800px) 100vw, 800px\" \/><figcaption>IT-Koordinator Peter Hartmann hat an seinem Schreibtisch den Prozess f\u00fcr die Entwicklung des Medienentwicklungsplans fest im Blick.<\/figcaption><\/figure><\/div>\n\n\n\n<p>Gr\u00fcnes Licht f\u00fcr die Medienentwicklungspl\u00e4ne (MEP) an den Schulen bekam die Stadtverwaltung Hockenheim jetzt vom Landesmedienzentrum Baden-W\u00fcrttemberg. Die \u201eFreigabeempfehlung\u201c in Form von Zertifikaten belegt, dass die in den MEP enthaltenen Ma\u00dfnahmen f\u00fcr multimedialen Unterricht zielf\u00fchrend und f\u00f6rderf\u00e4hig sind. Davon profitieren jetzt die Pestalozzi-Schule, die Hub\u00e4cker-Schule, die Hartmann-Baumann-Schule, die Schule am Kraichbach, die Theodor Heuss-Realschule und das Carl-Friedrich-Gau\u00df-Gymnasium. Sie enthalten f\u00fcr digitalen Unterricht und entsprechende Infrastruktur eine finanzielle F\u00f6rderung \u00fcber die Landesbank Baden-W\u00fcrttemberg in H\u00f6he von rund 865 000 Euro.<\/p>\n\n\n\n<p>Der MEP beinhaltet eine stimmige Planung vom IST-Stand \u00fcber konkrete Ziele bis zu den Ma\u00dfnahmen f\u00fcr die Unterrichtsentwicklung unter Nutzung digitaler Medien. Diese Ziele werden zwischen Schule und Schultr\u00e4ger zeitlich terminiert. Wichtig in diesem Prozess ist, dass neben der unterrichtlichen Umsetzung auch die erforderlichen Schritte in der schulischen Personalentwicklung und der Lehrkr\u00e4ftefortbildung einbezogen werden.<\/p>\n\n\n\n<h4 class=\"wp-block-heading\">Digitalisierung kommt immer mehr in Schulen an<\/h4>\n\n\n\n<p>\u201eGemeinsam erarbeiten die Schulen und die Stadt Hockenheim als Schultr\u00e4ger einen Ma\u00dfnahmenkatalog und Umsetzungszeitplan. Dabei werden die geplante Ausstattung und Infrastruktur mit dem Schultr\u00e4ger und seinen finanziellen M\u00f6glichkeiten abgestimmt\u201c, erkl\u00e4rt Peter Hartmann von der Stadtverwaltung Hockenheim. Er koordiniert als IT-Koordinator f\u00fcr die Schulen die Aktivit\u00e4ten rund um den Digitalpakt. \u201eDabei ist f\u00fcr die Stadt Hockenheim und unsere Schulen wichtig, dass mit der Ma\u00dfnahmenplanung auch ein tragf\u00e4higes Betriebs- und Supportkonzept zugrunde gelegt wird, welches mit dem Schultr\u00e4ger abgestimmt ist\u201c, erkl\u00e4rt Peter Hartmann. Ein MEP ist dann gelungen, wenn er die unterrichtlichen Erfordernisse und die finanziellen M\u00f6glichkeiten des Schultr\u00e4gers f\u00fcr beide Partner zusammenbringt, erg\u00e4nzt er.<\/p>\n\n\n\n<p>Das Kultusministerium Baden-W\u00fcrttemberg hat bereits im letzten Jahr Anforderungen ver\u00f6ffentlicht, die f\u00fcr einen MEP ma\u00dfgeblich sind. Dabei sind schulische Ausstattung und unterrichtliche Umsetzung wichtige Ziele. \u201eDie Vorbereitung f\u00fcr den Zertifizierungsprozess war f\u00fcr alle Beteiligten in der Stadtverwaltung und in den Schulen viel Arbeit. Sie hat sich aber gelohnt\u201c, ist Peter Hartmann \u00fcberzeugt. Mit den erteilten Zertifikaten habe die Stadt einen weiteren Schritt auf diesem Weg gemacht. \u201eDie Digitalisierung kommt immer mehr an unseren Schulen an. Das ist f\u00fcr die Stadt als Schultr\u00e4ger ein wichtiges Anliegen\u201c, meint er.<\/p>\n\n\n\n<p><em>Stadtverwaltung Hockenheim<br>24.05.2021<\/em><\/p>\n\n\n\n<h2 class=\"wp-block-heading\">Kein Drag Racing am Hockenheimring<\/h2>\n\n\n\n<h3 class=\"wp-block-heading\">NitrOlympX 2021 abgesagt<\/h3>\n\n\n\n<ul><li><strong>Europas gr\u00f6\u00dfte Drag-Racing-Veranstaltung durch Corona-Pandemie ausgebremst<\/strong><\/li><li><strong>N\u00e4chste NitrOlympX finden vom 26. bis 28. August 2022 statt<\/strong><\/li><\/ul>\n\n\n\n<div class=\"wp-block-image\"><figure class=\"aligncenter size-large\"><img decoding=\"async\" loading=\"lazy\" width=\"800\" height=\"534\" src=\"https:\/\/speyer24news.com\/wp-content\/uploads\/2021\/05\/210420_HoRi_848x566_NOX.jpg\" alt=\"\" class=\"wp-image-36960\" srcset=\"https:\/\/speyer24news.com\/wp-content\/uploads\/2021\/05\/210420_HoRi_848x566_NOX.jpg 800w, https:\/\/speyer24news.com\/wp-content\/uploads\/2021\/05\/210420_HoRi_848x566_NOX-300x200.jpg 300w, https:\/\/speyer24news.com\/wp-content\/uploads\/2021\/05\/210420_HoRi_848x566_NOX-768x513.jpg 768w\" sizes=\"(max-width: 800px) 100vw, 800px\" \/><\/figure><\/div>\n\n\n\n<p>Wie bereits im vergangenen Jahr wird auch 2021 kein Drag-Racing-Europameisterschaftslauf von FIA und FIM am Hockenheimring stattfinden. Nach den Corona-bedingten Absagen der Rennen in Santa Pod (GB) und Tierp (SWE) verk\u00fcndet nun auch die Hockenheim-Ring GmbH, Veranstalter der NitrOlympX, das Aus der in diesem Jahr vom 27. bis 29. August terminierten Viertelmeilenrennen in Hockenheim.<\/p>\n\n\n\n<p>Mit der fr\u00fchzeitigen Absage reagiert die Hockenheim-Ring GmbH auf die aktuellen Entwicklungen der Corona-Pandemie. Die derzeit kritische Ausgangssituation macht konkrete Planungen f\u00fcr Veranstalter, Teams und Teilnehmer, eine zielgerichtete Organisation sowie eine wirtschaftliche Durchf\u00fchrung der kostenintensiven Gro\u00dfveranstaltung unm\u00f6glich.<\/p>\n\n\n\n<p>Gerade der finanzielle Aspekt wiegt in diesen Krisenzeiten f\u00fcr den Hockenheimring schwer. Da das Motodrom \u00fcber keine permanente Dragsterstrecke verf\u00fcgt, stellen die NitrOlympX die Organisatoren in jedem Jahr aufs Neue vor die Herausforderung, die Quartermile in einen Topzustand f\u00fcr eine internationale Meisterschaft im Hinblick auf Asphalt, Streckensicherheit, Zeitnahme etc. zu bringen. Dieser Aufwand geht nicht nur mit hohen Material- und Personalkosten einher, sondern auch mit einer langen Pr\u00e4parationsphase, in welcher die angrenzende Grand-Prix-Strecke nicht anderweitig vermietet werden kann.<\/p>\n\n\n\n<p>Dieser gro\u00dfe Block auf der Sollseite sowie weitere Veranstaltungskosten konnten in der Vergangenheit durch die zwingend notwendigen Zuschauereinnahmen amortisiert werden. Doch die auch im August 2021 zu erwartenden Publikumsbeschr\u00e4nkungen, versch\u00e4rft durch das limitierte Platzangebot entlang der Rico Anthes Quartermile, machen die NitrOlympX in dieser Saison finanziell nicht tragf\u00e4hig. Hinzu kommen die teils strengen Reiserestriktionen, die einen negativen Einfluss auf das internationale Starterfeld haben w\u00fcrden.<\/p>\n\n\n\n<div class=\"wp-block-image\"><figure class=\"aligncenter size-large\"><img decoding=\"async\" loading=\"lazy\" width=\"800\" height=\"533\" src=\"https:\/\/speyer24news.com\/wp-content\/uploads\/2021\/05\/NOX_2018-08-18_Sa_TKa_14200.jpg\" alt=\"\" class=\"wp-image-36961\" srcset=\"https:\/\/speyer24news.com\/wp-content\/uploads\/2021\/05\/NOX_2018-08-18_Sa_TKa_14200.jpg 800w, https:\/\/speyer24news.com\/wp-content\/uploads\/2021\/05\/NOX_2018-08-18_Sa_TKa_14200-300x200.jpg 300w, https:\/\/speyer24news.com\/wp-content\/uploads\/2021\/05\/NOX_2018-08-18_Sa_TKa_14200-768x512.jpg 768w\" sizes=\"(max-width: 800px) 100vw, 800px\" \/><\/figure><\/div>\n\n\n\n<p>\u201eAuch wenn es in dieser Zeit leider schon traurige Routine geworden ist, Zuschauerevents abzusagen, so schmerzt uns das Aus f\u00fcr die NitrOlympX 2021 ganz besonders. Denn wir wissen, mit wieviel Herzblut die zigtausend Fans, Teilnehmer, Helfer und Partner nach der Absage im vergangenen Jahr diesem Event entgegengefiebert haben. Und genau so ist es auch bei uns als Veranstalter. Aber gerade in diesen wirtschaftlich angespannten Zeiten m\u00fcssen wir den Corona-bedingten finanziellen Schaden f\u00fcr das Unternehmen m\u00f6glichst klein halten. Mit der zeitigen Absage ziehen wir die Konsequenzen aus der momentanen Lage \u2013 auch, um zumindest eine gewisse Planungssicherheit im Hinblick auf die so wichtige Auslastung der Grand-Prix-Strecke gew\u00e4hrleisten zu k\u00f6nnen. Umso mehr freuen wir uns auf ein fulminantes Dragsterspektakel mit den NitrOlympX 2022 im kommenden Jahr\u201c, lautet das gemeinsame Statement von Jochen Nerpel und Jorn Teske, Gesch\u00e4ftsf\u00fchrerduo der Hockenheim-Ring GmbH.<\/p>\n\n\n\n<h4 class=\"wp-block-heading\">Absage der Public Race Days<\/h4>\n\n\n\n<p>Auch das Beschleunigungsevent f\u00fcr Hobbyfahrer, Public Race Days, das urspr\u00fcnglich am 21. und 22. August geplant war, ist in diesem Jahr von einer Absage betroffen.<\/p>\n\n\n\n<h4 class=\"wp-block-heading\">Neuer Termin<\/h4>\n\n\n\n<p>Ein Termin f\u00fcr die 2022er-Ausgabe der NitrOlympX konnte bereits fixiert werden: Nach jetzigem Planungsstand wird das Event vom 26. bis 28. August 2022 stattfinden. Wie bisher \u00fcblich werden die Public Race Days wieder eine Woche zuvor auf der Quartermile am Start sein.<\/p>\n\n\n\n<h4 class=\"wp-block-heading\">Informationen f\u00fcr Ticketk\u00e4ufer<\/h4>\n\n\n\n<p>Bereits gekaufte Tickets behalten automatisch G\u00fcltigkeit f\u00fcr die n\u00e4chstj\u00e4hrige Veranstaltung oder k\u00f6nnen auf Wunsch zur\u00fcckerstattet werden. Der Customer-Service ist von Montag bis Freitag jeweils von 9:00 bis 12:00 Uhr und 12:30 bis 15:30 Uhr unter der Hotline-Nummer +49 (0)6205 950 222 oder per E-Mail an <a href=\"mailto:ticketing@hockenheimring.de\">ticketing@hockenheimring.de<\/a> erreichbar.<\/p>\n\n\n\n<h2 class=\"wp-block-heading\"><a href=\"https:\/\/www.facebook.com\/959859520797395\/videos\/2276426286002966\">Sehen sie (in Facebook) ein Video zur Nightshow der NitrolympX von 2019<\/a><\/h2>\n\n\n\n<p><em>Text &amp; Foto: HOCKENHEIM-RING GMBH Video: Speyer 24\/7 News<br>24.05.2021<\/em><\/p>\n","protected":false},"excerpt":{"rendered":"<div class=\"mh-excerpt\"><p>Vorsicht vor Trickbetr\u00fcgern Die Stadtwerke Hockenheim erhalten im Moment wieder vermehrt R\u00fcckmeldungen, dass Trickbetr\u00fcger unterwegs sind. Sie geben sich am Telefon und auch direkt beim Kunden als Mitarbeiter der Stadtwerke aus. Sie motivieren ihr Gegen\u00fcber <a class=\"mh-excerpt-more\" href=\"https:\/\/speyer24news.com\/?p=36957\" title=\"Hockenheim\">[&#8230;]<\/a><\/p>\n<\/div>","protected":false},"author":3,"featured_media":33076,"comment_status":"open","ping_status":"open","sticky":false,"template":"","format":"standard","meta":{"_monsterinsights_skip_tracking":false,"_monsterinsights_sitenote_active":false,"_monsterinsights_sitenote_note":"","_monsterinsights_sitenote_category":0,"footnotes":""},"categories":[489],"tags":[11737,2698,108,793,11738,11739,1286,492,11735,11733,11734,9666,11736],"aioseo_notices":[],"amp_enabled":true,"_links":{"self":[{"href":"https:\/\/speyer24news.com\/index.php?rest_route=\/wp\/v2\/posts\/36957"}],"collection":[{"href":"https:\/\/speyer24news.com\/index.php?rest_route=\/wp\/v2\/posts"}],"about":[{"href":"https:\/\/speyer24news.com\/index.php?rest_route=\/wp\/v2\/types\/post"}],"author":[{"embeddable":true,"href":"https:\/\/speyer24news.com\/index.php?rest_route=\/wp\/v2\/users\/3"}],"replies":[{"embeddable":true,"href":"https:\/\/speyer24news.com\/index.php?rest_route=%2Fwp%2Fv2%2Fcomments&post=36957"}],"version-history":[{"count":2,"href":"https:\/\/speyer24news.com\/index.php?rest_route=\/wp\/v2\/posts\/36957\/revisions"}],"predecessor-version":[{"id":36966,"href":"https:\/\/speyer24news.com\/index.php?rest_route=\/wp\/v2\/posts\/36957\/revisions\/36966"}],"wp:featuredmedia":[{"embeddable":true,"href":"https:\/\/speyer24news.com\/index.php?rest_route=\/wp\/v2\/media\/33076"}],"wp:attachment":[{"href":"https:\/\/speyer24news.com\/index.php?rest_route=%2Fwp%2Fv2%2Fmedia&parent=36957"}],"wp:term":[{"taxonomy":"category","embeddable":true,"href":"https:\/\/speyer24news.com\/index.php?rest_route=%2Fwp%2Fv2%2Fcategories&post=36957"},{"taxonomy":"post_tag","embeddable":true,"href":"https:\/\/speyer24news.com\/index.php?rest_route=%2Fwp%2Fv2%2Ftags&post=36957"}],"curies":[{"name":"wp","href":"https:\/\/api.w.org\/{rel}","templated":true}]}}