{"id":37003,"date":"2021-05-25T05:09:16","date_gmt":"2021-05-25T04:09:16","guid":{"rendered":"https:\/\/speyer24news.com\/?p=37003"},"modified":"2021-05-25T05:12:21","modified_gmt":"2021-05-25T04:12:21","slug":"corona-virus-8","status":"publish","type":"post","link":"https:\/\/speyer24news.com\/?p=37003","title":{"rendered":"Corona-Virus"},"content":{"rendered":"<style type=\"text\/css\">\r\n\t.ads_top_disp{}\r\n\t.ads_top_corner_disp{ float:left; margin:0px 10px 10px 0px; }\r\n\t.ads_first_p_disp{}\r\n\t.ads_bottom_disp{}\r\n\t<\/style>\n<h2 class=\"wp-block-heading\"><strong>Coronavirus SARS-CoV-2: Aktuelle Fallzahlen f\u00fcr Rheinland-Pfalz<\/strong> vom Montag (24.05.2021)<\/h2>\n\n\n\n<p>Die Fallzahlen zum Coronavirus in Rheinland-Pfalz: Seit Beginn der Pandemie gab es 151.469 laborbest\u00e4tigte Infektionen im Land &#8211; das sind 160 mehr als am Vortag (151.309). 7.922 Menschen im Land sind aktuell mit dem Coronavirus infiziert (Vortag: 8.306). 8.661 Personen wurden seit Beginn der Pandemie ins Krankenhaus gebracht (Vortag: 8.653). 3.698 Personen sind im Zusammenhang mit einer Infektion gestorben &#8211; 2 mehr als am Vortag (3.696). Die landesweite Inzidenz sinkt auf 53,4.\u00a0<strong>Weitere offizielle Corona-Meldedaten aus Rheinland-Pfalz auf\u00a0der\u00a0<\/strong><a rel=\"noreferrer noopener\" href=\"https:\/\/deref-web.de\/mail\/client\/jnXIY9tHaEg\/dereferrer\/?redirectUrl=https%3A%2F%2Flua.rlp.de%2Fde%2Funsere-themen%2Finfektionsschutz%2Fmeldedaten_coronavirus%2F\" target=\"_blank\"><strong><u>Homepage des LUA<\/u><\/strong><\/a><strong>.<\/strong><\/p>\n\n\n\n<figure class=\"wp-block-table\"><table><tbody><tr><td><strong>Kreis, Stand 24.5.2021<\/strong><\/td><td><strong>Laborbest\u00e4tigt, seit Beginn der Pandemie<\/strong><\/td><td><strong>Gemeldet, die letzten 7 Tage<\/strong><\/td><\/tr><\/tbody><\/table><\/figure>\n\n\n\n<figure class=\"wp-block-table\"><table><tbody><tr><td><\/td><td><strong>Gesamt<\/strong><\/td><td><strong>Differenz zum<br>Vortag<\/strong><\/td><td><strong>Hospitali-siert<\/strong><\/td><td><strong>Verstor-ben<\/strong><\/td><td><strong>Genesen<\/strong><strong><sup>A<\/sup><\/strong><\/td><td><strong>aktuelle F\u00e4lle<\/strong><strong><sup>B<\/sup><\/strong><\/td><td><strong>Gesamt<\/strong><\/td><td><strong>pro<br>100.000<\/strong><strong><sup>C<\/sup><\/strong><\/td><td><strong>pro<br>100.000 (+USAF)<\/strong><strong><sup>D<\/sup><\/strong><\/td><td><strong>Gesamt,<br><\/strong><strong>\u2265&nbsp;<\/strong><strong>60 Jahre<\/strong><\/td><td><strong>pro<br>100.000,<br>\u2265 60 Jahre<\/strong><\/td><\/tr><tr><td>Ahrweiler<\/td><td>4377<\/td><td>11<\/td><td>189<\/td><td>49<\/td><td>3979<\/td><td>349<\/td><td>79<\/td><td>60,7<\/td><td>60,7<\/td><td>6<\/td><td>14,3<\/td><\/tr><tr><td>Altenkirchen<\/td><td>4825<\/td><td>11<\/td><td>402<\/td><td>98<\/td><td>4427<\/td><td>300<\/td><td>93<\/td><td>72,2<\/td><td>72,2<\/td><td>8<\/td><td>20,7<\/td><\/tr><tr><td>Alzey-Worms<\/td><td>4933<\/td><td>5<\/td><td>288<\/td><td>117<\/td><td>4613<\/td><td>203<\/td><td>66<\/td><td>50,9<\/td><td>50,9<\/td><td>11<\/td><td>30,0<\/td><\/tr><tr><td>Bad D\u00fcrkheim<\/td><td>4369<\/td><td>1<\/td><td>301<\/td><td>149<\/td><td>4056<\/td><td>164<\/td><td>39<\/td><td>29,4<\/td><td>29,4<\/td><td>4<\/td><td>9,3<\/td><\/tr><tr><td>Bad Kreuznach<\/td><td>5839<\/td><td>7<\/td><td>315<\/td><td>139<\/td><td>5399<\/td><td>301<\/td><td>77<\/td><td>48,6<\/td><td>48,6<\/td><td>13<\/td><td>26,4<\/td><\/tr><tr><td>Bernkastel-Wittlich<\/td><td>2956<\/td><td>0<\/td><td>270<\/td><td>61<\/td><td>2745<\/td><td>150<\/td><td>44<\/td><td>39,1<\/td><td>38,6<\/td><td>3<\/td><td>8,7<\/td><\/tr><tr><td>Birkenfeld<\/td><td>3329<\/td><td>9<\/td><td>290<\/td><td>92<\/td><td>3009<\/td><td>228<\/td><td>71<\/td><td>87,7<\/td><td>84,9<\/td><td>12<\/td><td>45,7<\/td><\/tr><tr><td>Bitburg-Pr\u00fcm<\/td><td>3305<\/td><td>2<\/td><td>161<\/td><td>30<\/td><td>3097<\/td><td>178<\/td><td>39<\/td><td>39,4<\/td><td>38,1<\/td><td>7<\/td><td>25,0<\/td><\/tr><tr><td>Cochem-Zell<\/td><td>1898<\/td><td>0<\/td><td>145<\/td><td>57<\/td><td>1794<\/td><td>47<\/td><td>14<\/td><td>22,8<\/td><td>22,8<\/td><td>3<\/td><td>15,0<\/td><\/tr><tr><td>Donnersbergkreis<\/td><td>2526<\/td><td>0<\/td><td>194<\/td><td>65<\/td><td>2342<\/td><td>119<\/td><td>41<\/td><td>54,4<\/td><td>53,9<\/td><td>2<\/td><td>8,8<\/td><\/tr><tr><td>Germersheim<\/td><td>5451<\/td><td>2<\/td><td>358<\/td><td>125<\/td><td>5136<\/td><td>190<\/td><td>35<\/td><td>27,1<\/td><td>27,1<\/td><td>1<\/td><td>2,8<\/td><\/tr><tr><td>Kaiserslautern<\/td><td>3821<\/td><td>0<\/td><td>230<\/td><td>75<\/td><td>3528<\/td><td>218<\/td><td>57<\/td><td>53,8<\/td><td>46,0<\/td><td>8<\/td><td>25,3<\/td><\/tr><tr><td>Kusel<\/td><td>2176<\/td><td>0<\/td><td>196<\/td><td>66<\/td><td>1998<\/td><td>112<\/td><td>26<\/td><td>37,0<\/td><td>35,1<\/td><td>1<\/td><td>4,3<\/td><\/tr><tr><td>Mainz-Bingen<\/td><td>7282<\/td><td>6<\/td><td>354<\/td><td>216<\/td><td>6618<\/td><td>448<\/td><td>116<\/td><td>54,9<\/td><td>54,8<\/td><td>9<\/td><td>15,0<\/td><\/tr><tr><td>Mayen-Koblenz<\/td><td>7157<\/td><td>9<\/td><td>262<\/td><td>160<\/td><td>6640<\/td><td>357<\/td><td>79<\/td><td>36,8<\/td><td>36,8<\/td><td>11<\/td><td>17,3<\/td><\/tr><tr><td>Neuwied<\/td><td>8046<\/td><td>6<\/td><td>276<\/td><td>121<\/td><td>7617<\/td><td>308<\/td><td>86<\/td><td>47,0<\/td><td>47,0<\/td><td>7<\/td><td>12,8<\/td><\/tr><tr><td>Rhein-Hunsr\u00fcck<\/td><td>3676<\/td><td>4<\/td><td>370<\/td><td>100<\/td><td>3441<\/td><td>135<\/td><td>43<\/td><td>41,7<\/td><td>41,7<\/td><td>6<\/td><td>18,9<\/td><\/tr><tr><td>Rhein-Lahn-Kreis<\/td><td>3952<\/td><td>0<\/td><td>338<\/td><td>97<\/td><td>3685<\/td><td>170<\/td><td>46<\/td><td>37,6<\/td><td>37,6<\/td><td>4<\/td><td>10,5<\/td><\/tr><tr><td>Rhein-Pfalz-Kreis<\/td><td>6526<\/td><td>4<\/td><td>148<\/td><td>224<\/td><td>6003<\/td><td>299<\/td><td>76<\/td><td>49,2<\/td><td>49,2<\/td><td>13<\/td><td>27,9<\/td><\/tr><tr><td>S\u00fcdliche Weinstr.<\/td><td>3644<\/td><td>0<\/td><td>369<\/td><td>114<\/td><td>3312<\/td><td>218<\/td><td>62<\/td><td>56,1<\/td><td>56,1<\/td><td>2<\/td><td>5,8<\/td><\/tr><tr><td>S\u00fcdwestpfalz<\/td><td>2630<\/td><td>0<\/td><td>273<\/td><td>83<\/td><td>2391<\/td><td>156<\/td><td>65<\/td><td>68,5<\/td><td>67,6<\/td><td>9<\/td><td>27,9<\/td><\/tr><tr><td>Trier-Saarburg<\/td><td>4368<\/td><td>7<\/td><td>248<\/td><td>94<\/td><td>4072<\/td><td>202<\/td><td>49<\/td><td>32,8<\/td><td>32,8<\/td><td>4<\/td><td>9,4<\/td><\/tr><tr><td>Vulkaneifel<\/td><td>2002<\/td><td>2<\/td><td>159<\/td><td>61<\/td><td>1833<\/td><td>108<\/td><td>37<\/td><td>61,0<\/td><td>61,0<\/td><td>3<\/td><td>15,0<\/td><\/tr><tr><td>Westerwaldkreis<\/td><td>7178<\/td><td>18<\/td><td>584<\/td><td>148<\/td><td>6647<\/td><td>383<\/td><td>120<\/td><td>59,4<\/td><td>59,4<\/td><td>15<\/td><td>25,9<\/td><\/tr><tr><td>KS Frankenthal<\/td><td>2097<\/td><td>1<\/td><td>34<\/td><td>51<\/td><td>1959<\/td><td>87<\/td><td>33<\/td><td>67,7<\/td><td>67,7<\/td><td>2<\/td><td>13,9<\/td><\/tr><tr><td>KS Kaiserslautern<\/td><td>3562<\/td><td>0<\/td><td>284<\/td><td>111<\/td><td>3170<\/td><td>281<\/td><td>89<\/td><td>89,0<\/td><td>83,4<\/td><td>7<\/td><td>26,1<\/td><\/tr><tr><td>KS Koblenz<\/td><td>4430<\/td><td>3<\/td><td>144<\/td><td>134<\/td><td>4124<\/td><td>172<\/td><td>34<\/td><td>29,8<\/td><td>29,8<\/td><td>2<\/td><td>6,3<\/td><\/tr><tr><td>KS Landau i.d.Pf.<\/td><td>1639<\/td><td>0<\/td><td>168<\/td><td>35<\/td><td>1501<\/td><td>103<\/td><td>23<\/td><td>49,1<\/td><td>49,1<\/td><td>2<\/td><td>16,5<\/td><\/tr><tr><td>KS Ludwigshafen<\/td><td>10268<\/td><td>30<\/td><td>198<\/td><td>322<\/td><td>9369<\/td><td>577<\/td><td>194<\/td><td>112,6<\/td><td>112,6<\/td><td>20<\/td><td>47,0<\/td><\/tr><tr><td>KS Mainz<\/td><td>9816<\/td><td>11<\/td><td>369<\/td><td>202<\/td><td>8930<\/td><td>684<\/td><td>141<\/td><td>64,5<\/td><td>64,5<\/td><td>16<\/td><td>32,0<\/td><\/tr><tr><td>KS Neustadt a.d.W.<\/td><td>1659<\/td><td>1<\/td><td>115<\/td><td>38<\/td><td>1550<\/td><td>71<\/td><td>16<\/td><td>30,0<\/td><td>30,0<\/td><td>5<\/td><td>29,1<\/td><\/tr><tr><td>KS Pirmasens<\/td><td>1382<\/td><td>0<\/td><td>159<\/td><td>54<\/td><td>1250<\/td><td>78<\/td><td>32<\/td><td>79,5<\/td><td>79,5<\/td><td>4<\/td><td>29,8<\/td><\/tr><tr><td>KS Speyer<\/td><td>2788<\/td><td>1<\/td><td>51<\/td><td>83<\/td><td>2599<\/td><td>106<\/td><td>19<\/td><td>37,6<\/td><td>37,6<\/td><td>2<\/td><td>13,1<\/td><\/tr><tr><td>KS Trier<\/td><td>2674<\/td><td>6<\/td><td>125<\/td><td>29<\/td><td>2533<\/td><td>112<\/td><td>33<\/td><td>29,6<\/td><td>29,6<\/td><td>2<\/td><td>7,6<\/td><\/tr><tr><td>KS Worms<\/td><td>4115<\/td><td>3<\/td><td>221<\/td><td>89<\/td><td>3779<\/td><td>247<\/td><td>95<\/td><td>113,7<\/td><td>113,7<\/td><td>18<\/td><td>78,5<\/td><\/tr><tr><td>KS Zweibr\u00fccken<\/td><td>773<\/td><td>0<\/td><td>73<\/td><td>9<\/td><td>703<\/td><td>61<\/td><td>17<\/td><td>49,7<\/td><td>49,7<\/td><td>0<\/td><td>0,0<\/td><\/tr><tr><td><strong>Rheinland-Pfalz<\/strong><\/td><td><strong>151469<\/strong><\/td><td><strong>160<\/strong><\/td><td><strong>8661<\/strong><\/td><td><strong>3698<\/strong><\/td><td><strong>139849 #<\/strong><\/td><td><strong>7922<\/strong><\/td><td><strong>2186<\/strong><\/td><td><strong>53,4<\/strong><\/td><td><strong>52,9<\/strong><\/td><td><strong>242<\/strong><\/td><td><strong>20,2<\/strong><\/td><\/tr><\/tbody><\/table><\/figure>\n\n\n\n<h4 class=\"wp-block-heading\"><strong>Anmerkungen zur Tabelle<\/strong>\u00a0<\/h4>\n\n\n\n<p>Dargestellt sind ausschlie\u00dflich mittels PCR laborbest\u00e4tigte Meldef\u00e4lle.Als \u201everstorben\u201c gelten F\u00e4lle, die als \u201ean\u201c und \u201emit\u201c COVID-19 verstorben \u00fcbermittelt wurden.<sup>A<\/sup>\u00a0Genesen wurde wie folgt definiert:a) nicht-verstorben, nicht-hospitalisiert und vor mehr als 21 Tagen ab Datenstichtag erkranktb) nicht-verstorben, hospitalisiert gemeldet und vor mehr als 28 Tagen ab Datenstichtag erkranktc) nicht-verstorben, Hospitalisierung unbekannt und vor mehr als 28 ab Datenstichtag Tagen erkranktSofern kein Erkrankungsdatum vorliegt, wird das gesch\u00e4tzte Erkrankungsdatum aus Meldedatum minus mittlerem Meldeverzug von derzeit 5 Tagen verwendet.<sup>B<\/sup>\u00a0Errechnet als Differenz aus Gesamtzahl der laborbest\u00e4tigten F\u00e4lle, Verstorbenen und Genesenen.<sup>C<\/sup>\u00a0COVID-19 Erkrankungen mit Meldedatum der letzten 7 Tage ab Datenstichtag, pro 100.000 Einwohner. Bitte beachten Sie, dass die Gesamtinzidenz der Meldungen in den letzten 7 Tagen f\u00fcr Rheinland-Pfalz \/100.000 Einwohner das mit der Bev\u00f6lkerungszahl der Gebietseinheit gewichtete Mittel und\u00a0nicht\u00a0deren arithmetisches Mittel ist.<sup>D<\/sup>\u00a0USAF = U.S. Armed Forces; Berechnung der Inzidenz \/100.000 unter Ber\u00fccksichtigung der mit Stand vom 30.6.2020 in der Gebietseinheit stationierten U.S. Streitkr\u00e4fte# Die Summe der in Rheinland-Pfalz bereits von COVID-19 Genesenen kann aufgrund eines unterschiedlichen Datenstandes und Bewertungsalgorithmus von der auf dem RKI-Dashboard abweichen.\u00a0<\/p>\n\n\n\n<h4 class=\"wp-block-heading\"><strong>Anmerkung zur Inzidenz der Menschen \u00fcber 60 Jahre<\/strong>: <\/h4>\n\n\n\n<p>Das Risiko, durch eine SARS-CoV-2 Infektion schwer zu erkranken und daran sogar zu versterben steigt ab einem Alter von 60 Jahren sprunghaft an, so dass bei den \u00fcber 85-J\u00e4hrigen im Durchschnitt jeder 4. Infizierte auch daran verstirbt. Bei Abw\u00e4gung der Chancen und Risiken einer schrittweisen \u00d6ffnung der Gesellschaft einerseits und dem individuellen Schutz der Gesundheit andererseits ist es daher von besonderer Bedeutung, die Ausbreitung von Infektionen in der Altersgruppe \u00fcber 60 Jahren zu kontrollieren. Die gesonderte Ausweisung der 7-Tages-Inzidenz f\u00fcr Menschen im Alter von 60 Jahren und \u00e4lter durch das Landesuntersuchungsamt gibt zus\u00e4tzliche Information f\u00fcr die Beurteilung der Wirksamkeit und damit der Steuerung von Infektionsschutzma\u00dfnahmen im Hinblick auf diese besonders vulnerable Gruppe. Gleichzeitig erhalten die B\u00fcrger einen weiteren Zielparameter f\u00fcr den Erfolg ihres gemeinschaftlichen Hygienehandelns in den Kommunen.<\/p>\n\n\n\n<p><em>Landesuntersuchungsamt (LUA) Rheinland-Pfalz<br>25.05.2021<\/em><\/p>\n\n\n\n<h2 class=\"wp-block-heading\">Ministerpr\u00e4sidentin Dreyer\/Gesundheitsminister Hoch: Rheinland-Pfalz tritt in zweite Stufe des Perspektivplans ein<\/h2>\n\n\n\n<p>Am vergangenem Freitag tratt die 21. Corona-Bek\u00e4mpfungsverordnung in Kraft. Mit ihr sind weitere vorsichtige Schritte aus den pandemiebedingten Beschr\u00e4nkungen m\u00f6glich. \u201eGemeinsam haben die Menschen im Land viel erreicht. Die Infektionszahlen sinken weiter. Gleichzeitig steigt die Zahl der geimpften Menschen im Land. Das macht Mut und Hoffnung und erm\u00f6glicht uns, die zweite Stufe des Perspektivplans Rheinland-Pfalz zu aktivieren und weitere vorsichtige \u00d6ffnungsschritte zu wagen\u201c, sagte Ministerpr\u00e4sidentin Malu Dreyer. Das Land gehe umsichtig und zielstrebig mit gro\u00dfen Schritten einem positiven Sommer entgegen. \u201eDie warmen Temperaturen treiben die Menschen nach drau\u00dfen. Wir werden daher im Bereich des Sports und der Freizeitgestaltung einige Beschr\u00e4nkungen im Freien lockern\u201c, so Ministerpr\u00e4sidentin Malu Dreyer weiter.<\/p>\n\n\n\n<p>\u201eDer positive Trend der letzten Wochen verfestigt sich. Dies gilt es auszubauen und gleichzeitig nicht leichtsinnig zu werden. Das Bed\u00fcrfnis nach Normalit\u00e4t ist bei uns allen enorm. In der aktuellen Lage mit sinkenden Inzidenz- und steigenden Impfzahlen d\u00fcrfen wir auch berechtigt optimistisch auf die kommenden Wochen blicken. Dennoch lassen wir Vorsicht walten, um das Erreichte nicht leichtfertig zu verspielen&#8220;, betonte Gesundheitsminister Clemens Hoch. Trotz der guten Entwicklung blieben daher die Grundregeln wie Maskentragen, Abstand halten, Hygienevorschriften beachten und regelm\u00e4\u00dfiges Testen die Kernstrategie gegen die Corona-Pandemie. Auch die Kontaktbeschr\u00e4nkungen von maximal f\u00fcnf Personen aus zwei Hausst\u00e4nden blieben zun\u00e4chst bestehen.<\/p>\n\n\n\n<h3 class=\"wp-block-heading\">Mit der neuen Verordnung treten folgende \u00c4nderungen in Kraft:<\/h3>\n\n\n\n<h4 class=\"wp-block-heading\">Bei einer Inzidenz unter 100:<\/h4>\n\n\n\n<ul><li>Kultur im Freien mit maximal 100 Zuschauern auch beim Sport auf festen Pl\u00e4tzen sind wieder m\u00f6glich. Ein vorangegangener negativer Test ist Pflicht. Die Maskenpflicht am Platz entf\u00e4llt, da zwischen den Pl\u00e4tzen ausreichend Abstand gehalten werden muss.<\/li><li>Kontaktloser Gruppensport au\u00dfen ist unter Aufsicht einer Trainerin oder eines Trainers mit maximal f\u00fcnf Personen aus maximal f\u00fcnf Haushalten wieder m\u00f6glich.<\/li><li>Das Verbot vom Konsum alkoholischer Getr\u00e4nke in der \u00d6ffentlichkeit entf\u00e4llt.<\/li><\/ul>\n\n\n\n<h4 class=\"wp-block-heading\">Bei einer Inzidenz unter 50:<\/h4>\n\n\n\n<ul><li>Kulturelle und gastronomische Angebote in Innenr\u00e4umen k\u00f6nnen mit entsprechendem Testkonzept und festen Pl\u00e4tzen wieder wahrgenommen werden.<\/li><li>Angebote auf Ausflugsschiffen sind grunds\u00e4tzlich analog zu den Regelungen in der Gastronomie wieder m\u00f6glich. Dabei ist die aktuelle Inzidenz \u201eUnter 100\u201c oder \u201eUnter 50\u201c entscheidend.<\/li><\/ul>\n\n\n\n<p>Dar\u00fcber hinaus wurde die 21. Corona-Bek\u00e4mpfungsverordnung an die neue Version der Coronavirus-Einreiseverordnung des Bundes angepasst, die dieser am 13.&nbsp;Mai&nbsp;2021 erlassen hat. Neben den Ausnahmen f\u00fcr symptomlose geimpfte und symptomlose genesene Personen gibt es nur kleinere Anpassungen: Beispielweise k\u00f6nnen sich Einreisende aus einfachen Risikogebieten sofort \u201efreitesten\u201c lassen und nicht erst nach f\u00fcnf Tagen. Zudem m\u00fcssen sich Kinder bis zum sechsten Geburtstag nicht auf eine Infektion mit dem Coronavirus testen lassen.<\/p>\n\n\n\n<p>Sollte sich der positive Trend wie bisher fortsetzen, so ist ab dem 2. Juni eine dritte Stufe des Perspektivplans Rheinland-Pfalz vorgesehen, die weitere Erleichterungen im Bereich des Tourismus, der Freizeit, des Sports und der Kultur vorsieht.<\/p>\n\n\n\n<p><em>Staatskanzlei Rheinland-Pfalz<br>25.05.2021<\/em><\/p>\n","protected":false},"excerpt":{"rendered":"<div class=\"mh-excerpt\"><p>Coronavirus SARS-CoV-2: Aktuelle Fallzahlen f\u00fcr Rheinland-Pfalz vom Montag (24.05.2021) Die Fallzahlen zum Coronavirus in Rheinland-Pfalz: Seit Beginn der Pandemie gab es 151.469 laborbest\u00e4tigte Infektionen im Land &#8211; das sind 160 mehr als am Vortag (151.309). <a class=\"mh-excerpt-more\" href=\"https:\/\/speyer24news.com\/?p=37003\" title=\"Corona-Virus\">[&#8230;]<\/a><\/p>\n<\/div>","protected":false},"author":3,"featured_media":25126,"comment_status":"open","ping_status":"open","sticky":false,"template":"","format":"standard","meta":{"_monsterinsights_skip_tracking":false,"_monsterinsights_sitenote_active":false,"_monsterinsights_sitenote_note":"","_monsterinsights_sitenote_category":0,"footnotes":""},"categories":[11613],"tags":[6401,10755,6367,6370,7523,5904,5801,7118,2625,380],"aioseo_notices":[],"amp_enabled":true,"_links":{"self":[{"href":"https:\/\/speyer24news.com\/index.php?rest_route=\/wp\/v2\/posts\/37003"}],"collection":[{"href":"https:\/\/speyer24news.com\/index.php?rest_route=\/wp\/v2\/posts"}],"about":[{"href":"https:\/\/speyer24news.com\/index.php?rest_route=\/wp\/v2\/types\/post"}],"author":[{"embeddable":true,"href":"https:\/\/speyer24news.com\/index.php?rest_route=\/wp\/v2\/users\/3"}],"replies":[{"embeddable":true,"href":"https:\/\/speyer24news.com\/index.php?rest_route=%2Fwp%2Fv2%2Fcomments&post=37003"}],"version-history":[{"count":2,"href":"https:\/\/speyer24news.com\/index.php?rest_route=\/wp\/v2\/posts\/37003\/revisions"}],"predecessor-version":[{"id":37007,"href":"https:\/\/speyer24news.com\/index.php?rest_route=\/wp\/v2\/posts\/37003\/revisions\/37007"}],"wp:featuredmedia":[{"embeddable":true,"href":"https:\/\/speyer24news.com\/index.php?rest_route=\/wp\/v2\/media\/25126"}],"wp:attachment":[{"href":"https:\/\/speyer24news.com\/index.php?rest_route=%2Fwp%2Fv2%2Fmedia&parent=37003"}],"wp:term":[{"taxonomy":"category","embeddable":true,"href":"https:\/\/speyer24news.com\/index.php?rest_route=%2Fwp%2Fv2%2Fcategories&post=37003"},{"taxonomy":"post_tag","embeddable":true,"href":"https:\/\/speyer24news.com\/index.php?rest_route=%2Fwp%2Fv2%2Ftags&post=37003"}],"curies":[{"name":"wp","href":"https:\/\/api.w.org\/{rel}","templated":true}]}}