{"id":37088,"date":"2021-05-25T09:15:16","date_gmt":"2021-05-25T08:15:16","guid":{"rendered":"https:\/\/speyer24news.com\/?p=37088"},"modified":"2021-05-26T05:03:42","modified_gmt":"2021-05-26T04:03:42","slug":"kirche-94","status":"publish","type":"post","link":"https:\/\/speyer24news.com\/?p=37088","title":{"rendered":"Kirche"},"content":{"rendered":"<style type=\"text\/css\">\r\n\t.ads_top_disp{}\r\n\t.ads_top_corner_disp{ float:left; margin:0px 10px 10px 0px; }\r\n\t.ads_first_p_disp{}\r\n\t.ads_bottom_disp{}\r\n\t<\/style>\n<h2 class=\"wp-block-heading\"><strong>\u201eNetzwerk Pr\u00e4vention\u201c: Mit neuem Namen f\u00fcr den Schutz von Kindern, Jugendlichen und erwachsenen Schutzbefohlenen engagiert<\/strong><\/h2>\n\n\n\n<h3 class=\"wp-block-heading\"><strong>Schwerpunkt ist die Entwicklung von Schutzkonzepten im Rahmen der Initiative \u201eSicherer Ort Kirche\u201c \u2013 Heftreihe gibt praktische Hilfestellung f\u00fcr die Pr\u00e4vention<\/strong><\/h3>\n\n\n\n<div class=\"wp-block-image\"><figure class=\"aligncenter size-large\"><img decoding=\"async\" loading=\"lazy\" width=\"800\" height=\"533\" src=\"https:\/\/speyer24news.com\/wp-content\/uploads\/2021\/05\/csm_Missbrauch_Fotolia_144538873_S_132e30208b.jpg\" alt=\"\" class=\"wp-image-37096\" srcset=\"https:\/\/speyer24news.com\/wp-content\/uploads\/2021\/05\/csm_Missbrauch_Fotolia_144538873_S_132e30208b.jpg 800w, https:\/\/speyer24news.com\/wp-content\/uploads\/2021\/05\/csm_Missbrauch_Fotolia_144538873_S_132e30208b-300x200.jpg 300w, https:\/\/speyer24news.com\/wp-content\/uploads\/2021\/05\/csm_Missbrauch_Fotolia_144538873_S_132e30208b-768x512.jpg 768w\" sizes=\"(max-width: 800px) 100vw, 800px\" \/><figcaption>F\u00fcr Grenzverletzungen aller Art, ob verbal oder k\u00f6rperlich, gilt ein klares &#8222;Stopp!&#8220;<br><em>Foto: Fotolia<\/em><\/figcaption><\/figure><\/div>\n\n\n\n<p>Im Jahr 2019 hat das Bistum Speyer den \u201eRunden Tisch Pr\u00e4vention\u201c gegr\u00fcndet. Sein Ziel: Kinder, Jugendliche und erwachsene Schutzbefohlenen vor sexualisierter Gewalt sch\u00fctzen. Jetzt hat sich der Kreis einen neuen Namen gegeben: \u201eNetzwerk Pr\u00e4vention\u201c.<\/p>\n\n\n\n<p>\u201eMit dem neuen Namen wollen wir deutlich machen, dass Pr\u00e4vention nur im Zusammenspiel aller Beteiligten gelingen kann. Jede und jeder kann und muss dazu beitragen, dass Kinder, Jugendliche und erwachsene Schutzbefohlene in kirchlichen Gruppen, Verb\u00e4nden und Einrichtungen sicher aufwachsen und leben k\u00f6nnen\u201c, erkl\u00e4ren die beiden Pr\u00e4ventionsbeauftragten Christine Lormes und Olaf von Knobelsdorff. Koordiniert wird das \u201eNetzwerk Pr\u00e4vention\u201c von einem Kreis aus derzeit 13 Mitarbeiterinnen und Mitarbeitern aus verschiedenen Arbeitsfeldern. Sie sind als besonders geschulte Fachkr\u00e4fte ausgebildet und beraten in ihren jeweiligen Arbeitsfeldern kirchliche Einrichtungen, Gruppen und Verb\u00e4nde zum Beispiel beim Erkennen von Risiko- und Schutzfaktoren und der Entwicklung passgenauer Schutzkonzepte.<\/p>\n\n\n\n<p>Ein Schwerpunkt seit der Gr\u00fcndung war die Vorbereitung der di\u00f6zesanweiten Pr\u00e4ventionskampagne \u201eSicherer Ort Kirche\u201c. Sie wurde im Januar dieses Jahres im Rahmen einer Auftaktveranstaltung mit Bischof Dr. Karl-Heinz Wiesemann und dem Jesuit Klaus Mertes gestartet. Einrichtungen, Verb\u00e4nde und Pfarreien im Bistum Speyer entwickeln Pr\u00e4ventionskonzepte, die einen Kulturwandel zu mehr Wachsamkeit und Achtsamkeit bewirken sollen. \u201eWir wollen lernen, genau hinzuschauen und Kinder und Jugendliche in ihrer Pers\u00f6nlichkeit zu st\u00e4rken\u201c, erkl\u00e4rte der Speyerer Bischof Dr. Karl-Heinz Wiesemann zum Start der Initiative.<\/p>\n\n\n\n<p>Das \u201eNetzwerk Pr\u00e4vention\u201c war beteiligt an der Entwicklung einer Arbeitshilfe f\u00fcr die Initiative, bestehend aus acht Heften. Sie leitet die Einrichtungen, Verb\u00e4nde und Pfarreien an, ihr eigenes Pr\u00e4ventionskonzept zu entwickeln. In den Heften geht es unter anderem um Schutz- und Risikofaktoren, Personalentwicklung, Verhaltensregeln, Beschwerdewege, Qualit\u00e4tsmanagement und Interventionsma\u00dfnahmen. Die Hefte k\u00f6nnen beim Bistum Speyer bestellt werden, stehen in digitaler Form aber auch auf der Internetseite des Bistums online.<\/p>\n\n\n\n<p>Rund 2.200 kirchliche Mitarbeiterinnen und Mitarbeiter in verschiedenen Arbeitsfeldern des Bistums Speyer haben inzwischen an Pr\u00e4ventionsschulungen teilgenommen, von der Seelsorge bis hin zu den kirchlichen Schulen und den katholischen Kindertagesst\u00e4tten. Die Einrichtungen der Jugendhilfe arbeiten mit speziellen Kinderschutzkonzepten, auch f\u00fcr 25 kirchliche Schulen wurden mittlerweile Pr\u00e4ventionsfachkr\u00e4fte ausgebildet. Im Bereich Schulen findet aktuell ein Kurs f\u00fcr besonders geschulte Fachkr\u00e4fte in Zusammenarbeit mit dem Institut f\u00fcr Lehrerfortbildung und den rheinland-pf\u00e4lzischen Bist\u00fcmern statt. Anfang Juni startet eine neue Fortbildungsreihe f\u00fcr Mitarbeitende in der Seelsorge. Voraussichtlich im September wird ein E-Learning-Angebot f\u00fcr Mitarbeiterinnen und Mitarbeiter in Kindertageseinrichtungen an den Start gehen.<\/p>\n\n\n\n<p>Besonders die Abteilung Jugendseelsorge und die Verb\u00e4nde unter dem Dach des Bundes der Deutschen Katholischen Jugend (BDKJ) setzen seit Jahren einen klaren Schwerpunkt auf das Thema Pr\u00e4vention. Insgesamt 1350 ehrenamtlich Engagierte haben an den bisherigen Schulungen teilgenommen. Bei jeder gro\u00dfen Aktion, sei es die Ministranten-Wallfahrt nach Rom oder die 72-Stunden-Aktion, werden die Teilnehmerinnen und Teilnehmer durch Schulungsangebote f\u00fcr das Thema Kinderschutz und Pr\u00e4vention eigens sensibilisiert.<\/p>\n\n\n\n<h3 class=\"wp-block-heading\"><strong>Kontakt:<\/strong><\/h3>\n\n\n\n<p>Koordinationsstelle Pr\u00e4vention<br>Kleine Pfaffengasse 16<br>67346 Speyer<br>Tel. 06232\/102-511<br>Mail:&nbsp;<a href=\"mailto:praevention@bistum-speyer.de\" target=\"_blank\" rel=\"noreferrer noopener\">praevention@bistum-speyer.de<\/a><\/p>\n\n\n\n<h3 class=\"wp-block-heading\"><strong>Arbeitshilfe zur Initiative \u201eSicherer Ort Kirche\u201c:<\/strong><\/h3>\n\n\n\n<p><a href=\"https:\/\/www.bistum-speyer.de\/rat-und-hilfe\/hilfe-und-praevention-von-missbrauch\/praeventionsbeauftragte\/heftreihe\/?print=102\">https:\/\/www.bistum-speyer.de\/rat-und-hilfe\/hilfe-und-praevention-von-missbrauch\/praeventionsbeauftragte\/heftreihe\/?print=102<\/a><\/p>\n\n\n\n<h3 class=\"wp-block-heading\"><strong>Weitere Informationen zum Thema Pr\u00e4vention:<\/strong><\/h3>\n\n\n\n<p><a href=\"https:\/\/www.bistum-speyer.de\/rat-und-hilfe\/hilfe-und-praevention-von-missbrauch\/?print=194%2525252525252529\">https:\/\/www.bistum-speyer.de\/rat-und-hilfe\/hilfe-und-praevention-von-missbrauch\/?print=194%2525252525252529<\/a><\/p>\n\n\n\n<h4 class=\"wp-block-heading\"><strong>Dokumentation der Aufarbeitung des Missbrauchs und der Pr\u00e4vention im Bistum Speyer:<\/strong><\/h4>\n\n\n\n<p><a href=\"https:\/\/www.bistum-speyer.de\/rat-und-hilfe\/hilfe-und-praevention-von-missbrauch\/dokumentation\/?print=102\">https:\/\/www.bistum-speyer.de\/rat-und-hilfe\/hilfe-und-praevention-von-missbrauch\/dokumentation\/?print=102<\/a><\/p>\n\n\n\n<p><em>Text: Bistum Speyer Foto: Fotolia<br>25.05.2021<\/em><\/p>\n\n\n\n<h2 class=\"wp-block-heading\"><strong>UNESCO-Welterbetag am Dom zu Speyer<\/strong><\/h2>\n\n\n\n<h3 class=\"wp-block-heading\"><strong>Online-F\u00fchrungen, Konzert und Fotoaktion feiern das gemeinsame kulturelle Erbe<\/strong><\/h3>\n\n\n\n<div class=\"wp-block-image\"><figure class=\"aligncenter size-large\"><img decoding=\"async\" loading=\"lazy\" width=\"800\" height=\"558\" src=\"https:\/\/speyer24news.com\/wp-content\/uploads\/2021\/05\/Nachtaufnahmen-Dom-30_m.jpg\" alt=\"\" class=\"wp-image-37089\" srcset=\"https:\/\/speyer24news.com\/wp-content\/uploads\/2021\/05\/Nachtaufnahmen-Dom-30_m.jpg 800w, https:\/\/speyer24news.com\/wp-content\/uploads\/2021\/05\/Nachtaufnahmen-Dom-30_m-300x209.jpg 300w, https:\/\/speyer24news.com\/wp-content\/uploads\/2021\/05\/Nachtaufnahmen-Dom-30_m-768x536.jpg 768w\" sizes=\"(max-width: 800px) 100vw, 800px\" \/><figcaption>Dom bei Nacht<br><em>Foto: \u00a9 Domkapitel Speyer \/ Klaus Landry<\/em><\/figcaption><\/figure><\/div>\n\n\n\n<p>In diesem Jahr ist es 40 Jahre her, dass der Dom zu Speyer auf die Liste des Welterbes aufgenommen wurde. Der bundesweite UNESCO-Welterbetag am 6. Juni steht in Speyer 2021 daher unter dem Vorzeichen des Welterbe-Jubil\u00e4ums. Pandemiebedingt finden alle Veranstaltungen online statt.<\/p>\n\n\n\n<p>Nachdem bereits im vergangenen Jahr die digitalen Angebote zum Welterbetag guten Zuspruch erfahren haben, werden diese \u2013 in Form von Online-F\u00fchrungen, Live-\u00dcbertragungen in den Sozialen Netzwerken und Videos \u2013 2021 fortgesetzt. Um 14 Uhr wird live in einer Online-F\u00fchrung der Frage nachgegangen, nach welchen Kriterien der Dom 1981 zum Welterbe erkl\u00e4rt wurde, also welche Besonderheiten der Dom aufweist, so dass er \u201eau\u00dfergew\u00f6hnlichen, universellen Wert\u201c f\u00fcr die gesamte Menschheit besitzt. Um 15 Uhr zeigt eine Online-Pr\u00e4sentation die Zusammenh\u00e4nge zwischen dem Dom und der j\u00fcdischen Ansiedlung im mittelalterlichen Speyer. Das christlich-j\u00fcdische Erbe ist im Zusammenhang mit dem Thema Welterbe von besonderem Interesse, da Mitte des Jahres die Entscheidung erwartet wird, ob die j\u00fcdischen St\u00e4tten in Speyer auf die Liste des UNSECO-Welterbes im aufgenommen werden. Mit diesem Punkt wird auch der Bezug zum Motto des diesj\u00e4hrigen Welterbetags \u201eSolidarit\u00e4t und Dialog\u201c genommen, indem der Dom in Dialog zu den j\u00fcdischen St\u00e4tten in seiner Umgebung tritt. Um auch nachfolgende Generationen f\u00fcr das Thema Welterbe zu begeistern, liest Domdekan Dr. Christoph Kohl um 16 Uhr aus dem Kinderbuch \u201eSchnippi, die Dom-Maus\u201c. Darin geht es um die Abenteuer eines M\u00e4usekindes, das von seinen Eltern getrennt wird und alleine den Dom erkundet. Um 17 Uhr wird in einer Live-F\u00fchrung ein Ausflug zur Chorempore und zum Dachstuhl des Doms unternommen. Diese beiden Orte werden im Rahmen einer besonderen Welterbe-F\u00fchrung im Laufe des Jahres erstmals auch f\u00fcr Gruppen zug\u00e4nglich sein. Die Online-F\u00fchrungsformate sind ohne Voranmeldung und kostenfrei \u00fcber das Konferenzsystem BigBlueButton zug\u00e4nglich. Die entsprechenden Links sind auf der Homepage des Doms zu finden. Kurze Live-Einblicke gibt es dar\u00fcber hinaus auch auf den Social Media Plattformen des Doms.<\/p>\n\n\n\n<div class=\"wp-block-image\"><figure class=\"aligncenter size-large\"><img decoding=\"async\" loading=\"lazy\" width=\"800\" height=\"534\" src=\"https:\/\/speyer24news.com\/wp-content\/uploads\/2021\/05\/Dom-Innen-Empore2_m.jpg\" alt=\"\" class=\"wp-image-37090\" srcset=\"https:\/\/speyer24news.com\/wp-content\/uploads\/2021\/05\/Dom-Innen-Empore2_m.jpg 800w, https:\/\/speyer24news.com\/wp-content\/uploads\/2021\/05\/Dom-Innen-Empore2_m-300x200.jpg 300w, https:\/\/speyer24news.com\/wp-content\/uploads\/2021\/05\/Dom-Innen-Empore2_m-768x513.jpg 768w\" sizes=\"(max-width: 800px) 100vw, 800px\" \/><figcaption>Blick in den Dom von der S\u00e4ngerempore<br><em>Foto: \u00a9 Domkapitel Speyer \/ Klaus Landry<\/em><\/figcaption><\/figure><\/div>\n\n\n\n<p>Der Dombauverein wird bereits am Vortag, Samstag, 5. Juni, auf den UNESCO-Welterbetag hinweisen und \u00fcber sein Engagement zur Erhaltung des Dom informieren. Dazu wird der Verein mit einem Stand auf dem Speyerer Wochenmarkt pr\u00e4sent sein und \u201eDombausteine\u201c verkaufen: das sind Produkte wie Domwein, Taschen, Holzanh\u00e4nger und Marmeladen, deren Verkaufserl\u00f6s dem Dom zu Gute kommt.&nbsp; Die Arbeit des Vereins trifft dabei das Motto des Welterbetags \u201eSolidarit\u00e4t und Dialog\u201c, da er das b\u00fcrgerschaftlichen Engagement vieler Menschen b\u00fcndelt, ohne das der Dom nicht bestehen k\u00f6nnte.<\/p>\n\n\n\n<p>Zum feierlichen Abschluss des Welterbetages findet am Abend ab 20 Uhr ein Konzert des Deutschen Kammerchors mit j\u00fcdischer Synagogalmusik statt, das live aus dem Dom \u00fcbertragen wird. Mit diesem Konzert nimmt der Dom zu Speyer am UNESCO-Welterbetag abermals Bezug zum j\u00fcdischen Erbe, getreu dem Motto des Welterbetags \u201eSolidarit\u00e4t und Dialog\u201c. Das Projekt \u201eHaschiwenu: Bringe uns zur\u00fcck\u201c nimmt die Zuh\u00f6rer mit auf eine Reise durch das j\u00fcdische Festtagsjahr, auf der ein breiter Querschnitt des Repertoires zu erleben sein wird, welches an den Synagogen Deutschlands bis zur Shoa erklungen ist. Die Vielfalt und Bedeutung dieses kulturellen Erbes wird so musikalisch erlebbar. Das Konzert wird live auf den Facebook Seiten und den Youtube Kan\u00e4len von Dom und Dommusik \u00fcbertragen. Erm\u00f6glicht wird das Konzert des Deutschen Kammerchors durch die finanzielle F\u00f6rderung von #2021JLID \u2013 J\u00fcdisches Leben in Deutschland e.V.&nbsp; aus Mitteln das Bundesministerium des Innern, f\u00fcr Bau und Heimat\u201c.<\/p>\n\n\n\n<div class=\"wp-block-image\"><figure class=\"aligncenter size-large\"><img decoding=\"async\" loading=\"lazy\" width=\"800\" height=\"524\" src=\"https:\/\/speyer24news.com\/wp-content\/uploads\/2021\/05\/dkc_2017_3.jpg\" alt=\"\" class=\"wp-image-37091\" srcset=\"https:\/\/speyer24news.com\/wp-content\/uploads\/2021\/05\/dkc_2017_3.jpg 800w, https:\/\/speyer24news.com\/wp-content\/uploads\/2021\/05\/dkc_2017_3-300x197.jpg 300w, https:\/\/speyer24news.com\/wp-content\/uploads\/2021\/05\/dkc_2017_3-768x503.jpg 768w\" sizes=\"(max-width: 800px) 100vw, 800px\" \/><figcaption>Deutscher Kammerchor<br><em>Foto: Mathu Seichter<\/em><\/figcaption><\/figure><\/div>\n\n\n\n<p>Wer den Speyerer Dom als Welterbest\u00e4tte besucht oder besucht hat, kann an einem Fotowettbewerb der deutschen UNESCO-Kommission teilnehmen und eine \u201eGoodie-Bag\u201c mit Artikeln verschiedener deutscher Welterbest\u00e4tten gewinnen. Informationen und Teilnahme unter&nbsp;&nbsp;<a href=\"https:\/\/deref-web.de\/mail\/client\/yYDn6xyd0RQ\/dereferrer\/?redirectUrl=http%3A%2F%2Fwww.unesco-welterbetag.de%2Ffotoaktion\" target=\"_blank\" rel=\"noreferrer noopener\">www.unesco-welterbetag.de\/fotoaktion<\/a><\/p>\n\n\n\n<h4 class=\"wp-block-heading\"><strong>Zum Hintergrund:&nbsp;<\/strong>UNESCO-Welterbetag 2021<\/h4>\n\n\n\n<p>Der UNESCO-Welterbetag findet bundesweit immer am ersten Sonntag im Juni statt. Die Deutsche UNESCO-Kommission und der Verein UNESCO-Welterbest\u00e4tten Deutschland haben den Aktionstag 2005 ins Leben gerufen. In Sonderf\u00fchrungen und Vortr\u00e4gen, Mitmachangeboten, Ausstellungen und speziellen Erlebnisaktionen f\u00fcr Kinder bekommen die Besucherinnen und Besucher sowie die Anwohnerinnen und Anwohner einen unmittelbaren Eindruck davon, was Welterbest\u00e4tten so einzigartig macht: Die 46 Welterbest\u00e4tten in Deutschland bieten dann einen Blick hinter ihre Kulissen und machen so die Geschichte der Menschheit und die Wunder der Natur erlebbar. Der Aktionstag steht 2021 unter dem&nbsp; Themenschwerpunkt \u201eSolidarit\u00e4t und Dialog\u201c.<\/p>\n\n\n\n<div class=\"wp-block-image\"><figure class=\"aligncenter size-large\"><img decoding=\"async\" loading=\"lazy\" width=\"800\" height=\"526\" src=\"https:\/\/speyer24news.com\/wp-content\/uploads\/2021\/05\/2021JLID_hoch_cmyk.jpg\" alt=\"\" class=\"wp-image-37092\" srcset=\"https:\/\/speyer24news.com\/wp-content\/uploads\/2021\/05\/2021JLID_hoch_cmyk.jpg 800w, https:\/\/speyer24news.com\/wp-content\/uploads\/2021\/05\/2021JLID_hoch_cmyk-300x197.jpg 300w, https:\/\/speyer24news.com\/wp-content\/uploads\/2021\/05\/2021JLID_hoch_cmyk-768x505.jpg 768w\" sizes=\"(max-width: 800px) 100vw, 800px\" \/><figcaption>Logo 1700 Jahre J\u00fcdisches Leben in Deutschland<\/figcaption><\/figure><\/div>\n\n\n\n<p>Dialog, Austausch und Zusammenarbeit \u00fcber Grenzen hinweg pr\u00e4gen das Grundverst\u00e4ndnis und bilden die tragenden Pfeiler der UNESCO-Welterbekonvention. 1972 wurde das \u00dcbereinkommen in Folge einer bis dahin beispiellosen internationalen Hilfsaktion zur Rettung der \u00e4gyptischen Tempel von Abu Simbel verabschiedet. Seither ist es eines der erfolgreichsten Instrumente der internationalen Zusammenarbeit weltweit. Heute sind die Grundgedanken der Solidarit\u00e4t und des Dialogs gesellschaftsrelevanter denn je \u2013 sowohl f\u00fcr den nachhaltigen Erhalt und das Management von Welterbest\u00e4tten, als auch f\u00fcr den gesellschaftlichen Zusammenhalt.<\/p>\n\n\n\n<p>Anl\u00e4sslich des UNESCO-Welterbetags 2021 stellen die Welterbest\u00e4tten in Deutschland gemeinsam mit der Deutschen UNESCO-Kommission und dem Verein UNESCO-Welterbe Deutschland den solidarischen Grundgedanken der Welterbekonvention in den Mittelpunkt der digitalen und analogen Veranstaltungen. Mit vielf\u00e4ltigen und innovativen Formaten sind die St\u00e4tten dazu eingeladen herauszuarbeiten, wie und warum Welterbest\u00e4tten den Zusammenhalt der Gesellschaft st\u00e4rken und den gemeinsamen Dialog f\u00f6rdern.<\/p>\n\n\n\n<div class=\"wp-block-image\"><figure class=\"aligncenter size-large\"><img decoding=\"async\" loading=\"lazy\" width=\"500\" height=\"652\" src=\"https:\/\/speyer24news.com\/wp-content\/uploads\/2021\/05\/Schnippi.jpg\" alt=\"\" class=\"wp-image-37093\" srcset=\"https:\/\/speyer24news.com\/wp-content\/uploads\/2021\/05\/Schnippi.jpg 500w, https:\/\/speyer24news.com\/wp-content\/uploads\/2021\/05\/Schnippi-230x300.jpg 230w\" sizes=\"(max-width: 500px) 100vw, 500px\" \/><figcaption>Schnippi, die Dommaus<br><em>Zeichnung: Helmut Schollenberger<\/em><\/figcaption><\/figure><\/div>\n\n\n\n<h4 class=\"wp-block-heading\"><strong>Das Programm im \u00dcberblick:<\/strong><\/h4>\n\n\n\n<p><strong>Sonntag, 6. Juni, UNESCO-Welterbetag<\/strong><\/p>\n\n\n\n<ul><li>14 Uhr Online-F\u00fchrung \u201eWarum ist der Speyerer Dom UNESCO-Welterbe?\u201c<\/li><li>Link:&nbsp;<a rel=\"noreferrer noopener\" href=\"https:\/\/deref-web.de\/mail\/client\/rylxWbQUMNk\/dereferrer\/?redirectUrl=https%3A%2F%2Fkonferenz.bbb3.de%2Fb%2Fdom-sns-tgm-90h\" target=\"_blank\">https:\/\/konferenz.bbb3.de\/b\/dom-sns-tgm-90h<\/a><\/li><\/ul>\n\n\n\n<ul><li>15 Uhr Online Vortrag \u201eDom und Synagoge \u2013 Christlich-j\u00fcdisches Erbe in Speyer\u201c<\/li><li><a href=\"https:\/\/konferenz.bbb3.de\/b\/dom-zkw-x7b-ilj\">https:\/\/konferenz.bbb3.de\/b\/dom-zkw-x7b-ilj<\/a><\/li><\/ul>\n\n\n\n<ul><li>16 Uhr Online-Lesung \u201eSchnippi, die Dommaus\u201c mit Domdekan Dr. Christoph Kohl<\/li><li><a href=\"https:\/\/konferenz.bbb3.de\/b\/dom-spg-pqw-y2v\">https:\/\/konferenz.bbb3.de\/b\/dom-spg-pqw-y2v<\/a><\/li><\/ul>\n\n\n\n<ul><li>17 Uhr Online-F\u00fchrung \u201eHighlights der neuen Welterbef\u00fchrung \u2013 Empore und Dachstuhl\u201c<\/li><li><a href=\"https:\/\/konferenz.bbb3.de\/b\/dom-fmn-ex6-krm\">https:\/\/konferenz.bbb3.de\/b\/dom-fmn-ex6-krm<\/a><\/li><\/ul>\n\n\n\n<h4 class=\"wp-block-heading\">Kurze Live Streams gibt es den Tag \u00fcber auf den Social Media Kan\u00e4len des Doms<\/h4>\n\n\n\n<p><a href=\"https:\/\/www.facebook.com\/SpeyererDom\">https:\/\/www.facebook.com\/SpeyererDom<\/a><\/p>\n\n\n\n<p><a href=\"https:\/\/www.instagram.com\/dom_zu_speyer\/\">https:\/\/www.instagram.com\/dom_zu_speyer\/<\/a><\/p>\n\n\n\n<h4 class=\"wp-block-heading\">Eigens f\u00fcr den Tag produzierte Kurzfilme sind \u00fcber den Youtube Kanal des Doms und die Seite der UNESCO-Kommission abrufbar:<\/h4>\n\n\n\n<figure class=\"wp-block-embed is-type-video is-provider-youtube wp-block-embed-youtube wp-embed-aspect-16-9 wp-has-aspect-ratio\"><div class=\"wp-block-embed__wrapper\">\n<iframe loading=\"lazy\" title=\"F\u00fchrung durch das Mittelschiff des Speyerer Doms\" width=\"500\" height=\"281\" src=\"https:\/\/www.youtube.com\/embed\/1XzFsO-a4zo?start=2&#038;feature=oembed\" frameborder=\"0\" allow=\"accelerometer; autoplay; clipboard-write; encrypted-media; gyroscope; picture-in-picture\" allowfullscreen><\/iframe>\n<\/div><\/figure>\n\n\n\n<p><a href=\"https:\/\/www.unesco-welterbetag.de\/videos\">https:\/\/www.unesco-welterbetag.de\/videos<\/a><\/p>\n\n\n\n<p><em>Text: Bistum Speyer Foto: (1 &amp; 2) Domkapitel Speyer \/ Klaus Landry; (3) Mathu Seichter; (5) Helmut Schollenberger<br>25.05.2021<\/em><\/p>\n","protected":false},"excerpt":{"rendered":"<div class=\"mh-excerpt\"><p>\u201eNetzwerk Pr\u00e4vention\u201c: Mit neuem Namen f\u00fcr den Schutz von Kindern, Jugendlichen und erwachsenen Schutzbefohlenen engagiert Schwerpunkt ist die Entwicklung von Schutzkonzepten im Rahmen der Initiative \u201eSicherer Ort Kirche\u201c \u2013 Heftreihe gibt praktische Hilfestellung f\u00fcr die <a class=\"mh-excerpt-more\" href=\"https:\/\/speyer24news.com\/?p=37088\" title=\"Kirche\">[&#8230;]<\/a><\/p>\n<\/div>","protected":false},"author":3,"featured_media":26096,"comment_status":"open","ping_status":"open","sticky":false,"template":"","format":"standard","meta":{"_monsterinsights_skip_tracking":false,"_monsterinsights_sitenote_active":false,"_monsterinsights_sitenote_note":"","_monsterinsights_sitenote_category":0,"footnotes":""},"categories":[120],"tags":[122,174,275,10422,9693,121,2071,11770,11769,11771,9411,7178,11772,11773],"aioseo_notices":[],"amp_enabled":true,"_links":{"self":[{"href":"https:\/\/speyer24news.com\/index.php?rest_route=\/wp\/v2\/posts\/37088"}],"collection":[{"href":"https:\/\/speyer24news.com\/index.php?rest_route=\/wp\/v2\/posts"}],"about":[{"href":"https:\/\/speyer24news.com\/index.php?rest_route=\/wp\/v2\/types\/post"}],"author":[{"embeddable":true,"href":"https:\/\/speyer24news.com\/index.php?rest_route=\/wp\/v2\/users\/3"}],"replies":[{"embeddable":true,"href":"https:\/\/speyer24news.com\/index.php?rest_route=%2Fwp%2Fv2%2Fcomments&post=37088"}],"version-history":[{"count":2,"href":"https:\/\/speyer24news.com\/index.php?rest_route=\/wp\/v2\/posts\/37088\/revisions"}],"predecessor-version":[{"id":37097,"href":"https:\/\/speyer24news.com\/index.php?rest_route=\/wp\/v2\/posts\/37088\/revisions\/37097"}],"wp:featuredmedia":[{"embeddable":true,"href":"https:\/\/speyer24news.com\/index.php?rest_route=\/wp\/v2\/media\/26096"}],"wp:attachment":[{"href":"https:\/\/speyer24news.com\/index.php?rest_route=%2Fwp%2Fv2%2Fmedia&parent=37088"}],"wp:term":[{"taxonomy":"category","embeddable":true,"href":"https:\/\/speyer24news.com\/index.php?rest_route=%2Fwp%2Fv2%2Fcategories&post=37088"},{"taxonomy":"post_tag","embeddable":true,"href":"https:\/\/speyer24news.com\/index.php?rest_route=%2Fwp%2Fv2%2Ftags&post=37088"}],"curies":[{"name":"wp","href":"https:\/\/api.w.org\/{rel}","templated":true}]}}