{"id":37114,"date":"2021-05-26T05:19:40","date_gmt":"2021-05-26T04:19:40","guid":{"rendered":"https:\/\/speyer24news.com\/?p=37114"},"modified":"2021-05-26T05:19:41","modified_gmt":"2021-05-26T04:19:41","slug":"corona-virus-9","status":"publish","type":"post","link":"https:\/\/speyer24news.com\/?p=37114","title":{"rendered":"Corona-Virus"},"content":{"rendered":"<style type=\"text\/css\">\r\n\t.ads_top_disp{}\r\n\t.ads_top_corner_disp{ float:left; margin:0px 10px 10px 0px; }\r\n\t.ads_first_p_disp{}\r\n\t.ads_bottom_disp{}\r\n\t<\/style>\n<h2 class=\"wp-block-heading\"><strong>Fallzahlen f\u00fcr die Stadt Speyer von Dienstag (25.05.2021)<\/strong><\/h2>\n\n\n\n<h4 class=\"wp-block-heading\">Seit gef\u00fchlten Ewigkeiten erreicht Speyer endlich einmal wieder &#8222;nur&#8220; die Warnstufe Orange \/ Tag 1 mit einer Inzidenz unter 50<\/h4>\n\n\n\n<div class=\"wp-block-image\"><figure class=\"aligncenter size-large\"><img decoding=\"async\" loading=\"lazy\" width=\"800\" height=\"400\" src=\"https:\/\/speyer24news.com\/wp-content\/uploads\/2020\/02\/virus-1812092_1920.jpg\" alt=\"\" class=\"wp-image-25128\" srcset=\"https:\/\/speyer24news.com\/wp-content\/uploads\/2020\/02\/virus-1812092_1920.jpg 800w, https:\/\/speyer24news.com\/wp-content\/uploads\/2020\/02\/virus-1812092_1920-300x150.jpg 300w, https:\/\/speyer24news.com\/wp-content\/uploads\/2020\/02\/virus-1812092_1920-768x384.jpg 768w\" sizes=\"(max-width: 800px) 100vw, 800px\" \/><\/figure><\/div>\n\n\n\n<p>Anzahl best\u00e4tigter F\u00e4lle von Coronavirus (SARS-CoV-2)-Infektionen in der Stadt Speyer:\u00a02788 ( + 1  \/ + 4 gegen\u00fcber Freitag )<br>Davon bereits genesen:\u00a02599<br>Todesf\u00e4lle: 83 ( unver\u00e4ndert )<br>Gemeldete F\u00e4lle der letzten sieben Tage pro 100.000 Einwohner*innen (Inzidenz gem\u00e4\u00df LUA): 37,6 (<strong> &#8211; 39,5 gegen\u00fcber Freitag <\/strong>)<\/p>\n\n\n\n<p><strong>Warnstufe: Orange<\/strong><\/p>\n\n\n\n<p><em>Stand: 25.05.2021<\/em><\/p>\n\n\n\n<p><em>Landesuntersuchungsamt Rheinland-Pfalz<br>26.05.2021<\/em><\/p>\n\n\n\n<h2 class=\"wp-block-heading\"><strong>Entwicklung des Inzidenzwerts in den letzten sieben Tagen in Speyer:<\/strong><\/h2>\n\n\n\n<figure class=\"wp-block-table\"><table><tbody><tr><td>Dienstag, 25. Mai 2021<\/td><td>37,6<\/td><\/tr><tr><td>Montag, 24. Mai 2021<\/td><td>35,6<\/td><\/tr><tr><td>Sonntag, 23. Mai 2021<\/td><td>45,5<\/td><\/tr><tr><td>Samstag, 22. Mai 2021<\/td><td>77,1<\/td><\/tr><tr><td>Freitag, 21. Mai 2021<\/td><td>87,0<\/td><\/tr><tr><td>Donnerstag, 20. Mai 2021<\/td><td>94,9<\/td><\/tr><tr><td>Mittwoch, 19. Mai 2021<\/td><td>108,8<\/td><\/tr><\/tbody><\/table><\/figure>\n\n\n\n<p><em>Robert-Koch-Institut<br>26.05.2021<\/em><\/p>\n\n\n\n<h2 class=\"wp-block-heading\"><strong>Coronavirus SARS-CoV-2: Aktuelle Fallzahlen f\u00fcr Rheinland-Pfalz<\/strong><strong><\/strong><\/h2>\n\n\n\n<p><em>(Datenstand vom 25.05.2021, 14:10 Uhr)<\/em><\/p>\n\n\n\n<div class=\"wp-block-image\"><figure class=\"aligncenter size-large\"><img decoding=\"async\" loading=\"lazy\" width=\"800\" height=\"533\" src=\"https:\/\/speyer24news.com\/wp-content\/uploads\/2020\/02\/coronavirus-4810201_1920.jpg\" alt=\"\" class=\"wp-image-25125\" srcset=\"https:\/\/speyer24news.com\/wp-content\/uploads\/2020\/02\/coronavirus-4810201_1920.jpg 800w, https:\/\/speyer24news.com\/wp-content\/uploads\/2020\/02\/coronavirus-4810201_1920-300x200.jpg 300w, https:\/\/speyer24news.com\/wp-content\/uploads\/2020\/02\/coronavirus-4810201_1920-768x512.jpg 768w\" sizes=\"(max-width: 800px) 100vw, 800px\" \/><\/figure><\/div>\n\n\n\n<p>Die Fallzahlen zum Coronavirus in Rheinland-Pfalz: Seit Beginn der Pandemie gab es 151.623 laborbest\u00e4tigte Infektionen im Land &#8211; das sind 154 mehr als am Vortag (151.469). 7.471 Menschen im Land sind aktuell mit dem Coronavirus infiziert (Vortag: 7.922). 8.690 Personen wurden seit Beginn der Pandemie ins Krankenhaus gebracht (Vortag: 8.661). 3.709 Personen sind im Zusammenhang mit einer Infektion gestorben &#8211; 11 mehr als am Vortag (3.698). Die landesweite Inzidenz sinkt auf 45,1.<\/p>\n\n\n\n<p><strong>Weitere offizielle Corona-Meldedaten aus Rheinland-Pfalz auf&nbsp;der&nbsp;<\/strong><a href=\"https:\/\/deref-web.de\/mail\/client\/jnXIY9tHaEg\/dereferrer\/?redirectUrl=https%3A%2F%2Flua.rlp.de%2Fde%2Funsere-themen%2Finfektionsschutz%2Fmeldedaten_coronavirus%2F\" target=\"_blank\" rel=\"noreferrer noopener\"><strong>Homepage des LUA<\/strong><\/a><strong>.<\/strong><\/p>\n\n\n\n<figure class=\"wp-block-table\"><table><tbody><tr><td><strong>Kreis, Stand 25.5.2021<\/strong><\/td><td><strong>Laborbest\u00e4tigt, seit Beginn der Pandemie<\/strong><strong><\/strong><\/td><td><strong>Gemeldet, die letzten 7 Tage<\/strong><\/td><\/tr><tr><td><strong>Gesamt<\/strong><\/td><td><strong>Differenz zum<br>Vortag<\/strong><\/td><td><strong>Hospitalisiert<\/strong><\/td><td><strong>Verstorben<\/strong><\/td><td><strong>Genesen<sup>A<\/sup><\/strong><\/td><td><strong>aktuelle F\u00e4lle<sup>B<\/sup><\/strong><\/td><td><strong>Gesamt<\/strong><\/td><td><strong>pro<br>100.000<sup>C<\/sup><\/strong><\/td><td><strong>pro<br>100.000 (+USAF)<sup>D<\/sup><\/strong><\/td><td><strong>Gesamt,<br><\/strong><strong>\u2265&nbsp;<\/strong><strong>60 Jahre<\/strong><\/td><td><strong>pro<br>100.000,<br>\u2265 60 Jahre<\/strong><\/td><\/tr><tr><td>Ahrweiler<\/td><td>4378<\/td><td>1<\/td><td>190<\/td><td>51<\/td><td>3983<\/td><td>344<\/td><td>73<\/td><td>56,1<\/td><td>56,1<\/td><td>6<\/td><td>14,3<\/td><\/tr><tr><td>Altenkirchen<\/td><td>4827<\/td><td>2<\/td><td>405<\/td><td>99<\/td><td>4461<\/td><td>267<\/td><td>69<\/td><td>53,6<\/td><td>53,6<\/td><td>6<\/td><td>15,5<\/td><\/tr><tr><td>Alzey-Worms<\/td><td>4939<\/td><td>6<\/td><td>291<\/td><td>117<\/td><td>4620<\/td><td>202<\/td><td>62<\/td><td>47,8<\/td><td>47,8<\/td><td>13<\/td><td>35,5<\/td><\/tr><tr><td>Bad D\u00fcrkheim<\/td><td>4371<\/td><td>2<\/td><td>301<\/td><td>149<\/td><td>4078<\/td><td>144<\/td><td>31<\/td><td>23,4<\/td><td>23,4<\/td><td>3<\/td><td>7,0<\/td><\/tr><tr><td>Bad Kreuznach<\/td><td>5842<\/td><td>3<\/td><td>315<\/td><td>139<\/td><td>5416<\/td><td>287<\/td><td>56<\/td><td>35,4<\/td><td>35,4<\/td><td>9<\/td><td>18,3<\/td><\/tr><tr><td>Bernkastel-Wittlich<\/td><td>2960<\/td><td>4<\/td><td>271<\/td><td>61<\/td><td>2751<\/td><td>148<\/td><td>26<\/td><td>23,1<\/td><td>22,8<\/td><td>3<\/td><td>8,7<\/td><\/tr><tr><td>Birkenfeld<\/td><td>3328<\/td><td>-1<\/td><td>292<\/td><td>92<\/td><td>3032<\/td><td>204<\/td><td>53<\/td><td>65,5<\/td><td>63,4<\/td><td>9<\/td><td>34,2<\/td><\/tr><tr><td>Bitburg-Pr\u00fcm<\/td><td>3306<\/td><td>1<\/td><td>161<\/td><td>30<\/td><td>3118<\/td><td>158<\/td><td>25<\/td><td>25,2<\/td><td>24,4<\/td><td>8<\/td><td>28,5<\/td><\/tr><tr><td>Cochem-Zell<\/td><td>1903<\/td><td>5<\/td><td>148<\/td><td>57<\/td><td>1798<\/td><td>48<\/td><td>15<\/td><td>24,4<\/td><td>24,4<\/td><td>6<\/td><td>30,0<\/td><\/tr><tr><td>Donnersbergkreis<\/td><td>2526<\/td><td>0<\/td><td>194<\/td><td>65<\/td><td>2358<\/td><td>103<\/td><td>22<\/td><td>29,2<\/td><td>28,9<\/td><td>2<\/td><td>8,8<\/td><\/tr><tr><td>Germersheim<\/td><td>5452<\/td><td>1<\/td><td>359<\/td><td>125<\/td><td>5173<\/td><td>154<\/td><td>22<\/td><td>17,1<\/td><td>17,1<\/td><td>1<\/td><td>2,8<\/td><\/tr><tr><td>Kaiserslautern<\/td><td>3829<\/td><td>8<\/td><td>230<\/td><td>75<\/td><td>3553<\/td><td>201<\/td><td>50<\/td><td>47,2<\/td><td>40,3<\/td><td>8<\/td><td>25,3<\/td><\/tr><tr><td>Kusel<\/td><td>2177<\/td><td>1<\/td><td>196<\/td><td>66<\/td><td>2003<\/td><td>108<\/td><td>25<\/td><td>35,6<\/td><td>33,7<\/td><td>1<\/td><td>4,3<\/td><\/tr><tr><td>Mainz-Bingen<\/td><td>7285<\/td><td>3<\/td><td>355<\/td><td>216<\/td><td>6644<\/td><td>425<\/td><td>90<\/td><td>42,6<\/td><td>42,5<\/td><td>5<\/td><td>8,3<\/td><\/tr><tr><td>Mayen-Koblenz<\/td><td>7168<\/td><td>11<\/td><td>264<\/td><td>160<\/td><td>6652<\/td><td>356<\/td><td>77<\/td><td>35,9<\/td><td>35,9<\/td><td>10<\/td><td>15,7<\/td><\/tr><tr><td>Neuwied<\/td><td>8049<\/td><td>3<\/td><td>276<\/td><td>124<\/td><td>7636<\/td><td>289<\/td><td>88<\/td><td>48,1<\/td><td>48,1<\/td><td>7<\/td><td>12,8<\/td><\/tr><tr><td>Rhein-Hunsr\u00fcck<\/td><td>3676<\/td><td>0<\/td><td>370<\/td><td>100<\/td><td>3446<\/td><td>130<\/td><td>28<\/td><td>27,1<\/td><td>27,1<\/td><td>6<\/td><td>18,9<\/td><\/tr><tr><td>Rhein-Lahn-Kreis<\/td><td>3955<\/td><td>3<\/td><td>340<\/td><td>97<\/td><td>3697<\/td><td>161<\/td><td>29<\/td><td>23,7<\/td><td>23,7<\/td><td>3<\/td><td>7,8<\/td><\/tr><tr><td>Rhein-Pfalz-Kreis<\/td><td>6534<\/td><td>8<\/td><td>150<\/td><td>224<\/td><td>6035<\/td><td>275<\/td><td>75<\/td><td>48,5<\/td><td>48,5<\/td><td>13<\/td><td>27,9<\/td><\/tr><tr><td>S\u00fcdliche Weinstr.<\/td><td>3645<\/td><td>1<\/td><td>369<\/td><td>114<\/td><td>3335<\/td><td>196<\/td><td>55<\/td><td>49,8<\/td><td>49,8<\/td><td>1<\/td><td>2,9<\/td><\/tr><tr><td>S\u00fcdwestpfalz<\/td><td>2630<\/td><td>0<\/td><td>274<\/td><td>83<\/td><td>2403<\/td><td>144<\/td><td>38<\/td><td>40,1<\/td><td>39,5<\/td><td>7<\/td><td>21,7<\/td><\/tr><tr><td>Trier-Saarburg<\/td><td>4375<\/td><td>7<\/td><td>248<\/td><td>95<\/td><td>4093<\/td><td>187<\/td><td>41<\/td><td>27,4<\/td><td>27,4<\/td><td>3<\/td><td>7,1<\/td><\/tr><tr><td>Vulkaneifel<\/td><td>2002<\/td><td>0<\/td><td>159<\/td><td>61<\/td><td>1841<\/td><td>100<\/td><td>33<\/td><td>54,4<\/td><td>54,4<\/td><td>3<\/td><td>15,0<\/td><\/tr><tr><td>Westerwaldkreis<\/td><td>7185<\/td><td>7<\/td><td>586<\/td><td>149<\/td><td>6679<\/td><td>357<\/td><td>104<\/td><td>51,5<\/td><td>51,5<\/td><td>13<\/td><td>22,4<\/td><\/tr><tr><td>KS Frankenthal<\/td><td>2105<\/td><td>8<\/td><td>34<\/td><td>51<\/td><td>1964<\/td><td>90<\/td><td>33<\/td><td>67,7<\/td><td>67,7<\/td><td>3<\/td><td>20,8<\/td><\/tr><tr><td>KS Kaiserslautern<\/td><td>3567<\/td><td>5<\/td><td>284<\/td><td>111<\/td><td>3193<\/td><td>263<\/td><td>74<\/td><td>74,0<\/td><td>69,4<\/td><td>7<\/td><td>26,1<\/td><\/tr><tr><td>KS Koblenz<\/td><td>4435<\/td><td>5<\/td><td>144<\/td><td>134<\/td><td>4128<\/td><td>173<\/td><td>26<\/td><td>22,8<\/td><td>22,8<\/td><td>2<\/td><td>6,3<\/td><\/tr><tr><td>KS Landau i.d.Pf.<\/td><td>1639<\/td><td>0<\/td><td>168<\/td><td>35<\/td><td>1517<\/td><td>87<\/td><td>20<\/td><td>42,7<\/td><td>42,7<\/td><td>1<\/td><td>8,3<\/td><\/tr><tr><td>KS Ludwigshafen<\/td><td>10296<\/td><td>28<\/td><td>199<\/td><td>323<\/td><td>9395<\/td><td>578<\/td><td>195<\/td><td>113,2<\/td><td>113,2<\/td><td>19<\/td><td>44,7<\/td><\/tr><tr><td>KS Mainz<\/td><td>9824<\/td><td>8<\/td><td>371<\/td><td>202<\/td><td>8970<\/td><td>652<\/td><td>123<\/td><td>56,3<\/td><td>56,2<\/td><td>16<\/td><td>32,0<\/td><\/tr><tr><td>KS Neustadt a.d.W.<\/td><td>1659<\/td><td>0<\/td><td>115<\/td><td>38<\/td><td>1561<\/td><td>60<\/td><td>10<\/td><td>18,8<\/td><td>18,8<\/td><td>3<\/td><td>17,5<\/td><\/tr><tr><td>KS Pirmasens<\/td><td>1380<\/td><td>-2<\/td><td>159<\/td><td>55<\/td><td>1261<\/td><td>64<\/td><td>18<\/td><td>44,7<\/td><td>44,7<\/td><td>1<\/td><td>7,4<\/td><\/tr><tr><td>KS Speyer<\/td><td>2789<\/td><td>1<\/td><td>51<\/td><td>84<\/td><td>2607<\/td><td>98<\/td><td>19<\/td><td>37,6<\/td><td>37,6<\/td><td>3<\/td><td>19,7<\/td><\/tr><tr><td>KS Trier<\/td><td>2676<\/td><td>2<\/td><td>125<\/td><td>29<\/td><td>2541<\/td><td>106<\/td><td>27<\/td><td>24,2<\/td><td>24,2<\/td><td>1<\/td><td>3,8<\/td><\/tr><tr><td>KS Worms<\/td><td>4136<\/td><td>21<\/td><td>223<\/td><td>89<\/td><td>3796<\/td><td>251<\/td><td>99<\/td><td>118,5<\/td><td>118,5<\/td><td>16<\/td><td>69,8<\/td><\/tr><tr><td>KS Zweibr\u00fccken<\/td><td>775<\/td><td>2<\/td><td>73<\/td><td>9<\/td><td>705<\/td><td>61<\/td><td>14<\/td><td>40,9<\/td><td>40,9<\/td><td>0<\/td><td>0,0<\/td><\/tr><tr><td><strong>Rheinland-Pfalz<\/strong><\/td><td><strong>151623<\/strong><\/td><td><strong>154<\/strong><\/td><td><strong>8690<\/strong><\/td><td><strong>3709<\/strong><\/td><td><strong>140443 #<\/strong><\/td><td><strong>7471<\/strong><\/td><td><strong>1845<\/strong><\/td><td><strong>45,1<\/strong><\/td><td><strong>44,6<\/strong><\/td><td><strong>218<\/strong><\/td><td><strong>18,2<\/strong><\/td><\/tr><\/tbody><\/table><\/figure>\n\n\n\n<h4 class=\"wp-block-heading\"><strong>Anmerkungen zur Tabelle<\/strong><\/h4>\n\n\n\n<p>Dargestellt sind ausschlie\u00dflich mittels PCR laborbest\u00e4tigte Meldef\u00e4lle.<\/p>\n\n\n\n<p>Als \u201everstorben\u201c gelten F\u00e4lle, die als \u201ean\u201c und \u201emit\u201c COVID-19 verstorben \u00fcbermittelt wurden.<\/p>\n\n\n\n<p><sup>A<\/sup>&nbsp;Genesen wurde wie folgt definiert:<\/p>\n\n\n\n<p>a) nicht-verstorben, nicht-hospitalisiert und vor mehr als 21 Tagen ab Datenstichtag erkrankt<\/p>\n\n\n\n<p>b) nicht-verstorben, hospitalisiert gemeldet und vor mehr als 28 Tagen ab Datenstichtag erkrankt<\/p>\n\n\n\n<p>c) nicht-verstorben, Hospitalisierung unbekannt und vor mehr als 28 ab Datenstichtag Tagen erkrankt<\/p>\n\n\n\n<p>Sofern kein Erkrankungsdatum vorliegt, wird das gesch\u00e4tzte Erkrankungsdatum aus Meldedatum minus mittlerem Meldeverzug von derzeit 5 Tagen verwendet.<\/p>\n\n\n\n<p><sup>B<\/sup>&nbsp;Errechnet als Differenz aus Gesamtzahl der laborbest\u00e4tigten F\u00e4lle, Verstorbenen und Genesenen.<\/p>\n\n\n\n<p><sup>C<\/sup>&nbsp;COVID-19 Erkrankungen mit Meldedatum der letzten 7 Tage ab Datenstichtag, pro 100.000 Einwohner. Bitte beachten Sie, dass die Gesamtinzidenz der Meldungen in den letzten 7 Tagen f\u00fcr Rheinland-Pfalz \/100.000 Einwohner das mit der Bev\u00f6lkerungszahl der Gebietseinheit gewichtete Mittel und&nbsp;nicht&nbsp;deren arithmetisches Mittel ist.<\/p>\n\n\n\n<p><sup>D<\/sup>&nbsp;USAF = U.S. Armed Forces; Berechnung der Inzidenz \/100.000 unter Ber\u00fccksichtigung der mit Stand vom 30.6.2020 in der Gebietseinheit stationierten U.S. Streitkr\u00e4fte<\/p>\n\n\n\n<p># Die Summe der in Rheinland-Pfalz bereits von COVID-19 Genesenen kann aufgrund eines unterschiedlichen Datenstandes und Bewertungsalgorithmus von der auf dem RKI-Dashboard abweichen.<\/p>\n\n\n\n<p><strong>Anmerkung zur Inzidenz der Menschen \u00fcber 60 Jahre<\/strong>: <\/p>\n\n\n\n<p>Das Risiko, durch eine SARS-CoV-2 Infektion schwer zu erkranken und daran sogar zu versterben steigt ab einem Alter von 60 Jahren sprunghaft an, so dass bei den \u00fcber 85-J\u00e4hrigen im Durchschnitt jeder 4. Infizierte auch daran verstirbt. Bei Abw\u00e4gung der Chancen und Risiken einer schrittweisen \u00d6ffnung der Gesellschaft einerseits und dem individuellen Schutz der Gesundheit andererseits ist es daher von besonderer Bedeutung, die Ausbreitung von Infektionen in der Altersgruppe \u00fcber 60 Jahren zu kontrollieren. Die gesonderte Ausweisung der 7-Tages-Inzidenz f\u00fcr Menschen im Alter von 60 Jahren und \u00e4lter durch das Landesuntersuchungsamt gibt zus\u00e4tzliche Information f\u00fcr die Beurteilung der Wirksamkeit und damit der Steuerung von Infektionsschutzma\u00dfnahmen im Hinblick auf diese besonders vulnerable Gruppe. Gleichzeitig erhalten die B\u00fcrger einen weiteren Zielparameter f\u00fcr den Erfolg ihres gemeinschaftlichen Hygienehandelns in den Kommunen.<\/p>\n\n\n\n<p><em>Landesuntersuchungsamt Rheinland-Pfalz<br>26.05.2021<\/em><\/p>\n","protected":false},"excerpt":{"rendered":"<div class=\"mh-excerpt\"><p>Fallzahlen f\u00fcr die Stadt Speyer von Dienstag (25.05.2021) Seit gef\u00fchlten Ewigkeiten erreicht Speyer endlich einmal wieder &#8222;nur&#8220; die Warnstufe Orange \/ Tag 1 mit einer Inzidenz unter 50 Anzahl best\u00e4tigter F\u00e4lle von Coronavirus (SARS-CoV-2)-Infektionen in <a class=\"mh-excerpt-more\" href=\"https:\/\/speyer24news.com\/?p=37114\" title=\"Corona-Virus\">[&#8230;]<\/a><\/p>\n<\/div>","protected":false},"author":3,"featured_media":25126,"comment_status":"open","ping_status":"open","sticky":false,"template":"","format":"standard","meta":{"_monsterinsights_skip_tracking":false,"_monsterinsights_sitenote_active":false,"_monsterinsights_sitenote_note":"","_monsterinsights_sitenote_category":0,"footnotes":""},"categories":[11613],"tags":[6401,8404,6367,8600,11658,6940,8725,6359,6370,5904,6358,7003,5801,6342,11776],"aioseo_notices":[],"amp_enabled":true,"_links":{"self":[{"href":"https:\/\/speyer24news.com\/index.php?rest_route=\/wp\/v2\/posts\/37114"}],"collection":[{"href":"https:\/\/speyer24news.com\/index.php?rest_route=\/wp\/v2\/posts"}],"about":[{"href":"https:\/\/speyer24news.com\/index.php?rest_route=\/wp\/v2\/types\/post"}],"author":[{"embeddable":true,"href":"https:\/\/speyer24news.com\/index.php?rest_route=\/wp\/v2\/users\/3"}],"replies":[{"embeddable":true,"href":"https:\/\/speyer24news.com\/index.php?rest_route=%2Fwp%2Fv2%2Fcomments&post=37114"}],"version-history":[{"count":1,"href":"https:\/\/speyer24news.com\/index.php?rest_route=\/wp\/v2\/posts\/37114\/revisions"}],"predecessor-version":[{"id":37115,"href":"https:\/\/speyer24news.com\/index.php?rest_route=\/wp\/v2\/posts\/37114\/revisions\/37115"}],"wp:featuredmedia":[{"embeddable":true,"href":"https:\/\/speyer24news.com\/index.php?rest_route=\/wp\/v2\/media\/25126"}],"wp:attachment":[{"href":"https:\/\/speyer24news.com\/index.php?rest_route=%2Fwp%2Fv2%2Fmedia&parent=37114"}],"wp:term":[{"taxonomy":"category","embeddable":true,"href":"https:\/\/speyer24news.com\/index.php?rest_route=%2Fwp%2Fv2%2Fcategories&post=37114"},{"taxonomy":"post_tag","embeddable":true,"href":"https:\/\/speyer24news.com\/index.php?rest_route=%2Fwp%2Fv2%2Ftags&post=37114"}],"curies":[{"name":"wp","href":"https:\/\/api.w.org\/{rel}","templated":true}]}}