{"id":37123,"date":"2021-05-26T06:05:00","date_gmt":"2021-05-26T05:05:00","guid":{"rendered":"https:\/\/speyer24news.com\/?p=37123"},"modified":"2021-05-26T06:05:01","modified_gmt":"2021-05-26T05:05:01","slug":"rhein-pfalz-kreis-83","status":"publish","type":"post","link":"https:\/\/speyer24news.com\/?p=37123","title":{"rendered":"Rhein-Pfalz-Kreis"},"content":{"rendered":"<style type=\"text\/css\">\r\n\t.ads_top_disp{}\r\n\t.ads_top_corner_disp{ float:left; margin:0px 10px 10px 0px; }\r\n\t.ads_first_p_disp{}\r\n\t.ads_bottom_disp{}\r\n\t<\/style>\n<h1 class=\"has-text-align-center wp-block-heading\">Corona-Virus<\/h1>\n\n\n\n<div class=\"wp-block-image\"><figure class=\"aligncenter size-large\"><img decoding=\"async\" loading=\"lazy\" width=\"800\" height=\"346\" src=\"https:\/\/speyer24news.com\/wp-content\/uploads\/2020\/02\/coronavirus-4817450_1920.jpg\" alt=\"\" class=\"wp-image-25126\" srcset=\"https:\/\/speyer24news.com\/wp-content\/uploads\/2020\/02\/coronavirus-4817450_1920.jpg 800w, https:\/\/speyer24news.com\/wp-content\/uploads\/2020\/02\/coronavirus-4817450_1920-300x130.jpg 300w, https:\/\/speyer24news.com\/wp-content\/uploads\/2020\/02\/coronavirus-4817450_1920-768x332.jpg 768w\" sizes=\"(max-width: 800px) 100vw, 800px\" \/><\/figure><\/div>\n\n\n\n<h2 class=\"wp-block-heading\"><strong>Coronavirus: Aktuelle Fallzahlen im Zust\u00e4ndigkeitsbereich des Gesundheitsamtes Rhein-Pfalz-Kreis<\/strong><\/h2>\n\n\n\n<p>Gem\u00e4\u00df dem Bundesinfektionsschutzgesetz sind kreisfreie St\u00e4dte und Landkreise dazu verpflichtet, die Zahlen des RKI zu ver\u00f6ffentlichen. Diese weichen von den Zahlen des Landesuntersuchungsamtes Rheinland-Pfalz (LUA) um einen Tag ab. Das hei\u00dft, das LUA ver\u00f6ffentlicht bereits am Nachmittag, beim RKI flie\u00dfen die Zahlen erst in die Ver\u00f6ffentlichung des n\u00e4chsten Tages mit ein.<\/p>\n\n\n\n<p>Ma\u00dfgebliche Fallzahlen und Inzidenzwerte des RKI f\u00fcr den Rhein-Pfalz-Kreis und der St\u00e4dte Ludwigshafen, Frankenthal und Speyer finden Sie hier: <a href=\"http:\/\/www.rki.de\/inzidenzen\">www.rki.de\/inzidenzen<\/a><\/p>\n\n\n\n<p>Der Inzidenzwert des Rhein-Pfalz-Kreises (Gemeldete positive F\u00e4lle in den letzten 7 Tagen pro 100.000 Einwohner) am 25.05.2021: &nbsp;<strong>48,5<\/strong><\/p>\n\n\n\n<p>Folgende Infektionszahlen liegen der Kreisverwaltung Rhein-Pfalz-Kreis f\u00fcr die kreisangeh\u00f6rigen Gemeinden f\u00fcr die Tage vom <strong>22. bis 25.<\/strong> Mai 2021 vor:<\/p>\n\n\n\n<figure class=\"wp-block-table\"><table><tbody><tr><td>LK\/SK\/Ort<\/td><td>Gesamt<\/td><td>Differenz zum Freitag<\/td><td>Aktuelle F\u00e4lle<\/td><td>Genesen<\/td><td>Verstorben<\/td><td>Differenz zum Freitag<\/td><\/tr><tr><td>_AH<\/td><td>15<\/td><td>-4<\/td><td>4<\/td><td>11<\/td><td>&nbsp;<\/td><td>&nbsp;<\/td><\/tr><tr><td>Altrip<\/td><td>263<\/td><td>2<\/td><td>12<\/td><td>234<\/td><td>17<\/td><td>&nbsp;<\/td><\/tr><tr><td>Beindersheim<\/td><td>122<\/td><td>1<\/td><td>8<\/td><td>113<\/td><td>1<\/td><td>&nbsp;<\/td><\/tr><tr><td>Birkenheide<\/td><td>100<\/td><td>2<\/td><td>4<\/td><td>94<\/td><td>2<\/td><td>&nbsp;<\/td><\/tr><tr><td>Bobenheim-Roxheim<\/td><td>367<\/td><td>1<\/td><td>18<\/td><td>344<\/td><td>5<\/td><td>&nbsp;<\/td><\/tr><tr><td>B\u00f6hl-Iggelheim<\/td><td>441<\/td><td>1<\/td><td>7<\/td><td>419<\/td><td>15<\/td><td>&nbsp;<\/td><\/tr><tr><td>Dannstadt-Schauernheim<\/td><td>255<\/td><td>&nbsp;<\/td><td>5<\/td><td>245<\/td><td>5<\/td><td>&nbsp;<\/td><\/tr><tr><td>Dudenhofen<\/td><td>348<\/td><td>&nbsp;<\/td><td>2<\/td><td>331<\/td><td>15<\/td><td>&nbsp;<\/td><\/tr><tr><td>Fu\u00dfg\u00f6nheim<\/td><td>112<\/td><td>&nbsp;<\/td><td>&nbsp;<\/td><td>109<\/td><td>3<\/td><td>&nbsp;<\/td><\/tr><tr><td>Gro\u00dfniedesheim<\/td><td>46<\/td><td>&nbsp;<\/td><td>&nbsp;<\/td><td>46<\/td><td>&nbsp;<\/td><td>&nbsp;<\/td><\/tr><tr><td>Hanhofen<\/td><td>121<\/td><td>2<\/td><td>7<\/td><td>113<\/td><td>1<\/td><td>&nbsp;<\/td><\/tr><tr><td>Harthausen<\/td><td>181<\/td><td>&nbsp;<\/td><td>5<\/td><td>164<\/td><td>12<\/td><td>&nbsp;<\/td><\/tr><tr><td>He\u00dfheim<\/td><td>128<\/td><td>&nbsp;<\/td><td>5<\/td><td>120<\/td><td>3<\/td><td>&nbsp;<\/td><\/tr><tr><td>Heuchelheim<\/td><td>35<\/td><td>&nbsp;<\/td><td>4<\/td><td>31<\/td><td>&nbsp;<\/td><td>&nbsp;<\/td><\/tr><tr><td>Hochdorf-Assenheim<\/td><td>136<\/td><td>1<\/td><td>44<\/td><td>91<\/td><td>1<\/td><td>&nbsp;<\/td><\/tr><tr><td>Kleinniedesheim<\/td><td>36<\/td><td>&nbsp;<\/td><td>2<\/td><td>34<\/td><td>&nbsp;<\/td><td>&nbsp;<\/td><\/tr><tr><td>Lambsheim<\/td><td>220<\/td><td>&nbsp;<\/td><td>4<\/td><td>212<\/td><td>4<\/td><td>&nbsp;<\/td><\/tr><tr><td>Limburgerhof<\/td><td>452<\/td><td>1<\/td><td>13<\/td><td>424<\/td><td>15<\/td><td>&nbsp;<\/td><\/tr><tr><td>Maxdorf<\/td><td>294<\/td><td>&nbsp;<\/td><td>5<\/td><td>258<\/td><td>31<\/td><td>&nbsp;<\/td><\/tr><tr><td>Mutterstadt<\/td><td>600<\/td><td>3<\/td><td>36<\/td><td>530<\/td><td>34<\/td><td>&nbsp;<\/td><\/tr><tr><td>Neuhofen<\/td><td>258<\/td><td>&nbsp;<\/td><td>11<\/td><td>234<\/td><td>13<\/td><td>&nbsp;<\/td><\/tr><tr><td>Otterstadt<\/td><td>129<\/td><td>&nbsp;<\/td><td>2<\/td><td>125<\/td><td>2<\/td><td>&nbsp;<\/td><\/tr><tr><td>R\u00f6dersheim-Gronau<\/td><td>99<\/td><td>&nbsp;<\/td><td>1<\/td><td>96<\/td><td>2<\/td><td>&nbsp;<\/td><\/tr><tr><td>R\u00f6merberg<\/td><td>524<\/td><td>&nbsp;<\/td><td>11<\/td><td>501<\/td><td>12<\/td><td>&nbsp;<\/td><\/tr><tr><td>Schifferstadt<\/td><td>1006<\/td><td>3<\/td><td>43<\/td><td>941<\/td><td>22<\/td><td>&nbsp;<\/td><\/tr><tr><td>Waldsee<\/td><td>222<\/td><td>2<\/td><td>7<\/td><td>206<\/td><td>9<\/td><td>&nbsp;<\/td><\/tr><tr><td>&nbsp;<\/td><td>&nbsp;<\/td><td>&nbsp;<\/td><td>&nbsp;<\/td><td>&nbsp;<\/td><td>&nbsp;<\/td><td>&nbsp;<\/td><\/tr><tr><td>LK Rhein-Pfalz-Kreis<\/td><td>6510<\/td><td>15<\/td><td>260<\/td><td>6026<\/td><td>224<\/td><td>&nbsp;<\/td><\/tr><tr><td>SK Frankenthal<\/td><td>2102<\/td><td>15<\/td><td>89<\/td><td>1962<\/td><td>51<\/td><td>&nbsp;<\/td><\/tr><tr><td>SK Ludwigshafen<\/td><td>10269<\/td><td>87<\/td><td>557<\/td><td>9389<\/td><td>323<\/td><td>1<\/td><\/tr><tr><td>SK Speyer<\/td><td>2788<\/td><td>5<\/td><td>97<\/td><td>2607<\/td><td>84<\/td><td>1<\/td><\/tr><tr><td>&nbsp;<\/td><td>&nbsp;<\/td><td>&nbsp;<\/td><td>&nbsp;<\/td><td>&nbsp;<\/td><td>&nbsp;<\/td><td>&nbsp;<\/td><\/tr><tr><td><strong>Summe:<\/strong><\/td><td><strong>21669<\/strong><\/td><td><strong>122<\/strong><\/td><td><strong>1003<\/strong><\/td><td><strong>19984<\/strong><\/td><td><strong>682<\/strong><\/td><td><strong>2<\/strong><\/td><\/tr><\/tbody><\/table><\/figure>\n\n\n\n<p><em>Quelle: SurvNet@RKI &amp; Sormas<\/em><\/p>\n\n\n\n<p>_AH: Personen mit Hauptwohnsitz au\u00dferhalb des Zust\u00e4ndigkeitsbereiches des Gesundheitsamts aber mit fehlerhaften Meldekreis \u201eLK Rhein-Pfalz-Kreis\u201c. Es wird gepr\u00fcft, ob diese noch nachtr\u00e4glich richtig zugeordnet werden k\u00f6nnen.<\/p>\n\n\n\n<p>Aus den Einrichtungen wurden uns aktuell keine Corona-Virus-Ausbr\u00fcche gemeldet.<\/p>\n\n\n\n<p><em>Kreisverwaltung Rhein-Pfalz-Kreis<br>26.05.2021<\/em><\/p>\n\n\n\n<h1 class=\"has-text-align-center wp-block-heading\">Kreisvolkshochschule (KVHS) Rhein-Pfalz<\/h1>\n\n\n\n<div class=\"wp-block-image\"><figure class=\"aligncenter size-large\"><img decoding=\"async\" loading=\"lazy\" width=\"640\" height=\"295\" src=\"https:\/\/speyer24news.com\/wp-content\/uploads\/2020\/03\/VHS-1.png\" alt=\"\" class=\"wp-image-25692\" srcset=\"https:\/\/speyer24news.com\/wp-content\/uploads\/2020\/03\/VHS-1.png 640w, https:\/\/speyer24news.com\/wp-content\/uploads\/2020\/03\/VHS-1-300x138.png 300w\" sizes=\"(max-width: 640px) 100vw, 640px\" \/><\/figure><\/div>\n\n\n\n<h2 class=\"wp-block-heading\"><strong>Kultur-Blicke via Bildschirm<\/strong><\/h2>\n\n\n\n<div class=\"wp-block-image\"><figure class=\"aligncenter size-large\"><img decoding=\"async\" src=\"https:\/\/speyer24news.com\/wp-content\/uploads\/2020\/08\/Kultur-Logo.jpg\" alt=\"\" class=\"wp-image-29722\"\/><\/figure><\/div>\n\n\n\n<p>Auch einige ihrer \u201eKultur-Blicke\u201c erm\u00f6glicht die Volkshochschule des Rhein-Pfalz-Kreises jetzt online. Gewidmet sind sie der Welt der Musik. Das Wissen wird unterhaltsam und teils mit der M\u00f6glichkeit zum Genie\u00dfen vermittelt.<\/p>\n\n\n\n<p>Wer die Musik von <strong>Gioachino Rossini<\/strong> (1792 &#8211; 1868) sch\u00e4tzt, kann beispielsweise zweimal ein paar seiner zahlreichen Kompositionen f\u00fcr die K\u00fcche kennen und zubereiten lernen. Unterst\u00fctzt durch die vhs-Cloud k\u00f6nnen die Teilnehmenden gemeinsam mit Kursleiterin Dr. Anja Pohsner Rezepte &#8222;\u00e0 la Rossini&#8220; auf den Teller zaubern und erh\u00e4lt von der Musikwissenschaftlerin nebenbei Informationen \u00fcber den interessanten Komponisten geliefert. Gelegenheit dazu besteht entweder am <strong>Montag, 31. Mai 2021,<\/strong> von 18 bis 20 Uhr oder am <strong>Samstag, 12. Juni 2021<\/strong>, von 11 bis 13 Uhr.<\/p>\n\n\n\n<p>Ein <strong>Mitmach-Krimi<\/strong> rund um den Tod von Wolfgang Amadeus Mozart steht am <strong>Freitag, 4. Juni<\/strong>, sowie am <strong>Dienstag, 22. Juni<\/strong>, auf dem Programm \u2013 jeweils von 18.30 bis 21 Uhr. Wer teilnimmt, hat Gelegenheit, als Ermittler zeitgen\u00f6ssische Zeugen oder Verd\u00e4chtige zu befragen und anhand von Indizien der Wahrheit n\u00e4her zu kommen. Grundlage sind aktuelle Erkenntnisse der Musikwissenschaft.<\/p>\n\n\n\n<p>Am <strong>Samstag, 19. Juni 2021<\/strong>, kommen von 11 bis 13 Uhr die Freunde<strong> irischer Musik<\/strong> auf ihre Kosten. Dr. Anja Pohsner stellt ihnen in Theorie und Praxis die keltische Harfe vor und l\u00e4dt sie zum Schluss sogar zum Mitspielen auf der Tin Whistle ein. Reines Zuh\u00f6ren ist aber ebenfalls erlaubt. Beleuchtet werden insbesondere die vielseitigen Einsatzgebiete der Instrumente von der gr\u00fcnen Insel bis hin zur Filmmusik.<\/p>\n\n\n\n<p>Alle Veranstaltungen laufen \u00fcber die vhs-Cloud. Die Zugangsdaten gibt es nach der Anmeldung per E-Mail. Anmeldungen werden vorzugsweise ebenfalls online entgegengenommen. Zu finden sind die Kurse auf <a href=\"http:\/\/www.vhs-rpk.de\">www.vhs-rpk.de<\/a> am einfachsten durch die Eingabe der Kursnummer als Suchbegriff. F\u00fcr Rossini ist das die F305340, f\u00fcr Mozart die F200109 und f\u00fcr die irischen Instrumente die F200110. F\u00fcr organisatorische R\u00fcckfragen steht Anja Gerent-Schneider im vhs-Bildungszentrum Schifferstadt unter 06235 9573343 (nur vormittags) zur Verf\u00fcgung.<\/p>\n\n\n\n<p><em>Kreisvolkshochschule (KVHS) Rhein-Pfalz-Kreis<br>26.05.2021<\/em><\/p>\n\n\n\n<h2 class=\"wp-block-heading\"><strong>Entspannung online lernen<\/strong><\/h2>\n\n\n\n<div class=\"wp-block-image\"><figure class=\"aligncenter size-large\"><img decoding=\"async\" loading=\"lazy\" width=\"800\" height=\"400\" src=\"https:\/\/speyer24news.com\/wp-content\/uploads\/2021\/05\/yoga-2099080_1280.png\" alt=\"\" class=\"wp-image-37120\" srcset=\"https:\/\/speyer24news.com\/wp-content\/uploads\/2021\/05\/yoga-2099080_1280.png 800w, https:\/\/speyer24news.com\/wp-content\/uploads\/2021\/05\/yoga-2099080_1280-300x150.png 300w, https:\/\/speyer24news.com\/wp-content\/uploads\/2021\/05\/yoga-2099080_1280-768x384.png 768w\" sizes=\"(max-width: 800px) 100vw, 800px\" \/><\/figure><\/div>\n\n\n\n<p>Mit Hilfe von Yoga innere Ruhe zu finden, Energie zu tanken und bei sich selbst anzukommen, kann auch online funktionieren. Diese Erfahrung hat die Volkshochschule des Rhein-Pfalz-Kreises in den letzten Monaten gemacht. Die Teilnehmenden f\u00e4nden es mitunter sogar angenehmer, die entsprechenden Techniken stressfrei und gem\u00fctlich bei sich zuhause zu erlernen und einzu\u00fcben.<\/p>\n\n\n\n<p>Den deutschen Volkshochschulen steht daf\u00fcr die vhs-Cloud zur Verf\u00fcgung, \u00fcber die beispielsweise das Ehepaar Ziemlich aus Mutterstadt inzwischen schon mehrere Kurse geleitet hat, seit dreidimensionaler Unterricht verboten ist. Weil die beiden mittlerweile schon \u00fcber \u201eziemlich\u201c viel Erfahrung darin verf\u00fcgen, l\u00e4dt die Kreisvolkshochschule zu den n\u00e4chsten Kursen nun auch gezielt Neulinge und Wiedereinsteiger ein.<\/p>\n\n\n\n<p>Zur Auswahl stehen zwei Angebote mit jeweils sechs Teilen, mit <strong>Beginn am Dienstag, 8. Juni 2021<\/strong>. Von 18 bis 19 Uhr ist zun\u00e4chst \u201e<strong>Slow down Yoga in Achtsamkeit<\/strong>\u201c vorgesehen. Von 19:15 bis 20:30 Uhr folgt dann \u201e<strong>Selbstf\u00fcrsorge und Achtsamkeit mit Yin-und-Yang-Yoga<\/strong>\u201c. Beim ersten wird aufgezeigt, wie sich der K\u00f6rper in sanften Yoga-Stellungen (Asanas) genie\u00dfen l\u00e4sst. Beim zweiten sind die Asanas teils dynamischer und aktiver zum Teil aber auch passiv und daf\u00fcr l\u00e4nger andauernd, wovon Bindegewebe und Faszien profitieren. Atem\u00fcbungen und Meditationstechniken geh\u00f6ren in beiden F\u00e4llen dazu.<\/p>\n\n\n\n<p>Anmeldungen werden vorzugsweise ebenfalls online entgegengenommen. Zu finden sind die beiden Kurse auf <a href=\"http:\/\/www.vhs-rpk.de\">www.vhs-rpk.de<\/a> am einfachsten durch die Eingabe der Kursnummer als Suchbegriff. F\u00fcr den fr\u00fcheren (Teilnahmegeb\u00fchr 23 Euro) ist das die F301400Z04, f\u00fcr den sp\u00e4teren (28 Euro) die F301401Z04.<\/p>\n\n\n\n<p>F\u00fcr organisatorische R\u00fcckfragen steht Anja Gerent-Schneider im vhs-Bildungszentrum Schifferstadt unter 06235 9573343 (nur vormittags) zur Verf\u00fcgung. Informationen \u00fcber den Zugang zu diesem Kurs in der vhs-Cloud werden nach der Anmeldung per E-Mail versandt.<\/p>\n\n\n\n<p><em>Kreisvolkshochschule (KVHS) Rhein-Pfalz-Kreis<br>26.05.2021<\/em><\/p>\n","protected":false},"excerpt":{"rendered":"<div class=\"mh-excerpt\"><p>Corona-Virus Coronavirus: Aktuelle Fallzahlen im Zust\u00e4ndigkeitsbereich des Gesundheitsamtes Rhein-Pfalz-Kreis Gem\u00e4\u00df dem Bundesinfektionsschutzgesetz sind kreisfreie St\u00e4dte und Landkreise dazu verpflichtet, die Zahlen des RKI zu ver\u00f6ffentlichen. Diese weichen von den Zahlen des Landesuntersuchungsamtes Rheinland-Pfalz (LUA) um <a class=\"mh-excerpt-more\" href=\"https:\/\/speyer24news.com\/?p=37123\" title=\"Rhein-Pfalz-Kreis\">[&#8230;]<\/a><\/p>\n<\/div>","protected":false},"author":3,"featured_media":25960,"comment_status":"open","ping_status":"open","sticky":false,"template":"","format":"standard","meta":{"_monsterinsights_skip_tracking":false,"_monsterinsights_sitenote_active":false,"_monsterinsights_sitenote_note":"","_monsterinsights_sitenote_category":0,"footnotes":""},"categories":[1564],"tags":[10594,8741,5904,10201,8706,6634,3856,8577,577,11777,7295,6986,6987,427,1565,1678],"aioseo_notices":[],"amp_enabled":true,"_links":{"self":[{"href":"https:\/\/speyer24news.com\/index.php?rest_route=\/wp\/v2\/posts\/37123"}],"collection":[{"href":"https:\/\/speyer24news.com\/index.php?rest_route=\/wp\/v2\/posts"}],"about":[{"href":"https:\/\/speyer24news.com\/index.php?rest_route=\/wp\/v2\/types\/post"}],"author":[{"embeddable":true,"href":"https:\/\/speyer24news.com\/index.php?rest_route=\/wp\/v2\/users\/3"}],"replies":[{"embeddable":true,"href":"https:\/\/speyer24news.com\/index.php?rest_route=%2Fwp%2Fv2%2Fcomments&post=37123"}],"version-history":[{"count":1,"href":"https:\/\/speyer24news.com\/index.php?rest_route=\/wp\/v2\/posts\/37123\/revisions"}],"predecessor-version":[{"id":37124,"href":"https:\/\/speyer24news.com\/index.php?rest_route=\/wp\/v2\/posts\/37123\/revisions\/37124"}],"wp:featuredmedia":[{"embeddable":true,"href":"https:\/\/speyer24news.com\/index.php?rest_route=\/wp\/v2\/media\/25960"}],"wp:attachment":[{"href":"https:\/\/speyer24news.com\/index.php?rest_route=%2Fwp%2Fv2%2Fmedia&parent=37123"}],"wp:term":[{"taxonomy":"category","embeddable":true,"href":"https:\/\/speyer24news.com\/index.php?rest_route=%2Fwp%2Fv2%2Fcategories&post=37123"},{"taxonomy":"post_tag","embeddable":true,"href":"https:\/\/speyer24news.com\/index.php?rest_route=%2Fwp%2Fv2%2Ftags&post=37123"}],"curies":[{"name":"wp","href":"https:\/\/api.w.org\/{rel}","templated":true}]}}