{"id":37143,"date":"2021-05-26T08:24:17","date_gmt":"2021-05-26T07:24:17","guid":{"rendered":"https:\/\/speyer24news.com\/?p=37143"},"modified":"2021-05-26T08:24:18","modified_gmt":"2021-05-26T07:24:18","slug":"bad-duerkheim-landkreis-duew","status":"publish","type":"post","link":"https:\/\/speyer24news.com\/?p=37143","title":{"rendered":"Bad D\u00fcrkheim &#038; Landkreis (D\u00dcW)"},"content":{"rendered":"<style type=\"text\/css\">\r\n\t.ads_top_disp{}\r\n\t.ads_top_corner_disp{ float:left; margin:0px 10px 10px 0px; }\r\n\t.ads_first_p_disp{}\r\n\t.ads_bottom_disp{}\r\n\t<\/style>\n<h2 class=\"wp-block-heading\"><strong>Limburg Sommer 2021: Genussvolles Ambiente im Refektorium der Klosterruine<\/strong><\/h2>\n\n\n\n<h3 class=\"wp-block-heading\"><strong>Kultur endlich wieder live erleben \u2013 Konzerte, Theater, Kino und vieles mehr: Der Limburg Sommer ist zur\u00fcck und startet am 11. Juni gleich mit einer Weltpremiere. Unter freiem Himmel und im Refektorium der Klosterruine erleben Besucher bis in den August hinein ein vielf\u00e4ltiges B\u00fchnenprogramm.<\/strong><\/h3>\n\n\n\n<div class=\"wp-block-image\"><figure class=\"aligncenter size-large\"><img decoding=\"async\" loading=\"lazy\" width=\"800\" height=\"533\" src=\"https:\/\/speyer24news.com\/wp-content\/uploads\/2021\/05\/DSC02342.jpg\" alt=\"\" class=\"wp-image-37144\" srcset=\"https:\/\/speyer24news.com\/wp-content\/uploads\/2021\/05\/DSC02342.jpg 800w, https:\/\/speyer24news.com\/wp-content\/uploads\/2021\/05\/DSC02342-300x200.jpg 300w, https:\/\/speyer24news.com\/wp-content\/uploads\/2021\/05\/DSC02342-768x512.jpg 768w\" sizes=\"(max-width: 800px) 100vw, 800px\" \/><\/figure><\/div>\n\n\n\n<p>\u201eMit einem neuen Konzept, einem wundersch\u00f6nen Veranstaltungsort und einem abwechslungsreichen Programm wird der Limburg Sommer 2021 ein kultureller Lichtblick f\u00fcr Bad D\u00fcrkheim. Wir freuen uns sehr, dass wir die B\u00fchne ab Juni f\u00fcr K\u00fcnstler wieder freigeben k\u00f6nnen\u201c, zeigt sich B\u00fcrgermeister Christoph Glogger erfreut. Nicht wie gewohnt im gro\u00dfen Kirchenschiff, sondern diesmal im Refektorium, werden in den Monaten Juni bis August verschiedene Veranstaltungen unter freiem Himmel und in genussvollem Ambiente stattfinden, weist er hin.<\/p>\n\n\n\n<p>\u201eDas Warten hat ein Ende\u201c, verk\u00fcndet Christian Handrich, Leiter des Kulturb\u00fcros. \u201eEndlich k\u00f6nnen wir wieder eine Perspektive f\u00fcr die Kultur vor Ort in Bad D\u00fcrkheim bieten, das ist wundervoll. In der traumhaften Kulisse und mit einem vielf\u00e4ltigen Angebot von Musik, Theater, Kino und Mundart ist bestimmt f\u00fcr jeden Geschmack die passende Veranstaltung dabei\u201c, ist er sich sicher. Auch Hybridveranstaltungen \u2013 teils live vor Ort und parallel im Livestream \u2013 seien angedacht. Dazu gebe es ein kulinarisch abgestimmtes Begleitprogramm von KONRAD II im Klostergarten, so dass tats\u00e4chlich alle Sinne angesprochen w\u00fcrden.<\/p>\n\n\n\n<div class=\"wp-block-image\"><figure class=\"aligncenter size-large\"><img decoding=\"async\" loading=\"lazy\" width=\"800\" height=\"367\" src=\"https:\/\/speyer24news.com\/wp-content\/uploads\/2021\/05\/Limburg-Sommer-2.png\" alt=\"\" class=\"wp-image-37145\" srcset=\"https:\/\/speyer24news.com\/wp-content\/uploads\/2021\/05\/Limburg-Sommer-2.png 800w, https:\/\/speyer24news.com\/wp-content\/uploads\/2021\/05\/Limburg-Sommer-2-300x138.png 300w, https:\/\/speyer24news.com\/wp-content\/uploads\/2021\/05\/Limburg-Sommer-2-768x352.png 768w\" sizes=\"(max-width: 800px) 100vw, 800px\" \/><\/figure><\/div>\n\n\n\n<p>Den Auftakt macht der Limburg Sommer 2021 gleich mit einer <strong>Weltpremiere: Britta &amp; Chako Habekost<\/strong> lesen am <strong>Freitag, 11. Juni <\/strong>und am<strong> Sonntag,13. Juni <\/strong>aus ihrem neuesten Werk \u201e<strong>Weingartengrab \u2013 Ein Elwenfels-Krimi<\/strong>\u201c.<\/p>\n\n\n\n<p>\u201e<strong>Historische Weine auf der Limburg<\/strong>\u201c ist der Titel der Weinprobe der D\u00fcrkheimer Spitzenwinzer live am <strong>27. Juni<\/strong>, bei der auf unterhaltsame Weise viel Wissenswertes zum Thema \u201eHistorische Weinlagen Bad D\u00fcrkheims\u201c und andere geschichtliche Hintergr\u00fcnde zum Wein vermittelt werden. Die Veranstaltung wird als hybrides Format auch live gestreamt und kann inklusive Weinpaket von zuhause aus verfolgt werden.<\/p>\n\n\n\n<p>Und wie k\u00f6nnte es anders sein? Auch das Theater an der Weinstra\u00dfe ist wieder beim Limburg Sommer dabei. Derzeit wird unter der Regie von Marisa Fickeisen das <strong>Stationentheater <\/strong>\u201e<strong>Der kleine Prinz<\/strong>\u201c vorbereitet, Premiere ist am <strong>Sonntag, 18. Juli<\/strong>, weitere Vorstellungen sollen an den nachfolgenden Wochenenden stattfinden.<\/p>\n\n\n\n<p>F\u00fcr die kleinen G\u00e4ste sind wieder spannende <strong>Kindertheaterauff\u00fchrungen <\/strong>geplant, wie z.B. am <strong>3. August <\/strong>der \u201e<strong>Superwurm<\/strong>\u201c, ein Marionettenspiel nach dem Buch von Julia Donaldson und Axel Scheffler. Au\u00dferdem steht erstmalig eine Oper f\u00fcr Kinder auf dem Programm: \u201e<strong>Papageno und die Zauberfl\u00f6te<\/strong>\u201c wird im <strong>Juni <\/strong>gespielt.<\/p>\n\n\n\n<p>Mundart inklusive Preisverleihung des <strong>Mundart-Gedicht-des-Jahres<\/strong> ist ein ganz neues Format, das in Zusammenarbeit mit dem VielPfalz Verlag organisiert und vorbereitet wird. Pf\u00e4lzische Gedichte, Musik, Literatur und vieles mehr k\u00f6nnen am <strong>Sonntag, 4. Juli<\/strong> genossen werden.<\/p>\n\n\n\n<p>Gemeinsam mit dem Klimabeirat und der Kulturpolitischen Gesellschaft Rhein-Neckar pr\u00e4sentiert das Kulturb\u00fcro unter dem Jahresmotto \u201e<strong>ARTenVielfalt<\/strong>\u201c spannende Podiumsdiskussionen zu den Themen: <strong>\u201eZukunft gestalten\u201c \u2013 \u201eGerechtigkeit\u201c \u2013 \u201eKultur &amp; Wirtschaft\u201c<\/strong>. Auch hier werden die Veranstaltungen als hybrides Format gestreamt. Die genauen Termine werden noch gesondert bekannt gegeben.<\/p>\n\n\n\n<p><strong>Live Musik<\/strong> nimmt einen sehr gro\u00dfen Stellenwert beim diesj\u00e4hrigen Limburg Sommer im Refektorium ein. Insbesondere jungen K\u00fcnstlern soll eine B\u00fchne geboten werden. Singer, Songwriter, Producer und Bands pr\u00e4sentieren an mehreren Konzertabenden verschiedene Genres, von Pop \u00fcber Elektro bis zu Hip-Hop. Die genauen Termine werden noch bekannt gegeben.<\/p>\n\n\n\n<p>Unter dem Motto \u201e<strong>Berauscht Euch!<\/strong>\u201c werden Songs und Texte aus dem \u201e<strong>Club der 27er<\/strong>\u201c gelesen und gesungen. Ein literarisch-musikalisches Projekt, das am <strong>21. Juli<\/strong> eine Premiere in der Pfalz feiert.<\/p>\n\n\n\n<p>Auch <strong>klassische Musik<\/strong> wird im Programm nicht fehlen: In Kooperation mit der Pf\u00e4lzischen Musikgesellschaft wird am <strong>7. Juli<\/strong> das Programm \u201e<strong>Ba-Rock \u2013 Von Bach bis Led Zeppelin<\/strong>\u201c gespielt.<\/p>\n\n\n\n<p><strong>Filmfans <\/strong>d\u00fcrfen sich <strong>von Dienstag, 27. Juli bis einschlie\u00dflich Samstag, 31. Juli<\/strong> auf imposante Kinoabende und spannende <strong>Filmvorf\u00fchrungen <\/strong>mit frischem Popcorn &amp; Co freuen.<\/p>\n\n\n\n<p>Auch <strong>Kabarett und Kleinkunst <\/strong>wird einen Platz im Programm des Limburg Sommers finden.<\/p>\n\n\n\n<p>Ein sicheres und coronakonformes Konzept erm\u00f6glicht es der Stadt Bad D\u00fcrkheim, pro Veranstaltung 50 bis 70 G\u00e4ste zuzulassen. Dabei steht deren Sicherheit sowie die der K\u00fcnstler an oberster Stelle. Die G\u00e4ste werden rechtzeitig \u00fcber die zum Zeitpunkt der jeweiligen Veranstaltung geltenden Regelungen und Hygienevorgaben informiert.<\/p>\n\n\n\n<p>Der <strong>Ticketvorverkauf <\/strong>f\u00fcr die ersten Veranstaltungen <strong>startet am Mittwoch, 26. Mai 2021<\/strong>. Alle Informationen zum <strong>Limburg Sommer<\/strong> sind unter <a href=\"https:\/\/www.limburg-sommer.de\">www.limburg-sommer.de<\/a> zu finden.<\/p>\n\n\n\n<p>Die Veranstaltungsreihe der Stadt Bad D\u00fcrkheim wird mit freundlicher Unterst\u00fctzung der Sparkasse Rhein-Haardt, Konrad II und des VielPfalz Verlags pr\u00e4sentiert.<\/p>\n\n\n\n<p><em>Stadtverwaltung Bad D\u00fcrkheim \/ Limburg Sommer<br>26.05.2021<\/em><\/p>\n","protected":false},"excerpt":{"rendered":"<div class=\"mh-excerpt\"><p>Limburg Sommer 2021: Genussvolles Ambiente im Refektorium der Klosterruine Kultur endlich wieder live erleben \u2013 Konzerte, Theater, Kino und vieles mehr: Der Limburg Sommer ist zur\u00fcck und startet am 11. Juni gleich mit einer Weltpremiere. <a class=\"mh-excerpt-more\" href=\"https:\/\/speyer24news.com\/?p=37143\" title=\"Bad D\u00fcrkheim &#038; Landkreis (D\u00dcW)\">[&#8230;]<\/a><\/p>\n<\/div>","protected":false},"author":3,"featured_media":32417,"comment_status":"open","ping_status":"open","sticky":false,"template":"","format":"standard","meta":{"_monsterinsights_skip_tracking":false,"_monsterinsights_sitenote_active":false,"_monsterinsights_sitenote_note":"","_monsterinsights_sitenote_category":0,"footnotes":""},"categories":[11784],"tags":[984,176,11785,7060,7063,7062],"aioseo_notices":[],"amp_enabled":true,"_links":{"self":[{"href":"https:\/\/speyer24news.com\/index.php?rest_route=\/wp\/v2\/posts\/37143"}],"collection":[{"href":"https:\/\/speyer24news.com\/index.php?rest_route=\/wp\/v2\/posts"}],"about":[{"href":"https:\/\/speyer24news.com\/index.php?rest_route=\/wp\/v2\/types\/post"}],"author":[{"embeddable":true,"href":"https:\/\/speyer24news.com\/index.php?rest_route=\/wp\/v2\/users\/3"}],"replies":[{"embeddable":true,"href":"https:\/\/speyer24news.com\/index.php?rest_route=%2Fwp%2Fv2%2Fcomments&post=37143"}],"version-history":[{"count":1,"href":"https:\/\/speyer24news.com\/index.php?rest_route=\/wp\/v2\/posts\/37143\/revisions"}],"predecessor-version":[{"id":37146,"href":"https:\/\/speyer24news.com\/index.php?rest_route=\/wp\/v2\/posts\/37143\/revisions\/37146"}],"wp:featuredmedia":[{"embeddable":true,"href":"https:\/\/speyer24news.com\/index.php?rest_route=\/wp\/v2\/media\/32417"}],"wp:attachment":[{"href":"https:\/\/speyer24news.com\/index.php?rest_route=%2Fwp%2Fv2%2Fmedia&parent=37143"}],"wp:term":[{"taxonomy":"category","embeddable":true,"href":"https:\/\/speyer24news.com\/index.php?rest_route=%2Fwp%2Fv2%2Fcategories&post=37143"},{"taxonomy":"post_tag","embeddable":true,"href":"https:\/\/speyer24news.com\/index.php?rest_route=%2Fwp%2Fv2%2Ftags&post=37143"}],"curies":[{"name":"wp","href":"https:\/\/api.w.org\/{rel}","templated":true}]}}