{"id":37148,"date":"2021-05-26T08:29:49","date_gmt":"2021-05-26T07:29:49","guid":{"rendered":"https:\/\/speyer24news.com\/?p=37148"},"modified":"2021-05-26T08:29:50","modified_gmt":"2021-05-26T07:29:50","slug":"ludwigshafen-18","status":"publish","type":"post","link":"https:\/\/speyer24news.com\/?p=37148","title":{"rendered":"Ludwigshafen"},"content":{"rendered":"<style type=\"text\/css\">\r\n\t.ads_top_disp{}\r\n\t.ads_top_corner_disp{ float:left; margin:0px 10px 10px 0px; }\r\n\t.ads_first_p_disp{}\r\n\t.ads_bottom_disp{}\r\n\t<\/style>\n<h1 class=\"has-text-align-center wp-block-heading\">Stadtnotizen<\/h1>\n\n\n\n<h2 class=\"wp-block-heading\"><strong>Ausl\u00e4nderbeh\u00f6rde \u00f6ffnet f\u00fcr Terminkundschaft<\/strong><\/h2>\n\n\n\n<p>Die Abteilung Aufenthaltsrecht \u00f6ffnet nach coronabedingter Schlie\u00dfung <strong>ab Montag, 31. Mai 2021<\/strong>, wieder ihre R\u00e4umlichkeiten in der Mottstra\u00dfe 1 f\u00fcr Kund*innen nach vorheriger Terminvereinbarung. Wegen der l\u00e4ngeren Schlie\u00dfung im Zuge der Pandemie wird zu Beginn der Terminvergabe eine Priorisierung nach dringenden und weniger dringenden Angelegenheiten erforderlich sein. Hierf\u00fcr bittet die Stadtverwaltung um Verst\u00e4ndnis.<\/p>\n\n\n\n<p>Die Verwaltung weist darauf hin, dass in Verwaltungsgeb\u00e4uden die Pflicht zum medizinischer Gesichtsmasken oder Masken der Standards KN95\/N95 sowie FFP2 Masken besteht.<\/p>\n\n\n\n<p><em>Stadt Ludwigshafen am Rhein<br>26.05.2021<\/em><\/p>\n\n\n\n<h2 class=\"wp-block-heading\"><strong>Ortsvorsteherb\u00fcro Ruchheim geschlossen<\/strong><\/h2>\n\n\n\n<p>Das Ortsvorsteherb\u00fcro Ruchheim ist in der Zeit <strong>von Montag, 31. Mai 2021, bis einschlie\u00dflich Freitag, 4. Juni 2021<\/strong>, geschlossen.<\/p>\n\n\n\n<p><em>Stadt Ludwigshafen am Rhein<br>26.05.2021<\/em><\/p>\n","protected":false},"excerpt":{"rendered":"<div class=\"mh-excerpt\"><p>Stadtnotizen Ausl\u00e4nderbeh\u00f6rde \u00f6ffnet f\u00fcr Terminkundschaft Die Abteilung Aufenthaltsrecht \u00f6ffnet nach coronabedingter Schlie\u00dfung ab Montag, 31. Mai 2021, wieder ihre R\u00e4umlichkeiten in der Mottstra\u00dfe 1 f\u00fcr Kund*innen nach vorheriger Terminvereinbarung. Wegen der l\u00e4ngeren Schlie\u00dfung im Zuge <a class=\"mh-excerpt-more\" href=\"https:\/\/speyer24news.com\/?p=37148\" title=\"Ludwigshafen\">[&#8230;]<\/a><\/p>\n<\/div>","protected":false},"author":3,"featured_media":24395,"comment_status":"open","ping_status":"open","sticky":false,"template":"","format":"standard","meta":{"_monsterinsights_skip_tracking":false,"_monsterinsights_sitenote_active":false,"_monsterinsights_sitenote_note":"","_monsterinsights_sitenote_category":0,"footnotes":""},"categories":[2098],"tags":[2418,11786,153,11788,11787],"aioseo_notices":[],"amp_enabled":true,"_links":{"self":[{"href":"https:\/\/speyer24news.com\/index.php?rest_route=\/wp\/v2\/posts\/37148"}],"collection":[{"href":"https:\/\/speyer24news.com\/index.php?rest_route=\/wp\/v2\/posts"}],"about":[{"href":"https:\/\/speyer24news.com\/index.php?rest_route=\/wp\/v2\/types\/post"}],"author":[{"embeddable":true,"href":"https:\/\/speyer24news.com\/index.php?rest_route=\/wp\/v2\/users\/3"}],"replies":[{"embeddable":true,"href":"https:\/\/speyer24news.com\/index.php?rest_route=%2Fwp%2Fv2%2Fcomments&post=37148"}],"version-history":[{"count":1,"href":"https:\/\/speyer24news.com\/index.php?rest_route=\/wp\/v2\/posts\/37148\/revisions"}],"predecessor-version":[{"id":37149,"href":"https:\/\/speyer24news.com\/index.php?rest_route=\/wp\/v2\/posts\/37148\/revisions\/37149"}],"wp:featuredmedia":[{"embeddable":true,"href":"https:\/\/speyer24news.com\/index.php?rest_route=\/wp\/v2\/media\/24395"}],"wp:attachment":[{"href":"https:\/\/speyer24news.com\/index.php?rest_route=%2Fwp%2Fv2%2Fmedia&parent=37148"}],"wp:term":[{"taxonomy":"category","embeddable":true,"href":"https:\/\/speyer24news.com\/index.php?rest_route=%2Fwp%2Fv2%2Fcategories&post=37148"},{"taxonomy":"post_tag","embeddable":true,"href":"https:\/\/speyer24news.com\/index.php?rest_route=%2Fwp%2Fv2%2Ftags&post=37148"}],"curies":[{"name":"wp","href":"https:\/\/api.w.org\/{rel}","templated":true}]}}