{"id":37158,"date":"2021-05-26T08:50:08","date_gmt":"2021-05-26T07:50:08","guid":{"rendered":"https:\/\/speyer24news.com\/?p=37158"},"modified":"2021-05-26T08:50:09","modified_gmt":"2021-05-26T07:50:09","slug":"mannheim-21","status":"publish","type":"post","link":"https:\/\/speyer24news.com\/?p=37158","title":{"rendered":"Mannheim"},"content":{"rendered":"<style type=\"text\/css\">\r\n\t.ads_top_disp{}\r\n\t.ads_top_corner_disp{ float:left; margin:0px 10px 10px 0px; }\r\n\t.ads_first_p_disp{}\r\n\t.ads_bottom_disp{}\r\n\t<\/style>\n<h2 class=\"wp-block-heading\">Mannheimer Ferienexpress \u201eSteig Ein\u201c mit Sommerferien-Angeboten \u2013 Online-Anmeldung auf der Ferienplattform Mannheim<\/h2>\n\n\n\n<div class=\"wp-block-image\"><figure class=\"aligncenter size-large\"><img decoding=\"async\" loading=\"lazy\" width=\"800\" height=\"358\" src=\"https:\/\/speyer24news.com\/wp-content\/uploads\/2021\/05\/Ferienfreizeit-Mannheim.png\" alt=\"\" class=\"wp-image-37159\" srcset=\"https:\/\/speyer24news.com\/wp-content\/uploads\/2021\/05\/Ferienfreizeit-Mannheim.png 800w, https:\/\/speyer24news.com\/wp-content\/uploads\/2021\/05\/Ferienfreizeit-Mannheim-300x134.png 300w, https:\/\/speyer24news.com\/wp-content\/uploads\/2021\/05\/Ferienfreizeit-Mannheim-768x344.png 768w\" sizes=\"(max-width: 800px) 100vw, 800px\" \/><\/figure><\/div>\n\n\n\n<p>Der Vorverkauf f\u00fcr das \u201eSteig Ein\u201c-Programm der Jugendf\u00f6rderung im Fachbereich Jugendamt und Gesundheitsamt wird dieses Jahr erstmals per Online-Buchung \u00fcber die Ferienplattform Mannheim m\u00f6glich sein. <strong>Ab Mittwoch, den 26. Mai, 20 Uhr<\/strong>, k\u00f6nnen die Ferienprogramme ganz bequem von zuhause unter <a href=\"http:\/\/www.ferienplattform-mannheim.de\">www.ferienplattform-mannheim.de<\/a> gebucht werden.<\/p>\n\n\n\n<p>Sofern es das Infektionsgeschehen zul\u00e4sst, kann das beliebte Sommerferienangebot Ferienexpress \u201eSteig Ein\u201c der Jugendf\u00f6rderung der Stadt Mannheim dieses Jahr wieder unter Ber\u00fccksichtigung der dann geltenden Hygienebedingungen stattfinden. Die Programme f\u00fcr Kinder und Jugendliche im Alter von acht bis 16 Jahren k\u00f6nnen den jeweiligen Bedingungen auch kurzfristig angepasst werden und werden mit einer verringerten Gruppengr\u00f6\u00dfe angeboten. Insgesamt 330 Teilnehmendenpl\u00e4tze stehen bei den Tages- und \u00dcbernachtungsangeboten zur Verf\u00fcgung.<\/p>\n\n\n\n<p>Das Ferienangebot findet in den ersten beiden Sommerferienwochen <strong>von Samstag, 31. Juli, bis Sonntag, 15. August 2021<\/strong>, statt.<\/p>\n\n\n\n<p>Bei 13 <strong>Tagesfreizeiten <\/strong>(jeweils buchbar von Montag bis Freitag) k\u00f6nnen die Teilnehmer*innen sich bei Sport und Spiel austoben oder die Natur erkunden. Es werden folgende Programme angeboten: \u201eWander- und Ausflugsprogramm\u201c, \u201eDer Natur auf der Spur\u201c, \u201eTischtennis in Kooperation mit dem TSV Mannheim-Neckarau\u201c, \u201eBallspiele in Kooperation mit der PSG Mannheim-Neckarau\u201c, \u201eI can Dance!\u201c, \u201eKlettern im Mannheimer Seilgarten\u201c und ein \u201eBMX- und MTB-Kurs\u201c, bei dem die Kinder und Jugendlichen auf dem Gel\u00e4nde des Mountainbike- und BMX-Vereins BMCC Mannheim ihr Talent auf die Probe stellen k\u00f6nnen. Erstmals k\u00f6nnen auch Mannheimer Kids beim \u201eParkours-Training\u201c ihre Geschicklichkeit und Beweglichkeit in Mannheim trainieren. Die Tagesprogramme finden in Mannheim und der n\u00e4heren Umgebung der Metropolregion Rhein-Neckar statt.<\/p>\n\n\n\n<p>Bei den insgesamt neun <strong>\u00dcbernachtungsfreizeiten <\/strong>werden in den Sommerferien die Zelte jeweils f\u00fcr acht Tage aufgebaut. Auch hier erwartet die Kinder und Jugendlichen ein vielf\u00e4ltiges Programm: Gezeltet wird bei den \u201ePiraten und Strandl\u00e4ufern an der Nordsee\u201c, der \u201eBodenseefreizeit\u201c, dem \u201eKlettern in der S\u00fcdpfalz\u201c, dem \u201eWindsurfen am Brombachsee\u201c, beim \u201eAbenteuer Natur\u201c, bei der \u201eKanutour auf der Altm\u00fchl\u201c sowie beim \u201eWakeboarden und Stand-up-Paddling am Brombachsee\u201c.<\/p>\n\n\n\n<p>Das komplette \u201eSteig Ein\u201c-Angebot kann als Programmheft bei der Jugendf\u00f6rderung angefordert werden sowie im Internet unter <a href=\"http:\/\/www.ferienplattform-mannheim.de\">www.ferienplattform-mannheim.de<\/a> oder <a href=\"http:\/\/www.majo.de\/steigein\">www.majo.de\/steigein<\/a> abgerufen werden.<\/p>\n\n\n\n<p>N\u00e4here Informationen: Willi Deventer, Fachbereich Jugendamt und Gesundheitsamt, Abteilung Jugendf\u00f6rderung, Telefon: 0621\/293-3663, E-Mail: <a href=\"mailto:steigein@mannheim.de\">steigein@mannheim.de<\/a>.<\/p>\n\n\n\n<p><em>Stadt Mannheim<br>26.05.2021<\/em><\/p>\n\n\n\n<h2 class=\"wp-block-heading\">Fahrbahndeckensanierung auf der L597 Abfahrt Feudenheim<\/h2>\n\n\n\n<div class=\"wp-block-image\"><figure class=\"aligncenter size-large\"><img decoding=\"async\" loading=\"lazy\" width=\"800\" height=\"565\" src=\"https:\/\/speyer24news.com\/wp-content\/uploads\/2020\/01\/Baustelle-2.jpg\" alt=\"\" class=\"wp-image-23900\" srcset=\"https:\/\/speyer24news.com\/wp-content\/uploads\/2020\/01\/Baustelle-2.jpg 800w, https:\/\/speyer24news.com\/wp-content\/uploads\/2020\/01\/Baustelle-2-300x212.jpg 300w, https:\/\/speyer24news.com\/wp-content\/uploads\/2020\/01\/Baustelle-2-768x542.jpg 768w\" sizes=\"(max-width: 800px) 100vw, 800px\" \/><\/figure><\/div>\n\n\n\n<p>Der Abfahrtsbereich der L597 Richtung Feudenheim sowie ein Teilbereich der Sudetenstra\u00dfe zwischen Siebenb\u00fcrgerstra\u00dfe und K\u00fclsheimer Stra\u00dfe wird saniert. Die Fahrbahndeckensanierung von ca. 2500m2 beginnt <strong>ab dem 25. Mai und dauert voraussichtlich drei Wochen<\/strong>.<\/p>\n\n\n\n<h4 class=\"wp-block-heading\">L597 Abfahrt Feudenheim<\/h4>\n\n\n\n<p>Die ersten beiden Bauabschnitte befinden sich im Abfahrtsbereich der L597 Richtung Feudenheim. In diesem Bereich ist die Griffigkeit des Fahrbahnbelags nicht mehr ausreichend und sorgt f\u00fcr eine erh\u00f6hte Rutsch- und Unfallgefahr. Die alte Fahrbahndecke wird ca. 4cm abgefr\u00e4st, durch eine neue Asphaltdecke ersetzt und die Fahrbahnmarkierung erneuert. W\u00e4hrend der ca. zweiw\u00f6chigen Arbeiten muss die Ausfahrt voll gesperrt werden.<\/p>\n\n\n\n<h3 class=\"wp-block-heading\">Teilbereich Sudetenstra\u00dfe<\/h3>\n\n\n\n<p>Im Anschluss wird im dritten Bauabschnitt das Teilst\u00fcck der Sudetenstra\u00dfe zwischen Siebenb\u00fcrger Stra\u00dfe und K\u00fclsheimer Stra\u00dfe erneuert. Der Stra\u00dfenabschnitt weist mehrere Besch\u00e4digungen und Risse in der Fahrbahndecke auf. Wie in den vorangegangenen Abschnitten wird die Fahrbahndecke abgefr\u00e4st, neu asphaltiert und anschlie\u00dfend eine neue Fahrbahnmarkierung aufgebracht. Die Arbeiten erfolgen ebenfalls unter Vollsperrung und dauern ca. eine Woche.<\/p>\n\n\n\n<h4 class=\"wp-block-heading\">Umleitung<\/h4>\n\n\n\n<p>W\u00e4hrend der Vollsperrungsphasen der drei Bauabschnitte sind Umleitungsempfehlungen f\u00fcr Pkw- und Lkw-Verkehre ausgeschildert. F\u00fcr den Fu\u00df- und Radverkehr bestehen w\u00e4hrend der gesamten Bauzeit keine Einschr\u00e4nkungen.<\/p>\n\n\n\n<p><em>Stadt Mannheim<br>26.05.2021<\/em><\/p>\n\n\n\n<h2 class=\"wp-block-heading\">448. Aktuelle Meldung zu Corona 25.05.2021<\/h2>\n\n\n\n<div class=\"wp-block-image\"><figure class=\"aligncenter size-large\"><img decoding=\"async\" loading=\"lazy\" width=\"800\" height=\"346\" src=\"https:\/\/speyer24news.com\/wp-content\/uploads\/2020\/02\/coronavirus-4817450_1920.jpg\" alt=\"\" class=\"wp-image-25126\" srcset=\"https:\/\/speyer24news.com\/wp-content\/uploads\/2020\/02\/coronavirus-4817450_1920.jpg 800w, https:\/\/speyer24news.com\/wp-content\/uploads\/2020\/02\/coronavirus-4817450_1920-300x130.jpg 300w, https:\/\/speyer24news.com\/wp-content\/uploads\/2020\/02\/coronavirus-4817450_1920-768x332.jpg 768w\" sizes=\"(max-width: 800px) 100vw, 800px\" \/><\/figure><\/div>\n\n\n\n<h3 class=\"wp-block-heading\">1. Aktuelle Fallzahlen \u2013 Zahl der nachgewiesenen Corona-F\u00e4lle erh\u00f6ht sich auf 16.065 \/Ein weiterer Todesfall<\/h3>\n\n\n\n<p>Dem Gesundheitsamt wurden bis heute Nachmittag, 25.05.2021, 16 Uhr, 21 weitere F\u00e4lle einer nachgewiesenen Coronavirus-Infektion gemeldet. Die Zahl der best\u00e4tigten F\u00e4lle in Mannheim erh\u00f6ht sich auf insgesamt 16.065.<\/p>\n\n\n\n<p>Das Gesundheitsamt der Stadt Mannheim best\u00e4tigt heute einen weiteren Todesfall im Zusammenhang mit dem Coronavirus in Mannheim. Ein \u00fcber 50 Jahre alter Mann ist in einem Mannheimer Krankenhaus verstorben. Insgesamt hat es in Mannheim seit Beginn der Pandemie 297 Todesf\u00e4lle im Zusammenhang mit dem Coronavirus gegeben.<\/p>\n\n\n\n<p>Das Gesundheitsamt nimmt Kontakt zu den positiv mit einem PCR-Test getesteten F\u00e4llen auf, nachdem der Laborbefund im Gesundheitsamt vorliegt. Im ersten Schritt ermittelt das Gesundheitsamt die Kontaktpersonen der nachgewiesen Infizierten, insbesondere im Bereich der sogenannten vulnerablen Gruppen. Diese werden nach Entscheidung und fachlicher Einsch\u00e4tzung durch das Gesundheitsamt auf das Virus getestet.<\/p>\n\n\n\n<p>Alle beteiligten \u00c4rzte, Gesundheitsbeh\u00f6rden sowie das Kompetenzzentrum Gesundheitsschutz am Landesgesundheitsamt arbeiten dabei eng zusammen. Die Mehrheit aller in Mannheim bislang nachgewiesenen Infizierten zeigen nur milde Krankheitsanzeichen und k\u00f6nnen in h\u00e4uslicher Quarant\u00e4ne verbleiben. Bislang gelten in Mannheim 14.817 Personen als genesen, die h\u00e4usliche Quarant\u00e4ne wurde bei ihnen aufgehoben. Damit gibt es in Mannheim 951 akute Infektionsf\u00e4lle.<\/p>\n\n\n\n<p>Das Gesundheitsamt appelliert an die B\u00fcrgerinnen und B\u00fcrger, sich auch bei geringen Krankheitszeichen wie Schnupfen, Husten oder leichtem Fieber sofort testen zu lassen.<\/p>\n\n\n\n<p>Sollte ein Selbsttest durchgef\u00fchrt worden sein, weist das Gesundheitsamt darauf hin, dass, bei einem positiven Ergebnis, die Verpflichtung besteht, unverz\u00fcglich einen PCR-Test zur Best\u00e4tigung des Ergebnisses durchf\u00fchren zu lassen. Ein PCR-Test kann nach vorheriger R\u00fccksprache in einer niedergelassenen Praxis, in einer Schwerpunktpraxis oder einem Testzentrum mit PCR-Testangebot erfolgen. Bis zum Erhalt des Ergebnisses besteht entsprechend der Vorgabe des Landes in der Corona Verordnung Absonderung die Empfehlung, sich in h\u00e4usliche Absonderung zu begeben und Kontakte bestm\u00f6glich zu vermeiden. Damit helfen Sie aktiv, eventuelle Infektionsketten mit einer Weiterverbreitung des Virus zu unterbrechen.<\/p>\n\n\n\n<p>Ist der PCR-Test ebenfalls positiv, muss man sich unverz\u00fcglich in h\u00e4usliche Absonderung begeben. In einem solchen Fall greifen die Absonderungspflichten aus der CoronaVO Absonderung.<\/p>\n\n\n\n<p>Informationen dazu unter: <a href=\"https:\/\/sozialministerium.baden-wuerttemberg.de\/de\/gesundheit-pflege\/gesundheitsschutz\/infektionsschutz-hygiene\/informationen-zu-coronavirus\/faq-selbsttest\/\">https:\/\/sozialministerium.baden-wuerttemberg.de\/de\/gesundheit-pflege\/gesundheitsschutz\/infektionsschutz-hygiene\/informationen-zu-coronavirus\/faq-selbsttest\/<\/a><br>F\u00fcr die Stadt Mannheim ist die vom Robert Koch-Institut ver\u00f6ffentlichte Inzidenzzahl entscheidend.<br>Inzidenzzahl f\u00fcr den Stadtkreis Mannheim ist unter www.mannheim.de\/inzidenzzahl einzusehen.<\/p>\n\n\n\n<h3 class=\"wp-block-heading\">2. Bilanz mobile Corona-Impfteams in der Neckarstadt-West<\/h3>\n\n\n\n<p>Von Montag, 10. Mai, bis Sonntag, 23. Mai, hat das Impfzentrum Mannheim Vor-Ort-Impfungen f\u00fcr Bewohner*innen der Neckarstadt-West durchgef\u00fchrt. Die mobilen, fachlich geschulten Impfteams konnten in diesem Zeitraum in der Neckarstadt-West insgesamt 4.338 Impfungen durchf\u00fchren. Da das mobile Impfangebot sehr gut angenommen wurde, konnte die Aktion mit Unterst\u00fctzung des Landes von zehn auf 14 Tage verl\u00e4ngert werden.<\/p>\n\n\n\n<p>Erster B\u00fcrgermeister Christian Specht: \u201eDie Quartiersimpfung in der Neckarstadt-West hat dazu gef\u00fchrt, dass die Impfquote in diesem Stadtteil jetzt auf dem Niveau der Gesamtstadt liegt. Das ist ein gro\u00dfer Erfolg. Wir m\u00fcssen alles tun, um das Impftempo hoch zu halten. Solche gezielten Aktionen helfen uns dabei. Ich danke dem Land f\u00fcr die Unterst\u00fctzung und nat\u00fcrlich allen Beteiligten f\u00fcr ihren Einsatz vor Ort\u201c.<\/p>\n\n\n\n<h3 class=\"wp-block-heading\">3. \u00d6ffnung der Freib\u00e4der<\/h3>\n\n\n\n<p>\u201eWir sind froh, dass uns nun die neue Corona-Verordnung f\u00fcr B\u00e4der und Saunen des Landes Baden-W\u00fcrttemberg vorliegt, so dass der Fachbereich Sport und Freizeit nun an die Umsetzung der Planung f\u00fcr die \u00d6ffnung der Freib\u00e4der gehen kann.\u201c freut sich Fachbereichsleiter Uwe Kaliske.<\/p>\n\n\n\n<p>Als erstes wird am 29. Mai 2021 das Carl-Benz-Bad um 10.30 Uhr \u00f6ffnen. Am 3. Juni folgen dann Parkschwimmbad Rheinau, Freibad Sandhofen und das Herzogenriedbad. F\u00fcr alle vier Freib\u00e4der gelten dieselben Regeln:<\/p>\n\n\n\n<p>Einlass wird nur mit Registrierung und Online-Ticket gew\u00e4hrt (<a href=\"http:\/\/www.schwimmen-mannheim.de\">www.schwimmen-mannheim.de<\/a>). Au\u00dferdem ist der Zugang nur mit einem Test-, Impf- oder Genesenennachweis m\u00f6glich. Im gesamten Freibadbereich inklusive des Eingangsbereichs besteht mit Ausnahme der Wasserfl\u00e4che und der Liegenwiese Maskenpflicht.<\/p>\n\n\n\n<h4 class=\"wp-block-heading\">Die \u00d6ffnungszeiten sind in drei feste Zeitabschnitte unterteilt:<\/h4>\n\n\n\n<ul><li><strong>Herzogenriedbad<\/strong><\/li><li>08.00 bis 10.30 Uhr t\u00e4glich au\u00dfer Montag<\/li><li>10.30 bis 20.00 Uhr t\u00e4glich<\/li><li>18.00 bis 20.00 Uhr t\u00e4glich<\/li><\/ul>\n\n\n\n<ul><li><strong>Carl-Benz-Bad<\/strong><\/li><li>08.00 bis 10.30 Uhr Mittwoch und Freitag<\/li><li>10.30 bis 20.00 Uhr t\u00e4glich<\/li><li>18.00 bis 20.00 Uhr t\u00e4glich<\/li><\/ul>\n\n\n\n<ul><li><strong>Parkschwimmbad Rheinau<\/strong><\/li><li>08.00 bis 10.30 Uhr Dienstag und Donnerstag<\/li><li>10.30 bis 20.00 Uhr t\u00e4glich<\/li><li>18.00 bis 20.00 Uhr t\u00e4glich<\/li><\/ul>\n\n\n\n<ul><li><strong>Freibad Sandhofen<\/strong><\/li><li>08.00 bis 10.30 Uhr Donnerstag<\/li><li>10.30 bis 20.00 Uhr t\u00e4glich<\/li><li>18.00 bis 20.00 Uhr t\u00e4glich<\/li><\/ul>\n\n\n\n<p>Hierzu gibt es angepasste Corona-Tarife mit 3,50\u20ac f\u00fcr Vollzahler und 2\u20ac f\u00fcr Beg\u00fcnstigte sowie die Fr\u00fch- und die Abendkarten. Mehrfachkarten und Saisonkarten werden ausgesetzt, der Familienpass kann genutzt werden. Da f\u00fcr den Freibadbesuch eine Dokumentationspflicht besteht und um eine \u00dcberschreitung der Grenzkapazit\u00e4ten auszuschlie\u00dfen, werden die online-Tickets , die bis zu 4 Tage im Voraus erworben werden k\u00f6nnen, pro Bad und Zeitfenster verkauft. Zahlungsm\u00f6glichkeiten sind Giropay, Paydirekt und Kreditkarte (Visa und Mastercard), auch PayPal wird in einem zweiten Schritt noch als Bezahloption angeboten werden. Es wird au\u00dferdem \u00fcber das online-Ticketing eine Geldwertkarte der Mannheimer Freib\u00e4der angeboten werden. Bei Nutzung dieser Karte erh\u00e4lt der Badegast abh\u00e4ngig von der H\u00f6he der Aufladung bis zu 20% Rabatt auf den f\u00e4lligen Eintrittspreis. Gekaufte Tickets sind vom Umtausch ausgeschlossen. Ein Ersatz erfolgt nicht.<\/p>\n\n\n\n<p>F\u00fcr Personen, die keinen Internetzugang haben, wird es am Freitag, den 28. Mai 2021 von 12 bis 18 Uhr und am Samstag, den 29. Mai von 8 bis 12 Uhr einen station\u00e4ren Ticket-Vorverkauf f\u00fcr den Besuch des Carl-Benz-Bades an der Kasse des Eissportzentrums Herzogenried geben. Ab Montag, den 31. Mai 2021 steht dieser Service Montag, Mittwoch und Freitag von 7 bis 9 Uhr zur Verf\u00fcgung. Hier k\u00f6nnen Kunden sowohl bar als auch mit EC-Karte bezahlen. Aus technischen Gr\u00fcnden ist hier der Erwerb der Geldwertkarte nicht m\u00f6glich.<br>Weitere Informationen zu den Mannheimer B\u00e4dern gibt es ab 27. Mai unter www.schwimmen-mannheim.de.<\/p>\n\n\n\n<h3 class=\"wp-block-heading\">4. ALTE FEUERWACHE \u00f6ffnet wieder<\/h3>\n\n\n\n<p>Die ALTE FEUERWACHE \u00f6ffnet wieder am 28. Mai mit einem Open Air-Konzert nach dem Lockdown. Ausf\u00fchrliche Infos zum Programm unter <a href=\"https:\/\/altefeuerwache.com\/programm\/gesamtprogramm\/\">https:\/\/altefeuerwache.com\/programm\/gesamtprogramm\/<\/a>. Dort werden auch kurzfristige \u00c4nderungen im Programm und die Zugangsbedingungen ver\u00f6ffentlicht.<\/p>\n\n\n\n<p><em>Stadt Mannheim<br>26.05.2021<\/em><\/p>\n","protected":false},"excerpt":{"rendered":"<div class=\"mh-excerpt\"><p>Mannheimer Ferienexpress \u201eSteig Ein\u201c mit Sommerferien-Angeboten \u2013 Online-Anmeldung auf der Ferienplattform Mannheim Der Vorverkauf f\u00fcr das \u201eSteig Ein\u201c-Programm der Jugendf\u00f6rderung im Fachbereich Jugendamt und Gesundheitsamt wird dieses Jahr erstmals per Online-Buchung \u00fcber die Ferienplattform Mannheim <a class=\"mh-excerpt-more\" href=\"https:\/\/speyer24news.com\/?p=37158\" title=\"Mannheim\">[&#8230;]<\/a><\/p>\n<\/div>","protected":false},"author":3,"featured_media":32833,"comment_status":"open","ping_status":"open","sticky":false,"template":"","format":"standard","meta":{"_monsterinsights_skip_tracking":false,"_monsterinsights_sitenote_active":false,"_monsterinsights_sitenote_note":"","_monsterinsights_sitenote_category":0,"footnotes":""},"categories":[6753],"tags":[8638,9841,11213,6754,7533,11796,11792,11794,11795,11800,7551,11797,56,11798,11799,264,11793],"aioseo_notices":[],"amp_enabled":true,"_links":{"self":[{"href":"https:\/\/speyer24news.com\/index.php?rest_route=\/wp\/v2\/posts\/37158"}],"collection":[{"href":"https:\/\/speyer24news.com\/index.php?rest_route=\/wp\/v2\/posts"}],"about":[{"href":"https:\/\/speyer24news.com\/index.php?rest_route=\/wp\/v2\/types\/post"}],"author":[{"embeddable":true,"href":"https:\/\/speyer24news.com\/index.php?rest_route=\/wp\/v2\/users\/3"}],"replies":[{"embeddable":true,"href":"https:\/\/speyer24news.com\/index.php?rest_route=%2Fwp%2Fv2%2Fcomments&post=37158"}],"version-history":[{"count":1,"href":"https:\/\/speyer24news.com\/index.php?rest_route=\/wp\/v2\/posts\/37158\/revisions"}],"predecessor-version":[{"id":37160,"href":"https:\/\/speyer24news.com\/index.php?rest_route=\/wp\/v2\/posts\/37158\/revisions\/37160"}],"wp:featuredmedia":[{"embeddable":true,"href":"https:\/\/speyer24news.com\/index.php?rest_route=\/wp\/v2\/media\/32833"}],"wp:attachment":[{"href":"https:\/\/speyer24news.com\/index.php?rest_route=%2Fwp%2Fv2%2Fmedia&parent=37158"}],"wp:term":[{"taxonomy":"category","embeddable":true,"href":"https:\/\/speyer24news.com\/index.php?rest_route=%2Fwp%2Fv2%2Fcategories&post=37158"},{"taxonomy":"post_tag","embeddable":true,"href":"https:\/\/speyer24news.com\/index.php?rest_route=%2Fwp%2Fv2%2Ftags&post=37158"}],"curies":[{"name":"wp","href":"https:\/\/api.w.org\/{rel}","templated":true}]}}