{"id":37206,"date":"2021-05-27T06:02:19","date_gmt":"2021-05-27T05:02:19","guid":{"rendered":"https:\/\/speyer24news.com\/?p=37206"},"modified":"2021-05-27T06:02:20","modified_gmt":"2021-05-27T05:02:20","slug":"corona-virus-10","status":"publish","type":"post","link":"https:\/\/speyer24news.com\/?p=37206","title":{"rendered":"Corona-Virus"},"content":{"rendered":"<style type=\"text\/css\">\r\n\t.ads_top_disp{}\r\n\t.ads_top_corner_disp{ float:left; margin:0px 10px 10px 0px; }\r\n\t.ads_first_p_disp{}\r\n\t.ads_bottom_disp{}\r\n\t<\/style>\n<h2 class=\"wp-block-heading\"><strong>\u00d6ffnungsschritte auf Landesebene ab Freitag m\u00f6glich \u2013 Allgemeinverf\u00fcgung der Stadt Speyer wird nicht verl\u00e4ngert<\/strong><\/h2>\n\n\n\n<div class=\"wp-block-image\"><figure class=\"aligncenter size-large\"><img decoding=\"async\" loading=\"lazy\" width=\"802\" height=\"495\" src=\"https:\/\/speyer24news.com\/wp-content\/uploads\/2021\/05\/open-576215_1280.png\" alt=\"\" class=\"wp-image-37208\" srcset=\"https:\/\/speyer24news.com\/wp-content\/uploads\/2021\/05\/open-576215_1280.png 802w, https:\/\/speyer24news.com\/wp-content\/uploads\/2021\/05\/open-576215_1280-300x185.png 300w, https:\/\/speyer24news.com\/wp-content\/uploads\/2021\/05\/open-576215_1280-768x474.png 768w\" sizes=\"(max-width: 802px) 100vw, 802px\" \/><\/figure><\/div>\n\n\n\n<p>Ab Freitag, 28. Mai 2021, tritt in Speyer die Bundesnotbremse au\u00dfer Kraft. Da die 7-Tage-Inzidenz laut den Meldungen des Robert-Koch-Instituts (RKI) am Mittwoch den f\u00fcnften Werktag in Folge unter dem Wert 100 lag, gelten ab Freitag die Regelungen des Landes Rheinland-Pfalz. So sind auf Grundlage der 21. Corona-Bek\u00e4mpfungsverordnung (CoBeLVO) vom 19. Mai 2021 \u00d6ffnungsschritte in diversen Bereichen des privaten und \u00f6ffentlichen Lebens m\u00f6glich.<\/p>\n\n\n\n<p>\u201eWir freuen uns sehr, dass nun auch in Speyer die Infektionszahlen sinken und sich der positive Effekt der Schutzma\u00dfnahmen eingestellt hat. Speyer hat sich von Pandemiebeginn an durch eine stringente Kontaktnachverfolgung und seit diesem durch eine breitgef\u00e4cherte Schnellteststrategie ausgezeichnet. Beides erzielt eine fr\u00fche Unterbrechung der Infektionsketten und d\u00e4mmt somit das Infektionsgeschehen ein. Dass die Inzidenz seit dem Pfingstwochenende konstant unter der 50er Marke liegt, zeigt, dass wir mit einem guten Gef\u00fchl in den Sommer starten und die B\u00fcrgerinnen und B\u00fcrger f\u00fcr ihre Anstrengungen belohnt werden k\u00f6nnen\u201c, so Oberb\u00fcrgermeisterin Stefanie Seiler.<\/p>\n\n\n\n<p>\u201eDaher wird die Stadt die aktuelle Allgemeinverf\u00fcgung zum 31. Mai auslaufen lassen, sodass ab kommendem Montag in der Innenstadt und am Berliner Platz keine Maskenpflicht mehr vorgesehen ist. Diese \u00c4nderung soll aber nicht von dem weiterhin f\u00fcr jede und jeden geltenden Verantwortungsbewusstsein entbinden. Wir m\u00fcssen weiterhin achtsam bleiben, um die gewonnenen Freiheiten nicht wieder aufgeben zu m\u00fcssen\u201c, unterstreicht die Stadtchefin.<\/p>\n\n\n\n<p>Ab dem 28. Mai wird die&nbsp;<strong>Ausgangsbeschr\u00e4nkung<\/strong>&nbsp;von 22 bis 5 Uhr aufgehoben und die allgemeinen&nbsp;<strong>Kontaktbeschr\u00e4nkungen<\/strong>&nbsp;gelockert. So d\u00fcrfen sich im \u00f6ffentlichen Raum zwei Haushalte treffen, maximal aber f\u00fcnf Personen, wobei Kinder bis einschlie\u00dflich 14 Jahren sowie Geimpfte und Genesene mit entsprechendem Nachweis nicht mitz\u00e4hlen.<\/p>\n\n\n\n<p><strong>Der gesamte Einzelhandel kann unter den gleichen Bedingungen wie bislang in Gesch\u00e4ften des t\u00e4glichen Bedarfs<\/strong>&nbsp;\u00f6ffnen. Neben Maskenpflicht und Abstandsgebot darf sich in Einrichtungen mit einer Verkaufsfl\u00e4che von bis zu 800 qm h\u00f6chstens eine Person pro 10 qm aufhalten, bei einer Verkaufsfl\u00e4che ab 800 qm gilt die Regelung von einer Person pro 20 qm.<\/p>\n\n\n\n<p>Die&nbsp;<strong>Au\u00dfengastronomie<\/strong>&nbsp;darf unter folgenden Auflagen \u00f6ffnen: Die Bewirtung darf ausschlie\u00dflich an Tischen mit festem Sitzplatz und mit Vorausbuchungs- und Maskenpflicht bis zum Platz sowie unter Kontakterfassung erfolgen. Eine Bewirtung an der Theke und Selbstbedienung sind nicht zul\u00e4ssig. Geimpfte und Genesene sind von der Testpflicht befreit.<\/p>\n\n\n\n<p>Auch f\u00fcr&nbsp;<strong>Hotels<\/strong>, Pensionen, Gasth\u00f6fe, G\u00e4steh\u00e4user, Ferienh\u00e4user, Ferienwohnungen, Privatquartiere, Jugendherbergen und \u00e4hnliche Einrichtungen ebenso wie Camping- und Wohnmobilstellpl\u00e4tze mit eigenen sanit\u00e4ren Anlagen greift der \u00d6ffnungsschritt unter bestimmten Auflagen. So gilt f\u00fcr G\u00e4ste in Hotels und \u00e4hnlichen Einrichtungen kontaktarmer Urlaub (beispielsweise Fr\u00fchst\u00fcck auf dem Zimmer) sowie die Testpflicht bei Anreise und danach alle 48 Stunden f\u00fcr Personen, die weder geimpft noch von einer Corona-Erkrankung genesen sind. Alle Regelungen zum Thema Beherbergung sind auf der Homepage des Landes Rheinland-Pfalz zu finden:&nbsp;<a href=\"https:\/\/deref-web.de\/mail\/client\/jMK7iTYNZhw\/dereferrer\/?redirectUrl=https%3A%2F%2Fwww.landau.de%2Fredirect.phtml%3Fextlink%3D1%26La%3D1%26url_fid%3D2644.1548.1\" target=\"_blank\" rel=\"noreferrer noopener\">www.corona.rlp.de\/de\/service\/rechtsgrundlagen<\/a>.<\/p>\n\n\n\n<p>K\u00f6rpernahe Dienstleistungen sind sowohl im medizinischen als auch kosmetischen Bereich zul\u00e4ssig. Kann wegen der Art&nbsp;einer&nbsp;k\u00f6rpernahen&nbsp;Dienstleistung&nbsp;im Bereich Kosmetik&nbsp;(wie&nbsp;z.B.&nbsp;bei einer Bartrasur oder einer bestimmten kosmetischen Anwendung)&nbsp;eine Maske nicht getragen werden, gilt die Testpflicht.<\/p>\n\n\n\n<h3 class=\"wp-block-heading\"><strong>\u00d6ffnungsschritte in den Bereichen Kultur und Sport<\/strong><\/h3>\n\n\n\n<div class=\"wp-block-image\"><figure class=\"aligncenter size-large\"><img decoding=\"async\" loading=\"lazy\" width=\"500\" height=\"824\" src=\"https:\/\/speyer24news.com\/wp-content\/uploads\/2021\/05\/silhouette-3063375_1280.png\" alt=\"\" class=\"wp-image-37207\" srcset=\"https:\/\/speyer24news.com\/wp-content\/uploads\/2021\/05\/silhouette-3063375_1280.png 500w, https:\/\/speyer24news.com\/wp-content\/uploads\/2021\/05\/silhouette-3063375_1280-182x300.png 182w\" sizes=\"(max-width: 500px) 100vw, 500px\" \/><\/figure><\/div>\n\n\n\n<p>\u201eAuch die Bereiche Kultur und Sport werden endlich ein gutes St\u00fcck entlastet\u201c, freut sich B\u00fcrgermeisterin und Kultur- und Sportdezernentin Monika Kabs. \u201eDie Kulturbranche war von einem sehr langen, teilweise existenzbedrohenden Stillstand und die Kulturschaffendem von einem immensen Druck belastet. Ich hoffe sehr, dass der Sommer eine Verschnaufpause f\u00fcr unsere K\u00fcnstlerinnen und K\u00fcnstler und bereith\u00e4lt und unser Kulturb\u00fcro wie gewohnt au\u00dfergew\u00f6hnliche Momente schaffen darf.\u201c<\/p>\n\n\n\n<p>Der Probenbetrieb der Breiten- und Laienkultur ist im Freien in einer Gruppe von maximal f\u00fcnf Personen aus verschiedenen Haushalten zul\u00e4ssig.<\/p>\n\n\n\n<p><strong>Kulturveranstaltungen<\/strong>&nbsp;sind im Freien mit bis zu 100 Zuschauer*innen m\u00f6glich. Es gilt neben den Abstands-, Hygiene- und Kontakterfassungsregeln die Pflicht zur Vergabe von festen Sitzpl\u00e4tzen. Zuschauer*innen m\u00fcssen getestet, vollst\u00e4ndig geimpft oder genesen sein. &nbsp;<\/p>\n\n\n\n<p>In Speyer \u00f6ffnet der Kulturhof Flachsgasse ab Freitag, 28. Mai 2021 seine T\u00fcren f\u00fcr die Ausstellungen \u201eRupert Eder, Jo Sch\u00f6pfer und Ivo Ringe: Trio\u201c in der St\u00e4dtischen Galerie, die nach mehrmaliger Verl\u00e4ngerung nur noch bis 30. Mai zu sehen ist, und \u201eFranziska Rutishauser: Close Strangeness\u201c in den R\u00e4umen des Kunstvereins. Es gilt eine Vorausbuchungspflicht. Diese kann telefonisch montags bis mittwochs von 8 bis 13 Uhr sowie w\u00e4hrend der \u00d6ffnungszeiten unter 06232\/14-2399 erfolgen.<\/p>\n\n\n\n<p>Das Purrmann-Haus zeigt ab Donnerstag, 3. Juni 2021 die gr\u00f6\u00dfte \u00f6ffentliche Sammlung an Werken des bedeutenden K\u00fcnstlerpaares der Klassischen Moderne Hans Purrmann (1880-1966) und Mathilde Vollmoeller-Purrmann (1876-1943).<\/p>\n\n\n\n<p>Das Museum \u00f6ffnet unter begrenzten \u00d6ffnungszeiten: freitags von 15 bis 17 Uhr, samstags von 11 bis 16 Uhr, sonntags und an Feiertagen von 11 bis 13 Uhr. Termine k\u00f6nnen montags bis donnerstags von 8 bis 13 Uhr sowie w\u00e4hrend der \u00d6ffnungszeiten unter 06232\/14-2020 vereinbart werden.<\/p>\n\n\n\n<p>Laut Regelungen des Landes Rheinland-Pfalz kann Gruppensport au\u00dfen mit maximal f\u00fcnf Personen auch unter Anleitung eine*r Trainer*in aus f\u00fcnf Haushalten mit Abstand betrieben werden. Innen ist das Training mit Abstand und maximal einer Person auf 40 qm und Testpflicht erlaubt. Im Innenbereich m\u00fcssen die Sportlerinnen und Sportler getestet, geimpft oder genesen sein.&nbsp;&nbsp;&nbsp;&nbsp;&nbsp; &nbsp;&nbsp;&nbsp;<br>Bis zu 20 Kinder bis einschlie\u00dflich 14 Jahren d\u00fcrfen drau\u00dfen unter Anleitung eine*r Trainer*in gemeinsam Sport treiben. Im Innenbereich gelten die gleichen Regeln wie f\u00fcr Erwachsene.<\/p>\n\n\n\n<p>Die \u00d6ffnung von Fitnessstudios, Tanzschulen und \u00e4hnlichen Einrichtungen ist mit der Pflicht zur Testung und Kontaktnacherfassung m\u00f6glich, sofern sich eine Person auf 40 qm Trainingsfl\u00e4che aufh\u00e4lt.<\/p>\n\n\n\n<p>Die Sportst\u00e4tten in Speyer d\u00fcrfen ab Freitag, 28. Mai 2021 gem\u00e4\u00df den erteilten Genehmigungen f\u00fcr das Sommerhalbjahr 2021 wieder unter Beachtung der Vorgaben genutzt werden, sofern eine Nutzung der \u00f6ffentlichen Sportst\u00e4tten \u00fcber die Pfingstferienzeit beantragt wurde. Ist dies nicht der Fall, steht die jeweilige \u00f6ffentliche Sportst\u00e4tte nach den Pfingstferien, also ab Freitag, 4. Juni 2021 den Vereinen wieder zur Verf\u00fcgung.<\/p>\n\n\n\n<p>Im Profi- und Spitzensport sind bis zu 100 Zuschauer*innen mit Maske, unter Einhaltung der Abstandsregelungen sowie einem festen Sitzplatz gestattet.<\/p>\n\n\n\n<p>Die 7-Tage-Inzidenz liegt laut RKI aktuell bei 37,6 und somit den zweiten Werktag in Folge unter 50.\u00a0Bleibt die Inzidenz an f\u00fcnf Werktagen unter dem Wert 50 \u00f6ffnet die Gastronomie am \u00fcbern\u00e4chsten Tag auch im Innenbereich und es sind Kulturveranstaltungen nicht nur im Freien gestattet. Laut Perspektivplan des Landes Rheinland-Pfalz sind ab dem 2. Juni 2021 weitere \u00d6ffnungsschritte vorgesehen.<\/p>\n\n\n\n<p><em>Stadtverwaltung Speyer<br>27.05.2021<\/em><\/p>\n\n\n\n<h2 class=\"wp-block-heading\"><strong>Tagesaktuelle Fallzahlen f\u00fcr die Stadt Speyer (Mittwoch, 26.05.2021)<\/strong><\/h2>\n\n\n\n<h3 class=\"wp-block-heading\">Warnstufe Gelb erreicht, Bundesnotbremse tritt am Freitag (28.05.21) au\u00dfer Kraft<\/h3>\n\n\n\n<div class=\"wp-block-image\"><figure class=\"aligncenter size-large\"><img decoding=\"async\" loading=\"lazy\" width=\"800\" height=\"400\" src=\"https:\/\/speyer24news.com\/wp-content\/uploads\/2020\/02\/virus-1812092_1920.jpg\" alt=\"\" class=\"wp-image-25128\" srcset=\"https:\/\/speyer24news.com\/wp-content\/uploads\/2020\/02\/virus-1812092_1920.jpg 800w, https:\/\/speyer24news.com\/wp-content\/uploads\/2020\/02\/virus-1812092_1920-300x150.jpg 300w, https:\/\/speyer24news.com\/wp-content\/uploads\/2020\/02\/virus-1812092_1920-768x384.jpg 768w\" sizes=\"(max-width: 800px) 100vw, 800px\" \/><\/figure><\/div>\n\n\n\n<p>Anzahl best\u00e4tigter F\u00e4lle von Coronavirus (SARS-CoV-2)-Infektionen in der Stadt Speyer:\u00a02790 ( + 1 )<br>Davon bereits genesen:\u00a02615<br>Todesf\u00e4lle: 83 ( unver\u00e4ndert ) <br>Gemeldete F\u00e4lle der letzten sieben Tage pro 100.000 Einwohner*innen (Inzidenz gem\u00e4\u00df LUA): 31,6 ( &#8211; 6 )<br><strong>Warnstufe: Gelb<\/strong><\/p>\n\n\n\n<p><em>Landesuntersuchungsamt (LUA) Rheinland-Pfalz<br>27.05.2021<\/em><\/p>\n\n\n\n<h2 class=\"wp-block-heading\"><strong>Entwicklung des Inzidenzwerts in den letzten sieben Tagen in Speyer<\/strong><\/h2>\n\n\n\n<h3 class=\"wp-block-heading\">Tag 2 mit einer Inzidenz unter 50&#8230; noch 3 weitere und weitere Lockerungen werden in Kraft gesetzt<\/h3>\n\n\n\n<figure class=\"wp-block-table\"><table><tbody><tr><td>Mittwoch, 26. Mai 2021<\/td><td>37,6<\/td><\/tr><tr><td>Dienstag, 25. Mai 2021<\/td><td>37,6<\/td><\/tr><tr><td>Montag, 24. Mai 2021<\/td><td>35,6<\/td><\/tr><tr><td>Sonntag, 23. Mai 2021<\/td><td>45,5<\/td><\/tr><tr><td>Samstag, 22. Mai 2021<\/td><td>77,1<\/td><\/tr><tr><td>Freitag, 21. Mai 2021<\/td><td>87,0<\/td><\/tr><tr><td>Donnerstag, 20. Mai 2021<\/td><td>94,9<\/td><\/tr><\/tbody><\/table><\/figure>\n\n\n\n<p><em>Robert-Koch-Institut (RKI)<br>27.05.2021<\/em><\/p>\n","protected":false},"excerpt":{"rendered":"<div class=\"mh-excerpt\"><p>\u00d6ffnungsschritte auf Landesebene ab Freitag m\u00f6glich \u2013 Allgemeinverf\u00fcgung der Stadt Speyer wird nicht verl\u00e4ngert Ab Freitag, 28. Mai 2021, tritt in Speyer die Bundesnotbremse au\u00dfer Kraft. Da die 7-Tage-Inzidenz laut den Meldungen des Robert-Koch-Instituts (RKI) <a class=\"mh-excerpt-more\" href=\"https:\/\/speyer24news.com\/?p=37206\" title=\"Corona-Virus\">[&#8230;]<\/a><\/p>\n<\/div>","protected":false},"author":3,"featured_media":25126,"comment_status":"open","ping_status":"open","sticky":false,"template":"","format":"standard","meta":{"_monsterinsights_skip_tracking":false,"_monsterinsights_sitenote_active":false,"_monsterinsights_sitenote_note":"","_monsterinsights_sitenote_category":0,"footnotes":""},"categories":[11613],"tags":[11674,11827,6401,8404,6367,6940,8725,6359,6370,5904,6358,7003,5801,6342,11269,11270,6],"aioseo_notices":[],"amp_enabled":true,"_links":{"self":[{"href":"https:\/\/speyer24news.com\/index.php?rest_route=\/wp\/v2\/posts\/37206"}],"collection":[{"href":"https:\/\/speyer24news.com\/index.php?rest_route=\/wp\/v2\/posts"}],"about":[{"href":"https:\/\/speyer24news.com\/index.php?rest_route=\/wp\/v2\/types\/post"}],"author":[{"embeddable":true,"href":"https:\/\/speyer24news.com\/index.php?rest_route=\/wp\/v2\/users\/3"}],"replies":[{"embeddable":true,"href":"https:\/\/speyer24news.com\/index.php?rest_route=%2Fwp%2Fv2%2Fcomments&post=37206"}],"version-history":[{"count":1,"href":"https:\/\/speyer24news.com\/index.php?rest_route=\/wp\/v2\/posts\/37206\/revisions"}],"predecessor-version":[{"id":37209,"href":"https:\/\/speyer24news.com\/index.php?rest_route=\/wp\/v2\/posts\/37206\/revisions\/37209"}],"wp:featuredmedia":[{"embeddable":true,"href":"https:\/\/speyer24news.com\/index.php?rest_route=\/wp\/v2\/media\/25126"}],"wp:attachment":[{"href":"https:\/\/speyer24news.com\/index.php?rest_route=%2Fwp%2Fv2%2Fmedia&parent=37206"}],"wp:term":[{"taxonomy":"category","embeddable":true,"href":"https:\/\/speyer24news.com\/index.php?rest_route=%2Fwp%2Fv2%2Fcategories&post=37206"},{"taxonomy":"post_tag","embeddable":true,"href":"https:\/\/speyer24news.com\/index.php?rest_route=%2Fwp%2Fv2%2Ftags&post=37206"}],"curies":[{"name":"wp","href":"https:\/\/api.w.org\/{rel}","templated":true}]}}