{"id":37276,"date":"2021-05-29T09:01:01","date_gmt":"2021-05-29T08:01:01","guid":{"rendered":"https:\/\/speyer24news.com\/?p=37276"},"modified":"2021-05-29T09:01:03","modified_gmt":"2021-05-29T08:01:03","slug":"kultur-32","status":"publish","type":"post","link":"https:\/\/speyer24news.com\/?p=37276","title":{"rendered":"Kultur"},"content":{"rendered":"<style type=\"text\/css\">\r\n\t.ads_top_disp{}\r\n\t.ads_top_corner_disp{ float:left; margin:0px 10px 10px 0px; }\r\n\t.ads_first_p_disp{}\r\n\t.ads_bottom_disp{}\r\n\t<\/style>\n<h1 class=\"has-text-align-center wp-block-heading\">Historisches Museum der Pfalz, Speyer<\/h1>\n\n\n\n<div class=\"wp-block-image\"><figure class=\"aligncenter size-large\"><img decoding=\"async\" loading=\"lazy\" width=\"678\" height=\"213\" src=\"https:\/\/speyer24news.com\/wp-content\/uploads\/2020\/12\/Historisches-Museum-Speyer-Logo-678x213.png\" alt=\"\" class=\"wp-image-31878\" srcset=\"https:\/\/speyer24news.com\/wp-content\/uploads\/2020\/12\/Historisches-Museum-Speyer-Logo-678x213.png 678w, https:\/\/speyer24news.com\/wp-content\/uploads\/2020\/12\/Historisches-Museum-Speyer-Logo-678x213-300x94.png 300w\" sizes=\"(max-width: 678px) 100vw, 678px\" \/><\/figure><\/div>\n\n\n\n<h2 class=\"wp-block-heading\"><strong>Historisches Museum der Pfalz endlich wieder ge\u00f6ffnet<\/strong><\/h2>\n\n\n\n<h3 class=\"wp-block-heading\"><strong>Endspurt und Ausstellungsneustart am 28. Mai in Speyer<\/strong><\/h3>\n\n\n\n<div class=\"wp-block-image\"><figure class=\"aligncenter size-large\"><img decoding=\"async\" loading=\"lazy\" width=\"800\" height=\"600\" src=\"https:\/\/speyer24news.com\/wp-content\/uploads\/2020\/12\/Historisches-Museum-vom-Dom.jpg\" alt=\"\" class=\"wp-image-31877\" srcset=\"https:\/\/speyer24news.com\/wp-content\/uploads\/2020\/12\/Historisches-Museum-vom-Dom.jpg 800w, https:\/\/speyer24news.com\/wp-content\/uploads\/2020\/12\/Historisches-Museum-vom-Dom-300x225.jpg 300w, https:\/\/speyer24news.com\/wp-content\/uploads\/2020\/12\/Historisches-Museum-vom-Dom-768x576.jpg 768w, https:\/\/speyer24news.com\/wp-content\/uploads\/2020\/12\/Historisches-Museum-vom-Dom-678x509.jpg 678w, https:\/\/speyer24news.com\/wp-content\/uploads\/2020\/12\/Historisches-Museum-vom-Dom-326x245.jpg 326w, https:\/\/speyer24news.com\/wp-content\/uploads\/2020\/12\/Historisches-Museum-vom-Dom-80x60.jpg 80w\" sizes=\"(max-width: 800px) 100vw, 800px\" \/><\/figure><\/div>\n\n\n\n<p>Seit Freitag 10 Uhr ist das Historische Museum der Pfalz in Speyer wieder ge\u00f6ffnet! F\u00fcr den Besuch der kulturgeschichtlichen Ausstellung \u201eMedicus \u2013 Die Macht des Wissens\u201c bleiben nur noch wenige Tage: am 13. Juni endet die Schau. Aufgrund der rheinland-pf\u00e4lzischen und baden-w\u00fcrttembergischen Pfingstferien bietet das Museum am Montag, dem 31. Mai noch eine Sonder\u00f6ffnung von 10 bis 18 Uhr an.\u201eSeit mit dem Absinken der Inzidenz die Wiederer\u00f6ffnung n\u00e4her r\u00fcckt, stehen bei uns die Telefone nicht mehr still. Das Interesse am \u201aMedicus\u2018 ist ungebrochen. Wir sind gl\u00fccklich, nach dieser langen Durststrecke den Besuchern endlich wieder ein kulturelles Angebot machen zu k\u00f6nnen und dar\u00fcber, dass das Historische Museum der Pfalz nun wieder mit Leben erf\u00fcllt wird\u201c, so Direktor Alexander Schubert.<\/p>\n\n\n\n<p>Bezugnehmend auf die mitrei\u00dfende Erz\u00e4hlung \u201eDer Medicus\u201c von Noah Gordon erwartet die Besucherinnen und Besucher eine kulturhistorische Ausstellung zur Geschichte der Medizin. Mehr als 500 faszinierende Objekte und spannende Fundkomplexe schildern den Wandel in der Medizin ausgehend von den antiken Kulturen \u00fcber das Mittelalter bis hin zur Fr\u00fchen Neuzeit und der Gegenwart vor dem Hintergrund der Verbreitung des Coronavirus \u00fcber die ganze Welt.<\/p>\n\n\n\n<div class=\"wp-block-image\"><figure class=\"aligncenter size-large\"><img decoding=\"async\" loading=\"lazy\" width=\"800\" height=\"528\" src=\"https:\/\/speyer24news.com\/wp-content\/uploads\/2019\/11\/MedicusTisch.jpg\" alt=\"\" class=\"wp-image-21877\" srcset=\"https:\/\/speyer24news.com\/wp-content\/uploads\/2019\/11\/MedicusTisch.jpg 800w, https:\/\/speyer24news.com\/wp-content\/uploads\/2019\/11\/MedicusTisch-300x198.jpg 300w, https:\/\/speyer24news.com\/wp-content\/uploads\/2019\/11\/MedicusTisch-768x507.jpg 768w\" sizes=\"(max-width: 800px) 100vw, 800px\" \/><\/figure><\/div>\n\n\n\n<p>Damit die Medicus-Ausstellung m\u00f6glichst kontaktlos besucht werden kann, sind der Audioguide und die Medienanwendungen \u00fcber WLAN mit dem eigenen Smartphone und dem eigenen mitgebrachten Kopfh\u00f6rer abrufbar.<\/p>\n\n\n\n<p>Die von Bezirksverband Pfalz und der Landeszentrale f\u00fcr politische Bildung Rheinland-Pfalz durchgef\u00fchrte Ausstellung \u201eGurs 1940. Die Deportation und Ermordung der J\u00fcdinnen und Juden aus dem S\u00fcdwestdeutschland\u201c wird bis zum 30. Juni im Historischen Museum der Pfalz zu Gast sein.<br>Die Ausstellung \u201eRendezvous. Frankreichs Milit\u00e4r in der Pfalz 1945 \u2013 1999\u201c soll im Juni er\u00f6ffnet werden und auf rund 230 Quadratmetern Fotodokumente und Exponate der Erinnerungskultur aus privaten und \u00f6ffentlichen Sammlungen in Deutschland und Frankreich zeigen.<\/p>\n\n\n\n<div class=\"wp-block-image\"><figure class=\"aligncenter size-large\"><img decoding=\"async\" loading=\"lazy\" width=\"800\" height=\"533\" src=\"https:\/\/speyer24news.com\/wp-content\/uploads\/2020\/09\/Gr\u00fcffelo-mit-Maske.jpg\" alt=\"\" class=\"wp-image-30106\" srcset=\"https:\/\/speyer24news.com\/wp-content\/uploads\/2020\/09\/Gr\u00fcffelo-mit-Maske.jpg 800w, https:\/\/speyer24news.com\/wp-content\/uploads\/2020\/09\/Gr\u00fcffelo-mit-Maske-300x200.jpg 300w, https:\/\/speyer24news.com\/wp-content\/uploads\/2020\/09\/Gr\u00fcffelo-mit-Maske-768x512.jpg 768w\" sizes=\"(max-width: 800px) 100vw, 800px\" \/><\/figure><\/div>\n\n\n\n<p>Die mehrfach verl\u00e4ngerte Familien-Ausstellung \u201eDer Gr\u00fcffelo\u201c kann pandemiebedingt nicht nochmals er\u00f6ffnet werden.\u00a0<\/p>\n\n\n\n<p>Aufgrund der besonderen Situation und den gesetzlichen Vorgaben ist nur eine begrenzte Personenanzahl in den Ausstellungen erlaubt. Entsprechend den Regelungen der Corona-Bek\u00e4mpfungsverordnung des Landes Rheinland-Pfalz m\u00fcssen Besucherinnen und Besucher ihren Besuch vorausbuchen. Dies ist montags bis freitags zwischen 10 und 16 Uhr telefonisch unter der Nummer 06232 620222 m\u00f6glich. Am Museum werden zus\u00e4tzlich dienstags bis sonntags zwischen 10 Uhr und 17 Uhr Vorausbuchungen am Vorausbuchungsfenster neben dem Haupteingang entgegengenommen. <\/p>\n\n\n\n<p>Im Falle freier Pl\u00e4tze kann das Museum unmittelbar nach der Vorausbuchung betreten werden.\u00a0Eintrittskarten f\u00fcr den Ausstellungsbesuch gibt es nach der Vorausbuchung an der Museumskasse oder im Online-Shop unter\u00a0<a rel=\"noreferrer noopener\" href=\"https:\/\/deref-web.de\/mail\/client\/vcIvjOUlHac\/dereferrer\/?redirectUrl=http%3A%2F%2Fwww.tickets.museum.speyer.de\" target=\"_blank\">www.tickets.museum.speyer.de<\/a>.\u00a0<\/p>\n\n\n\n<p>Im Museum gelten zudem die gleichen Hygiene- und Sicherheitsauflagen wie in vergleichbaren \u00f6ffentlichen Einrichtungen: Innerhalb des Geb\u00e4udes ist das Tragen einer FFP2- oder medizinischen OP-Maske Pflicht. Zudem gilt die Abstandsregel von 1,5 Metern. F\u00fchrungen und Begleitveranstaltungen zu den Ausstellungen wie Vortr\u00e4ge oder Lesungen sind weiterhin nicht m\u00f6glich.\u00a0Weitere Informationen unter\u00a0<a rel=\"noreferrer noopener\" href=\"https:\/\/deref-web.de\/mail\/client\/O8hjddZLn4E\/dereferrer\/?redirectUrl=http%3A%2F%2Fwww.museum.speyer.de\" target=\"_blank\">www.museum.speyer.de<\/a><\/p>\n\n\n\n<p><em>Historisches Museum der Pfalz Speyer<br>29.05.2021<\/em><\/p>\n\n\n\n<h1 class=\"has-text-align-center wp-block-heading\">Technik Museum Speyer \/ Sinsheim<\/h1>\n\n\n\n<div class=\"wp-block-image\"><figure class=\"aligncenter size-large\"><img decoding=\"async\" loading=\"lazy\" width=\"600\" height=\"194\" src=\"https:\/\/speyer24news.com\/wp-content\/uploads\/2021\/03\/Technik-Museum-40-Jahre-Logo.png\" alt=\"\" class=\"wp-image-33809\" srcset=\"https:\/\/speyer24news.com\/wp-content\/uploads\/2021\/03\/Technik-Museum-40-Jahre-Logo.png 600w, https:\/\/speyer24news.com\/wp-content\/uploads\/2021\/03\/Technik-Museum-40-Jahre-Logo-300x97.png 300w\" sizes=\"(max-width: 600px) 100vw, 600px\" \/><\/figure><\/div>\n\n\n\n<h2 class=\"wp-block-heading\"><strong>10 Jahre Seenotkreuzer in Speyer: Aktionstage zum Jubil\u00e4um<\/strong><\/h2>\n\n\n\n<h3 class=\"wp-block-heading\">Ehemalige Crew erweckt alten Arbeitsplatz wieder zum Leben<\/h3>\n\n\n\n<div class=\"wp-block-image\"><figure class=\"aligncenter size-large\"><img decoding=\"async\" loading=\"lazy\" width=\"800\" height=\"534\" src=\"https:\/\/speyer24news.com\/wp-content\/uploads\/2021\/05\/technik-museum-speyer_seenotkreuzer-john-t-essberger-Gross.jpg\" alt=\"\" class=\"wp-image-37277\" srcset=\"https:\/\/speyer24news.com\/wp-content\/uploads\/2021\/05\/technik-museum-speyer_seenotkreuzer-john-t-essberger-Gross.jpg 800w, https:\/\/speyer24news.com\/wp-content\/uploads\/2021\/05\/technik-museum-speyer_seenotkreuzer-john-t-essberger-Gross-300x200.jpg 300w, https:\/\/speyer24news.com\/wp-content\/uploads\/2021\/05\/technik-museum-speyer_seenotkreuzer-john-t-essberger-Gross-768x513.jpg 768w\" sizes=\"(max-width: 800px) 100vw, 800px\" \/><\/figure><\/div>\n\n\n\n<p><strong>Speyer &#8211; <\/strong>Was zwischen dem Technik Museum Speyer und der Deutschen Gesellschaft zur Rettung Schiffbr\u00fcchiger (DGzRS) als Kooperation begann, wurde schnell zur Freundschaft. Ende Mai j\u00e4hrt sich die Ankunft des Seenotkreuzers John T. Essberger in Speyer bereits zum zehnten Mal. Die ehemalige Crew ist l\u00e4ngst Teil der \u201eMuseumsfamilie\u201c und reist oft und gerne in die Domstadt, um ihren alten Arbeitsplatz wieder zum Leben zu erwecken.<\/p>\n\n\n\n<p>Die M\u00e4nner aus dem Norden haben nach wie vor eine besondere Bindung zu ihrem Schiff und lassen es sich nicht nehmen, regelm\u00e4\u00dfig danach zu schauen. F\u00fcr Museumsbesucher bietet sich bei der Visite der Seem\u00e4nner die Gelegenheit, den prachtvollen Seenotkreuzer in Aktion zu erleben und bei speziellen F\u00fchrungen auch mal in die Bereiche zu gelangen, die sonst nicht zug\u00e4nglich sind. Die DGzRS-Crew ist\u00a0an den Wochenenden 28. &amp; 29. August, 04. &amp; 05. September und 16. &amp; 17. Oktober 2021 wieder in Speyer. Die exklusiven F\u00fchrungen finden samstags st\u00fcndlich zwischen 11 Uhr und 16 Uhr statt. Sonntags um 11 Uhr und 12 Uhr. Die Rundg\u00e4nge sind im regul\u00e4ren Eintrittspreis des Technik Museum Speyer enthalten und richten sich nach den aktuellen Corona-Ma\u00dfnahmen. Alle Informationen zum Museumsbesuch gibt es unter <a href=\"http:\/\/www.technik-museum.de\">technik-museum.de<\/a>.<\/p>\n\n\n\n<div class=\"wp-block-image\"><figure class=\"aligncenter size-large\"><img decoding=\"async\" loading=\"lazy\" width=\"800\" height=\"533\" src=\"https:\/\/speyer24news.com\/wp-content\/uploads\/2021\/05\/Fuehrung-im-Maschinenraum-John-T_-Essberger.jpg\" alt=\"\" class=\"wp-image-37278\" srcset=\"https:\/\/speyer24news.com\/wp-content\/uploads\/2021\/05\/Fuehrung-im-Maschinenraum-John-T_-Essberger.jpg 800w, https:\/\/speyer24news.com\/wp-content\/uploads\/2021\/05\/Fuehrung-im-Maschinenraum-John-T_-Essberger-300x200.jpg 300w, https:\/\/speyer24news.com\/wp-content\/uploads\/2021\/05\/Fuehrung-im-Maschinenraum-John-T_-Essberger-768x512.jpg 768w\" sizes=\"(max-width: 800px) 100vw, 800px\" \/><\/figure><\/div>\n\n\n\n<p>Wie alles begann: 10 Jahre John T. Essberger im Technik Museum Speyer:\u00a0Die Deutsche Gesellschaft zur Rettung Schiffbr\u00fcchiger (DGzRS) und das Museum kennen sich bereits seit den 1990er Jahren. Aus diesem guten Kontakt entstand eines Tages die Idee, den au\u00dfergew\u00f6hnlichen Seenotkreuzer John T. Essberger nach Au\u00dferdienststellung als Museumsschiff der \u00d6ffentlichkeit zu pr\u00e4sentieren. Urspr\u00fcnglich sollte das 44-Meter-Schiff im Mai 2011 auf eigenem Kiel nach Speyer fahren. Doch durch das extreme Niedrigwasser des Rheins war dies nicht m\u00f6glich, so dass das Schiff auf eine Schwimmplattform (Ponton) verladen wurde, um nach Speyer zu gelangen.\u00a0Am 23. Mai 2011 startete die letzte Reise von John T. Essberger. Von Duisburg ging es \u00fcber Krefeld, Bad Honnef, Mainz und Mannheim in den Naturhafen Speyer. Dort angekommen wurde alles f\u00fcr den Stra\u00dfentransport vorbereitet. Hunderte Fans und Interessiert begleiteten am 28. Mai 2011 in Schrittgeschwindigkeit die letzten Meter ins Museum. An seinem neuen Liegeplatz angekommen machte sich das Museumsteam daran das Schiff\u00a0f\u00fcr St\u00fcck f\u00fcr die feierliche Er\u00f6ffnung am 5. Oktober 2011 vorzubereiten. Dank zahlreicher Schenkungen und Leihgaben von authentischer Kleidung, Werkzeugen, M\u00f6beln oder Fotos konnten das Leben und die Arbeit der Besatzung an Bord originalgetreu dargestellt werden. Der Seenotkreuzer z\u00e4hlt zu den Highlights des Museums. Informationen gibt es unter <a href=\"http:\/\/technik-museum.de\/seenotkreuzer\">technik-museum.de\/seenotkreuzer<\/a>.<\/p>\n\n\n\n<p><em>Technik Museum Speyer<br>29.05.2021<\/em><\/p>\n\n\n\n<h2 class=\"wp-block-heading\"><strong>Das Technik Museum Speyer \u00f6ffnete am 28. Mai!<\/strong><\/h2>\n\n\n\n<h3 class=\"wp-block-heading\">Es ist soweit! Das lange Warten hat ein Ende: Am\u00a0<strong>Freitag<\/strong>,<strong>\u00a028. Mai 2021,<\/strong>\u00a0durften wir nun auch endlich in Speyer wieder \u00f6ffnen und mit Ihnen in die Jubil\u00e4umssaison 2021 starten!!<\/h3>\n\n\n\n<div class=\"wp-block-image\"><figure class=\"aligncenter size-large\"><img decoding=\"async\" loading=\"lazy\" width=\"800\" height=\"532\" src=\"https:\/\/speyer24news.com\/wp-content\/uploads\/2020\/08\/Boeing-747-im-Technik-Museum-Speyer.jpg\" alt=\"\" class=\"wp-image-29715\" srcset=\"https:\/\/speyer24news.com\/wp-content\/uploads\/2020\/08\/Boeing-747-im-Technik-Museum-Speyer.jpg 800w, https:\/\/speyer24news.com\/wp-content\/uploads\/2020\/08\/Boeing-747-im-Technik-Museum-Speyer-300x200.jpg 300w, https:\/\/speyer24news.com\/wp-content\/uploads\/2020\/08\/Boeing-747-im-Technik-Museum-Speyer-768x511.jpg 768w\" sizes=\"(max-width: 800px) 100vw, 800px\" \/><\/figure><\/div>\n\n\n\n<p><strong>Speyer &#8211;<\/strong> Auf der Tragfl\u00e4che eines Jumbo-Jets spazieren, einen Seenotkreuzer erkunden oder den Maschinenraum eines U-Boots inspizieren &#8211; in Speyer jagt eine Sensation die n\u00e4chste. Auf dem 175.000 m\u00b2 gro\u00dfen Museumsareal erwarten die Besucher die gr\u00f6\u00dfte Raumfahrtausstellung Europas, eine umfangreiche Marineausstellung, klassische Oldtimer, Rennmotorr\u00e4der, historische Feuerwehrautos, gewaltige Lokomotiven, spielbereite Musikautomaten und vieles mehr. Ein kleiner Geheimtipp ist das auf dem Gel\u00e4nde gelegene Museum Wilhelmsbau: ein faszinierendes Rarit\u00e4tenkabinett mit tausenden Erinnerungsst\u00fccken aus dem 19. und 20. Jahrhundert.<\/p>\n\n\n\n<p>Das Museumsrestaurant, der Souvenirshop sowie das dazugeh\u00f6rende Hotel am Technik Museum Speyer samt Caravan-Park sind ebenfalls ge\u00f6ffnet \u2013 selbstverst\u00e4ndlich nach den aktuellen gesetzlichen Bestimmungen. Nach einer erfolgreichen&nbsp;<a href=\"https:\/\/deref-web.de\/mail\/client\/qVKeZyTMsRc\/dereferrer\/?redirectUrl=https%3A%2F%2Fspeyer.technik-museum.de%2Fde%2Fmuseumsbesuch-anmelden\" target=\"_blank\" rel=\"noreferrer noopener\"><strong>Voranmeldung<\/strong>&nbsp;<\/a>k\u00f6nnen Sie die einzigartige Welt der Technik erleben. Eine Testpflicht f\u00fcr einen Museumsbesuch besteht nicht.<\/p>\n\n\n\n<p>Es stehen viele abwechslungsreiche, spannende und Corona-konforme Events an: bunte\u00a0<a rel=\"noreferrer noopener\" href=\"https:\/\/deref-web.de\/mail\/client\/DJiBJQEs46w\/dereferrer\/?redirectUrl=https%3A%2F%2Fspeyer.technik-museum.de%2Fde%2Fbenzin-stammtisch\" target=\"_blank\">Benzin-Stammtische<\/a>, exklusive F\u00fchrungen in der\u00a0<a rel=\"noreferrer noopener\" href=\"https:\/\/deref-web.de\/mail\/client\/tNAbcZ8Vejc\/dereferrer\/?redirectUrl=https%3A%2F%2Fspeyer.technik-museum.de%2Fde%2Ftransall-c-160\" target=\"_blank\">Transall C160<\/a>\u00a0und im\u00a0<a rel=\"noreferrer noopener\" href=\"https:\/\/deref-web.de\/mail\/client\/CmCh-EEZtn4\/dereferrer\/?redirectUrl=https%3A%2F%2Fspeyer.technik-museum.de%2Fde%2Ffuehrungen-u9\" target=\"_blank\">U-Boot U9<\/a>\u00a0sowie der erste\u00a0<a rel=\"noreferrer noopener\" href=\"https:\/\/deref-web.de\/mail\/client\/F_L1Jeg1dJs\/dereferrer\/?redirectUrl=https%3A%2F%2Fspeyer.technik-museum.de%2Fde%2Fkultur-sommer\" target=\"_blank\">Kultur-Sommer<\/a>.<\/p>\n\n\n\n<p><em>Technik Museum Speyer<br>29.05.2021<\/em><\/p>\n","protected":false},"excerpt":{"rendered":"<div class=\"mh-excerpt\"><p>Historisches Museum der Pfalz, Speyer Historisches Museum der Pfalz endlich wieder ge\u00f6ffnet Endspurt und Ausstellungsneustart am 28. Mai in Speyer Seit Freitag 10 Uhr ist das Historische Museum der Pfalz in Speyer wieder ge\u00f6ffnet! F\u00fcr <a class=\"mh-excerpt-more\" href=\"https:\/\/speyer24news.com\/?p=37276\" title=\"Kultur\">[&#8230;]<\/a><\/p>\n<\/div>","protected":false},"author":3,"featured_media":0,"comment_status":"open","ping_status":"open","sticky":false,"template":"","format":"standard","meta":{"_monsterinsights_skip_tracking":false,"_monsterinsights_sitenote_active":false,"_monsterinsights_sitenote_note":"","_monsterinsights_sitenote_category":0,"footnotes":""},"categories":[14],"tags":[11862,11863,52,5020,861,1191,540,577,2200,4793,4795,11864,11865,6,1432,164,992,133],"aioseo_notices":[],"amp_enabled":true,"_links":{"self":[{"href":"https:\/\/speyer24news.com\/index.php?rest_route=\/wp\/v2\/posts\/37276"}],"collection":[{"href":"https:\/\/speyer24news.com\/index.php?rest_route=\/wp\/v2\/posts"}],"about":[{"href":"https:\/\/speyer24news.com\/index.php?rest_route=\/wp\/v2\/types\/post"}],"author":[{"embeddable":true,"href":"https:\/\/speyer24news.com\/index.php?rest_route=\/wp\/v2\/users\/3"}],"replies":[{"embeddable":true,"href":"https:\/\/speyer24news.com\/index.php?rest_route=%2Fwp%2Fv2%2Fcomments&post=37276"}],"version-history":[{"count":1,"href":"https:\/\/speyer24news.com\/index.php?rest_route=\/wp\/v2\/posts\/37276\/revisions"}],"predecessor-version":[{"id":37279,"href":"https:\/\/speyer24news.com\/index.php?rest_route=\/wp\/v2\/posts\/37276\/revisions\/37279"}],"wp:attachment":[{"href":"https:\/\/speyer24news.com\/index.php?rest_route=%2Fwp%2Fv2%2Fmedia&parent=37276"}],"wp:term":[{"taxonomy":"category","embeddable":true,"href":"https:\/\/speyer24news.com\/index.php?rest_route=%2Fwp%2Fv2%2Fcategories&post=37276"},{"taxonomy":"post_tag","embeddable":true,"href":"https:\/\/speyer24news.com\/index.php?rest_route=%2Fwp%2Fv2%2Ftags&post=37276"}],"curies":[{"name":"wp","href":"https:\/\/api.w.org\/{rel}","templated":true}]}}