{"id":37302,"date":"2021-05-29T16:00:17","date_gmt":"2021-05-29T15:00:17","guid":{"rendered":"https:\/\/speyer24news.com\/?p=37302"},"modified":"2021-05-29T16:00:19","modified_gmt":"2021-05-29T15:00:19","slug":"germersheim-landkreis-germersheim-ger-3","status":"publish","type":"post","link":"https:\/\/speyer24news.com\/?p=37302","title":{"rendered":"Germersheim &#038; Landkreis Germersheim (GER)"},"content":{"rendered":"<style type=\"text\/css\">\r\n\t.ads_top_disp{}\r\n\t.ads_top_corner_disp{ float:left; margin:0px 10px 10px 0px; }\r\n\t.ads_first_p_disp{}\r\n\t.ads_bottom_disp{}\r\n\t<\/style>\n<h2 class=\"wp-block-heading\"><strong>Die Abfallwirtschaft r\u00e4t zu alternativen Anlieferungszeiten an den Wertstoffh\u00f6fen<\/strong><\/h2>\n\n\n\n<div class=\"wp-block-image\"><figure class=\"aligncenter size-large\"><img decoding=\"async\" loading=\"lazy\" width=\"800\" height=\"378\" src=\"https:\/\/speyer24news.com\/wp-content\/uploads\/2021\/05\/Wertstoffhof-Berg-Foto-KV-Ger-Abfallwirtschaft.jpg\" alt=\"\" class=\"wp-image-37304\" srcset=\"https:\/\/speyer24news.com\/wp-content\/uploads\/2021\/05\/Wertstoffhof-Berg-Foto-KV-Ger-Abfallwirtschaft.jpg 800w, https:\/\/speyer24news.com\/wp-content\/uploads\/2021\/05\/Wertstoffhof-Berg-Foto-KV-Ger-Abfallwirtschaft-300x142.jpg 300w, https:\/\/speyer24news.com\/wp-content\/uploads\/2021\/05\/Wertstoffhof-Berg-Foto-KV-Ger-Abfallwirtschaft-768x363.jpg 768w\" sizes=\"(max-width: 800px) 100vw, 800px\" \/><\/figure><\/div>\n\n\n\n<p>Die B\u00fcrgerinnen und B\u00fcrger des Landkreises Germersheim fahren besonders h\u00e4ufig die Wertstoffh\u00f6fe an Freitagen und Samstagen an.<\/p>\n\n\n\n<p>Dadurch kommt es aber bedauerlicherweise an diesen Tagen immer wieder zu unangenehmen Wartezeiten bei der Anlieferung. Diese werden durch die erforderlichen Vorsichtsma\u00dfnahmen aufgrund der Corona-Pandemie noch zus\u00e4tzlich verst\u00e4rkt.<\/p>\n\n\n\n<p>Gerade an den Wochenenden liefern viele B\u00fcrger zudem besonders gro\u00dfe Abfallmengen an, so dass das Abladen innerhalb der Wertstoffh\u00f6fe ebenfalls mehr Zeit in Anspruch nimmt.<\/p>\n\n\n\n<p>Um hier Abhilfe zu schaffen, bittet die Abfallwirtschaft des Landkreises Germersheim darum, Entsorgungsfahrten, wenn m\u00f6glich, anders zu terminieren. Wer es zeitlich einrichten kann, sollte die Wertstoffh\u00f6fe an den Wochenenden meiden und diese lieber an anderen Wochentagen anfahren. Denn auch von Montag bis Donnerstag sind die drei Wertstoffannahmestellen Bellheim, R\u00fclzheim und Berg von 8 bis 16.15 Uhr ge\u00f6ffnet (Mittagspause 12 bis 12.45).<\/p>\n\n\n\n<p>Die Abfallwirtschaft bittet darum, alle Abf\u00e4lle bereits vorsortiert nach Fraktionen anzuliefern und gro\u00dfe Teile wie z.B. M\u00f6bel bereits im Vorfeld in kleinere Teile zu zerlegen. Denn, wenn erst vor Ort sortiert wird, blockiert dies den Ablauf f\u00fcr die nachfolgenden Anlieferer erheblich.<\/p>\n\n\n\n<p><em>Kreisverwaltung Germersheim<br>29.05.2021<\/em><\/p>\n\n\n\n<h2 class=\"wp-block-heading\"><strong>Kreisverwaltung Germersheim pl\u00e4diert f\u00fcr Radweg entlang der L 545<\/strong><\/h2>\n\n\n\n<div class=\"wp-block-image\"><figure class=\"aligncenter size-large\"><img decoding=\"async\" loading=\"lazy\" width=\"800\" height=\"533\" src=\"https:\/\/speyer24news.com\/wp-content\/uploads\/2021\/02\/03-02-2021-Info-Fahrradklimatest_2.jpg\" alt=\"\" class=\"wp-image-32885\" srcset=\"https:\/\/speyer24news.com\/wp-content\/uploads\/2021\/02\/03-02-2021-Info-Fahrradklimatest_2.jpg 800w, https:\/\/speyer24news.com\/wp-content\/uploads\/2021\/02\/03-02-2021-Info-Fahrradklimatest_2-300x200.jpg 300w, https:\/\/speyer24news.com\/wp-content\/uploads\/2021\/02\/03-02-2021-Info-Fahrradklimatest_2-768x512.jpg 768w\" sizes=\"(max-width: 800px) 100vw, 800px\" \/><\/figure><\/div>\n\n\n\n<p>\u201eWir ben\u00f6tigen einen verkehrssicheren, ganzj\u00e4hrig befahrbaren Radweg. Dies fordern auch viele B\u00fcrgerinnen und B\u00fcrger sowie die Bienwaldgemeinden. Deshalb stehe ich voll hinter dem Radweg entlang der L545 und fordere gemeinsam mit meinem Kollegen Landrat Dietmar Seefeldt die z\u00fcgige Umsetzung des Radwegs\u201c, so Landrat Dr. Fritz Brechtel.<\/p>\n\n\n\n<p>Aus Sicht der Kreisverwaltung ist der stra\u00dfenbegleitende Radweg entlang der L 545 zwischen Steinfeld und Scheibenhardt unbedingt erforderlich. \u201eDas wesentliche Argument aus unserer Sicht ist die Verkehrssicherheit f\u00fcr alle Verkehrsteilnehmer, die diesen Streckenabschnitt nutzen, egal wie sie sich fortbewegen. Nur durch einen baulich von der Stra\u00dfe getrennten Rad- und Fu\u00dfg\u00e4ngerweg kann die Verkehrssicherheit optimal gew\u00e4hrleistet werden\u201c, sagt Landrat Dr. Fritz Brechtel.<\/p>\n\n\n\n<p>\u201eEs geht darum, eine Verbindung f\u00fcr den Radverkehr zu schaffen, die ganzj\u00e4hrig und sicher zu befahren ist. Deshalb ist eine von der Stra\u00dfe unabh\u00e4ngige F\u00fchrung des Radverkehrs \u00fcber Forstwirtschaftswege aus unserer Sicht keine ad\u00e4quate L\u00f6sung. Bei witterungsbedingter oder durch die Forstbewirtschaftung verursachter Unbefahrbarkeit der Waldwege m\u00fcssten die Radfahrer wieder auf die Stra\u00dfe ausweichen. Das kann nicht unser Ziel sein. Deshalb sehen wir die Waldwege nur als Alternative an, die unter guten Voraussetzungen von Naherholungssuchenden und Touristen genutzt werden k\u00f6nnen\u201c, so Brechtel weiter.<\/p>\n\n\n\n<p>Der stra\u00dfenbegleitende Radweg dagegen soll neben dem touristischen Zweck auch die Eignung f\u00fcr den Alltagsradverkehr erf\u00fcllen. Auch der Aspekt der sozialen Sicherheit spielt in diesem Zusammenhang eine wichtige Rolle und wird durch die durchgehende Einsehbarkeit des Radweges erf\u00fcllt. Dies entspricht auch dem immer wieder ge\u00e4u\u00dferten Wunsch vieler B\u00fcrgerinnen und B\u00fcrger.<\/p>\n\n\n\n<p>Die seit einigen Wochen in den Medien gef\u00fchrte Diskussion zum geplanten stra\u00dfenbegleitenden Radweg entlang der L&nbsp;545, insbesondere die Haltung des ADFC, hat die Kreisverwaltung mit Erstaunen zur Kenntnis genommen. Der Vorschlag, die L 545 zu einer Fahrradstra\u00dfe zu machen, wurde intern diskutiert. Jedoch sieht die Kreisverwaltung in dieser L\u00f6sung die Gefahr, dass dem Radfahrer eine Pseudosicherheit suggeriert wird, da die Einhaltung der in diesem Fall gebotenen Verkehrsregeln nur schwer kontrolliert werden kann. Fahrradstra\u00dfen kommen zwar im urbanen Umfeld auf untergeordneten Stra\u00dfen in Betracht und sind dort Teil eines Radwegenetzes.<\/p>\n\n\n\n<p>Aus Sicht der Stra\u00dfenverkehrsbeh\u00f6rde der Kreisverwaltung Germersheim scheitert die Anordnung einer Fahrradstra\u00dfe (Verkehrszeichens 244 StVO) im Zuge der L545 aber schon an der gesetzlich normierten Erforderlichkeit. Nachdem die M\u00f6glichkeit zur Errichtung eines getrennten Radweges geschaffen wurde, k\u00f6nnen sowohl die berechtigten Interessen der Radfahrenden, als auch der \u00fcbrigen Verkehrsteilnehmer, geb\u00fchrend Ber\u00fccksichtigung finden. Die Belange des motorisierten als auch des nicht motorisierten Verkehrs sind durch die separate Radwegf\u00fchrung angemessen gewahrt und es entf\u00e4llt die Notwendigkeit f\u00fcr Kraftfahrzeuge alternative Wegf\u00fchrungen aufzuzeigen.<\/p>\n\n\n\n<p>Nicht zuletzt sollte bei der Bewertung des Projektes auch ber\u00fccksichtigt werden, dass der Radweg im Rahmen des Beteiligungsprozesses zum Naturschutzgro\u00dfprojekt Bienwald von den Gemeinden und den Einwohnern eingefordert wurde. \u201eDiesen Wunsch unterst\u00fctzen wir\u201c, so Landrat Brechtel, der au\u00dferdem betont, \u201edass der Fl\u00e4chenverbrauch weitaus niedriger ist, als von anderer Seite ge\u00e4u\u00dfert wurde. Dass f\u00fcr den Radweg eine 10 Meter tiefe Schneise in den Wald geschlagen werden muss, ist nicht richtig. Wie aus der Planung hervorgeht, werden 6,75 m ben\u00f6tigt, darin enthalten sind neben dem 2,50 m breiten Radweg auch der Sicherheitstrennstreifen zur Stra\u00dfe sowie die zum Waldrand anschlie\u00dfende Versickerungsmulde. Ber\u00fccksichtigt man den bereits vorhandenen Seitenraum der L 545, so beschr\u00e4nkt sich der tats\u00e4chliche Eingriff auf maximal 4 Meter, dies entspricht auf der gesamten L\u00e4nge von \u00fcber 10 km zirka 4 ha, die an anderer Stelle als Wald auszugleichen sind. Die Waldfl\u00e4che wird somit nicht kleiner. Die Schneise selbst ist in Form der Landesstra\u00dfe bereits vorhanden und wird lediglich etwas verbreitert. Dies ist fl\u00e4chenschonender als wenn man einen eigenen Radweg im Wald anlegen w\u00fcrde.\u201c<\/p>\n\n\n\n<p>Derzeit arbeitet der Landkreis zusammen mit den beteiligten Gemeinden an der Umsetzung des Besucherlenkungskonzeptes Bienwald. Bestehende und neue Radrouten werden nach der Beschilderungsrichtlinie des Landes Rheinland-Pfalz (kurz HBR) neu beschildert. Zuvor erfolgte ein umfangreicher Abstimmungsprozess, an dem die betroffenen Kommunen, Stra\u00dfenbaulasttr\u00e4ger, Forstverwaltung und der ADFC beteiligt waren. Der radtouristisch \u00fcberregional bedeutsame Dt.-frz. PAMINA Radweg Lautertal wird zwar wie bisher \u00fcber die L 545 geleitet, genauso wie die beiden neuen Radrouten \u201eRund um den Bienwald\u201c und \u201eBienwald-B\u00e4che Tour\u201c, allerdings werden bis zur Fertigstellung des neuen, stra\u00dfenbegleitenden Radweges Hinweisschilder angebracht, die auf die verkehrssichere Ausweichstrecke durch den Wald zwischen Scheibenhardt und Bienwaldm\u00fchle hinweisen.<\/p>\n\n\n\n<p><em>Kreisverwaltung Germersheim<br>29.05.2021<\/em><\/p>\n\n\n\n<h1 class=\"has-text-align-center wp-block-heading\">Kreisvolkshochschule (KVHS) Germersheim<\/h1>\n\n\n\n<div class=\"wp-block-image\"><figure class=\"aligncenter size-large\"><img decoding=\"async\" src=\"https:\/\/speyer24news.com\/wp-content\/uploads\/2019\/09\/KVHS-GER-Logo.png\" alt=\"\" class=\"wp-image-19415\"\/><\/figure><\/div>\n\n\n\n<h2 class=\"wp-block-heading\"><strong>Kurse, Vortr\u00e4ge, Veranstaltungen<\/strong><\/h2>\n\n\n\n<p>Es wird darauf hingewiesen, dass zu allen nachstehend aufgef\u00fchrten Kursen und Vortr\u00e4gen eine Anmeldung unbedingt erforderlich ist. Kontaktadressen sind am Ende des Textes zu finden. Weiterhin sind die Hygienema\u00dfnahmen und die Abstandsregelungen einzuhalten.<\/p>\n\n\n\n<h4 class=\"wp-block-heading\">A3017256KV<\/h4>\n\n\n\n<p><strong>\u201eYoga &amp; Natur &#8211; am Vormittag &#8211; Veranstaltung im Au\u00dfenbereich &#8211; Kurs B\u201c<\/strong> &#8211; Kurs mit Claudia &amp; Janina Michaelis,: Germersheim, Friedenstr. 13, Praxis \u201eMunay Healing&#8220;, Beginn: Mo, 07.06.2021, 09:30 &#8211; 11:00 Uhr. Dauer: 6 Termine, Kosten: 96,00 Euro\/Person.<\/p>\n\n\n\n<h4 class=\"wp-block-heading\"><strong>A5012013KV<\/strong><\/h4>\n\n\n\n<p><strong>\u201eTextverarbeitung mit MS-Word 2016 &#8211; Grundkurs \u201c<\/strong> &#8211; Kurs mit Gerald Kessing: Germersheim, Gesch\u00e4ftsstelle der KVHS, Seiteneingang der BBS, UG, EDV-Raum, Beginn: Mo, 07.06.2021, 18:00 &#8211; 21:00 Uhr. Dauer: 5 Termine, Kosten: 85,00 Euro\/Person.<\/p>\n\n\n\n<h4 class=\"wp-block-heading\"><strong>A5014012KV<\/strong><\/h4>\n\n\n\n<p><strong>\u201ePr\u00e4sentation mit PowerPoint 2016 &#8211; Einf\u00fchrung\u201c<\/strong> &#8211; Kurs mit Gerald Kessing: Germersheim, Gesch\u00e4ftsstelle der KVHS, Seiteneingang der BBS, UG, EDV-Raum, Beginn: Di, 08.06.2021, 18:00 &#8211; 21:00 Uhr. Dauer: 4 Termine, Kosten: 68,00 Euro\/Person.<\/p>\n\n\n\n<h4 class=\"wp-block-heading\"><strong>A5013021KV<\/strong><\/h4>\n\n\n\n<p><strong>\u201eTabellenkalkulation mit MS-Excel 2016 &#8211; Aufbaukurs\u201c<\/strong> &#8211; Kurs mit Gerald Kessing: Germersheim, Gesch\u00e4ftsstelle der KVHS, Seiteneingang der BBS, UG, EDV-Raum, Beginn: Mi, 09.06.2021, 18:00 &#8211; 21:00 Uhr. Dauer: 6 Termine, Kosten:&nbsp; 102,00 Euro\/Person.<\/p>\n\n\n\n<h4 class=\"wp-block-heading\"><strong>A1033441KV<\/strong><\/h4>\n\n\n\n<p><strong>\u201eVersicherungsbeitr\u00e4ge sparen f\u00fcr 60+ &#8211; Vortrag\u201c<\/strong> &#8211; Vortrag mit Andrea Kalt: Germersheim, Ritter-von-Schmau\u00df-Str., Seiteneingang BBS, EG, Saal E.06, Termin: Mi, 09.06.2021, 19:00 &#8211; 21:15 Uhr. Kosten: 15,00 Euro\/Person.<\/p>\n\n\n\n<h4 class=\"wp-block-heading\"><strong>A3017252KV<\/strong><\/h4>\n\n\n\n<p><strong>\u201eYoga &#8211; Ruhe und Entspannung &#8211; f\u00fcr Frauen &#8211; Kurs A &#8211; am Vormittag\u201c<\/strong> &#8211; Kurs mit Janina-Alisha Michaelis:&nbsp; Germersheim, Stadtpark Fronte Lamotte, Treffpunkt am Spielplatz, Beginn: Do, 10:15 &#8211; 11:00 Uhr. Dauer: 5 Termine, Kosten: &nbsp;45,00 Euro\/Person.<\/p>\n\n\n\n<h4 class=\"wp-block-heading\"><strong>A3011053KV<\/strong><\/h4>\n\n\n\n<p><strong>\u201eFrauen &#8211; Auszeit vom Alltag &#8211; Kurs C\u201c<\/strong> &#8211; Kurs mit Claudia &amp; Janina Michaelis:&nbsp; Germersheim, Friedenstr. 13, Praxis \u201eMunay Healing\/OMVitalZeit&#8220;, Termin: Sa, 12.06.2021, 14:00 &#8211; 17:00 Uhr. Kosten: 40,00 Euro\/Person.<\/p>\n\n\n\n<p>Eine Anmeldung ist zu allen Veranstaltungen der Kreisvolkshochschule zwingend erforderlich. Pers\u00f6nlich (nur nach telefonischer Terminvereinbarung) bei der Gesch\u00e4ftsstelle der KVHS in Germersheim, Ritter-von-Schmau\u00df-Str.\/Ecke Paradeplatz, telefonisch 07274-53334 oder -53382, per E-Mail: <a href=\"mailto:vhs@kreis-germersheim.de\">vhs@kreis-germersheim.de<\/a>.<\/p>\n\n\n\n<p><em>Kreisverwaltung Germersheim \/ Kreisvolkshochschule (KVHS) Germersheim<br>29.05.2021<\/em><\/p>\n\n\n\n<h1 class=\"has-text-align-center wp-block-heading\">Corona-Virus<\/h1>\n\n\n\n<div class=\"wp-block-image\"><figure class=\"aligncenter size-large\"><img decoding=\"async\" loading=\"lazy\" width=\"800\" height=\"346\" src=\"https:\/\/speyer24news.com\/wp-content\/uploads\/2020\/02\/coronavirus-4817450_1920.jpg\" alt=\"\" class=\"wp-image-25126\" srcset=\"https:\/\/speyer24news.com\/wp-content\/uploads\/2020\/02\/coronavirus-4817450_1920.jpg 800w, https:\/\/speyer24news.com\/wp-content\/uploads\/2020\/02\/coronavirus-4817450_1920-300x130.jpg 300w, https:\/\/speyer24news.com\/wp-content\/uploads\/2020\/02\/coronavirus-4817450_1920-768x332.jpg 768w\" sizes=\"(max-width: 800px) 100vw, 800px\" \/><\/figure><\/div>\n\n\n\n<h2 class=\"wp-block-heading\"><strong>Mehr Kulanz f\u00fcr Gastronomen und private Treffen im Kreis Germersheim<\/strong><\/h2>\n\n\n\n<h3 class=\"wp-block-heading\">Geimpfte und Genesene werden nicht mitgez\u00e4hlt<\/h3>\n\n\n\n<div class=\"wp-block-image\"><figure class=\"aligncenter size-large\"><img decoding=\"async\" loading=\"lazy\" width=\"600\" height=\"656\" src=\"https:\/\/speyer24news.com\/wp-content\/uploads\/2021\/05\/Treffen-Menschen-People-Meeting.png\" alt=\"\" class=\"wp-image-37303\" srcset=\"https:\/\/speyer24news.com\/wp-content\/uploads\/2021\/05\/Treffen-Menschen-People-Meeting.png 600w, https:\/\/speyer24news.com\/wp-content\/uploads\/2021\/05\/Treffen-Menschen-People-Meeting-274x300.png 274w\" sizes=\"(max-width: 600px) 100vw, 600px\" \/><\/figure><\/div>\n\n\n\n<p>Bei den Einschr\u00e4nkungen f\u00fcr private Zusammenk\u00fcnfte und bei der Anzahl der G\u00e4ste, die an einem Tisch in den Innenbereichen von Restaurants oder Gastwirtschaften zusammensitzen d\u00fcrfen, werden Geimpfte und Genesene nicht eingerechnet. Einen Tag vor den Lockerungen, die im Landkreis Germersheim aufgrund anhaltend niedriger Inzidenzen ab Freitag (28. Mai) greifen, weist die Kreisverwaltung darauf hin, dass diese Regelung, die in der \u201eCovid-19-Schutzma\u00dfnahmen-Ausnahmeverordnung\u201c festgeschrieben ist, auch \u00fcber das Ma\u00df von maximal f\u00fcnf Personen aus zwei Haushalten hinaus, ein Zusammentreffen von gr\u00f6\u00dferen Gruppen m\u00f6glich ist. Wer also vor mindestens zwei Wochen eine vollst\u00e4ndige Impfung erhalten hat oder wer von einer Covid-19-Erkrankung, die mindestens 28 Tage sowie maximal sechs Monate zur\u00fcckliegt, genesen ist, darf sich auch mit mehreren Menschen treffen.<\/p>\n\n\n\n<p>Dazu Landrat Dr. Fritz Brechtel: \u201eWir haben uns mit dem Ordnungsamt und den zust\u00e4ndigen Ministerien in Mainz abgestimmt und freuen uns, dass nunmehr Klarheit herrscht \u00fcber die tats\u00e4chlich zul\u00e4ssige Gesamtgr\u00f6\u00dfe einer Gruppe. Wenn also Zusammenk\u00fcnfte im Familien- oder Bekanntenkreis geplant sind und ein Restaurantbesuch in Betracht gezogen wird, dann sollten auf jeden Fall die entsprechenden Nachweise mitgef\u00fchrt werden.\u201c \u00a0Diese Regelung bezieht sich unter anderem auf die 21. Corona-Bek\u00e4mpfungsverordnung des Landes Rheinland-Pfalz, die allerdings mit Ablauf des 1. Junis endet. Wie es am kommenden Mittwoch, 2. Juni, weitergeht, welche Regeln dann gelten und was der vom Land vorgestellte Perspektivenplan, der ebenfalls ab diesem Zeitpunkt in Kraft tritt, tats\u00e4chlich bewirken wird, dar\u00fcber, so hofft die Verwaltung, wird das Land fr\u00fchzeitig informieren. Die Ausnahmen, die f\u00fcr Geimpfte und Genesene gelten, treffen auch auf Kinder zu, die das 15. Lebensjahr noch nicht erreicht haben. Sie alle werden bei den Begrenzungen nicht mitgez\u00e4hlt, m\u00fcssen jedoch eine entsprechende Bescheinigung mit sich f\u00fchren und vorweisen k\u00f6nnen.<\/p>\n\n\n\n<p><em>Kreisverwaltung Germersheim<br>29.05.2021<\/em><\/p>\n\n\n\n<h2 class=\"wp-block-heading\"><strong>Inzidenzwert im Kreis Germersheim an f\u00fcnf Werktagen unter 50: Weitere Lockerungen ab Freitag, 28. Mai<\/strong><\/h2>\n\n\n\n<div class=\"wp-block-image\"><figure class=\"aligncenter size-large\"><img decoding=\"async\" loading=\"lazy\" width=\"500\" height=\"824\" src=\"https:\/\/speyer24news.com\/wp-content\/uploads\/2021\/05\/silhouette-3063375_1280.png\" alt=\"\" class=\"wp-image-37207\" srcset=\"https:\/\/speyer24news.com\/wp-content\/uploads\/2021\/05\/silhouette-3063375_1280.png 500w, https:\/\/speyer24news.com\/wp-content\/uploads\/2021\/05\/silhouette-3063375_1280-182x300.png 182w\" sizes=\"(max-width: 500px) 100vw, 500px\" \/><\/figure><\/div>\n\n\n\n<p>Der f\u00fcr die Ma\u00dfnahmen zur Bek\u00e4mpfung der Coronapandemie ausschlaggebende offizielle Inzidenzwert des Robert-Koch-Instituts (RKI) ist im Kreis Germersheim an f\u00fcnf Werktagen in Folge unter 50 geblieben. Das bedeutet, dass ab kommenden Freitag (28. Mai) f\u00fcr die Menschen im Landkreis weitere Lockerungen m\u00f6glich werden. Landrat Dr. Fritz Brechtel zeigt sich erleichtert \u00fcber die positive Entwicklung: \u201eDie Entbehrungen in den vergangenen Monaten waren f\u00fcr viele von uns immens. Dass sich die Fallzahlen von Menschen, die sich mit dem Coronavirus infizieren wieder r\u00fcckl\u00e4ufig sind, das konnte nur gelingen, weil sich die allermeisten B\u00fcrgerinnen und B\u00fcrger vorbildlich an die Ma\u00dfnahmen gehalten haben. Daf\u00fcr bedanke ich mich bei allen, die ihren Teil hierzu beigetragen haben \u2013 mahne aber auch zur Vorsicht und bitte darum, jetzt nicht nachl\u00e4ssig zu werden und weiterhin die bekannten AHA-Ma\u00dfnahmen strikt einzuhalten.\u201c<\/p>\n\n\n\n<p>Die Kreisverwaltung wird im Laufe des Tages in einer offiziellen Bekanntmachung auf die neuen Regelungen hinweisen, die sich an den Vorgaben der 21. Corona-Bek\u00e4mpfungsverordnung des Landes Rheinland-Pfalz orientieren (21. CoBeLVO) und im Wesentlichen die folgenden Lockerungen beinhalten:<\/p>\n\n\n\n<ul><li>Der Probenbetrieb f\u00fcr Ch\u00f6re oder Orchester ist in kleinen Gruppen bis zu zehn Personen sowie zus\u00e4tzlich einer leitenden Person im Au\u00dfenbereich wieder zul\u00e4ssig. Es gilt auch hier das Abstandsgebot.<\/li><\/ul>\n\n\n\n<ul><li>Im Amateur- und Freizeitsport ist die kontaktlose Sportaus\u00fcbung im Freien und auf allen \u00f6ffentlichen und privaten ungedeckten Sportanlagen in Gruppen bis maximal zehn Personen (max. 20 Kinder unter 15 Jahren) nebst einer das Training leitenden Person zul\u00e4ssig.<\/li><\/ul>\n\n\n\n<ul><li>Spielhallen, Spielbanken, Wettvermittlungsstellen und \u00e4hnliche Einrichtungen sind unter Auflagen ge\u00f6ffnet. Es gelten Abstandsgebot, Maskenpflicht, die Pflicht zur Kontakterfassung, Reservierungs- und Testpflicht.<\/li><\/ul>\n\n\n\n<ul><li>\u00d6ffentliche und gewerbliche Kultureinrichtungen sind auch im Innenbereich ge\u00f6ffnet, Konzertveranstaltungen also wieder m\u00f6glich (bis zu 100 Personen, Abstandgebot und Sitzzuordnung, Kontakterfassung, Masken- und Testpflicht).<\/li><\/ul>\n\n\n\n<ul><li>Gastronomische Betriebe k\u00f6nnen ihre Innenbereiche f\u00fcr die G\u00e4ste \u00f6ffnen. Es gelten auch hier Reservierungs- und Testpflicht sowie die Pflicht der Kontakterfassung. Gestattet sind Zusammenk\u00fcnfte von Angeh\u00f6rigen des eigenen Hausstandes oder zus\u00e4tzlich einer Person eines weiteren Hausstandes (maximal f\u00fcnf Personen).<\/li><\/ul>\n\n\n\n<p>\u201eIch wei\u00df, dass sich viele Menschen fragen, ab wann es denn wieder m\u00f6glich sein wird, sich mit Freunden oder mehreren Familienmitgliedern zu verabreden. Wann Feste wieder erlaubt sind und beispielsweise f\u00fcr Familienfeiern die gastronomischen Betriebe ihre Restaurants oder Hotelbetriebe ohne Einschr\u00e4nkungen \u00f6ffnen k\u00f6nnen. So lange allerdings f\u00fcr das Land die Corona Bek\u00e4mpfungsverordnung G\u00fcltigkeit hat, wird dies alles nicht m\u00f6glich sein. Wie es schlie\u00dflich am 2. Juni weiter geht, wenn die derzeit g\u00fcltige Verordnung au\u00dfer Kraft tritt, das sollte das Land m\u00f6glichst fr\u00fchzeitig kommunizieren\u201c, appelliert Landrat Brechtel in Richtung Mainz. Er unterst\u00fctzt weiterhin das Ansinnen vieler B\u00fcrgermeister- und Landratskollegen f\u00fcr H\u00fcttenbetriebe die Selbstbedienung erneut zu gestatten \u2013 bis heute hat Mainz auf diese Forderung nicht reagiert.<\/p>\n\n\n\n<p>Menschen mit einer vollst\u00e4ndigen Impfung, die mindestens 14 Tage zur\u00fcckliegt oder einer genesenen Covid19-Erkrankung, sind von der Testpflicht ausgenommen. Und \u00fcberall dort, wo Kontakte erfasst werden m\u00fcssen, k\u00f6nnen Gewerbetreibende inzwischen auch die Luca-App nutzen und anbieten.<\/p>\n\n\n\n<p><em>Kreisverwaltung Germersheim<br>29.05.2021<\/em><\/p>\n\n\n\n<h2 class=\"wp-block-heading\"><strong>Luca-App im Landkreis Germersheim<\/strong><\/h2>\n\n\n\n<div class=\"wp-block-image\"><figure class=\"aligncenter size-large\"><img decoding=\"async\" loading=\"lazy\" width=\"800\" height=\"572\" src=\"https:\/\/speyer24news.com\/wp-content\/uploads\/2021\/04\/Luca-App.png\" alt=\"\" class=\"wp-image-35197\" srcset=\"https:\/\/speyer24news.com\/wp-content\/uploads\/2021\/04\/Luca-App.png 800w, https:\/\/speyer24news.com\/wp-content\/uploads\/2021\/04\/Luca-App-300x215.png 300w, https:\/\/speyer24news.com\/wp-content\/uploads\/2021\/04\/Luca-App-768x549.png 768w\" sizes=\"(max-width: 800px) 100vw, 800px\" \/><\/figure><\/div>\n\n\n\n<p>\u201eTechnisch, inhaltlich und personell steht der Einf\u00fchrung der Luca-App im Landkreis Germersheim nichts mehr im Weg. Die Kreisverwaltung ist vorbereitet\u201c, k\u00fcndigt Landrat Dr. Fritz Brechtel die m\u00f6gliche Nutzung der Luca-App zur Kontakterfassung im Landkreis Germersheim an. Er f\u00fchrt aus: \u201eIn Erwartung von weiteren Lockerungen in Verbindung mit steigenden Impfraten und sinkenden Inzidenzen werden Menschen wieder mehr zusammenkommen. Zur Eind\u00e4mmung der Corona-Pandemie ist neben der Impfung und den AHA-Regeln die Kontaktnachverfolgung zur Unterbrechung von Infektionsketten ganz wesentlich.\u201c<\/p>\n\n\n\n<p>F\u00fcr eine schnelle Kontakterfassung und eine ebenso schnelle Kontaktnachverfolgung kann ab sofort die<em>Luca-App<\/em> eingesetzt werden. Wer per Luca-App z.B. bei einer Au\u00dfengastronomie eincheckt, dessen Kontaktdaten k\u00f6nnen direkt dem Gesundheitsamt \u00fcbermittelt werden, falls er hier unwissentlich Kontakt zu einer infizierten Person hatte. Die Kontaktnachverfolgung und die Unterbrechung m\u00f6glicher Infektionsketten durch das Gesundheitsamt k\u00f6nnen damit ohne Zeitverzug erfolgen.<\/p>\n\n\n\n<div class=\"wp-block-image\"><figure class=\"aligncenter size-large\"><img decoding=\"async\" loading=\"lazy\" width=\"800\" height=\"569\" src=\"https:\/\/speyer24news.com\/wp-content\/uploads\/2021\/04\/Luca-App-Vorteile.png\" alt=\"\" class=\"wp-image-35198\" srcset=\"https:\/\/speyer24news.com\/wp-content\/uploads\/2021\/04\/Luca-App-Vorteile.png 800w, https:\/\/speyer24news.com\/wp-content\/uploads\/2021\/04\/Luca-App-Vorteile-300x213.png 300w, https:\/\/speyer24news.com\/wp-content\/uploads\/2021\/04\/Luca-App-Vorteile-768x546.png 768w\" sizes=\"(max-width: 800px) 100vw, 800px\" \/><\/figure><\/div>\n\n\n\n<p>Die App gibt es kostenlos f\u00fcr die Betriebssysteme Android und iOS und als Webapp. Wer kein Smartphone nutzt, kann sich einen pers\u00f6nlichen Luca-Schl\u00fcsselanh\u00e4nger, der einmalig personalisiert werden muss, besorgen. Der Kreis stellt Personen ohne Smartphone diese Anh\u00e4nger kostenfrei zur Verf\u00fcgung. Bestellt sind die Anh\u00e4nger bereits. Sobald sie angekommen sind, wird die Kreisverwaltung mitteilen, wo sie kostenfrei erh\u00e4ltlich sind.<\/p>\n\n\n\n<p>Weitere Informationen gibt es unter <a href=\"http:\/\/www.luca-app.de\">www.luca-app.de<\/a>.<\/p>\n\n\n\n<p><em>Kreisverwaltung Germersheim<br>29.05.2021<\/em><\/p>\n\n\n\n<h2 class=\"wp-block-heading\">Coronavirus &#8211; Fallzahlen im Landkreis Germersheim vom 28.05.2021<\/h2>\n\n\n\n<p>Aktuell gibt es im Landkreis Germersheim 72 best\u00e4tigte positive F\u00e4lle, die Gesamtzahl bel\u00e4uft sich auf 5468 Infizierte seit Beginn der Pandemie (+ 5 F\u00e4lle seit der gestrigen Meldung).<\/p>\n\n\n\n<figure class=\"wp-block-table\"><table><tbody><tr><td><strong><u>VG \/ Stadt<\/u><\/strong><\/td><td><strong><u>Ort<\/u><\/strong><\/td><td><strong><u>Infizierte seit Beginn der Pandemie<\/u><\/strong><\/td><td><strong><u>Aktuell infizierte Personen<\/u><\/strong><\/td><td><strong><u>Gesundete bzw. nicht mehr infizierte Personen<\/u><\/strong><\/td><td><strong><u>Leider an oder mit Covid-19 verstorbene Personen<\/u><\/strong><\/td><\/tr><tr><td><strong>&nbsp;<\/strong><\/td><td>&nbsp;<\/td><td>&nbsp;<\/td><td>&nbsp;<\/td><td>&nbsp;<\/td><td>&nbsp;<\/td><\/tr><tr><td>VG Hagenbach<\/td><td>Berg<\/td><td>50<\/td><td>0<\/td><td>50<\/td><td>0<\/td><\/tr><tr><td>&nbsp;<\/td><td>Hagenbach<\/td><td>199<\/td><td>3<\/td><td>180<\/td><td>16<\/td><\/tr><tr><td>&nbsp;<\/td><td>Neuburg<\/td><td>112<\/td><td>0<\/td><td>107<\/td><td>5<\/td><\/tr><tr><td>&nbsp;<\/td><td>Scheibenhardt<\/td><td>16<\/td><td>0<\/td><td>16<\/td><td>0<\/td><\/tr><tr><td><strong>&nbsp;<\/strong><\/td><td><strong>Summen<\/strong><strong><\/strong><\/td><td><strong>377<\/strong><strong><\/strong><\/td><td><strong>3<\/strong><strong><\/strong><\/td><td><strong>353<\/strong><strong><\/strong><\/td><td><strong>21<\/strong><strong><\/strong><\/td><\/tr><tr><td>W\u00f6rth<\/td><td>Maximiliansau<\/td><td>229<\/td><td>3<\/td><td>222<\/td><td>4<\/td><\/tr><tr><td>&nbsp;<\/td><td>Schaidt<\/td><td>57<\/td><td>1<\/td><td>56<\/td><td>0<\/td><\/tr><tr><td>&nbsp;<\/td><td>W\u00f6rth, Stadt<\/td><td>531<\/td><td>8<\/td><td>519<\/td><td>4<\/td><\/tr><tr><td>&nbsp;<\/td><td>B\u00fcchelberg<\/td><td>31<\/td><td>1<\/td><td>30<\/td><td>0<\/td><\/tr><tr><td><strong>&nbsp;<\/strong><\/td><td><strong>Summen<\/strong><strong><\/strong><\/td><td><strong>848<\/strong><strong><\/strong><\/td><td><strong>13<\/strong><strong><\/strong><\/td><td><strong>827<\/strong><strong><\/strong><\/td><td><strong>8<\/strong><strong><\/strong><\/td><\/tr><tr><td>VG Kandel<\/td><td>Erlenbach<\/td><td>11<\/td><td>0<\/td><td>11<\/td><td>0<\/td><\/tr><tr><td>&nbsp;<\/td><td>Freckenfeld<\/td><td>50<\/td><td>0<\/td><td>50<\/td><td>0<\/td><\/tr><tr><td>&nbsp;<\/td><td>Kandel<\/td><td>283<\/td><td>2<\/td><td>278<\/td><td>3<\/td><\/tr><tr><td>&nbsp;<\/td><td>Minfeld<\/td><td>42<\/td><td>0<\/td><td>42<\/td><td>0<\/td><\/tr><tr><td>&nbsp;<\/td><td>Steinweiler<\/td><td>79<\/td><td>0<\/td><td>78<\/td><td>1<\/td><\/tr><tr><td>&nbsp;<\/td><td>Vollmersweiler<\/td><td>1<\/td><td>0<\/td><td>1<\/td><td>0<\/td><\/tr><tr><td>&nbsp;<\/td><td>Winden<\/td><td>29<\/td><td>0<\/td><td>28<\/td><td>1<\/td><\/tr><tr><td>&nbsp;<\/td><td><strong>Summen<\/strong><strong><\/strong><\/td><td><strong>495<\/strong><strong><\/strong><\/td><td><strong>2<\/strong><strong><\/strong><\/td><td><strong>488<\/strong><strong><\/strong><\/td><td><strong>5<\/strong><strong><\/strong><\/td><\/tr><tr><td>VG Jockgrim<\/td><td>Hatzenb\u00fchl<\/td><td>132<\/td><td>5<\/td><td>124<\/td><td>3<\/td><\/tr><tr><td>&nbsp;<\/td><td>Jockgrim<\/td><td>237<\/td><td>2<\/td><td>230<\/td><td>5<\/td><\/tr><tr><td>&nbsp;<\/td><td>Neupotz<\/td><td>59<\/td><td>1<\/td><td>55<\/td><td>3<\/td><\/tr><tr><td>&nbsp;<\/td><td>Rheinzabern<\/td><td>150<\/td><td>2<\/td><td>145<\/td><td>3<\/td><\/tr><tr><td>&nbsp;<\/td><td><strong>Summen<\/strong><strong><\/strong><\/td><td><strong>578<\/strong><strong><\/strong><\/td><td><strong>10<\/strong><strong><\/strong><\/td><td><strong>554<\/strong><strong><\/strong><\/td><td><strong>14<\/strong><strong><\/strong><\/td><\/tr><tr><td>VG R\u00fclzheim<\/td><td>H\u00f6rdt<\/td><td>109<\/td><td>1<\/td><td>107<\/td><td>1<\/td><\/tr><tr><td>&nbsp;<\/td><td>Kuhardt<\/td><td>69<\/td><td>2<\/td><td>67<\/td><td>0<\/td><\/tr><tr><td>&nbsp;<\/td><td>Leimersheim<\/td><td>69<\/td><td>1<\/td><td>67<\/td><td>1<\/td><\/tr><tr><td>&nbsp;<\/td><td>R\u00fclzheim<\/td><td>286<\/td><td>5<\/td><td>275<\/td><td>6<\/td><\/tr><tr><td>&nbsp;<\/td><td><strong>Summen<\/strong><strong><\/strong><\/td><td><strong>533<\/strong><strong><\/strong><\/td><td><strong>9<\/strong><strong><\/strong><\/td><td><strong>516<\/strong><strong><\/strong><\/td><td><strong>8<\/strong><strong><\/strong><\/td><\/tr><tr><td>VG Bellheim<\/td><td>Bellheim<\/td><td>414<\/td><td>8<\/td><td>378<\/td><td>28<\/td><\/tr><tr><td>&nbsp;<\/td><td>Knittelsheim<\/td><td>50<\/td><td>0<\/td><td>50<\/td><td>0<\/td><\/tr><tr><td>&nbsp;<\/td><td>Ottersheim<\/td><td>90<\/td><td>0<\/td><td>90<\/td><td>0<\/td><\/tr><tr><td>&nbsp;<\/td><td>Zeiskam<\/td><td>97<\/td><td>0<\/td><td>97<\/td><td>0<\/td><\/tr><tr><td>&nbsp;<\/td><td><strong>Summen<\/strong><strong><\/strong><\/td><td><strong>651<\/strong><strong><\/strong><\/td><td><strong>8<\/strong><strong><\/strong><\/td><td><strong>615<\/strong><strong><\/strong><\/td><td><strong>28<\/strong><strong><\/strong><\/td><\/tr><tr><td>Germersheim + So<\/td><td>&nbsp;<\/td><td>1206<\/td><td>17<\/td><td>1171<\/td><td>18<\/td><\/tr><tr><td>&nbsp;<\/td><td><strong>Summen<\/strong><strong><\/strong><\/td><td><strong>1206<\/strong><strong><\/strong><\/td><td><strong>17<\/strong><strong><\/strong><\/td><td><strong>1171<\/strong><strong><\/strong><\/td><td><strong>18<\/strong><strong><\/strong><\/td><\/tr><tr><td>VG Lingenfeld<\/td><td>Freisbach<\/td><td>63<\/td><td>1<\/td><td>61<\/td><td>1<\/td><\/tr><tr><td>&nbsp;<\/td><td>Lingenfeld<\/td><td>256<\/td><td>3<\/td><td>244<\/td><td>9<\/td><\/tr><tr><td>&nbsp;<\/td><td>Lustadt<\/td><td>110<\/td><td>1<\/td><td>107<\/td><td>2<\/td><\/tr><tr><td>&nbsp;<\/td><td>Schwegenheim<\/td><td>143<\/td><td>1<\/td><td>141<\/td><td>1<\/td><\/tr><tr><td>&nbsp;<\/td><td>Weingarten<\/td><td>105<\/td><td>1<\/td><td>103<\/td><td>1<\/td><\/tr><tr><td>&nbsp;<\/td><td>Westheim<\/td><td>103<\/td><td>3<\/td><td>91<\/td><td>9<\/td><\/tr><tr><td>&nbsp;<\/td><td><strong>Summen<\/strong><strong><\/strong><\/td><td><strong>780<\/strong><strong><\/strong><\/td><td><strong>10<\/strong><strong><\/strong><\/td><td><strong>747<\/strong><strong><\/strong><\/td><td><strong>23<\/strong><strong><\/strong><\/td><\/tr><tr><td>&nbsp;<\/td><td>&nbsp;<\/td><td>&nbsp;<\/td><td>&nbsp;<\/td><td>&nbsp;<\/td><td>&nbsp;<\/td><\/tr><tr><td>&nbsp;<\/td><td><strong>Endsummen<\/strong><strong><\/strong><\/td><td><strong>5468<\/strong><strong><\/strong><\/td><td><strong>72<\/strong><strong><\/strong><\/td><td><strong>5271<\/strong><strong><\/strong><\/td><td><strong>125<\/strong><strong><\/strong><\/td><\/tr><\/tbody><\/table><\/figure>\n\n\n\n<h2 class=\"wp-block-heading\">Coronavirus &#8211; Fallzahlen im Landkreis Germersheim vom 27.05.2021<\/h2>\n\n\n\n<p>Aktuell gibt es im Landkreis Germersheim 75 best\u00e4tigte positive F\u00e4lle, die Gesamtzahl bel\u00e4uft sich auf 5463 Infizierte seit Beginn der Pandemie (+ 5 F\u00e4lle seit der gestrigen Meldung).<\/p>\n\n\n\n<figure class=\"wp-block-table\"><table><tbody><tr><td><strong><u>VG \/ Stadt<\/u><\/strong><\/td><td><strong><u>Ort<\/u><\/strong><\/td><td><strong><u>Infizierte seit Beginn der Pandemie<\/u><\/strong><\/td><td><strong><u>Aktuell infizierte Personen<\/u><\/strong><\/td><td><strong><u>Gesundete bzw. nicht mehr infizierte Personen<\/u><\/strong><\/td><td><strong><u>Leider an oder mit Covid-19 verstorbene Personen<\/u><\/strong><\/td><\/tr><tr><td><strong>&nbsp;<\/strong><\/td><td>&nbsp;<\/td><td>&nbsp;<\/td><td>&nbsp;<\/td><td>&nbsp;<\/td><td>&nbsp;<\/td><\/tr><tr><td>VG Hagenbach<\/td><td>Berg<\/td><td>50<\/td><td>0<\/td><td>50<\/td><td>0<\/td><\/tr><tr><td>&nbsp;<\/td><td>Hagenbach<\/td><td>199<\/td><td>3<\/td><td>180<\/td><td>16<\/td><\/tr><tr><td>&nbsp;<\/td><td>Neuburg<\/td><td>112<\/td><td>0<\/td><td>107<\/td><td>5<\/td><\/tr><tr><td>&nbsp;<\/td><td>Scheibenhardt<\/td><td>16<\/td><td>0<\/td><td>16<\/td><td>0<\/td><\/tr><tr><td><strong>&nbsp;<\/strong><\/td><td><strong>Summen<\/strong><strong><\/strong><\/td><td><strong>377<\/strong><strong><\/strong><\/td><td><strong>3<\/strong><strong><\/strong><\/td><td><strong>353<\/strong><strong><\/strong><\/td><td><strong>21<\/strong><strong><\/strong><\/td><\/tr><tr><td>W\u00f6rth<\/td><td>Maximiliansau<\/td><td>229<\/td><td>3<\/td><td>222<\/td><td>4<\/td><\/tr><tr><td>&nbsp;<\/td><td>Schaidt<\/td><td>57<\/td><td>1<\/td><td>56<\/td><td>0<\/td><\/tr><tr><td>&nbsp;<\/td><td>W\u00f6rth, Stadt<\/td><td>531<\/td><td>8<\/td><td>519<\/td><td>4<\/td><\/tr><tr><td>&nbsp;<\/td><td>B\u00fcchelberg<\/td><td>31<\/td><td>1<\/td><td>30<\/td><td>0<\/td><\/tr><tr><td><strong>&nbsp;<\/strong><\/td><td><strong>Summen<\/strong><strong><\/strong><\/td><td><strong>848<\/strong><strong><\/strong><\/td><td><strong>13<\/strong><strong><\/strong><\/td><td><strong>827<\/strong><strong><\/strong><\/td><td><strong>8<\/strong><strong><\/strong><\/td><\/tr><tr><td>VG Kandel<\/td><td>Erlenbach<\/td><td>11<\/td><td>0<\/td><td>11<\/td><td>0<\/td><\/tr><tr><td>&nbsp;<\/td><td>Freckenfeld<\/td><td>50<\/td><td>0<\/td><td>50<\/td><td>0<\/td><\/tr><tr><td>&nbsp;<\/td><td>Kandel<\/td><td>283<\/td><td>4<\/td><td>276<\/td><td>3<\/td><\/tr><tr><td>&nbsp;<\/td><td>Minfeld<\/td><td>42<\/td><td>0<\/td><td>42<\/td><td>0<\/td><\/tr><tr><td>&nbsp;<\/td><td>Steinweiler<\/td><td>79<\/td><td>0<\/td><td>78<\/td><td>1<\/td><\/tr><tr><td>&nbsp;<\/td><td>Vollmersweiler<\/td><td>1<\/td><td>0<\/td><td>1<\/td><td>0<\/td><\/tr><tr><td>&nbsp;<\/td><td>Winden<\/td><td>29<\/td><td>0<\/td><td>28<\/td><td>1<\/td><\/tr><tr><td>&nbsp;<\/td><td><strong>Summen<\/strong><strong><\/strong><\/td><td><strong>495<\/strong><strong><\/strong><\/td><td><strong>4<\/strong><strong><\/strong><\/td><td><strong>486<\/strong><strong><\/strong><\/td><td><strong>5<\/strong><strong><\/strong><\/td><\/tr><tr><td>VG Jockgrim<\/td><td>Hatzenb\u00fchl<\/td><td>128<\/td><td>1<\/td><td>124<\/td><td>3<\/td><\/tr><tr><td>&nbsp;<\/td><td>Jockgrim<\/td><td>237<\/td><td>2<\/td><td>230<\/td><td>5<\/td><\/tr><tr><td>&nbsp;<\/td><td>Neupotz<\/td><td>59<\/td><td>1<\/td><td>55<\/td><td>3<\/td><\/tr><tr><td>&nbsp;<\/td><td>Rheinzabern<\/td><td>150<\/td><td>2<\/td><td>145<\/td><td>3<\/td><\/tr><tr><td>&nbsp;<\/td><td><strong>Summen<\/strong><strong><\/strong><\/td><td><strong>574<\/strong><strong><\/strong><\/td><td><strong>6<\/strong><strong><\/strong><\/td><td><strong>554<\/strong><strong><\/strong><\/td><td><strong>14<\/strong><strong><\/strong><\/td><\/tr><tr><td>VG R\u00fclzheim<\/td><td>H\u00f6rdt<\/td><td>109<\/td><td>1<\/td><td>107<\/td><td>1<\/td><\/tr><tr><td>&nbsp;<\/td><td>Kuhardt<\/td><td>69<\/td><td>2<\/td><td>67<\/td><td>0<\/td><\/tr><tr><td>&nbsp;<\/td><td>Leimersheim<\/td><td>69<\/td><td>1<\/td><td>67<\/td><td>1<\/td><\/tr><tr><td>&nbsp;<\/td><td>R\u00fclzheim<\/td><td>286<\/td><td>5<\/td><td>275<\/td><td>6<\/td><\/tr><tr><td>&nbsp;<\/td><td><strong>Summen<\/strong><strong><\/strong><\/td><td><strong>533<\/strong><strong><\/strong><\/td><td><strong>9<\/strong><strong><\/strong><\/td><td><strong>516<\/strong><strong><\/strong><\/td><td><strong>8<\/strong><strong><\/strong><\/td><\/tr><tr><td>VG Bellheim<\/td><td>Bellheim<\/td><td>414<\/td><td>12<\/td><td>374<\/td><td>28<\/td><\/tr><tr><td>&nbsp;<\/td><td>Knittelsheim<\/td><td>50<\/td><td>0<\/td><td>50<\/td><td>0<\/td><\/tr><tr><td>&nbsp;<\/td><td>Ottersheim<\/td><td>90<\/td><td>1<\/td><td>89<\/td><td>0<\/td><\/tr><tr><td>&nbsp;<\/td><td>Zeiskam<\/td><td>97<\/td><td>0<\/td><td>97<\/td><td>0<\/td><\/tr><tr><td>&nbsp;<\/td><td><strong>Summen<\/strong><strong><\/strong><\/td><td><strong>651<\/strong><strong><\/strong><\/td><td><strong>13<\/strong><strong><\/strong><\/td><td><strong>610<\/strong><strong><\/strong><\/td><td><strong>28<\/strong><strong><\/strong><\/td><\/tr><tr><td>Germersheim + So<\/td><td>&nbsp;<\/td><td>1205<\/td><td>17<\/td><td>1170<\/td><td>18<\/td><\/tr><tr><td>&nbsp;<\/td><td><strong>Summen<\/strong><strong><\/strong><\/td><td><strong>1205<\/strong><strong><\/strong><\/td><td><strong>17<\/strong><strong><\/strong><\/td><td><strong>1170<\/strong><strong><\/strong><\/td><td><strong>18<\/strong><strong><\/strong><\/td><\/tr><tr><td>VG Lingenfeld<\/td><td>Freisbach<\/td><td>63<\/td><td>1<\/td><td>61<\/td><td>1<\/td><\/tr><tr><td>&nbsp;<\/td><td>Lingenfeld<\/td><td>256<\/td><td>3<\/td><td>244<\/td><td>9<\/td><\/tr><tr><td>&nbsp;<\/td><td>Lustadt<\/td><td>110<\/td><td>1<\/td><td>107<\/td><td>2<\/td><\/tr><tr><td>&nbsp;<\/td><td>Schwegenheim<\/td><td>143<\/td><td>1<\/td><td>141<\/td><td>1<\/td><\/tr><tr><td>&nbsp;<\/td><td>Weingarten<\/td><td>105<\/td><td>1<\/td><td>103<\/td><td>1<\/td><\/tr><tr><td>&nbsp;<\/td><td>Westheim<\/td><td>103<\/td><td>3<\/td><td>91<\/td><td>9<\/td><\/tr><tr><td>&nbsp;<\/td><td><strong>Summen<\/strong><strong><\/strong><\/td><td><strong>780<\/strong><strong><\/strong><\/td><td><strong>10<\/strong><strong><\/strong><\/td><td><strong>747<\/strong><strong><\/strong><\/td><td><strong>23<\/strong><strong><\/strong><\/td><\/tr><tr><td>&nbsp;<\/td><td>&nbsp;<\/td><td>&nbsp;<\/td><td>&nbsp;<\/td><td>&nbsp;<\/td><td>&nbsp;<\/td><\/tr><tr><td>&nbsp;<\/td><td><strong>Endsummen<\/strong><strong><\/strong><\/td><td><strong>5463<\/strong><strong><\/strong><\/td><td><strong>75<\/strong><strong><\/strong><\/td><td><strong>5263<\/strong><strong><\/strong><\/td><td><strong>125<\/strong><strong><\/strong><\/td><\/tr><\/tbody><\/table><\/figure>\n\n\n\n<h2 class=\"wp-block-heading\">Coronavirus &#8211; Fallzahlen im Landkreis Germersheim vom 26.05.2021<\/h2>\n\n\n\n<p>Aktuell gibt es im Landkreis Germersheim 94 best\u00e4tigte positive F\u00e4lle, die Gesamtzahl bel\u00e4uft sich auf 5458 Infizierte seit Beginn der Pandemie (+ 4 F\u00e4lle seit der gestrigen Meldung).<\/p>\n\n\n\n<h4 class=\"wp-block-heading\"><strong><u>Hinweis:<\/u><\/strong><\/h4>\n\n\n\n<p>Die Kreisverwaltung Germersheim listet keine Einzelf\u00e4lle mehr auf, die in Schulen, Kindertagesst\u00e4tten, Senioreneinrichtungen oder sonstigen Gemeinschaftseinrichtungen auftreten, solange es sich um vereinzelte F\u00e4lle bzw. in der Kontaktnachverfolgung kleine Cluster handelt. Sollte ein Hotspot bekannt werden, der unter Umst\u00e4nden absehbar Auswirkungen auf ein gr\u00f6\u00dferes Umfeld haben kann, wird dieser \u2013 wie bisher \u2013 im Rahmen der t\u00e4glichen Fallmeldung aufgef\u00fchrt.<\/p>\n\n\n\n<figure class=\"wp-block-table\"><table><tbody><tr><td><strong><u>VG \/ Stadt<\/u><\/strong><\/td><td><strong><u>Ort<\/u><\/strong><\/td><td><strong><u>Infizierte seit Beginn der Pandemie<\/u><\/strong><\/td><td><strong><u>Aktuell infizierte Personen<\/u><\/strong><\/td><td><strong><u>Gesundete bzw. nicht mehr infizierte Personen<\/u><\/strong><\/td><td><strong><u>Leider an oder mit Covid-19 verstorbene Personen<\/u><\/strong><\/td><\/tr><tr><td><strong>&nbsp;<\/strong><\/td><td>&nbsp;<\/td><td>&nbsp;<\/td><td>&nbsp;<\/td><td>&nbsp;<\/td><td>&nbsp;<\/td><\/tr><tr><td>VG Hagenbach<\/td><td>Berg<\/td><td>50<\/td><td>0<\/td><td>50<\/td><td>0<\/td><\/tr><tr><td>&nbsp;<\/td><td>Hagenbach<\/td><td>199<\/td><td>3<\/td><td>180<\/td><td>16<\/td><\/tr><tr><td>&nbsp;<\/td><td>Neuburg<\/td><td>112<\/td><td>0<\/td><td>107<\/td><td>5<\/td><\/tr><tr><td>&nbsp;<\/td><td>Scheibenhardt<\/td><td>16<\/td><td>0<\/td><td>16<\/td><td>0<\/td><\/tr><tr><td><strong>&nbsp;<\/strong><\/td><td><strong>Summen<\/strong><strong><\/strong><\/td><td><strong>377<\/strong><strong><\/strong><\/td><td><strong>3<\/strong><strong><\/strong><\/td><td><strong>353<\/strong><strong><\/strong><\/td><td><strong>21<\/strong><strong><\/strong><\/td><\/tr><tr><td>W\u00f6rth<\/td><td>Maximiliansau<\/td><td>229<\/td><td>3<\/td><td>222<\/td><td>4<\/td><\/tr><tr><td>&nbsp;<\/td><td>Schaidt<\/td><td>57<\/td><td>1<\/td><td>56<\/td><td>0<\/td><\/tr><tr><td>&nbsp;<\/td><td>W\u00f6rth, Stadt<\/td><td>531<\/td><td>11<\/td><td>516<\/td><td>4<\/td><\/tr><tr><td>&nbsp;<\/td><td>B\u00fcchelberg<\/td><td>31<\/td><td>1<\/td><td>30<\/td><td>0<\/td><\/tr><tr><td><strong>&nbsp;<\/strong><\/td><td><strong>Summen<\/strong><strong><\/strong><\/td><td><strong>848<\/strong><strong><\/strong><\/td><td><strong>16<\/strong><strong><\/strong><\/td><td><strong>824<\/strong><strong><\/strong><\/td><td><strong>8<\/strong><strong><\/strong><\/td><\/tr><tr><td>VG Kandel<\/td><td>Erlenbach<\/td><td>11<\/td><td>0<\/td><td>11<\/td><td>0<\/td><\/tr><tr><td>&nbsp;<\/td><td>Freckenfeld<\/td><td>50<\/td><td>0<\/td><td>50<\/td><td>0<\/td><\/tr><tr><td>&nbsp;<\/td><td>Kandel<\/td><td>283<\/td><td>7<\/td><td>273<\/td><td>3<\/td><\/tr><tr><td>&nbsp;<\/td><td>Minfeld<\/td><td>42<\/td><td>0<\/td><td>42<\/td><td>0<\/td><\/tr><tr><td>&nbsp;<\/td><td>Steinweiler<\/td><td>79<\/td><td>1<\/td><td>77<\/td><td>1<\/td><\/tr><tr><td>&nbsp;<\/td><td>Vollmersweiler<\/td><td>1<\/td><td>0<\/td><td>1<\/td><td>0<\/td><\/tr><tr><td>&nbsp;<\/td><td>Winden<\/td><td>29<\/td><td>0<\/td><td>28<\/td><td>1<\/td><\/tr><tr><td>&nbsp;<\/td><td><strong>Summen<\/strong><strong><\/strong><\/td><td><strong>495<\/strong><strong><\/strong><\/td><td><strong>8<\/strong><strong><\/strong><\/td><td><strong>482<\/strong><strong><\/strong><\/td><td><strong>5<\/strong><strong><\/strong><\/td><\/tr><tr><td>VG Jockgrim<\/td><td>Hatzenb\u00fchl<\/td><td>127<\/td><td>0<\/td><td>124<\/td><td>3<\/td><\/tr><tr><td>&nbsp;<\/td><td>Jockgrim<\/td><td>237<\/td><td>2<\/td><td>230<\/td><td>5<\/td><\/tr><tr><td>&nbsp;<\/td><td>Neupotz<\/td><td>59<\/td><td>2<\/td><td>54<\/td><td>3<\/td><\/tr><tr><td>&nbsp;<\/td><td>Rheinzabern<\/td><td>150<\/td><td>3<\/td><td>144<\/td><td>3<\/td><\/tr><tr><td>&nbsp;<\/td><td><strong>Summen<\/strong><strong><\/strong><\/td><td><strong>573<\/strong><strong><\/strong><\/td><td><strong>7<\/strong><strong><\/strong><\/td><td><strong>552<\/strong><strong><\/strong><\/td><td><strong>14<\/strong><strong><\/strong><\/td><\/tr><tr><td>VG R\u00fclzheim<\/td><td>H\u00f6rdt<\/td><td>109<\/td><td>1<\/td><td>107<\/td><td>1<\/td><\/tr><tr><td>&nbsp;<\/td><td>Kuhardt<\/td><td>69<\/td><td>2<\/td><td>67<\/td><td>0<\/td><\/tr><tr><td>&nbsp;<\/td><td>Leimersheim<\/td><td>69<\/td><td>1<\/td><td>67<\/td><td>1<\/td><\/tr><tr><td>&nbsp;<\/td><td>R\u00fclzheim<\/td><td>286<\/td><td>8<\/td><td>272<\/td><td>6<\/td><\/tr><tr><td>&nbsp;<\/td><td><strong>Summen<\/strong><strong><\/strong><\/td><td><strong>533<\/strong><strong><\/strong><\/td><td><strong>12<\/strong><strong><\/strong><\/td><td><strong>513<\/strong><strong><\/strong><\/td><td><strong>8<\/strong><strong><\/strong><\/td><\/tr><tr><td>VG Bellheim<\/td><td>Bellheim<\/td><td>411<\/td><td>13<\/td><td>370<\/td><td>28<\/td><\/tr><tr><td>&nbsp;<\/td><td>Knittelsheim<\/td><td>50<\/td><td>0<\/td><td>50<\/td><td>0<\/td><\/tr><tr><td>&nbsp;<\/td><td>Ottersheim<\/td><td>90<\/td><td>1<\/td><td>89<\/td><td>0<\/td><\/tr><tr><td>&nbsp;<\/td><td>Zeiskam<\/td><td>97<\/td><td>1<\/td><td>96<\/td><td>0<\/td><\/tr><tr><td>&nbsp;<\/td><td><strong>Summen<\/strong><strong><\/strong><\/td><td><strong>648<\/strong><strong><\/strong><\/td><td><strong>15<\/strong><strong><\/strong><\/td><td><strong>605<\/strong><strong><\/strong><\/td><td><strong>28<\/strong><strong><\/strong><\/td><\/tr><tr><td>Germersheim + So<\/td><td>&nbsp;<\/td><td>1204<\/td><td>18<\/td><td>1168<\/td><td>18<\/td><\/tr><tr><td>&nbsp;<\/td><td><strong>Summen<\/strong><strong><\/strong><\/td><td><strong>1204<\/strong><strong><\/strong><\/td><td><strong>18<\/strong><strong><\/strong><\/td><td><strong>1168<\/strong><strong><\/strong><\/td><td><strong>18<\/strong><strong><\/strong><\/td><\/tr><tr><td>VG Lingenfeld<\/td><td>Freisbach<\/td><td>63<\/td><td>1<\/td><td>61<\/td><td>1<\/td><\/tr><tr><td>&nbsp;<\/td><td>Lingenfeld<\/td><td>256<\/td><td>3<\/td><td>244<\/td><td>9<\/td><\/tr><tr><td>&nbsp;<\/td><td>Lustadt<\/td><td>110<\/td><td>2<\/td><td>106<\/td><td>2<\/td><\/tr><tr><td>&nbsp;<\/td><td>Schwegenheim<\/td><td>143<\/td><td>1<\/td><td>141<\/td><td>1<\/td><\/tr><tr><td>&nbsp;<\/td><td>Weingarten<\/td><td>105<\/td><td>5<\/td><td>99<\/td><td>1<\/td><\/tr><tr><td>&nbsp;<\/td><td>Westheim<\/td><td>103<\/td><td>3<\/td><td>91<\/td><td>9<\/td><\/tr><tr><td>&nbsp;<\/td><td><strong>Summen<\/strong><strong><\/strong><\/td><td><strong>780<\/strong><strong><\/strong><\/td><td><strong>15<\/strong><strong><\/strong><\/td><td><strong>742<\/strong><strong><\/strong><\/td><td><strong>23<\/strong><strong><\/strong><\/td><\/tr><tr><td>&nbsp;<\/td><td>&nbsp;<\/td><td>&nbsp;<\/td><td>&nbsp;<\/td><td>&nbsp;<\/td><td>&nbsp;<\/td><\/tr><tr><td>&nbsp;<\/td><td><strong>Endsummen<\/strong><strong><\/strong><\/td><td><strong>5458<\/strong><strong><\/strong><\/td><td><strong>94<\/strong><strong><\/strong><\/td><td><strong>5239<\/strong><strong><\/strong><\/td><td><strong>125<\/strong><strong><\/strong><\/td><\/tr><\/tbody><\/table><\/figure>\n\n\n\n<p><strong><u>Was bedeutet \u201ebest\u00e4tigter positiver Fall\u201c?<\/u><\/strong><strong><br><\/strong>Von einem best\u00e4tigten positiven Fall spricht das Gesundheitsamt, wenn zu einer Person ein positives PCR-Testergebnis vorliegt. Ein Selbsttest oder Schnelltest reicht hierf\u00fcr nicht aus.<br><strong><u>Was bedeutet \u201eneuer Fall\u201c?<br><\/u><\/strong>Ein neuer Fall entsteht, wenn die Person ein positives PCR-Testergebnis hat und nicht bereits als infiziert erfasst wurde. Es wird nur die Person als Fall gez\u00e4hlt! Weitere positive Testergebnisse der gleichen Person im Verlauf ihrer Erkrankung werden nicht dazugerechnet. Die Person ist und bleibt ein einziger Fall in der Statistik!<br><strong><u>Was bedeutet \u201eaktuell best\u00e4tigte positive F\u00e4lle\u201c?<\/u><br><\/strong>Die Kreisverwaltung ver\u00f6ffentlicht auch die Anzahl der aktuell best\u00e4tigten positiven F\u00e4lle. Hierunter fallen alle aktuell infizierten Personen, die noch nicht als genesen gelten k\u00f6nnen. Alle aktuell best\u00e4tigten positiven F\u00e4lle befinden sich somit noch in Bearbeitung des Gesundheitsamtes.<\/p>\n\n\n\n<p><em>Kreisverwaltung Germersheim<br>29.05.2021<\/em><\/p>\n","protected":false},"excerpt":{"rendered":"<div class=\"mh-excerpt\"><p>Die Abfallwirtschaft r\u00e4t zu alternativen Anlieferungszeiten an den Wertstoffh\u00f6fen Die B\u00fcrgerinnen und B\u00fcrger des Landkreises Germersheim fahren besonders h\u00e4ufig die Wertstoffh\u00f6fe an Freitagen und Samstagen an. Dadurch kommt es aber bedauerlicherweise an diesen Tagen immer <a class=\"mh-excerpt-more\" href=\"https:\/\/speyer24news.com\/?p=37302\" title=\"Germersheim &#038; Landkreis Germersheim (GER)\">[&#8230;]<\/a><\/p>\n<\/div>","protected":false},"author":3,"featured_media":30954,"comment_status":"open","ping_status":"open","sticky":false,"template":"","format":"standard","meta":{"_monsterinsights_skip_tracking":false,"_monsterinsights_sitenote_active":false,"_monsterinsights_sitenote_note":"","_monsterinsights_sitenote_category":0,"footnotes":""},"categories":[449],"tags":[11651,6401,8140,6902,9887,8739,6323,9746,9616,6903,9745,210,11881,1665,5569,11882,11883,11884,11880,11879,11877,11878],"aioseo_notices":[],"amp_enabled":true,"_links":{"self":[{"href":"https:\/\/speyer24news.com\/index.php?rest_route=\/wp\/v2\/posts\/37302"}],"collection":[{"href":"https:\/\/speyer24news.com\/index.php?rest_route=\/wp\/v2\/posts"}],"about":[{"href":"https:\/\/speyer24news.com\/index.php?rest_route=\/wp\/v2\/types\/post"}],"author":[{"embeddable":true,"href":"https:\/\/speyer24news.com\/index.php?rest_route=\/wp\/v2\/users\/3"}],"replies":[{"embeddable":true,"href":"https:\/\/speyer24news.com\/index.php?rest_route=%2Fwp%2Fv2%2Fcomments&post=37302"}],"version-history":[{"count":1,"href":"https:\/\/speyer24news.com\/index.php?rest_route=\/wp\/v2\/posts\/37302\/revisions"}],"predecessor-version":[{"id":37305,"href":"https:\/\/speyer24news.com\/index.php?rest_route=\/wp\/v2\/posts\/37302\/revisions\/37305"}],"wp:featuredmedia":[{"embeddable":true,"href":"https:\/\/speyer24news.com\/index.php?rest_route=\/wp\/v2\/media\/30954"}],"wp:attachment":[{"href":"https:\/\/speyer24news.com\/index.php?rest_route=%2Fwp%2Fv2%2Fmedia&parent=37302"}],"wp:term":[{"taxonomy":"category","embeddable":true,"href":"https:\/\/speyer24news.com\/index.php?rest_route=%2Fwp%2Fv2%2Fcategories&post=37302"},{"taxonomy":"post_tag","embeddable":true,"href":"https:\/\/speyer24news.com\/index.php?rest_route=%2Fwp%2Fv2%2Ftags&post=37302"}],"curies":[{"name":"wp","href":"https:\/\/api.w.org\/{rel}","templated":true}]}}