{"id":37369,"date":"2021-05-30T11:07:44","date_gmt":"2021-05-30T10:07:44","guid":{"rendered":"https:\/\/speyer24news.com\/?p=37369"},"modified":"2021-05-30T11:07:45","modified_gmt":"2021-05-30T10:07:45","slug":"schwetzingen-66","status":"publish","type":"post","link":"https:\/\/speyer24news.com\/?p=37369","title":{"rendered":"Schwetzingen"},"content":{"rendered":"<style type=\"text\/css\">\r\n\t.ads_top_disp{}\r\n\t.ads_top_corner_disp{ float:left; margin:0px 10px 10px 0px; }\r\n\t.ads_first_p_disp{}\r\n\t.ads_bottom_disp{}\r\n\t<\/style>\n<h2 class=\"wp-block-heading\"><strong>Stadtbibliothek \u00f6ffnet am 1. Juni wieder<\/strong><\/h2>\n\n\n\n<div class=\"wp-block-image\"><figure class=\"aligncenter size-large\"><img decoding=\"async\" loading=\"lazy\" width=\"800\" height=\"594\" src=\"https:\/\/speyer24news.com\/wp-content\/uploads\/2020\/05\/books-2596809_1920.jpg\" alt=\"\" class=\"wp-image-26814\" srcset=\"https:\/\/speyer24news.com\/wp-content\/uploads\/2020\/05\/books-2596809_1920.jpg 800w, https:\/\/speyer24news.com\/wp-content\/uploads\/2020\/05\/books-2596809_1920-300x223.jpg 300w, https:\/\/speyer24news.com\/wp-content\/uploads\/2020\/05\/books-2596809_1920-768x570.jpg 768w, https:\/\/speyer24news.com\/wp-content\/uploads\/2020\/05\/books-2596809_1920-80x60.jpg 80w\" sizes=\"(max-width: 800px) 100vw, 800px\" \/><\/figure><\/div>\n\n\n\n<p>Die Stadtbibliothek wird am Dienstag, 1. Juni, wieder f\u00fcr die Besucher\/innen \u00f6ffnen. Zum Besuch der Bibliothek ist kein Corona-Testnachweis erforderlich. Es gelten die \u00fcblichen AHA-Regeln (Abstand, Maskenpflicht, H\u00e4ndedesinfektion).<\/p>\n\n\n\n<p>Die \u00d6ffnung ist aufgrund der aktuell niedrigen Inzidenzwerte (Stand 27. Mai drei&nbsp; Tage unter dem Wert von 50) und vorbehaltlich wieder steigender Inzidenzen m\u00f6glich.&nbsp;<\/p>\n\n\n\n<p>Mit R\u00fccksicht auf Hygienevorschriften und Abstandsregelungen werden nur 15 Personen gleichzeitig eingelassen. Am Eingang stehen Einkaufsk\u00f6rbe bereit (pro Haushalt bitte ein Korb).<\/p>\n\n\n\n<p>Um lange Wartezeiten zu vermeiden, ist das Lesen von Zeitungen und das Nutzen von Sitzgelegenheiten vorerst untersagt. Der Aufenthalt in den Regalzonen wird mit R\u00fccksicht auf andere Leser\/innen auf die Zeit der Medienauswahl beschr\u00e4nkt.<\/p>\n\n\n\n<p>Bis zum 29. Juni werden keine Mahngeb\u00fchren erhoben. Somit besteht keine Eile bei der Medienr\u00fcckgabe.<\/p>\n\n\n\n<p>Leihfristen k\u00f6nnen gerne auch telefonisch unter der Nummer: 06202 87271 oder per E-Mail an:&nbsp;<a href=\"mailto:stadtbibliothek@schwetzingen.de\" target=\"_blank\" rel=\"noreferrer noopener\">stadtbibliothek@schwetzingen.de<\/a>&nbsp;verl\u00e4ngert werden.\u201c<\/p>\n\n\n\n<h4 class=\"wp-block-heading\"><strong>\u00d6ffnungszeiten der Stadtbibliothek:<\/strong><\/h4>\n\n\n\n<ul><li>Montag:\u00a0\u00a0\u00a0\u00a0\u00a0\u00a0\u00a0\u00a0\u00a0\u00a0\u00a0\u00a0\u00a0\u00a0\u00a0\u00a0\u00a0\u00a0\u00a0\u00a0\u00a0\u00a0\u00a0\u00a0\u00a0\u00a0\u00a0\u00a0\u00a0 geschlossen<\/li><li>Dienstag:\u00a0\u00a0\u00a0\u00a0\u00a0\u00a0\u00a0\u00a0\u00a0\u00a0\u00a0\u00a0\u00a0\u00a0\u00a0\u00a0\u00a0\u00a0\u00a0\u00a0\u00a0\u00a0\u00a0\u00a0\u00a0\u00a0\u00a0 10-12 und 14-19 Uhr<\/li><li>Mittwoch:\u00a0\u00a0\u00a0\u00a0\u00a0\u00a0\u00a0\u00a0\u00a0\u00a0\u00a0\u00a0\u00a0\u00a0\u00a0\u00a0\u00a0\u00a0\u00a0\u00a0\u00a0\u00a0\u00a0\u00a0\u00a0\u00a0 10-12 und 14-18 Uhr<\/li><li>Donnerstag:\u00a0\u00a0\u00a0\u00a0\u00a0\u00a0\u00a0\u00a0\u00a0\u00a0\u00a0\u00a0\u00a0\u00a0\u00a0\u00a0\u00a0\u00a0\u00a0\u00a0\u00a0  14-18 Uhr ( 03.06. geschlossen wegen Feiertag)<\/li><li>Freitag:\u00a0\u00a0\u00a0\u00a0\u00a0\u00a0\u00a0\u00a0\u00a0\u00a0\u00a0\u00a0\u00a0\u00a0\u00a0\u00a0\u00a0\u00a0\u00a0\u00a0\u00a0\u00a0\u00a0\u00a0\u00a0\u00a0\u00a0\u00a0\u00a0\u00a0\u00a0 10-15 Uhr<\/li><\/ul>\n\n\n\n<p><em>Stadtverwaltung Schwetzingen<br>30.05.2021<\/em><\/p>\n\n\n\n<h2 class=\"wp-block-heading\"><strong>Verlegung Wochenmarkt<\/strong><\/h2>\n\n\n\n<div class=\"wp-block-image\"><figure class=\"aligncenter size-large\"><img decoding=\"async\" loading=\"lazy\" width=\"375\" height=\"500\" src=\"https:\/\/speyer24news.com\/wp-content\/uploads\/2021\/03\/Wochenmarkt.jpg\" alt=\"\" class=\"wp-image-34433\" srcset=\"https:\/\/speyer24news.com\/wp-content\/uploads\/2021\/03\/Wochenmarkt.jpg 375w, https:\/\/speyer24news.com\/wp-content\/uploads\/2021\/03\/Wochenmarkt-225x300.jpg 225w\" sizes=\"(max-width: 375px) 100vw, 375px\" \/><\/figure><\/div>\n\n\n\n<p>Am&nbsp;<strong>Samstag, den 05. Juni 2021,&nbsp;<\/strong>findet im Lutherhaus ein Impftag statt. Aus diesem Grund muss der Wochenmarkt an diesem Tag auf den&nbsp;<strong>n\u00f6rdlichen Schlossplatz<\/strong>&nbsp;verlegt werden. &nbsp;Die Marktstandplatzierung erfolgt durch den Gemeindevollzugsdienst.<\/p>\n\n\n\n<p><em>Stadtverwaltung Schwetzingen<br>30.05.2021<\/em><\/p>\n\n\n\n<h2 class=\"wp-block-heading\"><strong>Weitere 1.500 Schwetzinger\/innen k\u00f6nnen im Lutherhaus geimpft werden<\/strong><\/h2>\n\n\n\n<div class=\"wp-block-image\"><figure class=\"aligncenter size-large\"><img decoding=\"async\" loading=\"lazy\" width=\"800\" height=\"533\" src=\"https:\/\/speyer24news.com\/wp-content\/uploads\/2020\/11\/vaccination-2722937_1920.jpg\" alt=\"\" class=\"wp-image-31275\" srcset=\"https:\/\/speyer24news.com\/wp-content\/uploads\/2020\/11\/vaccination-2722937_1920.jpg 800w, https:\/\/speyer24news.com\/wp-content\/uploads\/2020\/11\/vaccination-2722937_1920-300x200.jpg 300w, https:\/\/speyer24news.com\/wp-content\/uploads\/2020\/11\/vaccination-2722937_1920-768x512.jpg 768w\" sizes=\"(max-width: 800px) 100vw, 800px\" \/><\/figure><\/div>\n\n\n\n<p>Die Stadt Schwetzingen bietet im Zeitraum vom 03.06. bis 07.06.2021 (Erstimpfung) und 08. bis 12.07.2021 (Zweitimpfung) weiteren 1.500 Schwetzinger B\u00fcrger\/innen die M\u00f6glichkeit, eine Impfung mit dem Impfstoff Moderna zu erhalten.<\/p>\n\n\n\n<h4 class=\"wp-block-heading\"><strong><u>Achtung:<\/u><\/strong><\/h4>\n\n\n\n<p><strong>Das Impfangebot richtet sich\u00a0<u>ausschlie\u00dflich<\/u>\u00a0an Schwetzinger B\u00fcrger\/innen und Personen, die in Schwetzingen arbeiten (Lebensmittel- und Einzelhandel,<\/strong>\u00a0<strong>Gastronomie, K\u00f6rpernahe Dienstleistungen).\u00a0<u>Ausw\u00e4rtige werden nicht ber\u00fccksichtigt<\/u>! \u00a0<\/strong><\/p>\n\n\n\n<p><strong>F\u00fcr die Erstimpfung wird es&nbsp;<u>keine Terminvereinbarung\/Voranmeldung<\/u>&nbsp;geben, weshalb mit l\u00e4ngeren Wartezeiten zu rechnen ist.<\/strong>&nbsp;Die Impfaktion findet im Lutherhaus auf den Kleinen Planken in der Mannheimer Stra\u00dfe 36 statt. Am 3. Juni ab 10.30 Uhr, vom 4. bis einschlie\u00dflich 7. Juni ab 9.30 Uhr. T\u00e4glich stehen rund 300 Impfdosen zur Verf\u00fcgung.<\/p>\n\n\n\n<p><strong>Zur Impfung m\u00fcssen der Personalausweis, die Krankenversichertenkarte sowie der Impfpass mitgebracht werden.<\/strong><strong><\/strong><\/p>\n\n\n\n<p>Die Stadt bittet alle Impfwilligen, die bekannten Hygiene- und Abstandsregeln beim Warten einzuhalten und erinnert an die bestehende Maskenpflicht auf den Kleinen Planken.<\/p>\n\n\n\n<p>Interessierte k\u00f6nnen sich bei Fragen telefonisch (06202\/87-233) oder per E-Mail (<a href=\"mailto:impfung@schwetzingen.de\" target=\"_blank\" rel=\"noreferrer noopener\">impfung@schwetzingen.de<\/a>) an die Stadt wenden.<\/p>\n\n\n\n<p><em>Stadtverwaltung Schwetzingen<br>30.05.2021<\/em><\/p>\n\n\n\n<h2 class=\"wp-block-heading\"><strong>Altersgerecht Umbauen &#8211; gewusst wie!<\/strong><\/h2>\n\n\n\n<h3 class=\"wp-block-heading\">N\u00e4chste kostenlose Wohnberatung am 16. Juni 2021 findet als telefonische Beratung statt<\/h3>\n\n\n\n<p>Am Mittwoch, 16. Juni 2021, findet von 9.30 \u2013 10.30 Uhr die n\u00e4chste kostenlose Wohnberatung zu altersgerechtem Wohnen statt.&nbsp;Da aufgrund der Corona-Pandemie derzeit keine Beratung im Generationenb\u00fcro stattfinden kann, wird die Innenarchitektin Ulla Badura eine telefonische Beratung anbieten.<\/p>\n\n\n\n<p>Das Generationenb\u00fcro bittet per E-Mail:\u00a0<a rel=\"noreferrer noopener\" href=\"mailto:generationenbuero@schwetzingen.de\" target=\"_blank\">generationenbuero@schwetzingen.de<\/a>\u00a0oder unter der Telefonnummer\u00a0 06202\/87-492 oder -493 um Voranmeldung.<\/p>\n\n\n\n<p><em>Stadtverwaltung Schwetzingen<br>30.05.2021<\/em><\/p>\n\n\n\n<h1 class=\"has-text-align-center wp-block-heading\">Verkehrsnotiz<\/h1>\n\n\n\n<div class=\"wp-block-image\"><figure class=\"aligncenter size-large\"><img decoding=\"async\" loading=\"lazy\" width=\"800\" height=\"565\" src=\"https:\/\/speyer24news.com\/wp-content\/uploads\/2020\/01\/Baustelle-2.jpg\" alt=\"\" class=\"wp-image-23900\" srcset=\"https:\/\/speyer24news.com\/wp-content\/uploads\/2020\/01\/Baustelle-2.jpg 800w, https:\/\/speyer24news.com\/wp-content\/uploads\/2020\/01\/Baustelle-2-300x212.jpg 300w, https:\/\/speyer24news.com\/wp-content\/uploads\/2020\/01\/Baustelle-2-768x542.jpg 768w\" sizes=\"(max-width: 800px) 100vw, 800px\" \/><\/figure><\/div>\n\n\n\n<h2 class=\"wp-block-heading\"><strong>Zeitweise Sperrung der Nadlerstra\u00dfe in H\u00f6he der Bushaltestelle am 8. Juni &#8211; Bus f\u00e4hrt Haltestelle nur eingeschr\u00e4nkt an<\/strong><\/h2>\n\n\n\n<p>Am Dienstag, 8. Juni, ist die Nadlerstra\u00dfe in Fahrtrichtung Carl-Theodor-Br\u00fccke in H\u00f6he der Bushaltestelle Herzogstra\u00dfe in der Zeit von 6.00 bis 9.30 Uhr halbseitig gesperrt. Grund ist ein privates Bauvorhaben, f\u00fcr das ein Kran gestellt werden muss. In dieser Zeit werden die Buslinien 713, 715 und 716 die Haltestelle Herzogstra\u00dfe nicht anfahren. Fahrg\u00e4ste sollten w\u00e4hrend dieser Zeit auf die Haltestellen Bahnhof oder August-Neuhaus-Stra\u00dfe (Linie 713), Lessingstra\u00dfe (Linie 715) und Carl-Theodor-Br\u00fccke (Linie 716) ausweichen.<\/p>\n\n\n\n<p><em>Stadtverwaltung Schwetzingen<br>30.05.2021<\/em><\/p>\n","protected":false},"excerpt":{"rendered":"<div class=\"mh-excerpt\"><p>Stadtbibliothek \u00f6ffnet am 1. Juni wieder Die Stadtbibliothek wird am Dienstag, 1. Juni, wieder f\u00fcr die Besucher\/innen \u00f6ffnen. Zum Besuch der Bibliothek ist kein Corona-Testnachweis erforderlich. Es gelten die \u00fcblichen AHA-Regeln (Abstand, Maskenpflicht, H\u00e4ndedesinfektion). Die <a class=\"mh-excerpt-more\" href=\"https:\/\/speyer24news.com\/?p=37369\" title=\"Schwetzingen\">[&#8230;]<\/a><\/p>\n<\/div>","protected":false},"author":3,"featured_media":26914,"comment_status":"open","ping_status":"open","sticky":false,"template":"","format":"standard","meta":{"_monsterinsights_skip_tracking":false,"_monsterinsights_sitenote_active":false,"_monsterinsights_sitenote_note":"","_monsterinsights_sitenote_category":0,"footnotes":""},"categories":[477],"tags":[5440,11948,9176,11085,11947,11949,154,6813,11092,6132],"aioseo_notices":[],"amp_enabled":true,"_links":{"self":[{"href":"https:\/\/speyer24news.com\/index.php?rest_route=\/wp\/v2\/posts\/37369"}],"collection":[{"href":"https:\/\/speyer24news.com\/index.php?rest_route=\/wp\/v2\/posts"}],"about":[{"href":"https:\/\/speyer24news.com\/index.php?rest_route=\/wp\/v2\/types\/post"}],"author":[{"embeddable":true,"href":"https:\/\/speyer24news.com\/index.php?rest_route=\/wp\/v2\/users\/3"}],"replies":[{"embeddable":true,"href":"https:\/\/speyer24news.com\/index.php?rest_route=%2Fwp%2Fv2%2Fcomments&post=37369"}],"version-history":[{"count":1,"href":"https:\/\/speyer24news.com\/index.php?rest_route=\/wp\/v2\/posts\/37369\/revisions"}],"predecessor-version":[{"id":37370,"href":"https:\/\/speyer24news.com\/index.php?rest_route=\/wp\/v2\/posts\/37369\/revisions\/37370"}],"wp:featuredmedia":[{"embeddable":true,"href":"https:\/\/speyer24news.com\/index.php?rest_route=\/wp\/v2\/media\/26914"}],"wp:attachment":[{"href":"https:\/\/speyer24news.com\/index.php?rest_route=%2Fwp%2Fv2%2Fmedia&parent=37369"}],"wp:term":[{"taxonomy":"category","embeddable":true,"href":"https:\/\/speyer24news.com\/index.php?rest_route=%2Fwp%2Fv2%2Fcategories&post=37369"},{"taxonomy":"post_tag","embeddable":true,"href":"https:\/\/speyer24news.com\/index.php?rest_route=%2Fwp%2Fv2%2Ftags&post=37369"}],"curies":[{"name":"wp","href":"https:\/\/api.w.org\/{rel}","templated":true}]}}