{"id":37373,"date":"2021-05-30T11:34:42","date_gmt":"2021-05-30T10:34:42","guid":{"rendered":"https:\/\/speyer24news.com\/?p=37373"},"modified":"2021-05-30T11:39:03","modified_gmt":"2021-05-30T10:39:03","slug":"kirche-95","status":"publish","type":"post","link":"https:\/\/speyer24news.com\/?p=37373","title":{"rendered":"Kirche"},"content":{"rendered":"<style type=\"text\/css\">\r\n\t.ads_top_disp{}\r\n\t.ads_top_corner_disp{ float:left; margin:0px 10px 10px 0px; }\r\n\t.ads_first_p_disp{}\r\n\t.ads_bottom_disp{}\r\n\t<\/style>\n<h2 class=\"wp-block-heading\">Fundament und lebendiger Bestandteil des kulturellen Lebens<\/h2>\n\n\n\n<h3 class=\"wp-block-heading\">Mit einem offenen Brief haben Kulturschaffende und -verantwortliche auf die ab Herbst geplante Absetzung der Sendung &#8222;SWR2 Geistliche Musik&#8220; reagiert.<\/h3>\n\n\n\n<p><strong>Speyer <em>(lk) <\/em>&#8211; <\/strong>Mit einem offenen Brief appellieren die Autoren an SWR-Intendant Kai Gniffke, die Pl\u00e4ne zur Abschaffung des Sendeplatzes &#8222;SWR2 Geistliche Musik&#8220; zu revidieren. Mehr als 50 Kulturschaffende und -verantwortliche unterzeichneten den Appell vom 28. Mai 2021 und beziehen sich damit auf die Aussagen des SWR zur traditionsreichen Sendung am Samstagabend: &#8222;Einhalten, Innehalten, Stillehalten nach einer bewegten Woche, ein Bed\u00fcrfnis, das viele Menschen in dieser hektischen Zeit versp\u00fcren.&#8220; Das gelte nach wie vor, so die Unterzeichnerinnen und Unterzeichner.<\/p>\n\n\n\n<p>Geistliche Musik sei Fundament und lebendiger Bestandteil des kulturellen Lebens und Welterbes in der Vergangenheit, Gegenwart und Zukunft. Sie stehe f\u00fcr die Besch\u00e4ftigung mit existenziellen Fragen. Diese w\u00fcrden in den musikalischen Traditionen der Christenheit, des Judentums und anderer Religionen k\u00fcnstlerisch aufgegriffen. Moderne Stilistiken sowie eine produktive interreligi\u00f6se Musikszene seien zudem nicht nur f\u00fcr die Kirche oder eine kirchlich gepr\u00e4gte H\u00f6rerschaft von gro\u00dfer Bedeutung.<\/p>\n\n\n\n<p>Gem\u00e4\u00df des Auftrags zur regionalen Kulturf\u00f6rderung habe der SWR eine starke Identifikation mit Orten und Ensembles der geistlichen Musik im Sendegebiet geschaffen. Die Absetzung des Formats betr\u00e4fe K\u00fcnstlerinnen und K\u00fcnstler aus dem Sendegebiet somit massiv.<br>Die Pl\u00e4ne zur Abschaffung des Sendeplatzes st\u00fcnden in einem deutlichen Missverh\u00e4ltnis zur hohen kulturellen Bedeutung der geistlichen Musik und zum Auftrag des \u00f6ffentlich-rechtlichen Rundfunks, so die Absender des offenen Briefes an den Intendanten Gniffke.<\/p>\n\n\n\n<p><em>Evangelische Kirche der Pfalz (Protestantische Landeskirche)<br>30.05.2021<\/em><\/p>\n\n\n\n<h2 class=\"wp-block-heading\"><strong>Terminkalender des Bistum Speyer im Juni 2021<\/strong><\/h2>\n\n\n\n<div class=\"wp-block-image\"><figure class=\"aligncenter size-large\"><img decoding=\"async\" loading=\"lazy\" width=\"375\" height=\"500\" src=\"https:\/\/speyer24news.com\/wp-content\/uploads\/2020\/03\/Dom.jpg\" alt=\"\" class=\"wp-image-25911\" srcset=\"https:\/\/speyer24news.com\/wp-content\/uploads\/2020\/03\/Dom.jpg 375w, https:\/\/speyer24news.com\/wp-content\/uploads\/2020\/03\/Dom-225x300.jpg 225w\" sizes=\"(max-width: 375px) 100vw, 375px\" \/><\/figure><\/div>\n\n\n\n<h4 class=\"wp-block-heading\"><strong>Ein Hinweis: <\/strong><\/h4>\n\n\n\n<p>Aufgrund der aktuellen Corona-Pandemie k\u00f6nnen Termine kurzfristig ausfallen. Alle Veranstaltungen die stattfinden, werden unter Ber\u00fccksichtigung der geltenden Hygieneregeln durchgef\u00fchrt.<\/p>\n\n\n\n<figure class=\"wp-block-table\"><table><tbody><tr><td>3.6.<\/td><td>Fronleichnamsfest. 10 Uhr Pontifikalamt mit Weihbischof Otto Georgens im Speyerer Dom. Anschlie\u00dfend Segnung der Stadt<\/td><\/tr><tr><td>4.6.<\/td><td>16 Uhr Pastoralbesuch von Weihbischof Otto Georgens in Kandel.<\/td><\/tr><tr><td>4.6.<\/td><td>Gedenktag f\u00fcr die Stifter des Domes. 18 Uhr Kapitelsvesper im Speyerer Dom. 18.30 Uhr Kapitelsamt im Speyerer Dom.<\/td><\/tr><tr><td>5.6.<\/td><td>19.30 Uhr \u201cSeekMe\u201d \u2013 Jugendgottesdienst in der Krypta des Speyerer Domes.<\/td><\/tr><tr><td>5.\/6.6.<\/td><td>Firmungen durch Generalvikar Andreas Sturm in Neustadt, Hl. Theresia von Avila.<\/td><\/tr><tr><td>6.6.<\/td><td>UNESCO-Welterbetag mit zahlreichen Online-Angeboten am Dom zu Speyer.<\/td><\/tr><tr><td>6.6.<\/td><td>10 und 16 Uhr: Firmungen durch Weihbischof Otto Georgens in Petersberg.<\/td><\/tr><tr><td>6.6.<\/td><td>20 Uhr Konzert des Deutschen Kammerchors im Speyerer Dom anl\u00e4sslich des Festjahres \u201c1700 Jahre j\u00fcdisches Leben in Deutschland\u201d. (als Stream)<\/td><\/tr><tr><td>8.6.<\/td><td>1846 Beginn der Ausmalung durch Johannes Schraudolph (bis 1853) vor 175 Jahren.<\/td><\/tr><tr><td>8.6.<\/td><td>\u00d6kumenisches Gipfeltreffen der Kirchenleitungen des Bistums Speyer und der Evangelischen Landeskirche der Pfalz.<\/td><\/tr><tr><td>8.6.<\/td><td>9 Uhr bis 16 Uhr Schulung Institutionelle Schutzkonzepte mit Christine Lormes (Pr\u00e4ventionsbeauftragte) im Jugendhaus St. Christophorus in Bad D\u00fcrkheim.<\/td><\/tr><tr><td>8.6.<\/td><td>19.30 Uhr bis 21 Uhr Vortrag mit Diskussion zum Thema \u201cWiderstand gegen eine ungerechte Autorit\u00e4t \u2013 Die Entwicklung der inneren Kraft der Sophie Scholl\u201d.<\/td><\/tr><tr><td>9.6.<\/td><td>16 Uhr Pastoralbesuch von Weihbischof Otto Georgens in Bexbach.<\/td><\/tr><tr><td>10.6.<\/td><td>16 Uhr Pastoralbesuch von Weihbischof Otto Georgens in Kusel.<\/td><\/tr><tr><td>10.6.<\/td><td>19.30 Uhr bis 21 Uhr Vortrag zum Thema \u201cJanusz Korczak und das Prinzip der Achtung der Kinder \u2013 P\u00e4dagogik und Lebensgeschichte eines j\u00fcdischen Polen aus dem 20. Jahrhundert\u201d. Veranstaltung im Rahmen der Reihe \u201c1700 Jahre j\u00fcdisches Leben in Deutschland\u201d Veranstalter: Kath. Erwachsenenbildung Di\u00f6zese Speyer in Kooperation mit dem Heinrich Pesch Haus, Ludwigshafen.<\/td><\/tr><\/tbody><\/table><\/figure>\n\n\n\n<figure class=\"wp-block-table\"><table><tbody><tr><td>11.6.<\/td><td>16 Uhr Pastoralbesuch von Weihbischof Otto Georgens in Waldsee.<\/td><\/tr><tr><td>11.6.<\/td><td>Jeweils um 19 Uhr, 20.30 Uhr und 22 Uhr Wandelkonzert unter dem Titel \u201cSpeyer.Kultur.Hoffnungskl\u00e4nge\u201d im Dom zu Speyer und an drei weiteren Orten in der Stadt.<\/td><\/tr><tr><td>12.6.<\/td><td>10 und 16 Uhr: Firmungen durch Weihbischof Otto Georgens in Ludwigshafen, St. Hedwig.<\/td><\/tr><tr><td>12.6.<\/td><td>14.30 Uhr bis 17 Uhr Einf\u00fchrung in das Notenschreibprogramm \u201cCapella\u201d \u2013 Chornoten, Klavier- und Orgelnoten am PC selbst schreiben. Fortbildung f\u00fcr alle Interessierten im Pfarrheim St. Michael in Bellheim (Hauptstr. 96). Leitung: Dekanatskantor Bernd Greiner<\/td><\/tr><tr><td>13.6.<\/td><td>10 und 16 Uhr Firmungen durch Weihbischof Otto Georgens in Landau, Hl. Kreuz.<\/td><\/tr><tr><td>13.6.<\/td><td>17 Uhr Konzert unter dem Titel \u201cOb Sie\u2019s glauben oder nicht\u201d \u2013 Songs nach biblischen Geschichten in der Pfarrkirche St. Maria in Landau. Veranstaltung im Rahmen der Reihe \u201c1700 Jahre j\u00fcdisches Leben in Deutschland\u201d. Veranstalter: Kath. Erwachsenenbildung Di\u00f6zese Speyer in Kooperation mit der Pfarrei Mari\u00e4 Himmelfahrt, Landau und dem Prot. Kirchenbezirk Landau.<\/td><\/tr><tr><td>15.6.<\/td><td>Gedenktag f\u00fcr die verstorbenen Bisch\u00f6fe und Priester der Kathedrale \/ Jahrged\u00e4chtnis f\u00fcr Bischof em. Dr. Anton Schlembach 18 Uhr Pontifikalamt mit Weihbischof Otto Georgens im Speyerer Dom.<\/td><\/tr><tr><td>16.6.<\/td><td>1991 Staatsbesuch von Brian Mulroney, kanadischer Premierminister, mit Bundeskanzler Helmut Kohl vor 30 Jahren.<\/td><\/tr><tr><td>16.6.<\/td><td>Begegnungstag der Priester im Geistlichen Zentrum Maria Rosenberg bei Waldfischbach-Burgalben mit Generalvikar Andreas Sturm.<\/td><\/tr><tr><td>16.6.<\/td><td>16 Uhr Pastoralbesuch von Weihbischof Otto Georgens in Maxdorf.<\/td><\/tr><tr><td>17.6.<\/td><td>Visionsprozess Segensorte im Bistum Speyer 18.30 Uhr Online-Resonanzraum mit Professor Seewald zum Thema \u201cVision und Wirklichkeit\u201d.<\/td><\/tr><tr><td>17.6.<\/td><td>19 Uhr Abendgebet im Jugendhaus St. Christophorus in Bad D\u00fcrkheim.<\/td><\/tr><tr><td>18.6.<\/td><td>15 Uhr \u00dcbergabe des \u201cWeinzehnten\u201d vor dem Speyerer Dom durch Kirrweilerer Winzer.<\/td><\/tr><tr><td>18.6.<\/td><td>Pastoralbesuch von Generalvikar Andreas Sturm in Herxheim.<\/td><\/tr><tr><td>18. \u2013 20.6.<\/td><td>BDKJ-Di\u00f6zesanversammlung<\/td><\/tr><tr><td>19.6.<\/td><td>9.30 Uhr bis 12.30 Uhr \u201cFrida 2021\u201d \u2013 \u00d6kumenischer Frauentag mit Inspiration, Diskussion und Austausch. Thema \u201cVerbunden sein. Ich bin, weil Du bist\u201d.<\/td><\/tr><tr><td>19.6.<\/td><td>10 Uhr und 16 Uhr: Firmungen durch Weihbischof Otto Georgens in Ludwigshafen, Hl. Edith Stein.<\/td><\/tr><tr><td>19.6.<\/td><td>14 Uhr bis 17 Uhr Kurs \u201cNeues Geistliches Lied \u2013 Begleitung am Klavier\u201d im Pfarrheim Edith-Stein-Haus in Bad Bergzabern (Weinstra\u00dfe 38). Leitung: Dekanatskantor Horst Christill<\/td><\/tr><tr><td>19.6.<\/td><td>Pastoralbesuch von Generalvikar Andreas Sturm in Maikammer.<\/td><\/tr><\/tbody><\/table><\/figure>\n\n\n\n<figure class=\"wp-block-table\"><table><tbody><tr><td>20.6.<\/td><td>10 und 16 Uhr Firmungen durch Weihbischof Otto Georgens in Landau, St. Maria.<\/td><\/tr><tr><td>21.6.<\/td><td>19 Uhr bis 20 Uhr \u201cBrot &amp; Palaver\u201d \u2013 Dialogreihe des BDKJ Speyer. Thema \u201cAnerkennung und Wertsch\u00e4tzung des FSJ<\/td><\/tr><tr><td>23.6.<\/td><td>Pastoralbesuch von Generalvikar Andreas Sturm in Rockenhausen.<\/td><\/tr><tr><td>24.6.<\/td><td>16 Uhr Pastoralbesuch von Weihbischof Otto Georgens in Landstuhl.<\/td><\/tr><tr><td>25.6.<\/td><td>16 Uhr Pastoralbesuch von Weihbischof Otto Georgens in Mandelbachtal.<\/td><\/tr><tr><td>25.6.<\/td><td>19.30 Uhr Szenische Lesung unter dem Titel \u201cEphraim Kishon: Die beste Ehefrau von allen und ich\u201d im Thomas-Morus-Haus in Homburg-Erbach. Veranstaltung im Rahmen der Reihe \u201c1700 Jahre j\u00fcdisches Leben in Deutschland\u201d<\/td><\/tr><tr><td>26.6.<\/td><td>18 Uhr Firmung durch Weihbischof Otto Georgens in Blieskastel, Hl. Familie.<\/td><\/tr><tr><td>27.6.<\/td><td>10 Uhr Firmung durch Weihbischof Otto Georgens in Blieskastel, Hl. Familie.<\/td><\/tr><tr><td>27.6.<\/td><td>Kolping Di\u00f6zesan Familien- und Musiktag \u2013 digitales Format<\/td><\/tr><tr><td>29.6.<\/td><td>Fest Peter und Paul. 18 Uhr Kapitelsvesper im Speyerer Dom. 18.30 Uhr Kapitelsamt im Speyerer Dom.<\/td><\/tr><tr><td>30.6.<\/td><td>Todestag und Gedenktag des Hl. Otto von Bamberg (Otto-Portal und Darstellung auf dem Hauptportal innen)<\/td><\/tr><tr><td>30.6.<\/td><td>16 Uhr Pastoralbesuch von Weihbischof Otto Georgens in Deidesheim.<\/td><\/tr><tr><td>30.6.<\/td><td>Pastoralbesuch von Generalvikar Andreas Sturm in Pirmasens.<\/td><\/tr><\/tbody><\/table><\/figure>\n\n\n\n<p><em>Text: Bistum Speyer Foto: Speyer 24\/7 News<br>30.05.2021<\/em><\/p>\n\n\n\n<h2 class=\"wp-block-heading\"><strong>Krypta und Kaisergr\u00e4ber ab 30. Mai wieder ge\u00f6ffnet<\/strong><strong><\/strong><\/h2>\n\n\n\n<h3 class=\"wp-block-heading\"><strong>Weltgr\u00f6\u00dfte Hallenkrypta wieder f\u00fcr Besucher zug\u00e4nglich<\/strong><\/h3>\n\n\n\n<div class=\"wp-block-image\"><figure class=\"aligncenter size-large\"><img decoding=\"async\" loading=\"lazy\" width=\"800\" height=\"546\" src=\"https:\/\/speyer24news.com\/wp-content\/uploads\/2021\/05\/Krypta2-by-Landry.jpg\" alt=\"\" class=\"wp-image-37378\" srcset=\"https:\/\/speyer24news.com\/wp-content\/uploads\/2021\/05\/Krypta2-by-Landry.jpg 800w, https:\/\/speyer24news.com\/wp-content\/uploads\/2021\/05\/Krypta2-by-Landry-300x205.jpg 300w, https:\/\/speyer24news.com\/wp-content\/uploads\/2021\/05\/Krypta2-by-Landry-768x524.jpg 768w\" sizes=\"(max-width: 800px) 100vw, 800px\" \/><figcaption>Blick in die Krypta des Speyerer Doms.<br><em>Foto: \u00a9 Domkapitel Speyer \/ Klaus Landry<\/em><\/figcaption><\/figure><\/div>\n\n\n\n<p>Seit sieben Monaten ruhten die touristischen Angebote im Dom zu Speyer. Nach der j\u00fcngsten Landesverordnung und im Gespr\u00e4ch mit dem Ordnungsamt Speyer ist nun eine erste Lockerung m\u00f6glich:&nbsp; Krypta und Kaisergr\u00e4ber sind ab Sonntag, 30. Mai zwischen 11:30 Uhr und 16:30 Uhr erstmals wieder f\u00fcr Besucher zug\u00e4nglich. M\u00f6glich ist dies, da die Inzidenz in Speyer sieben Tage lang unter 100 lag.&nbsp;Notwendige Voraussetzung f\u00fcr den Besuch ist eine Online-Reservierung \u00fcber die Homepage des Doms. Diese ist kostenfrei und kann auch unmittelbar vor dem Besuch erfolgen. Eine Testpflicht besteht nicht. Im gesamten Dom gilt die Pflicht zum Tragen eines&nbsp;medizinischen Mund-Nase-Schutzes und zum Einhalten des Mindestabstandes. \u201eNach einer langen Phase der Schlie\u00dfung freuen wir uns sehr, dass wir Besuchern den Zugang zur Krypta und der Herrschergr\u00e4bern wieder erm\u00f6glichen k\u00f6nnen,\u201c sagt Bastian Hoffmann, Leiter des Dom-Besuchermanagements. \u201eHier danken wir der Stadt Speyer und insbesondere dem Ordnungsamt f\u00fcr die gute Zusammenarbeit.\u201c<\/p>\n\n\n\n<p>Auch die Ausleihe von Audioguides ist ab dem 30. Mai wieder m\u00f6glich, diese werden seit jeher nach jedem Gebrauch vollfl\u00e4chig desinfiziert. F\u00fchrungen k\u00f6nnen noch nicht stattfinden. Kaisersaal und Turm bleiben zun\u00e4chst aus organisatorischen Gr\u00fcnden weiterhin geschlossen.&nbsp;Die Dom-Info bietet Termin-Shopping an, ist jedoch nicht regul\u00e4r ge\u00f6ffnet. Alle Angebote stehen unter dem Vorbehalt beh\u00f6rdlicher Anordnungen.<\/p>\n\n\n\n<p>Der Dom steht t\u00e4glich zum pers\u00f6nlichen Gebet und zur Besinnung offen. Krypta und Kaisergr\u00e4ber waren seit dem 2. November geschlossen. F\u00fcr den Besuch dieses Bereichs wird eine Eintrittsgeb\u00fchr erhoben, mit der die Besucher den Bauerhalt des Doms unterst\u00fctzen. Die Krypta ist der \u00e4lteste Teil des Doms und geh\u00f6rt zu den gr\u00f6\u00dften Unterkirchen der Welt. Die strenge geometrische Gliederung bei gleichzeitiger Schlichtheit der Bauformen verleihen ihr eine besondere Aura. Durch einen im 20. Jahrhundert angelegten Zugang gelangt man von der Krypta aus zu den Gr\u00e4bern der salischen Kaiserdynastie sowie weiterer bedeutender Herrscher des Mittelalters.<\/p>\n\n\n\n<p><em>Text: Bistum Speyer Foto: \u00a9 Domkapitel Speyer \/ Klaus Landry<br>30.05.2021<\/em><\/p>\n\n\n\n<h2 class=\"wp-block-heading\"><strong>Erstmals seit 30 Jahren: P\u00e4pstlicher Ritterorden nimmt Mitglieder im Dom zu Speyer auf<\/strong><\/h2>\n\n\n\n<h3 class=\"wp-block-heading\"><strong>Ritterorden vom Heiligen Grab feiert corona-gem\u00e4\u00df Investitur in Speyer \u2013 Kardinal Reinhard Marx kommt nach Speyer<\/strong><\/h3>\n\n\n\n<div class=\"wp-block-image\"><figure class=\"aligncenter size-large\"><img decoding=\"async\" loading=\"lazy\" width=\"483\" height=\"594\" src=\"https:\/\/speyer24news.com\/wp-content\/uploads\/2021\/05\/Ritterorden-vom-Heiligen-Grab-zu-Jerusalem.jpg\" alt=\"\" class=\"wp-image-37081\" srcset=\"https:\/\/speyer24news.com\/wp-content\/uploads\/2021\/05\/Ritterorden-vom-Heiligen-Grab-zu-Jerusalem.jpg 483w, https:\/\/speyer24news.com\/wp-content\/uploads\/2021\/05\/Ritterorden-vom-Heiligen-Grab-zu-Jerusalem-244x300.jpg 244w\" sizes=\"(max-width: 483px) 100vw, 483px\" \/><\/figure><\/div>\n\n\n\n<p>Im Rahmen der Investitur (Aufnahme in den Ritterorden durch Einkleidung) nehmen Reinhard Kardinal Marx, Erzbischof von M\u00fcnchen und Freising und Gro\u00dfprior des Ritterordens vom Heiligen Grab zu Jerusalem, und der Statthalter des Ritterordens in Deutschland, Dr. Michael Schnieders, am Samstag, den 29. Mai 2021 23 Kandidatinnen und Kandidaten in den Ritterorden auf. Unter den neuen Mitgliedern sind dreizehn M\u00e4nner, darunter drei Geistliche, und zehn Frauen. Die neuen Ordensmitglieder erhalten Ordenskreuz und Mantel, die Herren zus\u00e4tzlich einen Ritterschlag. Der Investiturgottesdienst finden im Kaiser- und Mariendom zu Speyer statt.<\/p>\n\n\n\n<div class=\"wp-block-image\"><figure class=\"aligncenter size-large\"><img decoding=\"async\" loading=\"lazy\" width=\"800\" height=\"527\" src=\"https:\/\/speyer24news.com\/wp-content\/uploads\/2021\/05\/Ritterorden-296.jpg\" alt=\"\" class=\"wp-image-37379\" srcset=\"https:\/\/speyer24news.com\/wp-content\/uploads\/2021\/05\/Ritterorden-296.jpg 800w, https:\/\/speyer24news.com\/wp-content\/uploads\/2021\/05\/Ritterorden-296-300x198.jpg 300w, https:\/\/speyer24news.com\/wp-content\/uploads\/2021\/05\/Ritterorden-296-768x506.jpg 768w\" sizes=\"(max-width: 800px) 100vw, 800px\" \/><\/figure><\/div>\n\n\n\n<p>An diesem Gottesdienst, der unter strenger Beachtung der Corona-Vorgaben des Landes Rheinland-Pfalz und des Bistums Speyer stattfindet, werden unter anderem mit Blick auf das Abstandsgebot nur 100 Teilnehmer teilnehmen. Urspr\u00fcnglich plante die Gemeinschaft des Ritterordens eine Investiturfeier mit gut 700 Teilnehmern in Speyer. Angesichts der Herausforderungen der Corona-Pandemie verzichtet die Gemeinschaft des Ritterordens darauf, die Begegnung in der traditionellen Form der Gro\u00dfveranstaltung durchzuf\u00fchren.<\/p>\n\n\n\n<p>Statthalter Dr. Michael Schnieders zeigt sich erfreut dar\u00fcber, dass die deutsche Statthalterei trotz Corona am 29. Mai 2021 unter strengen Hygiene-Auflagen in Speyer eine reduzierte Form der sonst mehrt\u00e4gigen Feierlichkeiten durchf\u00fchren kann: \u201cWir konzentrieren uns dazu auf das Zentrum einer Investitur: die Einstimmung sowie die feierliche Aufnahme neuer Mitglieder in unsere Ordensgemeinschaft\u201d, so Dr. Schnieders.<\/p>\n\n\n\n<div class=\"wp-block-image\"><figure class=\"aligncenter size-large\"><img decoding=\"async\" loading=\"lazy\" width=\"800\" height=\"535\" src=\"https:\/\/speyer24news.com\/wp-content\/uploads\/2021\/05\/Ritterorden-131.jpg\" alt=\"\" class=\"wp-image-37380\" srcset=\"https:\/\/speyer24news.com\/wp-content\/uploads\/2021\/05\/Ritterorden-131.jpg 800w, https:\/\/speyer24news.com\/wp-content\/uploads\/2021\/05\/Ritterorden-131-300x201.jpg 300w, https:\/\/speyer24news.com\/wp-content\/uploads\/2021\/05\/Ritterorden-131-768x514.jpg 768w\" sizes=\"(max-width: 800px) 100vw, 800px\" \/><figcaption>Speyer, Dom Ritterorden, Investitur &#8211; Kandidaten, Kardinal Marx mit dem Schwert, Marcus Baumann und Wofgang Appel (dahinter)<\/figcaption><\/figure><\/div>\n\n\n\n<p>\u201eBei der Vorbereitung und Durchf\u00fchrung des Investiturgottesdienstes haben wir gr\u00f6\u00dften Wert auf die strikte Einhaltung aller epidemiologisch gebotenen Vorsichtsma\u00dfnahmen gelegt\u201c, erg\u00e4nzt Dr. Christopher Wolf. Die Mitglieder seiner Komturei Regina Coeli Speyer\/Kaiserslautern des Ritterordens vom Heiligen Grab zu Jerusalem, allen voran Dr. Krekel als Investiturbeauftragter, und er haben die Investiturfeier in Speyer vorbereitet und ein entsprechendes Hygienekonzept erarbeitet. \u201eDie im Alltag bew\u00e4hrten Ma\u00dfnahmen \u2013 Testen, Abstand halten, Hygienevorkehrungen, FFP2-Maske und L\u00fcften &#8211; werden auch unsere Investitur pr\u00e4gen\u201c, versichert Wolf. Zudem \u201ewerden nur negativ getestete Personen teilnehmen k\u00f6nnen und die Kontaktnachverfolgung ist ebenfalls gew\u00e4hrleistet\u201c betont Krekel.<\/p>\n\n\n\n<p>Statthalter Dr. Schnieders weist angesichts der begrenzten Teilnahmem\u00f6glichkeiten darauf hin, dass die Feierlichkeiten am 29. Mai von dem katholischen Sender EWTN im Fernsehen und per Livestream (<a rel=\"noreferrer noopener\" href=\"https:\/\/deref-web.de\/mail\/client\/cUBuv8GYxM4\/dereferrer\/?redirectUrl=http%3A%2F%2Fwww.EWTN.de\" target=\"_blank\">www.EWTN.de<\/a>) live \u00fcbertragen werden: \u201eIch freue mich sehr, dass damit auch die interessierte \u00d6ffentlichkeit die M\u00f6glichkeit erh\u00e4lt, unserer Investiturfeier zu folgen. Dazu lade ich herzlich ein\u201c, so Schnieders.<\/p>\n\n\n\n<div class=\"wp-block-image\"><figure class=\"aligncenter size-large\"><img decoding=\"async\" loading=\"lazy\" width=\"800\" height=\"598\" src=\"https:\/\/speyer24news.com\/wp-content\/uploads\/2021\/05\/Ritterorden-29.jpg\" alt=\"\" class=\"wp-image-37381\" srcset=\"https:\/\/speyer24news.com\/wp-content\/uploads\/2021\/05\/Ritterorden-29.jpg 800w, https:\/\/speyer24news.com\/wp-content\/uploads\/2021\/05\/Ritterorden-29-300x224.jpg 300w, https:\/\/speyer24news.com\/wp-content\/uploads\/2021\/05\/Ritterorden-29-768x574.jpg 768w, https:\/\/speyer24news.com\/wp-content\/uploads\/2021\/05\/Ritterorden-29-326x245.jpg 326w, https:\/\/speyer24news.com\/wp-content\/uploads\/2021\/05\/Ritterorden-29-80x60.jpg 80w\" sizes=\"(max-width: 800px) 100vw, 800px\" \/><figcaption>Speyer, Dom Ritterorden, Investitur &#8211; Kandidaten \/ innen<\/figcaption><\/figure><\/div>\n\n\n\n<h4 class=\"wp-block-heading\"><strong>Hintergr\u00fcnde zum Ritterorden<\/strong><\/h4>\n\n\n\n<p>Der Ritterorden vom Heiligen Grab zu Jerusalem ist eine katholische Ordensgemeinschaft mit weltweit \u00fcber 30.000 Mitgliedern und rd. 1.500 Mitgliedern in Deutschland. Ihr geh\u00f6ren M\u00e4nner und Frauen, Laien und Geistliche gleicherma\u00dfen an. Sie unterst\u00fctzen in F\u00fcrbitte und t\u00e4tiger Hilfe die Christinnen und Christen im Heiligen Land. Die regionalen Einheiten des Ordens hei\u00dft \u201cKomturei\u201d; die 38 Komtureien bundesweit sind in der deutschen Statthalterei zusammengeschlossen. Viele Komtureien werden die Feierlichkeiten in Speyer im Gebet oder parallelen Gottesdiensten geistlich begleiten.<\/p>\n\n\n\n<p>Mehr Informationen finden Sie unter:&nbsp;<a href=\"https:\/\/deref-web.de\/mail\/client\/YxxaXbqIYRU\/dereferrer\/?redirectUrl=http%3A%2F%2Fwww.oessh.net\" target=\"_blank\" rel=\"noreferrer noopener\">www.oessh.net<\/a>.<\/p>\n\n\n\n<p><em>Text: Bistum Speyer Foto: Bistum Speyer \/ Klaus Landry<br>30.05.2021<\/em><\/p>\n\n\n\n<h2 class=\"wp-block-heading\"><strong>40 Jahre Weltkulturerbe Kaiser- und Mariendom zu Speyer<\/strong><\/h2>\n\n\n\n<h3 class=\"wp-block-heading\"><strong>Der Dombauverein unterst\u00fctzt den Erhalt des Doms mit attraktiven neuen Produkten<\/strong><\/h3>\n\n\n\n<div class=\"wp-block-image\"><figure class=\"aligncenter size-large\"><img decoding=\"async\" loading=\"lazy\" width=\"500\" height=\"625\" src=\"https:\/\/speyer24news.com\/wp-content\/uploads\/2021\/05\/2021_05-Dombausteine-Pressematerial-005.jpg\" alt=\"\" class=\"wp-image-37374\" srcset=\"https:\/\/speyer24news.com\/wp-content\/uploads\/2021\/05\/2021_05-Dombausteine-Pressematerial-005.jpg 500w, https:\/\/speyer24news.com\/wp-content\/uploads\/2021\/05\/2021_05-Dombausteine-Pressematerial-005-240x300.jpg 240w\" sizes=\"(max-width: 500px) 100vw, 500px\" \/><\/figure><\/div>\n\n\n\n<p>Vor 40 Jahren wurde der Speyerer Dom als zweites Bauwerk in Deutschland nach dem Aachener Dom von der UNESCO in die Liste der Welterbest\u00e4tten aufgenommen. Er ist die gr\u00f6\u00dfte erhaltene romanische Kathedrale der Welt. Die Restaurierung dieses fast 1 000 Jahre alten monumentalen Bauwerks gilt als herausragendes Beispiel denkmalpflegerischen Handelns.<\/p>\n\n\n\n<p>Nach wie vor m\u00fcssen jedes Jahr rund eine Million Euro f\u00fcr den baulichen Erhalt des Speyerer Doms aufgewendet werden. Der Dombauverein mit seinen \u00fcber 2 500 Mitgliedern versteht sich als B\u00fcrgerinitiative f\u00fcr den Erhalt des Doms und engagiert sich seit 26 Jahren f\u00fcr dieses Bauwerk. Durch Mitgliedsbeitr\u00e4ge, Spenden und den Verkauf von Produkten konnten allein in den letzten drei Jahren 400 000 Euro f\u00fcr den Bauunterhalt des Doms zur Verf\u00fcgung gestellt werden.<\/p>\n\n\n\n<p>P\u00fcnktlich zum UNESCO-Welterbe-Tag am 6. Juni stellt der Dombauverein verschiedene neue Produkte vor, durch deren Verkauf der Erhalt des Doms unterst\u00fctzt wird. Auf dem Wochenmarkt von Speyer und damit \u201eim Schatten des Doms\u201c werden diese Produkte am Samstag, den 5. Juni, erstmals zum Verkauf angeboten. Sie sind danach unter anderem \u00fcber die Gesch\u00e4ftsstelle des Dombauvereins und die Dom-Info neben dem Dom nach telefonischer Abstimmung erh\u00e4ltlich.<\/p>\n\n\n\n<p>40 Domtaschen aus rotem Gabardine mit kleiner Innentasche und mit Dom-Motiv in Leder f\u00fcr 40 Jahre Welterbe-Status des Doms hat das Team der Schulmanufaktur der Burgfeldschule Speyer gefertigt. Der Preis pro Tasche aus dieser limitierten Auflage betr\u00e4gt 40 Euro. Den Erl\u00f6s aus dem Verkauf dieser attraktiven Taschen spendet die Schulmanufaktur dem Dombauverein zum Einsatz f\u00fcr den Domerhalt.<\/p>\n\n\n\n<div class=\"wp-block-image\"><figure class=\"aligncenter size-large\"><img decoding=\"async\" loading=\"lazy\" width=\"800\" height=\"600\" src=\"https:\/\/speyer24news.com\/wp-content\/uploads\/2021\/05\/Apfel-kuesst-Calvados-1.jpg\" alt=\"\" class=\"wp-image-37375\" srcset=\"https:\/\/speyer24news.com\/wp-content\/uploads\/2021\/05\/Apfel-kuesst-Calvados-1.jpg 800w, https:\/\/speyer24news.com\/wp-content\/uploads\/2021\/05\/Apfel-kuesst-Calvados-1-300x225.jpg 300w, https:\/\/speyer24news.com\/wp-content\/uploads\/2021\/05\/Apfel-kuesst-Calvados-1-768x576.jpg 768w, https:\/\/speyer24news.com\/wp-content\/uploads\/2021\/05\/Apfel-kuesst-Calvados-1-678x509.jpg 678w, https:\/\/speyer24news.com\/wp-content\/uploads\/2021\/05\/Apfel-kuesst-Calvados-1-326x245.jpg 326w, https:\/\/speyer24news.com\/wp-content\/uploads\/2021\/05\/Apfel-kuesst-Calvados-1-80x60.jpg 80w\" sizes=\"(max-width: 800px) 100vw, 800px\" \/><\/figure><\/div>\n\n\n\n<h4 class=\"wp-block-heading\">Die Marmeladenmanufaktur \u201eGudes Zeich\u201c aus Bellheim hat ihr reichhaltiges Sortiment um zwei Fruchtaufstriche erweitert:<\/h4>\n\n\n\n<p>Aus dem Saft von frisch gekelterten \u00c4pfeln und dem traditionellen Apfelbranntwein aus der Normandie hat die Manufaktur ein leckeres Gelee \u201eApfel k\u00fcsst Calvados\u201c gezaubert, das nicht nur zu einem Croissant, sondern auch zu einem getoasteten Brot, mit Frischk\u00e4se, Quark oder auch zu K\u00e4se hervorragend schmeckt. F\u00fcr die \u201eMystische Johannesbeere\u201c wurden frisch gepfl\u00fcckte schwarze Johannisbeeren sanft entsaftet und zu einem s\u00e4uerlichen Gelee verarbeitet. Verfeinert hat die Manufaktur das k\u00f6stliche Gelee mit den Gew\u00fcrzen Zimt, Muskat, Nelken und Galgant, denen die \u00c4btissin, Mystikerin und heilkundige Universalgelehrte Hildegard von Bingen gro\u00dfe Heilkr\u00e4fte nachsagte.<\/p>\n\n\n\n<div class=\"wp-block-image\"><figure class=\"aligncenter size-large\"><img decoding=\"async\" loading=\"lazy\" width=\"800\" height=\"600\" src=\"https:\/\/speyer24news.com\/wp-content\/uploads\/2021\/05\/Mystische-Johannesbeere-1.jpg\" alt=\"\" class=\"wp-image-37376\" srcset=\"https:\/\/speyer24news.com\/wp-content\/uploads\/2021\/05\/Mystische-Johannesbeere-1.jpg 800w, https:\/\/speyer24news.com\/wp-content\/uploads\/2021\/05\/Mystische-Johannesbeere-1-300x225.jpg 300w, https:\/\/speyer24news.com\/wp-content\/uploads\/2021\/05\/Mystische-Johannesbeere-1-768x576.jpg 768w, https:\/\/speyer24news.com\/wp-content\/uploads\/2021\/05\/Mystische-Johannesbeere-1-678x509.jpg 678w, https:\/\/speyer24news.com\/wp-content\/uploads\/2021\/05\/Mystische-Johannesbeere-1-326x245.jpg 326w, https:\/\/speyer24news.com\/wp-content\/uploads\/2021\/05\/Mystische-Johannesbeere-1-80x60.jpg 80w\" sizes=\"(max-width: 800px) 100vw, 800px\" \/><\/figure><\/div>\n\n\n\n<p>Die Manufaktur verarbeitet Obst aus eigenem, regionalem und naturnahem Anbau. Sie verzichtet in ihren Fruchtaufstrichen auf Farb- und Konservierungsstoffe sowie Geschmacksverst\u00e4rker und verwendet so wenig Zucker wie m\u00f6glich.<\/p>\n\n\n\n<p>Auf den Etiketten der Gl\u00e4ser mit den Fruchtaufstrichen befindet sich ein Aquarell mit Dommotiv des K\u00fcnstlers Oliver Schollenberger aus Dudenhofen.<\/p>\n\n\n\n<p>Beide Aufstriche kosten 4,60 Euro. Davon gibt die Manufaktur jeweils 2 Euro an den Dombauverein.<\/p>\n\n\n\n<h4 class=\"wp-block-heading\">Vielseitig verwendbar sind verschiedene \u201eDomteilchen\u201c mit ausgew\u00e4hlten Motiven des Doms, gefertigt aus Birkenholz, die ebenfalls neu angeboten werden:<\/h4>\n\n\n\n<div class=\"wp-block-image\"><figure class=\"aligncenter size-large\"><img decoding=\"async\" loading=\"lazy\" width=\"800\" height=\"800\" src=\"https:\/\/speyer24news.com\/wp-content\/uploads\/2021\/05\/2021_05-Dombausteine-Pressematerial-001.jpg\" alt=\"\" class=\"wp-image-37377\" srcset=\"https:\/\/speyer24news.com\/wp-content\/uploads\/2021\/05\/2021_05-Dombausteine-Pressematerial-001.jpg 800w, https:\/\/speyer24news.com\/wp-content\/uploads\/2021\/05\/2021_05-Dombausteine-Pressematerial-001-300x300.jpg 300w, https:\/\/speyer24news.com\/wp-content\/uploads\/2021\/05\/2021_05-Dombausteine-Pressematerial-001-150x150.jpg 150w, https:\/\/speyer24news.com\/wp-content\/uploads\/2021\/05\/2021_05-Dombausteine-Pressematerial-001-768x768.jpg 768w\" sizes=\"(max-width: 800px) 100vw, 800px\" \/><\/figure><\/div>\n\n\n\n<p>Eine Karte mit einem daran befestigten Dommotiv (Dom, Rosette oder Salierkrone) kostet 4,50 Euro. Die daran befestigten Domteilchen k\u00f6nnen aber auch als Geschenk- und Schmuckanh\u00e4nger oder origineller Weihnachtsbaumschmuck verwendet werden. Ein Set mit vier verschiedenen Motiven (Dom, Rosette, Salierkrone, Brezel) kann ebenfalls vielf\u00e4ltig verwendet werden und kostet 9,50 Euro.<\/p>\n\n\n\n<p>Neben diesen neuen Produkten wird der Dombauverein an seinem Verkaufsstand auch seine beliebten Domweine, seinen Domsekt, seine Domgeister (\u201eHimmlisches Birnchen\u201c und \u201eHimmlische Feige\u201c) sowie seine Domschokolade zum Verkauf anbieten. Es handelt sich dabei ausnahmslos um hochwertige Produkte, die nicht nur zum pers\u00f6nlichen Verzehr, sondern als attraktive Geschenke mit Bezug zum Dom, unserem Weltkulturerbe, nutzbar sind.<\/p>\n\n\n\n<p><em>Bistum Speyer<br>30.05.2021<\/em><\/p>\n\n\n\n<h2 class=\"wp-block-heading\"><strong>Janusz Korczak und das Prinzip der Achtung der Kinder<\/strong><\/h2>\n\n\n\n<h3 class=\"wp-block-heading\"><strong>P\u00e4dagogik und Lebensgeschichte eines j\u00fcdischen Polen aus dem 20. Jahrhundert \u2013 Online-Veranstaltung der Katholischen Erwachsenenbildung am 10. Juni<\/strong><\/h3>\n\n\n\n<p>Die Katholische Erwachsenenbildung l\u00e4dt am 10. Juni zu einer Online-Veranstaltung mit dem Thema \u201eJanusz Korczak und das Prinzip der Achtung der Kinder &#8211; P\u00e4dagogik und Lebensgeschichte eines j\u00fcdischen Polen aus dem 20. Jahrhundert\u201c ein.<\/p>\n\n\n\n<p>Janusz Korczak war ein Jahrhundertp\u00e4dagoge. Als Vater der Rechte des Kindes machte er bereits vor 100 Jahren international auf sich aufmerksam. Seine p\u00e4dagogischen Ideen waren revolution\u00e4r \u2013 und sind es bis heute: Das Kind ist ein vollwertiges Mitglied unserer Gesellschaft mit gleichen Rechten.<\/p>\n\n\n\n<p>Wer war dieser Menschenfreund, der sich mit Herzblut und scharfem Verstand f\u00fcr die Sache des Kindes einsetzte? Wie sah sein Leben aus und wie die Rahmenbedingungen seines Handelns in Warschau im beginnenden 20. Jahrhundert? Die Veranstaltung begibt sich auf Spurensuche eines Gro\u00dfen unserer Zeit und l\u00e4dt ein zur Diskussion.<\/p>\n\n\n\n<p>Referentin ist Prof. Dr. Agnieszka Maluga. Sie ist Vorsitzende der Deutschen Korczak Gesellschaft e. V. und Professorin im Studiengang Soziale Arbeit der Hochschule Augsburg.<\/p>\n\n\n\n<p>Der Vortrag ist Teil der Reihe zum Festjahr &#8222;<a href=\"https:\/\/deref-web.de\/mail\/client\/tAslD5ug1-M\/dereferrer\/?redirectUrl=https%3A%2F%2Fwww.keb-speyer.de%2Fveranstaltungen%2F1700-jahre-juedisches-leben\" target=\"_blank\" rel=\"noreferrer noopener\">1.700 Jahre j\u00fcdisches Leben in Deutschland<\/a>&#8222;.<\/p>\n\n\n\n<p>N\u00e4here Informationen zur Veranstaltung und zur Anmeldung&nbsp;<a href=\"https:\/\/deref-web.de\/mail\/client\/pHAWuStY3ZM\/dereferrer\/?redirectUrl=https%3A%2F%2Fwww.keb-speyer.de%2Fveranstaltungen%2F%3Fno_cache%3D1%26tx_csbistumevents_eventlist%255Bevent%255D%3D479692%26tx_csbistumevents_eventlist%255Baction%255D%3Dshow%26tx_csbistumevents_eventlist%255Bcontroller%255D%3DEvent%26cHash%3D2c9e9d758e56f4b848be251837138486\" target=\"_blank\" rel=\"noreferrer noopener\">finden Sie hier.<\/a><\/p>\n\n\n\n<p><em>Bistum Speyer<br>30.05.2021<\/em><\/p>\n\n\n\n<h2 class=\"wp-block-heading\"><strong>Widerstand gegen eine ungerechte Autorit\u00e4t<\/strong><\/h2>\n\n\n\n<h3 class=\"wp-block-heading\"><strong>Katholische Erwachsenenbildung beleuchtet die Entwicklung der inneren Kraft der Sophie Scholl \u2013 Onlineveranstaltung am 8. Juni<\/strong><\/h3>\n\n\n\n<p>Die Katholische Erwachsenenbildung l\u00e4dt zu einer Online-Veranstaltung am 8. Juni 2021 zum Thema \u201eWiderstand gegen eine ungerechte Autorit\u00e4t &#8211; Die Entwicklung der inneren Kraft der Sophie Scholl\u201c ein.<\/p>\n\n\n\n<p>Die Jugend von Sophie Scholl in den 30er Jahren nahm zun\u00e4chst eine Entwicklung wie bei der \u00fcbergro\u00dfen Mehrheit ihrer Altersgenossen: Sophie war begeistert vom Gemeinschaftsideal, das die Nationalsozialisten propagierten. Im Januar 1934 trat sie den Ulmer Jungm\u00e4deln bei und \u00fcbernahm bald F\u00fchrungsaufgaben. Ihre Konfirmation am Palmsonntag 1937 feierte sie in HJ-Uniform. Doch langsam schwand die jugendliche Begeisterung f\u00fcr den Nationalsozialismus und im Herbst 1938 verlor Sophie ihren Rang als Gruppenf\u00fchrerin.<\/p>\n\n\n\n<p>Mit dem Polenfeldzug 1939 bekommt der Freundeskreis um die f\u00fcnf Geschwister im Haus der Familie Scholl einen neuen Charakter. Man beginnt gemeinsam politische und religi\u00f6se B\u00fccher zu lesen. Die 18-j\u00e4hrige Sophie nimmt ihrem vier Jahre \u00e4lteren Freund, einem Offizier der Wehrmacht, das Versprechen ab, im Krieg auf niemanden zu schie\u00dfen. Die jungen M\u00e4nner gehen in den Krieg, Sophie Scholl leidet an der \u00d6de des Reichsarbeitsdienstes. Zur Verst\u00e4ndigung schreiben die Freunde eine gemeinsame kulturell-politische Zeitschrift \u201eWindlicht\u201c. In M\u00fcnchen lernen sie wichtige Leute des inneren Widerstandes kennen. Die Freunde entdecken auf sehr individuelle Weise ihren Glauben. In den Briefen und Tageb\u00fcchern der Sophie Scholl ist zu beobachten, wie sie langsam bereit wird, in den aktiven Widerstand zu gehen.<\/p>\n\n\n\n<p>Vieles davon ist auf die heutige Herausforderung, einen politisch und geistlich wachen Charakter zu entwickeln, \u00fcbertragbar. Sophie Scholl, die am 9. Mai hundert Jahre alt geworden w\u00e4re, soll nicht umsonst getr\u00e4umt haben, dass sie einen wertvollen Schatz \u00fcber eine dunkle Zeit gerettet hat.<\/p>\n\n\n\n<p>Der Referent des Abends, Dr. Matthias Rugel SJ, besch\u00e4ftigt sich seit vielen Jahren mit dem Geheimnis der Wei\u00dfen Rose. Er wird in seinem Vortrag diese Entwicklung nachzeichnen und zur Diskussion einladen.<\/p>\n\n\n\n<p>N\u00e4here Informationen zur Veranstaltung und zur Anmeldung&nbsp;<a rel=\"noreferrer noopener\" href=\"https:\/\/deref-web.de\/mail\/client\/ZKn0jKWQCAE\/dereferrer\/?redirectUrl=https%3A%2F%2Fwww.keb-speyer.de%2Fveranstaltungen%2F%3Fno_cache%3D1%26tx_csbistumevents_eventlist%255Bevent%255D%3D486248%26tx_csbistumevents_eventlist%255Baction%255D%3Dshow%26tx_csbistumevents_eventlist%255Bcontroller%255D%3DEvent%26cHash%3D569c7dffe33a7015fcbfd6a44342da3c\" target=\"_blank\">finden Sie hier.<\/a><\/p>\n\n\n\n<p><em>Bistum Speyer<br>30.05.2021<\/em><\/p>\n\n\n\n<h2 class=\"wp-block-heading\"><strong>Konzert zum UNESCO-Welterbetag<\/strong><\/h2>\n\n\n\n<h3 class=\"wp-block-heading\"><strong>Reise zu den Traditionen des Chorgesangs in den deutschen Synagogen<\/strong><\/h3>\n\n\n\n<figure class=\"wp-block-image size-large\"><img decoding=\"async\" loading=\"lazy\" width=\"800\" height=\"524\" src=\"https:\/\/speyer24news.com\/wp-content\/uploads\/2021\/05\/dkc_2017_3.jpg\" alt=\"\" class=\"wp-image-37091\" srcset=\"https:\/\/speyer24news.com\/wp-content\/uploads\/2021\/05\/dkc_2017_3.jpg 800w, https:\/\/speyer24news.com\/wp-content\/uploads\/2021\/05\/dkc_2017_3-300x197.jpg 300w, https:\/\/speyer24news.com\/wp-content\/uploads\/2021\/05\/dkc_2017_3-768x503.jpg 768w\" sizes=\"(max-width: 800px) 100vw, 800px\" \/><\/figure>\n\n\n\n<p>Der UNESCO-Welterbetages am 6. Juni steht f\u00fcr den Dom zu Speyer in diesem Jahr unter besonderen Vorzeichen: 2021 ist es 40 Jahre her, dass der Dom auf die Liste des UNESCO-Welterbes aufgenommen wurde. Aus diesem Anlass wird an diesem Tag ein besonderes Programm angeboten, um&nbsp; verschiedene Aspekte des Weltebers zu beleuchten. Den feierlichen Abschluss bildet dabei ein Konzert des Deutschen Kammerchors. Es widmet sich dem synagogalen Chorgesang und stellt so auch den Bezug zu den j\u00fcdischen St\u00e4tten in Speyer her, die m\u00f6glicherweise in diesem Jahr ebenfalls Teil des UNESCO-Welterbes werden. Das Konzert nimmt dabei auch Bezug zu einem weiteren Jubil\u00e4um: 1700 Jahre Judentum in Deutschland. Dieses Projekt wird erm\u00f6glicht durch die&nbsp;finanzielle F\u00f6rderung von #2021JLID \u2013 J\u00fcdisches Leben in Deutschland e.V.&nbsp; aus Mitteln das Bundesministerium des Innern, f\u00fcr Bau und Heimat. Coronabedingt findet das konzert als reine Online-Veranstaltung statt und wird ab 20&nbsp; live auf den Social Media Kan\u00e4len von Dom und Dommusik \u00fcbertragen.&nbsp;<\/p>\n\n\n\n<p>Mit seinem Projekt \u201eHaschiwenu: Bringe uns zur\u00fcck\u201c erm\u00f6glicht der Deutsche Kammerchor dem Publikum einen umfassenden Einblick in die unterschiedlichen musikalischen Str\u00f6mungen und Traditionen des synagogalen Chorgesangs. Mit dieser Reise durch das j\u00fcdische Festtagsjahr wird die Vielfalt und Bedeutung dieses kulturellen Erbes erlebbar. Durch die beiden Kantoren Amnon Seelig und Assaf Levitin werden die liturgischen Ges\u00e4nge zu einem lebendigen Zeugnis der Glaubenszuversicht ihrer Sch\u00f6pfer und zum Symbol der Hoffnung der Zuh\u00f6rer von heute.<\/p>\n\n\n\n<div class=\"wp-block-image\"><figure class=\"aligncenter size-large\"><img decoding=\"async\" loading=\"lazy\" width=\"800\" height=\"526\" src=\"https:\/\/speyer24news.com\/wp-content\/uploads\/2021\/05\/2021JLID_hoch_cmyk.jpg\" alt=\"\" class=\"wp-image-37092\" srcset=\"https:\/\/speyer24news.com\/wp-content\/uploads\/2021\/05\/2021JLID_hoch_cmyk.jpg 800w, https:\/\/speyer24news.com\/wp-content\/uploads\/2021\/05\/2021JLID_hoch_cmyk-300x197.jpg 300w, https:\/\/speyer24news.com\/wp-content\/uploads\/2021\/05\/2021JLID_hoch_cmyk-768x505.jpg 768w\" sizes=\"(max-width: 800px) 100vw, 800px\" \/><\/figure><\/div>\n\n\n\n<p>Die Reformbestrebungen des fr\u00fchen 19. Jahrhunderts beeinflussten nicht nur den liturgischen Ablauf des Gottesdienstes, sondern wirkten sich mit der Integration von Orgel, Chor und Predigtkanzel als neue Elemente auch auf das Synagogengeb\u00e4ude aus. Nachdem die neuen Ideen in Berlin und anderen St\u00e4dten Einzug gehalten hatten, entstand als neues architektonisches Konzept die sogenannte \u201eOrgelsynagoge\u201c. Die musikalisch durchkomponierte Liturgie korrespondierte mit der neuen \u201eKomposition\u201c des Synagogenraumes und mit ihr bl\u00fchte die Tradition des mehrstimmigen Chorgesanges mit Begleitung der Orgel auf. Die Kantoren begannen, f\u00fcr den Synagogengottesdienst Musik f\u00fcr Vorbeter, Chor und Orgel zu komponieren und diese Kompositionen, die sich im Stil der klassisch-romantischen Kunstmusik und der evangelischen Kirchenmusik der Zeit ann\u00e4herten, zu ver\u00f6ffentlichen. Jede gro\u00dfe Stadt in Deutschland hatte damals ihren eigenen Komponist f\u00fcr ihre Synagoge. Dadurch entstand eine eigene Klanglandschaft zu jeder Gemeinde. Der Deutsche Kammerchor hat mit Hilfe der beiden Kantoren Assaf Levitin und Amnon Seelig ein Programm erstellt, das diese unterschiedlichen Traditionen aus den j\u00fcdischen Gemeinden in Deutschland zeigt.<\/p>\n\n\n\n<p>Dieses Projekt wird erm\u00f6glicht durch die&nbsp;finanzielle F\u00f6rderung von #2021JLID \u2013 J\u00fcdisches Leben in Deutschland e.V.&nbsp; aus Mitteln das Bundesministerium des Innern, f\u00fcr Bau und Heimat.<\/p>\n\n\n\n<p><em>Text: Bistum Speyer Foto: Mathu Seichter<br>30.05.2021<\/em><\/p>\n","protected":false},"excerpt":{"rendered":"<div class=\"mh-excerpt\"><p>Fundament und lebendiger Bestandteil des kulturellen Lebens Mit einem offenen Brief haben Kulturschaffende und -verantwortliche auf die ab Herbst geplante Absetzung der Sendung &#8222;SWR2 Geistliche Musik&#8220; reagiert. Speyer (lk) &#8211; Mit einem offenen Brief appellieren <a class=\"mh-excerpt-more\" href=\"https:\/\/speyer24news.com\/?p=37373\" title=\"Kirche\">[&#8230;]<\/a><\/p>\n<\/div>","protected":false},"author":3,"featured_media":26096,"comment_status":"open","ping_status":"open","sticky":false,"template":"","format":"standard","meta":{"_monsterinsights_skip_tracking":false,"_monsterinsights_sitenote_active":false,"_monsterinsights_sitenote_note":"","_monsterinsights_sitenote_category":0,"footnotes":""},"categories":[120],"tags":[11340,174,11957,11958,1861,187,2360,5132,11952,11955,11960,11959,11953,10623,11956,10422,9693,10622,11954,11951,10775,9407,11950,3100,11772,7229],"aioseo_notices":[],"amp_enabled":true,"_links":{"self":[{"href":"https:\/\/speyer24news.com\/index.php?rest_route=\/wp\/v2\/posts\/37373"}],"collection":[{"href":"https:\/\/speyer24news.com\/index.php?rest_route=\/wp\/v2\/posts"}],"about":[{"href":"https:\/\/speyer24news.com\/index.php?rest_route=\/wp\/v2\/types\/post"}],"author":[{"embeddable":true,"href":"https:\/\/speyer24news.com\/index.php?rest_route=\/wp\/v2\/users\/3"}],"replies":[{"embeddable":true,"href":"https:\/\/speyer24news.com\/index.php?rest_route=%2Fwp%2Fv2%2Fcomments&post=37373"}],"version-history":[{"count":3,"href":"https:\/\/speyer24news.com\/index.php?rest_route=\/wp\/v2\/posts\/37373\/revisions"}],"predecessor-version":[{"id":37386,"href":"https:\/\/speyer24news.com\/index.php?rest_route=\/wp\/v2\/posts\/37373\/revisions\/37386"}],"wp:featuredmedia":[{"embeddable":true,"href":"https:\/\/speyer24news.com\/index.php?rest_route=\/wp\/v2\/media\/26096"}],"wp:attachment":[{"href":"https:\/\/speyer24news.com\/index.php?rest_route=%2Fwp%2Fv2%2Fmedia&parent=37373"}],"wp:term":[{"taxonomy":"category","embeddable":true,"href":"https:\/\/speyer24news.com\/index.php?rest_route=%2Fwp%2Fv2%2Fcategories&post=37373"},{"taxonomy":"post_tag","embeddable":true,"href":"https:\/\/speyer24news.com\/index.php?rest_route=%2Fwp%2Fv2%2Ftags&post=37373"}],"curies":[{"name":"wp","href":"https:\/\/api.w.org\/{rel}","templated":true}]}}