{"id":37440,"date":"2021-06-02T07:51:16","date_gmt":"2021-06-02T06:51:16","guid":{"rendered":"https:\/\/speyer24news.com\/?p=37440"},"modified":"2021-06-02T07:57:20","modified_gmt":"2021-06-02T06:57:20","slug":"polizei-599","status":"publish","type":"post","link":"https:\/\/speyer24news.com\/?p=37440","title":{"rendered":"Polizei"},"content":{"rendered":"<style type=\"text\/css\">\r\n\t.ads_top_disp{}\r\n\t.ads_top_corner_disp{ float:left; margin:0px 10px 10px 0px; }\r\n\t.ads_first_p_disp{}\r\n\t.ads_bottom_disp{}\r\n\t<\/style>\n<h2 class=\"wp-block-heading\">Polizeimeldungen vom Dienstag (01.06.2021)<\/h2>\n\n\n\n<div class=\"wp-block-image\"><figure class=\"aligncenter size-large\"><img decoding=\"async\" src=\"https:\/\/speyer24news.com\/wp-content\/uploads\/2020\/01\/Aktuelles-Polizeilogo.jpg\" alt=\"\" class=\"wp-image-23832\"\/><\/figure><\/div>\n\n\n\n<h2 class=\"wp-block-heading\">(Speyer) &#8211; In zwei F\u00e4llen Betriebserlaubnis erloschen<\/h2>\n\n\n\n<p>Fahrzeuge mit technischen Ver\u00e4nderungen standen am Montag zwischen 10:00 Uhr und 14:00 Uhr im Fokus der Polizei. Insgesamt konnten zehn PKW und zwei Motorr\u00e4der durch eine Polizeistreife kontrolliert werden. In zwei F\u00e4llen war durch technische Ver\u00e4nderungen an den Fahrzeugen, die unter anderem an den R\u00e4dern vorgenommen wurden, jeweils die Betriebserlaubnis erloschen. Den 24 und 32 Jahre alten BMW-Fahren, die in der Geibstra\u00dfe und in der Siemensstra\u00dfe unterwegs waren, wurde die Weiterfahrt untersagt und ein Ordnungswidrigkeitenverfahren gegen sie eingeleitet.<\/p>\n\n\n\n<h2 class=\"wp-block-heading\">(Speyer) &#8211; Radfahrerin verletzt<\/h2>\n\n\n\n<p>Bei einem Unfall verletzt worden ist am Montag um 11:41 Uhr eine 71-j\u00e4hrige Radfahrerin, die den Radweg der Auestra\u00dfe in Richtung Franz-Kirrmeier-Stra\u00dfe befuhr. Hierbei wurde sie von einem nach links abbiegenden 79-j\u00e4hrigen PKW-Fahrer \u00fcbersehen, der auf den Parkplatz eines Supermarktes fahren wollte. Die Frau kam zu Fall und zog sich leichte Verletzungen zu.<\/p>\n\n\n\n<h2 class=\"wp-block-heading\">(Mutterstadt) &#8211; Diebstahl von Katalysatoren<a href=\"https:\/\/www.facebook.com\/sharer.php?u=https%3A%2F%2Fwww.presseportal.de%2Fblaulicht%2Fpm%2F117688%2F4929771%2F%3Futm_source%3Dfacebook%26utm_medium%3Dsocial\"><\/a><a href=\"https:\/\/twitter.com\/intent\/tweet?text=POL-PDLU%3A%20%28Mutterstadt%29%20Diebstahl%20von%20Katalysatoren&amp;url=https%3A%2F%2Fwww.presseportal.de%2Fblaulicht%2Fpm%2F117688%2F4929771%2F%3Futm_source%3Dtwitter%26utm_medium%3Dsocial&amp;hashtags=ots&amp;lang=de\"><\/a><a href=\"https:\/\/web.whatsapp.com\/send?text=POL-PDLU%3A%20%28Mutterstadt%29%20Diebstahl%20von%20Katalysatoren%0A%0Ahttps%3A%2F%2Fwww.presseportal.de%2Fblaulicht%2Fpm%2F117688%2F4929771%2F%3Futm_source%3Dwhatsapp%26utm_medium%3Dsocial\"><\/a><a href=\"https:\/\/www.xing.com\/app\/user?op=share;url=https%3A%2F%2Fwww.presseportal.de%2Fblaulicht%2Fpm%2F117688%2F4929771%2F%3Futm_source%3Dxing%26utm_medium%3Dsocial\"><\/a><a href=\"http:\/\/www.linkedin.com\/shareArticle?mini=true&amp;url=https%3A%2F%2Fwww.presseportal.de%2Fblaulicht%2Fpm%2F117688%2F4929771%2F%3Futm_source%3Dlinkedin%26utm_medium%3Dsocial&amp;title=POL-PDLU%3A+%28Mutterstadt%29+Diebstahl+von+Katalysatoren\"><\/a><a href=\"mailto:?subject=POL-PDLU%3A%20%28Mutterstadt%29%20Diebstahl%20von%20Katalysatoren&amp;body=https:\/\/www.presseportal.de\/blaulicht\/pm\/117688\/4929771\"><\/a><\/h2>\n\n\n\n<p>Zwischen dem 29.05. und dem 31.05.2021 haben bislang unbekannte T\u00e4ter den Katalysator von einem im Medardusring abgestellten Fahrzeug ausgebaut und entwendet. Vermutlich der oder dieselben T\u00e4ter haben auch versucht, den Katalysator aus einem im Pfalzring geparkten Pkw auszubauen. Aus bisher unbekannten Gr\u00fcnden ist das nicht gelungen. Zeugen, die Angaben zur Tat oder Tatverd\u00e4chtigen machen k\u00f6nnen bzw. verd\u00e4chtige Wahrnehmungen zu dieser Zeit gemacht haben, werden gebeten, sich mit der Polizeiinspektion Schifferstadt unter 06235 495-0 oder&nbsp;<a href=\"mailto:pischifferstadt@polizei.rlp.de\">pischifferstadt@polizei.rlp.de<\/a>&nbsp;in Verbindung zu setzen.<\/p>\n\n\n\n<h2 class=\"wp-block-heading\">(Germersheim) &#8211; Unter Drogeneinfluss auf E Scooter<\/h2>\n\n\n\n<p>Ein 34-J\u00e4hriger aus Germersheim ist am Montagabend unter Drogeneinfluss einen E-Scooter gefahren. Der Mann wurde gegen 21 Uhr von einer Polizeistreife in der Josef-Probst-Stra\u00dfe einer allgemeinen Verkehrskontrolle unterzogen. Hierbei konnten bei ihm drogentypische Auff\u00e4lligkeiten festgestellt werden. Ein Urintest best\u00e4tigte den Verdacht, weshalb ihm auf der Dienststelle eine Blutprobe entnommen wurde.<\/p>\n\n\n\n<h2 class=\"wp-block-heading\">(H\u00f6rdt) &#8211; Radfahrerin angefahren und gefl\u00fcchtet<\/h2>\n\n\n\n<p>Montagmorgen befuhr eine 55-j\u00e4hrige Fahrradfahrerin die Stoppelgasse in H\u00f6rdt. Der vor ihr fahrende Fahrer eines Transporters musste verkehrsbedingt anhalten und fuhr dann wenige Meter r\u00fcckw\u00e4rts. Dabei \u00fcbersah er die Radfahrerin, wodurch es zur Kollision kam uns sie vom Fahrrad fiel. Der Fahrer entschuldigte sich bei der leicht verletzten Frau, fuhr dann aber davon, ohne seinen Pflichten als Unfallverursacher nachgekommen zu sein. Die Fahrradfahrerin hatte sich jedoch das Kennzeichen gemerkt, wodurch die verst\u00e4ndigte Polizei schnell den gefl\u00fcchteten Fahrer ausfindig machen konnte. Bei der Kontrolle wurde dann auch der Grund daf\u00fcr bekannt. Er war n\u00e4mlich nicht im Besitz einer entsprechenden Fahrerlaubnis. Auf ihn kommt nun neben einer &#8222;Unfallflucht&#8220; auch eine Strafanzeige wegen Fahren ohne Fahrerlaubnis zu.<\/p>\n\n\n\n<h2 class=\"wp-block-heading\">(Klingenm\u00fcnster) &#8211; \u00d6ffentlichkeitsfahndung nach vermisster Frau<\/h2>\n\n\n\n<div class=\"wp-block-image\"><figure class=\"aligncenter size-large\"><img decoding=\"async\" loading=\"lazy\" width=\"500\" height=\"634\" src=\"https:\/\/speyer24news.com\/wp-content\/uploads\/2021\/06\/Bild_Vermisste_Klingenmuenster.png\" alt=\"\" class=\"wp-image-37441\" srcset=\"https:\/\/speyer24news.com\/wp-content\/uploads\/2021\/06\/Bild_Vermisste_Klingenmuenster.png 500w, https:\/\/speyer24news.com\/wp-content\/uploads\/2021\/06\/Bild_Vermisste_Klingenmuenster-237x300.png 237w\" sizes=\"(max-width: 500px) 100vw, 500px\" \/><\/figure><\/div>\n\n\n\n<p>Die Polizei Bad Bergzabern sucht seit dem 29.05.2021 die 24-j\u00e4hrige Irina G. aus Bad Bergzabern. Sie befand sich zur Behandlung in einer Klinik in Klingenm\u00fcnster und k\u00f6nnte sich in einer hilflosen Lage befinden. Da die 24-J\u00e4hrige trotz intensiver Suchma\u00dfnahmen der Polizei, u.a. mit einem Polizeihubschrauber, bislang nicht aufgefunden werden konnte, bittet die Polizei um Hinweise aus der Bev\u00f6lkerung.<\/p>\n\n\n\n<h4 class=\"wp-block-heading\">Irina G. (24) ist:<\/h4>\n\n\n\n<ul><li><strong>gr\u00f6\u00dfer als 1,65m<\/strong><\/li><li><strong>schlank<\/strong><\/li><li><strong>wiegt circa 55 Kg<\/strong><\/li><li><strong>hat mittellange blonde Haare<\/strong><\/li><li><strong>tr\u00e4gt braune Leggings, ein khakifarbenes Oberteil, eine wei\u00dfe Jacke von der Marke Hummel <\/strong><\/li><li><strong>und f\u00fchrt m\u00f6glicherweise eine EDEKA-Plastikt\u00fcte mit sich. <\/strong><\/li><li><strong>Sie sieht j\u00fcnger aus als sie tats\u00e4chlich ist.<\/strong><\/li><\/ul>\n\n\n\n<p>Hinweise nimmt die Polizei in Bad Bergzabern unter der Telefonnummer 06343-9334-0 oder auch jede andere Polizeidienststelle entgegen.<\/p>\n\n\n\n<h2 class=\"wp-block-heading\">(Landau) &#8211; Gegen Grundst\u00fcckmauer gefahren und gefl\u00fcchtet<\/h2>\n\n\n\n<p>Am Montagnachmittag streifte ein LKW-Fahrer in der Friesenstra\u00dfe in Landau beim Vorbeifahren eine Grundst\u00fccksmauer. Der Fahrer hielt nicht an und setzte seine Fahrt fort. Bei dem fl\u00fcchtigen Fahrzeug soll es sich um ein blau lackiertes Baustellenfahrzeug mit Kaiserslauterer-Zulassung (KL) und der Aufschrift &#8222;Otterberg&#8220; gehandelt haben. Hinweise auf das Fahrzeug nimmt die Polizeiinspektion Landau entgegen.<\/p>\n\n\n\n<h2 class=\"wp-block-heading\">(Landau) &#8211; Bekifft mit E-Roller unterwegs!<\/h2>\n\n\n\n<p>Bei der Kontrolle eines 19-j\u00e4hrigen E-Roller- Fahrers am Montagmorgen im Horstring in Landau konnten gleich zwei Verst\u00f6\u00dfe festgestellt werden. Der E-Scooter hatte kein g\u00fcltiges Versicherungskennzeichen, zus\u00e4tzlich ergaben sich Hinweise, dass der Fahrer unter Bet\u00e4ubungsmitteleinfluss steht. Da der E-Roller-Fahrer bereits gleichgelagert polizeilich Erscheinung getreten ist, wurde der Roller mit dem Ziel der Einziehung sichergestellt. Dem Fahrer wurde eine Blutprobe entnommen und es wurden entsprechende Verfahren eingeleitet.<\/p>\n\n\n\n<h2 class=\"wp-block-heading\">(Edenkoben) &#8211; Schwer mit Pedelec am Heldenstein gest\u00fcrzt<\/h2>\n\n\n\n<p>Dienstagmittag (01.06., 14:00h) fuhr eine 52j\u00e4hrige Frau aus dem Raum Karlsruhe mit ihrem Pedelec einen leicht absch\u00fcssigen Wanderweg im Bereich des Heldensteins herunter. Beim \u00dcberfahren eines gr\u00f6\u00dferen Steines verlor sie die Kontrolle \u00fcber das Rad und st\u00fcrzte so ungl\u00fccklich auf Schulter und Kopf, dass sie sich das Schl\u00fcsselbein brach und eine Gehirnersch\u00fctterung zuzog. Der getragene Fahrradhelm d\u00fcrfte schlimmere Verletzungen im Kopfbereich verhindert haben. Die verletzte Radlerin wurde mit dem Rettungswagen in ein Krankenhaus nach Landau gebracht.<\/p>\n\n\n\n<h2 class=\"wp-block-heading\">(Edenkoben) &#8211; Ohne F\u00fchrerschein, daf\u00fcr mit Drogen<\/h2>\n\n\n\n<p>In der Staatsstra\u00dfe in Edenkoben kontrollierten am Dienstag (01.06., 13:00h) Polizeibeamte w\u00e4hrend der Streifenfahrt ein 22j\u00e4hrigen Kleinkraftrad-Fahrer aus dem Raum Neustadt. Einen F\u00fchrerschein konnte der Mann nicht vorzeigen, daf\u00fcr zeigte er bei der Kontrolle drogentypische Ausfallerscheinungen. Ein Drogentest vor Ort verlief positiv auf THC. Nach der Entnahme einer Blutprobe auf der Dienststelle erwartet den jungen Mann nun ein Strafverfahren wegen Fahren ohne Fahrerlaubnis, Trunkenheit im Verkehr und Versto\u00dfes nach dem Bet\u00e4ubungsmittelgesetz.<\/p>\n\n\n\n<h2 class=\"wp-block-heading\">(Neustadt) &#8211; Zwei Auffahrunf\u00e4lle mit verletzten Personen<\/h2>\n\n\n\n<p>Im Bereich der Stadt Neustadt kam es am 31.05.2021 zu zwei Auffahrunf\u00e4llen, bei denen jeweils Unfallbeteiligte leicht verletzt wurden.<\/p>\n\n\n\n<p>Gegen 08:00 Uhr fuhr ein 36-j\u00e4hriger Fahrer eines VW Crafter auf einen Pkw auf, der an der Einm\u00fcndung Martin-Luther-Stra\u00dfe \/ Mu\u00dfbacher Landstra\u00dfe verkehrsbedingt anhalten musste. Der 71-j\u00e4hrige Pkw-Fahrer musste mit Verdacht auf Gehirnersch\u00fctterung und Verletzungen im Lendenbereich ins Krankenhaus gebracht werden. Der Pkw war nicht mehr fahrbereit und musste abgeschleppt werden. Der Gesamtsachschaden bel\u00e4uft sich auf ca. 4000 Euro.<\/p>\n\n\n\n<p>Gegen 15:00 Uhr fuhr ein 58-j\u00e4hriger Motorradfahrer in der Speyerdorfer Stra\u00dfe auf einen Pkw auf, der verkehrsbedingt anhalten musste. Der Motorradfahrer verletzte sich hierbei am linken Fu\u00df. An den Fahrzeugen entstand nur geringer Sachschaden in Gesamth\u00f6he von etwa 1000 Euro.<\/p>\n\n\n\n<h2 class=\"wp-block-heading\">(Neustadt und Deidesheim) &#8211; Durchsuchungsma\u00dfnahmen nach Verdacht des Versto\u00dfes gegen das Waffengesetz<\/h2>\n\n\n\n<h3 class=\"wp-block-heading\">Gemeinsame Pressemitteilung der Staatsanwaltschaft Frankenthal und des Polizeipr\u00e4sidiums Rheinpfalz<\/h3>\n\n\n\n<div class=\"wp-block-image\"><figure class=\"aligncenter size-large\"><img decoding=\"async\" loading=\"lazy\" width=\"800\" height=\"400\" src=\"https:\/\/speyer24news.com\/wp-content\/uploads\/2021\/06\/gun-1297414_1280.png\" alt=\"\" class=\"wp-image-37442\" srcset=\"https:\/\/speyer24news.com\/wp-content\/uploads\/2021\/06\/gun-1297414_1280.png 800w, https:\/\/speyer24news.com\/wp-content\/uploads\/2021\/06\/gun-1297414_1280-300x150.png 300w, https:\/\/speyer24news.com\/wp-content\/uploads\/2021\/06\/gun-1297414_1280-768x384.png 768w\" sizes=\"(max-width: 800px) 100vw, 800px\" \/><\/figure><\/div>\n\n\n\n<p>Im Zusammenhang mit anderen Ermittlungen wurde bekannt, dass ein 56-J\u00e4hriger mehrere illegale Schusswaffen besitzen soll. Bei der Durchsuchung der Wohnung in Deidesheim und eines Gel\u00e4ndes in Neustadt-Mu\u00dfbach am 27.05.2021 wurden insgesamt 22 Schusswaffen, gro\u00dfe Mengen Munition sowie weitere Waffen wie ein Elektroschockger\u00e4t sichergestellt. Aufgrund der Gr\u00f6\u00dfe des Gel\u00e4ndes in Neustadt-Mu\u00dfbach zogen sich die Durchsuchungsma\u00dfnahmen bis zum 28.05.2021 hin.<\/p>\n\n\n\n<p>Der Beschuldigte wurde am Donnerstag (27.05.2021) auf Antrag der Staatsanwaltschaft Frankenthal dem Haftrichter des Amtsgerichts Frankenthal vorgef\u00fchrt. Dieser lie\u00df den Beschuldigten mangels Haftgr\u00fcnden wieder auf freien Fu\u00df.<\/p>\n\n\n\n<p>Die weiteren Ermittlungen, insbesondere die waffenrechtliche Pr\u00fcfung der sichergestellten Gegenst\u00e4nde, dauern an.<\/p>\n\n\n\n<h2 class=\"wp-block-heading\">(Neustadt \/ Ha\u00dfloch) &#8211; Nach PKW-Diebstahl in Untersuchungshaft<\/h2>\n\n\n\n<h3 class=\"wp-block-heading\">Gemeinsame Presseerkl\u00e4rung der PI Neustadt und PI Ha\u00dfloch<\/h3>\n\n\n\n<div class=\"wp-block-image\"><figure class=\"aligncenter size-large\"><img decoding=\"async\" loading=\"lazy\" width=\"800\" height=\"533\" src=\"https:\/\/speyer24news.com\/wp-content\/uploads\/2020\/06\/Zelle.jpg\" alt=\"\" class=\"wp-image-28203\" srcset=\"https:\/\/speyer24news.com\/wp-content\/uploads\/2020\/06\/Zelle.jpg 800w, https:\/\/speyer24news.com\/wp-content\/uploads\/2020\/06\/Zelle-300x200.jpg 300w, https:\/\/speyer24news.com\/wp-content\/uploads\/2020\/06\/Zelle-768x512.jpg 768w\" sizes=\"(max-width: 800px) 100vw, 800px\" \/><\/figure><\/div>\n\n\n\n<p>Der Eigent\u00fcmer eines Pkw erstattet am 30.05.2021 gegen 12:00 Uhr Strafanzeige bei der Polizei Neustadt, da sein Pkw entwendet wurde. Das Fahrzeug hatte er einem Bekannten ausgeliehen. Dieser stellte wie vereinbart das Fahrzeug nach Gebrauch vor der Post in Neustadt ab und warf den Schl\u00fcssel in den Briefkasten des Fahrzeugbesitzers. Allerdings konnte der Fahrzeugbesitzer weder Fahrzeugschl\u00fcssel noch Fahrzeug vorfinden. Gegen 20:50 Uhr wurde die Polizei Neustadt nach Lachen-Speyerdorf gerufen, da dort drei Jugendliche in einem Fahrzeug einen Joint rauchen w\u00fcrden. Bei der \u00dcberpr\u00fcfung wurde festgestellt, dass es sich bei diesem Fahrzeug um den am Nachmittag gestohlenen Pkw handelt. Das Fahrzeug konnte vor Ort nicht mehr festgestellt werden, allerdings erhielten die Beamten einen Hinweis auf einen der drei Jugendlichen die im Fahrzeug waren. Die weiteren Ermittlungen f\u00fchrten zu einem 16-J\u00e4hrigen, der dann auch im Rahmen der Fahndung in Lachen-Speyerdorf mit den beiden anderen Jugendlichen in dem gestohlenen Fahrzeug angetroffen wurde. Er h\u00e4ndigte den Beamten den zugeh\u00f6rigen Fahrzeugschl\u00fcssel aus. Der 16-J\u00e4hrige kam an den Fahrzeugschl\u00fcssel, da er scheinbar regelm\u00e4\u00dfig an Briefk\u00e4sten vorbeil\u00e4uft und schaut, ob er brauchbare Gegenst\u00e4nde findet die er dann aus den Briefk\u00e4sten holt. In diesem Fall fiel ihm der Fahrzeugschl\u00fcssel in die H\u00e4nde und er suchte die Umgebung nach dem dazugeh\u00f6renden Fahrzeug ab und fand es auch.<\/p>\n\n\n\n<p>Ermittlungen nach Strafanzeigen bei der Polizeiinspektion Ha\u00dfloch f\u00fchrten durch die Auswertung von Videoaufzeichnungen und Zeugenbefragungen u.a. auf die Spur des 16-J\u00e4hrigen, der bei den beiden Einbr\u00fcchen in der vergangenen Woche in die Edeka- und den Penny-M\u00e4rkte involviert war. Der 16-J\u00e4hrige, ein weiterer 16-J\u00e4hriger aus dem Landkreis Bad-D\u00fcrkheim sowie ein 15-J\u00e4hriger aus Ludwigshafen wurden als T\u00e4ter identifiziert. F\u00fcr weitere Straftaten im Bereich Ha\u00dfloch werden die Jugendlichen verantwortlich gemacht. Sachbesch\u00e4digungen an einem Bagger, Besch\u00e4digung zweier T\u00fcren der Real-Schule-Plus und Sch\u00e4den an einem Pkw sowie mehrere Diebst\u00e4hle und Verst\u00f6\u00dfe gegen das Bet\u00e4ubungsmittelgesetz gehen auf das Konto der drei Jungs, die f\u00fcr die Polizei keine Unbekannten sind. Die Taten wurden \u00fcberwiegend einger\u00e4umt.<\/p>\n\n\n\n<p>Der Jugendliche wurde am 31.05.2021 beim Amtsgericht Frankentahl vorgef\u00fchrt und kam auch aufgrund seiner Vorgeschichte in Untersuchungshaft.<\/p>\n\n\n\n<h2 class=\"wp-block-heading\">(Ha\u00dfloch) &#8211; Einbruch in Friedhofsb\u00fcro<\/h2>\n\n\n\n<p>Unbekannte hebelten in der Nacht von Montag auf Dienstag (31. Mai\/1. Juni) am Parkfriedhof das Fenster eines B\u00fcros auf und gelangten in das Geb\u00e4ude. Einen in die Wand verankerten Tresor stemmten sie aus der Wand und entkamen. 450,- Euro befanden sich in dem Tresor, der Sachschaden d\u00fcrfte deutlich dar\u00fcber liegen. Zeugen, die Beobachtungen gemacht haben, werden gebeten sich bei der Polizei Ha\u00dfloch unter Tel. 06324 933-0 oder per E-Mail an&nbsp;<a href=\"mailto:pihassloch@polizei.rlp.de\">pihassloch@polizei.rlp.de<\/a>&nbsp;zu melden.<\/p>\n\n\n\n<h2 class=\"wp-block-heading\">(Deidesheim) &#8211; Cannabis und Amphetamin konsumiert<\/h2>\n\n\n\n<p>Mit einem E-Scooter war ein 22-j\u00e4hriger Mann am Montagabend (31. Mai, 17:20 Uhr) in der Bgm.-Oberhettinger-Stra\u00dfe unterwegs, als ihn die Polizei kontrollierte. Hinweise, dass er unter Einfluss von Bet\u00e4ubungsmitteln stehen k\u00f6nnte, best\u00e4tigte ein Schnelltest. Dieser reagierte positiv auf Cannabis und Amphetamin. Dem jungen Mann wurde eine Blutprobe entnommen. Ihn erwarten Anzeigen wegen Trunkenheit im Verkehr und Versto\u00df gegen das Bet\u00e4ubungsmittelgesetz.<\/p>\n\n\n\n<h2 class=\"wp-block-heading\">(Freinsheim) &#8211; 2 Radfahrerinnen bei Zusammensto\u00df verletzt<\/h2>\n\n\n\n<p>Am 30.05.2021 gegen 16:00 Uhr wurden zwei Fahrradfahrerinnen bei einem Verkehrsunfall auf dem Fahrradweg neben der L526 zwischen Erpolzheim und Freinsheim verletzt. Eine 47-J\u00e4hrige befuhr mit ihrem Fahrrad den asphaltierten Radweg in Fahrtrichtung Erpolzheim. Unmittelbar vor ihr fuhr ihr Ehemann. Eine 62-j\u00e4hrige Radfahrerin befuhr den gleichen Radweg in entgegengesetzter Richtung. Diese machte aus bisher ungekl\u00e4rten Gr\u00fcnden eine pl\u00f6tzliche Lenkbewegung in Richtung des vorausfahrenden Ehemanns der 47-J\u00e4hrigen, welcher nur durch Auffahren auf den Gr\u00fcnstreifen einen Zusammensto\u00df verhindern konnte. Seine Ehefrau konnte nicht mehr ausweichen und es kam zu einem Zusammensto\u00df infolge dessen beide Radfahrerinnen st\u00fcrzten und sich dabei an Armen, Beinen und am Kopf verletzten. Beide mussten durch das DRK und einen Notarzt behandelt werden und wurden anschlie\u00dfend in ein Krankenhaus verbracht. Beide Unfallbeteiligten trugen gl\u00fccklicherweise zum Zeitpunkt des Unfalles einen Fahrradhelm. Die Fahrr\u00e4der wurden leicht besch\u00e4digt.<\/p>\n\n\n\n<h2 class=\"wp-block-heading\">(G\u00f6nnheim) &#8211; Geim Ausparken Fahrzeug besch\u00e4digt und gefl\u00fcchtet<\/h2>\n\n\n\n<p>Im Zeitraum von 30.05.2021 18:00 Uhr bis 31.05.2021, 09:00 Uhr wurde ein in der Bismarkstra\u00dfe in G\u00f6nnheim abgestellter Ford Focus besch\u00e4digt. Ein bislang unbekannter Verkehrsteilnehmer besch\u00e4digte vermutlich beim Aus- bzw. Einparken den Ford und entfernte sich anschlie\u00dfend unerlaubt von der Unfallstelle. Am Heck des Fahrzeuges entstand ein Sachschaden in H\u00f6he von 1500 Euro. Es liegen keinerlei Hinweise auf den Verursacher vor. Die Polizei Bad D\u00fcrkheim bittet um Hinweise unter 06322 963 0 oder per E-Mail an&nbsp;<a href=\"mailto:pibadduerkheim@polizei.rlp.de\">pibadduerkheim@polizei.rlp.de<\/a><\/p>\n\n\n\n<h2 class=\"wp-block-heading\">(Gr\u00fcnstadt) &#8211; Berauscht Schlangenlinien gefahren<\/h2>\n\n\n\n<p>Gegen einen 19-j\u00e4hrigen Autofahrer wurden Strafverfahren wegen &#8222;F\u00fchrens eines Fahrzeugs bei Fahrunsicherheit infolge Genusses anderer berauschender Mittel&#8220;, wegen des Besitzes von Bet\u00e4ubungsmitteln und wegen eines Versto\u00dfes gegen das Waffengesetz eingeleitet: Am gestrigen Montag (31.05.2021) gegen 14:30 Uhr fiel der Pkw zun\u00e4chst auf der L 395 aus Richtung Eisenberg auf, weil dieser in &#8222;Schlangenlinien&#8220; fuhr. In Gr\u00fcnstadt konnte das Fahrzeug kontrolliert werden. Dabei stellten die Beamten fest, dass der Fahrer unter dem Einfluss von Bet\u00e4ubungsmitteln stand. Deshalb wurde die Entnahme einer Blutprobe angeordnet und die Weiterfahrt untersagt. Im Fahrzeug konnten Bet\u00e4ubungsmittel und ein Einhandmesser aufgefunden werden. Da die Bet\u00e4ubungsmittel nicht eindeutig zuzuordnen waren, ist die 15 Jahre alte Beifahrerin ebenfalls Beschuldigte wegen des Bet\u00e4ubungsmitteldelikts. Das Messer, das wie die Bet\u00e4ubungsmittel sichergestellt wurde, geh\u00f6rte dem 19-j\u00e4hrigen. Einen berechtigten Besitz konnte er nicht nachweisen, weshalb hier Anzeige gegen ihn erstattet wurde.<\/p>\n\n\n\n<h2 class=\"wp-block-heading\">(Frankenthal) &#8211; Verkehrsunfallflucht<\/h2>\n\n\n\n<p>Der Gesch\u00e4digte parkte seinen Pkw BMW X3 am 30.05.2021, zwischen 16.00 Uhr und 21.00 Uhr, in der Wilhelm-Hauff-Stra\u00dfe, zwischen Eichendorffstra\u00dfe und Gottfried-Keller-Stra\u00dfe. Als er wieder zu seinem Fahrzeug kam, musste er feststellen, dass dieses durch einen bislang unbekannten Fahrzeugf\u00fchrer am vorderen linken Kotfl\u00fcgel besch\u00e4digt wurde. Der Schaden wird auf etwa 800 Euro gesch\u00e4tzt.<\/p>\n\n\n\n<p>Zeugen werden gebeten sich an die Polizeiinspektion Frankenthal unter der Tel.-Nr.: 06233\/313-0 oder an die Polizeiwache Maxdorf unter der Tel.-Nr.: 06237\/934-1100 zu wenden. Gerne nehmen wir Ihre Hinweise auch per E-Mail unter&nbsp;<a href=\"mailto:pifrankenthal@polizei.rlp.de\">pifrankenthal@polizei.rlp.de<\/a>&nbsp;entgegen.<\/p>\n\n\n\n<h2 class=\"wp-block-heading\">(Bobenheim-Roxheim) &#8211; Einbruch in Rohbau<\/h2>\n\n\n\n<p>Bislang unbekannte T\u00e4ter brachen am 31.05.2021, in der Zeit von 18.15 Uhr bis 20.30 Uhr, in einen Rohbau in der Adolf-Merz-Stra\u00dfe ein. Hierzu schlugen sie die Scheibe der Terrassent\u00fcr ein und konnten so die T\u00fcr \u00f6ffnen. Nach bisherigem Stand der Ermittlungen wurden bei dem Einbruch eine Bohrmaschine und eine Motorkettens\u00e4ge entwendet. Der Schaden wird auf etwa 450 Euro gesch\u00e4tzt.<\/p>\n\n\n\n<p>Zeugen werden gebeten sich an die Polizeiinspektion Frankenthal unter der Tel.-Nr.: 06233\/313-0 oder an die Polizeiwache Maxdorf unter der Tel.-Nr.: 06237\/934-1100 zu wenden. Gerne nehmen wir Ihre Hinweise auch per E-Mail unter&nbsp;<a href=\"mailto:pifrankenthal@polizei.rlp.de\">pifrankenthal@polizei.rlp.de<\/a>&nbsp;entgegen.<\/p>\n\n\n\n<h2 class=\"wp-block-heading\">(Bobenheim-Roxheim) &#8211; Verkehrsunfallflucht<\/h2>\n\n\n\n<p>Ein bislang unbekannter Fahrradfahrer besch\u00e4digte am 31.05.2021, gegen 10.15 Uhr, den linken Au\u00dfenspiegel eines im Raiffeisenring, H\u00f6he Hausnummer 9, abgestellten VW Polo und fl\u00fcchtete sodann vom Unfallort. Bei dem Verursacher soll es sich um einen 8 bis 10 Jahre alten Jungen handeln, etwa 160 cm gro\u00df. Der Schaden wird auf etwa 150 Euro gesch\u00e4tzt.<\/p>\n\n\n\n<p>Zeugen werden gebeten sich an die Polizeiinspektion Frankenthal unter der Tel.-Nr.: 06233\/313-0 oder an die Polizeiwache Maxdorf unter der Tel.-Nr.: 06237\/934-1100 zu wenden. Gerne nehmen wir Ihre Hinweise auch per E-Mail unter&nbsp;<a href=\"mailto:pifrankenthal@polizei.rlp.de\">pifrankenthal@polizei.rlp.de<\/a>&nbsp;entgegen.<\/p>\n\n\n\n<h2 class=\"wp-block-heading\">(Ludwigshafen) &#8211; Widerstand in der Lagerhausstra\u00dfe<\/h2>\n\n\n\n<p>Am 31.05.2021, gegen 22.00 Uhr, kontrollierten Polizeibeamte in der Lagerhausstra\u00dfe eine 39-j\u00e4hrige Autofahrerin aufgrund ihrer Fahrweise. W\u00e4hrend der Kontrolle stellten sie Alkoholgeruch fest. Ein freiwilliger Atemalkoholtest scheiterte jedoch an der Mitwirkung der Frau. Als die Polizeibeamten ihr deshalb die Weiterfahrt verboten und erkl\u00e4rten, dass ihr eine Blutprobe entnommen werden m\u00fcsste, beleidigte sie die Beamten und schlug in Richtung des Kopfes eines Beamten. Der Schlag wurde abgewehrt und die 39-J\u00e4hrige wurde zu Boden gebracht und fixiert. Daraufhin begann sie eine Hass- und Beleidigungstirade gegen\u00fcber den Beamten und sie versuchte durch Tritte die Fixierung zu verhindern. Sie wurde mit auf die Dienststelle genommen und kam in Gewahrsam. Dort trat sie weiterhin immer wieder gegen die T\u00fcr. Als zwei Polizeibeamtinnen sie in der Gewahrsamszelle durchsuchen wollten, trat sie ihnen zwischen die Beine. Bei der anschlie\u00dfenden Blutprobe trat sie wiederum die Beamten, schrie herum und beleidigte die Beamten auf das \u00dcbelste. Die 39-J\u00e4hrige erwartet nun eine Strafanzeige wegen Widerstand und Trunkenheit im Stra\u00dfenverkehr. Ihr F\u00fchrerschein wurde beschlagnahmt.<\/p>\n\n\n\n<h2 class=\"wp-block-heading\">(Ludwigshafen) &#8211; Unfall auf B 44<\/h2>\n\n\n\n<p>Am 31.05.2021, gegen 19.10 Uhr, fuhr ein 36-J\u00e4hriger mit seinem Motorrad hinter einer 18-j\u00e4hrigen Autofahrerin auf dem linken Fahrstreifen der B44 in Fahrtrichtung Mannheim. Zwischen der Ab- und Auffahrt Bruchwiesenstra\u00dfe, im dortigen Tempo 70 Bereich, wurde zu diesem Zeitpunkt eine mobile Messstelle von der Stadt Ludwigshafen betrieben. Als die Autos, die vor der 18-J\u00e4hrigen fuhren, ihre Geschwindigkeit verlangsamten, bremste auch die 18-J\u00e4hrige ab. Obwohl der 36-J\u00e4hrige daraufhin eine Vollbremsung einleitete, fuhr er auf das Auto der 18-J\u00e4hrigen auf. Durch den Zusammensto\u00df fiel sowohl er als auch sein 29-j\u00e4hriger Sozius vom Motorrad. Beide verletzten sich dabei leicht. In der Zeit der Unfallaufnahme wurde die linke Spur abgesichert und gesperrt. Das Motorrad wurde abgeschleppt. Zu Verkehrsbehinderungen kam es nicht. Der Gesamtschaden wird auf etwa 2.800 Euro gesch\u00e4tzt.<\/p>\n\n\n\n<h2 class=\"wp-block-heading\">(Mannheim) &#8211; Schwerer Unfall in der Hafenbahnstra\u00dfe<\/h2>\n\n\n\n<h3 class=\"has-text-align-center wp-block-heading\">Pressemitteilung Nr. 1<\/h3>\n\n\n\n<p>Aufgrund eines schweren Verkehrsunfalls, der sich am Dienstag gegen 15 Uhr in der Hafenbahnstra\u00dfe ereignete, ist diese derzeit voll gesperrt. Der Verkehr wird \u00f6rtlch umgeleitet. Bei dem Unfall sind mindestens drei Fahrzeuge beteiligt, ein beteiligter Fahrer kam in ein Krankenhaus. Die Unfallaufnahme dauert derzeit an.<\/p>\n\n\n\n<h3 class=\"has-text-align-center wp-block-heading\">Pressemitteilung Nr. 2<\/h3>\n\n\n\n<p>Am Dienstagnachmittag kam es um 15 Uhr in der Hafenbahnstra\u00dfe zu einem schweren unfall bei dem insgesamt drei Pkw beteiligt waren &#8211; mindestens zwei Insassen kamen zu weiteren Behandlung in Krankenhaus.<\/p>\n\n\n\n<p>Der Fahrer eines Pkw fuhr auf der Hafenbahnstra\u00dfe in Fahrtrichtung Luzenberg um auf das dortige T\u00dcV-Gel\u00e4nde nach links abzubiegen. Ein hinter ihm fahrendes Auto, besetzt mit vier Personen, bremst hierzu ab. Ein wiederum dahinter Fahrender erkennt die Situation zu sp\u00e4t und f\u00e4hrt auf den vor ihm bremsenden Pkw auf &#8211; in der Folge werden alle drei Fahrzeuge zusammengeschoben. Mindestens zwei Personen wurden bei dem Zusammensto\u00df verletzt und kamen zur weiteren Behandlung in ein Krankenhaus.<\/p>\n\n\n\n<p>Neben Beamten des Polizeireviers Mannheim-Neckarstadt waren auch Ermittler des Verkehrsdienstes Mannheim zur Unfallaufnahme eingesetzt. W\u00e4hrend der Aufnahme musste die Hafenbahnstra\u00dfe voll gesperrt werden; der Verkehr wurde \u00f6rtlich umgeleitet. Zwei Fahrzeuge mussten abgeschleppt werden. Der entstandene Sachschaden kann bislang nicht beziffert.<\/p>\n\n\n\n<p>Die Fahrbahn konnte um 16.30 Uhr wieder freigegeben werden.<\/p>\n\n\n\n<h2 class=\"wp-block-heading\">(Mannheim-Innenstadt) &#8211; Farbschmierereien in den P-Quadraten \/ Polizei sucht Zeugen<\/h2>\n\n\n\n<p>Im Zeitraum von Freitag, 28.05.2021, 15:00 Uhr bis Montag, 06:30 Uhr beschmierten ein oder mehrere unbekannte T\u00e4ter die Au\u00dfenfassade einer Bank in den P-Quadraten. Des Weiteren konnten gleiche Zahlenkombinationen und andere Farbschmierereien in der Tiefgarage und im Treppenhaus des besagten Geb\u00e4udes sowie an einem geparkten Fahrzeug festgestellt werden. Die H\u00f6he des entstandenen Sachschadens ist derzeit noch nicht bekannt. Das Polizeirevier Mannheim-Innenstadt hat die Ermittlungen wegen Sachbesch\u00e4digung aufgenommen.<\/p>\n\n\n\n<p>Zeugen, die verd\u00e4chtige Personen oder Wahrnehmungen gemacht haben sowie sachdienliche Hinweise geben k\u00f6nnen werden gebeten, sich unter der Tel.: 0621 12580 zu melden.<\/p>\n\n\n\n<h2 class=\"wp-block-heading\">(Mannheim-Neckarstadt) &#8211; Unbekannte brechen in Firmengel\u00e4nde ein \/ Rund 40.000 Euro Diebstahlsschaden<\/h2>\n\n\n\n<p>Im Zeitraum von Freitag, 16:30 Uhr bis Montag, 08:30 Uhr verschafften sich bislang unbekannte T\u00e4ter auf derzeit nicht bekannte Art und Weise Zutritt zu einem Firmengel\u00e4nde in der Diffenestra\u00dfe. Die T\u00e4ter entwendeten an mehreren Fahrzeugen mithilfe eines derzeit nicht bekannten Werkzeugs Steuerelemente. Es entstand ein Sachschaden in H\u00f6he von rund 40.000 Euro. Die Zentrale Kriminaltechnik wurde noch am Morgen verst\u00e4ndigt und mit der Spurensicherung vor Ort beauftragt. Die Kriminalpolizei Heidelberg hat die weiteren Ermittlungen aufgenommen.<\/p>\n\n\n\n<p>Zeugen, die verd\u00e4chtige Personen oder Fahrzeuge gesehen haben sowie sonstige sachdienliche Hinweise geben k\u00f6nnen, werden gebeten sich unter dem kriminalpolizeilichen Hinweistelefon, unter der Tel.: 0621 174 4444 zu melden.<\/p>\n\n\n\n<h2 class=\"wp-block-heading\">(Mannheim-Neckarau) &#8211; Arbeitsunfall in der Voltastra\u00dfe<\/h2>\n\n\n\n<p>In der Voltastra\u00dfe in Mannheim-Neckarau ereignete sich heute um kurz vor 11 Uhr ein Arbeitsunfall. Dabei st\u00fcrzte eine Person von einem ca. 5 Meter hohem Dach und zog sich nach jetzigem Erkenntnisstand Kopfverletzungen zu. Ein Rettungshubschrauber ist im Einsatz.<\/p>\n\n\n\n<h2 class=\"wp-block-heading\">(Heidelberg) &#8211; Ermittlungsgruppe &#8222;Neckarwiese&#8220; identifiziert erste Verd\u00e4chtige nach den Ausschreitungen vom 22.\/23. Mai; StA Heidelberg erwirkt Haftbefehl gegen 18-j\u00e4hrigen mutma\u00dflichen Randalierer<\/h2>\n\n\n\n<h3 class=\"wp-block-heading\">Gemeinsame Pressemitteilung der Staatsanwaltschaft Heidelberg und des Polizeipr\u00e4sidiums Mannheim<\/h3>\n\n\n\n<div class=\"wp-block-image\"><figure class=\"aligncenter size-large\"><img decoding=\"async\" loading=\"lazy\" width=\"800\" height=\"600\" src=\"https:\/\/speyer24news.com\/wp-content\/uploads\/2019\/06\/Ausn\u00fcchterungszelle.jpg\" alt=\"\" class=\"wp-image-15212\" srcset=\"https:\/\/speyer24news.com\/wp-content\/uploads\/2019\/06\/Ausn\u00fcchterungszelle.jpg 800w, https:\/\/speyer24news.com\/wp-content\/uploads\/2019\/06\/Ausn\u00fcchterungszelle-300x225.jpg 300w, https:\/\/speyer24news.com\/wp-content\/uploads\/2019\/06\/Ausn\u00fcchterungszelle-768x576.jpg 768w, https:\/\/speyer24news.com\/wp-content\/uploads\/2019\/06\/Ausn\u00fcchterungszelle-678x509.jpg 678w, https:\/\/speyer24news.com\/wp-content\/uploads\/2019\/06\/Ausn\u00fcchterungszelle-326x245.jpg 326w, https:\/\/speyer24news.com\/wp-content\/uploads\/2019\/06\/Ausn\u00fcchterungszelle-80x60.jpg 80w\" sizes=\"(max-width: 800px) 100vw, 800px\" \/><\/figure><\/div>\n\n\n\n<p>Videoaufzeichnungen, die entweder in sozialen Medien \u00f6ffentlich zug\u00e4nglich waren oder die von Zeugen den Beamten der Ermittlungsgruppe &#8222;Neckarwiese&#8220; der Kriminalpolizeidirektion Heidelberg zur Verf\u00fcgung gestellt worden waren, f\u00fchrten zur namentlichen Identifizierung erster Beschuldigter. Diese sollen an den tumultartigen Ausschreitungen von Pfingstsamstag auf Pfingstsonntag auf der Neckarwiese in Heidelberg-Neuenheim beteiligt gewesen sein.<\/p>\n\n\n\n<p>Am Dienstagmorgen wurden bei drei Verd\u00e4chtigen im Alter von 17 und 18 Jahren im Landkreis Karlsruhe und in Mannheim Durchsuchungsbeschl\u00fcsse, die das Amtsgericht Heidelberg auf Antrag der Staatsanwaltschaft Heidelberg erlassen hatte, vollzogen. Die Beamten stellten Tatkleidung und Mobiltelefone der Beschuldigten sicher, die nun von der Zentralen Kriminaltechnik der Kriminalpolizeidirektion Heidelberg ausgewertet werden.<\/p>\n\n\n\n<p>Die drei Beschuldigten stehen im Verdacht, in der Tatnacht als Teil einer randalierenden Menschenmenge einen Zeltpavillon f\u00fcr Corona-Schnelltests erheblich besch\u00e4digt zu haben. Einer der beiden 17-J\u00e4hrigen soll den Pavillon mit einem Holzpfahl demoliert haben. Der andere 17-J\u00e4hrige soll mit dem Fu\u00df gegen den Pavillon getreten und mehrfach mit den F\u00e4usten gegen die Jalousie geschlagen haben.<\/p>\n\n\n\n<p>Der 18-J\u00e4hrige ist dringend verd\u00e4chtig, mit einem Holzpfahl und einem E-Scooter auf den Pavillon eingeschlagen sowie eine Flasche auf einen vorbeifahrenden Streifenwagen geworfen haben. Er wurde am Dienstagnachmittag der Haftrichterin vorgef\u00fchrt. Diese erlie\u00df auf Antrag der Staatsanwaltschaft Heidelberg Haftbefehl wegen des Verdachts des Landfriedensbruchs in einem besonders schweren Fall in Tateinheit mit Sachbesch\u00e4digung. Anschlie\u00dfend wurde der Beschuldigte in eine Justizvollzugsanstalt eingeliefert.<\/p>\n\n\n\n<p>Die Staatsanwaltschaft Heidelberg und die Ermittlungsgruppe &#8222;Neckarwiese&#8220; der Kriminalpolizeidirektion Heidelberg hoffen, nach diesen ersten Erfolgen noch weitere der zahlreichen Randalierer identifizieren und der Strafverfolgung zuf\u00fchren zu k\u00f6nnen. Die Ermittlungen werden daher mit umfassendem Einsatz fortgesetzt.<\/p>\n\n\n\n<h2 class=\"wp-block-heading\">(Heidelberg-Pfaffengrund) &#8211; Mehrere Unf\u00e4lle verursacht, gefl\u00fcchtet und an Mauer zum Stehen gekommen<\/h2>\n\n\n\n<p>Am Montag gegen 12:20 Uhr verunfallte ein 71-j\u00e4hriger Ford-Fahrer im Bereich des Kranichwegs mit mindestens zwei Autos, fl\u00fcchtete und kam letztlich an einer Mauer zum Stehen. Der Mann kollidierte erst beim Abbiegen vom Kranichweg in den Steinhofweg mit einem VW und fuhr ohne anzuhalten weiter. An der Kreuzung zum Bl\u00fctenweg verunfallte der 71-J\u00e4hrige mit einem am Stra\u00dfenrand geparkten Opel. Auch nach diesem Unfall fl\u00fcchtete der Mann. Zuletzt fuhr er den Kranichweg in Richtung Eppelheimer Stra\u00dfe und bog in die Stra\u00dfe Obere R\u00f6dt ab. Hier kam er von der Fahrbahn ab, fuhr in eine Mauer und verletzte sich leicht. Ob der Mann weitere Unf\u00e4lle verursacht hat, ist noch nicht abschlie\u00dfend gekl\u00e4rt. Er verursachte einen Sachschaden von mehr als 14.000 Euro. Der Verkehrsdienst Heidelberg, Tel. 0621\/174-4111, sucht nun Zeugen sowie weitere Gesch\u00e4digte.<\/p>\n\n\n\n<h2 class=\"wp-block-heading\">(Plankstadt \/ Rhein-Neckar-Kreis) &#8211; Schwetzinger Stra\u00dfe nach Arbeitsunfall f\u00fcr Bergungsarbeiten voll gesperrt<\/h2>\n\n\n\n<h3 class=\"has-text-align-center wp-block-heading\">Pressemitteilung Nr.1<\/h3>\n\n\n\n<p>Derzeit (01.06.2021 \u2013 10:27) ist nach einem Arbeitsunfall auf einer Baustelle die Schwetzinger Stra\u00dfe f\u00fcr die Rettungsarbeiten voll gesperrt. Durch die Sperrung kann es zu Verkehrsbehinderungen im innerst\u00e4dtischen Bereich kommen.<\/p>\n\n\n\n<h3 class=\"has-text-align-center wp-block-heading\">Pressemitteilung Nr.1<\/h3>\n\n\n\n<p>Nach dem Arbeitsunfall sind die Rettungsarbeiten abgeschlossen und die Schwetzinger Stra\u00dfe ist wieder f\u00fcr den Verkehr freigegeben. \u00dcber die Schwere der Verletzungen ist derzeit noch nichts bekannt.<\/p>\n\n\n\n<h2 class=\"wp-block-heading\">(Leimen-Gauangelloch \/ Rhein-Neckar-Kreis) &#8211; Unfall mit drei Fahrzeugen; K 4161 derzeit ab Kreisverkehr voll gesperrt<\/h2>\n\n\n\n<h3 class=\"has-text-align-center wp-block-heading\">Pressemitteilung Nr. 3<\/h3>\n\n\n\n<p>Am Montagmorgen gegen 06:30 Uhr befuhr ein 27-J\u00e4hriger die K4161 in Fahrtrichtung Gauangelloch. Der 27-J\u00e4hrige setzte auf H\u00f6he eines dort befindlichen Parkplatzes zum \u00dcberholen an und fuhr in der Folge an einem unbeteiligten Fahrzeug sowie an einem 28-j\u00e4hrigen Opel-Fahrer vorbei. Weiterhin wollte er noch einen vorausfahrenden LKW \u00fcberholen. Als er auf H\u00f6he des 53-j\u00e4hrigen LKW-Fahrers war, zog auch der 28-J\u00e4hrige nach links, um sich dem \u00dcberholvorgang anzuschlie\u00dfen. Hierbei touchierte er das Heck des 27-J\u00e4hrigen, woraufhin dieser abbremste. Der 28-J\u00e4hrige kam im Zuge dessen ins Schleudern und streifte den rechts fahrenden LKW, der zun\u00e4chst weiterfuhr und erst nach wenigen Metern zum Stehen kam. Im weiteren Verlauf kollidierte der 28-J\u00e4hrige erneut mit dem Ford-Fahrer, woraufhin er schlie\u00dflich die Kontrolle \u00fcber sein Auto verlor und sich infolgedessen \u00fcberschlug. Gl\u00fccklicherweise blieben alle Unfallbeteiligten unverletzt. Der 28-J\u00e4hrige wurde dennoch vorsorglich mit dem Rettungswagen in ein naheliegendes Krankenhaus gebracht. An seinem Opel entstand Totalschaden. An dem LKW sowie an dem Ford entstand wiederum Sachschaden in einer Gesamth\u00f6he von rund 6000 Euro. Die Feuerwehr Leimen war ebenfalls im Einsatz. Durch die Unfallaufnahme sowie die Bergungsarbeiten war die Fahrbahn in beiden Richtungen f\u00fcr rund eine Stunde komplett gesperrt. Gegen 07:30 Uhr konnte der Verkehr dann in Richtung Gauangelloch an der Unfallstelle vorbei geleitet werden. Erst gegen 09:00 Uhr waren die polizeilichen Ma\u00dfnahmen vor Ort abgeschlossen und beide Fahrbahnen wieder freigegeben.<\/p>\n\n\n\n<h2 class=\"wp-block-heading\">(Eschelbronn \/ Rhein-Neckar-Kreis) &#8211; Auto vor Anwesen entwendet<\/h2>\n\n\n\n<p>Zwischen Samstag, gegen 18 Uhr und Montag, 06 Uhr entwendeten bislang unbekannte T\u00e4ter einen VW T-Roc in der Neugasse vor einem Anwesen. Das Auto hatte die Farbe Dunkelgraumetallic und ein schwarzes Dach. Hinweise auf Tatverd\u00e4chtige liegen derzeit keine vor. Zeugen, die verd\u00e4chtige Wahrnehmungen gemacht haben, werden gebeten, sich unter der Nummer 07263\/910675 beim Polizeiposten Waibstadt oder jeder anderen Polizeidienststelle zu melden.<\/p>\n\n\n\n<h2 class=\"wp-block-heading\">(Sinsheim \/ Rhein-Neckar-Kreis) &#8211; Motorradfahrer streift Auto und rutscht unter LKW<\/h2>\n\n\n\n<p>Am Montag gegen 16:30 Uhr versuchte ein 27-J\u00e4hriger Motorradfahrer an einer Ampel in der Jahnstra\u00dfe auf der Rechtsabbiegerspur links an einem vor ihm anfahrenden Seat vorbeizufahren, touchierte diesen, st\u00fcrzte und rutschte unter einen LKW, der auf der Geradeausspur unterwegs war. Der LKW-Fahrer konnte sein Fahrzeug rechtzeitig stoppen, sodass der 27-J\u00e4hrige durch den Unfall nur leicht verletzt. Ein Rettungswagen brachte ihn in ein nahegelegenes Krankenhaus. Das Motorrad musste durch einen Abschleppdienst geborgen werden. Durch den Unfall entstand insgesamt ein Schaden von mehr als 1000 Euro.<\/p>\n\n\n\n<h2 class=\"wp-block-heading\">(Sinsheim \/ A 6 <strong>\/ Rhein-Neckar-Kreis) &#8211;<\/strong> Tr\u00fcmmerteile von Unfall besch\u00e4digen nachfolgendes Fahrzeug \/ Zeugen gesucht!<\/h2>\n\n\n\n<p>Am Montag gegen 09 Uhr verunfallten auf der A6 bei Sinsheim ein Porsche und ein Transporter, wodurch ein nachfolgender Mazda durch umherfliegende Tr\u00fcmmerteile besch\u00e4digt wurde. Der Porsche sowie der wei\u00dfe Transporter kamen auf dem Standstreifen zum Stehen. Der Mazdafahrer fuhr auf den n\u00e4chstgelegenen Parkplatz, wo er an seinem Auto den Schaden, verursacht durch die Tr\u00fcmmerteile, feststellte. Da die beiden Fahrer des Porsches und des Transporters den Unfall nicht bei der Polizei meldeten, sind diese derzeit noch unbekannt. Der Verkehrsdienst Walldorf, Tel. 07261 \/ 690-0, sucht nun Zeugen sowie die beiden Fahrer des Porsches und des Transporters.<\/p>\n\n\n\n<h2 class=\"wp-block-heading\">(Neckargem\u00fcnd \/ Rhein-Neckar-Kreis) &#8211; Unbekannter besch\u00e4digt Hauswand \/ Rund 1000 Euro Schaden<br>Polizei bittet um Hinweise<\/h2>\n\n\n\n<p>Am Montagmorgen, in der Zeit von 10:00 Uhr bis 12:00 Uhr wurde das Eck einer Hauswand in der Altneudorfer Stra\u00dfe besch\u00e4digt. Vermutlich streifte ein Verkehrsteilnehmer einen dort zur Sicherung installierten Sandstein, der in der Folge gegen die Geb\u00e4udefassade gedr\u00fcckt wurde. Da die am Haus vorbeif\u00fchrende Stra\u00dfe vermehrt durch Traktorgespanne genutzt wird, kann ein Zusammenhang nicht ausgeschlossen werden. Im Zuge der Unfallaufnahme und der anschlie\u00dfenden Ermittlungen wurden bereits mehrere in der N\u00e4he befindliche und Gespanne festgestellt und in der Folge \u00fcberpr\u00fcft. Hierbei ergaben sich allerdings keine weiteren Hinweise auf den tats\u00e4chlichen Unfallverursacher.<\/p>\n\n\n\n<p>Das Polizeirevier Neckargem\u00fcnd hat die weiteren Ermittlungen aufgenommen und bittet Zeugen, die sachdienliche Angaben machen k\u00f6nnen, sich unter der Tel.: 06223 92540 zu melden.<\/p>\n\n\n\n<h2 class=\"wp-block-heading\">(Eppelheim \/ Rhein-Neckar-Kreis) &#8211; Unachtsamer Autofahrer \u00f6ffnet Fahrzeugt\u00fcr \/ Radfahrer leicht verletzt<\/h2>\n\n\n\n<p>Am Montagnachmittag gegen 16:45 Uhr parkte ein 55-J\u00e4hriger seinen Renault in der Christophstra\u00dfe. Beim Aussteigen \u00f6ffnete er die Fahrert\u00fcr seines Fahrzeugs, ohne allerdings auf den nachfolgenden Verkehr zu achten. In diesem Moment n\u00e4herte sich ein 54-j\u00e4hriger Radfahrer. Dieser konnte zwar noch in letzter Sekunde ausweichen, st\u00fcrzte aber in der Folge zu Boden und zog sich hierdurch eine Platzwunde im Gesicht zu. Ein hinzugerufener Rettungswagen brachte den leicht verletzten 54-J\u00e4hrigen schlie\u00dflich in ein naheliegendes Krankenhaus. Ob ein Sachschaden an dem Fahrrad entstanden ist und wie hoch dieser m\u00f6glicherweise ist, ist derzeit nicht bekannt. Das Polizeirevier Heidelberg-S\u00fcd hat die weiteren Ermittlungen aufgenommen.<\/p>\n\n\n\n<h2 class=\"wp-block-heading\">(Schriesheim \/ Rhein-Neckar-Kreis) &#8211; Postfiliale \u00fcberfallen; Beschreibung des T\u00e4ters aktualisiert; Komplize wartete im Fluchtfahrzeug<\/h2>\n\n\n\n<h3 class=\"has-text-align-center wp-block-heading\">Pressemitteilung Nr. 3<\/h3>\n\n\n\n<div class=\"wp-block-image\"><figure class=\"aligncenter size-large\"><img decoding=\"async\" loading=\"lazy\" width=\"800\" height=\"554\" src=\"https:\/\/speyer24news.com\/wp-content\/uploads\/2021\/03\/Fahndung.jpg\" alt=\"\" class=\"wp-image-34196\" srcset=\"https:\/\/speyer24news.com\/wp-content\/uploads\/2021\/03\/Fahndung.jpg 800w, https:\/\/speyer24news.com\/wp-content\/uploads\/2021\/03\/Fahndung-300x208.jpg 300w, https:\/\/speyer24news.com\/wp-content\/uploads\/2021\/03\/Fahndung-768x532.jpg 768w\" sizes=\"(max-width: 800px) 100vw, 800px\" \/><\/figure><\/div>\n\n\n\n<p>Nach wie vor fahndet die Polizei nach dem bislang noch unbekannten T\u00e4ter, der am Montagvormittag eine Postfiliale in der Talstra\u00dfe \u00fcberfallen hatte.<\/p>\n\n\n\n<h4 class=\"wp-block-heading\">Aufgrund von Zeugenbefragungen, insbesondere der Aussage des \u00dcberfallopfers, wird die Beschreibung des T\u00e4ters wie folgt vervollst\u00e4ndigt: <\/h4>\n\n\n\n<ul><li><strong>ca. 40 Jahre<\/strong><\/li><li><strong>ca. 170-175 cm<\/strong><\/li><li><strong>kr\u00e4ftige, athletische Figur<\/strong><\/li><li><strong>Er war dunkel bekleidet, trug eine FFP-2-Maske, eine schwarze Softshelljacke, deren Kapuze er \u00fcber den Kopf gezogen hatte, darunter eine wei\u00dfe M\u00fctze. Dar\u00fcber hinaus trug er eine orangefarbene Warnweste, schwarz\/wei\u00dfe Skihandschuhe und wei\u00dfe Turnschuhe. <\/strong><\/li><li><strong>Der Mann sprach Deutsch mit osteurop\u00e4ischem Dialekt.<\/strong><\/li><\/ul>\n\n\n\n<ul><li><strong>Auf seiner Flucht stieg der T\u00e4ter in einen hellen Kastenwagen, \u00e4hnlich eines Sprinters ein, in dem nach den derzeitigen Erkenntnissen ein Komplize wartete. Dieser Mitt\u00e4ter steuerte offenbar das Fluchtfahrzeug. Die Fluchtrichtung ist nach wie vor unbekannt.<\/strong><\/li><\/ul>\n\n\n\n<p>Die Fahnder des Raubdezernats des Kriminalkommissariats Mannheim gehen davon aus, dass insbesondere zur Tatzeit, kurz vor 8 Uhr, viele Pendler den Tatort in der Talstra\u00dfe, m\u00f6glicherweise auch in unmittelbarer N\u00e4he passiert haben d\u00fcrften. Ihnen k\u00f6nnte der helle Kastenwagen, der unmittelbar vor der Postfiliale abgestellt war aufgefallen sein.<\/p>\n\n\n\n<p>Diese wichtigen Zeugen, aber auch weitere Hinweisgeber, die Informationen zur Tat, zum T\u00e4ter und\/oder dessen Fahrzeug und seiner Fluchtrichtung geben k\u00f6nnen, werden gebeten, sich beim Kriminaldauerdienst, Tel.: 0621\/174-4444, beim Polizeiposten Schriesheim, Tel.: 06203\/61301 oder beim Polizeirevier Weinheim, Tel.: 06201\/1003-0 zu melden.<\/p>\n\n\n\n<h2 class=\"wp-block-heading\">(Ilvesheim \/ Rhein-Neckar-Kreis) &#8211; Alkoholisierter Autofahrer sorgt f\u00fcr Ruhest\u00f6rung<\/h2>\n\n\n\n<p>In der Nacht von Montag auf Dienstag wurde die Polizei gegen 00:15 Uhr, aufgrund einer Ruhest\u00f6rung im Bereich der alla hopp!-Anlage, verst\u00e4ndigt. Beim Eintreffen stellten die Polizisten einen 20-j\u00e4hrigen Mercedes-Fahrer fest, der auf dem dortigen Parkplatz Kreise fuhr. Im Rahmen der anschlie\u00dfenden Personen- und Fahrzeugkontrolle kam den Beamten ein deutlicher Alkoholgeruch entgegen. Ein freiwillig durchgef\u00fchrter Atemalkoholtest ergab rund 1,8 Promille. Der 20-J\u00e4hrige wurde aufgefordert seinen Fahrzeugschl\u00fcssel auszuh\u00e4ndigen, was dieser allerdings verweigerte. Daraufhin sollte das Fahrzeug nach dem Schl\u00fcssel durchsucht werden. Auf die weiteren Ma\u00dfnahmen der Beamten reagierte er lautstark und aggressiv, sodass er in der Folge kurzzeitig fixiert werden musste. Nachdem sich der 20-J\u00e4hrige wieder beruhigt hatte und der Fahrzeugschl\u00fcssel zum Verschlie\u00dfen des Autos aufgefunden wurde, musste er mit auf das Polizeirevier. Da zudem der Verdacht bestand, dass der 20-J\u00e4hrige neben Alkohol auch unter dem Einfluss weiterer berauschender Mittel stand, sollte er eine freiwillige Urinprobe abgeben. Im Toilettenbereich stellte dann einer der Polizisten fest, dass der 20-J\u00e4hrige anstatt zu urinieren, den Wasserhahn bet\u00e4tigte und so den Becher f\u00fcllte. Daraufhin wurde ihm eine Blutprobe entnommen. Nachdem die polizeilichen Ma\u00dfnahmen beendet waren, durfte der junge Mann seinen Heimweg zu Fu\u00df antreten. Neben dem Fahrzeugschl\u00fcssel wurde auch der F\u00fchrerschein des 20-J\u00e4hrigen einbehalten. Gegen ihn wird nun ein Strafverfahren wegen Trunkenheit im Verkehr eingeleitet.<\/p>\n","protected":false},"excerpt":{"rendered":"<div class=\"mh-excerpt\"><p>Polizeimeldungen vom Dienstag (01.06.2021) (Speyer) &#8211; In zwei F\u00e4llen Betriebserlaubnis erloschen Fahrzeuge mit technischen Ver\u00e4nderungen standen am Montag zwischen 10:00 Uhr und 14:00 Uhr im Fokus der Polizei. Insgesamt konnten zehn PKW und zwei Motorr\u00e4der <a class=\"mh-excerpt-more\" href=\"https:\/\/speyer24news.com\/?p=37440\" title=\"Polizei\">[&#8230;]<\/a><\/p>\n<\/div>","protected":false},"author":3,"featured_media":26162,"comment_status":"open","ping_status":"open","sticky":false,"template":"","format":"standard","meta":{"_monsterinsights_skip_tracking":false,"_monsterinsights_sitenote_active":false,"_monsterinsights_sitenote_note":"","_monsterinsights_sitenote_category":0,"footnotes":""},"categories":[12],"tags":[702,61,2555,6955,6986,6263,63,105,11150,6987,53,4854,4683,1548,102,213,55,5261,103,106,2803,2423,427,2625,380,62,104,979,1565],"aioseo_notices":[],"amp_enabled":true,"_links":{"self":[{"href":"https:\/\/speyer24news.com\/index.php?rest_route=\/wp\/v2\/posts\/37440"}],"collection":[{"href":"https:\/\/speyer24news.com\/index.php?rest_route=\/wp\/v2\/posts"}],"about":[{"href":"https:\/\/speyer24news.com\/index.php?rest_route=\/wp\/v2\/types\/post"}],"author":[{"embeddable":true,"href":"https:\/\/speyer24news.com\/index.php?rest_route=\/wp\/v2\/users\/3"}],"replies":[{"embeddable":true,"href":"https:\/\/speyer24news.com\/index.php?rest_route=%2Fwp%2Fv2%2Fcomments&post=37440"}],"version-history":[{"count":3,"href":"https:\/\/speyer24news.com\/index.php?rest_route=\/wp\/v2\/posts\/37440\/revisions"}],"predecessor-version":[{"id":37446,"href":"https:\/\/speyer24news.com\/index.php?rest_route=\/wp\/v2\/posts\/37440\/revisions\/37446"}],"wp:featuredmedia":[{"embeddable":true,"href":"https:\/\/speyer24news.com\/index.php?rest_route=\/wp\/v2\/media\/26162"}],"wp:attachment":[{"href":"https:\/\/speyer24news.com\/index.php?rest_route=%2Fwp%2Fv2%2Fmedia&parent=37440"}],"wp:term":[{"taxonomy":"category","embeddable":true,"href":"https:\/\/speyer24news.com\/index.php?rest_route=%2Fwp%2Fv2%2Fcategories&post=37440"},{"taxonomy":"post_tag","embeddable":true,"href":"https:\/\/speyer24news.com\/index.php?rest_route=%2Fwp%2Fv2%2Ftags&post=37440"}],"curies":[{"name":"wp","href":"https:\/\/api.w.org\/{rel}","templated":true}]}}