{"id":37493,"date":"2021-06-03T07:26:25","date_gmt":"2021-06-03T06:26:25","guid":{"rendered":"https:\/\/speyer24news.com\/?p=37493"},"modified":"2021-06-03T07:26:26","modified_gmt":"2021-06-03T06:26:26","slug":"speyer-kultur-5","status":"publish","type":"post","link":"https:\/\/speyer24news.com\/?p=37493","title":{"rendered":"Speyer \/ Kultur"},"content":{"rendered":"<style type=\"text\/css\">\r\n\t.ads_top_disp{}\r\n\t.ads_top_corner_disp{ float:left; margin:0px 10px 10px 0px; }\r\n\t.ads_first_p_disp{}\r\n\t.ads_bottom_disp{}\r\n\t<\/style>\n<h2 class=\"wp-block-heading\"><strong>Vortragsreihe im\u00a0Stadtarchiv: &#8222;Die bayerische Zeit in Griechenland \/ K\u00f6nig Otto&#8220;<\/strong><\/h2>\n\n\n\n<div class=\"wp-block-image\"><figure class=\"aligncenter size-large\"><img decoding=\"async\" loading=\"lazy\" width=\"500\" height=\"793\" src=\"https:\/\/speyer24news.com\/wp-content\/uploads\/2021\/06\/King_Otto_of_Greece_in_national_costume.jpg\" alt=\"\" class=\"wp-image-37494\" srcset=\"https:\/\/speyer24news.com\/wp-content\/uploads\/2021\/06\/King_Otto_of_Greece_in_national_costume.jpg 500w, https:\/\/speyer24news.com\/wp-content\/uploads\/2021\/06\/King_Otto_of_Greece_in_national_costume-189x300.jpg 189w\" sizes=\"(max-width: 500px) 100vw, 500px\" \/><\/figure><\/div>\n\n\n\n<p>Im Rahmen der Vortragsreihe &#8222;Mittwochabend im Stadtarchiv&#8220; findet\u00a0ausnahmsweise an einem<strong> Dienstag, 8. Juni 2021, um 18.30 Uhr<\/strong>\u00a0ein Online-Vortrag in\u00a0Kooperation der Landeszentrale f\u00fcr politische Bildung Rheinland-Pfalz und dem K\u00fcnstlerhaus Edenkoben der Stiftung Rheinland-Pfalz Kultur mit dem Kulturellen Erbe &#8211; Stadtarchiv Speyer statt.\u00a0<\/p>\n\n\n\n<p>Dr. Ludwig Unger&nbsp;aus M\u00fcnchen wird zum Thema&nbsp;&#8222;Die bayerische Zeit in Griechenland \/ K\u00f6nig Otto. Warum K\u00f6nig Otto als K\u00f6nig von Griechenland scheiterte&#8220; referieren.&nbsp;<\/p>\n\n\n\n<p>Der Vortrag mit anschlie\u00dfender Diskussionsm\u00f6glichkeit&nbsp;soll Ideen und Wirklichkeit dieser spannenden Pers\u00f6nlichkeit in einer Phase des europ\u00e4ischen Umbruchs herausarbeiten.&nbsp;<\/p>\n\n\n\n<p>Eine Anmeldung ist bis Dienstag,&nbsp;8. Juni 2021, sp\u00e4testens&nbsp;14.00 Uhr, per E-Mail an&nbsp;<a href=\"mailto:stadtarchiv@stadt-speyer.de\" target=\"_blank\" rel=\"noreferrer noopener\">stadtarchiv@stadt-speyer.de<\/a>&nbsp;m\u00f6glich.<\/p>\n\n\n\n<p>Die Zugangsdaten zur kostenlosen Veranstaltung werden per E-Mail versandt.&nbsp;<\/p>\n\n\n\n<p>Bei \u201eK\u00f6nig Otto\u201c denken nicht nur Fu\u00dfballfans im Vorfeld der EM an den bekannten Fu\u00dfballer Otto Rehhagel, dem als Trainer der griechischen Nationalmannschaft mit dem Gewinn der EM 2004 eine der gr\u00f6\u00dften \u00dcberraschungen der europ\u00e4ischen Fu\u00dfballgeschichte gelang.<\/p>\n\n\n\n<p>In dem Vortrag von&nbsp;Dr. Ludwig Unger&nbsp;wird aber das Leben des bayerischen Prinzen, der 1832 griechischer K\u00f6nig wurde und dessen Wirken von dem Schriftsteller Heinrich Heine heftig kritisiert wurde, thematisiert. Als gl\u00fchender Verfechter der hellenistischen Sprache und Kultur bis zu seinem Lebensende und ungl\u00fccklicher Herrscher in einem jungen Staat: Der Wittelsbacher K\u00f6nig Otto von Griechenland ist eine schillernde und zugleich faszinierende Gestalt voller Gegens\u00e4tze. Im Umfeld eines Aufstandes ging Otto 1862 ins Exil im K\u00f6nigreich seines Bruders &#8211; nach Bamberg, wo er 1867 starb. Dennoch hinterlie\u00df seine Politik, auch sein Handeln im Rechtswesen und Kulturpolitik bleibende Spuren.<\/p>\n\n\n\n<p>Auch pf\u00e4lzische Soldaten waren als Teil des k\u00f6niglich-bayerischen Regiments in Griechenland im Einsatz. Auf ihrem R\u00fcckmarsch machten sie am 26. April 1834 in Speyer Halt, wo sie herzlich empfangen wurden.\u00a0Der Kommandeur der Truppen bedankte sich sp\u00e4ter\u00a0f\u00fcr die gro\u00dfe Gastfreundschaft der Speyerer.<\/p>\n\n\n\n<p><em>Stadtverwaltung Speyer<br>03.06.2021<\/em><\/p>\n","protected":false},"excerpt":{"rendered":"<div class=\"mh-excerpt\"><p>Vortragsreihe im\u00a0Stadtarchiv: &#8222;Die bayerische Zeit in Griechenland \/ K\u00f6nig Otto&#8220; Im Rahmen der Vortragsreihe &#8222;Mittwochabend im Stadtarchiv&#8220; findet\u00a0ausnahmsweise an einem Dienstag, 8. Juni 2021, um 18.30 Uhr\u00a0ein Online-Vortrag in\u00a0Kooperation der Landeszentrale f\u00fcr politische Bildung Rheinland-Pfalz <a class=\"mh-excerpt-more\" href=\"https:\/\/speyer24news.com\/?p=37493\" title=\"Speyer \/ Kultur\">[&#8230;]<\/a><\/p>\n<\/div>","protected":false},"author":3,"featured_media":0,"comment_status":"open","ping_status":"open","sticky":false,"template":"","format":"standard","meta":{"_monsterinsights_skip_tracking":false,"_monsterinsights_sitenote_active":false,"_monsterinsights_sitenote_note":"","_monsterinsights_sitenote_category":0,"footnotes":""},"categories":[14],"tags":[12005,8377,6,2674],"aioseo_notices":[],"amp_enabled":true,"_links":{"self":[{"href":"https:\/\/speyer24news.com\/index.php?rest_route=\/wp\/v2\/posts\/37493"}],"collection":[{"href":"https:\/\/speyer24news.com\/index.php?rest_route=\/wp\/v2\/posts"}],"about":[{"href":"https:\/\/speyer24news.com\/index.php?rest_route=\/wp\/v2\/types\/post"}],"author":[{"embeddable":true,"href":"https:\/\/speyer24news.com\/index.php?rest_route=\/wp\/v2\/users\/3"}],"replies":[{"embeddable":true,"href":"https:\/\/speyer24news.com\/index.php?rest_route=%2Fwp%2Fv2%2Fcomments&post=37493"}],"version-history":[{"count":1,"href":"https:\/\/speyer24news.com\/index.php?rest_route=\/wp\/v2\/posts\/37493\/revisions"}],"predecessor-version":[{"id":37495,"href":"https:\/\/speyer24news.com\/index.php?rest_route=\/wp\/v2\/posts\/37493\/revisions\/37495"}],"wp:attachment":[{"href":"https:\/\/speyer24news.com\/index.php?rest_route=%2Fwp%2Fv2%2Fmedia&parent=37493"}],"wp:term":[{"taxonomy":"category","embeddable":true,"href":"https:\/\/speyer24news.com\/index.php?rest_route=%2Fwp%2Fv2%2Fcategories&post=37493"},{"taxonomy":"post_tag","embeddable":true,"href":"https:\/\/speyer24news.com\/index.php?rest_route=%2Fwp%2Fv2%2Ftags&post=37493"}],"curies":[{"name":"wp","href":"https:\/\/api.w.org\/{rel}","templated":true}]}}