{"id":37557,"date":"2021-06-05T06:56:30","date_gmt":"2021-06-05T05:56:30","guid":{"rendered":"https:\/\/speyer24news.com\/?p=37557"},"modified":"2021-06-05T06:56:32","modified_gmt":"2021-06-05T05:56:32","slug":"polizei-602","status":"publish","type":"post","link":"https:\/\/speyer24news.com\/?p=37557","title":{"rendered":"Polizei"},"content":{"rendered":"<style type=\"text\/css\">\r\n\t.ads_top_disp{}\r\n\t.ads_top_corner_disp{ float:left; margin:0px 10px 10px 0px; }\r\n\t.ads_first_p_disp{}\r\n\t.ads_bottom_disp{}\r\n\t<\/style>\n<h2 class=\"wp-block-heading\">Polizeimeldungen vom Freitag (04.06.2021)<\/h2>\n\n\n\n<div class=\"wp-block-image\"><figure class=\"aligncenter size-large\"><img decoding=\"async\" src=\"https:\/\/speyer24news.com\/wp-content\/uploads\/2020\/01\/Aktuelles-Polizeilogo.jpg\" alt=\"\" class=\"wp-image-23832\"\/><\/figure><\/div>\n\n\n\n<h2 class=\"wp-block-heading\">(Schwegenheim) &#8211; Unfall durch gef\u00e4hrliches \u00dcberholman\u00f6ver<\/h2>\n\n\n\n<p>Donnerstagmittag befuhr ein 36-j\u00e4hriger Motorradfahrer gegen 13 Uhr die Landstra\u00dfe 537 zwischen Harthausen und Schwegenheim. Dort setzte er zu einem gef\u00e4hrlichen \u00dcberholman\u00f6ver an und versuchte, den vor ihm fahrenden PKW zu \u00fcberholen. Dabei \u00fcbersah er, dass sich im Gegenverkehr ein Auto n\u00e4herte. Beim Versuch, den \u00dcberholvorgang abzubrechen, st\u00fcrzte der Motorradfahrer und verletzte sich nur leicht. Um einen Frontalzusammensto\u00df zu verhindern, versuchte das ihm entgegenkommende Fahrzeug auszuweichen und kam dabei von der Fahrbahn ab. Sowohl das Motorrad als auch der PKW mussten abgeschleppt werden. Der Sachschaden bel\u00e4uft sich auf insgesamt etwa 5000 Euro. Gegen den Motorradfahrer wurde ein entsprechendes Strafverfahren eingeleitet.<\/p>\n\n\n\n<h2 class=\"wp-block-heading\">(Herxheim-Hayna) &#8211; Mit 3,2 Promille gest\u00fcrzt<\/h2>\n\n\n\n<p>3,2 Promille ergab der Atemalkoholtest bei einem Rennrad-Fahrer, der am Donnerstagabend die L542 von Herxheim in Fahrtrichtung Hayna befuhr und am Ortseingang Hayna st\u00fcrzte. Der 57-J\u00e4hrige Fahrer aus dem Kreis S\u00fcdliche Weinstra\u00dfe trug gl\u00fccklicherweise nur leichte Verletzungen davon und wurde vorsorglich ins Krankenhaus gebracht. Aufgrund seiner Alkoholisierung wurde ihm im Krankenhaus eine Blutprobe entnommen. Gegen den Rennrad-Fahrer wurde ein Strafverfahren wegen Trunkenheit im Stra\u00dfenverkehrt eingeleitet.<\/p>\n\n\n\n<h2 class=\"wp-block-heading\">(Kandel) &#8211; Zeugenaufruf zu gest\u00fcrztem Radfahrer<\/h2>\n\n\n\n<p>Am Donnerstag, dem 03.06.2021, um 22.10 Uhr, befuhr ein 58-j\u00e4hriger Radfahrer den Radweg entlang des Hintergrabens in Kandel in Fahrtrichtung Minfeld. Aufgrund seiner Alkoholisierung kam er nach rechts vom Radweg ab und st\u00fcrzte in den Hofgraben. Beim Eintreffen der Polizei war er vom Rettungsdienst bereits v\u00f6llig durchn\u00e4sst aus dem Graben gezogen und erstversorgt worden. Ein Alkoholtest ergab einen Atemalkoholwert von 2,53 Promille. Zur weiteren Versorgung seiner oberfl\u00e4chlichen Verletzungen wurde der 58-J\u00e4hrige in ein Krankenhaus verbracht, wo ihm eine Blutprobe entnommen wurde. Die Polizeiinspektion W\u00f6rth bittet eine Zeugin, die die eingesetzten Beamten auf der Anfahrt auf den betrunkenen Radfahrer aufmerksam gemacht hat, um Kontaktaufnahme.<\/p>\n\n\n\n<h2 class=\"wp-block-heading\">(W\u00f6rth am Rhein) &#8211; Radfahrer st\u00fcrzt nach Lenkerber\u00fchrung<\/h2>\n\n\n\n<p>Ein 27-j\u00e4hriger und ein 28-j\u00e4hriger Radfahrer befuhren am Donnerstag, dem 03.06.2021, um 13.15 Uhr, nebeneinander den parallel zur L 540 verlaufenden Radweg von Jockgrim nach W\u00f6rth. Bei der Querung der Ludwigstra\u00dfe stie\u00dfen die Lenker der beiden Fahrr\u00e4der aneinander sodass der 28-J\u00e4hrige st\u00fcrzte und sich leicht verletzte.<\/p>\n\n\n\n<h2 class=\"wp-block-heading\">(Billigheim-Ingenheim) &#8211; Bei Flucht vor der Polizei gest\u00fcrzt<\/h2>\n\n\n\n<p>Einen 18-j\u00e4hrigen Rollerfahrer aus dem Kreis S\u00fcdliche Weinstra\u00dfe wollten Polizeibeamte der Polizei Landau am sp\u00e4ten Donnerstagabend auf der L544 kontrollieren. Der Rollerfahrer versuchte sich der Kontrolle durch Flucht zu entziehen. Nach einer kurzen Verfolgung wollte der Rollerfahrer vor der B38 in einen Feldweg abbiegen und st\u00fcrzte hierbei. Aufgrund des Sturzes konnte der Fahrer gestellt und der anzunehmende Grund f\u00fcr die Flucht schnell ermittelt werden. Er konnte f\u00fcr den Roller keine g\u00fcltige Fahrerlaubnis vorweisen. Durch den Sturz zog sich der junge Mann leichte Verletzungen zu. Er wurde zur weiteren Versorgung in ein Krankenhaus verbracht. Der Roller wurde sichergestellt und gegen den Fahrer ein Strafverfahren eingeleitet.<\/p>\n\n\n\n<h2 class=\"wp-block-heading\">(Klingenm\u00fcnster) &#8211; Nachtrag zur \u00d6ffentlichkeitsfahndung vom 01.06.2021<\/h2>\n\n\n\n<div class=\"wp-block-image\"><figure class=\"aligncenter size-large\"><img decoding=\"async\" loading=\"lazy\" width=\"800\" height=\"533\" src=\"https:\/\/speyer24news.com\/wp-content\/uploads\/2021\/02\/candle-2038736_1920.jpg\" alt=\"\" class=\"wp-image-33582\" srcset=\"https:\/\/speyer24news.com\/wp-content\/uploads\/2021\/02\/candle-2038736_1920.jpg 800w, https:\/\/speyer24news.com\/wp-content\/uploads\/2021\/02\/candle-2038736_1920-300x200.jpg 300w, https:\/\/speyer24news.com\/wp-content\/uploads\/2021\/02\/candle-2038736_1920-768x512.jpg 768w\" sizes=\"(max-width: 800px) 100vw, 800px\" \/><\/figure><\/div>\n\n\n\n<p>Die vermisste 24-J\u00e4hrige wurde am 01.06.2021 in Rastatt tot aufgefunden. Die Umst\u00e4nde lassen darauf schlie\u00dfen, dass die Frau sich selbst get\u00f6tet haben k\u00f6nnte. Die Ermittlungen wurden aufgenommen.<\/p>\n\n\n\n<p>Wenn Sie Suizid-Gedanken haben, dann kontaktieren Sie bitte die Telefonseelsorge im Internet unter\u00a0<a rel=\"noreferrer noopener\" target=\"_blank\" href=\"http:\/\/www.telefonseelsorge.de\/\">www.telefonseelsorge.de<\/a>\u00a0oder \u00fcber die kostenlose Hotlines 0800\/111 0 111 oder 0800\/111 0 222 oder 116 123. Im Notfall sofort den Rettungsdienst 112 oder die Polizei 110 anrufen!<\/p>\n\n\n\n<h2 class=\"wp-block-heading\">(Ilbesheim \/ L 509) &#8211; Hoher Sachschaden und Vollsperrung bei Verkehrsunfall \/ Unfallbeteiligter gesucht!<\/h2>\n\n\n\n<p>20.000 Euro Sachschaden entstand bei einem Verkehrsunfall am Donnerstagmittag auf der L509 an der Einm\u00fcndung Richtung G\u00f6cklingen. Ein bislang unbekannter PKW- F\u00fchrer befuhr den Zubringer von G\u00f6cklingen kommend und war mit seiner Fahrzeugfront bereits auf der L509. Dies veranlasste einen 35-j\u00e4hrigen PKW-F\u00fchrer, der die L509 von Eschbach kommend in Fahrtrichtung Landau befuhr, dazu, auszuweichen und abzubremsen. Ein dahinterfahrender 20-J\u00e4hriger aus dem Kreis S\u00fcdliche Weinstra\u00dfe konnte nicht mehr rechtzeitig bremsen und fuhr auf das Fahrzeug des 35-J\u00e4hrigen auf. Der von G\u00f6cklingen kommende PKW fuhr daraufhin, ohne anzuhalten, weiter in Richtung Landau. Bei dem PKW handelte sich um einen silberfarbenen Mercedes Kombi mit Landauer Zulassung.<\/p>\n\n\n\n<p>Die L509 musste zwecks Unfallaufnahme und Aufr\u00e4umarbeiten \u00fcber eine Stunde voll gesperrt werden.<\/p>\n\n\n\n<p>Zeugen, die Angaben zu dem Verkehrsunfall oder dem silberfarbenen Mercedes machen k\u00f6nnen, werden gebeten sich bei der Polizeiinspektion Landau zu melden<\/p>\n\n\n\n<h2 class=\"wp-block-heading\">(Landau) &#8211; Betrunken vor PKW gestolpert<\/h2>\n\n\n\n<p>Zu einem Verkehrsunfall mit einem leichtverletzten Fu\u00dfg\u00e4nger kam es am fr\u00fchen Donnerstagmorgen in der Wei\u00dfenburger Stra\u00dfe in Landau. Ein PKW-F\u00fchrer aus dem Kreis S\u00fcdliche Weinstra\u00dfe war mit seinem PKW vom Stadtgebiet kommend in Fahrtrichtung B38 unterwegs, w\u00e4hrend der 34-j\u00e4hrige Landauer mit einer weiteren Person auf dem Fu\u00dfg\u00e4ngerweg lief. Kurz bevor der PKW die an den Fu\u00dfg\u00e4ngern vorbeifuhr, stolperte der 34-J\u00e4hrige auf die Fahrbahn. Der PKW-F\u00fchrer reagierte mit einer Gefahrenbremsung, sodass der Zusammensto\u00df nur mit geringer Geschwindigkeit geschah. Bei dem Zusammensto\u00df wurde der Fu\u00dfg\u00e4nger leicht verletzt und vorsorglich ins Krankenhaus gebracht. Ein Atemalkoholtest bei dem Fu\u00dfg\u00e4nger ergab einen Wert von 1,42 Promille.<\/p>\n\n\n\n<h2 class=\"wp-block-heading\">(Edenkoben) &#8211; Leerstehende H\u00fctte in Brand gesteckt !!!<\/h2>\n\n\n\n<h3 class=\"has-text-align-center wp-block-heading\">Nachtragsmeldung<\/h3>\n\n\n\n<p>Der bereits gestern ver\u00f6ffentlichte Pressebericht zu einer angez\u00fcndeten H\u00fctte an den Bahngleisen in der Staatsstra\u00dfe in Edenkoben (03.06.)wird aufgrund von Hinweisen auf einen m\u00f6glichen Tatverd\u00e4chtigen Mann erg\u00e4nzt: Auf einem Fahrrad fuhr unmittelbar vom Brandort ein Mann weg (ca. 15:40h), der ein auff\u00e4lliges schwarzes Shirt mit einem wei\u00dfen Kreuz darauf trug. Hinweise auf diese Person erbittet die Polizei Edenkoben unter 06323 9550<\/p>\n\n\n\n<h2 class=\"wp-block-heading\">(Ha\u00dfloch) &#8211; Einbruch in Gartengrundst\u00fcck<\/h2>\n\n\n\n<p>Im Zeitraum vom 01.06.2021 bis 03.06.2021 verschafften sich bislang unbekannte T\u00e4ter Zutritt zu einem Gartengrundst\u00fcck in der N\u00e4he des Sandbuckels in Ha\u00dfloch.<\/p>\n\n\n\n<p>Hier brachen sie zwei Gartenh\u00e4uschen auf und entwendeten diverse Gegenst\u00e4nde. Die Schadensh\u00f6he wird mit ca. 400 Euro beziffert. Zeugen, die m\u00f6glicherweise Hinweise zu der Tat liefern k\u00f6nnen, werden gebeten, sich mit der Polizei Ha\u00dfloch in Verbindung zu setzen.<\/p>\n\n\n\n<h2 class=\"wp-block-heading\">(G\u00f6nnheim) &#8211; Randalierende Jugendliche<\/h2>\n\n\n\n<p>Am 03.06.2021, gegen 00:30 Uhr, randalierten vier Jugendliche vor dem Jugendtreff in der Ludwigstra\u00dfe in G\u00f6nnheim. Beim Eintreffen der Polizei rannten sie zun\u00e4chst weg und lie\u00dfen ihre Fahrr\u00e4der und Rucks\u00e4cke zur\u00fcck. Auf dem Boden war eine Menge M\u00fcll verteilt. Durch das Anz\u00fcnden eines Pizzakartons wurde eine Gartenmauer leicht besch\u00e4digt. Weiterhin wurde ein Umleitungsschild umgeworfen. Durch Dokumente in einem Rucksack konnten die Jugendlichen ermittelt und deren Eltern kontaktiert werden. Die Jugendlichen erschienen dann auch nach und nach vor Ort. Der H\u00f6chstwert der durchgef\u00fchrten freiwilligen Atemalkohltests lag bei 1,7 Promille. Nach belehrenden Gespr\u00e4chen wurden die Jugendlichen an ihre Eltern \u00fcbergeben. Das Jugendsachgebiet der Polizei Bad D\u00fcrkheim ermittelt nun wegen Sachbesch\u00e4digung.<\/p>\n\n\n\n<h2 class=\"wp-block-heading\">(Freinsheim) &#8211; Motorradfahrer verletzt<\/h2>\n\n\n\n<p>Am 03.06.2021, gegen 09:30 Uhr, kam es auf der L522 zu einem Verkehrsunfall mit einem verletzten Krad-Fahrer. Ein 47-J\u00e4hriger befuhr mit seinem Motorrad die L522 in Fahrtrichtung Weisenheim am Sand. Am Kreisverkehr L522 \/ Dackenheimer Stra\u00dfe fuhr er vermutlich aufgrund nicht angepasster Geschwindigkeit auf den Kreisverkehr auf, kollidierte dort frontal mit einer Mauer und wurde mehrere Meter durch die Luft geschleudert. Er wurde durch das DRK in ein Krankenhaus verbracht. Das Motorrad war nicht mehr fahrbereit und musste abgeschleppt werden. Am Motorrad der Marke BMW und an der Kreiselanlage entschand ein Gesamtsschaden von 17000 Euro. Aufgrund von ausgelaufenen Betriebsstoffen, wurde die Verbandsgemeinde Freinsheim informiert. Die Unfallstelle musste f\u00fcr die Zeit der Unfallaufnahme gesperrt werden.<\/p>\n\n\n\n<h2 class=\"wp-block-heading\">(Dackenheim) &#8211; Verkehrsunfall mit mehreren Verletzten und hohem Sachschaden<\/h2>\n\n\n\n<p>Am 04.06.2021 gegen 09:20 Uhr kam es auf der B271 im Bereich Dackenheim zu einem Verkehrsunfall, bei dem insgesamt 3 Personen verletzt wurden und ein Sachschaden in Gesamth\u00f6he von ca. 15.000 EUR entstand. Eine 54-J\u00e4hrige aus dem Donnersbergkreis befuhr demnach mit ihrem PKW zuvor die B271 in Richtung Herxheim am Berg, gefolgt vom PKW einer 31-J\u00e4hrigen aus Landau. Im Bereich der Einm\u00fcndung &#8222;In den Weinbergen&#8220; wollte die Fahrzeugf\u00fchrerin des ersten PKW nach links in die genannte Stra\u00dfe abbiegen &#8211; die Fahrzeugf\u00fchrerin des zweiten PKW diese im gleichen Moment \u00fcberholen. Aus derzeit noch nicht abschlie\u00dfend gekl\u00e4rter Ursache kam es in der Folge zum Zusammensto\u00df beider Fahrzeuge, wobei ein PKW auf der Fahrbahn der B271, der zweite PKW nach einem \u00dcberschlag im Gr\u00fcnstreifen zum Stillstand kam. Die Insassen der PKW wurden durch den Aufprall verletzt. Die 54-J\u00e4hrige sowie deren mit im PKW befindliche 21-j\u00e4hrige Tochter lediglich leicht, die 31-j\u00e4hrige Landauerin wurde mit Verdacht auf diverse Traumata vor Ort durch einen Notarzt erstversorgt. Alle Beteiligten wurden zur weiteren Untersuchung \/ Versorgung in umliegende Krankenh\u00e4user verbracht. Die nicht mehr fahrbereiten PKW mussten abgeschleppt werden. Die B271 war f\u00fcr die Zeit der Unfallaufnahme zwischen ca. 09:30 bis 11:10 Uhr voll gesperrt &#8211; der Verkehr wurde \u00fcber die umliegenden Ortschaften umgeleitet. Im Einsatz befanden sich Kr\u00e4fte der Freiwilligen Feuerwehr VG Freinsheim, zwei Rettungswagen, ein Rettungshubschrauber sowie die Stra\u00dfenmeisterei Gr\u00fcnstadt.<\/p>\n\n\n\n<h2 class=\"wp-block-heading\">(Gr\u00fcnstadt) &#8211; Bei Personenkontrolle Bet\u00e4ubungsmittel aufgefunden<\/h2>\n\n\n\n<p>Am Freitag, 04.06.2021 gegen 17:30 Uhr sollte ein junger Mann auf dem Gr\u00fcnstadter Berg durch Beamte der Polizei Gr\u00fcnstadt einer Personenkontrolle unterzogen werden. Der Mann versuchte zun\u00e4chst mit seinem Fahrrad vor den Beamten zu fl\u00fcchten. Er konnte jedoch eingeholt und gestellt werden. Bei der Durchsuchung des 24-J\u00e4hrigen wurde sowohl Marihuana als auch Haschisch aufgefunden und sichergestellt. Der Mann muss sich nun wegen eines Versto\u00dfes gegen das Bet\u00e4ubungsmittelgesetz verantworten.<\/p>\n\n\n\n<h2 class=\"wp-block-heading\">(Tiefenthal) &#8211; Brand einer Reithalle<\/h2>\n\n\n\n<p>Am Freitag, 04.06.2021 gegen 18:30 Uhr kam es auf einem Aussiedlerhof in Tiefenthal zum Brand einer Reithalle. Die Halle brannte aus bislang ungekl\u00e4rter Ursache komplett nieder. Personen oder Tiere kamen nicht zu Schaden. Die Schadensh\u00f6he wird auf mehrere hundert tausend Euro gesch\u00e4tzt. Die Feuerwehren Gr\u00fcnstadt, Hettenleidelheim, Tiefenthal und Kleinkarlbach waren mit 8 Fahrzeugen und 36 Mann im Einsatz. Die Kriminalpolizei hat die Ermittlungen vor Ort aufgenommen.<\/p>\n\n\n\n<h2 class=\"wp-block-heading\">(Hessheim) &#8211; Verkehrsunfall mit t\u00f6dlich verletzter Fahrerin<\/h2>\n\n\n\n<div class=\"wp-block-image\"><figure class=\"aligncenter size-large\"><img decoding=\"async\" loading=\"lazy\" width=\"800\" height=\"533\" src=\"https:\/\/speyer24news.com\/wp-content\/uploads\/2020\/03\/candle-2905395_1920.jpg\" alt=\"\" class=\"wp-image-25905\" srcset=\"https:\/\/speyer24news.com\/wp-content\/uploads\/2020\/03\/candle-2905395_1920.jpg 800w, https:\/\/speyer24news.com\/wp-content\/uploads\/2020\/03\/candle-2905395_1920-300x200.jpg 300w, https:\/\/speyer24news.com\/wp-content\/uploads\/2020\/03\/candle-2905395_1920-768x512.jpg 768w\" sizes=\"(max-width: 800px) 100vw, 800px\" \/><\/figure><\/div>\n\n\n\n<p>Am Abend des 04.06.2021 ereignete sich gegen 18:30 Uhr, auf der Ortsumgehung Hessheim L453, ein dramatischer Verkehrsunfall. Eine 50-j\u00e4hrige Fahrerin aus dem Rhein-Pfalz-Kreis, befuhr die Landstra\u00dfe von Frankenthal kommend in Richtung Gerolsheim mit ihrem PKW und kam aus bislang ungekl\u00e4rter Ursache nach links von der Fahrbahn ab. Der PKW \u00fcberschlug sich nachfolgend mehrfach, wobei die Fahrzeugf\u00fchrerin aus dem PKW geschleudert und t\u00f6dlich verletzt wurde. Die Polizeiinspektion Frankenthal hat die Ermittlungen zur Unfallursache aufgenommen. Die L453 musste w\u00e4hrend der Unfallaufnahme, bei welcher auch ein Polizeihubschrauber eingesetzt wurde, bis ca. 22 Uhr voll gesperrt werden. Neben den Polizeikr\u00e4ften, waren mehrere Fahrzeuge des Rettungsdienstes, der freiwilligen Feuerwehr VG Lambsheim-Hessheim, sowie Kr\u00e4fte der Notfallseelsorge eingesetzt.<\/p>\n\n\n\n<h2 class=\"wp-block-heading\">(Maxdorf) &#8211; Mercedes Fahrer unter Drogeneinfluss<\/h2>\n\n\n\n<p>Einen unter Drogeneinfluss stehenden Mercedes-Fahrer kontrollierte Beamte der Polizeiautobahnstation Ruchheim am 03.06.2021, um 18.50 Uhr, auf der L527 in Gemarkung Maxdorf. Der Wagen war den Polizisten zuvor auf der A 650 in Fahrtrichtung Mannheim aufgefallen. Nachdem der Fahrer die Autobahn verlassen hatte, wurde er kontrolliert. Dabei war festzustellen, dass der 19-J\u00e4hrige drogentypische Ausfallerscheinungen zeigte. Ein Urintest ergab, dass er unter dem Einfluss von THC stand.<\/p>\n\n\n\n<p>Dem Mann wurde eine Blutprobe entnommen. Ein Ermittlungsverfahren wegen Versto\u00df gegen das Bet\u00e4ubungsmittelgesetz und Trunkenheit im Stra\u00dfenverkehr eingeleitet.<\/p>\n\n\n\n<h2 class=\"wp-block-heading\">(Mutterstadt \/ B 9) &#8211; Radfahrer auf der B9 \/ Alkohol und Drogen im Spiel<\/h2>\n\n\n\n<p>Am 03.06.2021 um 22.40 Uhr, wurde die Polizeiautobahnstation Ruchheim von Verkehrsteilnehmer dar\u00fcber informiert, dass auf der B9 H\u00f6he Kreuz Rheing\u00f6nheim ein Radfahrer auf der Kraftfahrstra\u00dfe unterwegs sei. Tats\u00e4chlich konnte auf dem Standsteifen der B9, H\u00f6he Anschlussstelle Mutterstadt, ein Schlangenlinien fahrender Radfahrer festgestellt werden. Der 20-j\u00e4hrige Mann stand offensichtlich unter Alkoholeinfluss. Ein Alkotest ergab einen Wert von 1,43 Promille. Bei der weiteren Befragung erkl\u00e4rte der 20-J\u00e4hrige reum\u00fctig, am Mittag auch noch Drogen genommen zu haben. Dem jungen Mann wurde eine Blutprobe entnommen. Ein Ermittlungsverfahren wegen Trunkenheit im Stra\u00dfenverkehr eingeleitet.<\/p>\n\n\n\n<h2 class=\"wp-block-heading\">(Ludwigshafen) &#8211; Schwerer Raub in Arztpraxis<\/h2>\n\n\n\n<p>Am 04.06.2021, gegen 08:20 Uhr, soll ein 32-J\u00e4hriger in einer Arztpraxis in der Rheing\u00f6nheimer Stra\u00dfe Medikamente geraubt haben. Der Mann soll unter Vorhalt eines Metallgegenstandes eine Angestellte in der Praxis bedroht und anschlie\u00dfend mehrere Medikamente entwendet haben. Bei der Fahndung konnte der 32-J\u00e4hrige in der N\u00e4he kontrolliert werden. Die entwendeten Medikamente hatte er nicht mehr bei sich. Da unklar war, ob er die Medikamente eingenommen hatte, wurde er zur Untersuchung in ein Krankenhaus gebracht. Gegen den 32-J\u00e4hrigen wird nun wegen des Schweren Raubes ermittelt.<\/p>\n\n\n\n<h2 class=\"wp-block-heading\">(Ludwigshafen) &#8211; Einbruch in Pr\u00fcfstelle f\u00fcr Kraftfahrzeuge<\/h2>\n\n\n\n<p>Unbekannte brachen im Zeitraum vom 02.06.2021 bis 04.06.2021 in eine Pr\u00fcfstelle f\u00fcr Kraftfahrzeuge in der Achtmorgenstra\u00dfe ein. Aus den R\u00e4umlichkeiten wurden u.a. eine Bohrmaschine und zwei Kaffeemaschinen entwendet. Der durch den Einbruch entstandene Sachschaden bel\u00e4uft sich auf mehrere hundert Euro.<\/p>\n\n\n\n<p>Sachdienliche Hinweise nimmt die Kriminalpolizei Ludwigshafen unter der Telefonnummer 0621 963-2773 oder per E-Mail&nbsp;<a href=\"mailto:kiludwigshafen.k1.kdd@polizei.rlp.de\">kiludwigshafen.k1.kdd@polizei.rlp.de<\/a>&nbsp;entgegen.<\/p>\n\n\n\n<h2 class=\"wp-block-heading\">(Ludwigshafen) &#8211; E-Scooter-Fahrer verursacht berauscht Unfall<\/h2>\n\n\n\n<p>Am 03.06.2021, gegen 23:30 Uhr soll ein 21-j\u00e4hriger E-Scooter-Fahrer in der Uhlandstra\u00dfe gegen einen geparkten Wohnwagen gefahren sein. Als der Besitzer des Wohnwagens nachschauen wollte, sei der Fahrer gefl\u00fcchtet. Der Besitzer verfolgte den 21-J\u00e4hrigen und konnten ihn anhalten. Der E-Scooter-Fahrer gab zwar seine Personalien an, fuhr danach aber weiter. Die verst\u00e4ndigten Polizeibeamten konnten ihn zu Hause antreffen. Bei dem 21-J\u00e4hrigen ergaben sich Hinweise auf eine aktuelle Alkohol- und Drogenbeeinflussung. Ein Atemalkoholtest ergab einen Wert von 0,48 Promille und ein Drogentest fiel positiv auf THC aus. Durch den Unfall ist ein Schaden in H\u00f6he von ca. 1.500,- Euro entstanden. Dem Unfallverursacher wurde auf der Polizeidienststelle eine Blutprobe entnommen.<\/p>\n\n\n\n<p>Der Einfluss von Alkohol oder anderen berauschenden Mitteln stellt eine Hauptunfallursache dar. Wer berauscht f\u00e4hrt, gef\u00e4hrdet nicht nur sich, sondern auch Andere. Gegen den unter Alkohol- und Drogeneinfluss stehenden Unfallverursacher wurde ein Ermittlungsverfahren wegen des Verdachtes der Stra\u00dfenverkehrsgef\u00e4hrdung eingeleitet. Gegen ihn kann eine Freiheitsstrafe bis zu f\u00fcnf Jahren oder eine Geldstrafe verh\u00e4ngt werden.<\/p>\n\n\n\n<h2 class=\"wp-block-heading\">(Ludwigshafen) &#8211; 42-J\u00e4hriger zusammengeschlagen \/ Zeugen gesucht<\/h2>\n\n\n\n<div class=\"wp-block-image\"><figure class=\"aligncenter size-large\"><img decoding=\"async\" loading=\"lazy\" width=\"801\" height=\"600\" src=\"https:\/\/speyer24news.com\/wp-content\/uploads\/2020\/05\/Zeugen-gesucht-Neutral.jpg\" alt=\"\" class=\"wp-image-26598\" srcset=\"https:\/\/speyer24news.com\/wp-content\/uploads\/2020\/05\/Zeugen-gesucht-Neutral.jpg 801w, https:\/\/speyer24news.com\/wp-content\/uploads\/2020\/05\/Zeugen-gesucht-Neutral-300x225.jpg 300w, https:\/\/speyer24news.com\/wp-content\/uploads\/2020\/05\/Zeugen-gesucht-Neutral-768x575.jpg 768w, https:\/\/speyer24news.com\/wp-content\/uploads\/2020\/05\/Zeugen-gesucht-Neutral-678x509.jpg 678w, https:\/\/speyer24news.com\/wp-content\/uploads\/2020\/05\/Zeugen-gesucht-Neutral-326x245.jpg 326w, https:\/\/speyer24news.com\/wp-content\/uploads\/2020\/05\/Zeugen-gesucht-Neutral-80x60.jpg 80w\" sizes=\"(max-width: 801px) 100vw, 801px\" \/><\/figure><\/div>\n\n\n\n<p>Zeugen meldeten am Donnerstag (03.06.2021, 16:45 Uhr), dass ein Mann in der Bruchwiesenstra\u00dfe an der Haltestelle &#8222;Achtmorgenstra\u00dfe&#8220; von drei jungen M\u00e4nnern zusammengeschlagen wird. Eine couragierte 51-J\u00e4hrige hupte und schrie die T\u00e4ter an, so dass diese von dem Gesch\u00e4digten ablie\u00dfen und in Richtung Maudacher Stra\u00dfe fl\u00fcchteten.<\/p>\n\n\n\n<p>Der 42-j\u00e4hrige Gesch\u00e4digte erlitt vermutlich ein Sch\u00e4del-Hirn-Trauma und mehrere Gesichtsfrakturen. Er wurde in ein Krankenhaus gebracht. Wegen seiner Verletzungen konnte er keine Angaben zum Sachverhalt machen.<\/p>\n\n\n\n<h4 class=\"wp-block-heading\">Die m\u00e4nnlichen T\u00e4ter waren:<\/h4>\n\n\n\n<ul><li><strong>ca. 17 bis 20 Jahre alt<\/strong><\/li><li><strong>hatten dunkle Haare und <\/strong><\/li><li><strong>f\u00fchrten ein Fahrrad mit sich. <\/strong><\/li><li><strong>Einer soll einen roten Jogginganzug mit wei\u00dfen Streifen sowie ein wei\u00dfes Cappy getragen haben. <\/strong><\/li><li><strong>Ein weiterer T\u00e4ter trug ein blaues Oberteil. <\/strong><\/li><li><strong>Die dritte Person soll dunkel gekleidet gewesen sein.<\/strong><\/li><\/ul>\n\n\n\n<p>Bei den Fahndungsma\u00dfnahmen konnten die T\u00e4ter nicht mehr festgestellt werden.<\/p>\n\n\n\n<p>Die Ermittlungen zum konkreten Ablauf, den Hintergr\u00fcnden der Tat sowie zum Motiv dauern an.<\/p>\n\n\n\n<p>Wir bitten in diesem Zusammenhang Personen, die etwas beobachtet haben, sich zu melden. Sachdienliche Hinweise bitte an die Polizeiinspektion Ludwigshafen 1, Telefonnummer 0621 963-2122 oder per E-Mail&nbsp;<a target=\"_blank\" rel=\"noreferrer noopener\" href=\"mailto:piludwigshafen1@polizei.rlp.de\">piludwigshafen1@polizei.rlp.de<\/a>&nbsp;.<\/p>\n\n\n\n<h2 class=\"wp-block-heading\">(Ludwigshafen) &#8211; Einbruch in Schulungsgeb\u00e4ude<\/h2>\n\n\n\n<p>Unbekannte brachen in der Zeit vom 03.06.21, 00:00 Uhr bis 17:00 Uhr in das Heinrich-Pesch-Haus in der Frankenthaler Stra\u00dfe ein. Aus den Schulungsr\u00e4umen wurde ein Beamer entwendet. Durch den Einbruch entstand ein Gesamtschaden in H\u00f6he von ca. 4.000,- Euro.<\/p>\n\n\n\n<p>Wer hat verd\u00e4chtige Personen oder Fahrzeuge am Heinrich-Pesch-Haus beobachtet oder kann Hinweise zur Tat geben?<\/p>\n\n\n\n<p>Sachdienliche Hinweise bitte an die Polizeiinspektion Ludwigshafen 2, Telefonnummer 0621 963-2222 oder per E-Mail\u00a0<a href=\"mailto:piludwigshafen2@polizei.rlp.de\">piludwigshafen2@polizei.rlp.de<\/a>\u00a0.<\/p>\n\n\n\n<h2 class=\"wp-block-heading\">(Ludwigshafen) &#8211; Kind bei Unfall leicht verletzt<\/h2>\n\n\n\n<p>Am 03.06.2021, gegen 16:00 Uhr, soll ein 20-j\u00e4hriger Autofahrer an der Kreuzung Sternstra\u00dfe \/ Industriestra\u00dfe die rotzeigende Ampel \u00fcbersehen und mit zwei Kindern zusammengesto\u00dfen sein. Die beiden Jungen haben zusammen mit ihrer Mutter die Fahrbahn mit ihren Fahrr\u00e4dern \u00fcberqueren wollen, als sie von dem Auto des 20-J\u00e4hrigen erfasst wurden. Der 9-j\u00e4hrige Junge wurde leicht verletzt. Der 7-J\u00e4hrige erlitt durch den Unfall einen Schock. Die Kinder wurden zur Untersuchung mit dem Krankenwagen in ein Krankenhaus gebracht.<\/p>\n\n\n\n<h2 class=\"wp-block-heading\">(Ludwigshafen) &#8211; Lebensgef\u00e4hrte nach Handgreiflichkeit aus der Wohnung verwiesen<\/h2>\n\n\n\n<p>Am Donnerstagmittag (03.06.2021) verst\u00e4ndigte eine 31-J\u00e4hrige die Polizei, da ihr 46-j\u00e4hriger Lebensgef\u00e4hrte ihr gegen\u00fcber handgreiflich geworden war. Die Frau wurde dabei leicht verletzt und erlitt mehrere kleinere Platz- und Risswunden. Der 46-J\u00e4hrige wurde von den Polizeikr\u00e4ften der Wohnung verwiesen, die Schl\u00fcssel wurden sichergestellt und es wurde ein Kontakt- und Ann\u00e4herungsverbot ausgesprochen. Ihn erwartet ein Strafverfahren wegen K\u00f6rperverletzung. Die 31-J\u00e4hrige und ihre Kinder konnten in der Wohnung bleiben.<\/p>\n\n\n\n<p>Die Polizei appelliert: Handgreiflichkeiten in einer Beziehung sollten nicht privat bleiben. Dar\u00fcber zu sprechen, ist f\u00fcr viele ein Tabu. Sollten Sie Gewalt in der Partnerschaft erleben, verst\u00e4ndigen Sie die Polizei. Jede Polizeidienststelle koordiniert und bietet eine Opferberatung gemeinsam mit der Interventionsstelle an. Die zust\u00e4ndige Interventionsstelle in Ludwigshafen erreichen Sie unter der Telefonnummer 0621 5292536. Weitere Beratungsangebote finden Sie bei der Stadt Ludwigshafen Beratung f\u00fcr Frauen bei Gewalterfahrung (<a href=\"http:\/\/ludwigshafen.de\">ludwigshafen.de<\/a>).<\/p>\n\n\n\n<h2 class=\"wp-block-heading\">(Ludwigshafen) &#8211; Diebstahl von E-Bike<\/h2>\n\n\n\n<p>Am Donnerstag (03.06.2021) entwendete im Zeitraum 5 Uhr bis 7:30 Uhr in der Hoheneckenstra\u00dfe ein unbekannter T\u00e4ter ein E-Bike. Das Damenrad der Marke Z\u00fcndapp (graue Farbe) stand verschlossen vor einem Haus in der Sackgasse der Hoheneckenstra\u00dfe (N\u00e4he Kaiserw\u00f6rthdamm).<\/p>\n\n\n\n<p>Hinweise bitte an die Polizeiinspektion Ludwigshafen 1, Telefonnummer 0621 963-2122 oder per E-Mail\u00a0<a href=\"mailto:piludwigshafen1@polizei.rlp.de\">piludwigshafen1@polizei.rlp.de<\/a>\u00a0.<\/p>\n\n\n\n<h2 class=\"wp-block-heading\">(Ludwigshafen) &#8211; Scheiben an drei Fahrzeugen eingeworfen<\/h2>\n\n\n\n<p>Vermutlich in der Nacht vom 02. auf den 03.06.2021 schlugen oder warfen Unbekannte in der in der Saarlautererstra\u00dfe an einem Auto und an einem Lkw jeweils eine Scheibe ein. Aus dem Lkw wurde zudem noch ein Navigationsger\u00e4t entwendet.<\/p>\n\n\n\n<p>In der Saarburger Stra\u00dfe meldeten Zeugen am 04.06.2021, gegen 00:30 Uhr, ein Auto mit besch\u00e4digter Scheibe. Aus dem Auto wurde nichts entwendet. Ob ein Zusammenhang besteht, ist derzeit noch unklar.<\/p>\n\n\n\n<p>Insgesamt entstand ein Schaden in H\u00f6he von ca. 1.750,- Euro.<\/p>\n\n\n\n<p>Sachdienliche Hinweise bitte an die Polizeiinspektion Ludwigshafen 2, Telefonnummer 0621 963-2222 oder per E-Mail&nbsp;<a href=\"mailto:piludwigshafen2@polizei.rlp.de\">piludwigshafen2@polizei.rlp.de<\/a>&nbsp;.<\/p>\n\n\n\n<h2 class=\"wp-block-heading\">(A 650 \/ Ludwigshafen) &#8211; Unter Drogeneinfluss stehende und alkoholisierte Frau verursacht Unfall<\/h2>\n\n\n\n<p>Einen Verkehrsunfall verursachte am 02.06.2021, um 12.09 Uhr, eine 47-j\u00e4hrige Frau. Sie war mit ihrem Audi auf der A650 in Richtung Bad D\u00fcrkheim unterwegs. In Gemarkung Ludwigshafen wollte sie eine 29-j\u00e4hrige BMW-Fahrerin \u00fcberholen. Beim \u00dcberholvorgang kam sie auf den rechten Fahrstreifen und stie\u00df mit ihrem Wagen gegen den BMW. Bei der Unfallaufnahme war schnell klar, dass die Audi-Fahrerin nicht fahrt\u00fcchtig war. Ein Alkotest ergab 1,57 Promille. Ein Drogenschnelltest best\u00e4tigte die Einnahme von THC und Amphetamin. Der 47-J\u00e4hrigen wurde eine Blutprobe entnommen. Ein Ermittlungsverfahren u.a. wegen Stra\u00dfenverkehrsgef\u00e4hrdung und Versto\u00df gegen das Bet\u00e4ubungsmittelgesetz eingeleitet.<\/p>\n\n\n\n<h2 class=\"wp-block-heading\">(Mannheim) &#8211; Raub\u00fcberfall auf G\u00e4rtnerei; Polizei fahndet mit Gro\u00dfaufgebot; Polizeihubschrauber auf Anflug<\/h2>\n\n\n\n<h3 class=\"has-text-align-center wp-block-heading\">Pressemitteilung Nr.1<\/h3>\n\n\n\n<div class=\"wp-block-image\"><figure class=\"aligncenter size-large\"><img decoding=\"async\" loading=\"lazy\" width=\"640\" height=\"480\" src=\"https:\/\/speyer24news.com\/wp-content\/uploads\/2020\/07\/Hubschraubersuche-der-Polizei.jpg\" alt=\"\" class=\"wp-image-29364\" srcset=\"https:\/\/speyer24news.com\/wp-content\/uploads\/2020\/07\/Hubschraubersuche-der-Polizei.jpg 640w, https:\/\/speyer24news.com\/wp-content\/uploads\/2020\/07\/Hubschraubersuche-der-Polizei-300x225.jpg 300w, https:\/\/speyer24news.com\/wp-content\/uploads\/2020\/07\/Hubschraubersuche-der-Polizei-326x245.jpg 326w, https:\/\/speyer24news.com\/wp-content\/uploads\/2020\/07\/Hubschraubersuche-der-Polizei-80x60.jpg 80w\" sizes=\"(max-width: 640px) 100vw, 640px\" \/><\/figure><\/div>\n\n\n\n<p>Die Polizei fahndet derzeit (04.06.2021 \u2013 10:46) nach zwei m\u00e4nnlichen unbekannten T\u00e4tern, die am fr\u00fchen Freitagmorgen eine G\u00e4rtnerei im Waldgartenweg \u00fcberfielen.<\/p>\n\n\n\n<p>Nach derzeitigem Ermittlungsstand waren die beiden T\u00e4tern mit Pistolen bewaffnet und entwendeten aus der Kasse Bargeld in noch unbekannter H\u00f6he. Im Anschluss fl\u00fcchteten sie zu Fu\u00df vom Tatort in noch unbekannte Richtung.<\/p>\n\n\n\n<p>Ein Polizeihubschrauber wird ebenfalls in die Fahndungsma\u00dfnahmen integriert und befindet sich auf Anflug.<\/p>\n\n\n\n<p>Zeugen, die Hinweise zur Tat und\/oder den T\u00e4tern sowie zur Fluchtrichtung geben k\u00f6nnen, werden gebeten sich beim Kriminaldauerdienst, Tel.: 0621 174 4444 oder beim Polizeirevier Mannheim-Neckarau unter der Tel.: 0621 833970 zu melden.<\/p>\n\n\n\n<h2 class=\"wp-block-heading\">(Mannheim-Neckarau) &#8211; Raub\u00fcberfall auf G\u00e4rtnerei; Polizei fahndet mit allen verf\u00fcgbaren Kr\u00e4ften; Polizeihubschrauber im Einsatz; Zeugen gesucht<\/h2>\n\n\n\n<h3 class=\"has-text-align-center wp-block-heading\">Pressemitteilung Nr. 2<\/h3>\n\n\n\n<figure class=\"wp-block-image size-large\"><img decoding=\"async\" loading=\"lazy\" width=\"801\" height=\"600\" src=\"https:\/\/speyer24news.com\/wp-content\/uploads\/2020\/05\/Zeugen-gesucht-Neutral.jpg\" alt=\"\" class=\"wp-image-26598\" srcset=\"https:\/\/speyer24news.com\/wp-content\/uploads\/2020\/05\/Zeugen-gesucht-Neutral.jpg 801w, https:\/\/speyer24news.com\/wp-content\/uploads\/2020\/05\/Zeugen-gesucht-Neutral-300x225.jpg 300w, https:\/\/speyer24news.com\/wp-content\/uploads\/2020\/05\/Zeugen-gesucht-Neutral-768x575.jpg 768w, https:\/\/speyer24news.com\/wp-content\/uploads\/2020\/05\/Zeugen-gesucht-Neutral-678x509.jpg 678w, https:\/\/speyer24news.com\/wp-content\/uploads\/2020\/05\/Zeugen-gesucht-Neutral-326x245.jpg 326w, https:\/\/speyer24news.com\/wp-content\/uploads\/2020\/05\/Zeugen-gesucht-Neutral-80x60.jpg 80w\" sizes=\"(max-width: 801px) 100vw, 801px\" \/><\/figure>\n\n\n\n<p>Mit allen verf\u00fcgbaren Kr\u00e4ften, auch einem Polizeihubschrauber, fahndete am Freitagmorgen die Polizei nach noch zwei unbekannten M\u00e4nnern, die eine G\u00e4rtnerei im Waldgartenweg \u00fcberfielen.<\/p>\n\n\n\n<p>Wie die bisherigen Ermittlungen des Raubdezernats des Kriminalkommissariats Mannheim ergaben, betraten die beiden T\u00e4ter die G\u00e4rtnerei am Morgen, kurz nach 08:30 Uhr. Einer der T\u00e4ter soll daraufhin eine Angestellte mit einer Pistole bedroht und Bargeld in H\u00f6he von mehreren hunderte Euro erbeutet haben. Anschlie\u00dfend fl\u00fcchteten die beiden M\u00e4nner zu Fu\u00df in Richtung eines angrenzenden Waldst\u00fccks.<\/p>\n\n\n\n<p>Die Angestellte verst\u00e4ndigte daraufhin die Polizei.<\/p>\n\n\n\n<h4 class=\"wp-block-heading\">Nach derzeitigem Ermittlungsstand k\u00f6nnen die T\u00e4ter wie folgt beschrieben werden:<\/h4>\n\n\n\n<ol><li><strong>Person: m\u00e4nnlich, ca. 18-20 Jahre alt, ca. 175 cm gro\u00df, schlank, dunkle Haare. Er soll dunkle Kleidung sowie eine blaue OP-Maske getragen haben.<\/strong><\/li><li><strong>Person: m\u00e4nnlich, ca. 18-20 Jahre alt, ca. 175 cm gro\u00df, schlank, dunkelblonde Haare. Er soll eine Jeans, helles Oberteil und eine wei\u00dfe OP-Maske getragen haben.<\/strong><\/li><\/ol>\n\n\n\n<p>Die Zentrale Kriminaltechnik der Kriminalpolizeidirektion Heidelberg wurde mit der Spurensicherung vor Ort beauftragt.<\/p>\n\n\n\n<p>Die Ermittlungen des Raubdezernats des Kriminalkommissariats Mannheim laufen derzeit von Hochtouren. Im Zuge der Fahndungsma\u00dfnahmen wurde eine Person vorl\u00e4ufig festgenommen. Ob dieser allerdings tats\u00e4chlich im Zusammenhang mit der Tat steht, ist derzeit Gegenstand der Ermittlungen.<\/p>\n\n\n\n<p>Zeugen, die Hinweise zur Tat sowie zu den T\u00e4tern und\/oder deren Fluchtrichtung geben k\u00f6nnen, werden gebeten, sich beim Kriminaldauerdienst unter der Tel.: 0621\/174-4444 oder bei jeder anderen Polizeidienststelle zu melden.<\/p>\n\n\n\n<h2 class=\"wp-block-heading\">(Mannheim) &#8211; Betrunkener Autofahrer verursacht Auffahrunfall \/ Ermittlungen eingeleitet<\/h2>\n\n\n\n<p>Ein aufmerksamer Verkehrsteilnehmer informierte am Donnerstag gegen 21:30 Uhr die Polizei, nachdem ein Skoda-Fahrer im Bereich Seilerstra\u00dfe\/ Einm\u00fcndung Dalbergstra\u00dfe auf einen haltenden 28-j\u00e4hrigen Renault-Fahrer aufgefahren ist und sich im Anschluss von der Unfall\u00f6rtlichkeit entfernen wollte. Des Weiteren teilte der Zeuge mit, dass der Autofahrer durch eine sehr unsichere Fahrweise auffallen w\u00fcrde. Der Renault-Fahrer wurde gl\u00fccklicherweise nicht verletzt. An seinem PKW entstand allerdings ein Sachschaden in H\u00f6he von rund 1000 Euro.<\/p>\n\n\n\n<p>Die hinzugerufenen Polizisten konnten den 22-J\u00e4hrigen, alkoholisierten Skoda-Fahrer unweit des Unfallorts, im PKW sitzend feststellen. Das Auto des jungen Mannes wies diverse Besch\u00e4digungen auf, die offenbar von weiteren Unf\u00e4llen stammen d\u00fcrften. Da sich der Gem\u00fctszustand des 22-J\u00e4hrigen stetig \u00e4nderte und dieser auf Ansprache sehr lautstark und aggressiv auf die Beamten reagierte, wurde er von den eingesetzten Polizisten aus dem Auto gehoben und kurzzeitig fixiert. Im Anschluss musste er diese mit auf das Polizeirevier begleiten, wo ein freiwilliger Atemalkoholtest rund 2,4 Promille ergab. Nachdem sich der 22-J\u00e4hrige wieder beruhigt hatte und eine Blutprobe entnommen wurde, durfte er seinen Heimweg zu Fu\u00df antreten. Das Polizeirevier Mannheim-Innenstadt hat die weiteren Ermittlungen aufgenommen. Zum einen versuchen die Beamten zu kl\u00e4ren, woher die zahlreichen Besch\u00e4digungen am Fahrzeug des 22-J\u00e4hrigen in einer Gesamtschadensh\u00f6he von sch\u00e4tzungsweise 3000 Euro stammen; zum anderen wird gegen ihn ein Strafverfahren wegen Gef\u00e4hrdung des Stra\u00dfenverkehrs eingeleitet.<\/p>\n\n\n\n<h2 class=\"wp-block-heading\">(Mannheim) &#8211; Versuchtes T\u00f6tungsdelikt in Gastst\u00e4tte; 43-j\u00e4hriger Gastwirt lebensgef\u00e4hrlich verletzt; Fahndung nach tatverd\u00e4chtigem Landsmann; Zeugen gesucht<\/h2>\n\n\n\n<h3 class=\"has-text-align-center wp-block-heading\">Pressemitteilung Nr. 2<\/h3>\n\n\n\n<div class=\"wp-block-image\"><figure class=\"aligncenter size-large\"><img decoding=\"async\" loading=\"lazy\" width=\"800\" height=\"554\" src=\"https:\/\/speyer24news.com\/wp-content\/uploads\/2021\/03\/Fahndung.jpg\" alt=\"\" class=\"wp-image-34196\" srcset=\"https:\/\/speyer24news.com\/wp-content\/uploads\/2021\/03\/Fahndung.jpg 800w, https:\/\/speyer24news.com\/wp-content\/uploads\/2021\/03\/Fahndung-300x208.jpg 300w, https:\/\/speyer24news.com\/wp-content\/uploads\/2021\/03\/Fahndung-768x532.jpg 768w\" sizes=\"(max-width: 800px) 100vw, 800px\" \/><\/figure><\/div>\n\n\n\n<p>Der 43-j\u00e4hrige Gastwirt, der am Donnerstagmorgen, kurz nach 2 Uhr, von zwei Zeugen in dessen Gastst\u00e4tte in der Mittelstra\u00dfe schwer verletzt aufgefunden wurde, wird nach wie vor in eine Klinik intensivmedizinisch behandelt.<\/p>\n\n\n\n<p>Hinsichtlich der der vermeintlichen T\u00e4terschaft sind die Ermittler des Kriminalkommissariats Mannheim einen entscheidenden Schritt in ihren Ermittlungen vorangekommen. Dringend tatverd\u00e4chtig ist nach derzeitigen Erkenntnissen ein 34-j\u00e4hriger Landsmann des Opfers. Er ist bislang unbekannten Aufenthalts, nach ihm wird gefahndet.<\/p>\n\n\n\n<p>Die Hintergr\u00fcnde der Tat sind noch nicht bekannt.<\/p>\n\n\n\n<p>Zeugen, die Hinweise zur Tat, dem T\u00e4ter und\/oder dessen Aufenthaltsort k\u00f6nnen, werden gebeten, sich mit dem Kriminaldauerdienst, Tel.: 0621\/174-4444 in Verbindung zu setzen.<\/p>\n\n\n\n<h2 class=\"wp-block-heading\">(Heidelberg) &#8211; 27-J\u00e4hriger auf offener Stra\u00dfe \u00fcberfallen; 18-J\u00e4hriger wegen des Verdachts des Raubes in Untersuchungshaft<\/h2>\n\n\n\n<h3 class=\"wp-block-heading\">Gemeinsame Pressemitteilung der Staatsanwalt-schaft Heidelberg und des Polizeipr\u00e4sidiums Mannheim<\/h3>\n\n\n\n<div class=\"wp-block-image\"><figure class=\"aligncenter size-large\"><img decoding=\"async\" loading=\"lazy\" width=\"800\" height=\"533\" src=\"https:\/\/speyer24news.com\/wp-content\/uploads\/2020\/06\/Zelle.jpg\" alt=\"\" class=\"wp-image-28203\" srcset=\"https:\/\/speyer24news.com\/wp-content\/uploads\/2020\/06\/Zelle.jpg 800w, https:\/\/speyer24news.com\/wp-content\/uploads\/2020\/06\/Zelle-300x200.jpg 300w, https:\/\/speyer24news.com\/wp-content\/uploads\/2020\/06\/Zelle-768x512.jpg 768w\" sizes=\"(max-width: 800px) 100vw, 800px\" \/><\/figure><\/div>\n\n\n\n<p>Auf Antrag der Staatsanwaltschaft Heidelberg wurde Haftbefehl gegen einen jungen Mann im Alter von 18 Jahren erlassen. Er steht im dringenden Verdacht, gemeinsam mit einem gleichaltrigen Komplizen einen 27-j\u00e4hrigen Passanten im Stadtteil Bergheim auf offener Stra\u00dfe ausgeraubt zu haben. Dabei sollen die Tatverd\u00e4chtigen unter Anwendung von Gewalt eine Halskette erbeutet haben.<\/p>\n\n\n\n<p>Als der 27-J\u00e4hrige am Donnerstagabend, kurz vor 20 Uhr die Poststra\u00dfe entlanglief, soll er auf H\u00f6he des Alten Hallenbads von den beiden 18-j\u00e4hrigen Tatverd\u00e4chtigen angesprochen worden sein. Der 27-J\u00e4hrige soll hierauf nicht eingegangen sein und seinen Weg fortgesetzt haben.<\/p>\n\n\n\n<p>Die beiden Tatverd\u00e4chtigen sollen dem 27-J\u00e4hrigen daraufhin gefolgt sein und ihn kurz darauf in H\u00f6he des Fu\u00dfwegs zwischen der Poststra\u00dfe und der Bergheimer Stra\u00dfe k\u00f6rperlich angegangen haben. Dabei soll der nun Inhaftierte dem Gesch\u00e4digten dessen Goldkette im Wert von mehreren Hundert Euro vom Hals gerissen haben.<\/p>\n\n\n\n<p>Als der Gesch\u00e4digte die Polizei verst\u00e4ndigte, fl\u00fcchteten die beiden Tatverd\u00e4chtigen samt Beute.<\/p>\n\n\n\n<p>Im Rahmen der sofort eingeleiteten Fahndung konnten die beiden 18-j\u00e4hrigen Tatverd\u00e4chtigen bereits kurz nach der Tat festgenommen wer-den. Hierbei soll der nun inhaftierte Beschuldigte die zuvor geraubte Halskette des Gesch\u00e4digten getragen haben.<\/p>\n\n\n\n<p>Am Freitagmittag wurde der 18-J\u00e4hrige der Ermittlungsrichterin beim Amtsgericht Heidelberg vorgef\u00fchrt. Auf Antrag der Staatsanwaltschaft Heidelberg wurde gegen ihn Haftbefehl wegen des Verdachts des Raubes erlassen und in Vollzug gesetzt. Anschlie\u00dfend wurde der Beschuldigte in eine Justizvollzugsanstalt eingeliefert. Die Ermittlungen der Staatsanwalt-schaft Heidelberg und des Jugenddezernats der Kriminalpolizeidirektion Heidelberg, auch gegen den Komplizen des Beschuldigten, dauern an.<\/p>\n\n\n\n<h2 class=\"wp-block-heading\">(Heidelberg) &#8211; Unbekannte hinterlassen Sch\u00e4den an Geb\u00e4ude der Wasserschutzpolizeistation<\/h2>\n\n\n\n<p>G\u00f6ppingen In der Nacht von Mittwoch, 02.06.2021, auf Donnerstag, 03.06.2021, haben bislang unbekannte T\u00e4ter das Geb\u00e4ude der Wasserschutzpolizeistation Heidelberg, unweit der Ernst-Walz-Br\u00fccke, besch\u00e4digt.<\/p>\n\n\n\n<p>Aufgrund zur\u00fcckgelassener Flaschen und Pappbecher wird vermutet, dass sich in besagtem Zeitraum in diesem Bereich, Blickrichtung Neckar, mehrere Personen aufhielten und Alkohol konsumierten. Am n\u00e4chsten Morgen wurden seitens der Wasserschutzpolizei Heidelberg Sch\u00e4den am Dienstgeb\u00e4ude festgestellt. So wurde unter anderem die Verkleidung einer T\u00fcre verbogen.<\/p>\n\n\n\n<p>Wer hat in der Nacht auf Fronleichnam entsprechende Beobachtungen gemacht? Zeugen, die Hinweise auf die Verursacher der Sachbesch\u00e4digung geben k\u00f6nnen, werden gebeten, sich unter Tel. 06221\/13748-3 an die Wasserschutzpolizei Heidelberg zu wenden.<\/p>\n\n\n\n<h2 class=\"wp-block-heading\">(Heidelberg) &#8211; Farbschmierereien an Schule; Schaden noch unbekannt; Zeugen gesucht<\/h2>\n\n\n\n<p>Wegen des Verdachts der Sachbesch\u00e4digung an einem \u00f6ffentlichen Geb\u00e4ude ermittelt das Polizeirevier Heidelberg-Mitte gegen f\u00fcnf bislang unbekannte T\u00e4ter. Ein Zeuge hatte am fr\u00fchen Mittwochabend, gegen 18.20 Uhr, die Unbekannten beim Besprayen der \u00f6stlichen Wand des Helmholtz-Gymnasiums in der R\u00f6merstra\u00dfe entdeckt und die Polizei informiert. Beim Eintreffen der ersten Streife kurze Zeit sp\u00e4ter waren alle f\u00fcnf bereits gefl\u00fcchtet. <\/p>\n\n\n\n<h4 class=\"wp-block-heading\">Sie werden wie folgt beschrieben:<\/h4>\n\n\n\n<ol><li><strong>Person: Sprayer, lang\u00e4rmlicher, grauer Kapuzenpullover.<\/strong><\/li><li><strong>Person: wei\u00dfes T-Shirt, dunklere Hautfarbe, sehr schlank.<\/strong><\/li><li><strong>Person: &#8222;Schmieresteher&#8220; an der Zufahrt zum Schulhof; schwarze Kleidung; hellblaue OP-Maske; Brille mit d\u00fcnnem Rahmen; kurze, schwarze Haare.<\/strong><\/li><li><strong>Person: &#8222;Schmieresteher&#8220;; kr\u00e4ftige Statur; dunkle Haare; schwarze Umh\u00e4ngetasche.<\/strong><\/li><li><strong>Person: &#8222;Schmieresteher&#8220;; wei\u00dfes T-Shirt.<\/strong><\/li><\/ol>\n\n\n\n<p>Eine der Personen trug eine braune Papiert\u00fcte mit roter Aufschrift bei sich.<\/p>\n\n\n\n<p>Nach den derzeitigen Erkenntnissen m\u00fcssen die Sprayer in der Nacht zum Donnerstag zum Weitersprayen nochmal zum Schulgel\u00e4nde zur\u00fcckgekehrt sein. Bei einer Absuche des Schulgel\u00e4ndes fanden sich am Donnerstagvormittag Spraydosen und Schablonen, die sichergestellt und nun nach Spuren untersucht werden.<\/p>\n\n\n\n<p>Die H\u00f6he des Sachschadens kann noch nicht gesch\u00e4tzt werden.<\/p>\n\n\n\n<p>Zeugen, die Hinweise zu der Tat und oder den Sprayern geben k\u00f6nnen, werden gebeten, sich mit dem Polizeirevier HD-S\u00fcd, Tel.: 06221\/3418-0 in Verbindung zu setzen.<\/p>\n\n\n\n<h2 class=\"wp-block-heading\">(Br\u00fchl \/ Rhein-Neckar-Kreis) &#8211; Wohnungseinbruch \/ Einbrecher \u00fcberraschen Hausbesitzerin im Schlaf<\/h2>\n\n\n\n<p>Mit der Anwesenheit der Hausbesitzerin nicht gerechnet haben am Mittwochabend gegen 21:00 Uhr offenbar zwei Einbrecher, die in das Einfamilienhaus einer \u00fcber 80-J\u00e4hrigen im Promenadenweg eingebrochen sind. Die beiden T\u00e4ter verschafften sich \u00fcber die Hauseingangst\u00fcr mit einem bislang unbekannten Werkzeug gewaltsam Zutritt zum Geb\u00e4ude. Nachdem die Einbrecher das Schlafzimmer der \u00e4lteren Frau aufsuchten und den Lichtschalter bet\u00e4tigten, wachte die Seniorin auf. Daraufhin ergriffen die T\u00e4ter sofort die Flucht in Richtung Lindenstra\u00dfe. Eine wachsame Nachbarin konnte die beiden Fl\u00fcchtigen noch sehen, erkannte die Situation richtig und verst\u00e4ndigte umgehend die Polizei. Trotz sofort eingeleiteter Fahndungsma\u00dfnahmen konnten die T\u00e4ter schlie\u00dflich unerkannt fl\u00fcchten. Nach derzeitigem Ermittlungsstand wurde nichts gestohlen. An der Hauseingangst\u00fcr entstand hingegen Sachschaden in H\u00f6he von rund 500 Euro. Die Zentrale Kriminaltechnik wurde mit der Spurensicherung beauftragt. Die weiteren Ermittlungen f\u00fchrt die Ermittlungsgruppe Eigentum der Kriminalpolizeidirektion Heidelberg.<\/p>\n\n\n\n<h4 class=\"wp-block-heading\">Die T\u00e4ter k\u00f6nnen wie folgt beschrieben werden: <\/h4>\n\n\n\n<ol><li><strong>Person: ca.40 Jahre alt, 185-190 cm gro\u00df, schlank und dunkle\/kurze Haare. Er war bekleidet mit einem wei\u00dfen T-shirt sowie kurzen\/grauen Hosen. Zudem trug er auff\u00e4llig blaue Latexhandschuhe.<\/strong><\/li><li><strong>Person: ca. 40 Jahre alt, 170-175 cm gro\u00df, dunkle Bekleidung und ein Basecap.<\/strong><\/li><\/ol>\n\n\n\n<p>Anwohner sowie Zeugen, die verd\u00e4chtige Personen oder Fahrzeuge gesehen haben sowie dar\u00fcber hinaus sachdienliche Angaben machen k\u00f6nnen, werden gebeten sich unter der Tel.: 0621 174 4444 beim Kriminaldauerdienst zu melden.<\/p>\n\n\n\n<h2 class=\"wp-block-heading\">(Schwetzingen \/ Rhein-Neckar-Kreis) &#8211; 88-j\u00e4hriger Unfallverursacher fl\u00fcchtet \/ Polizei stellt diesen zur Rede<\/h2>\n\n\n\n<p>Am Donnerstagnachmittag gegen 16:40 Uhr konnte ein aufmerksamer Passant beobachten wie ein Ford-Fahrer bei der Vorbeifahrt in der Carl-G\u00f6rdeler-Stra\u00dfe einen geparkten PKW streifte und hierbei den rechten Au\u00dfenspiegel des Opel besch\u00e4digte. Im Anschluss soll der Unfallverursacher einfach weitergefahren sein. Der Zeuge konnte sich das Kennzeichen des Ford notieren und teilte dieses umgehend den Beamten des Polizeireviers Schwetzingen mit. Diese nahmen daraufhin sofort die Ermittlungen auf und suchten den Ford-Fahrer kurzerhand zuhause auf. Dort angekommen trafen sie auf den 88-j\u00e4hrigen Fahrer, der sichtlich irritiert schien und angab, den Unfall gar nicht bemerkt zu haben. An dessen Fahrzeug stellten die Polizisten schlie\u00dflich \u00fcbereinstimmende Besch\u00e4digungen fest. Wie hoch der entstandene Sachschaden ist, ist derzeit nicht bekannt. Das Polizeirevier Schwetzingen hat die weiteren Ermittlungen aufgenommen. Gegen den 88-J\u00e4hrigen wird nun ein Strafverfahren wegen Verdacht der Unfallflucht eingeleitet.<\/p>\n\n\n\n<h2 class=\"wp-block-heading\">(Leimen-Gauangelloch \/ Rhein-Neckar-Kreis) &#8211; Nach Unfall auf der K4161 roter Pkw gesucht<\/h2>\n\n\n\n<h3 class=\"has-text-align-center wp-block-heading\">Pressemitteilung Nr.4<\/h3>\n\n\n\n<p>Bereits am Montag, den 31.05.2021, berichtete das Polizeipr\u00e4sidium Mannheim \u00fcber einen Unfall mit drei beteiligten Fahrzeugen auf der Kreisstra\u00dfe 4161. Mehr dazu:&nbsp;<a target=\"_blank\" href=\"http:\/\/presseportal.de\/blaulicht\/pm\/14915\/4929205\" rel=\"noreferrer noopener\">http:\/\/presseportal.de\/blaulicht\/pm\/14915\/4929205<\/a><\/p>\n\n\n\n<p>Weitere Ermittlungen der Beamten des Polizeireviers Wielsoch ergaben, dass ein roter Pkw ebenfalls in der Kolonne fuhr, beim Unfallgeschehen aber nicht beteiligt war noch besch\u00e4digt wurde. Von dem Fahrer des Autos erwarten sich die Ermittler allerdings hilfreiche Angaben, weshalb darum gebeten wird, dass sich dieser unter 06222 57090 meldet.<\/p>\n\n\n\n<h2 class=\"wp-block-heading\">(Walldorf \/ Rhein-Neckar-Kreis) &#8211; Beim Spurwechsel anderen Autofahrer abgedr\u00e4ngt \/ Zeugen gesucht<\/h2>\n\n\n\n<p>Bereits am Mittwochmorgen kam es auf der Landstra\u00dfe 723 auf H\u00f6he der Abfahrt zur Dietmar-Hopp-Allee zu einem Verkehrsunfall &#8211; das Polizeirevier Wiesloch sucht Zeugen.<\/p>\n\n\n\n<p>Gegen 8.20 Uhr soll der Fahrer eines Pkw in Fahrtrichtung Bruchsal unachtsam die Fahrspur gewechselt haben, obwohl sich auf selber H\u00f6he ein 59-j\u00e4hriger Opel-Fahrer befand. Dieser wiederum musste, um einen Zusammensto\u00df zu verhindern, derart nach links lenken, dass er in den Gr\u00fcnstreifen geriet und mit einem Verkehrsschild kollidierte. Das Schild wurde dabei aus dem Boden gerissen und auf die Gegenfahrbahn geschleudert, am Pkw entstand Sachschaden.<\/p>\n\n\n\n<p>Der Unfallverursacher fuhr ungeachtet dessen weiter. Gl\u00fccklicherweise blieb der 59-J\u00e4hrige unverletzt.<\/p>\n\n\n\n<p>Zeugen des Unfallgeschehens werden gebeten, sich unter 06222 57090 an die Ermittler zu wenden.<\/p>\n\n\n\n<h2 class=\"wp-block-heading\">(Sinsheim \/ Rhein-Neckar-Kreis) &#8211; Auto prallt gegen Mauer; Fahrer eingeklemmt und schwer verletzt; Rettungshubschrauber im Einsatz<\/h2>\n\n\n\n<h3 class=\"has-text-align-center wp-block-heading\">Pressemitteilung Nr. 1<\/h3>\n\n\n\n<p>Wegen eines Verkehrsunfalls, der sich am Freitagnachmittag gegen 15.45 Uhr ereignete, war die Neulandstra\u00dfe im Bereich des Kreisverkehrs\/Gutenbergstra\u00dfe kurzfristig voll gesperrt.<\/p>\n\n\n\n<p>Nach den derzeitigen Erkenntnissen prallte ein Auto gegen eine Mauer. Die Feuerwehr Sinsheim ist momentan damit besch\u00e4ftigt, den eingeklemmten Fahrer aus seinem Auto zu befreien.<\/p>\n\n\n\n<p>Ein Rettungshubschrauber steht bereits in einem nahen Wiesengebiet bereit, um die Person in eine Klinik zu fliegen.<\/p>\n\n\n\n<p>Der Unfallhergang ist noch nicht bekannt. Derzeit l\u00e4uft die Unfallaufnahme.<\/p>\n\n\n\n<h2 class=\"wp-block-heading\">(Sinsheim \/ Rhein-Neckar-Kreis) &#8211; Auto prallt gegen Mauer; Fahrer eingeklemmt und schwer verletzt; Rettungshubschrauber im Einsatz<\/h2>\n\n\n\n<h3 class=\"has-text-align-center wp-block-heading\">Pressemeldung Nr. 2<\/h3>\n\n\n\n<p>Nach derzeitigem Ermittlungsstand war der 58-j\u00e4hrige Fahrer des Audi am Verkehrsunfall alleinbeteiligt. Er befuhr die Neulandstra\u00dfe von der Jahnstra\u00dfe kommend in Fahrtrichtung Museum \/ Arena. Kurz vor der Einm\u00fcndung zur Gutenbergstra\u00dfe kam er aus bislang ungekl\u00e4rter Ursache nach rechts von der Fahrbahn ab, \u00fcberfuhr eine M\u00fclltonne und kam an einer Hauswand zum Stehen.<\/p>\n\n\n\n<p>Durch den Aufprall wurde der Fahrzeugf\u00fchrer schwer verletzt und musste durch die Feuerwehr Sinsheim mittels Hydraulikschere aus dem Fahrzeug geborgen werden. Im Anschluss an die not\u00e4rztliche Erstversorgung am Unfallort wurde er mit dem Rettungshubschrauber in ein Mannheimer Krankenhaus verbracht. Nach Auskunft des Notarztes bestand zum Zeitpunkt des Transportes keine Lebensgefahr.<\/p>\n\n\n\n<p>Das Fahrzeug wurde abgeschleppt. \u00dcber die Schadensh\u00f6he am Fahrzeug und an der Hauswand liegen noch keine Angaben vor. Der Verkehrsdienst Heidelberg hat die weiteren Ermittlungen aufgenommen.<\/p>\n\n\n\n<p>Gegen 16:30 Uhr konnte die Stra\u00dfensperrung wieder aufgehoben und der Fahrzeugverkehr freigegeben werden.<\/p>\n\n\n\n<h2 class=\"wp-block-heading\">(A 659 \/ Viernheim \/ S\u00fcdhessen) &#8211; Mit mehr als 3 Promille in Betongleitwand gefahren<\/h2>\n\n\n\n<p>Am Donnerstag kam es auf der A659 auf H\u00f6he der Ausfahrt Viernheim-Ost zu einem Unfall &#8211; die Ursache d\u00fcrfte in der Blutprobe des Unfallverusachers zu finden sein. Dieser wollte gegen 12 Uhr wohl einen vor ihm Fahrenden \u00fcberholen, zog hierf\u00fcr nach links und kollidierte dabei mit der Betongleitwand. Anschlie\u00dfend wurde der Mini des 48-J\u00e4hrigen nach rechts abgewiesen und kam letzlich auf der rechten Fahrspur zum Stillstand. Der Fahrer wurde nicht verletzt. Gl\u00fccklicherweise wurden auch keine Unbeteiligten gesch\u00e4digt. Am Mini des Unfallverursachers entstand ein Schaden von mindestens 10.000 Euro, dieser wurde abgeschleppt. Bei der Unfallaufnahme durch die Beamten des Verkehrsidenstes Mannheim wurde ein Alkoholtest beim 48-J\u00e4hrigen durchgef\u00fchrt &#8211; dieser ergab mehr als 3 Promille in dessen Atemluft. Auf der Dienststelle wurde dem Mann eine Blutprobe entnommen und sein F\u00fchrerschein einbehalten. Gegen ihn wird nun wegen Gef\u00e4hrdung des Stra\u00dfenverkehrs ermittelt.<\/p>\n\n\n\n<h2 class=\"wp-block-heading\">(Ladenburg \/ Rhein-Neckar-Kreis) &#8211; Bauzahn auf Kandelbachbr\u00fccke gelegt \/ Kind verletzt, Zeugen gesucht<\/h2>\n\n\n\n<p>Ein Bauzaun, der eigentlich der Br\u00fcckenabsperrung diente, wurde von einem unbekannten T\u00e4ter quer \u00fcber das Gel\u00e4nder der Kandelbachbr\u00fccke gelegt. Ein sechsj\u00e4hrige fuhr am Donnerstagmorgen mit seinem Fahrrad auf eben diesem Weg und stie\u00df dabei mit seinem Kopf gegen das Hindernis. Er musste aufgrund der erlittenen Kopfverletzungen in einem Krankenhaus behandelt werden. Das Polizeirevier Ladenburg hat die Ermittlungen wegen Stra\u00dfenverkehrsgef\u00e4hrdung gegen Unbekannt aufgenommen und sucht in diesem Zusammenhang nach Zeugen. Wer hat Verd\u00e4chtiges, vermutlich in der Nacht von Mittwoch auf Donnerstag beobachtet, und kann Hinweise geben? Zeugen werden gebeten, sich unter 06203 93050 an die Beamten zu wenden.<\/p>\n","protected":false},"excerpt":{"rendered":"<div class=\"mh-excerpt\"><p>Polizeimeldungen vom Freitag (04.06.2021) (Schwegenheim) &#8211; Unfall durch gef\u00e4hrliches \u00dcberholman\u00f6ver Donnerstagmittag befuhr ein 36-j\u00e4hriger Motorradfahrer gegen 13 Uhr die Landstra\u00dfe 537 zwischen Harthausen und Schwegenheim. Dort setzte er zu einem gef\u00e4hrlichen \u00dcberholman\u00f6ver an und versuchte, <a class=\"mh-excerpt-more\" href=\"https:\/\/speyer24news.com\/?p=37557\" title=\"Polizei\">[&#8230;]<\/a><\/p>\n<\/div>","protected":false},"author":3,"featured_media":26162,"comment_status":"open","ping_status":"open","sticky":false,"template":"","format":"standard","meta":{"_monsterinsights_skip_tracking":false,"_monsterinsights_sitenote_active":false,"_monsterinsights_sitenote_note":"","_monsterinsights_sitenote_category":0,"footnotes":""},"categories":[12],"tags":[702,61,2555,6955,6986,6263,63,105,11150,6987,53,4854,4683,1548,102,213,55,5261,103,106,2803,2423,427,2625,380,62,104,979,1565],"aioseo_notices":[],"amp_enabled":true,"_links":{"self":[{"href":"https:\/\/speyer24news.com\/index.php?rest_route=\/wp\/v2\/posts\/37557"}],"collection":[{"href":"https:\/\/speyer24news.com\/index.php?rest_route=\/wp\/v2\/posts"}],"about":[{"href":"https:\/\/speyer24news.com\/index.php?rest_route=\/wp\/v2\/types\/post"}],"author":[{"embeddable":true,"href":"https:\/\/speyer24news.com\/index.php?rest_route=\/wp\/v2\/users\/3"}],"replies":[{"embeddable":true,"href":"https:\/\/speyer24news.com\/index.php?rest_route=%2Fwp%2Fv2%2Fcomments&post=37557"}],"version-history":[{"count":1,"href":"https:\/\/speyer24news.com\/index.php?rest_route=\/wp\/v2\/posts\/37557\/revisions"}],"predecessor-version":[{"id":37559,"href":"https:\/\/speyer24news.com\/index.php?rest_route=\/wp\/v2\/posts\/37557\/revisions\/37559"}],"wp:featuredmedia":[{"embeddable":true,"href":"https:\/\/speyer24news.com\/index.php?rest_route=\/wp\/v2\/media\/26162"}],"wp:attachment":[{"href":"https:\/\/speyer24news.com\/index.php?rest_route=%2Fwp%2Fv2%2Fmedia&parent=37557"}],"wp:term":[{"taxonomy":"category","embeddable":true,"href":"https:\/\/speyer24news.com\/index.php?rest_route=%2Fwp%2Fv2%2Fcategories&post=37557"},{"taxonomy":"post_tag","embeddable":true,"href":"https:\/\/speyer24news.com\/index.php?rest_route=%2Fwp%2Fv2%2Ftags&post=37557"}],"curies":[{"name":"wp","href":"https:\/\/api.w.org\/{rel}","templated":true}]}}