{"id":37599,"date":"2021-06-07T06:01:59","date_gmt":"2021-06-07T05:01:59","guid":{"rendered":"https:\/\/speyer24news.com\/?p=37599"},"modified":"2021-06-07T06:01:59","modified_gmt":"2021-06-07T05:01:59","slug":"polizei-604","status":"publish","type":"post","link":"https:\/\/speyer24news.com\/?p=37599","title":{"rendered":"Polizei"},"content":{"rendered":"<style type=\"text\/css\">\r\n\t.ads_top_disp{}\r\n\t.ads_top_corner_disp{ float:left; margin:0px 10px 10px 0px; }\r\n\t.ads_first_p_disp{}\r\n\t.ads_bottom_disp{}\r\n\t<\/style>\n<h2 class=\"wp-block-heading\">Polizeimeldungen vom Sonntag (06.06.2021)<\/h2>\n\n\n\n<div class=\"wp-block-image\"><figure class=\"aligncenter size-large\"><img decoding=\"async\" src=\"https:\/\/speyer24news.com\/wp-content\/uploads\/2020\/01\/Aktuelles-Polizeilogo.jpg\" alt=\"\" class=\"wp-image-23832\"\/><\/figure><\/div>\n\n\n\n<h2 class=\"wp-block-heading\">(Speyer) &#8211; Unter Alkoholeinfluss einen PKW gef\u00fchrt<\/h2>\n\n\n\n<p>Am 06.06.2021 um kurz nach Mitternacht wurde die Polizei dar\u00fcber informiert, dass ein offensichtlich alkoholisierter PKW-Fahrer seinen PKW auf einem Parkplatz in der Wormser Landstra\u00dfe in Speyer abgestellt hatte. Bei einer Kontrolle durch die Polizei konnte beim Fahrer ein Atemalkoholwert von 3,1 Promille festgestellt werden. Auch hier wurde eine Blutprobe angeordnet und der F\u00fchrerschein und Fahrzeugschl\u00fcssel sichergestellt.<\/p>\n\n\n\n<p>Den Fahrer erwartet neben dem Strafverfahren auch eine Entziehung der Fahrerlaubnis und somit zu einem Verlust der eigenen Mobilit\u00e4t. Auch hier appelliert die Polizei nicht unter dem Einfluss von Alkohol am Stra\u00dfenverkehr teilzunehmen!<\/p>\n\n\n\n<h2 class=\"wp-block-heading\">(Speyer) &#8211; Bet\u00e4ubungsmittelfund bei Personenkontrolle<\/h2>\n\n\n\n<p>Bei einer Fu\u00dfstreife im Bereich der Maximilianstra\u00dfe in Speyer am 05.06.2021 gegen 22 Uhr sollte eine Personengruppe kontrolliert werden, aus der eine Person zun\u00e4chst fl\u00fcchtete. Der Gefl\u00fcchtete konnte jedoch im Nahbereich von einer weiteren Polizeistreife angetroffen und kontrolliert werden, da er versuchte auf der Flucht eine geringe Menge Bet\u00e4ubungsmittel wegzuwerfen.<\/p>\n\n\n\n<p>Das Bet\u00e4ubungsmittel konnte aufgefunden und asserviert werden. Ein Strafverfahren wurde eingeleitet.<\/p>\n\n\n\n<h2 class=\"wp-block-heading\">(Speyer) &#8211; Unter Bet\u00e4ubungsmitteleinfluss einen PKW gef\u00fchrt<\/h2>\n\n\n\n<p>Am 05.06.2021 gegen 10:10 Uhr konnte bei einer Verkehrskontrolle bet\u00e4ubungsmitteltypische Auff\u00e4lligkeiten beim Fahrer festgestellt werden. Ein Urintest verlief anschlie\u00dfend positiv, sodass eine Blutprobe angeordnet und ein entsprechendes Verfahren eingeleitet und der F\u00fchrerschein sowie der Fahrzeugschl\u00fcssel sichergestellt wurden.<\/p>\n\n\n\n<p>Je nach Blutprobenergebnis erwartet den PKW-F\u00fchrer noch ein weiteres Verfahren wegen dem Versto\u00df gegen das Bet\u00e4ubungsmittelgesetz. Des Weiteren wird die F\u00fchrerscheinstelle \u00fcber den Vorfall informiert, sodass die Verkehrskontrolle weitreichende Folgen f\u00fcr den PKW-F\u00fchrer haben d\u00fcrfte. Deshalb appelliert die Polizei nicht unter dem Einfluss von Bet\u00e4ubungsmitteln am Stra\u00dfenverkehr teilzunehmen!<\/p>\n\n\n\n<h2 class=\"wp-block-heading\">(Schifferstadt) &#8211; Diebstahl eines GPS-Empf\u00e4ngers in Schifferstadt<\/h2>\n\n\n\n<p>In der Nacht von Montag, dem 31.05.2021, auf Dienstag wurde auf dem Gel\u00e4nde eines landwirtschaftlichen Betriebs in Schifferstadt ein GPS-Empf\u00e4nger entwendet. Das Ger\u00e4t befand sich an einem abgestellten Traktor. Der Schaden bel\u00e4uft sich auf etwa 4000 EUR.<\/p>\n\n\n\n<h2 class=\"wp-block-heading\">(Germersheim) &#8211; Eins\u00e4tze nach Starkregen<\/h2>\n\n\n\n<p>Aufgrund des am 5.6.2021 \u00f6rtlich immer wieder einsetzenden Starkregens liefen bei der Polizeiinspektion Germersheim mehrere Eins\u00e4tze auf.<\/p>\n\n\n\n<p>In Ottersheim wurde eine Souterrainwohnung kn\u00f6chelhoch unter Wasser gesetzt. Hier musste zur Hilfeleistung die Feuerwehr verst\u00e4ndigt werden.<\/p>\n\n\n\n<p>Vermutlich aufgrund von Aquaplaning kam ein 34-J\u00e4hriger aus Rheinstetten mit seinem Fahrzeug im Bereich der B9 zwischen Schwegenheim und Lingenfeld, in Fahrtrichtung Karlsruhe, ins Schleudern. Nachdem das Fahrzeug die Mittelleitplanke touchiert hatte, drehte es sich um die eigene Achse und prallte nochmals gegen die Mittelleitplanke, ehe es zum Stillstand kam. Es blieb bei Sachschaden in H\u00f6he von mindestens 4.500 Euro.<\/p>\n\n\n\n<p>Ein weiterer Verkehrsteilnehmer konnte das zuvor verunfallte Fahrzeug wahrnehmen und versuchte diesem auszuweichen. Hierbei geriet er ebenfalls aufgrund von Aquaplaning ins Schleudern und prallte mit seinem Fahrzeug gleichfalls in die Mittelleitplanke. Auch hier blieb es bei Sachschaden in H\u00f6he von mindestens 3.000 Euro.<\/p>\n\n\n\n<h2 class=\"wp-block-heading\">(Germersheim) &#8211; Fahren ohne Fahrerlaubnis<\/h2>\n\n\n\n<p>Am 5.6.2021 gegen 11:00 Uhr konnten Beamte der Polizeiinspektion Germersheim im Rahmen ihrer Streifenfahrt in Germersheim ein ihnen bereits bekanntes Fahrzeug wahrnehmen.<\/p>\n\n\n\n<p>Eine durchgef\u00fchrte Kontrolle ergab die Gewissheit: Das Fahrzeug wurde erneut durch einen 39-j\u00e4hrigen Germersheimer gef\u00fchrt, welchem zu Anfang des Jahres bereits die Fahrerlaubnis aufgrund einer Trunkenheitsfahrt entzogen worden war.<\/p>\n\n\n\n<p>Dieses Mal hatte der Germersheimer zwar weder Alkohol noch Drogen konsumiert, aber nach wie vor keine Fahrerlaubnis, weshalb ein entsprechendes Strafverfahren eingeleitet wurde. Die Fahrt mit seinem Fahrzeug durfte der Germersheimer nicht mehr fortsetzen.<\/p>\n\n\n\n<h2 class=\"wp-block-heading\">(W\u00f6rth am Rhein) &#8211; Getuntes Fahrzeug aus dem Verkehr gezogen<\/h2>\n\n\n\n<p>Am Samstag, 05.06.2021 kurz vor 18 Uhr wurde in W\u00f6rth am Rhein ein getunter BMW einer Verkehrskontrolle unterzogen. Aufgrund der augenscheinlich durchgef\u00fchrten Ver\u00e4nderungen am Fahrzeug wurde besonderes Augenmerk auf den technischen Zustand gelegt. Dabei wurde festgestellt, dass nicht alle Ver\u00e4nderungen ordnungsgem\u00e4\u00df von einer technischen Pr\u00fcfstelle abgenommen wurden. Aus diesem Grunde war die Betriebserlaubnis erloschen. Auf den 19-j\u00e4hrigen Fahrzeugf\u00fchrer kommt ein Ordnungswidrigkeitenverfahren zu.<\/p>\n\n\n\n<h2 class=\"wp-block-heading\">(W\u00f6rth-B\u00fcchelberg) &#8211; Medizinischer Notfall<\/h2>\n\n\n\n<p>Am Samstag, 05.06.2021 kam es gegen 13:00 Uhr in B\u00fcchelberg zu einem medizinischen Notfall. Ein 67-j\u00e4hriger Mann st\u00fcrzte bei Hausarbeiten und befand sich hierauf in hilfloser Lage. Ein Nachbar h\u00f6rte die Hilferufe des Mannes und verst\u00e4ndigte den Rettungsdienst. Die T\u00fcr konnte ge\u00f6ffnet werden und die Person anschlie\u00dfend vermutlich mit einer Fraktur ins Krankenhaus gebracht werden.<\/p>\n\n\n\n<h2 class=\"wp-block-heading\">(A 65 \/ Edesheim) &#8211; Durch Unfall auf Standstreifen leicht verletzt<\/h2>\n\n\n\n<p>Am 05.06.2021 gegen 16:12 Uhr befuhr eine 48-j\u00e4hrige Fahrzeugf\u00fchrerin aus Karlsruhe die BAB65 in Fahrtrichtung Ludwigshafen und musste im Bereich Edesheim kurzzeitig auf dem Standstreifen anhalten. Der anschlie\u00dfend auf dem rechten Fahrstreifen vorbeifahrende LKW-Fahrer streifte den PKW auf dem Standstreifen, wodurch die Scheibe des PKWs besch\u00e4digt wurde. Durch das Zersplittern der Scheibe wurde die 48-J\u00e4hrige leicht am Arm verletzt. Die Unfallstelle musste im Anschluss vor\u00fcbergehend abgesichert werden. Da der LKW-Fahrer keinen festen Wohnsitz in Deutschland hatte, wurde eine Sicherheitsleistung erhoben.<\/p>\n\n\n\n<p>Die Polizei r\u00e4t:<\/p>\n\n\n\n<p>Im Falle einer Panne auf der Autobahn sollte das Fahrzeug zun\u00e4chst gut sichtbar f\u00fcr alle Verkehrsteilnehmer abgesichert werden. Die Fahrzeuginsassen sollten eine Warnweste tragen, sich hinter die Schutzplanke begeben und nicht im Fahrzeug sitzen bleiben.<\/p>\n\n\n\n<h2 class=\"wp-block-heading\">(Neustadt\/W.) &#8211; Verkehrsunfall mit Personenschaden<\/h2>\n\n\n\n<div class=\"wp-block-image\"><figure class=\"aligncenter size-large\"><img decoding=\"async\" loading=\"lazy\" width=\"800\" height=\"600\" src=\"https:\/\/speyer24news.com\/wp-content\/uploads\/2021\/06\/20210606_142751_copy_1209x1612.jpg\" alt=\"\" class=\"wp-image-37601\" srcset=\"https:\/\/speyer24news.com\/wp-content\/uploads\/2021\/06\/20210606_142751_copy_1209x1612.jpg 800w, https:\/\/speyer24news.com\/wp-content\/uploads\/2021\/06\/20210606_142751_copy_1209x1612-300x225.jpg 300w, https:\/\/speyer24news.com\/wp-content\/uploads\/2021\/06\/20210606_142751_copy_1209x1612-768x576.jpg 768w, https:\/\/speyer24news.com\/wp-content\/uploads\/2021\/06\/20210606_142751_copy_1209x1612-678x509.jpg 678w, https:\/\/speyer24news.com\/wp-content\/uploads\/2021\/06\/20210606_142751_copy_1209x1612-326x245.jpg 326w, https:\/\/speyer24news.com\/wp-content\/uploads\/2021\/06\/20210606_142751_copy_1209x1612-80x60.jpg 80w\" sizes=\"(max-width: 800px) 100vw, 800px\" \/><figcaption>Rettungshubschrauber<\/figcaption><\/figure><\/div>\n\n\n\n<p>Am Sonntag, den 06.06.2021 um ca. 13:35 Uhr, befuhr eine 41-j\u00e4hrige PKW-F\u00fchrerin aus dem Kreis S\u00fcdliche Weinstra\u00dfe die Robert-Stolz-Stra\u00dfe in Neustadt in Fahrtrichtung Martin-Luther-Stra\u00dfe. Die Fahrzeugf\u00fchrerin kam hierbei ohne Fremdeinwirkung nach links von der Fahrbahn ab und kollidierte mit einem geparkten PKW. Bei dem Aufprall wurde die Fahrerin, sowie deren beiden Kinder im Alter von 7 und 5 Jahren leicht verletzt. Auf Grund der Tatsache, dass bei dem Verkehrsunfall Kinder verletzt wurden, kamen vorsorglich zwei Rettungshubschrauber an die Unfall\u00f6rtlichkeit. Letztendlich wurden die Verletzten lediglich mit dem Rettungsdienst in umliegende Krankenh\u00e4user verbracht. Die genaue Unfallursache konnte nicht eindeutig gekl\u00e4rt werden und bedarf weiterer Ermittlungen. Der Gesamtschaden wird laut aktuellem Stand auf ca. 16.000 Euro gesch\u00e4tzt.<\/p>\n\n\n\n<h2 class=\"wp-block-heading\">(Neustadt\/W.) &#8211; Diebstahl von Motorroller<\/h2>\n\n\n\n<p>Am sp\u00e4ten Abend des 04.06.2021 wurde der Motorroller eines 27-j\u00e4hrigen Gesch\u00e4digten aus Neustadt entwendet. Der Mann parkte seinen Roller gegen 19:30 Uhr in der Friedrich-Ebert-Stra\u00dfe am rechten Fahrbahnrand ab. Gegen 01:00 Uhr stellte er fest, dass der Motorroller nicht mehr da ist. Laut Angaben des Gesch\u00e4digten handelt es sich bei dem Diebesgut um einen Motorroller der Marke Jinan Qingqi &#8222;RexMoto&#8220; in den Farben schwarz\/wei\u00df.<\/p>\n\n\n\n<p>Hinweise auf den oder die T\u00e4ter nimmt die Polizei in Neustadt an der Weinstra\u00dfe unter der Tel.-Nr. 06321\/854-0 oder per E-Mail unter\u00a0<a href=\"mailto:pineustadt@polizei.rlp.de\">pineustadt@polizei.rlp.de<\/a>\u00a0entgegen.<\/p>\n\n\n\n<h2 class=\"wp-block-heading\">(Ha\u00dfloch) &#8211; Fahrzeugf\u00fchrer Volltrunken \/ Auch Mitfahrer nicht verkehrst\u00fcchtig<\/h2>\n\n\n\n<p>Am Samstag, den 05.06.2021 gegen 16:00 Uhr sollte ein Transporter in der Rudolf-Diesel-Stra\u00dfe durch eine Streife einer Verkehrskontrolle unterzogen werden, da die Insassen nicht angegurtet waren. W\u00e4hrend der Kontrolle konnten die Beamten eine deutliche Alkoholisierung bei dem Fahrer wahrnehmen. Ein durchgef\u00fchrter Atemalkoholtest ergab einen Wert von 2,7 Promille. Es wurde eine Blutprobe entnommen. Der F\u00fchrerschein wurde sichergestellt. Da der Betroffene in Deutschland keinen Wohnsitz hat, wurde eine Sicherheitsleistung im oberen dreistelligen Bereich erhoben, um das Strafverfahren zu sichern. Seine drei Mitfahrer zeigten zwar geringere Atemalkoholwerte als der Fahrer selbst auf, waren jedoch auch alle drei nicht verkehrst\u00fcchtig. Daher wurde der Arbeitgeber verst\u00e4ndigt, welcher die Personen und den Transporter schlie\u00dflich bei der Polizei abholte.<\/p>\n\n\n\n<h2 class=\"wp-block-heading\">(Bad D\u00fcrkheim) &#8211; Ge\u00f6ffneter Bauzaun<\/h2>\n\n\n\n<p>Ein aufmerksamer Anwohner meldete der Polizei Bad D\u00fcrkheim am fr\u00fchen Sonntagmorgen, den 06.06.2021 gegen 02:00 Uhr, drei Personen, welche sich an einem Bauzaun an der &#8222;Hochzeitsbr\u00fccke&#8220; im Kurpark zu schaffen machten. Bei dem dortigen Bauzaun handelt es sich um eine Absperrung des zuk\u00fcnftigen Thermengel\u00e4ndes. Hier wurden mehrere Kabelbinder durchtrennt, sodass die T\u00e4ter Zutritt zum Gel\u00e4nde hatten. Ob sie dieses betraten und ggf. Gegenst\u00e4nde entwendeten muss noch ermittelt werden. Bei den derzeit unbekannten T\u00e4tern handelt es sich um drei m\u00e4nnliche Jugendliche, welche mit Kapuzenjacken bzw. Pullovern, Jeanshosen und Sportschuhen bekleidet waren. Die T\u00e4ter waren mit Fahrr\u00e4dern unterwegs und wurden im Bereich des Kursparks, des Mercure Hotels, der Agip Tankstelle und in der Kurbrunnenstra\u00dfe gesichtet.<\/p>\n\n\n\n<p>Hinweise von Zeugen bitte an die Polizeiinspektion Bad D\u00fcrkheim, Tel. 06322\/963-0, oder\u00a0<a href=\"mailto:pibadduerkheim@polizei.rlp.de\">pibadduerkheim@polizei.rlp.de<\/a><\/p>\n\n\n\n<h2 class=\"wp-block-heading\">(Bad D\u00fcrkheim) &#8211; Trunkenheit im Stra\u00dfenverkehr\/ Verst\u00f6\u00dfe gegen das BtMG und WaffG<\/h2>\n\n\n\n<p>Am Samstagabend, den 05.06.2021 gegen 22:55 Uhr, meldet ein Zeuge einen Ford Fiesta mit verd\u00e4chtiger Fahrweise im Hausener Weg in Bad D\u00fcrkheim. Der PKW Fahrer habe zuerst mit der Felge eine Mauer touchiert und anschlie\u00dfend beim Einparken den Motor abgew\u00fcrgt. Beim Eintreffen der Streifenbesatzung wurde ein 56-j\u00e4hriger Mann aus Bad D\u00fcrkheim schlafend im Fahrzeug angetroffen. Da deutlicher Alkoholgeruch wahrgenommen werden konnte, wurde dem Mann ein freiwilliger Atemalkoholtest angeboten. Dieser ergab einen Wert von 2,09 Promille. Da der Fahrer sich gegen\u00fcber den Beamten zun\u00e4chst nicht ausweisen konnte, wurde er durchsucht. Hierbei wurde ein Einhandmesser aufgefunden. Ausweisdokumente konnten jedoch nicht aufgefunden werden. Um die Person eindeutig zu identifizieren wurde dessen Wohnanschrift aufgesucht. Dort konnten neben einem F\u00fchrerschein auch mehrere Beh\u00e4lter mit Bet\u00e4ubungsmittel aufgefunden und beschlagnahmt werden. Neben einer Strafanzeige wegen Trunkenheit im Stra\u00dfenverkehr erwarten den 56-J\u00e4hrigen mehrere Strafverfahren wegen Verst\u00f6\u00dfen gegen das Waffen- und Bet\u00e4ubungsmittelgesetz.<\/p>\n\n\n\n<h2 class=\"wp-block-heading\">(Freinsheim) &#8211; Gef\u00e4hrliche K\u00f6rperverletzung nach Gartenparty<\/h2>\n\n\n\n<p>Am Sonntagmorgen, den 06.06.2021 gegen 04:16 Uhr, wurde der Polizei Bad D\u00fcrkheim mitgeteilt, dass es auf einem Gartengrundst\u00fcck in Freinsheim zu Streitgespr\u00e4ch kam, wonach im Anschluss drei m\u00e4nnliche Personen zwischen 17 und 19 Jahren auf einen 29-J\u00e4hrigen einschlugen. Dieser wurde hierbei so stark im Mund- und Nasenbereich verletzt, dass er vom hinzugezogenen Rettungsdienst versorgt und zur weiteren Behandlung ins Krankenhaus verbracht werden musste. Hintergr\u00fcnde und genaue Tatumst\u00e4nde sind derzeit noch ungekl\u00e4rt.<\/p>\n\n\n\n<h2 class=\"wp-block-heading\">(Freinsheim) &#8211; Ausheben eines Kanaldeckels<\/h2>\n\n\n\n<p>Ein aufmerksamer Spazierg\u00e4nger teilte der Polizei am Samstag, den 05.06.2021 gegen 18:00 Uhr mit, dass in Freinsheim auf der Erpolzheimer Stra\u00dfe zwischen der Einm\u00fcndung zum Riedweg und der Einm\u00fcndung zu &#8222;In den Schlosswiesen&#8220; durch einen unbekannten T\u00e4ter ein Kanaldeckel ausgehoben wurde. Die eingesetzten Beamten konnten den Kanaldeckel in unmittelbarer N\u00e4he auffinden und wieder ordnungsgem\u00e4\u00df einsetzen. Gl\u00fccklicherweise wurde kein Verkehrsteilnehmer gesch\u00e4digt. Dennoch stellt das Ausheben eines Kanaldeckels einen gef\u00e4hrlichen Eingriff in den Stra\u00dfenverkehr dar, weshalb ein entsprechendes Strafverfahren eingeleitet wurde.<\/p>\n\n\n\n<p>Hinweise von Zeugen bitte an die Polizeiinspektion Bad D\u00fcrkheim, Tel. 06322\/963-0, oder\u00a0<a href=\"mailto:pibadduerkheim@polizei.rlp.de\">pibadduerkheim@polizei.rlp.de<\/a><\/p>\n\n\n\n<h2 class=\"wp-block-heading\">(Gr\u00fcnstadt) &#8211; Hehler \u00fcberf\u00fchrt \/ Gestohlenes Fahrrad aufgefunden<\/h2>\n\n\n\n<p>Am Sonntagmorgen gegen 09:45 Uhr, fiel Beamten der Polizeiinspektion Gr\u00fcnstadt im Rahmen eines polizeilichen Einsatzes ein in Gr\u00fcnstadt abgeschlossenes Fahrrad auf. Eine \u00dcberpr\u00fcfung der Rahmennummer ergab, dass das Fahrrad nach vorangegangenem Diebstahl zur Fahndung ausgeschrieben war. Das Fahrrad wurde sichergestellt. Der rechtm\u00e4\u00dfige Eigent\u00fcmer, welcher das Fahrrad zuvor als gestohlen gemeldet hat wurde \u00fcber den Fahrradfund unterrichtet. Der 24-j\u00e4hrige &#8222;neue Besitzer&#8220; zeigte sich wenig erfreut \u00fcber den Umstand, dass das Fahrrad sichergestellt worden war. Er gab an, dieses an einem Bahnhof gekauft zu haben. Gegen ihn wird nun wegen des Verdachts der Hehlerei ermittelt.<\/p>\n\n\n\n<h2 class=\"wp-block-heading\">(Tiefenthal \/ L 453) &#8211; Gl\u00fcck im Ungl\u00fcck<\/h2>\n\n\n\n<p>Am Sonntag den 06.06.2021 befuhr die 17-j\u00e4hrige Fahrerin eines Leichtkraftrades der Marke Yamaha die L453 von Tiefenthal kommend in Fahrtrichtung Hettenleidelheim. Im Bereich einer Rechtskurve st\u00fcrzte die Fahranf\u00e4ngerin und rutschte in einen entgegenkommenden Mercedes. Offenbar hatte die Fahranf\u00e4ngerin den Kurvenverlauf falsch eingesch\u00e4tzt. Der Fahrer des Mercedes erkannte die Situation jedoch rechtzeitig und konnte sein Fahrzeug derart abbremsen, dass es nur zu einem leichten Zusammensto\u00df der beiden Fahrzeuge kam und die 17-j\u00e4hrige Unfallverursacherin gl\u00fccklicherweise unverletzt blieb. Allerdings entstand ein Sachschaden in H\u00f6he von ca. 6000,-EUR.<\/p>\n\n\n\n<h2 class=\"wp-block-heading\">(Dirmstein) &#8211; Exotischer Fund im Eckbach<\/h2>\n\n\n\n<p>Am Samstag den 05.06.2021 hat die Feuerwehr Dirmstein im Eckbach einen au\u00dfergew\u00f6hnlichen Fisch an Land gezogen. Bei dem Fisch handelt es sich um einen ca.40cm langen Koi Karpfen. Da schnell die Vermutung aufkam, dass der Fisch eventuell aus einem Gartenteich gestohlen sein k\u00f6nnte, wurde durch den Wehrleiter der Feuerwehr, hiesige Polizeidienststelle \u00fcber den exotischen Fund informiert. Bei der Polizei wurde in der Vergangenheit zwar tats\u00e4chlich ein Fisch-Diebstahl angezeigt, jedoch konnte durch einen Bildabgleich festgestellt werden, dass es sich leider nicht um den vermissten Fisch handelte. Da der Besitzer des aufgefundenen Fisches noch nicht ermittelt werden konnte, wurde dieser \u00fcbergangsweise an einen hilfsbereiten Fischliebhaber mit gro\u00dfem Gartenteich \u00fcbergeben.<\/p>\n\n\n\n<h2 class=\"wp-block-heading\">(Bobenheim-Roxheim) &#8211; Festnahme eines aggressiven Randalierers<\/h2>\n\n\n\n<p>Nachdem ein 42-j\u00e4hriger Randalierer am Samstagvormittag, dem 05.06.2021, gegen 12:30 Uhr, Polizeibeamte massiv bedroht und beleidigt hat, wurde dieser festgenommen. Der urspr\u00fcnglich als Randalierer gemeldete Beschuldigte aus Bobenheim-Roxheim warf verschiedene Gegenst\u00e4nde von seinem Balkon und schlug mit Eisenstangen gegen sein Balkongitter. Auch hisste er eine Reichskriegsflagge. Nachdem Sperrma\u00dfnahmen eingeleitet wurden, konnte zu der Wohnung des Beschuldigten vorgedrungen werden. Der offensichtlich in einem psychischen Ausnahmezustand befindliche 42-J\u00e4hrige konnte schlie\u00dflich widerstandslos festgenommen werden und wurde in ein nahegelegenes Krankenhaus verbracht.<\/p>\n\n\n\n<h2 class=\"wp-block-heading\">(Ludwigshafen) &#8211; Betrunken auf E-Roller unterwegs<\/h2>\n\n\n\n<p>Am Sonntag, 06.06.2021 gegen 00:30 Uhr, wurde ein 23-j\u00e4hriger Fahrer eines Elektro-Rollers in der Rheinuferstra\u00dfe in Ludwigshafen einer Verkehrskontrolle unterzogen. Wie durch das fehlende Versicherungskennzeichen festgestellt werden konnte, verf\u00fcgte der E-Roller \u00fcber keinerlei Versicherungsschutz. Au\u00dferdem konnte im Rahmen der Kontrolle ermittelt werden, dass der 23-J\u00e4hrige mit einem Atemalkoholwert von 0,78 Promille nicht unerheblich alkoholisiert war. Nun muss er sich wegen Trunkenheit im Verkehr sowie des Versto\u00dfes gegen das Pflichtversicherungsgesetz verantworten.<\/p>\n\n\n\n<h2 class=\"wp-block-heading\">(Ludwigshafen) &#8211; Unbekannte schlagen 24-j\u00e4hrigen krankenhausreif<\/h2>\n\n\n\n<p>Am Sonntag, 06.06.2021 gegen 03:20 Uhr, kam es auf H\u00f6he des Berliner Platzes in der Bismarckstra\u00dfe in Ludwigshafen am Rhein zu einer k\u00f6rperlichen Auseinandersetzung zwischen mehreren Personen. Im Rahmen dessen wurde ein 24-j\u00e4hriger Mann aus Ludwigshafen derart verletzt, dass er beim Eintreffen der Rettungskr\u00e4fte nicht ansprechbar war und umgehend in ein nahegelegenes Krankenhaus verbracht werden musste. Nach bisherigen Erkenntnissen wurde der Verletzte zuvor von einer unbekannten Personengruppe verfolgt, zu Boden gebracht und letztlich am Boden liegend geschlagen und getreten. Zeugen der Tat werden gebeten, sich mit der Polizeiinspektion Ludwigshafen 1 unter Tel: 0621\/963-2122 oder\u00a0<a href=\"mailto:piludwigshafen1@polizei.rlp.de\">piludwigshafen1@polizei.rlp.de<\/a>\u00a0in Verbindung zu setzten.<\/p>\n\n\n\n<h2 class=\"wp-block-heading\">(Ludwigshafen) &#8211; Unter Alkoholeinfluss Unfall verursacht<\/h2>\n\n\n\n<p>Am Samstag, 05.06.2021 gegen 23:20 Uhr, befuhr ein 39-J\u00e4hriger aus Ludwigshafen mit seinem Peugeot die Saarlandstra\u00dfe in Ludwigshafen in Richtung Rheing\u00f6nheimer Stra\u00dfe. An der Kreuzung zum Adlerdamm kam der 39-J\u00e4hrige beim Linksabbiegen von der Fahrbahn ab und kollidierte mit einem Ampelmast. Durch den Zusammensto\u00df wurde der Peugeot derart besch\u00e4digt, dass von einem Totalschaden auszugehen ist. Der Fahrer blieb unverletzt. Auch am Ampelmast ist von einem Schaden im vierstelligen Bereich auszugehen. Im Rahmen der Verkehrsunfallaufnahme konnte beim Fahrer zun\u00e4chst Atemalkoholgeruch festgestellt werden, was letztlich durch einen gemessenen Wert von 2,46 Promille best\u00e4tigt werden konnte. Der F\u00fchrerschein des Mannes wurde sichergestellt und ein Strafverfahren wegen Gef\u00e4hrdung des Stra\u00dfenverkehrs gegen den 39-J\u00e4hrigen eingeleitet.<\/p>\n\n\n\n<h2 class=\"wp-block-heading\">(Ludwigshafen) &#8211; Unfreiwillige Spende<\/h2>\n\n\n\n<p>In ehrbarer Absicht begab sich eine 54-j\u00e4hrige Ludwigshafenerin am Samstagabend zu einem Altkleidercontainer im Albert-Haueisen-Ring, um dort von ihr nicht mehr ben\u00f6tigte Kleidung zur Spende einzuwerfen. Jedoch war die Frau unfreiwillig ihren Haust\u00fcrschl\u00fcssel ebenfalls in das Beh\u00e4ltnis. Da sich die Spenderin nicht weiter zu helfen wusste, informierte sie die Oppauer Polizeibeamten. Diese konnten Kontakt zum zust\u00e4ndigen Hausmeister aufnehmen, welcher ihr den Kleidercontainer \u00f6ffnete, damit die Frau wieder an ihren Schl\u00fcssel gelangte.<\/p>\n\n\n\n<h2 class=\"wp-block-heading\">(Ludwigshafen) &#8211; Betrunken mit E-Roller unterwegs<\/h2>\n\n\n\n<p>Am Samstagabend, 05.06.2021 gegen 18:45 Uhr wurde ein E-Scooter-Fahrer in der Oppauer Stra\u00dfe einer Verkehrskontrolle unterzogen. Im Rahmen der \u00dcberpr\u00fcfung des Mannes konnten die Polizeibeamten feststellen, dass dieser zuvor wohl deutlich dem Alkohol zugesprochen hatte. Ein vor Ort durchgef\u00fchrter Atemalkoholtest bei dem 31-j\u00e4hrigen Frankenthaler ergab einen Wert von 1,55 Promille. F\u00fcr einen gerichtsverwertbaren Blutalkoholwert wurde der Mann anschlie\u00dfend auf die Polizei-Dienststelle nach Oppau verbracht, wo ihm eine Blutprobe entnommen wurde. Den Frankenthaler erwartet nun ein Strafverfahren wegen Trunkenheit im Verkehr.<\/p>\n\n\n\n<h2 class=\"wp-block-heading\">(Ludwigshafen) &#8211; Radfahrer missachtet Rotlicht und verursacht Unfall<\/h2>\n\n\n\n<p>Am Samstagnachmittag, 05.06.2021 gegen 14:30 Uhr, befuhr ein 57-j\u00e4hriger Opelfahrer mit seinem Pkw die Rheinuferstra\u00dfe in Fahrtrichtung Innenstadt. Auf H\u00f6he der Rhein-Galerie wollte der Opelfahrer eine gr\u00fcne Ampel passieren, als pl\u00f6tzlich ein 60-j\u00e4hriger Fahrradfahrer das Rotlicht missachtete und die Fahrbahn kreuzte. Hierdurch kam es zu einem Zusammensto\u00df beider Fahrzeuge, wodurch der Radfahrer zu Boden st\u00fcrzte und leichte Verletzungen in Form von Hautabsch\u00fcrfungen und Schmerzen im Rippenbogen davontrug. An seinem Rad entstand durch die Kollision kein Schaden, wohingegen am Opel leichte Lacksch\u00e4den verzeichnet werden konnten. Der Radfahrer wurde am Ende der Verkehrsunfallaufnahme durch den hinzugezogenen Rettungsdienst zur weiteren Abkl\u00e4rung ins Krankenhaus verbracht.<\/p>\n\n\n\n<h2 class=\"wp-block-heading\">(Ludwigshafen) &#8211; Nach Fenstersturz schwerverletzt<\/h2>\n\n\n\n<p>Am Samstag, 05.06.2021 gegen 09:20 Uhr, kam es vor einem Hotel in der Bahnhofstra\u00dfe zu einem gemeinsamen Einsatz von Feuerwehr, Rettungsdienst und Polizei. Nach bisherigem Erkenntnisstand war der Grund des Einsatzes ein Ungl\u00fccksfall. Eine 25-j\u00e4hrige Frau hatte sich in ihrem Hotelzimmer im 1.Stock auf das Fensterbrett gesetzt und schlie\u00dflich das Gleichgewicht verloren. Hierdurch st\u00fcrzte sie r\u00fccklings 5 Meter tief auf den B\u00fcrgersteig und zog sich durch den Aufprall starke Kopfverletzungen zu. Aufgrund ihres kritischen Zustandes musste die 25-J\u00e4hrige nach Eintreffen der Rettungskr\u00e4fte umgehend in ein Krankenhaus verbracht werden.<\/p>\n\n\n\n<h2 class=\"wp-block-heading\">(Ludwigshafen) &#8211; Beziehungsstreit eskaliert<\/h2>\n\n\n\n<p>In der Nacht zum Samstag, 05.06.2021 wurde um 04:28 Uhr eine verletzte Frau um durch Passanten nahe des Rathausplatzes aufgefunden. Durch die Helfer wurden sofort Polizei und Rettungsdienst verst\u00e4ndigt. Im Rahmen der Befragung gab die Frau gegen\u00fcber den Polizeibeamten an, von ihrem neuen Lebensgef\u00e4hrten in dessen Wohnung verletzt und zudem noch von ihm bedroht worden zu sein. Nachdem die 23-j\u00e4hrige an den Rettungsdienst \u00fcbergeben wurde, nahmen die Oppauer Polizisten Kontakt zum Lebensgef\u00e4hrten auf, welcher sich noch in seiner Wohnung befand. Dem 24-j\u00e4hrigen wurde der Tatvorwurf er\u00f6ffnet und ihm wurde Gelegenheit gegeben, sich zur Sache zu \u00e4u\u00dfern. Anschlie\u00dfend wurde ihm die Kontaktaufnahme zu seiner Lebensgef\u00e4hrtin f\u00fcr die n\u00e4chsten Tage untersagt. Den Mann erwarten nun Strafverfahren wegen K\u00f6rperverletzung und Bedrohung. Bei beiden Personen konnte eine starke Alkoholisierung festgestellt werden. Ob diese urs\u00e4chlich f\u00fcr den Streit war, bedarf weiterer Ermittlungen.<\/p>\n\n\n\n<h2 class=\"wp-block-heading\">(Mannheim-Innenstadt) &#8211; Unfall zwischen einem Radfahrer und einem PKW<\/h2>\n\n\n\n<h3 class=\"has-text-align-center wp-block-heading\">Pressemeldung Nr. 1<\/h3>\n\n\n\n<p>Am Sonntag gegen 14:50 Uhr kam es in Mannheim in der Marktstra\u00dfe zu einem Verkehrsunfall zwischen einem Fahrradfahrer und einem PKW. Derzeit ist die Markstra\u00dfe vom Luisenring kommend f\u00fcr die Unfallaufnahme gesperrt. Die genauen Hintergr\u00fcnde des Unfalls werden derzeit ermittelt. \u00dcber die schwere der Verletzungen des Radfahrers kann noch keine Auskunft gegeben werden. Polizei und Rettungsdienst sind vor Ort.<\/p>\n\n\n\n<h2 class=\"wp-block-heading\">(Mannheim-Innenstadt) &#8211; Unfall zwischen Radfahrer und PKW<\/h2>\n\n\n\n<h3 class=\"has-text-align-center wp-block-heading\">Pressemeldung Nr.2<\/h3>\n\n\n\n<p>Nach jetzigem Ermittlungsstand befuhren ein 20-j\u00e4hriger PKW Fahrer und ein 52-j\u00e4hriger Fahrradfahrer die Marktstra\u00dfe von der Einm\u00fcndung Luisenring kommend. Der PKW Fahrer wollte auf H\u00f6he der Einm\u00fcndung I2\/K2 nach rechts abbiegen, leitete den Vorgang ein und sah im letzten Moment den rechts neben ihm fahrenden Radfahrer, worauf er sein Fahrzeug bis zum Stillstand abbremste. Der Radfahrer wiederum bemerkte, dass der PKW im Begriff war ihn zu kreuzen. Er bremste daher abrupt sein Fahrrad ab und st\u00fcrzte hierduch \u00fcber den Lenker. Zu einem Zusammensto\u00df der beiden Beteiligten kam es nicht. Der Radfahrer wurde mit leichten Kopfverletzungen ins Krankenhaus eingeliefert und bleibt zumindest f\u00fcr eine Nacht zur \u00dcberwachung.<\/p>\n\n\n\n<h2 class=\"wp-block-heading\">(Mannheim-Schwetzingerstadt) &#8211; Nach Verlust der Wohnungsschl\u00fcssel Schmuck aus Wohnung entwendet \/ Zeugen gesucht<\/h2>\n\n\n\n<p>Am Samstag, in der Zeit von 17.00 bis 18.45 Uhr, nutzten bislang Unbekannte das Missgeschick einer 80-j\u00e4hrigen Bewohnerin eines Mehrfamilienhauses in der Keplerstra\u00dfe aus. Nach derzeitigem Ermittlungsstand verlor die gesch\u00e4digte Mieterin ihren Wohnungsschl\u00fcssel in unmittelbarer N\u00e4he ihres Wohnanwesens. Wohl durch bislang Unbekannte aufgefunden, lokalisierten diese die im 2 Obergescho\u00df befindliche Wohnung der Gesch\u00e4digten und gelangten so in diese. Aus der Wohnung entwendeten die Unbekannten Schmuck im Wert von ca. 3000,- Euro. Die weiteren Ermittlungen werden durch die Ermittlungsgruppe Eigentum gef\u00fchrt.<\/p>\n\n\n\n<p>Zeugen und\/oder Anwohner, die zur fraglichen Zeit verd\u00e4chtige Wahrnehmungen gemacht haben, werden gebeten, Kontakt mit dem Polizeirevier Mannheim-Oststadt, Tel.: 0621\/174-3310, oder der Kriminalpolizeidirektion Heidelberg, Tel.: 0621\/174-4444, aufzunehmen.<\/p>\n\n\n\n<h2 class=\"wp-block-heading\">(Mannheim-Waldhof) &#8211; Nach Vorfahrtsverletzung zwei Leichtverletzte<\/h2>\n\n\n\n<p>Am Samstagnachmittag, gegen 16.20 Uhr, kam es im Stadtteil Waldhof nach einer Vorfahrtsverletzung zur Kollision zweier Pkw. Hier befuhr ein 35-J\u00e4hriger mit seinem VW Golf die Stra\u00dfe Guter Fortschritt in Richtung Stiller Weg. An der Kreuzung Guter Fortschritt\/Korbangel Stra\u00dfe missachtete er die Vorfahrt eines von rechts kommenden 32-j\u00e4hrigen Polo-Fahrers. Durch den Zusammensto\u00df wurden der 32-j\u00e4hrige Polo-Fahrer und die 31-j\u00e4hrige Beifahrerin des Unfallverursachers leicht verletzt. An den Fahrzeugen entstand ein gesch\u00e4tzter Sachschaden in H\u00f6he von ca. 4000,- Euro. Da beide Pkw nicht mehr fahrbereit waren mussten sie abgeschleppt werden.<\/p>\n\n\n\n<h2 class=\"wp-block-heading\">(A 6 \/ Mannheim-Neuostheim) &#8211; Mazda prallt Frontal auf Anpralld\u00e4mpfer \/ Fahrzeugf\u00fchrerin schwer verletzt<\/h2>\n\n\n\n<p>Am Sonntagnachmittag, gegen 16.30 Uhr, prallte eine 67-j\u00e4hrige Fahrzeugf\u00fchrerin mit ihrem Mazda CX-3 Frontal auf die Anpralld\u00e4mpfer am Autobahnkreuz Mannheim. Die Fahrerin befuhr die BAB 6 in Richtung S\u00fcden und verlor aufgrund eines medizinische Notfalls die Kontrolle \u00fcber ihr Fahrzeug. Durch den heftigen Aufprall wurde ihr Fahrzeug stark deformiert und die Fahrerin so schwer verletzt, dass die Feuerwehr das Fahrzeug aufschneiden musste um sie zu bergen. Anschlie\u00dfend wurde sie in ein nahegelegenes Krankenhaus gebracht und ihr Fahrzeug abgeschleppt. An dem Fahrzeug und dem Anpralld\u00e4mpfer entstand ein Gesamtschaden von ca. 23.000 Euro. W\u00e4hrend der Unfallaufnahme wurden zeitweise beide Abbiegespuren in Richtung Mannheim gesperrt, aufgrund der geringen Verkehrsdichte kam es jedoch zu keinem gr\u00f6\u00dferen R\u00fcckstau. Um 18.15 Uhr konnte alle Fahrbahnen wieder freigegeben werden.<\/p>\n\n\n\n<h2 class=\"wp-block-heading\">(Heidelberg \/ Mannheim) &#8211; Bilanz der Polizei in der Nacht auf Sonntag; schlechte Witterung \/ wenig Zulauf an bekannten Treffpunkten; &#8222;Poser-Treffen&#8220; in Mannheim &#8211; viele Platzverweise; Res\u00fcmee und Ausblick<\/h2>\n\n\n\n<p>Sowohl in Heidelberg als auch in Mannheim waren aufgrund des am fr\u00fchen Abend einsetzenden Stark- und Dauerregens nur wenige Menschen an den \u00fcblichen Treffpunkten unterwegs. In Heidelberg war die Neckarwiese noch vor Eintreten des abendlichen Aufenthaltsverbots menschenleer.<\/p>\n\n\n\n<p>W\u00e4hrend in Heidelberg praktisch keine &#8222;Poser&#8220; festzustellen waren, sah die Sache in Mannheim anders aus.<\/p>\n\n\n\n<p>Dort registrierte die Ermittlungsgruppe &#8222;Poser&#8220; des Polizeipr\u00e4sidiums Mannheim ab 18 Uhr ein verst\u00e4rktes Aufkommen von &#8222;Posern&#8220;, die mit ihren zum Teil PS-starken Boliden auf den beliebten &#8222;Poser-Meilen&#8220; (Kunststra\u00dfe, Fressgasse, Friedrichsplatz, Friedrichsring, Kaiserring) ihre Kreise zogen. Fast ein Viertel aller Fahrzeuge waren zu laut unterwegs, zwei Fahrzeuge waren technisch ver\u00e4ndert, wobei ein Fahrzeug bis zum R\u00fcckbau vorr\u00fcbergehend aus dem Verkehr gezogen wurde.<\/p>\n\n\n\n<p>Auf dem Parkplatz eines Schnellrestaurants in der Neckarauer Stra\u00dfe formierten sich ab Mitternacht zu unterschiedlichen Zeiten mehrere Personengruppen, die gegen 03.30 Uhr in der Spitze von nahezu 100 Personen mit rund 50 Fahrzeugen durch ihre Laust\u00e4rke f\u00fcr zahlreiche Anwohnerbeschwerden sorgten. Mit vielen Polizeistreifen wurden die \u00fcberwiegend jungen Menschen, die der &#8222;Event-Szene&#8220; und zum Teil auch der &#8222;Poser&#8220;-Szene zuzuordnen waren, begegnet. Die Grundstimmung war angespannt, provokativ und teilweise aggressiv gegen\u00fcber den Beamten. Ihnen allen wurden Platzverweise f\u00fcr die beliebten Treffpunkte dieser Szene im Stadtgebiet ausgesprochen, sodass rund eine Stunde sp\u00e4ter endlich Ruhe einkehren konnte.<\/p>\n\n\n\n<p>&#8222;Seit den Ausschreitungen auf der Neckarwiese in Heidelberg am Pfingstwochenende haben wir gemeinsam mit der Stadt Heidelberg und im Rahmen der Sicherheitspartnerschaft zwischen dem Land-Baden-W\u00fcrttemberg und der Stadt Heidelberg viel unternommen, um in Heidelberg gegen diejenigen vorzugehen, die Krawalle und Straftaten begehen wollen. Aus meiner Sicht haben unsere gemeinsamen Ma\u00dfnahmen, von starker Polizeipr\u00e4senz, Aufenthaltsverbot auf der Neckarwiese, direkten &#8222;Gef\u00e4hrderansprachen&#8220; und intensiven Fahrzeug- und Personenkontrollen zu einer deutlichen Entspannung gef\u00fchrt. Bei allem Engagement in Heidelberg haben wir nat\u00fcrlich auch Mannheim oder den Rhein-Neckar-Kreis nicht aus dem Auge verloren. Im Gegenteil, gerade auch in Mannheim mit seinen Schwerpunkten waren und sind wir pr\u00e4sent. Die Entspannung der Lage hei\u00dft jetzt aber nicht, dass wir uns ausruhen d\u00fcrfen, sondern dass wir die Situation nun verstetigen m\u00fcssen. Die genauen Ma\u00dfnahmen in Heidelberg werden wir morgen mit der Spitze der Stadt Heidelberg besprechen&#8220;, so der aktuelle Leiter des Polizeipr\u00e4sidiums Mannheim, Polizeivizepr\u00e4sident Siegfried Kollmar. &#8222;Wir als Polizeipr\u00e4sidium Mannheim werden die Ma\u00dfnahmen f\u00fcr Heidelberg in ein Gesamtkonzept einbringen, das nat\u00fcrlich auch die Belange der Mannheimerinnen und Mannheimer sowie der Bewohner des Rhein-Neckar-Kreises ber\u00fccksichtigt&#8220;, so Kollmar weiter.<\/p>\n\n\n\n<h4 class=\"wp-block-heading\">Die Bilanz des Abends von Samstag auf Sonntag:<\/h4>\n\n\n\n<p><strong>Heidelberg<\/strong><\/p>\n\n\n\n<ul><li>Kontrollierte Fahrzeuge: 45<\/li><li>Kontrollierte Personen:  70<\/li><li>Ordnungswidrigkeiten: 1 (Erl\u00f6schen der Betriebserlaubnis) <\/li><\/ul>\n\n\n\n<p><strong>Mannheim<\/strong><\/p>\n\n\n\n<ul><li>Kontrollierte Fahrzeuge: 60, davon 26 &#8222;Poser&#8220;<\/li><li>Kontrollierte Personen: 90<\/li><li>Ordnungswidrigkeiten: 8 (6x Unn\u00f6tiger L\u00e4rm; 2x Erl\u00f6schen der Betriebserlaubnis; ein Fahrzeug wurde sichergestellt)<\/li><li>Platzverweise: 120<\/li><\/ul>\n\n\n\n<h2 class=\"wp-block-heading\">(Heidelberg-Altstadt) &#8211; Betrunkener E-Scooter Fahrer kontrolliert<\/h2>\n\n\n\n<p>Am fr\u00fchen Sonntagmorgen, gegen 01.40 Uhr, kontrollierten Beamte des Polizeirevier Heidelberg &#8211; Mitte den 38-j\u00e4hrigen Fahrer eines E-Scooter. Im Verlauf der Kontrolle stellten die Beamten bei Ihm einen deutlichen Alkoholgeruch fest. Ein durchgef\u00fchrter Alkoholtest ergab einen Wert von etwa 1,2 Promille. Dem 38-j\u00e4hrigen wurde eine Blutprobe entnommen und sein F\u00fchrerschein wurde einbehalten. Ihn erwartet nun eine Anzeige wegen Trunkenheit im Verkehr.<\/p>\n\n\n\n<h2 class=\"wp-block-heading\">(Heidelberg-S\u00fcdstadt) &#8211; Randalierer besch\u00e4digen mehrere Kleing\u00e4rten<\/h2>\n\n\n\n<p>In der Nacht von Freitag auf Samstag besch\u00e4digten unbekannte T\u00e4ter mehrere Gartentore im Kleingartenverein am Schrebergartenweg. Nach bisherigem Kenntnisstand wurde nichts entwendet. Zeugen die sachdienliche Hinweise zu den Verursachern geben k\u00f6nnen werden gebeten dies dem Polizeirevier Heidelberg-S\u00fcd unter der Telefonnummer 06221-34180 zu melden.<\/p>\n\n\n\n<h2 class=\"wp-block-heading\">(Heidelberg-Handschusheim) &#8211; Stra\u00dfenbahn beim Abbiegen \u00fcbersehen \/ Unfallverursacherin leicht verletzt<\/h2>\n\n\n\n<p>Am Samstagvormittag, gegen 10.20 Uhr, \u00fcbersah die 25-j\u00e4hrige Fahrzeugf\u00fchrerin eines Ford Fiesta beim Abbiegen, von der Berliner Stra\u00dfe in die Zeppelinstra\u00dfe, eine in gleicher Richtung fahrende Stra\u00dfenbahn und kollidierte mit dieser im Gleisbereich. Die Unfallverursacherin wurde hierbei leicht verletzt, konnte die Unfallstelle aber selbstst\u00e4ndig verlassen. An dem Pkw und der Stra\u00dfenbahn entstand jeweils ein Sachschaden von ca. 400 Euro.<\/p>\n\n\n\n<h2 class=\"wp-block-heading\">(Heidelberg-Eppelheim) &#8211; Fu\u00dfg\u00e4nger von Stra\u00dfenbahn erfasst<\/h2>\n\n\n\n<h3 class=\"has-text-align-center wp-block-heading\">Pressemeldung Nr.1<\/h3>\n\n\n\n<p>Gegen 14:08 Uhr kam es am Sonntag Mittag zu einem Zusammensto\u00df zwischen einem Fu\u00dfg\u00e4nger und einer Stra\u00dfenbahn. Die Hintergr\u00fcnde des Unfallhergangs werden momentan noch gekl\u00e4rt. \u00dcber die schwere der Verletzungen des Fu\u00dfg\u00e4ngers kann noch keine Auskunft gegeben werden. Die Polizei und der Rettungsdienst sind vor Ort.<\/p>\n\n\n\n<h2 class=\"wp-block-heading\">(Heidelberg-Eppelheim) &#8211; Fu\u00dfg\u00e4nger von Stra\u00dfenbahn erfasst, leicht verletzt<\/h2>\n\n\n\n<h3 class=\"has-text-align-center wp-block-heading\">Pressemeldung Nr. 2<\/h3>\n\n\n\n<p>Aus bisher unbekannter Ursache kam es zwischen einem 13-j\u00e4hrigen jungen Mann und einer Stra\u00dfenbahn in der Eppelheimer Hauptstra\u00dfe zu einem Zusammensto\u00df. Gl\u00fccklicherweise wurde der Junge nicht schwerer verletzt. Dennoch wurde er vom Rettungsdienst in ein nahegelegenes Krankenhaus gebracht um komplett untersucht zu werden. Durch die Unfallaufnahme war die Hauptstra\u00dfe in Eppelheim kurzfristig gesperrt. Zu einer gr\u00f6\u00dferen Verkehrsbehinderung kam es nich<\/p>\n","protected":false},"excerpt":{"rendered":"<div class=\"mh-excerpt\"><p>Polizeimeldungen vom Sonntag (06.06.2021) (Speyer) &#8211; Unter Alkoholeinfluss einen PKW gef\u00fchrt Am 06.06.2021 um kurz nach Mitternacht wurde die Polizei dar\u00fcber informiert, dass ein offensichtlich alkoholisierter PKW-Fahrer seinen PKW auf einem Parkplatz in der Wormser <a class=\"mh-excerpt-more\" href=\"https:\/\/speyer24news.com\/?p=37599\" title=\"Polizei\">[&#8230;]<\/a><\/p>\n<\/div>","protected":false},"author":3,"featured_media":26162,"comment_status":"open","ping_status":"open","sticky":false,"template":"","format":"standard","meta":{"_monsterinsights_skip_tracking":false,"_monsterinsights_sitenote_active":false,"_monsterinsights_sitenote_note":"","_monsterinsights_sitenote_category":0,"footnotes":""},"categories":[12],"tags":[3614,702,61,2555,6955,6986,6263,63,105,11150,6987,53,4854,4683,1548,102,213,55,5261,103,106,2803,2423,427,2625,380,62,104,979,1565],"aioseo_notices":[],"amp_enabled":true,"_links":{"self":[{"href":"https:\/\/speyer24news.com\/index.php?rest_route=\/wp\/v2\/posts\/37599"}],"collection":[{"href":"https:\/\/speyer24news.com\/index.php?rest_route=\/wp\/v2\/posts"}],"about":[{"href":"https:\/\/speyer24news.com\/index.php?rest_route=\/wp\/v2\/types\/post"}],"author":[{"embeddable":true,"href":"https:\/\/speyer24news.com\/index.php?rest_route=\/wp\/v2\/users\/3"}],"replies":[{"embeddable":true,"href":"https:\/\/speyer24news.com\/index.php?rest_route=%2Fwp%2Fv2%2Fcomments&post=37599"}],"version-history":[{"count":1,"href":"https:\/\/speyer24news.com\/index.php?rest_route=\/wp\/v2\/posts\/37599\/revisions"}],"predecessor-version":[{"id":37602,"href":"https:\/\/speyer24news.com\/index.php?rest_route=\/wp\/v2\/posts\/37599\/revisions\/37602"}],"wp:featuredmedia":[{"embeddable":true,"href":"https:\/\/speyer24news.com\/index.php?rest_route=\/wp\/v2\/media\/26162"}],"wp:attachment":[{"href":"https:\/\/speyer24news.com\/index.php?rest_route=%2Fwp%2Fv2%2Fmedia&parent=37599"}],"wp:term":[{"taxonomy":"category","embeddable":true,"href":"https:\/\/speyer24news.com\/index.php?rest_route=%2Fwp%2Fv2%2Fcategories&post=37599"},{"taxonomy":"post_tag","embeddable":true,"href":"https:\/\/speyer24news.com\/index.php?rest_route=%2Fwp%2Fv2%2Ftags&post=37599"}],"curies":[{"name":"wp","href":"https:\/\/api.w.org\/{rel}","templated":true}]}}