{"id":37789,"date":"2021-06-12T17:56:48","date_gmt":"2021-06-12T16:56:48","guid":{"rendered":"https:\/\/speyer24news.com\/?p=37789"},"modified":"2021-06-12T17:56:50","modified_gmt":"2021-06-12T16:56:50","slug":"germersheim-und-landkreis-germersheim-ger-8","status":"publish","type":"post","link":"https:\/\/speyer24news.com\/?p=37789","title":{"rendered":"Germersheim und Landkreis Germersheim (GER)"},"content":{"rendered":"<style type=\"text\/css\">\r\n\t.ads_top_disp{}\r\n\t.ads_top_corner_disp{ float:left; margin:0px 10px 10px 0px; }\r\n\t.ads_first_p_disp{}\r\n\t.ads_bottom_disp{}\r\n\t<\/style>\n<h2 class=\"wp-block-heading\"><strong>Kindertagespflegepersonen gesucht<\/strong> \/ <strong>N\u00e4chster Qualifizierungskurs im September<\/strong><\/h2>\n\n\n\n<p>Kinder zu betreuen, sie in ihrer Entwicklung zu begleiten und zu unterst\u00fctzen, kann eine sehr sch\u00f6ne und erf\u00fcllende Aufgabe sein. Da die Nachfrage nach einem passenden Betreuungsplatz f\u00fcr Kinder unter zwei Jahren sowie f\u00fcr eine Betreuung in Randzeiten f\u00fcr Kinder von null bis maximal 14 Jahren immer gr\u00f6\u00dfer wird, sucht das Kreisjugendamt Germersheim nach geeigneten Kindertagespflegepersonen. Wer Freude an der Arbeit mit Kindern hat, gerne eigenverantwortlich und von zuhause aus arbeitet, eine vertrauensvolle Zusammenarbeit mit Eltern und Fachberatungen w\u00fcnscht und ausreichend Zeit und Platz sowie Organisationstalent mitbringt, f\u00fcr den k\u00f6nnte dies genau das Richtige sein. Die Arbeit als Kindertagespflegeperson macht auch die Vereinbarkeit von Familie und Beruf problemlos m\u00f6glich.<\/p>\n\n\n\n<p>Das Jugendamt Germersheim bietet in Kooperation mit dem Haus der Familie (Evangelische Familienbildungsst\u00e4tte in Landau) eine Qualifizierung zur Kindertagespflegeperson an. Der n\u00e4chste Kurs startet im September 2021. \u201eWir freuen uns, Sie als Kindertagespflegeperson zu gewinnen und dadurch das Betreuungsangebot in unserem Landkreis zu bereichern\u201c, rufen die Mitarbeiterinnen der Fachberatung Kindertagespflege auf.<\/p>\n\n\n\n<p>F\u00fcr eine unverbindliche Beratung und Information wenden sich Interessierte an die Fachberatungen Kindertagespflege des Kreisjugendamts Germersheim, Katja von der Au, E-Mail <a href=\"mailto:k.vonderau@kreis-germersheim.de\">k.vonderau@kreis-germersheim.de<\/a> und Annett Nunenmann, <a href=\"mailto:a.nunenmann@kreis-germersheim.de\">a.nunenmann@kreis-germersheim.de<\/a>, Tel. 07274\/53-491.<\/p>\n\n\n\n<p><em>Kreisverwaltung Germersheim<br>12.06.2021<\/em><\/p>\n\n\n\n<h2 class=\"wp-block-heading\"><strong>Zwei besondere Naturpfade im und am Bienwald<\/strong><\/h2>\n\n\n\n<div class=\"wp-block-image\"><figure class=\"aligncenter size-large\"><img decoding=\"async\" loading=\"lazy\" width=\"800\" height=\"533\" src=\"https:\/\/speyer24news.com\/wp-content\/uploads\/2021\/06\/Bienwald-Logo.jpg\" alt=\"\" class=\"wp-image-37791\" srcset=\"https:\/\/speyer24news.com\/wp-content\/uploads\/2021\/06\/Bienwald-Logo.jpg 800w, https:\/\/speyer24news.com\/wp-content\/uploads\/2021\/06\/Bienwald-Logo-300x200.jpg 300w, https:\/\/speyer24news.com\/wp-content\/uploads\/2021\/06\/Bienwald-Logo-768x512.jpg 768w\" sizes=\"(max-width: 800px) 100vw, 800px\" \/><\/figure><\/div>\n\n\n\n<p>Die Besonderheiten des Bienwaldes, seine Sch\u00f6nheit, seine Urspr\u00fcnglichkeit, sein Entwicklungspotenzial und seine Einzigartigkeit k\u00f6nnen Besucher k\u00fcnftig auf zwei besonderen Pfaden erlaufen und erleben. Im \u00f6stlichen Bienwald entsteht derzeit im Rahmen des Naturschutzgro\u00dfprojektes der \u201eNaturwaldpfad Bienwald\u201c, im westlichen Bereich der \u201eViehstrich-Lehrpfad\u201c. Beide Pfade werden im Laufe des Jahres fertiggestellt und bieten mit unterschiedlicher Ausrichtung vielf\u00e4ltige M\u00f6glichkeiten, das Projektgebiet und die Ma\u00dfnahmen \u00fcber Informationstafeln und sinnliche Erfahrungen kennenzulernen.<\/p>\n\n\n\n<h3 class=\"wp-block-heading\"><strong>Der Naturwaldpfad Bienwald<\/strong><\/h3>\n\n\n\n<div class=\"wp-block-image\"><figure class=\"aligncenter size-large\"><img decoding=\"async\" loading=\"lazy\" width=\"800\" height=\"600\" src=\"https:\/\/speyer24news.com\/wp-content\/uploads\/2021\/06\/Schildtraeger_weisses_Kreuz_von-Daniel-Becker_NGP.jpeg\" alt=\"\" class=\"wp-image-37792\" srcset=\"https:\/\/speyer24news.com\/wp-content\/uploads\/2021\/06\/Schildtraeger_weisses_Kreuz_von-Daniel-Becker_NGP.jpeg 800w, https:\/\/speyer24news.com\/wp-content\/uploads\/2021\/06\/Schildtraeger_weisses_Kreuz_von-Daniel-Becker_NGP-300x225.jpeg 300w, https:\/\/speyer24news.com\/wp-content\/uploads\/2021\/06\/Schildtraeger_weisses_Kreuz_von-Daniel-Becker_NGP-768x576.jpeg 768w, https:\/\/speyer24news.com\/wp-content\/uploads\/2021\/06\/Schildtraeger_weisses_Kreuz_von-Daniel-Becker_NGP-678x509.jpeg 678w, https:\/\/speyer24news.com\/wp-content\/uploads\/2021\/06\/Schildtraeger_weisses_Kreuz_von-Daniel-Becker_NGP-326x245.jpeg 326w, https:\/\/speyer24news.com\/wp-content\/uploads\/2021\/06\/Schildtraeger_weisses_Kreuz_von-Daniel-Becker_NGP-80x60.jpeg 80w\" sizes=\"(max-width: 800px) 100vw, 800px\" \/><\/figure><\/div>\n\n\n\n<p>Auf dem Naturwaldpfad erhalten Besucher einen Eindruck der 1860 Hektar gro\u00dfen Naturwaldfl\u00e4che und interessante Informationen \u00fcber ihre artenreiche Tier- und Pflanzenwelt. Die Fl\u00e4che wurde aus der forstlichen Nutzung herausgenommen, damit sie sich langfristig zur Wildnis von morgen entwickelt. In diesem Bereich des Bienwalds laufen nun die nat\u00fcrlichen Kreisl\u00e4ufe vom Entstehen bis zum Vergehen ohne menschliches Eingreifen ab.<\/p>\n\n\n\n<p>\u201eDer Fu\u00dfweg zwischen Wei\u00dfem Kreuz und B\u00fcchelberg wird mit seinen 14 Stationen ein Erlebnis- und Naturlehrpfad, der uns auf unterschiedlichen Ebenen ansprechen wird\u201c, berichtet Landrat Dr. Fritz Brechtel (GER). Dazu geh\u00f6ren sinnliche Naturerlebnisse, \u00dcbungen zum Waldbaden oder das Bestaunen von Baumwuchsformen und die Assoziation mit bekannten Kunstwerken in der Akademie des Waldes. Da erinnert ein Baum an die Skulptur \u201eDer Kuss\u201c von Constantin Brancusi, an anderer Stelle hat die Natur ein k\u00fcnstlerisches Pendant zu Piet Mondrians \u201eGrauer Baum\u201c entstehen lassen.<\/p>\n\n\n\n<p>Neben vielf\u00e4ltigen Informationen \u00fcber diesen besonderen Waldlebensraum werden neue M\u00f6glichkeiten angeboten, sich dem Wald und der Natur einmal anders zu n\u00e4hern. Grundlage f\u00fcr dieses besondere Konzept ist eine abwechslungsreiche Mischung aus einem Informations-, Wahrnehmungs- und Erlebnisangebot. An der Station Habitateiche d\u00fcrfen es sich Wanderer auf dem Waldsofa bequem machen und die imposante Krone einer starken Eiche beobachten im Moos-Reich leuchten verschiedene filigrane Moose im zahlreichen Gr\u00fcnt\u00f6nen, Tiersilhouetten verstecken sich entlang des Weges zwischen St\u00e4mmen und \u00c4sten. \u201eDas Konzept, das wir im Rahmen des Naturschutzgro\u00dfprojektes entwickelt haben, sieht vielf\u00e4ltige Erfahrungsstationen vor, die die Menschen umfassend ansprechen und inspirieren sollen, die die \u00c4sthetik des Waldes betonen und gleichzeitig Wissen vermitteln\u201c, beschreibt Projektleiter Uwe Mei\u00dfner die Ausgestaltung des Pfades.<\/p>\n\n\n\n<p>Der Naturwaldpfad Bienwald hat eine L\u00e4nge von 5,1 km, den Einstieg erreichen Besucher von B\u00fcchelberg aus nach ca. 1,6 km Fu\u00dfweg oder vom Startpunkt am Wei\u00dfen Kreuz.<\/p>\n\n\n\n<h3 class=\"wp-block-heading\"><strong>Viehstrich-Lehrpfad<\/strong><\/h3>\n\n\n\n<div class=\"wp-block-image\"><figure class=\"aligncenter size-large\"><img decoding=\"async\" loading=\"lazy\" width=\"800\" height=\"379\" src=\"https:\/\/speyer24news.com\/wp-content\/uploads\/2021\/06\/20210204_131334_Uwe-Hallmann-2.jpg\" alt=\"\" class=\"wp-image-37794\" srcset=\"https:\/\/speyer24news.com\/wp-content\/uploads\/2021\/06\/20210204_131334_Uwe-Hallmann-2.jpg 800w, https:\/\/speyer24news.com\/wp-content\/uploads\/2021\/06\/20210204_131334_Uwe-Hallmann-2-300x142.jpg 300w, https:\/\/speyer24news.com\/wp-content\/uploads\/2021\/06\/20210204_131334_Uwe-Hallmann-2-768x364.jpg 768w\" sizes=\"(max-width: 800px) 100vw, 800px\" \/><\/figure><\/div>\n\n\n\n<p>Der Pfad im westlichen Bienwald, der Viehstrich-Lehrpfad, informiert die Besucher vor allem \u00fcber wald- und offenland\u00f6kologische Themen. Insbesondere die Darstellung, der Ma\u00dfnahmen des Naturschutzgro\u00dfprojektes und deren \u00f6kologische und naturschutzfachliche Einordnung stehen hier im Fokus. \u201eEs ist wichtig, dass wir den Menschen der Region und den Besuchern des Bienwaldes verst\u00e4ndlich machen, was das Naturschutzgro\u00dfprojekt f\u00fcr den Wald erreicht hat und was durch die Ma\u00dfnahmen vielleicht auch erst in der Zukunft an Bedeutung gewinnt. Der Viehstrich-Lehrpfad tr\u00e4gt dazu entscheidend bei und bietet zudem ein besonderes Walderlebnis an Orten, die wir \u2013 auch in ihrer Bedeutung \u2013 ansonsten vielleicht gar nicht wahrnehmen w\u00fcrden\u201c, sagt Landrat Dietmar Seefeldt (S\u00dcW).<\/p>\n\n\n\n<p>Die geplante Route verl\u00e4uft in den Gemarkungen Schweighofen und Kapsweyer auf einer L\u00e4nge von ca. 8,2 km, die sich auf zwei \u201eSchleifen\u201c aufteilt. Die s\u00fcdlich gelegene Schleife ist die \u201eWaldschleife\u201c, die n\u00f6rdliche, kleinere, die \u201eOffenlandschleife\u201c. Die Route f\u00fchrt interessierte Besucher durch verschiedene Waldbilder vorbei an lichten Trockenwaldstrukturen und Naturwaldfl\u00e4chen und entlang des vielf\u00e4ltigen \u00dcbergangsbereiches zwischen Waldrand und Offenland.<\/p>\n\n\n\n<p>\u201eDer \u00dcbergang von Wald zu Offenland mit den stand\u00f6rtlichen Besonderheiten dieser Lebensr\u00e4ume im Bienwald sind das zentrale Thema des Lehrpfades\u201c, erl\u00e4utert Uwe Mei\u00dfner, \u201eZw\u00f6lf Informationstafeln entlang der Route informieren allgemein verst\u00e4ndlich, schaffen einen regionalen Bezug und verweisen auch auf kulturhistorische Nutzungsweisen. Die Ma\u00dfnahmen und deren Bedeutung des Naturschutzgro\u00dfprojektes sind zudem ein Schwerpunkt auf diesem Pfad.\u201c<\/p>\n\n\n\n<div class=\"wp-block-image\"><figure class=\"aligncenter size-large\"><img decoding=\"async\" loading=\"lazy\" width=\"800\" height=\"379\" src=\"https:\/\/speyer24news.com\/wp-content\/uploads\/2021\/06\/210602_Naturpfad-Bienwald_Foto_Uwe-Hallmann-003.jpg\" alt=\"\" class=\"wp-image-37793\" srcset=\"https:\/\/speyer24news.com\/wp-content\/uploads\/2021\/06\/210602_Naturpfad-Bienwald_Foto_Uwe-Hallmann-003.jpg 800w, https:\/\/speyer24news.com\/wp-content\/uploads\/2021\/06\/210602_Naturpfad-Bienwald_Foto_Uwe-Hallmann-003-300x142.jpg 300w, https:\/\/speyer24news.com\/wp-content\/uploads\/2021\/06\/210602_Naturpfad-Bienwald_Foto_Uwe-Hallmann-003-768x364.jpg 768w\" sizes=\"(max-width: 800px) 100vw, 800px\" \/><\/figure><\/div>\n\n\n\n<p>Am Startpunkt geht es um die Einordnung des Waldes als \u00d6kosystem und der Waldentstehung in Europa. In der Waldschleife werden die Themen Totholz und Biotopb\u00e4ume, Beweidung im Wald, Binnend\u00fcne, und der&nbsp; \u00dcbergang zwischen Wald und Offenland sowie&nbsp; die halbwilde Weidehaltung behandelt. Entscheidet man sich f\u00fcr die Offenlandschleife, erfahren Interessierte viel Wissenswertes zu den Themen Flurbereinigung, \u00fcber Hecken und Feldgeh\u00f6lze und \u00fcber Besonderheiten zu Magerwiesen und \u00fcber das Schilfr\u00f6hricht.<\/p>\n\n\n\n<p>\u201eBei der Ausgestaltung und Realisierung der beiden Pfade haben wir ein besonderes Augenmerk darauf, dass alles im Einklang mit der Natur und mit den jeweiligen Standorten geschieht und die Vielfalt dieser Landschaft abwechslungsreich vermittelt wird. Konzipiert sind sie f\u00fcr junge und auch schon naturerfahrenere Besucher. Wir hoffen, dass die Besucher den Bienwald an vielen Stationen neu entdecken und vielleicht auch unter ganz neuen Gesichtspunkten betrachten\u201c, so die Landr\u00e4te Dr. Fritz Brechtel und Dietmar Seefeldt. Die Einweihung der Pfade wird voraussichtlich im Sp\u00e4tsommer stattfinden.<\/p>\n\n\n\n<p><em>Naturschutzgro\u00dfprojekt Bienwald<br>12.06.2021<\/em><\/p>\n\n\n\n<h2 class=\"wp-block-heading\">Verbraucherzentrale St\u00fctzpunkt Germersheim \u00f6ffnet wieder f\u00fcr Ratsuchende<\/h2>\n\n\n\n<h3 class=\"wp-block-heading\"><strong>Pers\u00f6nliche Beratung ist nach Terminvereinbarung m\u00f6glich<\/strong><\/h3>\n\n\n\n<ul><li><strong>Am 17. Juni \u00f6ffnet die Verbraucherzentrale Germersheim wieder f\u00fcr pers\u00f6nliche Beratungsgespr\u00e4che<\/strong><\/li><li><strong>Terminvereinbarung ist telefonisch oder online m\u00f6glich.<\/strong><\/li><li><strong>Beratung erfolgt zu Reisevertr\u00e4gen, Inkassoschreiben, Abzockmaschen, Geb\u00fchren von Kreditinstituten und vielen weiteren Verbraucherthemen.<\/strong><\/li><\/ul>\n\n\n\n<p>(09.06.2021) Bei komplexen Fragestellungen zu Vertr\u00e4gen, Inkassoschreiben, Telefon- und Internetvertr\u00e4gen oder untergeschobenen Vertr\u00e4gen ist eine pers\u00f6nliche Beratung oft schwer zu ersetzen. Deshalb bietet die Verbraucherzentrale Germersheim ab 17. Juni nach Terminvereinbarung wieder pers\u00f6nliche Beratungen an. Termine k\u00f6nnen telefonisch unter&nbsp;<a href=\"https:\/\/deref-web.de\/mail\/client\/EErQEkyBme4\/dereferrer\/?redirectUrl=http%3A%2F%2F07274%2F%252053172\" target=\"_blank\" rel=\"noreferrer noopener\">07274\/ 53172<\/a>&nbsp;oder online unter&nbsp;<a href=\"https:\/\/deref-web.de\/mail\/client\/WWiSDNP7Quw\/dereferrer\/?redirectUrl=http%3A%2F%2Fwww.verbraucherzentrale-rlp.de%2Fonlinetermine-rlp\" target=\"_blank\" rel=\"noreferrer noopener\">www.verbraucherzentrale-rlp.de\/onlinetermine-rlp<\/a>&nbsp;vereinbart werden.<\/p>\n\n\n\n<p>\u201eWir freuen uns, dass wir nach Monaten der ausschlie\u00dflichen Telefon- und Video-Beratung Ratsuchende wieder pers\u00f6nlich unterst\u00fctzen k\u00f6nnen\u201c, so Nicole Schrank, Beraterin im St\u00fctzpunkt Germersheim. \u201eDank der gesunkenen Inzidenzzahlen k\u00f6nnen wir jetzt wieder mit der pers\u00f6nlichen Beratung durchstarten.\u201c Vor allem Fragen rund um Reisebuchung und -stornierung, Preiserh\u00f6hung von Banken oder Sparkassen und damit verbundene neue Rechte sowie Abzockmaschen und unseri\u00f6se Online-Anbieter, die sich die Corona-Krise zu Nutze machen wollen, sind derzeit sehr gefragt.<\/p>\n\n\n\n<p>\u201eWir haben die Inzidenzzahlen sorgsam im Blick. Sollte der Wert wieder nach oben schnellen, werden wir schnell handeln, um die Ratsuchenden und unsere Mitarbeitenden zu sch\u00fctzen\u201c, erkl\u00e4rt Ulrike von der L\u00fche, Vorstand der Verbraucherzentrale. \u201eNeben der pers\u00f6nlichen Beratung bieten wir auch weiterhin Beratungsalternativen auf digitalem oder telefonischem Weg. Diese haben sich in Zeiten des Lockdowns bew\u00e4hrt und sind mittlerweile fest in unserem Beratungsangebot etabliert.\u201c<\/p>\n\n\n\n<p>Die letzten Monate haben belegt, dass die digitale und telefonische Beratung funktioniert. Diese Zugangswege zahlen sich insbesondere f\u00fcr dringende und weniger komplexe Verbraucheranliegen aus, da den Ratsuchenden schneller geholfen werden kann. Auch f\u00fcr Menschen, die einen weiten Weg zur n\u00e4chsten Beratungsstelle haben, k\u00f6nnen diese Angebote eine Hilfestellung sein. \u201eFestzustellen ist aber auch, dass Menschen mit vielschichtigen Themen und kniffligen F\u00e4llen, aber auch bestimmte Zielgruppen auf eine pers\u00f6nliche Beratung dringend warten. Manche Probleme sind in der Lockdown-Phase liegen geblieben und m\u00fcssen jetzt dringend in Angriff genommen werden\u201c, so von der L\u00fche.&nbsp;<\/p>\n\n\n\n<p>Um die schrittweise \u00d6ffnung erneut sicher zu gestalten, findet die pers\u00f6nliche Beratung weiterhin zeitlich entzerrt und mit vorheriger Terminvereinbarung statt. So sollen volle Wartebereiche vermieden werden. Ein umfangreiches Schutz-, Hygiene- und Dokumentationskonzept gew\u00e4hrleistet den Schutz aller sowie die M\u00f6glichkeit der Nachverfolgung von Infektionsketten. Es gelten die allgemeinen Kontakt- und Sicherheitsstandards, die von Beh\u00f6rden erlassen wurden.<\/p>\n\n\n\n<p><em>Verbraucherzentrale Rheinland-Pfalz, Germersheim<br>12.06.2021<\/em><\/p>\n\n\n\n<h2 class=\"wp-block-heading\"><strong>Kreisausschuss spricht sich f\u00fcr Kauf von B\u00fcrocontainer aus<\/strong><\/h2>\n\n\n\n<p>\u201eDer Wirtschaftlichkeitsvergleich hat ergeben, dass weder eine Anmietung von B\u00fcror\u00e4umen noch die Anmietung von B\u00fcrocontainern f\u00fcr den Fachbereich Soziale Hilfen g\u00fcnstiger ist als der Ankauf von geeigneten B\u00fcrocontainern\u201c, berichtete der Vorsitzende des Kreisausschusses, Landrat Dr. Fritz Brechtel, in der Sitzung am 7.&nbsp;Juni.<\/p>\n\n\n\n<p>Auch eine alternative Realisierung der Containeranlage in Holzbauweise ist aufgrund der aktuell hohen Marktpreissituation ebenfalls nicht wirtschaftlich. \u201eDie Holzpreise sind in den letzten Monaten enorm gestiegen. Bei der letzten Kostenanfrage lagen die Kosten f\u00fcr die Holzmodulbauweise bereits bei ca. 200 % im Vergleich zu den Stahlcontainern\u201c, f\u00fchrt Baudezernent Michael Gauly weiter aus.<\/p>\n\n\n\n<p>Der Kreisausschuss empfiehlt daher dem Kreistag, den B\u00fcrobedarf des Fachbereichs durch den Ankauf von 16 Containern zu decken. Aufgestellt sollen sie am Standort des Fachbereichs, in der Waldstra\u00dfe in Germersheim, werden, da rund 30 Personen, die f\u00fcr Container vorgesehen sind, inhaltlich eng mit dem Kollegium zusammenarbeiten, das bereits in der Waldstra\u00dfe sitzt.<\/p>\n\n\n\n<p>Durch Optimierungs- und Umplanungsma\u00dfnahmen konnten die Kosten f\u00fcr die Containeranlage im Vergleich zu den ersten \u00dcberlegungen nahezu halbiert werden. Sie belaufen sich insgesamt auf ca. 400.000 Euro (357.000 Euro f\u00fcr die Container, ca. 40.000 Euro, vorbereitende Erdarbeiten). Eine Anmietung der B\u00fcrocontainer f\u00fcr 60 Monate schl\u00fcge mit rund 443.000 Euro zu Buche.<\/p>\n\n\n\n<p>\u201eAuf den Fachbereich `Soziale Hilfen\u00b4 kommen weitere Aufgaben zu. Das bedeutet, wir brauchen mehr Personal. Schon jetzt sitzen die Mitarbeiterinnen teilweise sehr beengt auch in in die Jahre gekommenen Containern, verteilt auf mehrere Standorte. Zudem arbeiten wir hier mit besonders sensiblen Daten. Es ist gut, dass der Kreisausschuss dem Kreistag den Kauf von neuen B\u00fcrocontainern empfiehlt\u201c, sagt der f\u00fcr Soziales zust\u00e4ndige Erste Kreisbeigeordnete, Christoph Buttweiler.<\/p>\n\n\n\n<p><em>Kreisverwaltung Germersheim<br>12.06.2021<\/em><\/p>\n\n\n\n<h2 class=\"wp-block-heading\">Geld f\u00fcr Integrationsarbeit<\/h2>\n\n\n\n<h3 class=\"wp-block-heading\">Kreisausschuss stimmt Budget-Richtlinien zu<\/h3>\n\n\n\n<p>Der Beirat f\u00fcr Migration und Integration soll r\u00fcckwirkend zum 1. Januar 2021 ein j\u00e4hrliches Budget von 2.500 Euro f\u00fcr die Integrationsarbeit im Landkreis Germersheim erhalten. Diese Beschlussempfehlung an den Kreistag hat der Kreisausschuss in seiner Sitzung am 7. Juni 2021 gefasst. Den Beitrag in H\u00f6he von 2.500 Euro hatte der Beirat beim Kreis beantragt. \u201eDie Mitglieder des Beirats f\u00fcr Migration und Integration leisten im Landkreis Germersheim eine wichtige Arbeit. Er steht f\u00fcr ein kulturelles und demokratisches Miteinander ein, was der Kreis mit einem Budget unterst\u00fctzen wird, sobald der entsprechenden Kreistagsbeschluss vorliegt\u201c, so der f\u00fcr Jugend, Soziales und Schulen zust\u00e4ndige Erste Kreisbeigeordnete, Christoph Buttweiler. Das Budget soll dem Beirat zur Finanzierung von notwendigem s\u00e4chlichen und personellen Aufwand zur Verf\u00fcgung stehen. Dazu geh\u00f6ren beispielsweise die Verg\u00fctungen f\u00fcr Referenten, B\u00fcrobedarf, Telefon- und Internetkosten, Fortbildungen der Mitglieder und auch Aufwandsentsch\u00e4digungen, insbesondere Reisekosten.<\/p>\n\n\n\n<p><em>Kreisverwaltung Germersheim<br>12.06.2021<\/em><\/p>\n\n\n\n<h2 class=\"wp-block-heading\"><strong>Kita\/Hort\/Kindertagespflege<\/strong>: <strong>Auch f\u00fcr die Monate April und Mai werden Elternbeitr\u00e4ge teilweise erlassen<\/strong><\/h2>\n\n\n\n<div class=\"wp-block-image\"><figure class=\"aligncenter size-large\"><img decoding=\"async\" loading=\"lazy\" width=\"768\" height=\"551\" src=\"https:\/\/speyer24news.com\/wp-content\/uploads\/2021\/01\/Geld.jpg\" alt=\"\" class=\"wp-image-31982\" srcset=\"https:\/\/speyer24news.com\/wp-content\/uploads\/2021\/01\/Geld.jpg 768w, https:\/\/speyer24news.com\/wp-content\/uploads\/2021\/01\/Geld-300x215.jpg 300w\" sizes=\"(max-width: 768px) 100vw, 768px\" \/><\/figure><\/div>\n\n\n\n<p>Eltern m\u00fcssen f\u00fcr die Betreuung ihrer Kinder in Kindertagesst\u00e4tten oder in der Kindertagespflege auch in den Monaten April und Mai nur bezahlen, wenn sie ihre Kinder mindestens einmal im Monat in diese gebracht haben. Eltern, deren Kinder komplett zuhause bleiben konnten, m\u00fcssen die Elternbeitr\u00e4ge wie bereits f\u00fcr die Monate Januar bis M\u00e4rz nicht bezahlen. Der Kreisausschuss unter dem Vorsitz von Landrat Dr. Fritz Brechtel hat diesem Vorschlag der Verwaltung zugestimmt.<\/p>\n\n\n\n<p>Im Fr\u00fchjahrs-Lockdown 2020 wurden f\u00fcr die Zeit der Schlie\u00dfung die Geb\u00fchren noch vollst\u00e4ndig erlassen. \u201eAllerdings war Anfang des Jahres und auch diesmal die Entscheidungsgrundlage eine andere: In diesem Lockdown hat das Land vorgegeben \u2013 anders als beim Lockdown in 2020 \u2013 dass die `Fortsetzung des Regelbetriebs unter Pandemiebedingungen\u00b4 in den Kitas angeboten werden musste\u201c, erkl\u00e4rte der f\u00fcr Kitas zust\u00e4ndige Erste Kreisbeigeordnete Christoph Buttweiler. Ab Juni werden die Elternbeitr\u00e4ge wieder regul\u00e4r von allen erhoben.<\/p>\n\n\n\n<p><em>Kreisverwaltung Germersheim<br>12.06.2021<\/em><\/p>\n\n\n\n<h1 class=\"has-text-align-center wp-block-heading\">Corona-Virus<\/h1>\n\n\n\n<div class=\"wp-block-image\"><figure class=\"aligncenter size-large\"><img decoding=\"async\" loading=\"lazy\" width=\"800\" height=\"346\" src=\"https:\/\/speyer24news.com\/wp-content\/uploads\/2020\/02\/coronavirus-4817450_1920.jpg\" alt=\"\" class=\"wp-image-25126\" srcset=\"https:\/\/speyer24news.com\/wp-content\/uploads\/2020\/02\/coronavirus-4817450_1920.jpg 800w, https:\/\/speyer24news.com\/wp-content\/uploads\/2020\/02\/coronavirus-4817450_1920-300x130.jpg 300w, https:\/\/speyer24news.com\/wp-content\/uploads\/2020\/02\/coronavirus-4817450_1920-768x332.jpg 768w\" sizes=\"(max-width: 800px) 100vw, 800px\" \/><\/figure><\/div>\n\n\n\n<h2 class=\"wp-block-heading\"><strong>S\u00fcdpf\u00e4lzer Verwaltungsspitzen unterst\u00fctzen Corona-Testpass f\u00fcr Sch\u00fclerinnen und Sch\u00fcler<\/strong><\/h2>\n\n\n\n<p>\u201eWir unterst\u00fctzen die Idee eines Corona-Testpasses f\u00fcr Sch\u00fclerinnen und Sch\u00fcler\u201c, so die Landr\u00e4te Dr. Fritz Brechtel (GER) und Dietmar Seefeldt (S\u00dcW) sowie Oberb\u00fcrgermeister Thoma Hirsch (LD). \u201eKinder und Jugendliche, die sich morgens sowieso schon in der Schule testen, m\u00fcssen sich, um einen offiziellen Nachweis zu haben, teilweise nachmittags nochmals an einer Teststation testen lassen. Das ist zeitlich und finanziell unsinnig und eine zus\u00e4tzliche Belastung f\u00fcr Kinder und deren Eltern.\u201c<\/p>\n\n\n\n<p>Zahlreiche Elternanfragen dazu haben inzwischen die Verwaltungen erreicht. Eine Schule aus dem Landkreis Germersheim machte dem f\u00fcr Schulen zust\u00e4ndigen Ersten Kreisbeigeordneten, Christoph Buttweiler, sogar gleich einen konkreten Vorschlag f\u00fcr einen Corona-Testpass, der von Schulen ausgestellt werden kann.<\/p>\n\n\n\n<p>Die Verwaltungsspitzen k\u00f6nnen sich die Einf\u00fchrung eines entsprechenden Testpasses mit Beginn der allgemeinen Pr\u00e4senz n\u00e4chste Woche vorstellen und haben in einem Schreiben an die rheinland-pf\u00e4lzische Bildungsministerin Dr. Stefanie Hubig und den Gesundheitsminister Clemens Hoch um Genehmigung und Kosten\u00fcbernahme gebeten.<\/p>\n\n\n\n<p>In \u00d6sterreich wurde diese pragmatische L\u00f6sung bereits umgesetzt, das Testergebnis hat dort eine G\u00fcltigkeit von 48 Stunden. \u201eAnerkannte Teststellen f\u00fchren derzeit ebenfalls keinen tiefen Nasenabstrich durch. Weshalb sollte der Test in der Schule dann nicht dieselbe Aussagekraft haben\u201c, so Buttweiler.<\/p>\n\n\n\n<p>In dem Schreiben ans Land wird um schnellstm\u00f6gliche Pr\u00fcfung gebeten. \u201eZumindest f\u00fcr die S\u00fcdpfalz m\u00f6chten wir gerne einen solchen Testnachweis f\u00fcr Sch\u00fclerinnen und Sch\u00fcler einf\u00fchren, am besten schon mit dem Start der Vollpr\u00e4senz ab 14. Juni\u201c, so die Landr\u00e4te Brechtel und Seefeldt sowie Oberb\u00fcrgermeister Thomas Hirsch.<\/p>\n\n\n\n<p><em>Gemeinsame Pressemitteilung der Landkreise Germersheim und S\u00fcdliche Weinstra\u00dfe sowie der Stadt Landau in der Pfalz<br>12.06.2021<\/em><\/p>\n\n\n\n<h1 class=\"has-text-align-center wp-block-heading\"><strong>Coronavirus &#8211; Fallzahlen im Landkreis Germersheim<\/strong><\/h1>\n\n\n\n<div class=\"wp-block-image\"><figure class=\"aligncenter size-large\"><img decoding=\"async\" loading=\"lazy\" width=\"800\" height=\"400\" src=\"https:\/\/speyer24news.com\/wp-content\/uploads\/2020\/05\/virus-1812092_1920.jpg\" alt=\"\" class=\"wp-image-26778\" srcset=\"https:\/\/speyer24news.com\/wp-content\/uploads\/2020\/05\/virus-1812092_1920.jpg 800w, https:\/\/speyer24news.com\/wp-content\/uploads\/2020\/05\/virus-1812092_1920-300x150.jpg 300w, https:\/\/speyer24news.com\/wp-content\/uploads\/2020\/05\/virus-1812092_1920-768x384.jpg 768w\" sizes=\"(max-width: 800px) 100vw, 800px\" \/><\/figure><\/div>\n\n\n\n<h2 class=\"wp-block-heading\">Stand 11. Juni 2021<\/h2>\n\n\n\n<p>Aktuell gibt es im Landkreis Germersheim 64 best\u00e4tigte positive F\u00e4lle, die Gesamtzahl bel\u00e4uft sich auf 5.530 Infizierte seit Beginn der Pandemie (+ 3 F\u00e4lle).<\/p>\n\n\n\n<p>In der <strong>Kita Lebensbaum in Lustadt <\/strong>gibt es einen neuen Fall. Die Kontaktpersonen sind in Quarant\u00e4ne. Die Einrichtung wurde vom Tr\u00e4ger vor\u00fcbergehend komplett geschlossen.<\/p>\n\n\n\n<figure class=\"wp-block-table\"><table><tbody><tr><td><strong><u>VG \/ Stadt<\/u><\/strong><\/td><td><strong><u>Ort<\/u><\/strong><\/td><td><strong><u>Infizierte seit Beginn der Pandemie<\/u><\/strong><\/td><td><strong><u>Aktuell infizierte Personen<\/u><\/strong><\/td><td><strong><u>Gesundete bzw. nicht mehr infizierte Personen<\/u><\/strong><\/td><td><strong><u>Leider an oder mit Covid-19 verstorbene Personen<\/u><\/strong><\/td><\/tr><tr><td><strong>&nbsp;<\/strong><\/td><td>&nbsp;<\/td><td>&nbsp;<\/td><td>&nbsp;<\/td><td>&nbsp;<\/td><td>&nbsp;<\/td><\/tr><tr><td>VG Hagenbach<\/td><td>Berg<\/td><td>50<\/td><td>0<\/td><td>50<\/td><td>0<\/td><\/tr><tr><td>&nbsp;<\/td><td>Hagenbach<\/td><td>200<\/td><td>1<\/td><td>183<\/td><td>16<\/td><\/tr><tr><td>&nbsp;<\/td><td>Neuburg<\/td><td>112<\/td><td>0<\/td><td>107<\/td><td>5<\/td><\/tr><tr><td>&nbsp;<\/td><td>Scheibenhardt<\/td><td>16<\/td><td>0<\/td><td>16<\/td><td>0<\/td><\/tr><tr><td><strong>&nbsp;<\/strong><\/td><td><strong>Summen<\/strong><strong><\/strong><\/td><td><strong>378<\/strong><strong><\/strong><\/td><td><strong>1<\/strong><strong><\/strong><\/td><td><strong>356<\/strong><strong><\/strong><\/td><td><strong>21<\/strong><strong><\/strong><\/td><\/tr><tr><td>W\u00f6rth<\/td><td>Maximiliansau<\/td><td>229<\/td><td>0<\/td><td>225<\/td><td>4<\/td><\/tr><tr><td>&nbsp;<\/td><td>Schaidt<\/td><td>60<\/td><td>0<\/td><td>60<\/td><td>0<\/td><\/tr><tr><td>&nbsp;<\/td><td>W\u00f6rth, Stadt<\/td><td>545<\/td><td>16<\/td><td>525<\/td><td>4<\/td><\/tr><tr><td>&nbsp;<\/td><td>B\u00fcchelberg<\/td><td>31<\/td><td>0<\/td><td>31<\/td><td>0<\/td><\/tr><tr><td><strong>&nbsp;<\/strong><\/td><td><strong>Summen<\/strong><strong><\/strong><\/td><td><strong>865<\/strong><strong><\/strong><\/td><td><strong>16<\/strong><strong><\/strong><\/td><td><strong>841<\/strong><strong><\/strong><\/td><td><strong>8<\/strong><strong><\/strong><\/td><\/tr><tr><td>VG Kandel<\/td><td>Erlenbach<\/td><td>15<\/td><td>4<\/td><td>11<\/td><td>0<\/td><\/tr><tr><td>&nbsp;<\/td><td>Freckenfeld<\/td><td>50<\/td><td>0<\/td><td>50<\/td><td>0<\/td><\/tr><tr><td>&nbsp;<\/td><td>Kandel<\/td><td>285<\/td><td>0<\/td><td>282<\/td><td>3<\/td><\/tr><tr><td>&nbsp;<\/td><td>Minfeld<\/td><td>42<\/td><td>0<\/td><td>42<\/td><td>0<\/td><\/tr><tr><td>&nbsp;<\/td><td>Steinweiler<\/td><td>80<\/td><td>1<\/td><td>78<\/td><td>1<\/td><\/tr><tr><td>&nbsp;<\/td><td>Vollmersweiler<\/td><td>1<\/td><td>0<\/td><td>1<\/td><td>0<\/td><\/tr><tr><td>&nbsp;<\/td><td>Winden<\/td><td>29<\/td><td>0<\/td><td>28<\/td><td>1<\/td><\/tr><tr><td>&nbsp;<\/td><td><strong>Summen<\/strong><strong><\/strong><\/td><td><strong>502<\/strong><strong><\/strong><\/td><td><strong>5<\/strong><strong><\/strong><\/td><td><strong>492<\/strong><strong><\/strong><\/td><td><strong>5<\/strong><strong><\/strong><\/td><\/tr><tr><td>VG Jockgrim<\/td><td>Hatzenb\u00fchl<\/td><td>135<\/td><td>5<\/td><td>127<\/td><td>3<\/td><\/tr><tr><td>&nbsp;<\/td><td>Jockgrim<\/td><td>240<\/td><td>3<\/td><td>232<\/td><td>5<\/td><\/tr><tr><td>&nbsp;<\/td><td>Neupotz<\/td><td>59<\/td><td>0<\/td><td>56<\/td><td>3<\/td><\/tr><tr><td>&nbsp;<\/td><td>Rheinzabern<\/td><td>150<\/td><td>1<\/td><td>146<\/td><td>3<\/td><\/tr><tr><td>&nbsp;<\/td><td><strong>Summen<\/strong><strong><\/strong><\/td><td><strong>584<\/strong><strong><\/strong><\/td><td><strong>9<\/strong><strong><\/strong><\/td><td><strong>561<\/strong><strong><\/strong><\/td><td><strong>14<\/strong><strong><\/strong><\/td><\/tr><tr><td>VG R\u00fclzheim<\/td><td>H\u00f6rdt<\/td><td>111<\/td><td>2<\/td><td>108<\/td><td>1<\/td><\/tr><tr><td>&nbsp;<\/td><td>Kuhardt<\/td><td>69<\/td><td>1<\/td><td>68<\/td><td>0<\/td><\/tr><tr><td>&nbsp;<\/td><td>Leimersheim<\/td><td>69<\/td><td>0<\/td><td>68<\/td><td>1<\/td><\/tr><tr><td>&nbsp;<\/td><td>R\u00fclzheim<\/td><td>288<\/td><td>3<\/td><td>279<\/td><td>6<\/td><\/tr><tr><td>&nbsp;<\/td><td><strong>Summen<\/strong><strong><\/strong><\/td><td><strong>537<\/strong><strong><\/strong><\/td><td><strong>6<\/strong><strong><\/strong><\/td><td><strong>523<\/strong><strong><\/strong><\/td><td><strong>8<\/strong><strong><\/strong><\/td><\/tr><tr><td>VG Bellheim<\/td><td>Bellheim<\/td><td>414<\/td><td>1<\/td><td>385<\/td><td>28<\/td><\/tr><tr><td>&nbsp;<\/td><td>Knittelsheim<\/td><td>50<\/td><td>0<\/td><td>50<\/td><td>0<\/td><\/tr><tr><td>&nbsp;<\/td><td>Ottersheim<\/td><td>90<\/td><td>0<\/td><td>90<\/td><td>0<\/td><\/tr><tr><td>&nbsp;<\/td><td>Zeiskam<\/td><td>98<\/td><td>1<\/td><td>97<\/td><td>0<\/td><\/tr><tr><td>&nbsp;<\/td><td><strong>Summen<\/strong><strong><\/strong><\/td><td><strong>652<\/strong><strong><\/strong><\/td><td><strong>2<\/strong><strong><\/strong><\/td><td><strong>622<\/strong><strong><\/strong><\/td><td><strong>28<\/strong><strong><\/strong><\/td><\/tr><tr><td>Germersheim + So<\/td><td>&nbsp;<\/td><td>1221<\/td><td>14<\/td><td>1189<\/td><td>18<\/td><\/tr><tr><td>&nbsp;<\/td><td><strong>Summen<\/strong><strong><\/strong><\/td><td><strong>1221<\/strong><strong><\/strong><\/td><td><strong>14<\/strong><strong><\/strong><\/td><td><strong>1189<\/strong><strong><\/strong><\/td><td><strong>18<\/strong><strong><\/strong><\/td><\/tr><tr><td>VG Lingenfeld<\/td><td>Freisbach<\/td><td>63<\/td><td>0<\/td><td>62<\/td><td>1<\/td><\/tr><tr><td>&nbsp;<\/td><td>Lingenfeld<\/td><td>258<\/td><td>2<\/td><td>247<\/td><td>9<\/td><\/tr><tr><td>&nbsp;<\/td><td>Lustadt<\/td><td>116<\/td><td>6<\/td><td>108<\/td><td>2<\/td><\/tr><tr><td>&nbsp;<\/td><td>Schwegenheim<\/td><td>146<\/td><td>3<\/td><td>142<\/td><td>1<\/td><\/tr><tr><td>&nbsp;<\/td><td>Weingarten<\/td><td>105<\/td><td>0<\/td><td>104<\/td><td>1<\/td><\/tr><tr><td>&nbsp;<\/td><td>Westheim<\/td><td>103<\/td><td>0<\/td><td>94<\/td><td>9<\/td><\/tr><tr><td>&nbsp;<\/td><td><strong>Summen<\/strong><strong><\/strong><\/td><td><strong>791<\/strong><strong><\/strong><\/td><td><strong>11<\/strong><strong><\/strong><\/td><td><strong>757<\/strong><strong><\/strong><\/td><td><strong>23<\/strong><strong><\/strong><\/td><\/tr><tr><td>&nbsp;<\/td><td>&nbsp;<\/td><td>&nbsp;<\/td><td>&nbsp;<\/td><td>&nbsp;<\/td><td>&nbsp;<\/td><\/tr><tr><td>&nbsp;<\/td><td><strong>Endsummen<\/strong><strong><\/strong><\/td><td><strong>5530<\/strong><strong><\/strong><\/td><td><strong>64<\/strong><strong><\/strong><\/td><td><strong>5341<\/strong><strong><\/strong><\/td><td><strong>125<\/strong><strong><\/strong><\/td><\/tr><\/tbody><\/table><\/figure>\n\n\n\n<p><strong><u>Was bedeutet \u201ebest\u00e4tigter positiver Fall\u201c?<\/u><\/strong><strong><br><\/strong>Von einem best\u00e4tigten positiven Fall spricht das Gesundheitsamt, wenn zu einer Person ein positives PCR-Testergebnis vorliegt. Ein Selbsttest oder Schnelltest reicht hierf\u00fcr nicht aus.<br><strong><u>Was bedeutet \u201eneuer Fall\u201c?<br><\/u><\/strong>Ein neuer Fall entsteht, wenn die Person ein positives PCR-Testergebnis hat und nicht bereits als infiziert erfasst wurde. Es wird nur die Person als Fall gez\u00e4hlt! Weitere positive Testergebnisse der gleichen Person im Verlauf ihrer Erkrankung werden nicht dazugerechnet. Die Person ist und bleibt ein einziger Fall in der Statistik!<br><strong><u>Was bedeutet \u201eaktuell best\u00e4tigte positive F\u00e4lle\u201c?<\/u><br><\/strong>Die Kreisverwaltung ver\u00f6ffentlicht auch die Anzahl der aktuell best\u00e4tigten positiven F\u00e4lle. Hierunter fallen alle aktuell infizierten Personen, die noch nicht als genesen gelten k\u00f6nnen. Alle aktuell best\u00e4tigten positiven F\u00e4lle befinden sich somit noch in Bearbeitung des Gesundheitsamtes.<\/p>\n\n\n\n<h2 class=\"wp-block-heading\">Stand 10. Juni 2021<\/h2>\n\n\n\n<p>Aktuell gibt es im Landkreis Germersheim 67 best\u00e4tigte positive F\u00e4lle, die Gesamtzahl bel\u00e4uft sich auf 5.527 Infizierte seit Beginn der Pandemie (+ 8 F\u00e4lle).<\/p>\n\n\n\n<h2 class=\"wp-block-heading\">Stand 09. Juni 2021<\/h2>\n\n\n\n<p>Aktuell gibt es im Landkreis Germersheim 65 best\u00e4tigte positive F\u00e4lle, die Gesamtzahl bel\u00e4uft sich auf 5.519 Infizierte seit Beginn der Pandemie (+ 4 F\u00e4lle).<\/p>\n\n\n\n<h2 class=\"wp-block-heading\">Stand 08. Juni 2021<\/h2>\n\n\n\n<p>Aktuell gibt es im Landkreis Germersheim 61 best\u00e4tigte positive F\u00e4lle, die Gesamtzahl bel\u00e4uft sich auf 5.515 Infizierte seit Beginn der Pandemie (+ 7 F\u00e4lle).<\/p>\n\n\n\n<p><em>Kreisverwaltung Germersheim<br>12.06.2021<\/em><\/p>\n","protected":false},"excerpt":{"rendered":"<div class=\"mh-excerpt\"><p>Kindertagespflegepersonen gesucht \/ N\u00e4chster Qualifizierungskurs im September Kinder zu betreuen, sie in ihrer Entwicklung zu begleiten und zu unterst\u00fctzen, kann eine sehr sch\u00f6ne und erf\u00fcllende Aufgabe sein. Da die Nachfrage nach einem passenden Betreuungsplatz f\u00fcr <a class=\"mh-excerpt-more\" href=\"https:\/\/speyer24news.com\/?p=37789\" title=\"Germersheim und Landkreis Germersheim (GER)\">[&#8230;]<\/a><\/p>\n<\/div>","protected":false},"author":3,"featured_media":30954,"comment_status":"open","ping_status":"open","sticky":false,"template":"","format":"standard","meta":{"_monsterinsights_skip_tracking":false,"_monsterinsights_sitenote_active":false,"_monsterinsights_sitenote_note":"","_monsterinsights_sitenote_category":0,"footnotes":""},"categories":[449],"tags":[9287,6401,8140,9951,6902,12129,12130,5904,6323,6903,12127,12128,12126,210,12124,12125,1214,12120,5569,12121,12122,468,8167,2953,12123],"aioseo_notices":[],"amp_enabled":true,"_links":{"self":[{"href":"https:\/\/speyer24news.com\/index.php?rest_route=\/wp\/v2\/posts\/37789"}],"collection":[{"href":"https:\/\/speyer24news.com\/index.php?rest_route=\/wp\/v2\/posts"}],"about":[{"href":"https:\/\/speyer24news.com\/index.php?rest_route=\/wp\/v2\/types\/post"}],"author":[{"embeddable":true,"href":"https:\/\/speyer24news.com\/index.php?rest_route=\/wp\/v2\/users\/3"}],"replies":[{"embeddable":true,"href":"https:\/\/speyer24news.com\/index.php?rest_route=%2Fwp%2Fv2%2Fcomments&post=37789"}],"version-history":[{"count":1,"href":"https:\/\/speyer24news.com\/index.php?rest_route=\/wp\/v2\/posts\/37789\/revisions"}],"predecessor-version":[{"id":37795,"href":"https:\/\/speyer24news.com\/index.php?rest_route=\/wp\/v2\/posts\/37789\/revisions\/37795"}],"wp:featuredmedia":[{"embeddable":true,"href":"https:\/\/speyer24news.com\/index.php?rest_route=\/wp\/v2\/media\/30954"}],"wp:attachment":[{"href":"https:\/\/speyer24news.com\/index.php?rest_route=%2Fwp%2Fv2%2Fmedia&parent=37789"}],"wp:term":[{"taxonomy":"category","embeddable":true,"href":"https:\/\/speyer24news.com\/index.php?rest_route=%2Fwp%2Fv2%2Fcategories&post=37789"},{"taxonomy":"post_tag","embeddable":true,"href":"https:\/\/speyer24news.com\/index.php?rest_route=%2Fwp%2Fv2%2Ftags&post=37789"}],"curies":[{"name":"wp","href":"https:\/\/api.w.org\/{rel}","templated":true}]}}