{"id":37823,"date":"2021-06-13T08:02:19","date_gmt":"2021-06-13T07:02:19","guid":{"rendered":"https:\/\/speyer24news.com\/?p=37823"},"modified":"2021-06-13T08:02:21","modified_gmt":"2021-06-13T07:02:21","slug":"landau-landkreis-landau-ld-4","status":"publish","type":"post","link":"https:\/\/speyer24news.com\/?p=37823","title":{"rendered":"Landau &#038; Landkreis Landau (LD)"},"content":{"rendered":"<style type=\"text\/css\">\r\n\t.ads_top_disp{}\r\n\t.ads_top_corner_disp{ float:left; margin:0px 10px 10px 0px; }\r\n\t.ads_first_p_disp{}\r\n\t.ads_bottom_disp{}\r\n\t<\/style>\n<h2 class=\"wp-block-heading\">Auf dem Alten Me\u00dfplatz: Stadt Landau schafft rund 100 zus\u00e4tzliche Parkpl\u00e4tze<\/h2>\n\n\n\n<div class=\"wp-block-image\"><figure class=\"aligncenter size-large\"><img decoding=\"async\" loading=\"lazy\" width=\"800\" height=\"533\" src=\"https:\/\/speyer24news.com\/wp-content\/uploads\/2021\/06\/11-06-2021-Info-Alter-Messplatz.jpg\" alt=\"\" class=\"wp-image-37843\" srcset=\"https:\/\/speyer24news.com\/wp-content\/uploads\/2021\/06\/11-06-2021-Info-Alter-Messplatz.jpg 800w, https:\/\/speyer24news.com\/wp-content\/uploads\/2021\/06\/11-06-2021-Info-Alter-Messplatz-300x200.jpg 300w, https:\/\/speyer24news.com\/wp-content\/uploads\/2021\/06\/11-06-2021-Info-Alter-Messplatz-768x512.jpg 768w\" sizes=\"(max-width: 800px) 100vw, 800px\" \/><figcaption>Auf dem Alten Me\u00dfplatz in Landau sind rund 100 zus\u00e4tzliche Parkpl\u00e4tze entstanden.<br><em>Foto: Stadt Landau<\/em><\/figcaption><\/figure><\/div>\n\n\n\n<p>Der Parkraum auf dem Alten Me\u00dfplatz in Landau w\u00e4chst: Die Stadt Landau hat jetzt rund 100 zus\u00e4tzliche innenstadtnahe Parkpl\u00e4tze freigegeben. Rund 70 befinden sich auf dem Gel\u00e4nde der fr\u00fcheren S\u00dcWEGA-Halle; weitere rund 30 sind durch den Wegfall des alten Radwegs entstanden. Macht in Summe jetzt 700 statt wie bisher 600 Parkpl\u00e4tze auf dem gesamten Alten Me\u00dfplatz.<\/p>\n\n\n\n<p>Die Arbeiten wurden durch das st\u00e4dtische Geb\u00e4udemanagement und die Mobilit\u00e4tsabteilung des Stadtbauamts betreut. Erschwert worden war die Herstellung der zus\u00e4tzlichen Parkpl\u00e4tze durch positive Treffer bei der Kampfmittelsondierung, die letztlich aber \u201enur\u201c kleinere Funde wie Nebelgranaten und einen Motorradtank zu Tage f\u00f6rderten.<\/p>\n\n\n\n<p>\u201eDem Alten Me\u00dfplatz als gro\u00dfem, zentral gelegenen und gut erreichbaren Parkplatz in der Innenstadt kommt eine besondere Bedeutung f\u00fcr das Auto-Parken in Landau zu, die wir durch die Ausweisung von 100 zus\u00e4tzlichen Parkpl\u00e4tzen jetzt noch st\u00e4rken\u201c, betont Verkehrsdezernent Lukas Hartmann. So spiele der Alte Me\u00dfplatz als \u201egraues Parkquartier\u201c auch eine wichtige Rolle bei der geplanten Neuordnung des Parkens in der Innenstadt und den angrenzenden Bereichen \u2013 und der Preis f\u00fcr ein Dauerparkticket solle von 410 auf 240 Euro im Jahr gesenkt werden. Denn: \u201eGerade die Menschen aus den umliegenden D\u00f6rfern sind und bleiben weiter auf das Auto angewiesen und ben\u00f6tigen Parkpl\u00e4tze an gut anfahrbaren, zentralen Orten\u201c, so Hartmann.<\/p>\n\n\n\n<p><em>Stadtverwaltung Landau in der Pfalz<br>13.06.2021<\/em><\/p>\n\n\n\n<h2 class=\"wp-block-heading\">\u00dcbersichtlicher, gerechter und flexibler: Stadt Landau ordnet Parken neu<\/h2>\n\n\n\n<h3 class=\"wp-block-heading\">Knapper Parkraum in der Innenstadt soll k\u00fcnftig f\u00fcr jede Nutzerin und jeden Nutzer gleich viel kosten \u2013 Stadt will Handelsparken st\u00e4rken \u2013 Anwohnerparken soll auslaufen \u2013 S\u00fcdstadt soll in Bewirtschaftung mit aufgenommen werden<\/h3>\n\n\n\n<div class=\"wp-block-image\"><figure class=\"aligncenter size-large\"><img decoding=\"async\" loading=\"lazy\" width=\"800\" height=\"533\" src=\"https:\/\/speyer24news.com\/wp-content\/uploads\/2021\/06\/11-06-2021-Info-Parken_1.jpg\" alt=\"\" class=\"wp-image-37840\" srcset=\"https:\/\/speyer24news.com\/wp-content\/uploads\/2021\/06\/11-06-2021-Info-Parken_1.jpg 800w, https:\/\/speyer24news.com\/wp-content\/uploads\/2021\/06\/11-06-2021-Info-Parken_1-300x200.jpg 300w, https:\/\/speyer24news.com\/wp-content\/uploads\/2021\/06\/11-06-2021-Info-Parken_1-768x512.jpg 768w\" sizes=\"(max-width: 800px) 100vw, 800px\" \/><figcaption>Das Parkproblem in der Landauer S\u00fcdstadt soll gel\u00f6st werden.<br><em>Foto: Stadt Landau<\/em><\/figcaption><\/figure><\/div>\n\n\n\n<p>F\u00fcr eine funktionierende Innenstadt ist ein ausreichendes, zentrumsnahes und st\u00e4ndig verf\u00fcgbares Parkraumangebot von gro\u00dfer Bedeutung. Die Verwaltung der Stadt Landau hat ihre Hausaufgaben gemacht und schl\u00e4gt den st\u00e4dtischen Gremien die umfassende Neuordnung des Parkens in der Innenstadt und den umliegenden Bereichen vor. Denn: Die historisch gewachsene Bewirtschaftung f\u00fcr das gesamte Stadtgebiet ist momentan noch zu kleinteilig und wenig nachvollziehbar f\u00fcr B\u00fcrgerinnen und B\u00fcrger. Das soll sich nun \u00e4ndern mit dem Ziel, Parken in Landau \u00fcbersichtlicher, gerechter und flexibler zu machen.<\/p>\n\n\n\n<p>Ausgangspunkt ist die aktuelle Situation in der S\u00fcdstadt. Hier herrscht ein hoher Parkdruck, u.a. durch Verdr\u00e4ngungseffekte aus der Innenstadt. Die oft geforderte und von der Verwaltung ebenso oft gepr\u00fcfte L\u00f6sung, das Anwohnerparken auf die S\u00fcdstadt zu erweitern, ist rechtlich nach wie vor nicht m\u00f6glich. Um die Parksituation trotzdem zu verbessern, will die Verwaltung die S\u00fcdstadt mit in die Parkraumbewirtschaftung aufnehmen und gleichzeitig g\u00fcnstige Dauerparktickets einf\u00fchren.<\/p>\n\n\n\n<p>Insgesamt werden sieben neue gro\u00dfe Parkquartiere im Stadtgebiet geschaffen: Innenstadt, Alter Me\u00dfplatz sowie die f\u00fcnf Stadtquartiere Nord, Nordost, Ost, West und S\u00fcd, wobei Nordost aktuell noch nicht bewirtschaftet werden soll. Die Parkgeb\u00fchren in den einzelnen Quartieren unterscheiden sich, denn: \u201eJe n\u00e4her ein Parkplatz an der Innenstadt liegt, desto wertvoller ist er\u201c, erl\u00e4utert Verkehrsdezernent Lukas Hartmann. Diese Unterscheidung will die Verwaltung durch die neue Geb\u00fchrenregelung st\u00e4rken. Gleichzeitig m\u00f6chte sie das \u201eKlein-Klein\u201c an Zonen und Quartieren beenden. \u201eDer knappe Parkraum in unserer Innenstadt soll zuk\u00fcnftig f\u00fcr jede Nutzerin und jeden Nutzer gleich viel kosten und wird f\u00fcr den Gro\u00dfteil von ihnen sogar g\u00fcnstiger\u201c, erl\u00e4utert Hartmann.<\/p>\n\n\n\n<h4 class=\"wp-block-heading\">So soll die neue Preisstruktur in den einzelnen Parkquartieren konkret aussehen:<\/h4>\n\n\n\n<ul><li>Im orangenen Parkquartier (Innenstadt) wird das Jahresparkticket von 410 auf 360 Euro im Preis gesenkt. Es wird ein Vier-Monats-Ticket f\u00fcr 150 Euro eingef\u00fchrt.<\/li><li>In den blauen Parkquartieren (Nord, Nordost, Ost, West und S\u00fcd) wird das Jahresticket von 410 auf 180 Euro im Preis gesenkt. Das entspricht 50 Cent pro Tag. Es werden ein Vier-Monats-Ticket f\u00fcr 75 Euro und ein Wochenticket f\u00fcr 7 Euro eingef\u00fchrt. Tagestickets werden auf 2 Euro, Kurzzeitparken auf 2 Cent pro Minute im Preis gesenkt.<\/li><li>Im grauen Parkquartier (Alter Me\u00dfplatz) wird das Jahresticket von 410 auf 240 Euro im Preis gesenkt.<\/li><\/ul>\n\n\n\n<p>Seit 2012 wurden Tages- und Jahrestickets in Landau nicht mehr im Preis angepasst. Dies soll angesichts der Corona-Krise auch jetzt nicht geschehen. Aber: Um die Inflation auszugleichen und den Umschlag der innenstadtnahen Parkpl\u00e4tze zu erh\u00f6hen, ist f\u00fcr 2023 eine Anhebung der Kurzzeit- und Tagesticket-Tarife auf dem Alten Me\u00dfplatz und im Parkquartier Innenstadt vorgesehen. Die vorgeschlagenen Preise f\u00fcr Dauerparktickets sind aus Sicht der Verwaltung die geringstm\u00f6glichen, um die gew\u00fcnschte Lenkungswirkung zu erzielen.<\/p>\n\n\n\n<div class=\"wp-block-image\"><figure class=\"aligncenter size-large\"><img decoding=\"async\" loading=\"lazy\" width=\"800\" height=\"533\" src=\"https:\/\/speyer24news.com\/wp-content\/uploads\/2021\/06\/11-06-2021-Info-Parken_2.jpg\" alt=\"\" class=\"wp-image-37841\" srcset=\"https:\/\/speyer24news.com\/wp-content\/uploads\/2021\/06\/11-06-2021-Info-Parken_2.jpg 800w, https:\/\/speyer24news.com\/wp-content\/uploads\/2021\/06\/11-06-2021-Info-Parken_2-300x200.jpg 300w, https:\/\/speyer24news.com\/wp-content\/uploads\/2021\/06\/11-06-2021-Info-Parken_2-768x512.jpg 768w\" sizes=\"(max-width: 800px) 100vw, 800px\" \/><figcaption>Verkehrsdezernent Lukas Hartmann (l.) und Ralf Bernhard, Leiter der Mobilit\u00e4tsabteilung des Stadtbauamts, bei der Vorstellung der neuen Pl\u00e4ne f\u00fcr das Parken in Landau.<br><em>Foto: Stadt Landau<\/em><\/figcaption><\/figure><\/div>\n\n\n\n<p>Ein weiterer wichtiger Aspekt: Auf dem Alten Me\u00dfplatz gibt es ein gro\u00dfes innerst\u00e4dtisches Angebot mit der Sicherheit, (fast) immer einen Parkplatz zu bekommen. Jedoch blockieren Dauerparkerinnen und Dauerparker die mittelgro\u00dfen innerst\u00e4dtischen Parkpl\u00e4tze rund um die Fu\u00dfg\u00e4ngerzone, die immens wichtig f\u00fcr Handel und Gastronomie sind. Aus diesem Grund soll das Dauerparken auf den vier Parkpl\u00e4tzen Langstra\u00dfe, Wei\u00dfquartierstra\u00dfe, Friedrich-Ebert-Stra\u00dfe und Wei\u00dfquartierplatz nicht mehr erlaubt sein, k\u00fcndigt Hartmann an. Stattdessen soll dort k\u00fcnftig nur noch Kurzzeit- bzw. Tagesparken zul\u00e4ssig sein. \u201eGemeinsam mit dem AKU als Vertretung des Einzelhandels werden wir f\u00fcr diese Parkpl\u00e4tze k\u00fcnftig verst\u00e4rkt als Handelsparkpl\u00e4tze werben, die ganz besonders auch f\u00fcr nicht ortskundige G\u00e4ste unserer Stadt die erste Anlaufstelle auf der Parkplatzsuche sein sollen\u201c, so der Verkehrsdezernent.<\/p>\n\n\n\n<p>Abgerundet wird die Neuordnung des Parkens in Landau durch eine wichtige Entscheidung zum Anwohnerparken. W\u00fcrde dieses beibehalten, m\u00fcssten Anwohnerinnen und Anwohner der S\u00fcdstadt k\u00fcnftig 15 Euro im Monat f\u00fcr ein Dauerparkticket zahlen, Anwohnerinnen und Anwohner der Innenstadt im Rahmen des Anwohnerparkens aber nur 2 Euro im Monat. Unter anderem, um diese Ungerechtigkeit zu vermeiden, l\u00e4sst die Stadt das Anwohnerparken auslaufen. Es sollen k\u00fcnftig keine neuen Anwohnerparkausweise mehr ausgestellt werden; g\u00fcltige werden jedoch ohne Aufpreis und weitere Beantragung zw\u00f6lf Monate l\u00e4nger anerkannt. Wer in dieser Zeit den Anwohnerparkausweis gegen ein Dauerparkticket tauscht, erh\u00e4lt einmalig 50 Prozent Rabatt.<\/p>\n\n\n\n<p>Das neue Parken wird in den kommenden Wochen und Monaten in den st\u00e4dtischen Gremien behandelt. Die endg\u00fcltige Entscheidung trifft am 6. Juli der Stadtrat.<\/p>\n\n\n\n<p><em>Stadtverwaltung Landau in der Pfalz<br>13.06.2021<\/em><\/p>\n\n\n\n<h2 class=\"wp-block-heading\">Auf dem Weg zum Hochwasservorsorgekonzept: Stadt Landau und Entsorgungs- und Wirtschaftsbetrieb starten Onlinebeteiligung<\/h2>\n\n\n\n<div class=\"wp-block-image\"><figure class=\"aligncenter size-large\"><img decoding=\"async\" loading=\"lazy\" width=\"800\" height=\"600\" src=\"https:\/\/speyer24news.com\/wp-content\/uploads\/2021\/06\/11-06-2021-Info-Hochwasservorsorge.jpg\" alt=\"\" class=\"wp-image-37839\" srcset=\"https:\/\/speyer24news.com\/wp-content\/uploads\/2021\/06\/11-06-2021-Info-Hochwasservorsorge.jpg 800w, https:\/\/speyer24news.com\/wp-content\/uploads\/2021\/06\/11-06-2021-Info-Hochwasservorsorge-300x225.jpg 300w, https:\/\/speyer24news.com\/wp-content\/uploads\/2021\/06\/11-06-2021-Info-Hochwasservorsorge-768x576.jpg 768w, https:\/\/speyer24news.com\/wp-content\/uploads\/2021\/06\/11-06-2021-Info-Hochwasservorsorge-678x509.jpg 678w, https:\/\/speyer24news.com\/wp-content\/uploads\/2021\/06\/11-06-2021-Info-Hochwasservorsorge-326x245.jpg 326w, https:\/\/speyer24news.com\/wp-content\/uploads\/2021\/06\/11-06-2021-Info-Hochwasservorsorge-80x60.jpg 80w\" sizes=\"(max-width: 800px) 100vw, 800px\" \/><figcaption>Gro\u00dfe Trockenheit im Sommer, unterbrochen durch immer h\u00e4ufigere Starkregenereignisse: Der Klimawandel ist ein Fakt und stellt auch die Stadt Landau vor neue Herausforderungen.<br><em>Foto: Freiwillige Feuerwehr Landau<\/em><\/figcaption><\/figure><\/div>\n\n\n\n<p>Gro\u00dfe Trockenheit im Sommer, unterbrochen durch h\u00e4ufiger stattfindende Starkregenereignisse: Der Klimawandel ist ein Fakt und stellt auch die Stadt Landau vor neue Herausforderungen. Die s\u00fcdpf\u00e4lzische Metropole hat sich im Jahr 2017 auf den Weg gemacht, um zukunftsweisende Konzepte und Strategien f\u00fcr einen besseren Umgang mit den unvermeidbaren Folgen des Klimawandels zu erarbeiten. Neben Klimaschutz- und Klimaanpassungskonzept, die in den vergangenen Jahren bereits verabschiedet wurden, entsteht so unter anderem auch ein Hochwasservorsorgekonzept, das aktuell vom Entsorgungs- und Wirtschaftsbetrieb Landau (EWL) im Auftrag der Stadt und in enger Zusammenarbeit mit den B\u00fcrgerinnen und B\u00fcrgern erstellt wird.<\/p>\n\n\n\n<p>F\u00fcr die umfassende B\u00fcrgerbeteiligung wurden insgesamt 13 Bezirke gebildet, f\u00fcr die jeweils mehrere Termine vorgesehen waren bzw. sind: Eine Ortsbegehung und Workshops, bei denen die Ergebnisse der Vorrecherchen und der 13 Ortstermine vorgestellt und weiterverarbeitet werden.<\/p>\n\n\n\n<p>Zus\u00e4tzlich gibt es ab sofort auf der st\u00e4dtischen Beteiligungsplattform <a href=\"http:\/\/www.mitredeninLD.de\">www.mitredeninLD.de<\/a> die M\u00f6glichkeit, auf einer Mitmach-Karte Fragen, Anregungen und wichtige Informationen zum Thema Hochwasservorsorge einzutragen.<\/p>\n\n\n\n<p>\u201eDas Hochwasservorsorgekonzept soll helfen, die Auswirkungen von Extremregenf\u00e4llen zu minimieren\u201c, betonen Oberb\u00fcrgermeister Thomas Hirsch und EWL-Verwaltungsratsvorsitzender Dr. Maximilian Ingenthron. Das im Jahr 2019 gestartete Prozess soll u.a. besonders gef\u00e4hrdete Bereiche im Stadtgebiet identifizieren und Ideen und Planungen f\u00fcr die Freihaltung von Tal- und \u00dcberflutungsr\u00e4umen, die Renaturierung von Flie\u00dfgew\u00e4ssern, die multifunktionale Gestaltung von Park- und Gr\u00fcnanlagen sowie die Reduktion des Oberfl\u00e4chenabflusses z.B. durch Entsiegelung und Dachbegr\u00fcnung liefern. \u201eUm m\u00f6glichst genaue Informationen zu den Situationen vor Ort zu erhalten, sind wir auf die Mithilfe der B\u00fcrgerinnen und B\u00fcrger angewiesen\u201c, werben Hirsch und Ingenthron daf\u00fcr, das zus\u00e4tzliche Onlinebeteiligungsangebot zu nutzen.<\/p>\n\n\n\n<p>N\u00e4here Informationen zum Konzept und zur Onlinebeteiligung finden sich auf der st\u00e4dtischen Beteiligungsplattform unter <a href=\"https:\/\/mitredeninld.de\/page\/Hochwasservorsorgekonzept\">https:\/\/mitredeninld.de\/page\/Hochwasservorsorgekonzept<\/a>.<\/p>\n\n\n\n<p><em>Text: Stadtverwaltung Landau in der Pfalz Foto: Freiwillige Feuerwehr Landau<br>13.06.2021<\/em><\/p>\n\n\n\n<h2 class=\"wp-block-heading\">\u201eLaufend im Gespr\u00e4ch\u201c: Landaus B\u00fcrgermeister Dr. Maximilian Ingenthron l\u00e4dt zur B\u00fcrgersprechstunde der besonderen Art<\/h2>\n\n\n\n<div class=\"wp-block-image\"><figure class=\"aligncenter size-large\"><img decoding=\"async\" loading=\"lazy\" width=\"800\" height=\"533\" src=\"https:\/\/speyer24news.com\/wp-content\/uploads\/2021\/06\/11-06-2021-Info-Laufend-im-Gespraech.jpg\" alt=\"\" class=\"wp-image-37838\" srcset=\"https:\/\/speyer24news.com\/wp-content\/uploads\/2021\/06\/11-06-2021-Info-Laufend-im-Gespraech.jpg 800w, https:\/\/speyer24news.com\/wp-content\/uploads\/2021\/06\/11-06-2021-Info-Laufend-im-Gespraech-300x200.jpg 300w, https:\/\/speyer24news.com\/wp-content\/uploads\/2021\/06\/11-06-2021-Info-Laufend-im-Gespraech-768x512.jpg 768w\" sizes=\"(max-width: 800px) 100vw, 800px\" \/><figcaption>Ob im Schritttempo oder gerne auch joggend: B\u00fcrgermeister Dr. Maximilian Ingenthron m\u00f6chte sich bei seiner Aktion &#8222;Laufend im Gespr\u00e4ch&#8220; mit den Landauerinnen und Landauern zum Austausch treffen.<br><em>Foto: Stadt Landau<\/em><\/figcaption><\/figure><\/div>\n\n\n\n<p>Die Corona-bedingten Einschr\u00e4nkungen verhindern noch immer viele Gelegenheiten, einander zu begegnen, miteinander zu diskutieren und neue Ideen zu entwickeln. \u201eAber genau diesen Austausch braucht eine lebendige und offene Gesellschaft\u201c, findet Dr. Maximilian Ingenthron, B\u00fcrgermeister der Stadt Landau, und l\u00e4dt die Landauerinnen und Landauer deshalb zu einer B\u00fcrgersprechstunde in au\u00dfergew\u00f6hnlichem Format.<\/p>\n\n\n\n<p>\u201eIch will mit Ihnen neue Wege gehen \u2013 oder Wege neu gehen. Lassen Sie uns pers\u00f6nlich ins Gespr\u00e4ch kommen, w\u00e4hrend wir gemeinsam ein St\u00fcck des Weges laufen: Sie bestimmen den Treffpunkt, innerhalb Landaus oder der Stadtteile, und die Art der Bewegung \u2013 ob im Schritttempo, im Laufschritt oder gerne auch joggend\u201c, erkl\u00e4rt Dr. Ingenthron das Konzept. \u201eWir sprechen \u00fcber das, was Sie interessiert und was Ihnen gef\u00e4llt. Dabei nehme ich gerne Anregungen und Vorschl\u00e4ge auf, was unsere Stadt und unser Zusammenleben ausmacht oder beides besser machen k\u00f6nnte. Ich bin Ihr Zuh\u00f6rer und Gespr\u00e4chspartner. Und vielleicht ergeben sich aus dem Austausch spannende Ideen und neue Impulse.\u201c<\/p>\n\n\n\n<p>B\u00fcrgerinnen und B\u00fcrger, die Interesse an einem solchen Austausch mit B\u00fcrgermeister Dr. Maximilian Ingenthron haben, k\u00f6nnen sich f\u00fcr eine Terminvereinbarung entweder per Mail an <a href=\"mailto:buergermeister@landau.de\">buergermeister@landau.de<\/a> oder telefonisch unter 0 63 41\/13 10 20 melden.<\/p>\n\n\n\n<p><em>Stadtverwaltung Landau in der Pfalz<br>13.06.2021<\/em><\/p>\n\n\n\n<h2 class=\"wp-block-heading\">Solarrichtlinie der Landauer Stadtverwaltung im Gremienlauf: Fraktionen im Umweltausschuss signalisieren Zustimmung<\/h2>\n\n\n\n<div class=\"wp-block-image\"><figure class=\"aligncenter size-large\"><img decoding=\"async\" loading=\"lazy\" width=\"800\" height=\"450\" src=\"https:\/\/speyer24news.com\/wp-content\/uploads\/2021\/06\/11-06-2021-Info-Solarrichtlinie.jpg\" alt=\"\" class=\"wp-image-37837\" srcset=\"https:\/\/speyer24news.com\/wp-content\/uploads\/2021\/06\/11-06-2021-Info-Solarrichtlinie.jpg 800w, https:\/\/speyer24news.com\/wp-content\/uploads\/2021\/06\/11-06-2021-Info-Solarrichtlinie-300x169.jpg 300w, https:\/\/speyer24news.com\/wp-content\/uploads\/2021\/06\/11-06-2021-Info-Solarrichtlinie-768x432.jpg 768w, https:\/\/speyer24news.com\/wp-content\/uploads\/2021\/06\/11-06-2021-Info-Solarrichtlinie-678x381.jpg 678w\" sizes=\"(max-width: 800px) 100vw, 800px\" \/><figcaption>Die Stadt Landau geht in Sachen Solarenergie mit gutem Beispiel voran: Wie hier mit der Photvoltaikanlage auf dem Dach der BBS-Sporthalle.<br><em>Foto: Stadt Landau<\/em><\/figcaption><\/figure><\/div>\n\n\n\n<p>Im Zuge der Landauer Solaroffensive, die der Stadtrat im November 2020 beschlossen hat, hat die Stadtverwaltung eine neue Solarrichtlinie ausgearbeitet. Diese wurde jetzt im Umweltausschuss der Stadt Landau vorgestellt, wo sie auf breite Zustimmung der vertretenen Fraktionen stie\u00df. Bevor sie in Kraft treten kann, muss sie nun den Bauausschuss, den Hauptausschuss sowie den Stadtrat passieren.<\/p>\n\n\n\n<p>Die Solarrichtlinie ist ein Pionierprojekt: Zuk\u00fcnftig soll sie bei der Ver\u00e4u\u00dferung stadteigener Grundst\u00fccke, bei der Bauleitplanung und sonstigen baubezogenen kommunalen Satzungen greifen. Ziel ist es, die Dachfl\u00e4chen von privaten und gewerblichen Neubauten m\u00f6glichst effizient und umweltwirksam zu nutzen. Dabei soll die neue Solarrichtlinie innovative und ganzheitliche Konzepte zur klimaneutralen Energieversorgung gew\u00e4hrleisten<\/p>\n\n\n\n<p>\u201eNachhaltige Stadtentwicklung bedeutet, \u00f6kologische, wirtschaftliche und soziale Interessenslagen zusammenzuf\u00fchren\u201c, so Oberb\u00fcrgermeister Thomas Hirsch. \u201eDas tun wir in Landau konsequent. Auch die neue Solarrichtlinie entspricht dieser Vorgehensweise; sie unterstreicht einmal mehr auch unseren Ansatz, den wir mit der Erkl\u00e4rung des Klimanotstandes verfolgen.\u201c<\/p>\n\n\n\n<p>Kern der Solarrichtlinie ist die sogenannte Solarpflicht, die beim Neubau von Hauptgeb\u00e4uden gilt: Die Bauherrin oder der Bauherr wird im Grundst\u00fcckskaufvertrag bzw. im st\u00e4dtebaulichen Vertrag dazu verpflichtet, auf mindestens der H\u00e4lfte der geeigneten Dachfl\u00e4chen des neuen Geb\u00e4udes Photovoltaik- oder solarthermische Anlagen zu errichten und diese auf Dauer zu nutzen.<\/p>\n\n\n\n<p>\u201eDie Solarrichtlinie, als Teil der Solaroffensive, dient der Erreichung der Klimaschutzziele aus dem Landauer Klimaschutzkonzept und der bundesweiten Klimaschutzziele zum klimaneutralen Geb\u00e4udebestand\u201c, betont Umweltdezernent Lukas Hartmann. \u201eGerade die Photovoltaik birgt, dem Klimaschutzkonzept zufolge, gro\u00dfes Potential: Voll ausgesch\u00f6pft kann die Photovoltaik im Bestand 317 Megawatt Peak Leistung erbringen, wobei das Ziel f\u00fcr 2030 bei 143 Megawatt Peak liegt, derzeit sind wir bei etwa 43 Megawatt Peak\u201c, so Hartmann weiter. F\u00fcr k\u00fcnftige Wohn- und Gewerbegebiete sei durch die Solarrichtlinie ein Zubau von etwa 10 bis 12 Megawatt Peak Leistung bis 2030 m\u00f6glich.<\/p>\n\n\n\n<p><em>Stadtverwaltung Landau in der Pfalz<br>13.06.2021<\/em><\/p>\n\n\n\n<h2 class=\"wp-block-heading\">Stehen alle Grabsteine auf den Landauer Friedh\u00f6fen sicher? Stadtverwaltung k\u00fcndigt Kontrolle an<\/h2>\n\n\n\n<div class=\"wp-block-image\"><figure class=\"aligncenter size-large\"><img decoding=\"async\" loading=\"lazy\" width=\"800\" height=\"533\" src=\"https:\/\/speyer24news.com\/wp-content\/uploads\/2021\/06\/10-06-2021-Info-Standsicherheit.jpg\" alt=\"\" class=\"wp-image-37835\" srcset=\"https:\/\/speyer24news.com\/wp-content\/uploads\/2021\/06\/10-06-2021-Info-Standsicherheit.jpg 800w, https:\/\/speyer24news.com\/wp-content\/uploads\/2021\/06\/10-06-2021-Info-Standsicherheit-300x200.jpg 300w, https:\/\/speyer24news.com\/wp-content\/uploads\/2021\/06\/10-06-2021-Info-Standsicherheit-768x512.jpg 768w\" sizes=\"(max-width: 800px) 100vw, 800px\" \/><figcaption>Mitte des Monats finden auf den Landauer Friedh\u00f6fen die j\u00e4hrlichen Standsicherheitskontrollen statt.<br><em>Foto: Stadt Landau<\/em><\/figcaption><\/figure><\/div>\n\n\n\n<p>Die Grabsteine auf den Landauer Friedh\u00f6fen werden auch in diesem Jahr auf Standsicherheit gepr\u00fcft. Vom 21. bis zum 23. Juni f\u00fchrt ein Bausachverst\u00e4ndiger die allj\u00e4hrliche Standsicherheitskontrolle durch. Diese ist von der Gartenbau-Berufsgenossenschaft zwingend vorgeschrieben.<\/p>\n\n\n\n<p>Angeh\u00f6rige oder mit der Pflege der Grabst\u00e4tten betraute Personen k\u00f6nnen an der \u00dcberpr\u00fcfung teilnehmen und den genauen Termin bei der Friedhofsverwaltung unter 0 63 41\/13 32 51 erfragen. Sollten sich Beanstandungen ergeben, werden die Nutzungsberechtigten der Grabmale schriftlich benachrichtigt.<\/p>\n\n\n\n<p>In diesem Zusammenhang weist die Friedhofsverwaltung darauf hin, dass die Nutzungsberechtigten f\u00fcr die Standsicherheit des Grabsteins und den sicheren Zustand der Grabanlage verantwortlich sind. Sie haften bei Unf\u00e4llen und Sch\u00e4den in Folge mangelnder Standsicherheit.<\/p>\n\n\n\n<p><em>Stadtverwaltung Landau in der Pfalz<br>13.06.2021<\/em><\/p>\n\n\n\n<h2 class=\"wp-block-heading\">Ideen und Anregungen f\u00fcr eine (weiterhin) attraktive Innenstadt gesucht: Onlineb\u00fcrgerbeteiligung der Stadt Landau auf <a href=\"http:\/\/www.mitredeninLD.de\">www.mitredeninLD.de<\/a> geht in die Verl\u00e4ngerung<\/h2>\n\n\n\n<div class=\"wp-block-image\"><figure class=\"aligncenter size-large\"><img decoding=\"async\" loading=\"lazy\" width=\"800\" height=\"600\" src=\"https:\/\/speyer24news.com\/wp-content\/uploads\/2021\/06\/10-06-2021-Info-attraktiveinnenstadt.jpg\" alt=\"\" class=\"wp-image-37834\" srcset=\"https:\/\/speyer24news.com\/wp-content\/uploads\/2021\/06\/10-06-2021-Info-attraktiveinnenstadt.jpg 800w, https:\/\/speyer24news.com\/wp-content\/uploads\/2021\/06\/10-06-2021-Info-attraktiveinnenstadt-300x225.jpg 300w, https:\/\/speyer24news.com\/wp-content\/uploads\/2021\/06\/10-06-2021-Info-attraktiveinnenstadt-768x576.jpg 768w, https:\/\/speyer24news.com\/wp-content\/uploads\/2021\/06\/10-06-2021-Info-attraktiveinnenstadt-678x509.jpg 678w, https:\/\/speyer24news.com\/wp-content\/uploads\/2021\/06\/10-06-2021-Info-attraktiveinnenstadt-326x245.jpg 326w, https:\/\/speyer24news.com\/wp-content\/uploads\/2021\/06\/10-06-2021-Info-attraktiveinnenstadt-80x60.jpg 80w\" sizes=\"(max-width: 800px) 100vw, 800px\" \/><figcaption>#attraktiveinnenstadt: Noch bis einschlie\u00dflich 2. Juli k\u00f6nnen B\u00fcrgerinnen und B\u00fcrger auf <a href=\"http:\/\/www.mitredeninld.de\/\">www.mitredeninLD.de<\/a> ihre Anregungen und Ideen f\u00fcr eine (weiterhin) attraktive Landauer Innenstadt einbringen.<br><em>Foto: B\u00fcro f\u00fcr Tourismus Landau<\/em><\/figcaption><\/figure><\/div>\n\n\n\n<p>Wie sieht die Zukunft der Innenst\u00e4dte aus, wie die Innenstadt der Zukunft? Seit rund vier Wochen haben die Landauerinnen und Landauer die M\u00f6glichkeit, auf der Onlinebeteiligungsplattform mitredeninLD ihre Ideen und Anregungen f\u00fcr eine (weiterhin) attraktive Innenstadt einzubringen. Und die Resonanz ist gro\u00df: Rund 80 Ideen, etwa 40 Kommentare und mehr als 330 Stimmen sind auf dem st\u00e4dtischen Beteiligungsportal bislang eingegangen. Aus diesem Grund geht die Beteiligung in die Verl\u00e4ngerung: Noch bis einschlie\u00dflich Freitag, 2. Juli, ist die Meinung der B\u00fcrgerinnen und B\u00fcrger zum Thema \u201eAttraktive Innenstadt\u201c gefragt.<\/p>\n\n\n\n<p>\u201eOb Gastronomie und Hotellerie, Einzelhandel und Kultur, Klimaanpassung bzw. Stadtgr\u00fcn, Verkehr, Tourismus oder Baukultur: Wenn es um die Zukunft unserer Innenstadt geht, gibt es zahlreiche Themen und Aspekte, die es zu ber\u00fccksichtigen gilt\u201c, betont Oberb\u00fcrgermeister Thomas Hirsch. Die Ideen und Anregungen, die bislang eingegangen sind, reichen von Plauder-Bereichen in Parks, einem festen Weinstand in der Innenstadt und \u00f6ffentlichen Beeten zum Bepflanzen \u00fcber Trinkwasserbrunnen, einen kleinen innerst\u00e4dtischen Baumarkt und dem Beleben leerer Schaufenster mit Kunst bis hin zu Selfie-Standpunkten und QR-Codes f\u00fcr Infos zu Orten und Sehensw\u00fcrdigkeiten und einem Tourismus-Pass.<\/p>\n\n\n\n<p>\u201eDie Ideen, die wir in den vergangenen Wochen bereits erhalten haben, sind unheimlich vielf\u00e4ltig und kreativ \u2013 genau das, was wir zur weiteren Belebung und zur Steigerung der Attraktivit\u00e4t unserer Innenstadt brauchen\u201c, betont der Stadtchef. \u201eWir freuen uns sehr, dass sich die B\u00fcrgerinnen und B\u00fcrger so engagiert einbringen und hoffen auch in den kommenden Wochen noch auf viele weitere Anregungen\u201c, erkl\u00e4rt Hirsch.<\/p>\n\n\n\n<p>Auf www.mitredeninLD.de k\u00f6nnen interessierte B\u00fcrgerinnen und B\u00fcrger in acht themenbezogenen Diskussionsforen ihre Ideen und Anregungen f\u00fcr die Zukunft der Landauer Innenstadt einbringen. Die Ideen anderer k\u00f6nnen kommentiert und durch einen &#8222;Daumen hoch&#8220; oder einen &#8222;Daumen runter&#8220; bewertet werden.<\/p>\n\n\n\n<p>Gemeinsam mit dem Input der \u00f6ffentlichen Anh\u00f6rung zur Situation und Zukunft der Landauer Innenstadt mit hochkar\u00e4tigem Podium, die vor einigen Wochen stattfand, werden die Ideen und Anregungen in ein Strategiepapier zur weiteren Vorgehensweise einflie\u00dfen, das die Verwaltung entwickeln wird.<\/p>\n\n\n\n<p><em>Stadtverwaltung Landau in der Pfalz<br>13.06.2021<\/em><\/p>\n\n\n\n<h2 class=\"wp-block-heading\">F\u00fcr ein sauberes Stadtbild: Stadt Landau markiert erneut \u201eSchrottr\u00e4der\u201c<\/h2>\n\n\n\n<div class=\"wp-block-image\"><figure class=\"aligncenter size-large\"><img decoding=\"async\" loading=\"lazy\" width=\"800\" height=\"533\" src=\"https:\/\/speyer24news.com\/wp-content\/uploads\/2021\/06\/09-06-2021-Info-Schrottraeder.jpg\" alt=\"\" class=\"wp-image-37832\" srcset=\"https:\/\/speyer24news.com\/wp-content\/uploads\/2021\/06\/09-06-2021-Info-Schrottraeder.jpg 800w, https:\/\/speyer24news.com\/wp-content\/uploads\/2021\/06\/09-06-2021-Info-Schrottraeder-300x200.jpg 300w, https:\/\/speyer24news.com\/wp-content\/uploads\/2021\/06\/09-06-2021-Info-Schrottraeder-768x512.jpg 768w\" sizes=\"(max-width: 800px) 100vw, 800px\" \/><figcaption>Hat schon bessere Zeiten gesehen: Ein \u201eSchrottrad\u201c am Landauer Hauptbahnhof.<br><em>Foto: Stadt Landau<\/em><\/figcaption><\/figure><\/div>\n\n\n\n<p>Die Stadt Landau schafft weiter Ordnung. Im Bereich des Hauptbahnhofs hat sie jetzt 22 sogenannte \u201eSchrottr\u00e4der\u201c markiert, also Anh\u00e4nger mit der Bitte um Beseitigung an den Fahrr\u00e4dern befestigt. Die knapp zwei Dutzend herrenlosen R\u00e4der, die offenkundig nicht mehr fahrt\u00fcchtig sind und seit L\u00e4ngerem nicht bewegt wurden, werden in wenigen Wochen von der Verwaltung abger\u00e4umt. Wer das eigene Rad doch noch zur\u00fcckhaben m\u00f6chte, wird gebeten, dieses <strong>bis zum 21. Juli<\/strong> einzusammeln.<\/p>\n\n\n\n<p>Seit dem vergangenen Jahr markieren Ordnungsamt, Umweltamt, Bauhof und Honorarkraft Erhardt Vortanz, fr\u00fcherer Planer f\u00fcr Radwegweisung, vier Mal im Jahr \u201eSchrottr\u00e4der\u201c \u2013 statt wie zuvor nur zwei Mal. Dass das dringend erforderlich ist, zeigen die Zahlen: Bei der aktuellen \u201eTour\u201c am Bahnhof wurden 22 von 123 Fahrr\u00e4dern beanstandet; im M\u00e4rz dieses Jahres waren es gar 99 von 221.<\/p>\n\n\n\n<p>\u201eDort, wo ein \u00bbSchrottrad\u00ab steht, stehen ganz schnell viele\u201c, wei\u00df Ordnungsdezernent Lukas Hartmann. \u201eDaher haben wir es uns zur Aufgabe gemacht, nicht mehr fahrt\u00fcchtige R\u00e4der regelm\u00e4\u00dfig abzur\u00e4umen. Sie verschandeln nicht nur das Stadtbild, sondern blockieren auch Parkb\u00fcgel.\u201c Sein Appell: \u201eBitte entsorgt eure alten R\u00e4der ordnungsgem\u00e4\u00df und lasst sie nicht zum \u00bbSterben\u00ab irgendwo im Stadtgebiet zur\u00fcck.\u201c <\/p>\n\n\n\n<p><em>Stadtverwaltung Landau in der Pfalz<br>13.06.2021<\/em><\/p>\n\n\n\n<h2 class=\"wp-block-heading\">Humorvoll, hintersinnig und herzlich: Neue Kollektion l\u00e4sst Werke des Landauer Mundart-Zeichners Fritz Winter neu aufleben<\/h2>\n\n\n\n<div class=\"wp-block-image\"><figure class=\"aligncenter size-large\"><img decoding=\"async\" loading=\"lazy\" width=\"800\" height=\"533\" src=\"https:\/\/speyer24news.com\/wp-content\/uploads\/2021\/06\/09-06-2021-Info-Winter.jpg\" alt=\"\" class=\"wp-image-37831\" srcset=\"https:\/\/speyer24news.com\/wp-content\/uploads\/2021\/06\/09-06-2021-Info-Winter.jpg 800w, https:\/\/speyer24news.com\/wp-content\/uploads\/2021\/06\/09-06-2021-Info-Winter-300x200.jpg 300w, https:\/\/speyer24news.com\/wp-content\/uploads\/2021\/06\/09-06-2021-Info-Winter-768x512.jpg 768w\" sizes=\"(max-width: 800px) 100vw, 800px\" \/><figcaption>Andreas Winter, Isabella Breda-Winter, Manfred Helm, Hannelore Helm und B\u00fcrgermeister Dr. Maximilian Ingenthron (v.l.n.r.) bei der Vorstellung der neuen Fritz-Winter-Edition.<br><em>Foto: Stadt Landau<\/em><\/figcaption><\/figure><\/div>\n\n\n\n<p>\u201eEher soll die Welt verderwe, als vor Dorscht \u00e4n P\u00e4lzer schterwe\u201c: Wer sollte da widersprechen? Fritz Winter, 1890 in Landau geboren, war ein Mundart-Zeichner, dessen Werke bis heute die besondere Lebensfreude der Pf\u00e4lzerinnen und Pf\u00e4lzer ausstrahlen. Sein Enkel Andreas Winter und dessen Frau Isabella Breda-Winter haben die rund 100 Jahre alten Zeichnungen und Weisheiten des Gro\u00dfvaters in einer Kollektion neu aufleben lassen. Gemeinsam mit dem Ehepaar und der Inhaberin des Gesch\u00e4fts Dies&amp;Das am Kleinen Platz, Hannelore Helm, stellte B\u00fcrgermeister Dr. Maximilian Ingenthron die neue Fritz-Winter-Edition jetzt vor.<\/p>\n\n\n\n<p>\u201eHumorvoll, hintersinnig und herzlich: So wie die Pf\u00e4lzer Lebensart sind auch die Werke von Fritz Winter\u201c, fasst der Kulturdezernent zusammen. Er ist \u00fcberzeugt: \u201eDie Zeichnungen von Fritz Winter sind ein ganzes Jahrhundert alt und haben doch nichts von ihrem Witz und ihrem Charme eingeb\u00fc\u00dft. Es freut mich, dass sich Andreas Winter dazu entschlossen hat, den Zeichnungen neues Leben einzuhauchen und damit das Andenken an seinen Gro\u00dfvater auf besondere Weise zu ehren.\u201c Die k\u00fcnstlerischen Ergebnisse auf diversen Artikeln des t\u00e4glichen Gebrauchs lie\u00dfen sich mehr als sehen \u2013 und auch ganz praktisch nutzen, so Dr. Ingenthron weiter.<\/p>\n\n\n\n<p>Auch Andreas Winter ist es wichtig, die Werke seines Gro\u00dfvaters nicht in einen \u201eakademischen\u201c Zusammenhang zu stellen, sondern sie allen Interessierten zug\u00e4nglich zu machen. \u201eKombiniert mit kernigen Pf\u00e4lzer Spr\u00fcchen zieren die Zeichnungen meines Gro\u00dfvaters nun beispielsweise Sch\u00fcrzen, T-Shirts, Gl\u00e4ser und Postkarten\u201c, so Winter. \u201eAuf diese Weise verbinden sich Pf\u00e4lzer Lebensfreude und Genuss mit Kunst.\u201c<\/p>\n\n\n\n<p>Die Winters haben sich bewusst entschieden, die Artikel der Fritz-Winter-Edition nicht \u00fcber das Internet, sondern ausschlie\u00dflich \u00fcber den \u00f6rtlichen Einzelhandel zu verkaufen. Das Landauer Fachgesch\u00e4ft f\u00fcr Kunstgewerbe, Schmuck, Mode- und Wohnaccessoires Dies&amp;Das ist das erste Gesch\u00e4ft in der Pfalz, das die Artikel der Fritz-Winter-Edition verkauft. Inhaberin Hannelore Helm freut sich \u00fcber die hochwertigen Artikel mit den kunstvollen Zeichnungen: \u201eF\u00fcr uns als kleines Einzelhandelsgesch\u00e4ft ist es wichtig, Artikel im Angebot zu haben, die einmalig sind und von den gro\u00dfen Ketten nicht angeboten werden\u201c, so Helm.<\/p>\n\n\n\n<h4 class=\"wp-block-heading\">Zum Hintergrund:<\/h4>\n\n\n\n<p>Fritz Winter fiel schon als Kind durch seine au\u00dferordentliche zeichnerische Begabung auf. Nach einer Lehre als Kunsttischler im elterlichen Betrieb in Landau bekam er ein Stipendium und studierte Holzbildhauerei an der Akademie der K\u00fcnste in M\u00fcnchen. F\u00fcr seine Werke erhielt er mehrere Preise. Ein Unfall, durch den Fritz Winter einen Fu\u00df verlor, bedeutete das Aus f\u00fcr seine Bildhauerei. Sein Einkommen sicherte er sich durch eine Anstellung als technischer Zeichner bei der Landauer Stadtverwaltung. Daneben illustrierte er seit den 1920er Jahren mit Herz und Humor seine Heimat. Er zeichnete unter anderem f\u00fcr den fr\u00fcheren Landauer Anzeiger, den \u201ePf\u00e4lzer Feierowend\u201c, f\u00fcr die Bistumszeitung \u201eDer Pilger\u201c und f\u00fcr Schul- und Kinderb\u00fccher.<\/p>\n\n\n\n<h4 class=\"wp-block-heading\">Weitere Informationen finden sich auf der Internetseite <a href=\"http:\/\/www.fritzwinter-edition.com\">www.fritzwinter-edition.com<\/a>. <\/h4>\n\n\n\n<p><em>Stadtverwaltung Landau in der Pfalz<br>13.06.2021<\/em><\/p>\n\n\n\n<h2 class=\"wp-block-heading\">Zum 100. Geburtstag der Landauer Kunstm\u00e4zenin Theresia \u201eResel\u201c Fr\u00fchmesser<\/h2>\n\n\n\n<div class=\"wp-block-image\"><figure class=\"aligncenter size-large\"><img decoding=\"async\" loading=\"lazy\" width=\"800\" height=\"533\" src=\"https:\/\/speyer24news.com\/wp-content\/uploads\/2021\/06\/09-06-2021-Info-Fruehmesser_1.jpg\" alt=\"\" class=\"wp-image-37828\" srcset=\"https:\/\/speyer24news.com\/wp-content\/uploads\/2021\/06\/09-06-2021-Info-Fruehmesser_1.jpg 800w, https:\/\/speyer24news.com\/wp-content\/uploads\/2021\/06\/09-06-2021-Info-Fruehmesser_1-300x200.jpg 300w, https:\/\/speyer24news.com\/wp-content\/uploads\/2021\/06\/09-06-2021-Info-Fruehmesser_1-768x512.jpg 768w\" sizes=\"(max-width: 800px) 100vw, 800px\" \/><figcaption>Kulturdezernent Dr. Maximilian Ingenthron (r.) und Friedhofsverwalter Gerhard Blumer am Grab von Kunstm\u00e4zenin Resel Fr\u00fchmesser und ihrer Familie.<br><em>Foto: Stadt Landau<\/em><\/figcaption><\/figure><\/div>\n\n\n\n<p>Sie ist nicht vergessen: Am 9. Juni w\u00e4re Theresia \u201eResel\u201c Fr\u00fchmesser, die gro\u00dfe Landauer Kunstm\u00e4zenin, 100 Jahre alt geworden. Fr\u00fchmesser, die 2019 wenige Tage vor ihrem 98. Geburtstag starb, setzte sich zeitlebens f\u00fcr die F\u00f6rderung junger Musikerinnen und Musiker ein. Um an deren Ehrentag an die M\u00e4zenin zu erinnern, legte B\u00fcrgermeister und Kulturdezernent Dr. Maximilian Ingenthron im Namen des Stadtvorstands an ihrem Grab ein Blumenbouquet nieder.<\/p>\n\n\n\n<p>Zuvor hatte bereits OB Thomas Hirsch in einem Brief an die Familie Fr\u00fchmesser betont, dass die Stadt Landau der verstorbenen Kunstm\u00e4zenin weiter ein ehrendes Andenken bewahren und ihr besonderes Engagement stets in guter Erinnerung behalten werde. \u201eResel Fr\u00fchmesser war eine au\u00dfergew\u00f6hnliche Pers\u00f6nlichkeit, die sich f\u00fcr den k\u00fcnstlerischen Nachwuchs in Europa, aber auch f\u00fcr ihre Heimatstadt Landau besonders eingesetzt hat.\u201c Vor allem hebt der Stadtchef Fr\u00fchmessers ehrenamtliches Engagement bei der Sanierung der Jugendstil-Festhalle hervor. Dank ihrer Kontakte zu hervorragenden Musikerinnen und Musikern im In- und Ausland konnte beispielsweise ein hochkar\u00e4tig besetztes Konzert mit der Deutschen Kammerphilharmonie Bremen unter Dirigent Paavo J\u00e4rvi mit Pianistin Sophie Mautner im Jahr 1998 organisiert werden, dessen Erl\u00f6s in die Sanierung des Landauer \u201eMusentempels\u201c floss.<\/p>\n\n\n\n<div class=\"wp-block-image\"><figure class=\"aligncenter size-large\"><img decoding=\"async\" loading=\"lazy\" width=\"800\" height=\"540\" src=\"https:\/\/speyer24news.com\/wp-content\/uploads\/2021\/06\/09-06-2021-Info-Fruehmesser_2.jpg\" alt=\"\" class=\"wp-image-37829\" srcset=\"https:\/\/speyer24news.com\/wp-content\/uploads\/2021\/06\/09-06-2021-Info-Fruehmesser_2.jpg 800w, https:\/\/speyer24news.com\/wp-content\/uploads\/2021\/06\/09-06-2021-Info-Fruehmesser_2-300x203.jpg 300w, https:\/\/speyer24news.com\/wp-content\/uploads\/2021\/06\/09-06-2021-Info-Fruehmesser_2-768x518.jpg 768w\" sizes=\"(max-width: 800px) 100vw, 800px\" \/><figcaption>Der damalige OB Dr. Christof Wolff, Pianistin Sophie Mautner, Theresia \u201eResel\u201c Fr\u00fchmesser und Dirigent Paavo J\u00e4rvi (v.l.n.r.) beim Benefizkonzert zugunsten der Sanierung der Landauer Jugendstil-Festhalle im Jahr 1998.<br><em>Foto: Stadt Landau<\/em><\/figcaption><\/figure><\/div>\n\n\n\n<p>\u201ePianistin, Malerin und Musikliebhaberin: Resel Fr\u00fchmesser hatte viele Interessen, aber ihr Herz geh\u00f6rte vor allem der materiellen sowie k\u00fcnstlerischen F\u00f6rderung junger Musikerinnen und Musiker\u201c, erinnert Dr. Ingenthron. \u201eSie unterst\u00fctzte Pianistinnen und Pianisten aus dem europ\u00e4ischen Ausland, indem sie diesen den Aufenthalt in ihrem Haus in Landau und gleichzeitig die Ausbildung am Konservatorium in Karlsruhe erm\u00f6glichte. Dabei gab sie den jungen Musikerinnen und Musikern auch die Gelegenheit, bei ihren legend\u00e4ren Hauskonzerten in einem besonderen Ambiente vor einem interessierten Publikum aufzutreten und damit zugleich das kulturelle Leben in unserer Stadt zu bereichern. Ein wahrhaft beeindruckendes Engagement und das Fundament vieler erfolgreicher Karrieren in der klassischen Musik!\u201c Zu Fr\u00fchmessers Sch\u00fctzlingen z\u00e4hlte u.a. der russische Starpianist Andrei Ivanovitch.<\/p>\n\n\n\n<p>\u201eMit viel Charme, Bescheidenheit und gro\u00dfem musikalischem Verst\u00e4ndnis hat sich Resel Fr\u00fchmesser um die Verst\u00e4ndigung europ\u00e4ischer V\u00f6lker durch die Kunst verdient gemacht\u201c, betont der Kulturdezernent. Er informiert auch dar\u00fcber, dass die Kunstm\u00e4zenin langj\u00e4hrige und begeisterte Abonnentin in der Jugendstil-Festhalle war \u2013 und das seit der ersten Spielzeit nach dem 2. Weltkrieg in den Jahren 1946\/47 bis zur Saison 2013\/14. Theresia \u201eResel\u201c Fr\u00fchmesser wurde f\u00fcr ihr besonderes Engagement auch mit dem Bundesverdienstkreuz ausgezeichnet und war Tr\u00e4gerin der Ehrennadel der Stadt Landau.<\/p>\n\n\n\n<p><em>Stadtverwaltung Landau in der Pfalz<br>13.06.2021<\/em><\/p>\n\n\n\n<h2 class=\"wp-block-heading\">Heiraten in der S\u00fcdpfalzmetropole: Standesamt der Stadt Landau gibt Trausamstage f\u00fcr 2022 bekannt<\/h2>\n\n\n\n<div class=\"wp-block-image\"><figure class=\"aligncenter size-large\"><img decoding=\"async\" loading=\"lazy\" width=\"800\" height=\"533\" src=\"https:\/\/speyer24news.com\/wp-content\/uploads\/2021\/06\/09-06-2021-Info-Trausamstage.jpg\" alt=\"\" class=\"wp-image-37827\" srcset=\"https:\/\/speyer24news.com\/wp-content\/uploads\/2021\/06\/09-06-2021-Info-Trausamstage.jpg 800w, https:\/\/speyer24news.com\/wp-content\/uploads\/2021\/06\/09-06-2021-Info-Trausamstage-300x200.jpg 300w, https:\/\/speyer24news.com\/wp-content\/uploads\/2021\/06\/09-06-2021-Info-Trausamstage-768x512.jpg 768w\" sizes=\"(max-width: 800px) 100vw, 800px\" \/><figcaption>Auch im n\u00e4chsten Jahr kann im Landauer Rathaus einmal im Monat samstags geheiratet werden<em>.<\/em><br><em>Foto: Colin Ketterlin<\/em><\/figcaption><\/figure><\/div>\n\n\n\n<p>Wer den Bund f\u00fcrs Leben schlie\u00dfen m\u00f6chte, kann das beim Standesamt der Stadt Landau auch am Wochenende: Denn einmal im Monat finden Trauungen im Rathaus der S\u00fcdpfalzmetropole auch samstags statt. Jetzt stehen die Trausamstagstermine f\u00fcr das Jahr 2022 fest.<\/p>\n\n\n\n<p>Wie in diesem Jahr wird es auch wieder in den Monaten Mai, Juni, September und Oktober ein erweitertes Angebot geben. Das hei\u00dft am entsprechenden Trausamstag kann nicht nur an wie \u00fcblich vier, sondern gleich an sechs Terminen geheiratet werden.<\/p>\n\n\n\n<h4 class=\"wp-block-heading\">Die Samstagstermine f\u00fcr standesamtliche Trauungen 2022 im Rathaus Landau sind:<\/h4>\n\n\n\n<ul><li>22. Januar\u00a0\u00a0\u00a0\u00a0\u00a0\u00a0\u00a0\u00a0 \u00a0\u00a0\u00a0\u00a0\u00a0\u00a0\u00a0\u00a0\u00a0\u00a0\u00a0 (10 Uhr, 11 Uhr, 12 Uhr und 13 Uhr)<\/li><li>12. Februar\u00a0\u00a0\u00a0\u00a0\u00a0\u00a0 \u00a0\u00a0\u00a0\u00a0\u00a0\u00a0\u00a0\u00a0\u00a0\u00a0\u00a0 (10 Uhr, 11 Uhr, 12 Uhr und 13 Uhr)<\/li><li>12. M\u00e4rz\u00a0\u00a0\u00a0\u00a0\u00a0\u00a0\u00a0\u00a0\u00a0\u00a0 \u00a0\u00a0\u00a0\u00a0\u00a0\u00a0\u00a0\u00a0\u00a0\u00a0\u00a0 (10 Uhr, 11 Uhr, 12 Uhr und 13 Uhr)<\/li><li>9. April\u00a0\u00a0\u00a0\u00a0\u00a0\u00a0\u00a0\u00a0\u00a0\u00a0\u00a0\u00a0\u00a0 \u00a0\u00a0\u00a0\u00a0\u00a0\u00a0\u00a0\u00a0\u00a0\u00a0\u00a0 (10 Uhr, 11 Uhr, 12 Uhr und 13 Uhr)<\/li><li>14. Mai\u00a0 \u00a0\u00a0\u00a0\u00a0\u00a0\u00a0\u00a0\u00a0\u00a0\u00a0\u00a0 \u00a0\u00a0\u00a0\u00a0\u00a0\u00a0\u00a0\u00a0\u00a0\u00a0\u00a0 (10 Uhr, 11 Uhr, 12 Uhr, 13 Uhr, 14 Uhr und 15 Uhr)<\/li><li>25. Juni\u00a0 \u00a0\u00a0\u00a0\u00a0\u00a0\u00a0\u00a0\u00a0\u00a0\u00a0\u00a0            (10 Uhr, 11 Uhr, 12 Uhr, 13 Uhr, 14 Uhr und 15 Uhr)<\/li><li>16. Juli\u00a0\u00a0\u00a0\u00a0\u00a0\u00a0\u00a0\u00a0\u00a0\u00a0\u00a0\u00a0\u00a0\u00a0 \u00a0\u00a0\u00a0\u00a0\u00a0\u00a0\u00a0\u00a0\u00a0\u00a0\u00a0 (10 Uhr, 11 Uhr, 12 Uhr und 13 Uhr)<\/li><li>20. August\u00a0\u00a0\u00a0\u00a0\u00a0\u00a0\u00a0\u00a0 \u00a0\u00a0\u00a0\u00a0\u00a0\u00a0\u00a0\u00a0\u00a0\u00a0\u00a0 (10 Uhr, 11 Uhr, 12 Uhr und 13 Uhr)<\/li><li>17. September\u00a0              (10 Uhr, 11 Uhr, 12 Uhr, 13 Uhr, 14 Uhr und 15 Uhr)<\/li><li>8. Oktober\u00a0\u00a0\u00a0\u00a0\u00a0\u00a0\u00a0\u00a0\u00a0\u00a0\u00a0\u00a0\u00a0\u00a0\u00a0\u00a0\u00a0\u00a0\u00a0\u00a0 (10 Uhr, 11 Uhr, 12 Uhr, 13 Uhr, 14 Uhr und 15 Uhr)<\/li><li>12. November\u00a0\u00a0             (10 Uhr, 11 Uhr, 12 Uhr und 13 Uhr)<\/li><li>10. Dezember\u00a0\u00a0\u00a0\u00a0\u00a0\u00a0\u00a0\u00a0\u00a0\u00a0\u00a0\u00a0\u00a0\u00a0 (10 Uhr, 11 Uhr, 12 Uhr und 13 Uhr)<\/li><\/ul>\n\n\n\n<p>Eine Reservierung des Wunschtermins ist jeweils ein Jahr im Voraus ab dem ersten Tag des gew\u00fcnschten Monats m\u00f6glich. So kann beispielsweise ein Trautermin f\u00fcr den 16. Juli 2022 ab Donnerstag, 1. Juli 2021 per E-Mail an <a href=\"mailto:standesamt@landau.de\">standesamt@landau.de<\/a> reserviert werden.<\/p>\n\n\n\n<p>Weitere Informationen sind auch auf der st\u00e4dtischen Webseite <a href=\"http:\/\/www.landau.de\">www.landau.de<\/a> zu finden.<\/p>\n\n\n\n<p><em>Stadtverwaltung Landau in der Pfalz<br>13.06.2021<\/em><\/p>\n\n\n\n<h2 class=\"wp-block-heading\"><strong>Forum Demenz geht online<\/strong><\/h2>\n\n\n\n<p>Unter \u201e<a href=\"http:\/\/www.forumdemenz.de\">www.forumdemenz.de<\/a>\u201c pr\u00e4sentiert sich ab sofort das Forum Demenz Kreis S\u00fcdliche Weinstra\u00dfe \u2013 Stadt Landau mit einer eigenen Homepage. Die neue Website richtet sich an Menschen, die an Demenz erkrankt sind und an deren Angeh\u00f6rige. Sie bietet Informationen \u00fcber das Krankheitsbild Demenz und Hinweise f\u00fcr Angeh\u00f6rige und Betroffene zur Alltagsbew\u00e4ltigung. Beratungs- und Unterst\u00fctzungsangebote sowie aktuelle Themen und Hinweise sind ebenfalls auf der Internetseite zu finden. Die Inhalte werden regelm\u00e4\u00dfig aktualisiert und erweitert.<\/p>\n\n\n\n<p>Das Forum Demenz ist ein gemeinsames Netzwerk des Landkreises S\u00fcdliche Weinstra\u00dfe und der Stadt Landau. Das Forum k\u00fcmmert sich bereits seit 2008 um die Belange demenzerkrankter Menschen und ihrer Angeh\u00f6rigen. Heike Neumann, Mitarbeiterin der Kreisverwaltung S\u00fcdliche Weinstra\u00dfe und Ulrike Sprengling, Beauftragte f\u00fcr die Belange \u00e4lterer Menschen der Stadt Landau, koordinieren die Netzwerkarbeit und sind Ansprechpartnerinnen f\u00fcr die Homepage.<\/p>\n\n\n\n<p>Demenzielle Erkrankungen gehen h\u00e4ufig mit einem gro\u00dfen Unterst\u00fctzungsbedarf einher. Dies stellt nicht nur f\u00fcr die Betroffenen selbst, sondern auch f\u00fcr deren Angeh\u00f6rige eine psychische und physische Herausforderung dar. Dem Netzwerk war es deshalb ein gro\u00dfes Anliegen, mit einer eigenen Homepage aktuell und unkompliziert Informationen rund um das Thema Demenz bereitstellen zu k\u00f6nnen. Die neue Homepage soll nicht nur viele Informationen liefern, sondern auch dazu ermutigen, sich im Bedarfsfall an die genannten Stellen zu wenden.<\/p>\n\n\n\n<p><em>Gemeinsame Pressemitteilung der Stadtverwaltung Landau und der Kreisverwaltung S\u00fcdliche Weinstra\u00dfe<br>13.06.2021<\/em><\/p>\n\n\n\n<h2 class=\"wp-block-heading\">Die gemeinsame Betreuungsbeh\u00f6rde der Stadt Landau und des Landkreises S\u00fcdliche Weinstra\u00dfe l\u00e4dt ein: Fortbildungsreihe f\u00fcr ehrenamtliche Betreuerinnen und Betreuer, Bevollm\u00e4chtigte und Interessierte im Juni und Juli in Landau<\/h2>\n\n\n\n<p>Zusammen mit den \u00f6rtlichen Betreuungsvereinen sowie der Volkshochschule S\u00fcdliche Weinstra\u00dfe veranstaltet die gemeinsame Betreuungsbeh\u00f6rde der Stadt Landau und des Landkreises S\u00fcdliche Weinstra\u00dfe auch 2021 wieder einen Grund- und Aufbaukurs f\u00fcr ehrenamtliche Betreuerinnen und Betreuer, Bevollm\u00e4chtigte und Personen, die Interesse daran haben, ein solches Ehrenamt zu \u00fcbernehmen. Der Kurs findet von 17. Juni bis 15. Juli immer donnerstags von 18 Uhr bis 19:30 Uhr in der Seniorenresidenz Parkstift in der Pommernstra\u00dfe 35 in Landau statt.<\/p>\n\n\n\n<p>Was passiert, wenn jemand alters- oder krankheitsbedingt allt\u00e4gliche organisatorische Dinge nicht mehr eigenst\u00e4ndig regeln kann? Wer trifft dann die Entscheidungen? Viele Menschen erteilen heutzutage eine Vorsorgevollmacht und entscheiden so noch w\u00e4hrend es ihnen gut geht, wer sich als Bevollm\u00e4chtigte oder Bevollm\u00e4chtigter um ihre Angelegenheiten k\u00fcmmern soll. Andere haben keine Vorsorgevollmacht. Wenn sie sich nicht mehr in allen Angelegenheiten selbst vertreten k\u00f6nnen, bestellt das Betreuungsgericht eine Betreuerin bzw. einen Betreuer. Was an Aufgaben auf diese rechtlichen Vertreterinnen und Vertreter zukommt, was sie beachten m\u00fcssen und an wen sie sich bei Unklarheiten und Problemen wenden k\u00f6nnen \u2013 diese und weitere Fragen werden in der f\u00fcnfteiligen Veranstaltungsreihe gekl\u00e4rt.<\/p>\n\n\n\n<h4 class=\"wp-block-heading\">Die Termine und Themen im \u00dcberblick:<\/h4>\n\n\n\n<ul><li><strong>17. Juni: Einf\u00fchrung in das Betreuungsrecht, Abgrenzung zur Vorsorgevollmacht<\/strong><\/li><li><strong>24. Juni: Gesundheitssorge, Aufenthaltsbestimmung und betreuungsgerichtliche Genehmigung<\/strong><\/li><li><strong>1. Juli: Verm\u00f6genssorge und Vorstellung des Hilfesystems in Landau und im Kreis S\u00dcW<\/strong><\/li><li><strong>8. Juli: Reform des Betreuungsrechts<\/strong><\/li><li><strong>15. Juli: Aufgaben der Betreuungsbeh\u00f6rde<\/strong><\/li><\/ul>\n\n\n\n<p>Die Teilnahme an der Fortbildungsreihe ist kostenlos. Anmeldungen nimmt Michael W\u00fcst (Gesch\u00e4ftsf\u00fchrer SKFM Betreuungsverein Landau e. V.) per Mail an <a href=\"mailto:michael.wuest@skfm.de\">michael.wuest@skfm.de<\/a> oder telefonisch unter 0 63 41\/55 12 3 entgegen.<\/p>\n\n\n\n<p><em>Gemeinsame Pressemitteilung der Stadtverwaltung Landau und der Kreisverwaltung S\u00fcdliche Weinstra\u00dfe<br>13.06.2021<\/em><\/p>\n\n\n\n<h1 class=\"has-text-align-center wp-block-heading\">Corona-Virus<\/h1>\n\n\n\n<figure class=\"wp-block-image size-large\"><img decoding=\"async\" loading=\"lazy\" width=\"800\" height=\"346\" src=\"https:\/\/speyer24news.com\/wp-content\/uploads\/2020\/02\/coronavirus-4817450_1920.jpg\" alt=\"\" class=\"wp-image-25126\" srcset=\"https:\/\/speyer24news.com\/wp-content\/uploads\/2020\/02\/coronavirus-4817450_1920.jpg 800w, https:\/\/speyer24news.com\/wp-content\/uploads\/2020\/02\/coronavirus-4817450_1920-300x130.jpg 300w, https:\/\/speyer24news.com\/wp-content\/uploads\/2020\/02\/coronavirus-4817450_1920-768x332.jpg 768w\" sizes=\"(max-width: 800px) 100vw, 800px\" \/><\/figure>\n\n\n\n<h2 class=\"wp-block-heading\">Inzidenz in Landau bleibt mit 6,4 weiter deutlich unter 50<\/h2>\n\n\n\n<div class=\"wp-block-image\"><figure class=\"aligncenter size-large\"><img decoding=\"async\" loading=\"lazy\" width=\"800\" height=\"671\" src=\"https:\/\/speyer24news.com\/wp-content\/uploads\/2021\/06\/11-06-2021-Info-Inzidenz.jpg\" alt=\"\" class=\"wp-image-37842\" srcset=\"https:\/\/speyer24news.com\/wp-content\/uploads\/2021\/06\/11-06-2021-Info-Inzidenz.jpg 800w, https:\/\/speyer24news.com\/wp-content\/uploads\/2021\/06\/11-06-2021-Info-Inzidenz-300x252.jpg 300w, https:\/\/speyer24news.com\/wp-content\/uploads\/2021\/06\/11-06-2021-Info-Inzidenz-768x644.jpg 768w\" sizes=\"(max-width: 800px) 100vw, 800px\" \/><figcaption>Die Kurz-\u00dcbersicht der aktuell geltenden Regeln in Landau.<br><em>Foto: Stadt Landau<\/em><\/figcaption><\/figure><\/div>\n\n\n\n<p>Die 7-Tages-Inzidenz der Stadt Landau liegt der heutigen Mitteilung des Landesuntersuchungsamts zufolge bei 6,4 \u2013 minimal h\u00f6her als gestern (4,3), aber weiter deutlich unter der \u201emagischen Grenze\u201c von 50. Die landesweite Inzidenz betr\u00e4gt 19,1 und damit etwas weniger als am gestrigen Donnerstag (20,0).<\/p>\n\n\n\n<p>In Landau gelten weiter die Regeln der 22. Corona-Bek\u00e4mpfungsverordnung des Landes Rheinland-Pfalz. Ab Freitag, 18. Juni, sollen zudem weitere Lockerungen in Kraft treten, etwa bei privaten Veranstaltungen sowie in den Bereichen Sport, Tourismus, Freizeit und Kultur.\u00a0<\/p>\n\n\n\n<p>Die Stadt Landau gibt auf ihrer Internetseite unter <a href=\"http:\/\/www.landau.de\/corona\">www.landau.de\/corona<\/a> einen \u00dcberblick \u00fcber die wichtigsten Regeln, die aktuell gelten; die komplette Landesverordnung kann auf <a href=\"http:\/\/www.corona.rlp.de\/de\/service\/rechtsgrundlagen\">www.corona.rlp.de\/de\/service\/rechtsgrundlagen<\/a> \u00a0eingesehen werden. <\/p>\n\n\n\n<p><em>Stadtverwaltung Landau in der Pfalz<br>13.06.2021<\/em><\/p>\n\n\n\n<h2 class=\"wp-block-heading\"><strong>Coronavirus: Fallzahlen im Landkreis S\u00fcdliche Weinstra\u00dfe und der Stadt Landau vom Freitag (11.06.2021)<\/strong><\/h2>\n\n\n\n<p>Nach aktuellem Stand (11.06.2021, 11:02 Uhr) hat sich seit der gestrigen Meldung <strong>kein<\/strong> weiterer Fall des Coronavirus (SARS-CoV-2) im Landkreis S\u00fcdliche Weinstra\u00dfe und in der Stadt Landau best\u00e4tigt. Insgesamt wurden <strong>5.335 <\/strong>F\u00e4lle im Zust\u00e4ndigkeitsbereich des Gesundheitsamts S\u00fcdliche Weinstra\u00dfe an das Landesuntersuchungsamt \u00fcbermittelt. <strong>5.150<\/strong> Personen sind gesundet. Insgesamt sind <strong>154<\/strong> Personen verstorben. Den Angeh\u00f6rigen und Hinterbliebenen sprechen Landrat Dietmar Seefeldt und Oberb\u00fcrgermeister Thomas Hirsch ihr herzliches Beileid aus.<\/p>\n\n\n\n<h4 class=\"wp-block-heading\">Folgende Einrichtung in der Stadt Landau ist aktuell neu betroffen:<\/h4>\n\n\n\n<ul><li><strong>Kindertagesst\u00e4tte \u201eVilla Mahla\u201c, Landau<\/strong><\/li><li>Ein Kind wurde bereits Mitte der Woche positiv auf SARS-CoV-2 getestet.<\/li><li>Alle Kontaktpersonen befinden sich bereits in h\u00e4uslicher Absonderung.<\/li><\/ul>\n\n\n\n<ul><li><strong>Verbandsgemeinde Annweiler:<\/strong> 497 Personen (486 davon gesundet, 10 verstorben)<\/li><li><strong>Verbandsgemeinde Bad Bergzabern<\/strong>:762 Personen (734 davon gesundet, 23 verstorben)<\/li><li><strong>Verbandsgemeinde Edenkoben<\/strong>: 670 Personen (642 davon gesundet, 22 verstorben)<\/li><li><strong>Verbandsgemeinde Herxheim: <\/strong>667 Personen (643 davon gesundet, 20 verstorben)<\/li><li><strong>Verbandsgemeinde Landau-Land<\/strong>: 396 Personen (380 davon gesundet, 15 verstorben)<\/li><li><strong>Verbandsgemeinde Maikammer<\/strong>: 212 Personen (209 davon gesundet, 3 verstorben)<\/li><li><strong>Verbandsgemeinde Offenbach<\/strong>: 469 Personen (440 davon gesundet, 24 verstorben)<\/li><li><strong>Stadt Landau<\/strong>: 1.662 Personen (1.616 davon gesundet, 37 verstorben)<\/li><\/ul>\n\n\n\n<p>*Eine Person gilt als gesundet und wird aus der 14-t\u00e4gigen h\u00e4uslichen Quarant\u00e4ne entlassen, wenn sie 48 Stunden (an Tag 13 und 14 der h\u00e4uslichen Quarant\u00e4ne) symptomfrei war. Unter gewissen Voraussetzungen muss am Ende der Isolierung eine erneute PCR- beziehungsweise POC-Untersuchung erfolgen.<\/p>\n\n\n\n<p>Informationen zum Thema Coronavirus finden Sie auf der Homepage des Landkreises: <a href=\"http:\/\/www.suedliche-weinstrasse.de\">www.suedliche-weinstrasse.de<\/a>. Die aktuellen 7-Tage-Inzidenzwerte<strong> <\/strong>sind unter <a href=\"https:\/\/lua.rlp.de\/de\/presse\/detail\/news\/News\/detail\/coronavirus-sars-cov-2-aktuelle-fallzahlen-fuer-rheinland-pfalz\/\">https:\/\/lua.rlp.de\/de\/presse\/detail\/news\/News\/detail\/coronavirus-sars-cov-2-aktuelle-fallzahlen-fuer-rheinland-pfalz\/<\/a> zu finden.<\/p>\n\n\n\n<p><em>Gemeinsame Pressemitteilung der Stadtverwaltung Landau und der Kreisverwaltung S\u00fcdliche Weinstra\u00dfe<br>13.06.2021<\/em><\/p>\n\n\n\n<h2 class=\"wp-block-heading\">Inzidenz in Landau sinkt weiter auf 4,3<\/h2>\n\n\n\n<div class=\"wp-block-image\"><figure class=\"aligncenter size-large\"><img decoding=\"async\" loading=\"lazy\" width=\"800\" height=\"671\" src=\"https:\/\/speyer24news.com\/wp-content\/uploads\/2021\/06\/10-06-2021-Info-Inzidenz.jpg\" alt=\"\" class=\"wp-image-37836\" srcset=\"https:\/\/speyer24news.com\/wp-content\/uploads\/2021\/06\/10-06-2021-Info-Inzidenz.jpg 800w, https:\/\/speyer24news.com\/wp-content\/uploads\/2021\/06\/10-06-2021-Info-Inzidenz-300x252.jpg 300w, https:\/\/speyer24news.com\/wp-content\/uploads\/2021\/06\/10-06-2021-Info-Inzidenz-768x644.jpg 768w\" sizes=\"(max-width: 800px) 100vw, 800px\" \/><figcaption>Die Kurz-\u00dcbersicht der aktuell geltenden Regeln in Landau.<br><em>Foto: Stadt Landau<\/em><\/figcaption><\/figure><\/div>\n\n\n\n<p>Die 7-Tages-Inzidenz der Stadt Landau liegt der heutigen Mitteilung des Landesuntersuchungsamts zufolge bei 4,3 und ist damit im Vergleich zum Vortag (6,4) noch einmal leicht gesunken. Die landesweite Inzidenz betr\u00e4gt 20,0 \u2013 ebenfalls minimal weniger als am gestrigen Mittwoch (20,6).<\/p>\n\n\n\n<p>In Landau gelten weiter die Regeln der 22. Corona-Bek\u00e4mpfungsverordnung des Landes Rheinland-Pfalz. Von erneuten Einschr\u00e4nkungen, die nach drei aufeinanderfolgenden Werktagen mit einer Inzidenz von \u00fcber 50 gelten w\u00fcrden, oder gar der Bundesnotbremse mit \u201e\u00dc100\u201c ist die S\u00fcdpfalzmetropole weit entfernt. Wie die Landesregierung gestern mitgeteilt hat, treten ab Freitag, 18. Juni, zudem weitere Lockerungen in Kraft, etwa bei privaten Veranstaltungen sowie in den Bereichen Sport und Kultur.\u00a0<\/p>\n\n\n\n<p>Die Stadt Landau gibt auf ihrer Internetseite unter <a href=\"http:\/\/www.landau.de\/corona\">www.landau.de\/corona<\/a> einen \u00dcberblick \u00fcber die wichtigsten Regeln, die aktuell gelten; die komplette Landesverordnung kann auf <a href=\"http:\/\/www.corona.rlp.de\/de\/service\/rechtsgrundlagen\">www.corona.rlp.de\/de\/service\/rechtsgrundlagen<\/a> \u00a0eingesehen werden.<\/p>\n\n\n\n<p><em>Stadtverwaltung Landau in der Pfalz<br>13.06.2021<\/em><\/p>\n\n\n\n<h2 class=\"wp-block-heading\">Coronavirus: Fallzahlen im Landkreis S\u00fcdliche Weinstra\u00dfe und der Stadt Landau vom Donnerstag (10.06.2021)<\/h2>\n\n\n\n<p>Nach aktuellem Stand (10.06.2021, 11:09 Uhr) hat sich seit der gestrigen Meldung <strong>ein<\/strong> weiterer Fall des Coronavirus (SARS-CoV-2) im Landkreis S\u00fcdliche Weinstra\u00dfe und in der Stadt Landau best\u00e4tigt. Insgesamt wurden <strong>5.335 <\/strong>F\u00e4lle im Zust\u00e4ndigkeitsbereich des Gesundheitsamts S\u00fcdliche Weinstra\u00dfe an das Landesuntersuchungsamt \u00fcbermittelt. <strong>5.146<\/strong> Personen sind gesundet. Insgesamt sind <strong>154<\/strong> Personen verstorben. Den Angeh\u00f6rigen und Hinterbliebenen sprechen Landrat Dietmar Seefeldt und Oberb\u00fcrgermeister Thomas Hirsch ihr herzliches Beileid aus.<\/p>\n\n\n\n<h4 class=\"wp-block-heading\">Aktuell sind keine Einrichtungen in der Stadt Landau oder im Landkreis S\u00fcdliche Weinstra\u00dfe neu betroffen.<\/h4>\n\n\n\n<ul><li><strong>Verbandsgemeinde Annweiler:<\/strong> 497 Personen (486 davon gesundet, 10 verstorben)<\/li><li><strong>Verbandsgemeinde Bad Bergzabern<\/strong>:762 Personen (734 davon gesundet, 23 verstorben)<\/li><li><strong>Verbandsgemeinde Edenkoben<\/strong>: 670 Personen (642 davon gesundet, 22 verstorben)<\/li><li><strong>Verbandsgemeinde Herxheim: <\/strong>667 Personen (642 davon gesundet, 20 verstorben)<\/li><li><strong>Verbandsgemeinde Landau-Land<\/strong>: 396 Personen (380 davon gesundet, 15 verstorben)<\/li><li><strong>Verbandsgemeinde Maikammer<\/strong>: 212 Personen (209 davon gesundet, 3 verstorben)<\/li><li><strong>Verbandsgemeinde Offenbach<\/strong>: 469 Personen (439 davon gesundet, 24 verstorben)<\/li><li><strong>Stadt Landau<\/strong>: 1.662 Personen (1.614 davon gesundet, 37 verstorben)<\/li><\/ul>\n\n\n\n<p>*Eine Person gilt als gesundet und wird aus der 14-t\u00e4gigen h\u00e4uslichen Quarant\u00e4ne entlassen, wenn sie 48 Stunden (an Tag 13 und 14 der h\u00e4uslichen Quarant\u00e4ne) symptomfrei war. Unter gewissen Voraussetzungen muss am Ende der Isolierung eine erneute PCR- beziehungsweise POC-Untersuchung erfolgen. Informationen zum Thema Coronavirus finden Sie auf der Homepage des Landkreises: <a href=\"http:\/\/www.suedliche-weinstrasse.de\">www.suedliche-weinstrasse.de<\/a>. Die aktuellen 7-Tage-Inzidenzwerte<strong> <\/strong>sind unter <a href=\"https:\/\/lua.rlp.de\/de\/presse\/detail\/news\/News\/detail\/coronavirus-sars-cov-2-aktuelle-fallzahlen-fuer-rheinland-pfalz\/\">https:\/\/lua.rlp.de\/de\/presse\/detail\/news\/News\/detail\/coronavirus-sars-cov-2-aktuelle-fallzahlen-fuer-rheinland-pfalz\/<\/a> zu finden.<\/p>\n\n\n\n<p><em>Gemeinsame Pressemitteilung der Stadtverwaltung Landau und der Kreisverwaltung S\u00fcdliche Weinstra\u00dfe<br>13.06.2021<\/em><\/p>\n\n\n\n<h2 class=\"wp-block-heading\">Lage in Rheinland-Pfalz entspannt sich weiter: Landesregierung k\u00fcndigt zus\u00e4tzliche Corona-Lockerungen an<\/h2>\n\n\n\n<h3 class=\"wp-block-heading\">Landaus OB Hirsch begr\u00fc\u00dft Erleichterungen, bittet aber weiter um Vorsicht und R\u00fccksicht<\/h3>\n\n\n\n<div class=\"wp-block-image\"><figure class=\"aligncenter size-large\"><img decoding=\"async\" loading=\"lazy\" width=\"500\" height=\"750\" src=\"https:\/\/speyer24news.com\/wp-content\/uploads\/2021\/06\/09-06-2021-Info-Lockerungen.jpg\" alt=\"\" class=\"wp-image-37833\" srcset=\"https:\/\/speyer24news.com\/wp-content\/uploads\/2021\/06\/09-06-2021-Info-Lockerungen.jpg 500w, https:\/\/speyer24news.com\/wp-content\/uploads\/2021\/06\/09-06-2021-Info-Lockerungen-200x300.jpg 200w\" sizes=\"(max-width: 500px) 100vw, 500px\" \/><figcaption>Es ist #wiederwaslosinLD.<br><em>Foto: Stadt Landau<\/em><\/figcaption><\/figure><\/div>\n\n\n\n<p>Ministerpr\u00e4sidentin Malu Dreyer hat heute in Mainz den Corona-Perspektivplan f\u00fcr die kommenden Wochen vorgestellt. Geplant sind ab Freitag, 18. Juni, zus\u00e4tzliche Lockerungen, u.a. werden private Veranstaltungen unter bestimmten Voraussetzungen wieder erlaubt, Freizeiteinrichtungen d\u00fcrfen im Innenbereich wieder \u00f6ffnen und auch die Regeln im Sport, im Tourismus und f\u00fcr die Kultur werden weiter gelockert.<\/p>\n\n\n\n<p>Landaus Oberb\u00fcrgermeister Thomas Hirsch begr\u00fc\u00dft die neuen Regeln ausdr\u00fccklich. \u201eDer n\u00e4chste \u00bbSchwung\u00ab Lockerungen kommt zur rechten Zeit. Die Inzidenzen sinken, die Temperaturen steigen und die Menschen, gerade die Familien und die Kinder, haben sich nach einem langen Corona-Winter ein St\u00fcck sommerliche Normalit\u00e4t mehr als verdient.\u201c<\/p>\n\n\n\n<p>Er sei sehr froh, dass in Landau Einrichtungen wie das Freibad und der Zoo oder auch Angebote wie der Kindertag und das Public Viewing zur Fu\u00dfball-Europameisterschaft im Sommer 2021 Corona-konform funktionieren w\u00fcrden, so der Stadtchef und Jugenddezernent weiter. \u201eEs ist sch\u00f6n zu sehen, dass das Leben Zug um Zug wieder in unsere Stadt zur\u00fcckkehrt. Dabei bleibt unser Motto weiter: So viel Sicherheit wie n\u00f6tig und so viele Lockerungen wie m\u00f6glich.\u201c Hirschs Bitte: \u201eEgal ob bei privaten Treffen oder bei der Teilnahme am \u00f6ffentlichen Leben \u2013 es gilt weiter, Vorsicht und R\u00fccksicht zu \u00fcben sowie auf Abstand, Hygiene und Maske zu achten. Bleiben wir achtsam, damit es ein guter Sommer wird!\u201c<\/p>\n\n\n\n<p>Eine \u00dcbersicht \u00fcber die ab 18. Juni bzw. 2. Juli geltenden Lockerungen in Rheinland-Pfalz gibt es auf der Landes-Internetseite <a href=\"http:\/\/www.corona.rlp.de\">www.corona.rlp.de<\/a>. <\/p>\n\n\n\n<p><em>Stadtverwaltung Landau in der Pfalz<br>13.06.2021<\/em><\/p>\n\n\n\n<h2 class=\"wp-block-heading\"><strong>S\u00fcdpf\u00e4lzer Verwaltungsspitzen unterst\u00fctzen Corona-Testpass f\u00fcr Sch\u00fclerinnen und Sch\u00fcler<\/strong><\/h2>\n\n\n\n<p>\u201eWir unterst\u00fctzen die Idee eines Corona-Testpasses f\u00fcr Sch\u00fclerinnen und Sch\u00fcler\u201c, so die Landr\u00e4te Dr. Fritz Brechtel (GER) und Dietmar Seefeldt (S\u00dcW) sowie Oberb\u00fcrgermeister Thomas Hirsch (LD). \u201eKinder und Jugendliche, die sich morgens sowieso schon in der Schule testen, m\u00fcssen sich, um einen offiziellen Nachweis zu haben, teilweise nachmittags nochmals an einer Teststation testen lassen. Das ist zeitlich und finanziell unsinnig und eine zus\u00e4tzliche Belastung f\u00fcr Kinder und deren Eltern.\u201c<\/p>\n\n\n\n<p>Zahlreiche Elternanfragen dazu haben inzwischen die Verwaltungen erreicht. Eine Schule aus dem Landkreis Germersheim machte dem f\u00fcr Schulen zust\u00e4ndigen Ersten Kreisbeigeordneten, Christoph Buttweiler, sogar gleich einen konkreten Vorschlag f\u00fcr einen Corona-Testpass, der von Schulen ausgestellt werden kann.<\/p>\n\n\n\n<p>Die Verwaltungsspitzen k\u00f6nnen sich die Einf\u00fchrung eines entsprechenden Testpasses mit Beginn der allgemeinen Pr\u00e4senz n\u00e4chste Woche vorstellen und haben in einem Schreiben an die rheinland-pf\u00e4lzische Bildungsministerin Dr. Stefanie Hubig und den Gesundheitsminister Clemens Hoch um Genehmigung und Kosten\u00fcbernahme gebeten.<\/p>\n\n\n\n<p>In \u00d6sterreich wurde diese pragmatische L\u00f6sung bereits umgesetzt, das Testergebnis hat dort eine G\u00fcltigkeit von 48 Stunden. \u201eAnerkannte Teststellen f\u00fchren derzeit ebenfalls keinen tiefen Nasenabstrich durch. Weshalb sollte der Test in der Schule dann nicht dieselbe Aussagekraft haben\u201c, so Buttweiler.<\/p>\n\n\n\n<p>In dem Schreiben ans Land wird um schnellstm\u00f6gliche Pr\u00fcfung gebeten. \u201eZumindest f\u00fcr die S\u00fcdpfalz m\u00f6chten wir gerne einen solchen Testnachweis f\u00fcr Sch\u00fclerinnen und Sch\u00fcler einf\u00fchren, am besten schon mit dem Start der Vollpr\u00e4senz ab 14. Juni\u201c, so die Landr\u00e4te Brechtel und Seefeldt sowie Oberb\u00fcrgermeister Thomas Hirsch.<\/p>\n\n\n\n<p><em>Gemeinsame Pressemitteilung der Landkreise Germersheim und S\u00fcdliche Weinstra\u00dfe sowie der Stadt Landau in der Pfalz<br>13.06.2021<\/em><\/p>\n\n\n\n<h2 class=\"wp-block-heading\">Coronavirus: Fallzahlen im Landkreis S\u00fcdliche Weinstra\u00dfe und der Stadt Landau vom Mittwoch (09.06.2021)<\/h2>\n\n\n\n<p>Nach aktuellem Stand (09.06.2021, 11:04 Uhr) haben sich seit der gestrigen Meldung dreiF\u00e4lle des Coronavirus (SARS-CoV-2) im Landkreis S\u00fcdliche Weinstra\u00dfe und in der Stadt Landau best\u00e4tigt. Gleichzeitig m\u00fcssen drei F\u00e4lle aufgrund von Korrekturen der Statistik von der Gesamtfallzahl abgezogen werden (siehe auch unten stehende Hinweise zur Statistik), sodass in Summe <strong>keine weiteren F\u00e4lle<\/strong> hinzukommen. Insgesamt wurden <strong>5.334 <\/strong>F\u00e4lle im Zust\u00e4ndigkeitsbereich des Gesundheitsamts S\u00fcdliche Weinstra\u00dfe an das Landesuntersuchungsamt \u00fcbermittelt. <strong>5.143<\/strong> Personen sind gesundet. Insgesamt sind <strong>154<\/strong> Personen verstorben. Den Angeh\u00f6rigen und Hinterbliebenen sprechen Landrat Dietmar Seefeldt und Oberb\u00fcrgermeister Thomas Hirsch ihr herzliches Beileid aus.<\/p>\n\n\n\n<h4 class=\"wp-block-heading\">Aktuell sind keine Einrichtungen in der Stadt Landau oder im Landkreis S\u00fcdliche Weinstra\u00dfe neu betroffen.<\/h4>\n\n\n\n<ul><li><strong>Verbandsgemeinde Annweiler:<\/strong> 497 Personen (486 davon gesundet, 10 verstorben)<\/li><li><strong>Verbandsgemeinde Bad Bergzabern<\/strong>:762 Personen (734 davon gesundet, 23 verstorben)<\/li><li><strong>Verbandsgemeinde Edenkoben<\/strong>: 670 Personen (642 davon gesundet, 22 verstorben)<\/li><li><strong>Verbandsgemeinde Herxheim: <\/strong>667 Personen (641 davon gesundet, 20 verstorben)<\/li><li><strong>Hinweis<\/strong>: Eine Person, die den F\u00e4llen in der Verbandsgemeinde Herxheim zugeordnet war, wird seit heute nicht mehr in der Statistik gef\u00fchrt. Grund daf\u00fcr ist, dass die Person dem Zust\u00e4ndigkeitsbereich eines anderen Gesundheitsamtes zugeordnet wurde. Die Fallzahl in der Verbandsgemeinde Herxheim ist daher um einen Fall reduziert.<\/li><li><strong>Verbandsgemeinde Landau-Land<\/strong>: 396 Personen (379 davon gesundet, 15 verstorben)<\/li><li><strong>Hinweis<\/strong>: Eine Person, die den F\u00e4llen in der Verbandsgemeinde Landau-Land zugeordnet war, wird seit heute nicht mehr in der Statistik gef\u00fchrt. Grund daf\u00fcr ist, dass die Person dem Zust\u00e4ndigkeitsbereich eines anderen Gesundheitsamtes zugeordnet wurde. Die Fallzahl in der Verbandsgemeinde Landau-Land ist daher um einen Fall reduziert.<\/li><li><strong>Verbandsgemeinde Maikammer<\/strong>: 212 Personen (209 davon gesundet, 3 verstorben)<\/li><li><strong>Verbandsgemeinde Offenbach<\/strong>: 469 Personen (439 davon gesundet, 24 verstorben)<\/li><li><strong>Hinweis<\/strong>: Eine Person, die den F\u00e4llen in der Verbandsgemeinde Offenbach zugeordnet war, wurde aufgrund eines Systemfehlers doppelt erfasst. Die Z\u00e4hlung wurde heute korrigiert, sodass die Fallzahl in der Verbandsgemeinde Offenbach um einen Fall reduziert ist.<\/li><li><strong>Stadt Landau<\/strong>: 1.661 Personen (1.613 davon gesundet, 37 verstorben)<\/li><\/ul>\n\n\n\n<p>*Eine Person gilt als gesundet und wird aus der 14-t\u00e4gigen h\u00e4uslichen Quarant\u00e4ne entlassen, wenn sie 48 Stunden (an Tag 13 und 14 der h\u00e4uslichen Quarant\u00e4ne) symptomfrei war. Unter gewissen Voraussetzungen muss am Ende der Isolierung eine erneute PCR- beziehungsweise POC-Untersuchung erfolgen.<\/p>\n\n\n\n<p>Informationen zum Thema Coronavirus finden Sie auf der Homepage des Landkreises: <a href=\"http:\/\/www.suedliche-weinstrasse.de\">www.suedliche-weinstrasse.de<\/a>. Die aktuellen 7-Tage-Inzidenzwerte<strong> <\/strong>sind unter <a href=\"https:\/\/lua.rlp.de\/de\/presse\/detail\/news\/News\/detail\/coronavirus-sars-cov-2-aktuelle-fallzahlen-fuer-rheinland-pfalz\/\">https:\/\/lua.rlp.de\/de\/presse\/detail\/news\/News\/detail\/coronavirus-sars-cov-2-aktuelle-fallzahlen-fuer-rheinland-pfalz\/<\/a> zu finden.<\/p>\n\n\n\n<p><em>Gemeinsame Pressemitteilung der Stadtverwaltung Landau und der Kreisverwaltung S\u00fcdliche Weinstra\u00dfe<br>13.06.2021<\/em><\/p>\n\n\n\n<h2 class=\"wp-block-heading\">Inzidenz in Landau sinkt weiter auf 6,4<\/h2>\n\n\n\n<div class=\"wp-block-image\"><figure class=\"aligncenter size-large\"><img decoding=\"async\" loading=\"lazy\" width=\"800\" height=\"671\" src=\"https:\/\/speyer24news.com\/wp-content\/uploads\/2021\/06\/09-06-2021-Info-Inzidenz.jpg\" alt=\"\" class=\"wp-image-37830\" srcset=\"https:\/\/speyer24news.com\/wp-content\/uploads\/2021\/06\/09-06-2021-Info-Inzidenz.jpg 800w, https:\/\/speyer24news.com\/wp-content\/uploads\/2021\/06\/09-06-2021-Info-Inzidenz-300x252.jpg 300w, https:\/\/speyer24news.com\/wp-content\/uploads\/2021\/06\/09-06-2021-Info-Inzidenz-768x644.jpg 768w\" sizes=\"(max-width: 800px) 100vw, 800px\" \/><figcaption>Die Kurz-\u00dcbersicht der aktuell geltenden Regeln in Landau.<br><em>Foto: Stadt Landau<\/em><\/figcaption><\/figure><\/div>\n\n\n\n<p>Die 7-Tages-Inzidenz der Stadt Landau liegt der heutigen Mitteilung des Landesuntersuchungsamts zufolge bei 6,4 und ist damit im Vergleich zum Vortag (10,7) noch einmal leicht gesunken. Die landesweite Inzidenz betr\u00e4gt 20,6 \u2013 ebenfalls minimal weniger als am gestrigen Dienstag (22,2).<\/p>\n\n\n\n<p>In Landau gelten weiter die Regeln der 22. Corona-Bek\u00e4mpfungsverordnung des Landes Rheinland-Pfalz. Von erneuten Einschr\u00e4nkungen, die nach drei aufeinanderfolgenden Werktagen mit einer Inzidenz von \u00fcber 50 gelten w\u00fcrden, oder gar der Bundesnotbremse mit \u201e\u00dc100\u201c ist die S\u00fcdpfalzmetropole weit entfernt. Wie die Landesregierung heute mitgeteilt hat, treten ab Freitag, 18. Juni, zudem weitere Lockerungen in Kraft, etwa bei privaten Veranstaltungen sowie in den Bereichen Sport und Kultur.\u00a0<\/p>\n\n\n\n<p>Die Stadt Landau gibt auf ihrer Internetseite unter <a href=\"http:\/\/www.landau.de\/corona\">www.landau.de\/corona<\/a> einen \u00dcberblick \u00fcber die wichtigsten Regeln, die aktuell gelten; die komplette Landesverordnung kann auf <a href=\"http:\/\/www.corona.rlp.de\/de\/service\/rechtsgrundlagen\">www.corona.rlp.de\/de\/service\/rechtsgrundlagen<\/a> \u00a0eingesehen werden.<\/p>\n\n\n\n<p><em>Stadtverwaltung Landau in der Pfalz<br>13.06.2021<\/em><\/p>\n\n\n\n<h2 class=\"wp-block-heading\">Schulweg in Corona-Zeiten: Stadt Landau setzt erneut Zusatzbusse ein<\/h2>\n\n\n\n<div class=\"wp-block-image\"><figure class=\"aligncenter size-large\"><img decoding=\"async\" loading=\"lazy\" width=\"800\" height=\"417\" src=\"https:\/\/speyer24news.com\/wp-content\/uploads\/2019\/09\/Info-459-Bushaltestelle-Wei\u00dfenburger-Stra\u00dfe.jpg\" alt=\"\" class=\"wp-image-19613\" srcset=\"https:\/\/speyer24news.com\/wp-content\/uploads\/2019\/09\/Info-459-Bushaltestelle-Wei\u00dfenburger-Stra\u00dfe.jpg 800w, https:\/\/speyer24news.com\/wp-content\/uploads\/2019\/09\/Info-459-Bushaltestelle-Wei\u00dfenburger-Stra\u00dfe-300x156.jpg 300w, https:\/\/speyer24news.com\/wp-content\/uploads\/2019\/09\/Info-459-Bushaltestelle-Wei\u00dfenburger-Stra\u00dfe-768x400.jpg 768w\" sizes=\"(max-width: 800px) 100vw, 800px\" \/><figcaption>Ab kommenden Montag fahren in Landau wieder zus\u00e4tzliche Schulbusse.<br><em>Foto: Stadt Landau<\/em><\/figcaption><\/figure><\/div>\n\n\n\n<p>Am Montag, 14. Juni, wird an den Schulen im Land Rheinland-Pfalz der Pr\u00e4senzbetrieb wiederaufgenommen. Landaus Oberb\u00fcrgermeister Thomas Hirsch hatte eine schnelle R\u00fcckkehr zum Pr\u00e4senzunterricht in der vergangenen Woche bereits begr\u00fc\u00dft; nun teilt er gemeinsam mit Schuldezernent Dr. Maximilian Ingenthron und Verkehrsdezernent Lukas Hartmann mit, dass die Stadt Landau ab Montag, 14. Juni, zehn zus\u00e4tzliche Busse einsetzt, um den Schulverkehr zu entzerren. Die Zusatzbusse, darunter auch mehrere Gelenkbusse, sollen zun\u00e4chst bis zu den Sommerferien fahren.<\/p>\n\n\n\n<p>Bereits im Herbst 2020 hatte der Rat der Stadt Landau im Vorgriff auf den Haushalt 2021 Mittel f\u00fcr den Einsatz von Zusatzbussen im Schulverkehr bereitgestellt. Dieser Beschluss wurde auf Initiative der Verwaltung im Mai dieses Jahres verl\u00e4ngert, sodass die aufgrund langer Phasen mit Wechselunterricht nicht aufgebrauchten Gelder nun zum Einsatz kommen k\u00f6nnen.<\/p>\n\n\n\n<p>Die Zusatzbusse verkehren aus und in s\u00e4mtliche(n) Himmelsrichtungen und sind nat\u00fcrlich nicht nur f\u00fcr Sch\u00fclerinnen und Sch\u00fcler, sondern f\u00fcr alle B\u00fcrgerinnen und B\u00fcrger nutzbar. Bitte beachten: Es wird leichte Abweichungen zum regul\u00e4ren Fahrplan geben. Die ab dem 14. Juni geltenden Fahrpl\u00e4ne und etwaige k\u00fcnftige Anpassungen werden auf <a href=\"http:\/\/www.landau.de\">www.landau.de<\/a>\/sch\u00fclerverkehr ver\u00f6ffentlicht, ebenso auf <a href=\"http:\/\/www.vrn.de\">www.vrn.de<\/a> sowie \u00fcber die myVRN-App.<\/p>\n\n\n\n<p><em>Stadtverwaltung Landau in der Pfalz<br>13.06.2021<\/em><\/p>\n\n\n\n<h2 class=\"wp-block-heading\">Fallzahlen im Landkreis S\u00fcdliche Weinstra\u00dfe und der Stadt Landau vom Dienstag (08.06.2021)<\/h2>\n\n\n\n<p>Nach aktuellem Stand (08.06.2021, 11:10 Uhr) haben sich seit der gestrigen Meldung <strong>drei <\/strong>weitereF\u00e4lle des Coronavirus (SARS-CoV-2) im Landkreis S\u00fcdliche Weinstra\u00dfe und in der Stadt Landau best\u00e4tigt. Insgesamt wurden <strong>5.334 <\/strong>F\u00e4lle im Zust\u00e4ndigkeitsbereich des Gesundheitsamts S\u00fcdliche Weinstra\u00dfe an das Landesuntersuchungsamt \u00fcbermittelt. <strong>5.137<\/strong> Personen sind gesundet. Insgesamt sind <strong>154<\/strong> Personen verstorben. Den Angeh\u00f6rigen und Hinterbliebenen sprechen Landrat Dietmar Seefeldt und Oberb\u00fcrgermeister Thomas Hirsch ihr herzliches Beileid aus.<\/p>\n\n\n\n<h4 class=\"wp-block-heading\">Folgende Einrichtung in der Stadt Landau ist aktuell neu betroffen:<\/h4>\n\n\n\n<ul><li><strong>Kindertagesst\u00e4tte &#8222;Villa Mahla&#8220;, Landau<\/strong><\/li><li>Ein Kind wurde positiv auf SARS-CoV-2 getestet.<\/li><li>Alle Kontaktpersonen befinden sich bereits in h\u00e4uslicher Absonderung.<\/li><\/ul>\n\n\n\n<ul><li><strong>Verbandsgemeinde Annweiler:<\/strong> 497 Personen (486 davon gesundet, 10 verstorben)<\/li><li><strong>Hinweis:<\/strong> Eine Person aus der Verbandsgemeinde Annweiler war f\u00e4lschlicherweise als aktiver Fall erfasst worden. Der Fehler wurde in der heutigen Statistik korrigiert.<\/li><li><strong>Verbandsgemeinde Bad Bergzabern<\/strong>:762 Personen (731 davon gesundet, 23 verstorben)<\/li><li><strong>Verbandsgemeinde Edenkoben<\/strong>: 669 Personen (642 davon gesundet, 22 verstorben)<\/li><li><strong>Verbandsgemeinde Herxheim: <\/strong>668 Personen (641 davon gesundet, 20 verstorben)<\/li><li><strong>Verbandsgemeinde Landau-Land<\/strong>: 397 Personen (377 davon gesundet, 15 verstorben)<\/li><li><strong>Verbandsgemeinde Maikammer<\/strong>: 212 Personen (209 davon gesundet, 3 verstorben)<\/li><li><strong>Verbandsgemeinde Offenbach<\/strong>: 470 Personen (439 davon gesundet, 24 verstorben)<\/li><li><strong>Stadt Landau<\/strong>: 1.659 Personen (1.612 davon gesundet, 37 verstorben)<\/li><\/ul>\n\n\n\n<p>*Eine Person gilt als gesundet und wird aus der 14-t\u00e4gigen h\u00e4uslichen Quarant\u00e4ne entlassen, wenn sie 48 Stunden (an Tag 13 und 14 der h\u00e4uslichen Quarant\u00e4ne) symptomfrei war. Unter gewissen Voraussetzungen muss am Ende der Isolierung eine erneute PCR- beziehungsweise POC-Untersuchung erfolgen.<\/p>\n\n\n\n<p>Informationen zum Thema Coronavirus finden Sie auf der Homepage des Landkreises: <a href=\"http:\/\/www.suedliche-weinstrasse.de\">www.suedliche-weinstrasse.de<\/a>. Die aktuellen 7-Tage-Inzidenzwerte<strong> <\/strong>sind unter <a href=\"https:\/\/lua.rlp.de\/de\/presse\/detail\/news\/News\/detail\/coronavirus-sars-cov-2-aktuelle-fallzahlen-fuer-rheinland-pfalz\/\">https:\/\/lua.rlp.de\/de\/presse\/detail\/news\/News\/detail\/coronavirus-sars-cov-2-aktuelle-fallzahlen-fuer-rheinland-pfalz\/<\/a> zu finden.<\/p>\n\n\n\n<p><em>Gemeinsame Pressemitteilung der Stadtverwaltung Landau und der Kreisverwaltung S\u00fcdliche Weinstra\u00dfe<br>13.06.2021<\/em><\/p>\n\n\n\n<h2 class=\"wp-block-heading\">Inzidenz in Landau bleibt mit 10,7 weiter deutlich unter 50<\/h2>\n\n\n\n<div class=\"wp-block-image\"><figure class=\"aligncenter size-large\"><img decoding=\"async\" loading=\"lazy\" width=\"800\" height=\"671\" src=\"https:\/\/speyer24news.com\/wp-content\/uploads\/2021\/06\/08-06-2021-Info-Inzidenz.jpg\" alt=\"\" class=\"wp-image-37826\" srcset=\"https:\/\/speyer24news.com\/wp-content\/uploads\/2021\/06\/08-06-2021-Info-Inzidenz.jpg 800w, https:\/\/speyer24news.com\/wp-content\/uploads\/2021\/06\/08-06-2021-Info-Inzidenz-300x252.jpg 300w, https:\/\/speyer24news.com\/wp-content\/uploads\/2021\/06\/08-06-2021-Info-Inzidenz-768x644.jpg 768w\" sizes=\"(max-width: 800px) 100vw, 800px\" \/><\/figure><\/div>\n\n\n\n<p>Die 7-Tages-Inzidenz der Stadt Landau liegt der heutigen Mitteilung des Landesuntersuchungsamts zufolge bei 10,7 und ist damit im Vergleich zum Vortag erneut gleich geblieben. Die landesweite Inzidenz betr\u00e4gt 22,2 \u2013 minimal weniger als am gestrigen Montag (24,2).<\/p>\n\n\n\n<p>In Landau gelten weiter die Regeln der 22. Corona-Bek\u00e4mpfungsverordnung des Landes Rheinland-Pfalz. Von erneuten Einschr\u00e4nkungen, die nach drei aufeinanderfolgenden Werktagen mit einer Inzidenz von \u00fcber 50 gelten w\u00fcrden, oder gar der Bundesnotbremse mit \u201e\u00dc100\u201c ist die S\u00fcdpfalzmetropole weit entfernt.<\/p>\n\n\n\n<p>Die Stadt Landau gibt auf ihrer Internetseite unter <a href=\"http:\/\/www.landau.de\/corona\">www.landau.de\/corona<\/a> einen \u00dcberblick \u00fcber die wichtigsten Regeln, die aktuell gelten; die komplette Landesverordnung kann auf <a href=\"http:\/\/www.corona.rlp.de\/de\/service\/rechtsgrundlagen\">www.corona.rlp.de\/de\/service\/rechtsgrundlagen<\/a> \u00a0eingesehen werden.<\/p>\n\n\n\n<p><em>Stadtverwaltung Landau in der Pfalz<br>13.06.2021<\/em><\/p>\n","protected":false},"excerpt":{"rendered":"<div class=\"mh-excerpt\"><p>Auf dem Alten Me\u00dfplatz: Stadt Landau schafft rund 100 zus\u00e4tzliche Parkpl\u00e4tze Der Parkraum auf dem Alten Me\u00dfplatz in Landau w\u00e4chst: Die Stadt Landau hat jetzt rund 100 zus\u00e4tzliche innenstadtnahe Parkpl\u00e4tze freigegeben. Rund 70 befinden sich <a class=\"mh-excerpt-more\" href=\"https:\/\/speyer24news.com\/?p=37823\" title=\"Landau &#038; Landkreis Landau (LD)\">[&#8230;]<\/a><\/p>\n<\/div>","protected":false},"author":3,"featured_media":26705,"comment_status":"open","ping_status":"open","sticky":false,"template":"","format":"standard","meta":{"_monsterinsights_skip_tracking":false,"_monsterinsights_sitenote_active":false,"_monsterinsights_sitenote_note":"","_monsterinsights_sitenote_category":0,"footnotes":""},"categories":[675],"tags":[3224,6401,10288,10039,6648,6913,7076,7400,7523,7522,12164,12129,12130,5904,9634,9545,9889,7252,7251,7399,12161,12162,12163,6681,12157,7091,12152,11269,10763,4149,12159,58,12149,2962,2865,12158,12155,12151,12150,12156,12165,11664,12153,12154,359,12160,7520],"aioseo_notices":[],"amp_enabled":true,"_links":{"self":[{"href":"https:\/\/speyer24news.com\/index.php?rest_route=\/wp\/v2\/posts\/37823"}],"collection":[{"href":"https:\/\/speyer24news.com\/index.php?rest_route=\/wp\/v2\/posts"}],"about":[{"href":"https:\/\/speyer24news.com\/index.php?rest_route=\/wp\/v2\/types\/post"}],"author":[{"embeddable":true,"href":"https:\/\/speyer24news.com\/index.php?rest_route=\/wp\/v2\/users\/3"}],"replies":[{"embeddable":true,"href":"https:\/\/speyer24news.com\/index.php?rest_route=%2Fwp%2Fv2%2Fcomments&post=37823"}],"version-history":[{"count":1,"href":"https:\/\/speyer24news.com\/index.php?rest_route=\/wp\/v2\/posts\/37823\/revisions"}],"predecessor-version":[{"id":37844,"href":"https:\/\/speyer24news.com\/index.php?rest_route=\/wp\/v2\/posts\/37823\/revisions\/37844"}],"wp:featuredmedia":[{"embeddable":true,"href":"https:\/\/speyer24news.com\/index.php?rest_route=\/wp\/v2\/media\/26705"}],"wp:attachment":[{"href":"https:\/\/speyer24news.com\/index.php?rest_route=%2Fwp%2Fv2%2Fmedia&parent=37823"}],"wp:term":[{"taxonomy":"category","embeddable":true,"href":"https:\/\/speyer24news.com\/index.php?rest_route=%2Fwp%2Fv2%2Fcategories&post=37823"},{"taxonomy":"post_tag","embeddable":true,"href":"https:\/\/speyer24news.com\/index.php?rest_route=%2Fwp%2Fv2%2Ftags&post=37823"}],"curies":[{"name":"wp","href":"https:\/\/api.w.org\/{rel}","templated":true}]}}