{"id":37871,"date":"2021-06-14T07:33:35","date_gmt":"2021-06-14T06:33:35","guid":{"rendered":"https:\/\/speyer24news.com\/?p=37871"},"modified":"2021-06-14T07:33:36","modified_gmt":"2021-06-14T06:33:36","slug":"sport-speyer-6","status":"publish","type":"post","link":"https:\/\/speyer24news.com\/?p=37871","title":{"rendered":"Sport \/ Speyer"},"content":{"rendered":"<style type=\"text\/css\">\r\n\t.ads_top_disp{}\r\n\t.ads_top_corner_disp{ float:left; margin:0px 10px 10px 0px; }\r\n\t.ads_first_p_disp{}\r\n\t.ads_bottom_disp{}\r\n\t<\/style>\n<h1 class=\"has-text-align-center wp-block-heading\">TSV Speyer<\/h1>\n\n\n\n<div class=\"wp-block-image\"><figure class=\"aligncenter size-large\"><img decoding=\"async\" loading=\"lazy\" width=\"640\" height=\"271\" src=\"https:\/\/speyer24news.com\/wp-content\/uploads\/2020\/02\/TSV-Speyer.jpg\" alt=\"\" class=\"wp-image-25893\" srcset=\"https:\/\/speyer24news.com\/wp-content\/uploads\/2020\/02\/TSV-Speyer.jpg 640w, https:\/\/speyer24news.com\/wp-content\/uploads\/2020\/02\/TSV-Speyer-300x127.jpg 300w\" sizes=\"(max-width: 640px) 100vw, 640px\" \/><\/figure><\/div>\n\n\n\n<h2 class=\"wp-block-heading\">Aufnahme des allgemeinen Trainingsbetriebes der Leichtathletik-Abteilung<\/h2>\n\n\n\n<p>Nachdem bei den TSV-Leichtathleten der Sportbetrieb in den letzten Monaten Corona-bedingt nicht oder nur sehr eingeschr\u00e4nkt m\u00f6glich war, kehrt die Abteilung nach den neuen Anpassungen der Corona-Bek\u00e4mpfungsverordnung wieder etwas zur Normalit\u00e4t zur\u00fcck.<\/p>\n\n\n\n<p>Unter Einhaltung der erlaubten Lockerungen, wie z. B. Erh\u00f6hung der Gruppengr\u00f6\u00dfe und unter Beibehaltung der vorgegebenen Schutzma\u00dfnahmen, bietet die TSV-Leichtathletik-Abteilung im Speyerer Helmut-Bantz-Stadion vorl\u00e4ufig folgendes allgemeine Sportangebot an:<\/p>\n\n\n\n<ul><li><strong>Ab Mittwoch, 9. Juni 2021, 17.30 bis 19.00<\/strong><\/li><li><strong>\u00dcbungsstunden der Kinder U14 (9- bis 13-J\u00e4hrigen)<\/strong><\/li><\/ul>\n\n\n\n<ul><li><strong>Ab Mittwoch, 16. Juni 2021, 17.30 bis 18.30 Uhr<\/strong><\/li><li><strong>Kinderleichtathletik f\u00fcr die \u201eMinis\u201c (6-\/7- und 8-J\u00e4hrige)<\/strong><\/li><\/ul>\n\n\n\n<ul><li><strong>Ab Donnerstag, 17. Juni 2021, 17.30 bis 19.30 Uhr<\/strong><\/li><li><strong>Jugendliche und Aktive (14-\/15-J\u00e4hrige und \u00e4lter)<\/strong><\/li><\/ul>\n\n\n\n<p><em>TSV Speyer<br>14.06.2021<\/em><\/p>\n","protected":false},"excerpt":{"rendered":"<div class=\"mh-excerpt\"><p>TSV Speyer Aufnahme des allgemeinen Trainingsbetriebes der Leichtathletik-Abteilung Nachdem bei den TSV-Leichtathleten der Sportbetrieb in den letzten Monaten Corona-bedingt nicht oder nur sehr eingeschr\u00e4nkt m\u00f6glich war, kehrt die Abteilung nach den neuen Anpassungen der Corona-Bek\u00e4mpfungsverordnung <a class=\"mh-excerpt-more\" href=\"https:\/\/speyer24news.com\/?p=37871\" title=\"Sport \/ Speyer\">[&#8230;]<\/a><\/p>\n<\/div>","protected":false},"author":3,"featured_media":31941,"comment_status":"open","ping_status":"open","sticky":false,"template":"","format":"standard","meta":{"_monsterinsights_skip_tracking":false,"_monsterinsights_sitenote_active":false,"_monsterinsights_sitenote_note":"","_monsterinsights_sitenote_category":0,"footnotes":""},"categories":[339],"tags":[8229,8230,8231,6,193,659,247],"aioseo_notices":[],"amp_enabled":true,"_links":{"self":[{"href":"https:\/\/speyer24news.com\/index.php?rest_route=\/wp\/v2\/posts\/37871"}],"collection":[{"href":"https:\/\/speyer24news.com\/index.php?rest_route=\/wp\/v2\/posts"}],"about":[{"href":"https:\/\/speyer24news.com\/index.php?rest_route=\/wp\/v2\/types\/post"}],"author":[{"embeddable":true,"href":"https:\/\/speyer24news.com\/index.php?rest_route=\/wp\/v2\/users\/3"}],"replies":[{"embeddable":true,"href":"https:\/\/speyer24news.com\/index.php?rest_route=%2Fwp%2Fv2%2Fcomments&post=37871"}],"version-history":[{"count":1,"href":"https:\/\/speyer24news.com\/index.php?rest_route=\/wp\/v2\/posts\/37871\/revisions"}],"predecessor-version":[{"id":37872,"href":"https:\/\/speyer24news.com\/index.php?rest_route=\/wp\/v2\/posts\/37871\/revisions\/37872"}],"wp:featuredmedia":[{"embeddable":true,"href":"https:\/\/speyer24news.com\/index.php?rest_route=\/wp\/v2\/media\/31941"}],"wp:attachment":[{"href":"https:\/\/speyer24news.com\/index.php?rest_route=%2Fwp%2Fv2%2Fmedia&parent=37871"}],"wp:term":[{"taxonomy":"category","embeddable":true,"href":"https:\/\/speyer24news.com\/index.php?rest_route=%2Fwp%2Fv2%2Fcategories&post=37871"},{"taxonomy":"post_tag","embeddable":true,"href":"https:\/\/speyer24news.com\/index.php?rest_route=%2Fwp%2Fv2%2Ftags&post=37871"}],"curies":[{"name":"wp","href":"https:\/\/api.w.org\/{rel}","templated":true}]}}